{"id":3426,"date":"2013-06-29T14:37:26","date_gmt":"2013-06-29T13:37:26","guid":{"rendered":"http:\/\/fjala.info\/?p=3426"},"modified":"2013-06-29T14:37:26","modified_gmt":"2013-06-29T13:37:26","slug":"shenasi-rama-kryetari-i-ri-i-pd-se-nje-skllav-i-familjes-berisha","status":"publish","type":"post","link":"https:\/\/fjala.info\/2009-2015\/shenasi-rama-kryetari-i-ri-i-pd-se-nje-skllav-i-familjes-berisha\/","title":{"rendered":"Shenasi Rama: Kryetari i ri i PD-s\u00eb, nj\u00eb skllav i Familjes Berisha"},"content":{"rendered":"<p><img decoding=\"async\" class=\"alignright size-thumbnail wp-image-7236\" title=\"Shenasi Rama\" alt=\"\" src=\"http:\/\/www.fjala.info\/2012\/shenasi_rama.jpg\" width=\"150\" \/> <strong>TemA Online<\/strong>, <em>29 Qershor 2013<\/em><\/p>\n<p>Nj\u00eb prej bashk\u00ebthemeluesve t\u00eb PD-s\u00eb, Shenasi Rama, ka ironizuar me nisn\u00eb e Sali Berish\u00ebs p\u00ebr t\u00eb zgjedhur pasardh\u00ebsin e tij me parimin nj\u00eb an\u00ebtar, nj\u00eb vot\u00eb. Sipas tij kjo \u00ebsht\u00eb thjesht nj\u00eb hipokrizi, pasi kreu i ri i PD-s\u00eb do t\u00eb jet\u00eb nj\u00eb prej skell\u00ebverve t\u00eb Familjes Berisha. Me shum\u00eb shum\u00eb mund\u00ebsi Lulzim Basha.<\/p>\n<p>\u201cPo \u00e7far\u00eb zgjedhjesh do t\u00eb b\u00ebhen n\u00eb PD? Po nuk e mori Jozefina do t\u00eb jet\u00eb fatkeq\u00ebsi, edhe pse tha se nuk do t\u00eb kandidoj\u00eb. Tob\u00ebstakfurullah. Ajo parti don \u2018burrra\u2019, por t\u00eb nj\u00eb tipi t\u00eb ve\u00e7ant\u00eb. Problemi \u00ebsht\u00eb se PD \u00ebsht\u00eb parti e Trustit t\u00eb G\u00ebshtenjave t\u00eb Tropoj\u00ebs dhe pron\u00eb e Sali Berish\u00ebs q\u00eb e qeveris si sulltan. N\u00eb koh\u00ebn e sulltanit, skllev\u00ebrit e Port\u00ebs njiheshin si \u2018KULI\u2019 (n\u00eb forma t\u00eb tjera qole apo kule)\u2026 Ata b\u00ebheshin vezir\u00eb t\u00eb m\u00ebdhenj, t\u00eb fuqish\u00ebm e t\u00eb pasur, dhe i nderonin katundar\u00ebt e tyre, si kemi edhe shum\u00eb nga an\u00ebt tona, por skllev\u00ebr ishin gjithsesi. Tash kryetari i ri i PD duhet me ken\u00eb nj\u00ebri nga skllev\u00ebrit e familjes deri n\u00eb at\u00eb pike, sa jo vet\u00ebm sjellja duhet me ken\u00eb konform sjelljes s\u00eb nj\u00eb \u2018Kuli\u2019, por edhe emri duhet me rimue me k\u00ebt\u00eb fjal\u00eb.<\/p>\n<p>Saliu nuk duhet me pas\u00eb pik\u00eb dyshimi as tek emri. Kjo do t\u00eb thot\u00eb se kryetar nuk mund t\u00eb jet\u00eb Imami, Selami, Islami apo Hamami\u2026 mendimi im \u00ebsht\u00eb se jo vet\u00ebm emri i kryetarit\/ kryetares s\u00eb partis\u00eb, por edhe emri i kryetarit t\u00eb grupit parlamentar\u2026. nejse nj\u00eb mendim ishte. Vetem Saliu e di kush do t\u00eb jet\u00eb Kryetari KULI i partis\u00eb s\u00eb tij\u2026. nj\u00eb an\u00ebtar nj\u00eb vot\u00eb n\u00eb PD??? po si b\u00ebn vaki kjo? Ruejna Zot prej Dreqnis\u00eb. L\u00ebvizje e zgjuar e Saliut, po k\u00ebrkon t\u00eb mbledh\u00eb partin\u00eb, t\u2019i nxjerr\u00eb militant\u00ebt ku i ka\u2026 bariu po num\u00ebron delet.<\/p>\n<p>Tani i duhen q\u00ebndrestar\u00ebt, student\u00ebt e t\u00eb gjith\u00eb ata q\u00eb kan\u00eb nj\u00eb pik\u00eb kredibiliteti n\u00eb rrethet shoq\u00ebrore, ata q\u00eb kan\u00eb vjedhur, e q\u00eb kan\u00eb para, ata q\u00eb urrejn\u00eb e nuk din\u00eb se pse, ata q\u00eb duan t\u00eb han\u00eb e nuk kan\u00eb m\u00eb, ata q\u00eb do t\u00eb ikin nga puna\u2026 po b\u00ebn inventarin. N\u00eb fund, iu b\u00ebn magjin\u00eb e zakonshme dhe kund\u00ebrshtar\u00ebt i rreh dhe i mbyll n\u00eb nevojtoren e partis\u00eb (jo tualet)\u2026 dhe zgjidhet Luli apo \u2026\u201d, shprehet Shenasi Rama, bashk\u00ebthemelues i PD-s\u00eb.\/<em>b.l<\/em><\/p>\n","protected":false},"excerpt":{"rendered":"<p>TemA Online, 29 Qershor 2013 Nj\u00eb prej bashk\u00ebthemeluesve t\u00eb PD-s\u00eb, Shenasi Rama, ka ironizuar me nisn\u00eb e Sali Berish\u00ebs p\u00ebr t\u00eb zgjedhur pasardh\u00ebsin e tij me parimin nj\u00eb an\u00ebtar, nj\u00eb vot\u00eb. Sipas tij kjo \u00ebsht\u00eb thjesht nj\u00eb hipokrizi, pasi kreu i ri i PD-s\u00eb do t\u00eb jet\u00eb nj\u00eb prej skell\u00ebverve t\u00eb Familjes Berisha. Me shum\u00eb [&hellip;]<\/p>\n","protected":false},"author":1,"featured_media":0,"comment_status":"open","ping_status":"closed","sticky":false,"template":"","format":"standard","meta":{"footnotes":""},"categories":[2,5],"tags":[],"class_list":{"0":"post-3426","1":"post","2":"type-post","3":"status-publish","4":"format-standard","6":"category-artikuj","7":"category-lajme"},"yoast_head":"<!-- This site is optimized with the Yoast SEO plugin v27.4 - https:\/\/yoast.com\/product\/yoast-seo-wordpress\/ -->\n<title>Shenasi Rama: Kryetari i ri i PD-s\u00eb, nj\u00eb skllav i Familjes Berisha - FjALA e LIR\u00cb - Arkivi<\/title>\n<meta name=\"robots\" content=\"index, follow, max-snippet:-1, max-image-preview:large, max-video-preview:-1\" \/>\n<link rel=\"canonical\" href=\"https:\/\/fjala.info\/2009-2015\/shenasi-rama-kryetari-i-ri-i-pd-se-nje-skllav-i-familjes-berisha\/\" \/>\n<meta property=\"og:locale\" content=\"sq_AL\" \/>\n<meta property=\"og:type\" content=\"article\" \/>\n<meta property=\"og:title\" content=\"Shenasi Rama: Kryetari i ri i PD-s\u00eb, nj\u00eb skllav i Familjes Berisha - FjALA e LIR\u00cb - Arkivi\" \/>\n<meta property=\"og:description\" content=\"TemA Online, 29 Qershor 2013 Nj\u00eb prej bashk\u00ebthemeluesve t\u00eb PD-s\u00eb, Shenasi Rama, ka ironizuar me nisn\u00eb e Sali Berish\u00ebs p\u00ebr t\u00eb zgjedhur pasardh\u00ebsin e tij me parimin nj\u00eb an\u00ebtar, nj\u00eb vot\u00eb. Sipas tij kjo \u00ebsht\u00eb thjesht nj\u00eb hipokrizi, pasi kreu i ri i PD-s\u00eb do t\u00eb jet\u00eb nj\u00eb prej skell\u00ebverve t\u00eb Familjes Berisha. Me shum\u00eb [&hellip;]\" \/>\n<meta property=\"og:url\" content=\"https:\/\/fjala.info\/2009-2015\/shenasi-rama-kryetari-i-ri-i-pd-se-nje-skllav-i-familjes-berisha\/\" \/>\n<meta property=\"og:site_name\" content=\"FjALA e LIR\u00cb - Arkivi\" \/>\n<meta property=\"article:published_time\" content=\"2013-06-29T13:37:26+00:00\" \/>\n<meta property=\"og:image\" content=\"http:\/\/www.fjala.info\/2012\/shenasi_rama.jpg\" \/>\n<meta name=\"author\" content=\"admin\" \/>\n<meta name=\"twitter:card\" content=\"summary_large_image\" \/>\n<meta name=\"twitter:label1\" content=\"Written by\" \/>\n\t<meta name=\"twitter:data1\" content=\"admin\" \/>\n\t<meta name=\"twitter:label2\" content=\"Est. reading time\" \/>\n\t<meta name=\"twitter:data2\" content=\"2 minutes\" \/>\n<script type=\"application\/ld+json\" class=\"yoast-schema-graph\">{\"@context\":\"https:\\\/\\\/schema.org\",\"@graph\":[{\"@type\":\"Article\",\"@id\":\"https:\\\/\\\/fjala.info\\\/2009-2015\\\/shenasi-rama-kryetari-i-ri-i-pd-se-nje-skllav-i-familjes-berisha\\\/#article\",\"isPartOf\":{\"@id\":\"https:\\\/\\\/fjala.info\\\/2009-2015\\\/shenasi-rama-kryetari-i-ri-i-pd-se-nje-skllav-i-familjes-berisha\\\/\"},\"author\":{\"name\":\"admin\",\"@id\":\"https:\\\/\\\/fjala.info\\\/2009-2015\\\/#\\\/schema\\\/person\\\/3aa1163ef05469c496fc94e77611ada2\"},\"headline\":\"Shenasi Rama: Kryetari i ri i PD-s\u00eb, nj\u00eb skllav i Familjes Berisha\",\"datePublished\":\"2013-06-29T13:37:26+00:00\",\"mainEntityOfPage\":{\"@id\":\"https:\\\/\\\/fjala.info\\\/2009-2015\\\/shenasi-rama-kryetari-i-ri-i-pd-se-nje-skllav-i-familjes-berisha\\\/\"},\"wordCount\":436,\"commentCount\":0,\"publisher\":{\"@id\":\"https:\\\/\\\/fjala.info\\\/2009-2015\\\/#organization\"},\"image\":{\"@id\":\"https:\\\/\\\/fjala.info\\\/2009-2015\\\/shenasi-rama-kryetari-i-ri-i-pd-se-nje-skllav-i-familjes-berisha\\\/#primaryimage\"},\"thumbnailUrl\":\"http:\\\/\\\/www.fjala.info\\\/2012\\\/shenasi_rama.jpg\",\"articleSection\":[\"Artikuj\",\"Lajme\"],\"inLanguage\":\"sq-AL\",\"potentialAction\":[{\"@type\":\"CommentAction\",\"name\":\"Comment\",\"target\":[\"https:\\\/\\\/fjala.info\\\/2009-2015\\\/shenasi-rama-kryetari-i-ri-i-pd-se-nje-skllav-i-familjes-berisha\\\/#respond\"]}]},{\"@type\":\"WebPage\",\"@id\":\"https:\\\/\\\/fjala.info\\\/2009-2015\\\/shenasi-rama-kryetari-i-ri-i-pd-se-nje-skllav-i-familjes-berisha\\\/\",\"url\":\"https:\\\/\\\/fjala.info\\\/2009-2015\\\/shenasi-rama-kryetari-i-ri-i-pd-se-nje-skllav-i-familjes-berisha\\\/\",\"name\":\"Shenasi Rama: Kryetari i ri i PD-s\u00eb, nj\u00eb skllav i Familjes Berisha - FjALA e LIR\u00cb - Arkivi\",\"isPartOf\":{\"@id\":\"https:\\\/\\\/fjala.info\\\/2009-2015\\\/#website\"},\"primaryImageOfPage\":{\"@id\":\"https:\\\/\\\/fjala.info\\\/2009-2015\\\/shenasi-rama-kryetari-i-ri-i-pd-se-nje-skllav-i-familjes-berisha\\\/#primaryimage\"},\"image\":{\"@id\":\"https:\\\/\\\/fjala.info\\\/2009-2015\\\/shenasi-rama-kryetari-i-ri-i-pd-se-nje-skllav-i-familjes-berisha\\\/#primaryimage\"},\"thumbnailUrl\":\"http:\\\/\\\/www.fjala.info\\\/2012\\\/shenasi_rama.jpg\",\"datePublished\":\"2013-06-29T13:37:26+00:00\",\"breadcrumb\":{\"@id\":\"https:\\\/\\\/fjala.info\\\/2009-2015\\\/shenasi-rama-kryetari-i-ri-i-pd-se-nje-skllav-i-familjes-berisha\\\/#breadcrumb\"},\"inLanguage\":\"sq-AL\",\"potentialAction\":[{\"@type\":\"ReadAction\",\"target\":[\"https:\\\/\\\/fjala.info\\\/2009-2015\\\/shenasi-rama-kryetari-i-ri-i-pd-se-nje-skllav-i-familjes-berisha\\\/\"]}]},{\"@type\":\"ImageObject\",\"inLanguage\":\"sq-AL\",\"@id\":\"https:\\\/\\\/fjala.info\\\/2009-2015\\\/shenasi-rama-kryetari-i-ri-i-pd-se-nje-skllav-i-familjes-berisha\\\/#primaryimage\",\"url\":\"http:\\\/\\\/www.fjala.info\\\/2012\\\/shenasi_rama.jpg\",\"contentUrl\":\"http:\\\/\\\/www.fjala.info\\\/2012\\\/shenasi_rama.jpg\"},{\"@type\":\"BreadcrumbList\",\"@id\":\"https:\\\/\\\/fjala.info\\\/2009-2015\\\/shenasi-rama-kryetari-i-ri-i-pd-se-nje-skllav-i-familjes-berisha\\\/#breadcrumb\",\"itemListElement\":[{\"@type\":\"ListItem\",\"position\":1,\"name\":\"Home\",\"item\":\"https:\\\/\\\/fjala.info\\\/2009-2015\\\/\"},{\"@type\":\"ListItem\",\"position\":2,\"name\":\"Shenasi Rama: Kryetari i ri i PD-s\u00eb, nj\u00eb skllav i Familjes Berisha\"}]},{\"@type\":\"WebSite\",\"@id\":\"https:\\\/\\\/fjala.info\\\/2009-2015\\\/#website\",\"url\":\"https:\\\/\\\/fjala.info\\\/2009-2015\\\/\",\"name\":\"FjALA e LIR\u00cb - Arkivi\",\"description\":\"Arkivi 2009-2015\",\"publisher\":{\"@id\":\"https:\\\/\\\/fjala.info\\\/2009-2015\\\/#organization\"},\"potentialAction\":[{\"@type\":\"SearchAction\",\"target\":{\"@type\":\"EntryPoint\",\"urlTemplate\":\"https:\\\/\\\/fjala.info\\\/2009-2015\\\/?s={search_term_string}\"},\"query-input\":{\"@type\":\"PropertyValueSpecification\",\"valueRequired\":true,\"valueName\":\"search_term_string\"}}],\"inLanguage\":\"sq-AL\"},{\"@type\":\"Organization\",\"@id\":\"https:\\\/\\\/fjala.info\\\/2009-2015\\\/#organization\",\"name\":\"FjALA e LIR\u00cb - Arkivi\",\"url\":\"https:\\\/\\\/fjala.info\\\/2009-2015\\\/\",\"logo\":{\"@type\":\"ImageObject\",\"inLanguage\":\"sq-AL\",\"@id\":\"https:\\\/\\\/fjala.info\\\/2009-2015\\\/#\\\/schema\\\/logo\\\/image\\\/\",\"url\":\"\",\"contentUrl\":\"\",\"caption\":\"FjALA e LIR\u00cb - Arkivi\"},\"image\":{\"@id\":\"https:\\\/\\\/fjala.info\\\/2009-2015\\\/#\\\/schema\\\/logo\\\/image\\\/\"}},{\"@type\":\"Person\",\"@id\":\"https:\\\/\\\/fjala.info\\\/2009-2015\\\/#\\\/schema\\\/person\\\/3aa1163ef05469c496fc94e77611ada2\",\"name\":\"admin\",\"image\":{\"@type\":\"ImageObject\",\"inLanguage\":\"sq-AL\",\"@id\":\"https:\\\/\\\/fjala.info\\\/2009-2015\\\/wp-content\\\/uploads\\\/2012\\\/02\\\/arben_cokaj-120x150.jpg\",\"url\":\"https:\\\/\\\/fjala.info\\\/2009-2015\\\/wp-content\\\/uploads\\\/2012\\\/02\\\/arben_cokaj-120x150.jpg\",\"contentUrl\":\"https:\\\/\\\/fjala.info\\\/2009-2015\\\/wp-content\\\/uploads\\\/2012\\\/02\\\/arben_cokaj-120x150.jpg\",\"caption\":\"admin\"},\"description\":\"Admin, Fjala e Lir\u00eb\",\"sameAs\":[\"https:\\\/\\\/fjala.info\\\/\"],\"url\":\"https:\\\/\\\/fjala.info\\\/2009-2015\\\/author\\\/admin\\\/\"}]}<\/script>\n<!-- \/ Yoast SEO plugin. -->","yoast_head_json":{"title":"Shenasi Rama: Kryetari i ri i PD-s\u00eb, nj\u00eb skllav i Familjes Berisha - FjALA e LIR\u00cb - Arkivi","robots":{"index":"index","follow":"follow","max-snippet":"max-snippet:-1","max-image-preview":"max-image-preview:large","max-video-preview":"max-video-preview:-1"},"canonical":"https:\/\/fjala.info\/2009-2015\/shenasi-rama-kryetari-i-ri-i-pd-se-nje-skllav-i-familjes-berisha\/","og_locale":"sq_AL","og_type":"article","og_title":"Shenasi Rama: Kryetari i ri i PD-s\u00eb, nj\u00eb skllav i Familjes Berisha - FjALA e LIR\u00cb - Arkivi","og_description":"TemA Online, 29 Qershor 2013 Nj\u00eb prej bashk\u00ebthemeluesve t\u00eb PD-s\u00eb, Shenasi Rama, ka ironizuar me nisn\u00eb e Sali Berish\u00ebs p\u00ebr t\u00eb zgjedhur pasardh\u00ebsin e tij me parimin nj\u00eb an\u00ebtar, nj\u00eb vot\u00eb. Sipas tij kjo \u00ebsht\u00eb thjesht nj\u00eb hipokrizi, pasi kreu i ri i PD-s\u00eb do t\u00eb jet\u00eb nj\u00eb prej skell\u00ebverve t\u00eb Familjes Berisha. Me shum\u00eb [&hellip;]","og_url":"https:\/\/fjala.info\/2009-2015\/shenasi-rama-kryetari-i-ri-i-pd-se-nje-skllav-i-familjes-berisha\/","og_site_name":"FjALA e LIR\u00cb - Arkivi","article_published_time":"2013-06-29T13:37:26+00:00","og_image":[{"url":"http:\/\/www.fjala.info\/2012\/shenasi_rama.jpg","type":"","width":"","height":""}],"author":"admin","twitter_card":"summary_large_image","twitter_misc":{"Written by":"admin","Est. reading time":"2 minutes"},"schema":{"@context":"https:\/\/schema.org","@graph":[{"@type":"Article","@id":"https:\/\/fjala.info\/2009-2015\/shenasi-rama-kryetari-i-ri-i-pd-se-nje-skllav-i-familjes-berisha\/#article","isPartOf":{"@id":"https:\/\/fjala.info\/2009-2015\/shenasi-rama-kryetari-i-ri-i-pd-se-nje-skllav-i-familjes-berisha\/"},"author":{"name":"admin","@id":"https:\/\/fjala.info\/2009-2015\/#\/schema\/person\/3aa1163ef05469c496fc94e77611ada2"},"headline":"Shenasi Rama: Kryetari i ri i PD-s\u00eb, nj\u00eb skllav i Familjes Berisha","datePublished":"2013-06-29T13:37:26+00:00","mainEntityOfPage":{"@id":"https:\/\/fjala.info\/2009-2015\/shenasi-rama-kryetari-i-ri-i-pd-se-nje-skllav-i-familjes-berisha\/"},"wordCount":436,"commentCount":0,"publisher":{"@id":"https:\/\/fjala.info\/2009-2015\/#organization"},"image":{"@id":"https:\/\/fjala.info\/2009-2015\/shenasi-rama-kryetari-i-ri-i-pd-se-nje-skllav-i-familjes-berisha\/#primaryimage"},"thumbnailUrl":"http:\/\/www.fjala.info\/2012\/shenasi_rama.jpg","articleSection":["Artikuj","Lajme"],"inLanguage":"sq-AL","potentialAction":[{"@type":"CommentAction","name":"Comment","target":["https:\/\/fjala.info\/2009-2015\/shenasi-rama-kryetari-i-ri-i-pd-se-nje-skllav-i-familjes-berisha\/#respond"]}]},{"@type":"WebPage","@id":"https:\/\/fjala.info\/2009-2015\/shenasi-rama-kryetari-i-ri-i-pd-se-nje-skllav-i-familjes-berisha\/","url":"https:\/\/fjala.info\/2009-2015\/shenasi-rama-kryetari-i-ri-i-pd-se-nje-skllav-i-familjes-berisha\/","name":"Shenasi Rama: Kryetari i ri i PD-s\u00eb, nj\u00eb skllav i Familjes Berisha - FjALA e LIR\u00cb - Arkivi","isPartOf":{"@id":"https:\/\/fjala.info\/2009-2015\/#website"},"primaryImageOfPage":{"@id":"https:\/\/fjala.info\/2009-2015\/shenasi-rama-kryetari-i-ri-i-pd-se-nje-skllav-i-familjes-berisha\/#primaryimage"},"image":{"@id":"https:\/\/fjala.info\/2009-2015\/shenasi-rama-kryetari-i-ri-i-pd-se-nje-skllav-i-familjes-berisha\/#primaryimage"},"thumbnailUrl":"http:\/\/www.fjala.info\/2012\/shenasi_rama.jpg","datePublished":"2013-06-29T13:37:26+00:00","breadcrumb":{"@id":"https:\/\/fjala.info\/2009-2015\/shenasi-rama-kryetari-i-ri-i-pd-se-nje-skllav-i-familjes-berisha\/#breadcrumb"},"inLanguage":"sq-AL","potentialAction":[{"@type":"ReadAction","target":["https:\/\/fjala.info\/2009-2015\/shenasi-rama-kryetari-i-ri-i-pd-se-nje-skllav-i-familjes-berisha\/"]}]},{"@type":"ImageObject","inLanguage":"sq-AL","@id":"https:\/\/fjala.info\/2009-2015\/shenasi-rama-kryetari-i-ri-i-pd-se-nje-skllav-i-familjes-berisha\/#primaryimage","url":"http:\/\/www.fjala.info\/2012\/shenasi_rama.jpg","contentUrl":"http:\/\/www.fjala.info\/2012\/shenasi_rama.jpg"},{"@type":"BreadcrumbList","@id":"https:\/\/fjala.info\/2009-2015\/shenasi-rama-kryetari-i-ri-i-pd-se-nje-skllav-i-familjes-berisha\/#breadcrumb","itemListElement":[{"@type":"ListItem","position":1,"name":"Home","item":"https:\/\/fjala.info\/2009-2015\/"},{"@type":"ListItem","position":2,"name":"Shenasi Rama: Kryetari i ri i PD-s\u00eb, nj\u00eb skllav i Familjes Berisha"}]},{"@type":"WebSite","@id":"https:\/\/fjala.info\/2009-2015\/#website","url":"https:\/\/fjala.info\/2009-2015\/","name":"FjALA e LIR\u00cb - Arkivi","description":"Arkivi 2009-2015","publisher":{"@id":"https:\/\/fjala.info\/2009-2015\/#organization"},"potentialAction":[{"@type":"SearchAction","target":{"@type":"EntryPoint","urlTemplate":"https:\/\/fjala.info\/2009-2015\/?s={search_term_string}"},"query-input":{"@type":"PropertyValueSpecification","valueRequired":true,"valueName":"search_term_string"}}],"inLanguage":"sq-AL"},{"@type":"Organization","@id":"https:\/\/fjala.info\/2009-2015\/#organization","name":"FjALA e LIR\u00cb - Arkivi","url":"https:\/\/fjala.info\/2009-2015\/","logo":{"@type":"ImageObject","inLanguage":"sq-AL","@id":"https:\/\/fjala.info\/2009-2015\/#\/schema\/logo\/image\/","url":"","contentUrl":"","caption":"FjALA e LIR\u00cb - Arkivi"},"image":{"@id":"https:\/\/fjala.info\/2009-2015\/#\/schema\/logo\/image\/"}},{"@type":"Person","@id":"https:\/\/fjala.info\/2009-2015\/#\/schema\/person\/3aa1163ef05469c496fc94e77611ada2","name":"admin","image":{"@type":"ImageObject","inLanguage":"sq-AL","@id":"https:\/\/fjala.info\/2009-2015\/wp-content\/uploads\/2012\/02\/arben_cokaj-120x150.jpg","url":"https:\/\/fjala.info\/2009-2015\/wp-content\/uploads\/2012\/02\/arben_cokaj-120x150.jpg","contentUrl":"https:\/\/fjala.info\/2009-2015\/wp-content\/uploads\/2012\/02\/arben_cokaj-120x150.jpg","caption":"admin"},"description":"Admin, Fjala e Lir\u00eb","sameAs":["https:\/\/fjala.info\/"],"url":"https:\/\/fjala.info\/2009-2015\/author\/admin\/"}]}},"_links":{"self":[{"href":"https:\/\/fjala.info\/2009-2015\/wp-json\/wp\/v2\/posts\/3426","targetHints":{"allow":["GET"]}}],"collection":[{"href":"https:\/\/fjala.info\/2009-2015\/wp-json\/wp\/v2\/posts"}],"about":[{"href":"https:\/\/fjala.info\/2009-2015\/wp-json\/wp\/v2\/types\/post"}],"author":[{"embeddable":true,"href":"https:\/\/fjala.info\/2009-2015\/wp-json\/wp\/v2\/users\/1"}],"replies":[{"embeddable":true,"href":"https:\/\/fjala.info\/2009-2015\/wp-json\/wp\/v2\/comments?post=3426"}],"version-history":[{"count":0,"href":"https:\/\/fjala.info\/2009-2015\/wp-json\/wp\/v2\/posts\/3426\/revisions"}],"wp:attachment":[{"href":"https:\/\/fjala.info\/2009-2015\/wp-json\/wp\/v2\/media?parent=3426"}],"wp:term":[{"taxonomy":"category","embeddable":true,"href":"https:\/\/fjala.info\/2009-2015\/wp-json\/wp\/v2\/categories?post=3426"},{"taxonomy":"post_tag","embeddable":true,"href":"https:\/\/fjala.info\/2009-2015\/wp-json\/wp\/v2\/tags?post=3426"}],"curies":[{"name":"wp","href":"https:\/\/api.w.org\/{rel}","templated":true}]}}