{"id":3422,"date":"2013-06-29T08:31:45","date_gmt":"2013-06-29T07:31:45","guid":{"rendered":"http:\/\/fjala.info\/?p=3422"},"modified":"2013-06-29T08:31:45","modified_gmt":"2013-06-29T07:31:45","slug":"kosova-vend-i-vidovdaneve-dhe-sulltanmurateve","status":"publish","type":"post","link":"https:\/\/fjala.info\/2009-2015\/kosova-vend-i-vidovdaneve-dhe-sulltanmurateve\/","title":{"rendered":"Kosova, vend i vidovdan\u00ebve dhe sulltanmurat\u00ebve!"},"content":{"rendered":"<blockquote><p>\u201dEdhe Krishti ne na th\u00ebnte<br \/>\nUn\u00eb jam grek, eni pas meje,<br \/>\nDo t\u2019i themi pa mblidh mente,<br \/>\nSe shqiptari s\u2019vjen pas teje\u2026\u201d<\/p>\n<p>(Petro Nini Luarasi 1865-1911)<\/p><\/blockquote>\n<p><img decoding=\"async\" class=\"alignright size-thumbnail wp-image-7236\" title=\"Fahri Xharra\" alt=\"\" src=\"http:\/\/www.fjala.info\/2013\/fahri_xharra.jpg\" width=\"150\" \/> <strong>Fahri Xharra<\/strong><\/p>\n<p>E p\u00ebrjetuam edhe nj\u00eb dit\u00eb t\u00eb Vidovdanit! Dikur n\u00eb qershorin e vitit t\u00eb larg\u00ebt 1389 n\u00eb fush\u00ebn e gjer\u00eb t\u00eb Kosov\u00ebs u ballafaquan ushtria turke dhe ajo ballkanase. Aso kohe ishte nj\u00eb vasalitet ndaj Turqis\u00eb, por kur Car Llazari rebelohet s\u00eb bashku me shqiptar\u00ebt, boshnjak\u00ebt, bullgar\u00ebt dhe hungarez\u00ebt; pos dhjet\u00ebra mij\u00ebra t\u00eb vrar\u00ebsh n\u00eb t\u00eb dy an\u00ebt e humbi kok\u00ebn edhe Car Llazari me t\u00eb birin. Dikur von\u00eb serb\u00ebt e shenjt\u00ebruan Carin dhe me shenjt\u00ebrimin e tij, Kosova filloi t\u00eb b\u00ebhet vend i manipulimeve historike dhe trash\u00ebguese. M\u00eb e fresk\u00ebta \u00ebsht\u00eb ajo e Millosheviqit kur karrier\u00ebn e tij prej diktatori e filloi mu k\u00ebtu.<\/p>\n<p>Por \u00e7`ndodhi n\u00eb an\u00ebn tjet\u00ebr, n\u00eb an\u00ebn turke? Sulltan Muradi i u mbyt nga Milesh Kopili (Millosh Obiliqi, Milod Kobila). Sipas analizave historike dhe gjeo-luftarake m\u00eb t\u00eb reja vrasja ishte organizuar nga i biri Bajaziti I, mbasi q\u00eb ky Bajazidi n\u00eb t\u00eb nj\u00ebjt\u00ebn koh\u00eb likuidoi edhe t\u00eb v\u00ebllan\u00eb Jakubin. T\u00eb nes\u00ebrmen u kuror\u00ebzua si Sulltan Bajaziti I. Trupi i pajet\u00eb i Sulltan Muratit I u d\u00ebrgua me shpejt\u00ebsi n\u00ebBursa t\u00eb Turqis\u00eb,dhe u varros n\u00eb Mausoleun e madh t\u00eb Sulltan\u00ebve . P\u00ebr arsye t\u00eb procesit t\u00eb balsamimit iu hoq\u00ebn nga trupi organet e brendshme dhe ato u gropos\u00ebn n\u00eb fshatin e sot\u00ebm Mazgit.<\/p>\n<p>Sulltan Bajaziti pasi q\u00eb e siguroi fronin dhe u martua me t\u00eb bij\u00ebn e Car Llazarit Princesh\u00ebn Olivera, nj\u00eb vit m\u00eb von\u00eb e rregulloi varrin e dyt\u00eb t\u00eb babait t\u00eb tij.Sulltan Murati I pra i ka dy varre, nj\u00eb n\u00eb \u00c7ekirge t\u00eb Bursas, ku pushon trupi i tij i balsamosur dhe tjetrin vet\u00ebm me t\u00eb brendshmet e trupit t\u00eb tij n\u00eb Kosov\u00eb.Juridikisht varri \u00ebsht\u00eb vendi ku prehet trupi apo hiri i nj\u00eb individi t\u00eb vdekur. Nuk ka sh\u00ebnime as nga Egjiptian\u00ebt, as nga Asyret, as nga Babilonasit, as nga Aztek\u00ebt e as nga t\u00eb tjer\u00ebt q\u00eb nj\u00eb i vdekur t\u00eb ket\u00eb pasur dy varre, e m\u00eb s\u00eb paku ndonj\u00eb mbret .<\/p>\n<p>Ka kaluar shum\u00eb koh\u00eb, 623 vjet dhe historia \u00ebsht\u00eb shkruar ndryshe e ndryshe, por varri i Sulltanit dhe monumenti i Bezistanit t\u00eb Car Llazarit palosin dit\u00ebt, vitet, shekujt n\u00eb fush\u00ebn e Kosov\u00ebs q\u00eb frym\u00ebzojn\u00eb po me kaq ndryshime t\u00eb m\u00ebdha aspiratat p\u00ebr Kosov\u00ebn.<\/p>\n<p>Derisa Serb\u00ebt e quajn\u00eb Kosov\u00ebn djepi i serbizimit, turqit po e marrin si simbol t\u00eb ekzistimit turk n\u00eb Evrop\u00eb.Po,ne shqiptar\u00ebt ku mbesim?<\/p>\n<p>T\u00eb shkojm\u00eb m\u00eb tutje me analiz\u00eb t\u00eb k\u00ebsaj ngjarjeje q\u00eb aq shum\u00eb po na turbullon edhe so e k\u00ebsaj dite. Mos t\u00eb harrojm\u00eb se ishte nj\u00eb luft\u00eb m\u00eb e madhe p\u00ebr t\u00eb penguar osman\u00ebt q\u00eb t`a shtrijn\u00eb trupin e tyre prej aziatike n\u00eb k\u00ebto toka t\u00eb buta ballkanike: Lufta e Maric\u00ebs (Bulgariae sotme) n\u00eb vitin 1371 ! Por ajo luft\u00eb nuk kremtohet nga Bullgar\u00ebt , por vet\u00ebm sh\u00ebnohet si nj\u00eb dit\u00eb e ndryshimit t\u00eb Historis\u00eb.<\/p>\n<p>Festimi i Vidovdanit n\u00eb Kosov\u00eb e ka nj\u00eb arsye,por jo p\u00ebr q\u00ebshtje fetare.Serbia me k\u00ebt\u00eb dit\u00eb don q\u00eb t`i orkestron ritualet e saja t\u00eb cilat n\u00ebn petkut e fes\u00eb i p\u00ebrmbush\u00eb \u201cobligimet\u201d e veta ndaj g\u00ebnjeshtrave historike p\u00ebr nj\u00eb \u201c bashk\u00ebsi t\u00eb imagjinuar\u201d. Ishte viti 1899, kur autonomist\u00ebt serb\u00eb dhe Kisha e tyre u pajtuan q\u00eb Vidovdani t\u00eb mbet\u00ebt nj\u00eb shenj\u00eb p\u00ebr t\u00eb paqen\u00ebn. Ata q\u00eb besojn\u00eb n\u00eb besime t\u00eb kota , ,kur ta lexojn\u00eb historin\u00eb e tyre e gjejn\u00eb Vidovdanin t\u00eb \u201cr\u00ebnd\u00ebsish\u00ebm\u201d p\u00ebr shum\u00eb arsye.Err\u00ebsira q\u00eb bie asnj\u00ebher\u00eb nuk i ndihmon drit\u00ebs q\u00eb t\u00eb ndriqon sa do pak shpirtin e djegur mbas fantazmave t\u00eb paramenduara t\u00eb s\u00eb kaluar\u00ebs. E dini: Kjo dit\u00eb \u00ebsht\u00eb zgjedhur p\u00ebr t\u00eb shpallur luft\u00ebra. Ballkani mban n\u00eb mend n\u00eb m\u00ebnyr\u00eb gjarp\u00ebrore ashtu n\u00eb gjat\u00ebsi ,q\u00eb s`ka t\u00eb ndalur k\u00ebrkesa p\u00ebr Vidovdana dhe p\u00ebr humbjen e s\u00eb v\u00ebrtet\u00ebs historike me krijimin e tensioneve t\u00eb cilat ndjellin vet\u00ebm kob.Vidovdani dhe Jerusalemi i Serbis\u00eb ?<\/p>\n<p>Qytetar\u00ebt e Serbis\u00eb kurr\u00ebsesi t\u00eb ndahen nga d\u00ebshira e tyre dhe t\u00eb b\u00ebjn\u00eb dallimin n\u00eb mes t\u00eb kryqit t\u00eb tyre dhe liris\u00eb s\u00eb shpirtit t\u00eb tyre nga verbimi asfiksues i ndjenjave t\u00eb tyre t\u00eb gurosura n\u00eb imagjinat\u00ebn e tyre t\u00eb tokave t\u00eb huaja. Rikujtimi i historis\u00eb n\u00eb m\u00ebnyr\u00ebn serbe \u00ebsht\u00eb nj\u00eb ndalje e zemr\u00ebs e nj\u00eb civilizimi q\u00eb kurr nuk mund\u00ebn t` arrijn\u00eb.<\/p>\n<p>P\u00ebrrallat gjall\u00ebroh\u00ebn edhe nga turqit ,q\u00eb nuk e kan aspak p\u00ebr nder\u00eb t\u00eb zhyt\u00ebn edhe ata n\u00eb rrug\u00ebn gjarp\u00ebrore t\u00eb pa fund t\u00eb \u201ckujtimit\u201d dhe \u201c rikujtimit\u201d t\u00eb asaj q\u00eb ishte vet\u00ebm nj\u00eb turp i s\u00eb kaluar\u00ebs s\u00eb tyre. Por sa i gjall\u00eb \u00ebsht\u00eb miti p\u00ebr Sulltan Muratin n\u00eb Turqi? \u201c\u00cbsht\u00eb mjaft i njohur, Beteja e Fush\u00eb-Kosov\u00ebs \u00ebsht\u00eb lufta m\u00eb e r\u00ebnd\u00ebsishme q\u00eb ka b\u00ebr\u00eb Perandoria Osmane Me k\u00ebt\u00eb luft\u00eb ne fituam betej\u00ebn me Evrop\u00ebn\u201d, thon\u00eb turqit. Nj\u00eb llogaritje e gabuar e tyre; me Betej\u00ebn e Kosov\u00ebs nuk fitohet Europa.<\/p>\n<p>Kushe vrau sultan Muratin? Thjesht ,si \u00e7ndodh\u00eb n\u00eb Perandorin\u00eb Otomane, ate e vrau i biri Bajaziti. Kemi pak raste n\u00eb historin\u00eb e Europ\u00ebs kur i biri e vret t\u00eb atin ,apo i ati t\u00eb birin p\u00ebr pushtet? Pse Bajazidi ,e vrau t\u00eb v\u00ebllaun Jakupin.? Sepse ai ishte d\u00ebshmitar\u00eb i nj\u00eb tradh\u00ebtijeje familjare e s\u00ebmuar p\u00ebr pushtet.<\/p>\n<p>T\u00eb dy komandant\u00ebt e Betej\u00ebs u shenjt\u00ebruan,<br \/>\nsepse t\u00eb dyt\u00eb vdiq\u00ebn n\u00eb betej\u00ebn e Kosov\u00ebs.<\/p>\n<p>Nj\u00ebri i shenjt\u00ebrua pas pak vjet\u00ebsh, Llazari, nd\u00ebrsa Muratin e shenjt\u00ebroi koha dhe legjendat p\u00ebr vrasjen e tij. Jan\u00eb kaq t\u00eb shumta k\u00ebto legjenda, sa studjuesve, n\u00eb munges\u00eb t\u00eb dokumenteve q\u00eb lipset ta p\u00ebrshkruanin ngjarjen, ashtu si\u00e7 ka ndodhur, u \u00ebsht\u00eb dashur t\u00eb hamend\u00ebsojn\u00eb mes fjal\u00ebsh e faktesh. Sepse t\u00eb v\u00ebrtet\u00ebn e fundit duket se e ka marr\u00eb n\u00eb varr p\u00ebrgjithmon\u00eb. Por t\u00eb gjitha historit\u00eb dhe legjendat kan\u00eb nj\u00eb pik\u00eb t\u00eb p\u00ebrbashk\u00ebt: \u201cFitorja e shenjt\u00eb\u201d !<\/p>\n<p>Vijn\u00eb korbat t\u00eb festojn\u00eb \u201cdit\u00ebt \u201ce tyre n\u00eb tok\u00eb e e huaj. E ne bejm\u00eb \u201csehir\u201d. Iu shkojm\u00eb pas.Popse ? Na brengos\u00eb neve historia e jon\u00eb? Apo jemi rob\u00ebr t\u00eb ndjenjave tona ?Sa qesharake dhe artificiale aq edhe injorante dhe vet\u00ebvras\u00ebse? Kujt i sh\u00ebrben,ky q\u00ebndrimi i yn\u00eb? A mos po futemi p\u00ebrdit\u00eb e m\u00eb tep\u00ebr n\u00eb vorbull\u00ebn marramend\u00ebse ,drejt vrim\u00ebs s\u00eb zez\u00eb ,s\u00eb cil\u00ebs nuk i b\u00ebn ball\u00eb askushi e asgj\u00eb? Me 29 Qershor, 1444, gati 568 vjet te shkuara Gjergj Kasteriot-Skenderbej ne krye te arb\u00ebroreve, e zhvilloi Betejen e Dibres, ku e shpartalloi ushtrin\u00eb osmane. Pse ne nuk e kujtojm\u00eb k\u00ebt\u00eb dit\u00eb? Beteja e Torviollit , e njohur edhe si Beteja e Dibr\u00ebs s\u00eb ul\u00ebt, u zhvillua m\u00eb 29 qershor t\u00eb 1444 n\u00eb Shqiperi. E vog\u00ebl kjo? E jona dhe p\u00ebr krenarin\u00eb ton\u00eb. E jona q\u00eb i tregon bot\u00ebs se kush ishim dhe p\u00ebr \u00e7ka frymonim.<\/p>\n<p><strong>Po shpallja e Autonomis\u00eb e vitit 1844 nga Dervish Cara?<\/strong><\/p>\n<p>N\u00eb Kosov\u00eb nuk ka lidhje t\u00eb thella midis Turqis\u00eb dhe nesh. Varri i Sulltan Muatit ,nuk \u00ebsht\u00eb lidh\u00ebsja e t\u00eb mbajturit n\u00eb rob\u00ebri. N\u00eb Gjakov\u00eb \u00ebsht\u00eb varri i Maxharr Pash\u00ebs dhe ushtar\u00ebve t\u00eb tij ,q\u00eb i lan\u00eb eshtrat buz\u00eb Lumit Krena ,n\u00eb koh\u00eb kur desht\u00ebn ta fikin drit\u00ebn e Lidhj\u00ebs s\u00eb Gjakov\u00ebs. Aty \u00ebsht\u00eb varri ,ai ruhet si tregues serioz: se mos gaboni t\u00eb shkelni mbi ne, se k\u00ebshtu do ta gjeni amshimin tuaj !<\/p>\n<p>\u201cJemi mbledhur p\u00ebr t\u00eb kujtuar nj\u00eb personalitet q\u00eb ishte shum\u00eb i r\u00ebnd\u00ebsish\u00ebm. Sulltan Murati ishte i gatsh\u00ebm t\u00eb luftonte n\u00eb \u00e7do koh\u00eb dhe zhvilloi 37 luft\u00ebra dhe e fundit ishte ajo n\u00eb Kosov\u00eb, ku ishte nj\u00eb luft\u00eb p\u00ebr ekzistenc\u00eb\u201d( Pushtimi quhet egzistenc\u00eb?f.xh.), ka deklaruar Altepe (Kryetar i Burs\u00ebs ,.Turqi) . Mos more? T\u00eb krenohemi edhe me fitoret e Sulltan Fatihut II ,q\u00eb e shkrumboi Shqip\u00ebrin\u00eb pas vdekj\u00ebs s\u00eb Sk\u00ebnderbeut?<\/p>\n<p>Derisa serb\u00ebt e \u201ckrijojn\u00eb \u201c historin\u00eb e tyre n\u00eb Mitin e Kosov\u00ebs; ne jemi aq solidar\u00eb sa q\u00eb deklarojm\u00eb haptas se me turqit e kemi gjakune perzier. \u201cKy vend flet (Tyrbja e Sulltan Muratit f.xh. )p\u00ebr historin\u00eb ton\u00eb dhe ky vend flet se ne si dy popuj kemi familje t\u00eb p\u00ebrziera dhe gjakun e p\u00ebrzier tash e 622 vjet dhe fal\u00eb tij (Sulltan Muratit) ne sot jemi besimtar\u00eb mysliman\u00eb shumic\u00eb\u201d.( Myftiu T\u00ebrnava2011). S&#8217;iu vjen pak ,s\u00eb paku pak keq q\u00eb t\u00eb mohojm\u00eb vet\u00ebvet\u00ebn? Pse ore m\u00eb b\u00ebn v\u00eblla me turkun? Ne nuk jemi turq! Krahasoni fjal\u00ebt e kryepeshkopit Irinej, me k\u00ebto t\u00eb kryemyftiut t\u00eb musliman\u00ebve n\u00eb Kosov\u00eb. Larg\u00eb jemi, large jemi nga atdhedashuria. \u00c7 ka m\u00ebndojn\u00eb t\u00eb tjer\u00ebt p\u00ebr ne?<\/p>\n<p>\u201cKur nisa t\u00eb interesohesha p\u00ebr kultur\u00ebn tuaj n\u00eb momentin q\u00eb u em\u00ebrova Ambasador n\u00eb Shqip\u00ebri, nisa t\u00eb lexoj poezi shqiptare t\u00eb p\u00ebrkthyera n\u00eb anglisht. Nj\u00eb nga ato ishte poezia e zotit Fatos Arapi e titulluar \u201cSulltan Murati dhe shqiptari\u201d. Me pak vargje ajo ishte kaq dramatike, e arrir\u00eb dhe tejet emocionuese dhe q\u00eb shpreh shum\u00eb m\u00eb shum\u00eb nga \u00e7far\u00eb kam lexuar n\u00eb vite, pra fisnik\u00ebrin\u00eb e k\u00ebrkes\u00ebs p\u00ebr liri. Dhe n\u00ebse nuk e keni lexuar, shkoni dhe lexojeni. Kur betohesha si ambasador n\u00eb Departamentin Amerikan t\u00eb Shtetit p\u00ebrball\u00eb qindra njer\u00ebzve, duhet t\u00eb mbaja nj\u00eb fjalim t\u00eb cilin e mbyllja duke cituar poezin\u00eb e zotit Arapi. Edhe pse 99% e audienc\u00ebs ishte amerikane, njer\u00ebzit n\u00eb auditor po qanin, kaq prek\u00ebse \u00ebsht\u00eb ajo poezi. ( Ish Ambasadori Withers)<\/p>\n<p><strong>Po un\u00eb? Po ti? Po na?<\/strong><\/p>\n<p>Sulltan Murati \u00ebsht\u00eb nj\u00eb figur\u00eb historike q\u00eb mund t\u2019ia gjesh vendin n\u00eb koh\u00eb dhe n\u00eb hap\u00ebsir\u00eb, kurse shqiptarit nuk i vihet asnj\u00eb em\u00ebr, shqiptari \u00ebsht\u00eb i p\u00ebrjetsh\u00ebm, shpirti i liris\u00eb q\u00eb ai po k\u00ebrkonte \u00ebsht\u00eb i p\u00ebrjetsh\u00ebm. Ja pse \u00ebsht\u00eb e r\u00ebnd\u00ebsishme kultura dhe nuk ka r\u00ebnd\u00ebsi se \u00e7far\u00eb v\u00ebshtir\u00ebsish duhet t\u00eb p\u00ebrballohen p\u00ebr aq koh\u00eb sa ekziston ai shpirt p\u00ebr t\u00eb k\u00ebrkuar liri p\u00ebr nj\u00eb jet\u00eb m\u00eb t\u00eb mir\u00eb, p\u00ebr t\u00eb qen\u00eb ai q\u00eb je.- p\u00ebrfundon Ambasadori Withers.<\/p>\n<blockquote><p><strong>Fatos Arapi<\/strong><\/p>\n<p><strong>SULLTAN MURATI DHE SHQIPTARI<\/strong><\/p>\n<p>Sulltan Murati q\u00ebndroi para robit t\u00eb lidhur.<br \/>\nNga maja e kalit e peshoi me sy:<br \/>\nmosh\u00ebn e thyer, plag\u00ebt, zinxhir\u00ebt\u2026<\/p>\n<p>&#8211; Arnaut, e pyeti, p\u00ebrse lufton ti,<br \/>\nkur mund t\u00eb jetoje dhe ndryshe?<\/p>\n<p>&#8211; Sepse, padishah, u p\u00ebrgjegj robi,<br \/>\n\u00e7do njeri ka n\u00eb kraharor nj\u00eb cop\u00eb qiell,<br \/>\ndhe n\u00eb t\u00eb fluturon nj\u00eb dall\u00ebndyshe.<\/p><\/blockquote>\n","protected":false},"excerpt":{"rendered":"<p>\u201dEdhe Krishti ne na th\u00ebnte Un\u00eb jam grek, eni pas meje, Do t\u2019i themi pa mblidh mente, Se shqiptari s\u2019vjen pas teje\u2026\u201d (Petro Nini Luarasi 1865-1911) Fahri Xharra E p\u00ebrjetuam edhe nj\u00eb dit\u00eb t\u00eb Vidovdanit! Dikur n\u00eb qershorin e vitit t\u00eb larg\u00ebt 1389 n\u00eb fush\u00ebn e gjer\u00eb t\u00eb Kosov\u00ebs u ballafaquan ushtria turke dhe ajo [&hellip;]<\/p>\n","protected":false},"author":1,"featured_media":0,"comment_status":"open","ping_status":"closed","sticky":false,"template":"","format":"standard","meta":{"footnotes":""},"categories":[2],"tags":[],"class_list":{"0":"post-3422","1":"post","2":"type-post","3":"status-publish","4":"format-standard","6":"category-artikuj"},"yoast_head":"<!-- This site is optimized with the Yoast SEO plugin v27.4 - https:\/\/yoast.com\/product\/yoast-seo-wordpress\/ -->\n<title>Kosova, vend i vidovdan\u00ebve dhe sulltanmurat\u00ebve! - FjALA e LIR\u00cb - Arkivi<\/title>\n<meta name=\"robots\" content=\"index, follow, max-snippet:-1, max-image-preview:large, max-video-preview:-1\" \/>\n<link rel=\"canonical\" href=\"https:\/\/fjala.info\/2009-2015\/kosova-vend-i-vidovdaneve-dhe-sulltanmurateve\/\" \/>\n<meta property=\"og:locale\" content=\"sq_AL\" \/>\n<meta property=\"og:type\" content=\"article\" \/>\n<meta property=\"og:title\" content=\"Kosova, vend i vidovdan\u00ebve dhe sulltanmurat\u00ebve! - FjALA e LIR\u00cb - Arkivi\" \/>\n<meta property=\"og:description\" content=\"\u201dEdhe Krishti ne na th\u00ebnte Un\u00eb jam grek, eni pas meje, Do t\u2019i themi pa mblidh mente, Se shqiptari s\u2019vjen pas teje\u2026\u201d (Petro Nini Luarasi 1865-1911) Fahri Xharra E p\u00ebrjetuam edhe nj\u00eb dit\u00eb t\u00eb Vidovdanit! Dikur n\u00eb qershorin e vitit t\u00eb larg\u00ebt 1389 n\u00eb fush\u00ebn e gjer\u00eb t\u00eb Kosov\u00ebs u ballafaquan ushtria turke dhe ajo [&hellip;]\" \/>\n<meta property=\"og:url\" content=\"https:\/\/fjala.info\/2009-2015\/kosova-vend-i-vidovdaneve-dhe-sulltanmurateve\/\" \/>\n<meta property=\"og:site_name\" content=\"FjALA e LIR\u00cb - Arkivi\" \/>\n<meta property=\"article:published_time\" content=\"2013-06-29T07:31:45+00:00\" \/>\n<meta property=\"og:image\" content=\"http:\/\/www.fjala.info\/2013\/fahri_xharra.jpg\" \/>\n<meta name=\"author\" content=\"admin\" \/>\n<meta name=\"twitter:card\" content=\"summary_large_image\" \/>\n<meta name=\"twitter:label1\" content=\"Written by\" \/>\n\t<meta name=\"twitter:data1\" content=\"admin\" \/>\n\t<meta name=\"twitter:label2\" content=\"Est. reading time\" \/>\n\t<meta name=\"twitter:data2\" content=\"9 minutes\" \/>\n<script type=\"application\/ld+json\" class=\"yoast-schema-graph\">{\"@context\":\"https:\\\/\\\/schema.org\",\"@graph\":[{\"@type\":\"Article\",\"@id\":\"https:\\\/\\\/fjala.info\\\/2009-2015\\\/kosova-vend-i-vidovdaneve-dhe-sulltanmurateve\\\/#article\",\"isPartOf\":{\"@id\":\"https:\\\/\\\/fjala.info\\\/2009-2015\\\/kosova-vend-i-vidovdaneve-dhe-sulltanmurateve\\\/\"},\"author\":{\"name\":\"admin\",\"@id\":\"https:\\\/\\\/fjala.info\\\/2009-2015\\\/#\\\/schema\\\/person\\\/3aa1163ef05469c496fc94e77611ada2\"},\"headline\":\"Kosova, vend i vidovdan\u00ebve dhe sulltanmurat\u00ebve!\",\"datePublished\":\"2013-06-29T07:31:45+00:00\",\"mainEntityOfPage\":{\"@id\":\"https:\\\/\\\/fjala.info\\\/2009-2015\\\/kosova-vend-i-vidovdaneve-dhe-sulltanmurateve\\\/\"},\"wordCount\":1885,\"commentCount\":0,\"publisher\":{\"@id\":\"https:\\\/\\\/fjala.info\\\/2009-2015\\\/#organization\"},\"image\":{\"@id\":\"https:\\\/\\\/fjala.info\\\/2009-2015\\\/kosova-vend-i-vidovdaneve-dhe-sulltanmurateve\\\/#primaryimage\"},\"thumbnailUrl\":\"http:\\\/\\\/www.fjala.info\\\/2013\\\/fahri_xharra.jpg\",\"articleSection\":[\"Artikuj\"],\"inLanguage\":\"sq-AL\",\"potentialAction\":[{\"@type\":\"CommentAction\",\"name\":\"Comment\",\"target\":[\"https:\\\/\\\/fjala.info\\\/2009-2015\\\/kosova-vend-i-vidovdaneve-dhe-sulltanmurateve\\\/#respond\"]}]},{\"@type\":\"WebPage\",\"@id\":\"https:\\\/\\\/fjala.info\\\/2009-2015\\\/kosova-vend-i-vidovdaneve-dhe-sulltanmurateve\\\/\",\"url\":\"https:\\\/\\\/fjala.info\\\/2009-2015\\\/kosova-vend-i-vidovdaneve-dhe-sulltanmurateve\\\/\",\"name\":\"Kosova, vend i vidovdan\u00ebve dhe sulltanmurat\u00ebve! - FjALA e LIR\u00cb - Arkivi\",\"isPartOf\":{\"@id\":\"https:\\\/\\\/fjala.info\\\/2009-2015\\\/#website\"},\"primaryImageOfPage\":{\"@id\":\"https:\\\/\\\/fjala.info\\\/2009-2015\\\/kosova-vend-i-vidovdaneve-dhe-sulltanmurateve\\\/#primaryimage\"},\"image\":{\"@id\":\"https:\\\/\\\/fjala.info\\\/2009-2015\\\/kosova-vend-i-vidovdaneve-dhe-sulltanmurateve\\\/#primaryimage\"},\"thumbnailUrl\":\"http:\\\/\\\/www.fjala.info\\\/2013\\\/fahri_xharra.jpg\",\"datePublished\":\"2013-06-29T07:31:45+00:00\",\"breadcrumb\":{\"@id\":\"https:\\\/\\\/fjala.info\\\/2009-2015\\\/kosova-vend-i-vidovdaneve-dhe-sulltanmurateve\\\/#breadcrumb\"},\"inLanguage\":\"sq-AL\",\"potentialAction\":[{\"@type\":\"ReadAction\",\"target\":[\"https:\\\/\\\/fjala.info\\\/2009-2015\\\/kosova-vend-i-vidovdaneve-dhe-sulltanmurateve\\\/\"]}]},{\"@type\":\"ImageObject\",\"inLanguage\":\"sq-AL\",\"@id\":\"https:\\\/\\\/fjala.info\\\/2009-2015\\\/kosova-vend-i-vidovdaneve-dhe-sulltanmurateve\\\/#primaryimage\",\"url\":\"http:\\\/\\\/www.fjala.info\\\/2013\\\/fahri_xharra.jpg\",\"contentUrl\":\"http:\\\/\\\/www.fjala.info\\\/2013\\\/fahri_xharra.jpg\"},{\"@type\":\"BreadcrumbList\",\"@id\":\"https:\\\/\\\/fjala.info\\\/2009-2015\\\/kosova-vend-i-vidovdaneve-dhe-sulltanmurateve\\\/#breadcrumb\",\"itemListElement\":[{\"@type\":\"ListItem\",\"position\":1,\"name\":\"Home\",\"item\":\"https:\\\/\\\/fjala.info\\\/2009-2015\\\/\"},{\"@type\":\"ListItem\",\"position\":2,\"name\":\"Kosova, vend i vidovdan\u00ebve dhe sulltanmurat\u00ebve!\"}]},{\"@type\":\"WebSite\",\"@id\":\"https:\\\/\\\/fjala.info\\\/2009-2015\\\/#website\",\"url\":\"https:\\\/\\\/fjala.info\\\/2009-2015\\\/\",\"name\":\"FjALA e LIR\u00cb - Arkivi\",\"description\":\"Arkivi 2009-2015\",\"publisher\":{\"@id\":\"https:\\\/\\\/fjala.info\\\/2009-2015\\\/#organization\"},\"potentialAction\":[{\"@type\":\"SearchAction\",\"target\":{\"@type\":\"EntryPoint\",\"urlTemplate\":\"https:\\\/\\\/fjala.info\\\/2009-2015\\\/?s={search_term_string}\"},\"query-input\":{\"@type\":\"PropertyValueSpecification\",\"valueRequired\":true,\"valueName\":\"search_term_string\"}}],\"inLanguage\":\"sq-AL\"},{\"@type\":\"Organization\",\"@id\":\"https:\\\/\\\/fjala.info\\\/2009-2015\\\/#organization\",\"name\":\"FjALA e LIR\u00cb - Arkivi\",\"url\":\"https:\\\/\\\/fjala.info\\\/2009-2015\\\/\",\"logo\":{\"@type\":\"ImageObject\",\"inLanguage\":\"sq-AL\",\"@id\":\"https:\\\/\\\/fjala.info\\\/2009-2015\\\/#\\\/schema\\\/logo\\\/image\\\/\",\"url\":\"\",\"contentUrl\":\"\",\"caption\":\"FjALA e LIR\u00cb - Arkivi\"},\"image\":{\"@id\":\"https:\\\/\\\/fjala.info\\\/2009-2015\\\/#\\\/schema\\\/logo\\\/image\\\/\"}},{\"@type\":\"Person\",\"@id\":\"https:\\\/\\\/fjala.info\\\/2009-2015\\\/#\\\/schema\\\/person\\\/3aa1163ef05469c496fc94e77611ada2\",\"name\":\"admin\",\"image\":{\"@type\":\"ImageObject\",\"inLanguage\":\"sq-AL\",\"@id\":\"https:\\\/\\\/fjala.info\\\/2009-2015\\\/wp-content\\\/uploads\\\/2012\\\/02\\\/arben_cokaj-120x150.jpg\",\"url\":\"https:\\\/\\\/fjala.info\\\/2009-2015\\\/wp-content\\\/uploads\\\/2012\\\/02\\\/arben_cokaj-120x150.jpg\",\"contentUrl\":\"https:\\\/\\\/fjala.info\\\/2009-2015\\\/wp-content\\\/uploads\\\/2012\\\/02\\\/arben_cokaj-120x150.jpg\",\"caption\":\"admin\"},\"description\":\"Admin, Fjala e Lir\u00eb\",\"sameAs\":[\"https:\\\/\\\/fjala.info\\\/\"],\"url\":\"https:\\\/\\\/fjala.info\\\/2009-2015\\\/author\\\/admin\\\/\"}]}<\/script>\n<!-- \/ Yoast SEO plugin. -->","yoast_head_json":{"title":"Kosova, vend i vidovdan\u00ebve dhe sulltanmurat\u00ebve! - FjALA e LIR\u00cb - Arkivi","robots":{"index":"index","follow":"follow","max-snippet":"max-snippet:-1","max-image-preview":"max-image-preview:large","max-video-preview":"max-video-preview:-1"},"canonical":"https:\/\/fjala.info\/2009-2015\/kosova-vend-i-vidovdaneve-dhe-sulltanmurateve\/","og_locale":"sq_AL","og_type":"article","og_title":"Kosova, vend i vidovdan\u00ebve dhe sulltanmurat\u00ebve! - FjALA e LIR\u00cb - Arkivi","og_description":"\u201dEdhe Krishti ne na th\u00ebnte Un\u00eb jam grek, eni pas meje, Do t\u2019i themi pa mblidh mente, Se shqiptari s\u2019vjen pas teje\u2026\u201d (Petro Nini Luarasi 1865-1911) Fahri Xharra E p\u00ebrjetuam edhe nj\u00eb dit\u00eb t\u00eb Vidovdanit! Dikur n\u00eb qershorin e vitit t\u00eb larg\u00ebt 1389 n\u00eb fush\u00ebn e gjer\u00eb t\u00eb Kosov\u00ebs u ballafaquan ushtria turke dhe ajo [&hellip;]","og_url":"https:\/\/fjala.info\/2009-2015\/kosova-vend-i-vidovdaneve-dhe-sulltanmurateve\/","og_site_name":"FjALA e LIR\u00cb - Arkivi","article_published_time":"2013-06-29T07:31:45+00:00","og_image":[{"url":"http:\/\/www.fjala.info\/2013\/fahri_xharra.jpg","type":"","width":"","height":""}],"author":"admin","twitter_card":"summary_large_image","twitter_misc":{"Written by":"admin","Est. reading time":"9 minutes"},"schema":{"@context":"https:\/\/schema.org","@graph":[{"@type":"Article","@id":"https:\/\/fjala.info\/2009-2015\/kosova-vend-i-vidovdaneve-dhe-sulltanmurateve\/#article","isPartOf":{"@id":"https:\/\/fjala.info\/2009-2015\/kosova-vend-i-vidovdaneve-dhe-sulltanmurateve\/"},"author":{"name":"admin","@id":"https:\/\/fjala.info\/2009-2015\/#\/schema\/person\/3aa1163ef05469c496fc94e77611ada2"},"headline":"Kosova, vend i vidovdan\u00ebve dhe sulltanmurat\u00ebve!","datePublished":"2013-06-29T07:31:45+00:00","mainEntityOfPage":{"@id":"https:\/\/fjala.info\/2009-2015\/kosova-vend-i-vidovdaneve-dhe-sulltanmurateve\/"},"wordCount":1885,"commentCount":0,"publisher":{"@id":"https:\/\/fjala.info\/2009-2015\/#organization"},"image":{"@id":"https:\/\/fjala.info\/2009-2015\/kosova-vend-i-vidovdaneve-dhe-sulltanmurateve\/#primaryimage"},"thumbnailUrl":"http:\/\/www.fjala.info\/2013\/fahri_xharra.jpg","articleSection":["Artikuj"],"inLanguage":"sq-AL","potentialAction":[{"@type":"CommentAction","name":"Comment","target":["https:\/\/fjala.info\/2009-2015\/kosova-vend-i-vidovdaneve-dhe-sulltanmurateve\/#respond"]}]},{"@type":"WebPage","@id":"https:\/\/fjala.info\/2009-2015\/kosova-vend-i-vidovdaneve-dhe-sulltanmurateve\/","url":"https:\/\/fjala.info\/2009-2015\/kosova-vend-i-vidovdaneve-dhe-sulltanmurateve\/","name":"Kosova, vend i vidovdan\u00ebve dhe sulltanmurat\u00ebve! - FjALA e LIR\u00cb - Arkivi","isPartOf":{"@id":"https:\/\/fjala.info\/2009-2015\/#website"},"primaryImageOfPage":{"@id":"https:\/\/fjala.info\/2009-2015\/kosova-vend-i-vidovdaneve-dhe-sulltanmurateve\/#primaryimage"},"image":{"@id":"https:\/\/fjala.info\/2009-2015\/kosova-vend-i-vidovdaneve-dhe-sulltanmurateve\/#primaryimage"},"thumbnailUrl":"http:\/\/www.fjala.info\/2013\/fahri_xharra.jpg","datePublished":"2013-06-29T07:31:45+00:00","breadcrumb":{"@id":"https:\/\/fjala.info\/2009-2015\/kosova-vend-i-vidovdaneve-dhe-sulltanmurateve\/#breadcrumb"},"inLanguage":"sq-AL","potentialAction":[{"@type":"ReadAction","target":["https:\/\/fjala.info\/2009-2015\/kosova-vend-i-vidovdaneve-dhe-sulltanmurateve\/"]}]},{"@type":"ImageObject","inLanguage":"sq-AL","@id":"https:\/\/fjala.info\/2009-2015\/kosova-vend-i-vidovdaneve-dhe-sulltanmurateve\/#primaryimage","url":"http:\/\/www.fjala.info\/2013\/fahri_xharra.jpg","contentUrl":"http:\/\/www.fjala.info\/2013\/fahri_xharra.jpg"},{"@type":"BreadcrumbList","@id":"https:\/\/fjala.info\/2009-2015\/kosova-vend-i-vidovdaneve-dhe-sulltanmurateve\/#breadcrumb","itemListElement":[{"@type":"ListItem","position":1,"name":"Home","item":"https:\/\/fjala.info\/2009-2015\/"},{"@type":"ListItem","position":2,"name":"Kosova, vend i vidovdan\u00ebve dhe sulltanmurat\u00ebve!"}]},{"@type":"WebSite","@id":"https:\/\/fjala.info\/2009-2015\/#website","url":"https:\/\/fjala.info\/2009-2015\/","name":"FjALA e LIR\u00cb - Arkivi","description":"Arkivi 2009-2015","publisher":{"@id":"https:\/\/fjala.info\/2009-2015\/#organization"},"potentialAction":[{"@type":"SearchAction","target":{"@type":"EntryPoint","urlTemplate":"https:\/\/fjala.info\/2009-2015\/?s={search_term_string}"},"query-input":{"@type":"PropertyValueSpecification","valueRequired":true,"valueName":"search_term_string"}}],"inLanguage":"sq-AL"},{"@type":"Organization","@id":"https:\/\/fjala.info\/2009-2015\/#organization","name":"FjALA e LIR\u00cb - Arkivi","url":"https:\/\/fjala.info\/2009-2015\/","logo":{"@type":"ImageObject","inLanguage":"sq-AL","@id":"https:\/\/fjala.info\/2009-2015\/#\/schema\/logo\/image\/","url":"","contentUrl":"","caption":"FjALA e LIR\u00cb - Arkivi"},"image":{"@id":"https:\/\/fjala.info\/2009-2015\/#\/schema\/logo\/image\/"}},{"@type":"Person","@id":"https:\/\/fjala.info\/2009-2015\/#\/schema\/person\/3aa1163ef05469c496fc94e77611ada2","name":"admin","image":{"@type":"ImageObject","inLanguage":"sq-AL","@id":"https:\/\/fjala.info\/2009-2015\/wp-content\/uploads\/2012\/02\/arben_cokaj-120x150.jpg","url":"https:\/\/fjala.info\/2009-2015\/wp-content\/uploads\/2012\/02\/arben_cokaj-120x150.jpg","contentUrl":"https:\/\/fjala.info\/2009-2015\/wp-content\/uploads\/2012\/02\/arben_cokaj-120x150.jpg","caption":"admin"},"description":"Admin, Fjala e Lir\u00eb","sameAs":["https:\/\/fjala.info\/"],"url":"https:\/\/fjala.info\/2009-2015\/author\/admin\/"}]}},"_links":{"self":[{"href":"https:\/\/fjala.info\/2009-2015\/wp-json\/wp\/v2\/posts\/3422","targetHints":{"allow":["GET"]}}],"collection":[{"href":"https:\/\/fjala.info\/2009-2015\/wp-json\/wp\/v2\/posts"}],"about":[{"href":"https:\/\/fjala.info\/2009-2015\/wp-json\/wp\/v2\/types\/post"}],"author":[{"embeddable":true,"href":"https:\/\/fjala.info\/2009-2015\/wp-json\/wp\/v2\/users\/1"}],"replies":[{"embeddable":true,"href":"https:\/\/fjala.info\/2009-2015\/wp-json\/wp\/v2\/comments?post=3422"}],"version-history":[{"count":0,"href":"https:\/\/fjala.info\/2009-2015\/wp-json\/wp\/v2\/posts\/3422\/revisions"}],"wp:attachment":[{"href":"https:\/\/fjala.info\/2009-2015\/wp-json\/wp\/v2\/media?parent=3422"}],"wp:term":[{"taxonomy":"category","embeddable":true,"href":"https:\/\/fjala.info\/2009-2015\/wp-json\/wp\/v2\/categories?post=3422"},{"taxonomy":"post_tag","embeddable":true,"href":"https:\/\/fjala.info\/2009-2015\/wp-json\/wp\/v2\/tags?post=3422"}],"curies":[{"name":"wp","href":"https:\/\/api.w.org\/{rel}","templated":true}]}}