{"id":3420,"date":"2013-06-29T08:22:27","date_gmt":"2013-06-29T07:22:27","guid":{"rendered":"http:\/\/fjala.info\/?p=3420"},"modified":"2013-06-29T08:22:27","modified_gmt":"2013-06-29T07:22:27","slug":"mosnjohja-reale-e-zgjedhjeve-nga-familja","status":"publish","type":"post","link":"https:\/\/fjala.info\/2009-2015\/mosnjohja-reale-e-zgjedhjeve-nga-familja\/","title":{"rendered":"Mosnjohja reale e zgjedhjeve nga Familja"},"content":{"rendered":"<p><img decoding=\"async\" class=\"alignright size-thumbnail wp-image-7236\" title=\"Mero Baze\" alt=\"\" src=\"http:\/\/www.fjala.info\/2012\/mero_baze.jpg\" width=\"150\" \/> Nga <strong>Mero Baze<\/strong>, <em>28 Qershor 2013<\/em><\/p>\n<p>Sali Berisha ka pranuar formalisht rezultatin e zgjedhjeve, por nuk ka pranuar ta njoh\u00eb at\u00eb si nj\u00eb vot\u00eb kund\u00ebr pushtetit t\u00eb Familjes s\u00eb tij n\u00eb Partin\u00eb Demokratike dhe me tej. Mbledhja e sotme e Kryesis\u00eb s\u00eb Partis\u00eb Demokratike, kur ai u pa publikisht t\u00eb administroj\u00eb procesin e zgjedhjes s\u00eb pasardh\u00ebsit t\u00eb tij, n\u00eb nj\u00eb proces t\u00ebr\u00ebsisht t\u00eb mbyllur, pa ide, pa gar\u00eb dhe pa nj\u00eb reflektim serioz p\u00ebr vot\u00ebn e shqiptar\u00ebve kund\u00ebr tij, d\u00ebshmon qart\u00eb se Berisha k\u00ebrkon t\u00eb garantoj\u00eb kontrollin mbi partin\u00eb para se t\u00eb shp\u00ebrthejn\u00eb debatet p\u00ebr p\u00ebrgjegj\u00ebsin\u00eb e tij n\u00eb k\u00ebt\u00eb humbje. Nga aq sa u shpall sot, gj\u00ebrat jan\u00eb shum\u00eb t\u00eb qarta. Berisha do mb\u00ebshtetet formalisht n\u00eb an\u00ebn organizative tek grupi parlamentar i mbushur me shok\u00ebt e f\u00ebmij\u00ebve t\u00eb tij, dhe njer\u00ebzit t\u00eb cil\u00ebve Berisha u ka b\u00ebr\u00eb nder duke i futur n\u00eb lista. Kjo skem\u00eb mbyll gar\u00ebn dhe procedur\u00ebn e zgjedhjes duke \u00e7uar n\u00eb krye t\u00eb Partis\u00eb Demokratike Lul\u00ebzim Bash\u00ebn.<\/p>\n<p>Nuk jam shum\u00eb i shqet\u00ebsuar p\u00ebr fatin e keq q\u00eb pret opozit\u00ebn duke pasur n\u00eb krye t\u00eb saj nj\u00eb njeri peng, i cili shkon aty t\u00eb mbrohet politikisht nga burgu p\u00ebr vjedhje dhe vrasje, por p\u00ebr vendosm\u00ebrin\u00eb e Sali Berish\u00ebs p\u00ebr t\u00eb injoruar vot\u00ebn e shqiptar\u00ebve m\u00eb 23 qershor dhe p\u00ebr t\u00eb mbajtur peng Partin\u00eb Demokratike n\u00eb sh\u00ebrbim t\u00eb Familjes s\u00eb tij.<\/p>\n<p>Duke dirigjuar pa gar\u00eb dhe pa reflektim serioz gar\u00ebn fallco p\u00ebr kreun e opozit\u00ebs shqiptare, Sali Berisha dhe njer\u00ebzit e inkriminuar rrotull tij, po duan ta p\u00ebrdorin opozit\u00ebn shqiptare jo si nj\u00eb institucion komb\u00ebtar q\u00eb t\u00eb mbroj\u00eb t\u00eb drejt\u00ebn e shqiptar\u00ebve p\u00ebr mir\u00ebqeverisje dhe luft\u00eb kund\u00ebr korrupsionit, por si nj\u00eb mburoj\u00eb p\u00ebr t\u00eb ruajtur politikisht pasurit\u00eb e tyre dhe begraundin kriminal q\u00eb Familja n\u00eb pushtet prodhoi n\u00eb k\u00ebto tet\u00eb vite qeverisje. Sali Berisha nuk do t\u2019ia dij\u00eb fare q\u00eb populli opozitar ka nevoj\u00eb p\u00ebr nj\u00eb lider t\u00eb ri opozite, t\u00eb lir\u00eb dhe dinjitoz p\u00ebr t\u00eb mos u kapur peng nga pushteti, dhe po vrapon t\u00eb em\u00ebroj\u00eb n\u00eb krye t\u00eb saj nj\u00eb dordolec q\u00eb e komandon shumica e re me nj\u00eb t\u00eb shkelur t\u00eb syrit. P\u00ebr ta b\u00ebr\u00eb m\u00eb ironike gjith\u00eb filozofin\u00eb e tij mbi k\u00ebt\u00eb proces, ai k\u00ebrkon q\u00eb procedura formale t\u00eb mb\u00ebshtetet mbi grupin parlamentar, i cili \u00ebsht\u00eb tabela e qitjes mbi t\u00eb cil\u00ebn populli shqiptar q\u00eblloi politikisht p\u00ebr t\u00eb zbuar politikanin Sali Berisha. Pik\u00ebrisht ai grup parlamentar, i cili ishte simboli i vot\u00ebs popullore anit-Berish\u00eb, tani do t\u00eb jet\u00eb simbol i d\u00ebshtimit t\u00eb ri t\u00eb opozit\u00ebs dhe kthimit t\u00eb saj n\u00eb nj\u00eb bunker p\u00ebr t\u00eb mbrojtur Familjen Berisha nga e shkuara e saj.<\/p>\n<p>Sali Berisha \u00ebsht\u00eb i qart\u00eb se ministrat q\u00eb ka pasur tet\u00eb vjet n\u00eb pushtet, nuk i b\u00ebjn\u00eb dot rezistenc\u00eb n\u00eb k\u00ebt\u00eb proces, pasi i ka l\u00ebn\u00eb t\u00eb vjedhin dhe ua ka bler\u00eb me koh\u00eb heshtjen dhe dinjitetin. Ata, edhe pse shajn\u00eb nga m\u00ebngjesi n\u00eb dark\u00eb Berish\u00ebn q\u00eb ua nd\u00ebrpreu \u00ebndrr\u00ebn e pushtetit, nuk kan\u00eb nd\u00ebrmend t\u00eb b\u00ebjn\u00eb betej\u00eb, pasi Berisha do t\u2019u l\u00ebshonte \u00e7akejt\u00eb e tij n\u00eb shpin\u00eb p\u00ebr t\u2019i damkosur si hajdut\u00eb. Me k\u00ebt\u00eb rast Pollo, Ruli, Imami, Olldashi, Bode dhe \u00e7dokush tjet\u00ebr q\u00eb ka ndonj\u00eb pesh\u00eb n\u00eb parti, jan\u00eb t\u00eb k\u00ebnaqur t\u00eb mos u p\u00ebrmendin aferat korruptive dhe t\u00eb ikin t\u00eb shijojn\u00eb t\u00eb ardhurat nga pushteti.<\/p>\n<p>T\u00eb tjer\u00ebt, q\u00eb jan\u00eb shok\u00eb t\u00eb djalit dhe vajz\u00ebs s\u00eb tij, nj\u00eb tuf\u00eb njer\u00ebzish pa kontribute politike, pa personalitet dhe aft\u00ebsi p\u00ebr t\u00eb qen\u00eb njer\u00ebz politik\u00eb, jan\u00eb skalioni mbi t\u00eb cil\u00ebn do mb\u00ebshtetet n\u00eb procedur\u00ebn formale.<\/p>\n<p>T\u00eb tjer\u00ebt q\u00eb ka larguar nga PD-ja gjat\u00eb k\u00ebtyre viteve, ose q\u00eb jan\u00eb m\u00ebnjanuar n\u00eb list\u00ebn e fundit pik\u00ebrisht p\u00ebr shkak t\u00eb k\u00ebtij projekti t\u00eb Familjes Berisha, as q\u00eb do t\u00eb thirren as n\u00eb mbledhje t\u00eb K\u00ebshillit Komb\u00ebtar. E gjitha \u00e7far\u00eb do t\u00eb ndodh\u00eb \u00ebsht\u00eb q\u00eb Lul\u00ebzim Basha do t\u00eb shpallet kryetar i k\u00ebsaj partie, para se n\u00eb k\u00ebt\u00eb parti t\u00eb reflektohet p\u00ebr shkaqet reale t\u00eb humbjes dhe t\u00eb rithemelohet mbi baz\u00ebn e rregullave t\u00eb qarta t\u00eb loj\u00ebs, gar\u00ebs s\u00eb hapur dhe rimbledhjes t\u00eb gjith\u00eb vlerave t\u00eb s\u00eb djatht\u00ebs brenda saj. Kjo do t\u00eb jet\u00eb fitorja e dyt\u00eb e madhe shumic\u00ebs s\u00eb re n\u00eb pushtet, por nj\u00eb fitore e hidhur. Ata do t\u00eb qeverisin pa opozit\u00eb, me nj\u00eb kukull t\u00eb marr\u00eb peng nga e kaluara e tij, nga dosje t\u00eb pagjykuara t\u00eb mbyllura me procedur\u00eb, q\u00eb mund t\u00eb rihapen duke shtuar nj\u00eb flet\u00eb t\u00eb re n\u00eb to, dhe mbi t\u00eb gjitha nga nj\u00eb njeri, i cili nuk zgjidhet aty se p\u00ebrfaq\u00ebson Partin\u00eb Demokratike dhe interesat e saj, por si nj\u00eb garant i v\u00ebnies n\u00eb dispozicion t\u00eb PD-s\u00eb p\u00ebr Familjen.<\/p>\n<p>Si\u00e7 shihet qart\u00eb, kjo nuk \u00ebsht\u00eb as gar\u00eb dhe as debat, por nj\u00eb ceremoni e hapjes s\u00eb zarfit t\u00eb trash\u00ebgimis\u00eb, ku Sali Berisha i dhuron karrigen e kryetarit t\u00eb PD-s\u00eb nj\u00eb njeriu, i cili nuk ka fuqi t\u00eb jet\u00eb njeri i lir\u00eb. Me k\u00ebt\u00eb akt, ai posht\u00ebron t\u00eb ardhmen e tij politike dhe inkriminon gjith\u00eb opozit\u00ebn si nj\u00eb institucion politik, e cila n\u00eb vend q\u00eb t\u00eb p\u00ebrballoj\u00eb pushtetin e ri, duhet t\u00eb p\u00ebrballoj\u00eb problemet e kryetarit t\u00eb saj, q\u00eb ka vjedhur dhe nuk \u00ebsht\u00eb d\u00ebnuar q\u00eb ka vrar\u00eb dhe nuk \u00ebsht\u00eb hetuar, dhe q\u00eb po zgjidhet pa u votuar. Kjo \u00ebsht\u00eb mosnjohja reale e zgjedhjeve t\u00eb 23 qershorit nga Familja, q\u00eb po ik\u00ebn nga pushteti duke mos pranuar t\u00eb njoh\u00eb arsyen p\u00ebrse shqiptar\u00ebt nd\u00ebshkuan Sali Berish\u00ebn, pasi m\u00eb shum\u00eb se p\u00ebr t\u00eb ardhmen e opozit\u00ebs, tani ata po mendojn\u00eb se si t\u00eb p\u00ebrdorin opozit\u00ebn p\u00ebr t\u00eb garantuar t\u00eb ardhmen e saj. Ata nuk jan\u00eb t\u00eb shqet\u00ebsuar se me k\u00ebt\u00eb akt opozita nuk vjen kurr\u00eb n\u00eb pushtet. Atyre nuk u duhet m\u00eb pushteti, por garancia q\u00eb pushteti nuk do t\u2019i prek\u00eb. N\u00ebse ka ndonj\u00eb demokrat skeptik, le t\u00eb kujtoj\u00eb \u00e7\u2019ka b\u00ebr\u00eb Fatos Nano pas 2005 deri m\u00eb sot, p\u00ebr t\u00eb mbajtur Berish\u00ebn dhe p\u00ebr t\u00eb l\u00ebn\u00eb partin\u00eb e tij rrug\u00ebve q\u00eb t\u00eb amnistohej. K\u00ebt\u00eb po b\u00ebn dhe Familja.<\/p>\n","protected":false},"excerpt":{"rendered":"<p>Nga Mero Baze, 28 Qershor 2013 Sali Berisha ka pranuar formalisht rezultatin e zgjedhjeve, por nuk ka pranuar ta njoh\u00eb at\u00eb si nj\u00eb vot\u00eb kund\u00ebr pushtetit t\u00eb Familjes s\u00eb tij n\u00eb Partin\u00eb Demokratike dhe me tej. Mbledhja e sotme e Kryesis\u00eb s\u00eb Partis\u00eb Demokratike, kur ai u pa publikisht t\u00eb administroj\u00eb procesin e zgjedhjes s\u00eb [&hellip;]<\/p>\n","protected":false},"author":1,"featured_media":0,"comment_status":"open","ping_status":"closed","sticky":false,"template":"","format":"standard","meta":{"footnotes":""},"categories":[2],"tags":[],"class_list":{"0":"post-3420","1":"post","2":"type-post","3":"status-publish","4":"format-standard","6":"category-artikuj"},"yoast_head":"<!-- This site is optimized with the Yoast SEO plugin v27.4 - https:\/\/yoast.com\/product\/yoast-seo-wordpress\/ -->\n<title>Mosnjohja reale e zgjedhjeve nga Familja - FjALA e LIR\u00cb - Arkivi<\/title>\n<meta name=\"robots\" content=\"index, follow, max-snippet:-1, max-image-preview:large, max-video-preview:-1\" \/>\n<link rel=\"canonical\" href=\"https:\/\/fjala.info\/2009-2015\/mosnjohja-reale-e-zgjedhjeve-nga-familja\/\" \/>\n<meta property=\"og:locale\" content=\"sq_AL\" \/>\n<meta property=\"og:type\" content=\"article\" \/>\n<meta property=\"og:title\" content=\"Mosnjohja reale e zgjedhjeve nga Familja - FjALA e LIR\u00cb - Arkivi\" \/>\n<meta property=\"og:description\" content=\"Nga Mero Baze, 28 Qershor 2013 Sali Berisha ka pranuar formalisht rezultatin e zgjedhjeve, por nuk ka pranuar ta njoh\u00eb at\u00eb si nj\u00eb vot\u00eb kund\u00ebr pushtetit t\u00eb Familjes s\u00eb tij n\u00eb Partin\u00eb Demokratike dhe me tej. Mbledhja e sotme e Kryesis\u00eb s\u00eb Partis\u00eb Demokratike, kur ai u pa publikisht t\u00eb administroj\u00eb procesin e zgjedhjes s\u00eb [&hellip;]\" \/>\n<meta property=\"og:url\" content=\"https:\/\/fjala.info\/2009-2015\/mosnjohja-reale-e-zgjedhjeve-nga-familja\/\" \/>\n<meta property=\"og:site_name\" content=\"FjALA e LIR\u00cb - Arkivi\" \/>\n<meta property=\"article:published_time\" content=\"2013-06-29T07:22:27+00:00\" \/>\n<meta property=\"og:image\" content=\"http:\/\/www.fjala.info\/2012\/mero_baze.jpg\" \/>\n<meta name=\"author\" content=\"admin\" \/>\n<meta name=\"twitter:card\" content=\"summary_large_image\" \/>\n<meta name=\"twitter:label1\" content=\"Written by\" \/>\n\t<meta name=\"twitter:data1\" content=\"admin\" \/>\n\t<meta name=\"twitter:label2\" content=\"Est. reading time\" \/>\n\t<meta name=\"twitter:data2\" content=\"6 minutes\" \/>\n<script type=\"application\/ld+json\" class=\"yoast-schema-graph\">{\"@context\":\"https:\\\/\\\/schema.org\",\"@graph\":[{\"@type\":\"Article\",\"@id\":\"https:\\\/\\\/fjala.info\\\/2009-2015\\\/mosnjohja-reale-e-zgjedhjeve-nga-familja\\\/#article\",\"isPartOf\":{\"@id\":\"https:\\\/\\\/fjala.info\\\/2009-2015\\\/mosnjohja-reale-e-zgjedhjeve-nga-familja\\\/\"},\"author\":{\"name\":\"admin\",\"@id\":\"https:\\\/\\\/fjala.info\\\/2009-2015\\\/#\\\/schema\\\/person\\\/3aa1163ef05469c496fc94e77611ada2\"},\"headline\":\"Mosnjohja reale e zgjedhjeve nga Familja\",\"datePublished\":\"2013-06-29T07:22:27+00:00\",\"mainEntityOfPage\":{\"@id\":\"https:\\\/\\\/fjala.info\\\/2009-2015\\\/mosnjohja-reale-e-zgjedhjeve-nga-familja\\\/\"},\"wordCount\":1117,\"commentCount\":0,\"publisher\":{\"@id\":\"https:\\\/\\\/fjala.info\\\/2009-2015\\\/#organization\"},\"image\":{\"@id\":\"https:\\\/\\\/fjala.info\\\/2009-2015\\\/mosnjohja-reale-e-zgjedhjeve-nga-familja\\\/#primaryimage\"},\"thumbnailUrl\":\"http:\\\/\\\/www.fjala.info\\\/2012\\\/mero_baze.jpg\",\"articleSection\":[\"Artikuj\"],\"inLanguage\":\"sq-AL\",\"potentialAction\":[{\"@type\":\"CommentAction\",\"name\":\"Comment\",\"target\":[\"https:\\\/\\\/fjala.info\\\/2009-2015\\\/mosnjohja-reale-e-zgjedhjeve-nga-familja\\\/#respond\"]}]},{\"@type\":\"WebPage\",\"@id\":\"https:\\\/\\\/fjala.info\\\/2009-2015\\\/mosnjohja-reale-e-zgjedhjeve-nga-familja\\\/\",\"url\":\"https:\\\/\\\/fjala.info\\\/2009-2015\\\/mosnjohja-reale-e-zgjedhjeve-nga-familja\\\/\",\"name\":\"Mosnjohja reale e zgjedhjeve nga Familja - FjALA e LIR\u00cb - Arkivi\",\"isPartOf\":{\"@id\":\"https:\\\/\\\/fjala.info\\\/2009-2015\\\/#website\"},\"primaryImageOfPage\":{\"@id\":\"https:\\\/\\\/fjala.info\\\/2009-2015\\\/mosnjohja-reale-e-zgjedhjeve-nga-familja\\\/#primaryimage\"},\"image\":{\"@id\":\"https:\\\/\\\/fjala.info\\\/2009-2015\\\/mosnjohja-reale-e-zgjedhjeve-nga-familja\\\/#primaryimage\"},\"thumbnailUrl\":\"http:\\\/\\\/www.fjala.info\\\/2012\\\/mero_baze.jpg\",\"datePublished\":\"2013-06-29T07:22:27+00:00\",\"breadcrumb\":{\"@id\":\"https:\\\/\\\/fjala.info\\\/2009-2015\\\/mosnjohja-reale-e-zgjedhjeve-nga-familja\\\/#breadcrumb\"},\"inLanguage\":\"sq-AL\",\"potentialAction\":[{\"@type\":\"ReadAction\",\"target\":[\"https:\\\/\\\/fjala.info\\\/2009-2015\\\/mosnjohja-reale-e-zgjedhjeve-nga-familja\\\/\"]}]},{\"@type\":\"ImageObject\",\"inLanguage\":\"sq-AL\",\"@id\":\"https:\\\/\\\/fjala.info\\\/2009-2015\\\/mosnjohja-reale-e-zgjedhjeve-nga-familja\\\/#primaryimage\",\"url\":\"http:\\\/\\\/www.fjala.info\\\/2012\\\/mero_baze.jpg\",\"contentUrl\":\"http:\\\/\\\/www.fjala.info\\\/2012\\\/mero_baze.jpg\"},{\"@type\":\"BreadcrumbList\",\"@id\":\"https:\\\/\\\/fjala.info\\\/2009-2015\\\/mosnjohja-reale-e-zgjedhjeve-nga-familja\\\/#breadcrumb\",\"itemListElement\":[{\"@type\":\"ListItem\",\"position\":1,\"name\":\"Home\",\"item\":\"https:\\\/\\\/fjala.info\\\/2009-2015\\\/\"},{\"@type\":\"ListItem\",\"position\":2,\"name\":\"Mosnjohja reale e zgjedhjeve nga Familja\"}]},{\"@type\":\"WebSite\",\"@id\":\"https:\\\/\\\/fjala.info\\\/2009-2015\\\/#website\",\"url\":\"https:\\\/\\\/fjala.info\\\/2009-2015\\\/\",\"name\":\"FjALA e LIR\u00cb - Arkivi\",\"description\":\"Arkivi 2009-2015\",\"publisher\":{\"@id\":\"https:\\\/\\\/fjala.info\\\/2009-2015\\\/#organization\"},\"potentialAction\":[{\"@type\":\"SearchAction\",\"target\":{\"@type\":\"EntryPoint\",\"urlTemplate\":\"https:\\\/\\\/fjala.info\\\/2009-2015\\\/?s={search_term_string}\"},\"query-input\":{\"@type\":\"PropertyValueSpecification\",\"valueRequired\":true,\"valueName\":\"search_term_string\"}}],\"inLanguage\":\"sq-AL\"},{\"@type\":\"Organization\",\"@id\":\"https:\\\/\\\/fjala.info\\\/2009-2015\\\/#organization\",\"name\":\"FjALA e LIR\u00cb - Arkivi\",\"url\":\"https:\\\/\\\/fjala.info\\\/2009-2015\\\/\",\"logo\":{\"@type\":\"ImageObject\",\"inLanguage\":\"sq-AL\",\"@id\":\"https:\\\/\\\/fjala.info\\\/2009-2015\\\/#\\\/schema\\\/logo\\\/image\\\/\",\"url\":\"\",\"contentUrl\":\"\",\"caption\":\"FjALA e LIR\u00cb - Arkivi\"},\"image\":{\"@id\":\"https:\\\/\\\/fjala.info\\\/2009-2015\\\/#\\\/schema\\\/logo\\\/image\\\/\"}},{\"@type\":\"Person\",\"@id\":\"https:\\\/\\\/fjala.info\\\/2009-2015\\\/#\\\/schema\\\/person\\\/3aa1163ef05469c496fc94e77611ada2\",\"name\":\"admin\",\"image\":{\"@type\":\"ImageObject\",\"inLanguage\":\"sq-AL\",\"@id\":\"https:\\\/\\\/fjala.info\\\/2009-2015\\\/wp-content\\\/uploads\\\/2012\\\/02\\\/arben_cokaj-120x150.jpg\",\"url\":\"https:\\\/\\\/fjala.info\\\/2009-2015\\\/wp-content\\\/uploads\\\/2012\\\/02\\\/arben_cokaj-120x150.jpg\",\"contentUrl\":\"https:\\\/\\\/fjala.info\\\/2009-2015\\\/wp-content\\\/uploads\\\/2012\\\/02\\\/arben_cokaj-120x150.jpg\",\"caption\":\"admin\"},\"description\":\"Admin, Fjala e Lir\u00eb\",\"sameAs\":[\"https:\\\/\\\/fjala.info\\\/\"],\"url\":\"https:\\\/\\\/fjala.info\\\/2009-2015\\\/author\\\/admin\\\/\"}]}<\/script>\n<!-- \/ Yoast SEO plugin. -->","yoast_head_json":{"title":"Mosnjohja reale e zgjedhjeve nga Familja - FjALA e LIR\u00cb - Arkivi","robots":{"index":"index","follow":"follow","max-snippet":"max-snippet:-1","max-image-preview":"max-image-preview:large","max-video-preview":"max-video-preview:-1"},"canonical":"https:\/\/fjala.info\/2009-2015\/mosnjohja-reale-e-zgjedhjeve-nga-familja\/","og_locale":"sq_AL","og_type":"article","og_title":"Mosnjohja reale e zgjedhjeve nga Familja - FjALA e LIR\u00cb - Arkivi","og_description":"Nga Mero Baze, 28 Qershor 2013 Sali Berisha ka pranuar formalisht rezultatin e zgjedhjeve, por nuk ka pranuar ta njoh\u00eb at\u00eb si nj\u00eb vot\u00eb kund\u00ebr pushtetit t\u00eb Familjes s\u00eb tij n\u00eb Partin\u00eb Demokratike dhe me tej. Mbledhja e sotme e Kryesis\u00eb s\u00eb Partis\u00eb Demokratike, kur ai u pa publikisht t\u00eb administroj\u00eb procesin e zgjedhjes s\u00eb [&hellip;]","og_url":"https:\/\/fjala.info\/2009-2015\/mosnjohja-reale-e-zgjedhjeve-nga-familja\/","og_site_name":"FjALA e LIR\u00cb - Arkivi","article_published_time":"2013-06-29T07:22:27+00:00","og_image":[{"url":"http:\/\/www.fjala.info\/2012\/mero_baze.jpg","type":"","width":"","height":""}],"author":"admin","twitter_card":"summary_large_image","twitter_misc":{"Written by":"admin","Est. reading time":"6 minutes"},"schema":{"@context":"https:\/\/schema.org","@graph":[{"@type":"Article","@id":"https:\/\/fjala.info\/2009-2015\/mosnjohja-reale-e-zgjedhjeve-nga-familja\/#article","isPartOf":{"@id":"https:\/\/fjala.info\/2009-2015\/mosnjohja-reale-e-zgjedhjeve-nga-familja\/"},"author":{"name":"admin","@id":"https:\/\/fjala.info\/2009-2015\/#\/schema\/person\/3aa1163ef05469c496fc94e77611ada2"},"headline":"Mosnjohja reale e zgjedhjeve nga Familja","datePublished":"2013-06-29T07:22:27+00:00","mainEntityOfPage":{"@id":"https:\/\/fjala.info\/2009-2015\/mosnjohja-reale-e-zgjedhjeve-nga-familja\/"},"wordCount":1117,"commentCount":0,"publisher":{"@id":"https:\/\/fjala.info\/2009-2015\/#organization"},"image":{"@id":"https:\/\/fjala.info\/2009-2015\/mosnjohja-reale-e-zgjedhjeve-nga-familja\/#primaryimage"},"thumbnailUrl":"http:\/\/www.fjala.info\/2012\/mero_baze.jpg","articleSection":["Artikuj"],"inLanguage":"sq-AL","potentialAction":[{"@type":"CommentAction","name":"Comment","target":["https:\/\/fjala.info\/2009-2015\/mosnjohja-reale-e-zgjedhjeve-nga-familja\/#respond"]}]},{"@type":"WebPage","@id":"https:\/\/fjala.info\/2009-2015\/mosnjohja-reale-e-zgjedhjeve-nga-familja\/","url":"https:\/\/fjala.info\/2009-2015\/mosnjohja-reale-e-zgjedhjeve-nga-familja\/","name":"Mosnjohja reale e zgjedhjeve nga Familja - FjALA e LIR\u00cb - Arkivi","isPartOf":{"@id":"https:\/\/fjala.info\/2009-2015\/#website"},"primaryImageOfPage":{"@id":"https:\/\/fjala.info\/2009-2015\/mosnjohja-reale-e-zgjedhjeve-nga-familja\/#primaryimage"},"image":{"@id":"https:\/\/fjala.info\/2009-2015\/mosnjohja-reale-e-zgjedhjeve-nga-familja\/#primaryimage"},"thumbnailUrl":"http:\/\/www.fjala.info\/2012\/mero_baze.jpg","datePublished":"2013-06-29T07:22:27+00:00","breadcrumb":{"@id":"https:\/\/fjala.info\/2009-2015\/mosnjohja-reale-e-zgjedhjeve-nga-familja\/#breadcrumb"},"inLanguage":"sq-AL","potentialAction":[{"@type":"ReadAction","target":["https:\/\/fjala.info\/2009-2015\/mosnjohja-reale-e-zgjedhjeve-nga-familja\/"]}]},{"@type":"ImageObject","inLanguage":"sq-AL","@id":"https:\/\/fjala.info\/2009-2015\/mosnjohja-reale-e-zgjedhjeve-nga-familja\/#primaryimage","url":"http:\/\/www.fjala.info\/2012\/mero_baze.jpg","contentUrl":"http:\/\/www.fjala.info\/2012\/mero_baze.jpg"},{"@type":"BreadcrumbList","@id":"https:\/\/fjala.info\/2009-2015\/mosnjohja-reale-e-zgjedhjeve-nga-familja\/#breadcrumb","itemListElement":[{"@type":"ListItem","position":1,"name":"Home","item":"https:\/\/fjala.info\/2009-2015\/"},{"@type":"ListItem","position":2,"name":"Mosnjohja reale e zgjedhjeve nga Familja"}]},{"@type":"WebSite","@id":"https:\/\/fjala.info\/2009-2015\/#website","url":"https:\/\/fjala.info\/2009-2015\/","name":"FjALA e LIR\u00cb - Arkivi","description":"Arkivi 2009-2015","publisher":{"@id":"https:\/\/fjala.info\/2009-2015\/#organization"},"potentialAction":[{"@type":"SearchAction","target":{"@type":"EntryPoint","urlTemplate":"https:\/\/fjala.info\/2009-2015\/?s={search_term_string}"},"query-input":{"@type":"PropertyValueSpecification","valueRequired":true,"valueName":"search_term_string"}}],"inLanguage":"sq-AL"},{"@type":"Organization","@id":"https:\/\/fjala.info\/2009-2015\/#organization","name":"FjALA e LIR\u00cb - Arkivi","url":"https:\/\/fjala.info\/2009-2015\/","logo":{"@type":"ImageObject","inLanguage":"sq-AL","@id":"https:\/\/fjala.info\/2009-2015\/#\/schema\/logo\/image\/","url":"","contentUrl":"","caption":"FjALA e LIR\u00cb - Arkivi"},"image":{"@id":"https:\/\/fjala.info\/2009-2015\/#\/schema\/logo\/image\/"}},{"@type":"Person","@id":"https:\/\/fjala.info\/2009-2015\/#\/schema\/person\/3aa1163ef05469c496fc94e77611ada2","name":"admin","image":{"@type":"ImageObject","inLanguage":"sq-AL","@id":"https:\/\/fjala.info\/2009-2015\/wp-content\/uploads\/2012\/02\/arben_cokaj-120x150.jpg","url":"https:\/\/fjala.info\/2009-2015\/wp-content\/uploads\/2012\/02\/arben_cokaj-120x150.jpg","contentUrl":"https:\/\/fjala.info\/2009-2015\/wp-content\/uploads\/2012\/02\/arben_cokaj-120x150.jpg","caption":"admin"},"description":"Admin, Fjala e Lir\u00eb","sameAs":["https:\/\/fjala.info\/"],"url":"https:\/\/fjala.info\/2009-2015\/author\/admin\/"}]}},"_links":{"self":[{"href":"https:\/\/fjala.info\/2009-2015\/wp-json\/wp\/v2\/posts\/3420","targetHints":{"allow":["GET"]}}],"collection":[{"href":"https:\/\/fjala.info\/2009-2015\/wp-json\/wp\/v2\/posts"}],"about":[{"href":"https:\/\/fjala.info\/2009-2015\/wp-json\/wp\/v2\/types\/post"}],"author":[{"embeddable":true,"href":"https:\/\/fjala.info\/2009-2015\/wp-json\/wp\/v2\/users\/1"}],"replies":[{"embeddable":true,"href":"https:\/\/fjala.info\/2009-2015\/wp-json\/wp\/v2\/comments?post=3420"}],"version-history":[{"count":0,"href":"https:\/\/fjala.info\/2009-2015\/wp-json\/wp\/v2\/posts\/3420\/revisions"}],"wp:attachment":[{"href":"https:\/\/fjala.info\/2009-2015\/wp-json\/wp\/v2\/media?parent=3420"}],"wp:term":[{"taxonomy":"category","embeddable":true,"href":"https:\/\/fjala.info\/2009-2015\/wp-json\/wp\/v2\/categories?post=3420"},{"taxonomy":"post_tag","embeddable":true,"href":"https:\/\/fjala.info\/2009-2015\/wp-json\/wp\/v2\/tags?post=3420"}],"curies":[{"name":"wp","href":"https:\/\/api.w.org\/{rel}","templated":true}]}}