{"id":3411,"date":"2012-06-26T22:49:26","date_gmt":"2012-06-26T21:49:26","guid":{"rendered":"http:\/\/www.fjala.info\/?p=3411"},"modified":"2012-06-26T22:49:26","modified_gmt":"2012-06-26T21:49:26","slug":"djemte-e-rrezikshem-te-xhelal-bashes","status":"publish","type":"post","link":"https:\/\/fjala.info\/2009-2015\/djemte-e-rrezikshem-te-xhelal-bashes\/","title":{"rendered":"Djemt\u00eb e r(r)eziksh\u00ebm t\u00eb Xhelal Bash\u00ebs"},"content":{"rendered":"<p><img decoding=\"async\" class=\"alignright size-thumbnail wp-image-7236\" title=\"Bledi Mane\" src=\"http:\/\/www.fjala.info\/2012\/bledi_mane.jpg\" alt=\"\" width=\"150\" \/> Nga <strong>Bledi Mane<\/strong>, <em>Public Enemy<\/em>, <em>26 Qershor 2012<\/em><\/p>\n<p><strong>1.\/<\/strong><\/p>\n<p>Nuk po duronte dot m\u00eb gjat\u00eb. Kishte dit\u00eb q\u00eb po g\u00ebrryente vetveten p\u00ebr brenda. L\u00ebngonte e gul\u00e7onte pa z\u00eb k\u00ebt\u00eb vap\u00eb t\u00eb hidhur qershori e madje hijen ndan\u00eb trotuarit e l\u00ebshonte e sforcuar thjesht p\u00ebr t\u2019i p\u00ebrsh\u00ebndetur lamtumir\u00ebrisht kalimtar\u00ebt. Sharrimi i lisit 200 vje\u00e7ar te Galeria e Arteve e pati idhnuar keqas. Brenga e kishte fundosur edhe m\u00eb sidomos kur shikonte shoqet e saj pak metra m\u00eb larg te Parku i Madh tek priteshin dhe masakroheshin kafsh\u00ebrisht. Me shpres\u00ebn se masakra t\u00eb tilla do t\u00eb mund t\u00eb ndaloheshin, zgjaste kok\u00ebn sip\u00ebr murit t\u00eb Ambasad\u00ebs Amerikane p\u00ebr t\u00eb d\u00ebgjuar ndonj\u00eb lajm t\u00eb mir\u00eb, por zhg\u00ebnjehej shpejt pasi prej aty vet\u00ebm hipokrizi dhe oportuniz\u00ebm bajat gatuhet k\u00ebto 17 muajt e fundit.<\/p>\n<p>E ndjente se afshi i nj\u00eb depresioni t\u00eb r\u00ebnd\u00eb i v\u00ebrvitej sa nga rr\u00ebnj\u00ebt e sa n\u00ebp\u00ebr deg\u00eb, nd\u00ebrsa trafiku i r\u00ebnduar i makinave n\u00eb rrug\u00eb vet\u00ebm e tulaste dyfish. Nuk e emociononin m\u00eb ata pak zogj q\u00eb i fluturonin her\u00ebt n\u00eb m\u00ebngjes mbi deg\u00ebt e gjelbra, as zhurma dhe t\u00eb qeshurat e student\u00ebve nuk e sillnin dot n\u00eb terezi. E kuptonte se Tirana tashm\u00eb nuk ishte m\u00eb e saj dhe e shoqeve t\u00eb tjera, qyteti po e urrente jasht\u00ebzakonisht klorofilin, ndaj vendimin final e bluajti n\u00eb indet e trungut aq gjat\u00eb sa m\u00ebngjesin e k\u00ebsaj dite vendosi ta b\u00ebnte.<\/p>\n<p>G\u00ebshtenja e eg\u00ebr e Rrug\u00ebs s\u00eb Elbasanit kreu vet\u00ebvrasje rreth or\u00ebs 9 e 10 minuta t\u00eb mart\u00ebn e fundit t\u00eb muajit t\u00eb gjasht\u00eb t\u00eb k\u00ebtij viti duke u hedhur mbi asfaltin e zi, duke u larguar p\u00ebrfundimisht nga jeta me vet\u00ebdije t\u00eb plot\u00eb.<\/p>\n<p>Ka z\u00ebra q\u00eb thon\u00eb se ishte treguar e kujdesshme duke mos l\u00ebnduar asnj\u00eb makin\u00eb apo k\u00ebmb\u00ebsor n\u00eb momentin kur rruga dhe trotuari ishin t\u00eb bardh\u00eb. Disa t\u00eb tjer\u00eb flasin se vet\u00eb pema i kishte p\u00ebshp\u00ebritur n\u00eb vesh policit roje t\u00eb Ambasad\u00ebs duke i treguar p\u00ebr vet\u00ebvrasjen, ngaq\u00eb ka koh\u00eb q\u00eb i mungojn\u00eb zhurmat e f\u00ebmij\u00ebve jetim\u00eb t\u00eb \u201cZyber Hallullit\u201d, pasi jetimorja e tyre ka nisur t\u00eb rikonstruktohet, por deri tani vet\u00ebm vidhet e nuk punohet. Dikush p\u00ebshp\u00ebriste se pem\u00ebs i ishte refuzuar azili politik nga Ambasada Amerikane, pasi k\u00ebrkonte me ngulm t\u00eb zhvendosej n\u00eb oborrin e vet\u00eb ambasad\u00ebs, ngaq\u00eb po tmerrohej prej masakr\u00ebs q\u00eb Bashkia e re po u b\u00ebn pem\u00ebve t\u00eb tjera n\u00ebp\u00ebr qytet. Nj\u00eb tjet\u00ebr thashethem tregon p\u00ebr nj\u00eb dashuri t\u00eb vjet\u00ebr n\u00eb distanc\u00eb mes Lisit t\u00eb Galeris\u00eb dhe G\u00ebshtenj\u00ebs s\u00eb Rrug\u00ebs s\u00eb Elbasanit, e cila u nd\u00ebrpre n\u00eb mes nga fati nopran i nj\u00eb sharre t\u00eb ndyr\u00eb komunaleje\u2026<\/p>\n<p>G\u00ebshtenja e rrug\u00ebs s\u00eb Elbasanit nuk jeton m\u00eb. Porsi nj\u00eb zonj\u00eb e r\u00ebnd\u00eb me nerv, me sed\u00ebr, me ego, me karakter t\u00eb past\u00ebr natyror i iku realitetit fantazmagorik t\u00eb frymor\u00ebve t\u00eb k\u00ebtij vendi. Iku ngase \u00e7do dit\u00eb shikonte sesi po i ngushtohej hap\u00ebsira me t\u00eb cil\u00ebn komunikonte me diellin, qiellin dhe shpend\u00ebt. Tirana po k\u00ebmben pranver\u00ebn me betonin dhe zyrtarisht po konvertohet n\u00eb qytetin e ajrit t\u00eb racionuar. G\u00ebshtenja, porsi qindra e mij\u00ebra pem\u00eb t\u00eb kryeqytetit, i iku k\u00ebsaj bote e vuajtur pse lulet e saj mezi \u00e7elnin dhe pjalmi bashk\u00eb me nektarin e tyre thjesht thahej pa u ngjizur diku. Pem\u00ebve t\u00eb Tiran\u00ebs porsi murgeshat e ngrata tashm\u00eb u mungojn\u00eb korrier\u00ebt e tyre legjendar\u00eb blet\u00ebt, flladet, fluturat dhe zogjt\u00eb pa t\u00eb cil\u00ebt stafeta e jet\u00ebs nd\u00ebrpritet n\u00eb mes. Tiran\u00ebs i shkulen dhe i sharrohen p\u00ebrdit\u00eb lule dhe pem\u00eb, nd\u00ebrkoh\u00eb q\u00eb i mbijn\u00eb pa fund mediokrit dhe mendjembyllurit.<\/p>\n<p>\u00cbsht\u00eb shum\u00eb e thjesht\u00eb p\u00ebr t\u2019ia b\u00ebr\u00eb llogarit\u00eb Tiran\u00ebs, por neglizhenca e Edi Ram\u00ebs na pengon disi. Duhet t\u2019i dor\u00ebzonte Lulzim Bash\u00ebs inventarin e luleve, stolave, pem\u00ebve, kilometrave linear\u00eb me asfalt dhe taksapaguesit t\u00eb ngrinin z\u00ebrin e t\u00eb b\u00ebrtisnin fort:<\/p>\n<p>-Ku \u00ebsht\u00eb pema q\u00eb mbolli gjyshi im, pse e sharrove o i sharruar?<\/p>\n<p>-Ku \u00ebsht\u00eb stoli ku u puth\u00ebn prind\u00ebrit e mi, pse e shkat\u00ebrrove o i shkap\u00ebrdhyer?<\/p>\n<p>-Ku jan\u00eb lulet q\u00eb mboll\u00ebm vet\u00eb, pse i shkule o i shkulur???<\/p>\n<p>Tirana po i largohet diellit dhe qiellit. Po thahet p\u00ebrdit\u00eb e abandonuar prej flor\u00ebs, faun\u00ebs. Tiran\u00ebn tashm\u00eb po e braktisin shpirt\u00ebrisht edhe gjindja e lodhur prej politikash perverse tribale. Tirana nuk prodhon m\u00eb art e kultur\u00eb, sport e let\u00ebrsi. Tirana nuk \u00ebsht\u00eb m\u00eb e vajzave t\u00eb bukura plot stil e sharm, por u kthye si n\u00eb Pigal p\u00ebr Aurel\u00ebn e Lulit dhe Mon\u00ebn e Lilit. Tirana nuk \u00ebsht\u00eb m\u00eb qyteti i djemve t\u00eb gjat\u00eb simpatik\u00eb e zhurmues, por u kthye n\u00eb qytet hamam p\u00ebr intelektual\u00ebt e Forumit p\u00ebr Tiran\u00ebn. Tirana ka koh\u00eb q\u00eb po popullohet nga gostet dhe hijet, nga njer\u00ebz me arsye dhe shpirtra t\u00eb thar\u00eb, nga posesiv\u00eb shkurtpam\u00ebs, nga dal\u00ebzot\u00ebsa buk\u00ebshkal\u00eb e pijanec\u00eb\u2026<\/p>\n<p>Tiran\u00ebn e mor\u00ebn dhe d\u00ebmet plot plag\u00eb v\u00ebshtir\u00eb t\u2019i sh\u00ebrohen k\u00ebto dekada q\u00eb vijn\u00eb. Tiran\u00ebn e duan ta ken\u00eb vet\u00ebm ata defi\u00e7ent\u00ebt e zbritur prej sofrave bosh e prej djepave t\u00eb p\u00ebrmbysur.<\/p>\n<p>Tiran\u00ebn do q\u00eb ta ket\u00eb vet\u00ebm Sandri lezhjani me Blend pogradecarin, e vet\u00ebm ata t\u00eb shfaqen n\u00eb Klanin e tyre. Vet\u00ebm ata t\u00eb ken\u00eb dhe mikrofonin dhe kamer\u00ebn, vet\u00eb t\u2019i b\u00ebjn\u00eb lajmet, vet\u00eb t\u2019i lexojn\u00eb dhe vet\u00eb t\u2019i shikojn\u00eb ato lajmet plot shantazhe.<\/p>\n<p>Tiran\u00ebn e do ta ket\u00eb vet\u00ebm Xhoz profesionistja shkodrania, e vetme t\u00eb flas\u00eb nga foltorja e parlamentit, vet\u00eb t\u00eb pyes\u00eb, vet\u00eb t\u00eb p\u00ebrgjigjet, vet\u00eb t\u00eb jet\u00eb pozit\u00eb dhe opozit\u00eb.<\/p>\n<p>Tiran\u00ebn e do ta ket\u00eb i vet\u00ebm Ridvan devolli financieri, e vet\u00eb t\u00eb blej\u00eb biletat e lotaris\u00eb komb\u00ebtare, vet\u00eb t\u00eb hedh\u00eb goglat, vet\u00eb t\u00eb shpallet fitues dhe vet\u00eb t\u00eb p\u00ebrlaj\u00eb \u00e7mimet e m\u00ebdha.<\/p>\n<p>Tiran\u00ebn e do ta ket\u00eb t\u00eb tij\u00ebn skraparlliu (H)Ilir Meta, vet\u00eb t\u00eb dal\u00eb t\u00eb vjedh\u00eb, vet\u00eb t\u00eb fus\u00eb dor\u00ebn e majt\u00eb n\u00eb xhepin e djatht\u00eb, vet\u00eb t\u00eb shfaqet i filmuar e vet\u00eb t\u00eb shpallet i pafajsh\u00ebm, e vet\u00eb t\u00eb ul\u00ebras\u00eb \u201chajduti nuk jam un\u00eb!\u201d<\/p>\n<p>Tiran\u00ebn e do ta ket\u00eb t\u00eb tij\u00ebn kor\u00e7ari Samir, vet\u00eb t\u00eb shkoj\u00eb te Teg-u i tij, vet\u00eb t\u00eb hap\u00eb dyqanin, vet\u00eb t\u00eb shes\u00eb, vet\u00eb t\u00eb blej\u00eb dhe vet\u00eb t\u00eb b\u00ebj\u00eb hesapet sa fitoi.<\/p>\n<p>Tiran\u00ebn e do ta ket\u00eb t\u00eb tij\u00ebn edhe hollandezi i Xhelalit, por ndryshe nga k\u00ebta m\u00eb sip\u00ebr i frik\u00ebsuar nga gruaja e tij labe Aurela e Xhaferrit t\u00eb Vefa-s, \u00ebsht\u00eb porositur q\u00eb n\u00eb valle t\u00eb fus\u00eb edhe kunatin e tij, Erjon Isuf llapushin, aristokratin q\u00eb b\u00ebri dasm\u00ebn me kapele te Sheratoni\u2026<\/p>\n<p>Tiran\u00ebn e duan vet\u00ebm k\u00ebta. K\u00ebta t\u00eb porositurit e doktorit q\u00eb marrin p\u00ebrdit\u00eb mesazhe si t\u2019ia shkulin pem\u00eb e lule. K\u00ebta q\u00eb i shqet\u00ebson gjelb\u00ebrimi sepse u kujtohet vendlindja. K\u00ebta q\u00eb duan ta \u00e7ngjyrosin kryeqytetin e tyre.<\/p>\n<p>Nuk kan\u00eb faj, kan\u00eb marr\u00eb porosi t\u00eb r\u00ebnda.<\/p>\n<p>Doktori e do t\u00eb zhveshur Tiran\u00ebn nga gjelb\u00ebrimi sepse pem\u00ebt, lulet, bari e kthejn\u00eb pas n\u00eb koh\u00eb dhe trembet. I kujtohet L\u00ebndina e Lot\u00ebve n\u00eb Vi\u00e7idol tek kulloste dhit\u00eb nj\u00eb pasdite dhe ndjeu se dikush e shtriu n\u00eb tok\u00eb dhe\u2026 iu fik\u00ebn llambat e syve. Ishte \u00e7obani i fshatit p\u00ebrball\u00eb, i cili her\u00eb-her\u00eb i shfaqet si grek, her\u00eb si opozitar, her\u00eb si gazetar dhe i duhet ta luftoj\u00eb deri n\u00eb fund.<\/p>\n<p>Edhe Luli e do t\u00eb zhveshur Tiran\u00ebn nga gjelb\u00ebrimi sepse pem\u00ebt, lulet, bari e kthejn\u00eb pas n\u00eb koh\u00eb dhe trembet. I kujtohet parku i famsh\u00ebm Bloeyendael i Utrechtit n\u00eb Holland\u00eb. Ishte i ri, student at\u00ebher\u00eb kur miku i tij i ndjeri Barend Cohen e sh\u00ebtiste p\u00ebr t\u00eb njohur skutat e qytetit dhe ndjeu se dikush i futi duart dhe \u2026iu fik\u00ebn llambat. Ende nuk i jan\u00eb ndezur q\u00eb at\u00ebher\u00eb.<\/p>\n<p><strong>2.\/ Adi Krasta 40 grad\u00eb<\/strong><\/p>\n<p>Si t\u00eb kam i nderuar Adi? Si t\u00eb kam ish pedagogu im?<\/p>\n<p>T\u00eb kam ndjekur me v\u00ebmendje A show-n t\u00ebnd, t\u00eb ndoqa dhe para pak dit\u00ebsh tek lancoje nism\u00ebn e ambasad\u00ebs amerikane \u201cAct now\u201d. Faktikisht m\u00eb ka mbetur pak qejfi nga ty i dashur Ad.<\/p>\n<p>Si nj\u00eb moderator i mir\u00eb, si nj\u00eb mendje e zgjuar dhe e djall\u00ebzuar, si nj\u00eb mashkull i rafinuar me pervers\u00ebt e k\u00ebtij vendi, si nj\u00eb ballkanas tipik mesdhetar duhej t\u00eb pakt\u00ebn t\u2019ia b\u00ebje t\u00eb qart\u00eb ambasadorit Arvizu.<\/p>\n<p>Edhe n\u00eb Egjipt, Libi, Siri, Jemen, Bahrein protestat dhe l\u00ebvizjet e m\u00ebdha anti-regjim nuk nis\u00ebn nd\u00ebn\u00eb zhegun e vap\u00ebs. Nis\u00ebn mes dimrit dhe pranver\u00ebs, nis\u00ebn at\u00ebher\u00eb kur mendja dhe energjit\u00eb jan\u00eb m\u00eb t\u00eb kthjell\u00ebta.<\/p>\n<p>Mos harro i dashur Ad se edhe shqiptar\u00ebt e nis\u00ebn revolucionin e tyre n\u00eb koh\u00ebn e duhur, m\u00eb 21 janar 2011. Ishte ftoht\u00eb dyfish, edhe nga natyra, edhe nga regjimi. U nxeh\u00ebn e u b\u00ebn\u00eb gati t\u00eb gjith\u00eb e megjith\u00ebse i vran\u00eb disa prej tyre, ende shpresa nuk vdiq.<\/p>\n<p>At\u00ebher\u00eb ishte koha m\u00eb e bukur p\u00ebr t\u00eb vepruar, tani thuaj ambasadorit q\u00eb askush nuk e ka ngen\u00eb. Hovi u pre n\u00eb mes. Tani \u00ebsht\u00eb von\u00eb dhe nxeht\u00eb. Nj\u00eb pjes\u00eb ik\u00ebn p\u00ebr n\u00eb Durr\u00ebs me buk\u00eb me vete t\u00eb shullohen n\u00eb plazhin ku lahen e shurrosin, nd\u00ebrsa zengjin\u00ebt e pushtetit ikin s\u00ebrish n\u00eb Turqi. Atje ngopin dhe barkun dhe mendjen dyfish. U duket vetja si n\u00eb atdheun e tyre.<\/p>\n<p><strong>3.\/Sa ka pjell\u00eb vall\u00eb?<\/strong><\/p>\n<p>T\u00eb tmerrsh\u00ebm k\u00ebta djemt\u00eb e Xhelalit. Nd\u00ebrkoh\u00eb q\u00eb kemi n\u00ebp\u00ebr k\u00ebmb\u00eb k\u00ebt\u00eb kopilin me mandat t\u00eb vjedhur t\u00eb bashkis\u00eb, sot na u shfaq dhe ky i dyti. Erlind Basha ia p\u00ebrlau 80 milion\u00eb lek\u00eb buxhetit brek\u00ebgrisur t\u00eb shtetit duke i ofruar sh\u00ebrbime konsulence borxheve t\u00eb qeveris\u00eb me Armon e Rezart Ta\u00e7it, ersekarit t\u00eb naft\u00ebs s\u00eb doktorit. Fat q\u00eb Xhelali vet\u00ebm dy f\u00ebmij\u00eb ka pjell\u00eb. Aq sa Doktori. Dhe me kaq po themi mjer\u00eb Tirana\u2026<\/p>\n<p>www.facebook.com\/bledi.mane<\/p>\n","protected":false},"excerpt":{"rendered":"<p>Nga Bledi Mane, Public Enemy, 26 Qershor 2012 1.\/ Nuk po duronte dot m\u00eb gjat\u00eb. Kishte dit\u00eb q\u00eb po g\u00ebrryente vetveten p\u00ebr brenda. L\u00ebngonte e gul\u00e7onte pa z\u00eb k\u00ebt\u00eb vap\u00eb t\u00eb hidhur qershori e madje hijen ndan\u00eb trotuarit e l\u00ebshonte e sforcuar thjesht p\u00ebr t\u2019i p\u00ebrsh\u00ebndetur lamtumir\u00ebrisht kalimtar\u00ebt. Sharrimi i lisit 200 vje\u00e7ar te Galeria [&hellip;]<\/p>\n","protected":false},"author":1,"featured_media":0,"comment_status":"open","ping_status":"closed","sticky":false,"template":"","format":"standard","meta":{"footnotes":""},"categories":[2],"tags":[],"class_list":{"0":"post-3411","1":"post","2":"type-post","3":"status-publish","4":"format-standard","6":"category-artikuj"},"yoast_head":"<!-- This site is optimized with the Yoast SEO plugin v27.4 - https:\/\/yoast.com\/product\/yoast-seo-wordpress\/ -->\n<title>Djemt\u00eb e r(r)eziksh\u00ebm t\u00eb Xhelal Bash\u00ebs - FjALA e LIR\u00cb - Arkivi<\/title>\n<meta name=\"robots\" content=\"index, follow, max-snippet:-1, max-image-preview:large, max-video-preview:-1\" \/>\n<link rel=\"canonical\" href=\"https:\/\/fjala.info\/2009-2015\/djemte-e-rrezikshem-te-xhelal-bashes\/\" \/>\n<meta property=\"og:locale\" content=\"sq_AL\" \/>\n<meta property=\"og:type\" content=\"article\" \/>\n<meta property=\"og:title\" content=\"Djemt\u00eb e r(r)eziksh\u00ebm t\u00eb Xhelal Bash\u00ebs - FjALA e LIR\u00cb - Arkivi\" \/>\n<meta property=\"og:description\" content=\"Nga Bledi Mane, Public Enemy, 26 Qershor 2012 1.\/ Nuk po duronte dot m\u00eb gjat\u00eb. Kishte dit\u00eb q\u00eb po g\u00ebrryente vetveten p\u00ebr brenda. L\u00ebngonte e gul\u00e7onte pa z\u00eb k\u00ebt\u00eb vap\u00eb t\u00eb hidhur qershori e madje hijen ndan\u00eb trotuarit e l\u00ebshonte e sforcuar thjesht p\u00ebr t\u2019i p\u00ebrsh\u00ebndetur lamtumir\u00ebrisht kalimtar\u00ebt. Sharrimi i lisit 200 vje\u00e7ar te Galeria [&hellip;]\" \/>\n<meta property=\"og:url\" content=\"https:\/\/fjala.info\/2009-2015\/djemte-e-rrezikshem-te-xhelal-bashes\/\" \/>\n<meta property=\"og:site_name\" content=\"FjALA e LIR\u00cb - Arkivi\" \/>\n<meta property=\"article:published_time\" content=\"2012-06-26T21:49:26+00:00\" \/>\n<meta property=\"og:image\" content=\"http:\/\/www.fjala.info\/2012\/bledi_mane.jpg\" \/>\n<meta name=\"author\" content=\"admin\" \/>\n<meta name=\"twitter:card\" content=\"summary_large_image\" \/>\n<meta name=\"twitter:label1\" content=\"Written by\" \/>\n\t<meta name=\"twitter:data1\" content=\"admin\" \/>\n\t<meta name=\"twitter:label2\" content=\"Est. reading time\" \/>\n\t<meta name=\"twitter:data2\" content=\"9 minutes\" \/>\n<script type=\"application\/ld+json\" class=\"yoast-schema-graph\">{\"@context\":\"https:\\\/\\\/schema.org\",\"@graph\":[{\"@type\":\"Article\",\"@id\":\"https:\\\/\\\/fjala.info\\\/2009-2015\\\/djemte-e-rrezikshem-te-xhelal-bashes\\\/#article\",\"isPartOf\":{\"@id\":\"https:\\\/\\\/fjala.info\\\/2009-2015\\\/djemte-e-rrezikshem-te-xhelal-bashes\\\/\"},\"author\":{\"name\":\"admin\",\"@id\":\"https:\\\/\\\/fjala.info\\\/2009-2015\\\/#\\\/schema\\\/person\\\/3aa1163ef05469c496fc94e77611ada2\"},\"headline\":\"Djemt\u00eb e r(r)eziksh\u00ebm t\u00eb Xhelal Bash\u00ebs\",\"datePublished\":\"2012-06-26T21:49:26+00:00\",\"mainEntityOfPage\":{\"@id\":\"https:\\\/\\\/fjala.info\\\/2009-2015\\\/djemte-e-rrezikshem-te-xhelal-bashes\\\/\"},\"wordCount\":1797,\"commentCount\":0,\"publisher\":{\"@id\":\"https:\\\/\\\/fjala.info\\\/2009-2015\\\/#organization\"},\"image\":{\"@id\":\"https:\\\/\\\/fjala.info\\\/2009-2015\\\/djemte-e-rrezikshem-te-xhelal-bashes\\\/#primaryimage\"},\"thumbnailUrl\":\"http:\\\/\\\/www.fjala.info\\\/2012\\\/bledi_mane.jpg\",\"articleSection\":[\"Artikuj\"],\"inLanguage\":\"sq-AL\",\"potentialAction\":[{\"@type\":\"CommentAction\",\"name\":\"Comment\",\"target\":[\"https:\\\/\\\/fjala.info\\\/2009-2015\\\/djemte-e-rrezikshem-te-xhelal-bashes\\\/#respond\"]}]},{\"@type\":\"WebPage\",\"@id\":\"https:\\\/\\\/fjala.info\\\/2009-2015\\\/djemte-e-rrezikshem-te-xhelal-bashes\\\/\",\"url\":\"https:\\\/\\\/fjala.info\\\/2009-2015\\\/djemte-e-rrezikshem-te-xhelal-bashes\\\/\",\"name\":\"Djemt\u00eb e r(r)eziksh\u00ebm t\u00eb Xhelal Bash\u00ebs - FjALA e LIR\u00cb - Arkivi\",\"isPartOf\":{\"@id\":\"https:\\\/\\\/fjala.info\\\/2009-2015\\\/#website\"},\"primaryImageOfPage\":{\"@id\":\"https:\\\/\\\/fjala.info\\\/2009-2015\\\/djemte-e-rrezikshem-te-xhelal-bashes\\\/#primaryimage\"},\"image\":{\"@id\":\"https:\\\/\\\/fjala.info\\\/2009-2015\\\/djemte-e-rrezikshem-te-xhelal-bashes\\\/#primaryimage\"},\"thumbnailUrl\":\"http:\\\/\\\/www.fjala.info\\\/2012\\\/bledi_mane.jpg\",\"datePublished\":\"2012-06-26T21:49:26+00:00\",\"breadcrumb\":{\"@id\":\"https:\\\/\\\/fjala.info\\\/2009-2015\\\/djemte-e-rrezikshem-te-xhelal-bashes\\\/#breadcrumb\"},\"inLanguage\":\"sq-AL\",\"potentialAction\":[{\"@type\":\"ReadAction\",\"target\":[\"https:\\\/\\\/fjala.info\\\/2009-2015\\\/djemte-e-rrezikshem-te-xhelal-bashes\\\/\"]}]},{\"@type\":\"ImageObject\",\"inLanguage\":\"sq-AL\",\"@id\":\"https:\\\/\\\/fjala.info\\\/2009-2015\\\/djemte-e-rrezikshem-te-xhelal-bashes\\\/#primaryimage\",\"url\":\"http:\\\/\\\/www.fjala.info\\\/2012\\\/bledi_mane.jpg\",\"contentUrl\":\"http:\\\/\\\/www.fjala.info\\\/2012\\\/bledi_mane.jpg\"},{\"@type\":\"BreadcrumbList\",\"@id\":\"https:\\\/\\\/fjala.info\\\/2009-2015\\\/djemte-e-rrezikshem-te-xhelal-bashes\\\/#breadcrumb\",\"itemListElement\":[{\"@type\":\"ListItem\",\"position\":1,\"name\":\"Home\",\"item\":\"https:\\\/\\\/fjala.info\\\/2009-2015\\\/\"},{\"@type\":\"ListItem\",\"position\":2,\"name\":\"Djemt\u00eb e r(r)eziksh\u00ebm t\u00eb Xhelal Bash\u00ebs\"}]},{\"@type\":\"WebSite\",\"@id\":\"https:\\\/\\\/fjala.info\\\/2009-2015\\\/#website\",\"url\":\"https:\\\/\\\/fjala.info\\\/2009-2015\\\/\",\"name\":\"FjALA e LIR\u00cb - Arkivi\",\"description\":\"Arkivi 2009-2015\",\"publisher\":{\"@id\":\"https:\\\/\\\/fjala.info\\\/2009-2015\\\/#organization\"},\"potentialAction\":[{\"@type\":\"SearchAction\",\"target\":{\"@type\":\"EntryPoint\",\"urlTemplate\":\"https:\\\/\\\/fjala.info\\\/2009-2015\\\/?s={search_term_string}\"},\"query-input\":{\"@type\":\"PropertyValueSpecification\",\"valueRequired\":true,\"valueName\":\"search_term_string\"}}],\"inLanguage\":\"sq-AL\"},{\"@type\":\"Organization\",\"@id\":\"https:\\\/\\\/fjala.info\\\/2009-2015\\\/#organization\",\"name\":\"FjALA e LIR\u00cb - Arkivi\",\"url\":\"https:\\\/\\\/fjala.info\\\/2009-2015\\\/\",\"logo\":{\"@type\":\"ImageObject\",\"inLanguage\":\"sq-AL\",\"@id\":\"https:\\\/\\\/fjala.info\\\/2009-2015\\\/#\\\/schema\\\/logo\\\/image\\\/\",\"url\":\"\",\"contentUrl\":\"\",\"caption\":\"FjALA e LIR\u00cb - Arkivi\"},\"image\":{\"@id\":\"https:\\\/\\\/fjala.info\\\/2009-2015\\\/#\\\/schema\\\/logo\\\/image\\\/\"}},{\"@type\":\"Person\",\"@id\":\"https:\\\/\\\/fjala.info\\\/2009-2015\\\/#\\\/schema\\\/person\\\/3aa1163ef05469c496fc94e77611ada2\",\"name\":\"admin\",\"image\":{\"@type\":\"ImageObject\",\"inLanguage\":\"sq-AL\",\"@id\":\"https:\\\/\\\/fjala.info\\\/2009-2015\\\/wp-content\\\/uploads\\\/2012\\\/02\\\/arben_cokaj-120x150.jpg\",\"url\":\"https:\\\/\\\/fjala.info\\\/2009-2015\\\/wp-content\\\/uploads\\\/2012\\\/02\\\/arben_cokaj-120x150.jpg\",\"contentUrl\":\"https:\\\/\\\/fjala.info\\\/2009-2015\\\/wp-content\\\/uploads\\\/2012\\\/02\\\/arben_cokaj-120x150.jpg\",\"caption\":\"admin\"},\"description\":\"Admin, Fjala e Lir\u00eb\",\"sameAs\":[\"https:\\\/\\\/fjala.info\\\/\"],\"url\":\"https:\\\/\\\/fjala.info\\\/2009-2015\\\/author\\\/admin\\\/\"}]}<\/script>\n<!-- \/ Yoast SEO plugin. -->","yoast_head_json":{"title":"Djemt\u00eb e r(r)eziksh\u00ebm t\u00eb Xhelal Bash\u00ebs - FjALA e LIR\u00cb - Arkivi","robots":{"index":"index","follow":"follow","max-snippet":"max-snippet:-1","max-image-preview":"max-image-preview:large","max-video-preview":"max-video-preview:-1"},"canonical":"https:\/\/fjala.info\/2009-2015\/djemte-e-rrezikshem-te-xhelal-bashes\/","og_locale":"sq_AL","og_type":"article","og_title":"Djemt\u00eb e r(r)eziksh\u00ebm t\u00eb Xhelal Bash\u00ebs - FjALA e LIR\u00cb - Arkivi","og_description":"Nga Bledi Mane, Public Enemy, 26 Qershor 2012 1.\/ Nuk po duronte dot m\u00eb gjat\u00eb. Kishte dit\u00eb q\u00eb po g\u00ebrryente vetveten p\u00ebr brenda. L\u00ebngonte e gul\u00e7onte pa z\u00eb k\u00ebt\u00eb vap\u00eb t\u00eb hidhur qershori e madje hijen ndan\u00eb trotuarit e l\u00ebshonte e sforcuar thjesht p\u00ebr t\u2019i p\u00ebrsh\u00ebndetur lamtumir\u00ebrisht kalimtar\u00ebt. Sharrimi i lisit 200 vje\u00e7ar te Galeria [&hellip;]","og_url":"https:\/\/fjala.info\/2009-2015\/djemte-e-rrezikshem-te-xhelal-bashes\/","og_site_name":"FjALA e LIR\u00cb - Arkivi","article_published_time":"2012-06-26T21:49:26+00:00","og_image":[{"url":"http:\/\/www.fjala.info\/2012\/bledi_mane.jpg","type":"","width":"","height":""}],"author":"admin","twitter_card":"summary_large_image","twitter_misc":{"Written by":"admin","Est. reading time":"9 minutes"},"schema":{"@context":"https:\/\/schema.org","@graph":[{"@type":"Article","@id":"https:\/\/fjala.info\/2009-2015\/djemte-e-rrezikshem-te-xhelal-bashes\/#article","isPartOf":{"@id":"https:\/\/fjala.info\/2009-2015\/djemte-e-rrezikshem-te-xhelal-bashes\/"},"author":{"name":"admin","@id":"https:\/\/fjala.info\/2009-2015\/#\/schema\/person\/3aa1163ef05469c496fc94e77611ada2"},"headline":"Djemt\u00eb e r(r)eziksh\u00ebm t\u00eb Xhelal Bash\u00ebs","datePublished":"2012-06-26T21:49:26+00:00","mainEntityOfPage":{"@id":"https:\/\/fjala.info\/2009-2015\/djemte-e-rrezikshem-te-xhelal-bashes\/"},"wordCount":1797,"commentCount":0,"publisher":{"@id":"https:\/\/fjala.info\/2009-2015\/#organization"},"image":{"@id":"https:\/\/fjala.info\/2009-2015\/djemte-e-rrezikshem-te-xhelal-bashes\/#primaryimage"},"thumbnailUrl":"http:\/\/www.fjala.info\/2012\/bledi_mane.jpg","articleSection":["Artikuj"],"inLanguage":"sq-AL","potentialAction":[{"@type":"CommentAction","name":"Comment","target":["https:\/\/fjala.info\/2009-2015\/djemte-e-rrezikshem-te-xhelal-bashes\/#respond"]}]},{"@type":"WebPage","@id":"https:\/\/fjala.info\/2009-2015\/djemte-e-rrezikshem-te-xhelal-bashes\/","url":"https:\/\/fjala.info\/2009-2015\/djemte-e-rrezikshem-te-xhelal-bashes\/","name":"Djemt\u00eb e r(r)eziksh\u00ebm t\u00eb Xhelal Bash\u00ebs - FjALA e LIR\u00cb - Arkivi","isPartOf":{"@id":"https:\/\/fjala.info\/2009-2015\/#website"},"primaryImageOfPage":{"@id":"https:\/\/fjala.info\/2009-2015\/djemte-e-rrezikshem-te-xhelal-bashes\/#primaryimage"},"image":{"@id":"https:\/\/fjala.info\/2009-2015\/djemte-e-rrezikshem-te-xhelal-bashes\/#primaryimage"},"thumbnailUrl":"http:\/\/www.fjala.info\/2012\/bledi_mane.jpg","datePublished":"2012-06-26T21:49:26+00:00","breadcrumb":{"@id":"https:\/\/fjala.info\/2009-2015\/djemte-e-rrezikshem-te-xhelal-bashes\/#breadcrumb"},"inLanguage":"sq-AL","potentialAction":[{"@type":"ReadAction","target":["https:\/\/fjala.info\/2009-2015\/djemte-e-rrezikshem-te-xhelal-bashes\/"]}]},{"@type":"ImageObject","inLanguage":"sq-AL","@id":"https:\/\/fjala.info\/2009-2015\/djemte-e-rrezikshem-te-xhelal-bashes\/#primaryimage","url":"http:\/\/www.fjala.info\/2012\/bledi_mane.jpg","contentUrl":"http:\/\/www.fjala.info\/2012\/bledi_mane.jpg"},{"@type":"BreadcrumbList","@id":"https:\/\/fjala.info\/2009-2015\/djemte-e-rrezikshem-te-xhelal-bashes\/#breadcrumb","itemListElement":[{"@type":"ListItem","position":1,"name":"Home","item":"https:\/\/fjala.info\/2009-2015\/"},{"@type":"ListItem","position":2,"name":"Djemt\u00eb e r(r)eziksh\u00ebm t\u00eb Xhelal Bash\u00ebs"}]},{"@type":"WebSite","@id":"https:\/\/fjala.info\/2009-2015\/#website","url":"https:\/\/fjala.info\/2009-2015\/","name":"FjALA e LIR\u00cb - Arkivi","description":"Arkivi 2009-2015","publisher":{"@id":"https:\/\/fjala.info\/2009-2015\/#organization"},"potentialAction":[{"@type":"SearchAction","target":{"@type":"EntryPoint","urlTemplate":"https:\/\/fjala.info\/2009-2015\/?s={search_term_string}"},"query-input":{"@type":"PropertyValueSpecification","valueRequired":true,"valueName":"search_term_string"}}],"inLanguage":"sq-AL"},{"@type":"Organization","@id":"https:\/\/fjala.info\/2009-2015\/#organization","name":"FjALA e LIR\u00cb - Arkivi","url":"https:\/\/fjala.info\/2009-2015\/","logo":{"@type":"ImageObject","inLanguage":"sq-AL","@id":"https:\/\/fjala.info\/2009-2015\/#\/schema\/logo\/image\/","url":"","contentUrl":"","caption":"FjALA e LIR\u00cb - Arkivi"},"image":{"@id":"https:\/\/fjala.info\/2009-2015\/#\/schema\/logo\/image\/"}},{"@type":"Person","@id":"https:\/\/fjala.info\/2009-2015\/#\/schema\/person\/3aa1163ef05469c496fc94e77611ada2","name":"admin","image":{"@type":"ImageObject","inLanguage":"sq-AL","@id":"https:\/\/fjala.info\/2009-2015\/wp-content\/uploads\/2012\/02\/arben_cokaj-120x150.jpg","url":"https:\/\/fjala.info\/2009-2015\/wp-content\/uploads\/2012\/02\/arben_cokaj-120x150.jpg","contentUrl":"https:\/\/fjala.info\/2009-2015\/wp-content\/uploads\/2012\/02\/arben_cokaj-120x150.jpg","caption":"admin"},"description":"Admin, Fjala e Lir\u00eb","sameAs":["https:\/\/fjala.info\/"],"url":"https:\/\/fjala.info\/2009-2015\/author\/admin\/"}]}},"_links":{"self":[{"href":"https:\/\/fjala.info\/2009-2015\/wp-json\/wp\/v2\/posts\/3411","targetHints":{"allow":["GET"]}}],"collection":[{"href":"https:\/\/fjala.info\/2009-2015\/wp-json\/wp\/v2\/posts"}],"about":[{"href":"https:\/\/fjala.info\/2009-2015\/wp-json\/wp\/v2\/types\/post"}],"author":[{"embeddable":true,"href":"https:\/\/fjala.info\/2009-2015\/wp-json\/wp\/v2\/users\/1"}],"replies":[{"embeddable":true,"href":"https:\/\/fjala.info\/2009-2015\/wp-json\/wp\/v2\/comments?post=3411"}],"version-history":[{"count":0,"href":"https:\/\/fjala.info\/2009-2015\/wp-json\/wp\/v2\/posts\/3411\/revisions"}],"wp:attachment":[{"href":"https:\/\/fjala.info\/2009-2015\/wp-json\/wp\/v2\/media?parent=3411"}],"wp:term":[{"taxonomy":"category","embeddable":true,"href":"https:\/\/fjala.info\/2009-2015\/wp-json\/wp\/v2\/categories?post=3411"},{"taxonomy":"post_tag","embeddable":true,"href":"https:\/\/fjala.info\/2009-2015\/wp-json\/wp\/v2\/tags?post=3411"}],"curies":[{"name":"wp","href":"https:\/\/api.w.org\/{rel}","templated":true}]}}