{"id":3403,"date":"2012-06-26T09:09:19","date_gmt":"2012-06-26T08:09:19","guid":{"rendered":"http:\/\/www.fjala.info\/?p=3403"},"modified":"2012-06-26T09:09:19","modified_gmt":"2012-06-26T08:09:19","slug":"mediokret-dhe-matrapazet-e-arsimit","status":"publish","type":"post","link":"https:\/\/fjala.info\/2009-2015\/mediokret-dhe-matrapazet-e-arsimit\/","title":{"rendered":"Mediokr\u00ebt dhe matrapaz\u00ebt e arsimit"},"content":{"rendered":"<p><img decoding=\"async\" class=\"alignright size-thumbnail wp-image-7236\" title=\"Ledi Shamku\" src=\"http:\/\/www.fjala.info\/2012\/ledi_shamku.jpg\" alt=\"\" width=\"150\" \/> Nga <strong>Ledi Shamku<\/strong>, <em>25 Qershor 2012 <\/em><\/p>\n<p>Po e nis me nj\u00ebrin nga moria e mesazheve publike q\u00eb kam marr\u00eb k\u00ebto koh\u00eb duke diskutuar me m\u00ebsuesit p\u00ebr k\u00ebt\u00eb ligj: \u201cM\u00eb vjen mir\u00eb q\u00eb diskutohet p\u00ebr arsimin, po me k\u00eb do diskutoni?! Si mund t\u00eb flitet p\u00ebr matur\u00ebn shtet\u00ebrore, kur testi i matematik\u00ebs n\u00eb or\u00ebn 10.30 ishte i zgjidhur n\u00eb facebook?! Na vijn\u00eb m\u00ebsues me master dhe nuk dijn\u00eb t\u00eb shkruajn\u00eb. Dua t\u2019i bie shkurt: ka dy G\u00ebrdec\u00eb sot n\u00eb Shqip\u00ebri \u2013 i dyti \u00ebsht\u00eb arsimi!\u201d.<\/p>\n<p>G\u00ebrdeci n\u00eb arsim \u00ebsht\u00eb krim komb\u00ebtar! Kaq m\u00eb motivon q\u00eb t\u2019ju luftoj deri n\u00eb fund si kriminel\u00eb t\u00eb s\u00eb ardhmes s\u00eb vendit tim. E t\u2019ju p\u00ebr\u00e7moj si p\u00ebrhap\u00ebs t\u00eb injoranc\u00ebs e t\u00eb mediokritetit. Kaq m\u00eb mjafton edhe q\u00eb t\u2019i th\u00ebrras p\u00ebrdit\u00eb n\u00eb ndihm\u00eb t\u00eb gjith\u00eb ata q\u00eb duan dhe din\u00eb ta rim\u00ebk\u00ebmbin fuqin\u00eb e dijes. Dhe jan\u00eb shum\u00eb ata q\u00eb dhan\u00eb edhe japin ndihm\u00eb p\u00ebrdit\u00eb n\u00eb k\u00ebt\u00eb rim\u00ebk\u00ebmbje.<\/p>\n<p>Nj\u00eb pjes\u00eb t\u00eb tyre i pat\u00eb vet\u00eb kur soll\u00ebt k\u00ebt\u00eb projektligj n\u00eb komisionin parlamentar t\u00eb edukimit. Pas shtat\u00eb vjet\u00ebsh sorollatje nga tryeza ne tryez\u00eb e nga zyra n\u00eb zyr\u00eb, soll\u00ebt nj\u00eb projektligj q\u00eb \u00ebsht\u00eb pak ta quash mediok\u00ebr. Kot t\u00eb ndalem n\u00eb terminologjin\u00eb dhe standardet e nevojshme, se ato as i kuptoni e as nuk keni m\u00eb koh\u00eb t\u00eb p\u00ebrpiqeni. Por po dua t\u2019ju b\u00ebj me dije qytetar\u00ebve se qysh n\u00eb v\u00ebshtrim t\u00eb par\u00eb b\u00ebnte ferk se kush kish nd\u00ebrhyr\u00eb n\u00eb \u00e7do nen t\u00eb ligjit, p\u00ebr ta v\u00ebn\u00eb at\u00eb n\u00eb sh\u00ebrbim t\u00eb xhepit t\u00eb vet.<\/p>\n<p>K\u00ebshtu tek t\u00eb ashtuquajturat kompetenca (nen t\u00eb cilin e rishkruam nga e para!) shihej dora e k\u00ebshilltarit t\u00eb Kryeministrit, q\u00eb e kish gatuar nenin enkas p\u00ebr t\u00eb shitur masivisht tekstet e tij mbi \u201ct\u00eb menduarit kritik\u201d. Tek neni i altertekstit (t\u00eb cilin e rishkruam edhe at\u00eb, por jo deri n\u00eb fund pasi na pengoi forc\u00eb e kartonit), tek neni i altertekstit pra shfaqej Ministria e Financave q\u00eb kontrollon prej shum\u00eb koh\u00ebsh librin shkollor. Nenet e kurrikulave dhe programeve (t\u00eb cilat ndon\u00ebse u p\u00ebrpoq\u00ebm shum\u00eb, nuk i nd\u00ebrruam dot), ishin mbik\u00ebqyrur posa\u00e7\u00ebrisht nga Myqerem Tafaj dhe Sali Berisha.<\/p>\n<p>E k\u00ebshtu me radh\u00eb, thuajse \u00e7do nen kish nj\u00eb em\u00ebr konkret nga pushteti. Nd\u00ebrsa gjith\u00eb ligji kish profilin e dhun\u00ebs hileqare q\u00eb ja jep posa\u00e7\u00ebrisht Kryeministri: sipas ligjit t\u00eb tij m\u00ebsuesit duhej t\u00eb pushoheshin thjesht me urdh\u00ebr t\u00eb drejtorit t\u00eb shkoll\u00ebs. I cili n\u00eb \u00e7do rast n\u00eb k\u00ebto 7 vjet t\u00eb sundimit t\u00eb politik\u00ebs mbi arsimin, \u00ebsht\u00eb thjesht nj\u00eb militant. E k\u00ebshtu, me k\u00ebt\u00eb ligj, Sali Berisha desh ta shnd\u00ebrroj\u00eb drejtuesin n\u00eb sekretar partie t\u00eb koh\u00ebs kur ai vet\u00eb q\u00eb Sekretar i Partis\u00eb, duke i ngarkuar t\u00eb mbaj\u00eb n\u00ebn k\u00ebrc\u00ebnim me buk\u00ebn e goj\u00ebs \u00e7do m\u00ebsues. Dhe k\u00ebt\u00eb mjet presioni desh ta b\u00ebnte gati pik\u00ebrisht p\u00ebr vitin elektoral 2013!<\/p>\n<p>Ministri tha se p\u00ebr k\u00ebt\u00eb projekt-ligj konsultat ishin kryer gjer\u00eb e gjat\u00eb. P\u00ebr marre t\u00eb vet, ai u p\u00ebrg\u00ebnjeshtrua jo vet\u00ebm vet\u00ebm nga ne, por edhe nga Fondacioni Soros dhe Alternativa Civile, t\u00eb cil\u00ebt kishin nd\u00ebrmarr\u00eb nj\u00eb prezantim kapilar t\u00eb draftit n\u00ebp\u00ebr shkollat e Shqip\u00ebris\u00eb, duke d\u00ebshmuar ata vet\u00eb se askush nuk dinte asgj\u00eb.<\/p>\n<p>Terri luftohet me drit\u00eb! K\u00ebshtu k\u00ebmb\u00ebngul\u00ebm t\u00eb b\u00ebjm\u00eb transparenc\u00eb t\u00eb plot\u00eb p\u00ebr k\u00ebt\u00eb ligj, q\u00eb pa droje e them se \u00ebsht\u00eb ligji q\u00eb prek gjith\u00eb shoq\u00ebrin\u00eb shqiptare, dhe e prek n\u00eb thelbin e vet: tek arsimi dhe aft\u00ebsimi. Ligjin e shp\u00ebrndam\u00eb p\u00ebr gjykim nd\u00ebr mij\u00ebra m\u00ebsues n\u00eb t\u00eb dymb\u00ebdhjet\u00eb qarqet e vendit. E po ashtu n\u00eb komision planifikuam dhe kryem plot 40 d\u00ebgjesa me ekspert\u00eb e grupe interesi. Pa harruar k\u00ebtu Shoqat\u00ebn e Prind\u00ebrve dhe gjith\u00eb Organizatat p\u00ebr mbrojtjen e f\u00ebmij\u00ebve. E po ashtu propozime soll\u00ebn edhe komisionet e tjera parlamentare, p\u00ebrkat\u00ebsisht ai i ligjeve, ai \u00e7\u00ebshtjeve sociale, ai i integrimit etj.<\/p>\n<p>P\u00ebrfundimi i nj\u00ebz\u00ebsh\u00ebm dhe i p\u00ebrbashk\u00ebt i k\u00ebtyre d\u00ebgjesave qe se ky ligj duhej riformuluar p\u00ebr nga pik\u00ebpamja tekniko-shkencore, duhej zhveshur nga \u00e7do deformim i q\u00ebllimsh\u00ebm klientelist dhe sidomos i duhej hequr nga duart Sali Berish\u00ebs q\u00eb t\u00eb mos e p\u00ebrdorte si gogolin e zgjedhjeve, si\u00e7 ka b\u00ebr\u00eb r\u00ebndom me arsimin.<\/p>\n<p>Si opozit\u00eb, ndjehemi deri diku t\u00eb leht\u00ebsuar, pasi fal\u00eb ngulmit ton\u00eb, \u00ebsht\u00eb hera e par\u00eb q\u00eb p\u00ebrballja e qeveritar\u00ebve me ekspertiz\u00ebn teknike dhe civile merr t\u00eb tilla p\u00ebrmasa. Mjafton t\u2019i hidhni nj\u00eb sy dosjes s\u00eb plot\u00eb t\u00eb sugjerimeve q\u00eb u depozituan n\u00eb Parlament, p\u00ebr t\u00eb kuptuar se b\u00ebm\u00eb at\u00eb q\u00eb n\u00eb fakt qeveria duhej t\u00eb kish b\u00ebr\u00eb: konsultimin e gjer\u00eb dhe cil\u00ebsor edhe t\u00eb p\u00ebrgjegjsh\u00ebm, kur \u00ebsht\u00eb fjala p\u00ebr nj\u00eb ligj me impakt kaq t\u00eb gjer\u00eb mbi shqiptar\u00ebt.<\/p>\n<p>K\u00ebshtu pas afro dy muaj pune intensive, ju b\u00ebjm\u00eb me dije se kemi mundur t\u00eb ndryshojm\u00eb plot 41 nene nga 72 q\u00eb ka n\u00eb t\u00ebr\u00ebsi ky ligj. \u00c7do ndryshim q\u00eb propozuam, qoft\u00eb ato q\u00eb mb\u00ebrrit\u00ebm t\u2019i p\u00ebrfshinim n\u00eb ligj, qoft\u00eb ato q\u00eb na u refuzuan jo me arsye por p\u00ebr faj t\u00eb piramid\u00ebs s\u00eb interesave t\u00eb pushtetit, \u00e7do ndryshim pra e b\u00ebm\u00eb n\u00eb em\u00ebr t\u00eb cil\u00ebsis\u00eb, t\u00eb depolitizimit dhe t\u00eb p\u00ebrbashkimit social t\u00eb shqiptar\u00ebve. T\u00eb k\u00ebtij populli q\u00eb pushteti po vijon ta p\u00ebr\u00e7aj\u00eb gjeografikisht, ekonomikisht, politikisht edhe fetarisht. K\u00ebshtu rishkruam nga e para nenin e kompetencave, duke ia kursyer arsimit k\u00ebshtu variantin sht\u00ebpiak pa pik\u00eb lidhje me Europ\u00ebn q\u00eb Ministria kish sajuar. Riformuluam edhe nenin e laicitetit t\u00eb arsimit, n\u00eb em\u00ebr t\u00eb vler\u00ebs p\u00ebrbashkuese. Me ngulmin ton\u00eb shtuam n\u00eb ligj se \u201c\u00c7do nx\u00ebn\u00ebsi i sigurohet e drejta p\u00ebr arsimim cil\u00ebsor si dhe shanse te barabarta p\u00ebr arsimim\u201d. Dhe k\u00ebt\u00eb nuk e shtuam duke pasur k\u00ebt\u00eb pushtet n\u00eb mendje.<\/p>\n<p>Jo aspak! Me k\u00ebt\u00eb buxhet mjeran q\u00eb i keni l\u00ebn\u00eb arsimit, me k\u00ebt\u00eb indiferenc\u00eb t\u00eb neveritshme q\u00eb po tregoni prej 7 vjet\u00ebsh p\u00ebr shkollat q\u00eb bien, p\u00ebr nx\u00ebn\u00ebsit q\u00eb braktisin shkoll\u00ebn, p\u00ebr f\u00ebmij\u00ebt q\u00eb kalojn\u00eb lumenj n\u00eb k\u00ebmb\u00eb p\u00ebr t\u00eb shkuar n\u00eb shkoll\u00eb, p\u00ebr m\u00ebsues q\u00eb, mir\u00eb se lihen n\u00eb m\u00ebshir\u00eb t\u00eb rrug\u00ebs, por ju hiqet edhe pagesa p\u00ebr transportin, p\u00ebr shp\u00ebrfilljen ndaj gjithkujt q\u00eb n\u00eb shkoll\u00eb nuk vjen dot jo se nuk do, por se nuk mundet, p\u00ebr gjith\u00eb k\u00ebt\u00eb indiferenc\u00eb tuaj\u00ebn t\u00eb neveritshme pra, ne nuk e shkruam p\u00ebr ju k\u00ebt\u00eb pik\u00eb. E shkruam si zotim ligjor, jo thjesht elektoral, p\u00ebr qeverisjen ton\u00eb t\u00eb nes\u00ebrme. Sepse besojm\u00eb q\u00eb arsimi \u00ebsht\u00eb e mira m\u00eb e madhe publike, n\u00eb t\u00eb cil\u00ebn \u00e7do bir shqiptari duhet t\u00eb ket\u00eb akses sipas nevoj\u00ebs, merit\u00ebs e talentit, dhe jo sipas fuqis\u00eb p\u00ebr t\u2019ju paguar juve a klient\u00ebt tuaj.<\/p>\n<p>Shpejt ju do t\u2019i hiqeni qafe qeverimit t\u00eb pun\u00ebve t\u00eb arsimit, e k\u00ebshtu arsimi shqiptar, p\u00ebrve\u00e7se nga sundimi i injoranc\u00ebs dhe i matrapaz\u00ebve, do t\u00eb \u00e7lirohet para s\u00eb gjithash nga dara mbyt\u00ebse e politik\u00ebs. Ndaj i shkruam p\u00ebr ne, p\u00ebr qeverisjen ton\u00eb, e jo p\u00ebr ju, edhe nenet si m\u00eb posht\u00eb: \u201cKandidati p\u00ebr drejtues i nj\u00ebsis\u00eb arsimore vendore duhet t\u00eb ket\u00eb t\u00eb pakt\u00ebn kategorin\u00eb \u201cm\u00ebsues i kualifikuar\u201d dhe t\u00eb mos b\u00ebj\u00eb pjes\u00eb n\u00eb forumet drejtuese t\u00eb partive politike, apo pik\u00ebn ku thuhet shprehimisht: \u201cNdalohet organizimi i veprimtarive partiake ne institucionet e sistemit arsimor parauniversitar.<\/p>\n<p>E po ashtu me ngulmin ton\u00eb t\u00eb fort\u00eb u rrit ndjesh\u00ebm prania e prind\u00ebrve n\u00eb vendimmarrje, pik\u00ebrisht se ata jan\u00eb garanci si qeliza m\u00eb e pakorruptueshme n\u00eb pun\u00eb t\u00eb shkollimit. Kaq t\u00eb ndrysh\u00ebm jemi n\u00eb nga ju! Shum\u00eb t\u00eb ndrysh\u00ebm jemi ne nga ju! Ne i p\u00ebrmbahemi qysh n\u00eb avanc\u00eb asaj q\u00eb ju shpalojm\u00eb shqiptar\u00ebve si filozofi t\u00eb programit ton\u00eb, ju keni 7 vjet q\u00eb i sillni rrotull prind\u00ebr e nx\u00ebn\u00ebs, duk\u00eb jua nxir\u00eb \u00e7do dit\u00eb me keq,m e duke k\u00ebrkuar t\u2019ua shisni zhvatjen si dhurat\u00eb.<\/p>\n<p>Ju merrni vendime brenda qerthuj hesapesh e duhmash korrupsioni, ne organizojm\u00eb plot 40 d\u00ebgjesa me \u00e7do institucion, organiz\u00ebm a p\u00ebrfaq\u00ebsim civil q\u00eb don t\u00eb kontribuoj\u00eb n\u00eb alt\u00ebrnativ\u00ebn e p\u00ebrbashk\u00ebt t\u00eb rilindjes s\u00eb shpres\u00ebs. Ne ju ballafaqojm\u00eb me gjendjen ku mbi 10 p\u00ebrqind t\u00eb shkollave e kopshte private punojn\u00eb pa marr\u00eb asfare licenc\u00eb, krejt jasht\u00eb kontrollit tuaj, pra nj\u00eb Zot e di si \u00ebsht\u00eb ecuria dhe siguria (sidomos siguria) e atyre f\u00ebmij\u00ebve, kurse ju na ktheni si p\u00ebrgjigje hallin e gjobave q\u00eb duhet t\u00eb paguajn\u00eb me k\u00ebt\u00eb rast shkel\u00ebsit e ligjit.<\/p>\n<p>B\u00ebm\u00eb sa mund\u00ebm p\u00ebr k\u00ebt\u00eb ligj, me p\u00ebrgjegjshm\u00ebrin\u00eb e forc\u00ebs m\u00eb t\u00eb madhe politike q\u00eb ka lidhur nj\u00eb kontrat\u00eb besimi me popullin e vet, p\u00ebrmes shpalimit t\u00eb nj\u00eb programi rilind\u00ebs. Por ju keni ende fuqin\u00eb memece t\u00eb kartonit, ndaj shum\u00eb mbeten ende p\u00ebr t\u2019u b\u00ebr\u00eb. Shum\u00eb thagma vijon t\u00eb ket\u00eb ky ligj pik\u00ebrisht se Ministri i Saliut k\u00ebrkon t\u00eb kontrolloj\u00eb, n\u00eb em\u00ebr t\u00eb xhepit t\u00eb vet e t\u00eb Saliut, gjithk\u00ebnd e \u00e7do gj\u00eb.<\/p>\n<p>P\u00ebr shembull: Thom\u00ebni a ka arsye q\u00eb nj\u00eb organ k\u00ebshillimor q\u00eb ngrihet p\u00ebr t\u00eb k\u00ebshilluar vendimmarrjen e ministrit t\u00eb kryesohet po nga vet\u00eb Ministri?! Ja q\u00eb z. Tafaj don t\u00eb shoh\u00eb veten n\u00eb pasqyr\u00eb, dhe k\u00ebt\u00eb nen nuk pranoi ta ndryshoj\u00eb. Sikund\u00ebr vijoi t\u00eb mbetet n\u00eb fuqi p\u00ebrzgjedhja e teksteve shkollore me borde anonime q\u00eb ndryhen dy jav\u00eb n\u00ebp\u00ebr konvaleshenca e dalin q\u00eb andej me emra \u201cfituesish\u201d, pa pik\u00eb p\u00ebrgjegj\u00ebsie p\u00ebr \u00e7far\u00eb kan\u00eb aprovuar, nd\u00ebrkoh\u00eb q\u00eb ne propozuam nj\u00eb agjenci n\u00eb drit\u00eb t\u00eb diellit e me kritere. E po ashtu mbeten te cung\u00ebta nenet e matur\u00ebs shtet\u00ebrore, t\u00eb bordeve em\u00ebruese dhe shkarkuese, t\u00eb financimit, sidomos t\u00eb financimit mes publikut dhe privatit etj.<\/p>\n<p>Gjith\u00eb sa ka mbetur do vijoj\u00eb t\u00eb jet\u00eb pjes\u00eb e opozit\u00ebs son\u00eb konstruktive n\u00eb pun\u00ebt e prishura keqas t\u00eb arsimit. E sidomos gjith\u00eb kjo do jet\u00eb s\u00eb shpejti edhe fillimi i pun\u00ebs son\u00eb t\u00eb bashk\u00ebqeverimit, sapo ta \u00e7lirojm\u00eb arsimin nga injoranca dhe pazaret ku e keni kallur.<\/p>\n<p>*<em>Fjala e mbajtur n\u00eb Kuvend p\u00ebr ligjin e arsimit<\/em><\/p>\n","protected":false},"excerpt":{"rendered":"<p>Nga Ledi Shamku, 25 Qershor 2012 Po e nis me nj\u00ebrin nga moria e mesazheve publike q\u00eb kam marr\u00eb k\u00ebto koh\u00eb duke diskutuar me m\u00ebsuesit p\u00ebr k\u00ebt\u00eb ligj: \u201cM\u00eb vjen mir\u00eb q\u00eb diskutohet p\u00ebr arsimin, po me k\u00eb do diskutoni?! Si mund t\u00eb flitet p\u00ebr matur\u00ebn shtet\u00ebrore, kur testi i matematik\u00ebs n\u00eb or\u00ebn 10.30 ishte [&hellip;]<\/p>\n","protected":false},"author":1,"featured_media":0,"comment_status":"open","ping_status":"closed","sticky":false,"template":"","format":"standard","meta":{"footnotes":""},"categories":[2],"tags":[],"class_list":{"0":"post-3403","1":"post","2":"type-post","3":"status-publish","4":"format-standard","6":"category-artikuj"},"yoast_head":"<!-- This site is optimized with the Yoast SEO plugin v27.4 - https:\/\/yoast.com\/product\/yoast-seo-wordpress\/ -->\n<title>Mediokr\u00ebt dhe matrapaz\u00ebt e arsimit - FjALA e LIR\u00cb - Arkivi<\/title>\n<meta name=\"robots\" content=\"index, follow, max-snippet:-1, max-image-preview:large, max-video-preview:-1\" \/>\n<link rel=\"canonical\" href=\"https:\/\/fjala.info\/2009-2015\/mediokret-dhe-matrapazet-e-arsimit\/\" \/>\n<meta property=\"og:locale\" content=\"sq_AL\" \/>\n<meta property=\"og:type\" content=\"article\" \/>\n<meta property=\"og:title\" content=\"Mediokr\u00ebt dhe matrapaz\u00ebt e arsimit - FjALA e LIR\u00cb - Arkivi\" \/>\n<meta property=\"og:description\" content=\"Nga Ledi Shamku, 25 Qershor 2012 Po e nis me nj\u00ebrin nga moria e mesazheve publike q\u00eb kam marr\u00eb k\u00ebto koh\u00eb duke diskutuar me m\u00ebsuesit p\u00ebr k\u00ebt\u00eb ligj: \u201cM\u00eb vjen mir\u00eb q\u00eb diskutohet p\u00ebr arsimin, po me k\u00eb do diskutoni?! Si mund t\u00eb flitet p\u00ebr matur\u00ebn shtet\u00ebrore, kur testi i matematik\u00ebs n\u00eb or\u00ebn 10.30 ishte [&hellip;]\" \/>\n<meta property=\"og:url\" content=\"https:\/\/fjala.info\/2009-2015\/mediokret-dhe-matrapazet-e-arsimit\/\" \/>\n<meta property=\"og:site_name\" content=\"FjALA e LIR\u00cb - Arkivi\" \/>\n<meta property=\"article:published_time\" content=\"2012-06-26T08:09:19+00:00\" \/>\n<meta property=\"og:image\" content=\"http:\/\/www.fjala.info\/2012\/ledi_shamku.jpg\" \/>\n<meta name=\"author\" content=\"admin\" \/>\n<meta name=\"twitter:card\" content=\"summary_large_image\" \/>\n<meta name=\"twitter:label1\" content=\"Written by\" \/>\n\t<meta name=\"twitter:data1\" content=\"admin\" \/>\n\t<meta name=\"twitter:label2\" content=\"Est. reading time\" \/>\n\t<meta name=\"twitter:data2\" content=\"9 minutes\" \/>\n<script type=\"application\/ld+json\" class=\"yoast-schema-graph\">{\"@context\":\"https:\\\/\\\/schema.org\",\"@graph\":[{\"@type\":\"Article\",\"@id\":\"https:\\\/\\\/fjala.info\\\/2009-2015\\\/mediokret-dhe-matrapazet-e-arsimit\\\/#article\",\"isPartOf\":{\"@id\":\"https:\\\/\\\/fjala.info\\\/2009-2015\\\/mediokret-dhe-matrapazet-e-arsimit\\\/\"},\"author\":{\"name\":\"admin\",\"@id\":\"https:\\\/\\\/fjala.info\\\/2009-2015\\\/#\\\/schema\\\/person\\\/3aa1163ef05469c496fc94e77611ada2\"},\"headline\":\"Mediokr\u00ebt dhe matrapaz\u00ebt e arsimit\",\"datePublished\":\"2012-06-26T08:09:19+00:00\",\"mainEntityOfPage\":{\"@id\":\"https:\\\/\\\/fjala.info\\\/2009-2015\\\/mediokret-dhe-matrapazet-e-arsimit\\\/\"},\"wordCount\":1846,\"commentCount\":0,\"publisher\":{\"@id\":\"https:\\\/\\\/fjala.info\\\/2009-2015\\\/#organization\"},\"image\":{\"@id\":\"https:\\\/\\\/fjala.info\\\/2009-2015\\\/mediokret-dhe-matrapazet-e-arsimit\\\/#primaryimage\"},\"thumbnailUrl\":\"http:\\\/\\\/www.fjala.info\\\/2012\\\/ledi_shamku.jpg\",\"articleSection\":[\"Artikuj\"],\"inLanguage\":\"sq-AL\",\"potentialAction\":[{\"@type\":\"CommentAction\",\"name\":\"Comment\",\"target\":[\"https:\\\/\\\/fjala.info\\\/2009-2015\\\/mediokret-dhe-matrapazet-e-arsimit\\\/#respond\"]}]},{\"@type\":\"WebPage\",\"@id\":\"https:\\\/\\\/fjala.info\\\/2009-2015\\\/mediokret-dhe-matrapazet-e-arsimit\\\/\",\"url\":\"https:\\\/\\\/fjala.info\\\/2009-2015\\\/mediokret-dhe-matrapazet-e-arsimit\\\/\",\"name\":\"Mediokr\u00ebt dhe matrapaz\u00ebt e arsimit - FjALA e LIR\u00cb - Arkivi\",\"isPartOf\":{\"@id\":\"https:\\\/\\\/fjala.info\\\/2009-2015\\\/#website\"},\"primaryImageOfPage\":{\"@id\":\"https:\\\/\\\/fjala.info\\\/2009-2015\\\/mediokret-dhe-matrapazet-e-arsimit\\\/#primaryimage\"},\"image\":{\"@id\":\"https:\\\/\\\/fjala.info\\\/2009-2015\\\/mediokret-dhe-matrapazet-e-arsimit\\\/#primaryimage\"},\"thumbnailUrl\":\"http:\\\/\\\/www.fjala.info\\\/2012\\\/ledi_shamku.jpg\",\"datePublished\":\"2012-06-26T08:09:19+00:00\",\"breadcrumb\":{\"@id\":\"https:\\\/\\\/fjala.info\\\/2009-2015\\\/mediokret-dhe-matrapazet-e-arsimit\\\/#breadcrumb\"},\"inLanguage\":\"sq-AL\",\"potentialAction\":[{\"@type\":\"ReadAction\",\"target\":[\"https:\\\/\\\/fjala.info\\\/2009-2015\\\/mediokret-dhe-matrapazet-e-arsimit\\\/\"]}]},{\"@type\":\"ImageObject\",\"inLanguage\":\"sq-AL\",\"@id\":\"https:\\\/\\\/fjala.info\\\/2009-2015\\\/mediokret-dhe-matrapazet-e-arsimit\\\/#primaryimage\",\"url\":\"http:\\\/\\\/www.fjala.info\\\/2012\\\/ledi_shamku.jpg\",\"contentUrl\":\"http:\\\/\\\/www.fjala.info\\\/2012\\\/ledi_shamku.jpg\"},{\"@type\":\"BreadcrumbList\",\"@id\":\"https:\\\/\\\/fjala.info\\\/2009-2015\\\/mediokret-dhe-matrapazet-e-arsimit\\\/#breadcrumb\",\"itemListElement\":[{\"@type\":\"ListItem\",\"position\":1,\"name\":\"Home\",\"item\":\"https:\\\/\\\/fjala.info\\\/2009-2015\\\/\"},{\"@type\":\"ListItem\",\"position\":2,\"name\":\"Mediokr\u00ebt dhe matrapaz\u00ebt e arsimit\"}]},{\"@type\":\"WebSite\",\"@id\":\"https:\\\/\\\/fjala.info\\\/2009-2015\\\/#website\",\"url\":\"https:\\\/\\\/fjala.info\\\/2009-2015\\\/\",\"name\":\"FjALA e LIR\u00cb - Arkivi\",\"description\":\"Arkivi 2009-2015\",\"publisher\":{\"@id\":\"https:\\\/\\\/fjala.info\\\/2009-2015\\\/#organization\"},\"potentialAction\":[{\"@type\":\"SearchAction\",\"target\":{\"@type\":\"EntryPoint\",\"urlTemplate\":\"https:\\\/\\\/fjala.info\\\/2009-2015\\\/?s={search_term_string}\"},\"query-input\":{\"@type\":\"PropertyValueSpecification\",\"valueRequired\":true,\"valueName\":\"search_term_string\"}}],\"inLanguage\":\"sq-AL\"},{\"@type\":\"Organization\",\"@id\":\"https:\\\/\\\/fjala.info\\\/2009-2015\\\/#organization\",\"name\":\"FjALA e LIR\u00cb - Arkivi\",\"url\":\"https:\\\/\\\/fjala.info\\\/2009-2015\\\/\",\"logo\":{\"@type\":\"ImageObject\",\"inLanguage\":\"sq-AL\",\"@id\":\"https:\\\/\\\/fjala.info\\\/2009-2015\\\/#\\\/schema\\\/logo\\\/image\\\/\",\"url\":\"\",\"contentUrl\":\"\",\"caption\":\"FjALA e LIR\u00cb - Arkivi\"},\"image\":{\"@id\":\"https:\\\/\\\/fjala.info\\\/2009-2015\\\/#\\\/schema\\\/logo\\\/image\\\/\"}},{\"@type\":\"Person\",\"@id\":\"https:\\\/\\\/fjala.info\\\/2009-2015\\\/#\\\/schema\\\/person\\\/3aa1163ef05469c496fc94e77611ada2\",\"name\":\"admin\",\"image\":{\"@type\":\"ImageObject\",\"inLanguage\":\"sq-AL\",\"@id\":\"https:\\\/\\\/fjala.info\\\/2009-2015\\\/wp-content\\\/uploads\\\/2012\\\/02\\\/arben_cokaj-120x150.jpg\",\"url\":\"https:\\\/\\\/fjala.info\\\/2009-2015\\\/wp-content\\\/uploads\\\/2012\\\/02\\\/arben_cokaj-120x150.jpg\",\"contentUrl\":\"https:\\\/\\\/fjala.info\\\/2009-2015\\\/wp-content\\\/uploads\\\/2012\\\/02\\\/arben_cokaj-120x150.jpg\",\"caption\":\"admin\"},\"description\":\"Admin, Fjala e Lir\u00eb\",\"sameAs\":[\"https:\\\/\\\/fjala.info\\\/\"],\"url\":\"https:\\\/\\\/fjala.info\\\/2009-2015\\\/author\\\/admin\\\/\"}]}<\/script>\n<!-- \/ Yoast SEO plugin. -->","yoast_head_json":{"title":"Mediokr\u00ebt dhe matrapaz\u00ebt e arsimit - FjALA e LIR\u00cb - Arkivi","robots":{"index":"index","follow":"follow","max-snippet":"max-snippet:-1","max-image-preview":"max-image-preview:large","max-video-preview":"max-video-preview:-1"},"canonical":"https:\/\/fjala.info\/2009-2015\/mediokret-dhe-matrapazet-e-arsimit\/","og_locale":"sq_AL","og_type":"article","og_title":"Mediokr\u00ebt dhe matrapaz\u00ebt e arsimit - FjALA e LIR\u00cb - Arkivi","og_description":"Nga Ledi Shamku, 25 Qershor 2012 Po e nis me nj\u00ebrin nga moria e mesazheve publike q\u00eb kam marr\u00eb k\u00ebto koh\u00eb duke diskutuar me m\u00ebsuesit p\u00ebr k\u00ebt\u00eb ligj: \u201cM\u00eb vjen mir\u00eb q\u00eb diskutohet p\u00ebr arsimin, po me k\u00eb do diskutoni?! Si mund t\u00eb flitet p\u00ebr matur\u00ebn shtet\u00ebrore, kur testi i matematik\u00ebs n\u00eb or\u00ebn 10.30 ishte [&hellip;]","og_url":"https:\/\/fjala.info\/2009-2015\/mediokret-dhe-matrapazet-e-arsimit\/","og_site_name":"FjALA e LIR\u00cb - Arkivi","article_published_time":"2012-06-26T08:09:19+00:00","og_image":[{"url":"http:\/\/www.fjala.info\/2012\/ledi_shamku.jpg","type":"","width":"","height":""}],"author":"admin","twitter_card":"summary_large_image","twitter_misc":{"Written by":"admin","Est. reading time":"9 minutes"},"schema":{"@context":"https:\/\/schema.org","@graph":[{"@type":"Article","@id":"https:\/\/fjala.info\/2009-2015\/mediokret-dhe-matrapazet-e-arsimit\/#article","isPartOf":{"@id":"https:\/\/fjala.info\/2009-2015\/mediokret-dhe-matrapazet-e-arsimit\/"},"author":{"name":"admin","@id":"https:\/\/fjala.info\/2009-2015\/#\/schema\/person\/3aa1163ef05469c496fc94e77611ada2"},"headline":"Mediokr\u00ebt dhe matrapaz\u00ebt e arsimit","datePublished":"2012-06-26T08:09:19+00:00","mainEntityOfPage":{"@id":"https:\/\/fjala.info\/2009-2015\/mediokret-dhe-matrapazet-e-arsimit\/"},"wordCount":1846,"commentCount":0,"publisher":{"@id":"https:\/\/fjala.info\/2009-2015\/#organization"},"image":{"@id":"https:\/\/fjala.info\/2009-2015\/mediokret-dhe-matrapazet-e-arsimit\/#primaryimage"},"thumbnailUrl":"http:\/\/www.fjala.info\/2012\/ledi_shamku.jpg","articleSection":["Artikuj"],"inLanguage":"sq-AL","potentialAction":[{"@type":"CommentAction","name":"Comment","target":["https:\/\/fjala.info\/2009-2015\/mediokret-dhe-matrapazet-e-arsimit\/#respond"]}]},{"@type":"WebPage","@id":"https:\/\/fjala.info\/2009-2015\/mediokret-dhe-matrapazet-e-arsimit\/","url":"https:\/\/fjala.info\/2009-2015\/mediokret-dhe-matrapazet-e-arsimit\/","name":"Mediokr\u00ebt dhe matrapaz\u00ebt e arsimit - FjALA e LIR\u00cb - Arkivi","isPartOf":{"@id":"https:\/\/fjala.info\/2009-2015\/#website"},"primaryImageOfPage":{"@id":"https:\/\/fjala.info\/2009-2015\/mediokret-dhe-matrapazet-e-arsimit\/#primaryimage"},"image":{"@id":"https:\/\/fjala.info\/2009-2015\/mediokret-dhe-matrapazet-e-arsimit\/#primaryimage"},"thumbnailUrl":"http:\/\/www.fjala.info\/2012\/ledi_shamku.jpg","datePublished":"2012-06-26T08:09:19+00:00","breadcrumb":{"@id":"https:\/\/fjala.info\/2009-2015\/mediokret-dhe-matrapazet-e-arsimit\/#breadcrumb"},"inLanguage":"sq-AL","potentialAction":[{"@type":"ReadAction","target":["https:\/\/fjala.info\/2009-2015\/mediokret-dhe-matrapazet-e-arsimit\/"]}]},{"@type":"ImageObject","inLanguage":"sq-AL","@id":"https:\/\/fjala.info\/2009-2015\/mediokret-dhe-matrapazet-e-arsimit\/#primaryimage","url":"http:\/\/www.fjala.info\/2012\/ledi_shamku.jpg","contentUrl":"http:\/\/www.fjala.info\/2012\/ledi_shamku.jpg"},{"@type":"BreadcrumbList","@id":"https:\/\/fjala.info\/2009-2015\/mediokret-dhe-matrapazet-e-arsimit\/#breadcrumb","itemListElement":[{"@type":"ListItem","position":1,"name":"Home","item":"https:\/\/fjala.info\/2009-2015\/"},{"@type":"ListItem","position":2,"name":"Mediokr\u00ebt dhe matrapaz\u00ebt e arsimit"}]},{"@type":"WebSite","@id":"https:\/\/fjala.info\/2009-2015\/#website","url":"https:\/\/fjala.info\/2009-2015\/","name":"FjALA e LIR\u00cb - Arkivi","description":"Arkivi 2009-2015","publisher":{"@id":"https:\/\/fjala.info\/2009-2015\/#organization"},"potentialAction":[{"@type":"SearchAction","target":{"@type":"EntryPoint","urlTemplate":"https:\/\/fjala.info\/2009-2015\/?s={search_term_string}"},"query-input":{"@type":"PropertyValueSpecification","valueRequired":true,"valueName":"search_term_string"}}],"inLanguage":"sq-AL"},{"@type":"Organization","@id":"https:\/\/fjala.info\/2009-2015\/#organization","name":"FjALA e LIR\u00cb - Arkivi","url":"https:\/\/fjala.info\/2009-2015\/","logo":{"@type":"ImageObject","inLanguage":"sq-AL","@id":"https:\/\/fjala.info\/2009-2015\/#\/schema\/logo\/image\/","url":"","contentUrl":"","caption":"FjALA e LIR\u00cb - Arkivi"},"image":{"@id":"https:\/\/fjala.info\/2009-2015\/#\/schema\/logo\/image\/"}},{"@type":"Person","@id":"https:\/\/fjala.info\/2009-2015\/#\/schema\/person\/3aa1163ef05469c496fc94e77611ada2","name":"admin","image":{"@type":"ImageObject","inLanguage":"sq-AL","@id":"https:\/\/fjala.info\/2009-2015\/wp-content\/uploads\/2012\/02\/arben_cokaj-120x150.jpg","url":"https:\/\/fjala.info\/2009-2015\/wp-content\/uploads\/2012\/02\/arben_cokaj-120x150.jpg","contentUrl":"https:\/\/fjala.info\/2009-2015\/wp-content\/uploads\/2012\/02\/arben_cokaj-120x150.jpg","caption":"admin"},"description":"Admin, Fjala e Lir\u00eb","sameAs":["https:\/\/fjala.info\/"],"url":"https:\/\/fjala.info\/2009-2015\/author\/admin\/"}]}},"_links":{"self":[{"href":"https:\/\/fjala.info\/2009-2015\/wp-json\/wp\/v2\/posts\/3403","targetHints":{"allow":["GET"]}}],"collection":[{"href":"https:\/\/fjala.info\/2009-2015\/wp-json\/wp\/v2\/posts"}],"about":[{"href":"https:\/\/fjala.info\/2009-2015\/wp-json\/wp\/v2\/types\/post"}],"author":[{"embeddable":true,"href":"https:\/\/fjala.info\/2009-2015\/wp-json\/wp\/v2\/users\/1"}],"replies":[{"embeddable":true,"href":"https:\/\/fjala.info\/2009-2015\/wp-json\/wp\/v2\/comments?post=3403"}],"version-history":[{"count":0,"href":"https:\/\/fjala.info\/2009-2015\/wp-json\/wp\/v2\/posts\/3403\/revisions"}],"wp:attachment":[{"href":"https:\/\/fjala.info\/2009-2015\/wp-json\/wp\/v2\/media?parent=3403"}],"wp:term":[{"taxonomy":"category","embeddable":true,"href":"https:\/\/fjala.info\/2009-2015\/wp-json\/wp\/v2\/categories?post=3403"},{"taxonomy":"post_tag","embeddable":true,"href":"https:\/\/fjala.info\/2009-2015\/wp-json\/wp\/v2\/tags?post=3403"}],"curies":[{"name":"wp","href":"https:\/\/api.w.org\/{rel}","templated":true}]}}