{"id":3399,"date":"2012-06-26T09:02:12","date_gmt":"2012-06-26T08:02:12","guid":{"rendered":"http:\/\/www.fjala.info\/?p=3399"},"modified":"2012-06-26T09:02:12","modified_gmt":"2012-06-26T08:02:12","slug":"luli-ka-te-drejte-ta-urreje-kete-qytet","status":"publish","type":"post","link":"https:\/\/fjala.info\/2009-2015\/luli-ka-te-drejte-ta-urreje-kete-qytet\/","title":{"rendered":"Luli ka t\u00eb drejt\u00eb ta urrej\u00eb k\u00ebt\u00eb qytet!"},"content":{"rendered":"<p><img decoding=\"async\" class=\"alignright size-thumbnail wp-image-7236\" title=\"Mero Baze\" src=\"http:\/\/www.fjala.info\/2012\/mero_baze.jpg\" alt=\"\" width=\"150\" \/> Nga <strong>Mero Baze<\/strong>, <em>25 Qershor 2012<\/em><\/p>\n<p>Dje mu kujtua Ismail Kadareja, shkrimtari yn\u00eb ikon\u00eb, q\u00eb kur rri n\u00eb Paris jeton me Tiran\u00ebn dhe kur \u00ebsht\u00eb n\u00eb Tiran\u00eb xhindoset se i kujtohet Parisi. Ai ka zgjedhur vite m\u00eb par\u00eb nj\u00eb apartament n\u00eb Sky Tower n\u00eb nj\u00eb kat t\u00eb lart\u00eb, p\u00ebr nj\u00eb arsye q\u00eb mund ta kuptoj\u00eb vet\u00ebm dikush q\u00eb njeh nga af\u00ebr lidhjen e tij me k\u00ebt\u00eb qytet. I frik\u00ebsuar nga katrahura e Tiran\u00ebs dhe p\u00ebrhumbja e qytetit, ai donte t\u00eb lidhej me di\u00e7ka t\u00eb pandryshueshme n\u00eb k\u00ebt\u00eb vend, me Malin e Dajtit.<\/p>\n<p>Kush e ka lexuar poezin\u00eb e tij p\u00ebr Tiran\u00ebn dhe muzgun e Dajtit, krijon nj\u00eb ide p\u00ebr raportin e tij personal, gati psikopatik t\u00eb tij me nj\u00eb gjymtyr\u00eb t\u00eb k\u00ebtij qyteti. Ideja se atij do t\u2019i hiqnin Dajtin nga syt\u00eb e kish torturuar vite me radh\u00eb dhe u ngjit e k\u00ebrkoi apartamentin e tij aq lart, sa mendonte se askush nuk do t\u2019ia zinte m\u00eb Dajtin. Me sa duket k\u00ebt\u00eb makth t\u00eb tijin shkrimtari e kish shp\u00ebrndar\u00eb gjithandej tek miqt\u00eb e tij, shum\u00eb prej t\u00eb cil\u00ebve jan\u00eb dhe miq t\u00eb pushtetit dhe Lul\u00ebzim Bash\u00ebs.<\/p>\n<p>Dje m\u00ebsova se qeveria shqiptare, n\u00ebn ndikimin e Lul\u00ebzim Bash\u00ebs dhe Fahri Balliut, ka marr\u00eb nj\u00eb vendim p\u00ebr t\u2019i ridh\u00ebn\u00eb leje nd\u00ebrtimi nj\u00eb nd\u00ebrtese 16 kat\u00ebshe q\u00eb do t\u00eb mbij\u00eb pas lulishtes s\u00eb \u2018V\u00ebllez\u00ebrve Frash\u00ebri\u2019, n\u00eb krah t\u00eb ambasad\u00ebs zvicerane dhe fiks para dritares s\u00eb sht\u00ebpis\u00eb s\u00eb Ismail Kadares\u00eb. Historia e atij nd\u00ebrtimi t\u00eb sh\u00ebmtuar qysh n\u00eb nisje ka vite q\u00eb v\u00ebrtitet n\u00eb sirtar\u00ebt e Bashkis\u00eb s\u00eb Tiran\u00ebs, por \u00ebsht\u00eb hedhur posht\u00eb q\u00eb nga viti 2000 prej Edi Ram\u00ebs, me nd\u00ebrhyrje dhe t\u00eb diplomat\u00ebve t\u00eb huaj, pasi prish sigurin\u00eb dhe standardin e nj\u00eb zone t\u00eb ul\u00ebt me vila 3 kat\u00ebshe.<\/p>\n<p>Lul\u00ebzim Basha ia arriti t\u00eb p\u00ebrdor makinacione pa fund dhe ta zhbllokoj\u00eb k\u00ebt\u00eb nd\u00ebrtim absurd. Ismail Kadareja, njeriu q\u00eb i b\u00ebri thirrje t\u00eb t\u00ebrhiqej nga vendimi p\u00ebr t\u00eb hyr\u00eb me \u00e7do \u00e7mim n\u00eb Bashki, tani po merr nj\u00eb nd\u00ebshkim shum\u00eb personal dhe mizor nga ata q\u00eb shum\u00eb pak njer\u00ebz e kuptojn\u00eb. Ai nuk ka p\u00ebr ta par\u00eb m\u00eb Dajtin dhe frika q\u00eb e ngjiti aq lart n\u00eb apartamentin e tij t\u00eb ri vite m\u00eb par\u00eb, tashm\u00eb \u00ebsht\u00eb b\u00ebr\u00eb realitet. Edhe pse duket shum\u00eb paranojake, duke njohur an\u00ebn e lig, mizore dhe hakmarr\u00ebse t\u00eb njeriut q\u00eb ka vrar\u00eb njer\u00ebz n\u00eb k\u00ebt\u00eb qytet, un\u00eb besoj se ai ka pasur mes t\u00eb tjerash parasysh dhe makthin e shkrimtarit p\u00ebr Dajtin kur ka marr\u00eb k\u00ebt\u00eb vendim. \u00cbsht\u00eb hakmarr\u00eb me qet\u00ebsi ashtu si\u00e7 askush nuk do t\u00eb kishte talent t\u00eb hakmerrej ndaj nj\u00eb shkrimtari si ai.<\/p>\n<p>Ky njeri edhe mund t\u00eb na kish zhg\u00ebnjyer t\u00eb gjith\u00ebve dhe t\u00eb mbante ndonj\u00eb prej fjal\u00ebve p\u00ebr t\u00eb cilat ne e dinim q\u00eb g\u00ebnjente, por nuk na zhg\u00ebnjeu. Nuk mbajti asnj\u00eb premtim. Nj\u00eb vit pas t\u00eb drejt\u00ebs q\u00eb iu dha p\u00ebr t\u00eb p\u00ebrdorur firm\u00ebn dhe vul\u00ebn si kryetar i Bashkis\u00eb s\u00eb Tiran\u00ebs, Lul\u00ebzim Basha po b\u00ebn gjith\u00e7ka ne kishim frik\u00eb se do t\u00eb b\u00ebnte, po rib\u00ebn nj\u00eb Tiran\u00eb q\u00eb t\u00eb jet\u00eb pron\u00eb dhe biznes i tij dhe klient\u00ebve t\u00eb vet. Po shp\u00ebrblen nj\u00eb p\u00ebr nj\u00eb gjith\u00eb ata q\u00eb p\u00ebrdori n\u00eb at\u00eb fushat\u00eb dhe po hakmerret ndaj kujtdo q\u00eb tentoi t\u2019i prishte projektin e tij t\u00eb qart\u00eb p\u00ebr zaptuar Tiran\u00ebn.<\/p>\n<p>Kan\u00eb ndodhur k\u00ebt\u00eb muajin e fundit disa gj\u00ebra q\u00eb kan\u00eb rr\u00ebqethur shum\u00eb njer\u00ebz q\u00eb jetojn\u00eb me makthin se qyteti mund t\u00eb zhduket p\u00ebrfundimisht. Plot njer\u00ebz u trondit\u00ebn kur mor\u00ebn vesh prerjen e nj\u00eb lisi 200 vje\u00e7ar para ekspozit\u00ebs. Fatos Lubonj\u00ebs ia besoj sinqerisht ul\u00ebrim\u00ebn p\u00ebr k\u00ebt\u00eb barbari. Po prishet muri rrethues i zon\u00ebs tabu t\u00eb Parkut t\u00eb Tiran\u00ebs nga Pallati i Brigadave tek Fakulteti Histori-Filologji dhe do tu hapet rruga lejeve t\u00eb nd\u00ebrtimit p\u00ebr tre-kat\u00ebr biznesmen\u00eb dhe zyrtar\u00eb t\u00eb lart\u00eb t\u00eb qeveris\u00eb, q\u00eb jan\u00eb pronar\u00eb tokash nga Rruga e Elbasanit deri tek rruga krah Fakultetit Gjeologji- Miniera. Qeveria n\u00eb mes t\u00eb muajit maj, me nd\u00ebrhyrjen e Lul\u00ebzim Bash\u00ebs dhe Fahri Balliut, ka marr\u00eb nj\u00eb vendim p\u00ebr t\u00eb rivler\u00ebsuar nj\u00eb leje t\u00eb skaduar dh\u00ebn\u00eb jasht\u00eb ligjit p\u00ebr nd\u00ebrtimin e nj\u00eb 16-kat\u00ebshi tek lulishtja e V\u00ebllez\u00ebrve Frash\u00ebri, krah ambasad\u00ebs s\u00eb Zvicr\u00ebs. Jan\u00eb rikthyer kioskat dhe mejhanet n\u00eb nj\u00eb sh\u00ebtitore t\u00eb mrekullueshme krah bulevardit dhe qyteti qelbet era qofte dhe birra.<\/p>\n<p>Po privatizohet konvikti i shkoll\u00ebs s\u00eb Gjuh\u00ebve t\u00eb Huaja, jo si nevoj\u00eb publike p\u00ebr privatizim dhe as si nevoj\u00eb p\u00ebr t\u00eb mb\u00ebshtetur arsimin privat, por thjesht si klienteliz\u00ebm\u2026 Lista e frikshme \u00ebsht\u00eb e gjat\u00eb dhe ky \u00ebsht\u00eb nj\u00eb debat i v\u00ebshtir\u00eb p\u00ebr nj\u00eb qytet q\u00eb ka pranuar t\u00eb ket\u00eb n\u00eb krye nj\u00eb fytyr\u00eb fallco, q\u00eb disa muaj para se t\u00eb hynte n\u00eb at\u00eb zyr\u00eb, u p\u00ebrdor si manekin i Sali Berish\u00eb p\u00ebr t\u00eb vrar\u00eb 4 qytetar\u00eb dhe p\u00ebr t\u00eb l\u00ebn\u00eb 8 jetim\u00eb n\u00eb m\u00ebshir\u00eb t\u00eb fatit. Vras\u00ebsi i 21 Janarit tani po b\u00ebhet dita- dit\u00ebs vras\u00ebs i gjith\u00eb kryeqytetit. Por kjo e dyta \u00ebsht\u00eb nj\u00eb vrasje e ngadalt\u00eb, pa gjak, pa zhurm\u00eb, pa krisma, por duke na hequr \u00e7do dit\u00eb nga nj\u00eb shans p\u00ebr t\u00eb pasur nj\u00eb qytet normal.<\/p>\n<p>Dikujt i ka hequr lisin 200 vje\u00e7ar, dikujt parkun, dikujt sh\u00ebtitoren me gur\u00eb tek Toptan\u00ebt, dikujt t\u00eb drejt\u00ebn p\u00ebr t\u00eb jetuar, dhe n\u00eb form\u00ebn m\u00eb hakmarr\u00ebse Ismail Kadares\u00eb dhe t\u00eb drejt\u00ebn p\u00ebr t\u00eb par\u00eb deri n\u00eb fund t\u00eb jet\u00ebs s\u00eb tij Dajtin. T\u00eb gjitha k\u00ebto i b\u00ebn nj\u00eb njeri q\u00eb sht\u00ebpin\u00eb e par\u00eb e ka n\u00eb nj\u00eb shtet tjet\u00ebr, f\u00ebmij\u00ebt dhe gruan me shtet\u00ebsi holandeze, dhe k\u00ebt\u00eb qytet e ka vet\u00ebm nj\u00eb m\u00ebnyr\u00eb p\u00ebr t\u00eb b\u00ebr\u00eb miliarda dhe p\u00ebr t\u00eb ikur. Nuk di kush mund ta ket\u00eb urryer m\u00eb shum\u00eb se ky njeri Tiran\u00ebn. Dhe ka t\u00eb drejt\u00eb ta urrej\u00eb. Ky qytet nuk e deshi dhe ai nuk ia p\u00ebr nder q\u00eb sot e qeveris. E zaptoi vet\u00eb dhe ka t\u00eb drejt\u00eb ta shkat\u00ebrroj\u00eb vet\u00eb, derisa ky qytet t\u2019i tregoj\u00eb vendin.<\/p>\n","protected":false},"excerpt":{"rendered":"<p>Nga Mero Baze, 25 Qershor 2012 Dje mu kujtua Ismail Kadareja, shkrimtari yn\u00eb ikon\u00eb, q\u00eb kur rri n\u00eb Paris jeton me Tiran\u00ebn dhe kur \u00ebsht\u00eb n\u00eb Tiran\u00eb xhindoset se i kujtohet Parisi. Ai ka zgjedhur vite m\u00eb par\u00eb nj\u00eb apartament n\u00eb Sky Tower n\u00eb nj\u00eb kat t\u00eb lart\u00eb, p\u00ebr nj\u00eb arsye q\u00eb mund ta kuptoj\u00eb [&hellip;]<\/p>\n","protected":false},"author":1,"featured_media":0,"comment_status":"open","ping_status":"closed","sticky":false,"template":"","format":"standard","meta":{"footnotes":""},"categories":[2],"tags":[],"class_list":{"0":"post-3399","1":"post","2":"type-post","3":"status-publish","4":"format-standard","6":"category-artikuj"},"yoast_head":"<!-- This site is optimized with the Yoast SEO plugin v27.4 - https:\/\/yoast.com\/product\/yoast-seo-wordpress\/ -->\n<title>Luli ka t\u00eb drejt\u00eb ta urrej\u00eb k\u00ebt\u00eb qytet! - FjALA e LIR\u00cb - Arkivi<\/title>\n<meta name=\"robots\" content=\"index, follow, max-snippet:-1, max-image-preview:large, max-video-preview:-1\" \/>\n<link rel=\"canonical\" href=\"https:\/\/fjala.info\/2009-2015\/luli-ka-te-drejte-ta-urreje-kete-qytet\/\" \/>\n<meta property=\"og:locale\" content=\"sq_AL\" \/>\n<meta property=\"og:type\" content=\"article\" \/>\n<meta property=\"og:title\" content=\"Luli ka t\u00eb drejt\u00eb ta urrej\u00eb k\u00ebt\u00eb qytet! - FjALA e LIR\u00cb - Arkivi\" \/>\n<meta property=\"og:description\" content=\"Nga Mero Baze, 25 Qershor 2012 Dje mu kujtua Ismail Kadareja, shkrimtari yn\u00eb ikon\u00eb, q\u00eb kur rri n\u00eb Paris jeton me Tiran\u00ebn dhe kur \u00ebsht\u00eb n\u00eb Tiran\u00eb xhindoset se i kujtohet Parisi. Ai ka zgjedhur vite m\u00eb par\u00eb nj\u00eb apartament n\u00eb Sky Tower n\u00eb nj\u00eb kat t\u00eb lart\u00eb, p\u00ebr nj\u00eb arsye q\u00eb mund ta kuptoj\u00eb [&hellip;]\" \/>\n<meta property=\"og:url\" content=\"https:\/\/fjala.info\/2009-2015\/luli-ka-te-drejte-ta-urreje-kete-qytet\/\" \/>\n<meta property=\"og:site_name\" content=\"FjALA e LIR\u00cb - Arkivi\" \/>\n<meta property=\"article:published_time\" content=\"2012-06-26T08:02:12+00:00\" \/>\n<meta property=\"og:image\" content=\"http:\/\/www.fjala.info\/2012\/mero_baze.jpg\" \/>\n<meta name=\"author\" content=\"admin\" \/>\n<meta name=\"twitter:card\" content=\"summary_large_image\" \/>\n<meta name=\"twitter:label1\" content=\"Written by\" \/>\n\t<meta name=\"twitter:data1\" content=\"admin\" \/>\n\t<meta name=\"twitter:label2\" content=\"Est. reading time\" \/>\n\t<meta name=\"twitter:data2\" content=\"6 minutes\" \/>\n<script type=\"application\/ld+json\" class=\"yoast-schema-graph\">{\"@context\":\"https:\\\/\\\/schema.org\",\"@graph\":[{\"@type\":\"Article\",\"@id\":\"https:\\\/\\\/fjala.info\\\/2009-2015\\\/luli-ka-te-drejte-ta-urreje-kete-qytet\\\/#article\",\"isPartOf\":{\"@id\":\"https:\\\/\\\/fjala.info\\\/2009-2015\\\/luli-ka-te-drejte-ta-urreje-kete-qytet\\\/\"},\"author\":{\"name\":\"admin\",\"@id\":\"https:\\\/\\\/fjala.info\\\/2009-2015\\\/#\\\/schema\\\/person\\\/3aa1163ef05469c496fc94e77611ada2\"},\"headline\":\"Luli ka t\u00eb drejt\u00eb ta urrej\u00eb k\u00ebt\u00eb qytet!\",\"datePublished\":\"2012-06-26T08:02:12+00:00\",\"mainEntityOfPage\":{\"@id\":\"https:\\\/\\\/fjala.info\\\/2009-2015\\\/luli-ka-te-drejte-ta-urreje-kete-qytet\\\/\"},\"wordCount\":1122,\"commentCount\":0,\"publisher\":{\"@id\":\"https:\\\/\\\/fjala.info\\\/2009-2015\\\/#organization\"},\"image\":{\"@id\":\"https:\\\/\\\/fjala.info\\\/2009-2015\\\/luli-ka-te-drejte-ta-urreje-kete-qytet\\\/#primaryimage\"},\"thumbnailUrl\":\"http:\\\/\\\/www.fjala.info\\\/2012\\\/mero_baze.jpg\",\"articleSection\":[\"Artikuj\"],\"inLanguage\":\"sq-AL\",\"potentialAction\":[{\"@type\":\"CommentAction\",\"name\":\"Comment\",\"target\":[\"https:\\\/\\\/fjala.info\\\/2009-2015\\\/luli-ka-te-drejte-ta-urreje-kete-qytet\\\/#respond\"]}]},{\"@type\":\"WebPage\",\"@id\":\"https:\\\/\\\/fjala.info\\\/2009-2015\\\/luli-ka-te-drejte-ta-urreje-kete-qytet\\\/\",\"url\":\"https:\\\/\\\/fjala.info\\\/2009-2015\\\/luli-ka-te-drejte-ta-urreje-kete-qytet\\\/\",\"name\":\"Luli ka t\u00eb drejt\u00eb ta urrej\u00eb k\u00ebt\u00eb qytet! - FjALA e LIR\u00cb - Arkivi\",\"isPartOf\":{\"@id\":\"https:\\\/\\\/fjala.info\\\/2009-2015\\\/#website\"},\"primaryImageOfPage\":{\"@id\":\"https:\\\/\\\/fjala.info\\\/2009-2015\\\/luli-ka-te-drejte-ta-urreje-kete-qytet\\\/#primaryimage\"},\"image\":{\"@id\":\"https:\\\/\\\/fjala.info\\\/2009-2015\\\/luli-ka-te-drejte-ta-urreje-kete-qytet\\\/#primaryimage\"},\"thumbnailUrl\":\"http:\\\/\\\/www.fjala.info\\\/2012\\\/mero_baze.jpg\",\"datePublished\":\"2012-06-26T08:02:12+00:00\",\"breadcrumb\":{\"@id\":\"https:\\\/\\\/fjala.info\\\/2009-2015\\\/luli-ka-te-drejte-ta-urreje-kete-qytet\\\/#breadcrumb\"},\"inLanguage\":\"sq-AL\",\"potentialAction\":[{\"@type\":\"ReadAction\",\"target\":[\"https:\\\/\\\/fjala.info\\\/2009-2015\\\/luli-ka-te-drejte-ta-urreje-kete-qytet\\\/\"]}]},{\"@type\":\"ImageObject\",\"inLanguage\":\"sq-AL\",\"@id\":\"https:\\\/\\\/fjala.info\\\/2009-2015\\\/luli-ka-te-drejte-ta-urreje-kete-qytet\\\/#primaryimage\",\"url\":\"http:\\\/\\\/www.fjala.info\\\/2012\\\/mero_baze.jpg\",\"contentUrl\":\"http:\\\/\\\/www.fjala.info\\\/2012\\\/mero_baze.jpg\"},{\"@type\":\"BreadcrumbList\",\"@id\":\"https:\\\/\\\/fjala.info\\\/2009-2015\\\/luli-ka-te-drejte-ta-urreje-kete-qytet\\\/#breadcrumb\",\"itemListElement\":[{\"@type\":\"ListItem\",\"position\":1,\"name\":\"Home\",\"item\":\"https:\\\/\\\/fjala.info\\\/2009-2015\\\/\"},{\"@type\":\"ListItem\",\"position\":2,\"name\":\"Luli ka t\u00eb drejt\u00eb ta urrej\u00eb k\u00ebt\u00eb qytet!\"}]},{\"@type\":\"WebSite\",\"@id\":\"https:\\\/\\\/fjala.info\\\/2009-2015\\\/#website\",\"url\":\"https:\\\/\\\/fjala.info\\\/2009-2015\\\/\",\"name\":\"FjALA e LIR\u00cb - Arkivi\",\"description\":\"Arkivi 2009-2015\",\"publisher\":{\"@id\":\"https:\\\/\\\/fjala.info\\\/2009-2015\\\/#organization\"},\"potentialAction\":[{\"@type\":\"SearchAction\",\"target\":{\"@type\":\"EntryPoint\",\"urlTemplate\":\"https:\\\/\\\/fjala.info\\\/2009-2015\\\/?s={search_term_string}\"},\"query-input\":{\"@type\":\"PropertyValueSpecification\",\"valueRequired\":true,\"valueName\":\"search_term_string\"}}],\"inLanguage\":\"sq-AL\"},{\"@type\":\"Organization\",\"@id\":\"https:\\\/\\\/fjala.info\\\/2009-2015\\\/#organization\",\"name\":\"FjALA e LIR\u00cb - Arkivi\",\"url\":\"https:\\\/\\\/fjala.info\\\/2009-2015\\\/\",\"logo\":{\"@type\":\"ImageObject\",\"inLanguage\":\"sq-AL\",\"@id\":\"https:\\\/\\\/fjala.info\\\/2009-2015\\\/#\\\/schema\\\/logo\\\/image\\\/\",\"url\":\"\",\"contentUrl\":\"\",\"caption\":\"FjALA e LIR\u00cb - Arkivi\"},\"image\":{\"@id\":\"https:\\\/\\\/fjala.info\\\/2009-2015\\\/#\\\/schema\\\/logo\\\/image\\\/\"}},{\"@type\":\"Person\",\"@id\":\"https:\\\/\\\/fjala.info\\\/2009-2015\\\/#\\\/schema\\\/person\\\/3aa1163ef05469c496fc94e77611ada2\",\"name\":\"admin\",\"image\":{\"@type\":\"ImageObject\",\"inLanguage\":\"sq-AL\",\"@id\":\"https:\\\/\\\/fjala.info\\\/2009-2015\\\/wp-content\\\/uploads\\\/2012\\\/02\\\/arben_cokaj-120x150.jpg\",\"url\":\"https:\\\/\\\/fjala.info\\\/2009-2015\\\/wp-content\\\/uploads\\\/2012\\\/02\\\/arben_cokaj-120x150.jpg\",\"contentUrl\":\"https:\\\/\\\/fjala.info\\\/2009-2015\\\/wp-content\\\/uploads\\\/2012\\\/02\\\/arben_cokaj-120x150.jpg\",\"caption\":\"admin\"},\"description\":\"Admin, Fjala e Lir\u00eb\",\"sameAs\":[\"https:\\\/\\\/fjala.info\\\/\"],\"url\":\"https:\\\/\\\/fjala.info\\\/2009-2015\\\/author\\\/admin\\\/\"}]}<\/script>\n<!-- \/ Yoast SEO plugin. -->","yoast_head_json":{"title":"Luli ka t\u00eb drejt\u00eb ta urrej\u00eb k\u00ebt\u00eb qytet! - FjALA e LIR\u00cb - Arkivi","robots":{"index":"index","follow":"follow","max-snippet":"max-snippet:-1","max-image-preview":"max-image-preview:large","max-video-preview":"max-video-preview:-1"},"canonical":"https:\/\/fjala.info\/2009-2015\/luli-ka-te-drejte-ta-urreje-kete-qytet\/","og_locale":"sq_AL","og_type":"article","og_title":"Luli ka t\u00eb drejt\u00eb ta urrej\u00eb k\u00ebt\u00eb qytet! - FjALA e LIR\u00cb - Arkivi","og_description":"Nga Mero Baze, 25 Qershor 2012 Dje mu kujtua Ismail Kadareja, shkrimtari yn\u00eb ikon\u00eb, q\u00eb kur rri n\u00eb Paris jeton me Tiran\u00ebn dhe kur \u00ebsht\u00eb n\u00eb Tiran\u00eb xhindoset se i kujtohet Parisi. Ai ka zgjedhur vite m\u00eb par\u00eb nj\u00eb apartament n\u00eb Sky Tower n\u00eb nj\u00eb kat t\u00eb lart\u00eb, p\u00ebr nj\u00eb arsye q\u00eb mund ta kuptoj\u00eb [&hellip;]","og_url":"https:\/\/fjala.info\/2009-2015\/luli-ka-te-drejte-ta-urreje-kete-qytet\/","og_site_name":"FjALA e LIR\u00cb - Arkivi","article_published_time":"2012-06-26T08:02:12+00:00","og_image":[{"url":"http:\/\/www.fjala.info\/2012\/mero_baze.jpg","type":"","width":"","height":""}],"author":"admin","twitter_card":"summary_large_image","twitter_misc":{"Written by":"admin","Est. reading time":"6 minutes"},"schema":{"@context":"https:\/\/schema.org","@graph":[{"@type":"Article","@id":"https:\/\/fjala.info\/2009-2015\/luli-ka-te-drejte-ta-urreje-kete-qytet\/#article","isPartOf":{"@id":"https:\/\/fjala.info\/2009-2015\/luli-ka-te-drejte-ta-urreje-kete-qytet\/"},"author":{"name":"admin","@id":"https:\/\/fjala.info\/2009-2015\/#\/schema\/person\/3aa1163ef05469c496fc94e77611ada2"},"headline":"Luli ka t\u00eb drejt\u00eb ta urrej\u00eb k\u00ebt\u00eb qytet!","datePublished":"2012-06-26T08:02:12+00:00","mainEntityOfPage":{"@id":"https:\/\/fjala.info\/2009-2015\/luli-ka-te-drejte-ta-urreje-kete-qytet\/"},"wordCount":1122,"commentCount":0,"publisher":{"@id":"https:\/\/fjala.info\/2009-2015\/#organization"},"image":{"@id":"https:\/\/fjala.info\/2009-2015\/luli-ka-te-drejte-ta-urreje-kete-qytet\/#primaryimage"},"thumbnailUrl":"http:\/\/www.fjala.info\/2012\/mero_baze.jpg","articleSection":["Artikuj"],"inLanguage":"sq-AL","potentialAction":[{"@type":"CommentAction","name":"Comment","target":["https:\/\/fjala.info\/2009-2015\/luli-ka-te-drejte-ta-urreje-kete-qytet\/#respond"]}]},{"@type":"WebPage","@id":"https:\/\/fjala.info\/2009-2015\/luli-ka-te-drejte-ta-urreje-kete-qytet\/","url":"https:\/\/fjala.info\/2009-2015\/luli-ka-te-drejte-ta-urreje-kete-qytet\/","name":"Luli ka t\u00eb drejt\u00eb ta urrej\u00eb k\u00ebt\u00eb qytet! - FjALA e LIR\u00cb - Arkivi","isPartOf":{"@id":"https:\/\/fjala.info\/2009-2015\/#website"},"primaryImageOfPage":{"@id":"https:\/\/fjala.info\/2009-2015\/luli-ka-te-drejte-ta-urreje-kete-qytet\/#primaryimage"},"image":{"@id":"https:\/\/fjala.info\/2009-2015\/luli-ka-te-drejte-ta-urreje-kete-qytet\/#primaryimage"},"thumbnailUrl":"http:\/\/www.fjala.info\/2012\/mero_baze.jpg","datePublished":"2012-06-26T08:02:12+00:00","breadcrumb":{"@id":"https:\/\/fjala.info\/2009-2015\/luli-ka-te-drejte-ta-urreje-kete-qytet\/#breadcrumb"},"inLanguage":"sq-AL","potentialAction":[{"@type":"ReadAction","target":["https:\/\/fjala.info\/2009-2015\/luli-ka-te-drejte-ta-urreje-kete-qytet\/"]}]},{"@type":"ImageObject","inLanguage":"sq-AL","@id":"https:\/\/fjala.info\/2009-2015\/luli-ka-te-drejte-ta-urreje-kete-qytet\/#primaryimage","url":"http:\/\/www.fjala.info\/2012\/mero_baze.jpg","contentUrl":"http:\/\/www.fjala.info\/2012\/mero_baze.jpg"},{"@type":"BreadcrumbList","@id":"https:\/\/fjala.info\/2009-2015\/luli-ka-te-drejte-ta-urreje-kete-qytet\/#breadcrumb","itemListElement":[{"@type":"ListItem","position":1,"name":"Home","item":"https:\/\/fjala.info\/2009-2015\/"},{"@type":"ListItem","position":2,"name":"Luli ka t\u00eb drejt\u00eb ta urrej\u00eb k\u00ebt\u00eb qytet!"}]},{"@type":"WebSite","@id":"https:\/\/fjala.info\/2009-2015\/#website","url":"https:\/\/fjala.info\/2009-2015\/","name":"FjALA e LIR\u00cb - Arkivi","description":"Arkivi 2009-2015","publisher":{"@id":"https:\/\/fjala.info\/2009-2015\/#organization"},"potentialAction":[{"@type":"SearchAction","target":{"@type":"EntryPoint","urlTemplate":"https:\/\/fjala.info\/2009-2015\/?s={search_term_string}"},"query-input":{"@type":"PropertyValueSpecification","valueRequired":true,"valueName":"search_term_string"}}],"inLanguage":"sq-AL"},{"@type":"Organization","@id":"https:\/\/fjala.info\/2009-2015\/#organization","name":"FjALA e LIR\u00cb - Arkivi","url":"https:\/\/fjala.info\/2009-2015\/","logo":{"@type":"ImageObject","inLanguage":"sq-AL","@id":"https:\/\/fjala.info\/2009-2015\/#\/schema\/logo\/image\/","url":"","contentUrl":"","caption":"FjALA e LIR\u00cb - Arkivi"},"image":{"@id":"https:\/\/fjala.info\/2009-2015\/#\/schema\/logo\/image\/"}},{"@type":"Person","@id":"https:\/\/fjala.info\/2009-2015\/#\/schema\/person\/3aa1163ef05469c496fc94e77611ada2","name":"admin","image":{"@type":"ImageObject","inLanguage":"sq-AL","@id":"https:\/\/fjala.info\/2009-2015\/wp-content\/uploads\/2012\/02\/arben_cokaj-120x150.jpg","url":"https:\/\/fjala.info\/2009-2015\/wp-content\/uploads\/2012\/02\/arben_cokaj-120x150.jpg","contentUrl":"https:\/\/fjala.info\/2009-2015\/wp-content\/uploads\/2012\/02\/arben_cokaj-120x150.jpg","caption":"admin"},"description":"Admin, Fjala e Lir\u00eb","sameAs":["https:\/\/fjala.info\/"],"url":"https:\/\/fjala.info\/2009-2015\/author\/admin\/"}]}},"_links":{"self":[{"href":"https:\/\/fjala.info\/2009-2015\/wp-json\/wp\/v2\/posts\/3399","targetHints":{"allow":["GET"]}}],"collection":[{"href":"https:\/\/fjala.info\/2009-2015\/wp-json\/wp\/v2\/posts"}],"about":[{"href":"https:\/\/fjala.info\/2009-2015\/wp-json\/wp\/v2\/types\/post"}],"author":[{"embeddable":true,"href":"https:\/\/fjala.info\/2009-2015\/wp-json\/wp\/v2\/users\/1"}],"replies":[{"embeddable":true,"href":"https:\/\/fjala.info\/2009-2015\/wp-json\/wp\/v2\/comments?post=3399"}],"version-history":[{"count":0,"href":"https:\/\/fjala.info\/2009-2015\/wp-json\/wp\/v2\/posts\/3399\/revisions"}],"wp:attachment":[{"href":"https:\/\/fjala.info\/2009-2015\/wp-json\/wp\/v2\/media?parent=3399"}],"wp:term":[{"taxonomy":"category","embeddable":true,"href":"https:\/\/fjala.info\/2009-2015\/wp-json\/wp\/v2\/categories?post=3399"},{"taxonomy":"post_tag","embeddable":true,"href":"https:\/\/fjala.info\/2009-2015\/wp-json\/wp\/v2\/tags?post=3399"}],"curies":[{"name":"wp","href":"https:\/\/api.w.org\/{rel}","templated":true}]}}