{"id":3394,"date":"2010-07-18T22:15:02","date_gmt":"2010-07-18T21:15:02","guid":{"rendered":"http:\/\/fjala.shkoder.net\/?p=3394"},"modified":"2010-07-18T22:15:02","modified_gmt":"2010-07-18T21:15:02","slug":"a-jemi-ne-shoqeri-ne-depresion","status":"publish","type":"post","link":"https:\/\/fjala.info\/2009-2015\/a-jemi-ne-shoqeri-ne-depresion\/","title":{"rendered":"A jemi ne, shoq\u00ebri n\u00eb depresion?"},"content":{"rendered":"<p><strong>Koloreto Cukali<\/strong>, <em>18.07.2010<\/em><\/p>\n<p>Nuk guxoj t\u00eb pyes me z\u00eb t\u00eb lart\u00eb &#8220;a jam i lumtur&#8221; sepse nj\u00eb i djatht\u00eb do m\u00eb thot\u00eb q\u00eb jam i lumtur, nd\u00ebrsa nj\u00eb i majt\u00eb q\u00eb jam i palumtur. \u00c7far\u00eb desh\u00ebt t\u00eb pyesni ju? A na do Europa? Pozita thot\u00eb q\u00eb po, opozita thot\u00eb q\u00eb jo. Apo mos desh\u00ebt t\u00eb pyesni n\u00ebse George Clooney \u00ebsht\u00eb gej? Opozita sigurisht do thot\u00eb &#8220;jo&#8221;, nd\u00ebrsa maxhoranca jep garanci q\u00eb \u00ebsht\u00eb gej e shkuar geut. Kjo ndodh p\u00ebr \u00e7do gj\u00eb. E v\u00ebrteta, na shfaqet me 2 fytyra krejt t\u00eb kund\u00ebrta n\u00eb k\u00ebt\u00eb vend. Fytyr\u00ebn e atyre q\u00eb jan\u00eb mbi pushtet, dhe fytyr\u00ebn e atyre q\u00eb jan\u00eb n\u00ebn pushtet.<\/p>\n<p>Them mbi e n\u00ebn, se s&#8217;mund ta them n\u00eb pushtet, meq\u00eb pushteti koh\u00ebt e fundit nuk \u00ebsht\u00eb asgj\u00eb p\u00ebrve\u00e7se vija q\u00eb ndan ata q\u00eb kan\u00eb gurin dhe arr\u00ebn n\u00eb dor\u00eb, nga ata q\u00eb e kishin dhe q\u00eb po vdesin q\u00eb ta ken\u00eb prap\u00eb gurin dhe arr\u00ebn n\u00eb dor\u00eb.<br \/>\nSi p\u00ebrher\u00eb, nuk b\u00ebhet fjal\u00eb q\u00eb t\u00eb bien dakort, t\u00eb mbaj\u00eb nj\u00ebri arr\u00ebn e tjetri gurin.<br \/>\nPo, p\u00ebr t\u00eb mos u larguar nga tema, &#8220;A jemi ne t\u00eb lumtur?&#8221;<\/p>\n<p><strong>GJITH\u00c7KA SHITET<\/strong><\/p>\n<p>Q\u00eb mos duket si dialog telenovelash, po e b\u00ebj pyetjen ndryshe. &#8220;A jemi ne shoq\u00ebri n\u00eb depresion?&#8221; Njer\u00ebzit me simpatira\/bindje\/interesa t\u00eb nj\u00ebrit krah do konfirmonin &#8220;po&#8221;! Ata me simpatira\/bindje\/interesa t\u00eb krahut tjet\u00ebr politik, do ngulnin k\u00ebmb\u00eb &#8220;sigurisht q\u00eb jo!&#8221;<\/p>\n<p>P\u00ebr ta analizuar n\u00ebse shoq\u00ebria jon\u00eb i ngjan apo jo sht\u00ebpiakeve t\u00eb d\u00ebshp\u00ebruara, kam zgjedhur dy element\u00eb: jeta dhe prona &#8211; vet\u00ebvrasjet dhe gazet\u00ebn \u00c7el\u00ebsi.<br \/>\nLexoj nganj\u00ebher\u00eb \u00c7el\u00ebsin, sa p\u00ebr t\u00eb par\u00eb \u00e7far\u00eb shesin njer\u00ebzit. Po shesin gjith\u00e7ka, q\u00eb nga qenush\u00ebt e deri tek brisqet e rroj\u00ebs. Shitet nj\u00eb bi\u00e7iklet\u00eb shum\u00eb e p\u00ebrdorur, nj\u00eb parafang\u00eb benzi e para 12 viteve, nj\u00eb karrige shum\u00eb e p\u00ebrdorur berberi, shitet nj\u00eb hart\u00eb Shqip\u00ebrie (e \u00e7&#8217;e duam hart\u00ebn, kaq shpejt sa po e shesin k\u00ebt\u00eb vend ajo Hart\u00eb pak vite jet\u00eb ka), shitet thar\u00ebse flok\u00ebsh (i thajm\u00eb n\u00eb diell), shitet nj\u00eb lib\u00ebr, shitet korniz\u00eb, shitet \u00e7do gj\u00eb q\u00eb mund t\u00eb sjell\u00eb lek.<\/p>\n<p>Shiten linja t\u00eb t\u00ebra prodhimi: shenj\u00eb q\u00eb dikush u nis t\u00eb b\u00ebnte nj\u00eb biznes, investoi, e pastaj hoqi dor\u00eb. Qerat\u00eb jan\u00eb shum\u00eb t\u00eb ul\u00ebta, ndryshe askush s&#8217;do merrte sht\u00ebpi me qera. Ka vet\u00ebm k\u00ebrkesa p\u00ebr pun\u00eb, e pothuaj aspak oferta p\u00ebr pun\u00eb. K\u00ebrkojn\u00eb pun\u00eb inxhinier\u00eb, m\u00ebsuese, administratore, ekonomiste, t\u00eb t\u00ebr\u00eb me shkoll\u00eb t\u00eb lart\u00eb. Madje, dhe nj\u00eb bodigard me shkoll\u00eb t\u00eb lart\u00eb.<\/p>\n<p>Shiten shum\u00eb qen. Sakrifica fillon nga fundi i zinxhirit. Dhe nuk ka d\u00ebshp\u00ebrim m\u00eb t\u00eb madh se kur je i detyruar t\u00eb shes\u00ebsh qenin t\u00ebnd.<\/p>\n<p><strong>FLUTURIMI NGA KATI I 5-t\u00eb<\/strong><\/p>\n<p>Nga ana tjet\u00ebr, gati \u00e7do dit\u00eb vret veten nj\u00eb person, nganj\u00ebher\u00eb dhe dy. Pata menduar q\u00eb me ardhjen e ver\u00ebs, ky num\u00ebr do t\u00eb pak\u00ebsohej, ca ngaq\u00eb vera sikur t\u00eb k\u00ebndell e t\u00eb jep ca shpres\u00eb, e ca duke menduar q\u00eb ata nuk do donin q\u00eb t\u00eb b\u00ebjm\u00eb figur\u00eb t\u00eb keqe para turist\u00ebve.<\/p>\n<p>Por jo. Njer\u00ebzit me t\u00eb cil\u00ebt ndajm\u00eb k\u00ebt\u00eb vend, vrasin veten p\u00ebrdit\u00eb, kush me arm\u00eb, kush me fluturim nga kati 5, kush me helm, kush me varje. Sipas medias, n\u00eb shumic\u00ebn e rasteve vetvrasja \u00ebsht\u00eb p\u00ebr shkak t\u00eb varf\u00ebris\u00eb.<\/p>\n<p>T\u00eb mbytur nuk kemi, sepse, Tirana nuk ka lum\u00eb. Nuk ua kemi dh\u00ebn\u00eb shansin q\u00eb t\u00eb hidhen nga ura. Por ama, shteti, i nj\u00ebjti q\u00eb i le n\u00eb m\u00ebshir\u00ebn e fatit, ua jep nj\u00eb shans tjet\u00ebr. I ka furnizuar me arm\u00eb; me kulla t\u00eb larta prej nga t\u00eb mund t\u00eb hidhen pa pasur frik\u00eb se shp\u00ebtojn\u00eb gjall\u00eb, qoft\u00eb dhe rast\u00ebsisht; i furnizon rregullisht me helm p\u00ebr minj&#8230;<\/p>\n<p>Vet\u00eb shteti i vret qent\u00eb rruga\u00e7\u00eb, nd\u00ebrsa p\u00ebr minjt\u00eb ta le helmin ty.<br \/>\nKa koh\u00eb q\u00eb nuk lexoj p\u00ebr vet\u00ebvrasje nga dashuria. Njer\u00ebz q\u00eb kur t\u00eb thon\u00eb &#8220;vdeksha p\u00ebr ty&#8221; e kan\u00eb seriozisht.<br \/>\nKoh\u00ebt depresive do t\u00eb ken\u00eb marr\u00eb fund dhe ne do t\u00eb jemi nj\u00eb komb i lumtur vet\u00ebm kur t\u00eb lexojm\u00eb q\u00eb njer\u00ebzit po vrasin veten nga dashuria e jo nga varf\u00ebria.<\/p>\n<p><strong>VDEKJA E FUTBOLLIT<\/strong><\/p>\n<p>Ekziston dhe kategoria e atyre q\u00eb vrasin veten pasi kan\u00eb l\u00ebn\u00eb gjith\u00e7ka n\u00eb baste. K\u00ebta, vdesin nga dashuria p\u00ebr sportin q\u00eb mund ti kish b\u00ebr\u00eb t\u00eb pasur. Nuk kam shum\u00eb p\u00ebr ti shtuar asaj q\u00eb ka shkruar Besnik Dizdari e Fatos Lubonja, apo etiket\u00ebs s\u00eb Johan Krujf p\u00ebr Kampionatin Bot\u00ebror si anti-futboll. Personalisht, mendoj q\u00eb ishte nj\u00eb kampionat i sh\u00ebmtuar, ku e vetmja ndeshje e bukur, Gjermani &#8211; Uruguai, ishte ndeshje jasht\u00eb konkurimi, tradicionalisht e krijuar vet\u00ebm p\u00ebr marketingun e FIFA-s.<\/p>\n<p>Tifoz\u00eb q\u00eb brohorasin jo p\u00ebr futbollin po p\u00ebr lek\u00ebt q\u00eb kan\u00eb v\u00ebn\u00eb n\u00eb lloto; Hollanda q\u00eb luan si Interi; tifoz\u00eb q\u00eb b\u00ebhen me Portugalin\u00eb se K.Ronaldo \u00ebsht\u00eb \u00e7un seksi.<br \/>\nE gjitha kjo, ka koh\u00eb q\u00eb po e vret futbollin.<br \/>\nKy kampionat i sh\u00ebmtuar, megjithat\u00eb, e ka b\u00ebr\u00eb FIFA-n akoma m\u00eb t\u00eb pasur. Prandaj e urrej futbollin m\u00eb shum\u00eb se \u00e7&#8217;urrej Bankat.<\/p>\n<p><strong>FUTBOLLI SI URREJTJE<\/strong><\/p>\n<p>Ju kujtohet Gjermani &#8211; Spanj\u00eb? Kishte tifoz\u00eb t\u00eb \u00e7mendur p\u00ebr Gjermanin\u00eb dhe tifoz\u00eb t\u00eb \u00e7mendur kund\u00ebr Gjermanis\u00eb. Thuajse asnj\u00eb tifoz i Spanj\u00ebs. Po k\u00ebshtu kur luante Italia apo Brazili. Kam par\u00eb njer\u00ebz t\u00eb hidheshin p\u00ebrpjet\u00eb p\u00ebr golin e Kores\u00eb s\u00eb Veriut si t&#8217;u kish lindur djal\u00eb. Dhe nuk kishin v\u00ebn\u00eb as bast. Tipike e jona. Ne nuk jemi pro k\u00ebtij, po jemi kund\u00ebr atij tjetrit. Ne b\u00ebjm\u00eb tifo q\u00eb Tjetri t\u00eb mos g\u00ebzoj\u00eb.<\/p>\n<p>Neve, edhe me sportin, na lidh urrejtja.<br \/>\nJo urrejtja p\u00ebr gjerman\u00ebt. Urrejtja p\u00ebr shqiptar\u00ebt. Urrejtja p\u00ebr shqiptar\u00ebt tifoz\u00eb me Gjermanin\u00eb. Me Italin\u00eb. Me Brazilin. Urrejtja p\u00ebr ty, p\u00ebr mua, p\u00ebr fqinjin ton\u00eb q\u00eb \u00ebsht\u00eb tifoz i tyre. Ne e kemi hal\u00eb n\u00eb sy g\u00ebzimin e tjetrit.<\/p>\n<p>Nga ana tjet\u00ebr, festa e tij &#8211; festa jon\u00eb &#8211; n\u00eb rast fitoreje \u00ebsht\u00eb e dhunshme. Fqinji, po fitoi do na shqet\u00ebsoj\u00eb me g\u00ebzimin e tij. Sepse, edhe kur festojm\u00eb, festojm\u00eb si p\u00ebr inat t\u00eb tjetrit. G\u00ebzimi jon\u00eb ka brenda urrejtjen p\u00ebr at\u00eb q\u00eb u mund. Pa folur q\u00eb g\u00ebzimet tona jan\u00eb me t\u00eb thyera stolash, me shkrepje arm\u00ebsh, me britma e me t\u00eb shara.<\/p>\n<p>G\u00ebzim i ekzagjeruar p\u00ebr di\u00e7ka q\u00eb n\u00eb t\u00eb v\u00ebrtet\u00eb, nuk na p\u00ebrket. \u00cbsht\u00eb i nj\u00ebjti emocion negativ q\u00eb ndjejm\u00eb kur militant\u00ebt festojn\u00eb para kohe fitoren e Partis\u00eb s\u00eb tyre me buri makinash e flamuj n\u00ebp\u00ebr rrug\u00eb. M\u00eb varfanjak\u00ebt g\u00ebzojn\u00eb q\u00eb pasanik\u00ebt po b\u00ebhen deputet\u00eb!<br \/>\nDhe n\u00eb futboll, kombi i fundit i mbetur jasht\u00eb Evrop\u00ebs b\u00ebn tifo si i \u00e7mendur p\u00ebr Italin\u00eb, Anglin\u00eb ose Gjermanin\u00eb, madje g\u00ebzon m\u00eb fort se vet\u00eb ata.<\/p>\n<p><strong>VDEKJA M\u00cb VJEN PREJ SYVE T\u00cb TILL\u00cb<\/strong><\/p>\n<p>Ka vdekur futbolli, ka vdekur Arqile Boti, dhe, t\u00eb tjer\u00ebt hidhen p\u00ebrdit\u00eb nga ballkoni.<br \/>\nArqile Botin nuk di me se do mund ta z\u00ebvend\u00ebsojm\u00eb. Mbase me Elton Ded\u00ebn, q\u00eb \u00ebsht\u00eb kthyer p\u00ebr pak dit\u00eb nga m\u00ebrgimi.<\/p>\n<p>Por, p\u00ebr futbollin di\u00e7ka mund t\u00eb b\u00ebjm\u00eb. Futbolli nuk besoj se sh\u00ebrohet n\u00ebse ndalohen kompanit\u00eb e basteve. As n\u00ebse Murinjo internohet sepse nd\u00ebrtoi nj\u00eb Inter q\u00eb e ruan port\u00ebn si der\u00eb burgu. As n\u00ebse Bekam ndahet nga Viktoria.<br \/>\nFutbolli rilind, kur ne t\u00eb refuzojm\u00eb t\u00eb shkojm\u00eb n\u00eb stadium p\u00ebr kampionatin ton\u00eb me rezultate t\u00eb shitura apo p\u00ebr t\u00eb par\u00eb seanc\u00ebn st\u00ebrvitore t\u00eb Real Madridit me Gramozin.<\/p>\n<p>Futbolli rilind, kur ne t\u00eb refuzojm\u00eb t\u00eb ndjekim edhe n\u00eb TV kampionatet e anti-futbollit, apo t\u00eb b\u00ebjm\u00eb tifo p\u00ebr ekipet q\u00eb b\u00ebjn\u00eb rezultat por jo loj\u00eb.<br \/>\nFutbolli rilind, kur ne t\u00eb dalim te fushat e rrjepura e t\u00eb ndjekim ekipin q\u00eb v\u00ebrtet\u00eb na p\u00ebrket, at\u00eb t\u00eb lagjes.<\/p>\n<p>Dal nganj\u00ebher\u00eb te fusha e sportit pran\u00eb pallatit tim dhe shoh ekipet e 14 vje\u00e7ar\u00ebve q\u00eb luajn\u00eb futboll, me atlete gabi e me fanella t\u00eb sajuara si kan\u00eb mundur. Por, luajn\u00eb futboll t\u00eb v\u00ebrtet\u00eb. Futboll p\u00ebr pasion e jo p\u00ebr tu b\u00ebr\u00eb miliarder\u00eb e \u00e7una kopertinash. Futbolli q\u00eb luhej para 100 vjet\u00ebsh te Shallvaret.<\/p>\n","protected":false},"excerpt":{"rendered":"<p>Koloreto Cukali, 18.07.2010 Nuk guxoj t\u00eb pyes me z\u00eb t\u00eb lart\u00eb &#8220;a jam i lumtur&#8221; sepse nj\u00eb i djatht\u00eb do m\u00eb thot\u00eb q\u00eb jam i lumtur, nd\u00ebrsa nj\u00eb i majt\u00eb q\u00eb jam i palumtur. \u00c7far\u00eb desh\u00ebt t\u00eb pyesni ju? A na do Europa? Pozita thot\u00eb q\u00eb po, opozita thot\u00eb q\u00eb jo. Apo mos desh\u00ebt t\u00eb [&hellip;]<\/p>\n","protected":false},"author":1,"featured_media":0,"comment_status":"open","ping_status":"closed","sticky":false,"template":"","format":"standard","meta":{"footnotes":""},"categories":[2],"tags":[],"class_list":{"0":"post-3394","1":"post","2":"type-post","3":"status-publish","4":"format-standard","6":"category-artikuj"},"yoast_head":"<!-- This site is optimized with the Yoast SEO plugin v27.4 - https:\/\/yoast.com\/product\/yoast-seo-wordpress\/ -->\n<title>A jemi ne, shoq\u00ebri n\u00eb depresion? - FjALA e LIR\u00cb - Arkivi<\/title>\n<meta name=\"robots\" content=\"index, follow, max-snippet:-1, max-image-preview:large, max-video-preview:-1\" \/>\n<link rel=\"canonical\" href=\"https:\/\/fjala.info\/2009-2015\/a-jemi-ne-shoqeri-ne-depresion\/\" \/>\n<meta property=\"og:locale\" content=\"sq_AL\" \/>\n<meta property=\"og:type\" content=\"article\" \/>\n<meta property=\"og:title\" content=\"A jemi ne, shoq\u00ebri n\u00eb depresion? - FjALA e LIR\u00cb - Arkivi\" \/>\n<meta property=\"og:description\" content=\"Koloreto Cukali, 18.07.2010 Nuk guxoj t\u00eb pyes me z\u00eb t\u00eb lart\u00eb &#8220;a jam i lumtur&#8221; sepse nj\u00eb i djatht\u00eb do m\u00eb thot\u00eb q\u00eb jam i lumtur, nd\u00ebrsa nj\u00eb i majt\u00eb q\u00eb jam i palumtur. \u00c7far\u00eb desh\u00ebt t\u00eb pyesni ju? A na do Europa? Pozita thot\u00eb q\u00eb po, opozita thot\u00eb q\u00eb jo. Apo mos desh\u00ebt t\u00eb [&hellip;]\" \/>\n<meta property=\"og:url\" content=\"https:\/\/fjala.info\/2009-2015\/a-jemi-ne-shoqeri-ne-depresion\/\" \/>\n<meta property=\"og:site_name\" content=\"FjALA e LIR\u00cb - Arkivi\" \/>\n<meta property=\"article:published_time\" content=\"2010-07-18T21:15:02+00:00\" \/>\n<meta name=\"author\" content=\"admin\" \/>\n<meta name=\"twitter:card\" content=\"summary_large_image\" \/>\n<meta name=\"twitter:label1\" content=\"Written by\" \/>\n\t<meta name=\"twitter:data1\" content=\"admin\" \/>\n\t<meta name=\"twitter:label2\" content=\"Est. reading time\" \/>\n\t<meta name=\"twitter:data2\" content=\"7 minutes\" \/>\n<script type=\"application\/ld+json\" class=\"yoast-schema-graph\">{\"@context\":\"https:\\\/\\\/schema.org\",\"@graph\":[{\"@type\":\"Article\",\"@id\":\"https:\\\/\\\/fjala.info\\\/2009-2015\\\/a-jemi-ne-shoqeri-ne-depresion\\\/#article\",\"isPartOf\":{\"@id\":\"https:\\\/\\\/fjala.info\\\/2009-2015\\\/a-jemi-ne-shoqeri-ne-depresion\\\/\"},\"author\":{\"name\":\"admin\",\"@id\":\"https:\\\/\\\/fjala.info\\\/2009-2015\\\/#\\\/schema\\\/person\\\/3aa1163ef05469c496fc94e77611ada2\"},\"headline\":\"A jemi ne, shoq\u00ebri n\u00eb depresion?\",\"datePublished\":\"2010-07-18T21:15:02+00:00\",\"mainEntityOfPage\":{\"@id\":\"https:\\\/\\\/fjala.info\\\/2009-2015\\\/a-jemi-ne-shoqeri-ne-depresion\\\/\"},\"wordCount\":1474,\"commentCount\":0,\"publisher\":{\"@id\":\"https:\\\/\\\/fjala.info\\\/2009-2015\\\/#organization\"},\"articleSection\":[\"Artikuj\"],\"inLanguage\":\"sq-AL\",\"potentialAction\":[{\"@type\":\"CommentAction\",\"name\":\"Comment\",\"target\":[\"https:\\\/\\\/fjala.info\\\/2009-2015\\\/a-jemi-ne-shoqeri-ne-depresion\\\/#respond\"]}]},{\"@type\":\"WebPage\",\"@id\":\"https:\\\/\\\/fjala.info\\\/2009-2015\\\/a-jemi-ne-shoqeri-ne-depresion\\\/\",\"url\":\"https:\\\/\\\/fjala.info\\\/2009-2015\\\/a-jemi-ne-shoqeri-ne-depresion\\\/\",\"name\":\"A jemi ne, shoq\u00ebri n\u00eb depresion? - FjALA e LIR\u00cb - Arkivi\",\"isPartOf\":{\"@id\":\"https:\\\/\\\/fjala.info\\\/2009-2015\\\/#website\"},\"datePublished\":\"2010-07-18T21:15:02+00:00\",\"breadcrumb\":{\"@id\":\"https:\\\/\\\/fjala.info\\\/2009-2015\\\/a-jemi-ne-shoqeri-ne-depresion\\\/#breadcrumb\"},\"inLanguage\":\"sq-AL\",\"potentialAction\":[{\"@type\":\"ReadAction\",\"target\":[\"https:\\\/\\\/fjala.info\\\/2009-2015\\\/a-jemi-ne-shoqeri-ne-depresion\\\/\"]}]},{\"@type\":\"BreadcrumbList\",\"@id\":\"https:\\\/\\\/fjala.info\\\/2009-2015\\\/a-jemi-ne-shoqeri-ne-depresion\\\/#breadcrumb\",\"itemListElement\":[{\"@type\":\"ListItem\",\"position\":1,\"name\":\"Home\",\"item\":\"https:\\\/\\\/fjala.info\\\/2009-2015\\\/\"},{\"@type\":\"ListItem\",\"position\":2,\"name\":\"A jemi ne, shoq\u00ebri n\u00eb depresion?\"}]},{\"@type\":\"WebSite\",\"@id\":\"https:\\\/\\\/fjala.info\\\/2009-2015\\\/#website\",\"url\":\"https:\\\/\\\/fjala.info\\\/2009-2015\\\/\",\"name\":\"FjALA e LIR\u00cb - Arkivi\",\"description\":\"Arkivi 2009-2015\",\"publisher\":{\"@id\":\"https:\\\/\\\/fjala.info\\\/2009-2015\\\/#organization\"},\"potentialAction\":[{\"@type\":\"SearchAction\",\"target\":{\"@type\":\"EntryPoint\",\"urlTemplate\":\"https:\\\/\\\/fjala.info\\\/2009-2015\\\/?s={search_term_string}\"},\"query-input\":{\"@type\":\"PropertyValueSpecification\",\"valueRequired\":true,\"valueName\":\"search_term_string\"}}],\"inLanguage\":\"sq-AL\"},{\"@type\":\"Organization\",\"@id\":\"https:\\\/\\\/fjala.info\\\/2009-2015\\\/#organization\",\"name\":\"FjALA e LIR\u00cb - Arkivi\",\"url\":\"https:\\\/\\\/fjala.info\\\/2009-2015\\\/\",\"logo\":{\"@type\":\"ImageObject\",\"inLanguage\":\"sq-AL\",\"@id\":\"https:\\\/\\\/fjala.info\\\/2009-2015\\\/#\\\/schema\\\/logo\\\/image\\\/\",\"url\":\"\",\"contentUrl\":\"\",\"caption\":\"FjALA e LIR\u00cb - Arkivi\"},\"image\":{\"@id\":\"https:\\\/\\\/fjala.info\\\/2009-2015\\\/#\\\/schema\\\/logo\\\/image\\\/\"}},{\"@type\":\"Person\",\"@id\":\"https:\\\/\\\/fjala.info\\\/2009-2015\\\/#\\\/schema\\\/person\\\/3aa1163ef05469c496fc94e77611ada2\",\"name\":\"admin\",\"image\":{\"@type\":\"ImageObject\",\"inLanguage\":\"sq-AL\",\"@id\":\"https:\\\/\\\/fjala.info\\\/2009-2015\\\/wp-content\\\/uploads\\\/2012\\\/02\\\/arben_cokaj-120x150.jpg\",\"url\":\"https:\\\/\\\/fjala.info\\\/2009-2015\\\/wp-content\\\/uploads\\\/2012\\\/02\\\/arben_cokaj-120x150.jpg\",\"contentUrl\":\"https:\\\/\\\/fjala.info\\\/2009-2015\\\/wp-content\\\/uploads\\\/2012\\\/02\\\/arben_cokaj-120x150.jpg\",\"caption\":\"admin\"},\"description\":\"Admin, Fjala e Lir\u00eb\",\"sameAs\":[\"https:\\\/\\\/fjala.info\\\/\"],\"url\":\"https:\\\/\\\/fjala.info\\\/2009-2015\\\/author\\\/admin\\\/\"}]}<\/script>\n<!-- \/ Yoast SEO plugin. -->","yoast_head_json":{"title":"A jemi ne, shoq\u00ebri n\u00eb depresion? - FjALA e LIR\u00cb - Arkivi","robots":{"index":"index","follow":"follow","max-snippet":"max-snippet:-1","max-image-preview":"max-image-preview:large","max-video-preview":"max-video-preview:-1"},"canonical":"https:\/\/fjala.info\/2009-2015\/a-jemi-ne-shoqeri-ne-depresion\/","og_locale":"sq_AL","og_type":"article","og_title":"A jemi ne, shoq\u00ebri n\u00eb depresion? - FjALA e LIR\u00cb - Arkivi","og_description":"Koloreto Cukali, 18.07.2010 Nuk guxoj t\u00eb pyes me z\u00eb t\u00eb lart\u00eb &#8220;a jam i lumtur&#8221; sepse nj\u00eb i djatht\u00eb do m\u00eb thot\u00eb q\u00eb jam i lumtur, nd\u00ebrsa nj\u00eb i majt\u00eb q\u00eb jam i palumtur. \u00c7far\u00eb desh\u00ebt t\u00eb pyesni ju? A na do Europa? Pozita thot\u00eb q\u00eb po, opozita thot\u00eb q\u00eb jo. Apo mos desh\u00ebt t\u00eb [&hellip;]","og_url":"https:\/\/fjala.info\/2009-2015\/a-jemi-ne-shoqeri-ne-depresion\/","og_site_name":"FjALA e LIR\u00cb - Arkivi","article_published_time":"2010-07-18T21:15:02+00:00","author":"admin","twitter_card":"summary_large_image","twitter_misc":{"Written by":"admin","Est. reading time":"7 minutes"},"schema":{"@context":"https:\/\/schema.org","@graph":[{"@type":"Article","@id":"https:\/\/fjala.info\/2009-2015\/a-jemi-ne-shoqeri-ne-depresion\/#article","isPartOf":{"@id":"https:\/\/fjala.info\/2009-2015\/a-jemi-ne-shoqeri-ne-depresion\/"},"author":{"name":"admin","@id":"https:\/\/fjala.info\/2009-2015\/#\/schema\/person\/3aa1163ef05469c496fc94e77611ada2"},"headline":"A jemi ne, shoq\u00ebri n\u00eb depresion?","datePublished":"2010-07-18T21:15:02+00:00","mainEntityOfPage":{"@id":"https:\/\/fjala.info\/2009-2015\/a-jemi-ne-shoqeri-ne-depresion\/"},"wordCount":1474,"commentCount":0,"publisher":{"@id":"https:\/\/fjala.info\/2009-2015\/#organization"},"articleSection":["Artikuj"],"inLanguage":"sq-AL","potentialAction":[{"@type":"CommentAction","name":"Comment","target":["https:\/\/fjala.info\/2009-2015\/a-jemi-ne-shoqeri-ne-depresion\/#respond"]}]},{"@type":"WebPage","@id":"https:\/\/fjala.info\/2009-2015\/a-jemi-ne-shoqeri-ne-depresion\/","url":"https:\/\/fjala.info\/2009-2015\/a-jemi-ne-shoqeri-ne-depresion\/","name":"A jemi ne, shoq\u00ebri n\u00eb depresion? - FjALA e LIR\u00cb - Arkivi","isPartOf":{"@id":"https:\/\/fjala.info\/2009-2015\/#website"},"datePublished":"2010-07-18T21:15:02+00:00","breadcrumb":{"@id":"https:\/\/fjala.info\/2009-2015\/a-jemi-ne-shoqeri-ne-depresion\/#breadcrumb"},"inLanguage":"sq-AL","potentialAction":[{"@type":"ReadAction","target":["https:\/\/fjala.info\/2009-2015\/a-jemi-ne-shoqeri-ne-depresion\/"]}]},{"@type":"BreadcrumbList","@id":"https:\/\/fjala.info\/2009-2015\/a-jemi-ne-shoqeri-ne-depresion\/#breadcrumb","itemListElement":[{"@type":"ListItem","position":1,"name":"Home","item":"https:\/\/fjala.info\/2009-2015\/"},{"@type":"ListItem","position":2,"name":"A jemi ne, shoq\u00ebri n\u00eb depresion?"}]},{"@type":"WebSite","@id":"https:\/\/fjala.info\/2009-2015\/#website","url":"https:\/\/fjala.info\/2009-2015\/","name":"FjALA e LIR\u00cb - Arkivi","description":"Arkivi 2009-2015","publisher":{"@id":"https:\/\/fjala.info\/2009-2015\/#organization"},"potentialAction":[{"@type":"SearchAction","target":{"@type":"EntryPoint","urlTemplate":"https:\/\/fjala.info\/2009-2015\/?s={search_term_string}"},"query-input":{"@type":"PropertyValueSpecification","valueRequired":true,"valueName":"search_term_string"}}],"inLanguage":"sq-AL"},{"@type":"Organization","@id":"https:\/\/fjala.info\/2009-2015\/#organization","name":"FjALA e LIR\u00cb - Arkivi","url":"https:\/\/fjala.info\/2009-2015\/","logo":{"@type":"ImageObject","inLanguage":"sq-AL","@id":"https:\/\/fjala.info\/2009-2015\/#\/schema\/logo\/image\/","url":"","contentUrl":"","caption":"FjALA e LIR\u00cb - Arkivi"},"image":{"@id":"https:\/\/fjala.info\/2009-2015\/#\/schema\/logo\/image\/"}},{"@type":"Person","@id":"https:\/\/fjala.info\/2009-2015\/#\/schema\/person\/3aa1163ef05469c496fc94e77611ada2","name":"admin","image":{"@type":"ImageObject","inLanguage":"sq-AL","@id":"https:\/\/fjala.info\/2009-2015\/wp-content\/uploads\/2012\/02\/arben_cokaj-120x150.jpg","url":"https:\/\/fjala.info\/2009-2015\/wp-content\/uploads\/2012\/02\/arben_cokaj-120x150.jpg","contentUrl":"https:\/\/fjala.info\/2009-2015\/wp-content\/uploads\/2012\/02\/arben_cokaj-120x150.jpg","caption":"admin"},"description":"Admin, Fjala e Lir\u00eb","sameAs":["https:\/\/fjala.info\/"],"url":"https:\/\/fjala.info\/2009-2015\/author\/admin\/"}]}},"_links":{"self":[{"href":"https:\/\/fjala.info\/2009-2015\/wp-json\/wp\/v2\/posts\/3394","targetHints":{"allow":["GET"]}}],"collection":[{"href":"https:\/\/fjala.info\/2009-2015\/wp-json\/wp\/v2\/posts"}],"about":[{"href":"https:\/\/fjala.info\/2009-2015\/wp-json\/wp\/v2\/types\/post"}],"author":[{"embeddable":true,"href":"https:\/\/fjala.info\/2009-2015\/wp-json\/wp\/v2\/users\/1"}],"replies":[{"embeddable":true,"href":"https:\/\/fjala.info\/2009-2015\/wp-json\/wp\/v2\/comments?post=3394"}],"version-history":[{"count":0,"href":"https:\/\/fjala.info\/2009-2015\/wp-json\/wp\/v2\/posts\/3394\/revisions"}],"wp:attachment":[{"href":"https:\/\/fjala.info\/2009-2015\/wp-json\/wp\/v2\/media?parent=3394"}],"wp:term":[{"taxonomy":"category","embeddable":true,"href":"https:\/\/fjala.info\/2009-2015\/wp-json\/wp\/v2\/categories?post=3394"},{"taxonomy":"post_tag","embeddable":true,"href":"https:\/\/fjala.info\/2009-2015\/wp-json\/wp\/v2\/tags?post=3394"}],"curies":[{"name":"wp","href":"https:\/\/api.w.org\/{rel}","templated":true}]}}