{"id":3390,"date":"2010-07-18T21:46:32","date_gmt":"2010-07-18T20:46:32","guid":{"rendered":"http:\/\/fjala.shkoder.net\/?p=3390"},"modified":"2010-07-18T21:46:32","modified_gmt":"2010-07-18T20:46:32","slug":"pse-zgjedhjet-mbeten-e-vetmja-zgjidhje-reale","status":"publish","type":"post","link":"https:\/\/fjala.info\/2009-2015\/pse-zgjedhjet-mbeten-e-vetmja-zgjidhje-reale\/","title":{"rendered":"PSE ZGJEDHJET MBETEN E VETMJA ZGJIDHJE REALE"},"content":{"rendered":"<p><img decoding=\"async\" style=\"margin-left: 10px; margin-right: 10px; border: 0px;\" title=\"Andrea Stefani\" src=\"http:\/\/www.shkoder.net\/images\/fjala\/andrea_stefani.jpg\" border=\"0\" alt=\"\" width=\"100\" align=\"left\" \/><\/p>\n<p><strong>Andrea Stefani<\/strong><\/p>\n<p>Pas takimit Ru\u00e7i-Patozi jan\u00eb ngritur iluzione se do t\u00eb mund t\u00eb gjendet nj\u00eb zgjidhje p\u00ebr kriz\u00ebn politike q\u00eb po zgjat prej m\u00eb shum\u00eb se nj\u00eb viti. Por po t\u00eb shqyrtosh m\u00eb me v\u00ebmendje deklaratat e p\u00ebrfaq\u00ebsuesve t\u00eb t\u00eb dyja pal\u00ebve, kupton se askush nuk ka l\u00ebvizur, as edhe nj\u00eb presje nga pozicioni i vet. PD-ja k\u00ebmb\u00ebngul q\u00eb kutit\u00eb e votave t\u00eb mos hapen, nd\u00ebrkoh\u00eb q\u00eb PS-ja vazhdon t\u00eb k\u00ebmb\u00ebngul\u00eb p\u00ebr hapjen e tyre. Iluzioni i nj\u00eb konsensusi u krijua, ndoshta nga fakti q\u00eb t\u00eb dyja pal\u00ebt ran\u00eb dakord q\u00eb nj\u00eb komision parlamentar i kryesuar nga opozita t\u00eb hetoj\u00eb, n\u00eb p\u00ebrputhje edhe me rezolut\u00ebn e Parlamentit Europian (PE), edhe materialet zgjedhore.<\/p>\n<p>Por nuk vonoi t\u00eb kuptohet se po t\u00eb dyja pal\u00ebt kan\u00eb kuptim t\u00eb ndrysh\u00ebm lidhur me termin \u201cmaterial zgjedhor\u201d. Pushteti k\u00ebmb\u00ebngul se n\u00eb k\u00ebt\u00eb kategori nuk hyjn\u00eb kutit\u00eb e flet\u00ebve t\u00eb votimit, nd\u00ebrsa opozita argumenton t\u00eb kund\u00ebrt\u00ebn. Mospajtimi shfaqet k\u00ebshtu edhe m\u00eb thelb\u00ebsor, pra edhe m\u00eb i pakaluesh\u00ebm. Nd\u00ebrkaq, kriza politike, krejt n\u00eb kund\u00ebrshtim me mburrjet e qeveris\u00eb se gjith\u00e7ka funksionon normalisht, shihet qart\u00eb se ka bllokuar nj\u00eb s\u00ebr\u00eb reformash, duke shtuar edhe shqet\u00ebsimin e \u201cnd\u00ebrkomb\u00ebtar\u00ebve\u201d. Presioni i k\u00ebtyre t\u00eb fundit e ka p\u00ebrmir\u00ebsuar pozicionin e opozit\u00ebs. Rezoluta e sapodal\u00eb e PE-s\u00eb i ka hequr opozit\u00ebs \u00e7do arsye p\u00ebr t\u00eb braktisur k\u00ebrkes\u00ebn p\u00ebr nj\u00eb transparenc\u00eb q\u00eb p\u00ebrfshin edhe kutit\u00eb e votimit.<\/p>\n<p>Por nd\u00ebrkaq, edhe pushteti nuk ka fituar ndonj\u00eb arsye m\u00eb shum\u00eb p\u00ebr t\u00eb hequr dor\u00eb nga pengimi i transparenc\u00ebs. P\u00ebr t\u00eb dyja pal\u00ebt l\u00ebshimi do t\u00eb thoshte disfat\u00eb. Dhe prandaj zgjedhjet e parakohshme mbeten si e vetmja zgjidhje e k\u00ebsaj krize, q\u00eb ndryshe do t\u00eb mbetet nj\u00eb l\u00ebmsh i pazgjidhsh\u00ebm jo vet\u00ebm urrejtjesh, intrigash, por edhe termash e kund\u00ebrtermash juridik\u00eb.<\/p>\n<p style=\"text-align: center;\">* * *<\/p>\n<p>Edhe nj\u00eb shqyrtim i p\u00ebrcipt\u00eb i Kodit Zgjedhor t\u00eb jep t\u00eb kuptosh se duke sugjeruar hetimin e \u201cmaterialit zgjedhor\u201d rezoluta e PE-s\u00eb ka mb\u00ebshtetur k\u00ebrkes\u00ebn e opozit\u00ebs p\u00ebr hapjen edhe t\u00eb kutive t\u00eb votimit dhe jo vet\u00ebm kutit\u00eb e \u201cmaterialeve t\u00eb votimit\u201d apo q\u00eb \u00ebsht\u00eb e nj\u00ebjta gj\u00eb, e \u201cmaterialeve zgjedhore\u201d. K\u00ebt\u00eb tashm\u00eb e kan\u00eb pranuar publikisht edhe jurist\u00eb q\u00eb q\u00ebndrojn\u00eb pran\u00eb PD-s\u00eb. Ndarja e materialit zgjedhor n\u00eb dy kuti, at\u00eb t\u00eb votave dhe at\u00eb t\u00eb materialeve zgjedhore, \u00ebsht\u00eb b\u00ebr\u00eb vet\u00ebm q\u00eb t\u00eb mos kishim nj\u00eb kuti t\u00eb madhe, por t\u00eb gjitha jan\u00eb material zgjedhor. K\u00ebshtu u shpreh, n\u00eb thelb, ish-kryetari i KQZ-s\u00eb, \u00c7lirim Gjata, n\u00eb emisionin \u201cTop Story\u201d.<\/p>\n<p>M\u00eb pas ai shtoi se termi i rezolut\u00ebs \u201cmaterial zgjedhor\u201d mund t\u00eb interpretohet nga shumica pik\u00ebrisht sipas ndarjes teknike q\u00eb Kodi i ka b\u00ebr\u00eb materialit zgjedhor, pra si \u201cmateriale zgjedhore\u201d. K\u00ebtu na duket se Gjata gabon. Sepse q\u00eb t\u00eb arrihet nj\u00eb gj\u00eb e till\u00eb duhet t\u2019i b\u00ebhet rezolut\u00ebs nj\u00eb redaktim i vock\u00ebl. Termit t\u00eb debatuar duhet t\u2019i shtohet nj\u00eb \u201cs\u201d. Sepse aty thuhet \u201celectoral material\u201d dhe jo \u201celectoral materials\u201d. Prandaj, n\u00ebse sipas shprehjes s\u00eb vjet\u00ebr \u201cp\u00ebr nj\u00eb \u201cm\u201d q\u00eb ti s\u2019e v\u00eb fjala \u201cmik\u201d b\u00ebhet \u201cik\u201d edhe n\u00eb rezolut\u00ebn e PE-s\u00eb, p\u00ebr nj\u00eb \u201cs\u201d q\u00eb mungon termi mbetet \u201cmaterial zgjedhor\u201d, pra ai q\u00eb n\u00eb kuptim t\u00eb Kodit Zgjedhor i p\u00ebrfshin edhe kutit\u00eb me materiale votimi (ose zgjedhore) edhe kutit\u00eb me flet\u00ebt e votimit.<\/p>\n<p>Por avokat\u00ebt e qeveris\u00eb nuk t\u00ebrhiqen. Ata shpikin pista t\u00eb tjera penguese p\u00ebr transparenc\u00ebn. K\u00ebshtu p\u00ebr Gjat\u00ebn hapja e kutive t\u00eb votimit nuk duhet b\u00ebr\u00eb nga nj\u00eb komision hetimor parlamentar, jo se ato nuk jan\u00eb material zgjedhor, por sepse cenohet parimi i ndarjes s\u00eb pushteteve. Sipas Gjat\u00ebs, hapja e kutive t\u00eb votimit dhe rinum\u00ebrimi i votave, jan\u00eb kompetenc\u00eb e Komisionit Qendror t\u00eb Zgjedhjeve. T\u00eb marr\u00ebsh nj\u00eb kompetenc\u00eb t\u00eb till\u00eb \u00ebsht\u00eb si t\u00eb dhunosh nj\u00eb vendim gjykate. Por a \u00ebsht\u00eb v\u00ebrtet k\u00ebshtu? Na duket se jo.<\/p>\n<p>Sepse KQZ-ja \u00ebsht\u00eb institucion dhe jo pushtet i pavarur. Dhe si institucion ai i n\u00ebnshtrohet kontrollit t\u00eb Parlamentit, kontrollit t\u00eb p\u00ebrfaq\u00ebsuesve t\u00eb Sovranit, q\u00eb n\u00eb nj\u00eb moment t\u00eb caktuar, do t\u00eb dij\u00eb n\u00ebse KQZ, KZAZ-t\u00eb apo edhe Komisionet e qendrave t\u00eb votimit i kan\u00eb zbatuar, n\u00eb m\u00ebnyr\u00eb korrekte apo jo, ligjet e miratuara nga Parlamenti apo procedurat q\u00eb diktojn\u00eb ato ligje. E th\u00ebn\u00eb m\u00eb tro\u00e7, ca p\u00ebrfaq\u00ebsues t\u00eb popullit duan t\u00eb verifikojn\u00eb n\u00ebse komisioner\u00ebt partiak\u00eb kan\u00eb respektuar ligjin duke b\u00ebr\u00eb q\u00eb vota t\u00eb shkoj\u00eb tek i zoti, apo kan\u00eb toleruar vjedhjen e saj. Dhe t\u00eb verifikosh nj\u00eb gj\u00eb t\u00eb till\u00eb, n\u00ebse vidhet apo jo vota e qytetarit, qenka cenim i ndarjes s\u00eb pushteteve?<\/p>\n<p>Edhe n\u00ebse do t\u00eb qe v\u00ebrtet k\u00ebshtu, \u00e7do t\u2019i duhej demokracis\u00eb ndarja e pushteteve, n\u00ebse nuk i sh\u00ebrben, por pengon demaskimin e vjedhjes s\u00eb vot\u00ebs q\u00eb \u00ebsht\u00eb themeli i demokracis\u00eb? Por deklarimin m\u00eb naiv dhe aspak nga pozitat e nj\u00eb institucioni t\u00eb pavarur e ka b\u00ebr\u00eb Arben Ristani, kryetari aktual i KQZ-s\u00eb. Ai, tashm\u00eb, nuk b\u00ebn as edhe p\u00ebrpjekjen m\u00eb t\u00eb vog\u00ebl t\u00eb fsheh\u00eb rreshtimin e tij n\u00eb krah t\u00eb qeveris\u00eb, kund\u00ebr transparenc\u00ebs s\u00eb k\u00ebrkuar nga opozita. Ristani deklaroi se me t\u00eb shpallur Presidenti i Republik\u00ebs dat\u00ebn e zgjedhjeve t\u00eb ardhshme lokale, ai do t\u00eb zbraz\u00eb kutit\u00eb e votave, duke djegur edhe flet\u00ebt e votimit q\u00eb mbajn\u00eb brenda ato? Pse?<\/p>\n<p>Jo se ligji thot\u00eb k\u00ebshtu, por sepse kutit\u00eb i duhen Ristanit p\u00ebr zgjedhjet e ardhshme lokale. K\u00ebsaj i thon\u00eb t\u00eb \u201czgjidh\u00ebsh\u201d nyj\u00ebn e kriz\u00ebs me djegie duke konkurruar me Aleksandrin e Madh q\u00eb e zgjidhi nyj\u00ebn dragojane me shpat\u00eb. Ristani nuk do t\u00eb kuptoj\u00eb se duke djegur flet\u00ebt e votimit del, si pa dashje, jasht\u00eb misionit t\u00eb tij, pra nuk i sh\u00ebrben qeveris\u00eb, por i l\u00eb asaj damk\u00ebn e pashlyeshme t\u00eb atij q\u00eb zhduku gjurm\u00ebt e krimit t\u00eb saj elektoral.<\/p>\n<p style=\"text-align: center;\">* * *<\/p>\n<p>Duke sugjeruar q\u00eb komisioni hetimor parlamentar t\u00eb ket\u00eb mandat p\u00ebr t\u00eb hetuar edhe \u201cmaterialin zgjedhor\u201d, rezoluta e PE-s\u00eb duket sikur ka hedhur n\u00eb tryez\u00ebn e politik\u00ebs shqiptare nj\u00eb moll\u00eb sherri t\u00eb re. Por faji nuk \u00ebsht\u00eb i PE-s\u00eb. E keqja \u00ebsht\u00eb se n\u00eb Shqip\u00ebri nuk ka ende nj\u00eb sistem gjyq\u00ebsor t\u00eb pavarur q\u00eb t\u00eb mund ta zgjidhte k\u00ebt\u00eb sherr duke i b\u00ebr\u00eb t\u00eb gjitha pal\u00ebt t\u00eb heshtin m\u00eb pas. Gjykata Kushtetuese \u00ebsht\u00eb aktualisht n\u00ebn presionin e shumic\u00ebs, nd\u00ebrkoh\u00eb q\u00eb opinionet e dh\u00ebna p\u00ebr amendimet e Kushtetut\u00ebs, kan\u00eb d\u00ebshmuar se edhe Komisioni i Venecias nuk \u00ebsht\u00eb i papreksh\u00ebm nga val\u00ebt e interesave q\u00eb emeton bota e politik\u00ebs shqiptare qoft\u00eb me an\u00eb t\u00eb disa antenave t\u00eb diplomacis\u00eb \u201cnd\u00ebrkomb\u00ebtare\u201d.<\/p>\n<p>Jemi n\u00eb rrethin vicioz, kur p\u00ebr zgjidhjen e kriz\u00ebs politike mund t\u00eb na ndihmonte nj\u00eb pushtet drejt\u00ebsie i pavarur, i cili nuk ekziston po p\u00ebr faj t\u00eb klas\u00ebs politike q\u00eb \u00ebsht\u00eb mb\u00ebrthyer n\u00eb kriz\u00eb. N\u00eb fakt, sikur t\u00eb kishim pushtet drejt\u00ebsie dhe gjykat\u00ebs t\u00eb pavarur nuk do t\u00eb kishim pasur fare kriz\u00eb. Nd\u00ebrkaq, nj\u00eb mang\u00ebsi tjet\u00ebr q\u00eb e b\u00ebn kriz\u00ebn t\u00eb pazgjidhshme \u00ebsht\u00eb edhe mungesa n\u00eb gjirin e pal\u00ebve politike t\u00eb vlerave t\u00eb p\u00ebrbashk\u00ebta q\u00eb mund\u00ebsojn\u00eb konsensusin. Kemi nj\u00eb opozit\u00eb q\u00eb k\u00ebrkon hapjen e kutive t\u00eb flet\u00ebve t\u00eb votimit, sepse \u00ebsht\u00eb e bindur q\u00eb pala tjet\u00ebr ka vjedhur vota, nd\u00ebrkoh\u00eb q\u00eb kjo e fundit, pozita, refuzon t\u00eb hap\u00eb kutit\u00eb n\u00eb em\u00ebr t\u00eb ligjit, respektimit t\u00eb ndarjes s\u00eb pushteteve dhe Kushtetut\u00ebs.<\/p>\n<p>Konsensusi do t\u00eb qe i mundur sikur t\u00eb dyja pal\u00ebt t\u00eb kishin t\u00eb p\u00ebrbashk\u00ebt si vler\u00eb, dedikimin ndaj zgjedhjeve t\u00eb lira e t\u00eb ndershme. N\u00eb nj\u00eb rast t\u00eb till\u00eb ato nuk mund t\u00eb mos bashkoheshin n\u00eb konsensus te transparenca. Por n\u00eb fakt, qeveria na kujton nj\u00eb keqb\u00ebr\u00ebs q\u00eb k\u00ebrkon t\u00eb obstruktoj\u00eb kontrollet e policis\u00eb apo t\u00eb hetuesis\u00eb, duke manipuluar me t\u00eb drejtat e personit. Gjithsesi pavar\u00ebsisht nga k\u00ebto, m\u00eb shum\u00eb se nj\u00eb vit kriz\u00eb ka provuar munges\u00ebn fatale t\u00eb elasticitetit n\u00eb pozicionet e pal\u00ebve. Zgjidhja mund t\u00eb vinte edhe sikur nj\u00ebra pal\u00eb t\u00eb t\u00ebrhiqej nga pozicioni i saj. Nj\u00eb vit kriz\u00eb dhe kostoja politike q\u00eb do shoq\u00ebronte nj\u00eb veprim t\u00eb till\u00eb, jep pak shanse p\u00ebr nj\u00eb ndodhi t\u00eb k\u00ebsaj natyre. Gj\u00ebrat duket se do t\u00eb vazhdojn\u00eb t\u00eb mbeten k\u00ebshtu.<\/p>\n<p>Kjo do t\u00eb thot\u00eb se ka ardhur koha q\u00eb edhe \u201cnd\u00ebrkomb\u00ebtar\u00ebt\u201d, p\u00ebr t\u00eb shp\u00ebtuar Shqip\u00ebrin\u00eb nga nj\u00eb stanjacion tep\u00ebr t\u00eb rreziksh\u00ebm p\u00ebr integrimin e saj, t\u00eb mendojn\u00eb si zgjidhje t\u00eb k\u00ebsaj krize pa zgjidhje, zgjedhjet e parakohshme. Dhe zgjedhjet e parakohshme, me p\u00ebrpjekje shum\u00eb t\u00eb m\u00ebdha, do p\u00ebrb\u00ebnin nj\u00eb shans p\u00ebr fillim t\u00eb ri dhe mbi t\u00eb gjitha, nj\u00eb zgjidhje reale p\u00ebrkund\u00ebr zgjidhjeve hipokrite me vendime gjykatash t\u00eb tredhura dhe \u201crespekt\u201d p\u00ebr nj\u00eb Kushtetut\u00eb t\u00eb dhunuar jo vet\u00ebm nga politika, por edhe thuajse p\u00ebr \u00e7do dit\u00eb, nga nj\u00eb realitet pa drejt\u00ebsi dhe shtet ligjor real.<\/p>\n","protected":false},"excerpt":{"rendered":"<p>Andrea Stefani Pas takimit Ru\u00e7i-Patozi jan\u00eb ngritur iluzione se do t\u00eb mund t\u00eb gjendet nj\u00eb zgjidhje p\u00ebr kriz\u00ebn politike q\u00eb po zgjat prej m\u00eb shum\u00eb se nj\u00eb viti. Por po t\u00eb shqyrtosh m\u00eb me v\u00ebmendje deklaratat e p\u00ebrfaq\u00ebsuesve t\u00eb t\u00eb dyja pal\u00ebve, kupton se askush nuk ka l\u00ebvizur, as edhe nj\u00eb presje nga pozicioni i [&hellip;]<\/p>\n","protected":false},"author":1,"featured_media":0,"comment_status":"open","ping_status":"closed","sticky":false,"template":"","format":"standard","meta":{"footnotes":""},"categories":[2],"tags":[],"class_list":{"0":"post-3390","1":"post","2":"type-post","3":"status-publish","4":"format-standard","6":"category-artikuj"},"yoast_head":"<!-- This site is optimized with the Yoast SEO plugin v27.4 - https:\/\/yoast.com\/product\/yoast-seo-wordpress\/ -->\n<title>PSE ZGJEDHJET MBETEN E VETMJA ZGJIDHJE REALE - FjALA e LIR\u00cb - Arkivi<\/title>\n<meta name=\"robots\" content=\"index, follow, max-snippet:-1, max-image-preview:large, max-video-preview:-1\" \/>\n<link rel=\"canonical\" href=\"https:\/\/fjala.info\/2009-2015\/pse-zgjedhjet-mbeten-e-vetmja-zgjidhje-reale\/\" \/>\n<meta property=\"og:locale\" content=\"sq_AL\" \/>\n<meta property=\"og:type\" content=\"article\" \/>\n<meta property=\"og:title\" content=\"PSE ZGJEDHJET MBETEN E VETMJA ZGJIDHJE REALE - FjALA e LIR\u00cb - Arkivi\" \/>\n<meta property=\"og:description\" content=\"Andrea Stefani Pas takimit Ru\u00e7i-Patozi jan\u00eb ngritur iluzione se do t\u00eb mund t\u00eb gjendet nj\u00eb zgjidhje p\u00ebr kriz\u00ebn politike q\u00eb po zgjat prej m\u00eb shum\u00eb se nj\u00eb viti. Por po t\u00eb shqyrtosh m\u00eb me v\u00ebmendje deklaratat e p\u00ebrfaq\u00ebsuesve t\u00eb t\u00eb dyja pal\u00ebve, kupton se askush nuk ka l\u00ebvizur, as edhe nj\u00eb presje nga pozicioni i [&hellip;]\" \/>\n<meta property=\"og:url\" content=\"https:\/\/fjala.info\/2009-2015\/pse-zgjedhjet-mbeten-e-vetmja-zgjidhje-reale\/\" \/>\n<meta property=\"og:site_name\" content=\"FjALA e LIR\u00cb - Arkivi\" \/>\n<meta property=\"article:published_time\" content=\"2010-07-18T20:46:32+00:00\" \/>\n<meta property=\"og:image\" content=\"http:\/\/www.shkoder.net\/images\/fjala\/andrea_stefani.jpg\" \/>\n<meta name=\"author\" content=\"admin\" \/>\n<meta name=\"twitter:card\" content=\"summary_large_image\" \/>\n<meta name=\"twitter:label1\" content=\"Written by\" \/>\n\t<meta name=\"twitter:data1\" content=\"admin\" \/>\n\t<meta name=\"twitter:label2\" content=\"Est. reading time\" \/>\n\t<meta name=\"twitter:data2\" content=\"8 minutes\" \/>\n<script type=\"application\/ld+json\" class=\"yoast-schema-graph\">{\"@context\":\"https:\\\/\\\/schema.org\",\"@graph\":[{\"@type\":\"Article\",\"@id\":\"https:\\\/\\\/fjala.info\\\/2009-2015\\\/pse-zgjedhjet-mbeten-e-vetmja-zgjidhje-reale\\\/#article\",\"isPartOf\":{\"@id\":\"https:\\\/\\\/fjala.info\\\/2009-2015\\\/pse-zgjedhjet-mbeten-e-vetmja-zgjidhje-reale\\\/\"},\"author\":{\"name\":\"admin\",\"@id\":\"https:\\\/\\\/fjala.info\\\/2009-2015\\\/#\\\/schema\\\/person\\\/3aa1163ef05469c496fc94e77611ada2\"},\"headline\":\"PSE ZGJEDHJET MBETEN E VETMJA ZGJIDHJE REALE\",\"datePublished\":\"2010-07-18T20:46:32+00:00\",\"mainEntityOfPage\":{\"@id\":\"https:\\\/\\\/fjala.info\\\/2009-2015\\\/pse-zgjedhjet-mbeten-e-vetmja-zgjidhje-reale\\\/\"},\"wordCount\":1593,\"commentCount\":0,\"publisher\":{\"@id\":\"https:\\\/\\\/fjala.info\\\/2009-2015\\\/#organization\"},\"image\":{\"@id\":\"https:\\\/\\\/fjala.info\\\/2009-2015\\\/pse-zgjedhjet-mbeten-e-vetmja-zgjidhje-reale\\\/#primaryimage\"},\"thumbnailUrl\":\"http:\\\/\\\/www.shkoder.net\\\/images\\\/fjala\\\/andrea_stefani.jpg\",\"articleSection\":[\"Artikuj\"],\"inLanguage\":\"sq-AL\",\"potentialAction\":[{\"@type\":\"CommentAction\",\"name\":\"Comment\",\"target\":[\"https:\\\/\\\/fjala.info\\\/2009-2015\\\/pse-zgjedhjet-mbeten-e-vetmja-zgjidhje-reale\\\/#respond\"]}]},{\"@type\":\"WebPage\",\"@id\":\"https:\\\/\\\/fjala.info\\\/2009-2015\\\/pse-zgjedhjet-mbeten-e-vetmja-zgjidhje-reale\\\/\",\"url\":\"https:\\\/\\\/fjala.info\\\/2009-2015\\\/pse-zgjedhjet-mbeten-e-vetmja-zgjidhje-reale\\\/\",\"name\":\"PSE ZGJEDHJET MBETEN E VETMJA ZGJIDHJE REALE - FjALA e LIR\u00cb - Arkivi\",\"isPartOf\":{\"@id\":\"https:\\\/\\\/fjala.info\\\/2009-2015\\\/#website\"},\"primaryImageOfPage\":{\"@id\":\"https:\\\/\\\/fjala.info\\\/2009-2015\\\/pse-zgjedhjet-mbeten-e-vetmja-zgjidhje-reale\\\/#primaryimage\"},\"image\":{\"@id\":\"https:\\\/\\\/fjala.info\\\/2009-2015\\\/pse-zgjedhjet-mbeten-e-vetmja-zgjidhje-reale\\\/#primaryimage\"},\"thumbnailUrl\":\"http:\\\/\\\/www.shkoder.net\\\/images\\\/fjala\\\/andrea_stefani.jpg\",\"datePublished\":\"2010-07-18T20:46:32+00:00\",\"breadcrumb\":{\"@id\":\"https:\\\/\\\/fjala.info\\\/2009-2015\\\/pse-zgjedhjet-mbeten-e-vetmja-zgjidhje-reale\\\/#breadcrumb\"},\"inLanguage\":\"sq-AL\",\"potentialAction\":[{\"@type\":\"ReadAction\",\"target\":[\"https:\\\/\\\/fjala.info\\\/2009-2015\\\/pse-zgjedhjet-mbeten-e-vetmja-zgjidhje-reale\\\/\"]}]},{\"@type\":\"ImageObject\",\"inLanguage\":\"sq-AL\",\"@id\":\"https:\\\/\\\/fjala.info\\\/2009-2015\\\/pse-zgjedhjet-mbeten-e-vetmja-zgjidhje-reale\\\/#primaryimage\",\"url\":\"http:\\\/\\\/www.shkoder.net\\\/images\\\/fjala\\\/andrea_stefani.jpg\",\"contentUrl\":\"http:\\\/\\\/www.shkoder.net\\\/images\\\/fjala\\\/andrea_stefani.jpg\"},{\"@type\":\"BreadcrumbList\",\"@id\":\"https:\\\/\\\/fjala.info\\\/2009-2015\\\/pse-zgjedhjet-mbeten-e-vetmja-zgjidhje-reale\\\/#breadcrumb\",\"itemListElement\":[{\"@type\":\"ListItem\",\"position\":1,\"name\":\"Home\",\"item\":\"https:\\\/\\\/fjala.info\\\/2009-2015\\\/\"},{\"@type\":\"ListItem\",\"position\":2,\"name\":\"PSE ZGJEDHJET MBETEN E VETMJA ZGJIDHJE REALE\"}]},{\"@type\":\"WebSite\",\"@id\":\"https:\\\/\\\/fjala.info\\\/2009-2015\\\/#website\",\"url\":\"https:\\\/\\\/fjala.info\\\/2009-2015\\\/\",\"name\":\"FjALA e LIR\u00cb - Arkivi\",\"description\":\"Arkivi 2009-2015\",\"publisher\":{\"@id\":\"https:\\\/\\\/fjala.info\\\/2009-2015\\\/#organization\"},\"potentialAction\":[{\"@type\":\"SearchAction\",\"target\":{\"@type\":\"EntryPoint\",\"urlTemplate\":\"https:\\\/\\\/fjala.info\\\/2009-2015\\\/?s={search_term_string}\"},\"query-input\":{\"@type\":\"PropertyValueSpecification\",\"valueRequired\":true,\"valueName\":\"search_term_string\"}}],\"inLanguage\":\"sq-AL\"},{\"@type\":\"Organization\",\"@id\":\"https:\\\/\\\/fjala.info\\\/2009-2015\\\/#organization\",\"name\":\"FjALA e LIR\u00cb - Arkivi\",\"url\":\"https:\\\/\\\/fjala.info\\\/2009-2015\\\/\",\"logo\":{\"@type\":\"ImageObject\",\"inLanguage\":\"sq-AL\",\"@id\":\"https:\\\/\\\/fjala.info\\\/2009-2015\\\/#\\\/schema\\\/logo\\\/image\\\/\",\"url\":\"\",\"contentUrl\":\"\",\"caption\":\"FjALA e LIR\u00cb - Arkivi\"},\"image\":{\"@id\":\"https:\\\/\\\/fjala.info\\\/2009-2015\\\/#\\\/schema\\\/logo\\\/image\\\/\"}},{\"@type\":\"Person\",\"@id\":\"https:\\\/\\\/fjala.info\\\/2009-2015\\\/#\\\/schema\\\/person\\\/3aa1163ef05469c496fc94e77611ada2\",\"name\":\"admin\",\"image\":{\"@type\":\"ImageObject\",\"inLanguage\":\"sq-AL\",\"@id\":\"https:\\\/\\\/fjala.info\\\/2009-2015\\\/wp-content\\\/uploads\\\/2012\\\/02\\\/arben_cokaj-120x150.jpg\",\"url\":\"https:\\\/\\\/fjala.info\\\/2009-2015\\\/wp-content\\\/uploads\\\/2012\\\/02\\\/arben_cokaj-120x150.jpg\",\"contentUrl\":\"https:\\\/\\\/fjala.info\\\/2009-2015\\\/wp-content\\\/uploads\\\/2012\\\/02\\\/arben_cokaj-120x150.jpg\",\"caption\":\"admin\"},\"description\":\"Admin, Fjala e Lir\u00eb\",\"sameAs\":[\"https:\\\/\\\/fjala.info\\\/\"],\"url\":\"https:\\\/\\\/fjala.info\\\/2009-2015\\\/author\\\/admin\\\/\"}]}<\/script>\n<!-- \/ Yoast SEO plugin. -->","yoast_head_json":{"title":"PSE ZGJEDHJET MBETEN E VETMJA ZGJIDHJE REALE - FjALA e LIR\u00cb - Arkivi","robots":{"index":"index","follow":"follow","max-snippet":"max-snippet:-1","max-image-preview":"max-image-preview:large","max-video-preview":"max-video-preview:-1"},"canonical":"https:\/\/fjala.info\/2009-2015\/pse-zgjedhjet-mbeten-e-vetmja-zgjidhje-reale\/","og_locale":"sq_AL","og_type":"article","og_title":"PSE ZGJEDHJET MBETEN E VETMJA ZGJIDHJE REALE - FjALA e LIR\u00cb - Arkivi","og_description":"Andrea Stefani Pas takimit Ru\u00e7i-Patozi jan\u00eb ngritur iluzione se do t\u00eb mund t\u00eb gjendet nj\u00eb zgjidhje p\u00ebr kriz\u00ebn politike q\u00eb po zgjat prej m\u00eb shum\u00eb se nj\u00eb viti. Por po t\u00eb shqyrtosh m\u00eb me v\u00ebmendje deklaratat e p\u00ebrfaq\u00ebsuesve t\u00eb t\u00eb dyja pal\u00ebve, kupton se askush nuk ka l\u00ebvizur, as edhe nj\u00eb presje nga pozicioni i [&hellip;]","og_url":"https:\/\/fjala.info\/2009-2015\/pse-zgjedhjet-mbeten-e-vetmja-zgjidhje-reale\/","og_site_name":"FjALA e LIR\u00cb - Arkivi","article_published_time":"2010-07-18T20:46:32+00:00","og_image":[{"url":"http:\/\/www.shkoder.net\/images\/fjala\/andrea_stefani.jpg","type":"","width":"","height":""}],"author":"admin","twitter_card":"summary_large_image","twitter_misc":{"Written by":"admin","Est. reading time":"8 minutes"},"schema":{"@context":"https:\/\/schema.org","@graph":[{"@type":"Article","@id":"https:\/\/fjala.info\/2009-2015\/pse-zgjedhjet-mbeten-e-vetmja-zgjidhje-reale\/#article","isPartOf":{"@id":"https:\/\/fjala.info\/2009-2015\/pse-zgjedhjet-mbeten-e-vetmja-zgjidhje-reale\/"},"author":{"name":"admin","@id":"https:\/\/fjala.info\/2009-2015\/#\/schema\/person\/3aa1163ef05469c496fc94e77611ada2"},"headline":"PSE ZGJEDHJET MBETEN E VETMJA ZGJIDHJE REALE","datePublished":"2010-07-18T20:46:32+00:00","mainEntityOfPage":{"@id":"https:\/\/fjala.info\/2009-2015\/pse-zgjedhjet-mbeten-e-vetmja-zgjidhje-reale\/"},"wordCount":1593,"commentCount":0,"publisher":{"@id":"https:\/\/fjala.info\/2009-2015\/#organization"},"image":{"@id":"https:\/\/fjala.info\/2009-2015\/pse-zgjedhjet-mbeten-e-vetmja-zgjidhje-reale\/#primaryimage"},"thumbnailUrl":"http:\/\/www.shkoder.net\/images\/fjala\/andrea_stefani.jpg","articleSection":["Artikuj"],"inLanguage":"sq-AL","potentialAction":[{"@type":"CommentAction","name":"Comment","target":["https:\/\/fjala.info\/2009-2015\/pse-zgjedhjet-mbeten-e-vetmja-zgjidhje-reale\/#respond"]}]},{"@type":"WebPage","@id":"https:\/\/fjala.info\/2009-2015\/pse-zgjedhjet-mbeten-e-vetmja-zgjidhje-reale\/","url":"https:\/\/fjala.info\/2009-2015\/pse-zgjedhjet-mbeten-e-vetmja-zgjidhje-reale\/","name":"PSE ZGJEDHJET MBETEN E VETMJA ZGJIDHJE REALE - FjALA e LIR\u00cb - Arkivi","isPartOf":{"@id":"https:\/\/fjala.info\/2009-2015\/#website"},"primaryImageOfPage":{"@id":"https:\/\/fjala.info\/2009-2015\/pse-zgjedhjet-mbeten-e-vetmja-zgjidhje-reale\/#primaryimage"},"image":{"@id":"https:\/\/fjala.info\/2009-2015\/pse-zgjedhjet-mbeten-e-vetmja-zgjidhje-reale\/#primaryimage"},"thumbnailUrl":"http:\/\/www.shkoder.net\/images\/fjala\/andrea_stefani.jpg","datePublished":"2010-07-18T20:46:32+00:00","breadcrumb":{"@id":"https:\/\/fjala.info\/2009-2015\/pse-zgjedhjet-mbeten-e-vetmja-zgjidhje-reale\/#breadcrumb"},"inLanguage":"sq-AL","potentialAction":[{"@type":"ReadAction","target":["https:\/\/fjala.info\/2009-2015\/pse-zgjedhjet-mbeten-e-vetmja-zgjidhje-reale\/"]}]},{"@type":"ImageObject","inLanguage":"sq-AL","@id":"https:\/\/fjala.info\/2009-2015\/pse-zgjedhjet-mbeten-e-vetmja-zgjidhje-reale\/#primaryimage","url":"http:\/\/www.shkoder.net\/images\/fjala\/andrea_stefani.jpg","contentUrl":"http:\/\/www.shkoder.net\/images\/fjala\/andrea_stefani.jpg"},{"@type":"BreadcrumbList","@id":"https:\/\/fjala.info\/2009-2015\/pse-zgjedhjet-mbeten-e-vetmja-zgjidhje-reale\/#breadcrumb","itemListElement":[{"@type":"ListItem","position":1,"name":"Home","item":"https:\/\/fjala.info\/2009-2015\/"},{"@type":"ListItem","position":2,"name":"PSE ZGJEDHJET MBETEN E VETMJA ZGJIDHJE REALE"}]},{"@type":"WebSite","@id":"https:\/\/fjala.info\/2009-2015\/#website","url":"https:\/\/fjala.info\/2009-2015\/","name":"FjALA e LIR\u00cb - Arkivi","description":"Arkivi 2009-2015","publisher":{"@id":"https:\/\/fjala.info\/2009-2015\/#organization"},"potentialAction":[{"@type":"SearchAction","target":{"@type":"EntryPoint","urlTemplate":"https:\/\/fjala.info\/2009-2015\/?s={search_term_string}"},"query-input":{"@type":"PropertyValueSpecification","valueRequired":true,"valueName":"search_term_string"}}],"inLanguage":"sq-AL"},{"@type":"Organization","@id":"https:\/\/fjala.info\/2009-2015\/#organization","name":"FjALA e LIR\u00cb - Arkivi","url":"https:\/\/fjala.info\/2009-2015\/","logo":{"@type":"ImageObject","inLanguage":"sq-AL","@id":"https:\/\/fjala.info\/2009-2015\/#\/schema\/logo\/image\/","url":"","contentUrl":"","caption":"FjALA e LIR\u00cb - Arkivi"},"image":{"@id":"https:\/\/fjala.info\/2009-2015\/#\/schema\/logo\/image\/"}},{"@type":"Person","@id":"https:\/\/fjala.info\/2009-2015\/#\/schema\/person\/3aa1163ef05469c496fc94e77611ada2","name":"admin","image":{"@type":"ImageObject","inLanguage":"sq-AL","@id":"https:\/\/fjala.info\/2009-2015\/wp-content\/uploads\/2012\/02\/arben_cokaj-120x150.jpg","url":"https:\/\/fjala.info\/2009-2015\/wp-content\/uploads\/2012\/02\/arben_cokaj-120x150.jpg","contentUrl":"https:\/\/fjala.info\/2009-2015\/wp-content\/uploads\/2012\/02\/arben_cokaj-120x150.jpg","caption":"admin"},"description":"Admin, Fjala e Lir\u00eb","sameAs":["https:\/\/fjala.info\/"],"url":"https:\/\/fjala.info\/2009-2015\/author\/admin\/"}]}},"_links":{"self":[{"href":"https:\/\/fjala.info\/2009-2015\/wp-json\/wp\/v2\/posts\/3390","targetHints":{"allow":["GET"]}}],"collection":[{"href":"https:\/\/fjala.info\/2009-2015\/wp-json\/wp\/v2\/posts"}],"about":[{"href":"https:\/\/fjala.info\/2009-2015\/wp-json\/wp\/v2\/types\/post"}],"author":[{"embeddable":true,"href":"https:\/\/fjala.info\/2009-2015\/wp-json\/wp\/v2\/users\/1"}],"replies":[{"embeddable":true,"href":"https:\/\/fjala.info\/2009-2015\/wp-json\/wp\/v2\/comments?post=3390"}],"version-history":[{"count":0,"href":"https:\/\/fjala.info\/2009-2015\/wp-json\/wp\/v2\/posts\/3390\/revisions"}],"wp:attachment":[{"href":"https:\/\/fjala.info\/2009-2015\/wp-json\/wp\/v2\/media?parent=3390"}],"wp:term":[{"taxonomy":"category","embeddable":true,"href":"https:\/\/fjala.info\/2009-2015\/wp-json\/wp\/v2\/categories?post=3390"},{"taxonomy":"post_tag","embeddable":true,"href":"https:\/\/fjala.info\/2009-2015\/wp-json\/wp\/v2\/tags?post=3390"}],"curies":[{"name":"wp","href":"https:\/\/api.w.org\/{rel}","templated":true}]}}