{"id":3388,"date":"2010-07-18T15:28:13","date_gmt":"2010-07-18T14:28:13","guid":{"rendered":"http:\/\/fjala.shkoder.net\/?p=3388"},"modified":"2010-07-18T15:28:13","modified_gmt":"2010-07-18T14:28:13","slug":"miqte-te-kritikojne-kurse-filantropet-te-ledhatojne","status":"publish","type":"post","link":"https:\/\/fjala.info\/2009-2015\/miqte-te-kritikojne-kurse-filantropet-te-ledhatojne\/","title":{"rendered":"MIQT\u00cb T\u00cb KRITIKOJN\u00cb KURSE FILANTROP\u00cbT T\u00cb LEDHATOJN\u00cb"},"content":{"rendered":"<p><strong>REFORMAT N\u00cb LDK<\/strong> (<strong>15<\/strong>)<\/p>\n<p><img decoding=\"async\" style=\"margin-left: 10px; margin-right: 10px; border: 0px;\" src=\"http:\/\/www.shkoder.net\/images\/fjala\/dibrani.jpg\" border=\"0\" alt=\"Shefqet DIBRANI\" width=\"150\" align=\"left\" \/><\/p>\n<p>Shkruan: <strong>Shefqet DIBRANI<\/strong><\/p>\n<p>Kjo vazhdim\u00ebsi e qasjeve p\u00ebr reforma n\u00eb LDK nuk ka t\u00eb b\u00ebj\u00eb me idealiz\u00ebm, sa do q\u00eb pesimist\u00ebt mund t\u2019i ken\u00eb kategorizuar komentet e mia n\u00eb nj\u00ebfar\u00eb lloj idealizmi. P\u00ebr nj\u00eb idealiz\u00ebm racional mund t\u00eb flitet, sepse \u00e7do qytetar i Kosov\u00ebs duhet t\u00eb jet\u00eb racional me zhvillimet e tanishme politike dhe ekonomike n\u00eb vend, sepse logjika e ngjarjeve dhe rrethanat jet\u00ebsore flasin me argumente q\u00eb i ndeshim kudo, prandaj mendoj se k\u00ebto shkrime i kam peshuar mir\u00eb dhe jam p\u00ebrpjekur t\u2019i argumentoj me fakte konkrete.<\/p>\n<p>Kurse ilustrimet jan\u00eb b\u00ebr\u00eb p\u00ebr ta sforcuar mendimin e shprehur por jo me q\u00ebllim a prapavij\u00eb negative. Fundja e fundit p\u00ebr t\u00eb gjith\u00eb q\u00eb m\u00eb njohin e din\u00eb kursin tim kritikues, t\u00eb folmen e drejtp\u00ebrdrejt e pa ekuivok\u00eb dhe personin e pa kompromis. Jan\u00eb pseudoidealist\u00ebt q\u00eb kan\u00eb penguar n\u00eb em\u00ebr t\u00eb k\u00ebsaj apo asaj vlere t\u00eb pa qen\u00eb. Jan\u00eb redaktor\u00ebt kujdestar q\u00eb kujdestarojn\u00eb q\u00eb t\u00eb mos thuhet e v\u00ebrteta konstante brenda LDK-s\u00eb.<\/p>\n<p>Po p\u00ebr \u00e7far\u00eb demokracie mund t\u00eb b\u00ebhet fjal\u00eb n\u00ebse nuk lejohet e aq m\u00eb pak n\u00ebse nuk durohet kritika e brendshme dhe kritika publike. Shpifjet dhe trillimet jan\u00eb t\u00eb d\u00ebmshme, e v\u00ebrteta \u00ebsht\u00eb e dhembshme dhe fjala e drejtp\u00ebrdrejt sikur nuk durohet edhe n\u00eb demokracin\u00eb e re dhe mjaft\u00eb t\u00eb brisht\u00eb kosovare. P\u00ebr vete pretendoj t\u00eb jam nj\u00eb idealist racional n\u00eb politik\u00eb, nj\u00eb \u201cprotonist n\u00eb let\u00ebrsi\u201d dhe nj\u00eb humanist n\u00eb p\u00ebrditshm\u00ebri.<\/p>\n<p>Jan\u00eb k\u00ebto elemente q\u00eb i kan\u00eb shoq\u00ebruar k\u00ebto shkrime, sa do q\u00eb dikujt nuk mund t\u2019i p\u00eblqejn\u00eb. Por si\u00e7 thash e v\u00ebrteta \u00ebsht\u00eb e dhembshme, prandaj kritika pozitive i takon k\u00ebtij fahu racional. Por e v\u00ebrteta \u00e7far\u00eb na qenka?!&#8230; Andaj emrat e apostrofuar q\u00eb nuk jan\u00eb t\u00eb vetmit dhe as t\u00eb fundit jan\u00eb p\u00ebrdorur p\u00ebr t\u00eb ilustruar konceptin e shkrimit, p\u00ebr t\u00eb qart\u00ebsuar m\u00eb mir\u00eb kuptimin e fjal\u00ebs s\u00eb shkruar. Aq sa pretendoj se kan\u00eb qen\u00eb kritika me vend, po aq jam i bindur se personat p\u00ebrgjegj\u00ebs p\u00ebr gjendjen e krijuar n\u00eb LDK jan\u00eb pik\u00ebrisht emrat e cituar n\u00ebp\u00ebr k\u00ebto shkrime.<\/p>\n<p>E di se klani p\u00ebrgjegj\u00ebs nuk do t\u00eb pendohet, pasi nuk jan\u00eb penduar as p\u00ebr sh\u00ebrbimin q\u00eb ia kan\u00eb b\u00ebr\u00eb Lidhjes Komuniste t\u00eb Jugosllavis\u00eb. Madje ka emra bart\u00ebs t\u00eb funksioneve t\u00eb tashme partiake q\u00eb kan\u00eb qen\u00eb t\u00eb implikuar edhe n\u00eb ingranazhin e sigurimit t\u00eb shtetit, p\u00ebrkat\u00ebsisht t\u00eb UDB-\u00ebs. Po aq sa jan\u00eb t\u00eb implikuar n\u00eb sistemin partiak, po aq jan\u00eb z\u00ebra q\u00eb g\u00ebrhasin edhe n\u00eb aparatin legjislativ dhe shtet\u00ebror.<\/p>\n<p>Ky zinxhir nuk \u00ebsht\u00eb i papash\u00ebm, madje nj\u00eb kategori sish jan\u00eb persona me ndikim edhe n\u00eb mediet dhe shtypin e shkruar q\u00eb tashm\u00eb n\u00eb cil\u00ebsin\u00eb e filantrop\u00ebve po kujdestarojn\u00eb mendimin kritik n\u00eb em\u00ebr t\u00eb asaj se nuk lejojn\u00eb ta l\u00ebndohet shpirti i LDK-s\u00eb. Filantrop\u00ebt me eksperienc\u00eb t\u00eb njohur n\u00eb sh\u00ebrbimet e sistemeve t\u00eb kaluara nuk duhet ta ndihmojn\u00eb k\u00ebshtu demokracin\u00eb e brisht\u00eb kosovare, filantrop\u00ebt duhet t\u2019u hapin udh\u00eb reformave sepse vet\u00ebm duke u kritikuar, vet\u00ebm duke e p\u00ebrcaktuar fajtorin me em\u00ebr dhe mbiem\u00ebr mund t\u00eb shkohet p\u00ebrpara.<\/p>\n<p>Jo m\u00eb me l\u00ebmosh dhe me mbulime e maskime t\u00eb krimit ekonomik, t\u00eb krimit politik dhe krimit kulturor se k\u00ebshtu ngulfasim zhvillimin e mir\u00eb n\u00eb Kosov\u00eb. Fundja e fund q\u00eb t\u00eb gjith\u00eb ata redaktor e gazetar, t\u00eb gjith\u00eb ata sh\u00ebrbyes t\u00eb fush\u00ebs s\u00eb informimit dhe t\u00eb medieve n\u00eb Kosov\u00eb nuk mund t\u00eb jen\u00eb m\u00eb dashamir\u00ebs p\u00ebr LDK-n\u00eb se sa individ\u00ebt q\u00eb kan\u00eb shkrir\u00eb nj\u00eb jet\u00eb p\u00ebr k\u00ebt\u00eb koncept politik, n\u00eb koh\u00ebn kur filantrop\u00ebt i sh\u00ebrbenin sistemit tashm\u00eb q\u00eb i takon nj\u00eb kohe t\u00eb shkuar.<\/p>\n<p>Ndihma q\u00eb redaksit\u00eb e shumta po i japin LDK-s\u00eb duke e shtremb\u00ebruar t\u00eb v\u00ebrtet\u00ebn e hidhur q\u00eb \u00ebsht\u00eb n\u00eb k\u00ebt\u00eb parti, \u00ebsht\u00eb sikur filantrop\u00ebt borgjez kur i japin nj\u00eb kothere buke f\u00ebmij\u00ebs si l\u00ebmosh, por nuk ia krijojn\u00eb mund\u00ebsin p\u00ebr shkollim dhe emancipim. Filantrop\u00ebt q\u00eb jan\u00eb shum\u00eb dhe t\u00eb pozicionuar kudo kan\u00eb nevoj\u00eb q\u00eb t\u00eb reformohen vet, dhe pasi ta b\u00ebjn\u00eb k\u00ebt\u00eb reform\u00eb p\u00ebr vete, mund t\u2019i japin hap\u00ebsir\u00eb edhe mendimit demokratik, t\u00eb v\u00ebrtet\u00ebs sa do q\u00eb ajo mund t\u00eb jet\u00eb edhe e dhembshme.<\/p>\n<p>P\u00ebr njoh\u00ebsit e rrethanave t\u00eb tashme n\u00eb LDK, sektori i propagand\u00ebs ka qen\u00eb dhe \u00ebsht\u00eb hallka m\u00eb e dob\u00ebt e k\u00ebsaj partie. Pasi LDK kurr\u00eb nuk arriti ta ket\u00eb nj\u00eb gazet\u00eb t\u00eb vet\u00ebn ose nj\u00eb gazet\u00eb q\u00eb ka ndikimin mbi te, ashtu si\u00e7 ndodh\u00eb me shtypin m\u00eb modern kudo n\u00eb Evrop\u00ebn Per\u00ebndimore sepse ndikimi i partis\u00eb, ndikimi politik n\u00eb shtypin e lir\u00eb \u00ebsht\u00eb pjes\u00eb e demokracis\u00eb. Por sa m\u00eb i zhvilluar t\u00eb jet\u00eb procesi demokratik, liria e shtypit \u00ebsht\u00eb m\u00eb e madhe kurse ndikimi politik i p\u00ebrmasave ballkanike sikur \u00ebsht\u00eb i pap\u00ebrfillsh\u00ebm, prandaj n\u00eb vendet e zhvilluara evroper\u00ebndimore themi se shtypi \u00ebsht\u00eb i lir\u00eb dhe larg ndikimeve politike.<\/p>\n<p>Jo vet\u00ebm un\u00eb si autor i shkrimeve por edhe gazeta \u201cEpoka e re\u201d duhet t\u00eb cil\u00ebsohet si opinioni m\u00eb progresiv p\u00ebr t\u2019i ndihmuar reformat n\u00eb LDK. Reformat b\u00ebhen vet\u00ebm kur flasim, kur kritikojm\u00eb, po m\u00eb shum\u00eb kur i pranojm\u00eb gabimet dhe l\u00ebshimet e kaluara dhe jemi t\u00eb gatsh\u00ebm p\u00ebr t\u00eb dh\u00ebn\u00eb p\u00ebrgjegj\u00ebsi&#8230;<\/p>\n<p>Urtia popullore na m\u00ebson se \u201cmiqt\u00eb t\u00eb kritikojn\u00eb, kurse filantrop\u00ebt t\u00eb ledhatojn\u00eb\u201d. LDK-ja vet duhet t\u00eb analizon cil\u00ebt jan\u00eb miqt\u00eb dhe cil\u00ebt jan\u00eb armiqt\u00eb e shkat\u00ebrrimit t\u00eb LDK-s\u00eb. LDK-ja nuk duhet ta mat konceptin dhe moralin e gazet\u00ebs e cila deri n\u00eb gryk\u00eb \u00ebsht\u00eb e mbushur me krime prej m\u00eb monstruoze. T\u00eb shpresoj se disa nga gj\u00ebrat e sh\u00ebnuara do t\u2019i sh\u00ebrbejn\u00eb KP t\u00eb LDK-s\u00eb p\u00ebr t\u00eb nisur fillin dhe p\u00ebr t\u00eb zgjedhur l\u00ebmshin e ngat\u00ebrruar.<\/p>\n<p>Le t\u00eb shpresojm\u00eb se n\u00eb vjesht\u00ebn e sivjetme do t\u00eb mbahet Kuvendi i Partis\u00eb dhe nga ai kuvend LDK-ja duhet t\u00eb del me nj\u00eb eksperienc\u00eb q\u00eb mund t\u00eb vihen n\u00eb sh\u00ebrbime pozitive.<\/p>\n<p>N\u00eb fund t\u00eb k\u00ebtij fejtoni m\u00eb duhet ta fal\u00ebnderoj gazet\u00ebn \u201cEpoka e re\u201d e cila i b\u00ebri publike dhe ia afroi qytetarit kosovar edhe nj\u00eb mendim tjet\u00ebr p\u00ebr zhvillimet politike n\u00eb LDK. I fal\u00ebnderohem edhe atyre lexuesve q\u00eb i kan\u00eb p\u00ebrcjell dhe atyre q\u00eb m\u00eb kan\u00eb shkruar.<br \/>\nGjithsesi edhe nj\u00eb mir\u00ebnjohje p\u00ebr disa portale interneti q\u00eb i kan\u00eb publikuar k\u00ebto shkrime.<br \/>\nFaleminderit t\u00eb gjith\u00ebve!&#8230;.<\/p>\n<p>E.Mail: <em>shefqet.dibrani@bluewin.ch<\/em><\/p>\n<p><em>Zvic\u00ebr, 27 qershor 2010<\/em>.<\/p>\n<p>*<em>Autori, \u00ebsht\u00eb an\u00ebtar\u00eb i LDK-s\u00eb q\u00eb nga viti 1989, p\u00ebr vite t\u00eb t\u00ebra ishte an\u00ebtar i kryesis\u00eb s\u00eb Deg\u00ebs s\u00eb LDK-s\u00eb n\u00eb Zvic\u00ebr dhe i N\u00ebndeg\u00ebs n\u00eb Kantonin St. Gallen, ku ai jeton. Po ashtu autori i shkrimit ishte delegat n\u00eb dy Kuvendet e LDK \u2013s\u00eb n\u00eb Prishtin\u00eb t\u00eb mbajtura n\u00eb vitet 1994 dhe 1998, autor i dhjet\u00eb librave t\u00eb publikuar dhe analist politik n\u00eb koh\u00ebt m\u00eb t\u00eb v\u00ebshtira q\u00eb kalonte LDK-ja, duke u b\u00ebr\u00eb z\u00ebri m\u00eb autentik i saj.<\/em><\/p>\n","protected":false},"excerpt":{"rendered":"<p>REFORMAT N\u00cb LDK (15) Shkruan: Shefqet DIBRANI Kjo vazhdim\u00ebsi e qasjeve p\u00ebr reforma n\u00eb LDK nuk ka t\u00eb b\u00ebj\u00eb me idealiz\u00ebm, sa do q\u00eb pesimist\u00ebt mund t\u2019i ken\u00eb kategorizuar komentet e mia n\u00eb nj\u00ebfar\u00eb lloj idealizmi. P\u00ebr nj\u00eb idealiz\u00ebm racional mund t\u00eb flitet, sepse \u00e7do qytetar i Kosov\u00ebs duhet t\u00eb jet\u00eb racional me zhvillimet e [&hellip;]<\/p>\n","protected":false},"author":1,"featured_media":0,"comment_status":"open","ping_status":"closed","sticky":false,"template":"","format":"standard","meta":{"footnotes":""},"categories":[2],"tags":[],"class_list":{"0":"post-3388","1":"post","2":"type-post","3":"status-publish","4":"format-standard","6":"category-artikuj"},"yoast_head":"<!-- This site is optimized with the Yoast SEO plugin v27.4 - https:\/\/yoast.com\/product\/yoast-seo-wordpress\/ -->\n<title>MIQT\u00cb T\u00cb KRITIKOJN\u00cb KURSE FILANTROP\u00cbT T\u00cb LEDHATOJN\u00cb - FjALA e LIR\u00cb - Arkivi<\/title>\n<meta name=\"robots\" content=\"index, follow, max-snippet:-1, max-image-preview:large, max-video-preview:-1\" \/>\n<link rel=\"canonical\" href=\"https:\/\/fjala.info\/2009-2015\/miqte-te-kritikojne-kurse-filantropet-te-ledhatojne\/\" \/>\n<meta property=\"og:locale\" content=\"sq_AL\" \/>\n<meta property=\"og:type\" content=\"article\" \/>\n<meta property=\"og:title\" content=\"MIQT\u00cb T\u00cb KRITIKOJN\u00cb KURSE FILANTROP\u00cbT T\u00cb LEDHATOJN\u00cb - FjALA e LIR\u00cb - Arkivi\" \/>\n<meta property=\"og:description\" content=\"REFORMAT N\u00cb LDK (15) Shkruan: Shefqet DIBRANI Kjo vazhdim\u00ebsi e qasjeve p\u00ebr reforma n\u00eb LDK nuk ka t\u00eb b\u00ebj\u00eb me idealiz\u00ebm, sa do q\u00eb pesimist\u00ebt mund t\u2019i ken\u00eb kategorizuar komentet e mia n\u00eb nj\u00ebfar\u00eb lloj idealizmi. P\u00ebr nj\u00eb idealiz\u00ebm racional mund t\u00eb flitet, sepse \u00e7do qytetar i Kosov\u00ebs duhet t\u00eb jet\u00eb racional me zhvillimet e [&hellip;]\" \/>\n<meta property=\"og:url\" content=\"https:\/\/fjala.info\/2009-2015\/miqte-te-kritikojne-kurse-filantropet-te-ledhatojne\/\" \/>\n<meta property=\"og:site_name\" content=\"FjALA e LIR\u00cb - Arkivi\" \/>\n<meta property=\"article:published_time\" content=\"2010-07-18T14:28:13+00:00\" \/>\n<meta property=\"og:image\" content=\"http:\/\/www.shkoder.net\/images\/fjala\/dibrani.jpg\" \/>\n<meta name=\"author\" content=\"admin\" \/>\n<meta name=\"twitter:card\" content=\"summary_large_image\" \/>\n<meta name=\"twitter:label1\" content=\"Written by\" \/>\n\t<meta name=\"twitter:data1\" content=\"admin\" \/>\n\t<meta name=\"twitter:label2\" content=\"Est. reading time\" \/>\n\t<meta name=\"twitter:data2\" content=\"6 minutes\" \/>\n<script type=\"application\/ld+json\" class=\"yoast-schema-graph\">{\"@context\":\"https:\\\/\\\/schema.org\",\"@graph\":[{\"@type\":\"Article\",\"@id\":\"https:\\\/\\\/fjala.info\\\/2009-2015\\\/miqte-te-kritikojne-kurse-filantropet-te-ledhatojne\\\/#article\",\"isPartOf\":{\"@id\":\"https:\\\/\\\/fjala.info\\\/2009-2015\\\/miqte-te-kritikojne-kurse-filantropet-te-ledhatojne\\\/\"},\"author\":{\"name\":\"admin\",\"@id\":\"https:\\\/\\\/fjala.info\\\/2009-2015\\\/#\\\/schema\\\/person\\\/3aa1163ef05469c496fc94e77611ada2\"},\"headline\":\"MIQT\u00cb T\u00cb KRITIKOJN\u00cb KURSE FILANTROP\u00cbT T\u00cb LEDHATOJN\u00cb\",\"datePublished\":\"2010-07-18T14:28:13+00:00\",\"mainEntityOfPage\":{\"@id\":\"https:\\\/\\\/fjala.info\\\/2009-2015\\\/miqte-te-kritikojne-kurse-filantropet-te-ledhatojne\\\/\"},\"wordCount\":1262,\"commentCount\":0,\"publisher\":{\"@id\":\"https:\\\/\\\/fjala.info\\\/2009-2015\\\/#organization\"},\"image\":{\"@id\":\"https:\\\/\\\/fjala.info\\\/2009-2015\\\/miqte-te-kritikojne-kurse-filantropet-te-ledhatojne\\\/#primaryimage\"},\"thumbnailUrl\":\"http:\\\/\\\/www.shkoder.net\\\/images\\\/fjala\\\/dibrani.jpg\",\"articleSection\":[\"Artikuj\"],\"inLanguage\":\"sq-AL\",\"potentialAction\":[{\"@type\":\"CommentAction\",\"name\":\"Comment\",\"target\":[\"https:\\\/\\\/fjala.info\\\/2009-2015\\\/miqte-te-kritikojne-kurse-filantropet-te-ledhatojne\\\/#respond\"]}]},{\"@type\":\"WebPage\",\"@id\":\"https:\\\/\\\/fjala.info\\\/2009-2015\\\/miqte-te-kritikojne-kurse-filantropet-te-ledhatojne\\\/\",\"url\":\"https:\\\/\\\/fjala.info\\\/2009-2015\\\/miqte-te-kritikojne-kurse-filantropet-te-ledhatojne\\\/\",\"name\":\"MIQT\u00cb T\u00cb KRITIKOJN\u00cb KURSE FILANTROP\u00cbT T\u00cb LEDHATOJN\u00cb - FjALA e LIR\u00cb - Arkivi\",\"isPartOf\":{\"@id\":\"https:\\\/\\\/fjala.info\\\/2009-2015\\\/#website\"},\"primaryImageOfPage\":{\"@id\":\"https:\\\/\\\/fjala.info\\\/2009-2015\\\/miqte-te-kritikojne-kurse-filantropet-te-ledhatojne\\\/#primaryimage\"},\"image\":{\"@id\":\"https:\\\/\\\/fjala.info\\\/2009-2015\\\/miqte-te-kritikojne-kurse-filantropet-te-ledhatojne\\\/#primaryimage\"},\"thumbnailUrl\":\"http:\\\/\\\/www.shkoder.net\\\/images\\\/fjala\\\/dibrani.jpg\",\"datePublished\":\"2010-07-18T14:28:13+00:00\",\"breadcrumb\":{\"@id\":\"https:\\\/\\\/fjala.info\\\/2009-2015\\\/miqte-te-kritikojne-kurse-filantropet-te-ledhatojne\\\/#breadcrumb\"},\"inLanguage\":\"sq-AL\",\"potentialAction\":[{\"@type\":\"ReadAction\",\"target\":[\"https:\\\/\\\/fjala.info\\\/2009-2015\\\/miqte-te-kritikojne-kurse-filantropet-te-ledhatojne\\\/\"]}]},{\"@type\":\"ImageObject\",\"inLanguage\":\"sq-AL\",\"@id\":\"https:\\\/\\\/fjala.info\\\/2009-2015\\\/miqte-te-kritikojne-kurse-filantropet-te-ledhatojne\\\/#primaryimage\",\"url\":\"http:\\\/\\\/www.shkoder.net\\\/images\\\/fjala\\\/dibrani.jpg\",\"contentUrl\":\"http:\\\/\\\/www.shkoder.net\\\/images\\\/fjala\\\/dibrani.jpg\"},{\"@type\":\"BreadcrumbList\",\"@id\":\"https:\\\/\\\/fjala.info\\\/2009-2015\\\/miqte-te-kritikojne-kurse-filantropet-te-ledhatojne\\\/#breadcrumb\",\"itemListElement\":[{\"@type\":\"ListItem\",\"position\":1,\"name\":\"Home\",\"item\":\"https:\\\/\\\/fjala.info\\\/2009-2015\\\/\"},{\"@type\":\"ListItem\",\"position\":2,\"name\":\"MIQT\u00cb T\u00cb KRITIKOJN\u00cb KURSE FILANTROP\u00cbT T\u00cb LEDHATOJN\u00cb\"}]},{\"@type\":\"WebSite\",\"@id\":\"https:\\\/\\\/fjala.info\\\/2009-2015\\\/#website\",\"url\":\"https:\\\/\\\/fjala.info\\\/2009-2015\\\/\",\"name\":\"FjALA e LIR\u00cb - Arkivi\",\"description\":\"Arkivi 2009-2015\",\"publisher\":{\"@id\":\"https:\\\/\\\/fjala.info\\\/2009-2015\\\/#organization\"},\"potentialAction\":[{\"@type\":\"SearchAction\",\"target\":{\"@type\":\"EntryPoint\",\"urlTemplate\":\"https:\\\/\\\/fjala.info\\\/2009-2015\\\/?s={search_term_string}\"},\"query-input\":{\"@type\":\"PropertyValueSpecification\",\"valueRequired\":true,\"valueName\":\"search_term_string\"}}],\"inLanguage\":\"sq-AL\"},{\"@type\":\"Organization\",\"@id\":\"https:\\\/\\\/fjala.info\\\/2009-2015\\\/#organization\",\"name\":\"FjALA e LIR\u00cb - Arkivi\",\"url\":\"https:\\\/\\\/fjala.info\\\/2009-2015\\\/\",\"logo\":{\"@type\":\"ImageObject\",\"inLanguage\":\"sq-AL\",\"@id\":\"https:\\\/\\\/fjala.info\\\/2009-2015\\\/#\\\/schema\\\/logo\\\/image\\\/\",\"url\":\"\",\"contentUrl\":\"\",\"caption\":\"FjALA e LIR\u00cb - Arkivi\"},\"image\":{\"@id\":\"https:\\\/\\\/fjala.info\\\/2009-2015\\\/#\\\/schema\\\/logo\\\/image\\\/\"}},{\"@type\":\"Person\",\"@id\":\"https:\\\/\\\/fjala.info\\\/2009-2015\\\/#\\\/schema\\\/person\\\/3aa1163ef05469c496fc94e77611ada2\",\"name\":\"admin\",\"image\":{\"@type\":\"ImageObject\",\"inLanguage\":\"sq-AL\",\"@id\":\"https:\\\/\\\/fjala.info\\\/2009-2015\\\/wp-content\\\/uploads\\\/2012\\\/02\\\/arben_cokaj-120x150.jpg\",\"url\":\"https:\\\/\\\/fjala.info\\\/2009-2015\\\/wp-content\\\/uploads\\\/2012\\\/02\\\/arben_cokaj-120x150.jpg\",\"contentUrl\":\"https:\\\/\\\/fjala.info\\\/2009-2015\\\/wp-content\\\/uploads\\\/2012\\\/02\\\/arben_cokaj-120x150.jpg\",\"caption\":\"admin\"},\"description\":\"Admin, Fjala e Lir\u00eb\",\"sameAs\":[\"https:\\\/\\\/fjala.info\\\/\"],\"url\":\"https:\\\/\\\/fjala.info\\\/2009-2015\\\/author\\\/admin\\\/\"}]}<\/script>\n<!-- \/ Yoast SEO plugin. -->","yoast_head_json":{"title":"MIQT\u00cb T\u00cb KRITIKOJN\u00cb KURSE FILANTROP\u00cbT T\u00cb LEDHATOJN\u00cb - FjALA e LIR\u00cb - Arkivi","robots":{"index":"index","follow":"follow","max-snippet":"max-snippet:-1","max-image-preview":"max-image-preview:large","max-video-preview":"max-video-preview:-1"},"canonical":"https:\/\/fjala.info\/2009-2015\/miqte-te-kritikojne-kurse-filantropet-te-ledhatojne\/","og_locale":"sq_AL","og_type":"article","og_title":"MIQT\u00cb T\u00cb KRITIKOJN\u00cb KURSE FILANTROP\u00cbT T\u00cb LEDHATOJN\u00cb - FjALA e LIR\u00cb - Arkivi","og_description":"REFORMAT N\u00cb LDK (15) Shkruan: Shefqet DIBRANI Kjo vazhdim\u00ebsi e qasjeve p\u00ebr reforma n\u00eb LDK nuk ka t\u00eb b\u00ebj\u00eb me idealiz\u00ebm, sa do q\u00eb pesimist\u00ebt mund t\u2019i ken\u00eb kategorizuar komentet e mia n\u00eb nj\u00ebfar\u00eb lloj idealizmi. P\u00ebr nj\u00eb idealiz\u00ebm racional mund t\u00eb flitet, sepse \u00e7do qytetar i Kosov\u00ebs duhet t\u00eb jet\u00eb racional me zhvillimet e [&hellip;]","og_url":"https:\/\/fjala.info\/2009-2015\/miqte-te-kritikojne-kurse-filantropet-te-ledhatojne\/","og_site_name":"FjALA e LIR\u00cb - Arkivi","article_published_time":"2010-07-18T14:28:13+00:00","og_image":[{"url":"http:\/\/www.shkoder.net\/images\/fjala\/dibrani.jpg","type":"","width":"","height":""}],"author":"admin","twitter_card":"summary_large_image","twitter_misc":{"Written by":"admin","Est. reading time":"6 minutes"},"schema":{"@context":"https:\/\/schema.org","@graph":[{"@type":"Article","@id":"https:\/\/fjala.info\/2009-2015\/miqte-te-kritikojne-kurse-filantropet-te-ledhatojne\/#article","isPartOf":{"@id":"https:\/\/fjala.info\/2009-2015\/miqte-te-kritikojne-kurse-filantropet-te-ledhatojne\/"},"author":{"name":"admin","@id":"https:\/\/fjala.info\/2009-2015\/#\/schema\/person\/3aa1163ef05469c496fc94e77611ada2"},"headline":"MIQT\u00cb T\u00cb KRITIKOJN\u00cb KURSE FILANTROP\u00cbT T\u00cb LEDHATOJN\u00cb","datePublished":"2010-07-18T14:28:13+00:00","mainEntityOfPage":{"@id":"https:\/\/fjala.info\/2009-2015\/miqte-te-kritikojne-kurse-filantropet-te-ledhatojne\/"},"wordCount":1262,"commentCount":0,"publisher":{"@id":"https:\/\/fjala.info\/2009-2015\/#organization"},"image":{"@id":"https:\/\/fjala.info\/2009-2015\/miqte-te-kritikojne-kurse-filantropet-te-ledhatojne\/#primaryimage"},"thumbnailUrl":"http:\/\/www.shkoder.net\/images\/fjala\/dibrani.jpg","articleSection":["Artikuj"],"inLanguage":"sq-AL","potentialAction":[{"@type":"CommentAction","name":"Comment","target":["https:\/\/fjala.info\/2009-2015\/miqte-te-kritikojne-kurse-filantropet-te-ledhatojne\/#respond"]}]},{"@type":"WebPage","@id":"https:\/\/fjala.info\/2009-2015\/miqte-te-kritikojne-kurse-filantropet-te-ledhatojne\/","url":"https:\/\/fjala.info\/2009-2015\/miqte-te-kritikojne-kurse-filantropet-te-ledhatojne\/","name":"MIQT\u00cb T\u00cb KRITIKOJN\u00cb KURSE FILANTROP\u00cbT T\u00cb LEDHATOJN\u00cb - FjALA e LIR\u00cb - Arkivi","isPartOf":{"@id":"https:\/\/fjala.info\/2009-2015\/#website"},"primaryImageOfPage":{"@id":"https:\/\/fjala.info\/2009-2015\/miqte-te-kritikojne-kurse-filantropet-te-ledhatojne\/#primaryimage"},"image":{"@id":"https:\/\/fjala.info\/2009-2015\/miqte-te-kritikojne-kurse-filantropet-te-ledhatojne\/#primaryimage"},"thumbnailUrl":"http:\/\/www.shkoder.net\/images\/fjala\/dibrani.jpg","datePublished":"2010-07-18T14:28:13+00:00","breadcrumb":{"@id":"https:\/\/fjala.info\/2009-2015\/miqte-te-kritikojne-kurse-filantropet-te-ledhatojne\/#breadcrumb"},"inLanguage":"sq-AL","potentialAction":[{"@type":"ReadAction","target":["https:\/\/fjala.info\/2009-2015\/miqte-te-kritikojne-kurse-filantropet-te-ledhatojne\/"]}]},{"@type":"ImageObject","inLanguage":"sq-AL","@id":"https:\/\/fjala.info\/2009-2015\/miqte-te-kritikojne-kurse-filantropet-te-ledhatojne\/#primaryimage","url":"http:\/\/www.shkoder.net\/images\/fjala\/dibrani.jpg","contentUrl":"http:\/\/www.shkoder.net\/images\/fjala\/dibrani.jpg"},{"@type":"BreadcrumbList","@id":"https:\/\/fjala.info\/2009-2015\/miqte-te-kritikojne-kurse-filantropet-te-ledhatojne\/#breadcrumb","itemListElement":[{"@type":"ListItem","position":1,"name":"Home","item":"https:\/\/fjala.info\/2009-2015\/"},{"@type":"ListItem","position":2,"name":"MIQT\u00cb T\u00cb KRITIKOJN\u00cb KURSE FILANTROP\u00cbT T\u00cb LEDHATOJN\u00cb"}]},{"@type":"WebSite","@id":"https:\/\/fjala.info\/2009-2015\/#website","url":"https:\/\/fjala.info\/2009-2015\/","name":"FjALA e LIR\u00cb - Arkivi","description":"Arkivi 2009-2015","publisher":{"@id":"https:\/\/fjala.info\/2009-2015\/#organization"},"potentialAction":[{"@type":"SearchAction","target":{"@type":"EntryPoint","urlTemplate":"https:\/\/fjala.info\/2009-2015\/?s={search_term_string}"},"query-input":{"@type":"PropertyValueSpecification","valueRequired":true,"valueName":"search_term_string"}}],"inLanguage":"sq-AL"},{"@type":"Organization","@id":"https:\/\/fjala.info\/2009-2015\/#organization","name":"FjALA e LIR\u00cb - Arkivi","url":"https:\/\/fjala.info\/2009-2015\/","logo":{"@type":"ImageObject","inLanguage":"sq-AL","@id":"https:\/\/fjala.info\/2009-2015\/#\/schema\/logo\/image\/","url":"","contentUrl":"","caption":"FjALA e LIR\u00cb - Arkivi"},"image":{"@id":"https:\/\/fjala.info\/2009-2015\/#\/schema\/logo\/image\/"}},{"@type":"Person","@id":"https:\/\/fjala.info\/2009-2015\/#\/schema\/person\/3aa1163ef05469c496fc94e77611ada2","name":"admin","image":{"@type":"ImageObject","inLanguage":"sq-AL","@id":"https:\/\/fjala.info\/2009-2015\/wp-content\/uploads\/2012\/02\/arben_cokaj-120x150.jpg","url":"https:\/\/fjala.info\/2009-2015\/wp-content\/uploads\/2012\/02\/arben_cokaj-120x150.jpg","contentUrl":"https:\/\/fjala.info\/2009-2015\/wp-content\/uploads\/2012\/02\/arben_cokaj-120x150.jpg","caption":"admin"},"description":"Admin, Fjala e Lir\u00eb","sameAs":["https:\/\/fjala.info\/"],"url":"https:\/\/fjala.info\/2009-2015\/author\/admin\/"}]}},"_links":{"self":[{"href":"https:\/\/fjala.info\/2009-2015\/wp-json\/wp\/v2\/posts\/3388","targetHints":{"allow":["GET"]}}],"collection":[{"href":"https:\/\/fjala.info\/2009-2015\/wp-json\/wp\/v2\/posts"}],"about":[{"href":"https:\/\/fjala.info\/2009-2015\/wp-json\/wp\/v2\/types\/post"}],"author":[{"embeddable":true,"href":"https:\/\/fjala.info\/2009-2015\/wp-json\/wp\/v2\/users\/1"}],"replies":[{"embeddable":true,"href":"https:\/\/fjala.info\/2009-2015\/wp-json\/wp\/v2\/comments?post=3388"}],"version-history":[{"count":0,"href":"https:\/\/fjala.info\/2009-2015\/wp-json\/wp\/v2\/posts\/3388\/revisions"}],"wp:attachment":[{"href":"https:\/\/fjala.info\/2009-2015\/wp-json\/wp\/v2\/media?parent=3388"}],"wp:term":[{"taxonomy":"category","embeddable":true,"href":"https:\/\/fjala.info\/2009-2015\/wp-json\/wp\/v2\/categories?post=3388"},{"taxonomy":"post_tag","embeddable":true,"href":"https:\/\/fjala.info\/2009-2015\/wp-json\/wp\/v2\/tags?post=3388"}],"curies":[{"name":"wp","href":"https:\/\/api.w.org\/{rel}","templated":true}]}}