{"id":3376,"date":"2012-06-23T22:45:36","date_gmt":"2012-06-23T21:45:36","guid":{"rendered":"http:\/\/www.fjala.info\/?p=3376"},"modified":"2012-06-23T22:45:36","modified_gmt":"2012-06-23T21:45:36","slug":"shqiperia-dhe-italia-ne-vitet-e-pavaresise","status":"publish","type":"post","link":"https:\/\/fjala.info\/2009-2015\/shqiperia-dhe-italia-ne-vitet-e-pavaresise\/","title":{"rendered":"Shqip\u00ebria dhe Italia n\u00eb vitet e Pavar\u00ebsis\u00eb"},"content":{"rendered":"<p><img decoding=\"async\" class=\"alignright size-thumbnail wp-image-7236\" title=\"Arjan Th. Kall\u00e7o\" src=\"http:\/\/www.shkoder.net\/images\/fjala\/2011\/arjan_kallco.jpg\" alt=\"\" width=\"150\" \/> <strong>Arjan Th. Kall\u00e7o<\/strong><\/p>\n<p><strong><em>Homazh zonj\u00ebs Miryam Benvenuto<\/em><\/strong><\/p>\n<p>K\u00ebt\u00eb artikull mbi Pavar\u00ebsin\u00eb, rrethanat dhe konfliktet i vun\u00eb p\u00ebrs\u00ebri bashk\u00eb dy vendet tona n\u00eb mbrojtje t\u00eb nj\u00eb ideali shqiptar q\u00eb kishte shekuj q\u00eb e aspironin, do t\u00eb deshim ta shkruanim me qet\u00ebsi dhe me koh\u00eb t\u00eb mjaftueshme n\u00eb dispozicion, por rrethanat e jet\u00ebs ngandonj\u00ebher\u00eb nuk na e lejojn\u00eb dhe na nxjerrin para dhjetra prova, t\u00eb cilat me pak durim mund t\u2019i kap\u00ebrcesh ose jo. N\u00ebse d\u00ebshton nj\u00eb her\u00eb e ke rastin e dyt\u00eb, t\u00eb tret\u00eb e k\u00ebshtu me radh\u00eb, derisa vendos q\u00eb ta \u00e7osh nj\u00eb synim n\u00eb fund apo ta braktis\u00ebsh dhe t\u00eb dor\u00ebzohesh. Por kur n\u00eb mes ka shkaqe dhe rrethana t\u00eb tjera, t\u00eb pavarura nga forca jote, nga d\u00ebshira e madhe q\u00eb ke ushqyer brenda vetes, at\u00ebher\u00eb duhet t\u00eb ndalesh dhe t\u2019i dedikosh koh\u00ebn e duhur, duke b\u00ebr\u00eb vler\u00ebsimin e situat\u00ebs dhe duke marr\u00eb nj\u00eb vendim. Largimi i parakohsh\u00ebm drejt Italis\u00eb i akademikut Italian Benvenuto, vajza e vet ka pak koh\u00eb q\u00eb nd\u00ebrroi jet\u00eb n\u00eb Tiran\u00eb, ndoshta na i p\u00ebrmbysi disi planet tona.<\/p>\n<p>Por un\u00eb shpresoj q\u00eb hidh\u00ebrimi t\u2019i jap\u00eb forc\u00eb dhe t\u00eb mund t\u00eb vazhdojm\u00eb bashk\u00ebpunimin ton\u00eb edhe n\u00eb vitet n\u00eb vazhdim, pasi jet\u00ebgjat\u00ebsia dhe dashuria e tij e ve\u00e7ant\u00eb p\u00ebr Shqip\u00ebrin\u00eb, jan\u00eb nj\u00eb burim q\u00eb sikur t\u00eb jepte t\u00eb gjith\u00eb erudicionin e vet, do t\u00eb ishte nj\u00eb kontribut i madh p\u00ebr ne. N\u00eb nj\u00eb moment t\u00eb jet\u00ebs, kur sh\u00ebndeti nuk ec\u00ebn mir\u00eb, na duhet t\u00eb braktisim gjith\u00e7ka dhe t\u2019i dedikohemi jet\u00ebs s\u00eb njeriut ton\u00eb t\u00eb af\u00ebrt, le ta mendojm\u00eb pastaj, kur hallet nuk jan\u00eb m\u00eb individuale por komb\u00ebtare, si\u00e7 \u00ebsht\u00eb vet\u00eb historia e Shqip\u00ebris\u00eb, gjithmon\u00eb n\u00eb efektin e shtr\u00ebngatave ballkanike dhe europiane.<\/p>\n<p>E Shqip\u00ebria, halle jete dhe mbijetese ka patur gjithmon\u00eb n\u00eb historin\u00eb e saj, q\u00eb nga koha e Heroit ton\u00eb Komb\u00ebtar e deri n\u00eb mbarim t\u00eb Luft\u00ebs s\u00eb dyt\u00eb bot\u00ebrore. M\u00ebnyra sesi i zgjidh\u00ebn paraardh\u00ebsit tan\u00eb, na lejojn\u00eb q\u00eb t\u2019i gjykojm\u00eb, interpretojm\u00eb ato n\u00ebn drit\u00ebn e fakteve t\u00eb shumta dhe t\u00eb reja; t\u2019i shohim nga k\u00ebndv\u00ebshtrime neutral dhe jo me pasione apo nacionalizma t\u00eb s\u00ebmura, p\u00ebr t\u00eb dh\u00ebn\u00eb nj\u00eb lloj zgjidhje n\u00eb koh\u00eb t\u00eb tjera, por q\u00eb kurr\u00eb nuk do t\u00eb korrespondojn\u00eb me realitetin, kur k\u00ebto zgjidhje u arrit\u00ebn.<\/p>\n<p>N\u00eb to ndikojn\u00eb shum\u00eb faktor\u00eb, midis t\u00eb cil\u00ebve edhe faktori yn\u00eb komb\u00ebtar, njer\u00ebzit q\u00eb ishin n\u00eb krye t\u00eb pun\u00ebve n\u00eb at\u00eb koh\u00eb, por dhe ai nd\u00ebrkomb\u00ebtar n\u00eb shum\u00eb raste vendimtar. Nuk \u00ebsht\u00eb puna se n\u00eb cilat diskutime mor\u00ebn pjes\u00eb, \u00e7far\u00eb p\u00ebrpjekje b\u00ebn\u00eb, apo cilat ishin debatat e brendshme dhe t\u00eb jashtme, por se cil\u00ebn zgjidhje vendos\u00ebn n\u00eb radh\u00eb t\u00eb par\u00eb, at\u00eb t\u00eb interesit t\u00eb klas\u00ebs s\u00eb cil\u00ebs i p\u00ebrkisnin, t\u00eb s\u00eb keqes m\u00eb t\u00eb vog\u00ebl, apo interest e mbar\u00eb kombit. Historia jon\u00eb ka par\u00eb shpesh q\u00eb t\u00eb anashkalohen interesat e vet\u00eb shqiptar\u00ebve, duke v\u00ebn\u00eb n\u00eb krye ato t\u00eb pushtetit absolut t\u00eb nj\u00eb grupi apo ato personale. Por le t\u2019i kthehemi Pavar\u00ebsis\u00eb son\u00eb komb\u00ebtare dhe bised\u00ebs q\u00eb zhvilluam mes nesh me prof. Emilio Benvenuton.<\/p>\n<p><strong>100 vjet nga Pavr\u00ebsia jon\u00eb, \u00e7far\u00eb flitej n\u00eb at\u00eb koh\u00eb p\u00ebr k\u00ebt\u00eb ngjarje q\u00eb p\u00ebrfshiu edhe vet\u00eb Italin\u00eb?<\/strong><br \/>\nIndipendenca shqiptare erdhi 6 vjet para se t\u00eb lindja un\u00eb, por kam shfletuar dhe degjuar se n\u00eb Pulja, ve\u00e7an\u00ebrisht n\u00eb Bari, pati jehon\u00eb t\u00eb madhe. V\u00ebmendja e Italis\u00eb u t\u00ebrhoq 3 vjet m\u00eb von\u00eb, pasi ishte n\u00eb luft\u00eb me Austro-Hungarin\u00eb. Humbja e S\u00ebrbis\u00eb solli edhe vet\u00eb pushtimin e saj prej austrohungarez\u00ebve dhe qeveria s\u00ebrbe u detyrua t\u00eb largohej deri n\u00eb portet shqiptare, Durr\u00ebs dhe Vlor\u00eb dhe n\u00eb Itali u shoq\u00ebrua nga flota italiane.<\/p>\n<p>Austrohungarez\u00ebt e pushtuan Shqip\u00ebrin\u00eb nga Shkodra deri n\u00eb Fier. N\u00eb Jug, n\u00eb Vlor\u00eb dhe Sarand\u00eb, e ndal\u00ebn p\u00ebrparimin e tyre. T\u00eb nj\u00ebjt\u00ebn gj\u00eb b\u00ebn\u00eb edhe francez\u00ebt me Kor\u00e7\u00ebn e Gjirokastr\u00ebn. Kjo situat\u00eb ishte tep\u00ebr e \u00e7uditshme p\u00ebr italian\u00ebt. N\u00eb Greqi kishte z\u00ebra p\u00ebr luft\u00eb dhe Venizellosi ishte n\u00eb favor t\u00eb saj, bashk\u00eb me aleat\u00ebt kund\u00ebr Gjermanis\u00eb dhe Austris\u00eb. K\u00ebrc\u00ebnimi m\u00eb i madh p\u00ebr integritetin e Shqip\u00ebris\u00eb vinte n\u00eb vitin 1916 nga nj\u00eb fitore e mundshme e aksit gjerman. Shqip\u00ebria do t\u00eb ishte e ndar\u00eb Austria n\u00eb veri, n\u00eb jug francez\u00ebt dhe italin\u00ebt, me Greqin\u00eb q\u00eb k\u00ebrc\u00ebnonte me hyrjen n\u00eb luft\u00eb me synim Kor\u00e7\u00ebn dhe Gjirokastr\u00ebn p\u00ebr nj\u00eb Greqi t\u00eb madhe.<\/p>\n<p><strong>Le t\u2019i kthehemi atij q\u00eb vulosi Pavar\u00ebsin\u00eb m\u00eb 28 n\u00ebntor 1912, Ismail Qemalit, si shihej nga Italia?<\/strong><br \/>\nItalia e ndihmonte me para, si\u00e7 ndihmonte edhe politikan\u00ebt shqiptar\u00eb q\u00eb luftonin p\u00ebr pavar\u00ebsi, pasi nuk kishin ndihm\u00eb nga Anglia, Franca apo Gjermania, q\u00eb ishin indiferent\u00eb. N\u00eb Itali gjeti mb\u00ebshtetje politike, e vetmja midis fuqive t\u00eb koh\u00ebs. Vitet 1912-1915 flasin p\u00ebr kontakte t\u00eb shumta midis Qemalit dhe qeveris\u00eb italiane, q\u00eb shihnin tek Italia mbrojt\u00ebsen e natyrshme. Edhe n\u00eb vitin 1919 Italia e mb\u00ebshteti shum\u00eb Shqip\u00ebrin\u00eb dhe e favorizoi kund\u00ebr pretendimeve jugosllave dhe greke.<\/p>\n<p><strong>A ishte shenj\u00eb fati vdekja e tij e paimagjinueshme n\u00eb nj\u00eb hotel t\u00eb Peruxh\u00ebs n\u00eb Itali?<\/strong><br \/>\nAi kishte nj\u00eb prirje t\u00eb natyrshme ndaj Italis\u00eb dhe i dukej sikur t\u00eb ishte n\u00eb Atdhe.<\/p>\n<p><strong>A ka hetime p\u00ebr vdekjen e tij n\u00eb rrethana tep\u00ebr misterioze?<\/strong><br \/>\nN\u00eb Itali erdhi kur ishte n\u00eb mosh\u00eb t\u00eb madhe dhe i t\u00ebrhequr n\u00eb jet\u00ebn private.<\/p>\n<p><strong>A mund t\u00eb kishin gisht italian\u00ebt n\u00eb vrasjen e tij?<\/strong><br \/>\nSigurisht q\u00eb jo, nuk kishte fare gisht n\u00eb k\u00ebt\u00eb ngjarje. Ai kishte q\u00ebn\u00eb gjithmon\u00eb miku i Italis\u00eb.<\/p>\n<p><strong>N\u00eb udh\u00ebtimin e fundit, nga Vjena kthehej n\u00eb Itali\u2026<\/strong><br \/>\nBesoj se ishte besnik ndaj Italis\u00eb, sepse vendi yn\u00eb e mbrojti gjithmon\u00eb n\u00eb at\u00eb koh\u00eb Shqip\u00ebrin\u00eb.<\/p>\n<p><strong>Kush mund t\u00eb ishte i interesuar p\u00ebr vdekjen e tij?<\/strong><br \/>\nNdoshta sh\u00ebrbimet sekrete franceze, duhet ta kuptosh, pasi Shqip\u00ebria nuk duhej t\u00eb kishte mb\u00ebshtetje dhe t\u00eb gjente n\u00eb vazhdim n\u00eb t\u00eb ardhmen tek Italia.<\/p>\n<p>Nj\u00eb lloj\u00eb loje q\u00eb hedh gurin dhe fsheh dor\u00ebn q\u00eb t\u00eb akuzonin m\u00eb pas Italin\u00eb si shkaktare t\u00eb k\u00ebsaj ngjarje.<\/p>\n<p style=\"text-align: center;\">(<em>Vazhdon<\/em>\u2026)<\/p>\n","protected":false},"excerpt":{"rendered":"<p>Arjan Th. Kall\u00e7o Homazh zonj\u00ebs Miryam Benvenuto K\u00ebt\u00eb artikull mbi Pavar\u00ebsin\u00eb, rrethanat dhe konfliktet i vun\u00eb p\u00ebrs\u00ebri bashk\u00eb dy vendet tona n\u00eb mbrojtje t\u00eb nj\u00eb ideali shqiptar q\u00eb kishte shekuj q\u00eb e aspironin, do t\u00eb deshim ta shkruanim me qet\u00ebsi dhe me koh\u00eb t\u00eb mjaftueshme n\u00eb dispozicion, por rrethanat e jet\u00ebs ngandonj\u00ebher\u00eb nuk na e [&hellip;]<\/p>\n","protected":false},"author":1,"featured_media":0,"comment_status":"open","ping_status":"closed","sticky":false,"template":"","format":"standard","meta":{"footnotes":""},"categories":[2],"tags":[],"class_list":{"0":"post-3376","1":"post","2":"type-post","3":"status-publish","4":"format-standard","6":"category-artikuj"},"yoast_head":"<!-- This site is optimized with the Yoast SEO plugin v27.4 - https:\/\/yoast.com\/product\/yoast-seo-wordpress\/ -->\n<title>Shqip\u00ebria dhe Italia n\u00eb vitet e Pavar\u00ebsis\u00eb - FjALA e LIR\u00cb - Arkivi<\/title>\n<meta name=\"robots\" content=\"index, follow, max-snippet:-1, max-image-preview:large, max-video-preview:-1\" \/>\n<link rel=\"canonical\" href=\"https:\/\/fjala.info\/2009-2015\/shqiperia-dhe-italia-ne-vitet-e-pavaresise\/\" \/>\n<meta property=\"og:locale\" content=\"sq_AL\" \/>\n<meta property=\"og:type\" content=\"article\" \/>\n<meta property=\"og:title\" content=\"Shqip\u00ebria dhe Italia n\u00eb vitet e Pavar\u00ebsis\u00eb - FjALA e LIR\u00cb - Arkivi\" \/>\n<meta property=\"og:description\" content=\"Arjan Th. Kall\u00e7o Homazh zonj\u00ebs Miryam Benvenuto K\u00ebt\u00eb artikull mbi Pavar\u00ebsin\u00eb, rrethanat dhe konfliktet i vun\u00eb p\u00ebrs\u00ebri bashk\u00eb dy vendet tona n\u00eb mbrojtje t\u00eb nj\u00eb ideali shqiptar q\u00eb kishte shekuj q\u00eb e aspironin, do t\u00eb deshim ta shkruanim me qet\u00ebsi dhe me koh\u00eb t\u00eb mjaftueshme n\u00eb dispozicion, por rrethanat e jet\u00ebs ngandonj\u00ebher\u00eb nuk na e [&hellip;]\" \/>\n<meta property=\"og:url\" content=\"https:\/\/fjala.info\/2009-2015\/shqiperia-dhe-italia-ne-vitet-e-pavaresise\/\" \/>\n<meta property=\"og:site_name\" content=\"FjALA e LIR\u00cb - Arkivi\" \/>\n<meta property=\"article:published_time\" content=\"2012-06-23T21:45:36+00:00\" \/>\n<meta property=\"og:image\" content=\"http:\/\/www.shkoder.net\/images\/fjala\/2011\/arjan_kallco.jpg\" \/>\n<meta name=\"author\" content=\"admin\" \/>\n<meta name=\"twitter:card\" content=\"summary_large_image\" \/>\n<meta name=\"twitter:label1\" content=\"Written by\" \/>\n\t<meta name=\"twitter:data1\" content=\"admin\" \/>\n\t<meta name=\"twitter:label2\" content=\"Est. reading time\" \/>\n\t<meta name=\"twitter:data2\" content=\"5 minutes\" \/>\n<script type=\"application\/ld+json\" class=\"yoast-schema-graph\">{\"@context\":\"https:\\\/\\\/schema.org\",\"@graph\":[{\"@type\":\"Article\",\"@id\":\"https:\\\/\\\/fjala.info\\\/2009-2015\\\/shqiperia-dhe-italia-ne-vitet-e-pavaresise\\\/#article\",\"isPartOf\":{\"@id\":\"https:\\\/\\\/fjala.info\\\/2009-2015\\\/shqiperia-dhe-italia-ne-vitet-e-pavaresise\\\/\"},\"author\":{\"name\":\"admin\",\"@id\":\"https:\\\/\\\/fjala.info\\\/2009-2015\\\/#\\\/schema\\\/person\\\/3aa1163ef05469c496fc94e77611ada2\"},\"headline\":\"Shqip\u00ebria dhe Italia n\u00eb vitet e Pavar\u00ebsis\u00eb\",\"datePublished\":\"2012-06-23T21:45:36+00:00\",\"mainEntityOfPage\":{\"@id\":\"https:\\\/\\\/fjala.info\\\/2009-2015\\\/shqiperia-dhe-italia-ne-vitet-e-pavaresise\\\/\"},\"wordCount\":1098,\"commentCount\":0,\"publisher\":{\"@id\":\"https:\\\/\\\/fjala.info\\\/2009-2015\\\/#organization\"},\"image\":{\"@id\":\"https:\\\/\\\/fjala.info\\\/2009-2015\\\/shqiperia-dhe-italia-ne-vitet-e-pavaresise\\\/#primaryimage\"},\"thumbnailUrl\":\"http:\\\/\\\/www.shkoder.net\\\/images\\\/fjala\\\/2011\\\/arjan_kallco.jpg\",\"articleSection\":[\"Artikuj\"],\"inLanguage\":\"sq-AL\",\"potentialAction\":[{\"@type\":\"CommentAction\",\"name\":\"Comment\",\"target\":[\"https:\\\/\\\/fjala.info\\\/2009-2015\\\/shqiperia-dhe-italia-ne-vitet-e-pavaresise\\\/#respond\"]}]},{\"@type\":\"WebPage\",\"@id\":\"https:\\\/\\\/fjala.info\\\/2009-2015\\\/shqiperia-dhe-italia-ne-vitet-e-pavaresise\\\/\",\"url\":\"https:\\\/\\\/fjala.info\\\/2009-2015\\\/shqiperia-dhe-italia-ne-vitet-e-pavaresise\\\/\",\"name\":\"Shqip\u00ebria dhe Italia n\u00eb vitet e Pavar\u00ebsis\u00eb - FjALA e LIR\u00cb - Arkivi\",\"isPartOf\":{\"@id\":\"https:\\\/\\\/fjala.info\\\/2009-2015\\\/#website\"},\"primaryImageOfPage\":{\"@id\":\"https:\\\/\\\/fjala.info\\\/2009-2015\\\/shqiperia-dhe-italia-ne-vitet-e-pavaresise\\\/#primaryimage\"},\"image\":{\"@id\":\"https:\\\/\\\/fjala.info\\\/2009-2015\\\/shqiperia-dhe-italia-ne-vitet-e-pavaresise\\\/#primaryimage\"},\"thumbnailUrl\":\"http:\\\/\\\/www.shkoder.net\\\/images\\\/fjala\\\/2011\\\/arjan_kallco.jpg\",\"datePublished\":\"2012-06-23T21:45:36+00:00\",\"breadcrumb\":{\"@id\":\"https:\\\/\\\/fjala.info\\\/2009-2015\\\/shqiperia-dhe-italia-ne-vitet-e-pavaresise\\\/#breadcrumb\"},\"inLanguage\":\"sq-AL\",\"potentialAction\":[{\"@type\":\"ReadAction\",\"target\":[\"https:\\\/\\\/fjala.info\\\/2009-2015\\\/shqiperia-dhe-italia-ne-vitet-e-pavaresise\\\/\"]}]},{\"@type\":\"ImageObject\",\"inLanguage\":\"sq-AL\",\"@id\":\"https:\\\/\\\/fjala.info\\\/2009-2015\\\/shqiperia-dhe-italia-ne-vitet-e-pavaresise\\\/#primaryimage\",\"url\":\"http:\\\/\\\/www.shkoder.net\\\/images\\\/fjala\\\/2011\\\/arjan_kallco.jpg\",\"contentUrl\":\"http:\\\/\\\/www.shkoder.net\\\/images\\\/fjala\\\/2011\\\/arjan_kallco.jpg\"},{\"@type\":\"BreadcrumbList\",\"@id\":\"https:\\\/\\\/fjala.info\\\/2009-2015\\\/shqiperia-dhe-italia-ne-vitet-e-pavaresise\\\/#breadcrumb\",\"itemListElement\":[{\"@type\":\"ListItem\",\"position\":1,\"name\":\"Home\",\"item\":\"https:\\\/\\\/fjala.info\\\/2009-2015\\\/\"},{\"@type\":\"ListItem\",\"position\":2,\"name\":\"Shqip\u00ebria dhe Italia n\u00eb vitet e Pavar\u00ebsis\u00eb\"}]},{\"@type\":\"WebSite\",\"@id\":\"https:\\\/\\\/fjala.info\\\/2009-2015\\\/#website\",\"url\":\"https:\\\/\\\/fjala.info\\\/2009-2015\\\/\",\"name\":\"FjALA e LIR\u00cb - Arkivi\",\"description\":\"Arkivi 2009-2015\",\"publisher\":{\"@id\":\"https:\\\/\\\/fjala.info\\\/2009-2015\\\/#organization\"},\"potentialAction\":[{\"@type\":\"SearchAction\",\"target\":{\"@type\":\"EntryPoint\",\"urlTemplate\":\"https:\\\/\\\/fjala.info\\\/2009-2015\\\/?s={search_term_string}\"},\"query-input\":{\"@type\":\"PropertyValueSpecification\",\"valueRequired\":true,\"valueName\":\"search_term_string\"}}],\"inLanguage\":\"sq-AL\"},{\"@type\":\"Organization\",\"@id\":\"https:\\\/\\\/fjala.info\\\/2009-2015\\\/#organization\",\"name\":\"FjALA e LIR\u00cb - Arkivi\",\"url\":\"https:\\\/\\\/fjala.info\\\/2009-2015\\\/\",\"logo\":{\"@type\":\"ImageObject\",\"inLanguage\":\"sq-AL\",\"@id\":\"https:\\\/\\\/fjala.info\\\/2009-2015\\\/#\\\/schema\\\/logo\\\/image\\\/\",\"url\":\"\",\"contentUrl\":\"\",\"caption\":\"FjALA e LIR\u00cb - Arkivi\"},\"image\":{\"@id\":\"https:\\\/\\\/fjala.info\\\/2009-2015\\\/#\\\/schema\\\/logo\\\/image\\\/\"}},{\"@type\":\"Person\",\"@id\":\"https:\\\/\\\/fjala.info\\\/2009-2015\\\/#\\\/schema\\\/person\\\/3aa1163ef05469c496fc94e77611ada2\",\"name\":\"admin\",\"image\":{\"@type\":\"ImageObject\",\"inLanguage\":\"sq-AL\",\"@id\":\"https:\\\/\\\/fjala.info\\\/2009-2015\\\/wp-content\\\/uploads\\\/2012\\\/02\\\/arben_cokaj-120x150.jpg\",\"url\":\"https:\\\/\\\/fjala.info\\\/2009-2015\\\/wp-content\\\/uploads\\\/2012\\\/02\\\/arben_cokaj-120x150.jpg\",\"contentUrl\":\"https:\\\/\\\/fjala.info\\\/2009-2015\\\/wp-content\\\/uploads\\\/2012\\\/02\\\/arben_cokaj-120x150.jpg\",\"caption\":\"admin\"},\"description\":\"Admin, Fjala e Lir\u00eb\",\"sameAs\":[\"https:\\\/\\\/fjala.info\\\/\"],\"url\":\"https:\\\/\\\/fjala.info\\\/2009-2015\\\/author\\\/admin\\\/\"}]}<\/script>\n<!-- \/ Yoast SEO plugin. -->","yoast_head_json":{"title":"Shqip\u00ebria dhe Italia n\u00eb vitet e Pavar\u00ebsis\u00eb - FjALA e LIR\u00cb - Arkivi","robots":{"index":"index","follow":"follow","max-snippet":"max-snippet:-1","max-image-preview":"max-image-preview:large","max-video-preview":"max-video-preview:-1"},"canonical":"https:\/\/fjala.info\/2009-2015\/shqiperia-dhe-italia-ne-vitet-e-pavaresise\/","og_locale":"sq_AL","og_type":"article","og_title":"Shqip\u00ebria dhe Italia n\u00eb vitet e Pavar\u00ebsis\u00eb - FjALA e LIR\u00cb - Arkivi","og_description":"Arjan Th. Kall\u00e7o Homazh zonj\u00ebs Miryam Benvenuto K\u00ebt\u00eb artikull mbi Pavar\u00ebsin\u00eb, rrethanat dhe konfliktet i vun\u00eb p\u00ebrs\u00ebri bashk\u00eb dy vendet tona n\u00eb mbrojtje t\u00eb nj\u00eb ideali shqiptar q\u00eb kishte shekuj q\u00eb e aspironin, do t\u00eb deshim ta shkruanim me qet\u00ebsi dhe me koh\u00eb t\u00eb mjaftueshme n\u00eb dispozicion, por rrethanat e jet\u00ebs ngandonj\u00ebher\u00eb nuk na e [&hellip;]","og_url":"https:\/\/fjala.info\/2009-2015\/shqiperia-dhe-italia-ne-vitet-e-pavaresise\/","og_site_name":"FjALA e LIR\u00cb - Arkivi","article_published_time":"2012-06-23T21:45:36+00:00","og_image":[{"url":"http:\/\/www.shkoder.net\/images\/fjala\/2011\/arjan_kallco.jpg","type":"","width":"","height":""}],"author":"admin","twitter_card":"summary_large_image","twitter_misc":{"Written by":"admin","Est. reading time":"5 minutes"},"schema":{"@context":"https:\/\/schema.org","@graph":[{"@type":"Article","@id":"https:\/\/fjala.info\/2009-2015\/shqiperia-dhe-italia-ne-vitet-e-pavaresise\/#article","isPartOf":{"@id":"https:\/\/fjala.info\/2009-2015\/shqiperia-dhe-italia-ne-vitet-e-pavaresise\/"},"author":{"name":"admin","@id":"https:\/\/fjala.info\/2009-2015\/#\/schema\/person\/3aa1163ef05469c496fc94e77611ada2"},"headline":"Shqip\u00ebria dhe Italia n\u00eb vitet e Pavar\u00ebsis\u00eb","datePublished":"2012-06-23T21:45:36+00:00","mainEntityOfPage":{"@id":"https:\/\/fjala.info\/2009-2015\/shqiperia-dhe-italia-ne-vitet-e-pavaresise\/"},"wordCount":1098,"commentCount":0,"publisher":{"@id":"https:\/\/fjala.info\/2009-2015\/#organization"},"image":{"@id":"https:\/\/fjala.info\/2009-2015\/shqiperia-dhe-italia-ne-vitet-e-pavaresise\/#primaryimage"},"thumbnailUrl":"http:\/\/www.shkoder.net\/images\/fjala\/2011\/arjan_kallco.jpg","articleSection":["Artikuj"],"inLanguage":"sq-AL","potentialAction":[{"@type":"CommentAction","name":"Comment","target":["https:\/\/fjala.info\/2009-2015\/shqiperia-dhe-italia-ne-vitet-e-pavaresise\/#respond"]}]},{"@type":"WebPage","@id":"https:\/\/fjala.info\/2009-2015\/shqiperia-dhe-italia-ne-vitet-e-pavaresise\/","url":"https:\/\/fjala.info\/2009-2015\/shqiperia-dhe-italia-ne-vitet-e-pavaresise\/","name":"Shqip\u00ebria dhe Italia n\u00eb vitet e Pavar\u00ebsis\u00eb - FjALA e LIR\u00cb - Arkivi","isPartOf":{"@id":"https:\/\/fjala.info\/2009-2015\/#website"},"primaryImageOfPage":{"@id":"https:\/\/fjala.info\/2009-2015\/shqiperia-dhe-italia-ne-vitet-e-pavaresise\/#primaryimage"},"image":{"@id":"https:\/\/fjala.info\/2009-2015\/shqiperia-dhe-italia-ne-vitet-e-pavaresise\/#primaryimage"},"thumbnailUrl":"http:\/\/www.shkoder.net\/images\/fjala\/2011\/arjan_kallco.jpg","datePublished":"2012-06-23T21:45:36+00:00","breadcrumb":{"@id":"https:\/\/fjala.info\/2009-2015\/shqiperia-dhe-italia-ne-vitet-e-pavaresise\/#breadcrumb"},"inLanguage":"sq-AL","potentialAction":[{"@type":"ReadAction","target":["https:\/\/fjala.info\/2009-2015\/shqiperia-dhe-italia-ne-vitet-e-pavaresise\/"]}]},{"@type":"ImageObject","inLanguage":"sq-AL","@id":"https:\/\/fjala.info\/2009-2015\/shqiperia-dhe-italia-ne-vitet-e-pavaresise\/#primaryimage","url":"http:\/\/www.shkoder.net\/images\/fjala\/2011\/arjan_kallco.jpg","contentUrl":"http:\/\/www.shkoder.net\/images\/fjala\/2011\/arjan_kallco.jpg"},{"@type":"BreadcrumbList","@id":"https:\/\/fjala.info\/2009-2015\/shqiperia-dhe-italia-ne-vitet-e-pavaresise\/#breadcrumb","itemListElement":[{"@type":"ListItem","position":1,"name":"Home","item":"https:\/\/fjala.info\/2009-2015\/"},{"@type":"ListItem","position":2,"name":"Shqip\u00ebria dhe Italia n\u00eb vitet e Pavar\u00ebsis\u00eb"}]},{"@type":"WebSite","@id":"https:\/\/fjala.info\/2009-2015\/#website","url":"https:\/\/fjala.info\/2009-2015\/","name":"FjALA e LIR\u00cb - Arkivi","description":"Arkivi 2009-2015","publisher":{"@id":"https:\/\/fjala.info\/2009-2015\/#organization"},"potentialAction":[{"@type":"SearchAction","target":{"@type":"EntryPoint","urlTemplate":"https:\/\/fjala.info\/2009-2015\/?s={search_term_string}"},"query-input":{"@type":"PropertyValueSpecification","valueRequired":true,"valueName":"search_term_string"}}],"inLanguage":"sq-AL"},{"@type":"Organization","@id":"https:\/\/fjala.info\/2009-2015\/#organization","name":"FjALA e LIR\u00cb - Arkivi","url":"https:\/\/fjala.info\/2009-2015\/","logo":{"@type":"ImageObject","inLanguage":"sq-AL","@id":"https:\/\/fjala.info\/2009-2015\/#\/schema\/logo\/image\/","url":"","contentUrl":"","caption":"FjALA e LIR\u00cb - Arkivi"},"image":{"@id":"https:\/\/fjala.info\/2009-2015\/#\/schema\/logo\/image\/"}},{"@type":"Person","@id":"https:\/\/fjala.info\/2009-2015\/#\/schema\/person\/3aa1163ef05469c496fc94e77611ada2","name":"admin","image":{"@type":"ImageObject","inLanguage":"sq-AL","@id":"https:\/\/fjala.info\/2009-2015\/wp-content\/uploads\/2012\/02\/arben_cokaj-120x150.jpg","url":"https:\/\/fjala.info\/2009-2015\/wp-content\/uploads\/2012\/02\/arben_cokaj-120x150.jpg","contentUrl":"https:\/\/fjala.info\/2009-2015\/wp-content\/uploads\/2012\/02\/arben_cokaj-120x150.jpg","caption":"admin"},"description":"Admin, Fjala e Lir\u00eb","sameAs":["https:\/\/fjala.info\/"],"url":"https:\/\/fjala.info\/2009-2015\/author\/admin\/"}]}},"_links":{"self":[{"href":"https:\/\/fjala.info\/2009-2015\/wp-json\/wp\/v2\/posts\/3376","targetHints":{"allow":["GET"]}}],"collection":[{"href":"https:\/\/fjala.info\/2009-2015\/wp-json\/wp\/v2\/posts"}],"about":[{"href":"https:\/\/fjala.info\/2009-2015\/wp-json\/wp\/v2\/types\/post"}],"author":[{"embeddable":true,"href":"https:\/\/fjala.info\/2009-2015\/wp-json\/wp\/v2\/users\/1"}],"replies":[{"embeddable":true,"href":"https:\/\/fjala.info\/2009-2015\/wp-json\/wp\/v2\/comments?post=3376"}],"version-history":[{"count":0,"href":"https:\/\/fjala.info\/2009-2015\/wp-json\/wp\/v2\/posts\/3376\/revisions"}],"wp:attachment":[{"href":"https:\/\/fjala.info\/2009-2015\/wp-json\/wp\/v2\/media?parent=3376"}],"wp:term":[{"taxonomy":"category","embeddable":true,"href":"https:\/\/fjala.info\/2009-2015\/wp-json\/wp\/v2\/categories?post=3376"},{"taxonomy":"post_tag","embeddable":true,"href":"https:\/\/fjala.info\/2009-2015\/wp-json\/wp\/v2\/tags?post=3376"}],"curies":[{"name":"wp","href":"https:\/\/api.w.org\/{rel}","templated":true}]}}