{"id":3371,"date":"2013-06-26T14:34:39","date_gmt":"2013-06-26T13:34:39","guid":{"rendered":"http:\/\/fjala.info\/?p=3371"},"modified":"2013-06-26T14:34:39","modified_gmt":"2013-06-26T13:34:39","slug":"ja-personat-dhe-zullumet-qe-e-rrezuan-sali-berishen-nga-partia-dhe-qeveria-e-tij-familjare-e-klanore","status":"publish","type":"post","link":"https:\/\/fjala.info\/2009-2015\/ja-personat-dhe-zullumet-qe-e-rrezuan-sali-berishen-nga-partia-dhe-qeveria-e-tij-familjare-e-klanore\/","title":{"rendered":"Ja personat dhe \u201czullumet\u201d q\u00eb e rr\u00ebzuan Sali Berish\u00ebn nga partia dhe qeveria e tij familjare e klanore"},"content":{"rendered":"<p><img decoding=\"async\" class=\"alignleft size-thumbnail wp-image-7236\" title=\"Berisha real\" alt=\"\" src=\"http:\/\/www.fjala.info\/2012\/sali_berisha_real.jpg\" width=\"200\" \/> Nga: <strong>P\u00ebrparim Halili<\/strong><\/p>\n<p>Tashm\u00eb Shqip\u00ebria nuk e ka m\u00eb kryeminist\u00ebr Sali Berish\u00ebn. Shqiptar\u00ebt nuk e kan\u00eb m\u00eb mbi shpin\u00eb, pushtetin e tij me deputet\u00eb horra q\u00eb talleshin me fatet e vendit dhe jet\u00ebn e popullit. Nuk e kan\u00eb m\u00eb qeverin\u00eb e tij, me ministra e zyrtar\u00eb hajdut\u00eb. Nuk m\u00eb n\u00eb dor\u00eb t\u00eb familjes s\u00eb tij \u201csulltanat\u201d, q\u00eb sillej me shtetin, pushtetin, vendin, ekonomin\u00eb dhe shqiptar\u00ebt si ta kishin \u201csarajin\u201d dhe skllev\u00ebrit e tyre. Tashm\u00eb Berisha, q\u00eb prej 23 qershorit 2013, me nj\u00eb vot\u00eb masive shqiptare, ra nga pushteti, u p\u00ebrmbys dhe iku p\u00ebrfundimisht nga jeta e shqiptar\u00ebve, madje edhe nga partia t\u00eb cil\u00ebn e mbajti peng, e shfryt\u00ebzoi dhe e shkat\u00ebrroi p\u00ebr 23 vite me rradh\u00eb, qysh kur ia dor\u00ebzoi n\u00eb dor\u00eb Ramiz Alia, Sigurimi shtetit dhe UDB. Po p\u00ebrse ra Berisha nga pushteti? Jan\u00eb shum\u00eb \u201czullume\u201d t\u00eb b\u00ebra ndaj shqiptar\u00ebve e Shqip\u00ebris\u00eb n\u00eb k\u00ebto 8 vite, q\u00eb rr\u00ebzuan Sali Berish\u00ebn nga pushteti i tij despotik e privat. N\u00eb fakt, rr\u00ebzimi i Sali Berish\u00ebs ka si motiv edhe veprimtarin\u00eb e tij t\u00eb k\u00ebtyre 22 viteve pushtet, opozit\u00eb e politik\u00eb.<\/p>\n<p><strong>Berisha ra nga kolltuku 8 vje\u00e7ar sepse krijoi nj\u00eb qeverisje familjare e klanore<\/strong><\/p>\n<p>Nj\u00eb nga motivet q\u00eb shqiptar\u00ebt, m\u00eb n\u00eb fund e rr\u00ebzuan dhe e nxor\u00ebn jasht\u00eb loje p\u00ebrfundimisht Sali Berish\u00ebn pas 8 vitesh pushtet, ishte fakti q\u00eb ai krijoji nj\u00eb qeverisje dhe pushtet familjar e klanor. Qeverin\u00eb dhe pushtetin e shtetin shqiptar e drejtonte zyrtarisht e fiktivisht Sali Berisha, se n\u00eb fakt e drejtonin gruaja, vajza, djali, dh\u00ebndri, mbesa, kunati, shok\u00ebt e djalit, t\u00eb vajz\u00ebs e dh\u00ebndrit, miqt\u00eb e tij mafioz\u00eb brenda e jasht\u00eb Shqip\u00ebris\u00eb madje edhe badigard\u00ebt e shofer\u00ebt. Ata, p\u00ebr 8 vite, n\u00eb m\u00ebnyr\u00eb intensive e t\u00eb dhunshme, shp\u00ebrfill\u00ebs ndaj shqiptar\u00ebve, agresiv\u00eb ndaj opozit\u00ebs dhe medies, barbar ndaj t\u00eb drejt\u00ebs qytetare, t\u00eb pam\u00ebshirsh\u00ebm edhe ndaj jet\u00ebs s\u00eb shqiptar\u00ebve, komandonin dhe shfryt\u00ebzonin qeverin\u00eb, parlamentin, ligjet, pasurit\u00eb komb\u00ebtare, financat, diplomacin\u00eb, monopolet e tregut, em\u00ebrimet n\u00eb administrat\u00eb e n\u00eb krejt piramid\u00ebn shtet\u00ebrore, tender\u00ebt, ushtrin\u00eb, policin\u00eb, doganat, madje edhe fatet e integritetit t\u00eb vendit. Po kush ishin k\u00ebta q\u00eb e rr\u00ebzuan Sali Berish\u00ebn dhe nuk e mbajt\u00ebn dot n\u00eb pushtet edhe n\u00eb 23 qershor?<\/p>\n<p><strong>Liri Berisha<\/strong><\/p>\n<p>Bashk\u00ebshortja e kryeministrit Sali Berisha, n\u00ebna e dy prej oligark\u00ebve dhe latifondist\u00ebve m\u00eb t\u00eb m\u00ebdhenj t\u00eb financave e pronave t\u00eb grabitura t\u00eb shqiptar\u00ebve, n\u00ebp\u00ebrmjet pushtetit t\u00eb babait-kryeminist\u00ebr. Liria, ose si\u00e7 i thon\u00eb \u201cN\u00ebn\u00ebmadhja e pushtetit\u201d, nuk mund t\u00eb lejoj\u00eb q\u00eb Saliu t\u00eb largohet nga pushteti, mbasi dy f\u00ebmij\u00ebt e saj, Argita e Shk\u00eblzen Berisha, n\u00eb munges\u00eb t\u00eb babait kryeminist\u00ebr, do t\u00eb p\u00ebrballen me ligjin p\u00ebr pasurim, p\u00ebr pron\u00ebsime e afera t\u00eb pista dhe p\u00ebr bashk\u00ebpunim n\u00eb krime me pasoj\u00eb humbje jet\u00ebsh njer\u00ebzore. Por nd\u00ebrkoh\u00eb, ikja e Saliut u rrezikon me sekuestro pasurit\u00eb e llogarit\u00eb bankare miliard\u00ebshe, t\u00eb siguruara nga pushtet-sundimi familjar, tamam si f\u00ebmij\u00ebt e Ben Ali, Mubarak e Gedaf.<\/p>\n<p><strong>Shk\u00eblzen Berisha<\/strong><\/p>\n<p>Djali i kryeministrit Sali Berisha, ose m\u00eb sakt\u00eb \u201ckryeministri ekonomiko-financiar\u201d i Shqip\u00ebris\u00eb, themeluesi dhe kapoja i rrjetit t\u00eb grupeve t\u00eb bizneseve t\u00eb pista, q\u00eb nga G\u00ebrdeci e deri tek tokat n\u00eb bregdet, q\u00eb nga aferat e tenderave koncensionar\u00eb e sh\u00ebrbimeve publike, deri tek skandalet e em\u00ebrimeve n\u00eb diplomacin\u00eb shqiptare. Djali i zhytur n\u00eb krime ekonomike, i skeduar nga drejt\u00ebsia si ortaku, kontrolluesi dhe mb\u00ebshtet\u00ebsi zyrtar i krimit vras\u00ebs t\u00eb G\u00ebrdecit, tashm\u00eb q\u00eb nuk ka baban\u00eb kryeminist\u00ebr, por t\u00eb larguar me vot\u00eb popullore masive e di mir\u00eb, q\u00eb ky \u00ebsht\u00eb fillimi i fundit ligjor t\u00eb tij e t\u00eb pasurive t\u00eb tij, t\u00eb v\u00ebna me postin e babait kryeminist\u00ebr..<\/p>\n<p><strong>Argita Berisha<\/strong><\/p>\n<p>Vajza e kryeministrit Sali Berisha, ose si\u00e7 e kan\u00eb quajtur p\u00ebr 8 vite, \u201cZonja e Par\u00eb\u201d komanduese e veprimtaris\u00eb private t\u00eb pushtetit. Sipas modelit: \u201cArgita urdh\u00ebronte, Saliu dhe ministrat miratonin \u00e7do ligj, \u00e7do tender, \u00e7do em\u00ebrim. Kjo \u201cpronare\u201d e pushtetit dhe e Shqip\u00ebris\u00eb, me zbatimet e saj me pushtetin e babait, kontribuoi q\u00eb babai i saj kryeminist\u00ebr t\u00eb largohet nga pushteti. Dhe tashm\u00eb e di qart\u00eb, q\u00eb nuk ka m\u00eb p\u00ebrfitime gjigante. dhe ankthi i saj \u00ebsht\u00eb ky: Nuk ka m\u00eb asnj\u00eb \u201cmburoj\u00eb\u201d p\u00ebr t\u00eb pasur t\u00eb sigurta super pasurit\u00eb me vila, troje, toka dhe llogarit\u00eb bankare, t\u00eb siguruara me pushtetin e babait kryeminist\u00ebr.<\/p>\n<p><strong>Elvana Hana<\/strong><\/p>\n<p>Mbesa e Liri Berish\u00ebs, me detyr\u00eb Drejtore e P\u00ebrgjithshme e Institutit t\u00eb Sigurimeve e Kujdesit Sh\u00ebndet\u00ebsor (ISKSH), me pasuri financiare, si t\u00eb kishte uzin\u00eb prodhimi makinash e skafesh. N\u00eb qershor t\u00eb vitit 2005, familja e saj jetonte n\u00eb varf\u00ebri t\u00eb plot\u00eb. N\u00eb vitin 2005, u kthye nga emigracioni me 300 mij\u00eb lek\u00eb kursime. Deri n\u00eb janar t\u00eb vitit 2006, pra afro 5 muaj pas marrjes s\u00eb detyr\u00ebs, ajo figuronte t\u00eb jetonte n\u00eb nj\u00eb sht\u00ebpi \u201csociale\u201d t\u00eb babait t\u00eb saj dhe vet\u00ebm me pag\u00ebn mujore, me nj\u00eb depozit\u00eb-kursim 130 mij\u00eb lek\u00eb nga t\u00eb ardhurat e pag\u00ebs dhe 1.2 milion lek\u00eb nga emigracioni. N\u00eb vitin 2008, sakt\u00ebsisht 2 vjet m\u00eb pas, po me at\u00eb pag\u00eb mujore, pasuria e mbes\u00ebs s\u00eb familjes \u201cSali\u201d, rezultonte me blerjen e nj\u00eb sht\u00ebpie prej 947 mij\u00eb euro, me makina, troje, pron\u00ebsi n\u00eb bank\u00ebn \u201cCredins\u201d, aksione n\u00eb kompanin\u00eb \u201cSicred\u201d dhe llogari t\u00eb shumta.<\/p>\n<p><strong>Damir Fazlli\u00e7<\/strong><\/p>\n<p>Miku i familjes t\u00eb kryeministrit Sali Berisha, ortak familjar e klanor i bizneseve t\u00eb trojeve n\u00eb bregdet, t\u00eb energjis\u00eb, t\u00eb firmave fantazma t\u00eb pastrimit t\u00eb parave, t\u00eb trafikut t\u00eb arm\u00ebve etj. Ky \u00ebsht\u00eb \u2018litari\u201d m\u00eb i fort\u00eb q\u00eb po e mban lidhur Saliun, p\u00ebr t\u00eb mos e lejuar t\u00eb dor\u00ebhiqet nga pushteti. Kan\u00eb shum\u00eb lidhje bashk\u00eb, jan\u00eb organizator, realizues dhe ortak n\u00eb shum\u00eb veprimtari t\u00eb pista ekonomike-financiare e pron\u00ebsore n\u00eb Shqip\u00ebri, q\u00eb kan\u00eb vul\u00ebn \u201cSali\u201d t\u00eb pushtetit.<\/p>\n<p><strong>Sokol Olldashi<\/strong><\/p>\n<p>Edhe ky minist\u00ebr dha kontribut n\u00eb rr\u00ebzimin Sali Berish\u00ebs nga pushteti, mbasi ishte sekseri dhe super hajduti i tender\u00ebve t\u00eb rrug\u00ebve, t\u00eb cil\u00ebt ia akordonte vet\u00ebm familjes kryeministrore dhe miqve e firmave t\u00eb klaneve dhe familjes kryeministrore.<\/p>\n<p><strong>Ritvan Bode<\/strong><\/p>\n<p>Ky \u00ebsht\u00eb ministri q\u00eb e rr\u00ebzoi Sali Berish\u00ebn n\u00eb vitin 1997 me piramidat. Ky \u00ebsht\u00eb edhe tani q\u00eb e rr\u00ebzoi me borxhet e m\u00ebdha publike dhe me buxhetet shkat\u00ebrrues e t\u00eb ekonomis\u00eb, me doganat hajdute, me tatimet e akcizat klienteliste zhvat\u00ebse.<\/p>\n<p><strong>Lul\u00ebzim Basha<\/strong><\/p>\n<p>Tre her\u00eb minist\u00ebr familjar i Sali Berish\u00ebs \u00ebsht\u00eb nj\u00eb nga motivet se p\u00ebrse shqiptar\u00ebt e rr\u00ebzuan Sali Berish\u00ebn n\u00eb 23 qershor. Ky tashm\u00eb, ka pasur pushtet t\u00eb plot\u00eb mbi kryeministrin dordolec Sali Berisha. Ai e \u201clidhi\u201d dhe p\u00ebrfshiu n\u00eb krim kreun e kupol\u00ebs s\u00eb pushtetit me 242 milion\u00eb eurot e vjedhura n\u00eb afer\u00ebn e nd\u00ebrtimit t\u00eb rrug\u00ebs Rr\u00ebshen-Kalimash duke akorduar fonde p\u00ebr nj\u00eb rrug\u00eb q\u00eb u nd\u00ebrtua pa tender e pa projekt dhe me kat\u00ebr t\u00eb vrar\u00ebt e 21 janarit 2011, t\u00eb cil\u00ebt u pushkatuan me urdh\u00ebr t\u00eb tij, por me porosi t\u00eb Saliut.<\/p>\n<p><strong>Genc Ruli<\/strong><\/p>\n<p>Kryeministri Sali Berisha nuk mund t\u00eb hap fare goj\u00ebn p\u00ebrball\u00eb k\u00ebtij eksponenti t\u00eb mir\u00ebnjohur t\u00eb korrupsionit e hajdut\u00ebris\u00eb qeveritare. N\u00eb \u00e7do koncension energjie, privatizimi ekonomie, tender\u00ebsh import-eksport energjie, monopolesh e import-eksportesh t\u00eb pista \u00ebsht\u00eb prezent firma e ministrit Genc Ruli. Ky e ka lidhur kok\u00eb e k\u00ebmb\u00eb kryeministrin Sali Berisha, duke e b\u00ebr\u00eb pjes\u00eb t\u00eb barabart\u00eb p\u00ebrfitimesh e pasurimesh n\u00eb aferat q\u00eb kan\u00eb organizuar Ruli i drurit t\u00eb arr\u00ebs, f\u00ebmij\u00ebt dhe dh\u00ebndri i Sali Berish\u00ebs.<\/p>\n<p><strong>Agron Kuli\u00e7i<\/strong><\/p>\n<p>Largimin e Berish\u00ebs e realizoi dhe Agron Kulici, bosi i naft\u00ebs \u201cvirgine\u201d, n\u00ebndrejtori i P\u00ebrgjithsh\u00ebm i Policis\u00eb s\u00eb Shtetit, i mir\u00ebnjohur si \u201ckryedoganieri\u201d i autobot\u00ebve t\u00eb \u201cnaft\u00ebs-krim\u201d dhe mafies policore, madje edhe kund\u00ebr jet\u00ebve t\u00eb policive q\u00eb binin n\u00eb prita kriminel\u00ebsh e mafioz\u00ebsh.<\/p>\n<p><strong>Elvana Hana<\/strong><\/p>\n<p>Mbesa e Liri Berish\u00ebs, me detyr\u00eb Drejtore e P\u00ebrgjithshme e Institutit t\u00eb Sigurimeve e Kujdesit Sh\u00ebndet\u00ebsor (ISKSH), me pasuri financiare, si t\u00eb kishte uzin\u00eb prodhimi makinash e skafesh. N\u00eb qershor t\u00eb vitit 2005, familja e saj jetonte n\u00eb varf\u00ebri t\u00eb plot\u00eb. N\u00eb vitin 2005, u kthye nga emigracioni me 300 mij\u00eb lek\u00eb kursime. Deri n\u00eb janar t\u00eb vitit 2006, pra afro 5 muaj pas marrjes s\u00eb detyr\u00ebs, ajo figuronte t\u00eb jetonte n\u00eb nj\u00eb sht\u00ebpi \u201csociale\u201d t\u00eb babait t\u00eb saj dhe vet\u00ebm me pag\u00ebn mujore, me nj\u00eb depozit\u00eb-kursim 130 mij\u00eb lek\u00eb nga t\u00eb ardhurat e pag\u00ebs dhe 1.2 milion lek\u00eb nga emigracioni. N\u00eb vitin 2008, sakt\u00ebsisht 2 vjet m\u00eb pas, po me at\u00eb pag\u00eb mujore, pasuria e mbes\u00ebs s\u00eb familjes \u201cSali\u201d, rezultonte me blerjen e nj\u00eb sht\u00ebpie prej 947 mij\u00eb euro, me makina, troje, pron\u00ebsi n\u00eb bank\u00ebn \u201cCredins\u201d, aksione n\u00eb kompanin\u00eb \u201cSicred\u201d dhe llogari t\u00eb shumta.<\/p>\n<p><strong>Sali Berish\u00ebn e rr\u00ebzuan nga pushteti papun\u00ebsia, varf\u00ebria, fermer\u00ebt dhe pronar\u00ebt<\/strong><\/p>\n<p>PAPUN\u00cbSIA: Sali Berish\u00ebn e rr\u00ebzoi papun\u00ebsia masive q\u00eb kap shifr\u00ebn 1 milion shqiptar\u00eb. Mbi 30% jan\u00eb t\u00eb rinj t\u00eb mosh\u00ebs 18-30 vje\u00e7, 35% jan\u00eb t\u00eb mosh\u00ebs 31-45 vje\u00e7, 20% jan\u00eb t\u00eb mosh\u00ebs 46-55 vje\u00e7, nd\u00ebrsa 15% jan\u00eb t\u00eb mosh\u00ebs 56-65 vje\u00e7.<\/p>\n<p>VARF\u00cbRIA: Sali Berish\u00ebn e rroi varf\u00ebria e popullit. Jemi vendi simbol i varf\u00ebris\u00eb ekstreme n\u00eb Evrop\u00eb, me 55% varf\u00ebri masive reale, me 33% varf\u00ebri ekstreme. Afro 60% e popullsis\u00eb nuk p\u00ebrballon dot sh\u00ebrbimet sh\u00ebndet\u00ebsore, 30% e popullsis\u00eb nuk p\u00ebrballon dot arsimimin e f\u00ebmij\u00ebve, afro 48% e popullsis\u00eb ushqehet minimalisht, 25% e popullsis\u00eb ushqehet vet\u00ebm me 30% t\u00eb ushqimit ditor, 48% e popullsis\u00eb nuk paguan dot energjin\u00eb elektrike, 32% e familjeve marrin ushqime me list\u00eb, afro 65% e pensionist\u00ebve, 70% e invalid\u00ebve dhe 23% e t\u00eb miturve detyrohen t\u00eb punojn\u00eb nga varf\u00ebria.<\/p>\n<p>\u00c7MIMET: Sali Berish\u00ebn e rr\u00ebzuan \u00e7mimet e larta n\u00eb tregun masiv, ku shqiptar\u00ebt n\u00eb 8 vite u p\u00ebrrall\u00ebn inkuizicionin e \u00e7mimeve p\u00ebr produktet dhe sh\u00ebrbimet jetike. Nj\u00eb lit\u00ebr naft\u00eb kushton sa 3 buk\u00eb. Me pagat e pensionet, mund t\u00eb blihen vet\u00ebm ushqimet p\u00ebr 8-10 dit\u00eb nga buka e deri tek kripa. Energjia elektrike dhe uji jan\u00eb rritur me 4 her\u00eb, po tentohet t\u00eb rriten p\u00ebrs\u00ebri me 30-50%. Transporti brenda vendit rritur me 45%. Ila\u00e7et jan\u00eb rritur me 38%, nd\u00ebrkoh\u00eb q\u00eb kan\u00eb edhe 10% rritje TVSH.<\/p>\n<p>BUJQ\u00cbSIA: Sali Berish\u00ebn e rr\u00ebzuan fermer\u00ebt, me t\u00eb cil\u00ebt qeveria e tij prej 8 vitesh ka shk\u00ebputur lidhjet, duke ofruar politika shkat\u00ebrruese, me \u00e7mime t\u00eb 5-7 her\u00eb m\u00eb t\u00eb larta n\u00eb fara, pesticide, karburante, energji, mekanizime, vaditje, transport, por dhe me lejimin e importeve t\u00eb prodhimeve bujq\u00ebsore-blegtorale.<\/p>\n<p>MBYLLJA E BIZNESEVE: Berish\u00ebn e rr\u00ebzoi biznesi, i cili u shkat\u00ebrrua e u dhuna prej mafies dhe familjes n\u00eb pushtetin e tij. Sipas institucioneve t\u00eb regjistrim-kontrollit t\u00eb bizneseve, rezulton se n\u00eb vitet 2005-2013, n\u00eb Shqip\u00ebri jan\u00eb mbyllur 4250 biznese t\u00eb vogla, 1930 biznese t\u00eb mesme, 623 biznese t\u00eb m\u00ebdha dhe 89 biznese \u201cVIP\u201d, si kompani prodhuese, sh\u00ebrbimi e tregtimi, 38% e t\u00eb cilave jan\u00eb biznese t\u00eb huaja.<\/p>\n<p>BORXHET: Qeveria shqiptare i ka zhytur shqiptar\u00ebt dhe vendin aq shum\u00eb n\u00eb borxhe, sa nuk mban\u00eb mend as shum\u00ebn dhe as shtetet se ku i ka marr\u00eb. Plot 7.2 miliard\u00eb euro borxh publik e ka zhytur qeveria Shqip\u00ebrin\u00eb Plot 200 milion euro borxh taks TVSH, i ka qeveria biznesit shqiptar.<\/p>\n<p>LEGALIZIMET: Mashtroi me legalizimin e nd\u00ebrtimeve informale. Prej 8 vitesh nuk ka legalizuar asnj\u00eb objekt. P\u00ebr t\u00eb vazhduar mashtrimin n\u00eb k\u00ebt\u00eb fushat\u00eb elektorale, Sali Berisha publikonte nga 10 her\u00eb t\u00eb nj\u00ebjtat lista emrash t\u00eb qytetar\u00ebve, por dha asnj\u00eb certifikat\u00eb pron\u00ebsie.<\/p>\n<p>KTHIMI I PRONAVE: Nuk i ka kthyer pronat tek pronar\u00ebt legjitim\u00eb, por ka nd\u00ebrtuar nj\u00eb skem\u00eb mashtruese e pla\u00e7kit\u00ebse n\u00eb k\u00ebto 22 vjet, duke e tjet\u00ebrsuar pron\u00ebn me ligjin komunist 7501. Pronar\u00ebt jan\u00eb n\u00eb konflikt me zaptuesit, k\u00ebrkojn\u00eb kompensim dhe kjo i mbetet si peng pushtetit \u201cRama\u201d p\u00ebr ta zgjidhur.<\/p>\n<p>D\u00cbNSHP\u00cbRBLIMI I T\u00cb P\u00cbRNDJEKURVE: Pushteti \u201cBerisha\u201d jo vet\u00ebm q\u00eb i detyroi t\u00eb p\u00ebrndjekurit politik\u00eb t\u00eb vet\u00ebdigjen, por edhe nuk u shleu detyrimet financiare t\u00eb d\u00ebmshp\u00ebrblimit sipas ligjit, duke i zvarritur e duke u marro votat. PS ka premtuar se do ta zgjidh k\u00ebt\u00eb plag\u00eb sociale, t\u00eb trash\u00ebguar nga Sali Berisha.<\/p>\n<p>ISH-USHTARAK\u00cbT: Jan\u00eb 40 mij\u00eb ish-ushtarak\u00eb t\u00eb cil\u00ebt prej 8 vitesh jan\u00eb tallur e mashtruar prej qeveris\u00eb n\u00eb lidhje me pensionet e tyre dhe tashm\u00eb kjo zgjidhje i mbetet n\u00eb \u201cder\u00eb\u201d qeveris\u00eb s\u00eb ardhshme q\u00eb do ulet n\u00eb \u201ckolltukun\u201d e Berish\u00ebs. Ka nj\u00eb kosto tep\u00ebr t\u00eb lart\u00eb kjo plag\u00eb sociale e cila \u00ebsht\u00eb premtuar edhe prej PS se do t\u00eb zgjidhet, por q\u00eb \u00ebsht\u00eb l\u00ebn\u00eb peng me mashtrime prej qeveris\u00eb \u201cBerisha\u201d.<\/p>\n<p>&#8211; See more at: http:\/\/www.sot.com.al\/aktualitet-politike\/ja-personat-dhe-%E2%80%9Czullumet%E2%80%9D-q%C3%AB-e-rr%C3%ABzuan-sali-berish%C3%ABn-nga-partia-dhe-qeveria-e#sthash.FVRw71qG.dpuf<\/p>\n","protected":false},"excerpt":{"rendered":"<p>Nga: P\u00ebrparim Halili Tashm\u00eb Shqip\u00ebria nuk e ka m\u00eb kryeminist\u00ebr Sali Berish\u00ebn. Shqiptar\u00ebt nuk e kan\u00eb m\u00eb mbi shpin\u00eb, pushtetin e tij me deputet\u00eb horra q\u00eb talleshin me fatet e vendit dhe jet\u00ebn e popullit. Nuk e kan\u00eb m\u00eb qeverin\u00eb e tij, me ministra e zyrtar\u00eb hajdut\u00eb. Nuk m\u00eb n\u00eb dor\u00eb t\u00eb familjes s\u00eb tij [&hellip;]<\/p>\n","protected":false},"author":1,"featured_media":0,"comment_status":"open","ping_status":"closed","sticky":false,"template":"","format":"standard","meta":{"footnotes":""},"categories":[2],"tags":[],"class_list":{"0":"post-3371","1":"post","2":"type-post","3":"status-publish","4":"format-standard","6":"category-artikuj"},"yoast_head":"<!-- This site is optimized with the Yoast SEO plugin v27.4 - https:\/\/yoast.com\/product\/yoast-seo-wordpress\/ -->\n<title>Ja personat dhe \u201czullumet\u201d q\u00eb e rr\u00ebzuan Sali Berish\u00ebn nga partia dhe qeveria e tij familjare e klanore - FjALA e LIR\u00cb - Arkivi<\/title>\n<meta name=\"robots\" content=\"index, follow, max-snippet:-1, max-image-preview:large, max-video-preview:-1\" \/>\n<link rel=\"canonical\" href=\"https:\/\/fjala.info\/2009-2015\/ja-personat-dhe-zullumet-qe-e-rrezuan-sali-berishen-nga-partia-dhe-qeveria-e-tij-familjare-e-klanore\/\" \/>\n<meta property=\"og:locale\" content=\"sq_AL\" \/>\n<meta property=\"og:type\" content=\"article\" \/>\n<meta property=\"og:title\" content=\"Ja personat dhe \u201czullumet\u201d q\u00eb e rr\u00ebzuan Sali Berish\u00ebn nga partia dhe qeveria e tij familjare e klanore - FjALA e LIR\u00cb - Arkivi\" \/>\n<meta property=\"og:description\" content=\"Nga: P\u00ebrparim Halili Tashm\u00eb Shqip\u00ebria nuk e ka m\u00eb kryeminist\u00ebr Sali Berish\u00ebn. Shqiptar\u00ebt nuk e kan\u00eb m\u00eb mbi shpin\u00eb, pushtetin e tij me deputet\u00eb horra q\u00eb talleshin me fatet e vendit dhe jet\u00ebn e popullit. Nuk e kan\u00eb m\u00eb qeverin\u00eb e tij, me ministra e zyrtar\u00eb hajdut\u00eb. Nuk m\u00eb n\u00eb dor\u00eb t\u00eb familjes s\u00eb tij [&hellip;]\" \/>\n<meta property=\"og:url\" content=\"https:\/\/fjala.info\/2009-2015\/ja-personat-dhe-zullumet-qe-e-rrezuan-sali-berishen-nga-partia-dhe-qeveria-e-tij-familjare-e-klanore\/\" \/>\n<meta property=\"og:site_name\" content=\"FjALA e LIR\u00cb - Arkivi\" \/>\n<meta property=\"article:published_time\" content=\"2013-06-26T13:34:39+00:00\" \/>\n<meta property=\"og:image\" content=\"http:\/\/www.fjala.info\/2012\/sali_berisha_real.jpg\" \/>\n<meta name=\"author\" content=\"admin\" \/>\n<meta name=\"twitter:card\" content=\"summary_large_image\" \/>\n<meta name=\"twitter:label1\" content=\"Written by\" \/>\n\t<meta name=\"twitter:data1\" content=\"admin\" \/>\n\t<meta name=\"twitter:label2\" content=\"Est. reading time\" \/>\n\t<meta name=\"twitter:data2\" content=\"11 minutes\" \/>\n<script type=\"application\/ld+json\" class=\"yoast-schema-graph\">{\"@context\":\"https:\\\/\\\/schema.org\",\"@graph\":[{\"@type\":\"Article\",\"@id\":\"https:\\\/\\\/fjala.info\\\/2009-2015\\\/ja-personat-dhe-zullumet-qe-e-rrezuan-sali-berishen-nga-partia-dhe-qeveria-e-tij-familjare-e-klanore\\\/#article\",\"isPartOf\":{\"@id\":\"https:\\\/\\\/fjala.info\\\/2009-2015\\\/ja-personat-dhe-zullumet-qe-e-rrezuan-sali-berishen-nga-partia-dhe-qeveria-e-tij-familjare-e-klanore\\\/\"},\"author\":{\"name\":\"admin\",\"@id\":\"https:\\\/\\\/fjala.info\\\/2009-2015\\\/#\\\/schema\\\/person\\\/3aa1163ef05469c496fc94e77611ada2\"},\"headline\":\"Ja personat dhe \u201czullumet\u201d q\u00eb e rr\u00ebzuan Sali Berish\u00ebn nga partia dhe qeveria e tij familjare e klanore\",\"datePublished\":\"2013-06-26T13:34:39+00:00\",\"mainEntityOfPage\":{\"@id\":\"https:\\\/\\\/fjala.info\\\/2009-2015\\\/ja-personat-dhe-zullumet-qe-e-rrezuan-sali-berishen-nga-partia-dhe-qeveria-e-tij-familjare-e-klanore\\\/\"},\"wordCount\":2227,\"commentCount\":1,\"publisher\":{\"@id\":\"https:\\\/\\\/fjala.info\\\/2009-2015\\\/#organization\"},\"image\":{\"@id\":\"https:\\\/\\\/fjala.info\\\/2009-2015\\\/ja-personat-dhe-zullumet-qe-e-rrezuan-sali-berishen-nga-partia-dhe-qeveria-e-tij-familjare-e-klanore\\\/#primaryimage\"},\"thumbnailUrl\":\"http:\\\/\\\/www.fjala.info\\\/2012\\\/sali_berisha_real.jpg\",\"articleSection\":[\"Artikuj\"],\"inLanguage\":\"sq-AL\",\"potentialAction\":[{\"@type\":\"CommentAction\",\"name\":\"Comment\",\"target\":[\"https:\\\/\\\/fjala.info\\\/2009-2015\\\/ja-personat-dhe-zullumet-qe-e-rrezuan-sali-berishen-nga-partia-dhe-qeveria-e-tij-familjare-e-klanore\\\/#respond\"]}]},{\"@type\":\"WebPage\",\"@id\":\"https:\\\/\\\/fjala.info\\\/2009-2015\\\/ja-personat-dhe-zullumet-qe-e-rrezuan-sali-berishen-nga-partia-dhe-qeveria-e-tij-familjare-e-klanore\\\/\",\"url\":\"https:\\\/\\\/fjala.info\\\/2009-2015\\\/ja-personat-dhe-zullumet-qe-e-rrezuan-sali-berishen-nga-partia-dhe-qeveria-e-tij-familjare-e-klanore\\\/\",\"name\":\"Ja personat dhe \u201czullumet\u201d q\u00eb e rr\u00ebzuan Sali Berish\u00ebn nga partia dhe qeveria e tij familjare e klanore - FjALA e LIR\u00cb - Arkivi\",\"isPartOf\":{\"@id\":\"https:\\\/\\\/fjala.info\\\/2009-2015\\\/#website\"},\"primaryImageOfPage\":{\"@id\":\"https:\\\/\\\/fjala.info\\\/2009-2015\\\/ja-personat-dhe-zullumet-qe-e-rrezuan-sali-berishen-nga-partia-dhe-qeveria-e-tij-familjare-e-klanore\\\/#primaryimage\"},\"image\":{\"@id\":\"https:\\\/\\\/fjala.info\\\/2009-2015\\\/ja-personat-dhe-zullumet-qe-e-rrezuan-sali-berishen-nga-partia-dhe-qeveria-e-tij-familjare-e-klanore\\\/#primaryimage\"},\"thumbnailUrl\":\"http:\\\/\\\/www.fjala.info\\\/2012\\\/sali_berisha_real.jpg\",\"datePublished\":\"2013-06-26T13:34:39+00:00\",\"breadcrumb\":{\"@id\":\"https:\\\/\\\/fjala.info\\\/2009-2015\\\/ja-personat-dhe-zullumet-qe-e-rrezuan-sali-berishen-nga-partia-dhe-qeveria-e-tij-familjare-e-klanore\\\/#breadcrumb\"},\"inLanguage\":\"sq-AL\",\"potentialAction\":[{\"@type\":\"ReadAction\",\"target\":[\"https:\\\/\\\/fjala.info\\\/2009-2015\\\/ja-personat-dhe-zullumet-qe-e-rrezuan-sali-berishen-nga-partia-dhe-qeveria-e-tij-familjare-e-klanore\\\/\"]}]},{\"@type\":\"ImageObject\",\"inLanguage\":\"sq-AL\",\"@id\":\"https:\\\/\\\/fjala.info\\\/2009-2015\\\/ja-personat-dhe-zullumet-qe-e-rrezuan-sali-berishen-nga-partia-dhe-qeveria-e-tij-familjare-e-klanore\\\/#primaryimage\",\"url\":\"http:\\\/\\\/www.fjala.info\\\/2012\\\/sali_berisha_real.jpg\",\"contentUrl\":\"http:\\\/\\\/www.fjala.info\\\/2012\\\/sali_berisha_real.jpg\"},{\"@type\":\"BreadcrumbList\",\"@id\":\"https:\\\/\\\/fjala.info\\\/2009-2015\\\/ja-personat-dhe-zullumet-qe-e-rrezuan-sali-berishen-nga-partia-dhe-qeveria-e-tij-familjare-e-klanore\\\/#breadcrumb\",\"itemListElement\":[{\"@type\":\"ListItem\",\"position\":1,\"name\":\"Home\",\"item\":\"https:\\\/\\\/fjala.info\\\/2009-2015\\\/\"},{\"@type\":\"ListItem\",\"position\":2,\"name\":\"Ja personat dhe \u201czullumet\u201d q\u00eb e rr\u00ebzuan Sali Berish\u00ebn nga partia dhe qeveria e tij familjare e klanore\"}]},{\"@type\":\"WebSite\",\"@id\":\"https:\\\/\\\/fjala.info\\\/2009-2015\\\/#website\",\"url\":\"https:\\\/\\\/fjala.info\\\/2009-2015\\\/\",\"name\":\"FjALA e LIR\u00cb - Arkivi\",\"description\":\"Arkivi 2009-2015\",\"publisher\":{\"@id\":\"https:\\\/\\\/fjala.info\\\/2009-2015\\\/#organization\"},\"potentialAction\":[{\"@type\":\"SearchAction\",\"target\":{\"@type\":\"EntryPoint\",\"urlTemplate\":\"https:\\\/\\\/fjala.info\\\/2009-2015\\\/?s={search_term_string}\"},\"query-input\":{\"@type\":\"PropertyValueSpecification\",\"valueRequired\":true,\"valueName\":\"search_term_string\"}}],\"inLanguage\":\"sq-AL\"},{\"@type\":\"Organization\",\"@id\":\"https:\\\/\\\/fjala.info\\\/2009-2015\\\/#organization\",\"name\":\"FjALA e LIR\u00cb - Arkivi\",\"url\":\"https:\\\/\\\/fjala.info\\\/2009-2015\\\/\",\"logo\":{\"@type\":\"ImageObject\",\"inLanguage\":\"sq-AL\",\"@id\":\"https:\\\/\\\/fjala.info\\\/2009-2015\\\/#\\\/schema\\\/logo\\\/image\\\/\",\"url\":\"\",\"contentUrl\":\"\",\"caption\":\"FjALA e LIR\u00cb - Arkivi\"},\"image\":{\"@id\":\"https:\\\/\\\/fjala.info\\\/2009-2015\\\/#\\\/schema\\\/logo\\\/image\\\/\"}},{\"@type\":\"Person\",\"@id\":\"https:\\\/\\\/fjala.info\\\/2009-2015\\\/#\\\/schema\\\/person\\\/3aa1163ef05469c496fc94e77611ada2\",\"name\":\"admin\",\"image\":{\"@type\":\"ImageObject\",\"inLanguage\":\"sq-AL\",\"@id\":\"https:\\\/\\\/fjala.info\\\/2009-2015\\\/wp-content\\\/uploads\\\/2012\\\/02\\\/arben_cokaj-120x150.jpg\",\"url\":\"https:\\\/\\\/fjala.info\\\/2009-2015\\\/wp-content\\\/uploads\\\/2012\\\/02\\\/arben_cokaj-120x150.jpg\",\"contentUrl\":\"https:\\\/\\\/fjala.info\\\/2009-2015\\\/wp-content\\\/uploads\\\/2012\\\/02\\\/arben_cokaj-120x150.jpg\",\"caption\":\"admin\"},\"description\":\"Admin, Fjala e Lir\u00eb\",\"sameAs\":[\"https:\\\/\\\/fjala.info\\\/\"],\"url\":\"https:\\\/\\\/fjala.info\\\/2009-2015\\\/author\\\/admin\\\/\"}]}<\/script>\n<!-- \/ Yoast SEO plugin. -->","yoast_head_json":{"title":"Ja personat dhe \u201czullumet\u201d q\u00eb e rr\u00ebzuan Sali Berish\u00ebn nga partia dhe qeveria e tij familjare e klanore - FjALA e LIR\u00cb - Arkivi","robots":{"index":"index","follow":"follow","max-snippet":"max-snippet:-1","max-image-preview":"max-image-preview:large","max-video-preview":"max-video-preview:-1"},"canonical":"https:\/\/fjala.info\/2009-2015\/ja-personat-dhe-zullumet-qe-e-rrezuan-sali-berishen-nga-partia-dhe-qeveria-e-tij-familjare-e-klanore\/","og_locale":"sq_AL","og_type":"article","og_title":"Ja personat dhe \u201czullumet\u201d q\u00eb e rr\u00ebzuan Sali Berish\u00ebn nga partia dhe qeveria e tij familjare e klanore - FjALA e LIR\u00cb - Arkivi","og_description":"Nga: P\u00ebrparim Halili Tashm\u00eb Shqip\u00ebria nuk e ka m\u00eb kryeminist\u00ebr Sali Berish\u00ebn. Shqiptar\u00ebt nuk e kan\u00eb m\u00eb mbi shpin\u00eb, pushtetin e tij me deputet\u00eb horra q\u00eb talleshin me fatet e vendit dhe jet\u00ebn e popullit. Nuk e kan\u00eb m\u00eb qeverin\u00eb e tij, me ministra e zyrtar\u00eb hajdut\u00eb. Nuk m\u00eb n\u00eb dor\u00eb t\u00eb familjes s\u00eb tij [&hellip;]","og_url":"https:\/\/fjala.info\/2009-2015\/ja-personat-dhe-zullumet-qe-e-rrezuan-sali-berishen-nga-partia-dhe-qeveria-e-tij-familjare-e-klanore\/","og_site_name":"FjALA e LIR\u00cb - Arkivi","article_published_time":"2013-06-26T13:34:39+00:00","og_image":[{"url":"http:\/\/www.fjala.info\/2012\/sali_berisha_real.jpg","type":"","width":"","height":""}],"author":"admin","twitter_card":"summary_large_image","twitter_misc":{"Written by":"admin","Est. reading time":"11 minutes"},"schema":{"@context":"https:\/\/schema.org","@graph":[{"@type":"Article","@id":"https:\/\/fjala.info\/2009-2015\/ja-personat-dhe-zullumet-qe-e-rrezuan-sali-berishen-nga-partia-dhe-qeveria-e-tij-familjare-e-klanore\/#article","isPartOf":{"@id":"https:\/\/fjala.info\/2009-2015\/ja-personat-dhe-zullumet-qe-e-rrezuan-sali-berishen-nga-partia-dhe-qeveria-e-tij-familjare-e-klanore\/"},"author":{"name":"admin","@id":"https:\/\/fjala.info\/2009-2015\/#\/schema\/person\/3aa1163ef05469c496fc94e77611ada2"},"headline":"Ja personat dhe \u201czullumet\u201d q\u00eb e rr\u00ebzuan Sali Berish\u00ebn nga partia dhe qeveria e tij familjare e klanore","datePublished":"2013-06-26T13:34:39+00:00","mainEntityOfPage":{"@id":"https:\/\/fjala.info\/2009-2015\/ja-personat-dhe-zullumet-qe-e-rrezuan-sali-berishen-nga-partia-dhe-qeveria-e-tij-familjare-e-klanore\/"},"wordCount":2227,"commentCount":1,"publisher":{"@id":"https:\/\/fjala.info\/2009-2015\/#organization"},"image":{"@id":"https:\/\/fjala.info\/2009-2015\/ja-personat-dhe-zullumet-qe-e-rrezuan-sali-berishen-nga-partia-dhe-qeveria-e-tij-familjare-e-klanore\/#primaryimage"},"thumbnailUrl":"http:\/\/www.fjala.info\/2012\/sali_berisha_real.jpg","articleSection":["Artikuj"],"inLanguage":"sq-AL","potentialAction":[{"@type":"CommentAction","name":"Comment","target":["https:\/\/fjala.info\/2009-2015\/ja-personat-dhe-zullumet-qe-e-rrezuan-sali-berishen-nga-partia-dhe-qeveria-e-tij-familjare-e-klanore\/#respond"]}]},{"@type":"WebPage","@id":"https:\/\/fjala.info\/2009-2015\/ja-personat-dhe-zullumet-qe-e-rrezuan-sali-berishen-nga-partia-dhe-qeveria-e-tij-familjare-e-klanore\/","url":"https:\/\/fjala.info\/2009-2015\/ja-personat-dhe-zullumet-qe-e-rrezuan-sali-berishen-nga-partia-dhe-qeveria-e-tij-familjare-e-klanore\/","name":"Ja personat dhe \u201czullumet\u201d q\u00eb e rr\u00ebzuan Sali Berish\u00ebn nga partia dhe qeveria e tij familjare e klanore - FjALA e LIR\u00cb - Arkivi","isPartOf":{"@id":"https:\/\/fjala.info\/2009-2015\/#website"},"primaryImageOfPage":{"@id":"https:\/\/fjala.info\/2009-2015\/ja-personat-dhe-zullumet-qe-e-rrezuan-sali-berishen-nga-partia-dhe-qeveria-e-tij-familjare-e-klanore\/#primaryimage"},"image":{"@id":"https:\/\/fjala.info\/2009-2015\/ja-personat-dhe-zullumet-qe-e-rrezuan-sali-berishen-nga-partia-dhe-qeveria-e-tij-familjare-e-klanore\/#primaryimage"},"thumbnailUrl":"http:\/\/www.fjala.info\/2012\/sali_berisha_real.jpg","datePublished":"2013-06-26T13:34:39+00:00","breadcrumb":{"@id":"https:\/\/fjala.info\/2009-2015\/ja-personat-dhe-zullumet-qe-e-rrezuan-sali-berishen-nga-partia-dhe-qeveria-e-tij-familjare-e-klanore\/#breadcrumb"},"inLanguage":"sq-AL","potentialAction":[{"@type":"ReadAction","target":["https:\/\/fjala.info\/2009-2015\/ja-personat-dhe-zullumet-qe-e-rrezuan-sali-berishen-nga-partia-dhe-qeveria-e-tij-familjare-e-klanore\/"]}]},{"@type":"ImageObject","inLanguage":"sq-AL","@id":"https:\/\/fjala.info\/2009-2015\/ja-personat-dhe-zullumet-qe-e-rrezuan-sali-berishen-nga-partia-dhe-qeveria-e-tij-familjare-e-klanore\/#primaryimage","url":"http:\/\/www.fjala.info\/2012\/sali_berisha_real.jpg","contentUrl":"http:\/\/www.fjala.info\/2012\/sali_berisha_real.jpg"},{"@type":"BreadcrumbList","@id":"https:\/\/fjala.info\/2009-2015\/ja-personat-dhe-zullumet-qe-e-rrezuan-sali-berishen-nga-partia-dhe-qeveria-e-tij-familjare-e-klanore\/#breadcrumb","itemListElement":[{"@type":"ListItem","position":1,"name":"Home","item":"https:\/\/fjala.info\/2009-2015\/"},{"@type":"ListItem","position":2,"name":"Ja personat dhe \u201czullumet\u201d q\u00eb e rr\u00ebzuan Sali Berish\u00ebn nga partia dhe qeveria e tij familjare e klanore"}]},{"@type":"WebSite","@id":"https:\/\/fjala.info\/2009-2015\/#website","url":"https:\/\/fjala.info\/2009-2015\/","name":"FjALA e LIR\u00cb - Arkivi","description":"Arkivi 2009-2015","publisher":{"@id":"https:\/\/fjala.info\/2009-2015\/#organization"},"potentialAction":[{"@type":"SearchAction","target":{"@type":"EntryPoint","urlTemplate":"https:\/\/fjala.info\/2009-2015\/?s={search_term_string}"},"query-input":{"@type":"PropertyValueSpecification","valueRequired":true,"valueName":"search_term_string"}}],"inLanguage":"sq-AL"},{"@type":"Organization","@id":"https:\/\/fjala.info\/2009-2015\/#organization","name":"FjALA e LIR\u00cb - Arkivi","url":"https:\/\/fjala.info\/2009-2015\/","logo":{"@type":"ImageObject","inLanguage":"sq-AL","@id":"https:\/\/fjala.info\/2009-2015\/#\/schema\/logo\/image\/","url":"","contentUrl":"","caption":"FjALA e LIR\u00cb - Arkivi"},"image":{"@id":"https:\/\/fjala.info\/2009-2015\/#\/schema\/logo\/image\/"}},{"@type":"Person","@id":"https:\/\/fjala.info\/2009-2015\/#\/schema\/person\/3aa1163ef05469c496fc94e77611ada2","name":"admin","image":{"@type":"ImageObject","inLanguage":"sq-AL","@id":"https:\/\/fjala.info\/2009-2015\/wp-content\/uploads\/2012\/02\/arben_cokaj-120x150.jpg","url":"https:\/\/fjala.info\/2009-2015\/wp-content\/uploads\/2012\/02\/arben_cokaj-120x150.jpg","contentUrl":"https:\/\/fjala.info\/2009-2015\/wp-content\/uploads\/2012\/02\/arben_cokaj-120x150.jpg","caption":"admin"},"description":"Admin, Fjala e Lir\u00eb","sameAs":["https:\/\/fjala.info\/"],"url":"https:\/\/fjala.info\/2009-2015\/author\/admin\/"}]}},"_links":{"self":[{"href":"https:\/\/fjala.info\/2009-2015\/wp-json\/wp\/v2\/posts\/3371","targetHints":{"allow":["GET"]}}],"collection":[{"href":"https:\/\/fjala.info\/2009-2015\/wp-json\/wp\/v2\/posts"}],"about":[{"href":"https:\/\/fjala.info\/2009-2015\/wp-json\/wp\/v2\/types\/post"}],"author":[{"embeddable":true,"href":"https:\/\/fjala.info\/2009-2015\/wp-json\/wp\/v2\/users\/1"}],"replies":[{"embeddable":true,"href":"https:\/\/fjala.info\/2009-2015\/wp-json\/wp\/v2\/comments?post=3371"}],"version-history":[{"count":0,"href":"https:\/\/fjala.info\/2009-2015\/wp-json\/wp\/v2\/posts\/3371\/revisions"}],"wp:attachment":[{"href":"https:\/\/fjala.info\/2009-2015\/wp-json\/wp\/v2\/media?parent=3371"}],"wp:term":[{"taxonomy":"category","embeddable":true,"href":"https:\/\/fjala.info\/2009-2015\/wp-json\/wp\/v2\/categories?post=3371"},{"taxonomy":"post_tag","embeddable":true,"href":"https:\/\/fjala.info\/2009-2015\/wp-json\/wp\/v2\/tags?post=3371"}],"curies":[{"name":"wp","href":"https:\/\/api.w.org\/{rel}","templated":true}]}}