{"id":337,"date":"2011-11-28T08:41:26","date_gmt":"2011-11-28T07:41:26","guid":{"rendered":"http:\/\/fjala.shkoder.net\/?p=337"},"modified":"2011-11-28T08:41:26","modified_gmt":"2011-11-28T07:41:26","slug":"ismail-qemali-vjershe-e-pabotuar","status":"publish","type":"post","link":"https:\/\/fjala.info\/2009-2015\/ismail-qemali-vjershe-e-pabotuar\/","title":{"rendered":"ISMAIL QEMALI &#8211; vjersh\u00eb e pabotuar&#8230;"},"content":{"rendered":"<p><img decoding=\"async\" class=\"alignright size-thumbnail wp-image-7236\" title=\"Ismail Qemali\" src=\"http:\/\/www.shkoder.net\/images\/fjala\/2011\/ismail_qemali.jpg\" alt=\"\" width=\"200\" \/><br \/>\n<strong>ISMAIL QEMALI<\/strong><\/p>\n<p>(<em>Vjersh\u00eb e pa botuar, shkruar e k\u00ebnduar dit\u00ebn q\u00eb erdhi Ismail Qemali n\u00eb Vlor\u00eb i vdekur<\/em>)<\/p>\n<p>Nga <strong>ALI ASLLANI<\/strong><\/p>\n<p>Mbyllur det\u2019 edhe stere<\/p>\n<p>Kush do pyes? &#8230; edhe p\u00ebrse?<\/p>\n<p>E kush pyet p\u00ebr Shqip\u00ebrin\u00eb,<\/p>\n<p>Rreth me male nj\u00eb shketin\u00eb<\/p>\n<p>E pa z\u00eb dhe e pa zot\u00eb<\/p>\n<p>Vet\u00ebm vlente p\u00ebr nj\u00eb bot\u00eb<\/p>\n<p>Q\u00eb t\u00eb b\u00ebnej ndonj\u00eb dit\u00eb,<\/p>\n<p>Nj\u00eb th\u00ebrime nj\u00eb kafshit\u00eb<\/p>\n<p>P\u00ebr at\u00eb e p\u00ebr k\u00ebt\u00eb,<\/p>\n<p>Vleft\u2019e saja h\u00eb p\u00ebr h\u00eb,<\/p>\n<p>Dele dajos&#8230;&#8230;..<\/p>\n<p>Kur nji dit\u00eb,<\/p>\n<p>Vjen e \u00e7faqet nj\u00eb Profit\u00eb;<\/p>\n<p>Ish nji plak i bardh\u00eb bor\u00eb,<\/p>\n<p>Nji bajrak me zok n\u00eb dor\u00eb;<\/p>\n<p>\u00c7an tok\u00eb e \u00e7an det\u00eb<\/p>\n<p>Si i \u00e7an rrufeja ret\u00eb;<\/p>\n<p>Edhe zbriti mu atje<\/p>\n<p>Ku i than nga se p\u00ebr se<\/p>\n<p>Po atje n\u00eb at\u00eb v\u00ebnd\u00eb,<\/p>\n<p>Dy t\u00eb prishurit na m\u00ebnd\u00eb,<\/p>\n<p>Jo q\u00eb nuk i than &#8220;miserdhe&#8221;<\/p>\n<p>Po i than dhe &#8220;shko nga erdhe!&#8221;<\/p>\n<p>Plaku gjor\u00eb e plaku mjer\u00eb,<\/p>\n<p>Ku do vej\u00eb e ku do bjer\u00eb,<\/p>\n<p>N\u00ebp\u00ebr er\u00eb e n\u00ebp\u00ebr shira<\/p>\n<p>N\u00ebp\u00ebr gropa me sh\u00ebllira?<\/p>\n<p>Iku dit\u00eb e iku nat\u00eb<\/p>\n<p>I mungon dhe buk\u2019 e that\u00eb;<\/p>\n<p>Edhe buka i mungonte,<\/p>\n<p>V\u00ebtan z\u00eamra i valonte.<\/p>\n<p>Si ish balt\u00eb, k\u00ebmba kridhej,<\/p>\n<p>Si ish plak\u00eb, trupi dridhej,<\/p>\n<p>Andej ruhej nga armiku,<\/p>\n<p>K\u00ebtej ruhej nga i ligu.<\/p>\n<p>Mirpo plaku b\u00ebri krah\u00eb;<\/p>\n<p>Kaloj male, kaloj brigje,<\/p>\n<p>Kaloj pellgje t\u00eb pa vah\u00eb,<\/p>\n<p>Kaloj pyje t\u00eb pa shtigje<\/p>\n<p>Syr\u2019 i tija nj\u00eb yll shihte<\/p>\n<p>Dita yllin po e fshihte.<\/p>\n<p>Plaku iku, iku, iku<\/p>\n<p>Pas ca dite nj\u00eb m\u00ebngjes,<\/p>\n<p>Kur d\u00ebgjon nj\u00eb z\u00eb kikiku,<\/p>\n<p>Nj\u00eb qytet i gjith\u00eb u ndes.<\/p>\n<p>Ish nj\u00eb vend, nj\u00eb vend i lir\u00eb<\/p>\n<p>Q\u00eb n\u00eb gjuh\u00ebn m\u00eb t\u00eb mir\u00eb<\/p>\n<p>Q\u00eb n\u00eb gjuh\u00ebn e Asllanit,<\/p>\n<p>I thon v\u00ebndi i jataganit;<\/p>\n<p>I thon Vlon\u2019 e i thon Vlor\u00eb<\/p>\n<p>Ku Shqiponja dy krenor\u00eb,<\/p>\n<p>Gjeti gjith\u00eb ata q\u00eb deshi,<\/p>\n<p>Djem baroti, djem arbreshi,<\/p>\n<p>Me bes\u00eb burri armatosur,<\/p>\n<p>Trim\u00ebri q\u00eb s\u2019ka t\u00eb sosur,<\/p>\n<p>E kush ishte ai plak\u00eb?<\/p>\n<p>E kush ishte ajo flak\u00eb?<\/p>\n<p>Si nj\u00eb yll q\u00eb \u00ebsht\u00eb k\u00ebputur<\/p>\n<p>N\u00eb nj\u00eb arqe brenda futur,<\/p>\n<p>Na harriti&#8230;. Kuje sot\u00eb<\/p>\n<p>Nuk na erdhi si e desh\u00ebm,<\/p>\n<p>Po n\u00eb dhe se fus\u00ebm dot\u00eb<\/p>\n<p>Pra n\u00eb z\u00eamra do t\u2019a ngjeshim.<\/p>\n<p>Dhe aty do rroj sa malet<\/p>\n<p>Shpirti tija nuk do falet<\/p>\n<p>Nuk do falet po si Dielli,<\/p>\n<p>Ku bashkohen det e qielli,<\/p>\n<p>Atje shuhet ashtu duhet,<\/p>\n<p>Qarko bot\u00ebs z\u00eb e muhet;<\/p>\n<p>Mirpo dielli dhe at\u00ebher\u00eb,<\/p>\n<p>Shkrep dhe shtie mbi t\u00eb tjer\u00eb;<\/p>\n<p>Dielli mbet gjithnj\u00eb Diell,<\/p>\n<p>Kurdoher\u00eb me kok\u00eb n\u00eb qiell\u00eb,<\/p>\n<p>Edhe Plaku k\u00ebt\u00eb dit\u00eb,<\/p>\n<p>Si njeri mbaroi jet\u00eb<\/p>\n<p>Mir po Plaku i v\u00ebrtet\u00eb<\/p>\n<p>Ish Profit dhe mbet Profit;<\/p>\n<p>Dhe q\u00ebndron ashtu si ish\u00eb;<\/p>\n<p>Do mbaj emrin si e kish\u00eb;<\/p>\n<p>Emr\u2019i tija i v\u00ebrtet\u00eb;<\/p>\n<p>Esht N\u00ebntor nj\u00ebzet\u2019 e tet\u00eb.<\/p>\n","protected":false},"excerpt":{"rendered":"<p>ISMAIL QEMALI (Vjersh\u00eb e pa botuar, shkruar e k\u00ebnduar dit\u00ebn q\u00eb erdhi Ismail Qemali n\u00eb Vlor\u00eb i vdekur) Nga ALI ASLLANI Mbyllur det\u2019 edhe stere Kush do pyes? &#8230; edhe p\u00ebrse? E kush pyet p\u00ebr Shqip\u00ebrin\u00eb, Rreth me male nj\u00eb shketin\u00eb E pa z\u00eb dhe e pa zot\u00eb Vet\u00ebm vlente p\u00ebr nj\u00eb bot\u00eb Q\u00eb t\u00eb [&hellip;]<\/p>\n","protected":false},"author":1,"featured_media":0,"comment_status":"open","ping_status":"closed","sticky":false,"template":"","format":"standard","meta":{"footnotes":""},"categories":[7,9],"tags":[],"class_list":{"0":"post-337","1":"post","2":"type-post","3":"status-publish","4":"format-standard","6":"category-letersi","7":"category-poezi"},"yoast_head":"<!-- This site is optimized with the Yoast SEO plugin v27.4 - https:\/\/yoast.com\/product\/yoast-seo-wordpress\/ -->\n<title>ISMAIL QEMALI - vjersh\u00eb e pabotuar... - FjALA e LIR\u00cb - Arkivi<\/title>\n<meta name=\"robots\" content=\"index, follow, max-snippet:-1, max-image-preview:large, max-video-preview:-1\" \/>\n<link rel=\"canonical\" href=\"https:\/\/fjala.info\/2009-2015\/ismail-qemali-vjershe-e-pabotuar\/\" \/>\n<meta property=\"og:locale\" content=\"sq_AL\" \/>\n<meta property=\"og:type\" content=\"article\" \/>\n<meta property=\"og:title\" content=\"ISMAIL QEMALI - vjersh\u00eb e pabotuar... - FjALA e LIR\u00cb - Arkivi\" \/>\n<meta property=\"og:description\" content=\"ISMAIL QEMALI (Vjersh\u00eb e pa botuar, shkruar e k\u00ebnduar dit\u00ebn q\u00eb erdhi Ismail Qemali n\u00eb Vlor\u00eb i vdekur) Nga ALI ASLLANI Mbyllur det\u2019 edhe stere Kush do pyes? &#8230; edhe p\u00ebrse? E kush pyet p\u00ebr Shqip\u00ebrin\u00eb, Rreth me male nj\u00eb shketin\u00eb E pa z\u00eb dhe e pa zot\u00eb Vet\u00ebm vlente p\u00ebr nj\u00eb bot\u00eb Q\u00eb t\u00eb [&hellip;]\" \/>\n<meta property=\"og:url\" content=\"https:\/\/fjala.info\/2009-2015\/ismail-qemali-vjershe-e-pabotuar\/\" \/>\n<meta property=\"og:site_name\" content=\"FjALA e LIR\u00cb - Arkivi\" \/>\n<meta property=\"article:published_time\" content=\"2011-11-28T07:41:26+00:00\" \/>\n<meta property=\"og:image\" content=\"http:\/\/www.shkoder.net\/images\/fjala\/2011\/ismail_qemali.jpg\" \/>\n<meta name=\"author\" content=\"admin\" \/>\n<meta name=\"twitter:card\" content=\"summary_large_image\" \/>\n<meta name=\"twitter:label1\" content=\"Written by\" \/>\n\t<meta name=\"twitter:data1\" content=\"admin\" \/>\n\t<meta name=\"twitter:label2\" content=\"Est. reading time\" \/>\n\t<meta name=\"twitter:data2\" content=\"2 minutes\" \/>\n<script type=\"application\/ld+json\" class=\"yoast-schema-graph\">{\"@context\":\"https:\\\/\\\/schema.org\",\"@graph\":[{\"@type\":\"Article\",\"@id\":\"https:\\\/\\\/fjala.info\\\/2009-2015\\\/ismail-qemali-vjershe-e-pabotuar\\\/#article\",\"isPartOf\":{\"@id\":\"https:\\\/\\\/fjala.info\\\/2009-2015\\\/ismail-qemali-vjershe-e-pabotuar\\\/\"},\"author\":{\"name\":\"admin\",\"@id\":\"https:\\\/\\\/fjala.info\\\/2009-2015\\\/#\\\/schema\\\/person\\\/3aa1163ef05469c496fc94e77611ada2\"},\"headline\":\"ISMAIL QEMALI &#8211; vjersh\u00eb e pabotuar&#8230;\",\"datePublished\":\"2011-11-28T07:41:26+00:00\",\"mainEntityOfPage\":{\"@id\":\"https:\\\/\\\/fjala.info\\\/2009-2015\\\/ismail-qemali-vjershe-e-pabotuar\\\/\"},\"wordCount\":484,\"commentCount\":0,\"publisher\":{\"@id\":\"https:\\\/\\\/fjala.info\\\/2009-2015\\\/#organization\"},\"image\":{\"@id\":\"https:\\\/\\\/fjala.info\\\/2009-2015\\\/ismail-qemali-vjershe-e-pabotuar\\\/#primaryimage\"},\"thumbnailUrl\":\"http:\\\/\\\/www.shkoder.net\\\/images\\\/fjala\\\/2011\\\/ismail_qemali.jpg\",\"articleSection\":[\"Let\u00ebrsi\",\"Poezi\"],\"inLanguage\":\"sq-AL\",\"potentialAction\":[{\"@type\":\"CommentAction\",\"name\":\"Comment\",\"target\":[\"https:\\\/\\\/fjala.info\\\/2009-2015\\\/ismail-qemali-vjershe-e-pabotuar\\\/#respond\"]}]},{\"@type\":\"WebPage\",\"@id\":\"https:\\\/\\\/fjala.info\\\/2009-2015\\\/ismail-qemali-vjershe-e-pabotuar\\\/\",\"url\":\"https:\\\/\\\/fjala.info\\\/2009-2015\\\/ismail-qemali-vjershe-e-pabotuar\\\/\",\"name\":\"ISMAIL QEMALI - vjersh\u00eb e pabotuar... - FjALA e LIR\u00cb - Arkivi\",\"isPartOf\":{\"@id\":\"https:\\\/\\\/fjala.info\\\/2009-2015\\\/#website\"},\"primaryImageOfPage\":{\"@id\":\"https:\\\/\\\/fjala.info\\\/2009-2015\\\/ismail-qemali-vjershe-e-pabotuar\\\/#primaryimage\"},\"image\":{\"@id\":\"https:\\\/\\\/fjala.info\\\/2009-2015\\\/ismail-qemali-vjershe-e-pabotuar\\\/#primaryimage\"},\"thumbnailUrl\":\"http:\\\/\\\/www.shkoder.net\\\/images\\\/fjala\\\/2011\\\/ismail_qemali.jpg\",\"datePublished\":\"2011-11-28T07:41:26+00:00\",\"breadcrumb\":{\"@id\":\"https:\\\/\\\/fjala.info\\\/2009-2015\\\/ismail-qemali-vjershe-e-pabotuar\\\/#breadcrumb\"},\"inLanguage\":\"sq-AL\",\"potentialAction\":[{\"@type\":\"ReadAction\",\"target\":[\"https:\\\/\\\/fjala.info\\\/2009-2015\\\/ismail-qemali-vjershe-e-pabotuar\\\/\"]}]},{\"@type\":\"ImageObject\",\"inLanguage\":\"sq-AL\",\"@id\":\"https:\\\/\\\/fjala.info\\\/2009-2015\\\/ismail-qemali-vjershe-e-pabotuar\\\/#primaryimage\",\"url\":\"http:\\\/\\\/www.shkoder.net\\\/images\\\/fjala\\\/2011\\\/ismail_qemali.jpg\",\"contentUrl\":\"http:\\\/\\\/www.shkoder.net\\\/images\\\/fjala\\\/2011\\\/ismail_qemali.jpg\"},{\"@type\":\"BreadcrumbList\",\"@id\":\"https:\\\/\\\/fjala.info\\\/2009-2015\\\/ismail-qemali-vjershe-e-pabotuar\\\/#breadcrumb\",\"itemListElement\":[{\"@type\":\"ListItem\",\"position\":1,\"name\":\"Home\",\"item\":\"https:\\\/\\\/fjala.info\\\/2009-2015\\\/\"},{\"@type\":\"ListItem\",\"position\":2,\"name\":\"ISMAIL QEMALI &#8211; vjersh\u00eb e pabotuar&#8230;\"}]},{\"@type\":\"WebSite\",\"@id\":\"https:\\\/\\\/fjala.info\\\/2009-2015\\\/#website\",\"url\":\"https:\\\/\\\/fjala.info\\\/2009-2015\\\/\",\"name\":\"FjALA e LIR\u00cb - Arkivi\",\"description\":\"Arkivi 2009-2015\",\"publisher\":{\"@id\":\"https:\\\/\\\/fjala.info\\\/2009-2015\\\/#organization\"},\"potentialAction\":[{\"@type\":\"SearchAction\",\"target\":{\"@type\":\"EntryPoint\",\"urlTemplate\":\"https:\\\/\\\/fjala.info\\\/2009-2015\\\/?s={search_term_string}\"},\"query-input\":{\"@type\":\"PropertyValueSpecification\",\"valueRequired\":true,\"valueName\":\"search_term_string\"}}],\"inLanguage\":\"sq-AL\"},{\"@type\":\"Organization\",\"@id\":\"https:\\\/\\\/fjala.info\\\/2009-2015\\\/#organization\",\"name\":\"FjALA e LIR\u00cb - Arkivi\",\"url\":\"https:\\\/\\\/fjala.info\\\/2009-2015\\\/\",\"logo\":{\"@type\":\"ImageObject\",\"inLanguage\":\"sq-AL\",\"@id\":\"https:\\\/\\\/fjala.info\\\/2009-2015\\\/#\\\/schema\\\/logo\\\/image\\\/\",\"url\":\"\",\"contentUrl\":\"\",\"caption\":\"FjALA e LIR\u00cb - Arkivi\"},\"image\":{\"@id\":\"https:\\\/\\\/fjala.info\\\/2009-2015\\\/#\\\/schema\\\/logo\\\/image\\\/\"}},{\"@type\":\"Person\",\"@id\":\"https:\\\/\\\/fjala.info\\\/2009-2015\\\/#\\\/schema\\\/person\\\/3aa1163ef05469c496fc94e77611ada2\",\"name\":\"admin\",\"image\":{\"@type\":\"ImageObject\",\"inLanguage\":\"sq-AL\",\"@id\":\"https:\\\/\\\/fjala.info\\\/2009-2015\\\/wp-content\\\/uploads\\\/2012\\\/02\\\/arben_cokaj-120x150.jpg\",\"url\":\"https:\\\/\\\/fjala.info\\\/2009-2015\\\/wp-content\\\/uploads\\\/2012\\\/02\\\/arben_cokaj-120x150.jpg\",\"contentUrl\":\"https:\\\/\\\/fjala.info\\\/2009-2015\\\/wp-content\\\/uploads\\\/2012\\\/02\\\/arben_cokaj-120x150.jpg\",\"caption\":\"admin\"},\"description\":\"Admin, Fjala e Lir\u00eb\",\"sameAs\":[\"https:\\\/\\\/fjala.info\\\/\"],\"url\":\"https:\\\/\\\/fjala.info\\\/2009-2015\\\/author\\\/admin\\\/\"}]}<\/script>\n<!-- \/ Yoast SEO plugin. -->","yoast_head_json":{"title":"ISMAIL QEMALI - vjersh\u00eb e pabotuar... - FjALA e LIR\u00cb - Arkivi","robots":{"index":"index","follow":"follow","max-snippet":"max-snippet:-1","max-image-preview":"max-image-preview:large","max-video-preview":"max-video-preview:-1"},"canonical":"https:\/\/fjala.info\/2009-2015\/ismail-qemali-vjershe-e-pabotuar\/","og_locale":"sq_AL","og_type":"article","og_title":"ISMAIL QEMALI - vjersh\u00eb e pabotuar... - FjALA e LIR\u00cb - Arkivi","og_description":"ISMAIL QEMALI (Vjersh\u00eb e pa botuar, shkruar e k\u00ebnduar dit\u00ebn q\u00eb erdhi Ismail Qemali n\u00eb Vlor\u00eb i vdekur) Nga ALI ASLLANI Mbyllur det\u2019 edhe stere Kush do pyes? &#8230; edhe p\u00ebrse? E kush pyet p\u00ebr Shqip\u00ebrin\u00eb, Rreth me male nj\u00eb shketin\u00eb E pa z\u00eb dhe e pa zot\u00eb Vet\u00ebm vlente p\u00ebr nj\u00eb bot\u00eb Q\u00eb t\u00eb [&hellip;]","og_url":"https:\/\/fjala.info\/2009-2015\/ismail-qemali-vjershe-e-pabotuar\/","og_site_name":"FjALA e LIR\u00cb - Arkivi","article_published_time":"2011-11-28T07:41:26+00:00","og_image":[{"url":"http:\/\/www.shkoder.net\/images\/fjala\/2011\/ismail_qemali.jpg","type":"","width":"","height":""}],"author":"admin","twitter_card":"summary_large_image","twitter_misc":{"Written by":"admin","Est. reading time":"2 minutes"},"schema":{"@context":"https:\/\/schema.org","@graph":[{"@type":"Article","@id":"https:\/\/fjala.info\/2009-2015\/ismail-qemali-vjershe-e-pabotuar\/#article","isPartOf":{"@id":"https:\/\/fjala.info\/2009-2015\/ismail-qemali-vjershe-e-pabotuar\/"},"author":{"name":"admin","@id":"https:\/\/fjala.info\/2009-2015\/#\/schema\/person\/3aa1163ef05469c496fc94e77611ada2"},"headline":"ISMAIL QEMALI &#8211; vjersh\u00eb e pabotuar&#8230;","datePublished":"2011-11-28T07:41:26+00:00","mainEntityOfPage":{"@id":"https:\/\/fjala.info\/2009-2015\/ismail-qemali-vjershe-e-pabotuar\/"},"wordCount":484,"commentCount":0,"publisher":{"@id":"https:\/\/fjala.info\/2009-2015\/#organization"},"image":{"@id":"https:\/\/fjala.info\/2009-2015\/ismail-qemali-vjershe-e-pabotuar\/#primaryimage"},"thumbnailUrl":"http:\/\/www.shkoder.net\/images\/fjala\/2011\/ismail_qemali.jpg","articleSection":["Let\u00ebrsi","Poezi"],"inLanguage":"sq-AL","potentialAction":[{"@type":"CommentAction","name":"Comment","target":["https:\/\/fjala.info\/2009-2015\/ismail-qemali-vjershe-e-pabotuar\/#respond"]}]},{"@type":"WebPage","@id":"https:\/\/fjala.info\/2009-2015\/ismail-qemali-vjershe-e-pabotuar\/","url":"https:\/\/fjala.info\/2009-2015\/ismail-qemali-vjershe-e-pabotuar\/","name":"ISMAIL QEMALI - vjersh\u00eb e pabotuar... - FjALA e LIR\u00cb - Arkivi","isPartOf":{"@id":"https:\/\/fjala.info\/2009-2015\/#website"},"primaryImageOfPage":{"@id":"https:\/\/fjala.info\/2009-2015\/ismail-qemali-vjershe-e-pabotuar\/#primaryimage"},"image":{"@id":"https:\/\/fjala.info\/2009-2015\/ismail-qemali-vjershe-e-pabotuar\/#primaryimage"},"thumbnailUrl":"http:\/\/www.shkoder.net\/images\/fjala\/2011\/ismail_qemali.jpg","datePublished":"2011-11-28T07:41:26+00:00","breadcrumb":{"@id":"https:\/\/fjala.info\/2009-2015\/ismail-qemali-vjershe-e-pabotuar\/#breadcrumb"},"inLanguage":"sq-AL","potentialAction":[{"@type":"ReadAction","target":["https:\/\/fjala.info\/2009-2015\/ismail-qemali-vjershe-e-pabotuar\/"]}]},{"@type":"ImageObject","inLanguage":"sq-AL","@id":"https:\/\/fjala.info\/2009-2015\/ismail-qemali-vjershe-e-pabotuar\/#primaryimage","url":"http:\/\/www.shkoder.net\/images\/fjala\/2011\/ismail_qemali.jpg","contentUrl":"http:\/\/www.shkoder.net\/images\/fjala\/2011\/ismail_qemali.jpg"},{"@type":"BreadcrumbList","@id":"https:\/\/fjala.info\/2009-2015\/ismail-qemali-vjershe-e-pabotuar\/#breadcrumb","itemListElement":[{"@type":"ListItem","position":1,"name":"Home","item":"https:\/\/fjala.info\/2009-2015\/"},{"@type":"ListItem","position":2,"name":"ISMAIL QEMALI &#8211; vjersh\u00eb e pabotuar&#8230;"}]},{"@type":"WebSite","@id":"https:\/\/fjala.info\/2009-2015\/#website","url":"https:\/\/fjala.info\/2009-2015\/","name":"FjALA e LIR\u00cb - Arkivi","description":"Arkivi 2009-2015","publisher":{"@id":"https:\/\/fjala.info\/2009-2015\/#organization"},"potentialAction":[{"@type":"SearchAction","target":{"@type":"EntryPoint","urlTemplate":"https:\/\/fjala.info\/2009-2015\/?s={search_term_string}"},"query-input":{"@type":"PropertyValueSpecification","valueRequired":true,"valueName":"search_term_string"}}],"inLanguage":"sq-AL"},{"@type":"Organization","@id":"https:\/\/fjala.info\/2009-2015\/#organization","name":"FjALA e LIR\u00cb - Arkivi","url":"https:\/\/fjala.info\/2009-2015\/","logo":{"@type":"ImageObject","inLanguage":"sq-AL","@id":"https:\/\/fjala.info\/2009-2015\/#\/schema\/logo\/image\/","url":"","contentUrl":"","caption":"FjALA e LIR\u00cb - Arkivi"},"image":{"@id":"https:\/\/fjala.info\/2009-2015\/#\/schema\/logo\/image\/"}},{"@type":"Person","@id":"https:\/\/fjala.info\/2009-2015\/#\/schema\/person\/3aa1163ef05469c496fc94e77611ada2","name":"admin","image":{"@type":"ImageObject","inLanguage":"sq-AL","@id":"https:\/\/fjala.info\/2009-2015\/wp-content\/uploads\/2012\/02\/arben_cokaj-120x150.jpg","url":"https:\/\/fjala.info\/2009-2015\/wp-content\/uploads\/2012\/02\/arben_cokaj-120x150.jpg","contentUrl":"https:\/\/fjala.info\/2009-2015\/wp-content\/uploads\/2012\/02\/arben_cokaj-120x150.jpg","caption":"admin"},"description":"Admin, Fjala e Lir\u00eb","sameAs":["https:\/\/fjala.info\/"],"url":"https:\/\/fjala.info\/2009-2015\/author\/admin\/"}]}},"_links":{"self":[{"href":"https:\/\/fjala.info\/2009-2015\/wp-json\/wp\/v2\/posts\/337","targetHints":{"allow":["GET"]}}],"collection":[{"href":"https:\/\/fjala.info\/2009-2015\/wp-json\/wp\/v2\/posts"}],"about":[{"href":"https:\/\/fjala.info\/2009-2015\/wp-json\/wp\/v2\/types\/post"}],"author":[{"embeddable":true,"href":"https:\/\/fjala.info\/2009-2015\/wp-json\/wp\/v2\/users\/1"}],"replies":[{"embeddable":true,"href":"https:\/\/fjala.info\/2009-2015\/wp-json\/wp\/v2\/comments?post=337"}],"version-history":[{"count":0,"href":"https:\/\/fjala.info\/2009-2015\/wp-json\/wp\/v2\/posts\/337\/revisions"}],"wp:attachment":[{"href":"https:\/\/fjala.info\/2009-2015\/wp-json\/wp\/v2\/media?parent=337"}],"wp:term":[{"taxonomy":"category","embeddable":true,"href":"https:\/\/fjala.info\/2009-2015\/wp-json\/wp\/v2\/categories?post=337"},{"taxonomy":"post_tag","embeddable":true,"href":"https:\/\/fjala.info\/2009-2015\/wp-json\/wp\/v2\/tags?post=337"}],"curies":[{"name":"wp","href":"https:\/\/api.w.org\/{rel}","templated":true}]}}