{"id":3369,"date":"2013-06-25T22:54:24","date_gmt":"2013-06-25T21:54:24","guid":{"rendered":"http:\/\/fjala.info\/?p=3369"},"modified":"2013-06-25T22:54:24","modified_gmt":"2013-06-25T21:54:24","slug":"dhe-tashti-nji-republike-te-re","status":"publish","type":"post","link":"https:\/\/fjala.info\/2009-2015\/dhe-tashti-nji-republike-te-re\/","title":{"rendered":"Dhe tashti, nji republik\u00eb t\u00eb re\u2026"},"content":{"rendered":"<p><img decoding=\"async\" class=\"alignright size-thumbnail wp-image-7236\" title=\"Rama - rilindje\" alt=\"\" src=\"http:\/\/www.fjala.info\/2013\/rama_rilindja.jpg\" width=\"300\" \/> Nga <strong>Ardian Ndreca<\/strong>, <em>25 Qershor 2013<\/em><\/p>\n<p>Ma n\u00eb fund Edi Rama e \u00e7liroi t\u00eb djatht\u00ebn prej uzurpatorit plak q\u00eb mbante peng tash dy dekada t\u00eb kaluemen dhe t\u00eb ardhmen e Shqipnis\u00eb, tue vendos\u00eb me nji fitore t\u00eb thell\u00eb daljen p\u00ebrfundimisht prej sken\u00ebs politike t\u00eb Sali Berish\u00ebs.<\/p>\n<p>At\u00eb q\u00eb nuk mb\u00ebrriti me e ba vet\u00eb e djathta shqiptare (n\u00ebse ka ende kuptim me fol\u00eb k\u00ebshtu p\u00ebr nji thark ku shkrryhen Islami, Xhuveli e shum\u00eb si k\u00ebta!) ia bani dhurat\u00eb asaj Edi Rama.<\/p>\n<p>Berisha ishte p\u00ebrzgjatja e s\u00eb keqes q\u00eb pat zan\u00eb rranj\u00eb n\u00eb vitin 1944, fryma e tij antidemokratike dhe etja tribale p\u00ebr pushtet na kan\u00eb kushtue dy dekada t\u00eb historis\u00eb son\u00eb.<\/p>\n<p>N\u00eb fakt me dat\u00ebn 23 qershor e djathta nuk ka humb\u00eb, ajo ka fitue bindsh\u00ebm pse sot ka mund\u00ebsin\u00eb historike me u \u00e7lirue p\u00ebrgjithmon\u00eb prej Berish\u00ebs, Bash\u00ebs e sojit t\u00eb tyne.<\/p>\n<p>Fajtor\u00eb p\u00ebr humbjen e thell\u00eb nuk jan\u00eb vet\u00ebm megalloman\u00ebt dhe demagog\u00ebt pa asnji lloj spesori intelektual, moral e politik q\u00eb kan\u00eb tregue vokacionin e tyne prej sh\u00ebrb\u00ebtor\u00ebsh tue iu p\u00ebrkul\u00eb Berish\u00ebs n\u00eb gjith\u00eb k\u00ebto vite; ata si Bum\u00e7i, Topalli, Basha, Noka, Olldashi, Bregu etj., por e gjith\u00eb PD-ja.<\/p>\n<p>Jan\u00eb shkaktar\u00eb t\u00eb k\u00ebsaj humbjeje t\u00eb gjith\u00eb ata, militanta t\u00eb verb\u00ebt, lolo, media n\u00eb sh\u00ebrbim t\u00eb rren\u00ebs, hyzmeqar\u00eb, prostituta debatesh shterp\u00eb, idiot\u00eb profesionista, brejt\u00ebsa, hajna, dallkauk\u00eb, budallenj, oportunista\u2026 q\u00eb kan\u00eb kontribu n\u00eb dorzimin e shtetit n\u00eb duert e nji njeriu t\u00eb vet\u00ebm dhe e kan\u00eb fuqizue at\u00eb her\u00eb me munges\u00ebn e tyne t\u00eb karakterit e her\u00eb me mend\u00ebsin\u00eb totalitare t\u00eb stampueme n\u00eb negativin e nd\u00ebrgjegjes qysh prej koh\u00ebs s\u00eb komunizmit.<\/p>\n<p>Sot Edi Rama nuk asht p\u00ebr t\u2019u pas\u00eb zili prej askujt, s\u00eb pari pse ka n\u00eb krah Ilir Met\u00ebn, s\u00eb dyti pse po bahet gati me marr\u00eb n\u00eb dor\u00eb nji vend t\u00eb gjunj\u00ebzuem prej borxheve, prej papun\u00ebsis\u00eb, prej krimit t\u00eb organizuem dhe prej monopoleve.<\/p>\n<p>Berisha n\u00eb tet\u00eb vjet ka mendue vet\u00ebm p\u00ebr pushtetin, dhe asnjiher\u00eb p\u00ebr shtetin shqiptar, prandaj sfida e madhe e Ram\u00ebs, dhe nuk asht e thanun se do t\u2019ia dalin medoemos, asht rim\u00ebkambja e shtetit shqiptar. Kjo rim\u00ebkambje kalon nep\u00ebrmjet de-berishizimit t\u00eb t\u2019gjitha strukturave \u2013 tue mos i ba l\u00ebshime tundimit t\u00eb fort\u00eb dhe t\u00eb kuptuesh\u00ebm t\u00eb z\u00ebvend\u00ebsimit t\u00eb nji pal\u00eb militantash me nji pal\u00eb tjet\u00ebr! Militantat e Ram\u00ebs apo t\u00eb kujtdo tjet\u00ebr do t\u00eb duhet t\u00eb p\u00ebrfitojn\u00eb si gjith\u00eb shqiptar\u00ebt tjer\u00eb prej ecjes para t\u00eb vendit dhe jo prej privilegjeve t\u00eb pameritueme; shteti ka nevoj\u00eb p\u00ebr profesionista t\u00eb ndersh\u00ebm e t\u00eb p\u00ebrkushtuem, jo p\u00ebr zelltar\u00eb mitingjesh.<\/p>\n<p>Shqipnia duket se asht zgjue prej nji gjumi dy dekadash, jemi tue nis\u00eb prej vitit zero dhe kemi nevoj\u00eb urgjente p\u00ebr nji republik\u00eb t\u00eb re, t\u00eb v\u00ebrtet\u00eb e t\u00eb drejt\u00eb. Ajo gropa e err\u00ebt q\u00eb ka hap\u00eb Berisha n\u00eb hart\u00ebn e Ballkanit per\u00ebndimor duhet t\u00eb kthehet n\u00eb nji shtet, prandaj nuk ka ma kuptim q\u00eb n\u00eb krye t\u00eb nji republike t\u00eb re t\u00eb vijoj\u00eb me q\u00ebndrue nji president q\u00eb p\u00ebrfaqson vet\u00ebm nji regjim tarafesh e klanesh monstruoze.<\/p>\n","protected":false},"excerpt":{"rendered":"<p>Nga Ardian Ndreca, 25 Qershor 2013 Ma n\u00eb fund Edi Rama e \u00e7liroi t\u00eb djatht\u00ebn prej uzurpatorit plak q\u00eb mbante peng tash dy dekada t\u00eb kaluemen dhe t\u00eb ardhmen e Shqipnis\u00eb, tue vendos\u00eb me nji fitore t\u00eb thell\u00eb daljen p\u00ebrfundimisht prej sken\u00ebs politike t\u00eb Sali Berish\u00ebs. At\u00eb q\u00eb nuk mb\u00ebrriti me e ba vet\u00eb e [&hellip;]<\/p>\n","protected":false},"author":1,"featured_media":0,"comment_status":"open","ping_status":"closed","sticky":false,"template":"","format":"standard","meta":{"footnotes":""},"categories":[2],"tags":[],"class_list":{"0":"post-3369","1":"post","2":"type-post","3":"status-publish","4":"format-standard","6":"category-artikuj"},"yoast_head":"<!-- This site is optimized with the Yoast SEO plugin v27.4 - https:\/\/yoast.com\/product\/yoast-seo-wordpress\/ -->\n<title>Dhe tashti, nji republik\u00eb t\u00eb re\u2026 - FjALA e LIR\u00cb - Arkivi<\/title>\n<meta name=\"robots\" content=\"index, follow, max-snippet:-1, max-image-preview:large, max-video-preview:-1\" \/>\n<link rel=\"canonical\" href=\"https:\/\/fjala.info\/2009-2015\/dhe-tashti-nji-republike-te-re\/\" \/>\n<meta property=\"og:locale\" content=\"sq_AL\" \/>\n<meta property=\"og:type\" content=\"article\" \/>\n<meta property=\"og:title\" content=\"Dhe tashti, nji republik\u00eb t\u00eb re\u2026 - FjALA e LIR\u00cb - Arkivi\" \/>\n<meta property=\"og:description\" content=\"Nga Ardian Ndreca, 25 Qershor 2013 Ma n\u00eb fund Edi Rama e \u00e7liroi t\u00eb djatht\u00ebn prej uzurpatorit plak q\u00eb mbante peng tash dy dekada t\u00eb kaluemen dhe t\u00eb ardhmen e Shqipnis\u00eb, tue vendos\u00eb me nji fitore t\u00eb thell\u00eb daljen p\u00ebrfundimisht prej sken\u00ebs politike t\u00eb Sali Berish\u00ebs. At\u00eb q\u00eb nuk mb\u00ebrriti me e ba vet\u00eb e [&hellip;]\" \/>\n<meta property=\"og:url\" content=\"https:\/\/fjala.info\/2009-2015\/dhe-tashti-nji-republike-te-re\/\" \/>\n<meta property=\"og:site_name\" content=\"FjALA e LIR\u00cb - Arkivi\" \/>\n<meta property=\"article:published_time\" content=\"2013-06-25T21:54:24+00:00\" \/>\n<meta property=\"og:image\" content=\"http:\/\/www.fjala.info\/2013\/rama_rilindja.jpg\" \/>\n<meta name=\"author\" content=\"admin\" \/>\n<meta name=\"twitter:card\" content=\"summary_large_image\" \/>\n<meta name=\"twitter:label1\" content=\"Written by\" \/>\n\t<meta name=\"twitter:data1\" content=\"admin\" \/>\n\t<meta name=\"twitter:label2\" content=\"Est. reading time\" \/>\n\t<meta name=\"twitter:data2\" content=\"3 minutes\" \/>\n<script type=\"application\/ld+json\" class=\"yoast-schema-graph\">{\"@context\":\"https:\\\/\\\/schema.org\",\"@graph\":[{\"@type\":\"Article\",\"@id\":\"https:\\\/\\\/fjala.info\\\/2009-2015\\\/dhe-tashti-nji-republike-te-re\\\/#article\",\"isPartOf\":{\"@id\":\"https:\\\/\\\/fjala.info\\\/2009-2015\\\/dhe-tashti-nji-republike-te-re\\\/\"},\"author\":{\"name\":\"admin\",\"@id\":\"https:\\\/\\\/fjala.info\\\/2009-2015\\\/#\\\/schema\\\/person\\\/3aa1163ef05469c496fc94e77611ada2\"},\"headline\":\"Dhe tashti, nji republik\u00eb t\u00eb re\u2026\",\"datePublished\":\"2013-06-25T21:54:24+00:00\",\"mainEntityOfPage\":{\"@id\":\"https:\\\/\\\/fjala.info\\\/2009-2015\\\/dhe-tashti-nji-republike-te-re\\\/\"},\"wordCount\":561,\"commentCount\":0,\"publisher\":{\"@id\":\"https:\\\/\\\/fjala.info\\\/2009-2015\\\/#organization\"},\"image\":{\"@id\":\"https:\\\/\\\/fjala.info\\\/2009-2015\\\/dhe-tashti-nji-republike-te-re\\\/#primaryimage\"},\"thumbnailUrl\":\"http:\\\/\\\/www.fjala.info\\\/2013\\\/rama_rilindja.jpg\",\"articleSection\":[\"Artikuj\"],\"inLanguage\":\"sq-AL\",\"potentialAction\":[{\"@type\":\"CommentAction\",\"name\":\"Comment\",\"target\":[\"https:\\\/\\\/fjala.info\\\/2009-2015\\\/dhe-tashti-nji-republike-te-re\\\/#respond\"]}]},{\"@type\":\"WebPage\",\"@id\":\"https:\\\/\\\/fjala.info\\\/2009-2015\\\/dhe-tashti-nji-republike-te-re\\\/\",\"url\":\"https:\\\/\\\/fjala.info\\\/2009-2015\\\/dhe-tashti-nji-republike-te-re\\\/\",\"name\":\"Dhe tashti, nji republik\u00eb t\u00eb re\u2026 - FjALA e LIR\u00cb - Arkivi\",\"isPartOf\":{\"@id\":\"https:\\\/\\\/fjala.info\\\/2009-2015\\\/#website\"},\"primaryImageOfPage\":{\"@id\":\"https:\\\/\\\/fjala.info\\\/2009-2015\\\/dhe-tashti-nji-republike-te-re\\\/#primaryimage\"},\"image\":{\"@id\":\"https:\\\/\\\/fjala.info\\\/2009-2015\\\/dhe-tashti-nji-republike-te-re\\\/#primaryimage\"},\"thumbnailUrl\":\"http:\\\/\\\/www.fjala.info\\\/2013\\\/rama_rilindja.jpg\",\"datePublished\":\"2013-06-25T21:54:24+00:00\",\"breadcrumb\":{\"@id\":\"https:\\\/\\\/fjala.info\\\/2009-2015\\\/dhe-tashti-nji-republike-te-re\\\/#breadcrumb\"},\"inLanguage\":\"sq-AL\",\"potentialAction\":[{\"@type\":\"ReadAction\",\"target\":[\"https:\\\/\\\/fjala.info\\\/2009-2015\\\/dhe-tashti-nji-republike-te-re\\\/\"]}]},{\"@type\":\"ImageObject\",\"inLanguage\":\"sq-AL\",\"@id\":\"https:\\\/\\\/fjala.info\\\/2009-2015\\\/dhe-tashti-nji-republike-te-re\\\/#primaryimage\",\"url\":\"http:\\\/\\\/www.fjala.info\\\/2013\\\/rama_rilindja.jpg\",\"contentUrl\":\"http:\\\/\\\/www.fjala.info\\\/2013\\\/rama_rilindja.jpg\"},{\"@type\":\"BreadcrumbList\",\"@id\":\"https:\\\/\\\/fjala.info\\\/2009-2015\\\/dhe-tashti-nji-republike-te-re\\\/#breadcrumb\",\"itemListElement\":[{\"@type\":\"ListItem\",\"position\":1,\"name\":\"Home\",\"item\":\"https:\\\/\\\/fjala.info\\\/2009-2015\\\/\"},{\"@type\":\"ListItem\",\"position\":2,\"name\":\"Dhe tashti, nji republik\u00eb t\u00eb re\u2026\"}]},{\"@type\":\"WebSite\",\"@id\":\"https:\\\/\\\/fjala.info\\\/2009-2015\\\/#website\",\"url\":\"https:\\\/\\\/fjala.info\\\/2009-2015\\\/\",\"name\":\"FjALA e LIR\u00cb - Arkivi\",\"description\":\"Arkivi 2009-2015\",\"publisher\":{\"@id\":\"https:\\\/\\\/fjala.info\\\/2009-2015\\\/#organization\"},\"potentialAction\":[{\"@type\":\"SearchAction\",\"target\":{\"@type\":\"EntryPoint\",\"urlTemplate\":\"https:\\\/\\\/fjala.info\\\/2009-2015\\\/?s={search_term_string}\"},\"query-input\":{\"@type\":\"PropertyValueSpecification\",\"valueRequired\":true,\"valueName\":\"search_term_string\"}}],\"inLanguage\":\"sq-AL\"},{\"@type\":\"Organization\",\"@id\":\"https:\\\/\\\/fjala.info\\\/2009-2015\\\/#organization\",\"name\":\"FjALA e LIR\u00cb - Arkivi\",\"url\":\"https:\\\/\\\/fjala.info\\\/2009-2015\\\/\",\"logo\":{\"@type\":\"ImageObject\",\"inLanguage\":\"sq-AL\",\"@id\":\"https:\\\/\\\/fjala.info\\\/2009-2015\\\/#\\\/schema\\\/logo\\\/image\\\/\",\"url\":\"\",\"contentUrl\":\"\",\"caption\":\"FjALA e LIR\u00cb - Arkivi\"},\"image\":{\"@id\":\"https:\\\/\\\/fjala.info\\\/2009-2015\\\/#\\\/schema\\\/logo\\\/image\\\/\"}},{\"@type\":\"Person\",\"@id\":\"https:\\\/\\\/fjala.info\\\/2009-2015\\\/#\\\/schema\\\/person\\\/3aa1163ef05469c496fc94e77611ada2\",\"name\":\"admin\",\"image\":{\"@type\":\"ImageObject\",\"inLanguage\":\"sq-AL\",\"@id\":\"https:\\\/\\\/fjala.info\\\/2009-2015\\\/wp-content\\\/uploads\\\/2012\\\/02\\\/arben_cokaj-120x150.jpg\",\"url\":\"https:\\\/\\\/fjala.info\\\/2009-2015\\\/wp-content\\\/uploads\\\/2012\\\/02\\\/arben_cokaj-120x150.jpg\",\"contentUrl\":\"https:\\\/\\\/fjala.info\\\/2009-2015\\\/wp-content\\\/uploads\\\/2012\\\/02\\\/arben_cokaj-120x150.jpg\",\"caption\":\"admin\"},\"description\":\"Admin, Fjala e Lir\u00eb\",\"sameAs\":[\"https:\\\/\\\/fjala.info\\\/\"],\"url\":\"https:\\\/\\\/fjala.info\\\/2009-2015\\\/author\\\/admin\\\/\"}]}<\/script>\n<!-- \/ Yoast SEO plugin. -->","yoast_head_json":{"title":"Dhe tashti, nji republik\u00eb t\u00eb re\u2026 - FjALA e LIR\u00cb - Arkivi","robots":{"index":"index","follow":"follow","max-snippet":"max-snippet:-1","max-image-preview":"max-image-preview:large","max-video-preview":"max-video-preview:-1"},"canonical":"https:\/\/fjala.info\/2009-2015\/dhe-tashti-nji-republike-te-re\/","og_locale":"sq_AL","og_type":"article","og_title":"Dhe tashti, nji republik\u00eb t\u00eb re\u2026 - FjALA e LIR\u00cb - Arkivi","og_description":"Nga Ardian Ndreca, 25 Qershor 2013 Ma n\u00eb fund Edi Rama e \u00e7liroi t\u00eb djatht\u00ebn prej uzurpatorit plak q\u00eb mbante peng tash dy dekada t\u00eb kaluemen dhe t\u00eb ardhmen e Shqipnis\u00eb, tue vendos\u00eb me nji fitore t\u00eb thell\u00eb daljen p\u00ebrfundimisht prej sken\u00ebs politike t\u00eb Sali Berish\u00ebs. At\u00eb q\u00eb nuk mb\u00ebrriti me e ba vet\u00eb e [&hellip;]","og_url":"https:\/\/fjala.info\/2009-2015\/dhe-tashti-nji-republike-te-re\/","og_site_name":"FjALA e LIR\u00cb - Arkivi","article_published_time":"2013-06-25T21:54:24+00:00","og_image":[{"url":"http:\/\/www.fjala.info\/2013\/rama_rilindja.jpg","type":"","width":"","height":""}],"author":"admin","twitter_card":"summary_large_image","twitter_misc":{"Written by":"admin","Est. reading time":"3 minutes"},"schema":{"@context":"https:\/\/schema.org","@graph":[{"@type":"Article","@id":"https:\/\/fjala.info\/2009-2015\/dhe-tashti-nji-republike-te-re\/#article","isPartOf":{"@id":"https:\/\/fjala.info\/2009-2015\/dhe-tashti-nji-republike-te-re\/"},"author":{"name":"admin","@id":"https:\/\/fjala.info\/2009-2015\/#\/schema\/person\/3aa1163ef05469c496fc94e77611ada2"},"headline":"Dhe tashti, nji republik\u00eb t\u00eb re\u2026","datePublished":"2013-06-25T21:54:24+00:00","mainEntityOfPage":{"@id":"https:\/\/fjala.info\/2009-2015\/dhe-tashti-nji-republike-te-re\/"},"wordCount":561,"commentCount":0,"publisher":{"@id":"https:\/\/fjala.info\/2009-2015\/#organization"},"image":{"@id":"https:\/\/fjala.info\/2009-2015\/dhe-tashti-nji-republike-te-re\/#primaryimage"},"thumbnailUrl":"http:\/\/www.fjala.info\/2013\/rama_rilindja.jpg","articleSection":["Artikuj"],"inLanguage":"sq-AL","potentialAction":[{"@type":"CommentAction","name":"Comment","target":["https:\/\/fjala.info\/2009-2015\/dhe-tashti-nji-republike-te-re\/#respond"]}]},{"@type":"WebPage","@id":"https:\/\/fjala.info\/2009-2015\/dhe-tashti-nji-republike-te-re\/","url":"https:\/\/fjala.info\/2009-2015\/dhe-tashti-nji-republike-te-re\/","name":"Dhe tashti, nji republik\u00eb t\u00eb re\u2026 - FjALA e LIR\u00cb - Arkivi","isPartOf":{"@id":"https:\/\/fjala.info\/2009-2015\/#website"},"primaryImageOfPage":{"@id":"https:\/\/fjala.info\/2009-2015\/dhe-tashti-nji-republike-te-re\/#primaryimage"},"image":{"@id":"https:\/\/fjala.info\/2009-2015\/dhe-tashti-nji-republike-te-re\/#primaryimage"},"thumbnailUrl":"http:\/\/www.fjala.info\/2013\/rama_rilindja.jpg","datePublished":"2013-06-25T21:54:24+00:00","breadcrumb":{"@id":"https:\/\/fjala.info\/2009-2015\/dhe-tashti-nji-republike-te-re\/#breadcrumb"},"inLanguage":"sq-AL","potentialAction":[{"@type":"ReadAction","target":["https:\/\/fjala.info\/2009-2015\/dhe-tashti-nji-republike-te-re\/"]}]},{"@type":"ImageObject","inLanguage":"sq-AL","@id":"https:\/\/fjala.info\/2009-2015\/dhe-tashti-nji-republike-te-re\/#primaryimage","url":"http:\/\/www.fjala.info\/2013\/rama_rilindja.jpg","contentUrl":"http:\/\/www.fjala.info\/2013\/rama_rilindja.jpg"},{"@type":"BreadcrumbList","@id":"https:\/\/fjala.info\/2009-2015\/dhe-tashti-nji-republike-te-re\/#breadcrumb","itemListElement":[{"@type":"ListItem","position":1,"name":"Home","item":"https:\/\/fjala.info\/2009-2015\/"},{"@type":"ListItem","position":2,"name":"Dhe tashti, nji republik\u00eb t\u00eb re\u2026"}]},{"@type":"WebSite","@id":"https:\/\/fjala.info\/2009-2015\/#website","url":"https:\/\/fjala.info\/2009-2015\/","name":"FjALA e LIR\u00cb - Arkivi","description":"Arkivi 2009-2015","publisher":{"@id":"https:\/\/fjala.info\/2009-2015\/#organization"},"potentialAction":[{"@type":"SearchAction","target":{"@type":"EntryPoint","urlTemplate":"https:\/\/fjala.info\/2009-2015\/?s={search_term_string}"},"query-input":{"@type":"PropertyValueSpecification","valueRequired":true,"valueName":"search_term_string"}}],"inLanguage":"sq-AL"},{"@type":"Organization","@id":"https:\/\/fjala.info\/2009-2015\/#organization","name":"FjALA e LIR\u00cb - Arkivi","url":"https:\/\/fjala.info\/2009-2015\/","logo":{"@type":"ImageObject","inLanguage":"sq-AL","@id":"https:\/\/fjala.info\/2009-2015\/#\/schema\/logo\/image\/","url":"","contentUrl":"","caption":"FjALA e LIR\u00cb - Arkivi"},"image":{"@id":"https:\/\/fjala.info\/2009-2015\/#\/schema\/logo\/image\/"}},{"@type":"Person","@id":"https:\/\/fjala.info\/2009-2015\/#\/schema\/person\/3aa1163ef05469c496fc94e77611ada2","name":"admin","image":{"@type":"ImageObject","inLanguage":"sq-AL","@id":"https:\/\/fjala.info\/2009-2015\/wp-content\/uploads\/2012\/02\/arben_cokaj-120x150.jpg","url":"https:\/\/fjala.info\/2009-2015\/wp-content\/uploads\/2012\/02\/arben_cokaj-120x150.jpg","contentUrl":"https:\/\/fjala.info\/2009-2015\/wp-content\/uploads\/2012\/02\/arben_cokaj-120x150.jpg","caption":"admin"},"description":"Admin, Fjala e Lir\u00eb","sameAs":["https:\/\/fjala.info\/"],"url":"https:\/\/fjala.info\/2009-2015\/author\/admin\/"}]}},"_links":{"self":[{"href":"https:\/\/fjala.info\/2009-2015\/wp-json\/wp\/v2\/posts\/3369","targetHints":{"allow":["GET"]}}],"collection":[{"href":"https:\/\/fjala.info\/2009-2015\/wp-json\/wp\/v2\/posts"}],"about":[{"href":"https:\/\/fjala.info\/2009-2015\/wp-json\/wp\/v2\/types\/post"}],"author":[{"embeddable":true,"href":"https:\/\/fjala.info\/2009-2015\/wp-json\/wp\/v2\/users\/1"}],"replies":[{"embeddable":true,"href":"https:\/\/fjala.info\/2009-2015\/wp-json\/wp\/v2\/comments?post=3369"}],"version-history":[{"count":0,"href":"https:\/\/fjala.info\/2009-2015\/wp-json\/wp\/v2\/posts\/3369\/revisions"}],"wp:attachment":[{"href":"https:\/\/fjala.info\/2009-2015\/wp-json\/wp\/v2\/media?parent=3369"}],"wp:term":[{"taxonomy":"category","embeddable":true,"href":"https:\/\/fjala.info\/2009-2015\/wp-json\/wp\/v2\/categories?post=3369"},{"taxonomy":"post_tag","embeddable":true,"href":"https:\/\/fjala.info\/2009-2015\/wp-json\/wp\/v2\/tags?post=3369"}],"curies":[{"name":"wp","href":"https:\/\/api.w.org\/{rel}","templated":true}]}}