{"id":3363,"date":"2012-06-20T22:31:39","date_gmt":"2012-06-20T21:31:39","guid":{"rendered":"http:\/\/www.fjala.info\/?p=3363"},"modified":"2012-06-20T22:31:39","modified_gmt":"2012-06-20T21:31:39","slug":"cfare-po-ndodh-me-parkun-kombetar","status":"publish","type":"post","link":"https:\/\/fjala.info\/2009-2015\/cfare-po-ndodh-me-parkun-kombetar\/","title":{"rendered":"\u00c7far\u00eb po ndodh me Parkun Komb\u00ebtar?"},"content":{"rendered":"<p><img decoding=\"async\" class=\"alignright size-thumbnail wp-image-7236\" title=\"Masakra n\u00eb park\" src=\"http:\/\/www.fjala.info\/2012\/masakra_parku.jpg\" alt=\"\" width=\"300\" \/> <strong>TemA<\/strong>, <em>21 Qershor 2012<\/em><\/p>\n<p>Prej rreth dhjet\u00eb dit\u00ebsh n\u00eb nj\u00eb pjes\u00eb e Parkut t\u00eb Tiran\u00ebs po nd\u00ebrhyhet me prerjen t\u00ebr\u00ebsore t\u00eb pem\u00ebve shum\u00ebvje\u00e7are (pisha, rrepe, eukalipte, etj, 30-70 vje\u00e7are).<\/p>\n<p>Ky proces ka p\u00ebrfshir\u00eb gjith\u00eb zon\u00ebn e Parkut p\u00ebrgjat\u00eb rrug\u00ebs s\u00eb Elbasanit, q\u00eb prej Fakultetit t\u00eb Ekonomis\u00eb e deri n\u00eb Sauk. Si fillim jan\u00eb prer\u00eb t\u00ebr\u00ebsisht pem\u00ebt n\u00eb nj\u00eb sip\u00ebrfaqe prej rreth 5000 m2 n\u00eb zon\u00ebn e hyrjes s\u00eb Parkut; p\u00ebrgjat\u00eb rrug\u00ebs s\u00eb Elbasanit n\u00eb nj\u00eb brez gjer\u00ebsi 10-30 m dhe; brenda rrethimit te Varrezave t\u00eb D\u00ebshmor\u00ebve gjithashtu n\u00eb nj\u00eb brez me gjer\u00ebsi rreth 10-15 m. T\u00eb gjitha k\u00ebto zona b\u00ebjn\u00eb pjes\u00eb brenda kufijve t\u00eb Parkut t\u00eb Tiran\u00ebs, kufij dhe destinacion i shpallur me vendim t\u00eb KRRTRSH-s\u00eb dhe si t\u00eb till\u00eb nuk mund t\u00eb ndryshohet pa nj\u00eb vendim tjet\u00ebr t\u00eb po k\u00ebtij organizmi eperor.<\/p>\n<p>Gjithashtu, nga piketimet paraprake shihet se projekti parashikon shkat\u00ebrrimin e rrethimit t\u00eb Kopshtit t\u00eb Pallatit t\u00eb Brigadave dhe prerjen e pem\u00ebve n\u00eb nj\u00eb brez 10-15 m brenda tij. Natyrisht q\u00eb shkat\u00ebrrimi i rrethimit p\u00ebrfshin gjith\u00eb murin origjinal me harqe, kullat prej guri n\u00eb fillim dhe n\u00eb fund, port\u00ebn monumentale t\u00eb Pallatit, vend-rojet ceremoniale, etj, t\u00eb gjitha pjes\u00eb e Parkut t\u00eb Pallatit, i cili me VKM \u00ebsht\u00eb shpallur vite m\u00eb par\u00eb \u201cMonument Kulture\u201d.<\/p>\n<p>I gjith\u00eb ky shkat\u00ebrrim, b\u00ebhet n\u00eb em\u00ebr t\u00eb nj\u00eb projekti fantazmagorik p\u00ebr zgjerimin e rrug\u00ebs s\u00eb Elbasanit. Themi \u201cfantazmagorik\u201d, pasi n\u00eb terren nuk ka asnj\u00eb tabel\u00eb q\u00eb t\u00eb sqaroj\u00eb publikun p\u00ebr gjith\u00eb \u00e7ka po ndodh (gj\u00eb q\u00eb p\u00ebrb\u00ebn detyrim ligjor).<\/p>\n<p>Gjithashtu, nuk dihet se kush e ka hartuar k\u00ebt\u00eb projekt; kush e ka miratuar dhe n\u00eb \u00e7far\u00eb instance; a \u00ebsht\u00eb b\u00ebr\u00eb dhe kush e ka b\u00ebr\u00eb raportin e ndikimit t\u00eb mjedis; kush e ka ndryshuar destinacionin e pjes\u00ebs s\u00eb Parkut q\u00eb po tjet\u00ebrsohet e p\u00ebr rrjedhoj\u00eb shkat\u00ebrrohet; a \u00ebsht\u00eb k\u00ebrkuar prononcimi i IMK-s\u00eb p\u00ebr shkat\u00ebrrimin e nj\u00eb monumenti kulture si\u00e7 \u00ebsht\u00eb parku i Pallatit t\u00eb Brigadave; etj.<\/p>\n<p>Bashkia e Tiran\u00ebs mundohet t\u00eb ofroj\u00eb informacionin minimal, duke deklaruar her\u00eb p\u00ebr nj\u00eb projekt me 4 korsi e her\u00eb me 6 korsi. N\u00eb fakt, p\u00ebrfundimi i autostrad\u00ebs Elbasan-Tiran\u00eb, e nxjerr jasht\u00eb loje k\u00ebt\u00eb investim t\u00eb sforcuar, duke hedhur k\u00ebshtu hije t\u00eb r\u00ebnda dyshimi p\u00ebr arsyet reale t\u00eb k\u00ebtij shkat\u00ebrrimi.<\/p>\n<p>http:\/\/respublica.al\/artikuj\/2012\/6\/21\/cfare-po-ndodh-me-parkun-kombetar<\/p>\n","protected":false},"excerpt":{"rendered":"<p>TemA, 21 Qershor 2012 Prej rreth dhjet\u00eb dit\u00ebsh n\u00eb nj\u00eb pjes\u00eb e Parkut t\u00eb Tiran\u00ebs po nd\u00ebrhyhet me prerjen t\u00ebr\u00ebsore t\u00eb pem\u00ebve shum\u00ebvje\u00e7are (pisha, rrepe, eukalipte, etj, 30-70 vje\u00e7are). Ky proces ka p\u00ebrfshir\u00eb gjith\u00eb zon\u00ebn e Parkut p\u00ebrgjat\u00eb rrug\u00ebs s\u00eb Elbasanit, q\u00eb prej Fakultetit t\u00eb Ekonomis\u00eb e deri n\u00eb Sauk. Si fillim jan\u00eb prer\u00eb t\u00ebr\u00ebsisht [&hellip;]<\/p>\n","protected":false},"author":1,"featured_media":0,"comment_status":"open","ping_status":"closed","sticky":false,"template":"","format":"standard","meta":{"footnotes":""},"categories":[2,5],"tags":[],"class_list":{"0":"post-3363","1":"post","2":"type-post","3":"status-publish","4":"format-standard","6":"category-artikuj","7":"category-lajme"},"yoast_head":"<!-- This site is optimized with the Yoast SEO plugin v27.4 - https:\/\/yoast.com\/product\/yoast-seo-wordpress\/ -->\n<title>\u00c7far\u00eb po ndodh me Parkun Komb\u00ebtar? - FjALA e LIR\u00cb - Arkivi<\/title>\n<meta name=\"robots\" content=\"index, follow, max-snippet:-1, max-image-preview:large, max-video-preview:-1\" \/>\n<link rel=\"canonical\" href=\"https:\/\/fjala.info\/2009-2015\/cfare-po-ndodh-me-parkun-kombetar\/\" \/>\n<meta property=\"og:locale\" content=\"sq_AL\" \/>\n<meta property=\"og:type\" content=\"article\" \/>\n<meta property=\"og:title\" content=\"\u00c7far\u00eb po ndodh me Parkun Komb\u00ebtar? - FjALA e LIR\u00cb - Arkivi\" \/>\n<meta property=\"og:description\" content=\"TemA, 21 Qershor 2012 Prej rreth dhjet\u00eb dit\u00ebsh n\u00eb nj\u00eb pjes\u00eb e Parkut t\u00eb Tiran\u00ebs po nd\u00ebrhyhet me prerjen t\u00ebr\u00ebsore t\u00eb pem\u00ebve shum\u00ebvje\u00e7are (pisha, rrepe, eukalipte, etj, 30-70 vje\u00e7are). Ky proces ka p\u00ebrfshir\u00eb gjith\u00eb zon\u00ebn e Parkut p\u00ebrgjat\u00eb rrug\u00ebs s\u00eb Elbasanit, q\u00eb prej Fakultetit t\u00eb Ekonomis\u00eb e deri n\u00eb Sauk. Si fillim jan\u00eb prer\u00eb t\u00ebr\u00ebsisht [&hellip;]\" \/>\n<meta property=\"og:url\" content=\"https:\/\/fjala.info\/2009-2015\/cfare-po-ndodh-me-parkun-kombetar\/\" \/>\n<meta property=\"og:site_name\" content=\"FjALA e LIR\u00cb - Arkivi\" \/>\n<meta property=\"article:published_time\" content=\"2012-06-20T21:31:39+00:00\" \/>\n<meta property=\"og:image\" content=\"http:\/\/www.fjala.info\/2012\/masakra_parku.jpg\" \/>\n<meta name=\"author\" content=\"admin\" \/>\n<meta name=\"twitter:card\" content=\"summary_large_image\" \/>\n<meta name=\"twitter:label1\" content=\"Written by\" \/>\n\t<meta name=\"twitter:data1\" content=\"admin\" \/>\n\t<meta name=\"twitter:label2\" content=\"Est. reading time\" \/>\n\t<meta name=\"twitter:data2\" content=\"2 minutes\" \/>\n<script type=\"application\/ld+json\" class=\"yoast-schema-graph\">{\"@context\":\"https:\\\/\\\/schema.org\",\"@graph\":[{\"@type\":\"Article\",\"@id\":\"https:\\\/\\\/fjala.info\\\/2009-2015\\\/cfare-po-ndodh-me-parkun-kombetar\\\/#article\",\"isPartOf\":{\"@id\":\"https:\\\/\\\/fjala.info\\\/2009-2015\\\/cfare-po-ndodh-me-parkun-kombetar\\\/\"},\"author\":{\"name\":\"admin\",\"@id\":\"https:\\\/\\\/fjala.info\\\/2009-2015\\\/#\\\/schema\\\/person\\\/3aa1163ef05469c496fc94e77611ada2\"},\"headline\":\"\u00c7far\u00eb po ndodh me Parkun Komb\u00ebtar?\",\"datePublished\":\"2012-06-20T21:31:39+00:00\",\"mainEntityOfPage\":{\"@id\":\"https:\\\/\\\/fjala.info\\\/2009-2015\\\/cfare-po-ndodh-me-parkun-kombetar\\\/\"},\"wordCount\":430,\"commentCount\":0,\"publisher\":{\"@id\":\"https:\\\/\\\/fjala.info\\\/2009-2015\\\/#organization\"},\"image\":{\"@id\":\"https:\\\/\\\/fjala.info\\\/2009-2015\\\/cfare-po-ndodh-me-parkun-kombetar\\\/#primaryimage\"},\"thumbnailUrl\":\"http:\\\/\\\/www.fjala.info\\\/2012\\\/masakra_parku.jpg\",\"articleSection\":[\"Artikuj\",\"Lajme\"],\"inLanguage\":\"sq-AL\",\"potentialAction\":[{\"@type\":\"CommentAction\",\"name\":\"Comment\",\"target\":[\"https:\\\/\\\/fjala.info\\\/2009-2015\\\/cfare-po-ndodh-me-parkun-kombetar\\\/#respond\"]}]},{\"@type\":\"WebPage\",\"@id\":\"https:\\\/\\\/fjala.info\\\/2009-2015\\\/cfare-po-ndodh-me-parkun-kombetar\\\/\",\"url\":\"https:\\\/\\\/fjala.info\\\/2009-2015\\\/cfare-po-ndodh-me-parkun-kombetar\\\/\",\"name\":\"\u00c7far\u00eb po ndodh me Parkun Komb\u00ebtar? - FjALA e LIR\u00cb - Arkivi\",\"isPartOf\":{\"@id\":\"https:\\\/\\\/fjala.info\\\/2009-2015\\\/#website\"},\"primaryImageOfPage\":{\"@id\":\"https:\\\/\\\/fjala.info\\\/2009-2015\\\/cfare-po-ndodh-me-parkun-kombetar\\\/#primaryimage\"},\"image\":{\"@id\":\"https:\\\/\\\/fjala.info\\\/2009-2015\\\/cfare-po-ndodh-me-parkun-kombetar\\\/#primaryimage\"},\"thumbnailUrl\":\"http:\\\/\\\/www.fjala.info\\\/2012\\\/masakra_parku.jpg\",\"datePublished\":\"2012-06-20T21:31:39+00:00\",\"breadcrumb\":{\"@id\":\"https:\\\/\\\/fjala.info\\\/2009-2015\\\/cfare-po-ndodh-me-parkun-kombetar\\\/#breadcrumb\"},\"inLanguage\":\"sq-AL\",\"potentialAction\":[{\"@type\":\"ReadAction\",\"target\":[\"https:\\\/\\\/fjala.info\\\/2009-2015\\\/cfare-po-ndodh-me-parkun-kombetar\\\/\"]}]},{\"@type\":\"ImageObject\",\"inLanguage\":\"sq-AL\",\"@id\":\"https:\\\/\\\/fjala.info\\\/2009-2015\\\/cfare-po-ndodh-me-parkun-kombetar\\\/#primaryimage\",\"url\":\"http:\\\/\\\/www.fjala.info\\\/2012\\\/masakra_parku.jpg\",\"contentUrl\":\"http:\\\/\\\/www.fjala.info\\\/2012\\\/masakra_parku.jpg\"},{\"@type\":\"BreadcrumbList\",\"@id\":\"https:\\\/\\\/fjala.info\\\/2009-2015\\\/cfare-po-ndodh-me-parkun-kombetar\\\/#breadcrumb\",\"itemListElement\":[{\"@type\":\"ListItem\",\"position\":1,\"name\":\"Home\",\"item\":\"https:\\\/\\\/fjala.info\\\/2009-2015\\\/\"},{\"@type\":\"ListItem\",\"position\":2,\"name\":\"\u00c7far\u00eb po ndodh me Parkun Komb\u00ebtar?\"}]},{\"@type\":\"WebSite\",\"@id\":\"https:\\\/\\\/fjala.info\\\/2009-2015\\\/#website\",\"url\":\"https:\\\/\\\/fjala.info\\\/2009-2015\\\/\",\"name\":\"FjALA e LIR\u00cb - Arkivi\",\"description\":\"Arkivi 2009-2015\",\"publisher\":{\"@id\":\"https:\\\/\\\/fjala.info\\\/2009-2015\\\/#organization\"},\"potentialAction\":[{\"@type\":\"SearchAction\",\"target\":{\"@type\":\"EntryPoint\",\"urlTemplate\":\"https:\\\/\\\/fjala.info\\\/2009-2015\\\/?s={search_term_string}\"},\"query-input\":{\"@type\":\"PropertyValueSpecification\",\"valueRequired\":true,\"valueName\":\"search_term_string\"}}],\"inLanguage\":\"sq-AL\"},{\"@type\":\"Organization\",\"@id\":\"https:\\\/\\\/fjala.info\\\/2009-2015\\\/#organization\",\"name\":\"FjALA e LIR\u00cb - Arkivi\",\"url\":\"https:\\\/\\\/fjala.info\\\/2009-2015\\\/\",\"logo\":{\"@type\":\"ImageObject\",\"inLanguage\":\"sq-AL\",\"@id\":\"https:\\\/\\\/fjala.info\\\/2009-2015\\\/#\\\/schema\\\/logo\\\/image\\\/\",\"url\":\"\",\"contentUrl\":\"\",\"caption\":\"FjALA e LIR\u00cb - Arkivi\"},\"image\":{\"@id\":\"https:\\\/\\\/fjala.info\\\/2009-2015\\\/#\\\/schema\\\/logo\\\/image\\\/\"}},{\"@type\":\"Person\",\"@id\":\"https:\\\/\\\/fjala.info\\\/2009-2015\\\/#\\\/schema\\\/person\\\/3aa1163ef05469c496fc94e77611ada2\",\"name\":\"admin\",\"image\":{\"@type\":\"ImageObject\",\"inLanguage\":\"sq-AL\",\"@id\":\"https:\\\/\\\/fjala.info\\\/2009-2015\\\/wp-content\\\/uploads\\\/2012\\\/02\\\/arben_cokaj-120x150.jpg\",\"url\":\"https:\\\/\\\/fjala.info\\\/2009-2015\\\/wp-content\\\/uploads\\\/2012\\\/02\\\/arben_cokaj-120x150.jpg\",\"contentUrl\":\"https:\\\/\\\/fjala.info\\\/2009-2015\\\/wp-content\\\/uploads\\\/2012\\\/02\\\/arben_cokaj-120x150.jpg\",\"caption\":\"admin\"},\"description\":\"Admin, Fjala e Lir\u00eb\",\"sameAs\":[\"https:\\\/\\\/fjala.info\\\/\"],\"url\":\"https:\\\/\\\/fjala.info\\\/2009-2015\\\/author\\\/admin\\\/\"}]}<\/script>\n<!-- \/ Yoast SEO plugin. -->","yoast_head_json":{"title":"\u00c7far\u00eb po ndodh me Parkun Komb\u00ebtar? - FjALA e LIR\u00cb - Arkivi","robots":{"index":"index","follow":"follow","max-snippet":"max-snippet:-1","max-image-preview":"max-image-preview:large","max-video-preview":"max-video-preview:-1"},"canonical":"https:\/\/fjala.info\/2009-2015\/cfare-po-ndodh-me-parkun-kombetar\/","og_locale":"sq_AL","og_type":"article","og_title":"\u00c7far\u00eb po ndodh me Parkun Komb\u00ebtar? - FjALA e LIR\u00cb - Arkivi","og_description":"TemA, 21 Qershor 2012 Prej rreth dhjet\u00eb dit\u00ebsh n\u00eb nj\u00eb pjes\u00eb e Parkut t\u00eb Tiran\u00ebs po nd\u00ebrhyhet me prerjen t\u00ebr\u00ebsore t\u00eb pem\u00ebve shum\u00ebvje\u00e7are (pisha, rrepe, eukalipte, etj, 30-70 vje\u00e7are). Ky proces ka p\u00ebrfshir\u00eb gjith\u00eb zon\u00ebn e Parkut p\u00ebrgjat\u00eb rrug\u00ebs s\u00eb Elbasanit, q\u00eb prej Fakultetit t\u00eb Ekonomis\u00eb e deri n\u00eb Sauk. Si fillim jan\u00eb prer\u00eb t\u00ebr\u00ebsisht [&hellip;]","og_url":"https:\/\/fjala.info\/2009-2015\/cfare-po-ndodh-me-parkun-kombetar\/","og_site_name":"FjALA e LIR\u00cb - Arkivi","article_published_time":"2012-06-20T21:31:39+00:00","og_image":[{"url":"http:\/\/www.fjala.info\/2012\/masakra_parku.jpg","type":"","width":"","height":""}],"author":"admin","twitter_card":"summary_large_image","twitter_misc":{"Written by":"admin","Est. reading time":"2 minutes"},"schema":{"@context":"https:\/\/schema.org","@graph":[{"@type":"Article","@id":"https:\/\/fjala.info\/2009-2015\/cfare-po-ndodh-me-parkun-kombetar\/#article","isPartOf":{"@id":"https:\/\/fjala.info\/2009-2015\/cfare-po-ndodh-me-parkun-kombetar\/"},"author":{"name":"admin","@id":"https:\/\/fjala.info\/2009-2015\/#\/schema\/person\/3aa1163ef05469c496fc94e77611ada2"},"headline":"\u00c7far\u00eb po ndodh me Parkun Komb\u00ebtar?","datePublished":"2012-06-20T21:31:39+00:00","mainEntityOfPage":{"@id":"https:\/\/fjala.info\/2009-2015\/cfare-po-ndodh-me-parkun-kombetar\/"},"wordCount":430,"commentCount":0,"publisher":{"@id":"https:\/\/fjala.info\/2009-2015\/#organization"},"image":{"@id":"https:\/\/fjala.info\/2009-2015\/cfare-po-ndodh-me-parkun-kombetar\/#primaryimage"},"thumbnailUrl":"http:\/\/www.fjala.info\/2012\/masakra_parku.jpg","articleSection":["Artikuj","Lajme"],"inLanguage":"sq-AL","potentialAction":[{"@type":"CommentAction","name":"Comment","target":["https:\/\/fjala.info\/2009-2015\/cfare-po-ndodh-me-parkun-kombetar\/#respond"]}]},{"@type":"WebPage","@id":"https:\/\/fjala.info\/2009-2015\/cfare-po-ndodh-me-parkun-kombetar\/","url":"https:\/\/fjala.info\/2009-2015\/cfare-po-ndodh-me-parkun-kombetar\/","name":"\u00c7far\u00eb po ndodh me Parkun Komb\u00ebtar? - FjALA e LIR\u00cb - Arkivi","isPartOf":{"@id":"https:\/\/fjala.info\/2009-2015\/#website"},"primaryImageOfPage":{"@id":"https:\/\/fjala.info\/2009-2015\/cfare-po-ndodh-me-parkun-kombetar\/#primaryimage"},"image":{"@id":"https:\/\/fjala.info\/2009-2015\/cfare-po-ndodh-me-parkun-kombetar\/#primaryimage"},"thumbnailUrl":"http:\/\/www.fjala.info\/2012\/masakra_parku.jpg","datePublished":"2012-06-20T21:31:39+00:00","breadcrumb":{"@id":"https:\/\/fjala.info\/2009-2015\/cfare-po-ndodh-me-parkun-kombetar\/#breadcrumb"},"inLanguage":"sq-AL","potentialAction":[{"@type":"ReadAction","target":["https:\/\/fjala.info\/2009-2015\/cfare-po-ndodh-me-parkun-kombetar\/"]}]},{"@type":"ImageObject","inLanguage":"sq-AL","@id":"https:\/\/fjala.info\/2009-2015\/cfare-po-ndodh-me-parkun-kombetar\/#primaryimage","url":"http:\/\/www.fjala.info\/2012\/masakra_parku.jpg","contentUrl":"http:\/\/www.fjala.info\/2012\/masakra_parku.jpg"},{"@type":"BreadcrumbList","@id":"https:\/\/fjala.info\/2009-2015\/cfare-po-ndodh-me-parkun-kombetar\/#breadcrumb","itemListElement":[{"@type":"ListItem","position":1,"name":"Home","item":"https:\/\/fjala.info\/2009-2015\/"},{"@type":"ListItem","position":2,"name":"\u00c7far\u00eb po ndodh me Parkun Komb\u00ebtar?"}]},{"@type":"WebSite","@id":"https:\/\/fjala.info\/2009-2015\/#website","url":"https:\/\/fjala.info\/2009-2015\/","name":"FjALA e LIR\u00cb - Arkivi","description":"Arkivi 2009-2015","publisher":{"@id":"https:\/\/fjala.info\/2009-2015\/#organization"},"potentialAction":[{"@type":"SearchAction","target":{"@type":"EntryPoint","urlTemplate":"https:\/\/fjala.info\/2009-2015\/?s={search_term_string}"},"query-input":{"@type":"PropertyValueSpecification","valueRequired":true,"valueName":"search_term_string"}}],"inLanguage":"sq-AL"},{"@type":"Organization","@id":"https:\/\/fjala.info\/2009-2015\/#organization","name":"FjALA e LIR\u00cb - Arkivi","url":"https:\/\/fjala.info\/2009-2015\/","logo":{"@type":"ImageObject","inLanguage":"sq-AL","@id":"https:\/\/fjala.info\/2009-2015\/#\/schema\/logo\/image\/","url":"","contentUrl":"","caption":"FjALA e LIR\u00cb - Arkivi"},"image":{"@id":"https:\/\/fjala.info\/2009-2015\/#\/schema\/logo\/image\/"}},{"@type":"Person","@id":"https:\/\/fjala.info\/2009-2015\/#\/schema\/person\/3aa1163ef05469c496fc94e77611ada2","name":"admin","image":{"@type":"ImageObject","inLanguage":"sq-AL","@id":"https:\/\/fjala.info\/2009-2015\/wp-content\/uploads\/2012\/02\/arben_cokaj-120x150.jpg","url":"https:\/\/fjala.info\/2009-2015\/wp-content\/uploads\/2012\/02\/arben_cokaj-120x150.jpg","contentUrl":"https:\/\/fjala.info\/2009-2015\/wp-content\/uploads\/2012\/02\/arben_cokaj-120x150.jpg","caption":"admin"},"description":"Admin, Fjala e Lir\u00eb","sameAs":["https:\/\/fjala.info\/"],"url":"https:\/\/fjala.info\/2009-2015\/author\/admin\/"}]}},"_links":{"self":[{"href":"https:\/\/fjala.info\/2009-2015\/wp-json\/wp\/v2\/posts\/3363","targetHints":{"allow":["GET"]}}],"collection":[{"href":"https:\/\/fjala.info\/2009-2015\/wp-json\/wp\/v2\/posts"}],"about":[{"href":"https:\/\/fjala.info\/2009-2015\/wp-json\/wp\/v2\/types\/post"}],"author":[{"embeddable":true,"href":"https:\/\/fjala.info\/2009-2015\/wp-json\/wp\/v2\/users\/1"}],"replies":[{"embeddable":true,"href":"https:\/\/fjala.info\/2009-2015\/wp-json\/wp\/v2\/comments?post=3363"}],"version-history":[{"count":0,"href":"https:\/\/fjala.info\/2009-2015\/wp-json\/wp\/v2\/posts\/3363\/revisions"}],"wp:attachment":[{"href":"https:\/\/fjala.info\/2009-2015\/wp-json\/wp\/v2\/media?parent=3363"}],"wp:term":[{"taxonomy":"category","embeddable":true,"href":"https:\/\/fjala.info\/2009-2015\/wp-json\/wp\/v2\/categories?post=3363"},{"taxonomy":"post_tag","embeddable":true,"href":"https:\/\/fjala.info\/2009-2015\/wp-json\/wp\/v2\/tags?post=3363"}],"curies":[{"name":"wp","href":"https:\/\/api.w.org\/{rel}","templated":true}]}}