{"id":3356,"date":"2012-06-21T09:06:32","date_gmt":"2012-06-21T08:06:32","guid":{"rendered":"http:\/\/www.fjala.info\/?p=3356"},"modified":"2012-06-21T09:06:32","modified_gmt":"2012-06-21T08:06:32","slug":"mungesa-e-dialogut-parimor","status":"publish","type":"post","link":"https:\/\/fjala.info\/2009-2015\/mungesa-e-dialogut-parimor\/","title":{"rendered":"Mungesa e dialogut parimor"},"content":{"rendered":"<p><img decoding=\"async\" class=\"alignright size-thumbnail wp-image-7236\" title=\"Ndue Ukaj\" src=\"http:\/\/www.fjala.info\/2012\/ndue_ukaj.jpg\" alt=\"\" width=\"150\" \/> <em><strong>N\u00eb p\u00ebrditshm\u00ebrin\u00eb shqiptare, duke u nisur nga politika, e cila q\u00ebndron n\u00eb majat e t\u00eb k\u00ebqijave, pastaj tek strukturat tjera shoq\u00ebrore, institutet e ndryshme, elitat e mediat, shohim se nuk ekziston asnj\u00eb fush\u00eb, ku ne t\u00eb arrijm\u00eb t\u00eb bashkohemi rreth t\u00eb mirave t\u00eb p\u00ebrbashk\u00ebta<\/strong><\/em><\/p>\n<p><strong>Ndue Ukaj<\/strong><\/p>\n<p>Kriza shqiptare ka lidhje me dimensionet tona historike, qytet\u00ebruese, shpirt\u00ebrore, dhe natyrsh\u00ebm n\u00eb k\u00ebt\u00eb aren\u00eb hyn mungesa e dialogut parimor t\u00eb brendsh\u00ebm, q\u00eb ka sjell\u00eb humbjen e besimit n\u00eb t\u00eb ardhmen. Mungesa e ndjenj\u00ebs s\u00eb bashk\u00ebpunimit \u00ebsht\u00eb nd\u00ebr faktor\u00ebt q\u00eb e pengon kombin n\u00eb rrug\u00ebn e p\u00ebrparimit.<\/p>\n<p>Cenet, paragjykimet dhe shpirtngusht\u00ebsia<\/p>\n<p>\u201cPes\u00eb anarkit\u00eb tona\u201d t\u00eb identifikuara nga Fan Noli, si: anarkia fetare, sociale, morale, patriotike, e idealeve, mbeten pengesa n\u00eb ecjen krahas kombeve t\u00eb qytet\u00ebruara. Edhe pas shum\u00eb dekadave, ato jan\u00eb diga q\u00eb na pengojn\u00eb t\u2019i flakim tutje cenet dhe paragjykimet tona. T\u00eb nd\u00ebrlidhura edhe me filozofin\u00eb e brohoritjeve, ato na kan\u00eb sjell\u00eb para nj\u00eb gjendjeje anarkiste, edhe n\u00eb fillimet e shekullit XXI, kur besohej me t\u00eb drejt\u00eb se \u00e7\u00ebshtja shqiptare do t\u00eb p\u00ebrmbyllej me jet\u00ebsimin e projekteve t\u00eb nisura shekuj m\u00eb par\u00eb.<\/p>\n<p><strong>Mungesa e idealit<\/strong><\/p>\n<p>\u201cNj\u00eb popull nuk rron dot pa ideale, pa nj\u00eb shtytje, pa nj\u00eb q\u00ebllim q\u00eb e b\u00ebn t\u00eb ec\u00eb, t\u00eb p\u00ebrpiqet dhe t\u00eb p\u00ebrparoj\u00eb\u201d, thot\u00eb Lumo Sk\u00ebndo. Idealet duhet t\u00eb ushqehen nga q\u00ebllime t\u00eb mira e t\u00eb p\u00ebrbashk\u00ebta. Por, shoq\u00ebria jon\u00eb form\u00ebsohet n\u00eb kontraste t\u00eb fuqishme, mes dimensioneve civilizuese, q\u00eb p\u00ebrplasen mes per\u00ebndimoreve e lindor\u00ebve, geg\u00ebve e tosk\u00ebve, t\u00eb djatht\u00ebve e t\u00eb majt\u00ebve. P\u00ebr shkak t\u00eb k\u00ebtyre divergjencave, ne nuk kemi arritur dot kompromise. Var\u00ebsisht nga vendi ku jetojm\u00eb, ne ndryshe e konceptojm\u00eb problemin ekzistues t\u00eb gjuh\u00ebs shqipe, ndryshe vler\u00ebsojm\u00eb historin\u00eb e t\u00eb ardhmen ton\u00eb.<\/p>\n<p>Ne nuk kemi arritur sot e gjith\u00eb dit\u00ebn t\u00eb b\u00ebjm\u00eb nj\u00eb kompromis. Nuk mund t\u00eb mohohet se fajin e ka politika, por nuk mund t\u00eb justifikohen as elitat intelektuale, shkrimtar\u00ebt, gjuh\u00ebtar\u00ebt, historian\u00ebt, gazetar\u00ebt etj., q\u00eb nuk kan\u00eb nd\u00ebrmarr\u00eb asnj\u00eb p\u00ebrpjekje dashamir\u00ebse p\u00ebr nj\u00eb kompromis unik p\u00ebr \u00e7\u00ebshtje me r\u00ebnd\u00ebsi.<\/p>\n<p><strong>Dialogu ka munguar dhe ende mungon<\/strong><\/p>\n<p>Dialogu ka munguar n\u00eb t\u00eb kaluar\u00ebn, p\u00ebr fat t\u00eb keq, mungon edhe sot. Madje, ka tregues q\u00eb thon\u00eb se do t\u00eb mungoj\u00eb edhe n\u00eb t\u00eb ardhmen, p\u00ebr shkak t\u00eb njer\u00ebzve q\u00eb promovojn\u00eb antidialogun, bojkotin, ikjen e kamuflimin e problemeve. Me k\u00ebt\u00eb struktur\u00eb t\u00eb elitave nuk duken shenja t\u00eb nisen debate t\u00eb mir\u00ebfillta, t\u00eb cilat do t\u00eb shtronin probleme, do t\u00eb analizonin shkaqet dhe pasojat, dhe do t\u00eb nxirrnin pastaj konstatime. Pa e ekzagjeruar, dialogu \u00ebsht\u00eb p\u00ebr shqiptar\u00ebt gjith\u00e7ka tjet\u00ebr p\u00ebrpos aft\u00ebsi p\u00ebr t\u2019u marr\u00eb vesh, p\u00ebr t\u00eb bashk\u00ebpunuar, p\u00ebr t\u00eb bashk\u00ebrenduar e p\u00ebr t\u00eb nd\u00ebrtuar kompromise n\u00eb drejtim t\u00eb s\u00eb mir\u00ebs s\u00eb p\u00ebrbashk\u00ebt. Madje, shpesh, dialogu konceptohet si turp, frik\u00eb e l\u00ebshim, kur ai \u00ebsht\u00eb vler\u00eb, shans e shprehje e vet\u00ebdijes s\u00eb lart\u00eb emancipuese.<\/p>\n<p>Shqip\u00ebria lindi nga Zoti (nga idealizmi), shp\u00ebtoi nga rast\u00ebsia dhe vdiq nga politikan\u00ebt, shkruante Faik Konica. Sot, vras\u00ebsit e shqiptar\u00ebve, nuk jan\u00eb armiqt\u00eb e jasht\u00ebm, nuk jan\u00eb as vet\u00ebm politikan\u00ebt, ata jan\u00eb brenda, duke tharmuar shpirtin shqiptar. Kund\u00ebr k\u00ebtij fenomeni duhet t\u00eb dilet n\u00eb betej\u00eb t\u00eb hapur dhe pa kompromis.<\/p>\n","protected":false},"excerpt":{"rendered":"<p>N\u00eb p\u00ebrditshm\u00ebrin\u00eb shqiptare, duke u nisur nga politika, e cila q\u00ebndron n\u00eb majat e t\u00eb k\u00ebqijave, pastaj tek strukturat tjera shoq\u00ebrore, institutet e ndryshme, elitat e mediat, shohim se nuk ekziston asnj\u00eb fush\u00eb, ku ne t\u00eb arrijm\u00eb t\u00eb bashkohemi rreth t\u00eb mirave t\u00eb p\u00ebrbashk\u00ebta Ndue Ukaj Kriza shqiptare ka lidhje me dimensionet tona historike, qytet\u00ebruese, [&hellip;]<\/p>\n","protected":false},"author":1,"featured_media":0,"comment_status":"open","ping_status":"closed","sticky":false,"template":"","format":"standard","meta":{"footnotes":""},"categories":[2],"tags":[],"class_list":{"0":"post-3356","1":"post","2":"type-post","3":"status-publish","4":"format-standard","6":"category-artikuj"},"yoast_head":"<!-- This site is optimized with the Yoast SEO plugin v27.4 - https:\/\/yoast.com\/product\/yoast-seo-wordpress\/ -->\n<title>Mungesa e dialogut parimor - FjALA e LIR\u00cb - Arkivi<\/title>\n<meta name=\"robots\" content=\"index, follow, max-snippet:-1, max-image-preview:large, max-video-preview:-1\" \/>\n<link rel=\"canonical\" href=\"https:\/\/fjala.info\/2009-2015\/mungesa-e-dialogut-parimor\/\" \/>\n<meta property=\"og:locale\" content=\"sq_AL\" \/>\n<meta property=\"og:type\" content=\"article\" \/>\n<meta property=\"og:title\" content=\"Mungesa e dialogut parimor - FjALA e LIR\u00cb - Arkivi\" \/>\n<meta property=\"og:description\" content=\"N\u00eb p\u00ebrditshm\u00ebrin\u00eb shqiptare, duke u nisur nga politika, e cila q\u00ebndron n\u00eb majat e t\u00eb k\u00ebqijave, pastaj tek strukturat tjera shoq\u00ebrore, institutet e ndryshme, elitat e mediat, shohim se nuk ekziston asnj\u00eb fush\u00eb, ku ne t\u00eb arrijm\u00eb t\u00eb bashkohemi rreth t\u00eb mirave t\u00eb p\u00ebrbashk\u00ebta Ndue Ukaj Kriza shqiptare ka lidhje me dimensionet tona historike, qytet\u00ebruese, [&hellip;]\" \/>\n<meta property=\"og:url\" content=\"https:\/\/fjala.info\/2009-2015\/mungesa-e-dialogut-parimor\/\" \/>\n<meta property=\"og:site_name\" content=\"FjALA e LIR\u00cb - Arkivi\" \/>\n<meta property=\"article:published_time\" content=\"2012-06-21T08:06:32+00:00\" \/>\n<meta property=\"og:image\" content=\"http:\/\/www.fjala.info\/2012\/ndue_ukaj.jpg\" \/>\n<meta name=\"author\" content=\"admin\" \/>\n<meta name=\"twitter:card\" content=\"summary_large_image\" \/>\n<meta name=\"twitter:label1\" content=\"Written by\" \/>\n\t<meta name=\"twitter:data1\" content=\"admin\" \/>\n\t<meta name=\"twitter:label2\" content=\"Est. reading time\" \/>\n\t<meta name=\"twitter:data2\" content=\"3 minutes\" \/>\n<script type=\"application\/ld+json\" class=\"yoast-schema-graph\">{\"@context\":\"https:\\\/\\\/schema.org\",\"@graph\":[{\"@type\":\"Article\",\"@id\":\"https:\\\/\\\/fjala.info\\\/2009-2015\\\/mungesa-e-dialogut-parimor\\\/#article\",\"isPartOf\":{\"@id\":\"https:\\\/\\\/fjala.info\\\/2009-2015\\\/mungesa-e-dialogut-parimor\\\/\"},\"author\":{\"name\":\"admin\",\"@id\":\"https:\\\/\\\/fjala.info\\\/2009-2015\\\/#\\\/schema\\\/person\\\/3aa1163ef05469c496fc94e77611ada2\"},\"headline\":\"Mungesa e dialogut parimor\",\"datePublished\":\"2012-06-21T08:06:32+00:00\",\"mainEntityOfPage\":{\"@id\":\"https:\\\/\\\/fjala.info\\\/2009-2015\\\/mungesa-e-dialogut-parimor\\\/\"},\"wordCount\":605,\"commentCount\":0,\"publisher\":{\"@id\":\"https:\\\/\\\/fjala.info\\\/2009-2015\\\/#organization\"},\"image\":{\"@id\":\"https:\\\/\\\/fjala.info\\\/2009-2015\\\/mungesa-e-dialogut-parimor\\\/#primaryimage\"},\"thumbnailUrl\":\"http:\\\/\\\/www.fjala.info\\\/2012\\\/ndue_ukaj.jpg\",\"articleSection\":[\"Artikuj\"],\"inLanguage\":\"sq-AL\",\"potentialAction\":[{\"@type\":\"CommentAction\",\"name\":\"Comment\",\"target\":[\"https:\\\/\\\/fjala.info\\\/2009-2015\\\/mungesa-e-dialogut-parimor\\\/#respond\"]}]},{\"@type\":\"WebPage\",\"@id\":\"https:\\\/\\\/fjala.info\\\/2009-2015\\\/mungesa-e-dialogut-parimor\\\/\",\"url\":\"https:\\\/\\\/fjala.info\\\/2009-2015\\\/mungesa-e-dialogut-parimor\\\/\",\"name\":\"Mungesa e dialogut parimor - FjALA e LIR\u00cb - Arkivi\",\"isPartOf\":{\"@id\":\"https:\\\/\\\/fjala.info\\\/2009-2015\\\/#website\"},\"primaryImageOfPage\":{\"@id\":\"https:\\\/\\\/fjala.info\\\/2009-2015\\\/mungesa-e-dialogut-parimor\\\/#primaryimage\"},\"image\":{\"@id\":\"https:\\\/\\\/fjala.info\\\/2009-2015\\\/mungesa-e-dialogut-parimor\\\/#primaryimage\"},\"thumbnailUrl\":\"http:\\\/\\\/www.fjala.info\\\/2012\\\/ndue_ukaj.jpg\",\"datePublished\":\"2012-06-21T08:06:32+00:00\",\"breadcrumb\":{\"@id\":\"https:\\\/\\\/fjala.info\\\/2009-2015\\\/mungesa-e-dialogut-parimor\\\/#breadcrumb\"},\"inLanguage\":\"sq-AL\",\"potentialAction\":[{\"@type\":\"ReadAction\",\"target\":[\"https:\\\/\\\/fjala.info\\\/2009-2015\\\/mungesa-e-dialogut-parimor\\\/\"]}]},{\"@type\":\"ImageObject\",\"inLanguage\":\"sq-AL\",\"@id\":\"https:\\\/\\\/fjala.info\\\/2009-2015\\\/mungesa-e-dialogut-parimor\\\/#primaryimage\",\"url\":\"http:\\\/\\\/www.fjala.info\\\/2012\\\/ndue_ukaj.jpg\",\"contentUrl\":\"http:\\\/\\\/www.fjala.info\\\/2012\\\/ndue_ukaj.jpg\"},{\"@type\":\"BreadcrumbList\",\"@id\":\"https:\\\/\\\/fjala.info\\\/2009-2015\\\/mungesa-e-dialogut-parimor\\\/#breadcrumb\",\"itemListElement\":[{\"@type\":\"ListItem\",\"position\":1,\"name\":\"Home\",\"item\":\"https:\\\/\\\/fjala.info\\\/2009-2015\\\/\"},{\"@type\":\"ListItem\",\"position\":2,\"name\":\"Mungesa e dialogut parimor\"}]},{\"@type\":\"WebSite\",\"@id\":\"https:\\\/\\\/fjala.info\\\/2009-2015\\\/#website\",\"url\":\"https:\\\/\\\/fjala.info\\\/2009-2015\\\/\",\"name\":\"FjALA e LIR\u00cb - Arkivi\",\"description\":\"Arkivi 2009-2015\",\"publisher\":{\"@id\":\"https:\\\/\\\/fjala.info\\\/2009-2015\\\/#organization\"},\"potentialAction\":[{\"@type\":\"SearchAction\",\"target\":{\"@type\":\"EntryPoint\",\"urlTemplate\":\"https:\\\/\\\/fjala.info\\\/2009-2015\\\/?s={search_term_string}\"},\"query-input\":{\"@type\":\"PropertyValueSpecification\",\"valueRequired\":true,\"valueName\":\"search_term_string\"}}],\"inLanguage\":\"sq-AL\"},{\"@type\":\"Organization\",\"@id\":\"https:\\\/\\\/fjala.info\\\/2009-2015\\\/#organization\",\"name\":\"FjALA e LIR\u00cb - Arkivi\",\"url\":\"https:\\\/\\\/fjala.info\\\/2009-2015\\\/\",\"logo\":{\"@type\":\"ImageObject\",\"inLanguage\":\"sq-AL\",\"@id\":\"https:\\\/\\\/fjala.info\\\/2009-2015\\\/#\\\/schema\\\/logo\\\/image\\\/\",\"url\":\"\",\"contentUrl\":\"\",\"caption\":\"FjALA e LIR\u00cb - Arkivi\"},\"image\":{\"@id\":\"https:\\\/\\\/fjala.info\\\/2009-2015\\\/#\\\/schema\\\/logo\\\/image\\\/\"}},{\"@type\":\"Person\",\"@id\":\"https:\\\/\\\/fjala.info\\\/2009-2015\\\/#\\\/schema\\\/person\\\/3aa1163ef05469c496fc94e77611ada2\",\"name\":\"admin\",\"image\":{\"@type\":\"ImageObject\",\"inLanguage\":\"sq-AL\",\"@id\":\"https:\\\/\\\/fjala.info\\\/2009-2015\\\/wp-content\\\/uploads\\\/2012\\\/02\\\/arben_cokaj-120x150.jpg\",\"url\":\"https:\\\/\\\/fjala.info\\\/2009-2015\\\/wp-content\\\/uploads\\\/2012\\\/02\\\/arben_cokaj-120x150.jpg\",\"contentUrl\":\"https:\\\/\\\/fjala.info\\\/2009-2015\\\/wp-content\\\/uploads\\\/2012\\\/02\\\/arben_cokaj-120x150.jpg\",\"caption\":\"admin\"},\"description\":\"Admin, Fjala e Lir\u00eb\",\"sameAs\":[\"https:\\\/\\\/fjala.info\\\/\"],\"url\":\"https:\\\/\\\/fjala.info\\\/2009-2015\\\/author\\\/admin\\\/\"}]}<\/script>\n<!-- \/ Yoast SEO plugin. -->","yoast_head_json":{"title":"Mungesa e dialogut parimor - FjALA e LIR\u00cb - Arkivi","robots":{"index":"index","follow":"follow","max-snippet":"max-snippet:-1","max-image-preview":"max-image-preview:large","max-video-preview":"max-video-preview:-1"},"canonical":"https:\/\/fjala.info\/2009-2015\/mungesa-e-dialogut-parimor\/","og_locale":"sq_AL","og_type":"article","og_title":"Mungesa e dialogut parimor - FjALA e LIR\u00cb - Arkivi","og_description":"N\u00eb p\u00ebrditshm\u00ebrin\u00eb shqiptare, duke u nisur nga politika, e cila q\u00ebndron n\u00eb majat e t\u00eb k\u00ebqijave, pastaj tek strukturat tjera shoq\u00ebrore, institutet e ndryshme, elitat e mediat, shohim se nuk ekziston asnj\u00eb fush\u00eb, ku ne t\u00eb arrijm\u00eb t\u00eb bashkohemi rreth t\u00eb mirave t\u00eb p\u00ebrbashk\u00ebta Ndue Ukaj Kriza shqiptare ka lidhje me dimensionet tona historike, qytet\u00ebruese, [&hellip;]","og_url":"https:\/\/fjala.info\/2009-2015\/mungesa-e-dialogut-parimor\/","og_site_name":"FjALA e LIR\u00cb - Arkivi","article_published_time":"2012-06-21T08:06:32+00:00","og_image":[{"url":"http:\/\/www.fjala.info\/2012\/ndue_ukaj.jpg","type":"","width":"","height":""}],"author":"admin","twitter_card":"summary_large_image","twitter_misc":{"Written by":"admin","Est. reading time":"3 minutes"},"schema":{"@context":"https:\/\/schema.org","@graph":[{"@type":"Article","@id":"https:\/\/fjala.info\/2009-2015\/mungesa-e-dialogut-parimor\/#article","isPartOf":{"@id":"https:\/\/fjala.info\/2009-2015\/mungesa-e-dialogut-parimor\/"},"author":{"name":"admin","@id":"https:\/\/fjala.info\/2009-2015\/#\/schema\/person\/3aa1163ef05469c496fc94e77611ada2"},"headline":"Mungesa e dialogut parimor","datePublished":"2012-06-21T08:06:32+00:00","mainEntityOfPage":{"@id":"https:\/\/fjala.info\/2009-2015\/mungesa-e-dialogut-parimor\/"},"wordCount":605,"commentCount":0,"publisher":{"@id":"https:\/\/fjala.info\/2009-2015\/#organization"},"image":{"@id":"https:\/\/fjala.info\/2009-2015\/mungesa-e-dialogut-parimor\/#primaryimage"},"thumbnailUrl":"http:\/\/www.fjala.info\/2012\/ndue_ukaj.jpg","articleSection":["Artikuj"],"inLanguage":"sq-AL","potentialAction":[{"@type":"CommentAction","name":"Comment","target":["https:\/\/fjala.info\/2009-2015\/mungesa-e-dialogut-parimor\/#respond"]}]},{"@type":"WebPage","@id":"https:\/\/fjala.info\/2009-2015\/mungesa-e-dialogut-parimor\/","url":"https:\/\/fjala.info\/2009-2015\/mungesa-e-dialogut-parimor\/","name":"Mungesa e dialogut parimor - FjALA e LIR\u00cb - Arkivi","isPartOf":{"@id":"https:\/\/fjala.info\/2009-2015\/#website"},"primaryImageOfPage":{"@id":"https:\/\/fjala.info\/2009-2015\/mungesa-e-dialogut-parimor\/#primaryimage"},"image":{"@id":"https:\/\/fjala.info\/2009-2015\/mungesa-e-dialogut-parimor\/#primaryimage"},"thumbnailUrl":"http:\/\/www.fjala.info\/2012\/ndue_ukaj.jpg","datePublished":"2012-06-21T08:06:32+00:00","breadcrumb":{"@id":"https:\/\/fjala.info\/2009-2015\/mungesa-e-dialogut-parimor\/#breadcrumb"},"inLanguage":"sq-AL","potentialAction":[{"@type":"ReadAction","target":["https:\/\/fjala.info\/2009-2015\/mungesa-e-dialogut-parimor\/"]}]},{"@type":"ImageObject","inLanguage":"sq-AL","@id":"https:\/\/fjala.info\/2009-2015\/mungesa-e-dialogut-parimor\/#primaryimage","url":"http:\/\/www.fjala.info\/2012\/ndue_ukaj.jpg","contentUrl":"http:\/\/www.fjala.info\/2012\/ndue_ukaj.jpg"},{"@type":"BreadcrumbList","@id":"https:\/\/fjala.info\/2009-2015\/mungesa-e-dialogut-parimor\/#breadcrumb","itemListElement":[{"@type":"ListItem","position":1,"name":"Home","item":"https:\/\/fjala.info\/2009-2015\/"},{"@type":"ListItem","position":2,"name":"Mungesa e dialogut parimor"}]},{"@type":"WebSite","@id":"https:\/\/fjala.info\/2009-2015\/#website","url":"https:\/\/fjala.info\/2009-2015\/","name":"FjALA e LIR\u00cb - Arkivi","description":"Arkivi 2009-2015","publisher":{"@id":"https:\/\/fjala.info\/2009-2015\/#organization"},"potentialAction":[{"@type":"SearchAction","target":{"@type":"EntryPoint","urlTemplate":"https:\/\/fjala.info\/2009-2015\/?s={search_term_string}"},"query-input":{"@type":"PropertyValueSpecification","valueRequired":true,"valueName":"search_term_string"}}],"inLanguage":"sq-AL"},{"@type":"Organization","@id":"https:\/\/fjala.info\/2009-2015\/#organization","name":"FjALA e LIR\u00cb - Arkivi","url":"https:\/\/fjala.info\/2009-2015\/","logo":{"@type":"ImageObject","inLanguage":"sq-AL","@id":"https:\/\/fjala.info\/2009-2015\/#\/schema\/logo\/image\/","url":"","contentUrl":"","caption":"FjALA e LIR\u00cb - Arkivi"},"image":{"@id":"https:\/\/fjala.info\/2009-2015\/#\/schema\/logo\/image\/"}},{"@type":"Person","@id":"https:\/\/fjala.info\/2009-2015\/#\/schema\/person\/3aa1163ef05469c496fc94e77611ada2","name":"admin","image":{"@type":"ImageObject","inLanguage":"sq-AL","@id":"https:\/\/fjala.info\/2009-2015\/wp-content\/uploads\/2012\/02\/arben_cokaj-120x150.jpg","url":"https:\/\/fjala.info\/2009-2015\/wp-content\/uploads\/2012\/02\/arben_cokaj-120x150.jpg","contentUrl":"https:\/\/fjala.info\/2009-2015\/wp-content\/uploads\/2012\/02\/arben_cokaj-120x150.jpg","caption":"admin"},"description":"Admin, Fjala e Lir\u00eb","sameAs":["https:\/\/fjala.info\/"],"url":"https:\/\/fjala.info\/2009-2015\/author\/admin\/"}]}},"_links":{"self":[{"href":"https:\/\/fjala.info\/2009-2015\/wp-json\/wp\/v2\/posts\/3356","targetHints":{"allow":["GET"]}}],"collection":[{"href":"https:\/\/fjala.info\/2009-2015\/wp-json\/wp\/v2\/posts"}],"about":[{"href":"https:\/\/fjala.info\/2009-2015\/wp-json\/wp\/v2\/types\/post"}],"author":[{"embeddable":true,"href":"https:\/\/fjala.info\/2009-2015\/wp-json\/wp\/v2\/users\/1"}],"replies":[{"embeddable":true,"href":"https:\/\/fjala.info\/2009-2015\/wp-json\/wp\/v2\/comments?post=3356"}],"version-history":[{"count":0,"href":"https:\/\/fjala.info\/2009-2015\/wp-json\/wp\/v2\/posts\/3356\/revisions"}],"wp:attachment":[{"href":"https:\/\/fjala.info\/2009-2015\/wp-json\/wp\/v2\/media?parent=3356"}],"wp:term":[{"taxonomy":"category","embeddable":true,"href":"https:\/\/fjala.info\/2009-2015\/wp-json\/wp\/v2\/categories?post=3356"},{"taxonomy":"post_tag","embeddable":true,"href":"https:\/\/fjala.info\/2009-2015\/wp-json\/wp\/v2\/tags?post=3356"}],"curies":[{"name":"wp","href":"https:\/\/api.w.org\/{rel}","templated":true}]}}