{"id":3347,"date":"2013-06-25T09:49:17","date_gmt":"2013-06-25T08:49:17","guid":{"rendered":"http:\/\/fjala.info\/?p=3347"},"modified":"2013-06-25T09:49:17","modified_gmt":"2013-06-25T08:49:17","slug":"zgjedhjet-ja-se-si-do-te-jete-parlamenti-i-ri","status":"publish","type":"post","link":"https:\/\/fjala.info\/2009-2015\/zgjedhjet-ja-se-si-do-te-jete-parlamenti-i-ri\/","title":{"rendered":"Zgjedhjet, ja se si do t\u00eb jet\u00eb Parlamenti i ri"},"content":{"rendered":"<p><img decoding=\"async\" class=\"alignright size-thumbnail wp-image-7236\" title=\"Parlamenti\" alt=\"\" src=\"http:\/\/www.fjala.info\/2013\/parlamenti.jpg\" width=\"300\" \/> <strong>Dita Online<\/strong>, <em>25 Qershor 2013<\/em><\/p>\n<p>Pavar\u00ebsisht se num\u00ebrimi i votave ende nuk ka p\u00ebrfunduar, rezultatet e deritanishme japin nj\u00eb pasqyr\u00eb t\u00eb qart\u00eb t\u00eb asaj se si do t\u00eb jet\u00eb Parlamenti i ri. Gazeta \u201cPanorama\u201d i ka p\u00ebrkthyer sot k\u00ebto mandate n\u00eb emra konkret\u00eb.<\/p>\n<p><strong>Shkodra<\/strong><\/p>\n<p>Partia Socialiste konfirmon deputet\u00ebt Tom\u00eb Doshi dhe Paulin Sterkaj, nd\u00ebrsa p\u00ebr her\u00eb t\u00eb par\u00eb hyjn\u00eb n\u00eb Parlament dhe Mimoza Hafizi dhe Namik Kopliku. LSI p\u00ebr her\u00eb t\u00eb par\u00eb ka nj\u00eb deputet, presidentin e Vllaznis\u00eb, Agron \u00c7ela, nd\u00ebrsa nga t\u00eb majt\u00ebt, edhe Partia Kristiandemokrate ka marr\u00eb nj\u00eb deputet, Mark Frrokun. E djathta shkon n\u00eb Parlament me Jozefina Topallin dhe Nard Ndok\u00ebn, por dhe dy emra t\u00eb rinj, Helidon Bushatin dhe Voltana Ademin. Jasht\u00eb Parlamentit mbeten deputet\u00ebt aktual\u00eb t\u00eb PD-s\u00eb, Gjok Uldedaj dhe Ramiz \u00c7obaj.<\/p>\n<p><strong>Lezha<\/strong><\/p>\n<p>Kemi nj\u00eb rikthim n\u00eb Parlament t\u00eb Monika Kryemadhit, nd\u00ebrsa Gjovalin Kadeli mbetet n\u00eb Parlament, por me ngjyrat e PD-s\u00eb.<\/p>\n<p><strong>Durr\u00ebs<\/strong><\/p>\n<p>Lista e PS-s\u00eb s\u00eb qarkut t\u00eb Durr\u00ebsit do t\u00eb risjell\u00eb n\u00eb Kuvend deputetin Ilir Beqja, nd\u00ebrsa PD, p\u00ebrve\u00e7 emrave t\u00eb njohur t\u00eb legjislatur\u00ebs s\u00eb kaluar, rreshton dhe drejtorin e kabinetit t\u00eb kryeministrit, Oerd Bylykbashin. Edhe Agron Duka, tashm\u00eb n\u00ebn sigl\u00ebn e PR, do t\u00eb jet\u00eb nj\u00eb nga 140 an\u00ebtar\u00ebt e Kuvendit t\u00eb ri.<\/p>\n<p><strong>Tirana<\/strong><\/p>\n<p>Socialist\u00ebt do t\u00eb \u00e7ojn\u00eb n\u00eb Kuvend p\u00ebrmes list\u00ebs s\u00eb Tiran\u00ebs Lindita Nikollin, Parid Car\u00ebn, Milena Hariton, por edhe Rakip Sulin. Nd\u00ebrsa LSI shkon me kryetarin e saj, Ilir Meta, por dhe Klajda Gjosh\u00ebn dhe Luan Ram\u00ebn, i cili rikthehet pas 2005-s. Partia Demokratike rikthen me list\u00ebn e Tiran\u00ebs Dashamir Shehin. Nd\u00ebrsa si prurje t\u00eb reja jan\u00eb n\u00ebnkryetarja e Bashkis\u00eb, Jorida Tabaku dhe prefekti i Tiran\u00ebs, Keltis Kruja. Kreu i PDIU-s\u00eb, Shp\u00ebtim Idrizi, zgjidhet nga lista e tij.<\/p>\n<p><strong>Dibra<\/strong><\/p>\n<p>Qarku i Dibr\u00ebs q\u00eb ka nj\u00eb rezultat t\u00eb barabart\u00eb, 3 me 3 \u00e7on n\u00eb Kuvend Shk\u00eblqim Canin, nd\u00ebrsa LSI merr nj\u00eb mandat n\u00eb k\u00ebt\u00eb qark, p\u00ebrmes P\u00ebrparim Spahiut.<\/p>\n<p><strong>Elbasani<\/strong><\/p>\n<p>Lista e Elbasanit ka nj\u00eb p\u00ebrfaq\u00ebsim m\u00eb miks. Rikthehet Musa Ulqini nga PS, nd\u00ebrsa shkojn\u00eb p\u00ebr her\u00eb t\u00eb par\u00eb Alfred Peza dhe Evis Kushi. LSI \u00e7on dy deputet\u00eb, Haxhinaston dhe kryetarin lokal, Bujar Kllogjri. Aqif Rakipi \u00ebsht\u00eb deputeti i PDIU-s\u00eb nga qarku i Elbasanit. Nd\u00ebrsa PD ka dy deputet\u00eb t\u00eb ardhur nga Tirana, Imami dhe Selami dhe dy vendalinj, Bo\u00e7i dhe Turku.<\/p>\n<p><strong>Berati<\/strong><\/p>\n<p>Qarku i Beratit do t\u00eb ket\u00eb dy p\u00ebrfaq\u00ebsues t\u00eb LSI-s\u00eb n\u00eb Kuvend, Nasip Na\u00e7on dhe Selfo Kapllanin, kandidatin e Ku\u00e7ov\u00ebs. N\u00eb Kuvend, PD d\u00ebrgon dhe Astrit Veliajn, i dyti i list\u00ebs.<\/p>\n<p><strong>Kor\u00e7a<\/strong><\/p>\n<p>Emra t\u00eb rinj \u00e7on PS n\u00eb Kuvend nga qarku i Kor\u00e7\u00ebs. Ilirian Pendavinji, Ilir Xhakolli dhe Ylli Zi\u00e7ishti. Nj\u00eb deputet merr dhe LSI n\u00eb Kor\u00e7\u00eb, Piro Kapuranin. Nd\u00ebrsa PD, q\u00eb kryesohet nga Ridvan Bode, \u00e7on n\u00eb Kuvend nj\u00eb fem\u00ebr, Eleina Qirici dhe kreun e PR, Fatmir Mediun.<\/p>\n<p><strong>Fier<\/strong><\/p>\n<p>PDIU merr dy mandate, Idrizin nga lista e PD dhe Omer Mamo nga lista e saj. Edhe LSI merr dy deputet\u00eb, Petrit Vasilin dhe Robert Bitrin.<\/p>\n<p><strong>Vlor\u00eb<\/strong><\/p>\n<p>Edi Rama dhe Ko\u00e7o Kok\u00ebdhima jan\u00eb emrat e rinj q\u00eb PS \u00e7on n\u00eb Kuvend nga qarku i Vlor\u00ebs. Edhe n\u00eb Vlor\u00eb LSI ka marr\u00eb nj\u00eb deputet, Shk\u00eblqim Selamin, nd\u00ebrsa n\u00eb k\u00ebt\u00eb qark ka dal\u00eb dhe Vangjel Dule. PD \u00e7on n\u00eb Kuvend Arben Ristanin.<\/p>\n<p><strong>Gjirokast\u00ebr<\/strong><\/p>\n<p>Gjirokastra rikthen n\u00eb Kuvend Anastas Angjelin, por dhe p\u00ebr her\u00eb t\u00eb par\u00eb Erion Veliajn.<\/p>\n","protected":false},"excerpt":{"rendered":"<p>Dita Online, 25 Qershor 2013 Pavar\u00ebsisht se num\u00ebrimi i votave ende nuk ka p\u00ebrfunduar, rezultatet e deritanishme japin nj\u00eb pasqyr\u00eb t\u00eb qart\u00eb t\u00eb asaj se si do t\u00eb jet\u00eb Parlamenti i ri. Gazeta \u201cPanorama\u201d i ka p\u00ebrkthyer sot k\u00ebto mandate n\u00eb emra konkret\u00eb. Shkodra Partia Socialiste konfirmon deputet\u00ebt Tom\u00eb Doshi dhe Paulin Sterkaj, nd\u00ebrsa p\u00ebr [&hellip;]<\/p>\n","protected":false},"author":1,"featured_media":0,"comment_status":"open","ping_status":"closed","sticky":false,"template":"","format":"standard","meta":{"footnotes":""},"categories":[2],"tags":[],"class_list":{"0":"post-3347","1":"post","2":"type-post","3":"status-publish","4":"format-standard","6":"category-artikuj"},"yoast_head":"<!-- This site is optimized with the Yoast SEO plugin v27.4 - https:\/\/yoast.com\/product\/yoast-seo-wordpress\/ -->\n<title>Zgjedhjet, ja se si do t\u00eb jet\u00eb Parlamenti i ri - FjALA e LIR\u00cb - Arkivi<\/title>\n<meta name=\"robots\" content=\"index, follow, max-snippet:-1, max-image-preview:large, max-video-preview:-1\" \/>\n<link rel=\"canonical\" href=\"https:\/\/fjala.info\/2009-2015\/zgjedhjet-ja-se-si-do-te-jete-parlamenti-i-ri\/\" \/>\n<meta property=\"og:locale\" content=\"sq_AL\" \/>\n<meta property=\"og:type\" content=\"article\" \/>\n<meta property=\"og:title\" content=\"Zgjedhjet, ja se si do t\u00eb jet\u00eb Parlamenti i ri - FjALA e LIR\u00cb - Arkivi\" \/>\n<meta property=\"og:description\" content=\"Dita Online, 25 Qershor 2013 Pavar\u00ebsisht se num\u00ebrimi i votave ende nuk ka p\u00ebrfunduar, rezultatet e deritanishme japin nj\u00eb pasqyr\u00eb t\u00eb qart\u00eb t\u00eb asaj se si do t\u00eb jet\u00eb Parlamenti i ri. Gazeta \u201cPanorama\u201d i ka p\u00ebrkthyer sot k\u00ebto mandate n\u00eb emra konkret\u00eb. Shkodra Partia Socialiste konfirmon deputet\u00ebt Tom\u00eb Doshi dhe Paulin Sterkaj, nd\u00ebrsa p\u00ebr [&hellip;]\" \/>\n<meta property=\"og:url\" content=\"https:\/\/fjala.info\/2009-2015\/zgjedhjet-ja-se-si-do-te-jete-parlamenti-i-ri\/\" \/>\n<meta property=\"og:site_name\" content=\"FjALA e LIR\u00cb - Arkivi\" \/>\n<meta property=\"article:published_time\" content=\"2013-06-25T08:49:17+00:00\" \/>\n<meta property=\"og:image\" content=\"http:\/\/www.fjala.info\/2013\/parlamenti.jpg\" \/>\n<meta name=\"author\" content=\"admin\" \/>\n<meta name=\"twitter:card\" content=\"summary_large_image\" \/>\n<meta name=\"twitter:label1\" content=\"Written by\" \/>\n\t<meta name=\"twitter:data1\" content=\"admin\" \/>\n\t<meta name=\"twitter:label2\" content=\"Est. reading time\" \/>\n\t<meta name=\"twitter:data2\" content=\"3 minutes\" \/>\n<script type=\"application\/ld+json\" class=\"yoast-schema-graph\">{\"@context\":\"https:\\\/\\\/schema.org\",\"@graph\":[{\"@type\":\"Article\",\"@id\":\"https:\\\/\\\/fjala.info\\\/2009-2015\\\/zgjedhjet-ja-se-si-do-te-jete-parlamenti-i-ri\\\/#article\",\"isPartOf\":{\"@id\":\"https:\\\/\\\/fjala.info\\\/2009-2015\\\/zgjedhjet-ja-se-si-do-te-jete-parlamenti-i-ri\\\/\"},\"author\":{\"name\":\"admin\",\"@id\":\"https:\\\/\\\/fjala.info\\\/2009-2015\\\/#\\\/schema\\\/person\\\/3aa1163ef05469c496fc94e77611ada2\"},\"headline\":\"Zgjedhjet, ja se si do t\u00eb jet\u00eb Parlamenti i ri\",\"datePublished\":\"2013-06-25T08:49:17+00:00\",\"mainEntityOfPage\":{\"@id\":\"https:\\\/\\\/fjala.info\\\/2009-2015\\\/zgjedhjet-ja-se-si-do-te-jete-parlamenti-i-ri\\\/\"},\"wordCount\":611,\"commentCount\":0,\"publisher\":{\"@id\":\"https:\\\/\\\/fjala.info\\\/2009-2015\\\/#organization\"},\"image\":{\"@id\":\"https:\\\/\\\/fjala.info\\\/2009-2015\\\/zgjedhjet-ja-se-si-do-te-jete-parlamenti-i-ri\\\/#primaryimage\"},\"thumbnailUrl\":\"http:\\\/\\\/www.fjala.info\\\/2013\\\/parlamenti.jpg\",\"articleSection\":[\"Artikuj\"],\"inLanguage\":\"sq-AL\",\"potentialAction\":[{\"@type\":\"CommentAction\",\"name\":\"Comment\",\"target\":[\"https:\\\/\\\/fjala.info\\\/2009-2015\\\/zgjedhjet-ja-se-si-do-te-jete-parlamenti-i-ri\\\/#respond\"]}]},{\"@type\":\"WebPage\",\"@id\":\"https:\\\/\\\/fjala.info\\\/2009-2015\\\/zgjedhjet-ja-se-si-do-te-jete-parlamenti-i-ri\\\/\",\"url\":\"https:\\\/\\\/fjala.info\\\/2009-2015\\\/zgjedhjet-ja-se-si-do-te-jete-parlamenti-i-ri\\\/\",\"name\":\"Zgjedhjet, ja se si do t\u00eb jet\u00eb Parlamenti i ri - FjALA e LIR\u00cb - Arkivi\",\"isPartOf\":{\"@id\":\"https:\\\/\\\/fjala.info\\\/2009-2015\\\/#website\"},\"primaryImageOfPage\":{\"@id\":\"https:\\\/\\\/fjala.info\\\/2009-2015\\\/zgjedhjet-ja-se-si-do-te-jete-parlamenti-i-ri\\\/#primaryimage\"},\"image\":{\"@id\":\"https:\\\/\\\/fjala.info\\\/2009-2015\\\/zgjedhjet-ja-se-si-do-te-jete-parlamenti-i-ri\\\/#primaryimage\"},\"thumbnailUrl\":\"http:\\\/\\\/www.fjala.info\\\/2013\\\/parlamenti.jpg\",\"datePublished\":\"2013-06-25T08:49:17+00:00\",\"breadcrumb\":{\"@id\":\"https:\\\/\\\/fjala.info\\\/2009-2015\\\/zgjedhjet-ja-se-si-do-te-jete-parlamenti-i-ri\\\/#breadcrumb\"},\"inLanguage\":\"sq-AL\",\"potentialAction\":[{\"@type\":\"ReadAction\",\"target\":[\"https:\\\/\\\/fjala.info\\\/2009-2015\\\/zgjedhjet-ja-se-si-do-te-jete-parlamenti-i-ri\\\/\"]}]},{\"@type\":\"ImageObject\",\"inLanguage\":\"sq-AL\",\"@id\":\"https:\\\/\\\/fjala.info\\\/2009-2015\\\/zgjedhjet-ja-se-si-do-te-jete-parlamenti-i-ri\\\/#primaryimage\",\"url\":\"http:\\\/\\\/www.fjala.info\\\/2013\\\/parlamenti.jpg\",\"contentUrl\":\"http:\\\/\\\/www.fjala.info\\\/2013\\\/parlamenti.jpg\"},{\"@type\":\"BreadcrumbList\",\"@id\":\"https:\\\/\\\/fjala.info\\\/2009-2015\\\/zgjedhjet-ja-se-si-do-te-jete-parlamenti-i-ri\\\/#breadcrumb\",\"itemListElement\":[{\"@type\":\"ListItem\",\"position\":1,\"name\":\"Home\",\"item\":\"https:\\\/\\\/fjala.info\\\/2009-2015\\\/\"},{\"@type\":\"ListItem\",\"position\":2,\"name\":\"Zgjedhjet, ja se si do t\u00eb jet\u00eb Parlamenti i ri\"}]},{\"@type\":\"WebSite\",\"@id\":\"https:\\\/\\\/fjala.info\\\/2009-2015\\\/#website\",\"url\":\"https:\\\/\\\/fjala.info\\\/2009-2015\\\/\",\"name\":\"FjALA e LIR\u00cb - Arkivi\",\"description\":\"Arkivi 2009-2015\",\"publisher\":{\"@id\":\"https:\\\/\\\/fjala.info\\\/2009-2015\\\/#organization\"},\"potentialAction\":[{\"@type\":\"SearchAction\",\"target\":{\"@type\":\"EntryPoint\",\"urlTemplate\":\"https:\\\/\\\/fjala.info\\\/2009-2015\\\/?s={search_term_string}\"},\"query-input\":{\"@type\":\"PropertyValueSpecification\",\"valueRequired\":true,\"valueName\":\"search_term_string\"}}],\"inLanguage\":\"sq-AL\"},{\"@type\":\"Organization\",\"@id\":\"https:\\\/\\\/fjala.info\\\/2009-2015\\\/#organization\",\"name\":\"FjALA e LIR\u00cb - Arkivi\",\"url\":\"https:\\\/\\\/fjala.info\\\/2009-2015\\\/\",\"logo\":{\"@type\":\"ImageObject\",\"inLanguage\":\"sq-AL\",\"@id\":\"https:\\\/\\\/fjala.info\\\/2009-2015\\\/#\\\/schema\\\/logo\\\/image\\\/\",\"url\":\"\",\"contentUrl\":\"\",\"caption\":\"FjALA e LIR\u00cb - Arkivi\"},\"image\":{\"@id\":\"https:\\\/\\\/fjala.info\\\/2009-2015\\\/#\\\/schema\\\/logo\\\/image\\\/\"}},{\"@type\":\"Person\",\"@id\":\"https:\\\/\\\/fjala.info\\\/2009-2015\\\/#\\\/schema\\\/person\\\/3aa1163ef05469c496fc94e77611ada2\",\"name\":\"admin\",\"image\":{\"@type\":\"ImageObject\",\"inLanguage\":\"sq-AL\",\"@id\":\"https:\\\/\\\/fjala.info\\\/2009-2015\\\/wp-content\\\/uploads\\\/2012\\\/02\\\/arben_cokaj-120x150.jpg\",\"url\":\"https:\\\/\\\/fjala.info\\\/2009-2015\\\/wp-content\\\/uploads\\\/2012\\\/02\\\/arben_cokaj-120x150.jpg\",\"contentUrl\":\"https:\\\/\\\/fjala.info\\\/2009-2015\\\/wp-content\\\/uploads\\\/2012\\\/02\\\/arben_cokaj-120x150.jpg\",\"caption\":\"admin\"},\"description\":\"Admin, Fjala e Lir\u00eb\",\"sameAs\":[\"https:\\\/\\\/fjala.info\\\/\"],\"url\":\"https:\\\/\\\/fjala.info\\\/2009-2015\\\/author\\\/admin\\\/\"}]}<\/script>\n<!-- \/ Yoast SEO plugin. -->","yoast_head_json":{"title":"Zgjedhjet, ja se si do t\u00eb jet\u00eb Parlamenti i ri - FjALA e LIR\u00cb - Arkivi","robots":{"index":"index","follow":"follow","max-snippet":"max-snippet:-1","max-image-preview":"max-image-preview:large","max-video-preview":"max-video-preview:-1"},"canonical":"https:\/\/fjala.info\/2009-2015\/zgjedhjet-ja-se-si-do-te-jete-parlamenti-i-ri\/","og_locale":"sq_AL","og_type":"article","og_title":"Zgjedhjet, ja se si do t\u00eb jet\u00eb Parlamenti i ri - FjALA e LIR\u00cb - Arkivi","og_description":"Dita Online, 25 Qershor 2013 Pavar\u00ebsisht se num\u00ebrimi i votave ende nuk ka p\u00ebrfunduar, rezultatet e deritanishme japin nj\u00eb pasqyr\u00eb t\u00eb qart\u00eb t\u00eb asaj se si do t\u00eb jet\u00eb Parlamenti i ri. Gazeta \u201cPanorama\u201d i ka p\u00ebrkthyer sot k\u00ebto mandate n\u00eb emra konkret\u00eb. Shkodra Partia Socialiste konfirmon deputet\u00ebt Tom\u00eb Doshi dhe Paulin Sterkaj, nd\u00ebrsa p\u00ebr [&hellip;]","og_url":"https:\/\/fjala.info\/2009-2015\/zgjedhjet-ja-se-si-do-te-jete-parlamenti-i-ri\/","og_site_name":"FjALA e LIR\u00cb - Arkivi","article_published_time":"2013-06-25T08:49:17+00:00","og_image":[{"url":"http:\/\/www.fjala.info\/2013\/parlamenti.jpg","type":"","width":"","height":""}],"author":"admin","twitter_card":"summary_large_image","twitter_misc":{"Written by":"admin","Est. reading time":"3 minutes"},"schema":{"@context":"https:\/\/schema.org","@graph":[{"@type":"Article","@id":"https:\/\/fjala.info\/2009-2015\/zgjedhjet-ja-se-si-do-te-jete-parlamenti-i-ri\/#article","isPartOf":{"@id":"https:\/\/fjala.info\/2009-2015\/zgjedhjet-ja-se-si-do-te-jete-parlamenti-i-ri\/"},"author":{"name":"admin","@id":"https:\/\/fjala.info\/2009-2015\/#\/schema\/person\/3aa1163ef05469c496fc94e77611ada2"},"headline":"Zgjedhjet, ja se si do t\u00eb jet\u00eb Parlamenti i ri","datePublished":"2013-06-25T08:49:17+00:00","mainEntityOfPage":{"@id":"https:\/\/fjala.info\/2009-2015\/zgjedhjet-ja-se-si-do-te-jete-parlamenti-i-ri\/"},"wordCount":611,"commentCount":0,"publisher":{"@id":"https:\/\/fjala.info\/2009-2015\/#organization"},"image":{"@id":"https:\/\/fjala.info\/2009-2015\/zgjedhjet-ja-se-si-do-te-jete-parlamenti-i-ri\/#primaryimage"},"thumbnailUrl":"http:\/\/www.fjala.info\/2013\/parlamenti.jpg","articleSection":["Artikuj"],"inLanguage":"sq-AL","potentialAction":[{"@type":"CommentAction","name":"Comment","target":["https:\/\/fjala.info\/2009-2015\/zgjedhjet-ja-se-si-do-te-jete-parlamenti-i-ri\/#respond"]}]},{"@type":"WebPage","@id":"https:\/\/fjala.info\/2009-2015\/zgjedhjet-ja-se-si-do-te-jete-parlamenti-i-ri\/","url":"https:\/\/fjala.info\/2009-2015\/zgjedhjet-ja-se-si-do-te-jete-parlamenti-i-ri\/","name":"Zgjedhjet, ja se si do t\u00eb jet\u00eb Parlamenti i ri - FjALA e LIR\u00cb - Arkivi","isPartOf":{"@id":"https:\/\/fjala.info\/2009-2015\/#website"},"primaryImageOfPage":{"@id":"https:\/\/fjala.info\/2009-2015\/zgjedhjet-ja-se-si-do-te-jete-parlamenti-i-ri\/#primaryimage"},"image":{"@id":"https:\/\/fjala.info\/2009-2015\/zgjedhjet-ja-se-si-do-te-jete-parlamenti-i-ri\/#primaryimage"},"thumbnailUrl":"http:\/\/www.fjala.info\/2013\/parlamenti.jpg","datePublished":"2013-06-25T08:49:17+00:00","breadcrumb":{"@id":"https:\/\/fjala.info\/2009-2015\/zgjedhjet-ja-se-si-do-te-jete-parlamenti-i-ri\/#breadcrumb"},"inLanguage":"sq-AL","potentialAction":[{"@type":"ReadAction","target":["https:\/\/fjala.info\/2009-2015\/zgjedhjet-ja-se-si-do-te-jete-parlamenti-i-ri\/"]}]},{"@type":"ImageObject","inLanguage":"sq-AL","@id":"https:\/\/fjala.info\/2009-2015\/zgjedhjet-ja-se-si-do-te-jete-parlamenti-i-ri\/#primaryimage","url":"http:\/\/www.fjala.info\/2013\/parlamenti.jpg","contentUrl":"http:\/\/www.fjala.info\/2013\/parlamenti.jpg"},{"@type":"BreadcrumbList","@id":"https:\/\/fjala.info\/2009-2015\/zgjedhjet-ja-se-si-do-te-jete-parlamenti-i-ri\/#breadcrumb","itemListElement":[{"@type":"ListItem","position":1,"name":"Home","item":"https:\/\/fjala.info\/2009-2015\/"},{"@type":"ListItem","position":2,"name":"Zgjedhjet, ja se si do t\u00eb jet\u00eb Parlamenti i ri"}]},{"@type":"WebSite","@id":"https:\/\/fjala.info\/2009-2015\/#website","url":"https:\/\/fjala.info\/2009-2015\/","name":"FjALA e LIR\u00cb - Arkivi","description":"Arkivi 2009-2015","publisher":{"@id":"https:\/\/fjala.info\/2009-2015\/#organization"},"potentialAction":[{"@type":"SearchAction","target":{"@type":"EntryPoint","urlTemplate":"https:\/\/fjala.info\/2009-2015\/?s={search_term_string}"},"query-input":{"@type":"PropertyValueSpecification","valueRequired":true,"valueName":"search_term_string"}}],"inLanguage":"sq-AL"},{"@type":"Organization","@id":"https:\/\/fjala.info\/2009-2015\/#organization","name":"FjALA e LIR\u00cb - Arkivi","url":"https:\/\/fjala.info\/2009-2015\/","logo":{"@type":"ImageObject","inLanguage":"sq-AL","@id":"https:\/\/fjala.info\/2009-2015\/#\/schema\/logo\/image\/","url":"","contentUrl":"","caption":"FjALA e LIR\u00cb - Arkivi"},"image":{"@id":"https:\/\/fjala.info\/2009-2015\/#\/schema\/logo\/image\/"}},{"@type":"Person","@id":"https:\/\/fjala.info\/2009-2015\/#\/schema\/person\/3aa1163ef05469c496fc94e77611ada2","name":"admin","image":{"@type":"ImageObject","inLanguage":"sq-AL","@id":"https:\/\/fjala.info\/2009-2015\/wp-content\/uploads\/2012\/02\/arben_cokaj-120x150.jpg","url":"https:\/\/fjala.info\/2009-2015\/wp-content\/uploads\/2012\/02\/arben_cokaj-120x150.jpg","contentUrl":"https:\/\/fjala.info\/2009-2015\/wp-content\/uploads\/2012\/02\/arben_cokaj-120x150.jpg","caption":"admin"},"description":"Admin, Fjala e Lir\u00eb","sameAs":["https:\/\/fjala.info\/"],"url":"https:\/\/fjala.info\/2009-2015\/author\/admin\/"}]}},"_links":{"self":[{"href":"https:\/\/fjala.info\/2009-2015\/wp-json\/wp\/v2\/posts\/3347","targetHints":{"allow":["GET"]}}],"collection":[{"href":"https:\/\/fjala.info\/2009-2015\/wp-json\/wp\/v2\/posts"}],"about":[{"href":"https:\/\/fjala.info\/2009-2015\/wp-json\/wp\/v2\/types\/post"}],"author":[{"embeddable":true,"href":"https:\/\/fjala.info\/2009-2015\/wp-json\/wp\/v2\/users\/1"}],"replies":[{"embeddable":true,"href":"https:\/\/fjala.info\/2009-2015\/wp-json\/wp\/v2\/comments?post=3347"}],"version-history":[{"count":0,"href":"https:\/\/fjala.info\/2009-2015\/wp-json\/wp\/v2\/posts\/3347\/revisions"}],"wp:attachment":[{"href":"https:\/\/fjala.info\/2009-2015\/wp-json\/wp\/v2\/media?parent=3347"}],"wp:term":[{"taxonomy":"category","embeddable":true,"href":"https:\/\/fjala.info\/2009-2015\/wp-json\/wp\/v2\/categories?post=3347"},{"taxonomy":"post_tag","embeddable":true,"href":"https:\/\/fjala.info\/2009-2015\/wp-json\/wp\/v2\/tags?post=3347"}],"curies":[{"name":"wp","href":"https:\/\/api.w.org\/{rel}","templated":true}]}}