{"id":3342,"date":"2012-06-15T22:51:27","date_gmt":"2012-06-15T21:51:27","guid":{"rendered":"http:\/\/www.fjala.info\/?p=3342"},"modified":"2012-06-15T22:51:27","modified_gmt":"2012-06-15T21:51:27","slug":"ambasadoret-amerikane-me-te-fuqishem-edhe-se-qeverite","status":"publish","type":"post","link":"https:\/\/fjala.info\/2009-2015\/ambasadoret-amerikane-me-te-fuqishem-edhe-se-qeverite\/","title":{"rendered":"Ambasador\u00ebt amerikan\u00eb, m\u00eb t\u00eb fuqish\u00ebm edhe se qeverit\u00eb"},"content":{"rendered":"<p><img decoding=\"async\" class=\"alignright size-thumbnail wp-image-7236\" title=\"Ambasada amerikane\" src=\"http:\/\/www.fjala.info\/2012\/ambasada_amerikane.jpg\" alt=\"\" width=\"300\" \/> <strong><em>N\u00eb Shqip\u00ebri dhe n\u00eb Kosov\u00eb, dy vende t\u00eb pal\u00ebkundura pro-amerikane, t\u00eb d\u00ebrguarit amerikan\u00eb kan\u00eb aq shum\u00eb ndikim mbi politik\u00ebn lokale sa disa v\u00ebzhgues besojn\u00eb se ata kan\u00eb m\u00eb shum\u00eb fuqi se qeverit\u00eb e zgjedhura<\/em><\/strong><\/p>\n<p>Nga <strong>Besar Likmeta<\/strong>, <em>Diplomatic Courier<\/em>, <em>15 Qershor 2012<\/em><\/p>\n<p>Ish- presidenti amerikan, George W. Bush nuk ishte shum\u00eb popullor n\u00eb vendin e tij kur vizitoi Shqip\u00ebrin\u00eb n\u00eb korrik t\u00eb vitit 2007. N\u00eb fakt, kudo q\u00eb udh\u00ebtoi n\u00eb Europ\u00eb n\u00eb at\u00eb koh\u00eb, ai u p\u00ebrball me protesta, disa t\u00eb dhunshme. Protestuesit e shoq\u00ebruan nga \u00c7ekia, n\u00eb Gjermani e Itali. Konfrontimet dramatike n\u00eb Rom\u00eb paralizuan disa pjes\u00eb t\u00eb qytetit.<\/p>\n<p>Megjithat\u00eb, kur Air Force u ul n\u00eb aeroportin N\u00ebn\u00eb Tereza n\u00eb Tiran\u00eb, u p\u00ebrsh\u00ebndet me 21 t\u00eb sht\u00ebna dhe vend\u00ebsit mbush\u00ebn rrug\u00ebt e siguruara r\u00ebndsh\u00ebm duke hedhur parulla si \u2018krenar\u00eb q\u00eb jemi partner\u00eb\u2019.<\/p>\n<p>N\u00eb qytetin e vog\u00ebl t\u00eb Fush\u00eb Kruj\u00ebs, ku Bush ndaloi shkurtimisht p\u00ebr t\u00eb diskutuar nj\u00eb program mikrokredish t\u00eb financuara nga amerikan\u00ebt me nj\u00eb buk\u00ebpjek\u00ebs, nj\u00eb berber, nj\u00eb rrobaqep\u00ebs dhe nj\u00eb bari, ai u prit sikur t\u00eb ishte nj\u00eb rock-star. Sot nj\u00eb statuj\u00eb 2.85 met\u00ebr e gjat\u00eb e presidentit t\u00eb 43-t\u00eb amerikan zbukuron sheshin kryesor t\u00eb qytetit.<\/p>\n<p>N\u00eb t\u00eb nj\u00ebjt\u00ebn m\u00ebnyr\u00eb, kur Bill Clinton vizitoi Kosov\u00ebn nj\u00eb vit m\u00eb von\u00eb, u inaugurua nj\u00eb statuj\u00eb e art\u00eb e tij, nd\u00ebrkoh\u00eb q\u00eb mij\u00ebra njer\u00ebz sfiduan temperaturat e ul\u00ebta p\u00ebr t\u00eb hedhur nj\u00eb sy.<\/p>\n<p>Shum\u00eb njer\u00ebz n\u00eb Prishtin\u00eb e shohin Clinton si hero p\u00ebr nisjen e fushat\u00ebs s\u00eb bombardimeve kund\u00ebr forcave t\u00eb Milloshevi\u00e7it n\u00eb vitin 1999, me t\u00eb cilat iu dha fund pastrimit etnik t\u00eb shqiptar\u00ebve dhe u hap rruga e pavar\u00ebsis\u00eb s\u00eb Kosov\u00ebs.<\/p>\n<p>Nj\u00ebsoj si president\u00ebt amerikan\u00eb, ambasador\u00ebt e SHBA n\u00eb rajon g\u00ebzojn\u00eb nj\u00eb influenc\u00eb t\u00eb pashembullt, ndryshe nga \u00e7do diplomat tjet\u00ebr. Shpesh trajtohen si t\u00eb famsh\u00ebm. Mediat i ndjekin kudo, gazetar\u00ebt vihen n\u00eb radhe p\u00ebr t\u2019i pasur n\u00eb emisionet e tyre, nd\u00ebrkoh\u00eb q\u00eb deklaratat e tyre konspektohen fjal\u00eb p\u00ebr fjale.<\/p>\n<p>Disa analist\u00eb besojn\u00eb se nj\u00eb p\u00ebrzierje mes standardeve t\u00eb dob\u00ebta demokratike n\u00eb rajon dhe munges\u00ebs s\u00eb legjitimitetit nga elitat politika vendase ka krijuar nj\u00eb institucion t\u00eb vet\u00ebm- edhe pse diplomat\u00ebt nuk jan\u00eb zgjedhur, duke b\u00ebr\u00eb q\u00eb ata t\u00eb zot\u00ebrojn\u00eb m\u00eb shum\u00eb pushtet se qeveria.<\/p>\n<p>Nj\u00eb anekdot\u00eb e famshme e viteve \u201990 e thekson paradoksin: \u201cN\u00ebse nuk do ekzistonte nj\u00eb ambasador amerikan, do e kishim shpikur me patjet\u00ebr nj\u00eb\u201d.<\/p>\n<p>Ndikimi i tyre n\u00eb \u00e7\u00ebshtjet publike n\u00eb rajon \u00ebsht\u00eb aq i madh sa filozofi dhe kritiku slloven, Slavoj Zizek, dikur ka th\u00ebn\u00eb se qytetar\u00ebt e Ballkanit duhet t\u00eb ken\u00eb t\u00eb drejt\u00ebn t\u00eb votojn\u00eb p\u00ebr ambasadorin e tyre amerikan.<\/p>\n<p>Entuziazmi pro- amerikan n\u00eb Shqip\u00ebri daton q\u00eb prej Luft\u00ebs s\u00eb Par\u00eb Bot\u00ebrore kur presidenti Woodrow Wilson ndaloi p\u00ebrpjekjet p\u00ebr ndarjen e Shqip\u00ebris\u00eb mes fqinj\u00ebve. Ironikisht, Shqip\u00ebria ishte nj\u00eb vend i krijuar nga ambasador\u00ebt ne em\u00ebr t\u00eb Konferenc\u00ebs s\u00eb Londr\u00ebs n\u00eb vitin 1913, kur p\u00ebrfaq\u00ebsuesit e gjasht\u00eb fuqive evropiane t\u00eb asaj kohe ri-vizatuan kufijt\u00eb n\u00eb rajon pas disfat\u00ebs s\u00eb Perandoris\u00eb Osmane pas luft\u00ebrave ballkanike.<\/p>\n<p>Rreth nj\u00eb shekull m\u00eb von\u00eb, diplomat\u00ebt s\u00ebrish luajn\u00eb nj\u00eb rol t\u00eb r\u00ebnd\u00ebsish\u00ebm n\u00eb jet\u00ebn politike n\u00eb vend, madje edhe kur nuk jan\u00eb t\u00eb prirur p\u00ebr tu b\u00ebr\u00eb protagonist\u00eb.<\/p>\n<p>P\u00ebr shkak t\u00eb entuziazmit pro- amerikan n\u00eb Albanosfer\u00eb- nj\u00eb term q\u00eb p\u00ebrdoret gjithmon\u00eb e m\u00eb shum\u00eb p\u00ebr t\u2019iu referuar shqiptar\u00ebve etnik\u00eb n\u00eb Ballkan- ambasador\u00ebt amerikan\u00eb kan\u00eb m\u00eb shum\u00eb ndikim se kushdo nga koleg\u00ebt e tyre.<\/p>\n<p>\u201cJan\u00eb aq t\u00eb r\u00ebnd\u00ebsish\u00ebm sa ndonj\u00ebher\u00eb duket sikur politika vendase rrjedh sipas interpretimit t\u00eb fjal\u00ebve t\u00eb tyre,\u201d tha Andi Kananaj, nj\u00eb avokat dhe aktivist. \u201cAta duket sikur jan\u00eb em\u00ebruar nga ndonj\u00eb perandori p\u00ebr t\u00eb diktuar qeverit\u00eb\u201d.<\/p>\n<p>Komentatori politik, Mustafa Nano, pranon k\u00ebt\u00eb gj\u00eb duke th\u00ebn\u00eb se ambasadori amerikan n\u00eb Tiran\u00eb, Aleksand\u00ebr Arvizu, ka madje m\u00eb shum\u00eb fuqi se kryeministri i vendit. \u201c\u00cbsht\u00eb shum\u00eb e qart\u00eb se ambasadori amerikan \u00ebsht\u00eb institucioni m\u00eb i fuqish\u00ebm n\u00eb vend, edhe pse jo kushtetues,\u201d thot\u00eb ai.<\/p>\n<p>P\u00ebr t\u00eb ilustruar rolin q\u00eb ambasador\u00ebt e huaj luajn\u00eb n\u00eb Shqip\u00ebri, Nano madje p\u00ebrdor edhe termin \u2018ambasadoro-kracia\u2019, i cili vjen sipas tij prej revolt\u00ebs si qytetar q\u00eb ndjen se d\u00ebshira e tij p\u00ebr t\u00eb qen\u00eb sovran \u00ebsht\u00eb dhunuar.<\/p>\n<p>\u201cFuqia e ambasador\u00ebve m\u00eb m\u00ebrzit, si\u00e7 m\u00ebrzit gjithk\u00ebnd n\u00eb k\u00ebt\u00eb vend, megjithat\u00eb pa ta do kisha mbaruar dhe do kisha marr\u00eb pyjet,\u201d thot\u00eb ai, duke iu referuar rolit pozitiv q\u00eb kan\u00eb ambasador\u00ebt p\u00ebr t\u00eb mbrojtur lirit\u00eb e njeriut dhe t\u00eb medias.<\/p>\n<p>\u201cVende si Shqip\u00ebria jo vet\u00ebm q\u00eb e justifikojn\u00eb rolin e ambasador\u00ebve, por edhe e inkurajojn\u00eb,\u201d thot\u00eb ai.<\/p>\n<p>*<em>Marr\u00eb me shkurtime<\/em><\/p>\n","protected":false},"excerpt":{"rendered":"<p>N\u00eb Shqip\u00ebri dhe n\u00eb Kosov\u00eb, dy vende t\u00eb pal\u00ebkundura pro-amerikane, t\u00eb d\u00ebrguarit amerikan\u00eb kan\u00eb aq shum\u00eb ndikim mbi politik\u00ebn lokale sa disa v\u00ebzhgues besojn\u00eb se ata kan\u00eb m\u00eb shum\u00eb fuqi se qeverit\u00eb e zgjedhura Nga Besar Likmeta, Diplomatic Courier, 15 Qershor 2012 Ish- presidenti amerikan, George W. Bush nuk ishte shum\u00eb popullor n\u00eb vendin e [&hellip;]<\/p>\n","protected":false},"author":1,"featured_media":0,"comment_status":"open","ping_status":"closed","sticky":false,"template":"","format":"standard","meta":{"footnotes":""},"categories":[2],"tags":[],"class_list":{"0":"post-3342","1":"post","2":"type-post","3":"status-publish","4":"format-standard","6":"category-artikuj"},"yoast_head":"<!-- This site is optimized with the Yoast SEO plugin v27.4 - https:\/\/yoast.com\/product\/yoast-seo-wordpress\/ -->\n<title>Ambasador\u00ebt amerikan\u00eb, m\u00eb t\u00eb fuqish\u00ebm edhe se qeverit\u00eb - FjALA e LIR\u00cb - Arkivi<\/title>\n<meta name=\"robots\" content=\"index, follow, max-snippet:-1, max-image-preview:large, max-video-preview:-1\" \/>\n<link rel=\"canonical\" href=\"https:\/\/fjala.info\/2009-2015\/ambasadoret-amerikane-me-te-fuqishem-edhe-se-qeverite\/\" \/>\n<meta property=\"og:locale\" content=\"sq_AL\" \/>\n<meta property=\"og:type\" content=\"article\" \/>\n<meta property=\"og:title\" content=\"Ambasador\u00ebt amerikan\u00eb, m\u00eb t\u00eb fuqish\u00ebm edhe se qeverit\u00eb - FjALA e LIR\u00cb - Arkivi\" \/>\n<meta property=\"og:description\" content=\"N\u00eb Shqip\u00ebri dhe n\u00eb Kosov\u00eb, dy vende t\u00eb pal\u00ebkundura pro-amerikane, t\u00eb d\u00ebrguarit amerikan\u00eb kan\u00eb aq shum\u00eb ndikim mbi politik\u00ebn lokale sa disa v\u00ebzhgues besojn\u00eb se ata kan\u00eb m\u00eb shum\u00eb fuqi se qeverit\u00eb e zgjedhura Nga Besar Likmeta, Diplomatic Courier, 15 Qershor 2012 Ish- presidenti amerikan, George W. Bush nuk ishte shum\u00eb popullor n\u00eb vendin e [&hellip;]\" \/>\n<meta property=\"og:url\" content=\"https:\/\/fjala.info\/2009-2015\/ambasadoret-amerikane-me-te-fuqishem-edhe-se-qeverite\/\" \/>\n<meta property=\"og:site_name\" content=\"FjALA e LIR\u00cb - Arkivi\" \/>\n<meta property=\"article:published_time\" content=\"2012-06-15T21:51:27+00:00\" \/>\n<meta property=\"og:image\" content=\"http:\/\/www.fjala.info\/2012\/ambasada_amerikane.jpg\" \/>\n<meta name=\"author\" content=\"admin\" \/>\n<meta name=\"twitter:card\" content=\"summary_large_image\" \/>\n<meta name=\"twitter:label1\" content=\"Written by\" \/>\n\t<meta name=\"twitter:data1\" content=\"admin\" \/>\n\t<meta name=\"twitter:label2\" content=\"Est. reading time\" \/>\n\t<meta name=\"twitter:data2\" content=\"4 minutes\" \/>\n<script type=\"application\/ld+json\" class=\"yoast-schema-graph\">{\"@context\":\"https:\\\/\\\/schema.org\",\"@graph\":[{\"@type\":\"Article\",\"@id\":\"https:\\\/\\\/fjala.info\\\/2009-2015\\\/ambasadoret-amerikane-me-te-fuqishem-edhe-se-qeverite\\\/#article\",\"isPartOf\":{\"@id\":\"https:\\\/\\\/fjala.info\\\/2009-2015\\\/ambasadoret-amerikane-me-te-fuqishem-edhe-se-qeverite\\\/\"},\"author\":{\"name\":\"admin\",\"@id\":\"https:\\\/\\\/fjala.info\\\/2009-2015\\\/#\\\/schema\\\/person\\\/3aa1163ef05469c496fc94e77611ada2\"},\"headline\":\"Ambasador\u00ebt amerikan\u00eb, m\u00eb t\u00eb fuqish\u00ebm edhe se qeverit\u00eb\",\"datePublished\":\"2012-06-15T21:51:27+00:00\",\"mainEntityOfPage\":{\"@id\":\"https:\\\/\\\/fjala.info\\\/2009-2015\\\/ambasadoret-amerikane-me-te-fuqishem-edhe-se-qeverite\\\/\"},\"wordCount\":852,\"commentCount\":0,\"publisher\":{\"@id\":\"https:\\\/\\\/fjala.info\\\/2009-2015\\\/#organization\"},\"image\":{\"@id\":\"https:\\\/\\\/fjala.info\\\/2009-2015\\\/ambasadoret-amerikane-me-te-fuqishem-edhe-se-qeverite\\\/#primaryimage\"},\"thumbnailUrl\":\"http:\\\/\\\/www.fjala.info\\\/2012\\\/ambasada_amerikane.jpg\",\"articleSection\":[\"Artikuj\"],\"inLanguage\":\"sq-AL\",\"potentialAction\":[{\"@type\":\"CommentAction\",\"name\":\"Comment\",\"target\":[\"https:\\\/\\\/fjala.info\\\/2009-2015\\\/ambasadoret-amerikane-me-te-fuqishem-edhe-se-qeverite\\\/#respond\"]}]},{\"@type\":\"WebPage\",\"@id\":\"https:\\\/\\\/fjala.info\\\/2009-2015\\\/ambasadoret-amerikane-me-te-fuqishem-edhe-se-qeverite\\\/\",\"url\":\"https:\\\/\\\/fjala.info\\\/2009-2015\\\/ambasadoret-amerikane-me-te-fuqishem-edhe-se-qeverite\\\/\",\"name\":\"Ambasador\u00ebt amerikan\u00eb, m\u00eb t\u00eb fuqish\u00ebm edhe se qeverit\u00eb - FjALA e LIR\u00cb - Arkivi\",\"isPartOf\":{\"@id\":\"https:\\\/\\\/fjala.info\\\/2009-2015\\\/#website\"},\"primaryImageOfPage\":{\"@id\":\"https:\\\/\\\/fjala.info\\\/2009-2015\\\/ambasadoret-amerikane-me-te-fuqishem-edhe-se-qeverite\\\/#primaryimage\"},\"image\":{\"@id\":\"https:\\\/\\\/fjala.info\\\/2009-2015\\\/ambasadoret-amerikane-me-te-fuqishem-edhe-se-qeverite\\\/#primaryimage\"},\"thumbnailUrl\":\"http:\\\/\\\/www.fjala.info\\\/2012\\\/ambasada_amerikane.jpg\",\"datePublished\":\"2012-06-15T21:51:27+00:00\",\"breadcrumb\":{\"@id\":\"https:\\\/\\\/fjala.info\\\/2009-2015\\\/ambasadoret-amerikane-me-te-fuqishem-edhe-se-qeverite\\\/#breadcrumb\"},\"inLanguage\":\"sq-AL\",\"potentialAction\":[{\"@type\":\"ReadAction\",\"target\":[\"https:\\\/\\\/fjala.info\\\/2009-2015\\\/ambasadoret-amerikane-me-te-fuqishem-edhe-se-qeverite\\\/\"]}]},{\"@type\":\"ImageObject\",\"inLanguage\":\"sq-AL\",\"@id\":\"https:\\\/\\\/fjala.info\\\/2009-2015\\\/ambasadoret-amerikane-me-te-fuqishem-edhe-se-qeverite\\\/#primaryimage\",\"url\":\"http:\\\/\\\/www.fjala.info\\\/2012\\\/ambasada_amerikane.jpg\",\"contentUrl\":\"http:\\\/\\\/www.fjala.info\\\/2012\\\/ambasada_amerikane.jpg\"},{\"@type\":\"BreadcrumbList\",\"@id\":\"https:\\\/\\\/fjala.info\\\/2009-2015\\\/ambasadoret-amerikane-me-te-fuqishem-edhe-se-qeverite\\\/#breadcrumb\",\"itemListElement\":[{\"@type\":\"ListItem\",\"position\":1,\"name\":\"Home\",\"item\":\"https:\\\/\\\/fjala.info\\\/2009-2015\\\/\"},{\"@type\":\"ListItem\",\"position\":2,\"name\":\"Ambasador\u00ebt amerikan\u00eb, m\u00eb t\u00eb fuqish\u00ebm edhe se qeverit\u00eb\"}]},{\"@type\":\"WebSite\",\"@id\":\"https:\\\/\\\/fjala.info\\\/2009-2015\\\/#website\",\"url\":\"https:\\\/\\\/fjala.info\\\/2009-2015\\\/\",\"name\":\"FjALA e LIR\u00cb - Arkivi\",\"description\":\"Arkivi 2009-2015\",\"publisher\":{\"@id\":\"https:\\\/\\\/fjala.info\\\/2009-2015\\\/#organization\"},\"potentialAction\":[{\"@type\":\"SearchAction\",\"target\":{\"@type\":\"EntryPoint\",\"urlTemplate\":\"https:\\\/\\\/fjala.info\\\/2009-2015\\\/?s={search_term_string}\"},\"query-input\":{\"@type\":\"PropertyValueSpecification\",\"valueRequired\":true,\"valueName\":\"search_term_string\"}}],\"inLanguage\":\"sq-AL\"},{\"@type\":\"Organization\",\"@id\":\"https:\\\/\\\/fjala.info\\\/2009-2015\\\/#organization\",\"name\":\"FjALA e LIR\u00cb - Arkivi\",\"url\":\"https:\\\/\\\/fjala.info\\\/2009-2015\\\/\",\"logo\":{\"@type\":\"ImageObject\",\"inLanguage\":\"sq-AL\",\"@id\":\"https:\\\/\\\/fjala.info\\\/2009-2015\\\/#\\\/schema\\\/logo\\\/image\\\/\",\"url\":\"\",\"contentUrl\":\"\",\"caption\":\"FjALA e LIR\u00cb - Arkivi\"},\"image\":{\"@id\":\"https:\\\/\\\/fjala.info\\\/2009-2015\\\/#\\\/schema\\\/logo\\\/image\\\/\"}},{\"@type\":\"Person\",\"@id\":\"https:\\\/\\\/fjala.info\\\/2009-2015\\\/#\\\/schema\\\/person\\\/3aa1163ef05469c496fc94e77611ada2\",\"name\":\"admin\",\"image\":{\"@type\":\"ImageObject\",\"inLanguage\":\"sq-AL\",\"@id\":\"https:\\\/\\\/fjala.info\\\/2009-2015\\\/wp-content\\\/uploads\\\/2012\\\/02\\\/arben_cokaj-120x150.jpg\",\"url\":\"https:\\\/\\\/fjala.info\\\/2009-2015\\\/wp-content\\\/uploads\\\/2012\\\/02\\\/arben_cokaj-120x150.jpg\",\"contentUrl\":\"https:\\\/\\\/fjala.info\\\/2009-2015\\\/wp-content\\\/uploads\\\/2012\\\/02\\\/arben_cokaj-120x150.jpg\",\"caption\":\"admin\"},\"description\":\"Admin, Fjala e Lir\u00eb\",\"sameAs\":[\"https:\\\/\\\/fjala.info\\\/\"],\"url\":\"https:\\\/\\\/fjala.info\\\/2009-2015\\\/author\\\/admin\\\/\"}]}<\/script>\n<!-- \/ Yoast SEO plugin. -->","yoast_head_json":{"title":"Ambasador\u00ebt amerikan\u00eb, m\u00eb t\u00eb fuqish\u00ebm edhe se qeverit\u00eb - FjALA e LIR\u00cb - Arkivi","robots":{"index":"index","follow":"follow","max-snippet":"max-snippet:-1","max-image-preview":"max-image-preview:large","max-video-preview":"max-video-preview:-1"},"canonical":"https:\/\/fjala.info\/2009-2015\/ambasadoret-amerikane-me-te-fuqishem-edhe-se-qeverite\/","og_locale":"sq_AL","og_type":"article","og_title":"Ambasador\u00ebt amerikan\u00eb, m\u00eb t\u00eb fuqish\u00ebm edhe se qeverit\u00eb - FjALA e LIR\u00cb - Arkivi","og_description":"N\u00eb Shqip\u00ebri dhe n\u00eb Kosov\u00eb, dy vende t\u00eb pal\u00ebkundura pro-amerikane, t\u00eb d\u00ebrguarit amerikan\u00eb kan\u00eb aq shum\u00eb ndikim mbi politik\u00ebn lokale sa disa v\u00ebzhgues besojn\u00eb se ata kan\u00eb m\u00eb shum\u00eb fuqi se qeverit\u00eb e zgjedhura Nga Besar Likmeta, Diplomatic Courier, 15 Qershor 2012 Ish- presidenti amerikan, George W. Bush nuk ishte shum\u00eb popullor n\u00eb vendin e [&hellip;]","og_url":"https:\/\/fjala.info\/2009-2015\/ambasadoret-amerikane-me-te-fuqishem-edhe-se-qeverite\/","og_site_name":"FjALA e LIR\u00cb - Arkivi","article_published_time":"2012-06-15T21:51:27+00:00","og_image":[{"url":"http:\/\/www.fjala.info\/2012\/ambasada_amerikane.jpg","type":"","width":"","height":""}],"author":"admin","twitter_card":"summary_large_image","twitter_misc":{"Written by":"admin","Est. reading time":"4 minutes"},"schema":{"@context":"https:\/\/schema.org","@graph":[{"@type":"Article","@id":"https:\/\/fjala.info\/2009-2015\/ambasadoret-amerikane-me-te-fuqishem-edhe-se-qeverite\/#article","isPartOf":{"@id":"https:\/\/fjala.info\/2009-2015\/ambasadoret-amerikane-me-te-fuqishem-edhe-se-qeverite\/"},"author":{"name":"admin","@id":"https:\/\/fjala.info\/2009-2015\/#\/schema\/person\/3aa1163ef05469c496fc94e77611ada2"},"headline":"Ambasador\u00ebt amerikan\u00eb, m\u00eb t\u00eb fuqish\u00ebm edhe se qeverit\u00eb","datePublished":"2012-06-15T21:51:27+00:00","mainEntityOfPage":{"@id":"https:\/\/fjala.info\/2009-2015\/ambasadoret-amerikane-me-te-fuqishem-edhe-se-qeverite\/"},"wordCount":852,"commentCount":0,"publisher":{"@id":"https:\/\/fjala.info\/2009-2015\/#organization"},"image":{"@id":"https:\/\/fjala.info\/2009-2015\/ambasadoret-amerikane-me-te-fuqishem-edhe-se-qeverite\/#primaryimage"},"thumbnailUrl":"http:\/\/www.fjala.info\/2012\/ambasada_amerikane.jpg","articleSection":["Artikuj"],"inLanguage":"sq-AL","potentialAction":[{"@type":"CommentAction","name":"Comment","target":["https:\/\/fjala.info\/2009-2015\/ambasadoret-amerikane-me-te-fuqishem-edhe-se-qeverite\/#respond"]}]},{"@type":"WebPage","@id":"https:\/\/fjala.info\/2009-2015\/ambasadoret-amerikane-me-te-fuqishem-edhe-se-qeverite\/","url":"https:\/\/fjala.info\/2009-2015\/ambasadoret-amerikane-me-te-fuqishem-edhe-se-qeverite\/","name":"Ambasador\u00ebt amerikan\u00eb, m\u00eb t\u00eb fuqish\u00ebm edhe se qeverit\u00eb - FjALA e LIR\u00cb - Arkivi","isPartOf":{"@id":"https:\/\/fjala.info\/2009-2015\/#website"},"primaryImageOfPage":{"@id":"https:\/\/fjala.info\/2009-2015\/ambasadoret-amerikane-me-te-fuqishem-edhe-se-qeverite\/#primaryimage"},"image":{"@id":"https:\/\/fjala.info\/2009-2015\/ambasadoret-amerikane-me-te-fuqishem-edhe-se-qeverite\/#primaryimage"},"thumbnailUrl":"http:\/\/www.fjala.info\/2012\/ambasada_amerikane.jpg","datePublished":"2012-06-15T21:51:27+00:00","breadcrumb":{"@id":"https:\/\/fjala.info\/2009-2015\/ambasadoret-amerikane-me-te-fuqishem-edhe-se-qeverite\/#breadcrumb"},"inLanguage":"sq-AL","potentialAction":[{"@type":"ReadAction","target":["https:\/\/fjala.info\/2009-2015\/ambasadoret-amerikane-me-te-fuqishem-edhe-se-qeverite\/"]}]},{"@type":"ImageObject","inLanguage":"sq-AL","@id":"https:\/\/fjala.info\/2009-2015\/ambasadoret-amerikane-me-te-fuqishem-edhe-se-qeverite\/#primaryimage","url":"http:\/\/www.fjala.info\/2012\/ambasada_amerikane.jpg","contentUrl":"http:\/\/www.fjala.info\/2012\/ambasada_amerikane.jpg"},{"@type":"BreadcrumbList","@id":"https:\/\/fjala.info\/2009-2015\/ambasadoret-amerikane-me-te-fuqishem-edhe-se-qeverite\/#breadcrumb","itemListElement":[{"@type":"ListItem","position":1,"name":"Home","item":"https:\/\/fjala.info\/2009-2015\/"},{"@type":"ListItem","position":2,"name":"Ambasador\u00ebt amerikan\u00eb, m\u00eb t\u00eb fuqish\u00ebm edhe se qeverit\u00eb"}]},{"@type":"WebSite","@id":"https:\/\/fjala.info\/2009-2015\/#website","url":"https:\/\/fjala.info\/2009-2015\/","name":"FjALA e LIR\u00cb - Arkivi","description":"Arkivi 2009-2015","publisher":{"@id":"https:\/\/fjala.info\/2009-2015\/#organization"},"potentialAction":[{"@type":"SearchAction","target":{"@type":"EntryPoint","urlTemplate":"https:\/\/fjala.info\/2009-2015\/?s={search_term_string}"},"query-input":{"@type":"PropertyValueSpecification","valueRequired":true,"valueName":"search_term_string"}}],"inLanguage":"sq-AL"},{"@type":"Organization","@id":"https:\/\/fjala.info\/2009-2015\/#organization","name":"FjALA e LIR\u00cb - Arkivi","url":"https:\/\/fjala.info\/2009-2015\/","logo":{"@type":"ImageObject","inLanguage":"sq-AL","@id":"https:\/\/fjala.info\/2009-2015\/#\/schema\/logo\/image\/","url":"","contentUrl":"","caption":"FjALA e LIR\u00cb - Arkivi"},"image":{"@id":"https:\/\/fjala.info\/2009-2015\/#\/schema\/logo\/image\/"}},{"@type":"Person","@id":"https:\/\/fjala.info\/2009-2015\/#\/schema\/person\/3aa1163ef05469c496fc94e77611ada2","name":"admin","image":{"@type":"ImageObject","inLanguage":"sq-AL","@id":"https:\/\/fjala.info\/2009-2015\/wp-content\/uploads\/2012\/02\/arben_cokaj-120x150.jpg","url":"https:\/\/fjala.info\/2009-2015\/wp-content\/uploads\/2012\/02\/arben_cokaj-120x150.jpg","contentUrl":"https:\/\/fjala.info\/2009-2015\/wp-content\/uploads\/2012\/02\/arben_cokaj-120x150.jpg","caption":"admin"},"description":"Admin, Fjala e Lir\u00eb","sameAs":["https:\/\/fjala.info\/"],"url":"https:\/\/fjala.info\/2009-2015\/author\/admin\/"}]}},"_links":{"self":[{"href":"https:\/\/fjala.info\/2009-2015\/wp-json\/wp\/v2\/posts\/3342","targetHints":{"allow":["GET"]}}],"collection":[{"href":"https:\/\/fjala.info\/2009-2015\/wp-json\/wp\/v2\/posts"}],"about":[{"href":"https:\/\/fjala.info\/2009-2015\/wp-json\/wp\/v2\/types\/post"}],"author":[{"embeddable":true,"href":"https:\/\/fjala.info\/2009-2015\/wp-json\/wp\/v2\/users\/1"}],"replies":[{"embeddable":true,"href":"https:\/\/fjala.info\/2009-2015\/wp-json\/wp\/v2\/comments?post=3342"}],"version-history":[{"count":0,"href":"https:\/\/fjala.info\/2009-2015\/wp-json\/wp\/v2\/posts\/3342\/revisions"}],"wp:attachment":[{"href":"https:\/\/fjala.info\/2009-2015\/wp-json\/wp\/v2\/media?parent=3342"}],"wp:term":[{"taxonomy":"category","embeddable":true,"href":"https:\/\/fjala.info\/2009-2015\/wp-json\/wp\/v2\/categories?post=3342"},{"taxonomy":"post_tag","embeddable":true,"href":"https:\/\/fjala.info\/2009-2015\/wp-json\/wp\/v2\/tags?post=3342"}],"curies":[{"name":"wp","href":"https:\/\/api.w.org\/{rel}","templated":true}]}}