{"id":3341,"date":"2010-07-16T10:35:49","date_gmt":"2010-07-16T09:35:49","guid":{"rendered":"http:\/\/fjala.shkoder.net\/?p=3341"},"modified":"2010-07-16T10:35:49","modified_gmt":"2010-07-16T09:35:49","slug":"stop-blerjes-se-kohes","status":"publish","type":"post","link":"https:\/\/fjala.info\/2009-2015\/stop-blerjes-se-kohes\/","title":{"rendered":"Stop blerjes s\u00eb koh\u00ebs"},"content":{"rendered":"<p><img decoding=\"async\" style=\"margin-left: 10px; margin-right: 10px; border: 0px;\" title=\"Mentor Nazarko\" src=\"http:\/\/www.shkoder.net\/images\/fjala\/mentor_nazarko.jpg\" border=\"0\" alt=\"\" width=\"100\" align=\"right\" \/><\/p>\n<p><strong>Mentor Nazarko<\/strong>, <em>15.07.2010<\/em><\/p>\n<p>P\u00ebr her\u00eb t\u00eb par\u00eb pas kaq shum\u00eb koh\u00ebsh, zoti Berisha n\u00eb mbledhjen e grupit parlamentar foli p\u00ebr mund\u00ebsin\u00eb e rinum\u00ebrimit t\u00eb votave, pas nj\u00eb vendimi eventual t\u00eb Gjykat\u00ebs Kushtetuese. Pra, p\u00ebr hapjen e kutive. Madje ai p\u00ebr her\u00eb t\u00eb par\u00eb p\u00ebrmendi si vend ankimimi dhe Gjykat\u00ebn Europiane t\u00eb Strasburgut. Pse? E para, rezoluta e PE, me kusht\u00ebzimet publike dhe jopublike, m\u00eb t\u00eb forta se kurr\u00eb ndonj\u00ebher\u00eb, detyruan kreun e PD-s\u00eb t\u00eb l\u00ebshoj\u00eb pe. Ishin imponime bashk\u00eb me kart\u00ebn e vizave, ku faktori koh\u00eb \u00ebsht\u00eb thelb\u00ebsor.<\/p>\n<p>E dyta, sepse koha p\u00ebr t\u00eb premtuar sende t\u00eb tilla, duket se nuk i krijon probleme PD-s\u00eb. Nd\u00ebrprerja e punimeve t\u00eb Parlamentit dhe komisionit hetimor n\u00eb ver\u00eb, koh\u00ebt proceduriale t\u00eb ankimimit n\u00eb Gjykat\u00ebn Kushtetuese, afrimi i zgjedhjeve lokale, etj., neutralizon shum\u00eb prej atyre q\u00eb mund t\u00eb ishin efektet e k\u00ebtij rinum\u00ebrimi. Ajo lejon q\u00eb mediat, shoq\u00ebria t\u00eb vazhdojn\u00eb t\u00eb merren edhe ca me kutit\u00eb, n\u00eb vend se me problemet reale t\u00eb vendit. Koha pra \u00ebsht\u00eb faktori kryesor n\u00eb manovr\u00ebn taktike t\u00eb Berish\u00ebs.<\/p>\n<p>E treta, si\u00e7 ka treguar shpesh zoti Berisha, ai nes\u00ebr mund ta kund\u00ebrshtoj\u00eb pa pik\u00eb problemi at\u00eb q\u00eb tha sot. Ndershm\u00ebria politike nuk \u00ebsht\u00eb pika m\u00eb e fort\u00eb e tij, at\u00eb q\u00eb ai thot\u00eb sot, e ha nes\u00ebr, pra faktori koh\u00eb n\u00eb at\u00eb q\u00eb ai thot\u00eb, \u00ebsht\u00eb i r\u00ebnd\u00ebsish\u00ebm.<\/p>\n<p>E kat\u00ebrta, Berish\u00ebs ju desh\u00ebn disa muaj t\u00eb tjer\u00eb p\u00ebr t\u00eb mb\u00ebrritur tek ky propozim, dikur i PS sapo doli nga greva, di\u00e7ka q\u00eb tregon se ai n\u00eb k\u00ebt\u00eb kriz\u00eb ka dashur t\u00eb blej\u00eb koh\u00eb pushteti.<\/p>\n<p>E pesta, n\u00eb k\u00ebt\u00eb objektiv, por edhe p\u00ebr propagand\u00eb, me \u00e7do kusht dhe \u00e7do mjet duhet renditur dhe &#8220;ideja&#8221; e paditur juridikisht p\u00ebr Gjykat\u00ebn e Strasburgut. \u00cbsht\u00eb nj\u00eb propozim i paprecedent me disa pik\u00ebpyetje juridike: kush, si, p\u00ebr sa koh\u00eb, ku mb\u00ebshtetet, etj. Ky proces mund t\u00eb marr\u00eb teorikisht shum\u00eb koh\u00eb dhe prap\u00eb mb\u00ebrrit\u00ebm tek koha si variab\u00ebl ky\u00e7e n\u00eb ligj\u00ebrimin berishian.<\/p>\n<p>Edhe takimi i djesh\u00ebm mes Ru\u00e7it dhe Patozit dhe propozimet e PD krejt t\u00eb ndryshme nga ato q\u00eb tha Berisha n\u00eb mbledhjen e grupit parlamentar tregojn\u00eb se lajtmotivi i zgjatjes s\u00eb kriz\u00ebs nga ana e PD ka qen\u00eb blerja e koh\u00ebs. P\u00ebrmbajtja e propozimeve, koherenca e tyre nuk ka asnj\u00eb lloj r\u00ebnd\u00ebsie.<\/p>\n<p>N\u00eb fund t\u00eb k\u00ebsaj analize, megjith\u00ebse Berisha pranon Parlamentin Europian, &#8220;blerja e koh\u00ebs&#8221; dhe &#8220;shitja e propagand\u00ebs&#8221; duken element\u00ebt kryesor\u00eb t\u00eb prononcimit t\u00eb tij. Ajo q\u00eb p\u00ebr ne duket shqet\u00ebsim i madh \u00ebsht\u00eb &#8220;sesa shum\u00eb koh\u00eb&#8221; do t\u00eb humbet, sa shum\u00eb koh\u00eb do t\u00eb shitet akoma p\u00ebr t\u00eb arritur tek zgjidhja e v\u00ebrtet\u00eb. Kjo zgjidhje e v\u00ebrtet\u00eb \u00ebsht\u00eb interes publik, \u00ebsht\u00eb interes komb\u00ebtar. Ja p\u00ebrse.<\/p>\n<p>Sipas t\u00eb gjith\u00eb prononcimeve europiane, kriza duhet t\u00eb zgjidhet brenda 4 muajsh q\u00eb na ndajn\u00eb jo thjesht nga liberalizimi i vizave, por edhe nga shqyrtimi i statusit t\u00eb vendit kandidat p\u00ebr Shqip\u00ebrin\u00eb. Ky \u00ebsht\u00eb objektivi themelor, m\u00eb i r\u00ebnd\u00ebsish\u00ebm i vendit ton\u00eb, pavar\u00ebsisht se deri n\u00eb an\u00ebtar\u00ebsimin e plot\u00eb mund t\u00eb kalojn\u00eb disa vite. BE-ja synon t\u00eb arrij\u00eb tek nj\u00eb vendim kolektiv p\u00ebr vendet e rajonit, pra nj\u00eb dh\u00ebnie e k\u00ebtij statusi nj\u00ebher\u00ebsh p\u00ebr Serbin\u00eb, Shqip\u00ebrin\u00eb, Malin e Zi, dhe Shqip\u00ebria nuk duhet t\u00eb mbetet prapa, na thot\u00eb BE me dashamir\u00ebsi.<\/p>\n<p>Blerja e koh\u00ebs p\u00ebr arsye q\u00eb lidhen me politik\u00ebn e brendshme, sakrifikimi i k\u00ebtij objektivi madhor komb\u00ebtar, q\u00eb do ta fuqizonte pozit\u00ebn rajonale t\u00eb Shqip\u00ebris\u00eb dhe shqiptar\u00ebve, do t\u00eb dukej nj\u00eb meskinitet i paturpsh\u00ebm. N\u00ebse Shqip\u00ebria do t\u00eb mbetej prapa Serbis\u00eb, at\u00ebher\u00eb integrimi i saj do t\u00eb shtyhej dhe bllokohej prej vot\u00ebs serbe.<\/p>\n<p>Njeriu q\u00eb sot synon t\u00eb blej\u00eb s\u00ebrish koh\u00eb, t\u00eb fitoj\u00eb beteja politike t\u00eb brendshme, duke rrezikuar nj\u00eb objektiv t\u00eb till\u00eb komb\u00ebtar, duhet t\u00eb kuptoj\u00eb se historia nes\u00ebr do t\u00eb tregohet e pam\u00ebshirshme me t\u00eb. Ai do t\u00eb sh\u00ebnohej si p\u00ebrs\u00ebrit\u00ebs n\u00eb kryerjen e nj\u00eb keqb\u00ebrjeje t\u00eb till\u00eb. N\u00eb vitin 1996 ai nuk nd\u00ebrhyri n\u00eb koh\u00eb p\u00ebr t\u00eb ndaluar kriz\u00ebn e piramidave, sepse duhej t\u00eb fitonte zgjedhjet parlamentare dhe bash p\u00ebr k\u00ebt\u00eb arsye, n\u00ebnshkrimi i Marr\u00ebveshjes s\u00eb Asocimit me BE-n\u00eb, u shty pafund\u00ebsisht. Shqip\u00ebria sot mund t\u00eb ishte n\u00eb BE bashk\u00eb me vende t\u00eb tjera ish-komuniste. Ky objektiv u rrezikua pik\u00ebrisht prej operacionit taktik shkat\u00ebrrimtar t\u00eb politikanit q\u00eb sot \u00ebsht\u00eb n\u00eb krye t\u00eb vendit.<\/p>\n<p>P\u00ebr k\u00ebt\u00eb arsye, opozita duhet t\u00eb jet\u00eb m\u00eb e qart\u00eb, m\u00eb e fort\u00eb, m\u00eb e vendosur dhe t\u00eb b\u00ebj\u00eb realisht opozit\u00eb. Jo si deri m\u00eb sot, kur ajo ka heshtur, ka injoruar, ka neglizhuar, ka n\u00ebnvleft\u00ebsuar problemet m\u00eb t\u00eb r\u00ebnd\u00ebsishme t\u00eb vendit, n\u00eb em\u00ebr t\u00eb s\u00eb ashtuquajtur\u00ebs kriz\u00eb t\u00eb kutive. Duke humbur koh\u00ebn e vet, ton\u00ebn, dhe duke ia dhuruar at\u00eb politikanit n\u00eb pushtet, Sali Berisha.<\/p>\n","protected":false},"excerpt":{"rendered":"<p>Mentor Nazarko, 15.07.2010 P\u00ebr her\u00eb t\u00eb par\u00eb pas kaq shum\u00eb koh\u00ebsh, zoti Berisha n\u00eb mbledhjen e grupit parlamentar foli p\u00ebr mund\u00ebsin\u00eb e rinum\u00ebrimit t\u00eb votave, pas nj\u00eb vendimi eventual t\u00eb Gjykat\u00ebs Kushtetuese. Pra, p\u00ebr hapjen e kutive. Madje ai p\u00ebr her\u00eb t\u00eb par\u00eb p\u00ebrmendi si vend ankimimi dhe Gjykat\u00ebn Europiane t\u00eb Strasburgut. Pse? E para, [&hellip;]<\/p>\n","protected":false},"author":1,"featured_media":0,"comment_status":"open","ping_status":"closed","sticky":false,"template":"","format":"standard","meta":{"footnotes":""},"categories":[2],"tags":[],"class_list":{"0":"post-3341","1":"post","2":"type-post","3":"status-publish","4":"format-standard","6":"category-artikuj"},"yoast_head":"<!-- This site is optimized with the Yoast SEO plugin v27.4 - https:\/\/yoast.com\/product\/yoast-seo-wordpress\/ -->\n<title>Stop blerjes s\u00eb koh\u00ebs - FjALA e LIR\u00cb - Arkivi<\/title>\n<meta name=\"robots\" content=\"index, follow, max-snippet:-1, max-image-preview:large, max-video-preview:-1\" \/>\n<link rel=\"canonical\" href=\"https:\/\/fjala.info\/2009-2015\/stop-blerjes-se-kohes\/\" \/>\n<meta property=\"og:locale\" content=\"sq_AL\" \/>\n<meta property=\"og:type\" content=\"article\" \/>\n<meta property=\"og:title\" content=\"Stop blerjes s\u00eb koh\u00ebs - FjALA e LIR\u00cb - Arkivi\" \/>\n<meta property=\"og:description\" content=\"Mentor Nazarko, 15.07.2010 P\u00ebr her\u00eb t\u00eb par\u00eb pas kaq shum\u00eb koh\u00ebsh, zoti Berisha n\u00eb mbledhjen e grupit parlamentar foli p\u00ebr mund\u00ebsin\u00eb e rinum\u00ebrimit t\u00eb votave, pas nj\u00eb vendimi eventual t\u00eb Gjykat\u00ebs Kushtetuese. Pra, p\u00ebr hapjen e kutive. Madje ai p\u00ebr her\u00eb t\u00eb par\u00eb p\u00ebrmendi si vend ankimimi dhe Gjykat\u00ebn Europiane t\u00eb Strasburgut. Pse? E para, [&hellip;]\" \/>\n<meta property=\"og:url\" content=\"https:\/\/fjala.info\/2009-2015\/stop-blerjes-se-kohes\/\" \/>\n<meta property=\"og:site_name\" content=\"FjALA e LIR\u00cb - Arkivi\" \/>\n<meta property=\"article:published_time\" content=\"2010-07-16T09:35:49+00:00\" \/>\n<meta property=\"og:image\" content=\"http:\/\/www.shkoder.net\/images\/fjala\/mentor_nazarko.jpg\" \/>\n<meta name=\"author\" content=\"admin\" \/>\n<meta name=\"twitter:card\" content=\"summary_large_image\" \/>\n<meta name=\"twitter:label1\" content=\"Written by\" \/>\n\t<meta name=\"twitter:data1\" content=\"admin\" \/>\n\t<meta name=\"twitter:label2\" content=\"Est. reading time\" \/>\n\t<meta name=\"twitter:data2\" content=\"4 minutes\" \/>\n<script type=\"application\/ld+json\" class=\"yoast-schema-graph\">{\"@context\":\"https:\\\/\\\/schema.org\",\"@graph\":[{\"@type\":\"Article\",\"@id\":\"https:\\\/\\\/fjala.info\\\/2009-2015\\\/stop-blerjes-se-kohes\\\/#article\",\"isPartOf\":{\"@id\":\"https:\\\/\\\/fjala.info\\\/2009-2015\\\/stop-blerjes-se-kohes\\\/\"},\"author\":{\"name\":\"admin\",\"@id\":\"https:\\\/\\\/fjala.info\\\/2009-2015\\\/#\\\/schema\\\/person\\\/3aa1163ef05469c496fc94e77611ada2\"},\"headline\":\"Stop blerjes s\u00eb koh\u00ebs\",\"datePublished\":\"2010-07-16T09:35:49+00:00\",\"mainEntityOfPage\":{\"@id\":\"https:\\\/\\\/fjala.info\\\/2009-2015\\\/stop-blerjes-se-kohes\\\/\"},\"wordCount\":889,\"commentCount\":0,\"publisher\":{\"@id\":\"https:\\\/\\\/fjala.info\\\/2009-2015\\\/#organization\"},\"image\":{\"@id\":\"https:\\\/\\\/fjala.info\\\/2009-2015\\\/stop-blerjes-se-kohes\\\/#primaryimage\"},\"thumbnailUrl\":\"http:\\\/\\\/www.shkoder.net\\\/images\\\/fjala\\\/mentor_nazarko.jpg\",\"articleSection\":[\"Artikuj\"],\"inLanguage\":\"sq-AL\",\"potentialAction\":[{\"@type\":\"CommentAction\",\"name\":\"Comment\",\"target\":[\"https:\\\/\\\/fjala.info\\\/2009-2015\\\/stop-blerjes-se-kohes\\\/#respond\"]}]},{\"@type\":\"WebPage\",\"@id\":\"https:\\\/\\\/fjala.info\\\/2009-2015\\\/stop-blerjes-se-kohes\\\/\",\"url\":\"https:\\\/\\\/fjala.info\\\/2009-2015\\\/stop-blerjes-se-kohes\\\/\",\"name\":\"Stop blerjes s\u00eb koh\u00ebs - FjALA e LIR\u00cb - Arkivi\",\"isPartOf\":{\"@id\":\"https:\\\/\\\/fjala.info\\\/2009-2015\\\/#website\"},\"primaryImageOfPage\":{\"@id\":\"https:\\\/\\\/fjala.info\\\/2009-2015\\\/stop-blerjes-se-kohes\\\/#primaryimage\"},\"image\":{\"@id\":\"https:\\\/\\\/fjala.info\\\/2009-2015\\\/stop-blerjes-se-kohes\\\/#primaryimage\"},\"thumbnailUrl\":\"http:\\\/\\\/www.shkoder.net\\\/images\\\/fjala\\\/mentor_nazarko.jpg\",\"datePublished\":\"2010-07-16T09:35:49+00:00\",\"breadcrumb\":{\"@id\":\"https:\\\/\\\/fjala.info\\\/2009-2015\\\/stop-blerjes-se-kohes\\\/#breadcrumb\"},\"inLanguage\":\"sq-AL\",\"potentialAction\":[{\"@type\":\"ReadAction\",\"target\":[\"https:\\\/\\\/fjala.info\\\/2009-2015\\\/stop-blerjes-se-kohes\\\/\"]}]},{\"@type\":\"ImageObject\",\"inLanguage\":\"sq-AL\",\"@id\":\"https:\\\/\\\/fjala.info\\\/2009-2015\\\/stop-blerjes-se-kohes\\\/#primaryimage\",\"url\":\"http:\\\/\\\/www.shkoder.net\\\/images\\\/fjala\\\/mentor_nazarko.jpg\",\"contentUrl\":\"http:\\\/\\\/www.shkoder.net\\\/images\\\/fjala\\\/mentor_nazarko.jpg\"},{\"@type\":\"BreadcrumbList\",\"@id\":\"https:\\\/\\\/fjala.info\\\/2009-2015\\\/stop-blerjes-se-kohes\\\/#breadcrumb\",\"itemListElement\":[{\"@type\":\"ListItem\",\"position\":1,\"name\":\"Home\",\"item\":\"https:\\\/\\\/fjala.info\\\/2009-2015\\\/\"},{\"@type\":\"ListItem\",\"position\":2,\"name\":\"Stop blerjes s\u00eb koh\u00ebs\"}]},{\"@type\":\"WebSite\",\"@id\":\"https:\\\/\\\/fjala.info\\\/2009-2015\\\/#website\",\"url\":\"https:\\\/\\\/fjala.info\\\/2009-2015\\\/\",\"name\":\"FjALA e LIR\u00cb - Arkivi\",\"description\":\"Arkivi 2009-2015\",\"publisher\":{\"@id\":\"https:\\\/\\\/fjala.info\\\/2009-2015\\\/#organization\"},\"potentialAction\":[{\"@type\":\"SearchAction\",\"target\":{\"@type\":\"EntryPoint\",\"urlTemplate\":\"https:\\\/\\\/fjala.info\\\/2009-2015\\\/?s={search_term_string}\"},\"query-input\":{\"@type\":\"PropertyValueSpecification\",\"valueRequired\":true,\"valueName\":\"search_term_string\"}}],\"inLanguage\":\"sq-AL\"},{\"@type\":\"Organization\",\"@id\":\"https:\\\/\\\/fjala.info\\\/2009-2015\\\/#organization\",\"name\":\"FjALA e LIR\u00cb - Arkivi\",\"url\":\"https:\\\/\\\/fjala.info\\\/2009-2015\\\/\",\"logo\":{\"@type\":\"ImageObject\",\"inLanguage\":\"sq-AL\",\"@id\":\"https:\\\/\\\/fjala.info\\\/2009-2015\\\/#\\\/schema\\\/logo\\\/image\\\/\",\"url\":\"\",\"contentUrl\":\"\",\"caption\":\"FjALA e LIR\u00cb - Arkivi\"},\"image\":{\"@id\":\"https:\\\/\\\/fjala.info\\\/2009-2015\\\/#\\\/schema\\\/logo\\\/image\\\/\"}},{\"@type\":\"Person\",\"@id\":\"https:\\\/\\\/fjala.info\\\/2009-2015\\\/#\\\/schema\\\/person\\\/3aa1163ef05469c496fc94e77611ada2\",\"name\":\"admin\",\"image\":{\"@type\":\"ImageObject\",\"inLanguage\":\"sq-AL\",\"@id\":\"https:\\\/\\\/fjala.info\\\/2009-2015\\\/wp-content\\\/uploads\\\/2012\\\/02\\\/arben_cokaj-120x150.jpg\",\"url\":\"https:\\\/\\\/fjala.info\\\/2009-2015\\\/wp-content\\\/uploads\\\/2012\\\/02\\\/arben_cokaj-120x150.jpg\",\"contentUrl\":\"https:\\\/\\\/fjala.info\\\/2009-2015\\\/wp-content\\\/uploads\\\/2012\\\/02\\\/arben_cokaj-120x150.jpg\",\"caption\":\"admin\"},\"description\":\"Admin, Fjala e Lir\u00eb\",\"sameAs\":[\"https:\\\/\\\/fjala.info\\\/\"],\"url\":\"https:\\\/\\\/fjala.info\\\/2009-2015\\\/author\\\/admin\\\/\"}]}<\/script>\n<!-- \/ Yoast SEO plugin. -->","yoast_head_json":{"title":"Stop blerjes s\u00eb koh\u00ebs - FjALA e LIR\u00cb - Arkivi","robots":{"index":"index","follow":"follow","max-snippet":"max-snippet:-1","max-image-preview":"max-image-preview:large","max-video-preview":"max-video-preview:-1"},"canonical":"https:\/\/fjala.info\/2009-2015\/stop-blerjes-se-kohes\/","og_locale":"sq_AL","og_type":"article","og_title":"Stop blerjes s\u00eb koh\u00ebs - FjALA e LIR\u00cb - Arkivi","og_description":"Mentor Nazarko, 15.07.2010 P\u00ebr her\u00eb t\u00eb par\u00eb pas kaq shum\u00eb koh\u00ebsh, zoti Berisha n\u00eb mbledhjen e grupit parlamentar foli p\u00ebr mund\u00ebsin\u00eb e rinum\u00ebrimit t\u00eb votave, pas nj\u00eb vendimi eventual t\u00eb Gjykat\u00ebs Kushtetuese. Pra, p\u00ebr hapjen e kutive. Madje ai p\u00ebr her\u00eb t\u00eb par\u00eb p\u00ebrmendi si vend ankimimi dhe Gjykat\u00ebn Europiane t\u00eb Strasburgut. Pse? E para, [&hellip;]","og_url":"https:\/\/fjala.info\/2009-2015\/stop-blerjes-se-kohes\/","og_site_name":"FjALA e LIR\u00cb - Arkivi","article_published_time":"2010-07-16T09:35:49+00:00","og_image":[{"url":"http:\/\/www.shkoder.net\/images\/fjala\/mentor_nazarko.jpg","type":"","width":"","height":""}],"author":"admin","twitter_card":"summary_large_image","twitter_misc":{"Written by":"admin","Est. reading time":"4 minutes"},"schema":{"@context":"https:\/\/schema.org","@graph":[{"@type":"Article","@id":"https:\/\/fjala.info\/2009-2015\/stop-blerjes-se-kohes\/#article","isPartOf":{"@id":"https:\/\/fjala.info\/2009-2015\/stop-blerjes-se-kohes\/"},"author":{"name":"admin","@id":"https:\/\/fjala.info\/2009-2015\/#\/schema\/person\/3aa1163ef05469c496fc94e77611ada2"},"headline":"Stop blerjes s\u00eb koh\u00ebs","datePublished":"2010-07-16T09:35:49+00:00","mainEntityOfPage":{"@id":"https:\/\/fjala.info\/2009-2015\/stop-blerjes-se-kohes\/"},"wordCount":889,"commentCount":0,"publisher":{"@id":"https:\/\/fjala.info\/2009-2015\/#organization"},"image":{"@id":"https:\/\/fjala.info\/2009-2015\/stop-blerjes-se-kohes\/#primaryimage"},"thumbnailUrl":"http:\/\/www.shkoder.net\/images\/fjala\/mentor_nazarko.jpg","articleSection":["Artikuj"],"inLanguage":"sq-AL","potentialAction":[{"@type":"CommentAction","name":"Comment","target":["https:\/\/fjala.info\/2009-2015\/stop-blerjes-se-kohes\/#respond"]}]},{"@type":"WebPage","@id":"https:\/\/fjala.info\/2009-2015\/stop-blerjes-se-kohes\/","url":"https:\/\/fjala.info\/2009-2015\/stop-blerjes-se-kohes\/","name":"Stop blerjes s\u00eb koh\u00ebs - FjALA e LIR\u00cb - Arkivi","isPartOf":{"@id":"https:\/\/fjala.info\/2009-2015\/#website"},"primaryImageOfPage":{"@id":"https:\/\/fjala.info\/2009-2015\/stop-blerjes-se-kohes\/#primaryimage"},"image":{"@id":"https:\/\/fjala.info\/2009-2015\/stop-blerjes-se-kohes\/#primaryimage"},"thumbnailUrl":"http:\/\/www.shkoder.net\/images\/fjala\/mentor_nazarko.jpg","datePublished":"2010-07-16T09:35:49+00:00","breadcrumb":{"@id":"https:\/\/fjala.info\/2009-2015\/stop-blerjes-se-kohes\/#breadcrumb"},"inLanguage":"sq-AL","potentialAction":[{"@type":"ReadAction","target":["https:\/\/fjala.info\/2009-2015\/stop-blerjes-se-kohes\/"]}]},{"@type":"ImageObject","inLanguage":"sq-AL","@id":"https:\/\/fjala.info\/2009-2015\/stop-blerjes-se-kohes\/#primaryimage","url":"http:\/\/www.shkoder.net\/images\/fjala\/mentor_nazarko.jpg","contentUrl":"http:\/\/www.shkoder.net\/images\/fjala\/mentor_nazarko.jpg"},{"@type":"BreadcrumbList","@id":"https:\/\/fjala.info\/2009-2015\/stop-blerjes-se-kohes\/#breadcrumb","itemListElement":[{"@type":"ListItem","position":1,"name":"Home","item":"https:\/\/fjala.info\/2009-2015\/"},{"@type":"ListItem","position":2,"name":"Stop blerjes s\u00eb koh\u00ebs"}]},{"@type":"WebSite","@id":"https:\/\/fjala.info\/2009-2015\/#website","url":"https:\/\/fjala.info\/2009-2015\/","name":"FjALA e LIR\u00cb - Arkivi","description":"Arkivi 2009-2015","publisher":{"@id":"https:\/\/fjala.info\/2009-2015\/#organization"},"potentialAction":[{"@type":"SearchAction","target":{"@type":"EntryPoint","urlTemplate":"https:\/\/fjala.info\/2009-2015\/?s={search_term_string}"},"query-input":{"@type":"PropertyValueSpecification","valueRequired":true,"valueName":"search_term_string"}}],"inLanguage":"sq-AL"},{"@type":"Organization","@id":"https:\/\/fjala.info\/2009-2015\/#organization","name":"FjALA e LIR\u00cb - Arkivi","url":"https:\/\/fjala.info\/2009-2015\/","logo":{"@type":"ImageObject","inLanguage":"sq-AL","@id":"https:\/\/fjala.info\/2009-2015\/#\/schema\/logo\/image\/","url":"","contentUrl":"","caption":"FjALA e LIR\u00cb - Arkivi"},"image":{"@id":"https:\/\/fjala.info\/2009-2015\/#\/schema\/logo\/image\/"}},{"@type":"Person","@id":"https:\/\/fjala.info\/2009-2015\/#\/schema\/person\/3aa1163ef05469c496fc94e77611ada2","name":"admin","image":{"@type":"ImageObject","inLanguage":"sq-AL","@id":"https:\/\/fjala.info\/2009-2015\/wp-content\/uploads\/2012\/02\/arben_cokaj-120x150.jpg","url":"https:\/\/fjala.info\/2009-2015\/wp-content\/uploads\/2012\/02\/arben_cokaj-120x150.jpg","contentUrl":"https:\/\/fjala.info\/2009-2015\/wp-content\/uploads\/2012\/02\/arben_cokaj-120x150.jpg","caption":"admin"},"description":"Admin, Fjala e Lir\u00eb","sameAs":["https:\/\/fjala.info\/"],"url":"https:\/\/fjala.info\/2009-2015\/author\/admin\/"}]}},"_links":{"self":[{"href":"https:\/\/fjala.info\/2009-2015\/wp-json\/wp\/v2\/posts\/3341","targetHints":{"allow":["GET"]}}],"collection":[{"href":"https:\/\/fjala.info\/2009-2015\/wp-json\/wp\/v2\/posts"}],"about":[{"href":"https:\/\/fjala.info\/2009-2015\/wp-json\/wp\/v2\/types\/post"}],"author":[{"embeddable":true,"href":"https:\/\/fjala.info\/2009-2015\/wp-json\/wp\/v2\/users\/1"}],"replies":[{"embeddable":true,"href":"https:\/\/fjala.info\/2009-2015\/wp-json\/wp\/v2\/comments?post=3341"}],"version-history":[{"count":0,"href":"https:\/\/fjala.info\/2009-2015\/wp-json\/wp\/v2\/posts\/3341\/revisions"}],"wp:attachment":[{"href":"https:\/\/fjala.info\/2009-2015\/wp-json\/wp\/v2\/media?parent=3341"}],"wp:term":[{"taxonomy":"category","embeddable":true,"href":"https:\/\/fjala.info\/2009-2015\/wp-json\/wp\/v2\/categories?post=3341"},{"taxonomy":"post_tag","embeddable":true,"href":"https:\/\/fjala.info\/2009-2015\/wp-json\/wp\/v2\/tags?post=3341"}],"curies":[{"name":"wp","href":"https:\/\/api.w.org\/{rel}","templated":true}]}}