{"id":3340,"date":"2013-06-24T21:30:39","date_gmt":"2013-06-24T20:30:39","guid":{"rendered":"http:\/\/fjala.info\/?p=3340"},"modified":"2013-06-24T21:30:39","modified_gmt":"2013-06-24T20:30:39","slug":"24-qershori-i-sali-berishes","status":"publish","type":"post","link":"https:\/\/fjala.info\/2009-2015\/24-qershori-i-sali-berishes\/","title":{"rendered":"24 Qershori i Sali Berish\u00ebs"},"content":{"rendered":"<p><img decoding=\"async\" class=\"alignright size-thumbnail wp-image-7236\" title=\"Mero Baze\" alt=\"\" src=\"http:\/\/www.fjala.info\/2012\/mero_baze.jpg\" width=\"150\" \/> Nga <strong>Mero Baze<\/strong>, <em>24 Qershor 2013<\/em><\/p>\n<p>Shqiptar\u00ebt i kan\u00eb hapur rrug\u00eb nj\u00eb ndryshimi t\u00eb fort\u00eb politik n\u00eb vend, q\u00eb mund t\u00eb shkoj\u00eb deri tek nj\u00eb shumic\u00eb kushtetuese. Opozita ka shpartalluar Sali Berish\u00ebn dhe pushtetin e Familjes s\u00eb tij n\u00eb \u00e7do skut\u00eb t\u00eb Shqip\u00ebris\u00eb, dhe aty ku ata \u00ebnd\u00ebrronin t\u00eb mbijetonin p\u00ebrmes varf\u00ebris\u00eb, frik\u00ebs dhe posht\u00ebrimit t\u00eb shqiptar\u00ebve.<\/p>\n<p>Frika nga manipulimi, vrasja politike dit\u00ebn e fundit t\u00eb pushtetit, neveria e propagand\u00ebs publike t\u00eb Berish\u00ebs dhe lodhja e gjat\u00eb nga sundimi i tij 22- vje\u00e7ar, i zgjoi shqiptar\u00ebt nga gjumi dhe ata kan\u00eb b\u00ebr\u00eb sot nj\u00eb revolucion t\u00eb heshtur, i cili po pastron me fshes\u00eb t\u00eb hekurt jo Sali Berish\u00ebn, por berishizmin si fenomen n\u00eb politik\u00ebn shqiptare.<\/p>\n<p>Kjo vot\u00eb popullore kund\u00ebr Familjes n\u00eb pushtet duhet lexuar me p\u00ebrgjegjshm\u00ebri, modesti dhe p\u00ebrulje.<\/p>\n<p>S\u00eb pari, duhet lexuar si nj\u00eb mandat p\u00ebr t\u00eb fshir\u00eb \u00e7do gjurm\u00eb t\u00eb berishizmit n\u00eb politik\u00ebn shqiptare, q\u00eb identifikohet me autoritarizmin, arroganc\u00ebn, vrasjet politike, korruptimin financiar dhe posht\u00ebrimin e individit deri n\u00eb kufijt\u00eb e mbijetes\u00ebs p\u00ebr ta n\u00ebnshtruar.<\/p>\n<p>Shqiptar\u00ebt i kan\u00eb dh\u00ebn\u00eb opozit\u00ebs shansin t\u00eb korrigjoj\u00eb \u00e7do gabim q\u00eb ka b\u00ebr\u00eb me dashje apo pa dashje deri m\u00eb sot, q\u00eb nga ndryshimet kushtetuese e deri tek tolerimi i mosnd\u00ebshkueshm\u00ebris\u00eb politike nga drejt\u00ebsia.<\/p>\n<p>Opozita ka sot shansin t\u00eb filloj\u00eb deberishizimin e shoq\u00ebris\u00eb, duke i par\u00eb mb\u00ebshtet\u00ebsit e Partis\u00eb Demokratike jo si fajtor\u00eb, por si njer\u00ebz q\u00eb duhen \u00e7liruar nga e kaluara e shefit t\u00eb tyre.<\/p>\n<p>S\u00eb dyti, opozita ka marr\u00eb nj\u00eb mandat p\u00ebr t\u00eb v\u00ebn\u00eb n\u00eb vend drejt\u00ebsin\u00eb p\u00ebr disa nga skandalet q\u00eb kan\u00eb tronditur shoq\u00ebrin\u00eb shqiptare. I biri i Sali Berish\u00ebs duhet t\u00eb dal\u00eb para drejt\u00ebsis\u00eb p\u00ebr gjurm\u00ebt e gjakut q\u00eb ka l\u00ebn\u00eb n\u00eb G\u00ebrdec, dh\u00ebndri brenda i familjes s\u00eb tij, Lul\u00ebzim Basha, duhet t\u00eb dal\u00eb para drejt\u00ebsis\u00eb p\u00ebr gjyqin e pakryer, t\u00eb mbyllur me procedur\u00eb, p\u00ebr 220 milion\u00eb euro dhe kat\u00ebr t\u00eb vrar\u00ebt e 21 Janarit, dhe Sali Berisha duhet t\u2019i n\u00ebnshtrohet nj\u00eb gjykimi historik, p\u00ebr t\u2019u nd\u00ebshkuar jo vet\u00ebm si individ, por si fenomen regresiv n\u00eb historin\u00eb e Shqip\u00ebris\u00eb.<\/p>\n<p>S\u00eb treti, opozita ka marr\u00eb nj\u00eb mandat p\u00ebr t\u00eb qeverisur nj\u00eb Shqip\u00ebri t\u00eb lodhur dhe d\u00ebrrmuar ekonomikisht, nj\u00eb piramid\u00eb gjigande financiare q\u00eb Sali Berisha ua ka l\u00ebn\u00eb n\u00eb dor\u00eb duke ikur nga pushteti.<\/p>\n<p>Ata duhet t\u00eb tregohen kurajoz\u00eb dhe t\u00eb sinqert\u00eb me shqiptar\u00ebt. Nuk kan\u00eb pse i g\u00ebnjejn\u00eb p\u00ebr begati ekonomike apo \u00ebndrra n\u00eb sirtar, por t\u2019u thon\u00eb hapur se Shqip\u00ebria \u00ebsht\u00eb e varf\u00ebr dhe duhet t\u00eb ul\u00eb kok\u00ebn t\u00eb punoj\u00eb p\u00ebr t\u2019u ringritur.<\/p>\n<p>Reformat e thella financiare, zhdukja e korrupsionit zyrtar, strukturimi i ekonomis\u00eb mbi baza reale, orientimi i zhvillimit t\u00eb vendit nga sektor\u00ebt q\u00eb ne kemi mund\u00ebsi si bujq\u00ebsia dhe turizmi, duhet t\u00eb merren me seriozitet si prioritete komb\u00ebtare.<\/p>\n<p>Shqip\u00ebria sot nuk ka rilindur, pavar\u00ebsisht sloganit t\u00eb opozit\u00ebs. Shqip\u00ebria sot thjesht \u00ebsht\u00eb zgjuar e lir\u00eb nga nj\u00eb demon q\u00eb e mbante peng, p\u00ebr shkak t\u00eb krimeve t\u00eb veta.<\/p>\n<p>P\u00ebr t\u00eb rilindur ky vend, duhet modesti, p\u00ebrul\u00ebsi dhe pun\u00eb q\u00eb t\u00eb b\u00ebhemi nj\u00eb vend normal.<\/p>\n<p>Na ka qeverisur nj\u00eb i \u00e7mendur paranojak, q\u00eb merrej gjith\u00eb dit\u00ebn me krimet e tij dhe asnj\u00eb or\u00eb me t\u00eb ardhmen e k\u00ebtij vendi.<\/p>\n<p>Na ka qeverisur nj\u00eb Neron q\u00eb \u00ebsht\u00eb gati t\u00eb djeg\u00eb gjithmon\u00eb Shqip\u00ebrin\u00eb sa her\u00eb i rrezikohet pushteti.<\/p>\n<p>Na ka qeverisur nj\u00eb demon i s\u00eb keqes, q\u00eb ka qen\u00eb gati t\u00eb vras\u00eb p\u00ebr t\u00eb vjedhur dhe t\u00eb vjedh\u00eb p\u00ebr t\u00eb q\u00ebndruar n\u00eb pushtet.<\/p>\n<p>Na ka qeverisur nj\u00eb paranojak mitoman, nj\u00eb delirant q\u00eb p\u00ebrpiqej t\u00eb hynte n\u00eb histori me dhun\u00eb her\u00eb duke \u00ebnd\u00ebrruar Enver Hoxh\u00ebn e her\u00eb Ahmet Zogun.<\/p>\n<p>Ja ndolli fatin vetes dhe nj\u00ebsoj si Ahmet Zogu u gdhi i zbuar nja nj\u00eb revolucion i heshtur shqiptar\u00ebsh m\u00eb 24 qershor.<\/p>\n<p>Nuk ka p\u00ebr t\u2019u rikthyer m\u00eb me bajoneta serbe dhe as ka p\u00ebr ta rikuror\u00ebzuar serben e sht\u00ebpis\u00eb s\u00eb tij Zonj\u00eb e Par\u00eb, por fitimtar\u00ebt duhet t\u00eb b\u00ebjn\u00eb kujdes q\u00eb Shqip\u00ebria mos t\u00eb ket\u00eb kurr\u00eb m\u00eb asnj\u00eb kujtes\u00eb p\u00ebr k\u00ebt\u00eb gj\u00eb t\u00eb zez\u00eb q\u00eb po ik\u00ebn n\u00eb err\u00ebsir\u00ebn e historis\u00eb. Deshi t\u00eb na impononte me dhun\u00eb modelin e nj\u00eb mbreti injorant si model t\u00eb s\u00eb ardhmes dhe iku n\u00eb dit\u00ebn kur shqiptar\u00ebt e kishin refuzuar at\u00eb model gati 90 vjet m\u00eb par\u00eb.<\/p>\n<p>Ky \u00ebsht\u00eb 24 qershori i nj\u00eb njeriu q\u00eb deshi t\u00eb na kthej\u00eb 90 vjet pas.<\/p>\n","protected":false},"excerpt":{"rendered":"<p>Nga Mero Baze, 24 Qershor 2013 Shqiptar\u00ebt i kan\u00eb hapur rrug\u00eb nj\u00eb ndryshimi t\u00eb fort\u00eb politik n\u00eb vend, q\u00eb mund t\u00eb shkoj\u00eb deri tek nj\u00eb shumic\u00eb kushtetuese. Opozita ka shpartalluar Sali Berish\u00ebn dhe pushtetin e Familjes s\u00eb tij n\u00eb \u00e7do skut\u00eb t\u00eb Shqip\u00ebris\u00eb, dhe aty ku ata \u00ebnd\u00ebrronin t\u00eb mbijetonin p\u00ebrmes varf\u00ebris\u00eb, frik\u00ebs dhe posht\u00ebrimit [&hellip;]<\/p>\n","protected":false},"author":1,"featured_media":0,"comment_status":"open","ping_status":"closed","sticky":false,"template":"","format":"standard","meta":{"footnotes":""},"categories":[2],"tags":[],"class_list":{"0":"post-3340","1":"post","2":"type-post","3":"status-publish","4":"format-standard","6":"category-artikuj"},"yoast_head":"<!-- This site is optimized with the Yoast SEO plugin v27.4 - https:\/\/yoast.com\/product\/yoast-seo-wordpress\/ -->\n<title>24 Qershori i Sali Berish\u00ebs - FjALA e LIR\u00cb - Arkivi<\/title>\n<meta name=\"robots\" content=\"index, follow, max-snippet:-1, max-image-preview:large, max-video-preview:-1\" \/>\n<link rel=\"canonical\" href=\"https:\/\/fjala.info\/2009-2015\/24-qershori-i-sali-berishes\/\" \/>\n<meta property=\"og:locale\" content=\"sq_AL\" \/>\n<meta property=\"og:type\" content=\"article\" \/>\n<meta property=\"og:title\" content=\"24 Qershori i Sali Berish\u00ebs - FjALA e LIR\u00cb - Arkivi\" \/>\n<meta property=\"og:description\" content=\"Nga Mero Baze, 24 Qershor 2013 Shqiptar\u00ebt i kan\u00eb hapur rrug\u00eb nj\u00eb ndryshimi t\u00eb fort\u00eb politik n\u00eb vend, q\u00eb mund t\u00eb shkoj\u00eb deri tek nj\u00eb shumic\u00eb kushtetuese. Opozita ka shpartalluar Sali Berish\u00ebn dhe pushtetin e Familjes s\u00eb tij n\u00eb \u00e7do skut\u00eb t\u00eb Shqip\u00ebris\u00eb, dhe aty ku ata \u00ebnd\u00ebrronin t\u00eb mbijetonin p\u00ebrmes varf\u00ebris\u00eb, frik\u00ebs dhe posht\u00ebrimit [&hellip;]\" \/>\n<meta property=\"og:url\" content=\"https:\/\/fjala.info\/2009-2015\/24-qershori-i-sali-berishes\/\" \/>\n<meta property=\"og:site_name\" content=\"FjALA e LIR\u00cb - Arkivi\" \/>\n<meta property=\"article:published_time\" content=\"2013-06-24T20:30:39+00:00\" \/>\n<meta property=\"og:image\" content=\"http:\/\/www.fjala.info\/2012\/mero_baze.jpg\" \/>\n<meta name=\"author\" content=\"admin\" \/>\n<meta name=\"twitter:card\" content=\"summary_large_image\" \/>\n<meta name=\"twitter:label1\" content=\"Written by\" \/>\n\t<meta name=\"twitter:data1\" content=\"admin\" \/>\n\t<meta name=\"twitter:label2\" content=\"Est. reading time\" \/>\n\t<meta name=\"twitter:data2\" content=\"4 minutes\" \/>\n<script type=\"application\/ld+json\" class=\"yoast-schema-graph\">{\"@context\":\"https:\\\/\\\/schema.org\",\"@graph\":[{\"@type\":\"Article\",\"@id\":\"https:\\\/\\\/fjala.info\\\/2009-2015\\\/24-qershori-i-sali-berishes\\\/#article\",\"isPartOf\":{\"@id\":\"https:\\\/\\\/fjala.info\\\/2009-2015\\\/24-qershori-i-sali-berishes\\\/\"},\"author\":{\"name\":\"admin\",\"@id\":\"https:\\\/\\\/fjala.info\\\/2009-2015\\\/#\\\/schema\\\/person\\\/3aa1163ef05469c496fc94e77611ada2\"},\"headline\":\"24 Qershori i Sali Berish\u00ebs\",\"datePublished\":\"2013-06-24T20:30:39+00:00\",\"mainEntityOfPage\":{\"@id\":\"https:\\\/\\\/fjala.info\\\/2009-2015\\\/24-qershori-i-sali-berishes\\\/\"},\"wordCount\":809,\"commentCount\":0,\"publisher\":{\"@id\":\"https:\\\/\\\/fjala.info\\\/2009-2015\\\/#organization\"},\"image\":{\"@id\":\"https:\\\/\\\/fjala.info\\\/2009-2015\\\/24-qershori-i-sali-berishes\\\/#primaryimage\"},\"thumbnailUrl\":\"http:\\\/\\\/www.fjala.info\\\/2012\\\/mero_baze.jpg\",\"articleSection\":[\"Artikuj\"],\"inLanguage\":\"sq-AL\",\"potentialAction\":[{\"@type\":\"CommentAction\",\"name\":\"Comment\",\"target\":[\"https:\\\/\\\/fjala.info\\\/2009-2015\\\/24-qershori-i-sali-berishes\\\/#respond\"]}]},{\"@type\":\"WebPage\",\"@id\":\"https:\\\/\\\/fjala.info\\\/2009-2015\\\/24-qershori-i-sali-berishes\\\/\",\"url\":\"https:\\\/\\\/fjala.info\\\/2009-2015\\\/24-qershori-i-sali-berishes\\\/\",\"name\":\"24 Qershori i Sali Berish\u00ebs - FjALA e LIR\u00cb - Arkivi\",\"isPartOf\":{\"@id\":\"https:\\\/\\\/fjala.info\\\/2009-2015\\\/#website\"},\"primaryImageOfPage\":{\"@id\":\"https:\\\/\\\/fjala.info\\\/2009-2015\\\/24-qershori-i-sali-berishes\\\/#primaryimage\"},\"image\":{\"@id\":\"https:\\\/\\\/fjala.info\\\/2009-2015\\\/24-qershori-i-sali-berishes\\\/#primaryimage\"},\"thumbnailUrl\":\"http:\\\/\\\/www.fjala.info\\\/2012\\\/mero_baze.jpg\",\"datePublished\":\"2013-06-24T20:30:39+00:00\",\"breadcrumb\":{\"@id\":\"https:\\\/\\\/fjala.info\\\/2009-2015\\\/24-qershori-i-sali-berishes\\\/#breadcrumb\"},\"inLanguage\":\"sq-AL\",\"potentialAction\":[{\"@type\":\"ReadAction\",\"target\":[\"https:\\\/\\\/fjala.info\\\/2009-2015\\\/24-qershori-i-sali-berishes\\\/\"]}]},{\"@type\":\"ImageObject\",\"inLanguage\":\"sq-AL\",\"@id\":\"https:\\\/\\\/fjala.info\\\/2009-2015\\\/24-qershori-i-sali-berishes\\\/#primaryimage\",\"url\":\"http:\\\/\\\/www.fjala.info\\\/2012\\\/mero_baze.jpg\",\"contentUrl\":\"http:\\\/\\\/www.fjala.info\\\/2012\\\/mero_baze.jpg\"},{\"@type\":\"BreadcrumbList\",\"@id\":\"https:\\\/\\\/fjala.info\\\/2009-2015\\\/24-qershori-i-sali-berishes\\\/#breadcrumb\",\"itemListElement\":[{\"@type\":\"ListItem\",\"position\":1,\"name\":\"Home\",\"item\":\"https:\\\/\\\/fjala.info\\\/2009-2015\\\/\"},{\"@type\":\"ListItem\",\"position\":2,\"name\":\"24 Qershori i Sali Berish\u00ebs\"}]},{\"@type\":\"WebSite\",\"@id\":\"https:\\\/\\\/fjala.info\\\/2009-2015\\\/#website\",\"url\":\"https:\\\/\\\/fjala.info\\\/2009-2015\\\/\",\"name\":\"FjALA e LIR\u00cb - Arkivi\",\"description\":\"Arkivi 2009-2015\",\"publisher\":{\"@id\":\"https:\\\/\\\/fjala.info\\\/2009-2015\\\/#organization\"},\"potentialAction\":[{\"@type\":\"SearchAction\",\"target\":{\"@type\":\"EntryPoint\",\"urlTemplate\":\"https:\\\/\\\/fjala.info\\\/2009-2015\\\/?s={search_term_string}\"},\"query-input\":{\"@type\":\"PropertyValueSpecification\",\"valueRequired\":true,\"valueName\":\"search_term_string\"}}],\"inLanguage\":\"sq-AL\"},{\"@type\":\"Organization\",\"@id\":\"https:\\\/\\\/fjala.info\\\/2009-2015\\\/#organization\",\"name\":\"FjALA e LIR\u00cb - Arkivi\",\"url\":\"https:\\\/\\\/fjala.info\\\/2009-2015\\\/\",\"logo\":{\"@type\":\"ImageObject\",\"inLanguage\":\"sq-AL\",\"@id\":\"https:\\\/\\\/fjala.info\\\/2009-2015\\\/#\\\/schema\\\/logo\\\/image\\\/\",\"url\":\"\",\"contentUrl\":\"\",\"caption\":\"FjALA e LIR\u00cb - Arkivi\"},\"image\":{\"@id\":\"https:\\\/\\\/fjala.info\\\/2009-2015\\\/#\\\/schema\\\/logo\\\/image\\\/\"}},{\"@type\":\"Person\",\"@id\":\"https:\\\/\\\/fjala.info\\\/2009-2015\\\/#\\\/schema\\\/person\\\/3aa1163ef05469c496fc94e77611ada2\",\"name\":\"admin\",\"image\":{\"@type\":\"ImageObject\",\"inLanguage\":\"sq-AL\",\"@id\":\"https:\\\/\\\/fjala.info\\\/2009-2015\\\/wp-content\\\/uploads\\\/2012\\\/02\\\/arben_cokaj-120x150.jpg\",\"url\":\"https:\\\/\\\/fjala.info\\\/2009-2015\\\/wp-content\\\/uploads\\\/2012\\\/02\\\/arben_cokaj-120x150.jpg\",\"contentUrl\":\"https:\\\/\\\/fjala.info\\\/2009-2015\\\/wp-content\\\/uploads\\\/2012\\\/02\\\/arben_cokaj-120x150.jpg\",\"caption\":\"admin\"},\"description\":\"Admin, Fjala e Lir\u00eb\",\"sameAs\":[\"https:\\\/\\\/fjala.info\\\/\"],\"url\":\"https:\\\/\\\/fjala.info\\\/2009-2015\\\/author\\\/admin\\\/\"}]}<\/script>\n<!-- \/ Yoast SEO plugin. -->","yoast_head_json":{"title":"24 Qershori i Sali Berish\u00ebs - FjALA e LIR\u00cb - Arkivi","robots":{"index":"index","follow":"follow","max-snippet":"max-snippet:-1","max-image-preview":"max-image-preview:large","max-video-preview":"max-video-preview:-1"},"canonical":"https:\/\/fjala.info\/2009-2015\/24-qershori-i-sali-berishes\/","og_locale":"sq_AL","og_type":"article","og_title":"24 Qershori i Sali Berish\u00ebs - FjALA e LIR\u00cb - Arkivi","og_description":"Nga Mero Baze, 24 Qershor 2013 Shqiptar\u00ebt i kan\u00eb hapur rrug\u00eb nj\u00eb ndryshimi t\u00eb fort\u00eb politik n\u00eb vend, q\u00eb mund t\u00eb shkoj\u00eb deri tek nj\u00eb shumic\u00eb kushtetuese. Opozita ka shpartalluar Sali Berish\u00ebn dhe pushtetin e Familjes s\u00eb tij n\u00eb \u00e7do skut\u00eb t\u00eb Shqip\u00ebris\u00eb, dhe aty ku ata \u00ebnd\u00ebrronin t\u00eb mbijetonin p\u00ebrmes varf\u00ebris\u00eb, frik\u00ebs dhe posht\u00ebrimit [&hellip;]","og_url":"https:\/\/fjala.info\/2009-2015\/24-qershori-i-sali-berishes\/","og_site_name":"FjALA e LIR\u00cb - Arkivi","article_published_time":"2013-06-24T20:30:39+00:00","og_image":[{"url":"http:\/\/www.fjala.info\/2012\/mero_baze.jpg","type":"","width":"","height":""}],"author":"admin","twitter_card":"summary_large_image","twitter_misc":{"Written by":"admin","Est. reading time":"4 minutes"},"schema":{"@context":"https:\/\/schema.org","@graph":[{"@type":"Article","@id":"https:\/\/fjala.info\/2009-2015\/24-qershori-i-sali-berishes\/#article","isPartOf":{"@id":"https:\/\/fjala.info\/2009-2015\/24-qershori-i-sali-berishes\/"},"author":{"name":"admin","@id":"https:\/\/fjala.info\/2009-2015\/#\/schema\/person\/3aa1163ef05469c496fc94e77611ada2"},"headline":"24 Qershori i Sali Berish\u00ebs","datePublished":"2013-06-24T20:30:39+00:00","mainEntityOfPage":{"@id":"https:\/\/fjala.info\/2009-2015\/24-qershori-i-sali-berishes\/"},"wordCount":809,"commentCount":0,"publisher":{"@id":"https:\/\/fjala.info\/2009-2015\/#organization"},"image":{"@id":"https:\/\/fjala.info\/2009-2015\/24-qershori-i-sali-berishes\/#primaryimage"},"thumbnailUrl":"http:\/\/www.fjala.info\/2012\/mero_baze.jpg","articleSection":["Artikuj"],"inLanguage":"sq-AL","potentialAction":[{"@type":"CommentAction","name":"Comment","target":["https:\/\/fjala.info\/2009-2015\/24-qershori-i-sali-berishes\/#respond"]}]},{"@type":"WebPage","@id":"https:\/\/fjala.info\/2009-2015\/24-qershori-i-sali-berishes\/","url":"https:\/\/fjala.info\/2009-2015\/24-qershori-i-sali-berishes\/","name":"24 Qershori i Sali Berish\u00ebs - FjALA e LIR\u00cb - Arkivi","isPartOf":{"@id":"https:\/\/fjala.info\/2009-2015\/#website"},"primaryImageOfPage":{"@id":"https:\/\/fjala.info\/2009-2015\/24-qershori-i-sali-berishes\/#primaryimage"},"image":{"@id":"https:\/\/fjala.info\/2009-2015\/24-qershori-i-sali-berishes\/#primaryimage"},"thumbnailUrl":"http:\/\/www.fjala.info\/2012\/mero_baze.jpg","datePublished":"2013-06-24T20:30:39+00:00","breadcrumb":{"@id":"https:\/\/fjala.info\/2009-2015\/24-qershori-i-sali-berishes\/#breadcrumb"},"inLanguage":"sq-AL","potentialAction":[{"@type":"ReadAction","target":["https:\/\/fjala.info\/2009-2015\/24-qershori-i-sali-berishes\/"]}]},{"@type":"ImageObject","inLanguage":"sq-AL","@id":"https:\/\/fjala.info\/2009-2015\/24-qershori-i-sali-berishes\/#primaryimage","url":"http:\/\/www.fjala.info\/2012\/mero_baze.jpg","contentUrl":"http:\/\/www.fjala.info\/2012\/mero_baze.jpg"},{"@type":"BreadcrumbList","@id":"https:\/\/fjala.info\/2009-2015\/24-qershori-i-sali-berishes\/#breadcrumb","itemListElement":[{"@type":"ListItem","position":1,"name":"Home","item":"https:\/\/fjala.info\/2009-2015\/"},{"@type":"ListItem","position":2,"name":"24 Qershori i Sali Berish\u00ebs"}]},{"@type":"WebSite","@id":"https:\/\/fjala.info\/2009-2015\/#website","url":"https:\/\/fjala.info\/2009-2015\/","name":"FjALA e LIR\u00cb - Arkivi","description":"Arkivi 2009-2015","publisher":{"@id":"https:\/\/fjala.info\/2009-2015\/#organization"},"potentialAction":[{"@type":"SearchAction","target":{"@type":"EntryPoint","urlTemplate":"https:\/\/fjala.info\/2009-2015\/?s={search_term_string}"},"query-input":{"@type":"PropertyValueSpecification","valueRequired":true,"valueName":"search_term_string"}}],"inLanguage":"sq-AL"},{"@type":"Organization","@id":"https:\/\/fjala.info\/2009-2015\/#organization","name":"FjALA e LIR\u00cb - Arkivi","url":"https:\/\/fjala.info\/2009-2015\/","logo":{"@type":"ImageObject","inLanguage":"sq-AL","@id":"https:\/\/fjala.info\/2009-2015\/#\/schema\/logo\/image\/","url":"","contentUrl":"","caption":"FjALA e LIR\u00cb - Arkivi"},"image":{"@id":"https:\/\/fjala.info\/2009-2015\/#\/schema\/logo\/image\/"}},{"@type":"Person","@id":"https:\/\/fjala.info\/2009-2015\/#\/schema\/person\/3aa1163ef05469c496fc94e77611ada2","name":"admin","image":{"@type":"ImageObject","inLanguage":"sq-AL","@id":"https:\/\/fjala.info\/2009-2015\/wp-content\/uploads\/2012\/02\/arben_cokaj-120x150.jpg","url":"https:\/\/fjala.info\/2009-2015\/wp-content\/uploads\/2012\/02\/arben_cokaj-120x150.jpg","contentUrl":"https:\/\/fjala.info\/2009-2015\/wp-content\/uploads\/2012\/02\/arben_cokaj-120x150.jpg","caption":"admin"},"description":"Admin, Fjala e Lir\u00eb","sameAs":["https:\/\/fjala.info\/"],"url":"https:\/\/fjala.info\/2009-2015\/author\/admin\/"}]}},"_links":{"self":[{"href":"https:\/\/fjala.info\/2009-2015\/wp-json\/wp\/v2\/posts\/3340","targetHints":{"allow":["GET"]}}],"collection":[{"href":"https:\/\/fjala.info\/2009-2015\/wp-json\/wp\/v2\/posts"}],"about":[{"href":"https:\/\/fjala.info\/2009-2015\/wp-json\/wp\/v2\/types\/post"}],"author":[{"embeddable":true,"href":"https:\/\/fjala.info\/2009-2015\/wp-json\/wp\/v2\/users\/1"}],"replies":[{"embeddable":true,"href":"https:\/\/fjala.info\/2009-2015\/wp-json\/wp\/v2\/comments?post=3340"}],"version-history":[{"count":0,"href":"https:\/\/fjala.info\/2009-2015\/wp-json\/wp\/v2\/posts\/3340\/revisions"}],"wp:attachment":[{"href":"https:\/\/fjala.info\/2009-2015\/wp-json\/wp\/v2\/media?parent=3340"}],"wp:term":[{"taxonomy":"category","embeddable":true,"href":"https:\/\/fjala.info\/2009-2015\/wp-json\/wp\/v2\/categories?post=3340"},{"taxonomy":"post_tag","embeddable":true,"href":"https:\/\/fjala.info\/2009-2015\/wp-json\/wp\/v2\/tags?post=3340"}],"curies":[{"name":"wp","href":"https:\/\/api.w.org\/{rel}","templated":true}]}}