{"id":3339,"date":"2010-07-16T10:33:05","date_gmt":"2010-07-16T09:33:05","guid":{"rendered":"http:\/\/fjala.shkoder.net\/?p=3339"},"modified":"2010-07-16T10:33:05","modified_gmt":"2010-07-16T09:33:05","slug":"konsensusi-i-frikshem-i-oligarkise","status":"publish","type":"post","link":"https:\/\/fjala.info\/2009-2015\/konsensusi-i-frikshem-i-oligarkise\/","title":{"rendered":"Konsensusi i friksh\u00ebm i oligarkis\u00eb"},"content":{"rendered":"<p><img decoding=\"async\" style=\"margin-left: 10px; margin-right: 10px; border: 0px;\" title=\"Afrim Krasniqi\" src=\"http:\/\/www.shkoder.net\/images\/fjala\/afrim_krasniqi.jpg\" border=\"0\" alt=\"\" width=\"100\" align=\"right\" \/><\/p>\n<p>Nga: <strong>AFRIM KRASNIQI <\/strong><\/p>\n<p>TIRANE &#8211; N\u00eb shoq\u00ebrit\u00eb moderne per\u00ebndimore ka tri kategori politikan\u00ebsh t\u00eb pasur. T\u00eb par\u00ebt, jan\u00eb ata politikan\u00eb q\u00eb kan\u00eb qen\u00eb aktiv n\u00eb biznes, kan\u00eb pasur biznese legale, korrekte, t\u00eb suksesshme, dhe me meritat e suksesit t\u00eb sip\u00ebrmarrjes, jan\u00eb promovuar edhe n\u00eb politik\u00eb. T\u00eb dyt\u00ebt, jan\u00eb politikan\u00ebt e shquar n\u00eb profesionet e tyre t\u00eb m\u00ebparshme, me fonde t\u00eb trash\u00ebguara familjare apo me merita personale n\u00eb profesionet e m\u00ebparshme. <\/p>\n<p>Kategoria e tret\u00eb, jan\u00eb politikan\u00ebt q\u00eb b\u00ebhen t\u00eb pasur sapo marrin nj\u00eb post, nuk kan\u00eb profesion, nuk kan\u00eb biznes t\u00eb q\u00ebndruesh\u00ebm, me-gjith\u00ebse b\u00ebjn\u00eb jet\u00eb luksoze dhe gjithnj\u00eb e m\u00eb t\u00eb pasur. Mund t\u00eb ket\u00eb raste abuzimi, por n\u00eb \u00e7do shtet demokratik trajtohet me hetim, drejt\u00ebsi dhe transparenc\u00eb. P.sh, n\u00eb Britani n\u00eb zgjedhjet e fundit m\u00eb shum\u00eb se 150 deputet\u00eb nuk u kandiduan m\u00eb nga partit\u00eb e tyre, p\u00ebr shkak t\u00eb dietave t\u00eb p\u00ebrfituara n\u00eb m\u00ebnyr\u00eb abuzive.<\/p>\n<p>N\u00eb Shqip\u00ebri praktika t\u00eb tilla jan\u00eb ende \u201cmoll\u00eb t\u00eb ndaluara\u201d. Modeli shqiptar \u00ebsht\u00eb larg atij t\u00eb demokracis\u00eb funksionale, dhe gjithnj\u00eb e m\u00eb pran\u00eb modelit t\u00eb oligarkis\u00eb, ku klane dhe grupe interesi kontrollojn\u00eb politik\u00ebn, tregun, zgjedhjet, median dhe shoq\u00ebrin\u00eb. Ky zhvillim negativ u konfirmua me deklarimet e fundit t\u00eb pasuris\u00eb nga politikan\u00ebt dhe drejtuesit e lart\u00eb ekzekutiv dhe publik\u00eb. Deklarimet pat\u00ebn tre tipare paradoksale: konsensus maksimal mes pozit\u00ebs dhe opozit\u00ebs, kur b\u00ebhet fjal\u00eb p\u00ebr parat\u00eb; kryetar\u00ebt e partive rezultojn\u00eb \u201ct\u00eb varf\u00ebr\u201d; dhe, deputet\u00eb, ministra apo vart\u00ebs t\u00eb kryetar\u00ebve n\u00eb nivelet e ndryshme t\u00eb qeverisjes publike jan\u00eb b\u00ebr\u00eb milioner\u00eb me kursin europian t\u00eb euros.<\/p>\n<p>Kontrasti i thell\u00eb midis modelit ton\u00eb dhe atij per\u00ebndimor k\u00ebtu del m\u00eb n\u00eb pah. Sepse, tek ne nuk kemi politikan\u00eb t\u00eb pasur p\u00ebr shkak t\u00eb trash\u00ebgimis\u00eb familjare; nuk kemi politikan\u00eb q\u00eb kan\u00eb shk\u00eblqyer n\u00eb profesionet e tyre t\u00eb m\u00ebparshme, p\u00ebrkundrazi; si dhe nuk kemi politikan\u00eb q\u00eb kan\u00eb pasur biznese legale t\u00eb q\u00ebndrueshme dhe jasht\u00eb ndikimit vendimmarr\u00ebs politik. E kund\u00ebrta, ne kemi e vijojm\u00eb t\u00eb kemi gjithnj\u00eb e m\u00eb shum\u00eb politikan\u00eb t\u00eb pasur, madje shum\u00eb t\u00eb pasur.<\/p>\n<p>Kemi politikan\u00eb, kur brenda nj\u00eb viti krize ekonomike, kan\u00eb shum\u00ebfishuar pasurin\u00eb e tyre. Kemi politikan\u00eb q\u00eb p\u00ebrfitojn\u00eb vet\u00ebm me dieta udh\u00ebtimi, m\u00eb shum\u00eb se rroga vjetore e kryetarit t\u00eb Akademis\u00eb s\u00eb Shkencave. Kemi politikan\u00eb q\u00eb transferojn\u00eb para, prona dhe kapitale tek f\u00ebmij\u00ebt e tyre ende n\u00eb bankat e shkoll\u00ebs. Kjo ndodh kur ne kemi me shumic\u00eb politikan\u00eb, pa profesion, pa identitet personal, pa merita profesionale, pa pasuri t\u00eb trash\u00ebguar, dhe natyrisht edhe pa transparenc\u00eb n\u00eb bizneset formale dhe informale t\u00eb tyre. Ligji zgjedhor 2008 u b\u00eb proporcional p\u00ebr te eliminuar biznesmen\u00ebt aventurier\u00eb q\u00eb blinin vota e mandate, por n\u00eb fakt parlamenti aktual, edhe pse i hartuar me list\u00eb, pra me deputet\u00eb t\u00eb em\u00ebruar, ka 1.5 her\u00eb m\u00eb shum\u00eb deputet\u00eb biznesmen\u00eb sesa parlamenti i m\u00ebparsh\u00ebm.<\/p>\n<p>Natyrisht kemi edhe njer\u00ebz biznesi, pas t\u00eb cil\u00ebve politika ka vrapuar ta fitoj\u00eb, si\u00e7 kemi politikan\u00eb biznesmen\u00eb q\u00eb jan\u00eb b\u00ebr\u00eb t\u00eb till\u00eb fal\u00eb pun\u00ebs dhe kurajos s\u00eb tyre. Por, n\u00eb t\u00ebr\u00ebsi, lista e milioner\u00ebve t\u00eb rinj n\u00eb parlament dhe n\u00eb qeveri, n\u00eb bashki dhe n\u00eb ente publike, ka brenda nj\u00eb CV me qark t\u00eb shkurt\u00ebr midis politik\u00ebs dhe pasuris\u00eb. Rrug\u00ebt jan\u00eb t\u00eb njohura, shkeljet jan\u00eb t\u00eb dukshme.<\/p>\n<p>P.sh, ligji ndalon biznesin e politikan\u00ebve me fondet publike, por nga Vlora n\u00eb Shkod\u00ebr, nga Kor\u00e7a n\u00eb Durr\u00ebs, nga Kuk\u00ebsi n\u00eb Sarand\u00eb, kushdo \u00ebsht\u00eb n\u00eb gjendje t\u00eb identifikoj\u00eb disa dhjet\u00ebra politikan\u00eb, t\u00eb cil\u00ebt kan\u00eb kompani nd\u00ebrtimi (me leje dhe para publike), kan\u00eb kompani rrug\u00ebsh (me fonde publike), kan\u00eb firma prodhimi dhe konsumi (me klient\u00eb, entet publike), kan\u00eb n\u00eb p\u00ebrdorim nd\u00ebrtesa publike dhe jan\u00eb realisht, aktor\u00ebt kryesor\u00eb n\u00eb tregun publik e privat. <\/p>\n<p>Konflikti i interesit \u00ebsht\u00eb institucional. Ne kemi rreth 10 deputet\u00eb q\u00eb kan\u00eb votuar pro\/kund\u00ebr masave financiare n\u00eb biznesin e cigareve, kazinove, nd\u00ebrtimit apo arsimit privat, dhe q\u00eb nj\u00ebher\u00ebsh, jan\u00eb aksioner\u00eb n\u00eb biznese t\u00eb tilla. N\u00eb \u00e7do nivel kemi ministra, drejtues entesh publike dhe funksionar\u00eb t\u00eb lart\u00eb q\u00eb marrin vendime n\u00eb fusha, n\u00eb t\u00eb cilat konkurrojn\u00eb edhe an\u00ebtar\u00ebt e familjes s\u00eb tyre. Kemi politikan\u00eb q\u00eb miliona t\u00eb fondeve publike ua delegojn\u00eb OJF-ve t\u00eb tyre private, ku formalisht kan\u00eb deleguar ndonj\u00eb besnik t\u00eb tyre.<\/p>\n<p>Kemi politikan\u00eb q\u00eb vrapuan t\u00eb miratojn\u00eb ligjin qesharak p\u00ebr heqjen e makinave zyrtar\u00ebve t\u00eb lart\u00eb n\u00eb em\u00ebr t\u00eb antikorrupsionit, kur n\u00eb fakt tani del n\u00eb pah q\u00ebllimi i v\u00ebrtet\u00eb: sepse shumica kan\u00eb makina luksoze personale, dhe ata q\u00eb nuk kishin i blen\u00eb muajt e fundit me \u00e7mime qesharake nga vet\u00eb shteti.<\/p>\n<p>Skeptik\u00ebt k\u00ebrkojn\u00eb prova. Provat jan\u00eb aty, tek vet\u00eb deklarimet. Ne kemi nj\u00eb ILDKP, q\u00eb n\u00eb vend t\u00eb hetimit, justifikon pasurit\u00eb e politikan\u00ebve; kemi organe q\u00eb \u00e7do muaj nd\u00ebrsehen edhe kund\u00ebr pensionist\u00ebve, por q\u00eb heshtin n\u00eb raste t\u00eb tilla; kemi organe hetimi antikorrupsioni apo t\u00eb pastrimit t\u00eb parave, q\u00eb jan\u00eb vart\u00ebs besnik\u00eb t\u00eb politikan\u00ebve t\u00eb till\u00eb. T\u00eb gjith\u00eb heshtin dhe k\u00ebshtu, t\u00eb gjith\u00eb rrezikojm\u00eb t\u00eb pranojn\u00eb nj\u00eb sistem t\u00eb ri politik, t\u00eb bazuar n\u00eb oligarkin\u00eb konsensuale, ku nuk ka vend p\u00ebr vlera, moral dhe parime.<\/p>\n<p>Alibia se kritikat ndaj biznesit politik jan\u00eb mentalitete t\u00eb s\u00eb kaluar\u00ebs, \u00ebsht\u00eb arrogante dhe cinike. Demokracia k\u00ebrkon mbi t\u00eb gjitha moral, p\u00ebrgjegjshm\u00ebri dhe qytetari, tre tipare q\u00eb shum\u00eb prej aktor\u00ebve tan\u00eb politik\u00eb i kan\u00eb humbur prej koh\u00ebsh. Konsensusi politik p\u00ebr t\u00eb ndar\u00eb zonat e fitimit dhe influenc\u00ebs, bizneset publike, lejet abuzive t\u00eb nd\u00ebrtimit, p\u00ebr t\u00eb hequr dor\u00eb nga premtimi p\u00ebr transparenc\u00eb e politik\u00eb t\u00eb moralshme, mbetet nj\u00eb zhvillim i friksh\u00ebm dhe me pasoja. <\/p>\n<p>Rreziku nuk \u00ebsht\u00eb vet\u00ebm kultivimi i modelit t\u00eb keq, i modelit abuzues t\u00eb t\u00eb \u201caftit q\u00eb p\u00ebr nj\u00eb vit n\u00eb post u b\u00eb i pasur\u201d, t\u00eb atij q\u00eb tund parat\u00eb p\u00ebr t\u00eb bler\u00eb postin, median, mandatin, tenderin, dhe pushtetin. Rreziku kryesor \u00ebsht\u00eb humbja e vlerave dhe e shpres\u00ebs tek kjo politik\u00eb mo\u00e7alore, e cila n\u00ebse vijon k\u00ebshtu, rrezikon t\u00eb krijoj\u00eb n\u00eb Shqip\u00ebri nj\u00eb sistem oligarkik me pasoja shum\u00eb t\u00eb m\u00ebdha p\u00ebr t\u00eb sotmen dhe sidomos t\u00eb ardhmen e ligjit, shtetit dhe demokracis\u00eb.<\/p>\n<p>(<em>G.SH\/BalkanWeb<\/em>)<\/p>\n","protected":false},"excerpt":{"rendered":"<p>Nga: AFRIM KRASNIQI TIRANE &#8211; N\u00eb shoq\u00ebrit\u00eb moderne per\u00ebndimore ka tri kategori politikan\u00ebsh t\u00eb pasur. T\u00eb par\u00ebt, jan\u00eb ata politikan\u00eb q\u00eb kan\u00eb qen\u00eb aktiv n\u00eb biznes, kan\u00eb pasur biznese legale, korrekte, t\u00eb suksesshme, dhe me meritat e suksesit t\u00eb sip\u00ebrmarrjes, jan\u00eb promovuar edhe n\u00eb politik\u00eb. T\u00eb dyt\u00ebt, jan\u00eb politikan\u00ebt e shquar n\u00eb profesionet e tyre [&hellip;]<\/p>\n","protected":false},"author":1,"featured_media":0,"comment_status":"open","ping_status":"closed","sticky":false,"template":"","format":"standard","meta":{"footnotes":""},"categories":[2],"tags":[],"class_list":{"0":"post-3339","1":"post","2":"type-post","3":"status-publish","4":"format-standard","6":"category-artikuj"},"yoast_head":"<!-- This site is optimized with the Yoast SEO plugin v27.4 - https:\/\/yoast.com\/product\/yoast-seo-wordpress\/ -->\n<title>Konsensusi i friksh\u00ebm i oligarkis\u00eb - FjALA e LIR\u00cb - Arkivi<\/title>\n<meta name=\"robots\" content=\"index, follow, max-snippet:-1, max-image-preview:large, max-video-preview:-1\" \/>\n<link rel=\"canonical\" href=\"https:\/\/fjala.info\/2009-2015\/konsensusi-i-frikshem-i-oligarkise\/\" \/>\n<meta property=\"og:locale\" content=\"sq_AL\" \/>\n<meta property=\"og:type\" content=\"article\" \/>\n<meta property=\"og:title\" content=\"Konsensusi i friksh\u00ebm i oligarkis\u00eb - FjALA e LIR\u00cb - Arkivi\" \/>\n<meta property=\"og:description\" content=\"Nga: AFRIM KRASNIQI TIRANE &#8211; N\u00eb shoq\u00ebrit\u00eb moderne per\u00ebndimore ka tri kategori politikan\u00ebsh t\u00eb pasur. T\u00eb par\u00ebt, jan\u00eb ata politikan\u00eb q\u00eb kan\u00eb qen\u00eb aktiv n\u00eb biznes, kan\u00eb pasur biznese legale, korrekte, t\u00eb suksesshme, dhe me meritat e suksesit t\u00eb sip\u00ebrmarrjes, jan\u00eb promovuar edhe n\u00eb politik\u00eb. T\u00eb dyt\u00ebt, jan\u00eb politikan\u00ebt e shquar n\u00eb profesionet e tyre [&hellip;]\" \/>\n<meta property=\"og:url\" content=\"https:\/\/fjala.info\/2009-2015\/konsensusi-i-frikshem-i-oligarkise\/\" \/>\n<meta property=\"og:site_name\" content=\"FjALA e LIR\u00cb - Arkivi\" \/>\n<meta property=\"article:published_time\" content=\"2010-07-16T09:33:05+00:00\" \/>\n<meta property=\"og:image\" content=\"http:\/\/www.shkoder.net\/images\/fjala\/afrim_krasniqi.jpg\" \/>\n<meta name=\"author\" content=\"admin\" \/>\n<meta name=\"twitter:card\" content=\"summary_large_image\" \/>\n<meta name=\"twitter:label1\" content=\"Written by\" \/>\n\t<meta name=\"twitter:data1\" content=\"admin\" \/>\n\t<meta name=\"twitter:label2\" content=\"Est. reading time\" \/>\n\t<meta name=\"twitter:data2\" content=\"5 minutes\" \/>\n<script type=\"application\/ld+json\" class=\"yoast-schema-graph\">{\"@context\":\"https:\\\/\\\/schema.org\",\"@graph\":[{\"@type\":\"Article\",\"@id\":\"https:\\\/\\\/fjala.info\\\/2009-2015\\\/konsensusi-i-frikshem-i-oligarkise\\\/#article\",\"isPartOf\":{\"@id\":\"https:\\\/\\\/fjala.info\\\/2009-2015\\\/konsensusi-i-frikshem-i-oligarkise\\\/\"},\"author\":{\"name\":\"admin\",\"@id\":\"https:\\\/\\\/fjala.info\\\/2009-2015\\\/#\\\/schema\\\/person\\\/3aa1163ef05469c496fc94e77611ada2\"},\"headline\":\"Konsensusi i friksh\u00ebm i oligarkis\u00eb\",\"datePublished\":\"2010-07-16T09:33:05+00:00\",\"mainEntityOfPage\":{\"@id\":\"https:\\\/\\\/fjala.info\\\/2009-2015\\\/konsensusi-i-frikshem-i-oligarkise\\\/\"},\"wordCount\":1088,\"commentCount\":0,\"publisher\":{\"@id\":\"https:\\\/\\\/fjala.info\\\/2009-2015\\\/#organization\"},\"image\":{\"@id\":\"https:\\\/\\\/fjala.info\\\/2009-2015\\\/konsensusi-i-frikshem-i-oligarkise\\\/#primaryimage\"},\"thumbnailUrl\":\"http:\\\/\\\/www.shkoder.net\\\/images\\\/fjala\\\/afrim_krasniqi.jpg\",\"articleSection\":[\"Artikuj\"],\"inLanguage\":\"sq-AL\",\"potentialAction\":[{\"@type\":\"CommentAction\",\"name\":\"Comment\",\"target\":[\"https:\\\/\\\/fjala.info\\\/2009-2015\\\/konsensusi-i-frikshem-i-oligarkise\\\/#respond\"]}]},{\"@type\":\"WebPage\",\"@id\":\"https:\\\/\\\/fjala.info\\\/2009-2015\\\/konsensusi-i-frikshem-i-oligarkise\\\/\",\"url\":\"https:\\\/\\\/fjala.info\\\/2009-2015\\\/konsensusi-i-frikshem-i-oligarkise\\\/\",\"name\":\"Konsensusi i friksh\u00ebm i oligarkis\u00eb - FjALA e LIR\u00cb - Arkivi\",\"isPartOf\":{\"@id\":\"https:\\\/\\\/fjala.info\\\/2009-2015\\\/#website\"},\"primaryImageOfPage\":{\"@id\":\"https:\\\/\\\/fjala.info\\\/2009-2015\\\/konsensusi-i-frikshem-i-oligarkise\\\/#primaryimage\"},\"image\":{\"@id\":\"https:\\\/\\\/fjala.info\\\/2009-2015\\\/konsensusi-i-frikshem-i-oligarkise\\\/#primaryimage\"},\"thumbnailUrl\":\"http:\\\/\\\/www.shkoder.net\\\/images\\\/fjala\\\/afrim_krasniqi.jpg\",\"datePublished\":\"2010-07-16T09:33:05+00:00\",\"breadcrumb\":{\"@id\":\"https:\\\/\\\/fjala.info\\\/2009-2015\\\/konsensusi-i-frikshem-i-oligarkise\\\/#breadcrumb\"},\"inLanguage\":\"sq-AL\",\"potentialAction\":[{\"@type\":\"ReadAction\",\"target\":[\"https:\\\/\\\/fjala.info\\\/2009-2015\\\/konsensusi-i-frikshem-i-oligarkise\\\/\"]}]},{\"@type\":\"ImageObject\",\"inLanguage\":\"sq-AL\",\"@id\":\"https:\\\/\\\/fjala.info\\\/2009-2015\\\/konsensusi-i-frikshem-i-oligarkise\\\/#primaryimage\",\"url\":\"http:\\\/\\\/www.shkoder.net\\\/images\\\/fjala\\\/afrim_krasniqi.jpg\",\"contentUrl\":\"http:\\\/\\\/www.shkoder.net\\\/images\\\/fjala\\\/afrim_krasniqi.jpg\"},{\"@type\":\"BreadcrumbList\",\"@id\":\"https:\\\/\\\/fjala.info\\\/2009-2015\\\/konsensusi-i-frikshem-i-oligarkise\\\/#breadcrumb\",\"itemListElement\":[{\"@type\":\"ListItem\",\"position\":1,\"name\":\"Home\",\"item\":\"https:\\\/\\\/fjala.info\\\/2009-2015\\\/\"},{\"@type\":\"ListItem\",\"position\":2,\"name\":\"Konsensusi i friksh\u00ebm i oligarkis\u00eb\"}]},{\"@type\":\"WebSite\",\"@id\":\"https:\\\/\\\/fjala.info\\\/2009-2015\\\/#website\",\"url\":\"https:\\\/\\\/fjala.info\\\/2009-2015\\\/\",\"name\":\"FjALA e LIR\u00cb - Arkivi\",\"description\":\"Arkivi 2009-2015\",\"publisher\":{\"@id\":\"https:\\\/\\\/fjala.info\\\/2009-2015\\\/#organization\"},\"potentialAction\":[{\"@type\":\"SearchAction\",\"target\":{\"@type\":\"EntryPoint\",\"urlTemplate\":\"https:\\\/\\\/fjala.info\\\/2009-2015\\\/?s={search_term_string}\"},\"query-input\":{\"@type\":\"PropertyValueSpecification\",\"valueRequired\":true,\"valueName\":\"search_term_string\"}}],\"inLanguage\":\"sq-AL\"},{\"@type\":\"Organization\",\"@id\":\"https:\\\/\\\/fjala.info\\\/2009-2015\\\/#organization\",\"name\":\"FjALA e LIR\u00cb - Arkivi\",\"url\":\"https:\\\/\\\/fjala.info\\\/2009-2015\\\/\",\"logo\":{\"@type\":\"ImageObject\",\"inLanguage\":\"sq-AL\",\"@id\":\"https:\\\/\\\/fjala.info\\\/2009-2015\\\/#\\\/schema\\\/logo\\\/image\\\/\",\"url\":\"\",\"contentUrl\":\"\",\"caption\":\"FjALA e LIR\u00cb - Arkivi\"},\"image\":{\"@id\":\"https:\\\/\\\/fjala.info\\\/2009-2015\\\/#\\\/schema\\\/logo\\\/image\\\/\"}},{\"@type\":\"Person\",\"@id\":\"https:\\\/\\\/fjala.info\\\/2009-2015\\\/#\\\/schema\\\/person\\\/3aa1163ef05469c496fc94e77611ada2\",\"name\":\"admin\",\"image\":{\"@type\":\"ImageObject\",\"inLanguage\":\"sq-AL\",\"@id\":\"https:\\\/\\\/fjala.info\\\/2009-2015\\\/wp-content\\\/uploads\\\/2012\\\/02\\\/arben_cokaj-120x150.jpg\",\"url\":\"https:\\\/\\\/fjala.info\\\/2009-2015\\\/wp-content\\\/uploads\\\/2012\\\/02\\\/arben_cokaj-120x150.jpg\",\"contentUrl\":\"https:\\\/\\\/fjala.info\\\/2009-2015\\\/wp-content\\\/uploads\\\/2012\\\/02\\\/arben_cokaj-120x150.jpg\",\"caption\":\"admin\"},\"description\":\"Admin, Fjala e Lir\u00eb\",\"sameAs\":[\"https:\\\/\\\/fjala.info\\\/\"],\"url\":\"https:\\\/\\\/fjala.info\\\/2009-2015\\\/author\\\/admin\\\/\"}]}<\/script>\n<!-- \/ Yoast SEO plugin. -->","yoast_head_json":{"title":"Konsensusi i friksh\u00ebm i oligarkis\u00eb - FjALA e LIR\u00cb - Arkivi","robots":{"index":"index","follow":"follow","max-snippet":"max-snippet:-1","max-image-preview":"max-image-preview:large","max-video-preview":"max-video-preview:-1"},"canonical":"https:\/\/fjala.info\/2009-2015\/konsensusi-i-frikshem-i-oligarkise\/","og_locale":"sq_AL","og_type":"article","og_title":"Konsensusi i friksh\u00ebm i oligarkis\u00eb - FjALA e LIR\u00cb - Arkivi","og_description":"Nga: AFRIM KRASNIQI TIRANE &#8211; N\u00eb shoq\u00ebrit\u00eb moderne per\u00ebndimore ka tri kategori politikan\u00ebsh t\u00eb pasur. T\u00eb par\u00ebt, jan\u00eb ata politikan\u00eb q\u00eb kan\u00eb qen\u00eb aktiv n\u00eb biznes, kan\u00eb pasur biznese legale, korrekte, t\u00eb suksesshme, dhe me meritat e suksesit t\u00eb sip\u00ebrmarrjes, jan\u00eb promovuar edhe n\u00eb politik\u00eb. T\u00eb dyt\u00ebt, jan\u00eb politikan\u00ebt e shquar n\u00eb profesionet e tyre [&hellip;]","og_url":"https:\/\/fjala.info\/2009-2015\/konsensusi-i-frikshem-i-oligarkise\/","og_site_name":"FjALA e LIR\u00cb - Arkivi","article_published_time":"2010-07-16T09:33:05+00:00","og_image":[{"url":"http:\/\/www.shkoder.net\/images\/fjala\/afrim_krasniqi.jpg","type":"","width":"","height":""}],"author":"admin","twitter_card":"summary_large_image","twitter_misc":{"Written by":"admin","Est. reading time":"5 minutes"},"schema":{"@context":"https:\/\/schema.org","@graph":[{"@type":"Article","@id":"https:\/\/fjala.info\/2009-2015\/konsensusi-i-frikshem-i-oligarkise\/#article","isPartOf":{"@id":"https:\/\/fjala.info\/2009-2015\/konsensusi-i-frikshem-i-oligarkise\/"},"author":{"name":"admin","@id":"https:\/\/fjala.info\/2009-2015\/#\/schema\/person\/3aa1163ef05469c496fc94e77611ada2"},"headline":"Konsensusi i friksh\u00ebm i oligarkis\u00eb","datePublished":"2010-07-16T09:33:05+00:00","mainEntityOfPage":{"@id":"https:\/\/fjala.info\/2009-2015\/konsensusi-i-frikshem-i-oligarkise\/"},"wordCount":1088,"commentCount":0,"publisher":{"@id":"https:\/\/fjala.info\/2009-2015\/#organization"},"image":{"@id":"https:\/\/fjala.info\/2009-2015\/konsensusi-i-frikshem-i-oligarkise\/#primaryimage"},"thumbnailUrl":"http:\/\/www.shkoder.net\/images\/fjala\/afrim_krasniqi.jpg","articleSection":["Artikuj"],"inLanguage":"sq-AL","potentialAction":[{"@type":"CommentAction","name":"Comment","target":["https:\/\/fjala.info\/2009-2015\/konsensusi-i-frikshem-i-oligarkise\/#respond"]}]},{"@type":"WebPage","@id":"https:\/\/fjala.info\/2009-2015\/konsensusi-i-frikshem-i-oligarkise\/","url":"https:\/\/fjala.info\/2009-2015\/konsensusi-i-frikshem-i-oligarkise\/","name":"Konsensusi i friksh\u00ebm i oligarkis\u00eb - FjALA e LIR\u00cb - Arkivi","isPartOf":{"@id":"https:\/\/fjala.info\/2009-2015\/#website"},"primaryImageOfPage":{"@id":"https:\/\/fjala.info\/2009-2015\/konsensusi-i-frikshem-i-oligarkise\/#primaryimage"},"image":{"@id":"https:\/\/fjala.info\/2009-2015\/konsensusi-i-frikshem-i-oligarkise\/#primaryimage"},"thumbnailUrl":"http:\/\/www.shkoder.net\/images\/fjala\/afrim_krasniqi.jpg","datePublished":"2010-07-16T09:33:05+00:00","breadcrumb":{"@id":"https:\/\/fjala.info\/2009-2015\/konsensusi-i-frikshem-i-oligarkise\/#breadcrumb"},"inLanguage":"sq-AL","potentialAction":[{"@type":"ReadAction","target":["https:\/\/fjala.info\/2009-2015\/konsensusi-i-frikshem-i-oligarkise\/"]}]},{"@type":"ImageObject","inLanguage":"sq-AL","@id":"https:\/\/fjala.info\/2009-2015\/konsensusi-i-frikshem-i-oligarkise\/#primaryimage","url":"http:\/\/www.shkoder.net\/images\/fjala\/afrim_krasniqi.jpg","contentUrl":"http:\/\/www.shkoder.net\/images\/fjala\/afrim_krasniqi.jpg"},{"@type":"BreadcrumbList","@id":"https:\/\/fjala.info\/2009-2015\/konsensusi-i-frikshem-i-oligarkise\/#breadcrumb","itemListElement":[{"@type":"ListItem","position":1,"name":"Home","item":"https:\/\/fjala.info\/2009-2015\/"},{"@type":"ListItem","position":2,"name":"Konsensusi i friksh\u00ebm i oligarkis\u00eb"}]},{"@type":"WebSite","@id":"https:\/\/fjala.info\/2009-2015\/#website","url":"https:\/\/fjala.info\/2009-2015\/","name":"FjALA e LIR\u00cb - Arkivi","description":"Arkivi 2009-2015","publisher":{"@id":"https:\/\/fjala.info\/2009-2015\/#organization"},"potentialAction":[{"@type":"SearchAction","target":{"@type":"EntryPoint","urlTemplate":"https:\/\/fjala.info\/2009-2015\/?s={search_term_string}"},"query-input":{"@type":"PropertyValueSpecification","valueRequired":true,"valueName":"search_term_string"}}],"inLanguage":"sq-AL"},{"@type":"Organization","@id":"https:\/\/fjala.info\/2009-2015\/#organization","name":"FjALA e LIR\u00cb - Arkivi","url":"https:\/\/fjala.info\/2009-2015\/","logo":{"@type":"ImageObject","inLanguage":"sq-AL","@id":"https:\/\/fjala.info\/2009-2015\/#\/schema\/logo\/image\/","url":"","contentUrl":"","caption":"FjALA e LIR\u00cb - Arkivi"},"image":{"@id":"https:\/\/fjala.info\/2009-2015\/#\/schema\/logo\/image\/"}},{"@type":"Person","@id":"https:\/\/fjala.info\/2009-2015\/#\/schema\/person\/3aa1163ef05469c496fc94e77611ada2","name":"admin","image":{"@type":"ImageObject","inLanguage":"sq-AL","@id":"https:\/\/fjala.info\/2009-2015\/wp-content\/uploads\/2012\/02\/arben_cokaj-120x150.jpg","url":"https:\/\/fjala.info\/2009-2015\/wp-content\/uploads\/2012\/02\/arben_cokaj-120x150.jpg","contentUrl":"https:\/\/fjala.info\/2009-2015\/wp-content\/uploads\/2012\/02\/arben_cokaj-120x150.jpg","caption":"admin"},"description":"Admin, Fjala e Lir\u00eb","sameAs":["https:\/\/fjala.info\/"],"url":"https:\/\/fjala.info\/2009-2015\/author\/admin\/"}]}},"_links":{"self":[{"href":"https:\/\/fjala.info\/2009-2015\/wp-json\/wp\/v2\/posts\/3339","targetHints":{"allow":["GET"]}}],"collection":[{"href":"https:\/\/fjala.info\/2009-2015\/wp-json\/wp\/v2\/posts"}],"about":[{"href":"https:\/\/fjala.info\/2009-2015\/wp-json\/wp\/v2\/types\/post"}],"author":[{"embeddable":true,"href":"https:\/\/fjala.info\/2009-2015\/wp-json\/wp\/v2\/users\/1"}],"replies":[{"embeddable":true,"href":"https:\/\/fjala.info\/2009-2015\/wp-json\/wp\/v2\/comments?post=3339"}],"version-history":[{"count":0,"href":"https:\/\/fjala.info\/2009-2015\/wp-json\/wp\/v2\/posts\/3339\/revisions"}],"wp:attachment":[{"href":"https:\/\/fjala.info\/2009-2015\/wp-json\/wp\/v2\/media?parent=3339"}],"wp:term":[{"taxonomy":"category","embeddable":true,"href":"https:\/\/fjala.info\/2009-2015\/wp-json\/wp\/v2\/categories?post=3339"},{"taxonomy":"post_tag","embeddable":true,"href":"https:\/\/fjala.info\/2009-2015\/wp-json\/wp\/v2\/tags?post=3339"}],"curies":[{"name":"wp","href":"https:\/\/api.w.org\/{rel}","templated":true}]}}