{"id":3338,"date":"2012-06-15T22:47:34","date_gmt":"2012-06-15T21:47:34","guid":{"rendered":"http:\/\/www.fjala.info\/?p=3338"},"modified":"2012-06-15T22:47:34","modified_gmt":"2012-06-15T21:47:34","slug":"leksione-hegjemoniste-nga-ambasadori-shqiptar","status":"publish","type":"post","link":"https:\/\/fjala.info\/2009-2015\/leksione-hegjemoniste-nga-ambasadori-shqiptar\/","title":{"rendered":"Leksione hegjemoniste nga ambasadori shqiptar"},"content":{"rendered":"<p><img decoding=\"async\" class=\"alignright size-thumbnail wp-image-7236\" title=\"Islam Lauka\" src=\"http:\/\/www.fjala.info\/2012\/islam_lauka.jpg\" alt=\"\" width=\"200\" \/><br \/>\n<strong><em>Kur s\u2019ka kush t\u2019ua tregoj\u00eb vendin q\u00eb u takon, ambasador\u00eb si Islam Lauka mund t\u00eb shkojn\u00eb aq larg sa t\u00eb japin leksione historie dhe t\u00eb shfaqin hegjemoni Shqip\u00ebrie.<\/em><\/strong><\/p>\n<p>Nga <strong>Imer Mushkolaj<\/strong>, <em>EXPRESS, 15 Qershor 2012<\/em><\/p>\n<p>Ambasadori i Shqip\u00ebris\u00eb n\u00eb Kosov\u00eb, Islam Lauka, duket se harroi ku gjendej t\u00eb h\u00ebn\u00ebn, teksa po jepte leksione q\u00eb m\u00eb s\u00eb paku i takojn\u00eb nj\u00eb diplomati, n\u00eb nj\u00eb tubim shkencor n\u00eb Prishtin\u00eb. N\u00eb konferenc\u00ebn \u201cShekulli i shtetit shqiptar\u201d, ai jepte verdiktin se kush duhej t\u2019i takoj\u00eb kombit shqiptar dhe sulmonte t\u00eb gjith\u00eb ata q\u00eb mendojn\u00eb se po ngjizet edhe kombi kosovar.<\/p>\n<p>Me nj\u00eb gjuh\u00eb q\u00eb do t\u2019ia kalonte edhe vet\u00eb Sali Berish\u00ebs n\u00eb momente ekzaltimi, Lauka po thoshte se ata q\u00eb mb\u00ebshtesin iden\u00eb e ekzistimit t\u00eb kombit kosovar kan\u00eb p\u00ebr q\u00ebllim q\u00eb ta l\u00ebn\u00eb kombin shqiptar pa histori, pa t\u00eb ardhme.<\/p>\n<p>Lauka po fliste si t\u00eb ishte midis Tirane, e jo n\u00eb cil\u00ebsin\u00eb e nj\u00eb ambasadori t\u00eb Shqip\u00ebris\u00eb n\u00eb nj\u00eb tjet\u00ebr shtet. N\u00eb nj\u00eb shtet, qytetar\u00ebt e t\u00eb cilit nuk jan\u00eb ve\u00e7 shqiptar\u00eb, por edhe serb\u00eb, boshnjak\u00eb, turq, rom\u00eb\u2026 N\u00eb nj\u00eb shtet q\u00eb quhet Kosov\u00eb, q\u00eb ka nj\u00eb kryeqytet q\u00eb quhet Prishtin\u00eb, q\u00eb ka nj\u00eb himn e flamur dhe q\u00eb po krijon nj\u00eb identitet shtet\u00ebror.<\/p>\n<p>Me nj\u00eb gjuh\u00eb q\u00eb v\u00ebshtir\u00eb se do t\u2019i shkonte madje edhe ndonj\u00eb nacionalisti shkurtpam\u00ebs, Lauka nuk po b\u00ebnte gj\u00eb tjet\u00ebr ve\u00e7se po shp\u00ebrfaqte n\u00eb m\u00ebnyr\u00eb agresive gjith\u00eb hegjemonin\u00eb e artikuluar n\u00eb Tiran\u00eb ndaj Kosov\u00ebs. Ai, madje, plot mllef dhe me aspak takt po i porosiste t\u00eb gjith\u00eb ata q\u00eb nuk e ndiejn\u00eb veten se i takojn\u00eb kombit shqiptar, q\u00eb ta nd\u00ebrrojn\u00eb kombin.<\/p>\n<p>Lauka, tropojani studiues i rusishtes dhe ish-numri dy i ambasad\u00ebs shqiptare n\u00eb Mosk\u00eb, shfaqi frik\u00ebn edhe nga ajo q\u00eb e quajti \u201chistori alternative\u201d, nd\u00ebrkaq i dha vetes t\u00eb drejt\u00eb t\u00eb thot\u00eb edhe se bart\u00ebsit e k\u00ebtyre tezave \u201cpseudo-shkencore\u201d, sipas tij, kan\u00eb p\u00ebr q\u00ebllim q\u00eb shqiptar\u00ebve t\u2019ua vjedhin historin\u00eb.<\/p>\n<p>P\u00ebr ata q\u00eb e mohojn\u00eb se i takojn\u00eb kombit shqiptar, ambasadori Lauka e ka nj\u00eb porosi: ta k\u00ebrkojn\u00eb ndonj\u00eb tjet\u00ebr komb!<\/p>\n<p>* * *<\/p>\n<p>Pasi ishte i ftuar n\u00eb konferenc\u00ebn me tem\u00eb \u201cShekulli i shtetit shqiptar\u201d, at\u00ebher\u00eb Lauka do t\u00eb duhej t\u00eb fliste p\u00ebr shtetin shqiptar, pjes\u00eb e t\u00eb cilit Kosova (p\u00ebrjashto nj\u00eb koh\u00eb t\u00eb shkurt\u00ebr gjat\u00eb Luft\u00ebs s\u00eb Dyt\u00eb Bot\u00ebrore) nuk ishte asnj\u00ebher\u00eb gjat\u00eb 100 vjet\u00ebve.<\/p>\n<p>P\u00ebrpara se t\u00eb hidhte vrer ndaj t\u00eb gjith\u00eb atyre q\u00eb s\u2019mendojn\u00eb si ai, Lauka mbase do t\u00eb duhej t\u00eb fliste p\u00ebr problemet dhe pengesat praktike me t\u00eb cilat p\u00ebrballen t\u00eb dy shtetet. P\u00ebr shembull, mund t\u00eb sqaronte m\u00eb shum\u00eb rreth patateve kosovare q\u00eb po bllokohen nga Shqip\u00ebria.<\/p>\n<p>Po ashtu do t\u00eb mund ta porosiste Kosov\u00ebn edhe t\u00eb mos e merrte shembull Shqip\u00ebrin\u00eb as p\u00ebr nj\u00eb shekull shtet, as p\u00ebr nj\u00ebzet vjet demokraci.<\/p>\n<p>Por, jo. Lauka zgjodhi t\u00eb flas\u00eb me logjik\u00ebn e p\u00ebrfaq\u00ebsuesit t\u00eb shtetit shqiptar si padron i Kosov\u00ebs. Me logjik\u00ebn e p\u00ebrfaq\u00ebsuesit t\u00eb qendr\u00ebs q\u00eb ia ngre veshin periferis\u00eb, me logjik\u00ebn e p\u00ebrfaq\u00ebsuesit t\u00eb kombit q\u00eb s\u2019mund ta paramendoj\u00eb se nga \u201cgjaku\u201d i vet po lind nj\u00eb komb i ri. Si nuk kan\u00eb mundur ta paramendojn\u00eb edhe shum\u00eb shtete tjera rreth nesh.<\/p>\n<p>P\u00ebr t\u2019ua \u00e7uar pesh\u00eb zemrat qytetar\u00ebve shqiptar\u00eb t\u00eb Kosov\u00ebs, Lauka imitoi Sali Berish\u00ebn e Prizrenit t\u00eb nj\u00eb dite m\u00eb par\u00eb, vet\u00ebm se ky u tregua edhe m\u00eb i rrept\u00eb. Dha leksione m\u00eb t\u00eb ashpra, m\u00eb t\u00eb prera.<\/p>\n<p>\u201cAi q\u00eb e ndjen veten se nuk i takon k\u00ebtij kombi, \u00ebsht\u00eb i lir\u00eb t\u00eb zgjedh\u00eb nj\u00eb komb tjet\u00ebr\u201d, tha Lauka, thuajse ai vendos se kush cilit komb duhet t\u2019i takoj\u00eb. Ai i dha vetes t\u00eb drejt\u00eb edhe q\u00eb t\u2019i p\u00ebrjashtoj\u00eb nga Kosova t\u00eb gjith\u00eb ata q\u00eb ndihen kosovar\u00eb. Madje, sipas tij, shqiptar\u00ebt e Kosov\u00ebs nuk kan\u00eb nevoj\u00eb t\u00eb k\u00ebrkojn\u00eb komb. \u201cAta e kan\u00eb dhe jo vet\u00ebm e kan\u00eb, por jan\u00eb lulja e kombit shqiptar\u201d, thekson ai, si p\u00ebr t\u2019ia v\u00ebn\u00eb kapakun gjith\u00eb diskursit pseudo-patriotik e pseudo-nacionalist q\u00eb \u00ebsht\u00eb shpeshtuar koh\u00ebn e fundit n\u00eb Tiran\u00eb.<\/p>\n<p>N\u00eb cil\u00ebsin\u00eb e nj\u00eb ambasadori, Lauka do t\u00eb duhej t\u00eb tregohej i kujdessh\u00ebm dhe t\u00eb merrte vendin q\u00eb i takon, si i ftuar n\u00eb nj\u00eb konferenc\u00eb, pa pasur nevoj\u00eb t\u00eb mbaj\u00eb leksione historie.<\/p>\n<p>Do t\u00eb ishte e udh\u00ebs t\u00eb fokusohej ekskluzivisht n\u00eb shekullin e shtetit shqiptar, p\u00ebr krijimin e t\u00eb cilit kontribut t\u00eb madh dhan\u00eb edhe p\u00ebrfaq\u00ebsuesit e shqiptar\u00ebve t\u00eb Kosov\u00ebs. Dhe, p\u00ebrfundimisht t\u00eb pajtohet me faktin se Kosova \u00ebsht\u00eb shtet i pavarur e jo krahin\u00eb e Shqip\u00ebris\u00eb. Se Kosova nuk \u00ebsht\u00eb shtet nj\u00ebetnik, por shumetnik. Se Prishtina nuk e sheh Tiran\u00ebn si n\u00ebn\u00eb, por si partnere. Se qytetar\u00ebt e Kosov\u00ebs duhet ta nd\u00ebrtojn\u00eb shtetin e tyre, kombin e tyre.<\/p>\n<p>N\u00eb cilindo vend normal deklaratat e Lauk\u00ebs do t\u00eb shkaktonin skandal diplomatik. Por, n\u00eb Kosov\u00ebn jonormale dhe inferiore ndaj Tiran\u00ebs, Lauka mbetet i pand\u00ebshkuar. Sepse Kosova ende konsumon me boll\u00ebk gjith\u00eb at\u00eb q\u00eb i vjen nga Shqip\u00ebria. Prishtina ende ndihet e st\u00ebrkequr nga idet\u00eb hegjemoniste t\u00eb Tiran\u00ebs.<\/p>\n","protected":false},"excerpt":{"rendered":"<p>Kur s\u2019ka kush t\u2019ua tregoj\u00eb vendin q\u00eb u takon, ambasador\u00eb si Islam Lauka mund t\u00eb shkojn\u00eb aq larg sa t\u00eb japin leksione historie dhe t\u00eb shfaqin hegjemoni Shqip\u00ebrie. Nga Imer Mushkolaj, EXPRESS, 15 Qershor 2012 Ambasadori i Shqip\u00ebris\u00eb n\u00eb Kosov\u00eb, Islam Lauka, duket se harroi ku gjendej t\u00eb h\u00ebn\u00ebn, teksa po jepte leksione q\u00eb m\u00eb [&hellip;]<\/p>\n","protected":false},"author":1,"featured_media":0,"comment_status":"open","ping_status":"closed","sticky":false,"template":"","format":"standard","meta":{"footnotes":""},"categories":[2],"tags":[],"class_list":{"0":"post-3338","1":"post","2":"type-post","3":"status-publish","4":"format-standard","6":"category-artikuj"},"yoast_head":"<!-- This site is optimized with the Yoast SEO plugin v27.4 - https:\/\/yoast.com\/product\/yoast-seo-wordpress\/ -->\n<title>Leksione hegjemoniste nga ambasadori shqiptar - FjALA e LIR\u00cb - Arkivi<\/title>\n<meta name=\"robots\" content=\"index, follow, max-snippet:-1, max-image-preview:large, max-video-preview:-1\" \/>\n<link rel=\"canonical\" href=\"https:\/\/fjala.info\/2009-2015\/leksione-hegjemoniste-nga-ambasadori-shqiptar\/\" \/>\n<meta property=\"og:locale\" content=\"sq_AL\" \/>\n<meta property=\"og:type\" content=\"article\" \/>\n<meta property=\"og:title\" content=\"Leksione hegjemoniste nga ambasadori shqiptar - FjALA e LIR\u00cb - Arkivi\" \/>\n<meta property=\"og:description\" content=\"Kur s\u2019ka kush t\u2019ua tregoj\u00eb vendin q\u00eb u takon, ambasador\u00eb si Islam Lauka mund t\u00eb shkojn\u00eb aq larg sa t\u00eb japin leksione historie dhe t\u00eb shfaqin hegjemoni Shqip\u00ebrie. Nga Imer Mushkolaj, EXPRESS, 15 Qershor 2012 Ambasadori i Shqip\u00ebris\u00eb n\u00eb Kosov\u00eb, Islam Lauka, duket se harroi ku gjendej t\u00eb h\u00ebn\u00ebn, teksa po jepte leksione q\u00eb m\u00eb [&hellip;]\" \/>\n<meta property=\"og:url\" content=\"https:\/\/fjala.info\/2009-2015\/leksione-hegjemoniste-nga-ambasadori-shqiptar\/\" \/>\n<meta property=\"og:site_name\" content=\"FjALA e LIR\u00cb - Arkivi\" \/>\n<meta property=\"article:published_time\" content=\"2012-06-15T21:47:34+00:00\" \/>\n<meta property=\"og:image\" content=\"http:\/\/www.fjala.info\/2012\/islam_lauka.jpg\" \/>\n<meta name=\"author\" content=\"admin\" \/>\n<meta name=\"twitter:card\" content=\"summary_large_image\" \/>\n<meta name=\"twitter:label1\" content=\"Written by\" \/>\n\t<meta name=\"twitter:data1\" content=\"admin\" \/>\n\t<meta name=\"twitter:label2\" content=\"Est. reading time\" \/>\n\t<meta name=\"twitter:data2\" content=\"5 minutes\" \/>\n<script type=\"application\/ld+json\" class=\"yoast-schema-graph\">{\"@context\":\"https:\\\/\\\/schema.org\",\"@graph\":[{\"@type\":\"Article\",\"@id\":\"https:\\\/\\\/fjala.info\\\/2009-2015\\\/leksione-hegjemoniste-nga-ambasadori-shqiptar\\\/#article\",\"isPartOf\":{\"@id\":\"https:\\\/\\\/fjala.info\\\/2009-2015\\\/leksione-hegjemoniste-nga-ambasadori-shqiptar\\\/\"},\"author\":{\"name\":\"admin\",\"@id\":\"https:\\\/\\\/fjala.info\\\/2009-2015\\\/#\\\/schema\\\/person\\\/3aa1163ef05469c496fc94e77611ada2\"},\"headline\":\"Leksione hegjemoniste nga ambasadori shqiptar\",\"datePublished\":\"2012-06-15T21:47:34+00:00\",\"mainEntityOfPage\":{\"@id\":\"https:\\\/\\\/fjala.info\\\/2009-2015\\\/leksione-hegjemoniste-nga-ambasadori-shqiptar\\\/\"},\"wordCount\":914,\"commentCount\":0,\"publisher\":{\"@id\":\"https:\\\/\\\/fjala.info\\\/2009-2015\\\/#organization\"},\"image\":{\"@id\":\"https:\\\/\\\/fjala.info\\\/2009-2015\\\/leksione-hegjemoniste-nga-ambasadori-shqiptar\\\/#primaryimage\"},\"thumbnailUrl\":\"http:\\\/\\\/www.fjala.info\\\/2012\\\/islam_lauka.jpg\",\"articleSection\":[\"Artikuj\"],\"inLanguage\":\"sq-AL\",\"potentialAction\":[{\"@type\":\"CommentAction\",\"name\":\"Comment\",\"target\":[\"https:\\\/\\\/fjala.info\\\/2009-2015\\\/leksione-hegjemoniste-nga-ambasadori-shqiptar\\\/#respond\"]}]},{\"@type\":\"WebPage\",\"@id\":\"https:\\\/\\\/fjala.info\\\/2009-2015\\\/leksione-hegjemoniste-nga-ambasadori-shqiptar\\\/\",\"url\":\"https:\\\/\\\/fjala.info\\\/2009-2015\\\/leksione-hegjemoniste-nga-ambasadori-shqiptar\\\/\",\"name\":\"Leksione hegjemoniste nga ambasadori shqiptar - FjALA e LIR\u00cb - Arkivi\",\"isPartOf\":{\"@id\":\"https:\\\/\\\/fjala.info\\\/2009-2015\\\/#website\"},\"primaryImageOfPage\":{\"@id\":\"https:\\\/\\\/fjala.info\\\/2009-2015\\\/leksione-hegjemoniste-nga-ambasadori-shqiptar\\\/#primaryimage\"},\"image\":{\"@id\":\"https:\\\/\\\/fjala.info\\\/2009-2015\\\/leksione-hegjemoniste-nga-ambasadori-shqiptar\\\/#primaryimage\"},\"thumbnailUrl\":\"http:\\\/\\\/www.fjala.info\\\/2012\\\/islam_lauka.jpg\",\"datePublished\":\"2012-06-15T21:47:34+00:00\",\"breadcrumb\":{\"@id\":\"https:\\\/\\\/fjala.info\\\/2009-2015\\\/leksione-hegjemoniste-nga-ambasadori-shqiptar\\\/#breadcrumb\"},\"inLanguage\":\"sq-AL\",\"potentialAction\":[{\"@type\":\"ReadAction\",\"target\":[\"https:\\\/\\\/fjala.info\\\/2009-2015\\\/leksione-hegjemoniste-nga-ambasadori-shqiptar\\\/\"]}]},{\"@type\":\"ImageObject\",\"inLanguage\":\"sq-AL\",\"@id\":\"https:\\\/\\\/fjala.info\\\/2009-2015\\\/leksione-hegjemoniste-nga-ambasadori-shqiptar\\\/#primaryimage\",\"url\":\"http:\\\/\\\/www.fjala.info\\\/2012\\\/islam_lauka.jpg\",\"contentUrl\":\"http:\\\/\\\/www.fjala.info\\\/2012\\\/islam_lauka.jpg\"},{\"@type\":\"BreadcrumbList\",\"@id\":\"https:\\\/\\\/fjala.info\\\/2009-2015\\\/leksione-hegjemoniste-nga-ambasadori-shqiptar\\\/#breadcrumb\",\"itemListElement\":[{\"@type\":\"ListItem\",\"position\":1,\"name\":\"Home\",\"item\":\"https:\\\/\\\/fjala.info\\\/2009-2015\\\/\"},{\"@type\":\"ListItem\",\"position\":2,\"name\":\"Leksione hegjemoniste nga ambasadori shqiptar\"}]},{\"@type\":\"WebSite\",\"@id\":\"https:\\\/\\\/fjala.info\\\/2009-2015\\\/#website\",\"url\":\"https:\\\/\\\/fjala.info\\\/2009-2015\\\/\",\"name\":\"FjALA e LIR\u00cb - Arkivi\",\"description\":\"Arkivi 2009-2015\",\"publisher\":{\"@id\":\"https:\\\/\\\/fjala.info\\\/2009-2015\\\/#organization\"},\"potentialAction\":[{\"@type\":\"SearchAction\",\"target\":{\"@type\":\"EntryPoint\",\"urlTemplate\":\"https:\\\/\\\/fjala.info\\\/2009-2015\\\/?s={search_term_string}\"},\"query-input\":{\"@type\":\"PropertyValueSpecification\",\"valueRequired\":true,\"valueName\":\"search_term_string\"}}],\"inLanguage\":\"sq-AL\"},{\"@type\":\"Organization\",\"@id\":\"https:\\\/\\\/fjala.info\\\/2009-2015\\\/#organization\",\"name\":\"FjALA e LIR\u00cb - Arkivi\",\"url\":\"https:\\\/\\\/fjala.info\\\/2009-2015\\\/\",\"logo\":{\"@type\":\"ImageObject\",\"inLanguage\":\"sq-AL\",\"@id\":\"https:\\\/\\\/fjala.info\\\/2009-2015\\\/#\\\/schema\\\/logo\\\/image\\\/\",\"url\":\"\",\"contentUrl\":\"\",\"caption\":\"FjALA e LIR\u00cb - Arkivi\"},\"image\":{\"@id\":\"https:\\\/\\\/fjala.info\\\/2009-2015\\\/#\\\/schema\\\/logo\\\/image\\\/\"}},{\"@type\":\"Person\",\"@id\":\"https:\\\/\\\/fjala.info\\\/2009-2015\\\/#\\\/schema\\\/person\\\/3aa1163ef05469c496fc94e77611ada2\",\"name\":\"admin\",\"image\":{\"@type\":\"ImageObject\",\"inLanguage\":\"sq-AL\",\"@id\":\"https:\\\/\\\/fjala.info\\\/2009-2015\\\/wp-content\\\/uploads\\\/2012\\\/02\\\/arben_cokaj-120x150.jpg\",\"url\":\"https:\\\/\\\/fjala.info\\\/2009-2015\\\/wp-content\\\/uploads\\\/2012\\\/02\\\/arben_cokaj-120x150.jpg\",\"contentUrl\":\"https:\\\/\\\/fjala.info\\\/2009-2015\\\/wp-content\\\/uploads\\\/2012\\\/02\\\/arben_cokaj-120x150.jpg\",\"caption\":\"admin\"},\"description\":\"Admin, Fjala e Lir\u00eb\",\"sameAs\":[\"https:\\\/\\\/fjala.info\\\/\"],\"url\":\"https:\\\/\\\/fjala.info\\\/2009-2015\\\/author\\\/admin\\\/\"}]}<\/script>\n<!-- \/ Yoast SEO plugin. -->","yoast_head_json":{"title":"Leksione hegjemoniste nga ambasadori shqiptar - FjALA e LIR\u00cb - Arkivi","robots":{"index":"index","follow":"follow","max-snippet":"max-snippet:-1","max-image-preview":"max-image-preview:large","max-video-preview":"max-video-preview:-1"},"canonical":"https:\/\/fjala.info\/2009-2015\/leksione-hegjemoniste-nga-ambasadori-shqiptar\/","og_locale":"sq_AL","og_type":"article","og_title":"Leksione hegjemoniste nga ambasadori shqiptar - FjALA e LIR\u00cb - Arkivi","og_description":"Kur s\u2019ka kush t\u2019ua tregoj\u00eb vendin q\u00eb u takon, ambasador\u00eb si Islam Lauka mund t\u00eb shkojn\u00eb aq larg sa t\u00eb japin leksione historie dhe t\u00eb shfaqin hegjemoni Shqip\u00ebrie. Nga Imer Mushkolaj, EXPRESS, 15 Qershor 2012 Ambasadori i Shqip\u00ebris\u00eb n\u00eb Kosov\u00eb, Islam Lauka, duket se harroi ku gjendej t\u00eb h\u00ebn\u00ebn, teksa po jepte leksione q\u00eb m\u00eb [&hellip;]","og_url":"https:\/\/fjala.info\/2009-2015\/leksione-hegjemoniste-nga-ambasadori-shqiptar\/","og_site_name":"FjALA e LIR\u00cb - Arkivi","article_published_time":"2012-06-15T21:47:34+00:00","og_image":[{"url":"http:\/\/www.fjala.info\/2012\/islam_lauka.jpg","type":"","width":"","height":""}],"author":"admin","twitter_card":"summary_large_image","twitter_misc":{"Written by":"admin","Est. reading time":"5 minutes"},"schema":{"@context":"https:\/\/schema.org","@graph":[{"@type":"Article","@id":"https:\/\/fjala.info\/2009-2015\/leksione-hegjemoniste-nga-ambasadori-shqiptar\/#article","isPartOf":{"@id":"https:\/\/fjala.info\/2009-2015\/leksione-hegjemoniste-nga-ambasadori-shqiptar\/"},"author":{"name":"admin","@id":"https:\/\/fjala.info\/2009-2015\/#\/schema\/person\/3aa1163ef05469c496fc94e77611ada2"},"headline":"Leksione hegjemoniste nga ambasadori shqiptar","datePublished":"2012-06-15T21:47:34+00:00","mainEntityOfPage":{"@id":"https:\/\/fjala.info\/2009-2015\/leksione-hegjemoniste-nga-ambasadori-shqiptar\/"},"wordCount":914,"commentCount":0,"publisher":{"@id":"https:\/\/fjala.info\/2009-2015\/#organization"},"image":{"@id":"https:\/\/fjala.info\/2009-2015\/leksione-hegjemoniste-nga-ambasadori-shqiptar\/#primaryimage"},"thumbnailUrl":"http:\/\/www.fjala.info\/2012\/islam_lauka.jpg","articleSection":["Artikuj"],"inLanguage":"sq-AL","potentialAction":[{"@type":"CommentAction","name":"Comment","target":["https:\/\/fjala.info\/2009-2015\/leksione-hegjemoniste-nga-ambasadori-shqiptar\/#respond"]}]},{"@type":"WebPage","@id":"https:\/\/fjala.info\/2009-2015\/leksione-hegjemoniste-nga-ambasadori-shqiptar\/","url":"https:\/\/fjala.info\/2009-2015\/leksione-hegjemoniste-nga-ambasadori-shqiptar\/","name":"Leksione hegjemoniste nga ambasadori shqiptar - FjALA e LIR\u00cb - Arkivi","isPartOf":{"@id":"https:\/\/fjala.info\/2009-2015\/#website"},"primaryImageOfPage":{"@id":"https:\/\/fjala.info\/2009-2015\/leksione-hegjemoniste-nga-ambasadori-shqiptar\/#primaryimage"},"image":{"@id":"https:\/\/fjala.info\/2009-2015\/leksione-hegjemoniste-nga-ambasadori-shqiptar\/#primaryimage"},"thumbnailUrl":"http:\/\/www.fjala.info\/2012\/islam_lauka.jpg","datePublished":"2012-06-15T21:47:34+00:00","breadcrumb":{"@id":"https:\/\/fjala.info\/2009-2015\/leksione-hegjemoniste-nga-ambasadori-shqiptar\/#breadcrumb"},"inLanguage":"sq-AL","potentialAction":[{"@type":"ReadAction","target":["https:\/\/fjala.info\/2009-2015\/leksione-hegjemoniste-nga-ambasadori-shqiptar\/"]}]},{"@type":"ImageObject","inLanguage":"sq-AL","@id":"https:\/\/fjala.info\/2009-2015\/leksione-hegjemoniste-nga-ambasadori-shqiptar\/#primaryimage","url":"http:\/\/www.fjala.info\/2012\/islam_lauka.jpg","contentUrl":"http:\/\/www.fjala.info\/2012\/islam_lauka.jpg"},{"@type":"BreadcrumbList","@id":"https:\/\/fjala.info\/2009-2015\/leksione-hegjemoniste-nga-ambasadori-shqiptar\/#breadcrumb","itemListElement":[{"@type":"ListItem","position":1,"name":"Home","item":"https:\/\/fjala.info\/2009-2015\/"},{"@type":"ListItem","position":2,"name":"Leksione hegjemoniste nga ambasadori shqiptar"}]},{"@type":"WebSite","@id":"https:\/\/fjala.info\/2009-2015\/#website","url":"https:\/\/fjala.info\/2009-2015\/","name":"FjALA e LIR\u00cb - Arkivi","description":"Arkivi 2009-2015","publisher":{"@id":"https:\/\/fjala.info\/2009-2015\/#organization"},"potentialAction":[{"@type":"SearchAction","target":{"@type":"EntryPoint","urlTemplate":"https:\/\/fjala.info\/2009-2015\/?s={search_term_string}"},"query-input":{"@type":"PropertyValueSpecification","valueRequired":true,"valueName":"search_term_string"}}],"inLanguage":"sq-AL"},{"@type":"Organization","@id":"https:\/\/fjala.info\/2009-2015\/#organization","name":"FjALA e LIR\u00cb - Arkivi","url":"https:\/\/fjala.info\/2009-2015\/","logo":{"@type":"ImageObject","inLanguage":"sq-AL","@id":"https:\/\/fjala.info\/2009-2015\/#\/schema\/logo\/image\/","url":"","contentUrl":"","caption":"FjALA e LIR\u00cb - Arkivi"},"image":{"@id":"https:\/\/fjala.info\/2009-2015\/#\/schema\/logo\/image\/"}},{"@type":"Person","@id":"https:\/\/fjala.info\/2009-2015\/#\/schema\/person\/3aa1163ef05469c496fc94e77611ada2","name":"admin","image":{"@type":"ImageObject","inLanguage":"sq-AL","@id":"https:\/\/fjala.info\/2009-2015\/wp-content\/uploads\/2012\/02\/arben_cokaj-120x150.jpg","url":"https:\/\/fjala.info\/2009-2015\/wp-content\/uploads\/2012\/02\/arben_cokaj-120x150.jpg","contentUrl":"https:\/\/fjala.info\/2009-2015\/wp-content\/uploads\/2012\/02\/arben_cokaj-120x150.jpg","caption":"admin"},"description":"Admin, Fjala e Lir\u00eb","sameAs":["https:\/\/fjala.info\/"],"url":"https:\/\/fjala.info\/2009-2015\/author\/admin\/"}]}},"_links":{"self":[{"href":"https:\/\/fjala.info\/2009-2015\/wp-json\/wp\/v2\/posts\/3338","targetHints":{"allow":["GET"]}}],"collection":[{"href":"https:\/\/fjala.info\/2009-2015\/wp-json\/wp\/v2\/posts"}],"about":[{"href":"https:\/\/fjala.info\/2009-2015\/wp-json\/wp\/v2\/types\/post"}],"author":[{"embeddable":true,"href":"https:\/\/fjala.info\/2009-2015\/wp-json\/wp\/v2\/users\/1"}],"replies":[{"embeddable":true,"href":"https:\/\/fjala.info\/2009-2015\/wp-json\/wp\/v2\/comments?post=3338"}],"version-history":[{"count":0,"href":"https:\/\/fjala.info\/2009-2015\/wp-json\/wp\/v2\/posts\/3338\/revisions"}],"wp:attachment":[{"href":"https:\/\/fjala.info\/2009-2015\/wp-json\/wp\/v2\/media?parent=3338"}],"wp:term":[{"taxonomy":"category","embeddable":true,"href":"https:\/\/fjala.info\/2009-2015\/wp-json\/wp\/v2\/categories?post=3338"},{"taxonomy":"post_tag","embeddable":true,"href":"https:\/\/fjala.info\/2009-2015\/wp-json\/wp\/v2\/tags?post=3338"}],"curies":[{"name":"wp","href":"https:\/\/api.w.org\/{rel}","templated":true}]}}