{"id":3334,"date":"2012-06-15T22:40:46","date_gmt":"2012-06-15T21:40:46","guid":{"rendered":"http:\/\/www.fjala.info\/?p=3334"},"modified":"2012-06-15T22:40:46","modified_gmt":"2012-06-15T21:40:46","slug":"aleksis-cipras-zgjidhja-ime-per-kufijte-me-shqiperine","status":"publish","type":"post","link":"https:\/\/fjala.info\/2009-2015\/aleksis-cipras-zgjidhja-ime-per-kufijte-me-shqiperine\/","title":{"rendered":"Aleksis Cipras: Zgjidhja ime p\u00ebr kufijt\u00eb me Shqip\u00ebrin\u00eb"},"content":{"rendered":"<p><img decoding=\"async\" class=\"alignright size-thumbnail wp-image-7236\" title=\"Alexis Syriza\" src=\"http:\/\/www.fjala.info\/2012\/alexis_syriza.jpg\" alt=\"\" width=\"200\" \/> <strong>TemA<\/strong>, <em>15 Qershor 2012<\/em><\/p>\n<p>Greku Aleksis Cipras \u00ebsht\u00eb njeriu, mbi t\u00eb cilin jan\u00eb drejtuar syt\u00eb e mbar\u00eb Europ\u00ebs. Lideri i Syriza-s mund t\u00eb fitoj\u00eb zgjedhjet e k\u00ebsaj fundjave n\u00eb Greqi e ndoshta do b\u00ebhet kryeminist\u00ebr i ardhsh\u00ebm. N\u00eb nj\u00eb intervist\u00eb ekskluzive p\u00ebr Shqip, ai komenton edhe marr\u00ebdh\u00ebniet me Shqip\u00ebrin\u00eb dhe \u00e7\u00ebshtjen e shum\u00ebp\u00ebrfolur t\u00eb ndarjes s\u00eb detit. Gjeni m\u00eb posht\u00eb pjes\u00eb nga intervista.<\/p>\n<p><strong>Marr\u00ebdh\u00ebniet greko-shqiptare koh\u00ebt e fundit kan\u00eb r\u00ebn\u00eb n\u00eb \u2018batak\u2019. \u00c7\u2019parashikoni t\u00eb b\u00ebni p\u00ebr rigjenerimin e tyre zoti Cipras?<\/strong><\/p>\n<p>Nuk duam marr\u00ebdh\u00ebnie t\u00eb \u2018ngrira\u2019 me asnj\u00eb nga fqinj\u00ebt tan\u00eb. Duam marr\u00ebdh\u00ebnie dypal\u00ebshe t\u00eb mb\u00ebshtetura n\u00eb baz\u00ebn e besimit reciprok dhe marr\u00ebdh\u00ebnieve t\u00eb gj\u00ebrave t\u00eb mundshme. P\u00ebrvoja e viteve t\u00eb kaluara tregoi se kur nacionalizimi i t\u00eb dyjave pal\u00ebve u mund, sh\u00ebrbeu si faktor baz\u00eb p\u00ebr konsolidimin e marr\u00ebdh\u00ebnieve dypal\u00ebshe, sikurse \u00ebsht\u00eb fjala bie emigracioni. Nga forcimi i marr\u00ebdh\u00ebnieve, vet\u00ebm t\u00eb fituara do t\u00eb dalin dy vendet tona. Jo vet\u00ebm n\u00eb rang t\u00eb bashk\u00ebjetes\u00ebs harmonike, por edhe t\u00eb nj\u00eb s\u00ebr\u00eb fushash me interes t\u00eb p\u00ebrbashk\u00ebt zhvillimi.<\/p>\n<p><strong>Duhet t\u00eb dini z.Cipras, q\u00eb mes dy vendeve ende q\u00ebndron pezull n\u00ebnshkrimi i marr\u00ebveshjes p\u00ebr uj\u00ebrat territorial\u00eb. Planifikoni, n\u00ebse merrni qeverisjen, t\u00eb nisni negociata t\u00eb reja me pal\u00ebn shqiptare?<\/strong><\/p>\n<p>Primare n\u00eb programin ton\u00eb \u00ebsht\u00eb t\u00eb nisim menj\u00ebher\u00eb negociatat e nevojshme me t\u00eb gjith\u00eb vendet e interesuara fqinje, me q\u00ebllim q\u00eb pas n\u00ebnshkrimit t\u00eb marr\u00ebveshjeve dypal\u00ebshe, t\u00eb nis\u00eb p\u00ebrcaktimi i Zonave Ekskluzive Ekonomike t\u00eb \u00e7do vendi. K\u00ebto procedura do t\u00eb shkojn\u00eb n\u00eb baz\u00eb t\u00eb s\u00eb Drejt\u00ebs Nd\u00ebrkomb\u00ebtare si dhe Konvent\u00ebs p\u00ebr t\u00eb Drejtat Detare.<\/p>\n<p><strong>Zoti Cipras, edhe pse thoni se \u00ebsht\u00eb shum\u00eb shpejt di\u00e7ka e till\u00eb, nuk i shp\u00ebtoj dot tundimit: n\u00ebse pas dat\u00ebs 17 qershor merrni postin e kryeministrit, \u00ebsht\u00eb n\u00eb planin tuaj nj\u00eb vizit\u00eb n\u00eb Shqip\u00ebri?<\/strong><\/p>\n<p>\u00cbsht\u00eb me t\u00eb v\u00ebrtet\u00eb shpejt, mir\u00eb e parashikuat p\u00ebrgjigjen. T\u00eb gjitha energjit\u00eb tona jan\u00eb t\u00eb p\u00ebrqendruara n\u00eb zgjedhjet e 17 qershorit si dhe te hapat paszgjedhor\u00eb q\u00eb duhet t\u00eb b\u00ebhen, n\u00eb rast se rezultati \u00ebsht\u00eb ai q\u00eb presim. Dometh\u00ebn\u00eb nj\u00eb humbje e forcave spekulative dhe shkat\u00ebrrimit social dhe nj\u00eb fitore e madhe e s\u00eb majt\u00ebs dhe e popullit grek. T\u00eb tjerat vijn\u00eb m\u00eb pas.<\/p>\n","protected":false},"excerpt":{"rendered":"<p>TemA, 15 Qershor 2012 Greku Aleksis Cipras \u00ebsht\u00eb njeriu, mbi t\u00eb cilin jan\u00eb drejtuar syt\u00eb e mbar\u00eb Europ\u00ebs. Lideri i Syriza-s mund t\u00eb fitoj\u00eb zgjedhjet e k\u00ebsaj fundjave n\u00eb Greqi e ndoshta do b\u00ebhet kryeminist\u00ebr i ardhsh\u00ebm. N\u00eb nj\u00eb intervist\u00eb ekskluzive p\u00ebr Shqip, ai komenton edhe marr\u00ebdh\u00ebniet me Shqip\u00ebrin\u00eb dhe \u00e7\u00ebshtjen e shum\u00ebp\u00ebrfolur t\u00eb ndarjes [&hellip;]<\/p>\n","protected":false},"author":1,"featured_media":0,"comment_status":"open","ping_status":"closed","sticky":false,"template":"","format":"standard","meta":{"footnotes":""},"categories":[2],"tags":[],"class_list":{"0":"post-3334","1":"post","2":"type-post","3":"status-publish","4":"format-standard","6":"category-artikuj"},"yoast_head":"<!-- This site is optimized with the Yoast SEO plugin v27.4 - https:\/\/yoast.com\/product\/yoast-seo-wordpress\/ -->\n<title>Aleksis Cipras: Zgjidhja ime p\u00ebr kufijt\u00eb me Shqip\u00ebrin\u00eb - FjALA e LIR\u00cb - Arkivi<\/title>\n<meta name=\"robots\" content=\"index, follow, max-snippet:-1, max-image-preview:large, max-video-preview:-1\" \/>\n<link rel=\"canonical\" href=\"https:\/\/fjala.info\/2009-2015\/aleksis-cipras-zgjidhja-ime-per-kufijte-me-shqiperine\/\" \/>\n<meta property=\"og:locale\" content=\"sq_AL\" \/>\n<meta property=\"og:type\" content=\"article\" \/>\n<meta property=\"og:title\" content=\"Aleksis Cipras: Zgjidhja ime p\u00ebr kufijt\u00eb me Shqip\u00ebrin\u00eb - FjALA e LIR\u00cb - Arkivi\" \/>\n<meta property=\"og:description\" content=\"TemA, 15 Qershor 2012 Greku Aleksis Cipras \u00ebsht\u00eb njeriu, mbi t\u00eb cilin jan\u00eb drejtuar syt\u00eb e mbar\u00eb Europ\u00ebs. Lideri i Syriza-s mund t\u00eb fitoj\u00eb zgjedhjet e k\u00ebsaj fundjave n\u00eb Greqi e ndoshta do b\u00ebhet kryeminist\u00ebr i ardhsh\u00ebm. N\u00eb nj\u00eb intervist\u00eb ekskluzive p\u00ebr Shqip, ai komenton edhe marr\u00ebdh\u00ebniet me Shqip\u00ebrin\u00eb dhe \u00e7\u00ebshtjen e shum\u00ebp\u00ebrfolur t\u00eb ndarjes [&hellip;]\" \/>\n<meta property=\"og:url\" content=\"https:\/\/fjala.info\/2009-2015\/aleksis-cipras-zgjidhja-ime-per-kufijte-me-shqiperine\/\" \/>\n<meta property=\"og:site_name\" content=\"FjALA e LIR\u00cb - Arkivi\" \/>\n<meta property=\"article:published_time\" content=\"2012-06-15T21:40:46+00:00\" \/>\n<meta property=\"og:image\" content=\"http:\/\/www.fjala.info\/2012\/alexis_syriza.jpg\" \/>\n<meta name=\"author\" content=\"admin\" \/>\n<meta name=\"twitter:card\" content=\"summary_large_image\" \/>\n<meta name=\"twitter:label1\" content=\"Written by\" \/>\n\t<meta name=\"twitter:data1\" content=\"admin\" \/>\n\t<meta name=\"twitter:label2\" content=\"Est. reading time\" \/>\n\t<meta name=\"twitter:data2\" content=\"2 minutes\" \/>\n<script type=\"application\/ld+json\" class=\"yoast-schema-graph\">{\"@context\":\"https:\\\/\\\/schema.org\",\"@graph\":[{\"@type\":\"Article\",\"@id\":\"https:\\\/\\\/fjala.info\\\/2009-2015\\\/aleksis-cipras-zgjidhja-ime-per-kufijte-me-shqiperine\\\/#article\",\"isPartOf\":{\"@id\":\"https:\\\/\\\/fjala.info\\\/2009-2015\\\/aleksis-cipras-zgjidhja-ime-per-kufijte-me-shqiperine\\\/\"},\"author\":{\"name\":\"admin\",\"@id\":\"https:\\\/\\\/fjala.info\\\/2009-2015\\\/#\\\/schema\\\/person\\\/3aa1163ef05469c496fc94e77611ada2\"},\"headline\":\"Aleksis Cipras: Zgjidhja ime p\u00ebr kufijt\u00eb me Shqip\u00ebrin\u00eb\",\"datePublished\":\"2012-06-15T21:40:46+00:00\",\"mainEntityOfPage\":{\"@id\":\"https:\\\/\\\/fjala.info\\\/2009-2015\\\/aleksis-cipras-zgjidhja-ime-per-kufijte-me-shqiperine\\\/\"},\"wordCount\":430,\"commentCount\":0,\"publisher\":{\"@id\":\"https:\\\/\\\/fjala.info\\\/2009-2015\\\/#organization\"},\"image\":{\"@id\":\"https:\\\/\\\/fjala.info\\\/2009-2015\\\/aleksis-cipras-zgjidhja-ime-per-kufijte-me-shqiperine\\\/#primaryimage\"},\"thumbnailUrl\":\"http:\\\/\\\/www.fjala.info\\\/2012\\\/alexis_syriza.jpg\",\"articleSection\":[\"Artikuj\"],\"inLanguage\":\"sq-AL\",\"potentialAction\":[{\"@type\":\"CommentAction\",\"name\":\"Comment\",\"target\":[\"https:\\\/\\\/fjala.info\\\/2009-2015\\\/aleksis-cipras-zgjidhja-ime-per-kufijte-me-shqiperine\\\/#respond\"]}]},{\"@type\":\"WebPage\",\"@id\":\"https:\\\/\\\/fjala.info\\\/2009-2015\\\/aleksis-cipras-zgjidhja-ime-per-kufijte-me-shqiperine\\\/\",\"url\":\"https:\\\/\\\/fjala.info\\\/2009-2015\\\/aleksis-cipras-zgjidhja-ime-per-kufijte-me-shqiperine\\\/\",\"name\":\"Aleksis Cipras: Zgjidhja ime p\u00ebr kufijt\u00eb me Shqip\u00ebrin\u00eb - FjALA e LIR\u00cb - Arkivi\",\"isPartOf\":{\"@id\":\"https:\\\/\\\/fjala.info\\\/2009-2015\\\/#website\"},\"primaryImageOfPage\":{\"@id\":\"https:\\\/\\\/fjala.info\\\/2009-2015\\\/aleksis-cipras-zgjidhja-ime-per-kufijte-me-shqiperine\\\/#primaryimage\"},\"image\":{\"@id\":\"https:\\\/\\\/fjala.info\\\/2009-2015\\\/aleksis-cipras-zgjidhja-ime-per-kufijte-me-shqiperine\\\/#primaryimage\"},\"thumbnailUrl\":\"http:\\\/\\\/www.fjala.info\\\/2012\\\/alexis_syriza.jpg\",\"datePublished\":\"2012-06-15T21:40:46+00:00\",\"breadcrumb\":{\"@id\":\"https:\\\/\\\/fjala.info\\\/2009-2015\\\/aleksis-cipras-zgjidhja-ime-per-kufijte-me-shqiperine\\\/#breadcrumb\"},\"inLanguage\":\"sq-AL\",\"potentialAction\":[{\"@type\":\"ReadAction\",\"target\":[\"https:\\\/\\\/fjala.info\\\/2009-2015\\\/aleksis-cipras-zgjidhja-ime-per-kufijte-me-shqiperine\\\/\"]}]},{\"@type\":\"ImageObject\",\"inLanguage\":\"sq-AL\",\"@id\":\"https:\\\/\\\/fjala.info\\\/2009-2015\\\/aleksis-cipras-zgjidhja-ime-per-kufijte-me-shqiperine\\\/#primaryimage\",\"url\":\"http:\\\/\\\/www.fjala.info\\\/2012\\\/alexis_syriza.jpg\",\"contentUrl\":\"http:\\\/\\\/www.fjala.info\\\/2012\\\/alexis_syriza.jpg\"},{\"@type\":\"BreadcrumbList\",\"@id\":\"https:\\\/\\\/fjala.info\\\/2009-2015\\\/aleksis-cipras-zgjidhja-ime-per-kufijte-me-shqiperine\\\/#breadcrumb\",\"itemListElement\":[{\"@type\":\"ListItem\",\"position\":1,\"name\":\"Home\",\"item\":\"https:\\\/\\\/fjala.info\\\/2009-2015\\\/\"},{\"@type\":\"ListItem\",\"position\":2,\"name\":\"Aleksis Cipras: Zgjidhja ime p\u00ebr kufijt\u00eb me Shqip\u00ebrin\u00eb\"}]},{\"@type\":\"WebSite\",\"@id\":\"https:\\\/\\\/fjala.info\\\/2009-2015\\\/#website\",\"url\":\"https:\\\/\\\/fjala.info\\\/2009-2015\\\/\",\"name\":\"FjALA e LIR\u00cb - Arkivi\",\"description\":\"Arkivi 2009-2015\",\"publisher\":{\"@id\":\"https:\\\/\\\/fjala.info\\\/2009-2015\\\/#organization\"},\"potentialAction\":[{\"@type\":\"SearchAction\",\"target\":{\"@type\":\"EntryPoint\",\"urlTemplate\":\"https:\\\/\\\/fjala.info\\\/2009-2015\\\/?s={search_term_string}\"},\"query-input\":{\"@type\":\"PropertyValueSpecification\",\"valueRequired\":true,\"valueName\":\"search_term_string\"}}],\"inLanguage\":\"sq-AL\"},{\"@type\":\"Organization\",\"@id\":\"https:\\\/\\\/fjala.info\\\/2009-2015\\\/#organization\",\"name\":\"FjALA e LIR\u00cb - Arkivi\",\"url\":\"https:\\\/\\\/fjala.info\\\/2009-2015\\\/\",\"logo\":{\"@type\":\"ImageObject\",\"inLanguage\":\"sq-AL\",\"@id\":\"https:\\\/\\\/fjala.info\\\/2009-2015\\\/#\\\/schema\\\/logo\\\/image\\\/\",\"url\":\"\",\"contentUrl\":\"\",\"caption\":\"FjALA e LIR\u00cb - Arkivi\"},\"image\":{\"@id\":\"https:\\\/\\\/fjala.info\\\/2009-2015\\\/#\\\/schema\\\/logo\\\/image\\\/\"}},{\"@type\":\"Person\",\"@id\":\"https:\\\/\\\/fjala.info\\\/2009-2015\\\/#\\\/schema\\\/person\\\/3aa1163ef05469c496fc94e77611ada2\",\"name\":\"admin\",\"image\":{\"@type\":\"ImageObject\",\"inLanguage\":\"sq-AL\",\"@id\":\"https:\\\/\\\/fjala.info\\\/2009-2015\\\/wp-content\\\/uploads\\\/2012\\\/02\\\/arben_cokaj-120x150.jpg\",\"url\":\"https:\\\/\\\/fjala.info\\\/2009-2015\\\/wp-content\\\/uploads\\\/2012\\\/02\\\/arben_cokaj-120x150.jpg\",\"contentUrl\":\"https:\\\/\\\/fjala.info\\\/2009-2015\\\/wp-content\\\/uploads\\\/2012\\\/02\\\/arben_cokaj-120x150.jpg\",\"caption\":\"admin\"},\"description\":\"Admin, Fjala e Lir\u00eb\",\"sameAs\":[\"https:\\\/\\\/fjala.info\\\/\"],\"url\":\"https:\\\/\\\/fjala.info\\\/2009-2015\\\/author\\\/admin\\\/\"}]}<\/script>\n<!-- \/ Yoast SEO plugin. -->","yoast_head_json":{"title":"Aleksis Cipras: Zgjidhja ime p\u00ebr kufijt\u00eb me Shqip\u00ebrin\u00eb - FjALA e LIR\u00cb - Arkivi","robots":{"index":"index","follow":"follow","max-snippet":"max-snippet:-1","max-image-preview":"max-image-preview:large","max-video-preview":"max-video-preview:-1"},"canonical":"https:\/\/fjala.info\/2009-2015\/aleksis-cipras-zgjidhja-ime-per-kufijte-me-shqiperine\/","og_locale":"sq_AL","og_type":"article","og_title":"Aleksis Cipras: Zgjidhja ime p\u00ebr kufijt\u00eb me Shqip\u00ebrin\u00eb - FjALA e LIR\u00cb - Arkivi","og_description":"TemA, 15 Qershor 2012 Greku Aleksis Cipras \u00ebsht\u00eb njeriu, mbi t\u00eb cilin jan\u00eb drejtuar syt\u00eb e mbar\u00eb Europ\u00ebs. Lideri i Syriza-s mund t\u00eb fitoj\u00eb zgjedhjet e k\u00ebsaj fundjave n\u00eb Greqi e ndoshta do b\u00ebhet kryeminist\u00ebr i ardhsh\u00ebm. N\u00eb nj\u00eb intervist\u00eb ekskluzive p\u00ebr Shqip, ai komenton edhe marr\u00ebdh\u00ebniet me Shqip\u00ebrin\u00eb dhe \u00e7\u00ebshtjen e shum\u00ebp\u00ebrfolur t\u00eb ndarjes [&hellip;]","og_url":"https:\/\/fjala.info\/2009-2015\/aleksis-cipras-zgjidhja-ime-per-kufijte-me-shqiperine\/","og_site_name":"FjALA e LIR\u00cb - Arkivi","article_published_time":"2012-06-15T21:40:46+00:00","og_image":[{"url":"http:\/\/www.fjala.info\/2012\/alexis_syriza.jpg","type":"","width":"","height":""}],"author":"admin","twitter_card":"summary_large_image","twitter_misc":{"Written by":"admin","Est. reading time":"2 minutes"},"schema":{"@context":"https:\/\/schema.org","@graph":[{"@type":"Article","@id":"https:\/\/fjala.info\/2009-2015\/aleksis-cipras-zgjidhja-ime-per-kufijte-me-shqiperine\/#article","isPartOf":{"@id":"https:\/\/fjala.info\/2009-2015\/aleksis-cipras-zgjidhja-ime-per-kufijte-me-shqiperine\/"},"author":{"name":"admin","@id":"https:\/\/fjala.info\/2009-2015\/#\/schema\/person\/3aa1163ef05469c496fc94e77611ada2"},"headline":"Aleksis Cipras: Zgjidhja ime p\u00ebr kufijt\u00eb me Shqip\u00ebrin\u00eb","datePublished":"2012-06-15T21:40:46+00:00","mainEntityOfPage":{"@id":"https:\/\/fjala.info\/2009-2015\/aleksis-cipras-zgjidhja-ime-per-kufijte-me-shqiperine\/"},"wordCount":430,"commentCount":0,"publisher":{"@id":"https:\/\/fjala.info\/2009-2015\/#organization"},"image":{"@id":"https:\/\/fjala.info\/2009-2015\/aleksis-cipras-zgjidhja-ime-per-kufijte-me-shqiperine\/#primaryimage"},"thumbnailUrl":"http:\/\/www.fjala.info\/2012\/alexis_syriza.jpg","articleSection":["Artikuj"],"inLanguage":"sq-AL","potentialAction":[{"@type":"CommentAction","name":"Comment","target":["https:\/\/fjala.info\/2009-2015\/aleksis-cipras-zgjidhja-ime-per-kufijte-me-shqiperine\/#respond"]}]},{"@type":"WebPage","@id":"https:\/\/fjala.info\/2009-2015\/aleksis-cipras-zgjidhja-ime-per-kufijte-me-shqiperine\/","url":"https:\/\/fjala.info\/2009-2015\/aleksis-cipras-zgjidhja-ime-per-kufijte-me-shqiperine\/","name":"Aleksis Cipras: Zgjidhja ime p\u00ebr kufijt\u00eb me Shqip\u00ebrin\u00eb - FjALA e LIR\u00cb - Arkivi","isPartOf":{"@id":"https:\/\/fjala.info\/2009-2015\/#website"},"primaryImageOfPage":{"@id":"https:\/\/fjala.info\/2009-2015\/aleksis-cipras-zgjidhja-ime-per-kufijte-me-shqiperine\/#primaryimage"},"image":{"@id":"https:\/\/fjala.info\/2009-2015\/aleksis-cipras-zgjidhja-ime-per-kufijte-me-shqiperine\/#primaryimage"},"thumbnailUrl":"http:\/\/www.fjala.info\/2012\/alexis_syriza.jpg","datePublished":"2012-06-15T21:40:46+00:00","breadcrumb":{"@id":"https:\/\/fjala.info\/2009-2015\/aleksis-cipras-zgjidhja-ime-per-kufijte-me-shqiperine\/#breadcrumb"},"inLanguage":"sq-AL","potentialAction":[{"@type":"ReadAction","target":["https:\/\/fjala.info\/2009-2015\/aleksis-cipras-zgjidhja-ime-per-kufijte-me-shqiperine\/"]}]},{"@type":"ImageObject","inLanguage":"sq-AL","@id":"https:\/\/fjala.info\/2009-2015\/aleksis-cipras-zgjidhja-ime-per-kufijte-me-shqiperine\/#primaryimage","url":"http:\/\/www.fjala.info\/2012\/alexis_syriza.jpg","contentUrl":"http:\/\/www.fjala.info\/2012\/alexis_syriza.jpg"},{"@type":"BreadcrumbList","@id":"https:\/\/fjala.info\/2009-2015\/aleksis-cipras-zgjidhja-ime-per-kufijte-me-shqiperine\/#breadcrumb","itemListElement":[{"@type":"ListItem","position":1,"name":"Home","item":"https:\/\/fjala.info\/2009-2015\/"},{"@type":"ListItem","position":2,"name":"Aleksis Cipras: Zgjidhja ime p\u00ebr kufijt\u00eb me Shqip\u00ebrin\u00eb"}]},{"@type":"WebSite","@id":"https:\/\/fjala.info\/2009-2015\/#website","url":"https:\/\/fjala.info\/2009-2015\/","name":"FjALA e LIR\u00cb - Arkivi","description":"Arkivi 2009-2015","publisher":{"@id":"https:\/\/fjala.info\/2009-2015\/#organization"},"potentialAction":[{"@type":"SearchAction","target":{"@type":"EntryPoint","urlTemplate":"https:\/\/fjala.info\/2009-2015\/?s={search_term_string}"},"query-input":{"@type":"PropertyValueSpecification","valueRequired":true,"valueName":"search_term_string"}}],"inLanguage":"sq-AL"},{"@type":"Organization","@id":"https:\/\/fjala.info\/2009-2015\/#organization","name":"FjALA e LIR\u00cb - Arkivi","url":"https:\/\/fjala.info\/2009-2015\/","logo":{"@type":"ImageObject","inLanguage":"sq-AL","@id":"https:\/\/fjala.info\/2009-2015\/#\/schema\/logo\/image\/","url":"","contentUrl":"","caption":"FjALA e LIR\u00cb - Arkivi"},"image":{"@id":"https:\/\/fjala.info\/2009-2015\/#\/schema\/logo\/image\/"}},{"@type":"Person","@id":"https:\/\/fjala.info\/2009-2015\/#\/schema\/person\/3aa1163ef05469c496fc94e77611ada2","name":"admin","image":{"@type":"ImageObject","inLanguage":"sq-AL","@id":"https:\/\/fjala.info\/2009-2015\/wp-content\/uploads\/2012\/02\/arben_cokaj-120x150.jpg","url":"https:\/\/fjala.info\/2009-2015\/wp-content\/uploads\/2012\/02\/arben_cokaj-120x150.jpg","contentUrl":"https:\/\/fjala.info\/2009-2015\/wp-content\/uploads\/2012\/02\/arben_cokaj-120x150.jpg","caption":"admin"},"description":"Admin, Fjala e Lir\u00eb","sameAs":["https:\/\/fjala.info\/"],"url":"https:\/\/fjala.info\/2009-2015\/author\/admin\/"}]}},"_links":{"self":[{"href":"https:\/\/fjala.info\/2009-2015\/wp-json\/wp\/v2\/posts\/3334","targetHints":{"allow":["GET"]}}],"collection":[{"href":"https:\/\/fjala.info\/2009-2015\/wp-json\/wp\/v2\/posts"}],"about":[{"href":"https:\/\/fjala.info\/2009-2015\/wp-json\/wp\/v2\/types\/post"}],"author":[{"embeddable":true,"href":"https:\/\/fjala.info\/2009-2015\/wp-json\/wp\/v2\/users\/1"}],"replies":[{"embeddable":true,"href":"https:\/\/fjala.info\/2009-2015\/wp-json\/wp\/v2\/comments?post=3334"}],"version-history":[{"count":0,"href":"https:\/\/fjala.info\/2009-2015\/wp-json\/wp\/v2\/posts\/3334\/revisions"}],"wp:attachment":[{"href":"https:\/\/fjala.info\/2009-2015\/wp-json\/wp\/v2\/media?parent=3334"}],"wp:term":[{"taxonomy":"category","embeddable":true,"href":"https:\/\/fjala.info\/2009-2015\/wp-json\/wp\/v2\/categories?post=3334"},{"taxonomy":"post_tag","embeddable":true,"href":"https:\/\/fjala.info\/2009-2015\/wp-json\/wp\/v2\/tags?post=3334"}],"curies":[{"name":"wp","href":"https:\/\/api.w.org\/{rel}","templated":true}]}}