{"id":3333,"date":"2010-07-13T23:07:46","date_gmt":"2010-07-13T22:07:46","guid":{"rendered":"http:\/\/fjala.shkoder.net\/?p=3333"},"modified":"2010-07-13T23:07:46","modified_gmt":"2010-07-13T22:07:46","slug":"nuk-mund-ti-fshihemi-informacionit-televiziv","status":"publish","type":"post","link":"https:\/\/fjala.info\/2009-2015\/nuk-mund-ti-fshihemi-informacionit-televiziv\/","title":{"rendered":"NUK MUND T\u2019I FSHIHEMI INFORMACIONIT TELEVIZIV"},"content":{"rendered":"<p><img decoding=\"async\" style=\"margin-left: 10px; margin-right: 10px; border: 0px;\" src=\"http:\/\/www.shkoder.net\/images\/fjala\/mustafa_nano.jpg\" border=\"0\" alt=\"Mustafa Nanoi\" width=\"100\" align=\"left\" \/><\/p>\n<p><strong>Mustafa Nano<\/strong>, <em>13.07.2010<\/em><\/p>\n<p><em>Zululand<\/em><br \/>\nEdicionet informative t\u00eb televizioneve shqiptare jan\u00eb vijueshm\u00ebrisht t\u00eb dhunshme, e skajshm\u00ebrisht t\u00eb politizuara. Nuk b\u00ebjn\u00eb p\u00ebrjashtim as televizionet m\u00eb t\u00eb r\u00ebnd\u00ebsishme komb\u00ebtare (madje, nja dy sosh jan\u00eb bash modeli q\u00eb nuk duhet imituar n\u00eb k\u00ebt\u00eb drejtim), por k\u00ebto na e japin nj\u00eb ngush\u00ebllim: nuk japin lajme gjith\u00eb koh\u00ebn. Jan\u00eb ca televizione t\u00eb tjera lokale, t\u00eb cilat nuk t\u00eb l\u00ebn\u00eb t\u00eb marr\u00ebsh frym\u00eb. Ato transmetojn\u00eb non stop lajme. Jan\u00eb t\u00eb programuara p\u00ebr t\u00eb qen\u00eb t\u00eb tilla. \u201cLitania\u201d informative e tyre nd\u00ebrpritet \u2013 shyqyr, o Zot, q\u00eb \u00ebsht\u00eb k\u00ebshtu! \u2013 ve\u00e7 nga spotet publicitar\u00eb.<\/p>\n<p>Po \u00e7\u2019dreqin ke me to? \u2013 mund t\u00eb m\u00eb thuhet. Shum\u00eb e thjesht\u00eb: jan\u00eb lajme, q\u00eb nuk kan\u00eb t\u00eb b\u00ebjn\u00eb me shqet\u00ebsimet reale t\u00eb vendit apo me ndonj\u00eb nevoj\u00eb t\u00eb opinionit t\u00eb sh\u00ebndetsh\u00ebm publik; me fjal\u00eb t\u00eb tjera, nuk jan\u00eb lajme. E sikur kjo gj\u00eb t\u00eb mos ishte mjaft, ato \u2013 e thash\u00eb qysh n\u00eb krye t\u00eb shkrimit \u2013 jan\u00eb lajme mbi dhun\u00ebn e mbi politik\u00ebn, rrjedhimisht jan\u00eb lajme q\u00eb kullojn\u00eb gjak e rrena. Lajme t\u00eb tilla kultivojn\u00eb stres m\u00eb shum\u00eb se sa banor\u00ebt e Lazaratit kultivojn\u00eb hashash. Doni t\u00eb bindeni? B\u00ebni nj\u00eb prov\u00eb, dhe p\u00ebr k\u00ebt\u00eb nuk ka nevoj\u00eb t\u00eb rrini gjat\u00eb p\u00ebrpara televizorit t\u00eb sinkronizuar te nj\u00ebri prej k\u00ebtyre kanaleve.<\/p>\n<p>Fotografoni ekranin e mbushur me titra n\u00eb nj\u00eb moment \u00e7far\u00ebdo t\u00eb dit\u00ebs 24-or\u00ebshe. Un\u00eb po e b\u00ebj n\u00eb k\u00ebt\u00eb moment. Data 12.07.2010. Ora 18:32. Dhe ja \u00e7far\u00eb gjeta: \u201cLigori: Topalli ka p\u00ebrfituar miliona nga dietat\u201d, \u201cBill Clinton n\u00eb Haiti p\u00ebr koordinimin e ndihmave\u201d, \u201cDisa shqiptar\u00eb grabisin 62 mij\u00eb euro n\u00eb Greqi\u201d, \u201cElbasan, plagoset me thik\u00eb E.Z., 25 vje\u00e7\u201d, \u201cPS, Klosi: Berisha t\u00eb p\u00ebrmbush\u00eb detyrimet\u201d, \u201cPresidenti Topi priti ambasadorin e Belgjik\u00ebs\u201d.<\/p>\n<p>Un\u00eb lajme t\u00eb tilla nuk i ndjek. Nuk dua t\u2019i ndjek. Nuk kam fuqi t\u2019i ndjek. B\u00ebj \u00e7mos p\u00ebr t\u2019mos u ndodhur n\u00ebn agresionin e lajmeve t\u00eb tilla, me iden\u00eb q\u00eb urin\u00eb p\u00ebr t\u2019u informuar ta shuaj ose at\u00eb dit\u00eb nga site-et kibernetik\u00eb t\u00eb informacionit, ose t\u00eb nes\u00ebrmen nga gazetat, t\u00eb cil\u00ebt nuk e bartin agresivitetin e televizioneve.<\/p>\n<p>E dini? N\u00eb t\u00eb shumt\u00ebn e koh\u00ebs m\u00eb rezulton se \u00ebsht\u00eb krejt e pamundur t\u2019u p\u00ebrvidhesh lajmeve televizive. Un\u00eb fare mir\u00eb mund t\u00eb vendos t\u00eb mos e hap televizorin e sht\u00ebpis\u00eb, ose \u2013 ky \u00ebsht\u00eb rasti m\u00eb i shpesht\u00eb \u2013 t\u00eb mos e hap te kanalet, q\u00eb m\u00eb hedhin fytyr\u00ebs \u00e7ik\u00ebrrima, kot\u00ebsira, dhun\u00eb e g\u00ebnjeshtra. Por me t\u00eb dal\u00eb jasht\u00eb p\u00ebr nj\u00eb takim pune, p\u00ebr t\u00eb pir\u00eb nj\u00eb kafe, apo p\u00ebr t\u00eb ngr\u00ebn\u00eb di\u00e7ka, do t\u00eb gjendem se s\u2019b\u00ebn p\u00ebrball\u00eb nj\u00eb ekrani t\u00eb akorduar bash te k\u00ebto kanale.<\/p>\n<p>M\u00eb shkon mendja t\u2019u them t\u00eb zot\u00ebrve t\u00eb lokalit ta akordojn\u00eb televizorin n\u00eb ndonj\u00eb kanal muzikor, por nd\u00ebrroj ide aty p\u00ebr aty, kur shoh disa pal\u00eb sy q\u00eb po ndjekin me \u00ebndje lajmet. Dhe k\u00ebshtu, m\u00eb q\u00ebllon shpesh q\u00eb t\u00eb ha dreka, t\u00eb cilat kan\u00eb p\u00ebr kolon\u00eb zanore z\u00ebrat e speaker-eve t\u00eb televizioneve, apo z\u00ebrat e kryetar\u00ebve apo z\u00ebdh\u00ebn\u00ebsve t\u00eb partive. H\u00eb, m\u00eb thoni, nuk \u00ebsht\u00eb m\u00eb mir\u00eb t\u00eb hash n\u00eb nj\u00eb jurassic park?<\/p>\n","protected":false},"excerpt":{"rendered":"<p>Mustafa Nano, 13.07.2010 Zululand Edicionet informative t\u00eb televizioneve shqiptare jan\u00eb vijueshm\u00ebrisht t\u00eb dhunshme, e skajshm\u00ebrisht t\u00eb politizuara. Nuk b\u00ebjn\u00eb p\u00ebrjashtim as televizionet m\u00eb t\u00eb r\u00ebnd\u00ebsishme komb\u00ebtare (madje, nja dy sosh jan\u00eb bash modeli q\u00eb nuk duhet imituar n\u00eb k\u00ebt\u00eb drejtim), por k\u00ebto na e japin nj\u00eb ngush\u00ebllim: nuk japin lajme gjith\u00eb koh\u00ebn. Jan\u00eb ca televizione [&hellip;]<\/p>\n","protected":false},"author":1,"featured_media":0,"comment_status":"open","ping_status":"closed","sticky":false,"template":"","format":"standard","meta":{"footnotes":""},"categories":[2],"tags":[],"class_list":{"0":"post-3333","1":"post","2":"type-post","3":"status-publish","4":"format-standard","6":"category-artikuj"},"yoast_head":"<!-- This site is optimized with the Yoast SEO plugin v27.4 - https:\/\/yoast.com\/product\/yoast-seo-wordpress\/ -->\n<title>NUK MUND T\u2019I FSHIHEMI INFORMACIONIT TELEVIZIV - FjALA e LIR\u00cb - Arkivi<\/title>\n<meta name=\"robots\" content=\"index, follow, max-snippet:-1, max-image-preview:large, max-video-preview:-1\" \/>\n<link rel=\"canonical\" href=\"https:\/\/fjala.info\/2009-2015\/nuk-mund-ti-fshihemi-informacionit-televiziv\/\" \/>\n<meta property=\"og:locale\" content=\"sq_AL\" \/>\n<meta property=\"og:type\" content=\"article\" \/>\n<meta property=\"og:title\" content=\"NUK MUND T\u2019I FSHIHEMI INFORMACIONIT TELEVIZIV - FjALA e LIR\u00cb - Arkivi\" \/>\n<meta property=\"og:description\" content=\"Mustafa Nano, 13.07.2010 Zululand Edicionet informative t\u00eb televizioneve shqiptare jan\u00eb vijueshm\u00ebrisht t\u00eb dhunshme, e skajshm\u00ebrisht t\u00eb politizuara. Nuk b\u00ebjn\u00eb p\u00ebrjashtim as televizionet m\u00eb t\u00eb r\u00ebnd\u00ebsishme komb\u00ebtare (madje, nja dy sosh jan\u00eb bash modeli q\u00eb nuk duhet imituar n\u00eb k\u00ebt\u00eb drejtim), por k\u00ebto na e japin nj\u00eb ngush\u00ebllim: nuk japin lajme gjith\u00eb koh\u00ebn. Jan\u00eb ca televizione [&hellip;]\" \/>\n<meta property=\"og:url\" content=\"https:\/\/fjala.info\/2009-2015\/nuk-mund-ti-fshihemi-informacionit-televiziv\/\" \/>\n<meta property=\"og:site_name\" content=\"FjALA e LIR\u00cb - Arkivi\" \/>\n<meta property=\"article:published_time\" content=\"2010-07-13T22:07:46+00:00\" \/>\n<meta property=\"og:image\" content=\"http:\/\/www.shkoder.net\/images\/fjala\/mustafa_nano.jpg\" \/>\n<meta name=\"author\" content=\"admin\" \/>\n<meta name=\"twitter:card\" content=\"summary_large_image\" \/>\n<meta name=\"twitter:label1\" content=\"Written by\" \/>\n\t<meta name=\"twitter:data1\" content=\"admin\" \/>\n\t<meta name=\"twitter:label2\" content=\"Est. reading time\" \/>\n\t<meta name=\"twitter:data2\" content=\"3 minutes\" \/>\n<script type=\"application\/ld+json\" class=\"yoast-schema-graph\">{\"@context\":\"https:\\\/\\\/schema.org\",\"@graph\":[{\"@type\":\"Article\",\"@id\":\"https:\\\/\\\/fjala.info\\\/2009-2015\\\/nuk-mund-ti-fshihemi-informacionit-televiziv\\\/#article\",\"isPartOf\":{\"@id\":\"https:\\\/\\\/fjala.info\\\/2009-2015\\\/nuk-mund-ti-fshihemi-informacionit-televiziv\\\/\"},\"author\":{\"name\":\"admin\",\"@id\":\"https:\\\/\\\/fjala.info\\\/2009-2015\\\/#\\\/schema\\\/person\\\/3aa1163ef05469c496fc94e77611ada2\"},\"headline\":\"NUK MUND T\u2019I FSHIHEMI INFORMACIONIT TELEVIZIV\",\"datePublished\":\"2010-07-13T22:07:46+00:00\",\"mainEntityOfPage\":{\"@id\":\"https:\\\/\\\/fjala.info\\\/2009-2015\\\/nuk-mund-ti-fshihemi-informacionit-televiziv\\\/\"},\"wordCount\":573,\"commentCount\":0,\"publisher\":{\"@id\":\"https:\\\/\\\/fjala.info\\\/2009-2015\\\/#organization\"},\"image\":{\"@id\":\"https:\\\/\\\/fjala.info\\\/2009-2015\\\/nuk-mund-ti-fshihemi-informacionit-televiziv\\\/#primaryimage\"},\"thumbnailUrl\":\"http:\\\/\\\/www.shkoder.net\\\/images\\\/fjala\\\/mustafa_nano.jpg\",\"articleSection\":[\"Artikuj\"],\"inLanguage\":\"sq-AL\",\"potentialAction\":[{\"@type\":\"CommentAction\",\"name\":\"Comment\",\"target\":[\"https:\\\/\\\/fjala.info\\\/2009-2015\\\/nuk-mund-ti-fshihemi-informacionit-televiziv\\\/#respond\"]}]},{\"@type\":\"WebPage\",\"@id\":\"https:\\\/\\\/fjala.info\\\/2009-2015\\\/nuk-mund-ti-fshihemi-informacionit-televiziv\\\/\",\"url\":\"https:\\\/\\\/fjala.info\\\/2009-2015\\\/nuk-mund-ti-fshihemi-informacionit-televiziv\\\/\",\"name\":\"NUK MUND T\u2019I FSHIHEMI INFORMACIONIT TELEVIZIV - FjALA e LIR\u00cb - Arkivi\",\"isPartOf\":{\"@id\":\"https:\\\/\\\/fjala.info\\\/2009-2015\\\/#website\"},\"primaryImageOfPage\":{\"@id\":\"https:\\\/\\\/fjala.info\\\/2009-2015\\\/nuk-mund-ti-fshihemi-informacionit-televiziv\\\/#primaryimage\"},\"image\":{\"@id\":\"https:\\\/\\\/fjala.info\\\/2009-2015\\\/nuk-mund-ti-fshihemi-informacionit-televiziv\\\/#primaryimage\"},\"thumbnailUrl\":\"http:\\\/\\\/www.shkoder.net\\\/images\\\/fjala\\\/mustafa_nano.jpg\",\"datePublished\":\"2010-07-13T22:07:46+00:00\",\"breadcrumb\":{\"@id\":\"https:\\\/\\\/fjala.info\\\/2009-2015\\\/nuk-mund-ti-fshihemi-informacionit-televiziv\\\/#breadcrumb\"},\"inLanguage\":\"sq-AL\",\"potentialAction\":[{\"@type\":\"ReadAction\",\"target\":[\"https:\\\/\\\/fjala.info\\\/2009-2015\\\/nuk-mund-ti-fshihemi-informacionit-televiziv\\\/\"]}]},{\"@type\":\"ImageObject\",\"inLanguage\":\"sq-AL\",\"@id\":\"https:\\\/\\\/fjala.info\\\/2009-2015\\\/nuk-mund-ti-fshihemi-informacionit-televiziv\\\/#primaryimage\",\"url\":\"http:\\\/\\\/www.shkoder.net\\\/images\\\/fjala\\\/mustafa_nano.jpg\",\"contentUrl\":\"http:\\\/\\\/www.shkoder.net\\\/images\\\/fjala\\\/mustafa_nano.jpg\"},{\"@type\":\"BreadcrumbList\",\"@id\":\"https:\\\/\\\/fjala.info\\\/2009-2015\\\/nuk-mund-ti-fshihemi-informacionit-televiziv\\\/#breadcrumb\",\"itemListElement\":[{\"@type\":\"ListItem\",\"position\":1,\"name\":\"Home\",\"item\":\"https:\\\/\\\/fjala.info\\\/2009-2015\\\/\"},{\"@type\":\"ListItem\",\"position\":2,\"name\":\"NUK MUND T\u2019I FSHIHEMI INFORMACIONIT TELEVIZIV\"}]},{\"@type\":\"WebSite\",\"@id\":\"https:\\\/\\\/fjala.info\\\/2009-2015\\\/#website\",\"url\":\"https:\\\/\\\/fjala.info\\\/2009-2015\\\/\",\"name\":\"FjALA e LIR\u00cb - Arkivi\",\"description\":\"Arkivi 2009-2015\",\"publisher\":{\"@id\":\"https:\\\/\\\/fjala.info\\\/2009-2015\\\/#organization\"},\"potentialAction\":[{\"@type\":\"SearchAction\",\"target\":{\"@type\":\"EntryPoint\",\"urlTemplate\":\"https:\\\/\\\/fjala.info\\\/2009-2015\\\/?s={search_term_string}\"},\"query-input\":{\"@type\":\"PropertyValueSpecification\",\"valueRequired\":true,\"valueName\":\"search_term_string\"}}],\"inLanguage\":\"sq-AL\"},{\"@type\":\"Organization\",\"@id\":\"https:\\\/\\\/fjala.info\\\/2009-2015\\\/#organization\",\"name\":\"FjALA e LIR\u00cb - Arkivi\",\"url\":\"https:\\\/\\\/fjala.info\\\/2009-2015\\\/\",\"logo\":{\"@type\":\"ImageObject\",\"inLanguage\":\"sq-AL\",\"@id\":\"https:\\\/\\\/fjala.info\\\/2009-2015\\\/#\\\/schema\\\/logo\\\/image\\\/\",\"url\":\"\",\"contentUrl\":\"\",\"caption\":\"FjALA e LIR\u00cb - Arkivi\"},\"image\":{\"@id\":\"https:\\\/\\\/fjala.info\\\/2009-2015\\\/#\\\/schema\\\/logo\\\/image\\\/\"}},{\"@type\":\"Person\",\"@id\":\"https:\\\/\\\/fjala.info\\\/2009-2015\\\/#\\\/schema\\\/person\\\/3aa1163ef05469c496fc94e77611ada2\",\"name\":\"admin\",\"image\":{\"@type\":\"ImageObject\",\"inLanguage\":\"sq-AL\",\"@id\":\"https:\\\/\\\/fjala.info\\\/2009-2015\\\/wp-content\\\/uploads\\\/2012\\\/02\\\/arben_cokaj-120x150.jpg\",\"url\":\"https:\\\/\\\/fjala.info\\\/2009-2015\\\/wp-content\\\/uploads\\\/2012\\\/02\\\/arben_cokaj-120x150.jpg\",\"contentUrl\":\"https:\\\/\\\/fjala.info\\\/2009-2015\\\/wp-content\\\/uploads\\\/2012\\\/02\\\/arben_cokaj-120x150.jpg\",\"caption\":\"admin\"},\"description\":\"Admin, Fjala e Lir\u00eb\",\"sameAs\":[\"https:\\\/\\\/fjala.info\\\/\"],\"url\":\"https:\\\/\\\/fjala.info\\\/2009-2015\\\/author\\\/admin\\\/\"}]}<\/script>\n<!-- \/ Yoast SEO plugin. -->","yoast_head_json":{"title":"NUK MUND T\u2019I FSHIHEMI INFORMACIONIT TELEVIZIV - FjALA e LIR\u00cb - Arkivi","robots":{"index":"index","follow":"follow","max-snippet":"max-snippet:-1","max-image-preview":"max-image-preview:large","max-video-preview":"max-video-preview:-1"},"canonical":"https:\/\/fjala.info\/2009-2015\/nuk-mund-ti-fshihemi-informacionit-televiziv\/","og_locale":"sq_AL","og_type":"article","og_title":"NUK MUND T\u2019I FSHIHEMI INFORMACIONIT TELEVIZIV - FjALA e LIR\u00cb - Arkivi","og_description":"Mustafa Nano, 13.07.2010 Zululand Edicionet informative t\u00eb televizioneve shqiptare jan\u00eb vijueshm\u00ebrisht t\u00eb dhunshme, e skajshm\u00ebrisht t\u00eb politizuara. Nuk b\u00ebjn\u00eb p\u00ebrjashtim as televizionet m\u00eb t\u00eb r\u00ebnd\u00ebsishme komb\u00ebtare (madje, nja dy sosh jan\u00eb bash modeli q\u00eb nuk duhet imituar n\u00eb k\u00ebt\u00eb drejtim), por k\u00ebto na e japin nj\u00eb ngush\u00ebllim: nuk japin lajme gjith\u00eb koh\u00ebn. Jan\u00eb ca televizione [&hellip;]","og_url":"https:\/\/fjala.info\/2009-2015\/nuk-mund-ti-fshihemi-informacionit-televiziv\/","og_site_name":"FjALA e LIR\u00cb - Arkivi","article_published_time":"2010-07-13T22:07:46+00:00","og_image":[{"url":"http:\/\/www.shkoder.net\/images\/fjala\/mustafa_nano.jpg","type":"","width":"","height":""}],"author":"admin","twitter_card":"summary_large_image","twitter_misc":{"Written by":"admin","Est. reading time":"3 minutes"},"schema":{"@context":"https:\/\/schema.org","@graph":[{"@type":"Article","@id":"https:\/\/fjala.info\/2009-2015\/nuk-mund-ti-fshihemi-informacionit-televiziv\/#article","isPartOf":{"@id":"https:\/\/fjala.info\/2009-2015\/nuk-mund-ti-fshihemi-informacionit-televiziv\/"},"author":{"name":"admin","@id":"https:\/\/fjala.info\/2009-2015\/#\/schema\/person\/3aa1163ef05469c496fc94e77611ada2"},"headline":"NUK MUND T\u2019I FSHIHEMI INFORMACIONIT TELEVIZIV","datePublished":"2010-07-13T22:07:46+00:00","mainEntityOfPage":{"@id":"https:\/\/fjala.info\/2009-2015\/nuk-mund-ti-fshihemi-informacionit-televiziv\/"},"wordCount":573,"commentCount":0,"publisher":{"@id":"https:\/\/fjala.info\/2009-2015\/#organization"},"image":{"@id":"https:\/\/fjala.info\/2009-2015\/nuk-mund-ti-fshihemi-informacionit-televiziv\/#primaryimage"},"thumbnailUrl":"http:\/\/www.shkoder.net\/images\/fjala\/mustafa_nano.jpg","articleSection":["Artikuj"],"inLanguage":"sq-AL","potentialAction":[{"@type":"CommentAction","name":"Comment","target":["https:\/\/fjala.info\/2009-2015\/nuk-mund-ti-fshihemi-informacionit-televiziv\/#respond"]}]},{"@type":"WebPage","@id":"https:\/\/fjala.info\/2009-2015\/nuk-mund-ti-fshihemi-informacionit-televiziv\/","url":"https:\/\/fjala.info\/2009-2015\/nuk-mund-ti-fshihemi-informacionit-televiziv\/","name":"NUK MUND T\u2019I FSHIHEMI INFORMACIONIT TELEVIZIV - FjALA e LIR\u00cb - Arkivi","isPartOf":{"@id":"https:\/\/fjala.info\/2009-2015\/#website"},"primaryImageOfPage":{"@id":"https:\/\/fjala.info\/2009-2015\/nuk-mund-ti-fshihemi-informacionit-televiziv\/#primaryimage"},"image":{"@id":"https:\/\/fjala.info\/2009-2015\/nuk-mund-ti-fshihemi-informacionit-televiziv\/#primaryimage"},"thumbnailUrl":"http:\/\/www.shkoder.net\/images\/fjala\/mustafa_nano.jpg","datePublished":"2010-07-13T22:07:46+00:00","breadcrumb":{"@id":"https:\/\/fjala.info\/2009-2015\/nuk-mund-ti-fshihemi-informacionit-televiziv\/#breadcrumb"},"inLanguage":"sq-AL","potentialAction":[{"@type":"ReadAction","target":["https:\/\/fjala.info\/2009-2015\/nuk-mund-ti-fshihemi-informacionit-televiziv\/"]}]},{"@type":"ImageObject","inLanguage":"sq-AL","@id":"https:\/\/fjala.info\/2009-2015\/nuk-mund-ti-fshihemi-informacionit-televiziv\/#primaryimage","url":"http:\/\/www.shkoder.net\/images\/fjala\/mustafa_nano.jpg","contentUrl":"http:\/\/www.shkoder.net\/images\/fjala\/mustafa_nano.jpg"},{"@type":"BreadcrumbList","@id":"https:\/\/fjala.info\/2009-2015\/nuk-mund-ti-fshihemi-informacionit-televiziv\/#breadcrumb","itemListElement":[{"@type":"ListItem","position":1,"name":"Home","item":"https:\/\/fjala.info\/2009-2015\/"},{"@type":"ListItem","position":2,"name":"NUK MUND T\u2019I FSHIHEMI INFORMACIONIT TELEVIZIV"}]},{"@type":"WebSite","@id":"https:\/\/fjala.info\/2009-2015\/#website","url":"https:\/\/fjala.info\/2009-2015\/","name":"FjALA e LIR\u00cb - Arkivi","description":"Arkivi 2009-2015","publisher":{"@id":"https:\/\/fjala.info\/2009-2015\/#organization"},"potentialAction":[{"@type":"SearchAction","target":{"@type":"EntryPoint","urlTemplate":"https:\/\/fjala.info\/2009-2015\/?s={search_term_string}"},"query-input":{"@type":"PropertyValueSpecification","valueRequired":true,"valueName":"search_term_string"}}],"inLanguage":"sq-AL"},{"@type":"Organization","@id":"https:\/\/fjala.info\/2009-2015\/#organization","name":"FjALA e LIR\u00cb - Arkivi","url":"https:\/\/fjala.info\/2009-2015\/","logo":{"@type":"ImageObject","inLanguage":"sq-AL","@id":"https:\/\/fjala.info\/2009-2015\/#\/schema\/logo\/image\/","url":"","contentUrl":"","caption":"FjALA e LIR\u00cb - Arkivi"},"image":{"@id":"https:\/\/fjala.info\/2009-2015\/#\/schema\/logo\/image\/"}},{"@type":"Person","@id":"https:\/\/fjala.info\/2009-2015\/#\/schema\/person\/3aa1163ef05469c496fc94e77611ada2","name":"admin","image":{"@type":"ImageObject","inLanguage":"sq-AL","@id":"https:\/\/fjala.info\/2009-2015\/wp-content\/uploads\/2012\/02\/arben_cokaj-120x150.jpg","url":"https:\/\/fjala.info\/2009-2015\/wp-content\/uploads\/2012\/02\/arben_cokaj-120x150.jpg","contentUrl":"https:\/\/fjala.info\/2009-2015\/wp-content\/uploads\/2012\/02\/arben_cokaj-120x150.jpg","caption":"admin"},"description":"Admin, Fjala e Lir\u00eb","sameAs":["https:\/\/fjala.info\/"],"url":"https:\/\/fjala.info\/2009-2015\/author\/admin\/"}]}},"_links":{"self":[{"href":"https:\/\/fjala.info\/2009-2015\/wp-json\/wp\/v2\/posts\/3333","targetHints":{"allow":["GET"]}}],"collection":[{"href":"https:\/\/fjala.info\/2009-2015\/wp-json\/wp\/v2\/posts"}],"about":[{"href":"https:\/\/fjala.info\/2009-2015\/wp-json\/wp\/v2\/types\/post"}],"author":[{"embeddable":true,"href":"https:\/\/fjala.info\/2009-2015\/wp-json\/wp\/v2\/users\/1"}],"replies":[{"embeddable":true,"href":"https:\/\/fjala.info\/2009-2015\/wp-json\/wp\/v2\/comments?post=3333"}],"version-history":[{"count":0,"href":"https:\/\/fjala.info\/2009-2015\/wp-json\/wp\/v2\/posts\/3333\/revisions"}],"wp:attachment":[{"href":"https:\/\/fjala.info\/2009-2015\/wp-json\/wp\/v2\/media?parent=3333"}],"wp:term":[{"taxonomy":"category","embeddable":true,"href":"https:\/\/fjala.info\/2009-2015\/wp-json\/wp\/v2\/categories?post=3333"},{"taxonomy":"post_tag","embeddable":true,"href":"https:\/\/fjala.info\/2009-2015\/wp-json\/wp\/v2\/tags?post=3333"}],"curies":[{"name":"wp","href":"https:\/\/api.w.org\/{rel}","templated":true}]}}