{"id":3331,"date":"2010-07-13T23:04:59","date_gmt":"2010-07-13T22:04:59","guid":{"rendered":"http:\/\/fjala.shkoder.net\/?p=3331"},"modified":"2010-07-13T23:04:59","modified_gmt":"2010-07-13T22:04:59","slug":"rezoluta-e-pe-te-hapen-kutite","status":"publish","type":"post","link":"https:\/\/fjala.info\/2009-2015\/rezoluta-e-pe-te-hapen-kutite\/","title":{"rendered":"REZOLUTA E PE: T\u00cb HAPEN KUTIT\u00cb"},"content":{"rendered":"<p><img decoding=\"async\" style=\"margin-left: 10px; margin-right: 10px; border: 0px;\" src=\"http:\/\/www.shkoder.net\/images\/fjala\/andrea_stefani.jpg\" border=\"0\" alt=\"Andrea Stefani\" width=\"100\" align=\"left\" \/><\/p>\n<p><strong>Andrea Stefani<\/strong>, <em>13.07.2010<\/em><\/p>\n<p>Kryeministri Berisha po b\u00ebn gjith\u00e7ka q\u00eb t\u00eb kap\u00ebrcej\u00eb kriz\u00ebn politike duke mos lejuar hapjen e kutive t\u00eb votimit, gj\u00eb q\u00eb sa m\u00eb shum\u00eb koh\u00eb kalon, p\u00ebrforcon dyshimin mbi vjedhjen e zgjedhjeve t\u00eb 28 qershorit. Mb\u00ebshtetje e fuqishme e Berish\u00ebs n\u00eb k\u00ebt\u00eb strategji penguese p\u00ebr transparenc\u00ebn e plot\u00eb t\u00eb zgjedhjeve n\u00eb Shqip\u00ebri, jan\u00eb b\u00ebr\u00eb nj\u00eb num\u00ebr parlamentar\u00ebsh konservator\u00eb t\u00eb partive popullore.<\/p>\n<p>Pasi kan\u00eb promovuar deri n\u00eb absurd tez\u00ebn kund\u00ebrth\u00ebn\u00ebse se transparenca duhet b\u00ebr\u00eb vet\u00ebm n\u00eb p\u00ebrputhje me Kushtetut\u00ebn, tani s\u00eb fundi, sapo kan\u00eb tentuar t\u2019i krijojn\u00eb Kryeministrit mund\u00ebsin\u00eb q\u00eb ta pengoj\u00eb transparenc\u00ebn duke k\u00ebrkuar, k\u00ebt\u00eb her\u00eb, q\u00eb ajo t\u00eb b\u00ebhet vet\u00ebm n\u00eb p\u00ebrputhje me rezolut\u00ebn e Parlamentit Europian (PE). Ende pa u publikuar teksti i rezolut\u00ebs, mb\u00ebshtet\u00ebsit e qeveris\u00eb nis\u00ebn t\u00eb propagandojn\u00eb se ajo nuk lejon hapjen e kutive t\u00eb votimit, por vet\u00ebm kutit\u00eb e materialeve zgjedhore. Pse? Sepse n\u00eb rezolut\u00ebn e PE thuhet shkoqur q\u00eb nj\u00eb komision parlamentar hetimor, i kryesuar nga opozita, duhet t\u00eb hetoj\u00eb zgjedhjet parlamentare t\u00eb vitit 2009 duke pasur mandat t\u00eb hetoj\u00eb edhe materialin zgjedhor (elektoral material).<\/p>\n<p>Sipas mbrojt\u00ebsve t\u00eb pozicionit qeveritar kund\u00ebr transparenc\u00ebs, termi \u201cmaterial zgjedhor\u201d p\u00ebrjashton hapjen e kutive t\u00eb votave. Madje, Kastriot Islami, n\u00eb nj\u00eb artikull t\u00eb tij, k\u00ebmb\u00ebnguljen e opozit\u00ebs p\u00ebr nj\u00eb transparenc\u00eb q\u00eb synon edhe kutit\u00eb e votave, e quajti keqinterpretim t\u00eb rezolut\u00ebs s\u00eb PE. N\u00eb fakt ashtu \u00ebsht\u00eb. Ve\u00e7 jo nga ana e opozit\u00ebs, por nga vet\u00eb Islami dhe t\u00eb gjith\u00eb ata q\u00eb duan ta kthejn\u00eb transparenc\u00ebn n\u00eb nj\u00eb fars\u00eb q\u00eb jo vet\u00ebm nuk e denoncon, por e maskon vjedhjen e vot\u00ebs.<\/p>\n<p>* * *<\/p>\n<p>Islami, dhe para tij edhe deputet\u00eb t\u00eb mazhoranc\u00ebs, kan\u00eb \u201cargumentuar\u201d se neni 178\/6 i Kodit Zgjedhor e qart\u00ebson p\u00ebrfundimisht problemin, duke ndar\u00eb kutit\u00eb e materialeve zgjedhore nga kutit\u00eb e votimit. N\u00eb fakt nuk rezulton fare ashtu. Neni b\u00ebn fjal\u00eb p\u00ebr ruajtjen e dokumentacionit pas p\u00ebrfundimit t\u00eb zgjedhjeve. Gjith\u00e7ka, n\u00eb k\u00ebt\u00eb nen, cil\u00ebsohet si \u201cdokumentacion\u201d dhe n\u00eb t\u00eb p\u00ebrfshihen, nd\u00ebr t\u00eb tjera, edhe \u201ct\u00eb gjitha kutit\u00eb e vulosura t\u00eb votimit me procesverbalet e votimit, vul\u00ebn e komisionit, flet\u00ebt e votimit t\u00eb p\u00ebrdorura n\u00eb zgjedhje, si edhe flet\u00ebt e votimit t\u00eb pap\u00ebrdorura\u201d.<\/p>\n<p>Nuk shihet askund ndonj\u00eb diferencim i dokumentacionit n\u00eb \u201cmaterial zgjedhor\u201d dhe pjes\u00ebn tjet\u00ebr q\u00eb nuk p\u00ebrfshihet n\u00eb k\u00ebt\u00eb kategori. Por n\u00eb nj\u00eb nen tjet\u00ebr t\u00eb Kodit Zgjedhor flitet m\u00eb tro\u00e7 p\u00ebr \u201cmaterialet zgjedhore\u201d q\u00eb mbrojt\u00ebsit e qeveris\u00eb nuk e p\u00ebrmendin, ndon\u00ebse duan ta pengojn\u00eb transparenc\u00ebn duke u bazuar pik\u00ebrisht te \u201cmagjia\u201d e termit \u201cmateriale zgjedhore\u201d.<\/p>\n<p>\u00cbsht\u00eb fjala p\u00ebr nenin 138 q\u00eb udh\u00ebzon se si duhet b\u00ebr\u00eb \u201ck\u00ebqyrja e materialit zgjedhor\u201d. Termi \u00ebsht\u00eb i nj\u00ebjt\u00eb me at\u00eb t\u00eb p\u00ebrdorur n\u00eb rezolut\u00ebn e PE. Dhe m\u00ebsojm\u00eb se \u201cp\u00ebr nevojat e hetimit administrativ KQZ&#8230; k\u00ebqyr dokumentacionin dhe materialin zgjedhor q\u00eb ndodhet n\u00eb kutin\u00eb e materialeve zgjedhore dhe\/ose kutit\u00eb e votimit e flet\u00ebt e votimit, si dhe \u00e7do dokumentacion apo material tjet\u00ebr zgjedhor\u201d. Pra k\u00ebqyr materialin zgjedhor q\u00eb ndodhet n\u00eb kutin\u00eb e materialeve zgjedhore dhe\/ose n\u00eb kutit\u00eb e votimit. Ritheksojm\u00eb se Kodi b\u00ebn fjal\u00eb p\u00ebr \u201cmaterial\u201d zgjedhor q\u00eb ndodhet jo vet\u00ebm n\u00eb kutin\u00eb e materialeve zgjedhore, por edhe n\u00eb kutit\u00eb e votimit.<\/p>\n<p>Duket se ky ka qen\u00eb edhe shqet\u00ebsimi i Berish\u00ebs, q\u00eb e detyroi deri edhe zv.presidentin e PE, Libor Roucek, q\u00eb tamam si nj\u00eb kopje \u201ceuropiane\u201d e deputet\u00ebve automat\u00eb t\u00eb shumic\u00ebs n\u00eb Kuvendin e Shqip\u00ebris\u00eb, t\u00eb k\u00ebrkoj\u00eb n\u00eb p\u00ebrputhje me vullnetin e Berish\u00ebs q\u00eb n\u00eb rezolut\u00ebn e PE hetimi i \u201ct\u00eb gjitha materialeve zgjedhore\u201d t\u00eb ndryshohet n\u00eb hetim t\u00eb \u201cmaterialit zgjedhor\u201d. Episodi tregon vet\u00ebm se Roucek ka marr\u00eb instruksione shum\u00eb t\u00eb sakta nga lobi berishist, por korrigjimi q\u00eb Roucek i b\u00ebri rezolut\u00ebs nuk duket se e shp\u00ebton Berish\u00ebn. P\u00ebrkundrazi, ia ka v\u00ebshtir\u00ebsuar kund\u00ebrshtimin me sukses t\u00eb transparenc\u00ebs. Dhe ja sepse:<\/p>\n<p>* * *<\/p>\n<p>N\u00eb nenin 114 t\u00eb Kodit Zgjedhor b\u00ebhet fjal\u00eb p\u00ebrs\u00ebri p\u00ebr \u201ckutit\u00eb e votimit\u201d dhe p\u00ebr \u201ckutit\u00eb e materialeve t\u00eb votimit\u201d (jo p\u00ebr kuti t\u00eb materialeve zgjedhore), po nuk thuhet kurrkund se \u201ckutit\u00eb e votimit\u201d nuk p\u00ebrfshihen n\u00eb kategorin\u00eb \u201cmaterial zgjedhor\u201d. Avokat\u00ebt e qeveris\u00eb, q\u00ebllimisht, citojn\u00eb n\u00eb m\u00ebnyr\u00eb t\u00eb shk\u00ebputur dhe jasht\u00eb kontekstit t\u00eb Kodit vet\u00ebm nj\u00eb nen t\u00eb tij, at\u00eb 178\/6. Por po ta marr\u00ebsh Kodin Zgjedhor n\u00eb t\u00ebr\u00ebsin\u00eb e tij organike, ai flet ndryshe nga \u201cislam\u00ebt\u201d. P\u00ebr shembull, Kapitulli IV i Kodit b\u00ebn fjal\u00eb p\u00ebr \u201cdor\u00ebzimin e materialeve zgjedhore\u201d.<\/p>\n<p>Dhe kur lexon nenet e k\u00ebtij kapitulli kupton se n\u00eb \u201cmateriale zgjedhore\u201d p\u00ebrfshihen \u201ckutit\u00eb e votimit me flet\u00ebt e votimit\u201d dhe \u201ckutit\u00eb me materialet e votimit\u201d. Sipas k\u00ebtij kategorizimi q\u00eb u b\u00ebn dokumenteve Kodi Zgjedhor, rezoluta e sapomiratuar e PE, krejt n\u00eb kund\u00ebrshtim me ato q\u00eb thon\u00eb mbrojt\u00ebsit e qeveris\u00eb dhe Kastriot Islami, jo vet\u00ebm q\u00eb nuk e pengon hapjen e kutive t\u00eb votimit, por e b\u00ebn at\u00eb t\u00eb domosdoshme. Sepse ato kategorizohen si \u201cmaterial zgjedhor\u201d.<\/p>\n<p>Si nj\u00eb Shaljok i politik\u00ebs, Berisha u p\u00ebrpoq t\u00eb p\u00ebrdor\u00eb miqt\u00eb e tij konservator\u00eb p\u00ebr ta shnd\u00ebrruar rezolut\u00ebn e PE n\u00eb nj\u00eb \u201csenet\u201d v\u00ebshtir\u00eb t\u00eb kap\u00ebrcyesh\u00ebm nga opozita. Por gj\u00ebrat duket se po i kthehen kund\u00ebr. Po si Shaljoku Berisha do kuptoj\u00eb shum\u00eb shpejt se ka n\u00ebnshkruar nj\u00eb \u201cbond\u201d q\u00eb i kthehet si bumerang. Ai mund t\u00eb refuzoj\u00eb hapjen e kutive t\u00eb votimit, por k\u00ebt\u00eb duhet ta b\u00ebj\u00eb jo n\u00eb dhunim t\u00eb Kodit Zgjedhor. Gj\u00eb q\u00eb \u00ebsht\u00eb e pamundur, sepse nd\u00ebrsa rezoluta e PE k\u00ebrkon hetimin e \u201cmaterialit zgjedhor\u201d, Kodi i klasifikon pik\u00ebrisht kutit\u00eb e votimit si \u201cmaterial zgjedhor\u201d.<\/p>\n<p>Berisha gjendet n\u00eb pozicionin e Shaljokut, q\u00eb me kontrat\u00eb kishte t\u00eb drejt\u00eb t\u00eb merrte nj\u00eb pond mish nga gjoksi i tregtarit Antonio, por pa derdhur nj\u00eb pik\u00eb gjak. Dhe ashtu si Shaljoku nuk mund t\u00eb priste nj\u00eb cop\u00eb mish nga gjoksi i tregtarit pa derdhur nj\u00eb pik\u00eb gjak, ashtu edhe Berisha nuk mund t\u00eb ndaloj\u00eb hapjen e kutive t\u00eb votave pa dhunuar Kodin Zgjedhor. E gjith\u00eb dredhia e Berish\u00ebs ishte, q\u00eb n\u00eb bashk\u00ebpunim me miqt\u00eb e tij konservator\u00eb, ta vinte opozit\u00ebn shqiptare p\u00ebrball\u00eb dhe n\u00eb konflikt me rezolut\u00ebn e Parlamentit Europian. Por duket ka r\u00ebn\u00eb vet\u00eb brenda kurthit q\u00eb kish p\u00ebrgatitur p\u00ebr t\u00eb tjer\u00ebt.<\/p>\n","protected":false},"excerpt":{"rendered":"<p>Andrea Stefani, 13.07.2010 Kryeministri Berisha po b\u00ebn gjith\u00e7ka q\u00eb t\u00eb kap\u00ebrcej\u00eb kriz\u00ebn politike duke mos lejuar hapjen e kutive t\u00eb votimit, gj\u00eb q\u00eb sa m\u00eb shum\u00eb koh\u00eb kalon, p\u00ebrforcon dyshimin mbi vjedhjen e zgjedhjeve t\u00eb 28 qershorit. Mb\u00ebshtetje e fuqishme e Berish\u00ebs n\u00eb k\u00ebt\u00eb strategji penguese p\u00ebr transparenc\u00ebn e plot\u00eb t\u00eb zgjedhjeve n\u00eb Shqip\u00ebri, jan\u00eb [&hellip;]<\/p>\n","protected":false},"author":1,"featured_media":0,"comment_status":"open","ping_status":"closed","sticky":false,"template":"","format":"standard","meta":{"footnotes":""},"categories":[2],"tags":[],"class_list":{"0":"post-3331","1":"post","2":"type-post","3":"status-publish","4":"format-standard","6":"category-artikuj"},"yoast_head":"<!-- This site is optimized with the Yoast SEO plugin v27.4 - https:\/\/yoast.com\/product\/yoast-seo-wordpress\/ -->\n<title>REZOLUTA E PE: T\u00cb HAPEN KUTIT\u00cb - FjALA e LIR\u00cb - Arkivi<\/title>\n<meta name=\"robots\" content=\"index, follow, max-snippet:-1, max-image-preview:large, max-video-preview:-1\" \/>\n<link rel=\"canonical\" href=\"https:\/\/fjala.info\/2009-2015\/rezoluta-e-pe-te-hapen-kutite\/\" \/>\n<meta property=\"og:locale\" content=\"sq_AL\" \/>\n<meta property=\"og:type\" content=\"article\" \/>\n<meta property=\"og:title\" content=\"REZOLUTA E PE: T\u00cb HAPEN KUTIT\u00cb - FjALA e LIR\u00cb - Arkivi\" \/>\n<meta property=\"og:description\" content=\"Andrea Stefani, 13.07.2010 Kryeministri Berisha po b\u00ebn gjith\u00e7ka q\u00eb t\u00eb kap\u00ebrcej\u00eb kriz\u00ebn politike duke mos lejuar hapjen e kutive t\u00eb votimit, gj\u00eb q\u00eb sa m\u00eb shum\u00eb koh\u00eb kalon, p\u00ebrforcon dyshimin mbi vjedhjen e zgjedhjeve t\u00eb 28 qershorit. Mb\u00ebshtetje e fuqishme e Berish\u00ebs n\u00eb k\u00ebt\u00eb strategji penguese p\u00ebr transparenc\u00ebn e plot\u00eb t\u00eb zgjedhjeve n\u00eb Shqip\u00ebri, jan\u00eb [&hellip;]\" \/>\n<meta property=\"og:url\" content=\"https:\/\/fjala.info\/2009-2015\/rezoluta-e-pe-te-hapen-kutite\/\" \/>\n<meta property=\"og:site_name\" content=\"FjALA e LIR\u00cb - Arkivi\" \/>\n<meta property=\"article:published_time\" content=\"2010-07-13T22:04:59+00:00\" \/>\n<meta property=\"og:image\" content=\"http:\/\/www.shkoder.net\/images\/fjala\/andrea_stefani.jpg\" \/>\n<meta name=\"author\" content=\"admin\" \/>\n<meta name=\"twitter:card\" content=\"summary_large_image\" \/>\n<meta name=\"twitter:label1\" content=\"Written by\" \/>\n\t<meta name=\"twitter:data1\" content=\"admin\" \/>\n\t<meta name=\"twitter:label2\" content=\"Est. reading time\" \/>\n\t<meta name=\"twitter:data2\" content=\"6 minutes\" \/>\n<script type=\"application\/ld+json\" class=\"yoast-schema-graph\">{\"@context\":\"https:\\\/\\\/schema.org\",\"@graph\":[{\"@type\":\"Article\",\"@id\":\"https:\\\/\\\/fjala.info\\\/2009-2015\\\/rezoluta-e-pe-te-hapen-kutite\\\/#article\",\"isPartOf\":{\"@id\":\"https:\\\/\\\/fjala.info\\\/2009-2015\\\/rezoluta-e-pe-te-hapen-kutite\\\/\"},\"author\":{\"name\":\"admin\",\"@id\":\"https:\\\/\\\/fjala.info\\\/2009-2015\\\/#\\\/schema\\\/person\\\/3aa1163ef05469c496fc94e77611ada2\"},\"headline\":\"REZOLUTA E PE: T\u00cb HAPEN KUTIT\u00cb\",\"datePublished\":\"2010-07-13T22:04:59+00:00\",\"mainEntityOfPage\":{\"@id\":\"https:\\\/\\\/fjala.info\\\/2009-2015\\\/rezoluta-e-pe-te-hapen-kutite\\\/\"},\"wordCount\":1140,\"commentCount\":0,\"publisher\":{\"@id\":\"https:\\\/\\\/fjala.info\\\/2009-2015\\\/#organization\"},\"image\":{\"@id\":\"https:\\\/\\\/fjala.info\\\/2009-2015\\\/rezoluta-e-pe-te-hapen-kutite\\\/#primaryimage\"},\"thumbnailUrl\":\"http:\\\/\\\/www.shkoder.net\\\/images\\\/fjala\\\/andrea_stefani.jpg\",\"articleSection\":[\"Artikuj\"],\"inLanguage\":\"sq-AL\",\"potentialAction\":[{\"@type\":\"CommentAction\",\"name\":\"Comment\",\"target\":[\"https:\\\/\\\/fjala.info\\\/2009-2015\\\/rezoluta-e-pe-te-hapen-kutite\\\/#respond\"]}]},{\"@type\":\"WebPage\",\"@id\":\"https:\\\/\\\/fjala.info\\\/2009-2015\\\/rezoluta-e-pe-te-hapen-kutite\\\/\",\"url\":\"https:\\\/\\\/fjala.info\\\/2009-2015\\\/rezoluta-e-pe-te-hapen-kutite\\\/\",\"name\":\"REZOLUTA E PE: T\u00cb HAPEN KUTIT\u00cb - FjALA e LIR\u00cb - Arkivi\",\"isPartOf\":{\"@id\":\"https:\\\/\\\/fjala.info\\\/2009-2015\\\/#website\"},\"primaryImageOfPage\":{\"@id\":\"https:\\\/\\\/fjala.info\\\/2009-2015\\\/rezoluta-e-pe-te-hapen-kutite\\\/#primaryimage\"},\"image\":{\"@id\":\"https:\\\/\\\/fjala.info\\\/2009-2015\\\/rezoluta-e-pe-te-hapen-kutite\\\/#primaryimage\"},\"thumbnailUrl\":\"http:\\\/\\\/www.shkoder.net\\\/images\\\/fjala\\\/andrea_stefani.jpg\",\"datePublished\":\"2010-07-13T22:04:59+00:00\",\"breadcrumb\":{\"@id\":\"https:\\\/\\\/fjala.info\\\/2009-2015\\\/rezoluta-e-pe-te-hapen-kutite\\\/#breadcrumb\"},\"inLanguage\":\"sq-AL\",\"potentialAction\":[{\"@type\":\"ReadAction\",\"target\":[\"https:\\\/\\\/fjala.info\\\/2009-2015\\\/rezoluta-e-pe-te-hapen-kutite\\\/\"]}]},{\"@type\":\"ImageObject\",\"inLanguage\":\"sq-AL\",\"@id\":\"https:\\\/\\\/fjala.info\\\/2009-2015\\\/rezoluta-e-pe-te-hapen-kutite\\\/#primaryimage\",\"url\":\"http:\\\/\\\/www.shkoder.net\\\/images\\\/fjala\\\/andrea_stefani.jpg\",\"contentUrl\":\"http:\\\/\\\/www.shkoder.net\\\/images\\\/fjala\\\/andrea_stefani.jpg\"},{\"@type\":\"BreadcrumbList\",\"@id\":\"https:\\\/\\\/fjala.info\\\/2009-2015\\\/rezoluta-e-pe-te-hapen-kutite\\\/#breadcrumb\",\"itemListElement\":[{\"@type\":\"ListItem\",\"position\":1,\"name\":\"Home\",\"item\":\"https:\\\/\\\/fjala.info\\\/2009-2015\\\/\"},{\"@type\":\"ListItem\",\"position\":2,\"name\":\"REZOLUTA E PE: T\u00cb HAPEN KUTIT\u00cb\"}]},{\"@type\":\"WebSite\",\"@id\":\"https:\\\/\\\/fjala.info\\\/2009-2015\\\/#website\",\"url\":\"https:\\\/\\\/fjala.info\\\/2009-2015\\\/\",\"name\":\"FjALA e LIR\u00cb - Arkivi\",\"description\":\"Arkivi 2009-2015\",\"publisher\":{\"@id\":\"https:\\\/\\\/fjala.info\\\/2009-2015\\\/#organization\"},\"potentialAction\":[{\"@type\":\"SearchAction\",\"target\":{\"@type\":\"EntryPoint\",\"urlTemplate\":\"https:\\\/\\\/fjala.info\\\/2009-2015\\\/?s={search_term_string}\"},\"query-input\":{\"@type\":\"PropertyValueSpecification\",\"valueRequired\":true,\"valueName\":\"search_term_string\"}}],\"inLanguage\":\"sq-AL\"},{\"@type\":\"Organization\",\"@id\":\"https:\\\/\\\/fjala.info\\\/2009-2015\\\/#organization\",\"name\":\"FjALA e LIR\u00cb - Arkivi\",\"url\":\"https:\\\/\\\/fjala.info\\\/2009-2015\\\/\",\"logo\":{\"@type\":\"ImageObject\",\"inLanguage\":\"sq-AL\",\"@id\":\"https:\\\/\\\/fjala.info\\\/2009-2015\\\/#\\\/schema\\\/logo\\\/image\\\/\",\"url\":\"\",\"contentUrl\":\"\",\"caption\":\"FjALA e LIR\u00cb - Arkivi\"},\"image\":{\"@id\":\"https:\\\/\\\/fjala.info\\\/2009-2015\\\/#\\\/schema\\\/logo\\\/image\\\/\"}},{\"@type\":\"Person\",\"@id\":\"https:\\\/\\\/fjala.info\\\/2009-2015\\\/#\\\/schema\\\/person\\\/3aa1163ef05469c496fc94e77611ada2\",\"name\":\"admin\",\"image\":{\"@type\":\"ImageObject\",\"inLanguage\":\"sq-AL\",\"@id\":\"https:\\\/\\\/fjala.info\\\/2009-2015\\\/wp-content\\\/uploads\\\/2012\\\/02\\\/arben_cokaj-120x150.jpg\",\"url\":\"https:\\\/\\\/fjala.info\\\/2009-2015\\\/wp-content\\\/uploads\\\/2012\\\/02\\\/arben_cokaj-120x150.jpg\",\"contentUrl\":\"https:\\\/\\\/fjala.info\\\/2009-2015\\\/wp-content\\\/uploads\\\/2012\\\/02\\\/arben_cokaj-120x150.jpg\",\"caption\":\"admin\"},\"description\":\"Admin, Fjala e Lir\u00eb\",\"sameAs\":[\"https:\\\/\\\/fjala.info\\\/\"],\"url\":\"https:\\\/\\\/fjala.info\\\/2009-2015\\\/author\\\/admin\\\/\"}]}<\/script>\n<!-- \/ Yoast SEO plugin. -->","yoast_head_json":{"title":"REZOLUTA E PE: T\u00cb HAPEN KUTIT\u00cb - FjALA e LIR\u00cb - Arkivi","robots":{"index":"index","follow":"follow","max-snippet":"max-snippet:-1","max-image-preview":"max-image-preview:large","max-video-preview":"max-video-preview:-1"},"canonical":"https:\/\/fjala.info\/2009-2015\/rezoluta-e-pe-te-hapen-kutite\/","og_locale":"sq_AL","og_type":"article","og_title":"REZOLUTA E PE: T\u00cb HAPEN KUTIT\u00cb - FjALA e LIR\u00cb - Arkivi","og_description":"Andrea Stefani, 13.07.2010 Kryeministri Berisha po b\u00ebn gjith\u00e7ka q\u00eb t\u00eb kap\u00ebrcej\u00eb kriz\u00ebn politike duke mos lejuar hapjen e kutive t\u00eb votimit, gj\u00eb q\u00eb sa m\u00eb shum\u00eb koh\u00eb kalon, p\u00ebrforcon dyshimin mbi vjedhjen e zgjedhjeve t\u00eb 28 qershorit. Mb\u00ebshtetje e fuqishme e Berish\u00ebs n\u00eb k\u00ebt\u00eb strategji penguese p\u00ebr transparenc\u00ebn e plot\u00eb t\u00eb zgjedhjeve n\u00eb Shqip\u00ebri, jan\u00eb [&hellip;]","og_url":"https:\/\/fjala.info\/2009-2015\/rezoluta-e-pe-te-hapen-kutite\/","og_site_name":"FjALA e LIR\u00cb - Arkivi","article_published_time":"2010-07-13T22:04:59+00:00","og_image":[{"url":"http:\/\/www.shkoder.net\/images\/fjala\/andrea_stefani.jpg","type":"","width":"","height":""}],"author":"admin","twitter_card":"summary_large_image","twitter_misc":{"Written by":"admin","Est. reading time":"6 minutes"},"schema":{"@context":"https:\/\/schema.org","@graph":[{"@type":"Article","@id":"https:\/\/fjala.info\/2009-2015\/rezoluta-e-pe-te-hapen-kutite\/#article","isPartOf":{"@id":"https:\/\/fjala.info\/2009-2015\/rezoluta-e-pe-te-hapen-kutite\/"},"author":{"name":"admin","@id":"https:\/\/fjala.info\/2009-2015\/#\/schema\/person\/3aa1163ef05469c496fc94e77611ada2"},"headline":"REZOLUTA E PE: T\u00cb HAPEN KUTIT\u00cb","datePublished":"2010-07-13T22:04:59+00:00","mainEntityOfPage":{"@id":"https:\/\/fjala.info\/2009-2015\/rezoluta-e-pe-te-hapen-kutite\/"},"wordCount":1140,"commentCount":0,"publisher":{"@id":"https:\/\/fjala.info\/2009-2015\/#organization"},"image":{"@id":"https:\/\/fjala.info\/2009-2015\/rezoluta-e-pe-te-hapen-kutite\/#primaryimage"},"thumbnailUrl":"http:\/\/www.shkoder.net\/images\/fjala\/andrea_stefani.jpg","articleSection":["Artikuj"],"inLanguage":"sq-AL","potentialAction":[{"@type":"CommentAction","name":"Comment","target":["https:\/\/fjala.info\/2009-2015\/rezoluta-e-pe-te-hapen-kutite\/#respond"]}]},{"@type":"WebPage","@id":"https:\/\/fjala.info\/2009-2015\/rezoluta-e-pe-te-hapen-kutite\/","url":"https:\/\/fjala.info\/2009-2015\/rezoluta-e-pe-te-hapen-kutite\/","name":"REZOLUTA E PE: T\u00cb HAPEN KUTIT\u00cb - FjALA e LIR\u00cb - Arkivi","isPartOf":{"@id":"https:\/\/fjala.info\/2009-2015\/#website"},"primaryImageOfPage":{"@id":"https:\/\/fjala.info\/2009-2015\/rezoluta-e-pe-te-hapen-kutite\/#primaryimage"},"image":{"@id":"https:\/\/fjala.info\/2009-2015\/rezoluta-e-pe-te-hapen-kutite\/#primaryimage"},"thumbnailUrl":"http:\/\/www.shkoder.net\/images\/fjala\/andrea_stefani.jpg","datePublished":"2010-07-13T22:04:59+00:00","breadcrumb":{"@id":"https:\/\/fjala.info\/2009-2015\/rezoluta-e-pe-te-hapen-kutite\/#breadcrumb"},"inLanguage":"sq-AL","potentialAction":[{"@type":"ReadAction","target":["https:\/\/fjala.info\/2009-2015\/rezoluta-e-pe-te-hapen-kutite\/"]}]},{"@type":"ImageObject","inLanguage":"sq-AL","@id":"https:\/\/fjala.info\/2009-2015\/rezoluta-e-pe-te-hapen-kutite\/#primaryimage","url":"http:\/\/www.shkoder.net\/images\/fjala\/andrea_stefani.jpg","contentUrl":"http:\/\/www.shkoder.net\/images\/fjala\/andrea_stefani.jpg"},{"@type":"BreadcrumbList","@id":"https:\/\/fjala.info\/2009-2015\/rezoluta-e-pe-te-hapen-kutite\/#breadcrumb","itemListElement":[{"@type":"ListItem","position":1,"name":"Home","item":"https:\/\/fjala.info\/2009-2015\/"},{"@type":"ListItem","position":2,"name":"REZOLUTA E PE: T\u00cb HAPEN KUTIT\u00cb"}]},{"@type":"WebSite","@id":"https:\/\/fjala.info\/2009-2015\/#website","url":"https:\/\/fjala.info\/2009-2015\/","name":"FjALA e LIR\u00cb - Arkivi","description":"Arkivi 2009-2015","publisher":{"@id":"https:\/\/fjala.info\/2009-2015\/#organization"},"potentialAction":[{"@type":"SearchAction","target":{"@type":"EntryPoint","urlTemplate":"https:\/\/fjala.info\/2009-2015\/?s={search_term_string}"},"query-input":{"@type":"PropertyValueSpecification","valueRequired":true,"valueName":"search_term_string"}}],"inLanguage":"sq-AL"},{"@type":"Organization","@id":"https:\/\/fjala.info\/2009-2015\/#organization","name":"FjALA e LIR\u00cb - Arkivi","url":"https:\/\/fjala.info\/2009-2015\/","logo":{"@type":"ImageObject","inLanguage":"sq-AL","@id":"https:\/\/fjala.info\/2009-2015\/#\/schema\/logo\/image\/","url":"","contentUrl":"","caption":"FjALA e LIR\u00cb - Arkivi"},"image":{"@id":"https:\/\/fjala.info\/2009-2015\/#\/schema\/logo\/image\/"}},{"@type":"Person","@id":"https:\/\/fjala.info\/2009-2015\/#\/schema\/person\/3aa1163ef05469c496fc94e77611ada2","name":"admin","image":{"@type":"ImageObject","inLanguage":"sq-AL","@id":"https:\/\/fjala.info\/2009-2015\/wp-content\/uploads\/2012\/02\/arben_cokaj-120x150.jpg","url":"https:\/\/fjala.info\/2009-2015\/wp-content\/uploads\/2012\/02\/arben_cokaj-120x150.jpg","contentUrl":"https:\/\/fjala.info\/2009-2015\/wp-content\/uploads\/2012\/02\/arben_cokaj-120x150.jpg","caption":"admin"},"description":"Admin, Fjala e Lir\u00eb","sameAs":["https:\/\/fjala.info\/"],"url":"https:\/\/fjala.info\/2009-2015\/author\/admin\/"}]}},"_links":{"self":[{"href":"https:\/\/fjala.info\/2009-2015\/wp-json\/wp\/v2\/posts\/3331","targetHints":{"allow":["GET"]}}],"collection":[{"href":"https:\/\/fjala.info\/2009-2015\/wp-json\/wp\/v2\/posts"}],"about":[{"href":"https:\/\/fjala.info\/2009-2015\/wp-json\/wp\/v2\/types\/post"}],"author":[{"embeddable":true,"href":"https:\/\/fjala.info\/2009-2015\/wp-json\/wp\/v2\/users\/1"}],"replies":[{"embeddable":true,"href":"https:\/\/fjala.info\/2009-2015\/wp-json\/wp\/v2\/comments?post=3331"}],"version-history":[{"count":0,"href":"https:\/\/fjala.info\/2009-2015\/wp-json\/wp\/v2\/posts\/3331\/revisions"}],"wp:attachment":[{"href":"https:\/\/fjala.info\/2009-2015\/wp-json\/wp\/v2\/media?parent=3331"}],"wp:term":[{"taxonomy":"category","embeddable":true,"href":"https:\/\/fjala.info\/2009-2015\/wp-json\/wp\/v2\/categories?post=3331"},{"taxonomy":"post_tag","embeddable":true,"href":"https:\/\/fjala.info\/2009-2015\/wp-json\/wp\/v2\/tags?post=3331"}],"curies":[{"name":"wp","href":"https:\/\/api.w.org\/{rel}","templated":true}]}}