{"id":3330,"date":"2012-06-15T22:29:53","date_gmt":"2012-06-15T21:29:53","guid":{"rendered":"http:\/\/www.fjala.info\/?p=3330"},"modified":"2012-06-15T22:29:53","modified_gmt":"2012-06-15T21:29:53","slug":"katoliket-kroate-e-ortodokset-serbe-se-bashku-per-te-sheruar-plaget-e-se-kaluares","status":"publish","type":"post","link":"https:\/\/fjala.info\/2009-2015\/katoliket-kroate-e-ortodokset-serbe-se-bashku-per-te-sheruar-plaget-e-se-kaluares\/","title":{"rendered":"Katolik\u00ebt kroat\u00eb e ortodoks\u00ebt serb\u00eb, s\u00eb bashku p\u00ebr t\u00eb sh\u00ebruar plag\u00ebt e s\u00eb kaluar\u00ebs"},"content":{"rendered":"<p><img decoding=\"async\" class=\"alignright size-thumbnail wp-image-7236\" title=\"Josip Bozanic\" src=\"http:\/\/www.fjala.info\/2012\/josip_bozanic.jpg\" alt=\"\" width=\"150\" \/><br \/>\nDuhet reflektuar me respekt e p\u00ebrgjegj\u00ebsi p\u00ebr \u00e7do ngjarje t\u00eb s\u00eb kaluar\u00ebs, sepse vet\u00ebm k\u00ebshtu mund t\u00eb sh\u00ebrohen plag\u00ebt e mund t\u00eb shikohet m\u00eb qet\u00ebsisht e ardhmja\u201d. K\u00ebshtu shkruajn\u00eb primati i Kish\u00ebs ortodokse serbe, Patriku Ireneu dhe kryeipeshkvi i Zagrebit, kardinali Josip Bozani\u00e7, n\u00eb nj\u00eb komunikat\u00eb t\u00eb p\u00ebrbashk\u00ebt, botuar sot paradite, pas takimit t\u00eb barinjve t\u00eb t\u00eb dyja Kishave, t\u00eb shoq\u00ebruar nga disa an\u00ebtar\u00eb t\u00eb Sinodit t\u00eb Shenjt\u00eb t\u00eb Kish\u00ebs ortodokse serbe dhe t\u00eb Konferenc\u00ebs ipeshkvnore kroate. Takimi u mbajt m\u00eb 8 qershor, n\u00eb Pallatin kryeipeshkvnor t\u00eb Zagrebit.<\/p>\n<p>Pjes\u00ebmarr\u00ebsit n\u00eb k\u00ebt\u00eb takim, si barinj t\u00eb besimtar\u00ebve t\u00eb tyre e qytetar\u00eb t\u00eb vendeve t\u00eb tyre, jan\u00eb t\u00eb vet\u00ebdijsh\u00ebn se shum\u00eb nga \u00e7\u00ebshtjet e s\u00eb kaluar\u00ebs jan\u00eb ende gur\u00eb, n\u00eb t\u00eb cil\u00ebt merr m\u00ebthua, kur provon t\u00eb ec\u00ebsh n\u00eb rrug\u00ebn e mir\u00ebkuptimit. E shtojn\u00eb: \u00ebsht\u00eb e nevojshme t\u2019i sqarojm\u00eb sa m\u00eb shpejt ngjarjet, t\u00eb cilat nuk jan\u00eb ende plot\u00ebsisht t\u00eb qarta, si p\u00ebr opinionin kroat, ashtu edhe p\u00ebr at\u00eb serb.<\/p>\n<p><img decoding=\"async\" class=\"alignright size-thumbnail wp-image-7236\" title=\"Patriku Ireneu\" src=\"http:\/\/www.fjala.info\/2012\/patriku_ireneu.jpg\" alt=\"\" width=\"150\" \/><\/p>\n<p>Ipeshkvijt\u00eb pohojn\u00eb se e mb\u00ebshtesin plot\u00ebsisht pun\u00ebn e komisioneve, q\u00eb punojn\u00eb p\u00ebr sqarimin e krimeve t\u00eb regjimit komunist, duke k\u00ebrkuar t\u00eb gjinden vendvarrosjet e viktimave e t\u00eb ngrihen, mbi eshtrat e tyre, varre dinjitoze.<\/p>\n<p>Komunikata b\u00ebn nj\u00eb thirrje t\u00eb r\u00ebnd\u00ebsishme, drejtuar lider\u00ebve t\u00eb jet\u00ebs politike e shoq\u00ebrore, por edhe \u00e7do njeriu, q\u00eb di di\u00e7ka mbi njer\u00ebzit e zhdukur gjat\u00eb ngjarjeve t\u00eb viteve \u201990 t\u00eb shekullit t\u00eb kaluar e mbi njer\u00ebzit e humbur, t\u00eb cil\u00ebt nuk jan\u00eb gjetur ende, n\u00eb m\u00ebnyr\u00eb q\u00eb eshtrat e tyre t\u00eb gjinden, ose t\u00eb njoftohet ku mund t\u00eb jen\u00eb varrosur. Ky \u00ebsht\u00eb nj\u00eb akt i jasht\u00ebzakonsh\u00ebm humanizmi si dhe ndihmes\u00eb p\u00ebr familjet, shkruajn\u00eb ipeshkvijt\u00eb katolik\u00eb e ortodoks\u00eb, sepse t\u00eb af\u00ebrmit e t\u00eb vrar\u00ebve vijojn\u00eb t\u2019i k\u00ebrkojn\u00eb me dhimbje, q\u00eb prej nj\u00ebzet vjet\u00ebsh.<\/p>\n<p>T\u00eb gjith\u00eb atyre, q\u00eb vuajn\u00eb, ipeshkvijt\u00eb u shprehin ngush\u00ebllimet e tyre, por edhe af\u00ebrsin\u00eb njer\u00ebzore, solidaritetin e krishter\u00eb, pjes\u00ebmarrjen n\u00eb nj\u00eb dhimbje, q\u00eb mbetet po aq e mpreht\u00eb dhe e fresk\u00ebt, pas m\u00eb se nj\u00eb \u00e7erek shekulli. Por nuk duhet harruar edhe se procesi i sh\u00ebrimit t\u00eb plag\u00ebve t\u00eb s\u00eb kaluar\u00ebs, duhet t\u00eb b\u00ebhet me drejt\u00ebsi e me trajtim t\u00eb barabart\u00eb, dometh\u00ebn\u00eb, duhet p\u00ebrballuar n\u00eb drit\u00ebn e Ungjillit.<\/p>\n<p>Komunikata p\u00ebrfundon duke shprehur d\u00ebshir\u00ebn q\u00eb takimi i Zagrebit t\u00eb jet\u00eb d\u00ebshmi e vlerave themelore t\u00eb krishtera, t\u00eb p\u00ebrbashk\u00ebta p\u00ebr t\u00eb dyja Kishat.<\/p>\n<p>N\u00eb p\u00ebrfundim t\u00eb takimit Patriku i dhuroi Kardinalit Kryqin, q\u00eb Kisha ortodokse ia dhuron vet\u00ebm personaliteteve tep\u00ebr t\u00eb r\u00ebnd\u00ebsishme.Nd\u00ebrsa Kardinali i dhuroi Patrikut nj\u00eb ikon\u00eb t\u00eb \u00e7muar, kopje e vetme e Zoj\u00ebs \u201cN\u00ebna e Hyjit e Port\u00ebs s\u00eb Gurt\u00eb\u201d, Pajtore e qytetit t\u00eb Zagrebit.<\/p>\n<p><em>Radio Vatikani<\/em><\/p>\n","protected":false},"excerpt":{"rendered":"<p>Duhet reflektuar me respekt e p\u00ebrgjegj\u00ebsi p\u00ebr \u00e7do ngjarje t\u00eb s\u00eb kaluar\u00ebs, sepse vet\u00ebm k\u00ebshtu mund t\u00eb sh\u00ebrohen plag\u00ebt e mund t\u00eb shikohet m\u00eb qet\u00ebsisht e ardhmja\u201d. K\u00ebshtu shkruajn\u00eb primati i Kish\u00ebs ortodokse serbe, Patriku Ireneu dhe kryeipeshkvi i Zagrebit, kardinali Josip Bozani\u00e7, n\u00eb nj\u00eb komunikat\u00eb t\u00eb p\u00ebrbashk\u00ebt, botuar sot paradite, pas takimit t\u00eb barinjve [&hellip;]<\/p>\n","protected":false},"author":1,"featured_media":0,"comment_status":"open","ping_status":"closed","sticky":false,"template":"","format":"standard","meta":{"footnotes":""},"categories":[2,5],"tags":[],"class_list":{"0":"post-3330","1":"post","2":"type-post","3":"status-publish","4":"format-standard","6":"category-artikuj","7":"category-lajme"},"yoast_head":"<!-- This site is optimized with the Yoast SEO plugin v27.4 - https:\/\/yoast.com\/product\/yoast-seo-wordpress\/ -->\n<title>Katolik\u00ebt kroat\u00eb e ortodoks\u00ebt serb\u00eb, s\u00eb bashku p\u00ebr t\u00eb sh\u00ebruar plag\u00ebt e s\u00eb kaluar\u00ebs - FjALA e LIR\u00cb - Arkivi<\/title>\n<meta name=\"robots\" content=\"index, follow, max-snippet:-1, max-image-preview:large, max-video-preview:-1\" \/>\n<link rel=\"canonical\" href=\"https:\/\/fjala.info\/2009-2015\/katoliket-kroate-e-ortodokset-serbe-se-bashku-per-te-sheruar-plaget-e-se-kaluares\/\" \/>\n<meta property=\"og:locale\" content=\"sq_AL\" \/>\n<meta property=\"og:type\" content=\"article\" \/>\n<meta property=\"og:title\" content=\"Katolik\u00ebt kroat\u00eb e ortodoks\u00ebt serb\u00eb, s\u00eb bashku p\u00ebr t\u00eb sh\u00ebruar plag\u00ebt e s\u00eb kaluar\u00ebs - FjALA e LIR\u00cb - Arkivi\" \/>\n<meta property=\"og:description\" content=\"Duhet reflektuar me respekt e p\u00ebrgjegj\u00ebsi p\u00ebr \u00e7do ngjarje t\u00eb s\u00eb kaluar\u00ebs, sepse vet\u00ebm k\u00ebshtu mund t\u00eb sh\u00ebrohen plag\u00ebt e mund t\u00eb shikohet m\u00eb qet\u00ebsisht e ardhmja\u201d. K\u00ebshtu shkruajn\u00eb primati i Kish\u00ebs ortodokse serbe, Patriku Ireneu dhe kryeipeshkvi i Zagrebit, kardinali Josip Bozani\u00e7, n\u00eb nj\u00eb komunikat\u00eb t\u00eb p\u00ebrbashk\u00ebt, botuar sot paradite, pas takimit t\u00eb barinjve [&hellip;]\" \/>\n<meta property=\"og:url\" content=\"https:\/\/fjala.info\/2009-2015\/katoliket-kroate-e-ortodokset-serbe-se-bashku-per-te-sheruar-plaget-e-se-kaluares\/\" \/>\n<meta property=\"og:site_name\" content=\"FjALA e LIR\u00cb - Arkivi\" \/>\n<meta property=\"article:published_time\" content=\"2012-06-15T21:29:53+00:00\" \/>\n<meta property=\"og:image\" content=\"http:\/\/www.fjala.info\/2012\/josip_bozanic.jpg\" \/>\n<meta name=\"author\" content=\"admin\" \/>\n<meta name=\"twitter:card\" content=\"summary_large_image\" \/>\n<meta name=\"twitter:label1\" content=\"Written by\" \/>\n\t<meta name=\"twitter:data1\" content=\"admin\" \/>\n\t<meta name=\"twitter:label2\" content=\"Est. reading time\" \/>\n\t<meta name=\"twitter:data2\" content=\"3 minutes\" \/>\n<script type=\"application\/ld+json\" class=\"yoast-schema-graph\">{\"@context\":\"https:\\\/\\\/schema.org\",\"@graph\":[{\"@type\":\"Article\",\"@id\":\"https:\\\/\\\/fjala.info\\\/2009-2015\\\/katoliket-kroate-e-ortodokset-serbe-se-bashku-per-te-sheruar-plaget-e-se-kaluares\\\/#article\",\"isPartOf\":{\"@id\":\"https:\\\/\\\/fjala.info\\\/2009-2015\\\/katoliket-kroate-e-ortodokset-serbe-se-bashku-per-te-sheruar-plaget-e-se-kaluares\\\/\"},\"author\":{\"name\":\"admin\",\"@id\":\"https:\\\/\\\/fjala.info\\\/2009-2015\\\/#\\\/schema\\\/person\\\/3aa1163ef05469c496fc94e77611ada2\"},\"headline\":\"Katolik\u00ebt kroat\u00eb e ortodoks\u00ebt serb\u00eb, s\u00eb bashku p\u00ebr t\u00eb sh\u00ebruar plag\u00ebt e s\u00eb kaluar\u00ebs\",\"datePublished\":\"2012-06-15T21:29:53+00:00\",\"mainEntityOfPage\":{\"@id\":\"https:\\\/\\\/fjala.info\\\/2009-2015\\\/katoliket-kroate-e-ortodokset-serbe-se-bashku-per-te-sheruar-plaget-e-se-kaluares\\\/\"},\"wordCount\":527,\"commentCount\":0,\"publisher\":{\"@id\":\"https:\\\/\\\/fjala.info\\\/2009-2015\\\/#organization\"},\"image\":{\"@id\":\"https:\\\/\\\/fjala.info\\\/2009-2015\\\/katoliket-kroate-e-ortodokset-serbe-se-bashku-per-te-sheruar-plaget-e-se-kaluares\\\/#primaryimage\"},\"thumbnailUrl\":\"http:\\\/\\\/www.fjala.info\\\/2012\\\/josip_bozanic.jpg\",\"articleSection\":[\"Artikuj\",\"Lajme\"],\"inLanguage\":\"sq-AL\",\"potentialAction\":[{\"@type\":\"CommentAction\",\"name\":\"Comment\",\"target\":[\"https:\\\/\\\/fjala.info\\\/2009-2015\\\/katoliket-kroate-e-ortodokset-serbe-se-bashku-per-te-sheruar-plaget-e-se-kaluares\\\/#respond\"]}]},{\"@type\":\"WebPage\",\"@id\":\"https:\\\/\\\/fjala.info\\\/2009-2015\\\/katoliket-kroate-e-ortodokset-serbe-se-bashku-per-te-sheruar-plaget-e-se-kaluares\\\/\",\"url\":\"https:\\\/\\\/fjala.info\\\/2009-2015\\\/katoliket-kroate-e-ortodokset-serbe-se-bashku-per-te-sheruar-plaget-e-se-kaluares\\\/\",\"name\":\"Katolik\u00ebt kroat\u00eb e ortodoks\u00ebt serb\u00eb, s\u00eb bashku p\u00ebr t\u00eb sh\u00ebruar plag\u00ebt e s\u00eb kaluar\u00ebs - FjALA e LIR\u00cb - Arkivi\",\"isPartOf\":{\"@id\":\"https:\\\/\\\/fjala.info\\\/2009-2015\\\/#website\"},\"primaryImageOfPage\":{\"@id\":\"https:\\\/\\\/fjala.info\\\/2009-2015\\\/katoliket-kroate-e-ortodokset-serbe-se-bashku-per-te-sheruar-plaget-e-se-kaluares\\\/#primaryimage\"},\"image\":{\"@id\":\"https:\\\/\\\/fjala.info\\\/2009-2015\\\/katoliket-kroate-e-ortodokset-serbe-se-bashku-per-te-sheruar-plaget-e-se-kaluares\\\/#primaryimage\"},\"thumbnailUrl\":\"http:\\\/\\\/www.fjala.info\\\/2012\\\/josip_bozanic.jpg\",\"datePublished\":\"2012-06-15T21:29:53+00:00\",\"breadcrumb\":{\"@id\":\"https:\\\/\\\/fjala.info\\\/2009-2015\\\/katoliket-kroate-e-ortodokset-serbe-se-bashku-per-te-sheruar-plaget-e-se-kaluares\\\/#breadcrumb\"},\"inLanguage\":\"sq-AL\",\"potentialAction\":[{\"@type\":\"ReadAction\",\"target\":[\"https:\\\/\\\/fjala.info\\\/2009-2015\\\/katoliket-kroate-e-ortodokset-serbe-se-bashku-per-te-sheruar-plaget-e-se-kaluares\\\/\"]}]},{\"@type\":\"ImageObject\",\"inLanguage\":\"sq-AL\",\"@id\":\"https:\\\/\\\/fjala.info\\\/2009-2015\\\/katoliket-kroate-e-ortodokset-serbe-se-bashku-per-te-sheruar-plaget-e-se-kaluares\\\/#primaryimage\",\"url\":\"http:\\\/\\\/www.fjala.info\\\/2012\\\/josip_bozanic.jpg\",\"contentUrl\":\"http:\\\/\\\/www.fjala.info\\\/2012\\\/josip_bozanic.jpg\"},{\"@type\":\"BreadcrumbList\",\"@id\":\"https:\\\/\\\/fjala.info\\\/2009-2015\\\/katoliket-kroate-e-ortodokset-serbe-se-bashku-per-te-sheruar-plaget-e-se-kaluares\\\/#breadcrumb\",\"itemListElement\":[{\"@type\":\"ListItem\",\"position\":1,\"name\":\"Home\",\"item\":\"https:\\\/\\\/fjala.info\\\/2009-2015\\\/\"},{\"@type\":\"ListItem\",\"position\":2,\"name\":\"Katolik\u00ebt kroat\u00eb e ortodoks\u00ebt serb\u00eb, s\u00eb bashku p\u00ebr t\u00eb sh\u00ebruar plag\u00ebt e s\u00eb kaluar\u00ebs\"}]},{\"@type\":\"WebSite\",\"@id\":\"https:\\\/\\\/fjala.info\\\/2009-2015\\\/#website\",\"url\":\"https:\\\/\\\/fjala.info\\\/2009-2015\\\/\",\"name\":\"FjALA e LIR\u00cb - Arkivi\",\"description\":\"Arkivi 2009-2015\",\"publisher\":{\"@id\":\"https:\\\/\\\/fjala.info\\\/2009-2015\\\/#organization\"},\"potentialAction\":[{\"@type\":\"SearchAction\",\"target\":{\"@type\":\"EntryPoint\",\"urlTemplate\":\"https:\\\/\\\/fjala.info\\\/2009-2015\\\/?s={search_term_string}\"},\"query-input\":{\"@type\":\"PropertyValueSpecification\",\"valueRequired\":true,\"valueName\":\"search_term_string\"}}],\"inLanguage\":\"sq-AL\"},{\"@type\":\"Organization\",\"@id\":\"https:\\\/\\\/fjala.info\\\/2009-2015\\\/#organization\",\"name\":\"FjALA e LIR\u00cb - Arkivi\",\"url\":\"https:\\\/\\\/fjala.info\\\/2009-2015\\\/\",\"logo\":{\"@type\":\"ImageObject\",\"inLanguage\":\"sq-AL\",\"@id\":\"https:\\\/\\\/fjala.info\\\/2009-2015\\\/#\\\/schema\\\/logo\\\/image\\\/\",\"url\":\"\",\"contentUrl\":\"\",\"caption\":\"FjALA e LIR\u00cb - Arkivi\"},\"image\":{\"@id\":\"https:\\\/\\\/fjala.info\\\/2009-2015\\\/#\\\/schema\\\/logo\\\/image\\\/\"}},{\"@type\":\"Person\",\"@id\":\"https:\\\/\\\/fjala.info\\\/2009-2015\\\/#\\\/schema\\\/person\\\/3aa1163ef05469c496fc94e77611ada2\",\"name\":\"admin\",\"image\":{\"@type\":\"ImageObject\",\"inLanguage\":\"sq-AL\",\"@id\":\"https:\\\/\\\/fjala.info\\\/2009-2015\\\/wp-content\\\/uploads\\\/2012\\\/02\\\/arben_cokaj-120x150.jpg\",\"url\":\"https:\\\/\\\/fjala.info\\\/2009-2015\\\/wp-content\\\/uploads\\\/2012\\\/02\\\/arben_cokaj-120x150.jpg\",\"contentUrl\":\"https:\\\/\\\/fjala.info\\\/2009-2015\\\/wp-content\\\/uploads\\\/2012\\\/02\\\/arben_cokaj-120x150.jpg\",\"caption\":\"admin\"},\"description\":\"Admin, Fjala e Lir\u00eb\",\"sameAs\":[\"https:\\\/\\\/fjala.info\\\/\"],\"url\":\"https:\\\/\\\/fjala.info\\\/2009-2015\\\/author\\\/admin\\\/\"}]}<\/script>\n<!-- \/ Yoast SEO plugin. -->","yoast_head_json":{"title":"Katolik\u00ebt kroat\u00eb e ortodoks\u00ebt serb\u00eb, s\u00eb bashku p\u00ebr t\u00eb sh\u00ebruar plag\u00ebt e s\u00eb kaluar\u00ebs - FjALA e LIR\u00cb - Arkivi","robots":{"index":"index","follow":"follow","max-snippet":"max-snippet:-1","max-image-preview":"max-image-preview:large","max-video-preview":"max-video-preview:-1"},"canonical":"https:\/\/fjala.info\/2009-2015\/katoliket-kroate-e-ortodokset-serbe-se-bashku-per-te-sheruar-plaget-e-se-kaluares\/","og_locale":"sq_AL","og_type":"article","og_title":"Katolik\u00ebt kroat\u00eb e ortodoks\u00ebt serb\u00eb, s\u00eb bashku p\u00ebr t\u00eb sh\u00ebruar plag\u00ebt e s\u00eb kaluar\u00ebs - FjALA e LIR\u00cb - Arkivi","og_description":"Duhet reflektuar me respekt e p\u00ebrgjegj\u00ebsi p\u00ebr \u00e7do ngjarje t\u00eb s\u00eb kaluar\u00ebs, sepse vet\u00ebm k\u00ebshtu mund t\u00eb sh\u00ebrohen plag\u00ebt e mund t\u00eb shikohet m\u00eb qet\u00ebsisht e ardhmja\u201d. K\u00ebshtu shkruajn\u00eb primati i Kish\u00ebs ortodokse serbe, Patriku Ireneu dhe kryeipeshkvi i Zagrebit, kardinali Josip Bozani\u00e7, n\u00eb nj\u00eb komunikat\u00eb t\u00eb p\u00ebrbashk\u00ebt, botuar sot paradite, pas takimit t\u00eb barinjve [&hellip;]","og_url":"https:\/\/fjala.info\/2009-2015\/katoliket-kroate-e-ortodokset-serbe-se-bashku-per-te-sheruar-plaget-e-se-kaluares\/","og_site_name":"FjALA e LIR\u00cb - Arkivi","article_published_time":"2012-06-15T21:29:53+00:00","og_image":[{"url":"http:\/\/www.fjala.info\/2012\/josip_bozanic.jpg","type":"","width":"","height":""}],"author":"admin","twitter_card":"summary_large_image","twitter_misc":{"Written by":"admin","Est. reading time":"3 minutes"},"schema":{"@context":"https:\/\/schema.org","@graph":[{"@type":"Article","@id":"https:\/\/fjala.info\/2009-2015\/katoliket-kroate-e-ortodokset-serbe-se-bashku-per-te-sheruar-plaget-e-se-kaluares\/#article","isPartOf":{"@id":"https:\/\/fjala.info\/2009-2015\/katoliket-kroate-e-ortodokset-serbe-se-bashku-per-te-sheruar-plaget-e-se-kaluares\/"},"author":{"name":"admin","@id":"https:\/\/fjala.info\/2009-2015\/#\/schema\/person\/3aa1163ef05469c496fc94e77611ada2"},"headline":"Katolik\u00ebt kroat\u00eb e ortodoks\u00ebt serb\u00eb, s\u00eb bashku p\u00ebr t\u00eb sh\u00ebruar plag\u00ebt e s\u00eb kaluar\u00ebs","datePublished":"2012-06-15T21:29:53+00:00","mainEntityOfPage":{"@id":"https:\/\/fjala.info\/2009-2015\/katoliket-kroate-e-ortodokset-serbe-se-bashku-per-te-sheruar-plaget-e-se-kaluares\/"},"wordCount":527,"commentCount":0,"publisher":{"@id":"https:\/\/fjala.info\/2009-2015\/#organization"},"image":{"@id":"https:\/\/fjala.info\/2009-2015\/katoliket-kroate-e-ortodokset-serbe-se-bashku-per-te-sheruar-plaget-e-se-kaluares\/#primaryimage"},"thumbnailUrl":"http:\/\/www.fjala.info\/2012\/josip_bozanic.jpg","articleSection":["Artikuj","Lajme"],"inLanguage":"sq-AL","potentialAction":[{"@type":"CommentAction","name":"Comment","target":["https:\/\/fjala.info\/2009-2015\/katoliket-kroate-e-ortodokset-serbe-se-bashku-per-te-sheruar-plaget-e-se-kaluares\/#respond"]}]},{"@type":"WebPage","@id":"https:\/\/fjala.info\/2009-2015\/katoliket-kroate-e-ortodokset-serbe-se-bashku-per-te-sheruar-plaget-e-se-kaluares\/","url":"https:\/\/fjala.info\/2009-2015\/katoliket-kroate-e-ortodokset-serbe-se-bashku-per-te-sheruar-plaget-e-se-kaluares\/","name":"Katolik\u00ebt kroat\u00eb e ortodoks\u00ebt serb\u00eb, s\u00eb bashku p\u00ebr t\u00eb sh\u00ebruar plag\u00ebt e s\u00eb kaluar\u00ebs - FjALA e LIR\u00cb - Arkivi","isPartOf":{"@id":"https:\/\/fjala.info\/2009-2015\/#website"},"primaryImageOfPage":{"@id":"https:\/\/fjala.info\/2009-2015\/katoliket-kroate-e-ortodokset-serbe-se-bashku-per-te-sheruar-plaget-e-se-kaluares\/#primaryimage"},"image":{"@id":"https:\/\/fjala.info\/2009-2015\/katoliket-kroate-e-ortodokset-serbe-se-bashku-per-te-sheruar-plaget-e-se-kaluares\/#primaryimage"},"thumbnailUrl":"http:\/\/www.fjala.info\/2012\/josip_bozanic.jpg","datePublished":"2012-06-15T21:29:53+00:00","breadcrumb":{"@id":"https:\/\/fjala.info\/2009-2015\/katoliket-kroate-e-ortodokset-serbe-se-bashku-per-te-sheruar-plaget-e-se-kaluares\/#breadcrumb"},"inLanguage":"sq-AL","potentialAction":[{"@type":"ReadAction","target":["https:\/\/fjala.info\/2009-2015\/katoliket-kroate-e-ortodokset-serbe-se-bashku-per-te-sheruar-plaget-e-se-kaluares\/"]}]},{"@type":"ImageObject","inLanguage":"sq-AL","@id":"https:\/\/fjala.info\/2009-2015\/katoliket-kroate-e-ortodokset-serbe-se-bashku-per-te-sheruar-plaget-e-se-kaluares\/#primaryimage","url":"http:\/\/www.fjala.info\/2012\/josip_bozanic.jpg","contentUrl":"http:\/\/www.fjala.info\/2012\/josip_bozanic.jpg"},{"@type":"BreadcrumbList","@id":"https:\/\/fjala.info\/2009-2015\/katoliket-kroate-e-ortodokset-serbe-se-bashku-per-te-sheruar-plaget-e-se-kaluares\/#breadcrumb","itemListElement":[{"@type":"ListItem","position":1,"name":"Home","item":"https:\/\/fjala.info\/2009-2015\/"},{"@type":"ListItem","position":2,"name":"Katolik\u00ebt kroat\u00eb e ortodoks\u00ebt serb\u00eb, s\u00eb bashku p\u00ebr t\u00eb sh\u00ebruar plag\u00ebt e s\u00eb kaluar\u00ebs"}]},{"@type":"WebSite","@id":"https:\/\/fjala.info\/2009-2015\/#website","url":"https:\/\/fjala.info\/2009-2015\/","name":"FjALA e LIR\u00cb - Arkivi","description":"Arkivi 2009-2015","publisher":{"@id":"https:\/\/fjala.info\/2009-2015\/#organization"},"potentialAction":[{"@type":"SearchAction","target":{"@type":"EntryPoint","urlTemplate":"https:\/\/fjala.info\/2009-2015\/?s={search_term_string}"},"query-input":{"@type":"PropertyValueSpecification","valueRequired":true,"valueName":"search_term_string"}}],"inLanguage":"sq-AL"},{"@type":"Organization","@id":"https:\/\/fjala.info\/2009-2015\/#organization","name":"FjALA e LIR\u00cb - Arkivi","url":"https:\/\/fjala.info\/2009-2015\/","logo":{"@type":"ImageObject","inLanguage":"sq-AL","@id":"https:\/\/fjala.info\/2009-2015\/#\/schema\/logo\/image\/","url":"","contentUrl":"","caption":"FjALA e LIR\u00cb - Arkivi"},"image":{"@id":"https:\/\/fjala.info\/2009-2015\/#\/schema\/logo\/image\/"}},{"@type":"Person","@id":"https:\/\/fjala.info\/2009-2015\/#\/schema\/person\/3aa1163ef05469c496fc94e77611ada2","name":"admin","image":{"@type":"ImageObject","inLanguage":"sq-AL","@id":"https:\/\/fjala.info\/2009-2015\/wp-content\/uploads\/2012\/02\/arben_cokaj-120x150.jpg","url":"https:\/\/fjala.info\/2009-2015\/wp-content\/uploads\/2012\/02\/arben_cokaj-120x150.jpg","contentUrl":"https:\/\/fjala.info\/2009-2015\/wp-content\/uploads\/2012\/02\/arben_cokaj-120x150.jpg","caption":"admin"},"description":"Admin, Fjala e Lir\u00eb","sameAs":["https:\/\/fjala.info\/"],"url":"https:\/\/fjala.info\/2009-2015\/author\/admin\/"}]}},"_links":{"self":[{"href":"https:\/\/fjala.info\/2009-2015\/wp-json\/wp\/v2\/posts\/3330","targetHints":{"allow":["GET"]}}],"collection":[{"href":"https:\/\/fjala.info\/2009-2015\/wp-json\/wp\/v2\/posts"}],"about":[{"href":"https:\/\/fjala.info\/2009-2015\/wp-json\/wp\/v2\/types\/post"}],"author":[{"embeddable":true,"href":"https:\/\/fjala.info\/2009-2015\/wp-json\/wp\/v2\/users\/1"}],"replies":[{"embeddable":true,"href":"https:\/\/fjala.info\/2009-2015\/wp-json\/wp\/v2\/comments?post=3330"}],"version-history":[{"count":0,"href":"https:\/\/fjala.info\/2009-2015\/wp-json\/wp\/v2\/posts\/3330\/revisions"}],"wp:attachment":[{"href":"https:\/\/fjala.info\/2009-2015\/wp-json\/wp\/v2\/media?parent=3330"}],"wp:term":[{"taxonomy":"category","embeddable":true,"href":"https:\/\/fjala.info\/2009-2015\/wp-json\/wp\/v2\/categories?post=3330"},{"taxonomy":"post_tag","embeddable":true,"href":"https:\/\/fjala.info\/2009-2015\/wp-json\/wp\/v2\/tags?post=3330"}],"curies":[{"name":"wp","href":"https:\/\/api.w.org\/{rel}","templated":true}]}}