{"id":3329,"date":"2010-07-13T22:44:44","date_gmt":"2010-07-13T21:44:44","guid":{"rendered":"http:\/\/fjala.shkoder.net\/?p=3329"},"modified":"2010-07-13T22:44:44","modified_gmt":"2010-07-13T21:44:44","slug":"qe-te-mos-lagemi-kur-te-plakemi","status":"publish","type":"post","link":"https:\/\/fjala.info\/2009-2015\/qe-te-mos-lagemi-kur-te-plakemi\/","title":{"rendered":"Q\u00eb t\u00eb mos lagemi kur t\u00eb plakemi"},"content":{"rendered":"<p><img decoding=\"async\" style=\"margin-left: 10px; margin-right: 10px; border: 0px;\" src=\"http:\/\/www.shkoder.net\/images\/fjala\/zaloshnja.jpg\" border=\"0\" alt=\"Eduard Zaloshnja\" width=\"100\" align=\"right\" \/><\/p>\n<p>Nga: <strong>EDUARD ZALOSHNJA<\/strong><\/p>\n<p>Shumica d\u00ebrrmuese e t\u00eb pun\u00ebsuarve n\u00eb Shqip\u00ebri jan\u00eb t\u00eb bindur se, po t\u00eb paguajn\u00eb rregullisht kontributet e sigurimeve oq\u00ebrore, do t\u00eb ken\u00eb n\u00eb dit\u00ebt e vona t\u00eb pleq\u00ebris\u00eb nj\u00eb \u00e7ad\u00ebr financiare p\u00ebr at\u00eb koh\u00eb me shi. Por shum\u00eb nga ata, fatkeq\u00ebsisht mund t\u00eb ndodhen para nj\u00eb t\u00eb papriture t\u00eb hidhur kur ajo koh\u00eb t\u00eb vij\u00eb.<\/p>\n<p>Pse mund t\u00eb ndodh\u00eb kjo? Sepse sistemi i sigurimeve shoq\u00ebrore funksionon sipas parimit: \u201cKontributet e atyre q\u00eb punojn\u00eb, sigurojn\u00eb t\u00eb ardhura p\u00ebr ata q\u00eb jan\u00eb n\u00eb pension\u201d. Dhe megjith\u00ebse Shqip\u00ebria konsiderohet aktualisht si vend me popullsi n\u00eb mosh\u00eb relativisht t\u00eb re, ka filluar dhe do t\u00eb vazhdoj\u00eb prirja e pad\u00ebshiruar e vjet\u00ebrimit t\u00eb popullsis\u00eb edhe tek ne. Pra n\u00eb t\u00eb ardhmen, do t\u00eb ket\u00eb m\u00eb shum\u00eb pleq p\u00ebr t\u2019u mbajtur me pensione nga sistemi i sigurimeve shoq\u00ebrore.<\/p>\n<p>K\u00ebshtu, nd\u00ebrsa n\u00eb periudh\u00ebn 1994-2000, pensionist\u00ebt zinin rreth 14-16% t\u00eb popullsis\u00eb, n\u00eb vitin 2009 ata zinin 20%. Dhe kjo p\u00ebrqindje pritet t\u00eb rritet shpejt n\u00eb vitet q\u00eb vijn\u00eb. Dhe bashk\u00eb me t\u00eb rriten dhe problemet e financimit t\u00eb sigurimeve shoq\u00ebrore. Sepse n\u00eb vitin 1990, p\u00ebr shembull, \u00e7do 10 t\u00eb pun\u00ebsuar mbanin me kontributet e tyre 3 pensionist\u00eb, kurse aktualisht, 10 t\u00eb pun\u00ebsuarve u duhet t\u00eb mbajn\u00eb 8 pensionist\u00eb.<br \/>\nMe gjith\u00eb reformat q\u00eb jan\u00eb b\u00ebr\u00eb ose synohen t\u00eb b\u00ebhen n\u00eb p\u00ebrgjigje t\u00eb trysnis\u00eb financiare q\u00eb ushtron plakja graduale e popullsis\u00eb mbi sistemin publik t\u00eb pensioneve, \u00ebsht\u00eb v\u00ebshtir\u00eb t\u00eb mendohet se ai mund t\u00eb mbijetoj\u00eb n\u00eb pafund\u00ebsi.<\/p>\n<p>K\u00ebshtu, rritja e mosh\u00ebs s\u00eb daljes n\u00eb pension, rritja e p\u00ebrqindjes s\u00eb kontributeve t\u00eb sigurimeve shoq\u00ebrore, kalimi i grumbullimit t\u00eb kontributeve n\u00eb organet tatimore (p\u00ebr t\u00eb shmangur informalitetin n\u00eb tregun e pun\u00ebs) etj, mund t\u00eb sh\u00ebrbejn\u00eb si nj\u00eb qet\u00ebsues i p\u00ebrkohsh\u00ebm, por jo si nj\u00eb kur\u00eb p\u00ebr sh\u00ebrimin p\u00ebrfundimtar t\u00eb sistemit publik t\u00eb pensioneve. \u00cbsht\u00eb kjo arsyeja pse buxhetit t\u00eb shtetit i duhet ta mbaj\u00eb gjall\u00eb k\u00ebt\u00eb sistem me serume t\u00eb forta, nd\u00ebrkoh\u00eb q\u00eb ai vet\u00eb ka dhe do t\u00eb ket\u00eb nevoj\u00eb p\u00ebr serume t\u00eb tilla edhe p\u00ebr shum\u00eb koh\u00eb.<\/p>\n<p>Duke pasur parasysh sa m\u00eb sip\u00ebr, tridhjet-dyzetvje\u00e7ar\u00ebt q\u00eb shpresojn\u00eb se nes\u00ebr do t\u00eb marrin nj\u00eb pension komod nga Instituti i Sigurimeve Shoq\u00ebrore b\u00ebjn\u00eb mir\u00eb t\u00eb mendojn\u00eb q\u00eb sot p\u00ebr dit\u00ebn kur pensionet s\u2019do t\u2019iu mjaftojn\u00eb as p\u00ebr ushqim, si dhe p\u00ebr dit\u00ebn kur f\u00ebmij\u00ebt e tyre t\u00eb martuar nuk do t\u00eb jen\u00eb n\u00eb gjendje apo s\u2019do t\u00eb ken\u00eb d\u00ebshir\u00eb t\u2019i ndihmojn\u00eb financiarisht. P\u00ebr t\u2019i dal\u00eb k\u00ebsaj t\u00eb keqeje p\u00ebrpara, ata mund t\u2019i hedhin syt\u00eb nga fondet private t\u00eb pensioneve.<\/p>\n<p>N\u00eb vendet me ekonomi tregu t\u00eb zhvilluar, fondet private t\u00eb pensioneve ka koh\u00eb q\u00eb sh\u00ebrbejn\u00eb si nj\u00eb suplement i fuqish\u00ebm i fondit t\u00eb sigurimeve shoq\u00ebrore, i cili nuk ka perspektiv\u00eb t\u00eb ofroj\u00eb pensione t\u00eb k\u00ebnaqshme n\u00eb t\u00eb ardhmen. K\u00ebto fonde private, n\u00eb p\u00ebrgjith\u00ebsi, i investojn\u00eb kontributet e individ\u00ebve me kujdes, duke krijuar k\u00ebshtu mund\u00ebsin\u00eb q\u00eb \u00e7do kontributor t\u00eb marr\u00eb kur t\u00eb plaket nj\u00eb pension suplementar privat ve\u00e7 atij shtet\u00ebror. Pra, n\u00eb nj\u00eb far\u00eb m\u00ebnyre, kontributet individuale n\u00eb k\u00ebto fonde jan\u00eb t\u00eb ngjashme me depozitat q\u00eb b\u00ebjn\u00eb qytetar\u00ebt n\u00eb llogari kursimesh bankare. Por, n\u00eb ndryshim nga k\u00ebto t\u00eb fundit, kontributet n\u00eb fondet e pensioneve nuk tatohen. Nd\u00ebrsa t\u00ebrheqja b\u00ebhet nga depozituesit n\u00eb form\u00ebn e nj\u00eb pensioni suplementar mujor pas nj\u00eb moshe t\u00eb caktuar.<\/p>\n<p>Dhe shtrohet pyetja: \u201cA ka mund\u00ebsi q\u00eb fonde t\u00eb tilla t\u00eb funksionojn\u00eb edhe n\u00eb Shqip\u00ebri?\u201d P\u00ebrgjigjia e k\u00ebsaj pyetjeje, fatkeq\u00ebsisht \u00ebsht\u00eb nj\u00eb \u201cpo\u201d e mb\u00ebrdhir\u00eb.<br \/>\nHumbja masive e kursimeve n\u00eb skemat piramidale te viteve \u201990 \u00ebsht\u00eb nj\u00eb eksperienc\u00eb e hidhur q\u00eb nuk mund t\u00eb shlyhet kollaj nga kujtesa kolektive shqiptare. Dhe me at\u00eb eksperienc\u00eb n\u00eb mendje, shum\u00eb shqiptar\u00eb mund ta ken\u00eb t\u00eb v\u00ebshtir\u00eb t\u2019ia besojn\u00eb kursimet e tyre fondeve private t\u00eb pensioneve.<\/p>\n<p>Ata ndoshta mund ta mposhtin ndrojtjen n\u00eb qoft\u00eb se shteti b\u00ebhet garant i funksionimit t\u00eb ndersh\u00ebm t\u00eb sistemit privat t\u00eb pensioneve. Pra, n\u00eb qoft\u00eb se shqiptar\u00ebt e thjesht\u00eb shohin tek shteti nj\u00eb mb\u00ebshtet\u00ebs serioz t\u00eb k\u00ebtij sistemi, ata mund t\u00eb kandisen t\u00eb depozitojn\u00eb kursimet e tyre n\u00eb fondet private t\u00eb pensioneve. Dhe n\u00eb qoft\u00eb se shteti nd\u00ebrmerr iniciativ\u00ebn e devijimit t\u00eb nj\u00eb pjese t\u00eb kontributeve t\u00eb sigurimeve shoq\u00ebrore aktuale n\u00eb drejtim t\u00eb fondeve private, pjes\u00ebmarrja e shqiptar\u00ebve t\u00eb thjesht\u00eb n\u00eb skem\u00ebn e pensioneve private mund t\u00eb shtohet akoma m\u00eb tep\u00ebr.<\/p>\n<p>Por, dhe ky \u00ebsht\u00eb nj\u00eb \u201cpor\u201d i madh, forca politike q\u00eb \u00ebsht\u00eb sot n\u00eb fuqi zor se mund t\u00eb p\u00ebr\u00e7oj\u00eb tek shqiptar\u00ebt e thjesht\u00eb imazhin e nj\u00eb garanti t\u00eb ndersh\u00ebm n\u00eb marr\u00ebdh\u00ebniet qytetar-fond privat pensioni, nd\u00ebrsa partit\u00eb opozitare nuk duket t\u00eb ken\u00eb oreks p\u00ebr t\u2019u marr\u00eb me t\u00eb ardhmen e larg\u00ebt; ato thjesht k\u00ebrkojn\u00eb rritjen e pensioneve publike p\u00ebr t\u00eb fituar sa m\u00eb shum\u00eb vota n\u00eb zgjedhjet e radh\u00ebs.<\/p>\n<p>Nj\u00eb problem tjet\u00ebr p\u00ebr funksionimin e suksessh\u00ebm t\u00eb fondeve private t\u00eb pensioneve n\u00eb Shqip\u00ebri, \u00ebsht\u00eb mungesa e alternativave relativisht t\u00eb sigurta p\u00ebr investim. Aktualisht, kompanit\u00eb e m\u00ebdha q\u00eb jan\u00eb privatizuar ose po privatizohen nuk ofrojn\u00eb aksione t\u00eb tyre n\u00eb burs\u00eb. Si rrjedhim, derisa t\u00eb filloj\u00eb shitblerja e aksioneve t\u00eb kompanive t\u00eb m\u00ebdha n\u00eb burs\u00eb, investimi m\u00eb i sigurt q\u00eb mund t\u00eb b\u00ebjn\u00eb fondet private t\u00eb pensioneve mbetet blerja e bonove t\u00eb thesarit. Dhe ky investim nuk sjell m\u00eb shum\u00eb se 8-9% fitim n\u00eb vit, nd\u00ebrkoh\u00eb q\u00eb rritja e \u00e7mimit mesatar t\u00eb mallrave dhe sh\u00ebrbimeve (ose ndryshe, inflacioni) pritet t\u00eb jet\u00eb 3-4% n\u00eb vit.<\/p>\n<p>N\u00eb k\u00ebto kushte, i bie q\u00eb nj\u00eb dyzetvje\u00e7ar q\u00eb fillon sot t\u00eb kontribuoj\u00eb 2.000 lek\u00eb (20 dollar\u00eb) n\u00eb muaj n\u00eb nj\u00eb fond pensioni privat do t\u00eb k\u00ebt\u00eb rreth 1.2 milion\u00eb lek\u00eb (12.000 dollar\u00eb) t\u00eb patatueshme n\u00eb llogarin\u00eb e tij n\u00eb mosh\u00ebn 60 vje\u00e7are. Por kjo shum\u00eb, e cila do t\u00eb filloj\u00eb t\u00eb disbursohet at\u00ebher\u00eb gradualisht n\u00eb form\u00eb pensioni, do t\u00eb jet\u00eb e barazvlefshme vet\u00ebm me 800 mij\u00eb lek\u00eb t\u00eb sotme (8.000 dollar\u00eb), sepse rritja e p\u00ebrvitshme e \u00e7mimeve e ul fuqin\u00eb bler\u00ebse t\u00eb paras\u00eb.<\/p>\n<p>Pavar\u00ebsisht nga v\u00ebshtir\u00ebsit\u00eb e m\u00ebsip\u00ebrme, ata q\u00eb e kuptojn\u00eb r\u00ebnd\u00ebsin\u00eb e fondeve suplementare t\u00eb pensioneve, duhet t\u2019i b\u00ebjn\u00eb presion politik\u00ebs q\u00eb t\u00eb nd\u00ebrmarr\u00eb nisma ligjore q\u00eb do t\u00eb garantonin nj\u00eb funksionim t\u00eb ndersh\u00ebm p\u00ebr t\u00eb tilla fondeve, e q\u00eb do t\u00eb krijonin kushte p\u00ebr pjes\u00ebmarrjen e tyre n\u00eb investimet strategjike n\u00eb ekonomin\u00eb shqiptare. Dhe n\u00eb qoft\u00eb se kjo p\u00ebrpjekje do t\u00eb ket\u00eb sukses, \u00e7adr\u00ebs s\u00eb shpuar t\u00eb sigurimeve shoq\u00ebrore mund t\u2019i vihet nj\u00eb arn\u00eb e mir\u00eb, e cila nuk do ta linte shiun t\u00eb na lag\u00ebte n\u00eb vitet e vona t\u00eb pleq\u00ebris\u00eb.<\/p>\n","protected":false},"excerpt":{"rendered":"<p>Nga: EDUARD ZALOSHNJA Shumica d\u00ebrrmuese e t\u00eb pun\u00ebsuarve n\u00eb Shqip\u00ebri jan\u00eb t\u00eb bindur se, po t\u00eb paguajn\u00eb rregullisht kontributet e sigurimeve oq\u00ebrore, do t\u00eb ken\u00eb n\u00eb dit\u00ebt e vona t\u00eb pleq\u00ebris\u00eb nj\u00eb \u00e7ad\u00ebr financiare p\u00ebr at\u00eb koh\u00eb me shi. Por shum\u00eb nga ata, fatkeq\u00ebsisht mund t\u00eb ndodhen para nj\u00eb t\u00eb papriture t\u00eb hidhur kur ajo [&hellip;]<\/p>\n","protected":false},"author":1,"featured_media":0,"comment_status":"open","ping_status":"closed","sticky":false,"template":"","format":"standard","meta":{"footnotes":""},"categories":[2],"tags":[],"class_list":{"0":"post-3329","1":"post","2":"type-post","3":"status-publish","4":"format-standard","6":"category-artikuj"},"yoast_head":"<!-- This site is optimized with the Yoast SEO plugin v27.4 - https:\/\/yoast.com\/product\/yoast-seo-wordpress\/ -->\n<title>Q\u00eb t\u00eb mos lagemi kur t\u00eb plakemi - FjALA e LIR\u00cb - Arkivi<\/title>\n<meta name=\"robots\" content=\"index, follow, max-snippet:-1, max-image-preview:large, max-video-preview:-1\" \/>\n<link rel=\"canonical\" href=\"https:\/\/fjala.info\/2009-2015\/qe-te-mos-lagemi-kur-te-plakemi\/\" \/>\n<meta property=\"og:locale\" content=\"sq_AL\" \/>\n<meta property=\"og:type\" content=\"article\" \/>\n<meta property=\"og:title\" content=\"Q\u00eb t\u00eb mos lagemi kur t\u00eb plakemi - FjALA e LIR\u00cb - Arkivi\" \/>\n<meta property=\"og:description\" content=\"Nga: EDUARD ZALOSHNJA Shumica d\u00ebrrmuese e t\u00eb pun\u00ebsuarve n\u00eb Shqip\u00ebri jan\u00eb t\u00eb bindur se, po t\u00eb paguajn\u00eb rregullisht kontributet e sigurimeve oq\u00ebrore, do t\u00eb ken\u00eb n\u00eb dit\u00ebt e vona t\u00eb pleq\u00ebris\u00eb nj\u00eb \u00e7ad\u00ebr financiare p\u00ebr at\u00eb koh\u00eb me shi. Por shum\u00eb nga ata, fatkeq\u00ebsisht mund t\u00eb ndodhen para nj\u00eb t\u00eb papriture t\u00eb hidhur kur ajo [&hellip;]\" \/>\n<meta property=\"og:url\" content=\"https:\/\/fjala.info\/2009-2015\/qe-te-mos-lagemi-kur-te-plakemi\/\" \/>\n<meta property=\"og:site_name\" content=\"FjALA e LIR\u00cb - Arkivi\" \/>\n<meta property=\"article:published_time\" content=\"2010-07-13T21:44:44+00:00\" \/>\n<meta property=\"og:image\" content=\"http:\/\/www.shkoder.net\/images\/fjala\/zaloshnja.jpg\" \/>\n<meta name=\"author\" content=\"admin\" \/>\n<meta name=\"twitter:card\" content=\"summary_large_image\" \/>\n<meta name=\"twitter:label1\" content=\"Written by\" \/>\n\t<meta name=\"twitter:data1\" content=\"admin\" \/>\n\t<meta name=\"twitter:label2\" content=\"Est. reading time\" \/>\n\t<meta name=\"twitter:data2\" content=\"6 minutes\" \/>\n<script type=\"application\/ld+json\" class=\"yoast-schema-graph\">{\"@context\":\"https:\\\/\\\/schema.org\",\"@graph\":[{\"@type\":\"Article\",\"@id\":\"https:\\\/\\\/fjala.info\\\/2009-2015\\\/qe-te-mos-lagemi-kur-te-plakemi\\\/#article\",\"isPartOf\":{\"@id\":\"https:\\\/\\\/fjala.info\\\/2009-2015\\\/qe-te-mos-lagemi-kur-te-plakemi\\\/\"},\"author\":{\"name\":\"admin\",\"@id\":\"https:\\\/\\\/fjala.info\\\/2009-2015\\\/#\\\/schema\\\/person\\\/3aa1163ef05469c496fc94e77611ada2\"},\"headline\":\"Q\u00eb t\u00eb mos lagemi kur t\u00eb plakemi\",\"datePublished\":\"2010-07-13T21:44:44+00:00\",\"mainEntityOfPage\":{\"@id\":\"https:\\\/\\\/fjala.info\\\/2009-2015\\\/qe-te-mos-lagemi-kur-te-plakemi\\\/\"},\"wordCount\":1199,\"commentCount\":0,\"publisher\":{\"@id\":\"https:\\\/\\\/fjala.info\\\/2009-2015\\\/#organization\"},\"image\":{\"@id\":\"https:\\\/\\\/fjala.info\\\/2009-2015\\\/qe-te-mos-lagemi-kur-te-plakemi\\\/#primaryimage\"},\"thumbnailUrl\":\"http:\\\/\\\/www.shkoder.net\\\/images\\\/fjala\\\/zaloshnja.jpg\",\"articleSection\":[\"Artikuj\"],\"inLanguage\":\"sq-AL\",\"potentialAction\":[{\"@type\":\"CommentAction\",\"name\":\"Comment\",\"target\":[\"https:\\\/\\\/fjala.info\\\/2009-2015\\\/qe-te-mos-lagemi-kur-te-plakemi\\\/#respond\"]}]},{\"@type\":\"WebPage\",\"@id\":\"https:\\\/\\\/fjala.info\\\/2009-2015\\\/qe-te-mos-lagemi-kur-te-plakemi\\\/\",\"url\":\"https:\\\/\\\/fjala.info\\\/2009-2015\\\/qe-te-mos-lagemi-kur-te-plakemi\\\/\",\"name\":\"Q\u00eb t\u00eb mos lagemi kur t\u00eb plakemi - FjALA e LIR\u00cb - Arkivi\",\"isPartOf\":{\"@id\":\"https:\\\/\\\/fjala.info\\\/2009-2015\\\/#website\"},\"primaryImageOfPage\":{\"@id\":\"https:\\\/\\\/fjala.info\\\/2009-2015\\\/qe-te-mos-lagemi-kur-te-plakemi\\\/#primaryimage\"},\"image\":{\"@id\":\"https:\\\/\\\/fjala.info\\\/2009-2015\\\/qe-te-mos-lagemi-kur-te-plakemi\\\/#primaryimage\"},\"thumbnailUrl\":\"http:\\\/\\\/www.shkoder.net\\\/images\\\/fjala\\\/zaloshnja.jpg\",\"datePublished\":\"2010-07-13T21:44:44+00:00\",\"breadcrumb\":{\"@id\":\"https:\\\/\\\/fjala.info\\\/2009-2015\\\/qe-te-mos-lagemi-kur-te-plakemi\\\/#breadcrumb\"},\"inLanguage\":\"sq-AL\",\"potentialAction\":[{\"@type\":\"ReadAction\",\"target\":[\"https:\\\/\\\/fjala.info\\\/2009-2015\\\/qe-te-mos-lagemi-kur-te-plakemi\\\/\"]}]},{\"@type\":\"ImageObject\",\"inLanguage\":\"sq-AL\",\"@id\":\"https:\\\/\\\/fjala.info\\\/2009-2015\\\/qe-te-mos-lagemi-kur-te-plakemi\\\/#primaryimage\",\"url\":\"http:\\\/\\\/www.shkoder.net\\\/images\\\/fjala\\\/zaloshnja.jpg\",\"contentUrl\":\"http:\\\/\\\/www.shkoder.net\\\/images\\\/fjala\\\/zaloshnja.jpg\"},{\"@type\":\"BreadcrumbList\",\"@id\":\"https:\\\/\\\/fjala.info\\\/2009-2015\\\/qe-te-mos-lagemi-kur-te-plakemi\\\/#breadcrumb\",\"itemListElement\":[{\"@type\":\"ListItem\",\"position\":1,\"name\":\"Home\",\"item\":\"https:\\\/\\\/fjala.info\\\/2009-2015\\\/\"},{\"@type\":\"ListItem\",\"position\":2,\"name\":\"Q\u00eb t\u00eb mos lagemi kur t\u00eb plakemi\"}]},{\"@type\":\"WebSite\",\"@id\":\"https:\\\/\\\/fjala.info\\\/2009-2015\\\/#website\",\"url\":\"https:\\\/\\\/fjala.info\\\/2009-2015\\\/\",\"name\":\"FjALA e LIR\u00cb - Arkivi\",\"description\":\"Arkivi 2009-2015\",\"publisher\":{\"@id\":\"https:\\\/\\\/fjala.info\\\/2009-2015\\\/#organization\"},\"potentialAction\":[{\"@type\":\"SearchAction\",\"target\":{\"@type\":\"EntryPoint\",\"urlTemplate\":\"https:\\\/\\\/fjala.info\\\/2009-2015\\\/?s={search_term_string}\"},\"query-input\":{\"@type\":\"PropertyValueSpecification\",\"valueRequired\":true,\"valueName\":\"search_term_string\"}}],\"inLanguage\":\"sq-AL\"},{\"@type\":\"Organization\",\"@id\":\"https:\\\/\\\/fjala.info\\\/2009-2015\\\/#organization\",\"name\":\"FjALA e LIR\u00cb - Arkivi\",\"url\":\"https:\\\/\\\/fjala.info\\\/2009-2015\\\/\",\"logo\":{\"@type\":\"ImageObject\",\"inLanguage\":\"sq-AL\",\"@id\":\"https:\\\/\\\/fjala.info\\\/2009-2015\\\/#\\\/schema\\\/logo\\\/image\\\/\",\"url\":\"\",\"contentUrl\":\"\",\"caption\":\"FjALA e LIR\u00cb - Arkivi\"},\"image\":{\"@id\":\"https:\\\/\\\/fjala.info\\\/2009-2015\\\/#\\\/schema\\\/logo\\\/image\\\/\"}},{\"@type\":\"Person\",\"@id\":\"https:\\\/\\\/fjala.info\\\/2009-2015\\\/#\\\/schema\\\/person\\\/3aa1163ef05469c496fc94e77611ada2\",\"name\":\"admin\",\"image\":{\"@type\":\"ImageObject\",\"inLanguage\":\"sq-AL\",\"@id\":\"https:\\\/\\\/fjala.info\\\/2009-2015\\\/wp-content\\\/uploads\\\/2012\\\/02\\\/arben_cokaj-120x150.jpg\",\"url\":\"https:\\\/\\\/fjala.info\\\/2009-2015\\\/wp-content\\\/uploads\\\/2012\\\/02\\\/arben_cokaj-120x150.jpg\",\"contentUrl\":\"https:\\\/\\\/fjala.info\\\/2009-2015\\\/wp-content\\\/uploads\\\/2012\\\/02\\\/arben_cokaj-120x150.jpg\",\"caption\":\"admin\"},\"description\":\"Admin, Fjala e Lir\u00eb\",\"sameAs\":[\"https:\\\/\\\/fjala.info\\\/\"],\"url\":\"https:\\\/\\\/fjala.info\\\/2009-2015\\\/author\\\/admin\\\/\"}]}<\/script>\n<!-- \/ Yoast SEO plugin. -->","yoast_head_json":{"title":"Q\u00eb t\u00eb mos lagemi kur t\u00eb plakemi - FjALA e LIR\u00cb - Arkivi","robots":{"index":"index","follow":"follow","max-snippet":"max-snippet:-1","max-image-preview":"max-image-preview:large","max-video-preview":"max-video-preview:-1"},"canonical":"https:\/\/fjala.info\/2009-2015\/qe-te-mos-lagemi-kur-te-plakemi\/","og_locale":"sq_AL","og_type":"article","og_title":"Q\u00eb t\u00eb mos lagemi kur t\u00eb plakemi - FjALA e LIR\u00cb - Arkivi","og_description":"Nga: EDUARD ZALOSHNJA Shumica d\u00ebrrmuese e t\u00eb pun\u00ebsuarve n\u00eb Shqip\u00ebri jan\u00eb t\u00eb bindur se, po t\u00eb paguajn\u00eb rregullisht kontributet e sigurimeve oq\u00ebrore, do t\u00eb ken\u00eb n\u00eb dit\u00ebt e vona t\u00eb pleq\u00ebris\u00eb nj\u00eb \u00e7ad\u00ebr financiare p\u00ebr at\u00eb koh\u00eb me shi. Por shum\u00eb nga ata, fatkeq\u00ebsisht mund t\u00eb ndodhen para nj\u00eb t\u00eb papriture t\u00eb hidhur kur ajo [&hellip;]","og_url":"https:\/\/fjala.info\/2009-2015\/qe-te-mos-lagemi-kur-te-plakemi\/","og_site_name":"FjALA e LIR\u00cb - Arkivi","article_published_time":"2010-07-13T21:44:44+00:00","og_image":[{"url":"http:\/\/www.shkoder.net\/images\/fjala\/zaloshnja.jpg","type":"","width":"","height":""}],"author":"admin","twitter_card":"summary_large_image","twitter_misc":{"Written by":"admin","Est. reading time":"6 minutes"},"schema":{"@context":"https:\/\/schema.org","@graph":[{"@type":"Article","@id":"https:\/\/fjala.info\/2009-2015\/qe-te-mos-lagemi-kur-te-plakemi\/#article","isPartOf":{"@id":"https:\/\/fjala.info\/2009-2015\/qe-te-mos-lagemi-kur-te-plakemi\/"},"author":{"name":"admin","@id":"https:\/\/fjala.info\/2009-2015\/#\/schema\/person\/3aa1163ef05469c496fc94e77611ada2"},"headline":"Q\u00eb t\u00eb mos lagemi kur t\u00eb plakemi","datePublished":"2010-07-13T21:44:44+00:00","mainEntityOfPage":{"@id":"https:\/\/fjala.info\/2009-2015\/qe-te-mos-lagemi-kur-te-plakemi\/"},"wordCount":1199,"commentCount":0,"publisher":{"@id":"https:\/\/fjala.info\/2009-2015\/#organization"},"image":{"@id":"https:\/\/fjala.info\/2009-2015\/qe-te-mos-lagemi-kur-te-plakemi\/#primaryimage"},"thumbnailUrl":"http:\/\/www.shkoder.net\/images\/fjala\/zaloshnja.jpg","articleSection":["Artikuj"],"inLanguage":"sq-AL","potentialAction":[{"@type":"CommentAction","name":"Comment","target":["https:\/\/fjala.info\/2009-2015\/qe-te-mos-lagemi-kur-te-plakemi\/#respond"]}]},{"@type":"WebPage","@id":"https:\/\/fjala.info\/2009-2015\/qe-te-mos-lagemi-kur-te-plakemi\/","url":"https:\/\/fjala.info\/2009-2015\/qe-te-mos-lagemi-kur-te-plakemi\/","name":"Q\u00eb t\u00eb mos lagemi kur t\u00eb plakemi - FjALA e LIR\u00cb - Arkivi","isPartOf":{"@id":"https:\/\/fjala.info\/2009-2015\/#website"},"primaryImageOfPage":{"@id":"https:\/\/fjala.info\/2009-2015\/qe-te-mos-lagemi-kur-te-plakemi\/#primaryimage"},"image":{"@id":"https:\/\/fjala.info\/2009-2015\/qe-te-mos-lagemi-kur-te-plakemi\/#primaryimage"},"thumbnailUrl":"http:\/\/www.shkoder.net\/images\/fjala\/zaloshnja.jpg","datePublished":"2010-07-13T21:44:44+00:00","breadcrumb":{"@id":"https:\/\/fjala.info\/2009-2015\/qe-te-mos-lagemi-kur-te-plakemi\/#breadcrumb"},"inLanguage":"sq-AL","potentialAction":[{"@type":"ReadAction","target":["https:\/\/fjala.info\/2009-2015\/qe-te-mos-lagemi-kur-te-plakemi\/"]}]},{"@type":"ImageObject","inLanguage":"sq-AL","@id":"https:\/\/fjala.info\/2009-2015\/qe-te-mos-lagemi-kur-te-plakemi\/#primaryimage","url":"http:\/\/www.shkoder.net\/images\/fjala\/zaloshnja.jpg","contentUrl":"http:\/\/www.shkoder.net\/images\/fjala\/zaloshnja.jpg"},{"@type":"BreadcrumbList","@id":"https:\/\/fjala.info\/2009-2015\/qe-te-mos-lagemi-kur-te-plakemi\/#breadcrumb","itemListElement":[{"@type":"ListItem","position":1,"name":"Home","item":"https:\/\/fjala.info\/2009-2015\/"},{"@type":"ListItem","position":2,"name":"Q\u00eb t\u00eb mos lagemi kur t\u00eb plakemi"}]},{"@type":"WebSite","@id":"https:\/\/fjala.info\/2009-2015\/#website","url":"https:\/\/fjala.info\/2009-2015\/","name":"FjALA e LIR\u00cb - Arkivi","description":"Arkivi 2009-2015","publisher":{"@id":"https:\/\/fjala.info\/2009-2015\/#organization"},"potentialAction":[{"@type":"SearchAction","target":{"@type":"EntryPoint","urlTemplate":"https:\/\/fjala.info\/2009-2015\/?s={search_term_string}"},"query-input":{"@type":"PropertyValueSpecification","valueRequired":true,"valueName":"search_term_string"}}],"inLanguage":"sq-AL"},{"@type":"Organization","@id":"https:\/\/fjala.info\/2009-2015\/#organization","name":"FjALA e LIR\u00cb - Arkivi","url":"https:\/\/fjala.info\/2009-2015\/","logo":{"@type":"ImageObject","inLanguage":"sq-AL","@id":"https:\/\/fjala.info\/2009-2015\/#\/schema\/logo\/image\/","url":"","contentUrl":"","caption":"FjALA e LIR\u00cb - Arkivi"},"image":{"@id":"https:\/\/fjala.info\/2009-2015\/#\/schema\/logo\/image\/"}},{"@type":"Person","@id":"https:\/\/fjala.info\/2009-2015\/#\/schema\/person\/3aa1163ef05469c496fc94e77611ada2","name":"admin","image":{"@type":"ImageObject","inLanguage":"sq-AL","@id":"https:\/\/fjala.info\/2009-2015\/wp-content\/uploads\/2012\/02\/arben_cokaj-120x150.jpg","url":"https:\/\/fjala.info\/2009-2015\/wp-content\/uploads\/2012\/02\/arben_cokaj-120x150.jpg","contentUrl":"https:\/\/fjala.info\/2009-2015\/wp-content\/uploads\/2012\/02\/arben_cokaj-120x150.jpg","caption":"admin"},"description":"Admin, Fjala e Lir\u00eb","sameAs":["https:\/\/fjala.info\/"],"url":"https:\/\/fjala.info\/2009-2015\/author\/admin\/"}]}},"_links":{"self":[{"href":"https:\/\/fjala.info\/2009-2015\/wp-json\/wp\/v2\/posts\/3329","targetHints":{"allow":["GET"]}}],"collection":[{"href":"https:\/\/fjala.info\/2009-2015\/wp-json\/wp\/v2\/posts"}],"about":[{"href":"https:\/\/fjala.info\/2009-2015\/wp-json\/wp\/v2\/types\/post"}],"author":[{"embeddable":true,"href":"https:\/\/fjala.info\/2009-2015\/wp-json\/wp\/v2\/users\/1"}],"replies":[{"embeddable":true,"href":"https:\/\/fjala.info\/2009-2015\/wp-json\/wp\/v2\/comments?post=3329"}],"version-history":[{"count":0,"href":"https:\/\/fjala.info\/2009-2015\/wp-json\/wp\/v2\/posts\/3329\/revisions"}],"wp:attachment":[{"href":"https:\/\/fjala.info\/2009-2015\/wp-json\/wp\/v2\/media?parent=3329"}],"wp:term":[{"taxonomy":"category","embeddable":true,"href":"https:\/\/fjala.info\/2009-2015\/wp-json\/wp\/v2\/categories?post=3329"},{"taxonomy":"post_tag","embeddable":true,"href":"https:\/\/fjala.info\/2009-2015\/wp-json\/wp\/v2\/tags?post=3329"}],"curies":[{"name":"wp","href":"https:\/\/api.w.org\/{rel}","templated":true}]}}