{"id":3327,"date":"2010-07-13T22:55:24","date_gmt":"2010-07-13T21:55:24","guid":{"rendered":"http:\/\/fjala.shkoder.net\/?p=3327"},"modified":"2010-07-13T22:55:24","modified_gmt":"2010-07-13T21:55:24","slug":"rishikim-buxhetit-dhe-qeverisjes","status":"publish","type":"post","link":"https:\/\/fjala.info\/2009-2015\/rishikim-buxhetit-dhe-qeverisjes\/","title":{"rendered":"Rishikim buxhetit dhe qeverisjes"},"content":{"rendered":"<p><img decoding=\"async\" style=\"margin-left: 10px; margin-right: 10px; border: 0px;\" src=\"http:\/\/www.shkoder.net\/images\/fjala\/arben_malaj.jpg\" border=\"0\" alt=\"Arben Malaj\" width=\"100\" align=\"right\" \/><\/p>\n<p><strong>Arben Malaj<\/strong>, <em>13.07.2010<\/em><\/p>\n<p><em>Efektet, p\u00ebrmasat dhe risqet e kriz\u00ebs globale dhe keqqeverisjes s\u00eb vendit, mund t\u00eb qart\u00ebsohen me disa analiza konkrete t\u00eb rishikimit t\u00eb buxhetit 2010<\/em><\/p>\n<p><strong>Rritja ekonomike<\/strong><br \/>\nQeveria nuk ka ndryshuar zyrtarisht rritjen ekonomike, q\u00eb e ka parashikuar 6 %. N\u00eb kushtet kur vet\u00eb Qeveria pranon se rritja nuk do t\u00eb jet\u00eb 6%, por ndoshta 4%, kur ekspert\u00ebt e huaj parashikojn\u00eb t\u00eb jet\u00eb 2-3%, deficiti buxhetor do t\u00eb jet\u00eb m\u00eb i lart\u00eb. Kjo do t\u00eb rris\u00eb borxhin dhe koston e financimit t\u00eb tij n\u00eb vitet q\u00eb vijn\u00eb. Si\u00e7 ndodhi edhe gjat\u00eb vitit 2009, Qeveria do ta fsheh\u00eb nivelin real t\u00eb deficitit sepse ajo do nuk do t\u00eb paguaj\u00eb miliona lek\u00eb investime t\u00eb b\u00ebr\u00eb nga kompanit\u00eb private, duke rritur riskun e tyre p\u00ebr falimentim dhe duke p\u00ebrkeq\u00ebsuar kredit\u00eb e k\u00ebqija n\u00eb banka.<\/p>\n<p>Kjo i detyron bankat t\u00eb jen\u00eb t\u00eb shtr\u00ebnguara dhe t\u00eb shtrenjta n\u00eb dh\u00ebnien e kredis\u00eb. Kredia konsumatore dhe investimet private do t\u00eb reduktohen dhe do t\u00eb jen\u00eb m\u00eb t\u00eb shtrenjta, duke e penguar rikthimin n\u00eb ritmet e larta t\u00eb rritjes ekonomike.<\/p>\n<p>T\u00eb ardhurat buxhetore do t\u00eb pak\u00ebsohen me rreth 27 miliard\u00eb lek\u00eb. N\u00eb dhjetor 2009, Qeveria me shum\u00eb optimiz\u00ebm miratoi buxhetin 2010. N\u00eb janar 2010, Qeveria ngriu 30 miliard\u00eb lek\u00eb shpenzime. N\u00eb korrik 2010, Qeveria po ul t\u00eb ardhurat n\u00eb buxhet p\u00ebr 27 miliard\u00eb lek\u00eb. T\u00eb gjith\u00eb z\u00ebrat e t\u00eb ardhurave jan\u00eb me mosrealizim, vet\u00ebm p\u00ebr 5 muajt e par\u00eb, 12 miliard\u00eb lek\u00eb dhe deri n\u00eb fund t\u00eb vitit rreth 27 miliard\u00eb lek\u00eb ose me shum\u00eb.<\/p>\n<p><strong>Shpenzimet buxhetore<\/strong><br \/>\nShkurtohen rreth 39 miliard\u00eb lek\u00eb ose rreth 9.5%, nga t\u00eb cilat pjesa m\u00eb e madhe, rreth 21 miliard\u00eb lek\u00eb shkurtime, jan\u00eb nga investimet. Sipas Ministris\u00eb s\u00eb Financ\u00ebs, n\u00eb 5 muajt e par\u00eb t\u00eb vitit 2010, n\u00eb 100% t\u00eb shpenzimeve vet\u00ebm 17.7% jan\u00eb investime, nga 26.2 % q\u00eb ishin vitin e kaluar. Kjo sepse viti 2009 ishte viti i keqmenaxhimit politik t\u00eb financave publike, pasojat e t\u00eb cilit ndihen n\u00eb vitin 2010 dhe n\u00eb vazhdim.<\/p>\n<p>Investimet me burime t\u00eb brendshme ulen me 27 %. Pra totali i shpenzimeve t\u00eb buxhetit ulet 9.5% nd\u00ebrsa investimet e brendshme ulen me 27 %. Kjo \u00ebsht\u00eb politik\u00eb populiste, kjo \u00ebsht\u00eb politik\u00eb fiskale jo pro rritjes ekonomike, pasojat negative do t\u00eb ndjehen m\u00eb qart\u00eb n\u00eb vitet e ardhsh\u00ebm.<\/p>\n<p>Mb\u00ebshtetja sociale p\u00ebr shtresat n\u00eb nevoj\u00eb ulet me 1 miliard lek\u00eb sepse sipas Qeveris\u00eb \u00ebsht\u00eb kursyer nga fondi i asistenc\u00ebs sociale p\u00ebr rritjen e \u00e7mimit t\u00eb energjis\u00eb elektrike. Shtresat e varfra paguajn\u00eb \u00e7mimin e rritur ndjesh\u00ebm t\u00eb energjis\u00eb, ndiejn\u00eb q\u00eb papun\u00ebsia \u00ebsht\u00eb rritur, kostoja e jetes\u00ebs po rritet, nd\u00ebrsa Qeveria ul mb\u00ebshtetjen sociale.<\/p>\n<p>Huamarrja e brendshme e Qeveris\u00eb \u00ebsht\u00eb rritur ndjesh\u00ebm edhe pse tenton t\u00eb ulet, nga 2.8, n\u00eb 2.4% e PBB, ajo e ka rritur koston e paras\u00eb n\u00eb ekonomi.<\/p>\n<p>Borxhi n\u00eb vitin 2010 do t\u00eb arrij\u00eb n\u00eb rreth 60%, pra ky vit nuk do t\u00eb sjell\u00eb ulje t\u00eb borxhit, por rritje t\u00eb tij. Qeveria ka detyrimin dhe ka marr\u00eb angazhimin q\u00eb deri n\u00eb vitin 2013 ta ul\u00eb borxhin publik n\u00eb 50% t\u00eb PBB-se, kjo \u00ebsht\u00eb e pamundur. P\u00ebrkeq\u00ebsimi i stabilitetit t\u00eb financave publike mbetet risk shum\u00eb i madh.<\/p>\n<p>Pagesa e interesave dhe k\u00ebsteve t\u00eb borxhit b\u00ebhet m\u00eb i v\u00ebshtir\u00eb dhe m\u00eb i r\u00ebnd\u00eb, miliarda lek\u00eb do t\u00eb duhet t\u00eb kalojn\u00eb n\u00eb pagesat p\u00ebr borxh, duke shkurtuar investimet publike n\u00eb vend.<\/p>\n<p>Huamarrja e jashtme \u00ebsht\u00eb dhe do t\u00eb mbetet e v\u00ebshtir\u00eb, jo vet\u00ebm p\u00ebr shkak t\u00eb risqeve dhe pasiguris\u00eb q\u00eb ka eurozona. D\u00ebshtimi i erobondit i v\u00ebshtir\u00ebson Qeveris\u00eb burimet e financimit dhe do ta detyroj\u00eb n\u00eb periudhat e ardhshme t\u00eb shkurtoj\u00eb akoma m\u00eb shum\u00eb shpenzimet.<\/p>\n<p>Ekonomia shqiptare, ndryshe nga optimizmi i tepruar dhe jo realist i Qeveris\u00eb, \u00ebsht\u00eb p\u00ebrball\u00eb risqeve n\u00eb rritje.<\/p>\n<p>Qeveria mburret se po rriten depozitat n\u00eb bank\u00eb. N\u00eb kushtet kur nuk \u00ebsht\u00eb rritur pun\u00ebsimi, kur nuk jan\u00eb rritur t\u00eb ardhurat, kur gjat\u00eb 5 muajve t\u00eb par\u00eb t\u00eb vitit tatimi i t\u00eb ardhurave \u00ebsht\u00eb me mos realizim rreth 12%, rritja e depozitave vjen nga rritja e frik\u00ebs p\u00ebr t\u00eb konsumuar dhe investuar, ndoshta pjesa m\u00eb madhe e tyre \u00ebsht\u00eb nga sjellja e parave nga emigracioni, p\u00ebr shkak t\u00eb pasiguris\u00eb n\u00eb vendet fqinje.<\/p>\n<p>Rritja e depozitave nga shtr\u00ebngimi i rripit, p\u00ebr shkak t\u00eb frik\u00ebs dhe pasiguris\u00eb p\u00ebr t\u00eb nes\u00ebrmen, nuk \u00ebsht\u00eb rritje depozitash q\u00eb ndihmon ekonomin\u00eb, por q\u00eb e tkurr dhe e vret<br \/>\nat\u00eb, duke i b\u00ebr\u00eb m\u00eb t\u00eb v\u00ebshtira sfidat e s\u00eb ardhmes.<\/p>\n<p>P\u00ebrball\u00eb k\u00ebtyre risqeve, kudo k\u00ebrkohet t\u00eb rritet besimi dhe kredibiliteti i politikave fiskale t\u00eb vendit, ku stabiliteti i financave publike duhet t\u00eb jet\u00eb obligim i p\u00ebrgjegjsh\u00ebm i Qeveris\u00eb dhe Parlamentit. D\u00ebshtimi i politikave populiste n\u00eb shum\u00eb vende si Greqia, Hungaria, Rumania, Serbia, Maqedonia, kostot e r\u00ebnda social\u00eb q\u00eb po paguajn\u00eb k\u00ebto vende, reformat e thella q\u00eb jan\u00eb detyruar t\u00eb nd\u00ebrmarrin, risqet e rritura t\u00eb pasiguris\u00eb ekonomike dhe politike, jan\u00eb kambana t\u00eb forta p\u00ebr Qeverin\u00eb dhe Parlamentin e vendit ton\u00eb.<\/p>\n<p>P\u00ebrkeq\u00ebsimi i ambientit politik dhe ekonomike n\u00eb vendin ton\u00eb, si dhe afrimi i zgjedhjeve vendore mund t\u00eb rrezikojn\u00eb stabilitetin e financave publike. Qeveria mbetet p\u00ebrgjegj\u00ebse p\u00ebr pasojat e r\u00ebnda q\u00eb mund t`i krijoj\u00eb ekonomis\u00eb s\u00eb vendit ton\u00eb dhe jetes\u00ebs s\u00eb p\u00ebrditshme t\u00eb \u00e7do shqiptari.<\/p>\n<p>Shtr\u00ebngimi i rripit te mbijetes\u00ebs p\u00ebr cdo shqiptar, shum\u00eb shpejt do ta bind\u00eb edhe Qeverin\u00eb se fshehja e risqeve dhe mosmarrja e reformave t\u00eb domosdoshme, nuk e fsheh dot faktin se edhe rripi i saj politik \u00ebsht\u00eb duke u k\u00ebputur.<\/p>\n","protected":false},"excerpt":{"rendered":"<p>Arben Malaj, 13.07.2010 Efektet, p\u00ebrmasat dhe risqet e kriz\u00ebs globale dhe keqqeverisjes s\u00eb vendit, mund t\u00eb qart\u00ebsohen me disa analiza konkrete t\u00eb rishikimit t\u00eb buxhetit 2010 Rritja ekonomike Qeveria nuk ka ndryshuar zyrtarisht rritjen ekonomike, q\u00eb e ka parashikuar 6 %. N\u00eb kushtet kur vet\u00eb Qeveria pranon se rritja nuk do t\u00eb jet\u00eb 6%, por [&hellip;]<\/p>\n","protected":false},"author":1,"featured_media":0,"comment_status":"open","ping_status":"closed","sticky":false,"template":"","format":"standard","meta":{"footnotes":""},"categories":[2],"tags":[],"class_list":{"0":"post-3327","1":"post","2":"type-post","3":"status-publish","4":"format-standard","6":"category-artikuj"},"yoast_head":"<!-- This site is optimized with the Yoast SEO plugin v27.4 - https:\/\/yoast.com\/product\/yoast-seo-wordpress\/ -->\n<title>Rishikim buxhetit dhe qeverisjes - FjALA e LIR\u00cb - Arkivi<\/title>\n<meta name=\"robots\" content=\"index, follow, max-snippet:-1, max-image-preview:large, max-video-preview:-1\" \/>\n<link rel=\"canonical\" href=\"https:\/\/fjala.info\/2009-2015\/rishikim-buxhetit-dhe-qeverisjes\/\" \/>\n<meta property=\"og:locale\" content=\"sq_AL\" \/>\n<meta property=\"og:type\" content=\"article\" \/>\n<meta property=\"og:title\" content=\"Rishikim buxhetit dhe qeverisjes - FjALA e LIR\u00cb - Arkivi\" \/>\n<meta property=\"og:description\" content=\"Arben Malaj, 13.07.2010 Efektet, p\u00ebrmasat dhe risqet e kriz\u00ebs globale dhe keqqeverisjes s\u00eb vendit, mund t\u00eb qart\u00ebsohen me disa analiza konkrete t\u00eb rishikimit t\u00eb buxhetit 2010 Rritja ekonomike Qeveria nuk ka ndryshuar zyrtarisht rritjen ekonomike, q\u00eb e ka parashikuar 6 %. N\u00eb kushtet kur vet\u00eb Qeveria pranon se rritja nuk do t\u00eb jet\u00eb 6%, por [&hellip;]\" \/>\n<meta property=\"og:url\" content=\"https:\/\/fjala.info\/2009-2015\/rishikim-buxhetit-dhe-qeverisjes\/\" \/>\n<meta property=\"og:site_name\" content=\"FjALA e LIR\u00cb - Arkivi\" \/>\n<meta property=\"article:published_time\" content=\"2010-07-13T21:55:24+00:00\" \/>\n<meta property=\"og:image\" content=\"http:\/\/www.shkoder.net\/images\/fjala\/arben_malaj.jpg\" \/>\n<meta name=\"author\" content=\"admin\" \/>\n<meta name=\"twitter:card\" content=\"summary_large_image\" \/>\n<meta name=\"twitter:label1\" content=\"Written by\" \/>\n\t<meta name=\"twitter:data1\" content=\"admin\" \/>\n\t<meta name=\"twitter:label2\" content=\"Est. reading time\" \/>\n\t<meta name=\"twitter:data2\" content=\"5 minutes\" \/>\n<script type=\"application\/ld+json\" class=\"yoast-schema-graph\">{\"@context\":\"https:\\\/\\\/schema.org\",\"@graph\":[{\"@type\":\"Article\",\"@id\":\"https:\\\/\\\/fjala.info\\\/2009-2015\\\/rishikim-buxhetit-dhe-qeverisjes\\\/#article\",\"isPartOf\":{\"@id\":\"https:\\\/\\\/fjala.info\\\/2009-2015\\\/rishikim-buxhetit-dhe-qeverisjes\\\/\"},\"author\":{\"name\":\"admin\",\"@id\":\"https:\\\/\\\/fjala.info\\\/2009-2015\\\/#\\\/schema\\\/person\\\/3aa1163ef05469c496fc94e77611ada2\"},\"headline\":\"Rishikim buxhetit dhe qeverisjes\",\"datePublished\":\"2010-07-13T21:55:24+00:00\",\"mainEntityOfPage\":{\"@id\":\"https:\\\/\\\/fjala.info\\\/2009-2015\\\/rishikim-buxhetit-dhe-qeverisjes\\\/\"},\"wordCount\":922,\"commentCount\":1,\"publisher\":{\"@id\":\"https:\\\/\\\/fjala.info\\\/2009-2015\\\/#organization\"},\"image\":{\"@id\":\"https:\\\/\\\/fjala.info\\\/2009-2015\\\/rishikim-buxhetit-dhe-qeverisjes\\\/#primaryimage\"},\"thumbnailUrl\":\"http:\\\/\\\/www.shkoder.net\\\/images\\\/fjala\\\/arben_malaj.jpg\",\"articleSection\":[\"Artikuj\"],\"inLanguage\":\"sq-AL\",\"potentialAction\":[{\"@type\":\"CommentAction\",\"name\":\"Comment\",\"target\":[\"https:\\\/\\\/fjala.info\\\/2009-2015\\\/rishikim-buxhetit-dhe-qeverisjes\\\/#respond\"]}]},{\"@type\":\"WebPage\",\"@id\":\"https:\\\/\\\/fjala.info\\\/2009-2015\\\/rishikim-buxhetit-dhe-qeverisjes\\\/\",\"url\":\"https:\\\/\\\/fjala.info\\\/2009-2015\\\/rishikim-buxhetit-dhe-qeverisjes\\\/\",\"name\":\"Rishikim buxhetit dhe qeverisjes - FjALA e LIR\u00cb - Arkivi\",\"isPartOf\":{\"@id\":\"https:\\\/\\\/fjala.info\\\/2009-2015\\\/#website\"},\"primaryImageOfPage\":{\"@id\":\"https:\\\/\\\/fjala.info\\\/2009-2015\\\/rishikim-buxhetit-dhe-qeverisjes\\\/#primaryimage\"},\"image\":{\"@id\":\"https:\\\/\\\/fjala.info\\\/2009-2015\\\/rishikim-buxhetit-dhe-qeverisjes\\\/#primaryimage\"},\"thumbnailUrl\":\"http:\\\/\\\/www.shkoder.net\\\/images\\\/fjala\\\/arben_malaj.jpg\",\"datePublished\":\"2010-07-13T21:55:24+00:00\",\"breadcrumb\":{\"@id\":\"https:\\\/\\\/fjala.info\\\/2009-2015\\\/rishikim-buxhetit-dhe-qeverisjes\\\/#breadcrumb\"},\"inLanguage\":\"sq-AL\",\"potentialAction\":[{\"@type\":\"ReadAction\",\"target\":[\"https:\\\/\\\/fjala.info\\\/2009-2015\\\/rishikim-buxhetit-dhe-qeverisjes\\\/\"]}]},{\"@type\":\"ImageObject\",\"inLanguage\":\"sq-AL\",\"@id\":\"https:\\\/\\\/fjala.info\\\/2009-2015\\\/rishikim-buxhetit-dhe-qeverisjes\\\/#primaryimage\",\"url\":\"http:\\\/\\\/www.shkoder.net\\\/images\\\/fjala\\\/arben_malaj.jpg\",\"contentUrl\":\"http:\\\/\\\/www.shkoder.net\\\/images\\\/fjala\\\/arben_malaj.jpg\"},{\"@type\":\"BreadcrumbList\",\"@id\":\"https:\\\/\\\/fjala.info\\\/2009-2015\\\/rishikim-buxhetit-dhe-qeverisjes\\\/#breadcrumb\",\"itemListElement\":[{\"@type\":\"ListItem\",\"position\":1,\"name\":\"Home\",\"item\":\"https:\\\/\\\/fjala.info\\\/2009-2015\\\/\"},{\"@type\":\"ListItem\",\"position\":2,\"name\":\"Rishikim buxhetit dhe qeverisjes\"}]},{\"@type\":\"WebSite\",\"@id\":\"https:\\\/\\\/fjala.info\\\/2009-2015\\\/#website\",\"url\":\"https:\\\/\\\/fjala.info\\\/2009-2015\\\/\",\"name\":\"FjALA e LIR\u00cb - Arkivi\",\"description\":\"Arkivi 2009-2015\",\"publisher\":{\"@id\":\"https:\\\/\\\/fjala.info\\\/2009-2015\\\/#organization\"},\"potentialAction\":[{\"@type\":\"SearchAction\",\"target\":{\"@type\":\"EntryPoint\",\"urlTemplate\":\"https:\\\/\\\/fjala.info\\\/2009-2015\\\/?s={search_term_string}\"},\"query-input\":{\"@type\":\"PropertyValueSpecification\",\"valueRequired\":true,\"valueName\":\"search_term_string\"}}],\"inLanguage\":\"sq-AL\"},{\"@type\":\"Organization\",\"@id\":\"https:\\\/\\\/fjala.info\\\/2009-2015\\\/#organization\",\"name\":\"FjALA e LIR\u00cb - Arkivi\",\"url\":\"https:\\\/\\\/fjala.info\\\/2009-2015\\\/\",\"logo\":{\"@type\":\"ImageObject\",\"inLanguage\":\"sq-AL\",\"@id\":\"https:\\\/\\\/fjala.info\\\/2009-2015\\\/#\\\/schema\\\/logo\\\/image\\\/\",\"url\":\"\",\"contentUrl\":\"\",\"caption\":\"FjALA e LIR\u00cb - Arkivi\"},\"image\":{\"@id\":\"https:\\\/\\\/fjala.info\\\/2009-2015\\\/#\\\/schema\\\/logo\\\/image\\\/\"}},{\"@type\":\"Person\",\"@id\":\"https:\\\/\\\/fjala.info\\\/2009-2015\\\/#\\\/schema\\\/person\\\/3aa1163ef05469c496fc94e77611ada2\",\"name\":\"admin\",\"image\":{\"@type\":\"ImageObject\",\"inLanguage\":\"sq-AL\",\"@id\":\"https:\\\/\\\/fjala.info\\\/2009-2015\\\/wp-content\\\/uploads\\\/2012\\\/02\\\/arben_cokaj-120x150.jpg\",\"url\":\"https:\\\/\\\/fjala.info\\\/2009-2015\\\/wp-content\\\/uploads\\\/2012\\\/02\\\/arben_cokaj-120x150.jpg\",\"contentUrl\":\"https:\\\/\\\/fjala.info\\\/2009-2015\\\/wp-content\\\/uploads\\\/2012\\\/02\\\/arben_cokaj-120x150.jpg\",\"caption\":\"admin\"},\"description\":\"Admin, Fjala e Lir\u00eb\",\"sameAs\":[\"https:\\\/\\\/fjala.info\\\/\"],\"url\":\"https:\\\/\\\/fjala.info\\\/2009-2015\\\/author\\\/admin\\\/\"}]}<\/script>\n<!-- \/ Yoast SEO plugin. -->","yoast_head_json":{"title":"Rishikim buxhetit dhe qeverisjes - FjALA e LIR\u00cb - Arkivi","robots":{"index":"index","follow":"follow","max-snippet":"max-snippet:-1","max-image-preview":"max-image-preview:large","max-video-preview":"max-video-preview:-1"},"canonical":"https:\/\/fjala.info\/2009-2015\/rishikim-buxhetit-dhe-qeverisjes\/","og_locale":"sq_AL","og_type":"article","og_title":"Rishikim buxhetit dhe qeverisjes - FjALA e LIR\u00cb - Arkivi","og_description":"Arben Malaj, 13.07.2010 Efektet, p\u00ebrmasat dhe risqet e kriz\u00ebs globale dhe keqqeverisjes s\u00eb vendit, mund t\u00eb qart\u00ebsohen me disa analiza konkrete t\u00eb rishikimit t\u00eb buxhetit 2010 Rritja ekonomike Qeveria nuk ka ndryshuar zyrtarisht rritjen ekonomike, q\u00eb e ka parashikuar 6 %. N\u00eb kushtet kur vet\u00eb Qeveria pranon se rritja nuk do t\u00eb jet\u00eb 6%, por [&hellip;]","og_url":"https:\/\/fjala.info\/2009-2015\/rishikim-buxhetit-dhe-qeverisjes\/","og_site_name":"FjALA e LIR\u00cb - Arkivi","article_published_time":"2010-07-13T21:55:24+00:00","og_image":[{"url":"http:\/\/www.shkoder.net\/images\/fjala\/arben_malaj.jpg","type":"","width":"","height":""}],"author":"admin","twitter_card":"summary_large_image","twitter_misc":{"Written by":"admin","Est. reading time":"5 minutes"},"schema":{"@context":"https:\/\/schema.org","@graph":[{"@type":"Article","@id":"https:\/\/fjala.info\/2009-2015\/rishikim-buxhetit-dhe-qeverisjes\/#article","isPartOf":{"@id":"https:\/\/fjala.info\/2009-2015\/rishikim-buxhetit-dhe-qeverisjes\/"},"author":{"name":"admin","@id":"https:\/\/fjala.info\/2009-2015\/#\/schema\/person\/3aa1163ef05469c496fc94e77611ada2"},"headline":"Rishikim buxhetit dhe qeverisjes","datePublished":"2010-07-13T21:55:24+00:00","mainEntityOfPage":{"@id":"https:\/\/fjala.info\/2009-2015\/rishikim-buxhetit-dhe-qeverisjes\/"},"wordCount":922,"commentCount":1,"publisher":{"@id":"https:\/\/fjala.info\/2009-2015\/#organization"},"image":{"@id":"https:\/\/fjala.info\/2009-2015\/rishikim-buxhetit-dhe-qeverisjes\/#primaryimage"},"thumbnailUrl":"http:\/\/www.shkoder.net\/images\/fjala\/arben_malaj.jpg","articleSection":["Artikuj"],"inLanguage":"sq-AL","potentialAction":[{"@type":"CommentAction","name":"Comment","target":["https:\/\/fjala.info\/2009-2015\/rishikim-buxhetit-dhe-qeverisjes\/#respond"]}]},{"@type":"WebPage","@id":"https:\/\/fjala.info\/2009-2015\/rishikim-buxhetit-dhe-qeverisjes\/","url":"https:\/\/fjala.info\/2009-2015\/rishikim-buxhetit-dhe-qeverisjes\/","name":"Rishikim buxhetit dhe qeverisjes - FjALA e LIR\u00cb - Arkivi","isPartOf":{"@id":"https:\/\/fjala.info\/2009-2015\/#website"},"primaryImageOfPage":{"@id":"https:\/\/fjala.info\/2009-2015\/rishikim-buxhetit-dhe-qeverisjes\/#primaryimage"},"image":{"@id":"https:\/\/fjala.info\/2009-2015\/rishikim-buxhetit-dhe-qeverisjes\/#primaryimage"},"thumbnailUrl":"http:\/\/www.shkoder.net\/images\/fjala\/arben_malaj.jpg","datePublished":"2010-07-13T21:55:24+00:00","breadcrumb":{"@id":"https:\/\/fjala.info\/2009-2015\/rishikim-buxhetit-dhe-qeverisjes\/#breadcrumb"},"inLanguage":"sq-AL","potentialAction":[{"@type":"ReadAction","target":["https:\/\/fjala.info\/2009-2015\/rishikim-buxhetit-dhe-qeverisjes\/"]}]},{"@type":"ImageObject","inLanguage":"sq-AL","@id":"https:\/\/fjala.info\/2009-2015\/rishikim-buxhetit-dhe-qeverisjes\/#primaryimage","url":"http:\/\/www.shkoder.net\/images\/fjala\/arben_malaj.jpg","contentUrl":"http:\/\/www.shkoder.net\/images\/fjala\/arben_malaj.jpg"},{"@type":"BreadcrumbList","@id":"https:\/\/fjala.info\/2009-2015\/rishikim-buxhetit-dhe-qeverisjes\/#breadcrumb","itemListElement":[{"@type":"ListItem","position":1,"name":"Home","item":"https:\/\/fjala.info\/2009-2015\/"},{"@type":"ListItem","position":2,"name":"Rishikim buxhetit dhe qeverisjes"}]},{"@type":"WebSite","@id":"https:\/\/fjala.info\/2009-2015\/#website","url":"https:\/\/fjala.info\/2009-2015\/","name":"FjALA e LIR\u00cb - Arkivi","description":"Arkivi 2009-2015","publisher":{"@id":"https:\/\/fjala.info\/2009-2015\/#organization"},"potentialAction":[{"@type":"SearchAction","target":{"@type":"EntryPoint","urlTemplate":"https:\/\/fjala.info\/2009-2015\/?s={search_term_string}"},"query-input":{"@type":"PropertyValueSpecification","valueRequired":true,"valueName":"search_term_string"}}],"inLanguage":"sq-AL"},{"@type":"Organization","@id":"https:\/\/fjala.info\/2009-2015\/#organization","name":"FjALA e LIR\u00cb - Arkivi","url":"https:\/\/fjala.info\/2009-2015\/","logo":{"@type":"ImageObject","inLanguage":"sq-AL","@id":"https:\/\/fjala.info\/2009-2015\/#\/schema\/logo\/image\/","url":"","contentUrl":"","caption":"FjALA e LIR\u00cb - Arkivi"},"image":{"@id":"https:\/\/fjala.info\/2009-2015\/#\/schema\/logo\/image\/"}},{"@type":"Person","@id":"https:\/\/fjala.info\/2009-2015\/#\/schema\/person\/3aa1163ef05469c496fc94e77611ada2","name":"admin","image":{"@type":"ImageObject","inLanguage":"sq-AL","@id":"https:\/\/fjala.info\/2009-2015\/wp-content\/uploads\/2012\/02\/arben_cokaj-120x150.jpg","url":"https:\/\/fjala.info\/2009-2015\/wp-content\/uploads\/2012\/02\/arben_cokaj-120x150.jpg","contentUrl":"https:\/\/fjala.info\/2009-2015\/wp-content\/uploads\/2012\/02\/arben_cokaj-120x150.jpg","caption":"admin"},"description":"Admin, Fjala e Lir\u00eb","sameAs":["https:\/\/fjala.info\/"],"url":"https:\/\/fjala.info\/2009-2015\/author\/admin\/"}]}},"_links":{"self":[{"href":"https:\/\/fjala.info\/2009-2015\/wp-json\/wp\/v2\/posts\/3327","targetHints":{"allow":["GET"]}}],"collection":[{"href":"https:\/\/fjala.info\/2009-2015\/wp-json\/wp\/v2\/posts"}],"about":[{"href":"https:\/\/fjala.info\/2009-2015\/wp-json\/wp\/v2\/types\/post"}],"author":[{"embeddable":true,"href":"https:\/\/fjala.info\/2009-2015\/wp-json\/wp\/v2\/users\/1"}],"replies":[{"embeddable":true,"href":"https:\/\/fjala.info\/2009-2015\/wp-json\/wp\/v2\/comments?post=3327"}],"version-history":[{"count":0,"href":"https:\/\/fjala.info\/2009-2015\/wp-json\/wp\/v2\/posts\/3327\/revisions"}],"wp:attachment":[{"href":"https:\/\/fjala.info\/2009-2015\/wp-json\/wp\/v2\/media?parent=3327"}],"wp:term":[{"taxonomy":"category","embeddable":true,"href":"https:\/\/fjala.info\/2009-2015\/wp-json\/wp\/v2\/categories?post=3327"},{"taxonomy":"post_tag","embeddable":true,"href":"https:\/\/fjala.info\/2009-2015\/wp-json\/wp\/v2\/tags?post=3327"}],"curies":[{"name":"wp","href":"https:\/\/api.w.org\/{rel}","templated":true}]}}