{"id":3326,"date":"2012-06-15T09:51:05","date_gmt":"2012-06-15T08:51:05","guid":{"rendered":"http:\/\/www.fjala.info\/?p=3326"},"modified":"2012-06-15T09:51:05","modified_gmt":"2012-06-15T08:51:05","slug":"partia-e-xhabirave","status":"publish","type":"post","link":"https:\/\/fjala.info\/2009-2015\/partia-e-xhabirave\/","title":{"rendered":"Partia e xhabirave"},"content":{"rendered":"<p><img decoding=\"async\" class=\"alignright size-thumbnail wp-image-7236\" title=\"Albin Kurti\" src=\"http:\/\/www.fjala.info\/2012\/albin_kurti.jpg\" alt=\"\" width=\"200\" \/> <strong>Albin Kurti<\/strong><\/p>\n<p>N\u00eb emrin e tij personal, t\u00eb PDK-s\u00eb e qytetar\u00ebve t\u00eb Ka\u00e7anikut, kryeministri Tha\u00e7i e fal\u00ebnderoi kryetarin Xhabir Zharku p\u00ebr pun\u00ebn e mir\u00eb n\u00eb sh\u00ebrbim t\u00eb gjith\u00eb qytetar\u00ebve, n\u00eb hapje t\u00eb fushat\u00ebs s\u00eb PDK-s\u00eb p\u00ebr zgjedhjet e jasht\u00ebzakonshme n\u00eb Ka\u00e7anik. E fal\u00ebnderoi jo vet\u00ebm n\u00eb emrin e vet, por edhe t\u00eb PDK-s\u00eb. A thua se deshi ta vuloste q\u00eb PDK-ja \u00ebsht\u00eb ve\u00e7se parti e Xhabirave, duke e ngritur k\u00ebshtu Xhabirin n\u00eb dukuri t\u00eb p\u00ebrgjithshme partis\u00eb. Nuk ka se si t\u00eb jet\u00eb ndryshe.<\/p>\n<p>Dihet q\u00eb vet\u00ebm pushteti (i paligjsh\u00ebm) dhe paraja (e vjedhur) e mbajn\u00eb bashk\u00eb PDK-n\u00eb. Ajo s\u2019ka demokraci t\u00eb brendshme, program, parime politike, ideale e as vizion p\u00ebr shoq\u00ebrin\u00eb. Xhabiri \u00ebsht\u00eb esenca e PDK-s\u00eb, fundamenti p\u00ebrkufizues i saj. Prandaj, jo Xhabiri, por njer\u00ebzit e mir\u00eb n\u00eb PDK, jan\u00eb aksidenti. Pa njer\u00ebzit e mir\u00eb n\u00eb PDK, partia ia del fare mir\u00eb; pa Xhabirin, s\u2019mundet dot. Prandaj Tha\u00e7i s\u2019mund t\u00eb mos e lavd\u00ebronte Xhabirin. At\u00eb e ka krijuar e mir\u00ebmbajtur PDK-ja, por edhe e kund\u00ebrta vlen ve\u00e7se m\u00eb shum\u00eb.<\/p>\n<p>Xhabiri nuk ka b\u00ebr\u00eb pun\u00eb t\u00eb mir\u00eb n\u00eb sh\u00ebrbim qytetar\u00ebve, ashtu si\u00e7 u shpreh p\u00ebr t\u00eb Tha\u00e7i. P\u00ebrkundrazi, Xhabiri ka b\u00ebr\u00eb pun\u00eb shum\u00eb t\u00eb keqe, sepse ai ka punuar p\u00ebr vete dhe, me gjas\u00eb, p\u00ebr PDK-n\u00eb, n\u00eb kurriz t\u00eb qytetar\u00ebve. Ai s\u2019ka punuar p\u00ebr qytetar\u00ebt, por ua ka punuar qytetar\u00ebve. Kulmi i posht\u00ebrsis\u00eb s\u00eb Tha\u00e7it ishte fal\u00ebnderimi i Xhabirit n\u00eb em\u00ebr t\u00eb ka\u00e7anikasve. N\u00eb em\u00ebr t\u00eb viktimave, fal\u00ebnderoi xhelatin e tyre! Para nj\u00eb muaji, Gjykata Supreme e Kosov\u00ebs v\u00ebrtetoi aktgjykimin e Gjykat\u00ebs s\u00eb Prishtin\u00ebs p\u00ebr Xhabir Zharkun.<\/p>\n<p>Kryetari i Komun\u00ebs s\u00eb Ka\u00e7anikut u shpall fajtor p\u00ebr veprat \u201cdetyrim\u201d e \u201carm\u00ebmbajtje pa leje\u201d, dhe u d\u00ebnua me 3 vjet burg e 1 500 euro gjob\u00eb. Edhe tre t\u00eb akuzuarit e tjer\u00eb: Arsim Kolshi, Nysret Cena dhe Besnik Hasani, u shpall\u00ebn fajtor\u00eb, duke u d\u00ebnuar respektivisht me 3 vjet dhe nga nj\u00eb vit e tre muaj burg. Dihet q\u00eb gjykatat n\u00eb Kosov\u00eb jan\u00eb fort t\u00eb lodhura. Kur d\u00ebnohen politikan\u00ebt e zyrtar\u00ebt e lart\u00eb si puna e Xhabir Zharkut, at\u00ebher\u00eb v\u00ebrtet e kan\u00eb tepruar me shkelje e krim, se p\u00ebrndryshe nuk i akuzojn\u00eb, e aq m\u00eb pak t\u2019i d\u00ebnojn\u00eb.<\/p>\n<p>Krimi i tyre lidhet me krimin m\u00eb t\u00eb madh n\u00eb ekonomin\u00eb e Kosov\u00ebs s\u00eb pasluft\u00ebs \u2013 privatizimin. Ky grup me n\u00eb krye Xhabirin kan\u00eb k\u00ebrc\u00ebnuar e detyruar ofertuesin e par\u00eb t\u00eb t\u00ebrhiqet me rastin e shitjes s\u00eb nj\u00eb ferme blegtorie n\u00eb 2006-n, p\u00ebr ta fituar at\u00eb m\u00eb pastaj ofertuesi i dyt\u00eb, Arsim Kolshi. Xhabiri nuk u ndie fajtor gjat\u00eb procesit dhe b\u00ebri betej\u00eb gjyq\u00ebsore n\u00eb instanca m\u00eb t\u00eb larta. Ata q\u00eb e njohin n\u00eb Ka\u00e7anik thon\u00eb se ai nuk di ndryshe: qeverisjen lokale e kupton si sundim e pron\u00ebsim t\u00eb mjeteve, pasurive e njer\u00ebzve. Arsimi, administrata, sh\u00ebndet\u00ebsia, tregtia, etj. ishin n\u00ebn kthetrat e k\u00ebtij zullumqari q\u00eb nuk beson q\u00eb njer\u00ebzit kan\u00eb t\u00eb drejta. P\u00ebr k\u00ebt\u00eb m\u00ebnyr\u00eb, ai mori edhe mir\u00ebnjohjen e kreut t\u00eb qeveris\u00eb e partis\u00eb s\u00eb tij.<\/p>\n<p>Nuk \u00ebsht\u00eb i rast\u00ebsish\u00ebm slogani i tyre p\u00ebr zgjedhjet e 17 qershorit: Vazhdojm\u00eb me Besimin! Pa kurrfar\u00eb vet\u00ebkritike apo k\u00ebrkim faljeje p\u00ebr qeverisjen kriminale, n\u00eb m\u00ebnyr\u00ebn m\u00eb t\u00eb ul\u00ebt t\u00eb mundshme, th\u00ebrrasin p\u00ebr vazhdimin e rrug\u00ebs s\u00eb k\u00ebrc\u00ebnimeve, p\u00ebrvet\u00ebsimeve e korrupsionit t\u00eb profilit t\u00eb lart\u00eb. Kjo thirrje \u00ebsht\u00eb paralajm\u00ebrim i qart\u00eb p\u00ebr krimet e ardhshme t\u00eb PDK-s\u00eb n\u00eb Ka\u00e7anik, n\u00eb rast t\u00eb fitoreje.<\/p>\n<p>Kandidati i PDK-s\u00eb, Besim Ilazi, djali i komandant Bardhit, \u00ebsht\u00eb p\u00ebrzgjedhur nga familja e d\u00ebshmorit t\u00eb kombit q\u00eb t\u00eb p\u00ebrdoret si paravan p\u00ebr kuzhin\u00ebn e nj\u00ebjt\u00eb t\u00eb ndyr\u00eb t\u00eb PDK-s\u00eb. Pra, vepruan ashtu si\u00e7 b\u00ebn\u00eb me familjen e komandantit t\u00eb U\u00c7K-s\u00eb, Adem Jashari: emri i tij iu vu aeroportit t\u00eb Prishtin\u00ebs, kurse djali i Ham\u00ebz Jasharit u b\u00eb drejtor i bordit t\u00eb aeroportit, n\u00eb m\u00ebnyr\u00eb q\u00eb shitja e aeroportit t\u00eb b\u00ebhej sa m\u00eb e leht\u00eb. K\u00ebta njer\u00ebz po i keqp\u00ebrdorin pa dhimbje familjet e d\u00ebshmor\u00ebve, pasi e keqp\u00ebrdor\u00ebn U\u00c7K-n\u00eb. Po terrorizojn\u00eb popullsin\u00eb n\u00eb em\u00ebr t\u00eb kontributit t\u00eb tyre n\u00eb luft\u00ebn \u00e7lirimtare. Ata nuk ia z\u00ebvend\u00ebsuan Kosov\u00ebs okupimin me lirin\u00eb, por okupimin e huaj me uzurpimet e tyre.<\/p>\n<p>Ata po sillen si mercenar\u00ebt, q\u00eb nuk ua dhan\u00eb parat\u00eb n\u00eb fund p\u00ebr luft\u00ebn q\u00eb b\u00ebn\u00eb. Zaten, le t\u00eb dalin dhe t\u00eb thon\u00eb se sa para u ka populli borxh, n\u00eb m\u00ebnyr\u00eb q\u00eb t\u2019ua paguaj\u00eb nj\u00ebher\u00eb e mir\u00eb dhe t\u00eb \u00e7lirohet prej k\u00ebtyre \u00e7lirimtar\u00ebve. Shum\u00eb prej tyre kan\u00eb degraduar veten, por po marrin n\u00eb qaf\u00eb edhe Kosov\u00ebn. Baron i krimit nuk ishte vet\u00ebm kryetari i komun\u00ebs s\u00eb Ka\u00e7anikut. T\u00eb till\u00eb ka edhe n\u00eb krye t\u00eb jo pak komunave t\u00eb tjera n\u00ebp\u00ebr Kosov\u00eb. Xhabir Zharku ishte fatkeq\u00ebsia e Ka\u00e7anikut, largimi i tij \u00ebsht\u00eb fati i Ka\u00e7anikut. I takon Ka\u00e7anikut q\u00eb t\u00eb mos lejoj\u00eb t\u2019i p\u00ebrs\u00ebritet fatkeq\u00ebsia. P\u00ebrs\u00ebritja e fatkeq\u00ebsis\u00eb b\u00ebhet tragjedi. Me 17 qershor \u00ebsht\u00eb mund\u00ebsia q\u00eb duhet shfryt\u00ebzuar.<\/p>\n","protected":false},"excerpt":{"rendered":"<p>Albin Kurti N\u00eb emrin e tij personal, t\u00eb PDK-s\u00eb e qytetar\u00ebve t\u00eb Ka\u00e7anikut, kryeministri Tha\u00e7i e fal\u00ebnderoi kryetarin Xhabir Zharku p\u00ebr pun\u00ebn e mir\u00eb n\u00eb sh\u00ebrbim t\u00eb gjith\u00eb qytetar\u00ebve, n\u00eb hapje t\u00eb fushat\u00ebs s\u00eb PDK-s\u00eb p\u00ebr zgjedhjet e jasht\u00ebzakonshme n\u00eb Ka\u00e7anik. E fal\u00ebnderoi jo vet\u00ebm n\u00eb emrin e vet, por edhe t\u00eb PDK-s\u00eb. A thua [&hellip;]<\/p>\n","protected":false},"author":1,"featured_media":0,"comment_status":"open","ping_status":"closed","sticky":false,"template":"","format":"standard","meta":{"footnotes":""},"categories":[2],"tags":[],"class_list":{"0":"post-3326","1":"post","2":"type-post","3":"status-publish","4":"format-standard","6":"category-artikuj"},"yoast_head":"<!-- This site is optimized with the Yoast SEO plugin v27.4 - https:\/\/yoast.com\/product\/yoast-seo-wordpress\/ -->\n<title>Partia e xhabirave - FjALA e LIR\u00cb - Arkivi<\/title>\n<meta name=\"robots\" content=\"index, follow, max-snippet:-1, max-image-preview:large, max-video-preview:-1\" \/>\n<link rel=\"canonical\" href=\"https:\/\/fjala.info\/2009-2015\/partia-e-xhabirave\/\" \/>\n<meta property=\"og:locale\" content=\"sq_AL\" \/>\n<meta property=\"og:type\" content=\"article\" \/>\n<meta property=\"og:title\" content=\"Partia e xhabirave - FjALA e LIR\u00cb - Arkivi\" \/>\n<meta property=\"og:description\" content=\"Albin Kurti N\u00eb emrin e tij personal, t\u00eb PDK-s\u00eb e qytetar\u00ebve t\u00eb Ka\u00e7anikut, kryeministri Tha\u00e7i e fal\u00ebnderoi kryetarin Xhabir Zharku p\u00ebr pun\u00ebn e mir\u00eb n\u00eb sh\u00ebrbim t\u00eb gjith\u00eb qytetar\u00ebve, n\u00eb hapje t\u00eb fushat\u00ebs s\u00eb PDK-s\u00eb p\u00ebr zgjedhjet e jasht\u00ebzakonshme n\u00eb Ka\u00e7anik. E fal\u00ebnderoi jo vet\u00ebm n\u00eb emrin e vet, por edhe t\u00eb PDK-s\u00eb. A thua [&hellip;]\" \/>\n<meta property=\"og:url\" content=\"https:\/\/fjala.info\/2009-2015\/partia-e-xhabirave\/\" \/>\n<meta property=\"og:site_name\" content=\"FjALA e LIR\u00cb - Arkivi\" \/>\n<meta property=\"article:published_time\" content=\"2012-06-15T08:51:05+00:00\" \/>\n<meta property=\"og:image\" content=\"http:\/\/www.fjala.info\/2012\/albin_kurti.jpg\" \/>\n<meta name=\"author\" content=\"admin\" \/>\n<meta name=\"twitter:card\" content=\"summary_large_image\" \/>\n<meta name=\"twitter:label1\" content=\"Written by\" \/>\n\t<meta name=\"twitter:data1\" content=\"admin\" \/>\n\t<meta name=\"twitter:label2\" content=\"Est. reading time\" \/>\n\t<meta name=\"twitter:data2\" content=\"5 minutes\" \/>\n<script type=\"application\/ld+json\" class=\"yoast-schema-graph\">{\"@context\":\"https:\\\/\\\/schema.org\",\"@graph\":[{\"@type\":\"Article\",\"@id\":\"https:\\\/\\\/fjala.info\\\/2009-2015\\\/partia-e-xhabirave\\\/#article\",\"isPartOf\":{\"@id\":\"https:\\\/\\\/fjala.info\\\/2009-2015\\\/partia-e-xhabirave\\\/\"},\"author\":{\"name\":\"admin\",\"@id\":\"https:\\\/\\\/fjala.info\\\/2009-2015\\\/#\\\/schema\\\/person\\\/3aa1163ef05469c496fc94e77611ada2\"},\"headline\":\"Partia e xhabirave\",\"datePublished\":\"2012-06-15T08:51:05+00:00\",\"mainEntityOfPage\":{\"@id\":\"https:\\\/\\\/fjala.info\\\/2009-2015\\\/partia-e-xhabirave\\\/\"},\"wordCount\":943,\"commentCount\":0,\"publisher\":{\"@id\":\"https:\\\/\\\/fjala.info\\\/2009-2015\\\/#organization\"},\"image\":{\"@id\":\"https:\\\/\\\/fjala.info\\\/2009-2015\\\/partia-e-xhabirave\\\/#primaryimage\"},\"thumbnailUrl\":\"http:\\\/\\\/www.fjala.info\\\/2012\\\/albin_kurti.jpg\",\"articleSection\":[\"Artikuj\"],\"inLanguage\":\"sq-AL\",\"potentialAction\":[{\"@type\":\"CommentAction\",\"name\":\"Comment\",\"target\":[\"https:\\\/\\\/fjala.info\\\/2009-2015\\\/partia-e-xhabirave\\\/#respond\"]}]},{\"@type\":\"WebPage\",\"@id\":\"https:\\\/\\\/fjala.info\\\/2009-2015\\\/partia-e-xhabirave\\\/\",\"url\":\"https:\\\/\\\/fjala.info\\\/2009-2015\\\/partia-e-xhabirave\\\/\",\"name\":\"Partia e xhabirave - FjALA e LIR\u00cb - Arkivi\",\"isPartOf\":{\"@id\":\"https:\\\/\\\/fjala.info\\\/2009-2015\\\/#website\"},\"primaryImageOfPage\":{\"@id\":\"https:\\\/\\\/fjala.info\\\/2009-2015\\\/partia-e-xhabirave\\\/#primaryimage\"},\"image\":{\"@id\":\"https:\\\/\\\/fjala.info\\\/2009-2015\\\/partia-e-xhabirave\\\/#primaryimage\"},\"thumbnailUrl\":\"http:\\\/\\\/www.fjala.info\\\/2012\\\/albin_kurti.jpg\",\"datePublished\":\"2012-06-15T08:51:05+00:00\",\"breadcrumb\":{\"@id\":\"https:\\\/\\\/fjala.info\\\/2009-2015\\\/partia-e-xhabirave\\\/#breadcrumb\"},\"inLanguage\":\"sq-AL\",\"potentialAction\":[{\"@type\":\"ReadAction\",\"target\":[\"https:\\\/\\\/fjala.info\\\/2009-2015\\\/partia-e-xhabirave\\\/\"]}]},{\"@type\":\"ImageObject\",\"inLanguage\":\"sq-AL\",\"@id\":\"https:\\\/\\\/fjala.info\\\/2009-2015\\\/partia-e-xhabirave\\\/#primaryimage\",\"url\":\"http:\\\/\\\/www.fjala.info\\\/2012\\\/albin_kurti.jpg\",\"contentUrl\":\"http:\\\/\\\/www.fjala.info\\\/2012\\\/albin_kurti.jpg\"},{\"@type\":\"BreadcrumbList\",\"@id\":\"https:\\\/\\\/fjala.info\\\/2009-2015\\\/partia-e-xhabirave\\\/#breadcrumb\",\"itemListElement\":[{\"@type\":\"ListItem\",\"position\":1,\"name\":\"Home\",\"item\":\"https:\\\/\\\/fjala.info\\\/2009-2015\\\/\"},{\"@type\":\"ListItem\",\"position\":2,\"name\":\"Partia e xhabirave\"}]},{\"@type\":\"WebSite\",\"@id\":\"https:\\\/\\\/fjala.info\\\/2009-2015\\\/#website\",\"url\":\"https:\\\/\\\/fjala.info\\\/2009-2015\\\/\",\"name\":\"FjALA e LIR\u00cb - Arkivi\",\"description\":\"Arkivi 2009-2015\",\"publisher\":{\"@id\":\"https:\\\/\\\/fjala.info\\\/2009-2015\\\/#organization\"},\"potentialAction\":[{\"@type\":\"SearchAction\",\"target\":{\"@type\":\"EntryPoint\",\"urlTemplate\":\"https:\\\/\\\/fjala.info\\\/2009-2015\\\/?s={search_term_string}\"},\"query-input\":{\"@type\":\"PropertyValueSpecification\",\"valueRequired\":true,\"valueName\":\"search_term_string\"}}],\"inLanguage\":\"sq-AL\"},{\"@type\":\"Organization\",\"@id\":\"https:\\\/\\\/fjala.info\\\/2009-2015\\\/#organization\",\"name\":\"FjALA e LIR\u00cb - Arkivi\",\"url\":\"https:\\\/\\\/fjala.info\\\/2009-2015\\\/\",\"logo\":{\"@type\":\"ImageObject\",\"inLanguage\":\"sq-AL\",\"@id\":\"https:\\\/\\\/fjala.info\\\/2009-2015\\\/#\\\/schema\\\/logo\\\/image\\\/\",\"url\":\"\",\"contentUrl\":\"\",\"caption\":\"FjALA e LIR\u00cb - Arkivi\"},\"image\":{\"@id\":\"https:\\\/\\\/fjala.info\\\/2009-2015\\\/#\\\/schema\\\/logo\\\/image\\\/\"}},{\"@type\":\"Person\",\"@id\":\"https:\\\/\\\/fjala.info\\\/2009-2015\\\/#\\\/schema\\\/person\\\/3aa1163ef05469c496fc94e77611ada2\",\"name\":\"admin\",\"image\":{\"@type\":\"ImageObject\",\"inLanguage\":\"sq-AL\",\"@id\":\"https:\\\/\\\/fjala.info\\\/2009-2015\\\/wp-content\\\/uploads\\\/2012\\\/02\\\/arben_cokaj-120x150.jpg\",\"url\":\"https:\\\/\\\/fjala.info\\\/2009-2015\\\/wp-content\\\/uploads\\\/2012\\\/02\\\/arben_cokaj-120x150.jpg\",\"contentUrl\":\"https:\\\/\\\/fjala.info\\\/2009-2015\\\/wp-content\\\/uploads\\\/2012\\\/02\\\/arben_cokaj-120x150.jpg\",\"caption\":\"admin\"},\"description\":\"Admin, Fjala e Lir\u00eb\",\"sameAs\":[\"https:\\\/\\\/fjala.info\\\/\"],\"url\":\"https:\\\/\\\/fjala.info\\\/2009-2015\\\/author\\\/admin\\\/\"}]}<\/script>\n<!-- \/ Yoast SEO plugin. -->","yoast_head_json":{"title":"Partia e xhabirave - FjALA e LIR\u00cb - Arkivi","robots":{"index":"index","follow":"follow","max-snippet":"max-snippet:-1","max-image-preview":"max-image-preview:large","max-video-preview":"max-video-preview:-1"},"canonical":"https:\/\/fjala.info\/2009-2015\/partia-e-xhabirave\/","og_locale":"sq_AL","og_type":"article","og_title":"Partia e xhabirave - FjALA e LIR\u00cb - Arkivi","og_description":"Albin Kurti N\u00eb emrin e tij personal, t\u00eb PDK-s\u00eb e qytetar\u00ebve t\u00eb Ka\u00e7anikut, kryeministri Tha\u00e7i e fal\u00ebnderoi kryetarin Xhabir Zharku p\u00ebr pun\u00ebn e mir\u00eb n\u00eb sh\u00ebrbim t\u00eb gjith\u00eb qytetar\u00ebve, n\u00eb hapje t\u00eb fushat\u00ebs s\u00eb PDK-s\u00eb p\u00ebr zgjedhjet e jasht\u00ebzakonshme n\u00eb Ka\u00e7anik. E fal\u00ebnderoi jo vet\u00ebm n\u00eb emrin e vet, por edhe t\u00eb PDK-s\u00eb. A thua [&hellip;]","og_url":"https:\/\/fjala.info\/2009-2015\/partia-e-xhabirave\/","og_site_name":"FjALA e LIR\u00cb - Arkivi","article_published_time":"2012-06-15T08:51:05+00:00","og_image":[{"url":"http:\/\/www.fjala.info\/2012\/albin_kurti.jpg","type":"","width":"","height":""}],"author":"admin","twitter_card":"summary_large_image","twitter_misc":{"Written by":"admin","Est. reading time":"5 minutes"},"schema":{"@context":"https:\/\/schema.org","@graph":[{"@type":"Article","@id":"https:\/\/fjala.info\/2009-2015\/partia-e-xhabirave\/#article","isPartOf":{"@id":"https:\/\/fjala.info\/2009-2015\/partia-e-xhabirave\/"},"author":{"name":"admin","@id":"https:\/\/fjala.info\/2009-2015\/#\/schema\/person\/3aa1163ef05469c496fc94e77611ada2"},"headline":"Partia e xhabirave","datePublished":"2012-06-15T08:51:05+00:00","mainEntityOfPage":{"@id":"https:\/\/fjala.info\/2009-2015\/partia-e-xhabirave\/"},"wordCount":943,"commentCount":0,"publisher":{"@id":"https:\/\/fjala.info\/2009-2015\/#organization"},"image":{"@id":"https:\/\/fjala.info\/2009-2015\/partia-e-xhabirave\/#primaryimage"},"thumbnailUrl":"http:\/\/www.fjala.info\/2012\/albin_kurti.jpg","articleSection":["Artikuj"],"inLanguage":"sq-AL","potentialAction":[{"@type":"CommentAction","name":"Comment","target":["https:\/\/fjala.info\/2009-2015\/partia-e-xhabirave\/#respond"]}]},{"@type":"WebPage","@id":"https:\/\/fjala.info\/2009-2015\/partia-e-xhabirave\/","url":"https:\/\/fjala.info\/2009-2015\/partia-e-xhabirave\/","name":"Partia e xhabirave - FjALA e LIR\u00cb - Arkivi","isPartOf":{"@id":"https:\/\/fjala.info\/2009-2015\/#website"},"primaryImageOfPage":{"@id":"https:\/\/fjala.info\/2009-2015\/partia-e-xhabirave\/#primaryimage"},"image":{"@id":"https:\/\/fjala.info\/2009-2015\/partia-e-xhabirave\/#primaryimage"},"thumbnailUrl":"http:\/\/www.fjala.info\/2012\/albin_kurti.jpg","datePublished":"2012-06-15T08:51:05+00:00","breadcrumb":{"@id":"https:\/\/fjala.info\/2009-2015\/partia-e-xhabirave\/#breadcrumb"},"inLanguage":"sq-AL","potentialAction":[{"@type":"ReadAction","target":["https:\/\/fjala.info\/2009-2015\/partia-e-xhabirave\/"]}]},{"@type":"ImageObject","inLanguage":"sq-AL","@id":"https:\/\/fjala.info\/2009-2015\/partia-e-xhabirave\/#primaryimage","url":"http:\/\/www.fjala.info\/2012\/albin_kurti.jpg","contentUrl":"http:\/\/www.fjala.info\/2012\/albin_kurti.jpg"},{"@type":"BreadcrumbList","@id":"https:\/\/fjala.info\/2009-2015\/partia-e-xhabirave\/#breadcrumb","itemListElement":[{"@type":"ListItem","position":1,"name":"Home","item":"https:\/\/fjala.info\/2009-2015\/"},{"@type":"ListItem","position":2,"name":"Partia e xhabirave"}]},{"@type":"WebSite","@id":"https:\/\/fjala.info\/2009-2015\/#website","url":"https:\/\/fjala.info\/2009-2015\/","name":"FjALA e LIR\u00cb - Arkivi","description":"Arkivi 2009-2015","publisher":{"@id":"https:\/\/fjala.info\/2009-2015\/#organization"},"potentialAction":[{"@type":"SearchAction","target":{"@type":"EntryPoint","urlTemplate":"https:\/\/fjala.info\/2009-2015\/?s={search_term_string}"},"query-input":{"@type":"PropertyValueSpecification","valueRequired":true,"valueName":"search_term_string"}}],"inLanguage":"sq-AL"},{"@type":"Organization","@id":"https:\/\/fjala.info\/2009-2015\/#organization","name":"FjALA e LIR\u00cb - Arkivi","url":"https:\/\/fjala.info\/2009-2015\/","logo":{"@type":"ImageObject","inLanguage":"sq-AL","@id":"https:\/\/fjala.info\/2009-2015\/#\/schema\/logo\/image\/","url":"","contentUrl":"","caption":"FjALA e LIR\u00cb - Arkivi"},"image":{"@id":"https:\/\/fjala.info\/2009-2015\/#\/schema\/logo\/image\/"}},{"@type":"Person","@id":"https:\/\/fjala.info\/2009-2015\/#\/schema\/person\/3aa1163ef05469c496fc94e77611ada2","name":"admin","image":{"@type":"ImageObject","inLanguage":"sq-AL","@id":"https:\/\/fjala.info\/2009-2015\/wp-content\/uploads\/2012\/02\/arben_cokaj-120x150.jpg","url":"https:\/\/fjala.info\/2009-2015\/wp-content\/uploads\/2012\/02\/arben_cokaj-120x150.jpg","contentUrl":"https:\/\/fjala.info\/2009-2015\/wp-content\/uploads\/2012\/02\/arben_cokaj-120x150.jpg","caption":"admin"},"description":"Admin, Fjala e Lir\u00eb","sameAs":["https:\/\/fjala.info\/"],"url":"https:\/\/fjala.info\/2009-2015\/author\/admin\/"}]}},"_links":{"self":[{"href":"https:\/\/fjala.info\/2009-2015\/wp-json\/wp\/v2\/posts\/3326","targetHints":{"allow":["GET"]}}],"collection":[{"href":"https:\/\/fjala.info\/2009-2015\/wp-json\/wp\/v2\/posts"}],"about":[{"href":"https:\/\/fjala.info\/2009-2015\/wp-json\/wp\/v2\/types\/post"}],"author":[{"embeddable":true,"href":"https:\/\/fjala.info\/2009-2015\/wp-json\/wp\/v2\/users\/1"}],"replies":[{"embeddable":true,"href":"https:\/\/fjala.info\/2009-2015\/wp-json\/wp\/v2\/comments?post=3326"}],"version-history":[{"count":0,"href":"https:\/\/fjala.info\/2009-2015\/wp-json\/wp\/v2\/posts\/3326\/revisions"}],"wp:attachment":[{"href":"https:\/\/fjala.info\/2009-2015\/wp-json\/wp\/v2\/media?parent=3326"}],"wp:term":[{"taxonomy":"category","embeddable":true,"href":"https:\/\/fjala.info\/2009-2015\/wp-json\/wp\/v2\/categories?post=3326"},{"taxonomy":"post_tag","embeddable":true,"href":"https:\/\/fjala.info\/2009-2015\/wp-json\/wp\/v2\/tags?post=3326"}],"curies":[{"name":"wp","href":"https:\/\/api.w.org\/{rel}","templated":true}]}}