{"id":3324,"date":"2010-07-13T22:45:19","date_gmt":"2010-07-13T21:45:19","guid":{"rendered":"http:\/\/fjala.shkoder.net\/?p=3324"},"modified":"2010-07-13T22:45:19","modified_gmt":"2010-07-13T21:45:19","slug":"ldk-ja-duhet-ti-keroje-falje-diaspores-se-saj","status":"publish","type":"post","link":"https:\/\/fjala.info\/2009-2015\/ldk-ja-duhet-ti-keroje-falje-diaspores-se-saj\/","title":{"rendered":"LDK-ja DUHET T&#8217;I K\u00cbROJ\u00cb FALJE DIASPOR\u00cbS S\u00cb SAJ"},"content":{"rendered":"<p><strong>REFORMAT N\u00cb LDK<\/strong> (<strong>12<\/strong>)<\/p>\n<p><img decoding=\"async\" style=\"margin-left: 10px; margin-right: 10px; border: 0px;\" src=\"http:\/\/www.shkoder.net\/images\/fjala\/dibrani.jpg\" border=\"0\" alt=\"Shefqet Dibrani\" width=\"150\" align=\"left\" \/><\/p>\n<p>Shkruan: <strong>Shefqet DIBRANI<\/strong><\/p>\n<p>Reformat q\u00eb do ta p\u00ebrfshijn\u00eb LDK-n\u00eb po shpresojm\u00eb se s\u00eb pari do ta k\u00ebndellin k\u00ebt\u00eb parti p\u00ebr t\u2019i k\u00ebrkuar falje diaspor\u00ebs s\u00eb saj me t\u00eb cil\u00ebn ka b\u00ebr\u00eb m\u00ebkat t\u00eb pafalsh\u00ebm. E b\u00ebra me q\u00ebllim k\u00ebt\u00eb segregacion pasi n\u00eb nj\u00ebfar\u00eb m\u00ebnyre partit\u00eb tjera i kan\u00eb kryer obligimet ndaj veprimtar\u00ebve dhe p\u00ebrkrah\u00ebsve t\u00eb tyre.<\/p>\n<p>N\u00eb k\u00ebt\u00eb plan LDK-ja ke mbetur n\u00eb fund t\u00eb pusit, prandaj themi se do t\u00eb ishte mir\u00eb, se do t\u00eb ishte n\u00eb sh\u00ebrbim t\u00eb sh\u00ebndetit t\u00eb saj politik, do t\u00eb ishte n\u00eb dobin\u00eb e saj q\u00eb t\u2019i rregulloj raportet me diaspor\u00ebn e saj n\u00eb Evrop\u00ebn Per\u00ebndimore dhe n\u00eb SHBA, t\u00eb cil\u00ebs i ka shum\u00eb borxh, aq shum\u00eb q\u00eb vet\u00ebm Zoti mund t\u2019ua fal\u00eb m\u00ebkatet q\u00eb i kan\u00eb b\u00ebr\u00eb ndaj nj\u00eb armate veprimtar\u00ebsh t\u00eb cil\u00ebt e kan\u00eb mbajtur gjall\u00eb shpirtin e k\u00ebsaj partie edhe pse as at\u00ebher\u00eb LDK-ja nuk ka qen\u00eb aq mir\u00ebnjoh\u00ebse.<\/p>\n<p>Ky m\u00ebkat moral dhe kjo disfat\u00eb politike e LDK-s\u00eb duhet t\u2019i k\u00ebndell nj\u00ebher\u00eb e p\u00ebrgjithmon\u00eb drejtuesit e saj q\u00eb t\u00eb mos sillen me megalomani   sikurse deri m\u00eb tani, por t\u2019u k\u00ebrkohet falje pa hezitim sepse \u00ebsht\u00eb e moralshme, \u00ebsht\u00eb njer\u00ebzore. Ata duhet ta din\u00eb se kjo nuk arrihet ndryshe vet\u00ebm duke i k\u00ebrkuar falje publike p\u00ebr injorimin, n\u00ebn\u00e7mimin dhe p\u00ebrbuzjen q\u00eb ua ka b\u00ebr\u00eb me mij\u00ebra e mij\u00ebra veprimtar\u00ebve t\u00eb k\u00ebsaj partie q\u00eb p\u00ebr vite t\u00eb t\u00ebra kan\u00eb qen\u00eb n\u00eb sh\u00ebrbim t\u00eb tyre dhe t\u00eb Kosov\u00ebs n\u00eb p\u00ebrgjith\u00ebsi, kurse me t\u00eb mbaruar lufta kryesia qendrore \u00ebsht\u00eb sjell si despot ndaj tyre, duke i harruar dhe madje kurr\u00eb nuk i ka fal\u00ebnderuar.<\/p>\n<p>Nuk ka despotiz\u00ebm m\u00eb posht\u00ebrues se sa m\u00ebnyra e sjelljes kaq t\u00eb keqe q\u00eb kryesia e LDK-s\u00eb e ka mbajtur karshi gjysm\u00eb milion m\u00ebrgimtar\u00ebve kudo n\u00eb bot\u00eb. Nuk ka asnj\u00eb parti politike q\u00eb \u00ebsht\u00eb sjell me an\u00ebtar\u00ebsin\u00eb e vet si\u00e7 \u00ebsht\u00eb sjell LDK-ja me veprimtar\u00ebt e saj n\u00eb Diaspor\u00eb. E kur themi LDK-ja nuk dua ta kufizoj akuz\u00ebn vet\u00ebm n\u00eb kryesin\u00eb qendrore. Kjo sjellje prepotente, madje dhe posht\u00ebruese ndaj m\u00ebrgimtar\u00ebve \u00ebsht\u00eb shtrir\u00eb e zgjeruar cep m\u00eb cep ku ka LDK n\u00eb Kosov\u00eb. Madje sjelljet posht\u00ebruese nuk kan\u00eb t\u00eb ndalur, thuaja diaspora e k\u00ebsaj partie p\u00ebr vite t\u00eb t\u00ebra ka marr\u00eb frym\u00eb me mushk\u00ebrit\u00eb e kryesis\u00eb qendrore,  e sot po hakmerret duke harruar se vota e tyre \u00ebsht\u00eb nj\u00eb p\u00ebrcaktuese e madhe e fatit t\u00eb LDK-s\u00eb.<\/p>\n<p>Jan\u00eb deg\u00ebt dhe n\u00ebndeg\u00ebt e k\u00ebsaj partie q\u00eb p\u00ebr vite t\u00eb t\u00ebra e kan\u00eb mbajtur n\u00eb k\u00ebmb\u00eb shpirtin patriotik te Kosov\u00ebs, jan\u00eb veprimtar\u00ebt e k\u00ebsaj partie q\u00eb m\u00eb shum\u00eb se kushdo tjet\u00ebr i trand\u00ebn metropolet m\u00eb t\u00eb m\u00ebdha bot\u00ebrore, dhe jan\u00eb pasurit e tyre q\u00eb dikujt n\u00eb kryesin\u00eb qendrore ua mbushen gushat dhe asnj\u00ebher\u00eb nuk p\u00ebrtonin t\u00eb vinin n\u00eb diaspor\u00eb, madje edhe p\u00ebr Sh\u00ebn Mit\u00ebr e Sh\u00ebn Gjergj, sidomos n\u00eb Zvic\u00ebr dhe Gjermani.<\/p>\n<p>Kurse me t\u00eb p\u00ebrfunduar lufta kryesia qendrore n\u00eb m\u00ebnyr\u00eb rapide i ka shk\u00ebputur marr\u00ebdh\u00ebniet me Deg\u00ebt n\u00eb Evrop\u00eb t\u00eb cilat vet\u00ebm formalisht tani ekzistojn\u00eb, madje kryesia qendrore as nuk i ka njohur dhe as nuk i njeh kur kthehen k\u00ebta m\u00ebrgimtar n\u00eb Kosov\u00eb, pa le t\u00eb mos flasim n\u00ebse k\u00ebta veprimtar, ndonj\u00ebri syresh \u00ebsht\u00eb ftuar n\u00eb ndonj\u00eb solemnitet rasti, n\u00eb ndonj\u00eb p\u00ebrvjetor q\u00eb ka sh\u00ebnuar partia n\u00eb Prishtin\u00eb a n\u00ebp\u00ebr deg\u00ebt e saj kudo n\u00eb Kosov\u00eb. Asnj\u00eb veprimtar i LDK-s\u00eb nuk \u00ebsht\u00eb caktuar n\u00eb ndonj\u00eb post partiak, n\u00eb ndonj\u00eb post t\u00eb qeverive lokale, qoft\u00eb edhe si k\u00ebshilltar t\u00eb jasht\u00ebm n\u00eb ato komuna ku ka udh\u00ebhequr LDK-ja, e t\u00eb mos flasim n\u00eb institucionet qendrore e ato presidenciale, pa le m\u00eb n\u00ebp\u00ebr ambasadat e shumta q\u00eb jan\u00eb hapur n\u00ebp\u00ebr bot\u00eb.<\/p>\n<p>Edhe n\u00ebse \u00ebsht\u00eb ndonj\u00eb rast i rrall\u00eb, q\u00eb nuk mund t\u00eb p\u00ebrjashtohen, sigurisht q\u00eb nuk thon\u00eb gj\u00eb p\u00ebr shpirtin organizativ t\u00eb k\u00ebsaj partie kudo n\u00ebp\u00ebr Evrop\u00eb, pasi dihet se karrierist\u00ebt do t\u00eb jen\u00eb t\u00eb par\u00ebt q\u00eb shp\u00ebrblehen, jo vet\u00ebm nga LDK-ja. P\u00ebrkundrazi kryetari i partis\u00eb, si p\u00ebr inat t\u00eb diaspor\u00ebs, ka avancuar dhe ka shp\u00ebrblyer dy kreaturat m\u00eb posht\u00ebruese q\u00eb kan\u00eb shkretuar shpirtin e m\u00ebrgimtarit, dhe kurr\u00eb mbase asnj\u00ebher\u00eb as kryetari dhe as kryesia qendrore nuk kan\u00eb shprehur nj\u00eb mir\u00ebkuptim p\u00ebr veprimtar\u00ebt e saj.<\/p>\n<p>Madje, partia, shteti dhe Kosova ka shum\u00eb e shum\u00eb sektor t\u00eb tjer\u00eb q\u00eb do t\u00eb ishin justifikuar se kan\u00eb nj\u00eb respekt p\u00ebr diaspor\u00ebn. Madje as si bashk\u00ebpun\u00ebtor, a k\u00ebshilltar human n\u00eb fush\u00ebn e kultur\u00ebs, arsimit, humanizmit dhe t\u00eb  informimit nuk kan\u00eb b\u00ebr\u00eb gj\u00eb, pa le n\u00eb at\u00eb t\u00eb politik\u00ebs, reformimit a t\u00eb k\u00ebshilltar\u00ebve juridik  t\u00eb cil\u00ebt nuk mungojn\u00eb, ku do t\u00eb kishin ngush\u00eblluar sadopak diaspor\u00ebn e k\u00ebsaj partie se mbase qendra dhe Kosova nuk i ka harruar.<\/p>\n<p>Pastaj deg\u00ebt e LDK-s\u00eb n\u00ebp\u00ebr komunat e Kosov\u00ebs kan\u00eb mundur ta luajn\u00eb nj\u00eb rol t\u00eb madh n\u00eb k\u00ebt\u00eb plan, duke i dalluar veprimtar\u00ebt e regjioneve t\u00eb tyre p\u00ebr t\u2019i nderuar, kurse k\u00ebta t\u00eb fundit do t\u00eb kishin bartur mesazhin pozitiv deri n\u00eb vendet dhe regjionet ku jetojn\u00eb dhe veprojn\u00eb.<\/p>\n<p>Po ashtu shumica e Deg\u00ebve t\u00eb LDK-s\u00eb n\u00eb Kosov\u00eb ka mundur t\u00eb b\u00ebj\u00eb pritje p\u00ebr m\u00ebrgimtar\u00ebt e saj kurse qeverit\u00eb lokale ku jan\u00eb udh\u00ebhequr nga LDK-ja \u00ebsht\u00eb dashur t\u00eb organizojn\u00eb pritje p\u00ebr t\u00eb gjith\u00eb m\u00ebrgimtar\u00ebt pa dallim partie p\u00ebr t\u00eb shpreh fal\u00ebnderimin e tyre p\u00ebr pun\u00ebn e b\u00ebr\u00eb.<\/p>\n<p>Jam i sigurt se as Deg\u00ebt e LDK-s\u00eb dhe as qeverit\u00eb lokale nuk do t\u00eb shpenzonin asnj\u00eb cent, pasi shpirti i k\u00ebtyre m\u00ebrgimtar\u00ebve \u00ebsht\u00eb edhe sot e k\u00ebsaj dite solidar, por rezultati pozitiv do t\u00eb shkonte vet\u00ebm n\u00eb favorin e LDK-s\u00eb dhe t\u00eb Kosov\u00ebs sepse ata do t\u00eb ndikonin te familjar\u00ebt e tyre p\u00ebr t\u00eb dal\u00eb n\u00eb votime dhe p\u00ebr ta votuar pik\u00ebrisht partin\u00eb q\u00eb \u00ebsht\u00eb mir\u00ebnjoh\u00ebse p\u00ebr pun\u00ebn dhe angazhimin e tyre.<\/p>\n<p>P\u00ebrkundrazi m\u00ebrgimtar\u00ebt e Kosov\u00ebs kur jan\u00eb kthyer n\u00eb Kosov\u00eb, jo q\u00eb s\u2019jan\u00eb pritur e p\u00ebrcjellur, jo q\u00eb s\u2019jan\u00eb fal\u00ebnderuar e respektuar, por jan\u00eb torturuar gjat\u00eb koh\u00ebs s\u00eb nxjerrjes s\u00eb dokumentacionit t\u00eb domosdosh\u00ebm dhe jo rrall\u00eb kan\u00eb paguar taksa d\u00ebnimi dhe l\u00ebmosh\u00eb sikur n\u00eb administrat\u00ebn me zyrtar\u00ebt serb.<\/p>\n<p>Madje, madje  akademik t\u00eb LDK-s\u00eb, dhe titullar me fam\u00eb q\u00eb po kridhen n\u00eb kryesin\u00eb qendrore nuk jan\u00eb kursyer duke u shprehur edhe haptazi kund\u00ebr diaspor\u00ebs e cila gjat\u00eb gjith\u00eb veprimtaris\u00eb s\u00eb saj nuk paska vrapuar nga metropoli n\u00eb metropol n\u00eb k\u00ebmb\u00eb por paskan shkuar n\u00eb m\u00ebnyr\u00eb luksoze me automjetet q\u00eb nuk ua ka bler\u00eb LDK-ja, por edhe k\u00ebshtu si\u00e7 jan\u00eb shprehet nj\u00eb mllef i pa par mbi ta. Ky konstatim \u00ebsht\u00eb m\u00eb shum\u00eb se marr\u00ebzi, sepse t\u00eb dilte nga goja e nj\u00eb fshatari injorant do t\u00eb ishte e dhimbshme, pa le nga goja e akademikut q\u00eb rrihet e shtiret si njeri me fam\u00eb.<\/p>\n<p>I vetmi shp\u00ebrblim, n\u00ebse mund t\u00eb quhet shp\u00ebrblim, ka qen\u00eb injorimi, n\u00ebn\u00e7mimi dhe p\u00ebrbuzja e skajshme t\u00eb cil\u00ebn e kan\u00eb gjetur m\u00ebrgimtar\u00ebt e LDK-s\u00eb me boll\u00ebk sa her\u00eb q\u00eb jan\u00eb kthyer n\u00eb Kosov\u00eb. Kryesia qendrore me asnj\u00eb shembull nuk mund t\u00eb d\u00ebshmoj se ka shpreh\u00eb nj\u00eb mir\u00ebnjohje p\u00ebr pun\u00ebn e deg\u00ebve dhe n\u00ebndeg\u00ebve n\u00eb diaspor\u00eb, sidomos p\u00ebr ato deg\u00eb q\u00eb kan\u00eb vepruar dhe kan\u00eb derdhur mjetet e tyre n\u00eb Fondin e Qeveris\u00eb q\u00eb e ka udh\u00ebhequr Bujar Bukoshi dhe Ministri i Ekonomis\u00eb dhe Financave Isa Mustafa t\u00eb cil\u00ebt tashti jan\u00eb avancuar dhe jan\u00eb shp\u00ebrblyer si nj\u00eb kund\u00ebrp\u00ebrgjigje cinike ndaj deg\u00ebve q\u00eb kan\u00eb bartur me vite t\u00eb t\u00ebra mallkimin e zi t\u00eb k\u00ebtyre dy p\u00ebrfaq\u00ebsuesve t\u00eb t\u00eb ashtuquajtur institucionalist, por q\u00eb jan\u00eb sjell m\u00eb zi e m\u00eb keq se sa vet \u201cdjalli i zi\u201d.<\/p>\n<p>N\u00ebse k\u00ebt\u00eb akt moral nuk e ka arritur ta kryen kryesia qendrore, at\u00ebher\u00eb duhet ta b\u00ebn\u00eb KP i LDK-s\u00eb i cili duhet t\u00eb formon nj\u00eb grup punues i cili duhet t\u00eb merret me vler\u00ebsimin, riparimet dhe meremetimet e gjith\u00eb k\u00ebtij shkat\u00ebrrimi moral dhe politik mjaft\u00eb t\u00eb kushtuesh\u00ebm p\u00ebr LDK-n\u00eb. Po ashtu ky grup punues duhet t\u2019i krijon n\u00ebngrupet lokale n\u00ebp\u00ebr deg\u00ebt dhe n\u00ebndeg\u00ebt e LDK-s\u00eb n\u00eb t\u00ebr\u00eb Kosov\u00ebn q\u00eb do t\u00eb merren me k\u00ebt\u00eb \u00e7\u00ebshtje, duke gjetur forma e m\u00ebnyra p\u00ebr t\u2019u shfaj\u00ebsuar s\u00eb pari, dhe pastaj p\u00ebr t\u00eb riparuar shkat\u00ebrrimet q\u00eb ia kan\u00eb b\u00ebr\u00eb LDK-s\u00eb kjo garnitur\u00eb udh\u00ebheq\u00ebse e cila p\u00ebrve\u00e7 an\u00ebve negative nuk di se me \u00e7ka do t\u00eb krenohet.<\/p>\n<p>N\u00ebse nj\u00eb gj\u00eb e till\u00eb mund t\u00eb b\u00ebhet, at\u00ebher\u00eb interesi do t\u00eb jet\u00eb i dyfisht\u00eb pasi p\u00ebrftohet n\u00eb aspektin politik dhe do t\u00eb riktheheshin investimet qoft\u00eb p\u00ebr partin\u00eb apo p\u00ebr vendin n\u00eb p\u00ebrgjith\u00ebsi. K\u00ebt\u00eb ide n\u00eb aspektin e qeverisjes lokale duhet ta kryen edhe PDK-ja dhe AAK-ja n\u00ebp\u00ebr ato komuna ku ato qeverisin, duke i shp\u00ebrblyer m\u00ebrgimtar\u00ebt e saj pa dallim partie, p\u00ebr angazhimet e tyre p\u00ebr dekada me radh\u00eb.<\/p>\n<p>N\u00eb aspektin global qeverit\u00eb lokale duke krijuar leht\u00ebsira do t\u2019i joshte interesat e m\u00ebrgimtar\u00ebve p\u00ebr t\u00eb investuar n\u00eb Kosov\u00eb. K\u00ebto investime mund t\u00eb orientohen n\u00eb ekonomit\u00eb private, pastaj pushteti duhet t\u00eb krijon leht\u00ebsira  n\u00eb zgjedhjen e banimit a t\u00eb nd\u00ebrtimit t\u00eb sht\u00ebpive t\u00eb tyre, t\u00eb cil\u00ebt do ta b\u00ebnin me d\u00ebshir\u00eb pasi shpirti i tyre \u00ebsht\u00eb i lidhur ngusht\u00eb me Kosov\u00ebn.<\/p>\n<p>Qeverit\u00eb lokale duhet t\u00eb din\u00eb t\u00eb hartojn\u00eb programe serioze q\u00eb do t\u00eb thithin investitor\u00ebt e vegj\u00ebl t\u00eb cil\u00ebt jan\u00eb m\u00ebrgimtar\u00ebt e shumt\u00eb ku n\u00ebp\u00ebr disa komuna t\u00eb Kosov\u00ebs do t\u00eb kishin luajtur nj\u00eb rol me r\u00ebnd\u00ebsi n\u00eb zhvillimin e ekonomive familjare dhe t\u00eb prodhuesve t\u00eb vegj\u00ebl, qofshin k\u00ebta bujq\u00ebsor, blegtoral a hotelier.<\/p>\n<p>Si do q\u00eb t\u00eb jet\u00eb, i takon LDK-s\u00eb t\u00eb kryej  obligimin e saj ndaj diaspor\u00ebs, p\u00ebr t\u2019u shfaj\u00ebsuar, e pastaj p\u00ebr t\u00eb krijuar kushtet q\u00eb m\u00ebrgimtar\u00ebt t\u00eb ndjehen mir\u00eb n\u00eb sht\u00ebpin\u00eb e tyre dhe t\u00eb b\u00ebhen pjes\u00eb aktive e proceseve n\u00ebp\u00ebr t\u00eb cilat po kalon Kosova.<\/p>\n<p>E.Mail: <em>shefqet.dibrani@bluewin.ch <\/em><\/p>\n<p><em>Zvic\u00ebr,  27 qershor 2010<\/em>.<br \/>\n*<em>Botuar n\u00eb gazet\u00ebn \u201eEpoka e Re\u201c, 1 korrik 2010, Prishtin\u00eb<\/em>.<\/p>\n<p>*<em>Autori, \u00ebsht\u00eb an\u00ebtar\u00eb i LDK-s\u00eb q\u00eb nga viti 1989, p\u00ebr vite t\u00eb t\u00ebra ishte an\u00ebtar i kryesis\u00eb s\u00eb Deg\u00ebs s\u00eb LDK-s\u00eb n\u00eb Zvic\u00ebr dhe i N\u00ebndeg\u00ebs n\u00eb Kantonin St. Gallen, ku ai jeton. Po ashtu autori i shkrimit ishte delegat n\u00eb dy Kuvendet e LDK \u2013s\u00eb n\u00eb Prishtin\u00eb t\u00eb mbajtura n\u00eb vitet 1994 dhe 1998, autor i dhjet\u00eb librave t\u00eb publikuar dhe analist politik n\u00eb koh\u00ebt m\u00eb t\u00eb v\u00ebshtira q\u00eb kalonte LDK-ja, duke u b\u00ebr\u00eb z\u00ebri m\u00eb autentik i saj.<\/em><\/p>\n","protected":false},"excerpt":{"rendered":"<p>REFORMAT N\u00cb LDK (12) Shkruan: Shefqet DIBRANI Reformat q\u00eb do ta p\u00ebrfshijn\u00eb LDK-n\u00eb po shpresojm\u00eb se s\u00eb pari do ta k\u00ebndellin k\u00ebt\u00eb parti p\u00ebr t\u2019i k\u00ebrkuar falje diaspor\u00ebs s\u00eb saj me t\u00eb cil\u00ebn ka b\u00ebr\u00eb m\u00ebkat t\u00eb pafalsh\u00ebm. E b\u00ebra me q\u00ebllim k\u00ebt\u00eb segregacion pasi n\u00eb nj\u00ebfar\u00eb m\u00ebnyre partit\u00eb tjera i kan\u00eb kryer obligimet ndaj [&hellip;]<\/p>\n","protected":false},"author":1,"featured_media":0,"comment_status":"open","ping_status":"closed","sticky":false,"template":"","format":"standard","meta":{"footnotes":""},"categories":[2],"tags":[],"class_list":{"0":"post-3324","1":"post","2":"type-post","3":"status-publish","4":"format-standard","6":"category-artikuj"},"yoast_head":"<!-- This site is optimized with the Yoast SEO plugin v27.4 - https:\/\/yoast.com\/product\/yoast-seo-wordpress\/ -->\n<title>LDK-ja DUHET T&#039;I K\u00cbROJ\u00cb FALJE DIASPOR\u00cbS S\u00cb SAJ - FjALA e LIR\u00cb - Arkivi<\/title>\n<meta name=\"robots\" content=\"index, follow, max-snippet:-1, max-image-preview:large, max-video-preview:-1\" \/>\n<link rel=\"canonical\" href=\"https:\/\/fjala.info\/2009-2015\/ldk-ja-duhet-ti-keroje-falje-diaspores-se-saj\/\" \/>\n<meta property=\"og:locale\" content=\"sq_AL\" \/>\n<meta property=\"og:type\" content=\"article\" \/>\n<meta property=\"og:title\" content=\"LDK-ja DUHET T&#039;I K\u00cbROJ\u00cb FALJE DIASPOR\u00cbS S\u00cb SAJ - FjALA e LIR\u00cb - Arkivi\" \/>\n<meta property=\"og:description\" content=\"REFORMAT N\u00cb LDK (12) Shkruan: Shefqet DIBRANI Reformat q\u00eb do ta p\u00ebrfshijn\u00eb LDK-n\u00eb po shpresojm\u00eb se s\u00eb pari do ta k\u00ebndellin k\u00ebt\u00eb parti p\u00ebr t\u2019i k\u00ebrkuar falje diaspor\u00ebs s\u00eb saj me t\u00eb cil\u00ebn ka b\u00ebr\u00eb m\u00ebkat t\u00eb pafalsh\u00ebm. E b\u00ebra me q\u00ebllim k\u00ebt\u00eb segregacion pasi n\u00eb nj\u00ebfar\u00eb m\u00ebnyre partit\u00eb tjera i kan\u00eb kryer obligimet ndaj [&hellip;]\" \/>\n<meta property=\"og:url\" content=\"https:\/\/fjala.info\/2009-2015\/ldk-ja-duhet-ti-keroje-falje-diaspores-se-saj\/\" \/>\n<meta property=\"og:site_name\" content=\"FjALA e LIR\u00cb - Arkivi\" \/>\n<meta property=\"article:published_time\" content=\"2010-07-13T21:45:19+00:00\" \/>\n<meta property=\"og:image\" content=\"http:\/\/www.shkoder.net\/images\/fjala\/dibrani.jpg\" \/>\n<meta name=\"author\" content=\"admin\" \/>\n<meta name=\"twitter:card\" content=\"summary_large_image\" \/>\n<meta name=\"twitter:label1\" content=\"Written by\" \/>\n\t<meta name=\"twitter:data1\" content=\"admin\" \/>\n\t<meta name=\"twitter:label2\" content=\"Est. reading time\" \/>\n\t<meta name=\"twitter:data2\" content=\"10 minutes\" \/>\n<script type=\"application\/ld+json\" class=\"yoast-schema-graph\">{\"@context\":\"https:\\\/\\\/schema.org\",\"@graph\":[{\"@type\":\"Article\",\"@id\":\"https:\\\/\\\/fjala.info\\\/2009-2015\\\/ldk-ja-duhet-ti-keroje-falje-diaspores-se-saj\\\/#article\",\"isPartOf\":{\"@id\":\"https:\\\/\\\/fjala.info\\\/2009-2015\\\/ldk-ja-duhet-ti-keroje-falje-diaspores-se-saj\\\/\"},\"author\":{\"name\":\"admin\",\"@id\":\"https:\\\/\\\/fjala.info\\\/2009-2015\\\/#\\\/schema\\\/person\\\/3aa1163ef05469c496fc94e77611ada2\"},\"headline\":\"LDK-ja DUHET T&#8217;I K\u00cbROJ\u00cb FALJE DIASPOR\u00cbS S\u00cb SAJ\",\"datePublished\":\"2010-07-13T21:45:19+00:00\",\"mainEntityOfPage\":{\"@id\":\"https:\\\/\\\/fjala.info\\\/2009-2015\\\/ldk-ja-duhet-ti-keroje-falje-diaspores-se-saj\\\/\"},\"wordCount\":1992,\"commentCount\":0,\"publisher\":{\"@id\":\"https:\\\/\\\/fjala.info\\\/2009-2015\\\/#organization\"},\"image\":{\"@id\":\"https:\\\/\\\/fjala.info\\\/2009-2015\\\/ldk-ja-duhet-ti-keroje-falje-diaspores-se-saj\\\/#primaryimage\"},\"thumbnailUrl\":\"http:\\\/\\\/www.shkoder.net\\\/images\\\/fjala\\\/dibrani.jpg\",\"articleSection\":[\"Artikuj\"],\"inLanguage\":\"sq-AL\",\"potentialAction\":[{\"@type\":\"CommentAction\",\"name\":\"Comment\",\"target\":[\"https:\\\/\\\/fjala.info\\\/2009-2015\\\/ldk-ja-duhet-ti-keroje-falje-diaspores-se-saj\\\/#respond\"]}]},{\"@type\":\"WebPage\",\"@id\":\"https:\\\/\\\/fjala.info\\\/2009-2015\\\/ldk-ja-duhet-ti-keroje-falje-diaspores-se-saj\\\/\",\"url\":\"https:\\\/\\\/fjala.info\\\/2009-2015\\\/ldk-ja-duhet-ti-keroje-falje-diaspores-se-saj\\\/\",\"name\":\"LDK-ja DUHET T'I K\u00cbROJ\u00cb FALJE DIASPOR\u00cbS S\u00cb SAJ - FjALA e LIR\u00cb - Arkivi\",\"isPartOf\":{\"@id\":\"https:\\\/\\\/fjala.info\\\/2009-2015\\\/#website\"},\"primaryImageOfPage\":{\"@id\":\"https:\\\/\\\/fjala.info\\\/2009-2015\\\/ldk-ja-duhet-ti-keroje-falje-diaspores-se-saj\\\/#primaryimage\"},\"image\":{\"@id\":\"https:\\\/\\\/fjala.info\\\/2009-2015\\\/ldk-ja-duhet-ti-keroje-falje-diaspores-se-saj\\\/#primaryimage\"},\"thumbnailUrl\":\"http:\\\/\\\/www.shkoder.net\\\/images\\\/fjala\\\/dibrani.jpg\",\"datePublished\":\"2010-07-13T21:45:19+00:00\",\"breadcrumb\":{\"@id\":\"https:\\\/\\\/fjala.info\\\/2009-2015\\\/ldk-ja-duhet-ti-keroje-falje-diaspores-se-saj\\\/#breadcrumb\"},\"inLanguage\":\"sq-AL\",\"potentialAction\":[{\"@type\":\"ReadAction\",\"target\":[\"https:\\\/\\\/fjala.info\\\/2009-2015\\\/ldk-ja-duhet-ti-keroje-falje-diaspores-se-saj\\\/\"]}]},{\"@type\":\"ImageObject\",\"inLanguage\":\"sq-AL\",\"@id\":\"https:\\\/\\\/fjala.info\\\/2009-2015\\\/ldk-ja-duhet-ti-keroje-falje-diaspores-se-saj\\\/#primaryimage\",\"url\":\"http:\\\/\\\/www.shkoder.net\\\/images\\\/fjala\\\/dibrani.jpg\",\"contentUrl\":\"http:\\\/\\\/www.shkoder.net\\\/images\\\/fjala\\\/dibrani.jpg\"},{\"@type\":\"BreadcrumbList\",\"@id\":\"https:\\\/\\\/fjala.info\\\/2009-2015\\\/ldk-ja-duhet-ti-keroje-falje-diaspores-se-saj\\\/#breadcrumb\",\"itemListElement\":[{\"@type\":\"ListItem\",\"position\":1,\"name\":\"Home\",\"item\":\"https:\\\/\\\/fjala.info\\\/2009-2015\\\/\"},{\"@type\":\"ListItem\",\"position\":2,\"name\":\"LDK-ja DUHET T&#8217;I K\u00cbROJ\u00cb FALJE DIASPOR\u00cbS S\u00cb SAJ\"}]},{\"@type\":\"WebSite\",\"@id\":\"https:\\\/\\\/fjala.info\\\/2009-2015\\\/#website\",\"url\":\"https:\\\/\\\/fjala.info\\\/2009-2015\\\/\",\"name\":\"FjALA e LIR\u00cb - Arkivi\",\"description\":\"Arkivi 2009-2015\",\"publisher\":{\"@id\":\"https:\\\/\\\/fjala.info\\\/2009-2015\\\/#organization\"},\"potentialAction\":[{\"@type\":\"SearchAction\",\"target\":{\"@type\":\"EntryPoint\",\"urlTemplate\":\"https:\\\/\\\/fjala.info\\\/2009-2015\\\/?s={search_term_string}\"},\"query-input\":{\"@type\":\"PropertyValueSpecification\",\"valueRequired\":true,\"valueName\":\"search_term_string\"}}],\"inLanguage\":\"sq-AL\"},{\"@type\":\"Organization\",\"@id\":\"https:\\\/\\\/fjala.info\\\/2009-2015\\\/#organization\",\"name\":\"FjALA e LIR\u00cb - Arkivi\",\"url\":\"https:\\\/\\\/fjala.info\\\/2009-2015\\\/\",\"logo\":{\"@type\":\"ImageObject\",\"inLanguage\":\"sq-AL\",\"@id\":\"https:\\\/\\\/fjala.info\\\/2009-2015\\\/#\\\/schema\\\/logo\\\/image\\\/\",\"url\":\"\",\"contentUrl\":\"\",\"caption\":\"FjALA e LIR\u00cb - Arkivi\"},\"image\":{\"@id\":\"https:\\\/\\\/fjala.info\\\/2009-2015\\\/#\\\/schema\\\/logo\\\/image\\\/\"}},{\"@type\":\"Person\",\"@id\":\"https:\\\/\\\/fjala.info\\\/2009-2015\\\/#\\\/schema\\\/person\\\/3aa1163ef05469c496fc94e77611ada2\",\"name\":\"admin\",\"image\":{\"@type\":\"ImageObject\",\"inLanguage\":\"sq-AL\",\"@id\":\"https:\\\/\\\/fjala.info\\\/2009-2015\\\/wp-content\\\/uploads\\\/2012\\\/02\\\/arben_cokaj-120x150.jpg\",\"url\":\"https:\\\/\\\/fjala.info\\\/2009-2015\\\/wp-content\\\/uploads\\\/2012\\\/02\\\/arben_cokaj-120x150.jpg\",\"contentUrl\":\"https:\\\/\\\/fjala.info\\\/2009-2015\\\/wp-content\\\/uploads\\\/2012\\\/02\\\/arben_cokaj-120x150.jpg\",\"caption\":\"admin\"},\"description\":\"Admin, Fjala e Lir\u00eb\",\"sameAs\":[\"https:\\\/\\\/fjala.info\\\/\"],\"url\":\"https:\\\/\\\/fjala.info\\\/2009-2015\\\/author\\\/admin\\\/\"}]}<\/script>\n<!-- \/ Yoast SEO plugin. -->","yoast_head_json":{"title":"LDK-ja DUHET T'I K\u00cbROJ\u00cb FALJE DIASPOR\u00cbS S\u00cb SAJ - FjALA e LIR\u00cb - Arkivi","robots":{"index":"index","follow":"follow","max-snippet":"max-snippet:-1","max-image-preview":"max-image-preview:large","max-video-preview":"max-video-preview:-1"},"canonical":"https:\/\/fjala.info\/2009-2015\/ldk-ja-duhet-ti-keroje-falje-diaspores-se-saj\/","og_locale":"sq_AL","og_type":"article","og_title":"LDK-ja DUHET T'I K\u00cbROJ\u00cb FALJE DIASPOR\u00cbS S\u00cb SAJ - FjALA e LIR\u00cb - Arkivi","og_description":"REFORMAT N\u00cb LDK (12) Shkruan: Shefqet DIBRANI Reformat q\u00eb do ta p\u00ebrfshijn\u00eb LDK-n\u00eb po shpresojm\u00eb se s\u00eb pari do ta k\u00ebndellin k\u00ebt\u00eb parti p\u00ebr t\u2019i k\u00ebrkuar falje diaspor\u00ebs s\u00eb saj me t\u00eb cil\u00ebn ka b\u00ebr\u00eb m\u00ebkat t\u00eb pafalsh\u00ebm. E b\u00ebra me q\u00ebllim k\u00ebt\u00eb segregacion pasi n\u00eb nj\u00ebfar\u00eb m\u00ebnyre partit\u00eb tjera i kan\u00eb kryer obligimet ndaj [&hellip;]","og_url":"https:\/\/fjala.info\/2009-2015\/ldk-ja-duhet-ti-keroje-falje-diaspores-se-saj\/","og_site_name":"FjALA e LIR\u00cb - Arkivi","article_published_time":"2010-07-13T21:45:19+00:00","og_image":[{"url":"http:\/\/www.shkoder.net\/images\/fjala\/dibrani.jpg","type":"","width":"","height":""}],"author":"admin","twitter_card":"summary_large_image","twitter_misc":{"Written by":"admin","Est. reading time":"10 minutes"},"schema":{"@context":"https:\/\/schema.org","@graph":[{"@type":"Article","@id":"https:\/\/fjala.info\/2009-2015\/ldk-ja-duhet-ti-keroje-falje-diaspores-se-saj\/#article","isPartOf":{"@id":"https:\/\/fjala.info\/2009-2015\/ldk-ja-duhet-ti-keroje-falje-diaspores-se-saj\/"},"author":{"name":"admin","@id":"https:\/\/fjala.info\/2009-2015\/#\/schema\/person\/3aa1163ef05469c496fc94e77611ada2"},"headline":"LDK-ja DUHET T&#8217;I K\u00cbROJ\u00cb FALJE DIASPOR\u00cbS S\u00cb SAJ","datePublished":"2010-07-13T21:45:19+00:00","mainEntityOfPage":{"@id":"https:\/\/fjala.info\/2009-2015\/ldk-ja-duhet-ti-keroje-falje-diaspores-se-saj\/"},"wordCount":1992,"commentCount":0,"publisher":{"@id":"https:\/\/fjala.info\/2009-2015\/#organization"},"image":{"@id":"https:\/\/fjala.info\/2009-2015\/ldk-ja-duhet-ti-keroje-falje-diaspores-se-saj\/#primaryimage"},"thumbnailUrl":"http:\/\/www.shkoder.net\/images\/fjala\/dibrani.jpg","articleSection":["Artikuj"],"inLanguage":"sq-AL","potentialAction":[{"@type":"CommentAction","name":"Comment","target":["https:\/\/fjala.info\/2009-2015\/ldk-ja-duhet-ti-keroje-falje-diaspores-se-saj\/#respond"]}]},{"@type":"WebPage","@id":"https:\/\/fjala.info\/2009-2015\/ldk-ja-duhet-ti-keroje-falje-diaspores-se-saj\/","url":"https:\/\/fjala.info\/2009-2015\/ldk-ja-duhet-ti-keroje-falje-diaspores-se-saj\/","name":"LDK-ja DUHET T'I K\u00cbROJ\u00cb FALJE DIASPOR\u00cbS S\u00cb SAJ - FjALA e LIR\u00cb - Arkivi","isPartOf":{"@id":"https:\/\/fjala.info\/2009-2015\/#website"},"primaryImageOfPage":{"@id":"https:\/\/fjala.info\/2009-2015\/ldk-ja-duhet-ti-keroje-falje-diaspores-se-saj\/#primaryimage"},"image":{"@id":"https:\/\/fjala.info\/2009-2015\/ldk-ja-duhet-ti-keroje-falje-diaspores-se-saj\/#primaryimage"},"thumbnailUrl":"http:\/\/www.shkoder.net\/images\/fjala\/dibrani.jpg","datePublished":"2010-07-13T21:45:19+00:00","breadcrumb":{"@id":"https:\/\/fjala.info\/2009-2015\/ldk-ja-duhet-ti-keroje-falje-diaspores-se-saj\/#breadcrumb"},"inLanguage":"sq-AL","potentialAction":[{"@type":"ReadAction","target":["https:\/\/fjala.info\/2009-2015\/ldk-ja-duhet-ti-keroje-falje-diaspores-se-saj\/"]}]},{"@type":"ImageObject","inLanguage":"sq-AL","@id":"https:\/\/fjala.info\/2009-2015\/ldk-ja-duhet-ti-keroje-falje-diaspores-se-saj\/#primaryimage","url":"http:\/\/www.shkoder.net\/images\/fjala\/dibrani.jpg","contentUrl":"http:\/\/www.shkoder.net\/images\/fjala\/dibrani.jpg"},{"@type":"BreadcrumbList","@id":"https:\/\/fjala.info\/2009-2015\/ldk-ja-duhet-ti-keroje-falje-diaspores-se-saj\/#breadcrumb","itemListElement":[{"@type":"ListItem","position":1,"name":"Home","item":"https:\/\/fjala.info\/2009-2015\/"},{"@type":"ListItem","position":2,"name":"LDK-ja DUHET T&#8217;I K\u00cbROJ\u00cb FALJE DIASPOR\u00cbS S\u00cb SAJ"}]},{"@type":"WebSite","@id":"https:\/\/fjala.info\/2009-2015\/#website","url":"https:\/\/fjala.info\/2009-2015\/","name":"FjALA e LIR\u00cb - Arkivi","description":"Arkivi 2009-2015","publisher":{"@id":"https:\/\/fjala.info\/2009-2015\/#organization"},"potentialAction":[{"@type":"SearchAction","target":{"@type":"EntryPoint","urlTemplate":"https:\/\/fjala.info\/2009-2015\/?s={search_term_string}"},"query-input":{"@type":"PropertyValueSpecification","valueRequired":true,"valueName":"search_term_string"}}],"inLanguage":"sq-AL"},{"@type":"Organization","@id":"https:\/\/fjala.info\/2009-2015\/#organization","name":"FjALA e LIR\u00cb - Arkivi","url":"https:\/\/fjala.info\/2009-2015\/","logo":{"@type":"ImageObject","inLanguage":"sq-AL","@id":"https:\/\/fjala.info\/2009-2015\/#\/schema\/logo\/image\/","url":"","contentUrl":"","caption":"FjALA e LIR\u00cb - Arkivi"},"image":{"@id":"https:\/\/fjala.info\/2009-2015\/#\/schema\/logo\/image\/"}},{"@type":"Person","@id":"https:\/\/fjala.info\/2009-2015\/#\/schema\/person\/3aa1163ef05469c496fc94e77611ada2","name":"admin","image":{"@type":"ImageObject","inLanguage":"sq-AL","@id":"https:\/\/fjala.info\/2009-2015\/wp-content\/uploads\/2012\/02\/arben_cokaj-120x150.jpg","url":"https:\/\/fjala.info\/2009-2015\/wp-content\/uploads\/2012\/02\/arben_cokaj-120x150.jpg","contentUrl":"https:\/\/fjala.info\/2009-2015\/wp-content\/uploads\/2012\/02\/arben_cokaj-120x150.jpg","caption":"admin"},"description":"Admin, Fjala e Lir\u00eb","sameAs":["https:\/\/fjala.info\/"],"url":"https:\/\/fjala.info\/2009-2015\/author\/admin\/"}]}},"_links":{"self":[{"href":"https:\/\/fjala.info\/2009-2015\/wp-json\/wp\/v2\/posts\/3324","targetHints":{"allow":["GET"]}}],"collection":[{"href":"https:\/\/fjala.info\/2009-2015\/wp-json\/wp\/v2\/posts"}],"about":[{"href":"https:\/\/fjala.info\/2009-2015\/wp-json\/wp\/v2\/types\/post"}],"author":[{"embeddable":true,"href":"https:\/\/fjala.info\/2009-2015\/wp-json\/wp\/v2\/users\/1"}],"replies":[{"embeddable":true,"href":"https:\/\/fjala.info\/2009-2015\/wp-json\/wp\/v2\/comments?post=3324"}],"version-history":[{"count":0,"href":"https:\/\/fjala.info\/2009-2015\/wp-json\/wp\/v2\/posts\/3324\/revisions"}],"wp:attachment":[{"href":"https:\/\/fjala.info\/2009-2015\/wp-json\/wp\/v2\/media?parent=3324"}],"wp:term":[{"taxonomy":"category","embeddable":true,"href":"https:\/\/fjala.info\/2009-2015\/wp-json\/wp\/v2\/categories?post=3324"},{"taxonomy":"post_tag","embeddable":true,"href":"https:\/\/fjala.info\/2009-2015\/wp-json\/wp\/v2\/tags?post=3324"}],"curies":[{"name":"wp","href":"https:\/\/api.w.org\/{rel}","templated":true}]}}