{"id":3320,"date":"2012-06-15T08:16:54","date_gmt":"2012-06-15T07:16:54","guid":{"rendered":"http:\/\/www.fjala.info\/?p=3320"},"modified":"2012-06-15T08:16:54","modified_gmt":"2012-06-15T07:16:54","slug":"kusari-lila-cimentoja-shqiptare-vjen-nga-italia-serbia-e-greqia","status":"publish","type":"post","link":"https:\/\/fjala.info\/2009-2015\/kusari-lila-cimentoja-shqiptare-vjen-nga-italia-serbia-e-greqia\/","title":{"rendered":"Kusari-Lila: \u00c7imentoja \u201cshqiptare\u201d vjen nga Italia, Serbia e Greqia"},"content":{"rendered":"<p><img decoding=\"async\" class=\"alignright size-thumbnail wp-image-7236\" title=\"Mero Baze\" src=\"http:\/\/www.fjala.info\/2012\/mimoza_kusari_lila.jpg\" alt=\"\" width=\"200\" \/> <strong>TemA<\/strong>, <em>14 Qershor 2012<\/em><\/p>\n<p>Ministrja e Tregtis\u00eb dhe Industris\u00eb n\u00eb Kosov\u00eb, Mimoza Kusari-Lila mbron vendimin e saj p\u00ebr vendosjen e tarif\u00ebs prej 35 p\u00ebr qind p\u00ebr \u00e7imenton e importuar nga Shqip\u00ebria dhe vendet e tjera, me arsyetimin se n\u00eb tri vitet e fundit \u00ebsht\u00eb rritur importi i k\u00ebtij produkti n\u00eb treg nga 3 n\u00eb 35%.<\/p>\n<p>Di\u00e7ka e till\u00eb ka prekur tregun e \u00e7imentos, duke e d\u00ebmtuar m\u00eb s\u00eb shumti fabrik\u00ebn e vetme t\u00eb prodhimit t\u00eb \u00e7imentos n\u00eb Kosov\u00eb \u201cSharr Cem\u201d.<\/p>\n<p>N\u00eb nj\u00eb intervist\u00eb p\u00ebr \u201c\u201dTop Channel\u201d, ministrja kosovare e quajti vendimin si mas\u00eb t\u00eb aplikueshme p\u00ebr mbajtjen e tregut n\u00ebn kontroll dhe ofrimin e mund\u00ebsive t\u00eb barabarta p\u00ebr t\u00eb gjitha ata q\u00eb duan t\u00eb jen\u00eb prezent n\u00eb treg.<\/p>\n<p>\u201cDua t\u00eb theksoj se kjo mas\u00eb nuk \u00ebsht\u00eb marr\u00eb vet\u00ebm ndaj Shqip\u00ebris\u00eb, por ka nd\u00ebrlidhje edhe me produktet q\u00eb vijn\u00eb nga Shqip\u00ebria n\u00eb Kosov\u00eb, nga Italia e vende t\u00eb tjera evropiane, jo n\u00eb proporcion me rrjedh\u00ebn e tregut t\u00eb lir\u00eb. Prandaj ka nj\u00eb nd\u00ebrhyrje n\u00eb treg, kjo \u00ebsht\u00eb nj\u00eb mas\u00eb e p\u00ebrkohshme 90-ditore. N\u00ebse v\u00ebrtetohet q\u00eb s\u2019ka nj\u00eb praktik\u00eb q\u00eb prish tregun n\u00eb Kosov\u00eb, masa mund t\u00eb zgjatet, n\u00eb rast t\u00eb kund\u00ebrt mund t\u00eb vazhdohet m\u00eb tej\u201d, deklaroi Kusari-Lila.<\/p>\n<p>Sipas ministres, problemi nuk \u00ebsht\u00eb vet\u00ebm te fabrika e prodhimit n\u00eb Fush\u00eb Kruj\u00eb, por n\u00eb t\u00eb nj\u00ebjt\u00ebn koh\u00eb Shqip\u00ebria importon edhe \u00e7imenton e prodhuar n\u00eb Itali. Nj\u00eb grup punues po heton mbi arsyet e importit n\u00eb sasi t\u00eb m\u00ebdha t\u00eb \u00e7imentos n\u00eb Kosov\u00eb.<\/p>\n<p>Rezultatet e para tregojn\u00eb se n\u00eb Itali dhe Shqip\u00ebri ka pasur hiperprodhim t\u00eb \u00e7imentos dhe si rrjedhoj\u00eb Kosova \u00ebsht\u00eb par\u00eb si treg i volitsh\u00ebm p\u00ebr shkak t\u00eb k\u00ebrkes\u00ebs n\u00eb rritje n\u00eb industrin\u00eb e nd\u00ebrtimit.<\/p>\n<p>Teksa mohon pretendimet se nj\u00eb mas\u00eb e till\u00eb ngre koston e nd\u00ebrtimit, ministrja Kusari-Lila shton se kompanit\u00eb kosovare t\u00eb importit kan\u00eb manipuluar me faktet, duke e deklaruar \u00e7imenton me \u00e7mim shum\u00eb t\u00eb ul\u00ebt n\u00eb dogan\u00eb dhe duke e shitur m\u00eb pas me \u00e7mimin e tregut.<\/p>\n<p>\u201cFitimi q\u00eb paraqitet n\u00eb dogan\u00eb nuk \u00ebsht\u00eb i nj\u00ebjt\u00eb me at\u00eb real. Synimi i k\u00ebsaj mase nuk \u00ebsht\u00eb bllokimi, por vet\u00ebm sqarimi dhe vendosja n\u00ebn kontroll e tregut. N\u00eb t\u00eb nj\u00ebjt\u00ebn m\u00ebnyr\u00eb monitorohet nj\u00ebkoh\u00ebsisht edhe \u00e7mimi i produktit kosovar, n\u00eb m\u00ebnyr\u00eb q\u00eb t\u00eb mos rritet abuzivisht fitimi i krijuar\u201d.<\/p>\n<p>Vendimi i Ministris\u00eb s\u00eb Tregtis\u00eb \u00ebsht\u00eb kritikuar nga deputetet e Kuvendit e Kosov\u00ebs. Dy deputet\u00eb, njeri nga koalicioni p\u00ebr Kosov\u00eb t\u00eb Re e tjetri nga PDK-ja, q\u00eb t\u00eb dy n\u00eb bashk\u00ebqeverisje me ministren Kusari-Lila, kan\u00eb th\u00ebn\u00eb se bllokimi i \u00e7imentos shqiptare iu sh\u00ebrben interesave t\u00eb ngushta klanore.<\/p>\n<p>T\u00eb dh\u00ebnat nga doganat e Kosov\u00ebs flasin p\u00ebr shum\u00ebfishimin e importit t\u00eb \u00e7imentos nga Shqip\u00ebria n\u00eb tre vjet\u00ebt e fundit. N\u00ebse n\u00eb vitin 2009 ishin importuar 16 702 ton\u00eb \u00e7imento, n\u00eb vitin 2011 sasia e importit arrin n\u00eb 226 847 ton\u00eb.<\/p>\n<p>Nd\u00ebrkaq, pas marrjes s\u00eb vendimit nga Ministria e Tregtis\u00eb, p\u00ebr tre dit\u00ebt e fundit pasi u zbatua vendimi p\u00ebr tarif\u00ebn prej 35%, Shqip\u00ebria ka importuar vet\u00ebm m\u00eb 11 qershor rreth 70 mij\u00eb ton\u00eb \u00e7imento. Me 12 dhe 13 qershor ka munguar t\u00ebr\u00ebsisht importi nga Shqip\u00ebria, por ka vazhduar t\u00eb hyj\u00eb \u00e7imento nga Greqia, Italia dhe Serbia.<\/p>\n","protected":false},"excerpt":{"rendered":"<p>TemA, 14 Qershor 2012 Ministrja e Tregtis\u00eb dhe Industris\u00eb n\u00eb Kosov\u00eb, Mimoza Kusari-Lila mbron vendimin e saj p\u00ebr vendosjen e tarif\u00ebs prej 35 p\u00ebr qind p\u00ebr \u00e7imenton e importuar nga Shqip\u00ebria dhe vendet e tjera, me arsyetimin se n\u00eb tri vitet e fundit \u00ebsht\u00eb rritur importi i k\u00ebtij produkti n\u00eb treg nga 3 n\u00eb 35%. [&hellip;]<\/p>\n","protected":false},"author":1,"featured_media":0,"comment_status":"open","ping_status":"closed","sticky":false,"template":"","format":"standard","meta":{"footnotes":""},"categories":[2,5],"tags":[],"class_list":{"0":"post-3320","1":"post","2":"type-post","3":"status-publish","4":"format-standard","6":"category-artikuj","7":"category-lajme"},"yoast_head":"<!-- This site is optimized with the Yoast SEO plugin v27.4 - https:\/\/yoast.com\/product\/yoast-seo-wordpress\/ -->\n<title>Kusari-Lila: \u00c7imentoja \u201cshqiptare\u201d vjen nga Italia, Serbia e Greqia - FjALA e LIR\u00cb - Arkivi<\/title>\n<meta name=\"robots\" content=\"index, follow, max-snippet:-1, max-image-preview:large, max-video-preview:-1\" \/>\n<link rel=\"canonical\" href=\"https:\/\/fjala.info\/2009-2015\/kusari-lila-cimentoja-shqiptare-vjen-nga-italia-serbia-e-greqia\/\" \/>\n<meta property=\"og:locale\" content=\"sq_AL\" \/>\n<meta property=\"og:type\" content=\"article\" \/>\n<meta property=\"og:title\" content=\"Kusari-Lila: \u00c7imentoja \u201cshqiptare\u201d vjen nga Italia, Serbia e Greqia - FjALA e LIR\u00cb - Arkivi\" \/>\n<meta property=\"og:description\" content=\"TemA, 14 Qershor 2012 Ministrja e Tregtis\u00eb dhe Industris\u00eb n\u00eb Kosov\u00eb, Mimoza Kusari-Lila mbron vendimin e saj p\u00ebr vendosjen e tarif\u00ebs prej 35 p\u00ebr qind p\u00ebr \u00e7imenton e importuar nga Shqip\u00ebria dhe vendet e tjera, me arsyetimin se n\u00eb tri vitet e fundit \u00ebsht\u00eb rritur importi i k\u00ebtij produkti n\u00eb treg nga 3 n\u00eb 35%. [&hellip;]\" \/>\n<meta property=\"og:url\" content=\"https:\/\/fjala.info\/2009-2015\/kusari-lila-cimentoja-shqiptare-vjen-nga-italia-serbia-e-greqia\/\" \/>\n<meta property=\"og:site_name\" content=\"FjALA e LIR\u00cb - Arkivi\" \/>\n<meta property=\"article:published_time\" content=\"2012-06-15T07:16:54+00:00\" \/>\n<meta property=\"og:image\" content=\"http:\/\/www.fjala.info\/2012\/mimoza_kusari_lila.jpg\" \/>\n<meta name=\"author\" content=\"admin\" \/>\n<meta name=\"twitter:card\" content=\"summary_large_image\" \/>\n<meta name=\"twitter:label1\" content=\"Written by\" \/>\n\t<meta name=\"twitter:data1\" content=\"admin\" \/>\n\t<meta name=\"twitter:label2\" content=\"Est. reading time\" \/>\n\t<meta name=\"twitter:data2\" content=\"3 minutes\" \/>\n<script type=\"application\/ld+json\" class=\"yoast-schema-graph\">{\"@context\":\"https:\\\/\\\/schema.org\",\"@graph\":[{\"@type\":\"Article\",\"@id\":\"https:\\\/\\\/fjala.info\\\/2009-2015\\\/kusari-lila-cimentoja-shqiptare-vjen-nga-italia-serbia-e-greqia\\\/#article\",\"isPartOf\":{\"@id\":\"https:\\\/\\\/fjala.info\\\/2009-2015\\\/kusari-lila-cimentoja-shqiptare-vjen-nga-italia-serbia-e-greqia\\\/\"},\"author\":{\"name\":\"admin\",\"@id\":\"https:\\\/\\\/fjala.info\\\/2009-2015\\\/#\\\/schema\\\/person\\\/3aa1163ef05469c496fc94e77611ada2\"},\"headline\":\"Kusari-Lila: \u00c7imentoja \u201cshqiptare\u201d vjen nga Italia, Serbia e Greqia\",\"datePublished\":\"2012-06-15T07:16:54+00:00\",\"mainEntityOfPage\":{\"@id\":\"https:\\\/\\\/fjala.info\\\/2009-2015\\\/kusari-lila-cimentoja-shqiptare-vjen-nga-italia-serbia-e-greqia\\\/\"},\"wordCount\":575,\"commentCount\":0,\"publisher\":{\"@id\":\"https:\\\/\\\/fjala.info\\\/2009-2015\\\/#organization\"},\"image\":{\"@id\":\"https:\\\/\\\/fjala.info\\\/2009-2015\\\/kusari-lila-cimentoja-shqiptare-vjen-nga-italia-serbia-e-greqia\\\/#primaryimage\"},\"thumbnailUrl\":\"http:\\\/\\\/www.fjala.info\\\/2012\\\/mimoza_kusari_lila.jpg\",\"articleSection\":[\"Artikuj\",\"Lajme\"],\"inLanguage\":\"sq-AL\",\"potentialAction\":[{\"@type\":\"CommentAction\",\"name\":\"Comment\",\"target\":[\"https:\\\/\\\/fjala.info\\\/2009-2015\\\/kusari-lila-cimentoja-shqiptare-vjen-nga-italia-serbia-e-greqia\\\/#respond\"]}]},{\"@type\":\"WebPage\",\"@id\":\"https:\\\/\\\/fjala.info\\\/2009-2015\\\/kusari-lila-cimentoja-shqiptare-vjen-nga-italia-serbia-e-greqia\\\/\",\"url\":\"https:\\\/\\\/fjala.info\\\/2009-2015\\\/kusari-lila-cimentoja-shqiptare-vjen-nga-italia-serbia-e-greqia\\\/\",\"name\":\"Kusari-Lila: \u00c7imentoja \u201cshqiptare\u201d vjen nga Italia, Serbia e Greqia - FjALA e LIR\u00cb - Arkivi\",\"isPartOf\":{\"@id\":\"https:\\\/\\\/fjala.info\\\/2009-2015\\\/#website\"},\"primaryImageOfPage\":{\"@id\":\"https:\\\/\\\/fjala.info\\\/2009-2015\\\/kusari-lila-cimentoja-shqiptare-vjen-nga-italia-serbia-e-greqia\\\/#primaryimage\"},\"image\":{\"@id\":\"https:\\\/\\\/fjala.info\\\/2009-2015\\\/kusari-lila-cimentoja-shqiptare-vjen-nga-italia-serbia-e-greqia\\\/#primaryimage\"},\"thumbnailUrl\":\"http:\\\/\\\/www.fjala.info\\\/2012\\\/mimoza_kusari_lila.jpg\",\"datePublished\":\"2012-06-15T07:16:54+00:00\",\"breadcrumb\":{\"@id\":\"https:\\\/\\\/fjala.info\\\/2009-2015\\\/kusari-lila-cimentoja-shqiptare-vjen-nga-italia-serbia-e-greqia\\\/#breadcrumb\"},\"inLanguage\":\"sq-AL\",\"potentialAction\":[{\"@type\":\"ReadAction\",\"target\":[\"https:\\\/\\\/fjala.info\\\/2009-2015\\\/kusari-lila-cimentoja-shqiptare-vjen-nga-italia-serbia-e-greqia\\\/\"]}]},{\"@type\":\"ImageObject\",\"inLanguage\":\"sq-AL\",\"@id\":\"https:\\\/\\\/fjala.info\\\/2009-2015\\\/kusari-lila-cimentoja-shqiptare-vjen-nga-italia-serbia-e-greqia\\\/#primaryimage\",\"url\":\"http:\\\/\\\/www.fjala.info\\\/2012\\\/mimoza_kusari_lila.jpg\",\"contentUrl\":\"http:\\\/\\\/www.fjala.info\\\/2012\\\/mimoza_kusari_lila.jpg\"},{\"@type\":\"BreadcrumbList\",\"@id\":\"https:\\\/\\\/fjala.info\\\/2009-2015\\\/kusari-lila-cimentoja-shqiptare-vjen-nga-italia-serbia-e-greqia\\\/#breadcrumb\",\"itemListElement\":[{\"@type\":\"ListItem\",\"position\":1,\"name\":\"Home\",\"item\":\"https:\\\/\\\/fjala.info\\\/2009-2015\\\/\"},{\"@type\":\"ListItem\",\"position\":2,\"name\":\"Kusari-Lila: \u00c7imentoja \u201cshqiptare\u201d vjen nga Italia, Serbia e Greqia\"}]},{\"@type\":\"WebSite\",\"@id\":\"https:\\\/\\\/fjala.info\\\/2009-2015\\\/#website\",\"url\":\"https:\\\/\\\/fjala.info\\\/2009-2015\\\/\",\"name\":\"FjALA e LIR\u00cb - Arkivi\",\"description\":\"Arkivi 2009-2015\",\"publisher\":{\"@id\":\"https:\\\/\\\/fjala.info\\\/2009-2015\\\/#organization\"},\"potentialAction\":[{\"@type\":\"SearchAction\",\"target\":{\"@type\":\"EntryPoint\",\"urlTemplate\":\"https:\\\/\\\/fjala.info\\\/2009-2015\\\/?s={search_term_string}\"},\"query-input\":{\"@type\":\"PropertyValueSpecification\",\"valueRequired\":true,\"valueName\":\"search_term_string\"}}],\"inLanguage\":\"sq-AL\"},{\"@type\":\"Organization\",\"@id\":\"https:\\\/\\\/fjala.info\\\/2009-2015\\\/#organization\",\"name\":\"FjALA e LIR\u00cb - Arkivi\",\"url\":\"https:\\\/\\\/fjala.info\\\/2009-2015\\\/\",\"logo\":{\"@type\":\"ImageObject\",\"inLanguage\":\"sq-AL\",\"@id\":\"https:\\\/\\\/fjala.info\\\/2009-2015\\\/#\\\/schema\\\/logo\\\/image\\\/\",\"url\":\"\",\"contentUrl\":\"\",\"caption\":\"FjALA e LIR\u00cb - Arkivi\"},\"image\":{\"@id\":\"https:\\\/\\\/fjala.info\\\/2009-2015\\\/#\\\/schema\\\/logo\\\/image\\\/\"}},{\"@type\":\"Person\",\"@id\":\"https:\\\/\\\/fjala.info\\\/2009-2015\\\/#\\\/schema\\\/person\\\/3aa1163ef05469c496fc94e77611ada2\",\"name\":\"admin\",\"image\":{\"@type\":\"ImageObject\",\"inLanguage\":\"sq-AL\",\"@id\":\"https:\\\/\\\/fjala.info\\\/2009-2015\\\/wp-content\\\/uploads\\\/2012\\\/02\\\/arben_cokaj-120x150.jpg\",\"url\":\"https:\\\/\\\/fjala.info\\\/2009-2015\\\/wp-content\\\/uploads\\\/2012\\\/02\\\/arben_cokaj-120x150.jpg\",\"contentUrl\":\"https:\\\/\\\/fjala.info\\\/2009-2015\\\/wp-content\\\/uploads\\\/2012\\\/02\\\/arben_cokaj-120x150.jpg\",\"caption\":\"admin\"},\"description\":\"Admin, Fjala e Lir\u00eb\",\"sameAs\":[\"https:\\\/\\\/fjala.info\\\/\"],\"url\":\"https:\\\/\\\/fjala.info\\\/2009-2015\\\/author\\\/admin\\\/\"}]}<\/script>\n<!-- \/ Yoast SEO plugin. -->","yoast_head_json":{"title":"Kusari-Lila: \u00c7imentoja \u201cshqiptare\u201d vjen nga Italia, Serbia e Greqia - FjALA e LIR\u00cb - Arkivi","robots":{"index":"index","follow":"follow","max-snippet":"max-snippet:-1","max-image-preview":"max-image-preview:large","max-video-preview":"max-video-preview:-1"},"canonical":"https:\/\/fjala.info\/2009-2015\/kusari-lila-cimentoja-shqiptare-vjen-nga-italia-serbia-e-greqia\/","og_locale":"sq_AL","og_type":"article","og_title":"Kusari-Lila: \u00c7imentoja \u201cshqiptare\u201d vjen nga Italia, Serbia e Greqia - FjALA e LIR\u00cb - Arkivi","og_description":"TemA, 14 Qershor 2012 Ministrja e Tregtis\u00eb dhe Industris\u00eb n\u00eb Kosov\u00eb, Mimoza Kusari-Lila mbron vendimin e saj p\u00ebr vendosjen e tarif\u00ebs prej 35 p\u00ebr qind p\u00ebr \u00e7imenton e importuar nga Shqip\u00ebria dhe vendet e tjera, me arsyetimin se n\u00eb tri vitet e fundit \u00ebsht\u00eb rritur importi i k\u00ebtij produkti n\u00eb treg nga 3 n\u00eb 35%. [&hellip;]","og_url":"https:\/\/fjala.info\/2009-2015\/kusari-lila-cimentoja-shqiptare-vjen-nga-italia-serbia-e-greqia\/","og_site_name":"FjALA e LIR\u00cb - Arkivi","article_published_time":"2012-06-15T07:16:54+00:00","og_image":[{"url":"http:\/\/www.fjala.info\/2012\/mimoza_kusari_lila.jpg","type":"","width":"","height":""}],"author":"admin","twitter_card":"summary_large_image","twitter_misc":{"Written by":"admin","Est. reading time":"3 minutes"},"schema":{"@context":"https:\/\/schema.org","@graph":[{"@type":"Article","@id":"https:\/\/fjala.info\/2009-2015\/kusari-lila-cimentoja-shqiptare-vjen-nga-italia-serbia-e-greqia\/#article","isPartOf":{"@id":"https:\/\/fjala.info\/2009-2015\/kusari-lila-cimentoja-shqiptare-vjen-nga-italia-serbia-e-greqia\/"},"author":{"name":"admin","@id":"https:\/\/fjala.info\/2009-2015\/#\/schema\/person\/3aa1163ef05469c496fc94e77611ada2"},"headline":"Kusari-Lila: \u00c7imentoja \u201cshqiptare\u201d vjen nga Italia, Serbia e Greqia","datePublished":"2012-06-15T07:16:54+00:00","mainEntityOfPage":{"@id":"https:\/\/fjala.info\/2009-2015\/kusari-lila-cimentoja-shqiptare-vjen-nga-italia-serbia-e-greqia\/"},"wordCount":575,"commentCount":0,"publisher":{"@id":"https:\/\/fjala.info\/2009-2015\/#organization"},"image":{"@id":"https:\/\/fjala.info\/2009-2015\/kusari-lila-cimentoja-shqiptare-vjen-nga-italia-serbia-e-greqia\/#primaryimage"},"thumbnailUrl":"http:\/\/www.fjala.info\/2012\/mimoza_kusari_lila.jpg","articleSection":["Artikuj","Lajme"],"inLanguage":"sq-AL","potentialAction":[{"@type":"CommentAction","name":"Comment","target":["https:\/\/fjala.info\/2009-2015\/kusari-lila-cimentoja-shqiptare-vjen-nga-italia-serbia-e-greqia\/#respond"]}]},{"@type":"WebPage","@id":"https:\/\/fjala.info\/2009-2015\/kusari-lila-cimentoja-shqiptare-vjen-nga-italia-serbia-e-greqia\/","url":"https:\/\/fjala.info\/2009-2015\/kusari-lila-cimentoja-shqiptare-vjen-nga-italia-serbia-e-greqia\/","name":"Kusari-Lila: \u00c7imentoja \u201cshqiptare\u201d vjen nga Italia, Serbia e Greqia - FjALA e LIR\u00cb - Arkivi","isPartOf":{"@id":"https:\/\/fjala.info\/2009-2015\/#website"},"primaryImageOfPage":{"@id":"https:\/\/fjala.info\/2009-2015\/kusari-lila-cimentoja-shqiptare-vjen-nga-italia-serbia-e-greqia\/#primaryimage"},"image":{"@id":"https:\/\/fjala.info\/2009-2015\/kusari-lila-cimentoja-shqiptare-vjen-nga-italia-serbia-e-greqia\/#primaryimage"},"thumbnailUrl":"http:\/\/www.fjala.info\/2012\/mimoza_kusari_lila.jpg","datePublished":"2012-06-15T07:16:54+00:00","breadcrumb":{"@id":"https:\/\/fjala.info\/2009-2015\/kusari-lila-cimentoja-shqiptare-vjen-nga-italia-serbia-e-greqia\/#breadcrumb"},"inLanguage":"sq-AL","potentialAction":[{"@type":"ReadAction","target":["https:\/\/fjala.info\/2009-2015\/kusari-lila-cimentoja-shqiptare-vjen-nga-italia-serbia-e-greqia\/"]}]},{"@type":"ImageObject","inLanguage":"sq-AL","@id":"https:\/\/fjala.info\/2009-2015\/kusari-lila-cimentoja-shqiptare-vjen-nga-italia-serbia-e-greqia\/#primaryimage","url":"http:\/\/www.fjala.info\/2012\/mimoza_kusari_lila.jpg","contentUrl":"http:\/\/www.fjala.info\/2012\/mimoza_kusari_lila.jpg"},{"@type":"BreadcrumbList","@id":"https:\/\/fjala.info\/2009-2015\/kusari-lila-cimentoja-shqiptare-vjen-nga-italia-serbia-e-greqia\/#breadcrumb","itemListElement":[{"@type":"ListItem","position":1,"name":"Home","item":"https:\/\/fjala.info\/2009-2015\/"},{"@type":"ListItem","position":2,"name":"Kusari-Lila: \u00c7imentoja \u201cshqiptare\u201d vjen nga Italia, Serbia e Greqia"}]},{"@type":"WebSite","@id":"https:\/\/fjala.info\/2009-2015\/#website","url":"https:\/\/fjala.info\/2009-2015\/","name":"FjALA e LIR\u00cb - Arkivi","description":"Arkivi 2009-2015","publisher":{"@id":"https:\/\/fjala.info\/2009-2015\/#organization"},"potentialAction":[{"@type":"SearchAction","target":{"@type":"EntryPoint","urlTemplate":"https:\/\/fjala.info\/2009-2015\/?s={search_term_string}"},"query-input":{"@type":"PropertyValueSpecification","valueRequired":true,"valueName":"search_term_string"}}],"inLanguage":"sq-AL"},{"@type":"Organization","@id":"https:\/\/fjala.info\/2009-2015\/#organization","name":"FjALA e LIR\u00cb - Arkivi","url":"https:\/\/fjala.info\/2009-2015\/","logo":{"@type":"ImageObject","inLanguage":"sq-AL","@id":"https:\/\/fjala.info\/2009-2015\/#\/schema\/logo\/image\/","url":"","contentUrl":"","caption":"FjALA e LIR\u00cb - Arkivi"},"image":{"@id":"https:\/\/fjala.info\/2009-2015\/#\/schema\/logo\/image\/"}},{"@type":"Person","@id":"https:\/\/fjala.info\/2009-2015\/#\/schema\/person\/3aa1163ef05469c496fc94e77611ada2","name":"admin","image":{"@type":"ImageObject","inLanguage":"sq-AL","@id":"https:\/\/fjala.info\/2009-2015\/wp-content\/uploads\/2012\/02\/arben_cokaj-120x150.jpg","url":"https:\/\/fjala.info\/2009-2015\/wp-content\/uploads\/2012\/02\/arben_cokaj-120x150.jpg","contentUrl":"https:\/\/fjala.info\/2009-2015\/wp-content\/uploads\/2012\/02\/arben_cokaj-120x150.jpg","caption":"admin"},"description":"Admin, Fjala e Lir\u00eb","sameAs":["https:\/\/fjala.info\/"],"url":"https:\/\/fjala.info\/2009-2015\/author\/admin\/"}]}},"_links":{"self":[{"href":"https:\/\/fjala.info\/2009-2015\/wp-json\/wp\/v2\/posts\/3320","targetHints":{"allow":["GET"]}}],"collection":[{"href":"https:\/\/fjala.info\/2009-2015\/wp-json\/wp\/v2\/posts"}],"about":[{"href":"https:\/\/fjala.info\/2009-2015\/wp-json\/wp\/v2\/types\/post"}],"author":[{"embeddable":true,"href":"https:\/\/fjala.info\/2009-2015\/wp-json\/wp\/v2\/users\/1"}],"replies":[{"embeddable":true,"href":"https:\/\/fjala.info\/2009-2015\/wp-json\/wp\/v2\/comments?post=3320"}],"version-history":[{"count":0,"href":"https:\/\/fjala.info\/2009-2015\/wp-json\/wp\/v2\/posts\/3320\/revisions"}],"wp:attachment":[{"href":"https:\/\/fjala.info\/2009-2015\/wp-json\/wp\/v2\/media?parent=3320"}],"wp:term":[{"taxonomy":"category","embeddable":true,"href":"https:\/\/fjala.info\/2009-2015\/wp-json\/wp\/v2\/categories?post=3320"},{"taxonomy":"post_tag","embeddable":true,"href":"https:\/\/fjala.info\/2009-2015\/wp-json\/wp\/v2\/tags?post=3320"}],"curies":[{"name":"wp","href":"https:\/\/api.w.org\/{rel}","templated":true}]}}