{"id":3318,"date":"2012-06-14T08:11:05","date_gmt":"2012-06-14T07:11:05","guid":{"rendered":"http:\/\/www.fjala.info\/?p=3318"},"modified":"2012-06-14T08:11:05","modified_gmt":"2012-06-14T07:11:05","slug":"zahmetet-e-zvicres","status":"publish","type":"post","link":"https:\/\/fjala.info\/2009-2015\/zahmetet-e-zvicres\/","title":{"rendered":"Zahmetet e Zvicr\u00ebs"},"content":{"rendered":"<p><img decoding=\"async\" class=\"alignleft size-thumbnail wp-image-7236\" title=\"Enver Robelli\" src=\"http:\/\/www.fjala.info\/2012\/enver_robelli.jpg\" alt=\"\" width=\"150\" \/> Nga <strong>Enver Robelli<\/strong>, <em>14 Qershor 2012<\/em><\/p>\n<p><strong>\u00c7ka e mundon nj\u00ebrin prej shteteve m\u00eb t\u00eb pasura n\u00eb bot\u00eb?<\/strong><\/p>\n<p>Secili vend i ka problemet e tij. Spanja u detyrua t\u00eb k\u00ebrkoj\u00eb ndihm\u00eb nga eurozona p\u00ebr t\u00eb shp\u00ebtuar bankat, t\u00eb cilat duke dh\u00ebn\u00eb kredi me mendjeleht\u00ebsi dhe duke financuar tregun e pasigurt t\u00eb patundshm\u00ebrive kan\u00eb rr\u00ebshqitur n\u00eb kriz\u00eb. Greqia n\u00eb fund t\u00eb k\u00ebsaj jave do t\u00eb mbaj\u00eb s\u00ebrish zgjedhje parlamentare, pasi partit\u00eb nuk arrit\u00ebn q\u00eb pas zgjedhjeve t\u00eb 6 majit t\u00eb krijojn\u00eb nj\u00eb qeveri. Pastaj do t\u00eb dihet pak m\u00eb mir\u00eb n\u00ebse ky vend do t\u00eb mbetet pjes\u00eb e eurozon\u00ebs apo do t\u2019i kthehet valut\u00ebs s\u00eb dikurshme, drahm\u00ebs.<\/p>\n<p>Hungaria po lufton p\u00ebr t\u00eb p\u00ebrmir\u00ebsuar imazhin, pasi kryeministri i gjith\u00ebfuqish\u00ebm Viktor Orban ka futur n\u00ebn kontroll mediet, gjyq\u00ebsin\u00eb, institucionet kulturore dhe autoritete t\u00eb ndryshme t\u00eb shtetit. T\u00eb enjten Ballkani do t\u00eb shikoj\u00eb se \u00e7far\u00eb do t\u00eb thot\u00eb Tomislav Nikoliqi n\u00eb Bruksel, ku do t\u00eb vizitoj\u00eb krer\u00ebt e Bashkimit Evropian. Presidenca daneze e BE-s\u00eb e ka kritikuar kryetarin e ri serb p\u00ebr shkak t\u00eb deklaratave t\u00eb tij mohuese ndaj gjenocidit n\u00eb Srebrenic\u00eb. Kroacia momentalisht nuk ka gati asnj\u00eb problem, sepse pothuaj t\u00eb gjith\u00eb jan\u00eb t\u00eb p\u00ebrqendruar n\u00eb Kampionatin e Futbollit n\u00eb Poloni\/Ukrain\u00eb. Starti i kroat\u00ebve (3:1) kund\u00ebr Irland\u00ebs ishte premtues.<\/p>\n<p>Shqip\u00ebria nuk ka po ashtu gati asnj\u00eb problem k\u00ebto dit\u00eb. Pritet q\u00eb Sali Berisha t\u00eb propozoj\u00eb Reis \u00c7i\u00e7on kandidat p\u00ebr president. P\u00ebr problemet eventuale t\u00eb Kosov\u00ebs nuk ia vlen t\u00eb diskutohet n\u00eb k\u00ebt\u00eb tekst, aq m\u00eb tep\u00ebr q\u00eb atmosfera \u00ebsht\u00eb tep\u00ebr festive, kur disa p\u00ebrbetohen n\u00eb idealet e Lidhjes s\u00eb Prizrenit, t\u00eb tjer\u00ebt e gjejn\u00eb k\u00ebnaq\u00ebsin\u00eb n\u00eb heqjen e flamujve t\u00eb Kosov\u00ebs, thuajse nj\u00eb cop\u00eb tekstil qenk\u00ebsh penges\u00eb p\u00ebr zhvillim. Secili vend, pra, i ka problemet e tij. Por \u00e7far\u00eb problemesh ka Zvicra? T\u00eb shohim n\u00eb vazhdim.<\/p>\n<p><strong>1<\/strong>.<\/p>\n<p>T\u00eb gjith\u00eb t\u00eb barabart\u00eb para ligjit. Shefi i policis\u00eb s\u00eb kantonit Aargau ka dor\u00ebzuar patent\u00ebn e shoferit, sepse ka ngar\u00eb vetur\u00ebn p\u00ebrtej limitit (86 km\/h n\u00eb vend t\u00eb 60 km\/h) dhe me at\u00eb rast \u00ebsht\u00eb fotografuar prej nj\u00eb \u201cpolici\u201d tjet\u00ebr, policit prej teneqes, si\u00e7 i thon\u00eb zviceran\u00ebt radarit skaj rrug\u00ebs.<\/p>\n<p><strong>2<\/strong>.<\/p>\n<p>Secili sipas tradit\u00ebs s\u00eb vet, madje edhe n\u00eb rrug\u00eb drejt bot\u00ebs tjet\u00ebr. N\u00eb Luzern, n\u00eb nj\u00ebrin prej qyteteve m\u00eb t\u00eb bukura t\u00eb Zvicr\u00ebs, hindus\u00ebt mund t\u2019i varrosin t\u00eb vdekurit sipas riteve t\u00eb tyre. N\u00eb lumin Reuss \u00ebsht\u00eb caktuar nj\u00eb vend, ku kortezhi mund t\u00eb derdh\u00eb hirin e t\u00eb vdekurit.<\/p>\n<p><strong>3<\/strong>.<\/p>\n<p>Para pak dit\u00ebsh n\u00eb Bern\u00eb, n\u00eb kryeqytetin diskret t\u00eb Zvicr\u00ebs, atje ku njer\u00ebzit jan\u00eb t\u00eb famsh\u00ebm, sepse flasin ngadal\u00eb, mbi 10 mij\u00eb t\u00eb rinj (aty-k\u00ebtu edhe t\u00eb tjer\u00eb n\u00eb mosh\u00eb t\u00eb pjekur) marshuan n\u00ebp\u00ebr qytet me moton: \u201c\u00c7lirohu duke vall\u00ebzuar\u201d. Me k\u00ebt\u00eb aksion pjes\u00ebmarr\u00ebsit protestuan kund\u00ebr kufizimeve n\u00eb jet\u00ebn e nat\u00ebs nga ana e autoriteteve.<\/p>\n<p><strong>4<\/strong>.<\/p>\n<p>Me gjas\u00eb n\u00eb kat\u00ebr jav\u00ebt e ardhshme Evropa do t\u00eb jet\u00eb e bllokuar. S\u2019\u00ebsht\u00eb fjala k\u00ebtu p\u00ebr euron (valut\u00ebn), as p\u00ebr Euron (me \u201cE\u201d t\u00eb madhe) n\u00eb Poloni e Ukrain\u00eb; fjala k\u00ebtu \u00ebsht\u00eb p\u00ebr Gryk\u00ebn e Gotthardit, masivin gjigant q\u00eb ndan Zvicr\u00ebn gjermane me at\u00eb italiane. N\u00ebn k\u00ebt\u00eb masiv kalon nj\u00eb tunel p\u00ebr vetura dhe nj\u00eb tjet\u00ebr p\u00ebr trena. K\u00ebto dy arterie lidhin Evrop\u00ebn Veriore me at\u00eb Jugore. Rruga dhe hekurudha e Gotthardit jan\u00eb arterie q\u00eb mund\u00ebsojn\u00eb qarkullimin e mallrave mes ekonomive evropiane. Tani af\u00ebr lokalitetit Gurtnellen n\u00eb kantonin Uri \u00ebsht\u00eb \u00e7ar\u00eb nj\u00eb shk\u00ebmb dhe disa mij\u00ebra metra kub gur\u00ebsh kan\u00eb bllokuar trasen\u00eb e Gotthardit. Nj\u00eb pun\u00ebtor ka vdekur. Po punohet me t\u00eb madhe q\u00eb grumbulli i gur\u00ebve t\u00eb hiqet dhe n\u00ebp\u00ebr tunelin e Gotthardit s\u00ebrish t\u00eb kalojn\u00eb, p\u00ebr \u00e7do dit\u00eb, nga 120 trena mallrash, 60 n\u00eb drejtim t\u00eb jugut, 60 n\u00eb drejtim t\u00eb veriut.<\/p>\n<p><strong>5<\/strong>.<\/p>\n<p>Rrall\u00ebher\u00eb zviceran\u00ebt i p\u00ebrcjellin debatet parlamentare. Interesi i publikut shtohet kur n\u00eb \u00e7do kat\u00ebr vjet, n\u00eb fillim t\u00eb dhjetorit, parlamenti zgjedh ministrat e rinj ose i konfirmon ata q\u00eb tashm\u00eb ndodhen n\u00eb poste dhe rikandidojn\u00eb. S\u00eb fundi publiku ishte i interesuar shum\u00eb p\u00ebr debatin parlamentar, sepse t\u00eb zgjedhurit e popullit po merreshin me mbajtjen e delfin\u00ebve n\u00eb Zvic\u00ebr. Pas nj\u00eb debati emocional u vendos q\u00eb tani e tutje importimi i k\u00ebtyre gjitar\u00ebve t\u00eb ndalohet. Aktualisht n\u00eb Zvic\u00ebr notojn\u00eb tre delfin\u00eb, n\u00eb delfinariumin e parkut \u201cConnyland\u201d n\u00eb Lipperswil af\u00ebr liqenit t\u00eb Konstanc\u00ebs. Atje n\u00eb fund t\u00eb vitit t\u00eb kaluar ngordh\u00ebn dy delfin\u00eb t\u00eb tjer\u00eb. Arsyet nuk dihen ende, pronari i parkut mendon se dikush mund t\u2019i ket\u00eb helmuar delfin\u00ebt e tij. Prokuroria fillimisht supozonte se nj\u00eb gabim i mjek\u00ebve kishte shkaktuar ngordhjen e delfin\u00ebve. Politikan\u00ebt jan\u00eb t\u00eb mendimit se n\u00eb Zvic\u00ebr nuk ka kushte p\u00ebr mbajtjen e delfin\u00ebve. Tre delfin\u00ebt e mbetur pritet t\u00eb d\u00ebbohen nga Zvicra, ndoshta diku n\u00eb Mesdhe.<\/p>\n<p><strong>6<\/strong>.<\/p>\n<p>Se deri ku mund t\u00eb shkoj\u00eb nj\u00eb betej\u00eb juridike e d\u00ebshmoi k\u00ebto dit\u00eb nj\u00eb firm\u00eb zvicerane, e cila ka nj\u00eb reputacion bot\u00ebror n\u00eb prodhimin e \u00e7okollatave. Nj\u00eb produkt shum\u00eb i njohur i k\u00ebsaj fabrike \u00ebsht\u00eb lepuri prej \u00e7okollate, i mb\u00ebshtjell\u00eb me let\u00ebr dekorative ngjyr\u00eb ari. K\u00ebt\u00eb mark\u00eb zviceran\u00ebt synonin ta mbronin me ligj. P\u00ebr k\u00ebt\u00eb q\u00ebllim iu drejtuan Gjykat\u00ebs Evropiane n\u00eb Luksemburg. Por jurist\u00ebt evropian\u00eb nuk treguan mir\u00ebkuptim dhe n\u00ebnvizuan se lepuri prej \u00e7okollate, i prodhuar n\u00eb fabrik\u00ebn buz\u00eb liqenit t\u00eb Z\u00fcrich-ut, nuk shquhet p\u00ebr ndonj\u00eb ve\u00e7ori t\u00eb jashtme, e cila do ta b\u00ebnte at\u00eb t\u00eb denj\u00eb p\u00ebr t\u2019u mbrojtur me ligj si mark\u00eb. Synimi i zviceran\u00ebve ishte q\u00eb t\u2019i ndalohej konkurrenc\u00ebs austriake prodhimi i kafsh\u00ebve t\u00eb \u00ebmbla. Fundja p\u00ebr \u00e7do vit firmat zvicerane t\u00eb \u00e7okollatave shesin 110 milion\u00eb ekzemplar\u00eb lepuri-\u00e7okollat\u00eb.<\/p>\n<p><strong>7<\/strong>.<\/p>\n<p>N\u00eb Zvic\u00ebr \u00ebsht\u00eb ruajtur forma m\u00eb burimore e demokracis\u00eb. Ai q\u00eb nd\u00ebr viset shqiptare njihet si Kuvend, ku t\u00eb par\u00ebt tan\u00eb diskutonin p\u00ebr probleme t\u00eb ndryshme, p\u00ebrfshir\u00eb edhe m\u00eb t\u00eb r\u00ebndat, n\u00eb Zvic\u00ebr ekziston ende. P\u00ebr \u00e7do vit n\u00eb sheshin qendror t\u00eb qytez\u00ebs s\u00eb Glarusit mblidhen qytetar\u00ebt me t\u00eb drejt\u00eb vote dhe marrin vendime t\u00eb r\u00ebnd\u00ebsishme p\u00ebr kantonin e tyre, i cili bart emrin e nj\u00ebjt\u00eb (Glarus). Demokraci n\u00ebn qiell t\u00eb hapur quhet kjo form\u00eb e shprehjes s\u00eb vullnetit popullor. N\u00eb Glarus k\u00ebshtu \u00ebsht\u00eb tashm\u00eb 625 vjet. N\u00eb shesh miratohen ose hidhen posht\u00eb ligje, zgjidhen an\u00ebtar\u00ebt e rinj t\u00eb qeveris\u00eb s\u00eb kantonit dhe caktohen gjykat\u00ebsit. Kur para disa jav\u00ebsh mbaheshin zgjedhjet n\u00eb Franc\u00eb, Greqi e Serbi edhe n\u00eb Glarus u mbajt \u201cLandsgemeinde\u201d (asambleja kantonale ose Kuvendi). Edhe sivjet demonstrimi i demokracis\u00eb n\u00eb sheshin e hapur ishte mbres\u00ebl\u00ebn\u00ebs. P\u00ebrkund\u00ebr shiut t\u00eb im\u00ebt mij\u00ebra qytetar\u00eb gjat\u00eb debatit pesor\u00ebsh nuk l\u00ebviz\u00ebn nga ul\u00ebset.<\/p>\n<p><strong>8<\/strong>.<\/p>\n<p>Nj\u00eb grindje bizare \u00ebsht\u00eb duke u zhvilluar n\u00eb Z\u00fcrich. Pronari i nj\u00eb restoranti po ndiqet juridikisht nga fqinji i tij, nj\u00eb dyqanxhi, i cili shet \u00e7anta, kravata, shalle. Dyqanxhiu e ka nj\u00eb problem me menyn\u00eb e restorantit: specialiteti kryesor i lokalit \u00ebsht\u00eb \u201cFondue\u201d, djath\u00eb i shkrir\u00eb n\u00eb nj\u00eb en\u00eb, e cila nxehet mbi zjarr, pastaj djathit \u2013 sipas qejfit \u2013 i hidhet pak ver\u00eb e bardh\u00eb. N\u00eb k\u00ebt\u00eb qull, me ndihm\u00ebn e nj\u00eb piruni t\u00eb gjat\u00eb, ngjyhen copa buke. Kjo \u00ebsht\u00eb ana e mir\u00eb e k\u00ebtij specialiteti zviceran. Ana tjet\u00ebr m\u00eb pak e k\u00ebndshme \u00ebsht\u00eb aroma e r\u00ebnd\u00eb q\u00eb l\u00ebshon djathi. Dyqanxhiu \u00ebsht\u00eb i mendimit se kjo arom\u00eb (ose er\u00eb e r\u00ebnd\u00eb) dep\u00ebrton n\u00eb prodhimet e tij t\u00eb tekstilit dhe k\u00ebshtu ia prish biznesin, sepse askush nuk d\u00ebshiron t\u00eb blej\u00eb nj\u00eb kravat\u00eb, s\u00eb cil\u00ebs i vjen era djath\u00eb. P\u00ebr shkak t\u00eb shkaktimit t\u00eb er\u00ebs nj\u00eb gjykat\u00ebs e ka d\u00ebnuar pronarin e restorantit me nj\u00eb gjob\u00eb prej 450 frangash.<\/p>\n","protected":false},"excerpt":{"rendered":"<p>Nga Enver Robelli, 14 Qershor 2012 \u00c7ka e mundon nj\u00ebrin prej shteteve m\u00eb t\u00eb pasura n\u00eb bot\u00eb? Secili vend i ka problemet e tij. Spanja u detyrua t\u00eb k\u00ebrkoj\u00eb ndihm\u00eb nga eurozona p\u00ebr t\u00eb shp\u00ebtuar bankat, t\u00eb cilat duke dh\u00ebn\u00eb kredi me mendjeleht\u00ebsi dhe duke financuar tregun e pasigurt t\u00eb patundshm\u00ebrive kan\u00eb rr\u00ebshqitur n\u00eb kriz\u00eb. [&hellip;]<\/p>\n","protected":false},"author":1,"featured_media":0,"comment_status":"open","ping_status":"closed","sticky":false,"template":"","format":"standard","meta":{"footnotes":""},"categories":[2],"tags":[],"class_list":{"0":"post-3318","1":"post","2":"type-post","3":"status-publish","4":"format-standard","6":"category-artikuj"},"yoast_head":"<!-- This site is optimized with the Yoast SEO plugin v27.4 - https:\/\/yoast.com\/product\/yoast-seo-wordpress\/ -->\n<title>Zahmetet e Zvicr\u00ebs - FjALA e LIR\u00cb - Arkivi<\/title>\n<meta name=\"robots\" content=\"index, follow, max-snippet:-1, max-image-preview:large, max-video-preview:-1\" \/>\n<link rel=\"canonical\" href=\"https:\/\/fjala.info\/2009-2015\/zahmetet-e-zvicres\/\" \/>\n<meta property=\"og:locale\" content=\"sq_AL\" \/>\n<meta property=\"og:type\" content=\"article\" \/>\n<meta property=\"og:title\" content=\"Zahmetet e Zvicr\u00ebs - FjALA e LIR\u00cb - Arkivi\" \/>\n<meta property=\"og:description\" content=\"Nga Enver Robelli, 14 Qershor 2012 \u00c7ka e mundon nj\u00ebrin prej shteteve m\u00eb t\u00eb pasura n\u00eb bot\u00eb? Secili vend i ka problemet e tij. Spanja u detyrua t\u00eb k\u00ebrkoj\u00eb ndihm\u00eb nga eurozona p\u00ebr t\u00eb shp\u00ebtuar bankat, t\u00eb cilat duke dh\u00ebn\u00eb kredi me mendjeleht\u00ebsi dhe duke financuar tregun e pasigurt t\u00eb patundshm\u00ebrive kan\u00eb rr\u00ebshqitur n\u00eb kriz\u00eb. [&hellip;]\" \/>\n<meta property=\"og:url\" content=\"https:\/\/fjala.info\/2009-2015\/zahmetet-e-zvicres\/\" \/>\n<meta property=\"og:site_name\" content=\"FjALA e LIR\u00cb - Arkivi\" \/>\n<meta property=\"article:published_time\" content=\"2012-06-14T07:11:05+00:00\" \/>\n<meta property=\"og:image\" content=\"http:\/\/www.fjala.info\/2012\/enver_robelli.jpg\" \/>\n<meta name=\"author\" content=\"admin\" \/>\n<meta name=\"twitter:card\" content=\"summary_large_image\" \/>\n<meta name=\"twitter:label1\" content=\"Written by\" \/>\n\t<meta name=\"twitter:data1\" content=\"admin\" \/>\n\t<meta name=\"twitter:label2\" content=\"Est. reading time\" \/>\n\t<meta name=\"twitter:data2\" content=\"7 minutes\" \/>\n<script type=\"application\/ld+json\" class=\"yoast-schema-graph\">{\"@context\":\"https:\\\/\\\/schema.org\",\"@graph\":[{\"@type\":\"Article\",\"@id\":\"https:\\\/\\\/fjala.info\\\/2009-2015\\\/zahmetet-e-zvicres\\\/#article\",\"isPartOf\":{\"@id\":\"https:\\\/\\\/fjala.info\\\/2009-2015\\\/zahmetet-e-zvicres\\\/\"},\"author\":{\"name\":\"admin\",\"@id\":\"https:\\\/\\\/fjala.info\\\/2009-2015\\\/#\\\/schema\\\/person\\\/3aa1163ef05469c496fc94e77611ada2\"},\"headline\":\"Zahmetet e Zvicr\u00ebs\",\"datePublished\":\"2012-06-14T07:11:05+00:00\",\"mainEntityOfPage\":{\"@id\":\"https:\\\/\\\/fjala.info\\\/2009-2015\\\/zahmetet-e-zvicres\\\/\"},\"wordCount\":1383,\"commentCount\":0,\"publisher\":{\"@id\":\"https:\\\/\\\/fjala.info\\\/2009-2015\\\/#organization\"},\"image\":{\"@id\":\"https:\\\/\\\/fjala.info\\\/2009-2015\\\/zahmetet-e-zvicres\\\/#primaryimage\"},\"thumbnailUrl\":\"http:\\\/\\\/www.fjala.info\\\/2012\\\/enver_robelli.jpg\",\"articleSection\":[\"Artikuj\"],\"inLanguage\":\"sq-AL\",\"potentialAction\":[{\"@type\":\"CommentAction\",\"name\":\"Comment\",\"target\":[\"https:\\\/\\\/fjala.info\\\/2009-2015\\\/zahmetet-e-zvicres\\\/#respond\"]}]},{\"@type\":\"WebPage\",\"@id\":\"https:\\\/\\\/fjala.info\\\/2009-2015\\\/zahmetet-e-zvicres\\\/\",\"url\":\"https:\\\/\\\/fjala.info\\\/2009-2015\\\/zahmetet-e-zvicres\\\/\",\"name\":\"Zahmetet e Zvicr\u00ebs - FjALA e LIR\u00cb - Arkivi\",\"isPartOf\":{\"@id\":\"https:\\\/\\\/fjala.info\\\/2009-2015\\\/#website\"},\"primaryImageOfPage\":{\"@id\":\"https:\\\/\\\/fjala.info\\\/2009-2015\\\/zahmetet-e-zvicres\\\/#primaryimage\"},\"image\":{\"@id\":\"https:\\\/\\\/fjala.info\\\/2009-2015\\\/zahmetet-e-zvicres\\\/#primaryimage\"},\"thumbnailUrl\":\"http:\\\/\\\/www.fjala.info\\\/2012\\\/enver_robelli.jpg\",\"datePublished\":\"2012-06-14T07:11:05+00:00\",\"breadcrumb\":{\"@id\":\"https:\\\/\\\/fjala.info\\\/2009-2015\\\/zahmetet-e-zvicres\\\/#breadcrumb\"},\"inLanguage\":\"sq-AL\",\"potentialAction\":[{\"@type\":\"ReadAction\",\"target\":[\"https:\\\/\\\/fjala.info\\\/2009-2015\\\/zahmetet-e-zvicres\\\/\"]}]},{\"@type\":\"ImageObject\",\"inLanguage\":\"sq-AL\",\"@id\":\"https:\\\/\\\/fjala.info\\\/2009-2015\\\/zahmetet-e-zvicres\\\/#primaryimage\",\"url\":\"http:\\\/\\\/www.fjala.info\\\/2012\\\/enver_robelli.jpg\",\"contentUrl\":\"http:\\\/\\\/www.fjala.info\\\/2012\\\/enver_robelli.jpg\"},{\"@type\":\"BreadcrumbList\",\"@id\":\"https:\\\/\\\/fjala.info\\\/2009-2015\\\/zahmetet-e-zvicres\\\/#breadcrumb\",\"itemListElement\":[{\"@type\":\"ListItem\",\"position\":1,\"name\":\"Home\",\"item\":\"https:\\\/\\\/fjala.info\\\/2009-2015\\\/\"},{\"@type\":\"ListItem\",\"position\":2,\"name\":\"Zahmetet e Zvicr\u00ebs\"}]},{\"@type\":\"WebSite\",\"@id\":\"https:\\\/\\\/fjala.info\\\/2009-2015\\\/#website\",\"url\":\"https:\\\/\\\/fjala.info\\\/2009-2015\\\/\",\"name\":\"FjALA e LIR\u00cb - Arkivi\",\"description\":\"Arkivi 2009-2015\",\"publisher\":{\"@id\":\"https:\\\/\\\/fjala.info\\\/2009-2015\\\/#organization\"},\"potentialAction\":[{\"@type\":\"SearchAction\",\"target\":{\"@type\":\"EntryPoint\",\"urlTemplate\":\"https:\\\/\\\/fjala.info\\\/2009-2015\\\/?s={search_term_string}\"},\"query-input\":{\"@type\":\"PropertyValueSpecification\",\"valueRequired\":true,\"valueName\":\"search_term_string\"}}],\"inLanguage\":\"sq-AL\"},{\"@type\":\"Organization\",\"@id\":\"https:\\\/\\\/fjala.info\\\/2009-2015\\\/#organization\",\"name\":\"FjALA e LIR\u00cb - Arkivi\",\"url\":\"https:\\\/\\\/fjala.info\\\/2009-2015\\\/\",\"logo\":{\"@type\":\"ImageObject\",\"inLanguage\":\"sq-AL\",\"@id\":\"https:\\\/\\\/fjala.info\\\/2009-2015\\\/#\\\/schema\\\/logo\\\/image\\\/\",\"url\":\"\",\"contentUrl\":\"\",\"caption\":\"FjALA e LIR\u00cb - Arkivi\"},\"image\":{\"@id\":\"https:\\\/\\\/fjala.info\\\/2009-2015\\\/#\\\/schema\\\/logo\\\/image\\\/\"}},{\"@type\":\"Person\",\"@id\":\"https:\\\/\\\/fjala.info\\\/2009-2015\\\/#\\\/schema\\\/person\\\/3aa1163ef05469c496fc94e77611ada2\",\"name\":\"admin\",\"image\":{\"@type\":\"ImageObject\",\"inLanguage\":\"sq-AL\",\"@id\":\"https:\\\/\\\/fjala.info\\\/2009-2015\\\/wp-content\\\/uploads\\\/2012\\\/02\\\/arben_cokaj-120x150.jpg\",\"url\":\"https:\\\/\\\/fjala.info\\\/2009-2015\\\/wp-content\\\/uploads\\\/2012\\\/02\\\/arben_cokaj-120x150.jpg\",\"contentUrl\":\"https:\\\/\\\/fjala.info\\\/2009-2015\\\/wp-content\\\/uploads\\\/2012\\\/02\\\/arben_cokaj-120x150.jpg\",\"caption\":\"admin\"},\"description\":\"Admin, Fjala e Lir\u00eb\",\"sameAs\":[\"https:\\\/\\\/fjala.info\\\/\"],\"url\":\"https:\\\/\\\/fjala.info\\\/2009-2015\\\/author\\\/admin\\\/\"}]}<\/script>\n<!-- \/ Yoast SEO plugin. -->","yoast_head_json":{"title":"Zahmetet e Zvicr\u00ebs - FjALA e LIR\u00cb - Arkivi","robots":{"index":"index","follow":"follow","max-snippet":"max-snippet:-1","max-image-preview":"max-image-preview:large","max-video-preview":"max-video-preview:-1"},"canonical":"https:\/\/fjala.info\/2009-2015\/zahmetet-e-zvicres\/","og_locale":"sq_AL","og_type":"article","og_title":"Zahmetet e Zvicr\u00ebs - FjALA e LIR\u00cb - Arkivi","og_description":"Nga Enver Robelli, 14 Qershor 2012 \u00c7ka e mundon nj\u00ebrin prej shteteve m\u00eb t\u00eb pasura n\u00eb bot\u00eb? Secili vend i ka problemet e tij. Spanja u detyrua t\u00eb k\u00ebrkoj\u00eb ndihm\u00eb nga eurozona p\u00ebr t\u00eb shp\u00ebtuar bankat, t\u00eb cilat duke dh\u00ebn\u00eb kredi me mendjeleht\u00ebsi dhe duke financuar tregun e pasigurt t\u00eb patundshm\u00ebrive kan\u00eb rr\u00ebshqitur n\u00eb kriz\u00eb. [&hellip;]","og_url":"https:\/\/fjala.info\/2009-2015\/zahmetet-e-zvicres\/","og_site_name":"FjALA e LIR\u00cb - Arkivi","article_published_time":"2012-06-14T07:11:05+00:00","og_image":[{"url":"http:\/\/www.fjala.info\/2012\/enver_robelli.jpg","type":"","width":"","height":""}],"author":"admin","twitter_card":"summary_large_image","twitter_misc":{"Written by":"admin","Est. reading time":"7 minutes"},"schema":{"@context":"https:\/\/schema.org","@graph":[{"@type":"Article","@id":"https:\/\/fjala.info\/2009-2015\/zahmetet-e-zvicres\/#article","isPartOf":{"@id":"https:\/\/fjala.info\/2009-2015\/zahmetet-e-zvicres\/"},"author":{"name":"admin","@id":"https:\/\/fjala.info\/2009-2015\/#\/schema\/person\/3aa1163ef05469c496fc94e77611ada2"},"headline":"Zahmetet e Zvicr\u00ebs","datePublished":"2012-06-14T07:11:05+00:00","mainEntityOfPage":{"@id":"https:\/\/fjala.info\/2009-2015\/zahmetet-e-zvicres\/"},"wordCount":1383,"commentCount":0,"publisher":{"@id":"https:\/\/fjala.info\/2009-2015\/#organization"},"image":{"@id":"https:\/\/fjala.info\/2009-2015\/zahmetet-e-zvicres\/#primaryimage"},"thumbnailUrl":"http:\/\/www.fjala.info\/2012\/enver_robelli.jpg","articleSection":["Artikuj"],"inLanguage":"sq-AL","potentialAction":[{"@type":"CommentAction","name":"Comment","target":["https:\/\/fjala.info\/2009-2015\/zahmetet-e-zvicres\/#respond"]}]},{"@type":"WebPage","@id":"https:\/\/fjala.info\/2009-2015\/zahmetet-e-zvicres\/","url":"https:\/\/fjala.info\/2009-2015\/zahmetet-e-zvicres\/","name":"Zahmetet e Zvicr\u00ebs - FjALA e LIR\u00cb - Arkivi","isPartOf":{"@id":"https:\/\/fjala.info\/2009-2015\/#website"},"primaryImageOfPage":{"@id":"https:\/\/fjala.info\/2009-2015\/zahmetet-e-zvicres\/#primaryimage"},"image":{"@id":"https:\/\/fjala.info\/2009-2015\/zahmetet-e-zvicres\/#primaryimage"},"thumbnailUrl":"http:\/\/www.fjala.info\/2012\/enver_robelli.jpg","datePublished":"2012-06-14T07:11:05+00:00","breadcrumb":{"@id":"https:\/\/fjala.info\/2009-2015\/zahmetet-e-zvicres\/#breadcrumb"},"inLanguage":"sq-AL","potentialAction":[{"@type":"ReadAction","target":["https:\/\/fjala.info\/2009-2015\/zahmetet-e-zvicres\/"]}]},{"@type":"ImageObject","inLanguage":"sq-AL","@id":"https:\/\/fjala.info\/2009-2015\/zahmetet-e-zvicres\/#primaryimage","url":"http:\/\/www.fjala.info\/2012\/enver_robelli.jpg","contentUrl":"http:\/\/www.fjala.info\/2012\/enver_robelli.jpg"},{"@type":"BreadcrumbList","@id":"https:\/\/fjala.info\/2009-2015\/zahmetet-e-zvicres\/#breadcrumb","itemListElement":[{"@type":"ListItem","position":1,"name":"Home","item":"https:\/\/fjala.info\/2009-2015\/"},{"@type":"ListItem","position":2,"name":"Zahmetet e Zvicr\u00ebs"}]},{"@type":"WebSite","@id":"https:\/\/fjala.info\/2009-2015\/#website","url":"https:\/\/fjala.info\/2009-2015\/","name":"FjALA e LIR\u00cb - Arkivi","description":"Arkivi 2009-2015","publisher":{"@id":"https:\/\/fjala.info\/2009-2015\/#organization"},"potentialAction":[{"@type":"SearchAction","target":{"@type":"EntryPoint","urlTemplate":"https:\/\/fjala.info\/2009-2015\/?s={search_term_string}"},"query-input":{"@type":"PropertyValueSpecification","valueRequired":true,"valueName":"search_term_string"}}],"inLanguage":"sq-AL"},{"@type":"Organization","@id":"https:\/\/fjala.info\/2009-2015\/#organization","name":"FjALA e LIR\u00cb - Arkivi","url":"https:\/\/fjala.info\/2009-2015\/","logo":{"@type":"ImageObject","inLanguage":"sq-AL","@id":"https:\/\/fjala.info\/2009-2015\/#\/schema\/logo\/image\/","url":"","contentUrl":"","caption":"FjALA e LIR\u00cb - Arkivi"},"image":{"@id":"https:\/\/fjala.info\/2009-2015\/#\/schema\/logo\/image\/"}},{"@type":"Person","@id":"https:\/\/fjala.info\/2009-2015\/#\/schema\/person\/3aa1163ef05469c496fc94e77611ada2","name":"admin","image":{"@type":"ImageObject","inLanguage":"sq-AL","@id":"https:\/\/fjala.info\/2009-2015\/wp-content\/uploads\/2012\/02\/arben_cokaj-120x150.jpg","url":"https:\/\/fjala.info\/2009-2015\/wp-content\/uploads\/2012\/02\/arben_cokaj-120x150.jpg","contentUrl":"https:\/\/fjala.info\/2009-2015\/wp-content\/uploads\/2012\/02\/arben_cokaj-120x150.jpg","caption":"admin"},"description":"Admin, Fjala e Lir\u00eb","sameAs":["https:\/\/fjala.info\/"],"url":"https:\/\/fjala.info\/2009-2015\/author\/admin\/"}]}},"_links":{"self":[{"href":"https:\/\/fjala.info\/2009-2015\/wp-json\/wp\/v2\/posts\/3318","targetHints":{"allow":["GET"]}}],"collection":[{"href":"https:\/\/fjala.info\/2009-2015\/wp-json\/wp\/v2\/posts"}],"about":[{"href":"https:\/\/fjala.info\/2009-2015\/wp-json\/wp\/v2\/types\/post"}],"author":[{"embeddable":true,"href":"https:\/\/fjala.info\/2009-2015\/wp-json\/wp\/v2\/users\/1"}],"replies":[{"embeddable":true,"href":"https:\/\/fjala.info\/2009-2015\/wp-json\/wp\/v2\/comments?post=3318"}],"version-history":[{"count":0,"href":"https:\/\/fjala.info\/2009-2015\/wp-json\/wp\/v2\/posts\/3318\/revisions"}],"wp:attachment":[{"href":"https:\/\/fjala.info\/2009-2015\/wp-json\/wp\/v2\/media?parent=3318"}],"wp:term":[{"taxonomy":"category","embeddable":true,"href":"https:\/\/fjala.info\/2009-2015\/wp-json\/wp\/v2\/categories?post=3318"},{"taxonomy":"post_tag","embeddable":true,"href":"https:\/\/fjala.info\/2009-2015\/wp-json\/wp\/v2\/tags?post=3318"}],"curies":[{"name":"wp","href":"https:\/\/api.w.org\/{rel}","templated":true}]}}