{"id":3316,"date":"2010-07-12T22:25:11","date_gmt":"2010-07-12T21:25:11","guid":{"rendered":"http:\/\/fjala.shkoder.net\/?p=3316"},"modified":"2010-07-12T22:25:11","modified_gmt":"2010-07-12T21:25:11","slug":"shqiperia-vend-anetar-i-nato-s-dhe-partner-shtrati-i-iranit","status":"publish","type":"post","link":"https:\/\/fjala.info\/2009-2015\/shqiperia-vend-anetar-i-nato-s-dhe-partner-shtrati-i-iranit\/","title":{"rendered":"Shqip\u00ebria vend an\u00ebtar i NATO-s dhe partner shtrati i Iranit"},"content":{"rendered":"<p><strong>Ioannis Michaletos<\/strong>, <em>4 korrik 2010<\/em><\/p>\n<p><img loading=\"lazy\" decoding=\"async\" class=\"alignright size-medium wp-image-3317\" title=\"Presidenti i Iranit Ahmadinejad\" src=\"http:\/\/fjala.shkoder.net\/wp-content\/uploads\/2010\/07\/ahmadinejad-300x181.jpg\" alt=\"\" width=\"300\" height=\"181\" \/><\/p>\n<p>Raporti i m\u00ebposht\u00ebm nga gazetari Gjergj Thanasi trajton \u00e7\u00ebshtjen e transaksioneve t\u00eb arm\u00ebve t\u00eb nj\u00eb natyre t\u00eb ve\u00e7ant\u00eb nd\u00ebrmjet Shqip\u00ebris\u00eb dhe Iranit pak vjet m\u00eb par\u00eb.<\/p>\n<p>Sipas reportazhit dhe zbulimeve t\u00eb gazetarit, q\u00eb p\u00ebrfshijn\u00eb dokumente zyrtare t\u00eb mir\u00eb-verifikuara, Shqip\u00ebria k\u00ebrkonte bashk\u00ebpunim ushtarak me Iranin dhe faktikisht ka importuar armatime t\u00eb cilat nga ana tjet\u00ebr nuk u b\u00ebn\u00eb pjes\u00eb n\u00eb inventarin ushtarak t\u00eb vendit.<\/p>\n<p>Gazetari me shum\u00eb mund ofron ekskluzivisht n\u00ebp\u00ebrmjet International Analyst Network (http:\/\/www.analyst-network.com\/article.php?art_id=3482) disa nga zbulimet paraprake q\u00eb shpalosin nj\u00eb lidhje m\u00eb t\u00eb gjer\u00eb nd\u00ebrmjet dy shteteve, lidhje q\u00eb duhet par\u00eb edhe n\u00eb kontekstin e nj\u00eb shkrimi t\u00eb koh\u00ebve t\u00eb fundit t\u00eb z. Michaletos: &#8220;Shqip\u00ebria, Hezbollahu dhe labirintet e trafiqeve ilegale t\u00eb arm\u00ebve&#8221;.<\/p>\n<p>Si\u00e7 e p\u00ebrmend\u00ebm m\u00eb sip\u00ebr, i gjith\u00eb shkrimi mb\u00ebshtetet nga dokumente origjinale dhe nga burime t\u00eb dor\u00ebs s\u00eb par\u00eb dhe raporti i m\u00ebposht\u00ebm ekskluziv \u00ebsht\u00eb nj\u00eb pjes\u00eb e vog\u00ebl e nj\u00eb historie m\u00eb t\u00eb madhe q\u00eb zbulon realisht nj\u00eb tjet\u00ebr k\u00ebndv\u00ebshtrim t\u00eb realitetit t\u00eb dit\u00ebve t\u00eb sotme si n\u00eb Evrop\u00eb edhe n\u00eb Lindjen e Mesme dhe mund t\u00eb ket\u00eb deg\u00ebzime mjaft t\u00eb gjera n\u00ebse do t\u00eb p\u00ebrfshihen n\u00eb t\u00eb gjith\u00eb parametrat.<\/p>\n<p><strong>Shqip\u00ebria vend an\u00ebtar i NATO-s dhe partner shtrati i Iranit<\/strong><\/p>\n<p>Nga <strong>Gjergj Thanasi<\/strong><\/p>\n<p>Menj\u00ebher\u00eb pasi Kryeministri Berisha dhe Ministri i tij i mbrojtjes Fatmir Mediu erdh\u00ebn n\u00eb pushtet, ata inkurajuan kontaktet dhe marr\u00ebdh\u00ebniet ushtarake me disa shtete te izoluara si edhe entitete jo-shtet\u00ebrore, t\u00eb etiketuara nd\u00ebrkomb\u00ebtarisht si organizata terroriste. Nj\u00eb nga rastet m\u00eb fam\u00ebkeqe t\u00eb k\u00ebtill\u00eb partner\u00eb shtrati \u00ebsht\u00eb Irani dhe kontaktet e tij me MEICO-n, nj\u00eb kompani shtet\u00ebrore, pron\u00eb e Ministris\u00eb shqiptare t\u00eb mbrojtjes, e cila deri nga fundi i vitit 2009 kishte monopolin e import-eksportit dhe transitit t\u00eb arm\u00ebve, municioneve, pajisjeve ushtarake dhe materialeve me p\u00ebrdorim t\u00eb dyfisht\u00eb.<\/p>\n<p>Firma MEICO n\u00eb pron\u00ebsi t\u00eb Ministris\u00eb shqiptare t\u00eb mbrojtjes dhe firma MODLEX, pron\u00eb e Ministris\u00eb iraniane t\u00eb mbrojtjes, kan\u00eb nj\u00eb marr\u00ebdh\u00ebnie relativisht t\u00eb gjat\u00eb dhe fitimprur\u00ebse.<\/p>\n<p>Sipas dokumenteve zyrtare q\u00eb kemi konsultuar, Shqip\u00ebria ka eksportuar n\u00eb Iran l\u00ebnd\u00eb plas\u00ebse dhe predha mortajash dhe ka importuar eksploziv plastik C4, fitil zjarr-p\u00ebrcjell\u00ebs dhe gjithashtu ka diskutuar importimin e pushk\u00ebve automatike, tipave t\u00eb ndrysh\u00ebm t\u00eb mitralozave, granatahedh\u00ebsve, raketave SAM MANPAD, UAV(avion\u00ebve pa pilot\u00eb) t\u00eb llojeve t\u00eb ndryshme, pajisjeve t\u00eb komunikimit etj. Bashk\u00ebpunimi ushtarak nd\u00ebrmjet Shqip\u00ebris\u00eb, nj\u00eb vendi an\u00ebtar i NATO-s, dhe Iranit, nj\u00eb vendi t\u00eb izoluar (pariah), shkon nga eksportimi n\u00eb Iran i nj\u00ebqind ton\u00ebve l\u00ebnd\u00eb plas\u00ebse t\u00eb fuqishme t\u00eb tipit RDX deri n\u00eb p\u00ebrpjekjet p\u00ebr t\u00eb importuar avion\u00eb pa pilot t\u00eb tipave &#8220;Ababil&#8221; dhe &#8220;Mohajer&#8221; apo t\u00eb raketave iraniane &#8220;Misagh MANPAD&#8221;.<\/p>\n<p>N\u00eb pamje t\u00eb par\u00eb, dikush mund ta konsideroj\u00eb t\u00eb gjith\u00eb ndodhin\u00eb si nj\u00eb veprim t\u00eb gabuar t\u00eb kryer nga atdhetar\u00eb t\u00eb zjarrt\u00eb, t\u00eb cil\u00ebt jan\u00eb gati t\u00eb bashk\u00ebpunojn\u00eb edhe me djallin duke u p\u00ebrpjekur me d\u00ebshp\u00ebrim p\u00ebr t\u00eb p\u00ebrmir\u00ebsuar mbrojtjen e Atdheut t\u00eb tyre.<\/p>\n<p>Fatkeq\u00ebsisht nuk \u00ebsht\u00eb k\u00ebshtu. N\u00eb 25 tetor 2005, vet\u00ebm 50 dit\u00eb pasi z. Berisha u betua n\u00eb parlament si Kryeminist\u00ebr i Shqip\u00ebris\u00eb, z. Ylli Pinari, drejtori i MEICO-s, kontaktoi z. Rrahmani, menaxherin e marketingut t\u00eb produkteve te firm\u00ebs MODLEX, duke i k\u00ebrkuar t\u00eb blej\u00eb nj\u00eb arsenal armatimesh t\u00eb tilla si: 500 cop\u00eb mitraloza tip PKM, 50 cop\u00eb mitraloz\u00eb tip PKT, 3.5 milion\u00eb fishek\u00eb t\u00eb kalibrit 7.62 x 54mm p\u00ebr mitraloza tip PKM, 400 cop\u00eb granatahedh\u00ebsish 25\/30mm dhe pajisjet e tyre, 1000 cop\u00eb automatik\u00eb tip AKM (nj\u00eb lloj Kallashnikovi) t\u00eb pajisur me granatahedh\u00ebs 25\/30mm t\u00eb inkorporuara n\u00eb automatik\u00eb, si edhe 100.000 cop\u00eb automatik\u00eb tip AKM.<\/p>\n<p>Q\u00eb nga pranvera e vitit 1991, ushtria shqiptare ka eksportuar, dhuruar dhe shkat\u00ebrruar shumic\u00ebn e artikujve n\u00eb &#8220;list\u00ebn e pazarit&#8221; t\u00eb MEICO-s. Miliona e miliona fishek\u00eb kalib\u00ebr 7.62 x 54mm t\u00eb prodhimit sovjetik, kinez dhe shqiptar jan\u00eb shkat\u00ebrruar, eksportuar apo u jan\u00eb dhuruar qeverive mike t\u00eb Irakut apo Afganistanit.<\/p>\n<p>Pse ato po p\u00ebrpiqen t\u00eb importojn\u00eb 9.5 milion\u00eb fishek\u00eb n\u00eb vitin 2005, kur kane eksportuar, dhuruar apo shkat\u00ebrruar mbi 60 milion\u00eb fishek\u00eb, municion i tep\u00ebrt nga viti 2006 deri n\u00eb 2008? I nj\u00ebjti arsyetim vlen edhe p\u00ebr mitralozat e tipit PKM dhe PKT, t\u00eb tilla arm\u00eb t\u00eb prodhimit sovjetik ose kopje kineze t\u00eb tyre jan\u00eb pjes\u00eb e trash\u00ebgimis\u00eb komuniste t\u00eb Shqip\u00ebris\u00eb, t\u00eb cilat jan\u00eb eksportuar dhe shkat\u00ebrruar gjer\u00ebsisht.<\/p>\n<p>Pse MEICO duhet t\u00eb importoj\u00eb kopje iraniane t\u00eb t\u00eb nj\u00ebjtave tipa mitralozash q\u00eb ka shkat\u00ebrruar apo eksportuar?<\/p>\n<p>Rasti i 100.000 cop\u00ebve automatik\u00eb AKM \u00ebsht\u00eb edhe m\u00eb problematik. P\u00ebr m\u00eb se 15 vjet Shqip\u00ebria ka eksportuar, dhuruar apo shkat\u00ebrruar mij\u00ebra cop\u00eb automatik\u00eb t\u00eb prodhimit sovjetik AK47 (automatiku Kallashnikov), kopje kineze t\u00eb tij model 56 apo automatik\u00eb kopje shqiptare ASH -72 shum\u00eb t\u00eb ngjashme me automatik\u00ebt kopje iraniane AKM.<\/p>\n<p>Thjesht, shifra 100.000 cop\u00eb gjithashtu ngre dyshime. N\u00eb rast lufte NATO-ja nuk pret m\u00eb shum\u00eb se 70.000 trupa shqiptar\u00eb. K\u00ebshtu q\u00eb Shqip\u00ebria eksporton, dhuron dhe shkat\u00ebrron automatik\u00eb t\u00eb ngjash\u00ebm me automatik\u00ebt AKM, ka nj\u00eb stok t\u00eb madh prej tyre p\u00ebr t\u00eb mbuluar nevojat e forcave t\u00eb saj t\u00eb armatosura dhe n\u00eb t\u00eb nj\u00ebjt\u00ebn koh\u00eb p\u00ebrpiqet t\u00eb importoj\u00eb 100.000 cop\u00eb t\u00eb till\u00eb automatik\u00eb p\u00ebr nj\u00eb ushtri prej 70.000 burrash e grash n\u00eb rast mobilizimi.<\/p>\n<p>I vetmi shpjegim logjik \u00ebsht\u00eb: importo t\u00eb rieksportosh. Pik\u00ebrisht ky \u00ebsht\u00eb problemi. Ky raport i shkurt\u00ebr do t\u00eb trajtoj\u00eb vet\u00ebm k\u00ebt\u00eb rast t\u00eb bashk\u00ebpunimit ushtarak Iran- Shqip\u00ebri.<\/p>\n<p>Artikujt e tjer\u00eb si raketa, aeroplan\u00eb pa pilot dhe eksploziv C4 shkaktojn\u00eb m\u00eb shum\u00eb shqet\u00ebsim. T\u00eb tilla importe nga Irani kurr\u00eb nuk jan\u00eb magazinuar n\u00eb depot e forcave t\u00eb armatosura shqiptare. Ne jemi plot\u00ebsisht t\u00eb bindur se ato jan\u00eb importuar, por ne nuk e dim\u00eb se \u00e7far\u00eb ngjau me to pasi u importuan n\u00eb Shqip\u00ebri.<\/p>\n<p>Vend-magazinimi i tyre i sot\u00ebm nuk dihet. A iu shit\u00ebn ato bler\u00ebsve t\u00eb ligjsh\u00ebm apo e gjet\u00ebn rrug\u00ebn p\u00ebr t\u00eb p\u00ebrfunduar n\u00eb duart e terrorist\u00ebve?<\/p>\n<p>Ne e dim\u00eb q\u00eb disa nga k\u00ebto importe ndodh\u00ebn me t\u00eb v\u00ebrtet\u00eb p\u00ebr shkak t\u00eb faturave t\u00eb transportit nga Irani n\u00eb Shqip\u00ebri.<\/p>\n<p>N\u00eb 15 dhjetor 2006 MEICO pagoi 27.400 USD dhe 47.000 USD si kosto transporti p\u00ebr mallra t\u00eb importuara nga firma iraniane MODLEX. K\u00ebto pagesa u kryen pasi u n\u00ebnshkrua nj\u00eb marr\u00ebveshje nga drejtori z. Pinari gjat\u00eb vizit\u00ebs s\u00eb tij n\u00eb Iran n\u00eb fund t\u00eb n\u00ebntorit t\u00eb vitit 2006. Kjo ishte nj\u00eb vizit\u00eb zyrtare sipas urdhrit nr. 1367, dat\u00eb 26 tetor 2006, t\u00eb n\u00ebnshkruar nga Ministri i mbrojtjes z. Mediu. Vendimi i bordit drejtues t\u00eb MEICO-s nr. 173, dat\u00eb 23 n\u00ebntor 2006, thot\u00eb q\u00eb t\u00eb gjitha shpenzimet p\u00ebr k\u00ebt\u00eb vizit\u00eb (bileta avioni, pagesa hoteli, shpenzime t\u00eb p\u00ebrditshme etj.) do t\u00eb paguhen nga MEICO.<\/p>\n<p>Nj\u00eb an\u00ebtar i sot\u00ebm i NATO-s q\u00eb zhvillon dhe mban lidhje t\u00eb qen\u00ebsishme ushtarake me nj\u00eb teokraci problematike, ngre dyshime rreth angazhimeve t\u00eb qeveris\u00eb ndaj vlerave t\u00eb NATO-s. Zhdukja e armatimeve dhe pajisjeve iraniane pasi ato u importuan n\u00eb Shqip\u00ebri, ngre alarmin p\u00ebr destinacionin e tyre t\u00eb v\u00ebrtet\u00eb.<\/p>\n<p>Tranzitimi n\u00ebp\u00ebr territorin shqiptar t\u00eb arm\u00ebve dhe municioneve nga Bosnja drejt Lindjes s\u00eb Mesme dhe p\u00ebrfshirja n\u00eb t\u00eb tilla marr\u00ebveshje e figurave t\u00eb tilla boshnjake si Hasan Cengic dhe Naser Oric e kthen alarmin n\u00eb emergjenc\u00eb.<\/p>\n<p>(<em>Teksti n\u00eb shqip nga autori Gjergj Thanasi<\/em>)<\/p>\n","protected":false},"excerpt":{"rendered":"<p>Ioannis Michaletos, 4 korrik 2010 Raporti i m\u00ebposht\u00ebm nga gazetari Gjergj Thanasi trajton \u00e7\u00ebshtjen e transaksioneve t\u00eb arm\u00ebve t\u00eb nj\u00eb natyre t\u00eb ve\u00e7ant\u00eb nd\u00ebrmjet Shqip\u00ebris\u00eb dhe Iranit pak vjet m\u00eb par\u00eb. Sipas reportazhit dhe zbulimeve t\u00eb gazetarit, q\u00eb p\u00ebrfshijn\u00eb dokumente zyrtare t\u00eb mir\u00eb-verifikuara, Shqip\u00ebria k\u00ebrkonte bashk\u00ebpunim ushtarak me Iranin dhe faktikisht ka importuar armatime t\u00eb [&hellip;]<\/p>\n","protected":false},"author":1,"featured_media":0,"comment_status":"open","ping_status":"closed","sticky":false,"template":"","format":"standard","meta":{"footnotes":""},"categories":[2],"tags":[],"class_list":{"0":"post-3316","1":"post","2":"type-post","3":"status-publish","4":"format-standard","6":"category-artikuj"},"yoast_head":"<!-- This site is optimized with the Yoast SEO plugin v27.4 - https:\/\/yoast.com\/product\/yoast-seo-wordpress\/ -->\n<title>Shqip\u00ebria vend an\u00ebtar i NATO-s dhe partner shtrati i Iranit - FjALA e LIR\u00cb - Arkivi<\/title>\n<meta name=\"robots\" content=\"index, follow, max-snippet:-1, max-image-preview:large, max-video-preview:-1\" \/>\n<link rel=\"canonical\" href=\"https:\/\/fjala.info\/2009-2015\/shqiperia-vend-anetar-i-nato-s-dhe-partner-shtrati-i-iranit\/\" \/>\n<meta property=\"og:locale\" content=\"sq_AL\" \/>\n<meta property=\"og:type\" content=\"article\" \/>\n<meta property=\"og:title\" content=\"Shqip\u00ebria vend an\u00ebtar i NATO-s dhe partner shtrati i Iranit - FjALA e LIR\u00cb - Arkivi\" \/>\n<meta property=\"og:description\" content=\"Ioannis Michaletos, 4 korrik 2010 Raporti i m\u00ebposht\u00ebm nga gazetari Gjergj Thanasi trajton \u00e7\u00ebshtjen e transaksioneve t\u00eb arm\u00ebve t\u00eb nj\u00eb natyre t\u00eb ve\u00e7ant\u00eb nd\u00ebrmjet Shqip\u00ebris\u00eb dhe Iranit pak vjet m\u00eb par\u00eb. Sipas reportazhit dhe zbulimeve t\u00eb gazetarit, q\u00eb p\u00ebrfshijn\u00eb dokumente zyrtare t\u00eb mir\u00eb-verifikuara, Shqip\u00ebria k\u00ebrkonte bashk\u00ebpunim ushtarak me Iranin dhe faktikisht ka importuar armatime t\u00eb [&hellip;]\" \/>\n<meta property=\"og:url\" content=\"https:\/\/fjala.info\/2009-2015\/shqiperia-vend-anetar-i-nato-s-dhe-partner-shtrati-i-iranit\/\" \/>\n<meta property=\"og:site_name\" content=\"FjALA e LIR\u00cb - Arkivi\" \/>\n<meta property=\"article:published_time\" content=\"2010-07-12T21:25:11+00:00\" \/>\n<meta property=\"og:image\" content=\"http:\/\/fjala.shkoder.net\/wp-content\/uploads\/2010\/07\/ahmadinejad-300x181.jpg\" \/>\n<meta name=\"author\" content=\"admin\" \/>\n<meta name=\"twitter:card\" content=\"summary_large_image\" \/>\n<meta name=\"twitter:label1\" content=\"Written by\" \/>\n\t<meta name=\"twitter:data1\" content=\"admin\" \/>\n\t<meta name=\"twitter:label2\" content=\"Est. reading time\" \/>\n\t<meta name=\"twitter:data2\" content=\"6 minutes\" \/>\n<script type=\"application\/ld+json\" class=\"yoast-schema-graph\">{\"@context\":\"https:\\\/\\\/schema.org\",\"@graph\":[{\"@type\":\"Article\",\"@id\":\"https:\\\/\\\/fjala.info\\\/2009-2015\\\/shqiperia-vend-anetar-i-nato-s-dhe-partner-shtrati-i-iranit\\\/#article\",\"isPartOf\":{\"@id\":\"https:\\\/\\\/fjala.info\\\/2009-2015\\\/shqiperia-vend-anetar-i-nato-s-dhe-partner-shtrati-i-iranit\\\/\"},\"author\":{\"name\":\"admin\",\"@id\":\"https:\\\/\\\/fjala.info\\\/2009-2015\\\/#\\\/schema\\\/person\\\/3aa1163ef05469c496fc94e77611ada2\"},\"headline\":\"Shqip\u00ebria vend an\u00ebtar i NATO-s dhe partner shtrati i Iranit\",\"datePublished\":\"2010-07-12T21:25:11+00:00\",\"mainEntityOfPage\":{\"@id\":\"https:\\\/\\\/fjala.info\\\/2009-2015\\\/shqiperia-vend-anetar-i-nato-s-dhe-partner-shtrati-i-iranit\\\/\"},\"wordCount\":1294,\"commentCount\":0,\"publisher\":{\"@id\":\"https:\\\/\\\/fjala.info\\\/2009-2015\\\/#organization\"},\"image\":{\"@id\":\"https:\\\/\\\/fjala.info\\\/2009-2015\\\/shqiperia-vend-anetar-i-nato-s-dhe-partner-shtrati-i-iranit\\\/#primaryimage\"},\"thumbnailUrl\":\"http:\\\/\\\/fjala.shkoder.net\\\/wp-content\\\/uploads\\\/2010\\\/07\\\/ahmadinejad-300x181.jpg\",\"articleSection\":[\"Artikuj\"],\"inLanguage\":\"sq-AL\",\"potentialAction\":[{\"@type\":\"CommentAction\",\"name\":\"Comment\",\"target\":[\"https:\\\/\\\/fjala.info\\\/2009-2015\\\/shqiperia-vend-anetar-i-nato-s-dhe-partner-shtrati-i-iranit\\\/#respond\"]}]},{\"@type\":\"WebPage\",\"@id\":\"https:\\\/\\\/fjala.info\\\/2009-2015\\\/shqiperia-vend-anetar-i-nato-s-dhe-partner-shtrati-i-iranit\\\/\",\"url\":\"https:\\\/\\\/fjala.info\\\/2009-2015\\\/shqiperia-vend-anetar-i-nato-s-dhe-partner-shtrati-i-iranit\\\/\",\"name\":\"Shqip\u00ebria vend an\u00ebtar i NATO-s dhe partner shtrati i Iranit - FjALA e LIR\u00cb - Arkivi\",\"isPartOf\":{\"@id\":\"https:\\\/\\\/fjala.info\\\/2009-2015\\\/#website\"},\"primaryImageOfPage\":{\"@id\":\"https:\\\/\\\/fjala.info\\\/2009-2015\\\/shqiperia-vend-anetar-i-nato-s-dhe-partner-shtrati-i-iranit\\\/#primaryimage\"},\"image\":{\"@id\":\"https:\\\/\\\/fjala.info\\\/2009-2015\\\/shqiperia-vend-anetar-i-nato-s-dhe-partner-shtrati-i-iranit\\\/#primaryimage\"},\"thumbnailUrl\":\"http:\\\/\\\/fjala.shkoder.net\\\/wp-content\\\/uploads\\\/2010\\\/07\\\/ahmadinejad-300x181.jpg\",\"datePublished\":\"2010-07-12T21:25:11+00:00\",\"breadcrumb\":{\"@id\":\"https:\\\/\\\/fjala.info\\\/2009-2015\\\/shqiperia-vend-anetar-i-nato-s-dhe-partner-shtrati-i-iranit\\\/#breadcrumb\"},\"inLanguage\":\"sq-AL\",\"potentialAction\":[{\"@type\":\"ReadAction\",\"target\":[\"https:\\\/\\\/fjala.info\\\/2009-2015\\\/shqiperia-vend-anetar-i-nato-s-dhe-partner-shtrati-i-iranit\\\/\"]}]},{\"@type\":\"ImageObject\",\"inLanguage\":\"sq-AL\",\"@id\":\"https:\\\/\\\/fjala.info\\\/2009-2015\\\/shqiperia-vend-anetar-i-nato-s-dhe-partner-shtrati-i-iranit\\\/#primaryimage\",\"url\":\"http:\\\/\\\/fjala.shkoder.net\\\/wp-content\\\/uploads\\\/2010\\\/07\\\/ahmadinejad-300x181.jpg\",\"contentUrl\":\"http:\\\/\\\/fjala.shkoder.net\\\/wp-content\\\/uploads\\\/2010\\\/07\\\/ahmadinejad-300x181.jpg\"},{\"@type\":\"BreadcrumbList\",\"@id\":\"https:\\\/\\\/fjala.info\\\/2009-2015\\\/shqiperia-vend-anetar-i-nato-s-dhe-partner-shtrati-i-iranit\\\/#breadcrumb\",\"itemListElement\":[{\"@type\":\"ListItem\",\"position\":1,\"name\":\"Home\",\"item\":\"https:\\\/\\\/fjala.info\\\/2009-2015\\\/\"},{\"@type\":\"ListItem\",\"position\":2,\"name\":\"Shqip\u00ebria vend an\u00ebtar i NATO-s dhe partner shtrati i Iranit\"}]},{\"@type\":\"WebSite\",\"@id\":\"https:\\\/\\\/fjala.info\\\/2009-2015\\\/#website\",\"url\":\"https:\\\/\\\/fjala.info\\\/2009-2015\\\/\",\"name\":\"FjALA e LIR\u00cb - Arkivi\",\"description\":\"Arkivi 2009-2015\",\"publisher\":{\"@id\":\"https:\\\/\\\/fjala.info\\\/2009-2015\\\/#organization\"},\"potentialAction\":[{\"@type\":\"SearchAction\",\"target\":{\"@type\":\"EntryPoint\",\"urlTemplate\":\"https:\\\/\\\/fjala.info\\\/2009-2015\\\/?s={search_term_string}\"},\"query-input\":{\"@type\":\"PropertyValueSpecification\",\"valueRequired\":true,\"valueName\":\"search_term_string\"}}],\"inLanguage\":\"sq-AL\"},{\"@type\":\"Organization\",\"@id\":\"https:\\\/\\\/fjala.info\\\/2009-2015\\\/#organization\",\"name\":\"FjALA e LIR\u00cb - Arkivi\",\"url\":\"https:\\\/\\\/fjala.info\\\/2009-2015\\\/\",\"logo\":{\"@type\":\"ImageObject\",\"inLanguage\":\"sq-AL\",\"@id\":\"https:\\\/\\\/fjala.info\\\/2009-2015\\\/#\\\/schema\\\/logo\\\/image\\\/\",\"url\":\"\",\"contentUrl\":\"\",\"caption\":\"FjALA e LIR\u00cb - Arkivi\"},\"image\":{\"@id\":\"https:\\\/\\\/fjala.info\\\/2009-2015\\\/#\\\/schema\\\/logo\\\/image\\\/\"}},{\"@type\":\"Person\",\"@id\":\"https:\\\/\\\/fjala.info\\\/2009-2015\\\/#\\\/schema\\\/person\\\/3aa1163ef05469c496fc94e77611ada2\",\"name\":\"admin\",\"image\":{\"@type\":\"ImageObject\",\"inLanguage\":\"sq-AL\",\"@id\":\"https:\\\/\\\/fjala.info\\\/2009-2015\\\/wp-content\\\/uploads\\\/2012\\\/02\\\/arben_cokaj-120x150.jpg\",\"url\":\"https:\\\/\\\/fjala.info\\\/2009-2015\\\/wp-content\\\/uploads\\\/2012\\\/02\\\/arben_cokaj-120x150.jpg\",\"contentUrl\":\"https:\\\/\\\/fjala.info\\\/2009-2015\\\/wp-content\\\/uploads\\\/2012\\\/02\\\/arben_cokaj-120x150.jpg\",\"caption\":\"admin\"},\"description\":\"Admin, Fjala e Lir\u00eb\",\"sameAs\":[\"https:\\\/\\\/fjala.info\\\/\"],\"url\":\"https:\\\/\\\/fjala.info\\\/2009-2015\\\/author\\\/admin\\\/\"}]}<\/script>\n<!-- \/ Yoast SEO plugin. -->","yoast_head_json":{"title":"Shqip\u00ebria vend an\u00ebtar i NATO-s dhe partner shtrati i Iranit - FjALA e LIR\u00cb - Arkivi","robots":{"index":"index","follow":"follow","max-snippet":"max-snippet:-1","max-image-preview":"max-image-preview:large","max-video-preview":"max-video-preview:-1"},"canonical":"https:\/\/fjala.info\/2009-2015\/shqiperia-vend-anetar-i-nato-s-dhe-partner-shtrati-i-iranit\/","og_locale":"sq_AL","og_type":"article","og_title":"Shqip\u00ebria vend an\u00ebtar i NATO-s dhe partner shtrati i Iranit - FjALA e LIR\u00cb - Arkivi","og_description":"Ioannis Michaletos, 4 korrik 2010 Raporti i m\u00ebposht\u00ebm nga gazetari Gjergj Thanasi trajton \u00e7\u00ebshtjen e transaksioneve t\u00eb arm\u00ebve t\u00eb nj\u00eb natyre t\u00eb ve\u00e7ant\u00eb nd\u00ebrmjet Shqip\u00ebris\u00eb dhe Iranit pak vjet m\u00eb par\u00eb. Sipas reportazhit dhe zbulimeve t\u00eb gazetarit, q\u00eb p\u00ebrfshijn\u00eb dokumente zyrtare t\u00eb mir\u00eb-verifikuara, Shqip\u00ebria k\u00ebrkonte bashk\u00ebpunim ushtarak me Iranin dhe faktikisht ka importuar armatime t\u00eb [&hellip;]","og_url":"https:\/\/fjala.info\/2009-2015\/shqiperia-vend-anetar-i-nato-s-dhe-partner-shtrati-i-iranit\/","og_site_name":"FjALA e LIR\u00cb - Arkivi","article_published_time":"2010-07-12T21:25:11+00:00","og_image":[{"url":"http:\/\/fjala.shkoder.net\/wp-content\/uploads\/2010\/07\/ahmadinejad-300x181.jpg","type":"","width":"","height":""}],"author":"admin","twitter_card":"summary_large_image","twitter_misc":{"Written by":"admin","Est. reading time":"6 minutes"},"schema":{"@context":"https:\/\/schema.org","@graph":[{"@type":"Article","@id":"https:\/\/fjala.info\/2009-2015\/shqiperia-vend-anetar-i-nato-s-dhe-partner-shtrati-i-iranit\/#article","isPartOf":{"@id":"https:\/\/fjala.info\/2009-2015\/shqiperia-vend-anetar-i-nato-s-dhe-partner-shtrati-i-iranit\/"},"author":{"name":"admin","@id":"https:\/\/fjala.info\/2009-2015\/#\/schema\/person\/3aa1163ef05469c496fc94e77611ada2"},"headline":"Shqip\u00ebria vend an\u00ebtar i NATO-s dhe partner shtrati i Iranit","datePublished":"2010-07-12T21:25:11+00:00","mainEntityOfPage":{"@id":"https:\/\/fjala.info\/2009-2015\/shqiperia-vend-anetar-i-nato-s-dhe-partner-shtrati-i-iranit\/"},"wordCount":1294,"commentCount":0,"publisher":{"@id":"https:\/\/fjala.info\/2009-2015\/#organization"},"image":{"@id":"https:\/\/fjala.info\/2009-2015\/shqiperia-vend-anetar-i-nato-s-dhe-partner-shtrati-i-iranit\/#primaryimage"},"thumbnailUrl":"http:\/\/fjala.shkoder.net\/wp-content\/uploads\/2010\/07\/ahmadinejad-300x181.jpg","articleSection":["Artikuj"],"inLanguage":"sq-AL","potentialAction":[{"@type":"CommentAction","name":"Comment","target":["https:\/\/fjala.info\/2009-2015\/shqiperia-vend-anetar-i-nato-s-dhe-partner-shtrati-i-iranit\/#respond"]}]},{"@type":"WebPage","@id":"https:\/\/fjala.info\/2009-2015\/shqiperia-vend-anetar-i-nato-s-dhe-partner-shtrati-i-iranit\/","url":"https:\/\/fjala.info\/2009-2015\/shqiperia-vend-anetar-i-nato-s-dhe-partner-shtrati-i-iranit\/","name":"Shqip\u00ebria vend an\u00ebtar i NATO-s dhe partner shtrati i Iranit - FjALA e LIR\u00cb - Arkivi","isPartOf":{"@id":"https:\/\/fjala.info\/2009-2015\/#website"},"primaryImageOfPage":{"@id":"https:\/\/fjala.info\/2009-2015\/shqiperia-vend-anetar-i-nato-s-dhe-partner-shtrati-i-iranit\/#primaryimage"},"image":{"@id":"https:\/\/fjala.info\/2009-2015\/shqiperia-vend-anetar-i-nato-s-dhe-partner-shtrati-i-iranit\/#primaryimage"},"thumbnailUrl":"http:\/\/fjala.shkoder.net\/wp-content\/uploads\/2010\/07\/ahmadinejad-300x181.jpg","datePublished":"2010-07-12T21:25:11+00:00","breadcrumb":{"@id":"https:\/\/fjala.info\/2009-2015\/shqiperia-vend-anetar-i-nato-s-dhe-partner-shtrati-i-iranit\/#breadcrumb"},"inLanguage":"sq-AL","potentialAction":[{"@type":"ReadAction","target":["https:\/\/fjala.info\/2009-2015\/shqiperia-vend-anetar-i-nato-s-dhe-partner-shtrati-i-iranit\/"]}]},{"@type":"ImageObject","inLanguage":"sq-AL","@id":"https:\/\/fjala.info\/2009-2015\/shqiperia-vend-anetar-i-nato-s-dhe-partner-shtrati-i-iranit\/#primaryimage","url":"http:\/\/fjala.shkoder.net\/wp-content\/uploads\/2010\/07\/ahmadinejad-300x181.jpg","contentUrl":"http:\/\/fjala.shkoder.net\/wp-content\/uploads\/2010\/07\/ahmadinejad-300x181.jpg"},{"@type":"BreadcrumbList","@id":"https:\/\/fjala.info\/2009-2015\/shqiperia-vend-anetar-i-nato-s-dhe-partner-shtrati-i-iranit\/#breadcrumb","itemListElement":[{"@type":"ListItem","position":1,"name":"Home","item":"https:\/\/fjala.info\/2009-2015\/"},{"@type":"ListItem","position":2,"name":"Shqip\u00ebria vend an\u00ebtar i NATO-s dhe partner shtrati i Iranit"}]},{"@type":"WebSite","@id":"https:\/\/fjala.info\/2009-2015\/#website","url":"https:\/\/fjala.info\/2009-2015\/","name":"FjALA e LIR\u00cb - Arkivi","description":"Arkivi 2009-2015","publisher":{"@id":"https:\/\/fjala.info\/2009-2015\/#organization"},"potentialAction":[{"@type":"SearchAction","target":{"@type":"EntryPoint","urlTemplate":"https:\/\/fjala.info\/2009-2015\/?s={search_term_string}"},"query-input":{"@type":"PropertyValueSpecification","valueRequired":true,"valueName":"search_term_string"}}],"inLanguage":"sq-AL"},{"@type":"Organization","@id":"https:\/\/fjala.info\/2009-2015\/#organization","name":"FjALA e LIR\u00cb - Arkivi","url":"https:\/\/fjala.info\/2009-2015\/","logo":{"@type":"ImageObject","inLanguage":"sq-AL","@id":"https:\/\/fjala.info\/2009-2015\/#\/schema\/logo\/image\/","url":"","contentUrl":"","caption":"FjALA e LIR\u00cb - Arkivi"},"image":{"@id":"https:\/\/fjala.info\/2009-2015\/#\/schema\/logo\/image\/"}},{"@type":"Person","@id":"https:\/\/fjala.info\/2009-2015\/#\/schema\/person\/3aa1163ef05469c496fc94e77611ada2","name":"admin","image":{"@type":"ImageObject","inLanguage":"sq-AL","@id":"https:\/\/fjala.info\/2009-2015\/wp-content\/uploads\/2012\/02\/arben_cokaj-120x150.jpg","url":"https:\/\/fjala.info\/2009-2015\/wp-content\/uploads\/2012\/02\/arben_cokaj-120x150.jpg","contentUrl":"https:\/\/fjala.info\/2009-2015\/wp-content\/uploads\/2012\/02\/arben_cokaj-120x150.jpg","caption":"admin"},"description":"Admin, Fjala e Lir\u00eb","sameAs":["https:\/\/fjala.info\/"],"url":"https:\/\/fjala.info\/2009-2015\/author\/admin\/"}]}},"_links":{"self":[{"href":"https:\/\/fjala.info\/2009-2015\/wp-json\/wp\/v2\/posts\/3316","targetHints":{"allow":["GET"]}}],"collection":[{"href":"https:\/\/fjala.info\/2009-2015\/wp-json\/wp\/v2\/posts"}],"about":[{"href":"https:\/\/fjala.info\/2009-2015\/wp-json\/wp\/v2\/types\/post"}],"author":[{"embeddable":true,"href":"https:\/\/fjala.info\/2009-2015\/wp-json\/wp\/v2\/users\/1"}],"replies":[{"embeddable":true,"href":"https:\/\/fjala.info\/2009-2015\/wp-json\/wp\/v2\/comments?post=3316"}],"version-history":[{"count":0,"href":"https:\/\/fjala.info\/2009-2015\/wp-json\/wp\/v2\/posts\/3316\/revisions"}],"wp:attachment":[{"href":"https:\/\/fjala.info\/2009-2015\/wp-json\/wp\/v2\/media?parent=3316"}],"wp:term":[{"taxonomy":"category","embeddable":true,"href":"https:\/\/fjala.info\/2009-2015\/wp-json\/wp\/v2\/categories?post=3316"},{"taxonomy":"post_tag","embeddable":true,"href":"https:\/\/fjala.info\/2009-2015\/wp-json\/wp\/v2\/tags?post=3316"}],"curies":[{"name":"wp","href":"https:\/\/api.w.org\/{rel}","templated":true}]}}