{"id":3312,"date":"2010-07-12T22:00:40","date_gmt":"2010-07-12T21:00:40","guid":{"rendered":"http:\/\/fjala.shkoder.net\/?p=3312"},"modified":"2010-07-12T22:00:40","modified_gmt":"2010-07-12T21:00:40","slug":"rezoluta-e-re","status":"publish","type":"post","link":"https:\/\/fjala.info\/2009-2015\/rezoluta-e-re\/","title":{"rendered":"Rezoluta e re&#8230;"},"content":{"rendered":"<p><img decoding=\"async\" style=\"margin-left: 10px; margin-right: 10px; border: 0px;\" src=\"http:\/\/www.shkoder.net\/images\/fjala\/prec_zogaj.jpg\" border=\"0\" alt=\"Pre\u00e7 Zogaj\" width=\"150\" align=\"left\" \/><\/p>\n<p><strong>Prec Zogaj<\/strong>, <em>12.07.2010<\/em><\/p>\n<p>Me rezolut\u00ebn e fundit, Parlamenti Europian ringriti edhe nj\u00ebher\u00eb n\u00eb k\u00ebmb\u00eb shpres\u00ebn e rr\u00ebzuar p\u00ebr hetimin e zgjedhjeve shqiptare t\u00eb 28 qershorit.<\/p>\n<p>Si n\u00eb asnj\u00eb dokument tjet\u00ebr t\u00eb m\u00ebparsh\u00ebm t\u00eb institucioneve europiane, rezoluta jep, sugjeron dhe propozon kuadrin e nj\u00eb marr\u00ebveshjeje t\u00eb ndershme, q\u00eb do t\u00eb mund\u00ebsonte transparenc\u00ebn e famshme t\u00eb kutive t\u00eb votimit. Nj\u00eb komision me shumic\u00eb opozitare, q\u00eb drejtohet nga opozita dhe q\u00eb heton materialet zgjedhore- k\u00ebt\u00eb thot\u00eb Parlamenti Europian.<\/p>\n<p>K\u00ebt\u00eb k\u00ebrkon q\u00eb prej nj\u00eb viti opozita shqiptare, me t\u00eb gjitha format dhe mjetet e luft\u00ebs politike demokratike, duke p\u00ebrfshir\u00eb bojkotin e Kuvendit, protestat popullore, nismat parlamentare, grev\u00ebn e uris\u00eb, dialogun me lidershipin e shumic\u00ebs.<\/p>\n<p>Edhe m\u00eb par\u00eb, n\u00eb instanca t\u00eb tjera, formula e zgjidhjes s\u00eb kriz\u00ebs shqiptare \u00ebsht\u00eb v\u00ebrvitur n\u00eb k\u00ebto terma, por pa i zhvilluar dhe pa i p\u00ebrmbledhur n\u00eb nj\u00eb dokument t\u00eb votuar. Rezoluta e fundit e shpreh m\u00eb qart\u00eb se her\u00eb t\u00eb tjera formul\u00ebn e hetimit.<\/p>\n<p>R\u00ebnd\u00ebsia e saj rritet p\u00ebr shkak t\u00eb pesh\u00ebs q\u00eb ka Parlamenti Europian, si parlament i zgjedhur, n\u00eb krahasim me K\u00ebshillin e Europ\u00ebs apo me forumet politike q\u00eb jan\u00eb shprehur gjer me sot me shkrim p\u00ebr kriz\u00ebn ton\u00eb. Rezoluta e v\u00eb pik\u00ebn mbi &#8220;i&#8221; kur ngulmon te nevoja e hetimit t\u00eb zgjedhjeve t\u00eb kaluara.<\/p>\n<p>Kjo \u00ebsht\u00eb shum\u00eb e r\u00ebnd\u00ebsishme n\u00eb kontekstin e d\u00ebshtimit t\u00eb fresk\u00ebt t\u00eb Strasburgut, si p\u00ebrpjekje e nd\u00ebrmjet\u00ebsuesve Daul dhe Shulz p\u00ebr t\u00eb shtyr\u00eb Berish\u00ebn dhe Ram\u00ebn drejt nj\u00eb marr\u00ebveshjeje.<\/p>\n<p>Ashtu si\u00e7 u tregua n\u00eb Tiran\u00eb nga Daul , qe krijuar p\u00ebrshtypja se Strasburgu nuk e kishte hallin te shkaku i kriz\u00ebs, por te mjetet q\u00eb po p\u00ebrdorte opozita e Shqip\u00ebris\u00eb n\u00eb luft\u00ebn e saj. Kjo ishte d\u00ebshp\u00ebruese, por ishte edhe nj\u00eb ogur i keq p\u00ebr kriz\u00ebn e pazgjidhur. P\u00ebr fat, rezoluta e Parlamentit i nxori edhe nj\u00ebher\u00eb nga &#8220;harrimi&#8221; hetimin e materialeve zgjedhore.<\/p>\n<p>Dhe s&#8217;mund t\u00eb ndodhte ndryshe: pa hetim, s&#8217;ka zgjidhje t\u00eb kriz\u00ebs. Hetimi pa materialin zgjedhor \u00ebsht\u00eb si mulliri pa uj\u00eb.<\/p>\n<p>Duke th\u00ebn\u00eb disa fjal\u00eb t\u00eb mira p\u00ebr rezolut\u00ebn, ne e dim\u00eb se nuk \u00ebsht\u00eb rasti p\u00ebr t\u00eb k\u00ebnduar ndonj\u00eb fitore. Jemi djegur n\u00eb t\u00eb kaluar\u00ebn e af\u00ebrt dhe t\u00eb larg\u00ebt me rezoluta q\u00eb kan\u00eb ngelur n\u00eb let\u00ebr. Tani pakkush beson, pa i par\u00eb me sy rezultatet.<\/p>\n<p>Fakti q\u00eb qeveria dhe opozita e p\u00ebrsh\u00ebndet\u00ebn nj\u00eblloj, si p\u00ebrher\u00eb, si ta kishte porositur secila sipas shijeve t\u00eb veta, tregon se kjo rezolut\u00eb nuk dallon nga t\u00eb tjerat p\u00ebrsa i takon frazave sferike, q\u00eb jan\u00eb transheja m\u00eb e mir\u00eb p\u00ebr mendjen dinake.<\/p>\n<p>Asgj\u00eb e re n\u00ebn k\u00ebt\u00eb diell vere! Megjithat\u00eb, duan, s&#8217;duan, pal\u00ebt politike do t\u00eb duhet q\u00eb n\u00eb nj\u00eb t\u00eb ardhme t\u00eb af\u00ebrt t&#8217;i len\u00eb m\u00ebnjan\u00eb fjal\u00ebt dhe t\u00eb p\u00ebrballen me veprime dhe q\u00ebndrime konkrete n\u00eb lidhje me k\u00ebrkesat konkrete t\u00eb rezolut\u00ebs s\u00eb miratuar.<\/p>\n<p>Si do t\u00eb realizohet hetimi i zgjedhjeve ashtu si\u00e7 e k\u00ebrkon Parlamenti Europian? Cila \u00ebsht\u00eb rruga e re q\u00eb do t\u00eb ndiqet, pas d\u00ebshtimit q\u00eb ka njohur kjo nis\u00ebm n\u00eb Kuvend n\u00eb prill t\u00eb k\u00ebtij viti? N\u00eb prononcimin e tij p\u00ebr rezolut\u00ebn, Berisha ka qen\u00eb m\u00eb i hapur se disa jav\u00eb m\u00eb par\u00eb n\u00eb lidhje me hetimin e materialeve zgjedhore.<\/p>\n<p>Ai e ka m\u00ebsuar publikun t\u00eb gjej\u00eb gjithnj\u00eb nj\u00eb yck\u00ebl p\u00ebr t\u00eb mos e b\u00ebr\u00eb at\u00eb q\u00eb i k\u00ebrkohet atij dhe vendit t\u00eb tij p\u00ebr transparenc\u00ebn. Kjo shaka nuk mund t\u00eb p\u00ebrs\u00ebritet me sukses pa fund. Si rregull, i takon qeveris\u00eb t\u00eb jet\u00eb nism\u00ebtarja e implementimit t\u00eb rezolut\u00ebs s\u00eb Parlamentit Europian. Publiku po pret, edhe pse ka pak gjasa q\u00eb kjo t\u00eb ndodh\u00eb. Jan\u00eb shum\u00eb arsye.<\/p>\n<p>Vet\u00eb kriza e ka djegur nj\u00ebher\u00eb zellin e qeveris\u00eb p\u00ebr t\u00eb ngritur nj\u00eb komision hetimor pa opozit\u00ebn. Nga ana tjet\u00ebr, nuk \u00ebsht\u00eb e sigurt se Berisha vazhdon ta ket\u00eb n\u00eb qend\u00ebr t\u00eb v\u00ebmendjes \u00e7\u00ebshtjen e kutive, nd\u00ebrkoh\u00eb q\u00eb ekonomia po e tradhton n\u00eb shum\u00eb drejtime qeverin\u00eb e tij. N\u00eb k\u00ebto kushte, Berisha do t\u00eb vazhdoj\u00eb t\u00eb jet\u00eb i disponuesh\u00ebm me fjal\u00eb, duke nxjerr\u00eb vazhdimisht pengesa, n\u00eb pritje t\u00eb vizave dhe ndonj\u00eb mrekullie tjet\u00ebr.<\/p>\n<p>N\u00ebse qeveria mendon se mund t\u00eb vazhdoj\u00eb me shtyrje kohe, opozita nuk ka arsye t\u00eb pres\u00eb qeverin\u00eb. Kriza ekonomike mund t\u00eb mos i jap\u00eb koh\u00eb as opozit\u00ebs nes\u00ebr pasnes\u00ebr p\u00ebr veprime t\u00eb tjera, prandaj \u00ebsht\u00eb pik\u00ebrisht tani momenti p\u00ebr t\u00eb marr\u00eb nism\u00ebn dhe p\u00ebr t\u00eb paraqitur n\u00eb Kuvend nj\u00eb projektvendim t\u00eb ri n\u00eb baz\u00eb t\u00eb rezolut\u00ebs s\u00eb Parlamentit Europian, ku t\u00eb p\u00ebrcaktohet edhe objekti i hetimit.<\/p>\n<p>Nisma mund t\u00eb mos funksionalizohet k\u00ebt\u00eb sesion p\u00ebr shkak t\u00eb mbylljes s\u00eb Kuvendit pas pak dit\u00ebsh, por ajo mund t\u00eb paraqitet q\u00eb tani p\u00ebr t&#8217;u shqyrtuar n\u00eb shtator. I nj\u00ebjti projektvendim mund t\u00eb sqaroj\u00eb se \u00e7far\u00eb quhen materiale zgjedhore n\u00eb kuptimin e gjuh\u00ebs shqipe dhe Kodit Zgjedhor.<\/p>\n<p>A do t\u00eb konsiderohet nisma e re e opozit\u00ebs nga shumica? Kjo betej\u00eb e re zhvillohet n\u00eb syt\u00eb e nj\u00eb jurie politike me t\u00eb gjer\u00eb dhe m\u00eb t\u00eb lart\u00eb se ajo q\u00eb na ka v\u00ebzhguar deri me sot. Di\u00e7ka mund t\u00eb arrihet, sado q\u00eb dora n\u00eb zjarr nuk vihet. Por pavar\u00ebsisht nga kjo, opozita e ka t\u00eb detyrueshme t\u00eb l\u00ebviz\u00eb n\u00eb k\u00ebt\u00eb pist\u00eb.<\/p>\n<p>E th\u00ebrret rezoluta e Parlamentit Europian. E th\u00ebrret kauza e saj, mb\u00ebshtet\u00ebsit e saj, ata q\u00eb kan\u00eb protestuar dje e q\u00eb do te protestojn\u00eb s\u00ebrish nes\u00ebr pasnes\u00ebr kur t\u00eb shohin se opozita e vendit nuk po ia del as kur paraqet n\u00eb Kuvendin e Shqip\u00ebris\u00eb vizionin e Parlamentit Europian p\u00ebr hetimin e zgjedhjeve.<\/p>\n<p>Kjo nism\u00eb \u00ebsht\u00eb e r\u00ebnd\u00ebsishme edhe p\u00ebr t\u00eb prap\u00ebsuar akuzat q\u00eb i b\u00ebhen opozit\u00ebs dhe lidershipit t\u00eb saj nga drejtime t\u00eb ndryshme, sikur ata ndihen t\u00eb shpaguar me \u00e7far\u00eb kan\u00eb arritur gjat\u00eb nj\u00eb viti, se nuk duan m\u00eb t\u00eb hetojn\u00eb, por t\u00eb mbajn\u00eb k\u00ebt\u00eb gjendje.<\/p>\n<p>&#8220;Carpen diem&#8221; (kape dit\u00ebn), \u00ebsht\u00eb nj\u00eb fraz\u00eb e famshme e Horacit romak, q\u00eb shpreh nj\u00eb filozofi t\u00eb caktuar t\u00eb sjelljes n\u00eb jet\u00eb. Konteksti ka qen\u00eb dhe mbetet i gjer\u00eb, i ndryshuesh\u00ebm. Por fraza mund t\u00eb p\u00ebrdoret p\u00ebr t\u00eb n\u00ebnvizuar r\u00ebnd\u00ebsin\u00eb e momentit p\u00ebr opozit\u00ebn e sotme. &#8220;Carpen diem&#8221; p\u00ebr rezolut\u00ebn e PE-s\u00eb.<\/p>\n","protected":false},"excerpt":{"rendered":"<p>Prec Zogaj, 12.07.2010 Me rezolut\u00ebn e fundit, Parlamenti Europian ringriti edhe nj\u00ebher\u00eb n\u00eb k\u00ebmb\u00eb shpres\u00ebn e rr\u00ebzuar p\u00ebr hetimin e zgjedhjeve shqiptare t\u00eb 28 qershorit. Si n\u00eb asnj\u00eb dokument tjet\u00ebr t\u00eb m\u00ebparsh\u00ebm t\u00eb institucioneve europiane, rezoluta jep, sugjeron dhe propozon kuadrin e nj\u00eb marr\u00ebveshjeje t\u00eb ndershme, q\u00eb do t\u00eb mund\u00ebsonte transparenc\u00ebn e famshme t\u00eb kutive [&hellip;]<\/p>\n","protected":false},"author":1,"featured_media":0,"comment_status":"open","ping_status":"closed","sticky":false,"template":"","format":"standard","meta":{"footnotes":""},"categories":[2],"tags":[],"class_list":{"0":"post-3312","1":"post","2":"type-post","3":"status-publish","4":"format-standard","6":"category-artikuj"},"yoast_head":"<!-- This site is optimized with the Yoast SEO plugin v27.4 - https:\/\/yoast.com\/product\/yoast-seo-wordpress\/ -->\n<title>Rezoluta e re... - FjALA e LIR\u00cb - Arkivi<\/title>\n<meta name=\"robots\" content=\"index, follow, max-snippet:-1, max-image-preview:large, max-video-preview:-1\" \/>\n<link rel=\"canonical\" href=\"https:\/\/fjala.info\/2009-2015\/rezoluta-e-re\/\" \/>\n<meta property=\"og:locale\" content=\"sq_AL\" \/>\n<meta property=\"og:type\" content=\"article\" \/>\n<meta property=\"og:title\" content=\"Rezoluta e re... - FjALA e LIR\u00cb - Arkivi\" \/>\n<meta property=\"og:description\" content=\"Prec Zogaj, 12.07.2010 Me rezolut\u00ebn e fundit, Parlamenti Europian ringriti edhe nj\u00ebher\u00eb n\u00eb k\u00ebmb\u00eb shpres\u00ebn e rr\u00ebzuar p\u00ebr hetimin e zgjedhjeve shqiptare t\u00eb 28 qershorit. Si n\u00eb asnj\u00eb dokument tjet\u00ebr t\u00eb m\u00ebparsh\u00ebm t\u00eb institucioneve europiane, rezoluta jep, sugjeron dhe propozon kuadrin e nj\u00eb marr\u00ebveshjeje t\u00eb ndershme, q\u00eb do t\u00eb mund\u00ebsonte transparenc\u00ebn e famshme t\u00eb kutive [&hellip;]\" \/>\n<meta property=\"og:url\" content=\"https:\/\/fjala.info\/2009-2015\/rezoluta-e-re\/\" \/>\n<meta property=\"og:site_name\" content=\"FjALA e LIR\u00cb - Arkivi\" \/>\n<meta property=\"article:published_time\" content=\"2010-07-12T21:00:40+00:00\" \/>\n<meta property=\"og:image\" content=\"http:\/\/www.shkoder.net\/images\/fjala\/prec_zogaj.jpg\" \/>\n<meta name=\"author\" content=\"admin\" \/>\n<meta name=\"twitter:card\" content=\"summary_large_image\" \/>\n<meta name=\"twitter:label1\" content=\"Written by\" \/>\n\t<meta name=\"twitter:data1\" content=\"admin\" \/>\n\t<meta name=\"twitter:label2\" content=\"Est. reading time\" \/>\n\t<meta name=\"twitter:data2\" content=\"6 minutes\" \/>\n<script type=\"application\/ld+json\" class=\"yoast-schema-graph\">{\"@context\":\"https:\\\/\\\/schema.org\",\"@graph\":[{\"@type\":\"Article\",\"@id\":\"https:\\\/\\\/fjala.info\\\/2009-2015\\\/rezoluta-e-re\\\/#article\",\"isPartOf\":{\"@id\":\"https:\\\/\\\/fjala.info\\\/2009-2015\\\/rezoluta-e-re\\\/\"},\"author\":{\"name\":\"admin\",\"@id\":\"https:\\\/\\\/fjala.info\\\/2009-2015\\\/#\\\/schema\\\/person\\\/3aa1163ef05469c496fc94e77611ada2\"},\"headline\":\"Rezoluta e re&#8230;\",\"datePublished\":\"2010-07-12T21:00:40+00:00\",\"mainEntityOfPage\":{\"@id\":\"https:\\\/\\\/fjala.info\\\/2009-2015\\\/rezoluta-e-re\\\/\"},\"wordCount\":1141,\"commentCount\":0,\"publisher\":{\"@id\":\"https:\\\/\\\/fjala.info\\\/2009-2015\\\/#organization\"},\"image\":{\"@id\":\"https:\\\/\\\/fjala.info\\\/2009-2015\\\/rezoluta-e-re\\\/#primaryimage\"},\"thumbnailUrl\":\"http:\\\/\\\/www.shkoder.net\\\/images\\\/fjala\\\/prec_zogaj.jpg\",\"articleSection\":[\"Artikuj\"],\"inLanguage\":\"sq-AL\",\"potentialAction\":[{\"@type\":\"CommentAction\",\"name\":\"Comment\",\"target\":[\"https:\\\/\\\/fjala.info\\\/2009-2015\\\/rezoluta-e-re\\\/#respond\"]}]},{\"@type\":\"WebPage\",\"@id\":\"https:\\\/\\\/fjala.info\\\/2009-2015\\\/rezoluta-e-re\\\/\",\"url\":\"https:\\\/\\\/fjala.info\\\/2009-2015\\\/rezoluta-e-re\\\/\",\"name\":\"Rezoluta e re... - FjALA e LIR\u00cb - Arkivi\",\"isPartOf\":{\"@id\":\"https:\\\/\\\/fjala.info\\\/2009-2015\\\/#website\"},\"primaryImageOfPage\":{\"@id\":\"https:\\\/\\\/fjala.info\\\/2009-2015\\\/rezoluta-e-re\\\/#primaryimage\"},\"image\":{\"@id\":\"https:\\\/\\\/fjala.info\\\/2009-2015\\\/rezoluta-e-re\\\/#primaryimage\"},\"thumbnailUrl\":\"http:\\\/\\\/www.shkoder.net\\\/images\\\/fjala\\\/prec_zogaj.jpg\",\"datePublished\":\"2010-07-12T21:00:40+00:00\",\"breadcrumb\":{\"@id\":\"https:\\\/\\\/fjala.info\\\/2009-2015\\\/rezoluta-e-re\\\/#breadcrumb\"},\"inLanguage\":\"sq-AL\",\"potentialAction\":[{\"@type\":\"ReadAction\",\"target\":[\"https:\\\/\\\/fjala.info\\\/2009-2015\\\/rezoluta-e-re\\\/\"]}]},{\"@type\":\"ImageObject\",\"inLanguage\":\"sq-AL\",\"@id\":\"https:\\\/\\\/fjala.info\\\/2009-2015\\\/rezoluta-e-re\\\/#primaryimage\",\"url\":\"http:\\\/\\\/www.shkoder.net\\\/images\\\/fjala\\\/prec_zogaj.jpg\",\"contentUrl\":\"http:\\\/\\\/www.shkoder.net\\\/images\\\/fjala\\\/prec_zogaj.jpg\"},{\"@type\":\"BreadcrumbList\",\"@id\":\"https:\\\/\\\/fjala.info\\\/2009-2015\\\/rezoluta-e-re\\\/#breadcrumb\",\"itemListElement\":[{\"@type\":\"ListItem\",\"position\":1,\"name\":\"Home\",\"item\":\"https:\\\/\\\/fjala.info\\\/2009-2015\\\/\"},{\"@type\":\"ListItem\",\"position\":2,\"name\":\"Rezoluta e re&#8230;\"}]},{\"@type\":\"WebSite\",\"@id\":\"https:\\\/\\\/fjala.info\\\/2009-2015\\\/#website\",\"url\":\"https:\\\/\\\/fjala.info\\\/2009-2015\\\/\",\"name\":\"FjALA e LIR\u00cb - Arkivi\",\"description\":\"Arkivi 2009-2015\",\"publisher\":{\"@id\":\"https:\\\/\\\/fjala.info\\\/2009-2015\\\/#organization\"},\"potentialAction\":[{\"@type\":\"SearchAction\",\"target\":{\"@type\":\"EntryPoint\",\"urlTemplate\":\"https:\\\/\\\/fjala.info\\\/2009-2015\\\/?s={search_term_string}\"},\"query-input\":{\"@type\":\"PropertyValueSpecification\",\"valueRequired\":true,\"valueName\":\"search_term_string\"}}],\"inLanguage\":\"sq-AL\"},{\"@type\":\"Organization\",\"@id\":\"https:\\\/\\\/fjala.info\\\/2009-2015\\\/#organization\",\"name\":\"FjALA e LIR\u00cb - Arkivi\",\"url\":\"https:\\\/\\\/fjala.info\\\/2009-2015\\\/\",\"logo\":{\"@type\":\"ImageObject\",\"inLanguage\":\"sq-AL\",\"@id\":\"https:\\\/\\\/fjala.info\\\/2009-2015\\\/#\\\/schema\\\/logo\\\/image\\\/\",\"url\":\"\",\"contentUrl\":\"\",\"caption\":\"FjALA e LIR\u00cb - Arkivi\"},\"image\":{\"@id\":\"https:\\\/\\\/fjala.info\\\/2009-2015\\\/#\\\/schema\\\/logo\\\/image\\\/\"}},{\"@type\":\"Person\",\"@id\":\"https:\\\/\\\/fjala.info\\\/2009-2015\\\/#\\\/schema\\\/person\\\/3aa1163ef05469c496fc94e77611ada2\",\"name\":\"admin\",\"image\":{\"@type\":\"ImageObject\",\"inLanguage\":\"sq-AL\",\"@id\":\"https:\\\/\\\/fjala.info\\\/2009-2015\\\/wp-content\\\/uploads\\\/2012\\\/02\\\/arben_cokaj-120x150.jpg\",\"url\":\"https:\\\/\\\/fjala.info\\\/2009-2015\\\/wp-content\\\/uploads\\\/2012\\\/02\\\/arben_cokaj-120x150.jpg\",\"contentUrl\":\"https:\\\/\\\/fjala.info\\\/2009-2015\\\/wp-content\\\/uploads\\\/2012\\\/02\\\/arben_cokaj-120x150.jpg\",\"caption\":\"admin\"},\"description\":\"Admin, Fjala e Lir\u00eb\",\"sameAs\":[\"https:\\\/\\\/fjala.info\\\/\"],\"url\":\"https:\\\/\\\/fjala.info\\\/2009-2015\\\/author\\\/admin\\\/\"}]}<\/script>\n<!-- \/ Yoast SEO plugin. -->","yoast_head_json":{"title":"Rezoluta e re... - FjALA e LIR\u00cb - Arkivi","robots":{"index":"index","follow":"follow","max-snippet":"max-snippet:-1","max-image-preview":"max-image-preview:large","max-video-preview":"max-video-preview:-1"},"canonical":"https:\/\/fjala.info\/2009-2015\/rezoluta-e-re\/","og_locale":"sq_AL","og_type":"article","og_title":"Rezoluta e re... - FjALA e LIR\u00cb - Arkivi","og_description":"Prec Zogaj, 12.07.2010 Me rezolut\u00ebn e fundit, Parlamenti Europian ringriti edhe nj\u00ebher\u00eb n\u00eb k\u00ebmb\u00eb shpres\u00ebn e rr\u00ebzuar p\u00ebr hetimin e zgjedhjeve shqiptare t\u00eb 28 qershorit. Si n\u00eb asnj\u00eb dokument tjet\u00ebr t\u00eb m\u00ebparsh\u00ebm t\u00eb institucioneve europiane, rezoluta jep, sugjeron dhe propozon kuadrin e nj\u00eb marr\u00ebveshjeje t\u00eb ndershme, q\u00eb do t\u00eb mund\u00ebsonte transparenc\u00ebn e famshme t\u00eb kutive [&hellip;]","og_url":"https:\/\/fjala.info\/2009-2015\/rezoluta-e-re\/","og_site_name":"FjALA e LIR\u00cb - Arkivi","article_published_time":"2010-07-12T21:00:40+00:00","og_image":[{"url":"http:\/\/www.shkoder.net\/images\/fjala\/prec_zogaj.jpg","type":"","width":"","height":""}],"author":"admin","twitter_card":"summary_large_image","twitter_misc":{"Written by":"admin","Est. reading time":"6 minutes"},"schema":{"@context":"https:\/\/schema.org","@graph":[{"@type":"Article","@id":"https:\/\/fjala.info\/2009-2015\/rezoluta-e-re\/#article","isPartOf":{"@id":"https:\/\/fjala.info\/2009-2015\/rezoluta-e-re\/"},"author":{"name":"admin","@id":"https:\/\/fjala.info\/2009-2015\/#\/schema\/person\/3aa1163ef05469c496fc94e77611ada2"},"headline":"Rezoluta e re&#8230;","datePublished":"2010-07-12T21:00:40+00:00","mainEntityOfPage":{"@id":"https:\/\/fjala.info\/2009-2015\/rezoluta-e-re\/"},"wordCount":1141,"commentCount":0,"publisher":{"@id":"https:\/\/fjala.info\/2009-2015\/#organization"},"image":{"@id":"https:\/\/fjala.info\/2009-2015\/rezoluta-e-re\/#primaryimage"},"thumbnailUrl":"http:\/\/www.shkoder.net\/images\/fjala\/prec_zogaj.jpg","articleSection":["Artikuj"],"inLanguage":"sq-AL","potentialAction":[{"@type":"CommentAction","name":"Comment","target":["https:\/\/fjala.info\/2009-2015\/rezoluta-e-re\/#respond"]}]},{"@type":"WebPage","@id":"https:\/\/fjala.info\/2009-2015\/rezoluta-e-re\/","url":"https:\/\/fjala.info\/2009-2015\/rezoluta-e-re\/","name":"Rezoluta e re... - FjALA e LIR\u00cb - Arkivi","isPartOf":{"@id":"https:\/\/fjala.info\/2009-2015\/#website"},"primaryImageOfPage":{"@id":"https:\/\/fjala.info\/2009-2015\/rezoluta-e-re\/#primaryimage"},"image":{"@id":"https:\/\/fjala.info\/2009-2015\/rezoluta-e-re\/#primaryimage"},"thumbnailUrl":"http:\/\/www.shkoder.net\/images\/fjala\/prec_zogaj.jpg","datePublished":"2010-07-12T21:00:40+00:00","breadcrumb":{"@id":"https:\/\/fjala.info\/2009-2015\/rezoluta-e-re\/#breadcrumb"},"inLanguage":"sq-AL","potentialAction":[{"@type":"ReadAction","target":["https:\/\/fjala.info\/2009-2015\/rezoluta-e-re\/"]}]},{"@type":"ImageObject","inLanguage":"sq-AL","@id":"https:\/\/fjala.info\/2009-2015\/rezoluta-e-re\/#primaryimage","url":"http:\/\/www.shkoder.net\/images\/fjala\/prec_zogaj.jpg","contentUrl":"http:\/\/www.shkoder.net\/images\/fjala\/prec_zogaj.jpg"},{"@type":"BreadcrumbList","@id":"https:\/\/fjala.info\/2009-2015\/rezoluta-e-re\/#breadcrumb","itemListElement":[{"@type":"ListItem","position":1,"name":"Home","item":"https:\/\/fjala.info\/2009-2015\/"},{"@type":"ListItem","position":2,"name":"Rezoluta e re&#8230;"}]},{"@type":"WebSite","@id":"https:\/\/fjala.info\/2009-2015\/#website","url":"https:\/\/fjala.info\/2009-2015\/","name":"FjALA e LIR\u00cb - Arkivi","description":"Arkivi 2009-2015","publisher":{"@id":"https:\/\/fjala.info\/2009-2015\/#organization"},"potentialAction":[{"@type":"SearchAction","target":{"@type":"EntryPoint","urlTemplate":"https:\/\/fjala.info\/2009-2015\/?s={search_term_string}"},"query-input":{"@type":"PropertyValueSpecification","valueRequired":true,"valueName":"search_term_string"}}],"inLanguage":"sq-AL"},{"@type":"Organization","@id":"https:\/\/fjala.info\/2009-2015\/#organization","name":"FjALA e LIR\u00cb - Arkivi","url":"https:\/\/fjala.info\/2009-2015\/","logo":{"@type":"ImageObject","inLanguage":"sq-AL","@id":"https:\/\/fjala.info\/2009-2015\/#\/schema\/logo\/image\/","url":"","contentUrl":"","caption":"FjALA e LIR\u00cb - Arkivi"},"image":{"@id":"https:\/\/fjala.info\/2009-2015\/#\/schema\/logo\/image\/"}},{"@type":"Person","@id":"https:\/\/fjala.info\/2009-2015\/#\/schema\/person\/3aa1163ef05469c496fc94e77611ada2","name":"admin","image":{"@type":"ImageObject","inLanguage":"sq-AL","@id":"https:\/\/fjala.info\/2009-2015\/wp-content\/uploads\/2012\/02\/arben_cokaj-120x150.jpg","url":"https:\/\/fjala.info\/2009-2015\/wp-content\/uploads\/2012\/02\/arben_cokaj-120x150.jpg","contentUrl":"https:\/\/fjala.info\/2009-2015\/wp-content\/uploads\/2012\/02\/arben_cokaj-120x150.jpg","caption":"admin"},"description":"Admin, Fjala e Lir\u00eb","sameAs":["https:\/\/fjala.info\/"],"url":"https:\/\/fjala.info\/2009-2015\/author\/admin\/"}]}},"_links":{"self":[{"href":"https:\/\/fjala.info\/2009-2015\/wp-json\/wp\/v2\/posts\/3312","targetHints":{"allow":["GET"]}}],"collection":[{"href":"https:\/\/fjala.info\/2009-2015\/wp-json\/wp\/v2\/posts"}],"about":[{"href":"https:\/\/fjala.info\/2009-2015\/wp-json\/wp\/v2\/types\/post"}],"author":[{"embeddable":true,"href":"https:\/\/fjala.info\/2009-2015\/wp-json\/wp\/v2\/users\/1"}],"replies":[{"embeddable":true,"href":"https:\/\/fjala.info\/2009-2015\/wp-json\/wp\/v2\/comments?post=3312"}],"version-history":[{"count":0,"href":"https:\/\/fjala.info\/2009-2015\/wp-json\/wp\/v2\/posts\/3312\/revisions"}],"wp:attachment":[{"href":"https:\/\/fjala.info\/2009-2015\/wp-json\/wp\/v2\/media?parent=3312"}],"wp:term":[{"taxonomy":"category","embeddable":true,"href":"https:\/\/fjala.info\/2009-2015\/wp-json\/wp\/v2\/categories?post=3312"},{"taxonomy":"post_tag","embeddable":true,"href":"https:\/\/fjala.info\/2009-2015\/wp-json\/wp\/v2\/tags?post=3312"}],"curies":[{"name":"wp","href":"https:\/\/api.w.org\/{rel}","templated":true}]}}