{"id":3310,"date":"2010-07-12T21:50:38","date_gmt":"2010-07-12T20:50:38","guid":{"rendered":"http:\/\/fjala.shkoder.net\/?p=3310"},"modified":"2010-07-12T21:50:38","modified_gmt":"2010-07-12T20:50:38","slug":"mbreti-lakuriq-i-padenuar","status":"publish","type":"post","link":"https:\/\/fjala.info\/2009-2015\/mbreti-lakuriq-i-padenuar\/","title":{"rendered":"MBRETI LAKURIQ I PAD\u00cbNUAR"},"content":{"rendered":"<p><strong>Artan Lame<\/strong><\/p>\n<p>Harxhuam nj\u00eb muaj koh\u00eb duke u p\u00ebrpjekur t\u00eb provojm\u00eb se regjistrimi me kamera brenda banes\u00ebs s\u00eb tjetrit, nuk \u00ebsht\u00eb shkelje e privacy-s\u00eb. Un\u00eb po marr p\u00ebr t\u00eb v\u00ebrtet\u00eb t\u00eb kund\u00ebrt\u00ebn, pra q\u00eb \u00ebsht\u00eb shkelje. Mir\u00ebpo e keqja nuk \u00ebsht\u00eb k\u00ebtu.<\/p>\n<p>E keqja \u00ebsht\u00eb se, q\u00eb prej dit\u00ebs q\u00eb gjyqtari Bendo dha vendimin kund\u00ebr TCH-s\u00eb, i gjith\u00eb opinioni publik u p\u00ebrqendrua tek kjo pik\u00eb: ishte shkelje s\u2019ishte shkelje, ishte tejkalim s\u2019ishte tejkalim. Mir\u00ebpo n\u00eb k\u00ebt\u00eb histori, q\u00eb tashm\u00eb po mbush vitin, kjo holl\u00ebsi n\u00eb fakt \u00ebsht\u00eb e fundmja n\u00eb radh\u00eb dhe realisht m\u00eb e par\u00ebnd\u00ebsishmja. P\u00ebrpara k\u00ebsaj, q\u00ebndron fakti q\u00eb nj\u00eb minist\u00ebr q\u00eb \u00ebsht\u00eb betuar mbi kushtetut\u00ebn ton\u00eb, e shkeli betimin jo vet\u00ebm me k\u00ebmb\u00eb por edhe me pall\u00eb; q\u00eb ky minist\u00ebr zyr\u00ebn-tempull ku duhej t\u00eb venim t\u00eb lypnim kultur\u00eb, e p\u00ebrdorte p\u00ebr t\u2019ua lypur femrave; q\u00eb ky funksionar i lart\u00eb kishte shkelur edhe ligjin e deklarimit t\u00eb pasurive; q\u00eb ky minist\u00ebr i Republik\u00ebs ishte n\u00eb konflikt skandaloz interesi, pasi kishte nj\u00eb institut privat; q\u00eb ky Institut privat kishte shkelur edhe ligjet fiskale, pasi punonin njer\u00ebz n\u00eb t\u00eb zez\u00eb; q\u00eb ky funksionar i s\u00ebr\u00ebs s\u00eb lart\u00eb merrej me nj\u00eb pun\u00eb q\u00eb s\u2019i takonte absolutisht, duke shkelur n\u00eb m\u00ebnyr\u00eb flagrante edhe ligjin e rekrutimit t\u00eb punonj\u00ebsve t\u00eb ministris\u00eb, e k\u00ebshtu me radh\u00eb.<\/p>\n<p>Gjith\u00eb k\u00ebtij vargani shkeljesh, turpesh e kundravajtjesh, iu vu kapak me nj\u00eb gjest t\u00eb kryeministrit, q\u00eb aq shum\u00eb na mall\u00ebngjeu sa qem\u00eb gati t\u2019i ngrinim k\u00ebng\u00eb, kur e pushoi nga puna ministrin p\u00ebr 4 minuta. Nuk e di kush i mati k\u00ebto minutat, por legjenda k\u00ebshtu thot\u00eb. Mir\u00ebpo ne, kur k\u00ebndojm\u00eb strof\u00ebn e par\u00eb t\u00eb k\u00ebsaj k\u00ebnge, harrojm\u00eb t\u00eb dyt\u00ebn, at\u00eb ku kryeministri, ashtu si\u00e7 thon\u00eb p\u00ebr Per\u00ebndin\u00eb q\u00eb \u201ct\u00eb bjen me nj\u00eb dor\u00eb, e t\u00eb pret me tjetr\u00ebn\u201d, me nj\u00ebr\u00ebn dor\u00eb i firmosi pushimin dhe me tjetr\u00ebn i firmosi em\u00ebrimin n\u00eb nj\u00eb tjet\u00ebr post publik dhe bajagi t\u00eb lart\u00eb dhe s\u00ebrish n\u00eb fush\u00ebn e letrave e t\u00eb kultur\u00ebs.<\/p>\n<p>Njer\u00ebzia pastaj (them \u201cnjer\u00ebzia\u201d, pasi s\u2019i them dot \u201copinion publik\u201d), pas shokimit t\u00eb par\u00eb, ku po t\u2019ua kishe l\u00ebn\u00eb n\u00eb dor\u00eb, do ta kishin djegur ministrin me benzin\u00eb, vazhduan pun\u00ebt e tyre dhe s\u2019u kujtuan m\u00eb t\u2019i k\u00ebrkojn\u00eb qeveris\u00eb s\u00eb tyre se \u00e7\u2019u b\u00eb me at\u00eb birbon, a u d\u00ebnua p\u00ebr gjith\u00eb ato shkeljet e ligjeve t\u00eb m\u00ebsip\u00ebrme, apo u lan\u00eb e u shp\u00eblan\u00eb t\u00eb gjitha me shkarkimin nga detyra e par\u00eb. Ca m\u00eb pak reagoi kush, kur zoti Pango u riem\u00ebrua n\u00eb postin e ri shtet\u00ebror kur, me \u00e7\u2019m\u00eb kujtohet, vet\u00ebm se u shkruan nja dy reshta njoftim n\u00ebp\u00ebr gazeta dhe kaq. <\/p>\n<p>Tani q\u00eb na ra s\u00ebrish binaja n\u00eb kok\u00eb, n\u00eb v\u00ebnd t\u00eb merremi me k\u00ebto pun\u00eb, kemi r\u00ebn\u00eb n\u00eb kurthin qesharak \u201ce teproi apo nuk e teproi ajo \u00e7upa kur filmoi Ministrin tek ja lypte, sepse k\u00ebshtu u shfaq\u00ebn publikisht edhe kolltuk\u00ebt e k\u00ebtij kingut\u201d. Po \u00e7\u2019t\u00eb b\u00ebnte ajo, apo t\u2019i thoshte \u201chajde shkojm\u00eb t\u00eb ma lyp\u00ebsh nga liqeni\u201d si q\u00ebmoti q\u00eb t\u00eb mos quhet shkelje e privacy-s\u00eb; apo ta fuste kamer\u00ebn brenda n\u00eb t\u00eb mbathura, q\u00eb k\u00ebshtu t\u00eb dukej vet\u00ebm \u201cpajisjet\u201d e zotni ministrit, por jo \u00e7ar\u00e7af\u00ebt dhe kolltuk\u00ebt, se ata jan\u00eb pron\u00eb private. Turp e faqe e zez\u00eb jo m\u00eb p\u00ebr k\u00ebto muhabete, po p\u00ebr at\u00eb q\u00eb na b\u00ebri t\u00eb merremi me k\u00ebto muhabete.<\/p>\n<p>Si \u00e7do mekaniz\u00ebm i nd\u00ebrlikuar, edhe shteti i mb\u00ebshtetur mbi ligje, funksionon vet\u00ebm kur t\u00eb gjitha mekanizmat jan\u00eb n\u00eb v\u00ebndin e tyre dhe rrotullohen nj\u00ebsoj, p\u00ebrndryshe s\u2019vlen nj\u00eb lek. Debati mbi privacy-n\u00eb \u00ebsht\u00eb i fundit n\u00eb rradh\u00eb dhe, do kish kuptim, vet\u00ebm pasi t\u00eb ishin zbatuar t\u00eb gjith\u00eb ata ligjet e tjer\u00eb, p\u00ebrndryshe jo vet\u00ebm q\u00eb nuk vlen p\u00ebr t\u00eb ndrequr pun\u00eb, por p\u00ebrkund\u00ebr, kthehet e prish pun\u00eb, si\u00e7 edhe po ndodh.<\/p>\n<p>N\u00ebp\u00ebr depot e ushtris\u00eb son\u00eb, me sa di un\u00eb, ende mungojn\u00eb nja dyqindmij\u00eb pushk\u00eb, kobure automatik\u00eb e mitraloz\u00eb, q\u00eb gj\u00ebnden t\u00eb gjitha n\u00ebp\u00ebr sht\u00ebpit\u00eb e shqiptar\u00ebve. Ka nj\u00eb ligj q\u00eb d\u00ebnon deri n\u00eb 5 vjet burg arm\u00ebmbajtjen pa leje. E pra, le t\u00eb dal\u00eb nj\u00eb gjyqtar e t\u00eb \u00e7oj\u00eb n\u00eb burg k\u00ebta dyqindmij\u00eb shqiptar\u00eb nga 5 vjet secilin dhe pasaj t\u00eb m\u00eb thoj\u00eb q\u00eb zbatova ligj\u00ebn. E solla k\u00ebt\u00eb shembull pik\u00ebrisht p\u00ebr t\u00eb shpjeguar se ligjet kan\u00eb kuptim kur zbatohen n\u00eb sistem, p\u00ebrndryshe, vijm\u00eb e mblidhemi t\u00eb merremi me qimen e fatkeqes, n\u00eb vend t\u00eb merremi me traun e faqeziut.<\/p>\n<p>Ca m\u00eb tej, edhe kjo m\u00ebnyr\u00eb arsyetimi q\u00eb p\u00ebrdora un\u00eb, do kish vler\u00eb vet\u00ebm sikur t\u00eb kemi t\u00eb b\u00ebjm\u00eb me nj\u00eb trup\u00eb gjyq\u00ebsore q\u00eb realisht do kish marr\u00eb p\u00ebrgjegj\u00ebsin\u00eb t\u00eb vendoste drejt\u00ebsin\u00eb n\u00eb k\u00ebt\u00eb vend deri n\u00eb elementin m\u00eb t\u00eb fundm\u00eb. Lere pastaj sikur k\u00ebsaj t\u2019i shtosh edhe gjendjen mjerane n\u00eb t\u00eb cil\u00ebn noton trupa e gjyq\u00ebsorit ton\u00eb n\u00eb p\u00ebrgjith\u00ebsi.<\/p>\n<p>Pa qen\u00eb avokat e as gjykat\u00ebs, por m\u00ebndja m\u00eb thot\u00eb se po t\u00eb b\u00ebhej ky gjyq n\u00eb nj\u00eb v\u00ebnd t\u00eb Evrop\u00ebs, n\u00eb Zvic\u00ebr apo n\u00eb Austri bie llafi, Filipi edhe mund t\u00eb ish gjobitur. Por m\u00eb par\u00eb do ish b\u00ebr\u00eb gjith\u00eb karvani i d\u00ebnimeve p\u00ebr fajet e ministrit dhe t\u00eb atij q\u00eb e vuri dhe e mbajti ministrin. Hajt t\u00eb b\u00ebjm\u00eb edhe ne ato gjyqe m\u00eb par\u00eb dhe pastaj po desh\u00ebt po vij edhe un\u00eb t\u00eb d\u00ebnojm\u00eb Filipin. <\/p>\n<p>P\u00ebrndryshe, ajo q\u00eb po b\u00ebjm\u00eb ne, \u00ebsht\u00eb q\u00eb po d\u00ebnojm\u00eb at\u00eb djalin e p\u00ebrrall\u00ebs q\u00eb thirri \u201cEjjj, Mbreti qenka lakuriq\u201d dhe jo mbretin q\u00eb dolli lakuriq. Sot n\u00eb Zvic\u00ebr apo n\u00eb Austri, ndoshta do ta d\u00ebnonin edhe at\u00eb djalin, se edhe ai ka shkelur nenin p\u00ebr prishje t\u00eb qet\u00ebsis\u00eb publike kur b\u00ebrtiti, por mbretin maskara ama, e kan\u00eb zhdukur nga faqja e dheut me koh\u00eb e vakt.<\/p>\n","protected":false},"excerpt":{"rendered":"<p>Artan Lame Harxhuam nj\u00eb muaj koh\u00eb duke u p\u00ebrpjekur t\u00eb provojm\u00eb se regjistrimi me kamera brenda banes\u00ebs s\u00eb tjetrit, nuk \u00ebsht\u00eb shkelje e privacy-s\u00eb. Un\u00eb po marr p\u00ebr t\u00eb v\u00ebrtet\u00eb t\u00eb kund\u00ebrt\u00ebn, pra q\u00eb \u00ebsht\u00eb shkelje. Mir\u00ebpo e keqja nuk \u00ebsht\u00eb k\u00ebtu. E keqja \u00ebsht\u00eb se, q\u00eb prej dit\u00ebs q\u00eb gjyqtari Bendo dha vendimin kund\u00ebr [&hellip;]<\/p>\n","protected":false},"author":1,"featured_media":0,"comment_status":"open","ping_status":"closed","sticky":false,"template":"","format":"standard","meta":{"footnotes":""},"categories":[2],"tags":[],"class_list":{"0":"post-3310","1":"post","2":"type-post","3":"status-publish","4":"format-standard","6":"category-artikuj"},"yoast_head":"<!-- This site is optimized with the Yoast SEO plugin v27.4 - https:\/\/yoast.com\/product\/yoast-seo-wordpress\/ -->\n<title>MBRETI LAKURIQ I PAD\u00cbNUAR - FjALA e LIR\u00cb - Arkivi<\/title>\n<meta name=\"robots\" content=\"index, follow, max-snippet:-1, max-image-preview:large, max-video-preview:-1\" \/>\n<link rel=\"canonical\" href=\"https:\/\/fjala.info\/2009-2015\/mbreti-lakuriq-i-padenuar\/\" \/>\n<meta property=\"og:locale\" content=\"sq_AL\" \/>\n<meta property=\"og:type\" content=\"article\" \/>\n<meta property=\"og:title\" content=\"MBRETI LAKURIQ I PAD\u00cbNUAR - FjALA e LIR\u00cb - Arkivi\" \/>\n<meta property=\"og:description\" content=\"Artan Lame Harxhuam nj\u00eb muaj koh\u00eb duke u p\u00ebrpjekur t\u00eb provojm\u00eb se regjistrimi me kamera brenda banes\u00ebs s\u00eb tjetrit, nuk \u00ebsht\u00eb shkelje e privacy-s\u00eb. Un\u00eb po marr p\u00ebr t\u00eb v\u00ebrtet\u00eb t\u00eb kund\u00ebrt\u00ebn, pra q\u00eb \u00ebsht\u00eb shkelje. Mir\u00ebpo e keqja nuk \u00ebsht\u00eb k\u00ebtu. E keqja \u00ebsht\u00eb se, q\u00eb prej dit\u00ebs q\u00eb gjyqtari Bendo dha vendimin kund\u00ebr [&hellip;]\" \/>\n<meta property=\"og:url\" content=\"https:\/\/fjala.info\/2009-2015\/mbreti-lakuriq-i-padenuar\/\" \/>\n<meta property=\"og:site_name\" content=\"FjALA e LIR\u00cb - Arkivi\" \/>\n<meta property=\"article:published_time\" content=\"2010-07-12T20:50:38+00:00\" \/>\n<meta name=\"author\" content=\"admin\" \/>\n<meta name=\"twitter:card\" content=\"summary_large_image\" \/>\n<meta name=\"twitter:label1\" content=\"Written by\" \/>\n\t<meta name=\"twitter:data1\" content=\"admin\" \/>\n\t<meta name=\"twitter:label2\" content=\"Est. reading time\" \/>\n\t<meta name=\"twitter:data2\" content=\"5 minutes\" \/>\n<script type=\"application\/ld+json\" class=\"yoast-schema-graph\">{\"@context\":\"https:\\\/\\\/schema.org\",\"@graph\":[{\"@type\":\"Article\",\"@id\":\"https:\\\/\\\/fjala.info\\\/2009-2015\\\/mbreti-lakuriq-i-padenuar\\\/#article\",\"isPartOf\":{\"@id\":\"https:\\\/\\\/fjala.info\\\/2009-2015\\\/mbreti-lakuriq-i-padenuar\\\/\"},\"author\":{\"name\":\"admin\",\"@id\":\"https:\\\/\\\/fjala.info\\\/2009-2015\\\/#\\\/schema\\\/person\\\/3aa1163ef05469c496fc94e77611ada2\"},\"headline\":\"MBRETI LAKURIQ I PAD\u00cbNUAR\",\"datePublished\":\"2010-07-12T20:50:38+00:00\",\"mainEntityOfPage\":{\"@id\":\"https:\\\/\\\/fjala.info\\\/2009-2015\\\/mbreti-lakuriq-i-padenuar\\\/\"},\"wordCount\":1089,\"commentCount\":0,\"publisher\":{\"@id\":\"https:\\\/\\\/fjala.info\\\/2009-2015\\\/#organization\"},\"articleSection\":[\"Artikuj\"],\"inLanguage\":\"sq-AL\",\"potentialAction\":[{\"@type\":\"CommentAction\",\"name\":\"Comment\",\"target\":[\"https:\\\/\\\/fjala.info\\\/2009-2015\\\/mbreti-lakuriq-i-padenuar\\\/#respond\"]}]},{\"@type\":\"WebPage\",\"@id\":\"https:\\\/\\\/fjala.info\\\/2009-2015\\\/mbreti-lakuriq-i-padenuar\\\/\",\"url\":\"https:\\\/\\\/fjala.info\\\/2009-2015\\\/mbreti-lakuriq-i-padenuar\\\/\",\"name\":\"MBRETI LAKURIQ I PAD\u00cbNUAR - FjALA e LIR\u00cb - Arkivi\",\"isPartOf\":{\"@id\":\"https:\\\/\\\/fjala.info\\\/2009-2015\\\/#website\"},\"datePublished\":\"2010-07-12T20:50:38+00:00\",\"breadcrumb\":{\"@id\":\"https:\\\/\\\/fjala.info\\\/2009-2015\\\/mbreti-lakuriq-i-padenuar\\\/#breadcrumb\"},\"inLanguage\":\"sq-AL\",\"potentialAction\":[{\"@type\":\"ReadAction\",\"target\":[\"https:\\\/\\\/fjala.info\\\/2009-2015\\\/mbreti-lakuriq-i-padenuar\\\/\"]}]},{\"@type\":\"BreadcrumbList\",\"@id\":\"https:\\\/\\\/fjala.info\\\/2009-2015\\\/mbreti-lakuriq-i-padenuar\\\/#breadcrumb\",\"itemListElement\":[{\"@type\":\"ListItem\",\"position\":1,\"name\":\"Home\",\"item\":\"https:\\\/\\\/fjala.info\\\/2009-2015\\\/\"},{\"@type\":\"ListItem\",\"position\":2,\"name\":\"MBRETI LAKURIQ I PAD\u00cbNUAR\"}]},{\"@type\":\"WebSite\",\"@id\":\"https:\\\/\\\/fjala.info\\\/2009-2015\\\/#website\",\"url\":\"https:\\\/\\\/fjala.info\\\/2009-2015\\\/\",\"name\":\"FjALA e LIR\u00cb - Arkivi\",\"description\":\"Arkivi 2009-2015\",\"publisher\":{\"@id\":\"https:\\\/\\\/fjala.info\\\/2009-2015\\\/#organization\"},\"potentialAction\":[{\"@type\":\"SearchAction\",\"target\":{\"@type\":\"EntryPoint\",\"urlTemplate\":\"https:\\\/\\\/fjala.info\\\/2009-2015\\\/?s={search_term_string}\"},\"query-input\":{\"@type\":\"PropertyValueSpecification\",\"valueRequired\":true,\"valueName\":\"search_term_string\"}}],\"inLanguage\":\"sq-AL\"},{\"@type\":\"Organization\",\"@id\":\"https:\\\/\\\/fjala.info\\\/2009-2015\\\/#organization\",\"name\":\"FjALA e LIR\u00cb - Arkivi\",\"url\":\"https:\\\/\\\/fjala.info\\\/2009-2015\\\/\",\"logo\":{\"@type\":\"ImageObject\",\"inLanguage\":\"sq-AL\",\"@id\":\"https:\\\/\\\/fjala.info\\\/2009-2015\\\/#\\\/schema\\\/logo\\\/image\\\/\",\"url\":\"\",\"contentUrl\":\"\",\"caption\":\"FjALA e LIR\u00cb - Arkivi\"},\"image\":{\"@id\":\"https:\\\/\\\/fjala.info\\\/2009-2015\\\/#\\\/schema\\\/logo\\\/image\\\/\"}},{\"@type\":\"Person\",\"@id\":\"https:\\\/\\\/fjala.info\\\/2009-2015\\\/#\\\/schema\\\/person\\\/3aa1163ef05469c496fc94e77611ada2\",\"name\":\"admin\",\"image\":{\"@type\":\"ImageObject\",\"inLanguage\":\"sq-AL\",\"@id\":\"https:\\\/\\\/fjala.info\\\/2009-2015\\\/wp-content\\\/uploads\\\/2012\\\/02\\\/arben_cokaj-120x150.jpg\",\"url\":\"https:\\\/\\\/fjala.info\\\/2009-2015\\\/wp-content\\\/uploads\\\/2012\\\/02\\\/arben_cokaj-120x150.jpg\",\"contentUrl\":\"https:\\\/\\\/fjala.info\\\/2009-2015\\\/wp-content\\\/uploads\\\/2012\\\/02\\\/arben_cokaj-120x150.jpg\",\"caption\":\"admin\"},\"description\":\"Admin, Fjala e Lir\u00eb\",\"sameAs\":[\"https:\\\/\\\/fjala.info\\\/\"],\"url\":\"https:\\\/\\\/fjala.info\\\/2009-2015\\\/author\\\/admin\\\/\"}]}<\/script>\n<!-- \/ Yoast SEO plugin. -->","yoast_head_json":{"title":"MBRETI LAKURIQ I PAD\u00cbNUAR - FjALA e LIR\u00cb - Arkivi","robots":{"index":"index","follow":"follow","max-snippet":"max-snippet:-1","max-image-preview":"max-image-preview:large","max-video-preview":"max-video-preview:-1"},"canonical":"https:\/\/fjala.info\/2009-2015\/mbreti-lakuriq-i-padenuar\/","og_locale":"sq_AL","og_type":"article","og_title":"MBRETI LAKURIQ I PAD\u00cbNUAR - FjALA e LIR\u00cb - Arkivi","og_description":"Artan Lame Harxhuam nj\u00eb muaj koh\u00eb duke u p\u00ebrpjekur t\u00eb provojm\u00eb se regjistrimi me kamera brenda banes\u00ebs s\u00eb tjetrit, nuk \u00ebsht\u00eb shkelje e privacy-s\u00eb. Un\u00eb po marr p\u00ebr t\u00eb v\u00ebrtet\u00eb t\u00eb kund\u00ebrt\u00ebn, pra q\u00eb \u00ebsht\u00eb shkelje. Mir\u00ebpo e keqja nuk \u00ebsht\u00eb k\u00ebtu. E keqja \u00ebsht\u00eb se, q\u00eb prej dit\u00ebs q\u00eb gjyqtari Bendo dha vendimin kund\u00ebr [&hellip;]","og_url":"https:\/\/fjala.info\/2009-2015\/mbreti-lakuriq-i-padenuar\/","og_site_name":"FjALA e LIR\u00cb - Arkivi","article_published_time":"2010-07-12T20:50:38+00:00","author":"admin","twitter_card":"summary_large_image","twitter_misc":{"Written by":"admin","Est. reading time":"5 minutes"},"schema":{"@context":"https:\/\/schema.org","@graph":[{"@type":"Article","@id":"https:\/\/fjala.info\/2009-2015\/mbreti-lakuriq-i-padenuar\/#article","isPartOf":{"@id":"https:\/\/fjala.info\/2009-2015\/mbreti-lakuriq-i-padenuar\/"},"author":{"name":"admin","@id":"https:\/\/fjala.info\/2009-2015\/#\/schema\/person\/3aa1163ef05469c496fc94e77611ada2"},"headline":"MBRETI LAKURIQ I PAD\u00cbNUAR","datePublished":"2010-07-12T20:50:38+00:00","mainEntityOfPage":{"@id":"https:\/\/fjala.info\/2009-2015\/mbreti-lakuriq-i-padenuar\/"},"wordCount":1089,"commentCount":0,"publisher":{"@id":"https:\/\/fjala.info\/2009-2015\/#organization"},"articleSection":["Artikuj"],"inLanguage":"sq-AL","potentialAction":[{"@type":"CommentAction","name":"Comment","target":["https:\/\/fjala.info\/2009-2015\/mbreti-lakuriq-i-padenuar\/#respond"]}]},{"@type":"WebPage","@id":"https:\/\/fjala.info\/2009-2015\/mbreti-lakuriq-i-padenuar\/","url":"https:\/\/fjala.info\/2009-2015\/mbreti-lakuriq-i-padenuar\/","name":"MBRETI LAKURIQ I PAD\u00cbNUAR - FjALA e LIR\u00cb - Arkivi","isPartOf":{"@id":"https:\/\/fjala.info\/2009-2015\/#website"},"datePublished":"2010-07-12T20:50:38+00:00","breadcrumb":{"@id":"https:\/\/fjala.info\/2009-2015\/mbreti-lakuriq-i-padenuar\/#breadcrumb"},"inLanguage":"sq-AL","potentialAction":[{"@type":"ReadAction","target":["https:\/\/fjala.info\/2009-2015\/mbreti-lakuriq-i-padenuar\/"]}]},{"@type":"BreadcrumbList","@id":"https:\/\/fjala.info\/2009-2015\/mbreti-lakuriq-i-padenuar\/#breadcrumb","itemListElement":[{"@type":"ListItem","position":1,"name":"Home","item":"https:\/\/fjala.info\/2009-2015\/"},{"@type":"ListItem","position":2,"name":"MBRETI LAKURIQ I PAD\u00cbNUAR"}]},{"@type":"WebSite","@id":"https:\/\/fjala.info\/2009-2015\/#website","url":"https:\/\/fjala.info\/2009-2015\/","name":"FjALA e LIR\u00cb - Arkivi","description":"Arkivi 2009-2015","publisher":{"@id":"https:\/\/fjala.info\/2009-2015\/#organization"},"potentialAction":[{"@type":"SearchAction","target":{"@type":"EntryPoint","urlTemplate":"https:\/\/fjala.info\/2009-2015\/?s={search_term_string}"},"query-input":{"@type":"PropertyValueSpecification","valueRequired":true,"valueName":"search_term_string"}}],"inLanguage":"sq-AL"},{"@type":"Organization","@id":"https:\/\/fjala.info\/2009-2015\/#organization","name":"FjALA e LIR\u00cb - Arkivi","url":"https:\/\/fjala.info\/2009-2015\/","logo":{"@type":"ImageObject","inLanguage":"sq-AL","@id":"https:\/\/fjala.info\/2009-2015\/#\/schema\/logo\/image\/","url":"","contentUrl":"","caption":"FjALA e LIR\u00cb - Arkivi"},"image":{"@id":"https:\/\/fjala.info\/2009-2015\/#\/schema\/logo\/image\/"}},{"@type":"Person","@id":"https:\/\/fjala.info\/2009-2015\/#\/schema\/person\/3aa1163ef05469c496fc94e77611ada2","name":"admin","image":{"@type":"ImageObject","inLanguage":"sq-AL","@id":"https:\/\/fjala.info\/2009-2015\/wp-content\/uploads\/2012\/02\/arben_cokaj-120x150.jpg","url":"https:\/\/fjala.info\/2009-2015\/wp-content\/uploads\/2012\/02\/arben_cokaj-120x150.jpg","contentUrl":"https:\/\/fjala.info\/2009-2015\/wp-content\/uploads\/2012\/02\/arben_cokaj-120x150.jpg","caption":"admin"},"description":"Admin, Fjala e Lir\u00eb","sameAs":["https:\/\/fjala.info\/"],"url":"https:\/\/fjala.info\/2009-2015\/author\/admin\/"}]}},"_links":{"self":[{"href":"https:\/\/fjala.info\/2009-2015\/wp-json\/wp\/v2\/posts\/3310","targetHints":{"allow":["GET"]}}],"collection":[{"href":"https:\/\/fjala.info\/2009-2015\/wp-json\/wp\/v2\/posts"}],"about":[{"href":"https:\/\/fjala.info\/2009-2015\/wp-json\/wp\/v2\/types\/post"}],"author":[{"embeddable":true,"href":"https:\/\/fjala.info\/2009-2015\/wp-json\/wp\/v2\/users\/1"}],"replies":[{"embeddable":true,"href":"https:\/\/fjala.info\/2009-2015\/wp-json\/wp\/v2\/comments?post=3310"}],"version-history":[{"count":0,"href":"https:\/\/fjala.info\/2009-2015\/wp-json\/wp\/v2\/posts\/3310\/revisions"}],"wp:attachment":[{"href":"https:\/\/fjala.info\/2009-2015\/wp-json\/wp\/v2\/media?parent=3310"}],"wp:term":[{"taxonomy":"category","embeddable":true,"href":"https:\/\/fjala.info\/2009-2015\/wp-json\/wp\/v2\/categories?post=3310"},{"taxonomy":"post_tag","embeddable":true,"href":"https:\/\/fjala.info\/2009-2015\/wp-json\/wp\/v2\/tags?post=3310"}],"curies":[{"name":"wp","href":"https:\/\/api.w.org\/{rel}","templated":true}]}}