{"id":3308,"date":"2012-06-14T07:01:18","date_gmt":"2012-06-14T06:01:18","guid":{"rendered":"http:\/\/www.fjala.info\/?p=3308"},"modified":"2012-06-14T07:01:18","modified_gmt":"2012-06-14T06:01:18","slug":"shenim-eshte-fitore-ti-besh-gjerat-sa-me-te-veshtira","status":"publish","type":"post","link":"https:\/\/fjala.info\/2009-2015\/shenim-eshte-fitore-ti-besh-gjerat-sa-me-te-veshtira\/","title":{"rendered":"SH\u00cbNIM\/ \u00cbsht\u00eb fitore t\u2019i b\u00ebsh gj\u00ebrat sa m\u00eb t\u00eb v\u00ebshtira"},"content":{"rendered":"<p><img decoding=\"async\" class=\"alignright size-thumbnail wp-image-7236\" title=\"Berisha - Topalli - Nishani - Meta - Mediu n\u00eb parlament\" src=\"http:\/\/www.fjala.info\/2012\/berisha_topalli_nishani_meta_parlament.jpg\" alt=\"\" width=\"300\" \/>\u00a0<strong>TemA<\/strong>, <em>14 Qershor 2012<\/em><\/p>\n<p><strong>Kush eshte vasali?<\/strong><\/p>\n<p>Fondacioni gjerman Konrad Adenauer ka p\u00ebrgatitur nj\u00eb analiz\u00eb p\u00ebr zgjedhjen e presidentit t\u00eb ri n\u00eb Shqip\u00ebri. Nj\u00eb studiues me titullin doktor arrin n\u00eb p\u00ebrfundimin se zgjedhja e presidentit konsensual n\u00eb Shqip\u00ebri nuk \u00ebsht\u00eb nj\u00eb opsion real. Disa her\u00eb kritikohet kreu i PS, Edi Rama, se nuk arriti t\u00eb propozoj\u00eb kandidatura p\u00ebr k\u00ebt\u00eb gar\u00eb presidenciale.<\/p>\n<p>Dy jan\u00eb gj\u00ebrat q\u00eb t\u00eb bien n\u00eb sy: e para, q\u00eb politika shqiptare shihet si e paaft\u00eb p\u00ebr t\u00eb b\u00ebr\u00eb konsensus dhe e dyta, q\u00eb ka nj\u00eb vler\u00ebsim se t\u00eb pakt\u00ebn pal\u00ebt po ulen n\u00eb tavolin\u00eb. Ka disa z\u00ebra q\u00eb e quajn\u00eb arritje k\u00ebt\u00eb t\u00eb fundit. K\u00ebtyre z\u00ebrave u prin kreu i LSI, Ilir Meta, q\u00eb zg\u00ebrdhihet sa her\u00eb flet p\u00ebr k\u00ebt\u00eb gj\u00eb. Po ta mendosh se \u00e7far\u00eb lufte b\u00ebri Sali Berisha thjesht p\u00ebr t\u00eb mos u ulur me Ram\u00ebn, e kupton se ku q\u00ebndron v\u00ebrtet problemi.<\/p>\n<p>Gj\u00ebja m\u00eb e tmerrshme q\u00eb ka ndodhur n\u00eb k\u00ebto vite demokraci \u00ebsht\u00eb se Sali Berisha i ka d\u00ebmtuar aq shum\u00eb proceset demokratike, sa p\u00ebr t\u00eb huajt tani \u00ebsht\u00eb arritje kur b\u00ebhet edhe nj\u00eb shtr\u00ebngim duarsh. Quhet nj\u00eb hap p\u00ebrpara. Dhe Berisha e Meta g\u00ebzohen p\u00ebr k\u00ebto hapa p\u00ebrpara. K\u00ebshtu ndodh me zgjedhjet, t\u00eb cilat jan\u00eb d\u00ebmtuar aq r\u00ebnd\u00eb, sa \u00e7do hap p\u00ebrpara quhet nj\u00eb arritje n\u00eb syt\u00eb e t\u00eb huajve. K\u00ebshtu ndodhi edhe me presidentin, kur edhe nj\u00eb shtr\u00ebngim duarsh quhet arritje. Ndaj p\u00ebr k\u00ebt\u00eb mazhoranc\u00eb \u00ebsht\u00eb fitore q\u00eb t\u00eb b\u00ebsh gj\u00ebrat sa m\u00eb t\u00eb v\u00ebshtira, n\u00eb m\u00ebnyr\u00eb q\u00eb edhe l\u00ebshimi m\u00eb i vog\u00ebl t\u00eb quhet arritje.<\/p>\n<p>N\u00eb fakt t\u00eb gjitha jan\u00eb procese t\u00eb realizueshme dhe nuk kan\u00eb asgj\u00eb p\u00ebr tu v\u00ebshtir\u00ebsuar. P\u00ebrve\u00e7se mbajn\u00eb p\u00ebrsip\u00ebr emrin e nj\u00eb personi q\u00eb do t\u00eb kap\u00eb \u00e7do pushtet me \u00e7do kusht.<\/p>\n","protected":false},"excerpt":{"rendered":"<p>\u00a0TemA, 14 Qershor 2012 Kush eshte vasali? Fondacioni gjerman Konrad Adenauer ka p\u00ebrgatitur nj\u00eb analiz\u00eb p\u00ebr zgjedhjen e presidentit t\u00eb ri n\u00eb Shqip\u00ebri. Nj\u00eb studiues me titullin doktor arrin n\u00eb p\u00ebrfundimin se zgjedhja e presidentit konsensual n\u00eb Shqip\u00ebri nuk \u00ebsht\u00eb nj\u00eb opsion real. Disa her\u00eb kritikohet kreu i PS, Edi Rama, se nuk arriti t\u00eb [&hellip;]<\/p>\n","protected":false},"author":1,"featured_media":0,"comment_status":"open","ping_status":"closed","sticky":false,"template":"","format":"standard","meta":{"footnotes":""},"categories":[2,5],"tags":[],"class_list":{"0":"post-3308","1":"post","2":"type-post","3":"status-publish","4":"format-standard","6":"category-artikuj","7":"category-lajme"},"yoast_head":"<!-- This site is optimized with the Yoast SEO plugin v27.4 - https:\/\/yoast.com\/product\/yoast-seo-wordpress\/ -->\n<title>SH\u00cbNIM\/ \u00cbsht\u00eb fitore t\u2019i b\u00ebsh gj\u00ebrat sa m\u00eb t\u00eb v\u00ebshtira - FjALA e LIR\u00cb - Arkivi<\/title>\n<meta name=\"robots\" content=\"index, follow, max-snippet:-1, max-image-preview:large, max-video-preview:-1\" \/>\n<link rel=\"canonical\" href=\"https:\/\/fjala.info\/2009-2015\/shenim-eshte-fitore-ti-besh-gjerat-sa-me-te-veshtira\/\" \/>\n<meta property=\"og:locale\" content=\"sq_AL\" \/>\n<meta property=\"og:type\" content=\"article\" \/>\n<meta property=\"og:title\" content=\"SH\u00cbNIM\/ \u00cbsht\u00eb fitore t\u2019i b\u00ebsh gj\u00ebrat sa m\u00eb t\u00eb v\u00ebshtira - FjALA e LIR\u00cb - Arkivi\" \/>\n<meta property=\"og:description\" content=\"\u00a0TemA, 14 Qershor 2012 Kush eshte vasali? Fondacioni gjerman Konrad Adenauer ka p\u00ebrgatitur nj\u00eb analiz\u00eb p\u00ebr zgjedhjen e presidentit t\u00eb ri n\u00eb Shqip\u00ebri. Nj\u00eb studiues me titullin doktor arrin n\u00eb p\u00ebrfundimin se zgjedhja e presidentit konsensual n\u00eb Shqip\u00ebri nuk \u00ebsht\u00eb nj\u00eb opsion real. Disa her\u00eb kritikohet kreu i PS, Edi Rama, se nuk arriti t\u00eb [&hellip;]\" \/>\n<meta property=\"og:url\" content=\"https:\/\/fjala.info\/2009-2015\/shenim-eshte-fitore-ti-besh-gjerat-sa-me-te-veshtira\/\" \/>\n<meta property=\"og:site_name\" content=\"FjALA e LIR\u00cb - Arkivi\" \/>\n<meta property=\"article:published_time\" content=\"2012-06-14T06:01:18+00:00\" \/>\n<meta property=\"og:image\" content=\"http:\/\/www.fjala.info\/2012\/berisha_topalli_nishani_meta_parlament.jpg\" \/>\n<meta name=\"author\" content=\"admin\" \/>\n<meta name=\"twitter:card\" content=\"summary_large_image\" \/>\n<meta name=\"twitter:label1\" content=\"Written by\" \/>\n\t<meta name=\"twitter:data1\" content=\"admin\" \/>\n\t<meta name=\"twitter:label2\" content=\"Est. reading time\" \/>\n\t<meta name=\"twitter:data2\" content=\"2 minutes\" \/>\n<script type=\"application\/ld+json\" class=\"yoast-schema-graph\">{\"@context\":\"https:\\\/\\\/schema.org\",\"@graph\":[{\"@type\":\"Article\",\"@id\":\"https:\\\/\\\/fjala.info\\\/2009-2015\\\/shenim-eshte-fitore-ti-besh-gjerat-sa-me-te-veshtira\\\/#article\",\"isPartOf\":{\"@id\":\"https:\\\/\\\/fjala.info\\\/2009-2015\\\/shenim-eshte-fitore-ti-besh-gjerat-sa-me-te-veshtira\\\/\"},\"author\":{\"name\":\"admin\",\"@id\":\"https:\\\/\\\/fjala.info\\\/2009-2015\\\/#\\\/schema\\\/person\\\/3aa1163ef05469c496fc94e77611ada2\"},\"headline\":\"SH\u00cbNIM\\\/ \u00cbsht\u00eb fitore t\u2019i b\u00ebsh gj\u00ebrat sa m\u00eb t\u00eb v\u00ebshtira\",\"datePublished\":\"2012-06-14T06:01:18+00:00\",\"mainEntityOfPage\":{\"@id\":\"https:\\\/\\\/fjala.info\\\/2009-2015\\\/shenim-eshte-fitore-ti-besh-gjerat-sa-me-te-veshtira\\\/\"},\"wordCount\":356,\"commentCount\":0,\"publisher\":{\"@id\":\"https:\\\/\\\/fjala.info\\\/2009-2015\\\/#organization\"},\"image\":{\"@id\":\"https:\\\/\\\/fjala.info\\\/2009-2015\\\/shenim-eshte-fitore-ti-besh-gjerat-sa-me-te-veshtira\\\/#primaryimage\"},\"thumbnailUrl\":\"http:\\\/\\\/www.fjala.info\\\/2012\\\/berisha_topalli_nishani_meta_parlament.jpg\",\"articleSection\":[\"Artikuj\",\"Lajme\"],\"inLanguage\":\"sq-AL\",\"potentialAction\":[{\"@type\":\"CommentAction\",\"name\":\"Comment\",\"target\":[\"https:\\\/\\\/fjala.info\\\/2009-2015\\\/shenim-eshte-fitore-ti-besh-gjerat-sa-me-te-veshtira\\\/#respond\"]}]},{\"@type\":\"WebPage\",\"@id\":\"https:\\\/\\\/fjala.info\\\/2009-2015\\\/shenim-eshte-fitore-ti-besh-gjerat-sa-me-te-veshtira\\\/\",\"url\":\"https:\\\/\\\/fjala.info\\\/2009-2015\\\/shenim-eshte-fitore-ti-besh-gjerat-sa-me-te-veshtira\\\/\",\"name\":\"SH\u00cbNIM\\\/ \u00cbsht\u00eb fitore t\u2019i b\u00ebsh gj\u00ebrat sa m\u00eb t\u00eb v\u00ebshtira - FjALA e LIR\u00cb - Arkivi\",\"isPartOf\":{\"@id\":\"https:\\\/\\\/fjala.info\\\/2009-2015\\\/#website\"},\"primaryImageOfPage\":{\"@id\":\"https:\\\/\\\/fjala.info\\\/2009-2015\\\/shenim-eshte-fitore-ti-besh-gjerat-sa-me-te-veshtira\\\/#primaryimage\"},\"image\":{\"@id\":\"https:\\\/\\\/fjala.info\\\/2009-2015\\\/shenim-eshte-fitore-ti-besh-gjerat-sa-me-te-veshtira\\\/#primaryimage\"},\"thumbnailUrl\":\"http:\\\/\\\/www.fjala.info\\\/2012\\\/berisha_topalli_nishani_meta_parlament.jpg\",\"datePublished\":\"2012-06-14T06:01:18+00:00\",\"breadcrumb\":{\"@id\":\"https:\\\/\\\/fjala.info\\\/2009-2015\\\/shenim-eshte-fitore-ti-besh-gjerat-sa-me-te-veshtira\\\/#breadcrumb\"},\"inLanguage\":\"sq-AL\",\"potentialAction\":[{\"@type\":\"ReadAction\",\"target\":[\"https:\\\/\\\/fjala.info\\\/2009-2015\\\/shenim-eshte-fitore-ti-besh-gjerat-sa-me-te-veshtira\\\/\"]}]},{\"@type\":\"ImageObject\",\"inLanguage\":\"sq-AL\",\"@id\":\"https:\\\/\\\/fjala.info\\\/2009-2015\\\/shenim-eshte-fitore-ti-besh-gjerat-sa-me-te-veshtira\\\/#primaryimage\",\"url\":\"http:\\\/\\\/www.fjala.info\\\/2012\\\/berisha_topalli_nishani_meta_parlament.jpg\",\"contentUrl\":\"http:\\\/\\\/www.fjala.info\\\/2012\\\/berisha_topalli_nishani_meta_parlament.jpg\"},{\"@type\":\"BreadcrumbList\",\"@id\":\"https:\\\/\\\/fjala.info\\\/2009-2015\\\/shenim-eshte-fitore-ti-besh-gjerat-sa-me-te-veshtira\\\/#breadcrumb\",\"itemListElement\":[{\"@type\":\"ListItem\",\"position\":1,\"name\":\"Home\",\"item\":\"https:\\\/\\\/fjala.info\\\/2009-2015\\\/\"},{\"@type\":\"ListItem\",\"position\":2,\"name\":\"SH\u00cbNIM\\\/ \u00cbsht\u00eb fitore t\u2019i b\u00ebsh gj\u00ebrat sa m\u00eb t\u00eb v\u00ebshtira\"}]},{\"@type\":\"WebSite\",\"@id\":\"https:\\\/\\\/fjala.info\\\/2009-2015\\\/#website\",\"url\":\"https:\\\/\\\/fjala.info\\\/2009-2015\\\/\",\"name\":\"FjALA e LIR\u00cb - Arkivi\",\"description\":\"Arkivi 2009-2015\",\"publisher\":{\"@id\":\"https:\\\/\\\/fjala.info\\\/2009-2015\\\/#organization\"},\"potentialAction\":[{\"@type\":\"SearchAction\",\"target\":{\"@type\":\"EntryPoint\",\"urlTemplate\":\"https:\\\/\\\/fjala.info\\\/2009-2015\\\/?s={search_term_string}\"},\"query-input\":{\"@type\":\"PropertyValueSpecification\",\"valueRequired\":true,\"valueName\":\"search_term_string\"}}],\"inLanguage\":\"sq-AL\"},{\"@type\":\"Organization\",\"@id\":\"https:\\\/\\\/fjala.info\\\/2009-2015\\\/#organization\",\"name\":\"FjALA e LIR\u00cb - Arkivi\",\"url\":\"https:\\\/\\\/fjala.info\\\/2009-2015\\\/\",\"logo\":{\"@type\":\"ImageObject\",\"inLanguage\":\"sq-AL\",\"@id\":\"https:\\\/\\\/fjala.info\\\/2009-2015\\\/#\\\/schema\\\/logo\\\/image\\\/\",\"url\":\"\",\"contentUrl\":\"\",\"caption\":\"FjALA e LIR\u00cb - Arkivi\"},\"image\":{\"@id\":\"https:\\\/\\\/fjala.info\\\/2009-2015\\\/#\\\/schema\\\/logo\\\/image\\\/\"}},{\"@type\":\"Person\",\"@id\":\"https:\\\/\\\/fjala.info\\\/2009-2015\\\/#\\\/schema\\\/person\\\/3aa1163ef05469c496fc94e77611ada2\",\"name\":\"admin\",\"image\":{\"@type\":\"ImageObject\",\"inLanguage\":\"sq-AL\",\"@id\":\"https:\\\/\\\/fjala.info\\\/2009-2015\\\/wp-content\\\/uploads\\\/2012\\\/02\\\/arben_cokaj-120x150.jpg\",\"url\":\"https:\\\/\\\/fjala.info\\\/2009-2015\\\/wp-content\\\/uploads\\\/2012\\\/02\\\/arben_cokaj-120x150.jpg\",\"contentUrl\":\"https:\\\/\\\/fjala.info\\\/2009-2015\\\/wp-content\\\/uploads\\\/2012\\\/02\\\/arben_cokaj-120x150.jpg\",\"caption\":\"admin\"},\"description\":\"Admin, Fjala e Lir\u00eb\",\"sameAs\":[\"https:\\\/\\\/fjala.info\\\/\"],\"url\":\"https:\\\/\\\/fjala.info\\\/2009-2015\\\/author\\\/admin\\\/\"}]}<\/script>\n<!-- \/ Yoast SEO plugin. -->","yoast_head_json":{"title":"SH\u00cbNIM\/ \u00cbsht\u00eb fitore t\u2019i b\u00ebsh gj\u00ebrat sa m\u00eb t\u00eb v\u00ebshtira - FjALA e LIR\u00cb - Arkivi","robots":{"index":"index","follow":"follow","max-snippet":"max-snippet:-1","max-image-preview":"max-image-preview:large","max-video-preview":"max-video-preview:-1"},"canonical":"https:\/\/fjala.info\/2009-2015\/shenim-eshte-fitore-ti-besh-gjerat-sa-me-te-veshtira\/","og_locale":"sq_AL","og_type":"article","og_title":"SH\u00cbNIM\/ \u00cbsht\u00eb fitore t\u2019i b\u00ebsh gj\u00ebrat sa m\u00eb t\u00eb v\u00ebshtira - FjALA e LIR\u00cb - Arkivi","og_description":"\u00a0TemA, 14 Qershor 2012 Kush eshte vasali? Fondacioni gjerman Konrad Adenauer ka p\u00ebrgatitur nj\u00eb analiz\u00eb p\u00ebr zgjedhjen e presidentit t\u00eb ri n\u00eb Shqip\u00ebri. Nj\u00eb studiues me titullin doktor arrin n\u00eb p\u00ebrfundimin se zgjedhja e presidentit konsensual n\u00eb Shqip\u00ebri nuk \u00ebsht\u00eb nj\u00eb opsion real. Disa her\u00eb kritikohet kreu i PS, Edi Rama, se nuk arriti t\u00eb [&hellip;]","og_url":"https:\/\/fjala.info\/2009-2015\/shenim-eshte-fitore-ti-besh-gjerat-sa-me-te-veshtira\/","og_site_name":"FjALA e LIR\u00cb - Arkivi","article_published_time":"2012-06-14T06:01:18+00:00","og_image":[{"url":"http:\/\/www.fjala.info\/2012\/berisha_topalli_nishani_meta_parlament.jpg","type":"","width":"","height":""}],"author":"admin","twitter_card":"summary_large_image","twitter_misc":{"Written by":"admin","Est. reading time":"2 minutes"},"schema":{"@context":"https:\/\/schema.org","@graph":[{"@type":"Article","@id":"https:\/\/fjala.info\/2009-2015\/shenim-eshte-fitore-ti-besh-gjerat-sa-me-te-veshtira\/#article","isPartOf":{"@id":"https:\/\/fjala.info\/2009-2015\/shenim-eshte-fitore-ti-besh-gjerat-sa-me-te-veshtira\/"},"author":{"name":"admin","@id":"https:\/\/fjala.info\/2009-2015\/#\/schema\/person\/3aa1163ef05469c496fc94e77611ada2"},"headline":"SH\u00cbNIM\/ \u00cbsht\u00eb fitore t\u2019i b\u00ebsh gj\u00ebrat sa m\u00eb t\u00eb v\u00ebshtira","datePublished":"2012-06-14T06:01:18+00:00","mainEntityOfPage":{"@id":"https:\/\/fjala.info\/2009-2015\/shenim-eshte-fitore-ti-besh-gjerat-sa-me-te-veshtira\/"},"wordCount":356,"commentCount":0,"publisher":{"@id":"https:\/\/fjala.info\/2009-2015\/#organization"},"image":{"@id":"https:\/\/fjala.info\/2009-2015\/shenim-eshte-fitore-ti-besh-gjerat-sa-me-te-veshtira\/#primaryimage"},"thumbnailUrl":"http:\/\/www.fjala.info\/2012\/berisha_topalli_nishani_meta_parlament.jpg","articleSection":["Artikuj","Lajme"],"inLanguage":"sq-AL","potentialAction":[{"@type":"CommentAction","name":"Comment","target":["https:\/\/fjala.info\/2009-2015\/shenim-eshte-fitore-ti-besh-gjerat-sa-me-te-veshtira\/#respond"]}]},{"@type":"WebPage","@id":"https:\/\/fjala.info\/2009-2015\/shenim-eshte-fitore-ti-besh-gjerat-sa-me-te-veshtira\/","url":"https:\/\/fjala.info\/2009-2015\/shenim-eshte-fitore-ti-besh-gjerat-sa-me-te-veshtira\/","name":"SH\u00cbNIM\/ \u00cbsht\u00eb fitore t\u2019i b\u00ebsh gj\u00ebrat sa m\u00eb t\u00eb v\u00ebshtira - FjALA e LIR\u00cb - Arkivi","isPartOf":{"@id":"https:\/\/fjala.info\/2009-2015\/#website"},"primaryImageOfPage":{"@id":"https:\/\/fjala.info\/2009-2015\/shenim-eshte-fitore-ti-besh-gjerat-sa-me-te-veshtira\/#primaryimage"},"image":{"@id":"https:\/\/fjala.info\/2009-2015\/shenim-eshte-fitore-ti-besh-gjerat-sa-me-te-veshtira\/#primaryimage"},"thumbnailUrl":"http:\/\/www.fjala.info\/2012\/berisha_topalli_nishani_meta_parlament.jpg","datePublished":"2012-06-14T06:01:18+00:00","breadcrumb":{"@id":"https:\/\/fjala.info\/2009-2015\/shenim-eshte-fitore-ti-besh-gjerat-sa-me-te-veshtira\/#breadcrumb"},"inLanguage":"sq-AL","potentialAction":[{"@type":"ReadAction","target":["https:\/\/fjala.info\/2009-2015\/shenim-eshte-fitore-ti-besh-gjerat-sa-me-te-veshtira\/"]}]},{"@type":"ImageObject","inLanguage":"sq-AL","@id":"https:\/\/fjala.info\/2009-2015\/shenim-eshte-fitore-ti-besh-gjerat-sa-me-te-veshtira\/#primaryimage","url":"http:\/\/www.fjala.info\/2012\/berisha_topalli_nishani_meta_parlament.jpg","contentUrl":"http:\/\/www.fjala.info\/2012\/berisha_topalli_nishani_meta_parlament.jpg"},{"@type":"BreadcrumbList","@id":"https:\/\/fjala.info\/2009-2015\/shenim-eshte-fitore-ti-besh-gjerat-sa-me-te-veshtira\/#breadcrumb","itemListElement":[{"@type":"ListItem","position":1,"name":"Home","item":"https:\/\/fjala.info\/2009-2015\/"},{"@type":"ListItem","position":2,"name":"SH\u00cbNIM\/ \u00cbsht\u00eb fitore t\u2019i b\u00ebsh gj\u00ebrat sa m\u00eb t\u00eb v\u00ebshtira"}]},{"@type":"WebSite","@id":"https:\/\/fjala.info\/2009-2015\/#website","url":"https:\/\/fjala.info\/2009-2015\/","name":"FjALA e LIR\u00cb - Arkivi","description":"Arkivi 2009-2015","publisher":{"@id":"https:\/\/fjala.info\/2009-2015\/#organization"},"potentialAction":[{"@type":"SearchAction","target":{"@type":"EntryPoint","urlTemplate":"https:\/\/fjala.info\/2009-2015\/?s={search_term_string}"},"query-input":{"@type":"PropertyValueSpecification","valueRequired":true,"valueName":"search_term_string"}}],"inLanguage":"sq-AL"},{"@type":"Organization","@id":"https:\/\/fjala.info\/2009-2015\/#organization","name":"FjALA e LIR\u00cb - Arkivi","url":"https:\/\/fjala.info\/2009-2015\/","logo":{"@type":"ImageObject","inLanguage":"sq-AL","@id":"https:\/\/fjala.info\/2009-2015\/#\/schema\/logo\/image\/","url":"","contentUrl":"","caption":"FjALA e LIR\u00cb - Arkivi"},"image":{"@id":"https:\/\/fjala.info\/2009-2015\/#\/schema\/logo\/image\/"}},{"@type":"Person","@id":"https:\/\/fjala.info\/2009-2015\/#\/schema\/person\/3aa1163ef05469c496fc94e77611ada2","name":"admin","image":{"@type":"ImageObject","inLanguage":"sq-AL","@id":"https:\/\/fjala.info\/2009-2015\/wp-content\/uploads\/2012\/02\/arben_cokaj-120x150.jpg","url":"https:\/\/fjala.info\/2009-2015\/wp-content\/uploads\/2012\/02\/arben_cokaj-120x150.jpg","contentUrl":"https:\/\/fjala.info\/2009-2015\/wp-content\/uploads\/2012\/02\/arben_cokaj-120x150.jpg","caption":"admin"},"description":"Admin, Fjala e Lir\u00eb","sameAs":["https:\/\/fjala.info\/"],"url":"https:\/\/fjala.info\/2009-2015\/author\/admin\/"}]}},"_links":{"self":[{"href":"https:\/\/fjala.info\/2009-2015\/wp-json\/wp\/v2\/posts\/3308","targetHints":{"allow":["GET"]}}],"collection":[{"href":"https:\/\/fjala.info\/2009-2015\/wp-json\/wp\/v2\/posts"}],"about":[{"href":"https:\/\/fjala.info\/2009-2015\/wp-json\/wp\/v2\/types\/post"}],"author":[{"embeddable":true,"href":"https:\/\/fjala.info\/2009-2015\/wp-json\/wp\/v2\/users\/1"}],"replies":[{"embeddable":true,"href":"https:\/\/fjala.info\/2009-2015\/wp-json\/wp\/v2\/comments?post=3308"}],"version-history":[{"count":0,"href":"https:\/\/fjala.info\/2009-2015\/wp-json\/wp\/v2\/posts\/3308\/revisions"}],"wp:attachment":[{"href":"https:\/\/fjala.info\/2009-2015\/wp-json\/wp\/v2\/media?parent=3308"}],"wp:term":[{"taxonomy":"category","embeddable":true,"href":"https:\/\/fjala.info\/2009-2015\/wp-json\/wp\/v2\/categories?post=3308"},{"taxonomy":"post_tag","embeddable":true,"href":"https:\/\/fjala.info\/2009-2015\/wp-json\/wp\/v2\/tags?post=3308"}],"curies":[{"name":"wp","href":"https:\/\/api.w.org\/{rel}","templated":true}]}}