{"id":3305,"date":"2010-07-12T21:43:55","date_gmt":"2010-07-12T20:43:55","guid":{"rendered":"http:\/\/fjala.shkoder.net\/?p=3305"},"modified":"2010-07-12T21:43:55","modified_gmt":"2010-07-12T20:43:55","slug":"me-mbetjet-mortore-te-fundrrinave-te-lkj-se-nuk-duhej-te-rigjenerohej-ldk-ja","status":"publish","type":"post","link":"https:\/\/fjala.info\/2009-2015\/me-mbetjet-mortore-te-fundrrinave-te-lkj-se-nuk-duhej-te-rigjenerohej-ldk-ja\/","title":{"rendered":"ME MBETJET MORTORE T\u00cb FUNDRRINAVE T\u00cb LKJ-s\u00eb NUK DUHEJ T\u00cb RIGJENEROHEJ LDK-ja"},"content":{"rendered":"<p><strong>REFORMAT N\u00cb LDK<\/strong> (<strong>10<\/strong>)<\/p>\n<p><img decoding=\"async\" style=\"margin-left: 10px; margin-right: 10px; border: 0px;\" src=\"http:\/\/www.shkoder.net\/images\/fjala\/dibrani.jpg\" border=\"0\" alt=\"Shefqet Dibrani\" width=\"150\" align=\"left\" \/><\/p>\n<p>Shkruan: <strong>Shefqet DIBRANI<\/strong><\/p>\n<p>N\u00eb vend q\u00eb kryesia e LDK-s\u00eb t\u00eb merrej seriozisht me gjendjen e krijuar n\u00eb parti, t\u00eb studiojn\u00eb dhe analizojn\u00eb shkaktar\u00ebt q\u00eb e soll\u00ebn partin\u00eb n\u00eb k\u00ebt\u00eb gjendje, ata m\u00eb shum\u00eb po merren me improvizime p\u00ebr t\u00eb krijuar imazhin e rrejsh\u00ebm se pun\u00ebt jan\u00eb mir\u00eb n\u00eb LDK., kurse n\u00eb an\u00ebn tjet\u00ebr po pretendojn\u00eb elektoratit t\u00eb saj t\u2019i qesin hi syve.<\/p>\n<p>Kryesia qendrore e LDK-s\u00eb m\u00eb shum\u00eb \u00ebsht\u00eb angazhuar t\u00eb rikthej n\u00eb \u201csht\u00ebpin\u00eb e vjet\u00ebr\u201d LDK-ist\u00ebt q\u00eb braktis\u00ebn partin\u00eb dhe u pozicionuan n\u00eb grupimin politik q\u00eb udh\u00ebhiqej nga Nexhat Daci, se sa t\u00eb avancojn\u00eb e t\u00eb p\u00ebrparojn\u00eb kuadro t\u00eb reja q\u00eb nuk jan\u00eb t\u00eb pakta as n\u00eb k\u00ebt\u00eb parti. Loja politike q\u00eb b\u00ebhej dhe po vazhdon me kthimtar\u00ebt \u201cn\u00eb sht\u00ebpin\u00eb e vjet\u00ebr\u201d ka rr\u00ebzbitur deri n\u00eb k\u00ebt\u00eb gjendje autoritetin dhe imazhin pozitiv q\u00eb pretendohej se LDK e ka.<\/p>\n<p>Nd\u00ebr veprimet m\u00eb eklatante, m\u00eb t\u00eb papeshuarat dhe m\u00eb t\u00eb papranueshmet t\u00eb k\u00ebsaj kryesie mund t\u00eb konsiderohet pranimi n\u00ebn sqetullat e LDK-s\u00eb t\u00eb mbetjeve dhe fund\u00ebrrinave t\u00eb fundit t\u00eb Lidhjes Komuniste t\u00eb Jugosllavis\u00eb t\u00eb cilat ishin t\u00eb pozicionuara fillimisht n\u00eb Organizat\u00ebn Joqeveritare q\u00eb m\u00eb pas u b\u00eb edhe parti politike me emrin \u201cORA\u201d, q\u00eb sh\u00ebnonte nj\u00eb rast unikat ku nj\u00eb \u201cOr\u00eb &#8211; Sahat\u201d punonte si parti politike?!.<\/p>\n<p>Me k\u00ebt\u00eb mbetje t\u00eb cil\u00ebs qytetari kosovar ia tregoi pozit\u00ebn inferiore n\u00eb zgjedhjet e fundit parlamentare duke ia caktuar pozit\u00ebn tejet n\u00ebn\u00e7muese n\u00eb shoq\u00ebrin\u00eb politike t\u00eb Kosov\u00eb. Ndaj k\u00ebsaj mbetje mortore, kryesia e LDK-s\u00eb u tregua tep\u00ebr humane duke e futur pa e filtruar fund\u00ebrrin\u00ebn n\u00eb radh\u00ebt e saj.<\/p>\n<p>P\u00ebr t\u2019u treguar zem\u00ebrgjer\u00eb kryetari i partis\u00eb do ta merr n\u00eb presidenc\u00eb zonj\u00ebn Teuta Saraqija p\u00ebr t\u2019i treguar jo vet\u00ebm LDK-s\u00eb, po t\u00ebr\u00eb Kosov\u00ebs se mbetjet mortore t\u00eb fund\u00ebrrinave t\u00eb \u201cLKJ-s\u00eb tani m\u00eb do t\u2019i gjenim n\u00eb arkivolin e quajtur LDK\u201d, ustallar\u00eb t\u00eb t\u00eb cilit jan\u00eb t\u00eb instaluar n\u00eb kryesin\u00eb e LDK-s\u00eb\u201d.<\/p>\n<p>N\u00ebse i b\u00ebhet nj\u00eb analiz\u00eb e sinqert\u00eb k\u00ebtij zhvillimi, do t\u00eb besojm se subjekti \u201cORA\u201d nuk ka mundur t\u00eb q\u00ebndroj m\u00eb tutje n\u00eb k\u00ebmb\u00eb, pasi \u201cArkivolin e zbrazur\u201d q\u00eb moti e pat varrosur Veton Surroi &#8211; arkitekti m\u00eb d\u00ebshtak i UJDI-t, q\u00eb ishte i fundit nga t\u00eb gjith\u00eb komunist\u00ebt e Jugosllavis\u00eb q\u00eb p\u00ebrpiqej t\u00eb shp\u00ebtonte anijen e quajtur \u201cJugosllavi\u201d e cila po fundosej n\u00eb uj\u00ebrat e turbullta t\u00eb proceseve demokratike q\u00eb kishin p\u00ebrfshir\u00eb Kosov\u00ebn dhe regjionin n\u00eb p\u00ebrgjith\u00ebsi.<\/p>\n<p>Thjesht kryesia e LDK-s\u00eb nuk kan\u00eb pasur t\u00eb drejt t\u00eb veprojn\u00eb k\u00ebshtu sepse nuk \u00ebsht\u00eb dashur ta pranoj OR\u00cbN si pako, por \u00ebsht\u00eb dashur t\u00eb pakt\u00ebn t\u00eb b\u00ebjn\u00eb nj\u00eb seleksionim formal. P\u00ebrkundrazi Fatmir Sejdiu n\u00eb cil\u00ebsin\u00eb e kryetarit t\u00eb partis\u00eb n\u00eb kabinetin presidencial do t\u00eb do ta rehabiliton edhe n\u00eb pushtetin e Kosov\u00ebs z. Haraqija.<\/p>\n<p>N\u00ebse thuhej dhe dyshohej n\u00eb vitet e n\u00ebnt\u00ebdhjeta se \u201cKalaja e LDK-s\u00eb\u201d do t\u00eb pushtohet nga brenda, prej t\u00eb burgosurve politik\u00eb, q\u00eb deri n\u00eb fillimin e luft\u00ebs ishin t\u00eb pozicionuar edhe n\u00eb k\u00ebt\u00eb parti, tani pushtimin e \u201cKalas\u00eb p\u00ebrbrenda\u201d do ta b\u00ebjn\u00eb zevzeket dhe zvarranik\u00ebt e LKJ, dhe kjo do t\u00eb ndodh\u00eb p\u00ebrmes \u201cOR\u00cbS\u201d q\u00eb tashm\u00eb u b\u00eb si t\u00eb ishte \u201cSAHATI\u201d i LDK-s\u00eb, duke u n\u00ebnshtruar pa kushte vet\u00ebm e vet\u00ebm q\u00eb t\u00eb sigurojn\u00eb nj\u00eb kulm mbi kok\u00eb.<\/p>\n<p>Por simptome edhe m\u00eb tragjike p\u00ebr LDK-n\u00eb \u00ebsht\u00eb involvimi i t\u00eb gjith\u00eb konformist\u00ebve politik t\u00eb kompanis\u00eb Bujar Bukoshi,&amp;Isa Mustafa u. Co., t\u00eb cil\u00ebt do ta b\u00ebjn\u00eb luft\u00ebn e shtrigave p\u00ebr ta b\u00ebr\u00eb pik\u00eb e pes\u00eb t\u00eb gjith\u00eb kuadrin e k\u00ebsaj partie q\u00eb p\u00ebr vite t\u00eb t\u00ebra kan\u00eb kultivuar nj\u00ebfar\u00eb \u201crugovizmi\u201d, si koncept m\u00eb i pranuesh\u00ebm, koncept dhe ideologji t\u00eb cil\u00ebn B. Bukoshi dhe I. Mustafa, bashk\u00eb me Eqrem Kryeziun dhe Fatmir Sejdiun si duket e paskan urryer gjer\u00eb n\u00eb palc\u00eb.<\/p>\n<p>Tani m\u00eb s\u2019ka dyshim se t\u00eb gjith\u00eb aktivist\u00ebt e LDK do t\u00eb paguajn\u00eb tagrin me nd\u00ebshkim, kurse nj\u00eb nd\u00ebr viktimat e para t\u00eb k\u00ebsaj lufte t\u00eb shtrigave do t\u00eb p\u00ebsoj ish Ministri i Ekonomis\u00eb dhe Financave z. Ali Sadrija t\u00eb cilin Bukoshi e Mustafa do ta zhb\u00ebjn\u00eb nga jeta publike dhe do ta shporrin nga Partia me bekimin edhe t\u00eb kryetarit t\u00eb partis\u00eb z. Fatmir Sejdiu, nga t\u00eb gjitha postet udh\u00ebheq\u00ebse n\u00eb institucionet shtet\u00ebrore t\u00eb Kosov\u00ebs.<\/p>\n<p>Reformat n\u00eb LDK, mbase jan\u00eb t\u00eb domosdoshme, por si\u00e7 thot\u00eb populli yn\u00eb \u201cDita e mir\u00eb shihet n\u00eb m\u00ebngjes\u201d, l\u00ebvizjet e para reformatore brenda partis\u00eb dhe lufta e shtrigave q\u00eb ka nisur Bukoshi e Mustafa p\u00ebr t\u00eb nd\u00ebshkuar pik\u00ebrisht ish kuadrat e LDK-s\u00eb do t\u00eb jet\u00eb sfida e vjesht\u00ebs s\u00eb sivjetme, at\u00ebher\u00eb kur partia do t\u00eb nis zgjedhjet e brendshme partiake t\u00eb cilat duhet t\u00eb mbyllen para mbylljes s\u00eb kalendarit stinor t\u00eb k\u00ebsaj partie.<\/p>\n<p>E.Mail: <em>shefqet.dibrani@bluewin.ch<\/em><\/p>\n<p><em>Zvic\u00ebr, 22 qershor 2010<\/em>.<\/p>\n<p>*<em>Autori, \u00ebsht\u00eb an\u00ebtar\u00eb i LDK-s\u00eb q\u00eb nga viti 1989, p\u00ebr vite t\u00eb t\u00ebra ishte an\u00ebtar i kryesis\u00eb s\u00eb Deg\u00ebs s\u00eb LDK-s\u00eb n\u00eb Zvic\u00ebr dhe i N\u00ebndeg\u00ebs n\u00eb Kantonin St. Gallen, ku ai jeton. Po ashtu autori i shkrimit ishte delegat n\u00eb dy Kuvendet e LDK \u2013s\u00eb n\u00eb Prishtin\u00eb t\u00eb mbajtura n\u00eb vitet 1994 dhe 1998, autor i dhjet\u00eb librave t\u00eb publikuar dhe analist politik n\u00eb koh\u00ebt m\u00eb t\u00eb v\u00ebshtira q\u00eb kalonte LDK-ja, duke u b\u00ebr\u00eb z\u00ebri m\u00eb autentik i saj.<\/em><\/p>\n","protected":false},"excerpt":{"rendered":"<p>REFORMAT N\u00cb LDK (10) Shkruan: Shefqet DIBRANI N\u00eb vend q\u00eb kryesia e LDK-s\u00eb t\u00eb merrej seriozisht me gjendjen e krijuar n\u00eb parti, t\u00eb studiojn\u00eb dhe analizojn\u00eb shkaktar\u00ebt q\u00eb e soll\u00ebn partin\u00eb n\u00eb k\u00ebt\u00eb gjendje, ata m\u00eb shum\u00eb po merren me improvizime p\u00ebr t\u00eb krijuar imazhin e rrejsh\u00ebm se pun\u00ebt jan\u00eb mir\u00eb n\u00eb LDK., kurse n\u00eb [&hellip;]<\/p>\n","protected":false},"author":1,"featured_media":0,"comment_status":"open","ping_status":"closed","sticky":false,"template":"","format":"standard","meta":{"footnotes":""},"categories":[2],"tags":[],"class_list":{"0":"post-3305","1":"post","2":"type-post","3":"status-publish","4":"format-standard","6":"category-artikuj"},"yoast_head":"<!-- This site is optimized with the Yoast SEO plugin v27.4 - https:\/\/yoast.com\/product\/yoast-seo-wordpress\/ -->\n<title>ME MBETJET MORTORE T\u00cb FUNDRRINAVE T\u00cb LKJ-s\u00eb NUK DUHEJ T\u00cb RIGJENEROHEJ LDK-ja - FjALA e LIR\u00cb - Arkivi<\/title>\n<meta name=\"robots\" content=\"index, follow, max-snippet:-1, max-image-preview:large, max-video-preview:-1\" \/>\n<link rel=\"canonical\" href=\"https:\/\/fjala.info\/2009-2015\/me-mbetjet-mortore-te-fundrrinave-te-lkj-se-nuk-duhej-te-rigjenerohej-ldk-ja\/\" \/>\n<meta property=\"og:locale\" content=\"sq_AL\" \/>\n<meta property=\"og:type\" content=\"article\" \/>\n<meta property=\"og:title\" content=\"ME MBETJET MORTORE T\u00cb FUNDRRINAVE T\u00cb LKJ-s\u00eb NUK DUHEJ T\u00cb RIGJENEROHEJ LDK-ja - FjALA e LIR\u00cb - Arkivi\" \/>\n<meta property=\"og:description\" content=\"REFORMAT N\u00cb LDK (10) Shkruan: Shefqet DIBRANI N\u00eb vend q\u00eb kryesia e LDK-s\u00eb t\u00eb merrej seriozisht me gjendjen e krijuar n\u00eb parti, t\u00eb studiojn\u00eb dhe analizojn\u00eb shkaktar\u00ebt q\u00eb e soll\u00ebn partin\u00eb n\u00eb k\u00ebt\u00eb gjendje, ata m\u00eb shum\u00eb po merren me improvizime p\u00ebr t\u00eb krijuar imazhin e rrejsh\u00ebm se pun\u00ebt jan\u00eb mir\u00eb n\u00eb LDK., kurse n\u00eb [&hellip;]\" \/>\n<meta property=\"og:url\" content=\"https:\/\/fjala.info\/2009-2015\/me-mbetjet-mortore-te-fundrrinave-te-lkj-se-nuk-duhej-te-rigjenerohej-ldk-ja\/\" \/>\n<meta property=\"og:site_name\" content=\"FjALA e LIR\u00cb - Arkivi\" \/>\n<meta property=\"article:published_time\" content=\"2010-07-12T20:43:55+00:00\" \/>\n<meta property=\"og:image\" content=\"http:\/\/www.shkoder.net\/images\/fjala\/dibrani.jpg\" \/>\n<meta name=\"author\" content=\"admin\" \/>\n<meta name=\"twitter:card\" content=\"summary_large_image\" \/>\n<meta name=\"twitter:label1\" content=\"Written by\" \/>\n\t<meta name=\"twitter:data1\" content=\"admin\" \/>\n\t<meta name=\"twitter:label2\" content=\"Est. reading time\" \/>\n\t<meta name=\"twitter:data2\" content=\"5 minutes\" \/>\n<script type=\"application\/ld+json\" class=\"yoast-schema-graph\">{\"@context\":\"https:\\\/\\\/schema.org\",\"@graph\":[{\"@type\":\"Article\",\"@id\":\"https:\\\/\\\/fjala.info\\\/2009-2015\\\/me-mbetjet-mortore-te-fundrrinave-te-lkj-se-nuk-duhej-te-rigjenerohej-ldk-ja\\\/#article\",\"isPartOf\":{\"@id\":\"https:\\\/\\\/fjala.info\\\/2009-2015\\\/me-mbetjet-mortore-te-fundrrinave-te-lkj-se-nuk-duhej-te-rigjenerohej-ldk-ja\\\/\"},\"author\":{\"name\":\"admin\",\"@id\":\"https:\\\/\\\/fjala.info\\\/2009-2015\\\/#\\\/schema\\\/person\\\/3aa1163ef05469c496fc94e77611ada2\"},\"headline\":\"ME MBETJET MORTORE T\u00cb FUNDRRINAVE T\u00cb LKJ-s\u00eb NUK DUHEJ T\u00cb RIGJENEROHEJ LDK-ja\",\"datePublished\":\"2010-07-12T20:43:55+00:00\",\"mainEntityOfPage\":{\"@id\":\"https:\\\/\\\/fjala.info\\\/2009-2015\\\/me-mbetjet-mortore-te-fundrrinave-te-lkj-se-nuk-duhej-te-rigjenerohej-ldk-ja\\\/\"},\"wordCount\":980,\"commentCount\":0,\"publisher\":{\"@id\":\"https:\\\/\\\/fjala.info\\\/2009-2015\\\/#organization\"},\"image\":{\"@id\":\"https:\\\/\\\/fjala.info\\\/2009-2015\\\/me-mbetjet-mortore-te-fundrrinave-te-lkj-se-nuk-duhej-te-rigjenerohej-ldk-ja\\\/#primaryimage\"},\"thumbnailUrl\":\"http:\\\/\\\/www.shkoder.net\\\/images\\\/fjala\\\/dibrani.jpg\",\"articleSection\":[\"Artikuj\"],\"inLanguage\":\"sq-AL\",\"potentialAction\":[{\"@type\":\"CommentAction\",\"name\":\"Comment\",\"target\":[\"https:\\\/\\\/fjala.info\\\/2009-2015\\\/me-mbetjet-mortore-te-fundrrinave-te-lkj-se-nuk-duhej-te-rigjenerohej-ldk-ja\\\/#respond\"]}]},{\"@type\":\"WebPage\",\"@id\":\"https:\\\/\\\/fjala.info\\\/2009-2015\\\/me-mbetjet-mortore-te-fundrrinave-te-lkj-se-nuk-duhej-te-rigjenerohej-ldk-ja\\\/\",\"url\":\"https:\\\/\\\/fjala.info\\\/2009-2015\\\/me-mbetjet-mortore-te-fundrrinave-te-lkj-se-nuk-duhej-te-rigjenerohej-ldk-ja\\\/\",\"name\":\"ME MBETJET MORTORE T\u00cb FUNDRRINAVE T\u00cb LKJ-s\u00eb NUK DUHEJ T\u00cb RIGJENEROHEJ LDK-ja - FjALA e LIR\u00cb - Arkivi\",\"isPartOf\":{\"@id\":\"https:\\\/\\\/fjala.info\\\/2009-2015\\\/#website\"},\"primaryImageOfPage\":{\"@id\":\"https:\\\/\\\/fjala.info\\\/2009-2015\\\/me-mbetjet-mortore-te-fundrrinave-te-lkj-se-nuk-duhej-te-rigjenerohej-ldk-ja\\\/#primaryimage\"},\"image\":{\"@id\":\"https:\\\/\\\/fjala.info\\\/2009-2015\\\/me-mbetjet-mortore-te-fundrrinave-te-lkj-se-nuk-duhej-te-rigjenerohej-ldk-ja\\\/#primaryimage\"},\"thumbnailUrl\":\"http:\\\/\\\/www.shkoder.net\\\/images\\\/fjala\\\/dibrani.jpg\",\"datePublished\":\"2010-07-12T20:43:55+00:00\",\"breadcrumb\":{\"@id\":\"https:\\\/\\\/fjala.info\\\/2009-2015\\\/me-mbetjet-mortore-te-fundrrinave-te-lkj-se-nuk-duhej-te-rigjenerohej-ldk-ja\\\/#breadcrumb\"},\"inLanguage\":\"sq-AL\",\"potentialAction\":[{\"@type\":\"ReadAction\",\"target\":[\"https:\\\/\\\/fjala.info\\\/2009-2015\\\/me-mbetjet-mortore-te-fundrrinave-te-lkj-se-nuk-duhej-te-rigjenerohej-ldk-ja\\\/\"]}]},{\"@type\":\"ImageObject\",\"inLanguage\":\"sq-AL\",\"@id\":\"https:\\\/\\\/fjala.info\\\/2009-2015\\\/me-mbetjet-mortore-te-fundrrinave-te-lkj-se-nuk-duhej-te-rigjenerohej-ldk-ja\\\/#primaryimage\",\"url\":\"http:\\\/\\\/www.shkoder.net\\\/images\\\/fjala\\\/dibrani.jpg\",\"contentUrl\":\"http:\\\/\\\/www.shkoder.net\\\/images\\\/fjala\\\/dibrani.jpg\"},{\"@type\":\"BreadcrumbList\",\"@id\":\"https:\\\/\\\/fjala.info\\\/2009-2015\\\/me-mbetjet-mortore-te-fundrrinave-te-lkj-se-nuk-duhej-te-rigjenerohej-ldk-ja\\\/#breadcrumb\",\"itemListElement\":[{\"@type\":\"ListItem\",\"position\":1,\"name\":\"Home\",\"item\":\"https:\\\/\\\/fjala.info\\\/2009-2015\\\/\"},{\"@type\":\"ListItem\",\"position\":2,\"name\":\"ME MBETJET MORTORE T\u00cb FUNDRRINAVE T\u00cb LKJ-s\u00eb NUK DUHEJ T\u00cb RIGJENEROHEJ LDK-ja\"}]},{\"@type\":\"WebSite\",\"@id\":\"https:\\\/\\\/fjala.info\\\/2009-2015\\\/#website\",\"url\":\"https:\\\/\\\/fjala.info\\\/2009-2015\\\/\",\"name\":\"FjALA e LIR\u00cb - Arkivi\",\"description\":\"Arkivi 2009-2015\",\"publisher\":{\"@id\":\"https:\\\/\\\/fjala.info\\\/2009-2015\\\/#organization\"},\"potentialAction\":[{\"@type\":\"SearchAction\",\"target\":{\"@type\":\"EntryPoint\",\"urlTemplate\":\"https:\\\/\\\/fjala.info\\\/2009-2015\\\/?s={search_term_string}\"},\"query-input\":{\"@type\":\"PropertyValueSpecification\",\"valueRequired\":true,\"valueName\":\"search_term_string\"}}],\"inLanguage\":\"sq-AL\"},{\"@type\":\"Organization\",\"@id\":\"https:\\\/\\\/fjala.info\\\/2009-2015\\\/#organization\",\"name\":\"FjALA e LIR\u00cb - Arkivi\",\"url\":\"https:\\\/\\\/fjala.info\\\/2009-2015\\\/\",\"logo\":{\"@type\":\"ImageObject\",\"inLanguage\":\"sq-AL\",\"@id\":\"https:\\\/\\\/fjala.info\\\/2009-2015\\\/#\\\/schema\\\/logo\\\/image\\\/\",\"url\":\"\",\"contentUrl\":\"\",\"caption\":\"FjALA e LIR\u00cb - Arkivi\"},\"image\":{\"@id\":\"https:\\\/\\\/fjala.info\\\/2009-2015\\\/#\\\/schema\\\/logo\\\/image\\\/\"}},{\"@type\":\"Person\",\"@id\":\"https:\\\/\\\/fjala.info\\\/2009-2015\\\/#\\\/schema\\\/person\\\/3aa1163ef05469c496fc94e77611ada2\",\"name\":\"admin\",\"image\":{\"@type\":\"ImageObject\",\"inLanguage\":\"sq-AL\",\"@id\":\"https:\\\/\\\/fjala.info\\\/2009-2015\\\/wp-content\\\/uploads\\\/2012\\\/02\\\/arben_cokaj-120x150.jpg\",\"url\":\"https:\\\/\\\/fjala.info\\\/2009-2015\\\/wp-content\\\/uploads\\\/2012\\\/02\\\/arben_cokaj-120x150.jpg\",\"contentUrl\":\"https:\\\/\\\/fjala.info\\\/2009-2015\\\/wp-content\\\/uploads\\\/2012\\\/02\\\/arben_cokaj-120x150.jpg\",\"caption\":\"admin\"},\"description\":\"Admin, Fjala e Lir\u00eb\",\"sameAs\":[\"https:\\\/\\\/fjala.info\\\/\"],\"url\":\"https:\\\/\\\/fjala.info\\\/2009-2015\\\/author\\\/admin\\\/\"}]}<\/script>\n<!-- \/ Yoast SEO plugin. -->","yoast_head_json":{"title":"ME MBETJET MORTORE T\u00cb FUNDRRINAVE T\u00cb LKJ-s\u00eb NUK DUHEJ T\u00cb RIGJENEROHEJ LDK-ja - FjALA e LIR\u00cb - Arkivi","robots":{"index":"index","follow":"follow","max-snippet":"max-snippet:-1","max-image-preview":"max-image-preview:large","max-video-preview":"max-video-preview:-1"},"canonical":"https:\/\/fjala.info\/2009-2015\/me-mbetjet-mortore-te-fundrrinave-te-lkj-se-nuk-duhej-te-rigjenerohej-ldk-ja\/","og_locale":"sq_AL","og_type":"article","og_title":"ME MBETJET MORTORE T\u00cb FUNDRRINAVE T\u00cb LKJ-s\u00eb NUK DUHEJ T\u00cb RIGJENEROHEJ LDK-ja - FjALA e LIR\u00cb - Arkivi","og_description":"REFORMAT N\u00cb LDK (10) Shkruan: Shefqet DIBRANI N\u00eb vend q\u00eb kryesia e LDK-s\u00eb t\u00eb merrej seriozisht me gjendjen e krijuar n\u00eb parti, t\u00eb studiojn\u00eb dhe analizojn\u00eb shkaktar\u00ebt q\u00eb e soll\u00ebn partin\u00eb n\u00eb k\u00ebt\u00eb gjendje, ata m\u00eb shum\u00eb po merren me improvizime p\u00ebr t\u00eb krijuar imazhin e rrejsh\u00ebm se pun\u00ebt jan\u00eb mir\u00eb n\u00eb LDK., kurse n\u00eb [&hellip;]","og_url":"https:\/\/fjala.info\/2009-2015\/me-mbetjet-mortore-te-fundrrinave-te-lkj-se-nuk-duhej-te-rigjenerohej-ldk-ja\/","og_site_name":"FjALA e LIR\u00cb - Arkivi","article_published_time":"2010-07-12T20:43:55+00:00","og_image":[{"url":"http:\/\/www.shkoder.net\/images\/fjala\/dibrani.jpg","type":"","width":"","height":""}],"author":"admin","twitter_card":"summary_large_image","twitter_misc":{"Written by":"admin","Est. reading time":"5 minutes"},"schema":{"@context":"https:\/\/schema.org","@graph":[{"@type":"Article","@id":"https:\/\/fjala.info\/2009-2015\/me-mbetjet-mortore-te-fundrrinave-te-lkj-se-nuk-duhej-te-rigjenerohej-ldk-ja\/#article","isPartOf":{"@id":"https:\/\/fjala.info\/2009-2015\/me-mbetjet-mortore-te-fundrrinave-te-lkj-se-nuk-duhej-te-rigjenerohej-ldk-ja\/"},"author":{"name":"admin","@id":"https:\/\/fjala.info\/2009-2015\/#\/schema\/person\/3aa1163ef05469c496fc94e77611ada2"},"headline":"ME MBETJET MORTORE T\u00cb FUNDRRINAVE T\u00cb LKJ-s\u00eb NUK DUHEJ T\u00cb RIGJENEROHEJ LDK-ja","datePublished":"2010-07-12T20:43:55+00:00","mainEntityOfPage":{"@id":"https:\/\/fjala.info\/2009-2015\/me-mbetjet-mortore-te-fundrrinave-te-lkj-se-nuk-duhej-te-rigjenerohej-ldk-ja\/"},"wordCount":980,"commentCount":0,"publisher":{"@id":"https:\/\/fjala.info\/2009-2015\/#organization"},"image":{"@id":"https:\/\/fjala.info\/2009-2015\/me-mbetjet-mortore-te-fundrrinave-te-lkj-se-nuk-duhej-te-rigjenerohej-ldk-ja\/#primaryimage"},"thumbnailUrl":"http:\/\/www.shkoder.net\/images\/fjala\/dibrani.jpg","articleSection":["Artikuj"],"inLanguage":"sq-AL","potentialAction":[{"@type":"CommentAction","name":"Comment","target":["https:\/\/fjala.info\/2009-2015\/me-mbetjet-mortore-te-fundrrinave-te-lkj-se-nuk-duhej-te-rigjenerohej-ldk-ja\/#respond"]}]},{"@type":"WebPage","@id":"https:\/\/fjala.info\/2009-2015\/me-mbetjet-mortore-te-fundrrinave-te-lkj-se-nuk-duhej-te-rigjenerohej-ldk-ja\/","url":"https:\/\/fjala.info\/2009-2015\/me-mbetjet-mortore-te-fundrrinave-te-lkj-se-nuk-duhej-te-rigjenerohej-ldk-ja\/","name":"ME MBETJET MORTORE T\u00cb FUNDRRINAVE T\u00cb LKJ-s\u00eb NUK DUHEJ T\u00cb RIGJENEROHEJ LDK-ja - FjALA e LIR\u00cb - Arkivi","isPartOf":{"@id":"https:\/\/fjala.info\/2009-2015\/#website"},"primaryImageOfPage":{"@id":"https:\/\/fjala.info\/2009-2015\/me-mbetjet-mortore-te-fundrrinave-te-lkj-se-nuk-duhej-te-rigjenerohej-ldk-ja\/#primaryimage"},"image":{"@id":"https:\/\/fjala.info\/2009-2015\/me-mbetjet-mortore-te-fundrrinave-te-lkj-se-nuk-duhej-te-rigjenerohej-ldk-ja\/#primaryimage"},"thumbnailUrl":"http:\/\/www.shkoder.net\/images\/fjala\/dibrani.jpg","datePublished":"2010-07-12T20:43:55+00:00","breadcrumb":{"@id":"https:\/\/fjala.info\/2009-2015\/me-mbetjet-mortore-te-fundrrinave-te-lkj-se-nuk-duhej-te-rigjenerohej-ldk-ja\/#breadcrumb"},"inLanguage":"sq-AL","potentialAction":[{"@type":"ReadAction","target":["https:\/\/fjala.info\/2009-2015\/me-mbetjet-mortore-te-fundrrinave-te-lkj-se-nuk-duhej-te-rigjenerohej-ldk-ja\/"]}]},{"@type":"ImageObject","inLanguage":"sq-AL","@id":"https:\/\/fjala.info\/2009-2015\/me-mbetjet-mortore-te-fundrrinave-te-lkj-se-nuk-duhej-te-rigjenerohej-ldk-ja\/#primaryimage","url":"http:\/\/www.shkoder.net\/images\/fjala\/dibrani.jpg","contentUrl":"http:\/\/www.shkoder.net\/images\/fjala\/dibrani.jpg"},{"@type":"BreadcrumbList","@id":"https:\/\/fjala.info\/2009-2015\/me-mbetjet-mortore-te-fundrrinave-te-lkj-se-nuk-duhej-te-rigjenerohej-ldk-ja\/#breadcrumb","itemListElement":[{"@type":"ListItem","position":1,"name":"Home","item":"https:\/\/fjala.info\/2009-2015\/"},{"@type":"ListItem","position":2,"name":"ME MBETJET MORTORE T\u00cb FUNDRRINAVE T\u00cb LKJ-s\u00eb NUK DUHEJ T\u00cb RIGJENEROHEJ LDK-ja"}]},{"@type":"WebSite","@id":"https:\/\/fjala.info\/2009-2015\/#website","url":"https:\/\/fjala.info\/2009-2015\/","name":"FjALA e LIR\u00cb - Arkivi","description":"Arkivi 2009-2015","publisher":{"@id":"https:\/\/fjala.info\/2009-2015\/#organization"},"potentialAction":[{"@type":"SearchAction","target":{"@type":"EntryPoint","urlTemplate":"https:\/\/fjala.info\/2009-2015\/?s={search_term_string}"},"query-input":{"@type":"PropertyValueSpecification","valueRequired":true,"valueName":"search_term_string"}}],"inLanguage":"sq-AL"},{"@type":"Organization","@id":"https:\/\/fjala.info\/2009-2015\/#organization","name":"FjALA e LIR\u00cb - Arkivi","url":"https:\/\/fjala.info\/2009-2015\/","logo":{"@type":"ImageObject","inLanguage":"sq-AL","@id":"https:\/\/fjala.info\/2009-2015\/#\/schema\/logo\/image\/","url":"","contentUrl":"","caption":"FjALA e LIR\u00cb - Arkivi"},"image":{"@id":"https:\/\/fjala.info\/2009-2015\/#\/schema\/logo\/image\/"}},{"@type":"Person","@id":"https:\/\/fjala.info\/2009-2015\/#\/schema\/person\/3aa1163ef05469c496fc94e77611ada2","name":"admin","image":{"@type":"ImageObject","inLanguage":"sq-AL","@id":"https:\/\/fjala.info\/2009-2015\/wp-content\/uploads\/2012\/02\/arben_cokaj-120x150.jpg","url":"https:\/\/fjala.info\/2009-2015\/wp-content\/uploads\/2012\/02\/arben_cokaj-120x150.jpg","contentUrl":"https:\/\/fjala.info\/2009-2015\/wp-content\/uploads\/2012\/02\/arben_cokaj-120x150.jpg","caption":"admin"},"description":"Admin, Fjala e Lir\u00eb","sameAs":["https:\/\/fjala.info\/"],"url":"https:\/\/fjala.info\/2009-2015\/author\/admin\/"}]}},"_links":{"self":[{"href":"https:\/\/fjala.info\/2009-2015\/wp-json\/wp\/v2\/posts\/3305","targetHints":{"allow":["GET"]}}],"collection":[{"href":"https:\/\/fjala.info\/2009-2015\/wp-json\/wp\/v2\/posts"}],"about":[{"href":"https:\/\/fjala.info\/2009-2015\/wp-json\/wp\/v2\/types\/post"}],"author":[{"embeddable":true,"href":"https:\/\/fjala.info\/2009-2015\/wp-json\/wp\/v2\/users\/1"}],"replies":[{"embeddable":true,"href":"https:\/\/fjala.info\/2009-2015\/wp-json\/wp\/v2\/comments?post=3305"}],"version-history":[{"count":0,"href":"https:\/\/fjala.info\/2009-2015\/wp-json\/wp\/v2\/posts\/3305\/revisions"}],"wp:attachment":[{"href":"https:\/\/fjala.info\/2009-2015\/wp-json\/wp\/v2\/media?parent=3305"}],"wp:term":[{"taxonomy":"category","embeddable":true,"href":"https:\/\/fjala.info\/2009-2015\/wp-json\/wp\/v2\/categories?post=3305"},{"taxonomy":"post_tag","embeddable":true,"href":"https:\/\/fjala.info\/2009-2015\/wp-json\/wp\/v2\/tags?post=3305"}],"curies":[{"name":"wp","href":"https:\/\/api.w.org\/{rel}","templated":true}]}}