{"id":3301,"date":"2012-06-15T06:47:37","date_gmt":"2012-06-15T05:47:37","guid":{"rendered":"http:\/\/www.fjala.info\/?p=3301"},"modified":"2012-06-15T06:47:37","modified_gmt":"2012-06-15T05:47:37","slug":"rrefimi-shpirteror-i-nishanit-sherohem-per-nje-vit-e-gjysem","status":"publish","type":"post","link":"https:\/\/fjala.info\/2009-2015\/rrefimi-shpirteror-i-nishanit-sherohem-per-nje-vit-e-gjysem\/","title":{"rendered":"Rr\u00ebfimi shpirt\u00ebror i Nishanit: Sh\u00ebrohem p\u00ebr nj\u00eb vit e gjys\u00ebm"},"content":{"rendered":"<p><img decoding=\"async\" class=\"alignright size-thumbnail wp-image-7236\" title=\"Nishani - intervist\u00eb\" src=\"http:\/\/www.fjala.info\/2012\/nishani_interviste.jpg\" alt=\"\" width=\"200\" \/> <em>TIRANE <\/em>&#8212; Ish-ministri i Brendsh\u00ebm Bujar Nishani i sapovotuar president n\u00eb parlament me votat e koalicionit qeveris\u00ebs \u00ebsht\u00eb zhvendosur, me nj\u00eb pjes\u00eb t\u00eb stafit t\u00eb tij, n\u00eb nj\u00eb nga ambjentet e Pallatit t\u00eb Kongreseve n\u00eb pritje p\u00ebr t\u00eb filluar detyr\u00ebn e tij si kryetar i shtetit. N\u00eb nj\u00eb rr\u00ebfim shpirt\u00ebror p\u00ebr rubrik\u00ebn Lunch.com n\u00eb \u201cShqiptarja.com\u201d tregon momentet para se t\u00eb votohej p\u00ebr postin e lart\u00eb t\u00eb kreut t\u00eb shtetit.<\/p>\n<p>Ai \u00ebsht\u00eb tema e dit\u00ebs dhe jo i vet\u00ebm,por edhe bashk\u00ebshortja e tij ka p\u00ebrthithur nj\u00eb interes t\u00eb pamas\u00eb n\u00eb media. Sh\u00ebndeti dhe fati q\u00eb e zgjodhi president n\u00eb raundin e 4-t\u00ebrt e kan\u00eb shnd\u00ebrruar zotin Bujar Nishani n\u00eb kureshtin\u00eb dhe m\u00eb t\u00eb k\u00ebrkuarin e gazetar\u00ebve. \u00cbsht\u00eb nj\u00eb zyr\u00eb e thjesht\u00eb me kolltuk\u00eb t\u00eb koh\u00ebs s\u00eb komunizmit dhe sekretarja m\u00eb thot\u00eb se aty do t\u00eb q\u00ebndrojn\u00eb vet\u00ebm p\u00ebr nj\u00eb muaj. Ai pjes\u00ebn m\u00eb t\u00eb madhe t\u00eb koh\u00ebs e kalon duke ju p\u00ebrgjigjur mesazheve q\u00eb i mb\u00ebrrijn\u00eb n\u00eb celular.<\/p>\n<p><strong>Si ja b\u00ebni t\u2019ju p\u00ebrgjigjeni t\u00eb gjith\u00ebve dhe p\u00ebr kuriozitet sa mesazhe keni marr\u00eb deri tani?<\/strong><br \/>\n-Nuk do ta besosh po jan\u00eb t\u00eb pakt\u00ebn 1 mij\u00eb mesazhe dhe dua t\u2019ju p\u00ebrgjigjem personalisht sepse e ndjej detyr\u00eb edhe k\u00ebnaq\u00ebsi, m\u00eb thot\u00eb ai me nj\u00eb sens p\u00ebrgjegj\u00ebsie, por edhe thjesht\u00ebsi. Akoma nuk duket president ndoshta nga m\u00ebnyra sportive me t\u00eb cil\u00ebn m\u00eb priti dhe fakti q\u00eb m\u00eb drejtohet a thua se jemi miq prej nj\u00eb jete. Atmosfer\u00ebn e \u00e7liroi pik\u00ebrisht kjo nuanc\u00eb njer\u00ebzore p\u00ebr t\u00eb cil\u00ebn nuk \u00ebsht\u00eb se nuk kam d\u00ebgjuar por e konstatova me syt\u00eb e mi dhe jo vet\u00ebm k\u00ebt\u00eb por mjaft dilema q\u00eb po qarkullojn\u00eb redaksive dhe kafeve t\u00eb Tiran\u00ebs e ndoshta Shqip\u00ebris\u00eb mbar\u00eb.<\/p>\n<p><strong>Thon\u00eb q\u00eb n\u00eb ministri filluan t\u00eb vijn\u00eb lule q\u00eb dit\u00ebn e shtun\u00eb p\u00ebrpara se te dilte emri i Artan Hoxh\u00ebs q\u00eb pastaj u t\u00ebrhoq. Kur u\u2019a tha Berisha q\u00eb ishit ju emri i tij per President?<\/strong><br \/>\n-Pjesa e luleve \u00ebsht\u00eb thashethem me siguri! Kryeministri m\u00eb ftoi n\u00eb zyr\u00eb dhe aty ishin edhe kryetar\u00ebt e tjer\u00eb t\u00eb partive t\u00eb koalicionit. Mu njoftua t\u00ebrheqja e kandidatit Hoxha dhe se kandidatura do t\u00eb isha un\u00eb. U surprizova, dhe t\u00eb them t\u00eb drejt\u00ebn nuk e prisja. Nuk kisha shum\u00eb koh\u00eb p\u00ebr tu menduar p\u00ebr vet\u00eb m\u00ebnyr\u00ebn sesi kishin rrjedhur ngjarjet. Me nj\u00eb autoanaliz\u00eb t\u00eb shkurt\u00ebr gjykova q\u00eb p\u00ebrgjigjia ime t\u00eb ishte pozitive. Thash\u00eb \u201cpo\u201d dhe tani q\u00eb ka kaluar pak koh\u00eb e jam menduar edhe m\u00eb gjat\u00eb besoj q\u00eb kam dh\u00ebn\u00eb p\u00ebrgjigjen e duhur. K\u00ebt\u00eb e lidh me besimin q\u00eb kam tek vetja, energjit\u00eb pozitive dhe p\u00ebrkushtimin p\u00ebr nj\u00eb detyr\u00eb e cila k\u00ebrkon integritet dhe liri. Mendoj se do t\u00eb mund t\u00eb b\u00ebj at\u00eb q\u00eb i takon nj\u00eb kryetari shteti. Shtytja e par\u00eb e imja do t\u00eb jet\u00eb sistemi i drejt\u00ebsis\u00eb.<\/p>\n<p><strong>Do t\u00eb flasim m\u00eb posht\u00eb p\u00ebr k\u00ebt\u00eb, por mbetemi n\u00eb PD zoti Nishani.<\/strong><br \/>\nA ka qejfmbetje n\u00eb PD p\u00ebr zgjedhjen tuaj? A mendoni se kryeministri Berisha ju pa si figur\u00ebn e vetme q\u00eb nuk do t\u00eb krijonte \u201calergji\u201d brenda grupit kuvendor t\u00eb PD. Nuk e ka patur t\u00eb thjesht\u00eb thon\u00eb edhe Berisha me disa klane e p\u00ebrplasje q\u00eb p\u00ebshp\u00ebriten.<br \/>\nS\u00eb pari m\u00eb lejoni t\u2019ju them se n\u00eb PD nuk ka klane si\u00e7 po artikuloni ju, as p\u00ebrplasje mes grupesh t\u00eb caktuar. Un\u00eb t\u00eb pakt\u00ebn nuk jam n\u00eb dijeni. Gjithashtu nuk di n\u00ebse ka patur qejfmbetje, por shpresoj q\u00eb jo. Mendoj q\u00eb jo.<\/p>\n<p><strong>Pse nuk u kandidua zonja Topalli?<\/strong><br \/>\n&#8211; Jua them me siguri se n\u00ebse do t\u00eb kishte patur q\u00eb n\u00eb fillim nj\u00eb kandidatur\u00eb politike ajo do t\u00eb kishte q\u00ebn\u00eb zonja Jozefina Topalli. Fakti q\u00eb ajo nuk u kandidua kishte t\u00eb b\u00ebnte edhe me m\u00ebnyr\u00ebn sesi rrodh\u00ebn ngjarjet. Q\u00ebndrimi frixhid i liderit t\u00eb opozit\u00ebs ndaj nj\u00eb kandidature t\u00eb till\u00eb b\u00ebri q\u00eb procesi t\u00eb zhvendosej fillimisht n\u00eb emra apolitik\u00eb, por si\u00e7 e dini pati surpriza deri sa u mb\u00ebrrit n\u00eb emrin tim.<\/p>\n<p>Dua t\u00eb rikthehem edhe nj\u00ebher\u00eb n\u00eb dit\u00ebn e votimit dhe k\u00ebt\u00eb her\u00eb dua t\u00eb flasim p\u00ebr rolin e nd\u00ebrkomb\u00ebtar\u00ebve. I pari q\u00eb ju uroi n\u00eb media u tha se ishte ambasadori Wollfarth, nd\u00ebrsa Ambasadori amerikan Arvizu ishte gjat\u00eb votimit tuaj duke pir\u00eb nj\u00eb kaf\u00eb n\u00eb zon\u00ebn e ish-bllokut me gazetaren Ilva Tare.<\/p>\n<p><strong>N\u00eb seanc\u00eb ishte ambasadori i BE Ettore Sequi q\u00eb ju ndiqte me stafin e tij por edhe ambasador\u00eb t\u00eb tjer\u00eb. Kam di\u00e7ka q\u00eb nuk e kam kuptuar ose nuk jam shum\u00eb e qart\u00eb? Para se ju t\u00eb votoheshit si president n\u00eb media u shp\u00ebrnda nj\u00eb mesazh urimi nga Arvizu, nd\u00ebrsa gjat\u00eb votimit ai nuk u duk n\u00eb sall\u00eb. A mund ta sqarojm\u00eb disi k\u00ebt\u00eb situat\u00eb? Si e mor\u00ebt ju k\u00ebt\u00eb sjellje t\u00eb ambasadorit amerikan n\u00eb Tiran\u00eb?<\/strong><\/p>\n<p>&#8211; \u00cbsht\u00eb e v\u00ebrtet\u00eb historia e mesazhit dhe \u00ebsht\u00eb hera e par\u00eb q\u00eb e them p\u00ebr nj\u00eb media. Po, kam marr\u00eb nj\u00eb mesazh gjat\u00eb paradites nga ambasadori amerikan Aleksand\u00ebr Arvizu. Ishte nj\u00eb mesazh njer\u00ebzor dhe e vler\u00ebsova shum\u00eb. Nuk di sesi ai mesazh u shp\u00ebrnda n\u00eb media dhe sa i p\u00ebrket sjelljes s\u00eb ambasadorit gjat\u00eb koh\u00ebs s\u00eb votimit nuk m\u00eb lejohet t\u00eb komentoj dhe nuk di pse ai nuk ishte n\u00eb sall\u00eb, por dua t\u00eb n\u00ebnvizoj se pas p\u00ebrfundimit t\u00eb seanc\u00ebs mora mesazhe zyrtare nga ambasada amerikane, zyra e BE n\u00eb Tiran\u00eb, OSBE.<\/p>\n<p><strong>Keni th\u00ebn\u00eb se keni marr\u00eb mesazhe urimi nga deputet\u00eb socialist, a mund t\u00eb na thoni disa nga emrat e tyre? Po zotin Rama kur do ta takoni?<\/strong><br \/>\n-Kam marr\u00eb disa mesazhe nga deputet\u00eb t\u00eb vjet\u00ebr dhe t\u00eb rinj t\u00eb PS. Natyrisht q\u00eb identiteti i tyre \u00ebsht\u00eb pjes\u00eb e etik\u00ebs se intimitetit t\u00eb komunikimit personal. Me z. Rama besoj do t\u00eb kem nj\u00eb komunikim vijues zyrtar dhe korrekt q\u00eb besoj se do t\u00eb nis\u00eb pas marrjes zyrtarisht t\u00eb detyr\u00ebs.<\/p>\n<p><strong>A jeni gati t\u00eb p\u00ebrballeni me nj\u00eb drejt\u00ebsi t\u00eb shfytyruar? Do t\u2019ju mjaftojn\u00eb 5 vite p\u00ebr t\u00eb shp\u00ebtuar drejt\u00ebsin\u00eb shqiptare, e cila \u00ebsht\u00eb shnd\u00ebrruar n\u00eb makthin e qytetar\u00ebve shqiptar, por q\u00eb po infekton p\u00ebrditsh\u00ebm imazhin e vendit ton\u00eb, por ajo q\u00eb m\u00eb shum\u00eb ka r\u00ebnd\u00ebsi jet\u00ebn dhe t\u00eb drejt\u00ebn e qytetar\u00ebve.<\/strong><br \/>\n&#8211; Presidenti nuk ka nj\u00eb shkop magjik dhe b\u00ebn mrekullira me sistemin e drejt\u00ebsis\u00eb apo me gjith\u00e7ka tjet\u00ebr por nj\u00eb president ka t\u00eb gjith\u00eb koh\u00ebn e mjaftueshm\u00eb p\u00ebr t\u00eb b\u00ebr\u00eb ndryshime t\u00eb mjaftueshme dhe pozitive. Qasja ime e par\u00eb j\u2019ua thash\u00eb m\u00eb lart do t\u00eb jet\u00eb drejt\u00ebsia dhe aty do t\u00eb mb\u00ebshtetem n\u00eb 2 faktor ky\u00e7:<br \/>\n1-gjyqtar\u00ebt, ku do t\u00eb konsistohet n\u00eb promovimin dhe mb\u00ebshtetjen e profesionist\u00ebve me moral dhe integritet.<br \/>\n2-Parlamenti, tek I cili do t\u00eb k\u00ebkroj bashk\u00ebpunim dhe nd\u00ebrveprim ligjor dhe n\u00eb sh\u00ebrbim t\u00eb qytetar\u00ebve.<br \/>\nJam i cytur dhe i motivuar p\u00ebr t\u00eb sjell\u00eb drejt\u00ebsi, drejt\u00ebsis\u00eb shqiptare.<br \/>\nDua t\u2019ju theksoj se nuk b\u00ebhet kjo se presidenti \u00ebsht\u00eb ai burri me shkopin magjik apo q\u00eb dirigjon drejt\u00ebsin\u00eb. Presidentit i takon t\u00eb rregulloj\u00eb ekuilibrat, t\u00eb mos vihet n\u00ebn presionin e askujt dhe t\u00eb qaset vet\u00ebm nga e mira.<\/p>\n<p>&#8211; Duket kaq e bukur dhe idealiste kjo q\u00eb po m\u00eb thoni. T\u00eb jem e sinqert\u00eb ju besoj sot por ka nj\u00eb p\u00ebrvoj\u00eb ironike me zyr\u00ebn e t\u00eb gjith\u00eb president\u00ebve q\u00ebkur ka nisur kjo historia e konsensual\u00ebve me takime mes pal\u00ebve dhe q\u00eb m\u00eb von\u00eb votohen nga nj\u00eb pal\u00eb e vetme. Por ka akoma m\u00eb shum\u00eb, ju e dini q\u00eb Kryeministri Berisha ka shkuar keq me president\u00ebt edhe kur ato kan\u00eb dal\u00eb nga gjiri i partis\u00eb tij. A do ta prishni ju k\u00ebt\u00eb magji? A do t\u00eb mund t\u00eb ruani integritetin tuaj z Nishani sepse koha ka treguar jo rrall\u00eb t\u00eb kund\u00ebrten.<br \/>\n&#8211; S\u00eb pari dua t\u2019ju kujtoj se presidenti nuk \u00ebsht\u00eb i askujt. Nuk mund t\u00eb jet\u00eb i kryeministrit, i liderit t\u00eb opozit\u00ebs, apo i LSI. Presidenti \u00ebsht\u00eb i shqiptar\u00ebve dhe madje nuk ka pse t\u00eb sforcohet aspak p\u00ebr k\u00ebt\u00eb. N\u00ebse ka nj\u00eb devijacion nuk \u00ebsht\u00eb prej zyr\u00ebs, por prej njeriut. Un\u00eb besoj q\u00eb vendimet tona jan\u00eb produkt i moralit ton\u00eb dhe jo i rrethanave politike. Askush nuk mund t\u00eb t\u00eb v\u00ebr\u00eb n\u00eb presion n\u00ebse je n\u00eb at\u00eb zyr\u00eb p\u00ebr popullin t\u00ebnd.<\/p>\n<p><strong>Duke par\u00eb e duke b\u00ebr\u00eb thot\u00eb populli, por n\u00ebse nuk do ju z\u00ebr\u00eb as ju tersi i asaj zyre apo dob\u00ebsia p\u00ebr dekorata dhe anshm\u00ebria me siguri do t\u00eb kemi nj\u00eb president p\u00ebr t\u00eb q\u00ebn\u00eb. Dua t\u2019ju pyes p\u00ebr bashk\u00ebshort\u00ebn tuaj, zonj\u00ebn Odeta p\u00ebr t\u00eb cil\u00ebn sot m\u00eb tha dikush se \u00ebsht\u00eb nj\u00eb inxhiniere shum\u00eb e zonja, por ajo \u00e7\u2019ka ka r\u00ebn\u00eb sy \u00ebsht\u00eb nj\u00eb interes marramend\u00ebs i medias p\u00ebr t\u00eb. Thuhet se ajo \u00ebsht\u00eb nj\u00eb z\u00eb i fort\u00eb n\u00eb veshin tuaj. K\u00ebtu nuk shoh asgj\u00eb t\u00eb keqe sepse e till\u00eb ka q\u00ebn\u00eb edhe Hillary Clinton gjat\u00eb koh\u00ebs s\u00eb presidenc\u00ebs s\u00eb Bill Clinton. Ku q\u00ebndron e keqja q\u00eb t\u00eb kemi p\u00ebr her\u00eb t\u00eb par\u00eb nj\u00eb zonj\u00eb t\u00eb par\u00eb t\u00eb vendit me nj\u00eb rol aktiv.<\/strong><\/p>\n<p>N\u00eb fakt Odeta ka k\u00ebrkuar mir\u00ebkuptimin e medias gjat\u00eb k\u00ebtyre dit\u00ebve sepse edhe ajo \u00ebsht\u00eb gjendur p\u00ebrball\u00eb nj\u00eb realiteti t\u00eb ri. \u00cbsht\u00eb e v\u00ebrtet\u00eb ajo q\u00eb thoni ju n\u00eb lidhje m\u00eb interesin e medias. Nuk di sa shum\u00eb revista e gazeta po i telefonojn\u00eb. Sot pash\u00eb q\u00eb kishin gjetur edhe foto t\u00eb saj dhe t\u00eb dy f\u00ebmij\u00ebve. Realisht po ju them se Odeta \u00ebsht\u00eb nj\u00eb bashk\u00ebshorte q\u00eb m\u00eb ka mb\u00ebshtetur shum\u00eb, por jo profesionalisht. Shpesh her\u00eb ngjarje t\u00eb ndryshme I ka marr\u00eb vesh nga mediat. Roli i Odet\u00ebs ka q\u00ebn\u00eb m\u00eb shum\u00eb si grua dhe n\u00ebn\u00eb. Pa dyshim q\u00eb do ti p\u00ebrgjigjet edhe interesit t\u00eb medias por n\u00eb koh\u00ebn e duhur.<\/p>\n<p><strong>A \u00ebsht\u00eb e lumtur Odeta?<\/strong><br \/>\nPo besoj q\u00eb po megjth\u00ebse j\u2019ua thash\u00eb jan\u00eb dit\u00ebt e para dhe akoma nuk kemi biseduar aq gjat\u00eb.<\/p>\n<p><strong>P.sh, as p\u00ebr zhvendosjen n\u00eb rezidenc\u00ebn Presidenciale?<\/strong><br \/>\nJo, tani q\u00eb po ma thoni ju po m\u00eb kujtohet edhe kjo gj\u00eb. Ende jetojm\u00eb n\u00eb apartamentin ton\u00eb n\u00eb zon\u00ebn e Selit\u00ebs. Por m\u00eb lejoni t\u00eb ndaj nj\u00eb moment sinqeriteti. Ndihem shum\u00eb n\u00eb siklet kur kaloj me autokolon\u00ebn presidenciale n\u00eb rrug\u00ebn pran\u00eb sht\u00ebpis\u00eb dhe si njeri ndihem pak n\u00eb v\u00ebshtir\u00ebsi kur shoh se duhet t\u00eb ndalohen makinat e tjera p\u00ebr t\u00eb kaluar ajo autokolona e gjat\u00eb. Aq m\u00eb tep\u00ebr q\u00eb \u00ebsht\u00eb nj\u00eb rrug\u00eb e ngusht\u00eb disi dhe ndoshta duhet menduar edhe kjo. Por jan\u00eb vet\u00ebm dit\u00ebt e para dhe ka aq shum\u00eb p\u00ebr t\u00eb menduar.<\/p>\n<p><strong>A jeni i m\u00ebrzitur me ndonj\u00eb artikullshkrues k\u00ebto dit\u00eb?<\/strong><br \/>\nJo, nuk m\u00ebrzitem me mediat. \u00cbsht\u00eb e drejta dhe puna e gazetar\u00ebve t\u00eb k\u00ebrkojn\u00eb, t\u00eb dyshojn\u00eb, t\u00eb komentojn\u00eb. Ndoshta do t\u00eb m\u00ebrzitesha nga politikan\u00ebt p\u00ebr ndonj\u00eb pakujdesi q\u00eb \u00ebsht\u00eb lidhur me sh\u00ebndetin tim por aspak me mediat.<\/p>\n<p><strong>Nd\u00ebrkoh\u00eb q\u00eb bisedojm\u00eb telefoni bie pa pushim dhe sinjali i mesazheve \u00ebsht\u00eb pothuaj \u00e7do minut.<\/strong><br \/>\n<strong> E pyes edhe n\u00ebse ka nd\u00ebrmend t\u00eb ndryshoj\u00eb pamje dhe hapur pa ndroj\u00eb ndoshta se ai m\u00eb lejoi tap yes me \u00e7ilt\u00ebrsi dhe pa m\u00eb t\u00eb voglin dyshim q\u00eb ka vija t\u00eb kuqe q\u00eb nuk I prek dot. Mustaqet t\u00eb cilat i mban n\u00eb jet\u00eb edhe babai im dhe duke referuar rastin q\u00eb e kam n\u00eb sht\u00ebpi i rr\u00ebfej se si bij\u00eb ja kam k\u00ebrkuar prej kaq vitesh q\u00eb ti heq sepse rrisin n\u00eb mosh\u00eb dhe sinqerisht I gjej demode.<\/strong><\/p>\n<p>Ai qesh pak dhe nis e m\u00eb tregon historin\u00eb e gjyshit t\u00eb tij q\u00eb duket se \u00ebsht\u00eb nj\u00eb njeri q\u00eb ka l\u00ebn\u00eb gjurm\u00eb n\u00eb jet\u00ebn e Presidentit ton\u00eb t\u00eb ri. Nj\u00eb burr\u00eb q\u00eb ka punuar n\u00eb kavalerine e mbretit Ahmet Zog dhe q\u00eb ka mbajtur gjith\u00eb jet\u00ebn mustaqe. Nuk m\u00eb mohon se edhe dikush mund t\u2019i ket\u00eb th\u00ebn\u00eb ndonj\u00ebher\u00eb por ai gjithmon\u00eb p\u00ebrgjigjet me humor se ka kompensuar disa flok\u00eb q\u00eb jan\u00eb rralluar por q\u00eb n\u00eb kamera krijojn\u00eb akoma m\u00eb shum\u00eb iluzionin se mungojn\u00eb. Ai realisht \u00ebsht\u00eb nj\u00eb burr\u00eb m\u00eb i gjat\u00eb, m\u00eb elegant dhe shum\u00eb m\u00eb i ri sesa duket n\u00eb kamera. Dhe p\u00ebr k\u00ebdo q\u00eb ka ndonj\u00eb kureshti, duhet t\u00eb dij\u00eb se Presidenti nuk do t\u00eb ndryshoj\u00eb asgj\u00eb n\u00eb pamjen e tij. N\u00eb fakt do t\u00eb ndryshoj\u00eb vet\u00ebm dicka dhe ajo ka t\u00eb b\u00ebj\u00eb me sh\u00ebndetin e tij q\u00eb p\u00ebr fat \u00ebsht\u00eb nj\u00eb lajm i mir\u00eb i cili u zbulua gjat\u00eb k\u00ebsaj interviste.<\/p>\n<p><strong>N\u00eb tv Klan ju fol\u00ebt pak p\u00ebr problemin tuaj sh\u00ebndet\u00ebsor, p\u00ebr nj\u00eb nd\u00ebrhyrje kirurgjikale t\u00eb cil\u00ebn keni kryer n\u00eb vititn 2008, por a mund t\u00eb na thoni di\u00e7ka m\u00eb shum\u00eb? Z. Nishani a do ta b\u00ebni publike kartel\u00ebn tuaj sh\u00ebndet\u00ebsore p\u00ebr qytetar\u00ebt shqiptar\u00eb?<\/strong><\/p>\n<p>Absolutisht po! Qytetar\u00ebt shqiptar\u00eb kan\u00eb t\u00eb drejt\u00ebn legjitime q\u00eb t\u00eb ken\u00eb nj\u00eb president t\u00eb sh\u00ebndetsh\u00ebm. Nj\u00eb president q\u00eb \u00ebsht\u00eb n\u00eb gjendje t\u00eb marr\u00eb vendime t\u00eb sh\u00ebndosha, me moral dhe me fuqin\u00eb e t\u00eb q\u00ebnit mbi pal\u00ebt. Sigurisht q\u00eb ka nj\u00eb problem sh\u00ebndet\u00ebsor q\u00eb nuk \u00ebsht\u00eb m\u00eb i brendsh\u00ebm por m\u00eb shum\u00eb nj\u00eb c\u00ebshtje estetike e jashtme. N\u00eb vitit 2008 jam p\u00ebrballur me nj\u00eb problem t\u00eb cilin m\u00ebsova nga mjek\u00ebt n\u00eb Finland\u00eb q\u00eb ishte i lindur por q\u00eb me koh\u00ebn dy vena n\u00eb kok\u00eb q\u00eb ishin t\u00eb ngjitura n\u00eb nj\u00eb moment krijuan nj\u00eb ng\u00ebrc t\u00eb qarkullimit t\u00eb gjakut. Ka q\u00ebn\u00eb nj\u00eb operacion i shkurt\u00ebr por shum\u00eb delikat q\u00eb u p\u00ebrmbyll me sukses. Nuk e di Mira, m\u00eb drejtohet ai por isha shum\u00eb pozitiv at\u00ebher\u00eb. Nuk ju dor\u00ebzova problemit q\u00eb kisha dhe nuk pata as frik\u00eb, por e gjitha mu shnd\u00ebrrua brenda nj\u00eb \u00e7asti n\u00eb nj\u00eb forc\u00eb pozitive e cila me siguri do m\u00eb ket\u00eb ndihmuar. Sa p\u00ebr pasojat fizike q\u00eb si\u00e7 e shihni \u00ebsht\u00eb nj\u00eb ngadal\u00ebsim n\u00eb l\u00ebvizje te k\u00ebmb\u00ebs s\u00eb majt\u00eb dhe krahut t\u00eb majt\u00eb ato jan\u00eb t\u00eb p\u00ebrkohshme.<\/p>\n<p><strong>Sa t\u00eb p\u00ebrkohshme?<\/strong><br \/>\n-Mjek\u00ebt thon\u00eb se jo m\u00eb shum\u00eb se nj\u00eb vit e gjys\u00ebm. Pas k\u00ebsaj kohe gjith\u00e7ka do t\u00eb jet\u00eb si m\u00eb par\u00eb. Megjithat\u00eb dua t\u00eb ftoj gazetar\u00ebt q\u00eb jan\u00eb skeptik\u00eb q\u00eb t\u00eb kontakojn\u00eb njeriun e duhur p\u00ebr t\u00eb pyetur p\u00ebr presidentin q\u00eb \u00ebsht\u00eb ish-pacienti i doktor Mentor Petrel\u00ebs. Edhe pse urdhri i mjekut mund t\u00eb mos lejoj\u00eb publikimin e dosjes un\u00eb e ftoj publikisht doktor Petrel\u00ebn q\u00eb t\u00eb jap gjith\u00eb informacionin rreth s\u00ebmundjes q\u00eb kam patur un\u00eb.<\/p>\n<p>Ky \u00ebsht\u00eb Presidenti i ri i shqiptar\u00ebve. Shija q\u00eb l\u00eb tek bisedon me t\u00eb \u00ebsht\u00eb shum\u00eb m\u00eb ndryshe nga nj\u00eb perceptim q\u00eb vjen nga ekranet dhe gazetat. \u00cbsht\u00eb pa dyshim larg disa ekzagjerimeve dhe goj\u00ebplot mund t\u00eb besoja se problemet estetike (t\u00eb p\u00ebrkohshme n\u00eb rastin e z.Nishani) nuk kan\u00eb q\u00ebn\u00eb fatkeq\u00ebsia e k\u00ebtij vendi, i cili ka nevoj\u00eb p\u00ebr nj\u00eb mendje dhe shpirt t\u00eb sh\u00ebndosh\u00eb.<\/p>\n<p>(<em>n\u00eb foto presidenti Nishani dhe gazetarja Mira Kazhani<\/em>)<br \/>\n(<em>sg\/shqiptarja.com<\/em>)<\/p>\n<p>&#8212;&#8212;&#8212;&#8212;&#8212;&#8212;<\/p>\n<p><strong>Doktor Petrela: Ja diagnoza e Presidentit Bujar Nishani <\/strong><\/p>\n<p><img decoding=\"async\" class=\"alignright size-thumbnail wp-image-7236\" title=\"Mentor Petrela\" src=\"http:\/\/www.fjala.info\/2012\/mentor_petrela.jpg\" alt=\"\" width=\"200\" \/><\/p>\n<p>TIRANE &#8211; Neurokirurgu i njohur Mentor Petrela, zbulon ekskluzivisht p\u00ebr gazet\u00ebn Shqiptarja.com diagnoz\u00ebn e s\u00ebmundjes s\u00eb presidentit t\u00eb votuar Bujar Nishani. Nj\u00eb dit\u00eb pas apelit t\u00eb b\u00ebr\u00eb p\u00ebrmes \u201cShqiptarja.com\u201d nga vet\u00eb z.Nishani dhe me lejen e tij, dr.Petrela sqaron nd\u00ebrhyrjen kirurgjikale q\u00eb presidenti i \u00ebsht\u00eb n\u00ebnshtruar 3 vjet m\u00eb par\u00eb.<\/p>\n<p>I kontaktuar me e-mail, doktor Petrela pasi ka marr\u00eb edhe ftes\u00ebn publike nga presidenti i votuar z.Bujar Nishani dhe n\u00ebnvizon se ka marr\u00eb edhe<br \/>\nnj\u00eb leje gojarisht nga ai, publikon p\u00ebr qytetar\u00ebt shqiptar\u00eb gjendjen sh\u00ebndet\u00ebsore t\u00eb zotit Nishani duke hedhur drit\u00eb mbi \u00e7do dilem\u00eb rreth sh\u00ebndetit t\u00eb Presidentit t\u00eb votuar.<br \/>\nMjeku personal i ish- ministrit t\u00eb Brendsh\u00ebm thot\u00eb se presidenti u operua n\u00eb nj\u00eb klinik\u00eb nga nj\u00eb kavernom\u00eb n\u00eb nj\u00eb zon\u00eb t\u00eb trurit. <\/p>\n<p>\u00c7far\u00eb \u00ebsht\u00eb kjo s\u00ebmundje dhe si sh\u00ebrohet, detajet mund ti lexoni sot n\u00eb gazet\u00ebn Shqiptarja.com.<\/p>\n<p>&#8212;&#8212;&#8212;&#8212;&#8212;&#8212;<\/p>\n<p><strong>Sqarim, s\u00ebmundja e Nishanit &#8211; varri\u00e7e t\u00eb trurit&#8230; &#8211; degjenerim i en\u00ebve t\u00eb gjakut n\u00eb tru, q\u00eb mund t\u00eb \u00e7ojn\u00eb deri n\u00eb vdekje, pasi p\u00ebrs\u00ebriten&#8230;<\/strong><em> &#8211; sqarimi m\u00eb posht\u00eb\u00a0n\u00eb anglisht:<\/em><\/p>\n<p><img decoding=\"async\" class=\"alignright size-thumbnail wp-image-7236\" title=\"Cavernoma\" src=\"http:\/\/www.fjala.info\/2012\/cavernoma.jpg\" alt=\"\" width=\"300\" \/><\/p>\n<p><strong>Cavernoma &#8211; Introduction <\/strong><\/p>\n<p style=\"text-align: right;\"><em>MRI scan showing a large cavernoma in the left temporal lobe (highlighted in yellow)\u00a0\u00a0 <\/em><\/p>\n<p>Cavernomas are clusters of abnormal blood vessels mainly found in the brain and spinal cord.<br \/>\nThey are sometimes known as cavernous angiomas, cavernous hemangiomas or cerebral cavernous malformations.<br \/>\nA typical cavernoma looks a bit like a raspberry, but varies in size from microscopic to inches across. It is made of different sized bubbles (caverns) filled with blood and lined with a special layer of cells.<br \/>\nSymptoms of cavernomas<\/p>\n<p>The cells that line a cavernoma are similar to those lining normal blood vessels, but are leaky and can cause:<br \/>\nseizures (the most common symptom, which can be treated with medication)<br \/>\na stroke (due to bleeding in the brain)<br \/>\nweaknesses in limbs<br \/>\nvision and balance problems<br \/>\nloss of memory<br \/>\nOnly around half of people diagnosed with a cavernoma will have symptoms.<br \/>\nWho is affected<\/p>\n<p>Cavernomas sometimes run in families, but usually occur as a one-off without affecting other family members.<br \/>\nThe average age to be diagnosed with a cavernoma is 40.<br \/>\nInternational research programmes are trying to find the cause of this condition and how these defective blood vessels are formed, and are investigating the long-term outlook for people with cavernomas.<br \/>\nMonitoring symptoms<\/p>\n<p>Symptoms may come and go as the cavernoma changes in size when it bleeds and reabsorbs blood.<br \/>\nAlthough cavernomas have been known about since the 1930s, they were not reliably diagnosed until the advent of the magnetic resonance imaging (MRI) scan in the 1980s.<br \/>\nHow common are cavernomas?<\/p>\n<p>Cavernomas are estimated to occur in about 1 person in 600 without causing any symptoms. And every year, roughly 1 person in every 400,000 in the UK is diagnosed with a cavernoma that has caused symptoms.<br \/>\nEvery child of someone with inherited cavernomas has a 50% chance of inheriting the condition.<br \/>\nSurgery<\/p>\n<p>Surgery may be used to treat cavernomas that:<br \/>\nhave bled<br \/>\nare causing seizures that cannot be controlled with medication<br \/>\nRisks of surgery include stroke, paralysis, coma or death, although the exact risks depend on the location of the cavernoma in the brain or spine.<br \/>\nMore information<\/p>\n<p>For more information on cavernomas, visit the Cavernoma Alliance UK website.<\/p>\n","protected":false},"excerpt":{"rendered":"<p>TIRANE &#8212; Ish-ministri i Brendsh\u00ebm Bujar Nishani i sapovotuar president n\u00eb parlament me votat e koalicionit qeveris\u00ebs \u00ebsht\u00eb zhvendosur, me nj\u00eb pjes\u00eb t\u00eb stafit t\u00eb tij, n\u00eb nj\u00eb nga ambjentet e Pallatit t\u00eb Kongreseve n\u00eb pritje p\u00ebr t\u00eb filluar detyr\u00ebn e tij si kryetar i shtetit. N\u00eb nj\u00eb rr\u00ebfim shpirt\u00ebror p\u00ebr rubrik\u00ebn Lunch.com n\u00eb \u201cShqiptarja.com\u201d [&hellip;]<\/p>\n","protected":false},"author":1,"featured_media":0,"comment_status":"open","ping_status":"closed","sticky":false,"template":"","format":"standard","meta":{"footnotes":""},"categories":[2,4],"tags":[],"class_list":{"0":"post-3301","1":"post","2":"type-post","3":"status-publish","4":"format-standard","6":"category-artikuj","7":"category-intervista"},"yoast_head":"<!-- This site is optimized with the Yoast SEO plugin v27.4 - https:\/\/yoast.com\/product\/yoast-seo-wordpress\/ -->\n<title>Rr\u00ebfimi shpirt\u00ebror i Nishanit: Sh\u00ebrohem p\u00ebr nj\u00eb vit e gjys\u00ebm - FjALA e LIR\u00cb - Arkivi<\/title>\n<meta name=\"robots\" content=\"index, follow, max-snippet:-1, max-image-preview:large, max-video-preview:-1\" \/>\n<link rel=\"canonical\" href=\"https:\/\/fjala.info\/2009-2015\/rrefimi-shpirteror-i-nishanit-sherohem-per-nje-vit-e-gjysem\/\" \/>\n<meta property=\"og:locale\" content=\"sq_AL\" \/>\n<meta property=\"og:type\" content=\"article\" \/>\n<meta property=\"og:title\" content=\"Rr\u00ebfimi shpirt\u00ebror i Nishanit: Sh\u00ebrohem p\u00ebr nj\u00eb vit e gjys\u00ebm - FjALA e LIR\u00cb - Arkivi\" \/>\n<meta property=\"og:description\" content=\"TIRANE &#8212; Ish-ministri i Brendsh\u00ebm Bujar Nishani i sapovotuar president n\u00eb parlament me votat e koalicionit qeveris\u00ebs \u00ebsht\u00eb zhvendosur, me nj\u00eb pjes\u00eb t\u00eb stafit t\u00eb tij, n\u00eb nj\u00eb nga ambjentet e Pallatit t\u00eb Kongreseve n\u00eb pritje p\u00ebr t\u00eb filluar detyr\u00ebn e tij si kryetar i shtetit. N\u00eb nj\u00eb rr\u00ebfim shpirt\u00ebror p\u00ebr rubrik\u00ebn Lunch.com n\u00eb \u201cShqiptarja.com\u201d [&hellip;]\" \/>\n<meta property=\"og:url\" content=\"https:\/\/fjala.info\/2009-2015\/rrefimi-shpirteror-i-nishanit-sherohem-per-nje-vit-e-gjysem\/\" \/>\n<meta property=\"og:site_name\" content=\"FjALA e LIR\u00cb - Arkivi\" \/>\n<meta property=\"article:published_time\" content=\"2012-06-15T05:47:37+00:00\" \/>\n<meta property=\"og:image\" content=\"http:\/\/www.fjala.info\/2012\/nishani_interviste.jpg\" \/>\n<meta name=\"author\" content=\"admin\" \/>\n<meta name=\"twitter:card\" content=\"summary_large_image\" \/>\n<meta name=\"twitter:label1\" content=\"Written by\" \/>\n\t<meta name=\"twitter:data1\" content=\"admin\" \/>\n\t<meta name=\"twitter:label2\" content=\"Est. reading time\" \/>\n\t<meta name=\"twitter:data2\" content=\"16 minutes\" \/>\n<script type=\"application\/ld+json\" class=\"yoast-schema-graph\">{\"@context\":\"https:\\\/\\\/schema.org\",\"@graph\":[{\"@type\":\"Article\",\"@id\":\"https:\\\/\\\/fjala.info\\\/2009-2015\\\/rrefimi-shpirteror-i-nishanit-sherohem-per-nje-vit-e-gjysem\\\/#article\",\"isPartOf\":{\"@id\":\"https:\\\/\\\/fjala.info\\\/2009-2015\\\/rrefimi-shpirteror-i-nishanit-sherohem-per-nje-vit-e-gjysem\\\/\"},\"author\":{\"name\":\"admin\",\"@id\":\"https:\\\/\\\/fjala.info\\\/2009-2015\\\/#\\\/schema\\\/person\\\/3aa1163ef05469c496fc94e77611ada2\"},\"headline\":\"Rr\u00ebfimi shpirt\u00ebror i Nishanit: Sh\u00ebrohem p\u00ebr nj\u00eb vit e gjys\u00ebm\",\"datePublished\":\"2012-06-15T05:47:37+00:00\",\"mainEntityOfPage\":{\"@id\":\"https:\\\/\\\/fjala.info\\\/2009-2015\\\/rrefimi-shpirteror-i-nishanit-sherohem-per-nje-vit-e-gjysem\\\/\"},\"wordCount\":3249,\"commentCount\":0,\"publisher\":{\"@id\":\"https:\\\/\\\/fjala.info\\\/2009-2015\\\/#organization\"},\"image\":{\"@id\":\"https:\\\/\\\/fjala.info\\\/2009-2015\\\/rrefimi-shpirteror-i-nishanit-sherohem-per-nje-vit-e-gjysem\\\/#primaryimage\"},\"thumbnailUrl\":\"http:\\\/\\\/www.fjala.info\\\/2012\\\/nishani_interviste.jpg\",\"articleSection\":[\"Artikuj\",\"Intervista\"],\"inLanguage\":\"sq-AL\",\"potentialAction\":[{\"@type\":\"CommentAction\",\"name\":\"Comment\",\"target\":[\"https:\\\/\\\/fjala.info\\\/2009-2015\\\/rrefimi-shpirteror-i-nishanit-sherohem-per-nje-vit-e-gjysem\\\/#respond\"]}]},{\"@type\":\"WebPage\",\"@id\":\"https:\\\/\\\/fjala.info\\\/2009-2015\\\/rrefimi-shpirteror-i-nishanit-sherohem-per-nje-vit-e-gjysem\\\/\",\"url\":\"https:\\\/\\\/fjala.info\\\/2009-2015\\\/rrefimi-shpirteror-i-nishanit-sherohem-per-nje-vit-e-gjysem\\\/\",\"name\":\"Rr\u00ebfimi shpirt\u00ebror i Nishanit: Sh\u00ebrohem p\u00ebr nj\u00eb vit e gjys\u00ebm - FjALA e LIR\u00cb - Arkivi\",\"isPartOf\":{\"@id\":\"https:\\\/\\\/fjala.info\\\/2009-2015\\\/#website\"},\"primaryImageOfPage\":{\"@id\":\"https:\\\/\\\/fjala.info\\\/2009-2015\\\/rrefimi-shpirteror-i-nishanit-sherohem-per-nje-vit-e-gjysem\\\/#primaryimage\"},\"image\":{\"@id\":\"https:\\\/\\\/fjala.info\\\/2009-2015\\\/rrefimi-shpirteror-i-nishanit-sherohem-per-nje-vit-e-gjysem\\\/#primaryimage\"},\"thumbnailUrl\":\"http:\\\/\\\/www.fjala.info\\\/2012\\\/nishani_interviste.jpg\",\"datePublished\":\"2012-06-15T05:47:37+00:00\",\"breadcrumb\":{\"@id\":\"https:\\\/\\\/fjala.info\\\/2009-2015\\\/rrefimi-shpirteror-i-nishanit-sherohem-per-nje-vit-e-gjysem\\\/#breadcrumb\"},\"inLanguage\":\"sq-AL\",\"potentialAction\":[{\"@type\":\"ReadAction\",\"target\":[\"https:\\\/\\\/fjala.info\\\/2009-2015\\\/rrefimi-shpirteror-i-nishanit-sherohem-per-nje-vit-e-gjysem\\\/\"]}]},{\"@type\":\"ImageObject\",\"inLanguage\":\"sq-AL\",\"@id\":\"https:\\\/\\\/fjala.info\\\/2009-2015\\\/rrefimi-shpirteror-i-nishanit-sherohem-per-nje-vit-e-gjysem\\\/#primaryimage\",\"url\":\"http:\\\/\\\/www.fjala.info\\\/2012\\\/nishani_interviste.jpg\",\"contentUrl\":\"http:\\\/\\\/www.fjala.info\\\/2012\\\/nishani_interviste.jpg\"},{\"@type\":\"BreadcrumbList\",\"@id\":\"https:\\\/\\\/fjala.info\\\/2009-2015\\\/rrefimi-shpirteror-i-nishanit-sherohem-per-nje-vit-e-gjysem\\\/#breadcrumb\",\"itemListElement\":[{\"@type\":\"ListItem\",\"position\":1,\"name\":\"Home\",\"item\":\"https:\\\/\\\/fjala.info\\\/2009-2015\\\/\"},{\"@type\":\"ListItem\",\"position\":2,\"name\":\"Rr\u00ebfimi shpirt\u00ebror i Nishanit: Sh\u00ebrohem p\u00ebr nj\u00eb vit e gjys\u00ebm\"}]},{\"@type\":\"WebSite\",\"@id\":\"https:\\\/\\\/fjala.info\\\/2009-2015\\\/#website\",\"url\":\"https:\\\/\\\/fjala.info\\\/2009-2015\\\/\",\"name\":\"FjALA e LIR\u00cb - Arkivi\",\"description\":\"Arkivi 2009-2015\",\"publisher\":{\"@id\":\"https:\\\/\\\/fjala.info\\\/2009-2015\\\/#organization\"},\"potentialAction\":[{\"@type\":\"SearchAction\",\"target\":{\"@type\":\"EntryPoint\",\"urlTemplate\":\"https:\\\/\\\/fjala.info\\\/2009-2015\\\/?s={search_term_string}\"},\"query-input\":{\"@type\":\"PropertyValueSpecification\",\"valueRequired\":true,\"valueName\":\"search_term_string\"}}],\"inLanguage\":\"sq-AL\"},{\"@type\":\"Organization\",\"@id\":\"https:\\\/\\\/fjala.info\\\/2009-2015\\\/#organization\",\"name\":\"FjALA e LIR\u00cb - Arkivi\",\"url\":\"https:\\\/\\\/fjala.info\\\/2009-2015\\\/\",\"logo\":{\"@type\":\"ImageObject\",\"inLanguage\":\"sq-AL\",\"@id\":\"https:\\\/\\\/fjala.info\\\/2009-2015\\\/#\\\/schema\\\/logo\\\/image\\\/\",\"url\":\"\",\"contentUrl\":\"\",\"caption\":\"FjALA e LIR\u00cb - Arkivi\"},\"image\":{\"@id\":\"https:\\\/\\\/fjala.info\\\/2009-2015\\\/#\\\/schema\\\/logo\\\/image\\\/\"}},{\"@type\":\"Person\",\"@id\":\"https:\\\/\\\/fjala.info\\\/2009-2015\\\/#\\\/schema\\\/person\\\/3aa1163ef05469c496fc94e77611ada2\",\"name\":\"admin\",\"image\":{\"@type\":\"ImageObject\",\"inLanguage\":\"sq-AL\",\"@id\":\"https:\\\/\\\/fjala.info\\\/2009-2015\\\/wp-content\\\/uploads\\\/2012\\\/02\\\/arben_cokaj-120x150.jpg\",\"url\":\"https:\\\/\\\/fjala.info\\\/2009-2015\\\/wp-content\\\/uploads\\\/2012\\\/02\\\/arben_cokaj-120x150.jpg\",\"contentUrl\":\"https:\\\/\\\/fjala.info\\\/2009-2015\\\/wp-content\\\/uploads\\\/2012\\\/02\\\/arben_cokaj-120x150.jpg\",\"caption\":\"admin\"},\"description\":\"Admin, Fjala e Lir\u00eb\",\"sameAs\":[\"https:\\\/\\\/fjala.info\\\/\"],\"url\":\"https:\\\/\\\/fjala.info\\\/2009-2015\\\/author\\\/admin\\\/\"}]}<\/script>\n<!-- \/ Yoast SEO plugin. -->","yoast_head_json":{"title":"Rr\u00ebfimi shpirt\u00ebror i Nishanit: Sh\u00ebrohem p\u00ebr nj\u00eb vit e gjys\u00ebm - FjALA e LIR\u00cb - Arkivi","robots":{"index":"index","follow":"follow","max-snippet":"max-snippet:-1","max-image-preview":"max-image-preview:large","max-video-preview":"max-video-preview:-1"},"canonical":"https:\/\/fjala.info\/2009-2015\/rrefimi-shpirteror-i-nishanit-sherohem-per-nje-vit-e-gjysem\/","og_locale":"sq_AL","og_type":"article","og_title":"Rr\u00ebfimi shpirt\u00ebror i Nishanit: Sh\u00ebrohem p\u00ebr nj\u00eb vit e gjys\u00ebm - FjALA e LIR\u00cb - Arkivi","og_description":"TIRANE &#8212; Ish-ministri i Brendsh\u00ebm Bujar Nishani i sapovotuar president n\u00eb parlament me votat e koalicionit qeveris\u00ebs \u00ebsht\u00eb zhvendosur, me nj\u00eb pjes\u00eb t\u00eb stafit t\u00eb tij, n\u00eb nj\u00eb nga ambjentet e Pallatit t\u00eb Kongreseve n\u00eb pritje p\u00ebr t\u00eb filluar detyr\u00ebn e tij si kryetar i shtetit. N\u00eb nj\u00eb rr\u00ebfim shpirt\u00ebror p\u00ebr rubrik\u00ebn Lunch.com n\u00eb \u201cShqiptarja.com\u201d [&hellip;]","og_url":"https:\/\/fjala.info\/2009-2015\/rrefimi-shpirteror-i-nishanit-sherohem-per-nje-vit-e-gjysem\/","og_site_name":"FjALA e LIR\u00cb - Arkivi","article_published_time":"2012-06-15T05:47:37+00:00","og_image":[{"url":"http:\/\/www.fjala.info\/2012\/nishani_interviste.jpg","type":"","width":"","height":""}],"author":"admin","twitter_card":"summary_large_image","twitter_misc":{"Written by":"admin","Est. reading time":"16 minutes"},"schema":{"@context":"https:\/\/schema.org","@graph":[{"@type":"Article","@id":"https:\/\/fjala.info\/2009-2015\/rrefimi-shpirteror-i-nishanit-sherohem-per-nje-vit-e-gjysem\/#article","isPartOf":{"@id":"https:\/\/fjala.info\/2009-2015\/rrefimi-shpirteror-i-nishanit-sherohem-per-nje-vit-e-gjysem\/"},"author":{"name":"admin","@id":"https:\/\/fjala.info\/2009-2015\/#\/schema\/person\/3aa1163ef05469c496fc94e77611ada2"},"headline":"Rr\u00ebfimi shpirt\u00ebror i Nishanit: Sh\u00ebrohem p\u00ebr nj\u00eb vit e gjys\u00ebm","datePublished":"2012-06-15T05:47:37+00:00","mainEntityOfPage":{"@id":"https:\/\/fjala.info\/2009-2015\/rrefimi-shpirteror-i-nishanit-sherohem-per-nje-vit-e-gjysem\/"},"wordCount":3249,"commentCount":0,"publisher":{"@id":"https:\/\/fjala.info\/2009-2015\/#organization"},"image":{"@id":"https:\/\/fjala.info\/2009-2015\/rrefimi-shpirteror-i-nishanit-sherohem-per-nje-vit-e-gjysem\/#primaryimage"},"thumbnailUrl":"http:\/\/www.fjala.info\/2012\/nishani_interviste.jpg","articleSection":["Artikuj","Intervista"],"inLanguage":"sq-AL","potentialAction":[{"@type":"CommentAction","name":"Comment","target":["https:\/\/fjala.info\/2009-2015\/rrefimi-shpirteror-i-nishanit-sherohem-per-nje-vit-e-gjysem\/#respond"]}]},{"@type":"WebPage","@id":"https:\/\/fjala.info\/2009-2015\/rrefimi-shpirteror-i-nishanit-sherohem-per-nje-vit-e-gjysem\/","url":"https:\/\/fjala.info\/2009-2015\/rrefimi-shpirteror-i-nishanit-sherohem-per-nje-vit-e-gjysem\/","name":"Rr\u00ebfimi shpirt\u00ebror i Nishanit: Sh\u00ebrohem p\u00ebr nj\u00eb vit e gjys\u00ebm - FjALA e LIR\u00cb - Arkivi","isPartOf":{"@id":"https:\/\/fjala.info\/2009-2015\/#website"},"primaryImageOfPage":{"@id":"https:\/\/fjala.info\/2009-2015\/rrefimi-shpirteror-i-nishanit-sherohem-per-nje-vit-e-gjysem\/#primaryimage"},"image":{"@id":"https:\/\/fjala.info\/2009-2015\/rrefimi-shpirteror-i-nishanit-sherohem-per-nje-vit-e-gjysem\/#primaryimage"},"thumbnailUrl":"http:\/\/www.fjala.info\/2012\/nishani_interviste.jpg","datePublished":"2012-06-15T05:47:37+00:00","breadcrumb":{"@id":"https:\/\/fjala.info\/2009-2015\/rrefimi-shpirteror-i-nishanit-sherohem-per-nje-vit-e-gjysem\/#breadcrumb"},"inLanguage":"sq-AL","potentialAction":[{"@type":"ReadAction","target":["https:\/\/fjala.info\/2009-2015\/rrefimi-shpirteror-i-nishanit-sherohem-per-nje-vit-e-gjysem\/"]}]},{"@type":"ImageObject","inLanguage":"sq-AL","@id":"https:\/\/fjala.info\/2009-2015\/rrefimi-shpirteror-i-nishanit-sherohem-per-nje-vit-e-gjysem\/#primaryimage","url":"http:\/\/www.fjala.info\/2012\/nishani_interviste.jpg","contentUrl":"http:\/\/www.fjala.info\/2012\/nishani_interviste.jpg"},{"@type":"BreadcrumbList","@id":"https:\/\/fjala.info\/2009-2015\/rrefimi-shpirteror-i-nishanit-sherohem-per-nje-vit-e-gjysem\/#breadcrumb","itemListElement":[{"@type":"ListItem","position":1,"name":"Home","item":"https:\/\/fjala.info\/2009-2015\/"},{"@type":"ListItem","position":2,"name":"Rr\u00ebfimi shpirt\u00ebror i Nishanit: Sh\u00ebrohem p\u00ebr nj\u00eb vit e gjys\u00ebm"}]},{"@type":"WebSite","@id":"https:\/\/fjala.info\/2009-2015\/#website","url":"https:\/\/fjala.info\/2009-2015\/","name":"FjALA e LIR\u00cb - Arkivi","description":"Arkivi 2009-2015","publisher":{"@id":"https:\/\/fjala.info\/2009-2015\/#organization"},"potentialAction":[{"@type":"SearchAction","target":{"@type":"EntryPoint","urlTemplate":"https:\/\/fjala.info\/2009-2015\/?s={search_term_string}"},"query-input":{"@type":"PropertyValueSpecification","valueRequired":true,"valueName":"search_term_string"}}],"inLanguage":"sq-AL"},{"@type":"Organization","@id":"https:\/\/fjala.info\/2009-2015\/#organization","name":"FjALA e LIR\u00cb - Arkivi","url":"https:\/\/fjala.info\/2009-2015\/","logo":{"@type":"ImageObject","inLanguage":"sq-AL","@id":"https:\/\/fjala.info\/2009-2015\/#\/schema\/logo\/image\/","url":"","contentUrl":"","caption":"FjALA e LIR\u00cb - Arkivi"},"image":{"@id":"https:\/\/fjala.info\/2009-2015\/#\/schema\/logo\/image\/"}},{"@type":"Person","@id":"https:\/\/fjala.info\/2009-2015\/#\/schema\/person\/3aa1163ef05469c496fc94e77611ada2","name":"admin","image":{"@type":"ImageObject","inLanguage":"sq-AL","@id":"https:\/\/fjala.info\/2009-2015\/wp-content\/uploads\/2012\/02\/arben_cokaj-120x150.jpg","url":"https:\/\/fjala.info\/2009-2015\/wp-content\/uploads\/2012\/02\/arben_cokaj-120x150.jpg","contentUrl":"https:\/\/fjala.info\/2009-2015\/wp-content\/uploads\/2012\/02\/arben_cokaj-120x150.jpg","caption":"admin"},"description":"Admin, Fjala e Lir\u00eb","sameAs":["https:\/\/fjala.info\/"],"url":"https:\/\/fjala.info\/2009-2015\/author\/admin\/"}]}},"_links":{"self":[{"href":"https:\/\/fjala.info\/2009-2015\/wp-json\/wp\/v2\/posts\/3301","targetHints":{"allow":["GET"]}}],"collection":[{"href":"https:\/\/fjala.info\/2009-2015\/wp-json\/wp\/v2\/posts"}],"about":[{"href":"https:\/\/fjala.info\/2009-2015\/wp-json\/wp\/v2\/types\/post"}],"author":[{"embeddable":true,"href":"https:\/\/fjala.info\/2009-2015\/wp-json\/wp\/v2\/users\/1"}],"replies":[{"embeddable":true,"href":"https:\/\/fjala.info\/2009-2015\/wp-json\/wp\/v2\/comments?post=3301"}],"version-history":[{"count":0,"href":"https:\/\/fjala.info\/2009-2015\/wp-json\/wp\/v2\/posts\/3301\/revisions"}],"wp:attachment":[{"href":"https:\/\/fjala.info\/2009-2015\/wp-json\/wp\/v2\/media?parent=3301"}],"wp:term":[{"taxonomy":"category","embeddable":true,"href":"https:\/\/fjala.info\/2009-2015\/wp-json\/wp\/v2\/categories?post=3301"},{"taxonomy":"post_tag","embeddable":true,"href":"https:\/\/fjala.info\/2009-2015\/wp-json\/wp\/v2\/tags?post=3301"}],"curies":[{"name":"wp","href":"https:\/\/api.w.org\/{rel}","templated":true}]}}