{"id":3300,"date":"2010-07-12T13:26:18","date_gmt":"2010-07-12T12:26:18","guid":{"rendered":"http:\/\/fjala.shkoder.net\/?p=3300"},"modified":"2010-07-12T13:26:18","modified_gmt":"2010-07-12T12:26:18","slug":"prodhuesit-e-krizes","status":"publish","type":"post","link":"https:\/\/fjala.info\/2009-2015\/prodhuesit-e-krizes\/","title":{"rendered":"Prodhuesit e kriz\u00ebs"},"content":{"rendered":"<p><img decoding=\"async\" style=\"margin-left: 10px; margin-right: 10px; border: 0px;\" title=\"Arb\u00ebn Xhaferi\" src=\"http:\/\/www.shkoder.net\/images\/fjala\/arben_xhaferi.jpg\" border=\"0\" alt=\"\" width=\"150\" align=\"right\" \/><\/p>\n<p>Nga <strong>Arb\u00ebn Xhaferi<\/strong>, <em>12.07.2010<\/em><\/p>\n<p>Referati i presidentit serb, Boris Tadic n\u00eb K\u00ebshillin e Sigurimit t\u00eb OKB-s\u00eb s\u00ebrish na p\u00ebrkujtoi koh\u00ebn e lajthitjeve kardinale serbe, paragjykimeve t\u00eb rrezikshme, g\u00ebnjeshtrave naive, at\u00eb ligj\u00ebrim politik t\u00eb p\u00ebrzier me elemente historike, fetare, metafizike, megalomane dhe munges\u00ebn proverbiale t\u00eb tyre p\u00ebr realiz\u00ebm.<\/p>\n<p>Ai q\u00eb linte p\u00ebrshtypjen e njeriut t\u00eb kulturuar, tolerant, t\u00eb hapur p\u00ebr dialog dhe kompromis, ai q\u00eb ngjalli optimizmin se Serbin\u00eb, bashk\u00eb me t\u00eb edhe rajonin do ta nxjerr nga balta e atavizmave politike, ai t\u00eb cilin Berluskoni i shushatur dhe i kompleksuar e krahasoi me yllin kinematografik, Xhorxh Kllunin, ai n\u00eb paraqitjen e tij t\u00eb fundit KS t\u00eb OKB-s\u00eb, p\u00ebrs\u00ebriti urat\u00ebn q\u00eb nuk bekon por, mallkon: kurr\u00eb s&#8217;do t\u00eb pranuakan pavar\u00ebsin\u00eb Kosov\u00ebs! Edhe Milloshevici fliste k\u00ebshtu&#8230;K\u00ebrkojn\u00eb negociata t\u00eb reja, por me kusht q\u00eb rezultati t\u00eb jet\u00eb n\u00eb favor t\u00eb tyre!<\/p>\n<p><img loading=\"lazy\" decoding=\"async\" class=\"alignleft size-medium wp-image-3302\" title=\"Boris Tadic\" src=\"http:\/\/fjala.shkoder.net\/wp-content\/uploads\/2010\/07\/boris_tadic-300x189.jpg\" alt=\"\" width=\"300\" height=\"189\" \/><\/p>\n<p>\u00cbsht\u00eb v\u00ebshtir\u00eb t\u00eb shpjegohet se si klasa politike serbe, n\u00eb mesin e tyre ka edhe intelektual\u00eb t\u00eb shquar, nuk v\u00ebren kund\u00ebrth\u00ebnien logjike nd\u00ebrmjet k\u00ebrkes\u00ebs p\u00ebr negociata p\u00ebr statusin e Kosov\u00ebs dhe q\u00ebndrimit se kurr\u00eb dhe askush n\u00eb Serbi nuk do ta pranoj\u00eb pavar\u00ebsin\u00eb e Kosov\u00ebs. Ky paradoks do t\u00eb tolerohej ashtu si shum\u00eb t\u00eb tjer\u00eb q\u00eb prodhojn\u00eb politik\u00ebt, por e ve\u00e7anta e k\u00ebtij q\u00ebndrimi nuk \u00ebsht\u00eb statusi i Kosov\u00ebs, por tendenca p\u00ebr k\u00ebrc\u00ebnim t\u00eb vazhduesh\u00ebm t\u00eb paqes me p\u00ebrjet\u00ebsim t\u00eb motivit t\u00eb luft\u00ebs, casus bellm-it tipik serb, argumentit, p\u00ebrmes t\u00eb cilit ata k\u00ebrkojn\u00eb t&#8217;u njihet e drejta p\u00ebr rolin e hegjemonit, t\u00eb liderit n\u00eb rajon. Ose status t\u00eb privilegjuar ose kriz\u00eb pambarim, \u00ebsht\u00eb motoja e k\u00ebsaj politike.<br \/>\nKoh\u00ebt e fundit, presidenti serb, Tadic, i cili sillet shum\u00eb komod n\u00eb l\u00ebkur\u00ebn e pafaj\u00ebsis\u00eb, d\u00ebrgoi dy deklarata k\u00ebrc\u00ebnuese.<\/p>\n<p>T\u00eb par\u00ebn nga Stambolli, t\u00ebr\u00ebsisht n\u00eb frym\u00ebn e re t\u00eb politik\u00ebs s\u00eb jashtme turke( Evropa duhet t\u00eb tregoj\u00eb se a do t\u00eb na pranoj\u00eb&#8230; Serbia nuk mund t\u00eb pres\u00eb n\u00eb \u00e7ivill\u00ebk&#8230;) dhe t\u00eb dyt\u00ebn nga mbledhja e KS t\u00eb OKB-s\u00eb( N\u00ebse OKB nuk \u00ebsht\u00eb n\u00eb gjendje ta kryej misionin &#8230; Serbia mund ta rishqyrtoj\u00eb lejen p\u00ebr pranin\u00eb nd\u00ebrkomb\u00ebtare n\u00eb Kosov\u00eb). Po ashtu edhe qeveria serbe reagoi n\u00eb k\u00ebt\u00eb frym\u00eb kund\u00ebr transferimit t\u00eb detyr\u00ebs p\u00ebr ruajtje t\u00eb objekteve fetare autoriteteve vendore. Me k\u00ebto q\u00ebndrime, gjenerata e re politike serbe p\u00ebrpiqet ta vazhdoj\u00eb strategjin\u00eb e krijimit t\u00eb kriz\u00ebs, e vet\u00ebdijshme se paqja i rrezikon jo vet\u00ebm pretendimet territoriale serbe lidhur me Kosov\u00ebn, por shpirtin politik serb, at\u00eb amalgam t\u00eb sajuar nga miti, feja, politika, at\u00eb rr\u00ebfim ku ata kan\u00eb rolin e popullit t\u00eb zgjedhur, qiellor&#8230;<\/p>\n<p>Edhe mbledhja e fundit e K\u00ebshillit t\u00eb Sigurimit u thirr me k\u00ebt\u00eb tendenc\u00eb p\u00ebr riciklim t\u00eb kriz\u00ebs. Sipas t\u00eb gjitha gjasave, paqja dhe rendi jan\u00eb b\u00ebr\u00eb t\u00eb padurueshme p\u00ebr strateg\u00ebt e kriz\u00ebs. Duke shfryt\u00ebzuar incidentet e fundit n\u00eb Mitrovic\u00ebn e veriut, presidenti serb, Tadic, me nj\u00eb nguti panikuese shtroi k\u00ebrkes\u00ebn p\u00ebr mbajtjen e mbledhjes s\u00eb KS. N\u00eb diskutimin e tij, Tadic, si nj\u00eb gazetar fillestar, duke harruar se ku gjendet, iu p\u00ebrvesh pun\u00ebs q\u00eb ta bind\u00eb bot\u00ebn se fajin p\u00ebr incidentet e koh\u00ebve t\u00eb fundit n\u00eb Mitrovic\u00ebn e veriut e paskan shqiptar\u00ebt. Ai, me k\u00ebt\u00eb leht\u00ebsi t\u00eb njollosjes s\u00eb shqiptar\u00ebve , me gjas\u00eb synon t\u00eb bind\u00eb veten, popullin e tij se punon shum\u00eb q\u00eb ta rikthej\u00eb Kosov\u00ebn n\u00eb Serbi, p\u00ebrkat\u00ebsisht se arrin ta p\u00ebrmbush\u00eb norm\u00ebn ditore t\u00eb prodhimit t\u00eb kriz\u00ebs n\u00eb t\u00eb gjitha nivelet.<\/p>\n<p>Nj\u00eb shef i shtetit gjithsesi, t\u00eb pakt\u00ebn sipas detyr\u00ebs, duhet t\u00eb dij\u00eb se n\u00eb sistemet demokratike nuk lejohet prejudikimi i fajit. Ai, pik\u00ebrisht k\u00ebt\u00eb, n\u00eb m\u00ebnyr\u00eb arrogante e b\u00ebn, saq\u00eb ambasadori amerikan e pa t\u00eb udh\u00ebs ta shpreh\u00eb habin\u00eb e tij lidhur me motivet dhe urgjenc\u00ebn e thirrjes s\u00eb mbledhjes s\u00eb K\u00ebshillit t\u00eb Sigurimit, organit m\u00eb t\u00eb lart t\u00eb OKB-s\u00eb.<\/p>\n<p>Vet\u00ebm ai q\u00eb nuk b\u00ebn dallim nd\u00ebrmjet mikro-klim\u00ebs dhe makro-klim\u00ebs politike, vet\u00ebm ai q\u00eb e adhuron veten saq\u00eb e err\u00ebson arsyen, vet\u00ebm ai q\u00eb pandeh se ka t\u00eb drejt\u00eb t&#8217;i kontrolloj\u00eb vendimet institucioneve t\u00eb pavarura, vet\u00ebm ai q\u00eb, ende pa marr\u00eb raportin e institucioneve p\u00ebrkat\u00ebse vendore dhe nd\u00ebrkomb\u00ebtare, vet\u00ebm ai q\u00eb ka nd\u00ebrtim t\u00eb k\u00ebtill\u00eb mendor, vet\u00ebm ai q\u00eb n\u00eb m\u00ebnyr\u00eb naive mendon se mund t&#8217;i mashtroj\u00eb leht\u00eb institucionet nd\u00ebrkomb\u00ebtare, nuk hamendet t\u00eb denoncoj\u00eb fajtorin ende pa filluar pun\u00ebn organet legale t\u00eb hetuesis\u00eb. Kjo p\u00ebrpjekje p\u00ebr faj\u00ebsim t\u00eb shqiptar\u00ebve \u00ebsht\u00eb naive ngaq\u00eb efektet e k\u00ebtyre incidenteve jan\u00eb kund\u00ebr interesit shqiptar. Sa \u00ebsht\u00eb interesi serb q\u00eb n\u00eb Kosov\u00eb t\u00eb thellohet kriza aq m\u00eb i madh \u00ebsht\u00eb interesi i shqiptar\u00ebve q\u00eb t\u00eb ruhet paqja dhe rendi.<\/p>\n<p>Ky nxitim i presidentit Tadic, shpres\u00ebs s\u00eb politik\u00ebs moderne serbe, n\u00eb m\u00ebnyr\u00eb d\u00ebshpruese d\u00ebshmoi se ai nuk ka kapacitete t\u00eb liderit, por t\u00eb epigonit q\u00eb varet nga bot\u00ebkuptimet anakronike t\u00eb qarqeve t\u00eb hirta pushtetmbajt\u00ebse serbe, ashtu si ishte edhe vet\u00eb Milloshevici. K\u00ebrkesa q\u00eb t\u00eb kapet dhe t\u00eb dor\u00ebzohet krimineli i luft\u00ebs, gjenerali Mladic \u00ebsht\u00eb n\u00eb fakt testimi i legjitimitetit dhe i forc\u00ebs politike dhe strukturore t\u00eb qeveris\u00eb aktuale dhe t\u00eb presidentit. Meq\u00eb ai \u00ebsht\u00eb ende n\u00eb liri d\u00ebshmon se gjenerali-cub Mladic, qenka legjitim dhe m\u00eb i fort\u00eb se presidenti legal, Tadic.<\/p>\n<p>Shp\u00ebrputhja nd\u00ebrmjet pretendimeve joreale dhe munges\u00ebs s\u00eb kapaciteteve reale serbe shkakton probleme n\u00eb vazhdim\u00ebsi. Sipas shum\u00eb analitik\u00ebve, k\u00ebto ambicie joreale kan\u00eb nxitur dy luft\u00ebra bot\u00ebrore. Lufta e Par\u00eb ishte reagim i Autro-Hungaris\u00eb ndaj atentatit t\u00eb 28 majit 1914 ku u vra Franc Ferdinandi, pretendent i fronit Austro-Hungarez.<\/p>\n<p>Me k\u00ebt\u00eb atentat qarqet serbe synonin q\u00eb t\u00eb zgjerojn\u00eb pushtetin e tyre edhe n\u00eb Bosnj\u00eb dhe Hercegovin\u00eb. As at\u00ebher\u00eb, as sot serb\u00ebt nuk kishin kapacitete p\u00ebr projekte t\u00eb k\u00ebtilla, por kishin aft\u00ebsi q\u00eb v\u00ebn\u00eb n\u00eb l\u00ebvizje interesa t\u00eb ndryshme, t\u00eb prishin balancat e arritura me mund t\u00eb madh.<\/p>\n<p>Analitik\u00eb t\u00eb ndrysh\u00ebm vler\u00ebsojn\u00eb po ashtu se edhe Lufta e Dyt\u00eb Bot\u00ebrore \u00ebsht\u00eb shkaktuar nga serb\u00ebt. Ata b\u00ebn\u00eb p\u00ebrpjekje q\u00eb duke shfryt\u00ebzuar antagonizmat euro-amerikane t\u00eb krijojn\u00eb nj\u00eb hap\u00ebsir\u00eb t\u00eb pamerituar p\u00ebr vete. Por, k\u00ebt\u00eb nuk arrit\u00ebn pos tragjedis\u00eb q\u00eb e shkaktuan vetes dhe t\u00eb tjer\u00ebve.<\/p>\n<p>Politika dhe kultura serbe \u00ebsht\u00eb b\u00ebr\u00eb minier\u00eb e pashtershme p\u00ebr analiz\u00eb t\u00eb kund\u00ebrth\u00ebnieve luft\u00ebnxit\u00ebse, t\u00eb t\u00eb menduarit paradoksal, t\u00eb megalomanis\u00eb, mitomanis\u00eb, t\u00eb p\u00ebrzierjes s\u00eb \u00ebndrr\u00ebs me zhgj\u00ebndrr\u00ebn, t\u00eb besimit fetar me politik\u00ebn, t\u00eb dilemave rreth p\u00ebrkat\u00ebsis\u00eb qytet\u00ebruese, t\u00eb proceseve historike q\u00eb zhvillohen n\u00eb Gadishullin Ilirik, n\u00eb Ballkan ose si\u00e7 quhet sot, n\u00eb Evrop\u00ebn Jug-Lindore. Edhe pse nga skena politike u larguan prodhuesit e shquar t\u00eb kriz\u00ebs, Milloshevici me t\u00eb tij\u00ebt, edhe pse vendin e tyre e zun\u00eb politik\u00eb t\u00eb rinj, n\u00eb t\u00eb par\u00eb t\u00eb moderuar, t\u00eb kulturuar, t\u00eb q\u00ebruar, megjithat\u00eb, politika e tyre vazhdon ta sfidoj\u00eb paqen n\u00eb rajon.<\/p>\n<p>Mbase ka di\u00e7ka t\u00eb ve\u00e7ant\u00eb, ndonj\u00eb cen, ndonj\u00eb ambicie, pretendim t\u00eb pakap\u00ebrdish\u00ebm q\u00eb i detyron ata t\u00eb jen\u00eb seriozisht qesharak.<br \/>\nAkademiku serb Jovan Rashkovic, q\u00eb me mburrje i shpalli popullin e vet si t\u00eb \u00e7mendur ka l\u00ebn\u00eb edhe nj\u00eb porosi interesante: &#8220;Ne serb\u00ebt jemi t\u00eb fisit t\u00eb Adamit, popull me fat tragjik dhe hyjnor; baza e identitetit ton\u00eb etnik \u00ebsht\u00eb bashk\u00ebdyzimi i qiellit dhe i identitetit ton\u00eb nacional&#8221;. K\u00ebt\u00eb e thot\u00eb nj\u00eb akademik dhe kjo porosi ngjall adhurim.<\/p>\n<p>Serb\u00ebt kan\u00eb telashe me vetveten, por nuk duhet t\u00eb harrojm\u00eb se edhe ne do t\u00eb kemi telashe me telashet e tyre&#8230;<\/p>\n","protected":false},"excerpt":{"rendered":"<p>Nga Arb\u00ebn Xhaferi, 12.07.2010 Referati i presidentit serb, Boris Tadic n\u00eb K\u00ebshillin e Sigurimit t\u00eb OKB-s\u00eb s\u00ebrish na p\u00ebrkujtoi koh\u00ebn e lajthitjeve kardinale serbe, paragjykimeve t\u00eb rrezikshme, g\u00ebnjeshtrave naive, at\u00eb ligj\u00ebrim politik t\u00eb p\u00ebrzier me elemente historike, fetare, metafizike, megalomane dhe munges\u00ebn proverbiale t\u00eb tyre p\u00ebr realiz\u00ebm. Ai q\u00eb linte p\u00ebrshtypjen e njeriut t\u00eb kulturuar, [&hellip;]<\/p>\n","protected":false},"author":1,"featured_media":0,"comment_status":"open","ping_status":"closed","sticky":false,"template":"","format":"standard","meta":{"footnotes":""},"categories":[2],"tags":[],"class_list":{"0":"post-3300","1":"post","2":"type-post","3":"status-publish","4":"format-standard","6":"category-artikuj"},"yoast_head":"<!-- This site is optimized with the Yoast SEO plugin v27.4 - https:\/\/yoast.com\/product\/yoast-seo-wordpress\/ -->\n<title>Prodhuesit e kriz\u00ebs - FjALA e LIR\u00cb - Arkivi<\/title>\n<meta name=\"robots\" content=\"index, follow, max-snippet:-1, max-image-preview:large, max-video-preview:-1\" \/>\n<link rel=\"canonical\" href=\"https:\/\/fjala.info\/2009-2015\/prodhuesit-e-krizes\/\" \/>\n<meta property=\"og:locale\" content=\"sq_AL\" \/>\n<meta property=\"og:type\" content=\"article\" \/>\n<meta property=\"og:title\" content=\"Prodhuesit e kriz\u00ebs - FjALA e LIR\u00cb - Arkivi\" \/>\n<meta property=\"og:description\" content=\"Nga Arb\u00ebn Xhaferi, 12.07.2010 Referati i presidentit serb, Boris Tadic n\u00eb K\u00ebshillin e Sigurimit t\u00eb OKB-s\u00eb s\u00ebrish na p\u00ebrkujtoi koh\u00ebn e lajthitjeve kardinale serbe, paragjykimeve t\u00eb rrezikshme, g\u00ebnjeshtrave naive, at\u00eb ligj\u00ebrim politik t\u00eb p\u00ebrzier me elemente historike, fetare, metafizike, megalomane dhe munges\u00ebn proverbiale t\u00eb tyre p\u00ebr realiz\u00ebm. Ai q\u00eb linte p\u00ebrshtypjen e njeriut t\u00eb kulturuar, [&hellip;]\" \/>\n<meta property=\"og:url\" content=\"https:\/\/fjala.info\/2009-2015\/prodhuesit-e-krizes\/\" \/>\n<meta property=\"og:site_name\" content=\"FjALA e LIR\u00cb - Arkivi\" \/>\n<meta property=\"article:published_time\" content=\"2010-07-12T12:26:18+00:00\" \/>\n<meta property=\"og:image\" content=\"http:\/\/www.shkoder.net\/images\/fjala\/arben_xhaferi.jpg\" \/>\n<meta name=\"author\" content=\"admin\" \/>\n<meta name=\"twitter:card\" content=\"summary_large_image\" \/>\n<meta name=\"twitter:label1\" content=\"Written by\" \/>\n\t<meta name=\"twitter:data1\" content=\"admin\" \/>\n\t<meta name=\"twitter:label2\" content=\"Est. reading time\" \/>\n\t<meta name=\"twitter:data2\" content=\"7 minutes\" \/>\n<script type=\"application\/ld+json\" class=\"yoast-schema-graph\">{\"@context\":\"https:\\\/\\\/schema.org\",\"@graph\":[{\"@type\":\"Article\",\"@id\":\"https:\\\/\\\/fjala.info\\\/2009-2015\\\/prodhuesit-e-krizes\\\/#article\",\"isPartOf\":{\"@id\":\"https:\\\/\\\/fjala.info\\\/2009-2015\\\/prodhuesit-e-krizes\\\/\"},\"author\":{\"name\":\"admin\",\"@id\":\"https:\\\/\\\/fjala.info\\\/2009-2015\\\/#\\\/schema\\\/person\\\/3aa1163ef05469c496fc94e77611ada2\"},\"headline\":\"Prodhuesit e kriz\u00ebs\",\"datePublished\":\"2010-07-12T12:26:18+00:00\",\"mainEntityOfPage\":{\"@id\":\"https:\\\/\\\/fjala.info\\\/2009-2015\\\/prodhuesit-e-krizes\\\/\"},\"wordCount\":1370,\"commentCount\":0,\"publisher\":{\"@id\":\"https:\\\/\\\/fjala.info\\\/2009-2015\\\/#organization\"},\"image\":{\"@id\":\"https:\\\/\\\/fjala.info\\\/2009-2015\\\/prodhuesit-e-krizes\\\/#primaryimage\"},\"thumbnailUrl\":\"http:\\\/\\\/www.shkoder.net\\\/images\\\/fjala\\\/arben_xhaferi.jpg\",\"articleSection\":[\"Artikuj\"],\"inLanguage\":\"sq-AL\",\"potentialAction\":[{\"@type\":\"CommentAction\",\"name\":\"Comment\",\"target\":[\"https:\\\/\\\/fjala.info\\\/2009-2015\\\/prodhuesit-e-krizes\\\/#respond\"]}]},{\"@type\":\"WebPage\",\"@id\":\"https:\\\/\\\/fjala.info\\\/2009-2015\\\/prodhuesit-e-krizes\\\/\",\"url\":\"https:\\\/\\\/fjala.info\\\/2009-2015\\\/prodhuesit-e-krizes\\\/\",\"name\":\"Prodhuesit e kriz\u00ebs - FjALA e LIR\u00cb - Arkivi\",\"isPartOf\":{\"@id\":\"https:\\\/\\\/fjala.info\\\/2009-2015\\\/#website\"},\"primaryImageOfPage\":{\"@id\":\"https:\\\/\\\/fjala.info\\\/2009-2015\\\/prodhuesit-e-krizes\\\/#primaryimage\"},\"image\":{\"@id\":\"https:\\\/\\\/fjala.info\\\/2009-2015\\\/prodhuesit-e-krizes\\\/#primaryimage\"},\"thumbnailUrl\":\"http:\\\/\\\/www.shkoder.net\\\/images\\\/fjala\\\/arben_xhaferi.jpg\",\"datePublished\":\"2010-07-12T12:26:18+00:00\",\"breadcrumb\":{\"@id\":\"https:\\\/\\\/fjala.info\\\/2009-2015\\\/prodhuesit-e-krizes\\\/#breadcrumb\"},\"inLanguage\":\"sq-AL\",\"potentialAction\":[{\"@type\":\"ReadAction\",\"target\":[\"https:\\\/\\\/fjala.info\\\/2009-2015\\\/prodhuesit-e-krizes\\\/\"]}]},{\"@type\":\"ImageObject\",\"inLanguage\":\"sq-AL\",\"@id\":\"https:\\\/\\\/fjala.info\\\/2009-2015\\\/prodhuesit-e-krizes\\\/#primaryimage\",\"url\":\"http:\\\/\\\/www.shkoder.net\\\/images\\\/fjala\\\/arben_xhaferi.jpg\",\"contentUrl\":\"http:\\\/\\\/www.shkoder.net\\\/images\\\/fjala\\\/arben_xhaferi.jpg\"},{\"@type\":\"BreadcrumbList\",\"@id\":\"https:\\\/\\\/fjala.info\\\/2009-2015\\\/prodhuesit-e-krizes\\\/#breadcrumb\",\"itemListElement\":[{\"@type\":\"ListItem\",\"position\":1,\"name\":\"Home\",\"item\":\"https:\\\/\\\/fjala.info\\\/2009-2015\\\/\"},{\"@type\":\"ListItem\",\"position\":2,\"name\":\"Prodhuesit e kriz\u00ebs\"}]},{\"@type\":\"WebSite\",\"@id\":\"https:\\\/\\\/fjala.info\\\/2009-2015\\\/#website\",\"url\":\"https:\\\/\\\/fjala.info\\\/2009-2015\\\/\",\"name\":\"FjALA e LIR\u00cb - Arkivi\",\"description\":\"Arkivi 2009-2015\",\"publisher\":{\"@id\":\"https:\\\/\\\/fjala.info\\\/2009-2015\\\/#organization\"},\"potentialAction\":[{\"@type\":\"SearchAction\",\"target\":{\"@type\":\"EntryPoint\",\"urlTemplate\":\"https:\\\/\\\/fjala.info\\\/2009-2015\\\/?s={search_term_string}\"},\"query-input\":{\"@type\":\"PropertyValueSpecification\",\"valueRequired\":true,\"valueName\":\"search_term_string\"}}],\"inLanguage\":\"sq-AL\"},{\"@type\":\"Organization\",\"@id\":\"https:\\\/\\\/fjala.info\\\/2009-2015\\\/#organization\",\"name\":\"FjALA e LIR\u00cb - Arkivi\",\"url\":\"https:\\\/\\\/fjala.info\\\/2009-2015\\\/\",\"logo\":{\"@type\":\"ImageObject\",\"inLanguage\":\"sq-AL\",\"@id\":\"https:\\\/\\\/fjala.info\\\/2009-2015\\\/#\\\/schema\\\/logo\\\/image\\\/\",\"url\":\"\",\"contentUrl\":\"\",\"caption\":\"FjALA e LIR\u00cb - Arkivi\"},\"image\":{\"@id\":\"https:\\\/\\\/fjala.info\\\/2009-2015\\\/#\\\/schema\\\/logo\\\/image\\\/\"}},{\"@type\":\"Person\",\"@id\":\"https:\\\/\\\/fjala.info\\\/2009-2015\\\/#\\\/schema\\\/person\\\/3aa1163ef05469c496fc94e77611ada2\",\"name\":\"admin\",\"image\":{\"@type\":\"ImageObject\",\"inLanguage\":\"sq-AL\",\"@id\":\"https:\\\/\\\/fjala.info\\\/2009-2015\\\/wp-content\\\/uploads\\\/2012\\\/02\\\/arben_cokaj-120x150.jpg\",\"url\":\"https:\\\/\\\/fjala.info\\\/2009-2015\\\/wp-content\\\/uploads\\\/2012\\\/02\\\/arben_cokaj-120x150.jpg\",\"contentUrl\":\"https:\\\/\\\/fjala.info\\\/2009-2015\\\/wp-content\\\/uploads\\\/2012\\\/02\\\/arben_cokaj-120x150.jpg\",\"caption\":\"admin\"},\"description\":\"Admin, Fjala e Lir\u00eb\",\"sameAs\":[\"https:\\\/\\\/fjala.info\\\/\"],\"url\":\"https:\\\/\\\/fjala.info\\\/2009-2015\\\/author\\\/admin\\\/\"}]}<\/script>\n<!-- \/ Yoast SEO plugin. -->","yoast_head_json":{"title":"Prodhuesit e kriz\u00ebs - FjALA e LIR\u00cb - Arkivi","robots":{"index":"index","follow":"follow","max-snippet":"max-snippet:-1","max-image-preview":"max-image-preview:large","max-video-preview":"max-video-preview:-1"},"canonical":"https:\/\/fjala.info\/2009-2015\/prodhuesit-e-krizes\/","og_locale":"sq_AL","og_type":"article","og_title":"Prodhuesit e kriz\u00ebs - FjALA e LIR\u00cb - Arkivi","og_description":"Nga Arb\u00ebn Xhaferi, 12.07.2010 Referati i presidentit serb, Boris Tadic n\u00eb K\u00ebshillin e Sigurimit t\u00eb OKB-s\u00eb s\u00ebrish na p\u00ebrkujtoi koh\u00ebn e lajthitjeve kardinale serbe, paragjykimeve t\u00eb rrezikshme, g\u00ebnjeshtrave naive, at\u00eb ligj\u00ebrim politik t\u00eb p\u00ebrzier me elemente historike, fetare, metafizike, megalomane dhe munges\u00ebn proverbiale t\u00eb tyre p\u00ebr realiz\u00ebm. Ai q\u00eb linte p\u00ebrshtypjen e njeriut t\u00eb kulturuar, [&hellip;]","og_url":"https:\/\/fjala.info\/2009-2015\/prodhuesit-e-krizes\/","og_site_name":"FjALA e LIR\u00cb - Arkivi","article_published_time":"2010-07-12T12:26:18+00:00","og_image":[{"url":"http:\/\/www.shkoder.net\/images\/fjala\/arben_xhaferi.jpg","type":"","width":"","height":""}],"author":"admin","twitter_card":"summary_large_image","twitter_misc":{"Written by":"admin","Est. reading time":"7 minutes"},"schema":{"@context":"https:\/\/schema.org","@graph":[{"@type":"Article","@id":"https:\/\/fjala.info\/2009-2015\/prodhuesit-e-krizes\/#article","isPartOf":{"@id":"https:\/\/fjala.info\/2009-2015\/prodhuesit-e-krizes\/"},"author":{"name":"admin","@id":"https:\/\/fjala.info\/2009-2015\/#\/schema\/person\/3aa1163ef05469c496fc94e77611ada2"},"headline":"Prodhuesit e kriz\u00ebs","datePublished":"2010-07-12T12:26:18+00:00","mainEntityOfPage":{"@id":"https:\/\/fjala.info\/2009-2015\/prodhuesit-e-krizes\/"},"wordCount":1370,"commentCount":0,"publisher":{"@id":"https:\/\/fjala.info\/2009-2015\/#organization"},"image":{"@id":"https:\/\/fjala.info\/2009-2015\/prodhuesit-e-krizes\/#primaryimage"},"thumbnailUrl":"http:\/\/www.shkoder.net\/images\/fjala\/arben_xhaferi.jpg","articleSection":["Artikuj"],"inLanguage":"sq-AL","potentialAction":[{"@type":"CommentAction","name":"Comment","target":["https:\/\/fjala.info\/2009-2015\/prodhuesit-e-krizes\/#respond"]}]},{"@type":"WebPage","@id":"https:\/\/fjala.info\/2009-2015\/prodhuesit-e-krizes\/","url":"https:\/\/fjala.info\/2009-2015\/prodhuesit-e-krizes\/","name":"Prodhuesit e kriz\u00ebs - FjALA e LIR\u00cb - Arkivi","isPartOf":{"@id":"https:\/\/fjala.info\/2009-2015\/#website"},"primaryImageOfPage":{"@id":"https:\/\/fjala.info\/2009-2015\/prodhuesit-e-krizes\/#primaryimage"},"image":{"@id":"https:\/\/fjala.info\/2009-2015\/prodhuesit-e-krizes\/#primaryimage"},"thumbnailUrl":"http:\/\/www.shkoder.net\/images\/fjala\/arben_xhaferi.jpg","datePublished":"2010-07-12T12:26:18+00:00","breadcrumb":{"@id":"https:\/\/fjala.info\/2009-2015\/prodhuesit-e-krizes\/#breadcrumb"},"inLanguage":"sq-AL","potentialAction":[{"@type":"ReadAction","target":["https:\/\/fjala.info\/2009-2015\/prodhuesit-e-krizes\/"]}]},{"@type":"ImageObject","inLanguage":"sq-AL","@id":"https:\/\/fjala.info\/2009-2015\/prodhuesit-e-krizes\/#primaryimage","url":"http:\/\/www.shkoder.net\/images\/fjala\/arben_xhaferi.jpg","contentUrl":"http:\/\/www.shkoder.net\/images\/fjala\/arben_xhaferi.jpg"},{"@type":"BreadcrumbList","@id":"https:\/\/fjala.info\/2009-2015\/prodhuesit-e-krizes\/#breadcrumb","itemListElement":[{"@type":"ListItem","position":1,"name":"Home","item":"https:\/\/fjala.info\/2009-2015\/"},{"@type":"ListItem","position":2,"name":"Prodhuesit e kriz\u00ebs"}]},{"@type":"WebSite","@id":"https:\/\/fjala.info\/2009-2015\/#website","url":"https:\/\/fjala.info\/2009-2015\/","name":"FjALA e LIR\u00cb - Arkivi","description":"Arkivi 2009-2015","publisher":{"@id":"https:\/\/fjala.info\/2009-2015\/#organization"},"potentialAction":[{"@type":"SearchAction","target":{"@type":"EntryPoint","urlTemplate":"https:\/\/fjala.info\/2009-2015\/?s={search_term_string}"},"query-input":{"@type":"PropertyValueSpecification","valueRequired":true,"valueName":"search_term_string"}}],"inLanguage":"sq-AL"},{"@type":"Organization","@id":"https:\/\/fjala.info\/2009-2015\/#organization","name":"FjALA e LIR\u00cb - Arkivi","url":"https:\/\/fjala.info\/2009-2015\/","logo":{"@type":"ImageObject","inLanguage":"sq-AL","@id":"https:\/\/fjala.info\/2009-2015\/#\/schema\/logo\/image\/","url":"","contentUrl":"","caption":"FjALA e LIR\u00cb - Arkivi"},"image":{"@id":"https:\/\/fjala.info\/2009-2015\/#\/schema\/logo\/image\/"}},{"@type":"Person","@id":"https:\/\/fjala.info\/2009-2015\/#\/schema\/person\/3aa1163ef05469c496fc94e77611ada2","name":"admin","image":{"@type":"ImageObject","inLanguage":"sq-AL","@id":"https:\/\/fjala.info\/2009-2015\/wp-content\/uploads\/2012\/02\/arben_cokaj-120x150.jpg","url":"https:\/\/fjala.info\/2009-2015\/wp-content\/uploads\/2012\/02\/arben_cokaj-120x150.jpg","contentUrl":"https:\/\/fjala.info\/2009-2015\/wp-content\/uploads\/2012\/02\/arben_cokaj-120x150.jpg","caption":"admin"},"description":"Admin, Fjala e Lir\u00eb","sameAs":["https:\/\/fjala.info\/"],"url":"https:\/\/fjala.info\/2009-2015\/author\/admin\/"}]}},"_links":{"self":[{"href":"https:\/\/fjala.info\/2009-2015\/wp-json\/wp\/v2\/posts\/3300","targetHints":{"allow":["GET"]}}],"collection":[{"href":"https:\/\/fjala.info\/2009-2015\/wp-json\/wp\/v2\/posts"}],"about":[{"href":"https:\/\/fjala.info\/2009-2015\/wp-json\/wp\/v2\/types\/post"}],"author":[{"embeddable":true,"href":"https:\/\/fjala.info\/2009-2015\/wp-json\/wp\/v2\/users\/1"}],"replies":[{"embeddable":true,"href":"https:\/\/fjala.info\/2009-2015\/wp-json\/wp\/v2\/comments?post=3300"}],"version-history":[{"count":0,"href":"https:\/\/fjala.info\/2009-2015\/wp-json\/wp\/v2\/posts\/3300\/revisions"}],"wp:attachment":[{"href":"https:\/\/fjala.info\/2009-2015\/wp-json\/wp\/v2\/media?parent=3300"}],"wp:term":[{"taxonomy":"category","embeddable":true,"href":"https:\/\/fjala.info\/2009-2015\/wp-json\/wp\/v2\/categories?post=3300"},{"taxonomy":"post_tag","embeddable":true,"href":"https:\/\/fjala.info\/2009-2015\/wp-json\/wp\/v2\/tags?post=3300"}],"curies":[{"name":"wp","href":"https:\/\/api.w.org\/{rel}","templated":true}]}}