{"id":3296,"date":"2012-06-14T17:28:37","date_gmt":"2012-06-14T16:28:37","guid":{"rendered":"http:\/\/www.fjala.info\/?p=3296"},"modified":"2012-06-14T17:28:37","modified_gmt":"2012-06-14T16:28:37","slug":"i-behen-nderimet-dhe-i-jepet-lamtumira-e-fundit-mjeshtrit-te-madh-te-sportit-medin-zhega","status":"publish","type":"post","link":"https:\/\/fjala.info\/2009-2015\/i-behen-nderimet-dhe-i-jepet-lamtumira-e-fundit-mjeshtrit-te-madh-te-sportit-medin-zhega\/","title":{"rendered":"I B\u00cbHEN NDERIMET DHE I JEPET LAMTUMIRA E FUNDIT MJESHTRIT T\u00cb MADH T\u00cb SPORTIT MEDIN ZHEGA"},"content":{"rendered":"<p><img decoding=\"async\" class=\"alignright size-thumbnail wp-image-7236\" title=\"Medin Zhega\" src=\"http:\/\/www.fjala.info\/2012\/medin_zhega1.jpg\" alt=\"\" width=\"200\" \/> <strong>E Enjte, 06.14.2012<\/strong><\/p>\n<p><em>TIRANE <\/em>\u2013 I \u00ebsht\u00eb dh\u00ebn\u00eb sot lamtumira e fundit nj\u00ebrit prej personaliteteve m\u00eb t\u00eb njohura t\u00eb historis\u00eb s\u00eb futbollit shqiptar, &#8220;Mjeshtrit t\u00eb Madh t\u00eb Sportit&#8221;, Medin Zhega, i cili u nda nga jeta disa dit\u00eb m\u00eb par\u00eb n\u00eb mosh\u00ebn 66 -vje\u00e7are. <\/p>\n<p>Gjat\u00eb ceremonis\u00eb s\u00eb homazheve, q\u00eb u zhvillua n\u00eb hollin e Pallatit t\u00eb Kongreseve personalitetet m\u00eb t\u00eb larta t\u00eb shtetit dhe politik\u00ebs, njer\u00ebz t\u00eb sportit, miq dhe t\u00eb af\u00ebrm jan\u00eb p\u00ebrulur me respekt p\u00ebrpara trupit t\u00eb pajet\u00eb.<\/p>\n<p><strong>PRESIDENTI TOPI NDERON KUJTIMIN E MEDIN ZHEGES <\/strong><br \/>\nPresidenti i Republik\u00ebs Bamir Topi i b\u00ebri sot homazhe t\u00eb ndjerit Medin Zhega, n\u00eb shenj\u00eb nderimi dhe vler\u00ebsimi t\u00eb ve\u00e7ant\u00eb p\u00ebr kontributin e r\u00ebnd\u00ebsish\u00ebm n\u00eb zhvillimin dhe promovimin e futbollit shqiptar nd\u00ebr vite, si lojtar, specialist dhe trajner i Komb\u00ebtares shqiptare t\u00eb futbollit. <\/p>\n<p>N\u00eb mjediset e Pallatit t\u00eb Kongreseve, Kreu i Shtetit vendosi nj\u00eb kuror\u00eb me lule pran\u00eb trupit t\u00eb pajet\u00eb t\u00eb personalitetit t\u00eb shquar t\u00eb sportit shqiptar, si dhe i shprehu ngush\u00ebllimet m\u00eb t\u00eb sinqerta an\u00ebtar\u00ebve t\u00eb familjes, duke vler\u00ebsuar kontributin e jasht\u00ebzakonsh\u00ebm t\u00eb ish-futbollistit dhe trajnerit Zhega.<br \/>\n&#8220;Sot, me hidh\u00ebrim t\u00eb thell\u00eb p\u00ebrcjellim me lamtumir\u00ebn e fundit, Medin Zhega, t\u00eb paharruarin, nj\u00eb personalitet i shquar jo vet\u00ebm i bot\u00ebs s\u00eb sportit, por dhe nj\u00eb qytetar i devotsh\u00ebm, nj\u00eb njeri, me t\u00eb cilin kam pasur njohje t\u00eb drejtp\u00ebrdrejt\u00eb, duke pasur rastin q\u00eb t\u00eb ma rris\u00eb mund\u00ebsin\u00eb p\u00ebr ta vler\u00ebsuar at\u00eb n\u00eb radh\u00eb t\u00eb par\u00eb si njeri me karakter t\u00eb fort\u00eb, gj\u00eb t\u00eb cil\u00ebn ai e demonstroi jo vet\u00ebm n\u00eb bot\u00ebn e sportit, por edhe n\u00eb politik\u00eb, dhe n\u00eb radh\u00eb t\u00eb par\u00eb, n\u00eb marr\u00ebdh\u00ebnie me qytetar\u00ebt, me koleg\u00ebt e tij. Kjo \u00ebsht\u00eb arsyeja q\u00eb ai nderohet sot nga t\u00eb gjith\u00eb. Shpirti i tij u preht\u00eb n\u00eb paqe!&#8221;- deklaroi Topi p\u00ebr mediat pasi kreu homazhe pran\u00eb trupit t\u00eb pajet\u00eb. <\/p>\n<p><strong>TOPALLI:ZHEGA P\u00cbRFAQ\u00cbSOI ME DINJITET KOMB\u00cbTAREN SHQIPTARE <\/strong><br \/>\nKryetarja e Kuvendit, Jozefina Topalli b\u00ebri sot homazhe n\u00eb ambientet e Pallatit t\u00eb Kongreseve, n\u00eb nderim t\u00eb ish-futbollistit dhe ish-trajnerit t\u00eb Komb\u00ebtares Medin Zhega.<br \/>\nPasi ngush\u00eblloi familjar\u00ebt p\u00ebr humbjen e njeriut t\u00eb dashur dhe gjith\u00eb sportdash\u00ebsit p\u00ebr humbjen e nj\u00eb prej ikonave t\u00eb futbollit shqiptar, n\u00eb nj\u00eb prononcim p\u00ebr mediat, kryetarja e Kuvendit vler\u00ebsoi figur\u00ebn prej kampioni t\u00eb Medin Zheg\u00ebs, si nj\u00eb nga futbollist\u00ebt q\u00eb ka krijuar emocione t\u00eb pafundme, q\u00eb kur luante tek &#8216;Vllaznia&#8217;, dhe m\u00eb pas n\u00eb t\u00eb gjith\u00eb karrier\u00ebn e tij n\u00eb futbollin shqiptar. <\/p>\n<p>&#8220;Zhega ishte nj\u00eb njeri nd\u00ebr m\u00eb t\u00eb dashurit p\u00ebr qytetin dhe skuadr\u00ebn e tij, p\u00ebr komb\u00ebtaren, p\u00ebr \u00e7do shqiptar. Emocionet q\u00eb ai u ka dh\u00ebn\u00eb shqiptar\u00ebve mbeten n\u00eb mendjen dhe shpirtin e \u00e7do qytetari. Ishte nj\u00eb shqiptar i jasht\u00ebzakonsh\u00ebm dhe sot ne kemi humbur nj\u00eb njeri t\u00eb dashur, i cili p\u00ebrfaq\u00ebsoi n\u00eb m\u00ebnyr\u00ebn m\u00eb dinjitoze komb\u00ebtaren shqiptare&#8221;, tha Topalli. <\/p>\n<p><strong>MEDIN ZHEGA NDERROI JETE TE MARTEN <\/strong><br \/>\nIsh-futbollisti dhe ish-trajneri i komb\u00ebtares shqiptare Medin Zhega nd\u00ebrroi jet\u00eb t\u00eb mart\u00ebn pasdite, n\u00eb mosh\u00ebn 66-vje\u00e7are. Ai p\u00ebsoi nje aksident n\u00eb mjediset e familjes para nj\u00eb viti n\u00eb Kanada, nd\u00ebrkoh\u00eb q\u00eb m\u00eb pas u soll p\u00ebr trajtim t\u00eb m\u00ebtejsh\u00ebm n\u00eb Tiran\u00eb. <\/p>\n<p>Medin Zhega e nisi karrier\u00ebn futbollistike si sulmues n\u00eb ekipin e Vllaznis\u00eb n\u00eb Shkod\u00ebr, p\u00ebr ta vazhduar m\u00eb tej me ekipin e &#8216;Dinamos&#8217; e m\u00eb pas p\u00ebrs\u00ebri me Vllaznin\u00eb, nd\u00ebrkoh\u00eb q\u00eb luajti dhe me ekipin p\u00ebrfaq\u00ebsues n\u00eb disa ndeshje nd\u00ebrkomb\u00ebtare. Ai mbetet nj\u00eb nga lojtar\u00ebt m\u00eb t\u00eb famsh\u00ebm t\u00eb futbollit shqiptar dhe nj\u00eb prej trajner\u00ebve m\u00eb t\u00eb njohur.<\/p>\n<p>(bw)<\/p>\n","protected":false},"excerpt":{"rendered":"<p>E Enjte, 06.14.2012 TIRANE \u2013 I \u00ebsht\u00eb dh\u00ebn\u00eb sot lamtumira e fundit nj\u00ebrit prej personaliteteve m\u00eb t\u00eb njohura t\u00eb historis\u00eb s\u00eb futbollit shqiptar, &#8220;Mjeshtrit t\u00eb Madh t\u00eb Sportit&#8221;, Medin Zhega, i cili u nda nga jeta disa dit\u00eb m\u00eb par\u00eb n\u00eb mosh\u00ebn 66 -vje\u00e7are. Gjat\u00eb ceremonis\u00eb s\u00eb homazheve, q\u00eb u zhvillua n\u00eb hollin e Pallatit [&hellip;]<\/p>\n","protected":false},"author":1,"featured_media":0,"comment_status":"open","ping_status":"closed","sticky":false,"template":"","format":"standard","meta":{"footnotes":""},"categories":[2],"tags":[],"class_list":{"0":"post-3296","1":"post","2":"type-post","3":"status-publish","4":"format-standard","6":"category-artikuj"},"yoast_head":"<!-- This site is optimized with the Yoast SEO plugin v27.4 - https:\/\/yoast.com\/product\/yoast-seo-wordpress\/ -->\n<title>I B\u00cbHEN NDERIMET DHE I JEPET LAMTUMIRA E FUNDIT MJESHTRIT T\u00cb MADH T\u00cb SPORTIT MEDIN ZHEGA - FjALA e LIR\u00cb - Arkivi<\/title>\n<meta name=\"robots\" content=\"index, follow, max-snippet:-1, max-image-preview:large, max-video-preview:-1\" \/>\n<link rel=\"canonical\" href=\"https:\/\/fjala.info\/2009-2015\/i-behen-nderimet-dhe-i-jepet-lamtumira-e-fundit-mjeshtrit-te-madh-te-sportit-medin-zhega\/\" \/>\n<meta property=\"og:locale\" content=\"sq_AL\" \/>\n<meta property=\"og:type\" content=\"article\" \/>\n<meta property=\"og:title\" content=\"I B\u00cbHEN NDERIMET DHE I JEPET LAMTUMIRA E FUNDIT MJESHTRIT T\u00cb MADH T\u00cb SPORTIT MEDIN ZHEGA - FjALA e LIR\u00cb - Arkivi\" \/>\n<meta property=\"og:description\" content=\"E Enjte, 06.14.2012 TIRANE \u2013 I \u00ebsht\u00eb dh\u00ebn\u00eb sot lamtumira e fundit nj\u00ebrit prej personaliteteve m\u00eb t\u00eb njohura t\u00eb historis\u00eb s\u00eb futbollit shqiptar, &#8220;Mjeshtrit t\u00eb Madh t\u00eb Sportit&#8221;, Medin Zhega, i cili u nda nga jeta disa dit\u00eb m\u00eb par\u00eb n\u00eb mosh\u00ebn 66 -vje\u00e7are. Gjat\u00eb ceremonis\u00eb s\u00eb homazheve, q\u00eb u zhvillua n\u00eb hollin e Pallatit [&hellip;]\" \/>\n<meta property=\"og:url\" content=\"https:\/\/fjala.info\/2009-2015\/i-behen-nderimet-dhe-i-jepet-lamtumira-e-fundit-mjeshtrit-te-madh-te-sportit-medin-zhega\/\" \/>\n<meta property=\"og:site_name\" content=\"FjALA e LIR\u00cb - Arkivi\" \/>\n<meta property=\"article:published_time\" content=\"2012-06-14T16:28:37+00:00\" \/>\n<meta property=\"og:image\" content=\"http:\/\/www.fjala.info\/2012\/medin_zhega1.jpg\" \/>\n<meta name=\"author\" content=\"admin\" \/>\n<meta name=\"twitter:card\" content=\"summary_large_image\" \/>\n<meta name=\"twitter:label1\" content=\"Written by\" \/>\n\t<meta name=\"twitter:data1\" content=\"admin\" \/>\n\t<meta name=\"twitter:label2\" content=\"Est. reading time\" \/>\n\t<meta name=\"twitter:data2\" content=\"3 minutes\" \/>\n<script type=\"application\/ld+json\" class=\"yoast-schema-graph\">{\"@context\":\"https:\\\/\\\/schema.org\",\"@graph\":[{\"@type\":\"Article\",\"@id\":\"https:\\\/\\\/fjala.info\\\/2009-2015\\\/i-behen-nderimet-dhe-i-jepet-lamtumira-e-fundit-mjeshtrit-te-madh-te-sportit-medin-zhega\\\/#article\",\"isPartOf\":{\"@id\":\"https:\\\/\\\/fjala.info\\\/2009-2015\\\/i-behen-nderimet-dhe-i-jepet-lamtumira-e-fundit-mjeshtrit-te-madh-te-sportit-medin-zhega\\\/\"},\"author\":{\"name\":\"admin\",\"@id\":\"https:\\\/\\\/fjala.info\\\/2009-2015\\\/#\\\/schema\\\/person\\\/3aa1163ef05469c496fc94e77611ada2\"},\"headline\":\"I B\u00cbHEN NDERIMET DHE I JEPET LAMTUMIRA E FUNDIT MJESHTRIT T\u00cb MADH T\u00cb SPORTIT MEDIN ZHEGA\",\"datePublished\":\"2012-06-14T16:28:37+00:00\",\"mainEntityOfPage\":{\"@id\":\"https:\\\/\\\/fjala.info\\\/2009-2015\\\/i-behen-nderimet-dhe-i-jepet-lamtumira-e-fundit-mjeshtrit-te-madh-te-sportit-medin-zhega\\\/\"},\"wordCount\":666,\"commentCount\":0,\"publisher\":{\"@id\":\"https:\\\/\\\/fjala.info\\\/2009-2015\\\/#organization\"},\"image\":{\"@id\":\"https:\\\/\\\/fjala.info\\\/2009-2015\\\/i-behen-nderimet-dhe-i-jepet-lamtumira-e-fundit-mjeshtrit-te-madh-te-sportit-medin-zhega\\\/#primaryimage\"},\"thumbnailUrl\":\"http:\\\/\\\/www.fjala.info\\\/2012\\\/medin_zhega1.jpg\",\"articleSection\":[\"Artikuj\"],\"inLanguage\":\"sq-AL\",\"potentialAction\":[{\"@type\":\"CommentAction\",\"name\":\"Comment\",\"target\":[\"https:\\\/\\\/fjala.info\\\/2009-2015\\\/i-behen-nderimet-dhe-i-jepet-lamtumira-e-fundit-mjeshtrit-te-madh-te-sportit-medin-zhega\\\/#respond\"]}]},{\"@type\":\"WebPage\",\"@id\":\"https:\\\/\\\/fjala.info\\\/2009-2015\\\/i-behen-nderimet-dhe-i-jepet-lamtumira-e-fundit-mjeshtrit-te-madh-te-sportit-medin-zhega\\\/\",\"url\":\"https:\\\/\\\/fjala.info\\\/2009-2015\\\/i-behen-nderimet-dhe-i-jepet-lamtumira-e-fundit-mjeshtrit-te-madh-te-sportit-medin-zhega\\\/\",\"name\":\"I B\u00cbHEN NDERIMET DHE I JEPET LAMTUMIRA E FUNDIT MJESHTRIT T\u00cb MADH T\u00cb SPORTIT MEDIN ZHEGA - FjALA e LIR\u00cb - Arkivi\",\"isPartOf\":{\"@id\":\"https:\\\/\\\/fjala.info\\\/2009-2015\\\/#website\"},\"primaryImageOfPage\":{\"@id\":\"https:\\\/\\\/fjala.info\\\/2009-2015\\\/i-behen-nderimet-dhe-i-jepet-lamtumira-e-fundit-mjeshtrit-te-madh-te-sportit-medin-zhega\\\/#primaryimage\"},\"image\":{\"@id\":\"https:\\\/\\\/fjala.info\\\/2009-2015\\\/i-behen-nderimet-dhe-i-jepet-lamtumira-e-fundit-mjeshtrit-te-madh-te-sportit-medin-zhega\\\/#primaryimage\"},\"thumbnailUrl\":\"http:\\\/\\\/www.fjala.info\\\/2012\\\/medin_zhega1.jpg\",\"datePublished\":\"2012-06-14T16:28:37+00:00\",\"breadcrumb\":{\"@id\":\"https:\\\/\\\/fjala.info\\\/2009-2015\\\/i-behen-nderimet-dhe-i-jepet-lamtumira-e-fundit-mjeshtrit-te-madh-te-sportit-medin-zhega\\\/#breadcrumb\"},\"inLanguage\":\"sq-AL\",\"potentialAction\":[{\"@type\":\"ReadAction\",\"target\":[\"https:\\\/\\\/fjala.info\\\/2009-2015\\\/i-behen-nderimet-dhe-i-jepet-lamtumira-e-fundit-mjeshtrit-te-madh-te-sportit-medin-zhega\\\/\"]}]},{\"@type\":\"ImageObject\",\"inLanguage\":\"sq-AL\",\"@id\":\"https:\\\/\\\/fjala.info\\\/2009-2015\\\/i-behen-nderimet-dhe-i-jepet-lamtumira-e-fundit-mjeshtrit-te-madh-te-sportit-medin-zhega\\\/#primaryimage\",\"url\":\"http:\\\/\\\/www.fjala.info\\\/2012\\\/medin_zhega1.jpg\",\"contentUrl\":\"http:\\\/\\\/www.fjala.info\\\/2012\\\/medin_zhega1.jpg\"},{\"@type\":\"BreadcrumbList\",\"@id\":\"https:\\\/\\\/fjala.info\\\/2009-2015\\\/i-behen-nderimet-dhe-i-jepet-lamtumira-e-fundit-mjeshtrit-te-madh-te-sportit-medin-zhega\\\/#breadcrumb\",\"itemListElement\":[{\"@type\":\"ListItem\",\"position\":1,\"name\":\"Home\",\"item\":\"https:\\\/\\\/fjala.info\\\/2009-2015\\\/\"},{\"@type\":\"ListItem\",\"position\":2,\"name\":\"I B\u00cbHEN NDERIMET DHE I JEPET LAMTUMIRA E FUNDIT MJESHTRIT T\u00cb MADH T\u00cb SPORTIT MEDIN ZHEGA\"}]},{\"@type\":\"WebSite\",\"@id\":\"https:\\\/\\\/fjala.info\\\/2009-2015\\\/#website\",\"url\":\"https:\\\/\\\/fjala.info\\\/2009-2015\\\/\",\"name\":\"FjALA e LIR\u00cb - Arkivi\",\"description\":\"Arkivi 2009-2015\",\"publisher\":{\"@id\":\"https:\\\/\\\/fjala.info\\\/2009-2015\\\/#organization\"},\"potentialAction\":[{\"@type\":\"SearchAction\",\"target\":{\"@type\":\"EntryPoint\",\"urlTemplate\":\"https:\\\/\\\/fjala.info\\\/2009-2015\\\/?s={search_term_string}\"},\"query-input\":{\"@type\":\"PropertyValueSpecification\",\"valueRequired\":true,\"valueName\":\"search_term_string\"}}],\"inLanguage\":\"sq-AL\"},{\"@type\":\"Organization\",\"@id\":\"https:\\\/\\\/fjala.info\\\/2009-2015\\\/#organization\",\"name\":\"FjALA e LIR\u00cb - Arkivi\",\"url\":\"https:\\\/\\\/fjala.info\\\/2009-2015\\\/\",\"logo\":{\"@type\":\"ImageObject\",\"inLanguage\":\"sq-AL\",\"@id\":\"https:\\\/\\\/fjala.info\\\/2009-2015\\\/#\\\/schema\\\/logo\\\/image\\\/\",\"url\":\"\",\"contentUrl\":\"\",\"caption\":\"FjALA e LIR\u00cb - Arkivi\"},\"image\":{\"@id\":\"https:\\\/\\\/fjala.info\\\/2009-2015\\\/#\\\/schema\\\/logo\\\/image\\\/\"}},{\"@type\":\"Person\",\"@id\":\"https:\\\/\\\/fjala.info\\\/2009-2015\\\/#\\\/schema\\\/person\\\/3aa1163ef05469c496fc94e77611ada2\",\"name\":\"admin\",\"image\":{\"@type\":\"ImageObject\",\"inLanguage\":\"sq-AL\",\"@id\":\"https:\\\/\\\/fjala.info\\\/2009-2015\\\/wp-content\\\/uploads\\\/2012\\\/02\\\/arben_cokaj-120x150.jpg\",\"url\":\"https:\\\/\\\/fjala.info\\\/2009-2015\\\/wp-content\\\/uploads\\\/2012\\\/02\\\/arben_cokaj-120x150.jpg\",\"contentUrl\":\"https:\\\/\\\/fjala.info\\\/2009-2015\\\/wp-content\\\/uploads\\\/2012\\\/02\\\/arben_cokaj-120x150.jpg\",\"caption\":\"admin\"},\"description\":\"Admin, Fjala e Lir\u00eb\",\"sameAs\":[\"https:\\\/\\\/fjala.info\\\/\"],\"url\":\"https:\\\/\\\/fjala.info\\\/2009-2015\\\/author\\\/admin\\\/\"}]}<\/script>\n<!-- \/ Yoast SEO plugin. -->","yoast_head_json":{"title":"I B\u00cbHEN NDERIMET DHE I JEPET LAMTUMIRA E FUNDIT MJESHTRIT T\u00cb MADH T\u00cb SPORTIT MEDIN ZHEGA - FjALA e LIR\u00cb - Arkivi","robots":{"index":"index","follow":"follow","max-snippet":"max-snippet:-1","max-image-preview":"max-image-preview:large","max-video-preview":"max-video-preview:-1"},"canonical":"https:\/\/fjala.info\/2009-2015\/i-behen-nderimet-dhe-i-jepet-lamtumira-e-fundit-mjeshtrit-te-madh-te-sportit-medin-zhega\/","og_locale":"sq_AL","og_type":"article","og_title":"I B\u00cbHEN NDERIMET DHE I JEPET LAMTUMIRA E FUNDIT MJESHTRIT T\u00cb MADH T\u00cb SPORTIT MEDIN ZHEGA - FjALA e LIR\u00cb - Arkivi","og_description":"E Enjte, 06.14.2012 TIRANE \u2013 I \u00ebsht\u00eb dh\u00ebn\u00eb sot lamtumira e fundit nj\u00ebrit prej personaliteteve m\u00eb t\u00eb njohura t\u00eb historis\u00eb s\u00eb futbollit shqiptar, &#8220;Mjeshtrit t\u00eb Madh t\u00eb Sportit&#8221;, Medin Zhega, i cili u nda nga jeta disa dit\u00eb m\u00eb par\u00eb n\u00eb mosh\u00ebn 66 -vje\u00e7are. Gjat\u00eb ceremonis\u00eb s\u00eb homazheve, q\u00eb u zhvillua n\u00eb hollin e Pallatit [&hellip;]","og_url":"https:\/\/fjala.info\/2009-2015\/i-behen-nderimet-dhe-i-jepet-lamtumira-e-fundit-mjeshtrit-te-madh-te-sportit-medin-zhega\/","og_site_name":"FjALA e LIR\u00cb - Arkivi","article_published_time":"2012-06-14T16:28:37+00:00","og_image":[{"url":"http:\/\/www.fjala.info\/2012\/medin_zhega1.jpg","type":"","width":"","height":""}],"author":"admin","twitter_card":"summary_large_image","twitter_misc":{"Written by":"admin","Est. reading time":"3 minutes"},"schema":{"@context":"https:\/\/schema.org","@graph":[{"@type":"Article","@id":"https:\/\/fjala.info\/2009-2015\/i-behen-nderimet-dhe-i-jepet-lamtumira-e-fundit-mjeshtrit-te-madh-te-sportit-medin-zhega\/#article","isPartOf":{"@id":"https:\/\/fjala.info\/2009-2015\/i-behen-nderimet-dhe-i-jepet-lamtumira-e-fundit-mjeshtrit-te-madh-te-sportit-medin-zhega\/"},"author":{"name":"admin","@id":"https:\/\/fjala.info\/2009-2015\/#\/schema\/person\/3aa1163ef05469c496fc94e77611ada2"},"headline":"I B\u00cbHEN NDERIMET DHE I JEPET LAMTUMIRA E FUNDIT MJESHTRIT T\u00cb MADH T\u00cb SPORTIT MEDIN ZHEGA","datePublished":"2012-06-14T16:28:37+00:00","mainEntityOfPage":{"@id":"https:\/\/fjala.info\/2009-2015\/i-behen-nderimet-dhe-i-jepet-lamtumira-e-fundit-mjeshtrit-te-madh-te-sportit-medin-zhega\/"},"wordCount":666,"commentCount":0,"publisher":{"@id":"https:\/\/fjala.info\/2009-2015\/#organization"},"image":{"@id":"https:\/\/fjala.info\/2009-2015\/i-behen-nderimet-dhe-i-jepet-lamtumira-e-fundit-mjeshtrit-te-madh-te-sportit-medin-zhega\/#primaryimage"},"thumbnailUrl":"http:\/\/www.fjala.info\/2012\/medin_zhega1.jpg","articleSection":["Artikuj"],"inLanguage":"sq-AL","potentialAction":[{"@type":"CommentAction","name":"Comment","target":["https:\/\/fjala.info\/2009-2015\/i-behen-nderimet-dhe-i-jepet-lamtumira-e-fundit-mjeshtrit-te-madh-te-sportit-medin-zhega\/#respond"]}]},{"@type":"WebPage","@id":"https:\/\/fjala.info\/2009-2015\/i-behen-nderimet-dhe-i-jepet-lamtumira-e-fundit-mjeshtrit-te-madh-te-sportit-medin-zhega\/","url":"https:\/\/fjala.info\/2009-2015\/i-behen-nderimet-dhe-i-jepet-lamtumira-e-fundit-mjeshtrit-te-madh-te-sportit-medin-zhega\/","name":"I B\u00cbHEN NDERIMET DHE I JEPET LAMTUMIRA E FUNDIT MJESHTRIT T\u00cb MADH T\u00cb SPORTIT MEDIN ZHEGA - FjALA e LIR\u00cb - Arkivi","isPartOf":{"@id":"https:\/\/fjala.info\/2009-2015\/#website"},"primaryImageOfPage":{"@id":"https:\/\/fjala.info\/2009-2015\/i-behen-nderimet-dhe-i-jepet-lamtumira-e-fundit-mjeshtrit-te-madh-te-sportit-medin-zhega\/#primaryimage"},"image":{"@id":"https:\/\/fjala.info\/2009-2015\/i-behen-nderimet-dhe-i-jepet-lamtumira-e-fundit-mjeshtrit-te-madh-te-sportit-medin-zhega\/#primaryimage"},"thumbnailUrl":"http:\/\/www.fjala.info\/2012\/medin_zhega1.jpg","datePublished":"2012-06-14T16:28:37+00:00","breadcrumb":{"@id":"https:\/\/fjala.info\/2009-2015\/i-behen-nderimet-dhe-i-jepet-lamtumira-e-fundit-mjeshtrit-te-madh-te-sportit-medin-zhega\/#breadcrumb"},"inLanguage":"sq-AL","potentialAction":[{"@type":"ReadAction","target":["https:\/\/fjala.info\/2009-2015\/i-behen-nderimet-dhe-i-jepet-lamtumira-e-fundit-mjeshtrit-te-madh-te-sportit-medin-zhega\/"]}]},{"@type":"ImageObject","inLanguage":"sq-AL","@id":"https:\/\/fjala.info\/2009-2015\/i-behen-nderimet-dhe-i-jepet-lamtumira-e-fundit-mjeshtrit-te-madh-te-sportit-medin-zhega\/#primaryimage","url":"http:\/\/www.fjala.info\/2012\/medin_zhega1.jpg","contentUrl":"http:\/\/www.fjala.info\/2012\/medin_zhega1.jpg"},{"@type":"BreadcrumbList","@id":"https:\/\/fjala.info\/2009-2015\/i-behen-nderimet-dhe-i-jepet-lamtumira-e-fundit-mjeshtrit-te-madh-te-sportit-medin-zhega\/#breadcrumb","itemListElement":[{"@type":"ListItem","position":1,"name":"Home","item":"https:\/\/fjala.info\/2009-2015\/"},{"@type":"ListItem","position":2,"name":"I B\u00cbHEN NDERIMET DHE I JEPET LAMTUMIRA E FUNDIT MJESHTRIT T\u00cb MADH T\u00cb SPORTIT MEDIN ZHEGA"}]},{"@type":"WebSite","@id":"https:\/\/fjala.info\/2009-2015\/#website","url":"https:\/\/fjala.info\/2009-2015\/","name":"FjALA e LIR\u00cb - Arkivi","description":"Arkivi 2009-2015","publisher":{"@id":"https:\/\/fjala.info\/2009-2015\/#organization"},"potentialAction":[{"@type":"SearchAction","target":{"@type":"EntryPoint","urlTemplate":"https:\/\/fjala.info\/2009-2015\/?s={search_term_string}"},"query-input":{"@type":"PropertyValueSpecification","valueRequired":true,"valueName":"search_term_string"}}],"inLanguage":"sq-AL"},{"@type":"Organization","@id":"https:\/\/fjala.info\/2009-2015\/#organization","name":"FjALA e LIR\u00cb - Arkivi","url":"https:\/\/fjala.info\/2009-2015\/","logo":{"@type":"ImageObject","inLanguage":"sq-AL","@id":"https:\/\/fjala.info\/2009-2015\/#\/schema\/logo\/image\/","url":"","contentUrl":"","caption":"FjALA e LIR\u00cb - Arkivi"},"image":{"@id":"https:\/\/fjala.info\/2009-2015\/#\/schema\/logo\/image\/"}},{"@type":"Person","@id":"https:\/\/fjala.info\/2009-2015\/#\/schema\/person\/3aa1163ef05469c496fc94e77611ada2","name":"admin","image":{"@type":"ImageObject","inLanguage":"sq-AL","@id":"https:\/\/fjala.info\/2009-2015\/wp-content\/uploads\/2012\/02\/arben_cokaj-120x150.jpg","url":"https:\/\/fjala.info\/2009-2015\/wp-content\/uploads\/2012\/02\/arben_cokaj-120x150.jpg","contentUrl":"https:\/\/fjala.info\/2009-2015\/wp-content\/uploads\/2012\/02\/arben_cokaj-120x150.jpg","caption":"admin"},"description":"Admin, Fjala e Lir\u00eb","sameAs":["https:\/\/fjala.info\/"],"url":"https:\/\/fjala.info\/2009-2015\/author\/admin\/"}]}},"_links":{"self":[{"href":"https:\/\/fjala.info\/2009-2015\/wp-json\/wp\/v2\/posts\/3296","targetHints":{"allow":["GET"]}}],"collection":[{"href":"https:\/\/fjala.info\/2009-2015\/wp-json\/wp\/v2\/posts"}],"about":[{"href":"https:\/\/fjala.info\/2009-2015\/wp-json\/wp\/v2\/types\/post"}],"author":[{"embeddable":true,"href":"https:\/\/fjala.info\/2009-2015\/wp-json\/wp\/v2\/users\/1"}],"replies":[{"embeddable":true,"href":"https:\/\/fjala.info\/2009-2015\/wp-json\/wp\/v2\/comments?post=3296"}],"version-history":[{"count":0,"href":"https:\/\/fjala.info\/2009-2015\/wp-json\/wp\/v2\/posts\/3296\/revisions"}],"wp:attachment":[{"href":"https:\/\/fjala.info\/2009-2015\/wp-json\/wp\/v2\/media?parent=3296"}],"wp:term":[{"taxonomy":"category","embeddable":true,"href":"https:\/\/fjala.info\/2009-2015\/wp-json\/wp\/v2\/categories?post=3296"},{"taxonomy":"post_tag","embeddable":true,"href":"https:\/\/fjala.info\/2009-2015\/wp-json\/wp\/v2\/tags?post=3296"}],"curies":[{"name":"wp","href":"https:\/\/api.w.org\/{rel}","templated":true}]}}