{"id":3288,"date":"2010-07-11T22:36:30","date_gmt":"2010-07-11T21:36:30","guid":{"rendered":"http:\/\/fjala.shkoder.net\/?p=3288"},"modified":"2010-07-11T22:36:30","modified_gmt":"2010-07-11T21:36:30","slug":"zgjedhje-te-reja-apo-drejt-veteshpartallimit","status":"publish","type":"post","link":"https:\/\/fjala.info\/2009-2015\/zgjedhje-te-reja-apo-drejt-veteshpartallimit\/","title":{"rendered":"Zgjedhje t\u00eb reja apo drejt vet\u00ebshpartallimit!"},"content":{"rendered":"<p><img decoding=\"async\" style=\"margin-left: 10px; margin-right: 10px; border: 0px;\" src=\"http:\/\/www.shkoder.net\/images\/fjala\/shpetim_nazarko.jpg\" border=\"0\" alt=\"Shp\u00ebtim Nazarko\" width=\"100\" align=\"right\" \/><\/p>\n<p><strong>Shp\u00ebtim Nazarko<\/strong>, <em>11.07.2010<\/em><\/p>\n<p>Kjo minianaliz\u00eb faktikisht ishte duke u shkruar, kur FMN po debatonte me ekspert\u00ebt e dy pal\u00ebve p\u00ebr gjendjen ekonomike. Ekspert\u00ebt e huaj mendojn\u00eb se n\u00ebse e teprojm\u00eb dhe nuk marrim masa urgjente, do t\u00eb kemi fatin e Greqis\u00eb. Megjith\u00eb respektin p\u00ebr ta, mendoj se i ngjajn\u00eb doktor\u00ebve q\u00eb konstatojn\u00eb nj\u00eb problem t\u00eb caktuar, por jan\u00eb larg asaj q\u00eb quhet patollogji e tij. Besoj q\u00eb kriza jon\u00eb nuk \u00ebsht\u00eb shum\u00eb e ngjashme me Greqin\u00eb. N\u00ebse grek\u00ebt do t\u00eb d\u00ebnohen p\u00ebrgjith\u00ebsisht p\u00ebr megallomanin\u00eb e treguar n\u00eb vite dhe g\u00ebnjeshtrat me shifrat, problemi jon\u00eb \u00ebsht\u00eb shum\u00eb m\u00eb i r\u00ebnd\u00eb.<\/p>\n<p>Te ne ka r\u00ebn\u00eb sistemi logjik q\u00eb \u00e7on p\u00ebrpara nj\u00eb vend n\u00eb aspektin ekonomik. Nuk \u00ebsht\u00eb e v\u00ebshtir\u00eb t\u00eb shoh\u00ebsh gjendjen nj\u00ebzet\u00eb vjet pas r\u00ebnies s\u00eb komunizmit. Nj\u00eb vend q\u00eb ka shfarosur pyjet, ka asgj\u00ebsuar tok\u00ebn bujq\u00ebsore, e q\u00eb nuk i kuptoi asnj\u00ebher\u00eb prioritetet e tij natyrale, nuk mund t\u00eb mos ket\u00eb ve\u00e7se fundin logjik q\u00eb po vjen. P\u00ebrfytyroni nj\u00eb f\u00ebmij\u00eb dhjet\u00ebvje\u00e7ar, t\u00eb cilit i vihet p\u00ebrpara harta e Shqip\u00ebris\u00eb dhe i thuhet si do ta mbush\u00eb me rrug\u00eb hart\u00ebn e vendit t\u00eb tij. Me sigurin\u00eb matematike do t\u00eb zgjedh\u00eb &#8220;ta \u00e7aj\u00eb&#8221; vendin e tij nga pjesa m\u00eb e shkurt\u00ebr, pra Lindje -Per\u00ebndim dhe jo Veri-Jug.<\/p>\n<p>Jo vet\u00ebm se \u00ebsht\u00eb pjesa m\u00eb e shkurt\u00ebr, dhe se i nisur nga Durr\u00ebsi a nga Vlora shkon p\u00ebr gjysm\u00eb ore n\u00eb qendr\u00ebn e Shqip\u00ebris\u00eb, por dhe p\u00ebr arsye t\u00eb tjera q\u00eb duken t\u00eb karakterit elementar. S\u00eb pari v\u00eb menj\u00ebher\u00eb n\u00eb funksion portet themelore t\u00eb Shqip\u00ebris\u00eb, nga ku kostot e mallrave jan\u00eb m\u00eb t\u00eb vogla. Respekti ndaj k\u00ebsaj teze \u00ebsht\u00eb i lidhur dhe me ca faktor\u00eb akoma m\u00eb t\u00eb r\u00ebnd\u00ebsish\u00ebm. Jan\u00eb portet apo minierat q\u00eb nd\u00ebrtojn\u00eb rrug\u00ebt dhe jo e anasjellta. K\u00ebt\u00eb t\u00eb v\u00ebrtet\u00eb elementare e dinte dhe komunisti Hoxha, cili megjith\u00eb \u00e7mendurin\u00eb e tij, nd\u00ebrtoi n\u00eb Elbasan jo vet\u00ebm magazinat qendrore t\u00eb shtetit, por dhe vepr\u00ebn m\u00eb t\u00eb r\u00ebnd\u00ebsishme t\u00eb tij.<\/p>\n<p>Kjo p\u00ebrzgjedhje p\u00ebr t\u00eb respektuar baraz-larg\u00ebsin\u00eb e transportit nga t\u00eb gjitha pikat e vendit. Natyrisht nj\u00eb zgjedhje p\u00ebr t\u00eb \u00e7ar\u00eb vendin Lindje-Per\u00ebndim, t\u00eb fut shum\u00eb m\u00eb shpejt n\u00eb autostradat europiane, ndjek dhe realizon gjurm\u00ebt e korridorit tet\u00eb dhe lidh kombin shqiptar n\u00eb tre pjes\u00ebt e tij Shqip\u00ebri-Maqedoni-Kosov\u00eb. Plaku Pacolli q\u00eb padyshim \u00ebsht\u00eb nga mendjet m\u00eb brilante t\u00eb kombit n\u00eb kuptimin e ekonomis\u00eb, duke d\u00ebgjuar arsyetimin e m\u00ebsip\u00ebrm, m\u00eb tha me qet\u00ebsi se ky gabim ende mund t\u00eb korrigjohesh n\u00ebse autostrada Durr\u00ebs-Kuk\u00ebs do t\u00eb shkonte deri n\u00eb Prizren dhe pastaj drejt Shkupit p\u00ebr t\u00eb respektuar lidhjen e m\u00ebsip\u00ebrme dhe p\u00ebr t\u00eb mos qen\u00eb asnj\u00ebher\u00eb n\u00ebn m\u00ebshir\u00ebn e Serbis\u00eb.<\/p>\n<p>Po n\u00ebse resursi i par\u00eb komb\u00ebtar u hodh n\u00eb er\u00eb me gjakftoht\u00ebsi t\u00eb lemerishme, ai q\u00eb lidhet me bujq\u00ebsin\u00eb \u00ebsht\u00eb akoma m\u00eb kriminal. P\u00ebr ti r\u00ebn\u00eb shkurt; p\u00ebrfytyroni nj\u00eb vend i cili ka nj\u00eb sektor q\u00eb i jep m\u00eb shum\u00eb se nj\u00ebzet p\u00ebr qind t\u00eb prodhimit t\u00eb tij dhe nuk merr asgj\u00eb p\u00ebr k\u00ebt\u00eb sh\u00ebrbim. Mjafton t\u00eb pohosh se kredia p\u00ebr bujq\u00ebsin\u00eb z\u00eb m\u00eb pak se nj\u00eb p\u00ebr qind, p\u00ebr t\u00eb kuptuar se k\u00ebtu i kan\u00eb pun\u00ebt pak m\u00eb keq sa duhet me logjik\u00ebn minimale q\u00eb karakterizon qenien njer\u00ebzore.<\/p>\n<p>N\u00eb minializ\u00eb pohohet se jan\u00eb zgjedhjet ato q\u00eb mund t\u00eb ndryshojn\u00eb tabllon\u00eb. Kjo t\u00eb \u00e7on n\u00eb iden\u00eb se shkrimi i sh\u00ebrben t\u00eb majt\u00ebve, q\u00eb n\u00eb k\u00ebto koh\u00eb k\u00ebrkojn\u00eb as m\u00eb pak e as m\u00eb shum\u00eb n\u00ebp\u00ebrmjet kutive, pik\u00ebrisht zgjedhjet e parakohshme. Nuk di ndonj\u00eb zgjidhje, e cila nuk kalon n\u00ebp\u00ebrmjet rrug\u00ebve politike andaj pohoj zgjedhjet. Nd\u00ebrkaq n\u00eb shpirt jam i bindur se vendi k\u00ebrkon pik\u00ebs\u00ebpari nj\u00eb analiz\u00eb t\u00eb thell\u00eb bot\u00ebkuptimore dhe jo mb\u00ebshtetje n\u00eb t\u00eb dh\u00ebna apo filozofi ministrash finance, q\u00eb ti shash apo lavd\u00ebrosh, nuk b\u00ebn gj\u00eb tjet\u00ebr ve\u00e7se shan a lavd\u00ebron nj\u00eb tagrambledh\u00ebs dhe aq. Po le t\u00eb kthehemi n\u00eb aktualitetin e tem\u00ebs.<\/p>\n<p>Kur analist\u00eb t\u00eb ndrysh\u00ebm m\u00eb thoshin \u00e7do t\u00eb ngjas\u00eb me grev\u00ebn e uris\u00eb, a do t\u00eb l\u00ebshonte Berisha apo do t\u00eb vazhdonte si gjithmon\u00eb n\u00eb kok\u00ebfort\u00ebsin\u00eb e tij, un\u00eb p\u00ebrgjigjesha thjesht. I vetmi njeri q\u00eb \u00ebsht\u00eb i interesuar q\u00eb greva t\u00eb dal\u00eb me sukses \u00ebsht\u00eb vet\u00eb Berisha. Bile dhe sikur grevist\u00ebt t\u00eb iknin vet\u00eb, do t&#8217;i ndiqte ai nga pas. Duke m\u00eb buz\u00ebqeshur apo p\u00ebrqeshur, k\u00ebrkonin nganj\u00ebher\u00eb dhe arsyen e k\u00ebtij p\u00ebrfundimi. E thjesht\u00eb- u thosha; Qeveria nuk ka para, bizneset jan\u00eb n\u00eb kolaps dhe t\u00eb nd\u00ebrtuara keq e nuk kemi ku t\u00eb mbytemi!.<\/p>\n<p>K\u00ebt\u00eb sken\u00eb q\u00eb po k\u00ebrkoja ta shihja te reagimi i Berish\u00ebs e kam par\u00eb n\u00eb m\u00ebnyr\u00eb analoge 20 vjet m\u00eb par\u00eb. I mbetur pa para, i detyruar t\u00eb blinte dy vitet e fundit me florinj n\u00eb dor\u00eb, plaku Alia po vinte v\u00ebrdall\u00eb t\u00eb gjente rrug\u00ebn e shp\u00ebtimit dhe e gjeti. Ftoi dhe legalizoi opozit\u00ebn dhe pastaj u p\u00ebrzie me turm\u00ebn p\u00ebr t\u00eb shijuar pleq\u00ebrin\u00eb. N\u00eb t\u00eb v\u00ebrtet\u00eb komunisti plak p\u00ebr mendjen time \u00ebsht\u00eb i vetmi politikan profesionist q\u00eb ka pasur vendi, por i paaft\u00eb n\u00eb ekonomi dhe po ashtu rob i nj\u00eb sistemi t\u00eb d\u00ebshtuar. Natyrisht Berisha nuk e ka talentin politik t\u00eb Alis\u00eb, por si pasionant i historis\u00eb, e di shum\u00eb mir\u00eb se nuk duhet tejkaluar kufiri q\u00eb ndan nga gremina.<\/p>\n<p>Greva mbaroi. Berisha nuk e vrau mendjen p\u00ebr rekomandimet e dh\u00ebna te &#8220;Krokodili&#8221; dhe vazhdon t\u00eb udh\u00ebheq\u00eb duke prer\u00eb shirita rrug\u00ebsh andej-k\u00ebndej. Asgj\u00eb nuk ka ndodhur, bile ndonj\u00ebher\u00eb ai p\u00ebrs\u00ebrit si me t\u00eb qeshur se do t\u00eb rrij\u00eb dhe nja tridhjet\u00eb vjet. Etj. etj.<\/p>\n<p>A \u00ebsht\u00eb kjo sjellje shenj\u00eb e kok\u00ebfort\u00ebsis\u00eb s\u00eb tij dhe ne v\u00ebrtet do t\u00eb hiqemi zvarr\u00eb dhe nja tre vjet t\u00eb tjera n\u00eb ciklin ton\u00eb tragji-komik t\u00eb nj\u00ebzet\u00eb viteve t\u00eb fundit? Mundet thon\u00eb shpesh. P\u00ebrderisa ja u hodh\u00ebm ngjarjeve t\u00eb 97-s nuk ka arsye t\u00eb trembemi. Fundja k\u00ebsaj radhe nuk do t\u00eb humbim parat\u00eb e qytetar\u00ebve dhe rreziku duket fare i vog\u00ebl. Ka disa arsye t\u00eb thella q\u00eb m\u00eb b\u00ebjn\u00eb t\u00eb mendoj se Berisha ka nj\u00ebrin vesh te Europa dhe nj\u00ebrin vesh te Ritvani dhe vazhdoj t\u00eb besoj se k\u00ebt\u00eb vjesht\u00eb do t\u00eb dal\u00eb jo me ndonj\u00eb d\u00ebshir\u00eb t\u00eb ve\u00e7ant\u00eb t\u00eb na komunikoj\u00eb zgjedhjet e reja.<\/p>\n<p>Kriza e tanishme \u00ebsht\u00eb shum\u00eb m\u00eb e r\u00ebnd\u00eb se 97-s. N\u00ebse at\u00ebher\u00eb do t\u00eb hidhnim n\u00eb er\u00eb parat\u00eb e qytetar\u00ebve apo nj\u00eb industri kioskash, tani gj\u00ebrat jan\u00eb ndryshe. Kemi t\u00eb b\u00ebjm\u00eb me biznese q\u00eb kan\u00eb investuar n\u00eb dhjet\u00ebra milion\u00eb euro. Do t\u00eb mjaftonte shifra e parave marr\u00eb borxh prej tyre n\u00eb banka p\u00ebr pes\u00eb vitet e fundit ( rreth 4 miliard\u00eb dollar\u00eb ) p\u00ebr t\u00eb kuptuar \u00e7do t\u00eb thot\u00eb k\u00ebsaj radhe falimentim i biznesit.<\/p>\n<p>Shikoni kredit\u00eb e k\u00ebqija q\u00eb jan\u00eb n\u00eb progres dhe shum\u00eb m\u00eb tep\u00ebr se deklarohen zyrtarisht, p\u00ebr t\u00eb kuptuar se si ven\u00eb pun\u00ebt me taksat n\u00eb drejtim t\u00eb Qeveris\u00eb. Do t\u00eb mjaftonte vet\u00ebm fakti q\u00eb p\u00ebr dy vitet e fundit, ajo ka nd\u00ebrruar gati tridhjet\u00eb her\u00eb ligjet p\u00ebr to, p\u00ebr t\u00eb kuptuar se thesi i saj prap\u00eb nuk mbushet me asgj\u00eb. Fakti q\u00eb depozitat jan\u00eb rritur dhe kredit\u00eb pak\u00ebsohen tregon shum\u00eb mir\u00eb se bankat e kan\u00eb ndjer\u00eb rrezikun dhe nuk duan t\u00eb b\u00ebjn\u00eb gabimet e t\u00eb kaluar\u00ebs. Kan\u00eb vendosur t&#8217;i japin para vet\u00ebm Qeveris\u00eb, nj\u00eb justifikim fenomenal ky sido q\u00eb t\u00eb jet\u00eb fati i tyre nes\u00ebr. Duke nxitur goj\u00ebt e liga se k\u00ebsaj radhe rolin e Alimuc\u00ebs do ta b\u00ebj\u00eb vet\u00eb Qeveria.<\/p>\n<p>Po mund t\u00eb gjykosh akoma m\u00eb banalisht. Ku ta gjejm\u00eb euron fizikisht? E ardhur nga refugjat\u00ebt apo nga eksportet, ajo po b\u00ebhet dhe do b\u00ebhet mall tmerr\u00ebsisht i rrall\u00eb. Refugjat\u00ebt po bien gjithnj\u00eb e m\u00eb pak dhe na mbeten eksportet. Megjith\u00ebse n\u00eb raport t\u00eb tmerrsh\u00ebm me importet, ato duken mir\u00eb thot\u00eb Qeveria. Po \u00e7far\u00eb eksportojm\u00eb? Energji dhe minerale. T\u00ebpk\u00eb si n\u00eb koh\u00ebn e shokut Enver. Vet\u00ebm se n\u00eb nj\u00eb pik\u00eb g\u00ebnjejm\u00eb veten. N\u00ebse n\u00eb nj\u00eb krah shesim energji, n\u00eb krahun tjet\u00ebr e blejm\u00eb at\u00eb. Do t\u00eb \u00e7uditesha shum\u00eb n\u00ebse Qeveria na sjell m\u00eb shum\u00eb euro sesa na merr OSSH p\u00ebr t\u00eb bler\u00eb jasht\u00eb me eurot q\u00eb merr n\u00eb tregun ton\u00eb. \u00c7udi se do m\u00eb dukeshin bler\u00ebs budallenj k\u00ebta t\u00eb OSSH, n\u00ebse blinim m\u00eb shtrenjt\u00eb jasht\u00eb dhe nuk blinin at\u00eb q\u00eb shet Qeveria jon\u00eb po jasht\u00eb.<\/p>\n<p>N\u00eb t\u00ebr\u00eb k\u00ebt\u00eb fatkeq\u00ebsi q\u00eb po na pllakos te dera, goj\u00ebt e liga thon\u00eb q\u00eb Qeveris\u00eb vitin tjet\u00ebr i duhen dhe nj\u00eb miliard\u00eb dollar\u00eb p\u00ebr t\u00eb paguar jasht\u00eb interesa borxhi. Nj\u00eb zot e di ku do ti gjej\u00eb, ne s&#8217;kemi m\u00eb gj\u00eb p\u00ebr t\u00eb shitur. Atyre q\u00eb u shit\u00ebm telefonin\u00eb dhe energjin\u00eb vijn\u00eb v\u00ebrdall\u00eb p\u00ebr t\u00eb marr\u00eb eurot e refugjat\u00ebve tan\u00eb dit\u00ebzez\u00eb, q\u00eb po vijn\u00eb gjithnj\u00eb e m\u00eb pak. Vijn\u00eb akoma v\u00ebrdall\u00eb p\u00ebr t\u00eb \u00e7uar nja dhjet\u00eb p\u00ebr qind t\u00eb fitimeve t\u00eb ardhura nga taksa e shesht\u00eb n\u00eb form\u00eb eurosh dhe jo lek\u00ebsh shqiptar\u00eb. Nj\u00eb akt kriminal ky q\u00eb ka stimuluar vet\u00ebm dembelizmin administrativ, duke pak\u00ebsuar papushim sasin\u00eb e eurove n\u00eb qarkullim.<\/p>\n<p>Nj\u00eb gjykim i r\u00ebnd\u00eb q\u00eb mb\u00ebshtetet n\u00eb analiz\u00ebn e thjesht\u00eb se taksa e shesht\u00eb i sh\u00ebrben vendeve q\u00eb kan\u00eb industri komb\u00ebtare, forc\u00eb t\u00eb kualifikuar pune, q\u00eb duhet shtuar dhe jo vendeve q\u00eb kan\u00eb sh\u00ebrbime n\u00eb shumic\u00ebn e rasteve t\u00eb nj\u00eb natyre tregtare e q\u00eb nuk shton vende pune.<\/p>\n<p>Nj\u00eb mik analist ekonomie, m\u00eb tha se nga korrigjimi i nj\u00eb \u00e7mendurie t\u00eb till\u00eb, q\u00eb lejon t\u00eb fluturojn\u00eb jasht\u00eb m\u00eb shum\u00eb se treqind milion\u00eb euro n\u00eb vit, do t\u00eb lejonte fare qart\u00eb sigurimin e pensioneve.<\/p>\n<p>Do t\u00eb marrim borxh prap\u00eb thot\u00eb dikush. Duhet t&#8217;i gjejm\u00eb eurot borxh, por jasht\u00eb &#8211; thot\u00eb Guvernatori i Bank\u00ebs. Po dhe sikur t\u00eb thot\u00eb t\u00eb marrim k\u00ebtu, nuk ka ku t&#8217;i gjej\u00eb m\u00eb. Patjet\u00ebr do k\u00ebrkojm\u00eb t\u00eb injektojm\u00eb nja nj\u00ebmiliard\u00eb e gjysm\u00eb nga jasht\u00eb, thot\u00eb Ministri i Financave. P\u00ebrkundrejt \u00e7far\u00eb garancive. Nj\u00eb zot e di! A mundet q\u00eb n\u00eb k\u00ebt\u00eb situat\u00eb pa shp\u00ebtim q\u00eb Berisha t\u00eb luaj\u00eb kund\u00ebr Europ\u00ebs dhe kund\u00ebr ekonomis\u00eb s\u00eb vendit t\u00eb tij? A mund t\u00eb v\u00ebm\u00eb n\u00eb dyert e saj, ashtu si Greqia, kur nuk e d\u00ebgjojm\u00eb p\u00ebr kriz\u00ebn dhe kur akoma m\u00eb shum\u00eb mburremi posht\u00eb e p\u00ebrpjet\u00eb se jemi shk\u00eblqyesh\u00ebm me ekonomin\u00eb. \u00c7do t\u00eb na thot\u00eb borgjezi europian dit\u00ebn kur t\u00eb vemi t&#8217;i lypim n\u00eb der\u00eb?<\/p>\n<p>Thua q\u00eb Berisha nuk e kupton k\u00ebt\u00eb t\u00eb v\u00ebrtet\u00eb t\u00eb thjesht\u00eb. Nuk hyj n\u00eb njer\u00ebzit q\u00eb e marr p\u00ebr t\u00eb paaft\u00eb apo pa kultur\u00eb. Gjithsesi Plaku Balzak thot\u00eb se n\u00eb t\u00eb gjitha rastet, ajo q\u00eb mbizot\u00ebron te njer\u00ebzia \u00ebsht\u00eb instikti i vet\u00ebmbrojtjes apo ndryshe interesi personal. Nuk besoj q\u00eb Berisha t&#8217;i djeg\u00eb kartat deri n\u00eb fund. Nj\u00eb r\u00ebnie e tmerrshme do ta humbte nj\u00ebher\u00eb e p\u00ebrgjithmon\u00eb at\u00eb dhe lidhjet me krijes\u00ebn e tij, PD. E p\u00ebrb\u00ebr\u00eb nga grupe q\u00eb tanim\u00eb nuk jan\u00eb ata t\u00eb 96-s, po me para t\u00eb m\u00ebdha n\u00eb duar, ata duartrokasin p\u00ebr t\u00eb ashtu si komunist\u00ebt e vjet\u00ebr dhjet\u00eb vjet\u00ebt e fundit p\u00ebr Hoxh\u00ebn.<\/p>\n<p>Po i \u00e7oi n\u00eb humbje t\u00eb sikletshme, nuk do t&#8217;i kthejn\u00eb koh\u00ebn p\u00ebr asgj\u00eb, si\u00e7 \u00ebsht\u00eb rregulli i vjet\u00ebr i p\u00ebrjetsh\u00ebm dhe i pashkruar. Po n\u00ebse Berisha shkon n\u00eb zgjedhje normale, duke i rregulluar pun\u00ebt me Europ\u00ebn dhe pa plasur sheshit kriza e llahtarshme ekonomike, at\u00ebher\u00eb dhe n\u00ebse humb mund t\u00eb rrij\u00eb dy a tre vjet n\u00eb korridoret e PD-s\u00eb me influenc\u00ebn normale, e cila n\u00eb fund e lejon t\u00eb p\u00ebrzihet ashtu si plaku Alia me turm\u00ebn e njer\u00ebzis\u00eb.<\/p>\n<p>Shumica besojn\u00eb se do t\u00eb vej\u00eb me kok\u00ebfort\u00ebsi drejt fundit. Un\u00eb besoj se pasi t\u00eb vij\u00eb v\u00ebrdall\u00eb e t\u00eb pranoj\u00eb komisionin hetimor do t&#8217;i prish\u00eb edhe nj\u00ebher\u00eb rregullat e loj\u00ebs, por k\u00ebsaj radhe duke th\u00ebn\u00eb. Jo un\u00eb nuk dal kund\u00ebr vendimit t\u00eb gjykatave, andaj ju ftoj n\u00eb zgjedhje t\u00eb reja! Kur do ta b\u00ebj\u00eb k\u00ebt\u00eb?<\/p>\n<p>Mendoj se po e kaloi vjesht\u00ebn e k\u00ebtij viti, ngjarjet nuk i ka m\u00eb n\u00eb dor\u00eb as ai dhe as Europa, po vet\u00eb Per\u00ebndia. N\u00eb k\u00ebt\u00eb rast duhet t\u00eb mallkojm\u00eb fatin e zi dhe nj\u00ebher\u00eb bashk\u00eb me Berish\u00ebn.<\/p>\n","protected":false},"excerpt":{"rendered":"<p>Shp\u00ebtim Nazarko, 11.07.2010 Kjo minianaliz\u00eb faktikisht ishte duke u shkruar, kur FMN po debatonte me ekspert\u00ebt e dy pal\u00ebve p\u00ebr gjendjen ekonomike. Ekspert\u00ebt e huaj mendojn\u00eb se n\u00ebse e teprojm\u00eb dhe nuk marrim masa urgjente, do t\u00eb kemi fatin e Greqis\u00eb. Megjith\u00eb respektin p\u00ebr ta, mendoj se i ngjajn\u00eb doktor\u00ebve q\u00eb konstatojn\u00eb nj\u00eb problem t\u00eb [&hellip;]<\/p>\n","protected":false},"author":1,"featured_media":0,"comment_status":"open","ping_status":"closed","sticky":false,"template":"","format":"standard","meta":{"footnotes":""},"categories":[2],"tags":[],"class_list":{"0":"post-3288","1":"post","2":"type-post","3":"status-publish","4":"format-standard","6":"category-artikuj"},"yoast_head":"<!-- This site is optimized with the Yoast SEO plugin v27.4 - https:\/\/yoast.com\/product\/yoast-seo-wordpress\/ -->\n<title>Zgjedhje t\u00eb reja apo drejt vet\u00ebshpartallimit! - FjALA e LIR\u00cb - Arkivi<\/title>\n<meta name=\"robots\" content=\"index, follow, max-snippet:-1, max-image-preview:large, max-video-preview:-1\" \/>\n<link rel=\"canonical\" href=\"https:\/\/fjala.info\/2009-2015\/zgjedhje-te-reja-apo-drejt-veteshpartallimit\/\" \/>\n<meta property=\"og:locale\" content=\"sq_AL\" \/>\n<meta property=\"og:type\" content=\"article\" \/>\n<meta property=\"og:title\" content=\"Zgjedhje t\u00eb reja apo drejt vet\u00ebshpartallimit! - FjALA e LIR\u00cb - Arkivi\" \/>\n<meta property=\"og:description\" content=\"Shp\u00ebtim Nazarko, 11.07.2010 Kjo minianaliz\u00eb faktikisht ishte duke u shkruar, kur FMN po debatonte me ekspert\u00ebt e dy pal\u00ebve p\u00ebr gjendjen ekonomike. Ekspert\u00ebt e huaj mendojn\u00eb se n\u00ebse e teprojm\u00eb dhe nuk marrim masa urgjente, do t\u00eb kemi fatin e Greqis\u00eb. Megjith\u00eb respektin p\u00ebr ta, mendoj se i ngjajn\u00eb doktor\u00ebve q\u00eb konstatojn\u00eb nj\u00eb problem t\u00eb [&hellip;]\" \/>\n<meta property=\"og:url\" content=\"https:\/\/fjala.info\/2009-2015\/zgjedhje-te-reja-apo-drejt-veteshpartallimit\/\" \/>\n<meta property=\"og:site_name\" content=\"FjALA e LIR\u00cb - Arkivi\" \/>\n<meta property=\"article:published_time\" content=\"2010-07-11T21:36:30+00:00\" \/>\n<meta property=\"og:image\" content=\"http:\/\/www.shkoder.net\/images\/fjala\/shpetim_nazarko.jpg\" \/>\n<meta name=\"author\" content=\"admin\" \/>\n<meta name=\"twitter:card\" content=\"summary_large_image\" \/>\n<meta name=\"twitter:label1\" content=\"Written by\" \/>\n\t<meta name=\"twitter:data1\" content=\"admin\" \/>\n\t<meta name=\"twitter:label2\" content=\"Est. reading time\" \/>\n\t<meta name=\"twitter:data2\" content=\"11 minutes\" \/>\n<script type=\"application\/ld+json\" class=\"yoast-schema-graph\">{\"@context\":\"https:\\\/\\\/schema.org\",\"@graph\":[{\"@type\":\"Article\",\"@id\":\"https:\\\/\\\/fjala.info\\\/2009-2015\\\/zgjedhje-te-reja-apo-drejt-veteshpartallimit\\\/#article\",\"isPartOf\":{\"@id\":\"https:\\\/\\\/fjala.info\\\/2009-2015\\\/zgjedhje-te-reja-apo-drejt-veteshpartallimit\\\/\"},\"author\":{\"name\":\"admin\",\"@id\":\"https:\\\/\\\/fjala.info\\\/2009-2015\\\/#\\\/schema\\\/person\\\/3aa1163ef05469c496fc94e77611ada2\"},\"headline\":\"Zgjedhje t\u00eb reja apo drejt vet\u00ebshpartallimit!\",\"datePublished\":\"2010-07-11T21:36:30+00:00\",\"mainEntityOfPage\":{\"@id\":\"https:\\\/\\\/fjala.info\\\/2009-2015\\\/zgjedhje-te-reja-apo-drejt-veteshpartallimit\\\/\"},\"wordCount\":2238,\"commentCount\":0,\"publisher\":{\"@id\":\"https:\\\/\\\/fjala.info\\\/2009-2015\\\/#organization\"},\"image\":{\"@id\":\"https:\\\/\\\/fjala.info\\\/2009-2015\\\/zgjedhje-te-reja-apo-drejt-veteshpartallimit\\\/#primaryimage\"},\"thumbnailUrl\":\"http:\\\/\\\/www.shkoder.net\\\/images\\\/fjala\\\/shpetim_nazarko.jpg\",\"articleSection\":[\"Artikuj\"],\"inLanguage\":\"sq-AL\",\"potentialAction\":[{\"@type\":\"CommentAction\",\"name\":\"Comment\",\"target\":[\"https:\\\/\\\/fjala.info\\\/2009-2015\\\/zgjedhje-te-reja-apo-drejt-veteshpartallimit\\\/#respond\"]}]},{\"@type\":\"WebPage\",\"@id\":\"https:\\\/\\\/fjala.info\\\/2009-2015\\\/zgjedhje-te-reja-apo-drejt-veteshpartallimit\\\/\",\"url\":\"https:\\\/\\\/fjala.info\\\/2009-2015\\\/zgjedhje-te-reja-apo-drejt-veteshpartallimit\\\/\",\"name\":\"Zgjedhje t\u00eb reja apo drejt vet\u00ebshpartallimit! - FjALA e LIR\u00cb - Arkivi\",\"isPartOf\":{\"@id\":\"https:\\\/\\\/fjala.info\\\/2009-2015\\\/#website\"},\"primaryImageOfPage\":{\"@id\":\"https:\\\/\\\/fjala.info\\\/2009-2015\\\/zgjedhje-te-reja-apo-drejt-veteshpartallimit\\\/#primaryimage\"},\"image\":{\"@id\":\"https:\\\/\\\/fjala.info\\\/2009-2015\\\/zgjedhje-te-reja-apo-drejt-veteshpartallimit\\\/#primaryimage\"},\"thumbnailUrl\":\"http:\\\/\\\/www.shkoder.net\\\/images\\\/fjala\\\/shpetim_nazarko.jpg\",\"datePublished\":\"2010-07-11T21:36:30+00:00\",\"breadcrumb\":{\"@id\":\"https:\\\/\\\/fjala.info\\\/2009-2015\\\/zgjedhje-te-reja-apo-drejt-veteshpartallimit\\\/#breadcrumb\"},\"inLanguage\":\"sq-AL\",\"potentialAction\":[{\"@type\":\"ReadAction\",\"target\":[\"https:\\\/\\\/fjala.info\\\/2009-2015\\\/zgjedhje-te-reja-apo-drejt-veteshpartallimit\\\/\"]}]},{\"@type\":\"ImageObject\",\"inLanguage\":\"sq-AL\",\"@id\":\"https:\\\/\\\/fjala.info\\\/2009-2015\\\/zgjedhje-te-reja-apo-drejt-veteshpartallimit\\\/#primaryimage\",\"url\":\"http:\\\/\\\/www.shkoder.net\\\/images\\\/fjala\\\/shpetim_nazarko.jpg\",\"contentUrl\":\"http:\\\/\\\/www.shkoder.net\\\/images\\\/fjala\\\/shpetim_nazarko.jpg\"},{\"@type\":\"BreadcrumbList\",\"@id\":\"https:\\\/\\\/fjala.info\\\/2009-2015\\\/zgjedhje-te-reja-apo-drejt-veteshpartallimit\\\/#breadcrumb\",\"itemListElement\":[{\"@type\":\"ListItem\",\"position\":1,\"name\":\"Home\",\"item\":\"https:\\\/\\\/fjala.info\\\/2009-2015\\\/\"},{\"@type\":\"ListItem\",\"position\":2,\"name\":\"Zgjedhje t\u00eb reja apo drejt vet\u00ebshpartallimit!\"}]},{\"@type\":\"WebSite\",\"@id\":\"https:\\\/\\\/fjala.info\\\/2009-2015\\\/#website\",\"url\":\"https:\\\/\\\/fjala.info\\\/2009-2015\\\/\",\"name\":\"FjALA e LIR\u00cb - Arkivi\",\"description\":\"Arkivi 2009-2015\",\"publisher\":{\"@id\":\"https:\\\/\\\/fjala.info\\\/2009-2015\\\/#organization\"},\"potentialAction\":[{\"@type\":\"SearchAction\",\"target\":{\"@type\":\"EntryPoint\",\"urlTemplate\":\"https:\\\/\\\/fjala.info\\\/2009-2015\\\/?s={search_term_string}\"},\"query-input\":{\"@type\":\"PropertyValueSpecification\",\"valueRequired\":true,\"valueName\":\"search_term_string\"}}],\"inLanguage\":\"sq-AL\"},{\"@type\":\"Organization\",\"@id\":\"https:\\\/\\\/fjala.info\\\/2009-2015\\\/#organization\",\"name\":\"FjALA e LIR\u00cb - Arkivi\",\"url\":\"https:\\\/\\\/fjala.info\\\/2009-2015\\\/\",\"logo\":{\"@type\":\"ImageObject\",\"inLanguage\":\"sq-AL\",\"@id\":\"https:\\\/\\\/fjala.info\\\/2009-2015\\\/#\\\/schema\\\/logo\\\/image\\\/\",\"url\":\"\",\"contentUrl\":\"\",\"caption\":\"FjALA e LIR\u00cb - Arkivi\"},\"image\":{\"@id\":\"https:\\\/\\\/fjala.info\\\/2009-2015\\\/#\\\/schema\\\/logo\\\/image\\\/\"}},{\"@type\":\"Person\",\"@id\":\"https:\\\/\\\/fjala.info\\\/2009-2015\\\/#\\\/schema\\\/person\\\/3aa1163ef05469c496fc94e77611ada2\",\"name\":\"admin\",\"image\":{\"@type\":\"ImageObject\",\"inLanguage\":\"sq-AL\",\"@id\":\"https:\\\/\\\/fjala.info\\\/2009-2015\\\/wp-content\\\/uploads\\\/2012\\\/02\\\/arben_cokaj-120x150.jpg\",\"url\":\"https:\\\/\\\/fjala.info\\\/2009-2015\\\/wp-content\\\/uploads\\\/2012\\\/02\\\/arben_cokaj-120x150.jpg\",\"contentUrl\":\"https:\\\/\\\/fjala.info\\\/2009-2015\\\/wp-content\\\/uploads\\\/2012\\\/02\\\/arben_cokaj-120x150.jpg\",\"caption\":\"admin\"},\"description\":\"Admin, Fjala e Lir\u00eb\",\"sameAs\":[\"https:\\\/\\\/fjala.info\\\/\"],\"url\":\"https:\\\/\\\/fjala.info\\\/2009-2015\\\/author\\\/admin\\\/\"}]}<\/script>\n<!-- \/ Yoast SEO plugin. -->","yoast_head_json":{"title":"Zgjedhje t\u00eb reja apo drejt vet\u00ebshpartallimit! - FjALA e LIR\u00cb - Arkivi","robots":{"index":"index","follow":"follow","max-snippet":"max-snippet:-1","max-image-preview":"max-image-preview:large","max-video-preview":"max-video-preview:-1"},"canonical":"https:\/\/fjala.info\/2009-2015\/zgjedhje-te-reja-apo-drejt-veteshpartallimit\/","og_locale":"sq_AL","og_type":"article","og_title":"Zgjedhje t\u00eb reja apo drejt vet\u00ebshpartallimit! - FjALA e LIR\u00cb - Arkivi","og_description":"Shp\u00ebtim Nazarko, 11.07.2010 Kjo minianaliz\u00eb faktikisht ishte duke u shkruar, kur FMN po debatonte me ekspert\u00ebt e dy pal\u00ebve p\u00ebr gjendjen ekonomike. Ekspert\u00ebt e huaj mendojn\u00eb se n\u00ebse e teprojm\u00eb dhe nuk marrim masa urgjente, do t\u00eb kemi fatin e Greqis\u00eb. Megjith\u00eb respektin p\u00ebr ta, mendoj se i ngjajn\u00eb doktor\u00ebve q\u00eb konstatojn\u00eb nj\u00eb problem t\u00eb [&hellip;]","og_url":"https:\/\/fjala.info\/2009-2015\/zgjedhje-te-reja-apo-drejt-veteshpartallimit\/","og_site_name":"FjALA e LIR\u00cb - Arkivi","article_published_time":"2010-07-11T21:36:30+00:00","og_image":[{"url":"http:\/\/www.shkoder.net\/images\/fjala\/shpetim_nazarko.jpg","type":"","width":"","height":""}],"author":"admin","twitter_card":"summary_large_image","twitter_misc":{"Written by":"admin","Est. reading time":"11 minutes"},"schema":{"@context":"https:\/\/schema.org","@graph":[{"@type":"Article","@id":"https:\/\/fjala.info\/2009-2015\/zgjedhje-te-reja-apo-drejt-veteshpartallimit\/#article","isPartOf":{"@id":"https:\/\/fjala.info\/2009-2015\/zgjedhje-te-reja-apo-drejt-veteshpartallimit\/"},"author":{"name":"admin","@id":"https:\/\/fjala.info\/2009-2015\/#\/schema\/person\/3aa1163ef05469c496fc94e77611ada2"},"headline":"Zgjedhje t\u00eb reja apo drejt vet\u00ebshpartallimit!","datePublished":"2010-07-11T21:36:30+00:00","mainEntityOfPage":{"@id":"https:\/\/fjala.info\/2009-2015\/zgjedhje-te-reja-apo-drejt-veteshpartallimit\/"},"wordCount":2238,"commentCount":0,"publisher":{"@id":"https:\/\/fjala.info\/2009-2015\/#organization"},"image":{"@id":"https:\/\/fjala.info\/2009-2015\/zgjedhje-te-reja-apo-drejt-veteshpartallimit\/#primaryimage"},"thumbnailUrl":"http:\/\/www.shkoder.net\/images\/fjala\/shpetim_nazarko.jpg","articleSection":["Artikuj"],"inLanguage":"sq-AL","potentialAction":[{"@type":"CommentAction","name":"Comment","target":["https:\/\/fjala.info\/2009-2015\/zgjedhje-te-reja-apo-drejt-veteshpartallimit\/#respond"]}]},{"@type":"WebPage","@id":"https:\/\/fjala.info\/2009-2015\/zgjedhje-te-reja-apo-drejt-veteshpartallimit\/","url":"https:\/\/fjala.info\/2009-2015\/zgjedhje-te-reja-apo-drejt-veteshpartallimit\/","name":"Zgjedhje t\u00eb reja apo drejt vet\u00ebshpartallimit! - FjALA e LIR\u00cb - Arkivi","isPartOf":{"@id":"https:\/\/fjala.info\/2009-2015\/#website"},"primaryImageOfPage":{"@id":"https:\/\/fjala.info\/2009-2015\/zgjedhje-te-reja-apo-drejt-veteshpartallimit\/#primaryimage"},"image":{"@id":"https:\/\/fjala.info\/2009-2015\/zgjedhje-te-reja-apo-drejt-veteshpartallimit\/#primaryimage"},"thumbnailUrl":"http:\/\/www.shkoder.net\/images\/fjala\/shpetim_nazarko.jpg","datePublished":"2010-07-11T21:36:30+00:00","breadcrumb":{"@id":"https:\/\/fjala.info\/2009-2015\/zgjedhje-te-reja-apo-drejt-veteshpartallimit\/#breadcrumb"},"inLanguage":"sq-AL","potentialAction":[{"@type":"ReadAction","target":["https:\/\/fjala.info\/2009-2015\/zgjedhje-te-reja-apo-drejt-veteshpartallimit\/"]}]},{"@type":"ImageObject","inLanguage":"sq-AL","@id":"https:\/\/fjala.info\/2009-2015\/zgjedhje-te-reja-apo-drejt-veteshpartallimit\/#primaryimage","url":"http:\/\/www.shkoder.net\/images\/fjala\/shpetim_nazarko.jpg","contentUrl":"http:\/\/www.shkoder.net\/images\/fjala\/shpetim_nazarko.jpg"},{"@type":"BreadcrumbList","@id":"https:\/\/fjala.info\/2009-2015\/zgjedhje-te-reja-apo-drejt-veteshpartallimit\/#breadcrumb","itemListElement":[{"@type":"ListItem","position":1,"name":"Home","item":"https:\/\/fjala.info\/2009-2015\/"},{"@type":"ListItem","position":2,"name":"Zgjedhje t\u00eb reja apo drejt vet\u00ebshpartallimit!"}]},{"@type":"WebSite","@id":"https:\/\/fjala.info\/2009-2015\/#website","url":"https:\/\/fjala.info\/2009-2015\/","name":"FjALA e LIR\u00cb - Arkivi","description":"Arkivi 2009-2015","publisher":{"@id":"https:\/\/fjala.info\/2009-2015\/#organization"},"potentialAction":[{"@type":"SearchAction","target":{"@type":"EntryPoint","urlTemplate":"https:\/\/fjala.info\/2009-2015\/?s={search_term_string}"},"query-input":{"@type":"PropertyValueSpecification","valueRequired":true,"valueName":"search_term_string"}}],"inLanguage":"sq-AL"},{"@type":"Organization","@id":"https:\/\/fjala.info\/2009-2015\/#organization","name":"FjALA e LIR\u00cb - Arkivi","url":"https:\/\/fjala.info\/2009-2015\/","logo":{"@type":"ImageObject","inLanguage":"sq-AL","@id":"https:\/\/fjala.info\/2009-2015\/#\/schema\/logo\/image\/","url":"","contentUrl":"","caption":"FjALA e LIR\u00cb - Arkivi"},"image":{"@id":"https:\/\/fjala.info\/2009-2015\/#\/schema\/logo\/image\/"}},{"@type":"Person","@id":"https:\/\/fjala.info\/2009-2015\/#\/schema\/person\/3aa1163ef05469c496fc94e77611ada2","name":"admin","image":{"@type":"ImageObject","inLanguage":"sq-AL","@id":"https:\/\/fjala.info\/2009-2015\/wp-content\/uploads\/2012\/02\/arben_cokaj-120x150.jpg","url":"https:\/\/fjala.info\/2009-2015\/wp-content\/uploads\/2012\/02\/arben_cokaj-120x150.jpg","contentUrl":"https:\/\/fjala.info\/2009-2015\/wp-content\/uploads\/2012\/02\/arben_cokaj-120x150.jpg","caption":"admin"},"description":"Admin, Fjala e Lir\u00eb","sameAs":["https:\/\/fjala.info\/"],"url":"https:\/\/fjala.info\/2009-2015\/author\/admin\/"}]}},"_links":{"self":[{"href":"https:\/\/fjala.info\/2009-2015\/wp-json\/wp\/v2\/posts\/3288","targetHints":{"allow":["GET"]}}],"collection":[{"href":"https:\/\/fjala.info\/2009-2015\/wp-json\/wp\/v2\/posts"}],"about":[{"href":"https:\/\/fjala.info\/2009-2015\/wp-json\/wp\/v2\/types\/post"}],"author":[{"embeddable":true,"href":"https:\/\/fjala.info\/2009-2015\/wp-json\/wp\/v2\/users\/1"}],"replies":[{"embeddable":true,"href":"https:\/\/fjala.info\/2009-2015\/wp-json\/wp\/v2\/comments?post=3288"}],"version-history":[{"count":0,"href":"https:\/\/fjala.info\/2009-2015\/wp-json\/wp\/v2\/posts\/3288\/revisions"}],"wp:attachment":[{"href":"https:\/\/fjala.info\/2009-2015\/wp-json\/wp\/v2\/media?parent=3288"}],"wp:term":[{"taxonomy":"category","embeddable":true,"href":"https:\/\/fjala.info\/2009-2015\/wp-json\/wp\/v2\/categories?post=3288"},{"taxonomy":"post_tag","embeddable":true,"href":"https:\/\/fjala.info\/2009-2015\/wp-json\/wp\/v2\/tags?post=3288"}],"curies":[{"name":"wp","href":"https:\/\/api.w.org\/{rel}","templated":true}]}}