{"id":3285,"date":"2012-06-13T23:47:39","date_gmt":"2012-06-13T22:47:39","guid":{"rendered":"http:\/\/www.fjala.info\/?p=3285"},"modified":"2012-06-13T23:47:39","modified_gmt":"2012-06-13T22:47:39","slug":"njeriu-me-antiplumb","status":"publish","type":"post","link":"https:\/\/fjala.info\/2009-2015\/njeriu-me-antiplumb\/","title":{"rendered":"Njeriu me antiplumb"},"content":{"rendered":"<p><img decoding=\"async\" class=\"alignleft size-thumbnail wp-image-7236\" title=\"Kreshnik Spahiu\" src=\"http:\/\/www.fjala.info\/2012\/kreshnik_spahiu.jpg\" alt=\"\" width=\"200\" \/> <strong>Kreshnik Spahiu<\/strong><\/p>\n<p>Pas 100 vjet pavar\u00ebsi m\u00eb s\u00eb fundmi u shfaq edhe nj\u00eb njeri n\u00eb krye t\u00eb shtetit i cili udh\u00ebton me autoblind apo t\u00eb vishet me antiplumb. N\u00eb shekullin 21 asnj\u00eb nga lider\u00ebt bot\u00ebror nga Kuba n\u00eb Kin\u00eb nuk shfaqen kurr\u00eb n\u00eb pamje t\u00eb tilla. N\u00eb pamjet dhe lajmet q\u00eb p\u00ebrcillen nga Shqip\u00ebria v\u00ebrtet ka rrethana t\u00eb nj\u00eb lufte t\u00eb ftoht\u00eb. Lider\u00ebt nuk takohen prej vitesh dhe duhen qindra negociator\u00eb t\u00eb huaj q\u00eb t\u00eb bindin drejtuesit e shtetit dhe politik\u00ebs t\u2019i shtr\u00ebngojn\u00eb dor\u00ebn nj\u00ebri tjetrit, nd\u00ebrsa vrasjet dhe plagosjet arrijn\u00eb shifrat e Afganistanit, tensioni dhe akuzat reciproke t\u00eb pal\u00ebve jan\u00eb n\u00eb nivelet m\u00eb t\u00eb larta.<\/p>\n<p>N\u00eb k\u00ebt\u00eb amulli n\u00eb m\u00ebnyr\u00eb paradoksale shfaqet njeriu me antiplumb i cili hap sezonin turistik duke b\u00ebr\u00eb thirrje shtetasve t\u00eb huaj q\u00eb t\u00eb frekuentojn\u00eb Shqip\u00ebrin\u00eb. Pas nj\u00eb zvarritje dhe skenari mediatik t\u00eb q\u00ebndisur, kryeministri m\u00eb s\u00eb fundmi zgjodhi edhe presidentin e ri t\u00eb vendit. Tre muaj m\u00eb par\u00eb n\u00eb retrospektiv, mediat pran\u00eb qeveris\u00eb dhe kryeministrit l\u00ebshuan skifter\u00ebt e analizave dhe debateve mediatike p\u00ebr t\u00eb lan\u00e7uar emrin e ish-kryeministrit Nano si nj\u00eb nga kandidaturat m\u00eb t\u00eb mundshme p\u00ebr t\u00eb qen\u00eb president i vendit.<\/p>\n<p>P\u00ebr dy muaj iu p\u00ebrgatit nj\u00eb axhend\u00eb groteske qokash politikan\u00ebsh ku t\u00eb gjith\u00eb kanalet televizive transmetonin haberet e kafeve me \u201csheqer apo pa sheqer\u201d t\u00eb ish-kryeministrit t\u00eb sapo kthyer nga Viena. Skenari kishte sigurisht t\u00eb nj\u00ebjtin regjisor, njeriun me antiplumb i cili d\u00ebshironte t\u00eb fuste nj\u00eb kandidatur\u00eb politike t\u00eb majt\u00eb p\u00ebr t\u00eb legjitimuar m\u00eb pas futjen e nj\u00eb nga drejtuesve politik\u00eb t\u00eb PD n\u00eb gar\u00ebn presidenciale dhe ta justifikonte zgjedhjen politike. Nd\u00ebr t\u00eb tjera karikimi i Nanos si kandidat do t\u00eb arrinte t\u00eb ndizte rivalitetin e kahersh\u00ebm mes Ram\u00ebs dhe Nanos.<\/p>\n<p>Ambasador\u00ebt e huaj, por dhe t\u00eb d\u00ebrguarit e Brukselit hidhnin e prisnin ndonj\u00eb mesazh tangent p\u00ebr konsensus por duke b\u00ebr\u00eb t\u00eb qart\u00eb se do t\u00eb njihnin n\u00eb fund \u00e7do zgjedhje kushtetuese. Skenari i njeriut antiplumb do t\u00eb vazhdonte me futjen e dy kandidaturave t\u00eb nj\u00eb pas nj\u00ebshme jasht\u00eb politik\u00ebs por q\u00eb n\u00eb bindjen e tij kur nuk do t\u2019i votonte, por do t\u00eb mjaftonte fakti q\u00eb kreu i opozit\u00ebs Rama t\u00eb refuzonte emrat jo politik\u00eb t\u00eb Zaganjorit dhe Hoxh\u00ebs sepse n\u00eb vetvete ai e kishte t\u00eb qart\u00eb skenarin p\u00ebrfundimtar.<\/p>\n<p>Nxjerrja para kohe e emrave t\u00eb kandidat\u00ebve politik\u00eb do t\u00eb ngjallte reaksion dhe presion nd\u00ebrkomb\u00ebtar si dhe do ta nxirrnin Berish\u00ebn q\u00eb nuk ka vullnet p\u00ebr dialog. Skenari duhet t\u00eb ndodhte ndryshe q\u00eb t\u00eb bindeshin nd\u00ebrkomb\u00ebtar\u00ebt q\u00eb \u00ebsht\u00eb ai i hapur p\u00ebr konsensus dhe p\u00ebr kandidatura jasht\u00eb politike, por ata nuk i do as opozita por edhe u t\u00ebrhoq\u00ebn.<\/p>\n<p>Kandidaturat politike duhet t\u00eb dilnin dit\u00ebn e fundit madje or\u00ebn e fundit ku PD t\u00eb k\u00ebrc\u00ebnohej me zgjedhje t\u00eb parakohshme dhe deputet\u00ebt me mandatin q\u00eb mund ta humbasin nj\u00eb vit para kohe e q\u00eb s\u2019mund ta fitojn\u00eb s\u00ebrish. Nd\u00ebr t\u00eb tjera kandidaturat politike t\u00eb minut\u00ebs s\u00eb fundit i hiqnin \u00e7do mund\u00ebsi nd\u00ebrkomb\u00ebtar\u00ebve p\u00ebr t\u00eb nd\u00ebrhyr\u00eb. Debati p\u00ebr tre muaj u p\u00ebrqendrua tek emrat dhe jo tek arsyet q\u00eb pse kryeministri e k\u00ebrkon n\u00eb \u00e7do form\u00eb kontrollin mbi presidenc\u00ebn, KLD, Prokurori, SHISH, Gjykata, K\u00ebshilli i Siguris\u00eb, em\u00ebrimi i ambasador\u00ebve etj. Koalicioni qeveritar u rreshtua si repart ushtarak dhe \u00e7do iluzion p\u00ebr ndarje \u00ebsht\u00eb i kot\u00eb pasi interesat personale dhe partiake si gjithmon\u00eb treguan se jan\u00eb mbi ato t\u00eb Shqip\u00ebris\u00eb.<\/p>\n<p>Ish-komunisti i fundit n\u00eb Evrop\u00eb ka vendosur hegjemonin\u00eb politike mbi shtetin n\u00ebn parimin parti-shtet. Analizat nuk po munden t\u00eb largohen nga kandidat\u00ebt q\u00eb u dor\u00ebhoq\u00ebn apo nga zoti Nishani q\u00eb sot \u00ebsht\u00eb Presidenti i Shqip\u00ebris\u00eb. Ata nuk jan\u00eb e keqja e procesit apo e sistemit. Demokracia parlamentare shqiptare ka nj\u00eb armik i cili ka emrin e atij q\u00eb vishet me antiplumb dhe nuk e imagjinon largimin n\u00eb rrug\u00eb paq\u00ebsore dhe me zgjedhje t\u00eb lira nga pushtetit. Ai ka humbur lirin\u00eb e tij dhe ka bindjen q\u00eb nuk mund t\u00eb rikthehet n\u00eb jet\u00ebn e dikurshme. P\u00ebr k\u00ebto arsye ai k\u00ebrkon kontrollin mbi institucionet, pushtetet, mediat, shoq\u00ebrin\u00eb civile, pasurit\u00eb komb\u00ebtare, privatizimet, prokurimet, koncesionet dhe burimet njer\u00ebzore. Sikur t\u00eb mos mjaftonte kaq, do ai ende shpreson se mund t\u00eb shtiret si patriot apo lideri i duarve t\u00eb pastra. Ruajna o Zot se kush e di \u00e7\u2019tjet\u00ebr ka nd\u00ebr mend.<\/p>\n","protected":false},"excerpt":{"rendered":"<p>Kreshnik Spahiu Pas 100 vjet pavar\u00ebsi m\u00eb s\u00eb fundmi u shfaq edhe nj\u00eb njeri n\u00eb krye t\u00eb shtetit i cili udh\u00ebton me autoblind apo t\u00eb vishet me antiplumb. N\u00eb shekullin 21 asnj\u00eb nga lider\u00ebt bot\u00ebror nga Kuba n\u00eb Kin\u00eb nuk shfaqen kurr\u00eb n\u00eb pamje t\u00eb tilla. N\u00eb pamjet dhe lajmet q\u00eb p\u00ebrcillen nga Shqip\u00ebria v\u00ebrtet [&hellip;]<\/p>\n","protected":false},"author":1,"featured_media":0,"comment_status":"open","ping_status":"closed","sticky":false,"template":"","format":"standard","meta":{"footnotes":""},"categories":[2],"tags":[],"class_list":{"0":"post-3285","1":"post","2":"type-post","3":"status-publish","4":"format-standard","6":"category-artikuj"},"yoast_head":"<!-- This site is optimized with the Yoast SEO plugin v27.4 - https:\/\/yoast.com\/product\/yoast-seo-wordpress\/ -->\n<title>Njeriu me antiplumb - FjALA e LIR\u00cb - Arkivi<\/title>\n<meta name=\"robots\" content=\"index, follow, max-snippet:-1, max-image-preview:large, max-video-preview:-1\" \/>\n<link rel=\"canonical\" href=\"https:\/\/fjala.info\/2009-2015\/njeriu-me-antiplumb\/\" \/>\n<meta property=\"og:locale\" content=\"sq_AL\" \/>\n<meta property=\"og:type\" content=\"article\" \/>\n<meta property=\"og:title\" content=\"Njeriu me antiplumb - FjALA e LIR\u00cb - Arkivi\" \/>\n<meta property=\"og:description\" content=\"Kreshnik Spahiu Pas 100 vjet pavar\u00ebsi m\u00eb s\u00eb fundmi u shfaq edhe nj\u00eb njeri n\u00eb krye t\u00eb shtetit i cili udh\u00ebton me autoblind apo t\u00eb vishet me antiplumb. N\u00eb shekullin 21 asnj\u00eb nga lider\u00ebt bot\u00ebror nga Kuba n\u00eb Kin\u00eb nuk shfaqen kurr\u00eb n\u00eb pamje t\u00eb tilla. N\u00eb pamjet dhe lajmet q\u00eb p\u00ebrcillen nga Shqip\u00ebria v\u00ebrtet [&hellip;]\" \/>\n<meta property=\"og:url\" content=\"https:\/\/fjala.info\/2009-2015\/njeriu-me-antiplumb\/\" \/>\n<meta property=\"og:site_name\" content=\"FjALA e LIR\u00cb - Arkivi\" \/>\n<meta property=\"article:published_time\" content=\"2012-06-13T22:47:39+00:00\" \/>\n<meta property=\"og:image\" content=\"http:\/\/www.fjala.info\/2012\/kreshnik_spahiu.jpg\" \/>\n<meta name=\"author\" content=\"admin\" \/>\n<meta name=\"twitter:card\" content=\"summary_large_image\" \/>\n<meta name=\"twitter:label1\" content=\"Written by\" \/>\n\t<meta name=\"twitter:data1\" content=\"admin\" \/>\n\t<meta name=\"twitter:label2\" content=\"Est. reading time\" \/>\n\t<meta name=\"twitter:data2\" content=\"4 minutes\" \/>\n<script type=\"application\/ld+json\" class=\"yoast-schema-graph\">{\"@context\":\"https:\\\/\\\/schema.org\",\"@graph\":[{\"@type\":\"Article\",\"@id\":\"https:\\\/\\\/fjala.info\\\/2009-2015\\\/njeriu-me-antiplumb\\\/#article\",\"isPartOf\":{\"@id\":\"https:\\\/\\\/fjala.info\\\/2009-2015\\\/njeriu-me-antiplumb\\\/\"},\"author\":{\"name\":\"admin\",\"@id\":\"https:\\\/\\\/fjala.info\\\/2009-2015\\\/#\\\/schema\\\/person\\\/3aa1163ef05469c496fc94e77611ada2\"},\"headline\":\"Njeriu me antiplumb\",\"datePublished\":\"2012-06-13T22:47:39+00:00\",\"mainEntityOfPage\":{\"@id\":\"https:\\\/\\\/fjala.info\\\/2009-2015\\\/njeriu-me-antiplumb\\\/\"},\"wordCount\":788,\"commentCount\":0,\"publisher\":{\"@id\":\"https:\\\/\\\/fjala.info\\\/2009-2015\\\/#organization\"},\"image\":{\"@id\":\"https:\\\/\\\/fjala.info\\\/2009-2015\\\/njeriu-me-antiplumb\\\/#primaryimage\"},\"thumbnailUrl\":\"http:\\\/\\\/www.fjala.info\\\/2012\\\/kreshnik_spahiu.jpg\",\"articleSection\":[\"Artikuj\"],\"inLanguage\":\"sq-AL\",\"potentialAction\":[{\"@type\":\"CommentAction\",\"name\":\"Comment\",\"target\":[\"https:\\\/\\\/fjala.info\\\/2009-2015\\\/njeriu-me-antiplumb\\\/#respond\"]}]},{\"@type\":\"WebPage\",\"@id\":\"https:\\\/\\\/fjala.info\\\/2009-2015\\\/njeriu-me-antiplumb\\\/\",\"url\":\"https:\\\/\\\/fjala.info\\\/2009-2015\\\/njeriu-me-antiplumb\\\/\",\"name\":\"Njeriu me antiplumb - FjALA e LIR\u00cb - Arkivi\",\"isPartOf\":{\"@id\":\"https:\\\/\\\/fjala.info\\\/2009-2015\\\/#website\"},\"primaryImageOfPage\":{\"@id\":\"https:\\\/\\\/fjala.info\\\/2009-2015\\\/njeriu-me-antiplumb\\\/#primaryimage\"},\"image\":{\"@id\":\"https:\\\/\\\/fjala.info\\\/2009-2015\\\/njeriu-me-antiplumb\\\/#primaryimage\"},\"thumbnailUrl\":\"http:\\\/\\\/www.fjala.info\\\/2012\\\/kreshnik_spahiu.jpg\",\"datePublished\":\"2012-06-13T22:47:39+00:00\",\"breadcrumb\":{\"@id\":\"https:\\\/\\\/fjala.info\\\/2009-2015\\\/njeriu-me-antiplumb\\\/#breadcrumb\"},\"inLanguage\":\"sq-AL\",\"potentialAction\":[{\"@type\":\"ReadAction\",\"target\":[\"https:\\\/\\\/fjala.info\\\/2009-2015\\\/njeriu-me-antiplumb\\\/\"]}]},{\"@type\":\"ImageObject\",\"inLanguage\":\"sq-AL\",\"@id\":\"https:\\\/\\\/fjala.info\\\/2009-2015\\\/njeriu-me-antiplumb\\\/#primaryimage\",\"url\":\"http:\\\/\\\/www.fjala.info\\\/2012\\\/kreshnik_spahiu.jpg\",\"contentUrl\":\"http:\\\/\\\/www.fjala.info\\\/2012\\\/kreshnik_spahiu.jpg\"},{\"@type\":\"BreadcrumbList\",\"@id\":\"https:\\\/\\\/fjala.info\\\/2009-2015\\\/njeriu-me-antiplumb\\\/#breadcrumb\",\"itemListElement\":[{\"@type\":\"ListItem\",\"position\":1,\"name\":\"Home\",\"item\":\"https:\\\/\\\/fjala.info\\\/2009-2015\\\/\"},{\"@type\":\"ListItem\",\"position\":2,\"name\":\"Njeriu me antiplumb\"}]},{\"@type\":\"WebSite\",\"@id\":\"https:\\\/\\\/fjala.info\\\/2009-2015\\\/#website\",\"url\":\"https:\\\/\\\/fjala.info\\\/2009-2015\\\/\",\"name\":\"FjALA e LIR\u00cb - Arkivi\",\"description\":\"Arkivi 2009-2015\",\"publisher\":{\"@id\":\"https:\\\/\\\/fjala.info\\\/2009-2015\\\/#organization\"},\"potentialAction\":[{\"@type\":\"SearchAction\",\"target\":{\"@type\":\"EntryPoint\",\"urlTemplate\":\"https:\\\/\\\/fjala.info\\\/2009-2015\\\/?s={search_term_string}\"},\"query-input\":{\"@type\":\"PropertyValueSpecification\",\"valueRequired\":true,\"valueName\":\"search_term_string\"}}],\"inLanguage\":\"sq-AL\"},{\"@type\":\"Organization\",\"@id\":\"https:\\\/\\\/fjala.info\\\/2009-2015\\\/#organization\",\"name\":\"FjALA e LIR\u00cb - Arkivi\",\"url\":\"https:\\\/\\\/fjala.info\\\/2009-2015\\\/\",\"logo\":{\"@type\":\"ImageObject\",\"inLanguage\":\"sq-AL\",\"@id\":\"https:\\\/\\\/fjala.info\\\/2009-2015\\\/#\\\/schema\\\/logo\\\/image\\\/\",\"url\":\"\",\"contentUrl\":\"\",\"caption\":\"FjALA e LIR\u00cb - Arkivi\"},\"image\":{\"@id\":\"https:\\\/\\\/fjala.info\\\/2009-2015\\\/#\\\/schema\\\/logo\\\/image\\\/\"}},{\"@type\":\"Person\",\"@id\":\"https:\\\/\\\/fjala.info\\\/2009-2015\\\/#\\\/schema\\\/person\\\/3aa1163ef05469c496fc94e77611ada2\",\"name\":\"admin\",\"image\":{\"@type\":\"ImageObject\",\"inLanguage\":\"sq-AL\",\"@id\":\"https:\\\/\\\/fjala.info\\\/2009-2015\\\/wp-content\\\/uploads\\\/2012\\\/02\\\/arben_cokaj-120x150.jpg\",\"url\":\"https:\\\/\\\/fjala.info\\\/2009-2015\\\/wp-content\\\/uploads\\\/2012\\\/02\\\/arben_cokaj-120x150.jpg\",\"contentUrl\":\"https:\\\/\\\/fjala.info\\\/2009-2015\\\/wp-content\\\/uploads\\\/2012\\\/02\\\/arben_cokaj-120x150.jpg\",\"caption\":\"admin\"},\"description\":\"Admin, Fjala e Lir\u00eb\",\"sameAs\":[\"https:\\\/\\\/fjala.info\\\/\"],\"url\":\"https:\\\/\\\/fjala.info\\\/2009-2015\\\/author\\\/admin\\\/\"}]}<\/script>\n<!-- \/ Yoast SEO plugin. -->","yoast_head_json":{"title":"Njeriu me antiplumb - FjALA e LIR\u00cb - Arkivi","robots":{"index":"index","follow":"follow","max-snippet":"max-snippet:-1","max-image-preview":"max-image-preview:large","max-video-preview":"max-video-preview:-1"},"canonical":"https:\/\/fjala.info\/2009-2015\/njeriu-me-antiplumb\/","og_locale":"sq_AL","og_type":"article","og_title":"Njeriu me antiplumb - FjALA e LIR\u00cb - Arkivi","og_description":"Kreshnik Spahiu Pas 100 vjet pavar\u00ebsi m\u00eb s\u00eb fundmi u shfaq edhe nj\u00eb njeri n\u00eb krye t\u00eb shtetit i cili udh\u00ebton me autoblind apo t\u00eb vishet me antiplumb. N\u00eb shekullin 21 asnj\u00eb nga lider\u00ebt bot\u00ebror nga Kuba n\u00eb Kin\u00eb nuk shfaqen kurr\u00eb n\u00eb pamje t\u00eb tilla. N\u00eb pamjet dhe lajmet q\u00eb p\u00ebrcillen nga Shqip\u00ebria v\u00ebrtet [&hellip;]","og_url":"https:\/\/fjala.info\/2009-2015\/njeriu-me-antiplumb\/","og_site_name":"FjALA e LIR\u00cb - Arkivi","article_published_time":"2012-06-13T22:47:39+00:00","og_image":[{"url":"http:\/\/www.fjala.info\/2012\/kreshnik_spahiu.jpg","type":"","width":"","height":""}],"author":"admin","twitter_card":"summary_large_image","twitter_misc":{"Written by":"admin","Est. reading time":"4 minutes"},"schema":{"@context":"https:\/\/schema.org","@graph":[{"@type":"Article","@id":"https:\/\/fjala.info\/2009-2015\/njeriu-me-antiplumb\/#article","isPartOf":{"@id":"https:\/\/fjala.info\/2009-2015\/njeriu-me-antiplumb\/"},"author":{"name":"admin","@id":"https:\/\/fjala.info\/2009-2015\/#\/schema\/person\/3aa1163ef05469c496fc94e77611ada2"},"headline":"Njeriu me antiplumb","datePublished":"2012-06-13T22:47:39+00:00","mainEntityOfPage":{"@id":"https:\/\/fjala.info\/2009-2015\/njeriu-me-antiplumb\/"},"wordCount":788,"commentCount":0,"publisher":{"@id":"https:\/\/fjala.info\/2009-2015\/#organization"},"image":{"@id":"https:\/\/fjala.info\/2009-2015\/njeriu-me-antiplumb\/#primaryimage"},"thumbnailUrl":"http:\/\/www.fjala.info\/2012\/kreshnik_spahiu.jpg","articleSection":["Artikuj"],"inLanguage":"sq-AL","potentialAction":[{"@type":"CommentAction","name":"Comment","target":["https:\/\/fjala.info\/2009-2015\/njeriu-me-antiplumb\/#respond"]}]},{"@type":"WebPage","@id":"https:\/\/fjala.info\/2009-2015\/njeriu-me-antiplumb\/","url":"https:\/\/fjala.info\/2009-2015\/njeriu-me-antiplumb\/","name":"Njeriu me antiplumb - FjALA e LIR\u00cb - Arkivi","isPartOf":{"@id":"https:\/\/fjala.info\/2009-2015\/#website"},"primaryImageOfPage":{"@id":"https:\/\/fjala.info\/2009-2015\/njeriu-me-antiplumb\/#primaryimage"},"image":{"@id":"https:\/\/fjala.info\/2009-2015\/njeriu-me-antiplumb\/#primaryimage"},"thumbnailUrl":"http:\/\/www.fjala.info\/2012\/kreshnik_spahiu.jpg","datePublished":"2012-06-13T22:47:39+00:00","breadcrumb":{"@id":"https:\/\/fjala.info\/2009-2015\/njeriu-me-antiplumb\/#breadcrumb"},"inLanguage":"sq-AL","potentialAction":[{"@type":"ReadAction","target":["https:\/\/fjala.info\/2009-2015\/njeriu-me-antiplumb\/"]}]},{"@type":"ImageObject","inLanguage":"sq-AL","@id":"https:\/\/fjala.info\/2009-2015\/njeriu-me-antiplumb\/#primaryimage","url":"http:\/\/www.fjala.info\/2012\/kreshnik_spahiu.jpg","contentUrl":"http:\/\/www.fjala.info\/2012\/kreshnik_spahiu.jpg"},{"@type":"BreadcrumbList","@id":"https:\/\/fjala.info\/2009-2015\/njeriu-me-antiplumb\/#breadcrumb","itemListElement":[{"@type":"ListItem","position":1,"name":"Home","item":"https:\/\/fjala.info\/2009-2015\/"},{"@type":"ListItem","position":2,"name":"Njeriu me antiplumb"}]},{"@type":"WebSite","@id":"https:\/\/fjala.info\/2009-2015\/#website","url":"https:\/\/fjala.info\/2009-2015\/","name":"FjALA e LIR\u00cb - Arkivi","description":"Arkivi 2009-2015","publisher":{"@id":"https:\/\/fjala.info\/2009-2015\/#organization"},"potentialAction":[{"@type":"SearchAction","target":{"@type":"EntryPoint","urlTemplate":"https:\/\/fjala.info\/2009-2015\/?s={search_term_string}"},"query-input":{"@type":"PropertyValueSpecification","valueRequired":true,"valueName":"search_term_string"}}],"inLanguage":"sq-AL"},{"@type":"Organization","@id":"https:\/\/fjala.info\/2009-2015\/#organization","name":"FjALA e LIR\u00cb - Arkivi","url":"https:\/\/fjala.info\/2009-2015\/","logo":{"@type":"ImageObject","inLanguage":"sq-AL","@id":"https:\/\/fjala.info\/2009-2015\/#\/schema\/logo\/image\/","url":"","contentUrl":"","caption":"FjALA e LIR\u00cb - Arkivi"},"image":{"@id":"https:\/\/fjala.info\/2009-2015\/#\/schema\/logo\/image\/"}},{"@type":"Person","@id":"https:\/\/fjala.info\/2009-2015\/#\/schema\/person\/3aa1163ef05469c496fc94e77611ada2","name":"admin","image":{"@type":"ImageObject","inLanguage":"sq-AL","@id":"https:\/\/fjala.info\/2009-2015\/wp-content\/uploads\/2012\/02\/arben_cokaj-120x150.jpg","url":"https:\/\/fjala.info\/2009-2015\/wp-content\/uploads\/2012\/02\/arben_cokaj-120x150.jpg","contentUrl":"https:\/\/fjala.info\/2009-2015\/wp-content\/uploads\/2012\/02\/arben_cokaj-120x150.jpg","caption":"admin"},"description":"Admin, Fjala e Lir\u00eb","sameAs":["https:\/\/fjala.info\/"],"url":"https:\/\/fjala.info\/2009-2015\/author\/admin\/"}]}},"_links":{"self":[{"href":"https:\/\/fjala.info\/2009-2015\/wp-json\/wp\/v2\/posts\/3285","targetHints":{"allow":["GET"]}}],"collection":[{"href":"https:\/\/fjala.info\/2009-2015\/wp-json\/wp\/v2\/posts"}],"about":[{"href":"https:\/\/fjala.info\/2009-2015\/wp-json\/wp\/v2\/types\/post"}],"author":[{"embeddable":true,"href":"https:\/\/fjala.info\/2009-2015\/wp-json\/wp\/v2\/users\/1"}],"replies":[{"embeddable":true,"href":"https:\/\/fjala.info\/2009-2015\/wp-json\/wp\/v2\/comments?post=3285"}],"version-history":[{"count":0,"href":"https:\/\/fjala.info\/2009-2015\/wp-json\/wp\/v2\/posts\/3285\/revisions"}],"wp:attachment":[{"href":"https:\/\/fjala.info\/2009-2015\/wp-json\/wp\/v2\/media?parent=3285"}],"wp:term":[{"taxonomy":"category","embeddable":true,"href":"https:\/\/fjala.info\/2009-2015\/wp-json\/wp\/v2\/categories?post=3285"},{"taxonomy":"post_tag","embeddable":true,"href":"https:\/\/fjala.info\/2009-2015\/wp-json\/wp\/v2\/tags?post=3285"}],"curies":[{"name":"wp","href":"https:\/\/api.w.org\/{rel}","templated":true}]}}