{"id":3283,"date":"2012-06-13T23:45:12","date_gmt":"2012-06-13T22:45:12","guid":{"rendered":"http:\/\/www.fjala.info\/?p=3283"},"modified":"2012-06-13T23:45:12","modified_gmt":"2012-06-13T22:45:12","slug":"pyetje-qe-kerkon-pergjigje","status":"publish","type":"post","link":"https:\/\/fjala.info\/2009-2015\/pyetje-qe-kerkon-pergjigje\/","title":{"rendered":"Pyetje q\u00eb k\u00ebrkon p\u00ebrgjigje"},"content":{"rendered":"<p><img decoding=\"async\" class=\"alignright size-thumbnail wp-image-7236\" title=\"Arben Rrozhani\" src=\"http:\/\/www.fjala.info\/2012\/arben_rrozhani.jpg\" alt=\"\" width=\"150\" \/> <strong>Arben Rrozhani<\/strong><\/p>\n<p>Presidenti i zgjedhur dy dit\u00eb m\u00eb par\u00eb nga Kuvendi i Shqip\u00ebris\u00eb, z.Bujar Nishani u shfaq mbr\u00ebm\u00eb n\u00eb studion e emisionit \u201cOpinion\u201d p\u00ebr t\u00eb rishkruar CV-n\u00eb vetes. Dhe e b\u00ebri mir\u00eb. Duke buz\u00ebqeshur n\u00eb nj\u00eb studio ku pyetjet ishin m\u00eb tep\u00ebr si riprezantim t\u00eb deri dy dit\u00eb m\u00eb par\u00eb ministrit t\u00eb Brendsh\u00ebm, p\u00ebr tu rikthyer n\u00eb koh\u00eb se si erdhi ai deri n\u00eb k\u00ebt\u00eb dit\u00eb.<\/p>\n<p>Nuk hezitoi t\u00eb p\u00ebrgjigjej. Edhe kur i b\u00ebn\u00eb pyetje p\u00ebr sh\u00ebndetin, at\u00eb pik\u00eb t\u00eb dob\u00ebt q\u00eb mediat ia kan\u00eb p\u00ebrmendur prej koh\u00ebsh. Ai vet\u00eb e pranoi dhe sqaroi di\u00e7ka. Tha se kishte b\u00ebr\u00eb nj\u00eb nd\u00ebrhyrje kirurgjikale n\u00eb nj\u00ebr\u00ebn nga klinikat m\u00eb t\u00eb mira t\u00eb Europ\u00ebs dhe se tani ndjehej shum\u00eb mir\u00eb. \u201cPor nuk mund t\u00eb vrapoj\u201d-tha si i z\u00ebn\u00eb n\u00eb faj.<\/p>\n<p>N\u00eb fakt nuk mund t\u00eb b\u00ebj\u00eb edhe shum\u00eb m\u00eb pak se vrapimi. Dje n\u00eb ora 13.00, nd\u00ebrsa presidenti i zgjedhur kishte lajm\u00ebruar mediat q\u00eb t\u00eb ishin n\u00eb ceremonin\u00eb e p\u00ebrsh\u00ebndetjes me stafin e Ministris\u00eb s\u00eb Brend\u00ebshme n\u00eb celular\u00ebt e gazetar\u00ebve erdhi edhe porosia nga ministria: \u201cJu lutem kamerave t\u00eb mos filmoj\u00eb kur z.Nishani t\u00eb zbres\u00eb shkall\u00ebt\u201d. Dhe nuk b\u00ebhej fjal\u00eb p\u00ebr nj\u00eb vrapim, por nj\u00eb zbritje normale.<\/p>\n<p>Kushtetuta nuk thot\u00eb tekstualisht se \u00e7far\u00eb aft\u00ebsish fizike duhet t\u00eb ket\u00eb Presidenti, Por neni 91, gjithsesi e parashikon k\u00ebt\u00eb kur thot\u00eb se: \u201cKur Presidenti i Republik\u00ebs \u00ebsht\u00eb n\u00eb pamund\u00ebsi t\u00eb p\u00ebrkohshme p\u00ebr t\u00eb ushtruar funksionet e tij ose kur vendi i tij mbetet vakant, Kryetari i Kuvendit z\u00eb vendin dhe ushtron kompetencat e tij. Dhe m\u00eb tej n\u00eb pik\u00ebn 2 shkruhet se; \u201cN\u00eb rast se Presidenti nuk mund t\u00eb ushtroj\u00eb detyr\u00ebn p\u00ebr m\u00eb shum\u00eb se 60 dit\u00eb, Kuvendi, me dy t\u00eb tretat e t\u00eb gjith\u00eb an\u00ebtar\u00ebve, vendos d\u00ebrgimin e \u00e7\u00ebshtjes n\u00eb Gjykat\u00ebn Kushtetuese, e cila v\u00ebrteton p\u00ebrfundimisht faktin e pamund\u00ebsis\u00eb. N\u00eb rast t\u00eb v\u00ebrtetimit t\u00eb pamund\u00ebsis\u00eb, vendi i Presidentit mbetet vakant dhe zgjedhja e Presidentit t\u00eb ri fillon brenda 10 dit\u00ebve nga dita e v\u00ebrtetimit t\u00eb pamund\u00ebsis\u00eb\u201d.<\/p>\n<p>Kushtetuta pra \u00ebsht\u00eb e qart\u00eb. Vet\u00ebm p\u00ebrgjigjja e presidentit t\u00eb votuar dy dit\u00eb m\u00eb par\u00eb jo. Ndaj duhet nj\u00eb p\u00ebrgjigje p\u00ebr pyetjen: ka mund\u00ebsi Nishani t\u00eb jet\u00eb president?<\/p>\n","protected":false},"excerpt":{"rendered":"<p>Arben Rrozhani Presidenti i zgjedhur dy dit\u00eb m\u00eb par\u00eb nga Kuvendi i Shqip\u00ebris\u00eb, z.Bujar Nishani u shfaq mbr\u00ebm\u00eb n\u00eb studion e emisionit \u201cOpinion\u201d p\u00ebr t\u00eb rishkruar CV-n\u00eb vetes. Dhe e b\u00ebri mir\u00eb. Duke buz\u00ebqeshur n\u00eb nj\u00eb studio ku pyetjet ishin m\u00eb tep\u00ebr si riprezantim t\u00eb deri dy dit\u00eb m\u00eb par\u00eb ministrit t\u00eb Brendsh\u00ebm, p\u00ebr tu [&hellip;]<\/p>\n","protected":false},"author":1,"featured_media":0,"comment_status":"open","ping_status":"closed","sticky":false,"template":"","format":"standard","meta":{"footnotes":""},"categories":[2],"tags":[],"class_list":{"0":"post-3283","1":"post","2":"type-post","3":"status-publish","4":"format-standard","6":"category-artikuj"},"yoast_head":"<!-- This site is optimized with the Yoast SEO plugin v27.4 - https:\/\/yoast.com\/product\/yoast-seo-wordpress\/ -->\n<title>Pyetje q\u00eb k\u00ebrkon p\u00ebrgjigje - FjALA e LIR\u00cb - Arkivi<\/title>\n<meta name=\"robots\" content=\"index, follow, max-snippet:-1, max-image-preview:large, max-video-preview:-1\" \/>\n<link rel=\"canonical\" href=\"https:\/\/fjala.info\/2009-2015\/pyetje-qe-kerkon-pergjigje\/\" \/>\n<meta property=\"og:locale\" content=\"sq_AL\" \/>\n<meta property=\"og:type\" content=\"article\" \/>\n<meta property=\"og:title\" content=\"Pyetje q\u00eb k\u00ebrkon p\u00ebrgjigje - FjALA e LIR\u00cb - Arkivi\" \/>\n<meta property=\"og:description\" content=\"Arben Rrozhani Presidenti i zgjedhur dy dit\u00eb m\u00eb par\u00eb nga Kuvendi i Shqip\u00ebris\u00eb, z.Bujar Nishani u shfaq mbr\u00ebm\u00eb n\u00eb studion e emisionit \u201cOpinion\u201d p\u00ebr t\u00eb rishkruar CV-n\u00eb vetes. Dhe e b\u00ebri mir\u00eb. Duke buz\u00ebqeshur n\u00eb nj\u00eb studio ku pyetjet ishin m\u00eb tep\u00ebr si riprezantim t\u00eb deri dy dit\u00eb m\u00eb par\u00eb ministrit t\u00eb Brendsh\u00ebm, p\u00ebr tu [&hellip;]\" \/>\n<meta property=\"og:url\" content=\"https:\/\/fjala.info\/2009-2015\/pyetje-qe-kerkon-pergjigje\/\" \/>\n<meta property=\"og:site_name\" content=\"FjALA e LIR\u00cb - Arkivi\" \/>\n<meta property=\"article:published_time\" content=\"2012-06-13T22:45:12+00:00\" \/>\n<meta property=\"og:image\" content=\"http:\/\/www.fjala.info\/2012\/arben_rrozhani.jpg\" \/>\n<meta name=\"author\" content=\"admin\" \/>\n<meta name=\"twitter:card\" content=\"summary_large_image\" \/>\n<meta name=\"twitter:label1\" content=\"Written by\" \/>\n\t<meta name=\"twitter:data1\" content=\"admin\" \/>\n\t<meta name=\"twitter:label2\" content=\"Est. reading time\" \/>\n\t<meta name=\"twitter:data2\" content=\"2 minutes\" \/>\n<script type=\"application\/ld+json\" class=\"yoast-schema-graph\">{\"@context\":\"https:\\\/\\\/schema.org\",\"@graph\":[{\"@type\":\"Article\",\"@id\":\"https:\\\/\\\/fjala.info\\\/2009-2015\\\/pyetje-qe-kerkon-pergjigje\\\/#article\",\"isPartOf\":{\"@id\":\"https:\\\/\\\/fjala.info\\\/2009-2015\\\/pyetje-qe-kerkon-pergjigje\\\/\"},\"author\":{\"name\":\"admin\",\"@id\":\"https:\\\/\\\/fjala.info\\\/2009-2015\\\/#\\\/schema\\\/person\\\/3aa1163ef05469c496fc94e77611ada2\"},\"headline\":\"Pyetje q\u00eb k\u00ebrkon p\u00ebrgjigje\",\"datePublished\":\"2012-06-13T22:45:12+00:00\",\"mainEntityOfPage\":{\"@id\":\"https:\\\/\\\/fjala.info\\\/2009-2015\\\/pyetje-qe-kerkon-pergjigje\\\/\"},\"wordCount\":413,\"commentCount\":0,\"publisher\":{\"@id\":\"https:\\\/\\\/fjala.info\\\/2009-2015\\\/#organization\"},\"image\":{\"@id\":\"https:\\\/\\\/fjala.info\\\/2009-2015\\\/pyetje-qe-kerkon-pergjigje\\\/#primaryimage\"},\"thumbnailUrl\":\"http:\\\/\\\/www.fjala.info\\\/2012\\\/arben_rrozhani.jpg\",\"articleSection\":[\"Artikuj\"],\"inLanguage\":\"sq-AL\",\"potentialAction\":[{\"@type\":\"CommentAction\",\"name\":\"Comment\",\"target\":[\"https:\\\/\\\/fjala.info\\\/2009-2015\\\/pyetje-qe-kerkon-pergjigje\\\/#respond\"]}]},{\"@type\":\"WebPage\",\"@id\":\"https:\\\/\\\/fjala.info\\\/2009-2015\\\/pyetje-qe-kerkon-pergjigje\\\/\",\"url\":\"https:\\\/\\\/fjala.info\\\/2009-2015\\\/pyetje-qe-kerkon-pergjigje\\\/\",\"name\":\"Pyetje q\u00eb k\u00ebrkon p\u00ebrgjigje - FjALA e LIR\u00cb - Arkivi\",\"isPartOf\":{\"@id\":\"https:\\\/\\\/fjala.info\\\/2009-2015\\\/#website\"},\"primaryImageOfPage\":{\"@id\":\"https:\\\/\\\/fjala.info\\\/2009-2015\\\/pyetje-qe-kerkon-pergjigje\\\/#primaryimage\"},\"image\":{\"@id\":\"https:\\\/\\\/fjala.info\\\/2009-2015\\\/pyetje-qe-kerkon-pergjigje\\\/#primaryimage\"},\"thumbnailUrl\":\"http:\\\/\\\/www.fjala.info\\\/2012\\\/arben_rrozhani.jpg\",\"datePublished\":\"2012-06-13T22:45:12+00:00\",\"breadcrumb\":{\"@id\":\"https:\\\/\\\/fjala.info\\\/2009-2015\\\/pyetje-qe-kerkon-pergjigje\\\/#breadcrumb\"},\"inLanguage\":\"sq-AL\",\"potentialAction\":[{\"@type\":\"ReadAction\",\"target\":[\"https:\\\/\\\/fjala.info\\\/2009-2015\\\/pyetje-qe-kerkon-pergjigje\\\/\"]}]},{\"@type\":\"ImageObject\",\"inLanguage\":\"sq-AL\",\"@id\":\"https:\\\/\\\/fjala.info\\\/2009-2015\\\/pyetje-qe-kerkon-pergjigje\\\/#primaryimage\",\"url\":\"http:\\\/\\\/www.fjala.info\\\/2012\\\/arben_rrozhani.jpg\",\"contentUrl\":\"http:\\\/\\\/www.fjala.info\\\/2012\\\/arben_rrozhani.jpg\"},{\"@type\":\"BreadcrumbList\",\"@id\":\"https:\\\/\\\/fjala.info\\\/2009-2015\\\/pyetje-qe-kerkon-pergjigje\\\/#breadcrumb\",\"itemListElement\":[{\"@type\":\"ListItem\",\"position\":1,\"name\":\"Home\",\"item\":\"https:\\\/\\\/fjala.info\\\/2009-2015\\\/\"},{\"@type\":\"ListItem\",\"position\":2,\"name\":\"Pyetje q\u00eb k\u00ebrkon p\u00ebrgjigje\"}]},{\"@type\":\"WebSite\",\"@id\":\"https:\\\/\\\/fjala.info\\\/2009-2015\\\/#website\",\"url\":\"https:\\\/\\\/fjala.info\\\/2009-2015\\\/\",\"name\":\"FjALA e LIR\u00cb - Arkivi\",\"description\":\"Arkivi 2009-2015\",\"publisher\":{\"@id\":\"https:\\\/\\\/fjala.info\\\/2009-2015\\\/#organization\"},\"potentialAction\":[{\"@type\":\"SearchAction\",\"target\":{\"@type\":\"EntryPoint\",\"urlTemplate\":\"https:\\\/\\\/fjala.info\\\/2009-2015\\\/?s={search_term_string}\"},\"query-input\":{\"@type\":\"PropertyValueSpecification\",\"valueRequired\":true,\"valueName\":\"search_term_string\"}}],\"inLanguage\":\"sq-AL\"},{\"@type\":\"Organization\",\"@id\":\"https:\\\/\\\/fjala.info\\\/2009-2015\\\/#organization\",\"name\":\"FjALA e LIR\u00cb - Arkivi\",\"url\":\"https:\\\/\\\/fjala.info\\\/2009-2015\\\/\",\"logo\":{\"@type\":\"ImageObject\",\"inLanguage\":\"sq-AL\",\"@id\":\"https:\\\/\\\/fjala.info\\\/2009-2015\\\/#\\\/schema\\\/logo\\\/image\\\/\",\"url\":\"\",\"contentUrl\":\"\",\"caption\":\"FjALA e LIR\u00cb - Arkivi\"},\"image\":{\"@id\":\"https:\\\/\\\/fjala.info\\\/2009-2015\\\/#\\\/schema\\\/logo\\\/image\\\/\"}},{\"@type\":\"Person\",\"@id\":\"https:\\\/\\\/fjala.info\\\/2009-2015\\\/#\\\/schema\\\/person\\\/3aa1163ef05469c496fc94e77611ada2\",\"name\":\"admin\",\"image\":{\"@type\":\"ImageObject\",\"inLanguage\":\"sq-AL\",\"@id\":\"https:\\\/\\\/fjala.info\\\/2009-2015\\\/wp-content\\\/uploads\\\/2012\\\/02\\\/arben_cokaj-120x150.jpg\",\"url\":\"https:\\\/\\\/fjala.info\\\/2009-2015\\\/wp-content\\\/uploads\\\/2012\\\/02\\\/arben_cokaj-120x150.jpg\",\"contentUrl\":\"https:\\\/\\\/fjala.info\\\/2009-2015\\\/wp-content\\\/uploads\\\/2012\\\/02\\\/arben_cokaj-120x150.jpg\",\"caption\":\"admin\"},\"description\":\"Admin, Fjala e Lir\u00eb\",\"sameAs\":[\"https:\\\/\\\/fjala.info\\\/\"],\"url\":\"https:\\\/\\\/fjala.info\\\/2009-2015\\\/author\\\/admin\\\/\"}]}<\/script>\n<!-- \/ Yoast SEO plugin. -->","yoast_head_json":{"title":"Pyetje q\u00eb k\u00ebrkon p\u00ebrgjigje - FjALA e LIR\u00cb - Arkivi","robots":{"index":"index","follow":"follow","max-snippet":"max-snippet:-1","max-image-preview":"max-image-preview:large","max-video-preview":"max-video-preview:-1"},"canonical":"https:\/\/fjala.info\/2009-2015\/pyetje-qe-kerkon-pergjigje\/","og_locale":"sq_AL","og_type":"article","og_title":"Pyetje q\u00eb k\u00ebrkon p\u00ebrgjigje - FjALA e LIR\u00cb - Arkivi","og_description":"Arben Rrozhani Presidenti i zgjedhur dy dit\u00eb m\u00eb par\u00eb nga Kuvendi i Shqip\u00ebris\u00eb, z.Bujar Nishani u shfaq mbr\u00ebm\u00eb n\u00eb studion e emisionit \u201cOpinion\u201d p\u00ebr t\u00eb rishkruar CV-n\u00eb vetes. Dhe e b\u00ebri mir\u00eb. Duke buz\u00ebqeshur n\u00eb nj\u00eb studio ku pyetjet ishin m\u00eb tep\u00ebr si riprezantim t\u00eb deri dy dit\u00eb m\u00eb par\u00eb ministrit t\u00eb Brendsh\u00ebm, p\u00ebr tu [&hellip;]","og_url":"https:\/\/fjala.info\/2009-2015\/pyetje-qe-kerkon-pergjigje\/","og_site_name":"FjALA e LIR\u00cb - Arkivi","article_published_time":"2012-06-13T22:45:12+00:00","og_image":[{"url":"http:\/\/www.fjala.info\/2012\/arben_rrozhani.jpg","type":"","width":"","height":""}],"author":"admin","twitter_card":"summary_large_image","twitter_misc":{"Written by":"admin","Est. reading time":"2 minutes"},"schema":{"@context":"https:\/\/schema.org","@graph":[{"@type":"Article","@id":"https:\/\/fjala.info\/2009-2015\/pyetje-qe-kerkon-pergjigje\/#article","isPartOf":{"@id":"https:\/\/fjala.info\/2009-2015\/pyetje-qe-kerkon-pergjigje\/"},"author":{"name":"admin","@id":"https:\/\/fjala.info\/2009-2015\/#\/schema\/person\/3aa1163ef05469c496fc94e77611ada2"},"headline":"Pyetje q\u00eb k\u00ebrkon p\u00ebrgjigje","datePublished":"2012-06-13T22:45:12+00:00","mainEntityOfPage":{"@id":"https:\/\/fjala.info\/2009-2015\/pyetje-qe-kerkon-pergjigje\/"},"wordCount":413,"commentCount":0,"publisher":{"@id":"https:\/\/fjala.info\/2009-2015\/#organization"},"image":{"@id":"https:\/\/fjala.info\/2009-2015\/pyetje-qe-kerkon-pergjigje\/#primaryimage"},"thumbnailUrl":"http:\/\/www.fjala.info\/2012\/arben_rrozhani.jpg","articleSection":["Artikuj"],"inLanguage":"sq-AL","potentialAction":[{"@type":"CommentAction","name":"Comment","target":["https:\/\/fjala.info\/2009-2015\/pyetje-qe-kerkon-pergjigje\/#respond"]}]},{"@type":"WebPage","@id":"https:\/\/fjala.info\/2009-2015\/pyetje-qe-kerkon-pergjigje\/","url":"https:\/\/fjala.info\/2009-2015\/pyetje-qe-kerkon-pergjigje\/","name":"Pyetje q\u00eb k\u00ebrkon p\u00ebrgjigje - FjALA e LIR\u00cb - Arkivi","isPartOf":{"@id":"https:\/\/fjala.info\/2009-2015\/#website"},"primaryImageOfPage":{"@id":"https:\/\/fjala.info\/2009-2015\/pyetje-qe-kerkon-pergjigje\/#primaryimage"},"image":{"@id":"https:\/\/fjala.info\/2009-2015\/pyetje-qe-kerkon-pergjigje\/#primaryimage"},"thumbnailUrl":"http:\/\/www.fjala.info\/2012\/arben_rrozhani.jpg","datePublished":"2012-06-13T22:45:12+00:00","breadcrumb":{"@id":"https:\/\/fjala.info\/2009-2015\/pyetje-qe-kerkon-pergjigje\/#breadcrumb"},"inLanguage":"sq-AL","potentialAction":[{"@type":"ReadAction","target":["https:\/\/fjala.info\/2009-2015\/pyetje-qe-kerkon-pergjigje\/"]}]},{"@type":"ImageObject","inLanguage":"sq-AL","@id":"https:\/\/fjala.info\/2009-2015\/pyetje-qe-kerkon-pergjigje\/#primaryimage","url":"http:\/\/www.fjala.info\/2012\/arben_rrozhani.jpg","contentUrl":"http:\/\/www.fjala.info\/2012\/arben_rrozhani.jpg"},{"@type":"BreadcrumbList","@id":"https:\/\/fjala.info\/2009-2015\/pyetje-qe-kerkon-pergjigje\/#breadcrumb","itemListElement":[{"@type":"ListItem","position":1,"name":"Home","item":"https:\/\/fjala.info\/2009-2015\/"},{"@type":"ListItem","position":2,"name":"Pyetje q\u00eb k\u00ebrkon p\u00ebrgjigje"}]},{"@type":"WebSite","@id":"https:\/\/fjala.info\/2009-2015\/#website","url":"https:\/\/fjala.info\/2009-2015\/","name":"FjALA e LIR\u00cb - Arkivi","description":"Arkivi 2009-2015","publisher":{"@id":"https:\/\/fjala.info\/2009-2015\/#organization"},"potentialAction":[{"@type":"SearchAction","target":{"@type":"EntryPoint","urlTemplate":"https:\/\/fjala.info\/2009-2015\/?s={search_term_string}"},"query-input":{"@type":"PropertyValueSpecification","valueRequired":true,"valueName":"search_term_string"}}],"inLanguage":"sq-AL"},{"@type":"Organization","@id":"https:\/\/fjala.info\/2009-2015\/#organization","name":"FjALA e LIR\u00cb - Arkivi","url":"https:\/\/fjala.info\/2009-2015\/","logo":{"@type":"ImageObject","inLanguage":"sq-AL","@id":"https:\/\/fjala.info\/2009-2015\/#\/schema\/logo\/image\/","url":"","contentUrl":"","caption":"FjALA e LIR\u00cb - Arkivi"},"image":{"@id":"https:\/\/fjala.info\/2009-2015\/#\/schema\/logo\/image\/"}},{"@type":"Person","@id":"https:\/\/fjala.info\/2009-2015\/#\/schema\/person\/3aa1163ef05469c496fc94e77611ada2","name":"admin","image":{"@type":"ImageObject","inLanguage":"sq-AL","@id":"https:\/\/fjala.info\/2009-2015\/wp-content\/uploads\/2012\/02\/arben_cokaj-120x150.jpg","url":"https:\/\/fjala.info\/2009-2015\/wp-content\/uploads\/2012\/02\/arben_cokaj-120x150.jpg","contentUrl":"https:\/\/fjala.info\/2009-2015\/wp-content\/uploads\/2012\/02\/arben_cokaj-120x150.jpg","caption":"admin"},"description":"Admin, Fjala e Lir\u00eb","sameAs":["https:\/\/fjala.info\/"],"url":"https:\/\/fjala.info\/2009-2015\/author\/admin\/"}]}},"_links":{"self":[{"href":"https:\/\/fjala.info\/2009-2015\/wp-json\/wp\/v2\/posts\/3283","targetHints":{"allow":["GET"]}}],"collection":[{"href":"https:\/\/fjala.info\/2009-2015\/wp-json\/wp\/v2\/posts"}],"about":[{"href":"https:\/\/fjala.info\/2009-2015\/wp-json\/wp\/v2\/types\/post"}],"author":[{"embeddable":true,"href":"https:\/\/fjala.info\/2009-2015\/wp-json\/wp\/v2\/users\/1"}],"replies":[{"embeddable":true,"href":"https:\/\/fjala.info\/2009-2015\/wp-json\/wp\/v2\/comments?post=3283"}],"version-history":[{"count":0,"href":"https:\/\/fjala.info\/2009-2015\/wp-json\/wp\/v2\/posts\/3283\/revisions"}],"wp:attachment":[{"href":"https:\/\/fjala.info\/2009-2015\/wp-json\/wp\/v2\/media?parent=3283"}],"wp:term":[{"taxonomy":"category","embeddable":true,"href":"https:\/\/fjala.info\/2009-2015\/wp-json\/wp\/v2\/categories?post=3283"},{"taxonomy":"post_tag","embeddable":true,"href":"https:\/\/fjala.info\/2009-2015\/wp-json\/wp\/v2\/tags?post=3283"}],"curies":[{"name":"wp","href":"https:\/\/api.w.org\/{rel}","templated":true}]}}