{"id":3282,"date":"2010-07-11T09:15:01","date_gmt":"2010-07-11T08:15:01","guid":{"rendered":"http:\/\/fjala.shkoder.net\/?p=3282"},"modified":"2010-07-11T09:15:01","modified_gmt":"2010-07-11T08:15:01","slug":"zoti-minister-largohuni","status":"publish","type":"post","link":"https:\/\/fjala.info\/2009-2015\/zoti-minister-largohuni\/","title":{"rendered":"ZOTI MINIST\u00cbR, LARGOHUNI!"},"content":{"rendered":"<p><img decoding=\"async\" style=\"margin-left: 10px; margin-right: 10px; border: 0px;\" title=\"Rudina Seseri\" src=\"http:\/\/www.shkoder.net\/images\/fjala\/rudina_seseri.jpg\" border=\"0\" alt=\"Rudina Seseri\" width=\"100\" align=\"left\" \/><\/p>\n<p>Nga <strong>Rudina Seseri<\/strong>, <em>11.07.2010<\/em><\/p>\n<p>Menaxhimi i financave publike \u00ebsht\u00eb detyra m\u00eb delikate dhe m\u00eb me p\u00ebrgjegj\u00ebsi midis t\u00eb gjitha funksioneve t\u00eb \u00e7do qeverie. Nga ky menaxhim varen ekuilibrat ekonomiko-financiar\u00eb t\u00eb vendit, me pasoja t\u00eb drejtp\u00ebrdrejta n\u00eb ekuilibrat social\u00eb dhe ne gjendjen ekonomike t\u00eb \u00e7do shqiptari. Prandaj, ne ndryshim nga p\u00ebrgjegj\u00ebsi t\u00eb tjera, kjo detyr\u00eb nuk toleron amatoriz\u00ebm, paaft\u00ebsi, munges\u00eb integriteti dhe aq m\u00eb pak mashtrime.<\/p>\n<p>Disa her\u00eb i kemi r\u00ebn\u00eb kambanave p\u00ebr pragkatastrof\u00ebn e financave publike shqiptare, por gjith\u00eb \u00e7&#8217;kemi th\u00ebn\u00eb e \u00e7&#8217;kemi shkruar ka r\u00ebn\u00eb n\u00eb vesh t\u00eb shurdh\u00ebr dhe m\u00eb s\u00eb shumti \u00ebsht\u00eb p\u00ebrg\u00ebnjeshtruar nga kreu i qeveris\u00eb ose \u00ebsht\u00eb kaluar me buz\u00ebqeshje ironike nga Ministri i Financave.<\/p>\n<p>Madje, pak koh\u00eb m\u00eb par\u00eb, ky Minist\u00ebr kund\u00ebrshtoi me shpoti publikisht edhe ekspert\u00ebt e Bank\u00ebs Bot\u00ebrore, q\u00eb vun\u00eb alarmin p\u00ebr treguesit e ekonomis\u00eb shqiptare. Por, s\u00eb fundmi, p\u00ebrfaq\u00ebsuesi i Fondit Monetar Nd\u00ebrkomb\u00ebtar foli shum\u00eb qart\u00eb e n\u00eb m\u00ebnyr\u00eb t\u00eb drejtp\u00ebrdrejt q\u00eb Shqip\u00ebria po degradon si Greqia. Foli shum\u00eb m\u00eb qart\u00eb dhe m\u00eb drejtp\u00ebrdrejt se 14 vite q\u00eb paralajm\u00ebroi rrezikun e piramidave. Kjo \u00ebsht\u00eb nj\u00eb kambane alarmi p\u00ebr gjithk\u00ebnd q\u00eb e kupton se \u00e7do t\u00eb thot\u00eb kolaps financiar dhe p\u00ebr t\u00eb gjith\u00eb ata q\u00eb ju dhimbset ky vend.<\/p>\n<p>Pse financat shqiptare arrit\u00ebn n\u00eb k\u00ebt\u00eb gjendje? Edhe p\u00ebr k\u00ebt\u00eb kemi nj\u00eb vit q\u00eb flasim e shkruajm\u00eb, por askush nga mazhoranca nuk ka denjuar t\u00eb reflektoj\u00eb. Por, tani ka ardhur koha q\u00eb Ministri i Financave t\u00eb identifikohet si p\u00ebrgjegj\u00ebsi kryesor i k\u00ebsaj pragkatastrofe.<\/p>\n<p>Ministri i Financave \u00ebsht\u00eb p\u00ebrgjegj\u00ebsi kryesor i prishjes se marr\u00ebveshjes me Fondin Monetar Nd\u00ebrkomb\u00ebtar q\u00eb do t\u00eb krijonte mund\u00ebsi p\u00ebr monitorimin e drejtp\u00ebrdrejt\u00eb t\u00eb ekonomis\u00eb shqiptare, duke propozuar masa korrigjuese dhe aplikuar masa shtr\u00ebnguese. Duket qart\u00eb se p\u00ebrjashtimi i FMN-s\u00eb nga Shqip\u00ebria nuk ishte thjesht nj\u00eb veprim nga megalomania apo paaft\u00ebsia.<\/p>\n<p>Ky ishte nj\u00eb veprim i q\u00ebllimsh\u00ebm p\u00ebr t\u00eb shmangur transparenc\u00ebn e vendimeve dhe veprimeve q\u00eb lidhen me menaxhimin e financave publike dhe t\u00eb ekonomis\u00eb p\u00ebr t&#8217;i l\u00ebn\u00eb rrug\u00eb t\u00eb lir\u00eb abuzimeve.<\/p>\n<p>Ministri i Financave \u00ebsht\u00eb p\u00ebrgjegj\u00ebsi kryesor i fshehjes s\u00eb realitetit t\u00eb financave publike dhe ekonomis\u00eb shqiptare. Ai \u00ebsht\u00eb treguar sistematikisht i pap\u00ebrgjegjsh\u00ebm, duke bashk\u00ebdeklaruar me kryeministrin se Shqip\u00ebria \u00ebsht\u00eb i vetmi vend n\u00eb bot\u00eb q\u00eb parandaloi kriz\u00ebn, nuk u prek nga kriza dhe arriti t\u00eb diagnostikoj\u00eb masat e &#8220;gabuara&#8221; antikriz\u00eb t\u00eb vendeve per\u00ebndimore.<\/p>\n<p>Jan\u00eb s\u00ebrish Ministri i Financave dhe Kryeministri q\u00eb me kok\u00ebfort\u00ebsi jo profesionale ofrojn\u00eb receta antikriz\u00eb p\u00ebr \u00e7do vend, p\u00ebrfshir\u00eb dhe Kin\u00ebn. Kjo \u00ebsht\u00eb eufori e nj\u00eb ministri t\u00eb pap\u00ebrgjegjsh\u00ebm e t\u00eb paditur, i cili, duke menduar se drejton financat e nj\u00eb populli injorant, i lejon vetes t\u00eb flas\u00eb kuturu, nd\u00ebrkoh\u00eb q\u00eb nuk duhet t\u00eb flinte dot i qet\u00eb pa marr\u00eb masa p\u00ebr zbutjen e pasojave t\u00eb kriz\u00ebs.<\/p>\n<p>Ministri i Financave \u00ebsht\u00eb p\u00ebrgjegj\u00ebsi kryesor\u00eb i manipulimit dhe mashtrimit kolosal me treguesit ekonomik\u00eb e financiar\u00eb. Ai i ka g\u00ebnjyer dhe vazhdon t&#8217;i g\u00ebnjej\u00eb t\u00eb gjith\u00eb me shifrat e rritjes ekonomike, nd\u00ebrkoh\u00eb q\u00eb ekonomia \u00ebsht\u00eb tkurrur. Ai i ka g\u00ebnjyer dhe vazhdon t&#8217;i g\u00ebnjej\u00eb t\u00eb gjith\u00eb me shifrat e deficitit, nd\u00ebrkoh\u00eb q\u00eb ai ka arritur 7% t\u00eb PBB. Ai i ka g\u00ebnjyer dhe vazhdon t&#8217;i g\u00ebnjej\u00eb t\u00eb gjith\u00eb p\u00ebr nivelin real t\u00eb borxhit publik.<\/p>\n<p>Ai vazhdon t\u00eb mbaj\u00eb t\u00eb fshehur d\u00ebshtimin spektakolar t\u00eb eurobondeve dhe hiqet sikur s&#8217;ka ndodhur asgj\u00eb. Ai ka abuzuar me detyr\u00ebn, duke nxjerr\u00eb jasht\u00eb funksionit Institutin e Statistikave dhe duke e v\u00ebn\u00eb at\u00eb n\u00eb rolin qesharak t\u00eb &#8220;argumentuesit&#8221; t\u00eb shifrave t\u00eb pav\u00ebrteta q\u00eb Ministri dhe Kryeministri paracaktojn\u00eb.<\/p>\n<p>Ai ka abuzuar me detyr\u00ebn duke drejtuar operacionin e marrjes s\u00eb kredis\u00eb nga bankat vendase, nj\u00eb veprim sa i pamatur aq edhe i r\u00ebnd\u00eb n\u00eb d\u00ebm t\u00eb sip\u00ebrmarrjes private dhe t\u00eb vet\u00eb qytetar\u00ebve shqiptar\u00eb. P\u00ebr m\u00eb tep\u00ebr, financimi me hua afatshkurtra dhe interesa t\u00eb larta (interesat e deklaruara dhe kostot e fshehura) jo vet\u00ebm nuk e zgjidhin problemin e kriz\u00ebs buxhetore, por vazhdojn\u00eb ta fundosin akoma m\u00eb tep\u00ebr Shqip\u00ebrin\u00eb.<\/p>\n<p>Ministri i Financave \u00ebsht\u00eb p\u00ebrgjegj\u00ebsi kryesor i zhbalancimit t\u00eb buxhetit t\u00eb shtetit, ve\u00e7an\u00ebrisht t\u00eb buxhetit t\u00eb vitit 2010. Nga nj\u00eb an\u00eb, Ministri lejoi shp\u00ebrdorimin kolosal t\u00eb fondeve t\u00eb investimeve, duke paguar shuma abuzive dhe pa asnj\u00eb logjik\u00eb ekonomike dhe duke lejuar kontrata investimesh jorealiste vet\u00ebm p\u00ebr q\u00ebllime elektorale. Nga ana tjet\u00ebr, ai propozon n\u00eb mes t\u00eb vitit ndryshime n\u00eb buxhet q\u00eb nd\u00ebrpresin thuajse plot\u00ebsisht investimet. K\u00ebta jan\u00eb tregues tipik\u00eb t\u00eb keqmenaxhimit t\u00eb financave publike dhe t\u00eb abuzimit me detyr\u00ebn.<\/p>\n<p>\u00cbsht\u00eb po ky Minist\u00ebr q\u00eb drejtonte financat publike n\u00eb koh\u00ebn e piramidave, ju kujtohet? N\u00eb asnj\u00eb vend t\u00eb bot\u00ebs p\u00ebrgjegj\u00ebsi i nj\u00eb katastrofe piramidale nuk do t\u00eb guxonte t\u00eb rikthehej n\u00eb Ministrin\u00eb e Financave, por ja q\u00eb ky Minist\u00ebr u kthye p\u00ebr ta provuar edhe nj\u00eb her\u00eb. Dhe s\u00ebrish rezulton se ky \u00ebsht\u00eb thjesht nj\u00eb Minist\u00ebr i paaft\u00eb dhe i pap\u00ebrgjegjsh\u00ebm, q\u00eb po t\u00eb vazhdoj\u00eb t\u00eb jet\u00eb n\u00eb k\u00ebt\u00eb detyr\u00eb do t&#8217;i b\u00ebj\u00eb shqiptar\u00ebt t\u00eb paguajn\u00eb shum\u00eb m\u00eb shtrenjt\u00eb se n\u00eb koh\u00ebn e piramidave.<\/p>\n<p>Zoti Minist\u00ebr, duhet ta kuptoni se \u00ebsht\u00eb koha t\u00eb largoheni. \u00cbsht\u00eb koha t\u00eb largoheni tani, para se piramida e paralajm\u00ebruar e financave publike t\u00eb shembet e t\u00eb z\u00ebr\u00eb posht\u00eb p\u00ebrs\u00ebri t\u00eb gjith\u00eb shqiptar\u00ebt.<\/p>\n","protected":false},"excerpt":{"rendered":"<p>Nga Rudina Seseri, 11.07.2010 Menaxhimi i financave publike \u00ebsht\u00eb detyra m\u00eb delikate dhe m\u00eb me p\u00ebrgjegj\u00ebsi midis t\u00eb gjitha funksioneve t\u00eb \u00e7do qeverie. Nga ky menaxhim varen ekuilibrat ekonomiko-financiar\u00eb t\u00eb vendit, me pasoja t\u00eb drejtp\u00ebrdrejta n\u00eb ekuilibrat social\u00eb dhe ne gjendjen ekonomike t\u00eb \u00e7do shqiptari. Prandaj, ne ndryshim nga p\u00ebrgjegj\u00ebsi t\u00eb tjera, kjo detyr\u00eb nuk [&hellip;]<\/p>\n","protected":false},"author":1,"featured_media":0,"comment_status":"open","ping_status":"closed","sticky":false,"template":"","format":"standard","meta":{"footnotes":""},"categories":[2],"tags":[],"class_list":{"0":"post-3282","1":"post","2":"type-post","3":"status-publish","4":"format-standard","6":"category-artikuj"},"yoast_head":"<!-- This site is optimized with the Yoast SEO plugin v27.4 - https:\/\/yoast.com\/product\/yoast-seo-wordpress\/ -->\n<title>ZOTI MINIST\u00cbR, LARGOHUNI! - FjALA e LIR\u00cb - Arkivi<\/title>\n<meta name=\"robots\" content=\"index, follow, max-snippet:-1, max-image-preview:large, max-video-preview:-1\" \/>\n<link rel=\"canonical\" href=\"https:\/\/fjala.info\/2009-2015\/zoti-minister-largohuni\/\" \/>\n<meta property=\"og:locale\" content=\"sq_AL\" \/>\n<meta property=\"og:type\" content=\"article\" \/>\n<meta property=\"og:title\" content=\"ZOTI MINIST\u00cbR, LARGOHUNI! - FjALA e LIR\u00cb - Arkivi\" \/>\n<meta property=\"og:description\" content=\"Nga Rudina Seseri, 11.07.2010 Menaxhimi i financave publike \u00ebsht\u00eb detyra m\u00eb delikate dhe m\u00eb me p\u00ebrgjegj\u00ebsi midis t\u00eb gjitha funksioneve t\u00eb \u00e7do qeverie. Nga ky menaxhim varen ekuilibrat ekonomiko-financiar\u00eb t\u00eb vendit, me pasoja t\u00eb drejtp\u00ebrdrejta n\u00eb ekuilibrat social\u00eb dhe ne gjendjen ekonomike t\u00eb \u00e7do shqiptari. Prandaj, ne ndryshim nga p\u00ebrgjegj\u00ebsi t\u00eb tjera, kjo detyr\u00eb nuk [&hellip;]\" \/>\n<meta property=\"og:url\" content=\"https:\/\/fjala.info\/2009-2015\/zoti-minister-largohuni\/\" \/>\n<meta property=\"og:site_name\" content=\"FjALA e LIR\u00cb - Arkivi\" \/>\n<meta property=\"article:published_time\" content=\"2010-07-11T08:15:01+00:00\" \/>\n<meta property=\"og:image\" content=\"http:\/\/www.shkoder.net\/images\/fjala\/rudina_seseri.jpg\" \/>\n<meta name=\"author\" content=\"admin\" \/>\n<meta name=\"twitter:card\" content=\"summary_large_image\" \/>\n<meta name=\"twitter:label1\" content=\"Written by\" \/>\n\t<meta name=\"twitter:data1\" content=\"admin\" \/>\n\t<meta name=\"twitter:label2\" content=\"Est. reading time\" \/>\n\t<meta name=\"twitter:data2\" content=\"5 minutes\" \/>\n<script type=\"application\/ld+json\" class=\"yoast-schema-graph\">{\"@context\":\"https:\\\/\\\/schema.org\",\"@graph\":[{\"@type\":\"Article\",\"@id\":\"https:\\\/\\\/fjala.info\\\/2009-2015\\\/zoti-minister-largohuni\\\/#article\",\"isPartOf\":{\"@id\":\"https:\\\/\\\/fjala.info\\\/2009-2015\\\/zoti-minister-largohuni\\\/\"},\"author\":{\"name\":\"admin\",\"@id\":\"https:\\\/\\\/fjala.info\\\/2009-2015\\\/#\\\/schema\\\/person\\\/3aa1163ef05469c496fc94e77611ada2\"},\"headline\":\"ZOTI MINIST\u00cbR, LARGOHUNI!\",\"datePublished\":\"2010-07-11T08:15:01+00:00\",\"mainEntityOfPage\":{\"@id\":\"https:\\\/\\\/fjala.info\\\/2009-2015\\\/zoti-minister-largohuni\\\/\"},\"wordCount\":972,\"commentCount\":0,\"publisher\":{\"@id\":\"https:\\\/\\\/fjala.info\\\/2009-2015\\\/#organization\"},\"image\":{\"@id\":\"https:\\\/\\\/fjala.info\\\/2009-2015\\\/zoti-minister-largohuni\\\/#primaryimage\"},\"thumbnailUrl\":\"http:\\\/\\\/www.shkoder.net\\\/images\\\/fjala\\\/rudina_seseri.jpg\",\"articleSection\":[\"Artikuj\"],\"inLanguage\":\"sq-AL\",\"potentialAction\":[{\"@type\":\"CommentAction\",\"name\":\"Comment\",\"target\":[\"https:\\\/\\\/fjala.info\\\/2009-2015\\\/zoti-minister-largohuni\\\/#respond\"]}]},{\"@type\":\"WebPage\",\"@id\":\"https:\\\/\\\/fjala.info\\\/2009-2015\\\/zoti-minister-largohuni\\\/\",\"url\":\"https:\\\/\\\/fjala.info\\\/2009-2015\\\/zoti-minister-largohuni\\\/\",\"name\":\"ZOTI MINIST\u00cbR, LARGOHUNI! - FjALA e LIR\u00cb - Arkivi\",\"isPartOf\":{\"@id\":\"https:\\\/\\\/fjala.info\\\/2009-2015\\\/#website\"},\"primaryImageOfPage\":{\"@id\":\"https:\\\/\\\/fjala.info\\\/2009-2015\\\/zoti-minister-largohuni\\\/#primaryimage\"},\"image\":{\"@id\":\"https:\\\/\\\/fjala.info\\\/2009-2015\\\/zoti-minister-largohuni\\\/#primaryimage\"},\"thumbnailUrl\":\"http:\\\/\\\/www.shkoder.net\\\/images\\\/fjala\\\/rudina_seseri.jpg\",\"datePublished\":\"2010-07-11T08:15:01+00:00\",\"breadcrumb\":{\"@id\":\"https:\\\/\\\/fjala.info\\\/2009-2015\\\/zoti-minister-largohuni\\\/#breadcrumb\"},\"inLanguage\":\"sq-AL\",\"potentialAction\":[{\"@type\":\"ReadAction\",\"target\":[\"https:\\\/\\\/fjala.info\\\/2009-2015\\\/zoti-minister-largohuni\\\/\"]}]},{\"@type\":\"ImageObject\",\"inLanguage\":\"sq-AL\",\"@id\":\"https:\\\/\\\/fjala.info\\\/2009-2015\\\/zoti-minister-largohuni\\\/#primaryimage\",\"url\":\"http:\\\/\\\/www.shkoder.net\\\/images\\\/fjala\\\/rudina_seseri.jpg\",\"contentUrl\":\"http:\\\/\\\/www.shkoder.net\\\/images\\\/fjala\\\/rudina_seseri.jpg\"},{\"@type\":\"BreadcrumbList\",\"@id\":\"https:\\\/\\\/fjala.info\\\/2009-2015\\\/zoti-minister-largohuni\\\/#breadcrumb\",\"itemListElement\":[{\"@type\":\"ListItem\",\"position\":1,\"name\":\"Home\",\"item\":\"https:\\\/\\\/fjala.info\\\/2009-2015\\\/\"},{\"@type\":\"ListItem\",\"position\":2,\"name\":\"ZOTI MINIST\u00cbR, LARGOHUNI!\"}]},{\"@type\":\"WebSite\",\"@id\":\"https:\\\/\\\/fjala.info\\\/2009-2015\\\/#website\",\"url\":\"https:\\\/\\\/fjala.info\\\/2009-2015\\\/\",\"name\":\"FjALA e LIR\u00cb - Arkivi\",\"description\":\"Arkivi 2009-2015\",\"publisher\":{\"@id\":\"https:\\\/\\\/fjala.info\\\/2009-2015\\\/#organization\"},\"potentialAction\":[{\"@type\":\"SearchAction\",\"target\":{\"@type\":\"EntryPoint\",\"urlTemplate\":\"https:\\\/\\\/fjala.info\\\/2009-2015\\\/?s={search_term_string}\"},\"query-input\":{\"@type\":\"PropertyValueSpecification\",\"valueRequired\":true,\"valueName\":\"search_term_string\"}}],\"inLanguage\":\"sq-AL\"},{\"@type\":\"Organization\",\"@id\":\"https:\\\/\\\/fjala.info\\\/2009-2015\\\/#organization\",\"name\":\"FjALA e LIR\u00cb - Arkivi\",\"url\":\"https:\\\/\\\/fjala.info\\\/2009-2015\\\/\",\"logo\":{\"@type\":\"ImageObject\",\"inLanguage\":\"sq-AL\",\"@id\":\"https:\\\/\\\/fjala.info\\\/2009-2015\\\/#\\\/schema\\\/logo\\\/image\\\/\",\"url\":\"\",\"contentUrl\":\"\",\"caption\":\"FjALA e LIR\u00cb - Arkivi\"},\"image\":{\"@id\":\"https:\\\/\\\/fjala.info\\\/2009-2015\\\/#\\\/schema\\\/logo\\\/image\\\/\"}},{\"@type\":\"Person\",\"@id\":\"https:\\\/\\\/fjala.info\\\/2009-2015\\\/#\\\/schema\\\/person\\\/3aa1163ef05469c496fc94e77611ada2\",\"name\":\"admin\",\"image\":{\"@type\":\"ImageObject\",\"inLanguage\":\"sq-AL\",\"@id\":\"https:\\\/\\\/fjala.info\\\/2009-2015\\\/wp-content\\\/uploads\\\/2012\\\/02\\\/arben_cokaj-120x150.jpg\",\"url\":\"https:\\\/\\\/fjala.info\\\/2009-2015\\\/wp-content\\\/uploads\\\/2012\\\/02\\\/arben_cokaj-120x150.jpg\",\"contentUrl\":\"https:\\\/\\\/fjala.info\\\/2009-2015\\\/wp-content\\\/uploads\\\/2012\\\/02\\\/arben_cokaj-120x150.jpg\",\"caption\":\"admin\"},\"description\":\"Admin, Fjala e Lir\u00eb\",\"sameAs\":[\"https:\\\/\\\/fjala.info\\\/\"],\"url\":\"https:\\\/\\\/fjala.info\\\/2009-2015\\\/author\\\/admin\\\/\"}]}<\/script>\n<!-- \/ Yoast SEO plugin. -->","yoast_head_json":{"title":"ZOTI MINIST\u00cbR, LARGOHUNI! - FjALA e LIR\u00cb - Arkivi","robots":{"index":"index","follow":"follow","max-snippet":"max-snippet:-1","max-image-preview":"max-image-preview:large","max-video-preview":"max-video-preview:-1"},"canonical":"https:\/\/fjala.info\/2009-2015\/zoti-minister-largohuni\/","og_locale":"sq_AL","og_type":"article","og_title":"ZOTI MINIST\u00cbR, LARGOHUNI! - FjALA e LIR\u00cb - Arkivi","og_description":"Nga Rudina Seseri, 11.07.2010 Menaxhimi i financave publike \u00ebsht\u00eb detyra m\u00eb delikate dhe m\u00eb me p\u00ebrgjegj\u00ebsi midis t\u00eb gjitha funksioneve t\u00eb \u00e7do qeverie. Nga ky menaxhim varen ekuilibrat ekonomiko-financiar\u00eb t\u00eb vendit, me pasoja t\u00eb drejtp\u00ebrdrejta n\u00eb ekuilibrat social\u00eb dhe ne gjendjen ekonomike t\u00eb \u00e7do shqiptari. Prandaj, ne ndryshim nga p\u00ebrgjegj\u00ebsi t\u00eb tjera, kjo detyr\u00eb nuk [&hellip;]","og_url":"https:\/\/fjala.info\/2009-2015\/zoti-minister-largohuni\/","og_site_name":"FjALA e LIR\u00cb - Arkivi","article_published_time":"2010-07-11T08:15:01+00:00","og_image":[{"url":"http:\/\/www.shkoder.net\/images\/fjala\/rudina_seseri.jpg","type":"","width":"","height":""}],"author":"admin","twitter_card":"summary_large_image","twitter_misc":{"Written by":"admin","Est. reading time":"5 minutes"},"schema":{"@context":"https:\/\/schema.org","@graph":[{"@type":"Article","@id":"https:\/\/fjala.info\/2009-2015\/zoti-minister-largohuni\/#article","isPartOf":{"@id":"https:\/\/fjala.info\/2009-2015\/zoti-minister-largohuni\/"},"author":{"name":"admin","@id":"https:\/\/fjala.info\/2009-2015\/#\/schema\/person\/3aa1163ef05469c496fc94e77611ada2"},"headline":"ZOTI MINIST\u00cbR, LARGOHUNI!","datePublished":"2010-07-11T08:15:01+00:00","mainEntityOfPage":{"@id":"https:\/\/fjala.info\/2009-2015\/zoti-minister-largohuni\/"},"wordCount":972,"commentCount":0,"publisher":{"@id":"https:\/\/fjala.info\/2009-2015\/#organization"},"image":{"@id":"https:\/\/fjala.info\/2009-2015\/zoti-minister-largohuni\/#primaryimage"},"thumbnailUrl":"http:\/\/www.shkoder.net\/images\/fjala\/rudina_seseri.jpg","articleSection":["Artikuj"],"inLanguage":"sq-AL","potentialAction":[{"@type":"CommentAction","name":"Comment","target":["https:\/\/fjala.info\/2009-2015\/zoti-minister-largohuni\/#respond"]}]},{"@type":"WebPage","@id":"https:\/\/fjala.info\/2009-2015\/zoti-minister-largohuni\/","url":"https:\/\/fjala.info\/2009-2015\/zoti-minister-largohuni\/","name":"ZOTI MINIST\u00cbR, LARGOHUNI! - FjALA e LIR\u00cb - Arkivi","isPartOf":{"@id":"https:\/\/fjala.info\/2009-2015\/#website"},"primaryImageOfPage":{"@id":"https:\/\/fjala.info\/2009-2015\/zoti-minister-largohuni\/#primaryimage"},"image":{"@id":"https:\/\/fjala.info\/2009-2015\/zoti-minister-largohuni\/#primaryimage"},"thumbnailUrl":"http:\/\/www.shkoder.net\/images\/fjala\/rudina_seseri.jpg","datePublished":"2010-07-11T08:15:01+00:00","breadcrumb":{"@id":"https:\/\/fjala.info\/2009-2015\/zoti-minister-largohuni\/#breadcrumb"},"inLanguage":"sq-AL","potentialAction":[{"@type":"ReadAction","target":["https:\/\/fjala.info\/2009-2015\/zoti-minister-largohuni\/"]}]},{"@type":"ImageObject","inLanguage":"sq-AL","@id":"https:\/\/fjala.info\/2009-2015\/zoti-minister-largohuni\/#primaryimage","url":"http:\/\/www.shkoder.net\/images\/fjala\/rudina_seseri.jpg","contentUrl":"http:\/\/www.shkoder.net\/images\/fjala\/rudina_seseri.jpg"},{"@type":"BreadcrumbList","@id":"https:\/\/fjala.info\/2009-2015\/zoti-minister-largohuni\/#breadcrumb","itemListElement":[{"@type":"ListItem","position":1,"name":"Home","item":"https:\/\/fjala.info\/2009-2015\/"},{"@type":"ListItem","position":2,"name":"ZOTI MINIST\u00cbR, LARGOHUNI!"}]},{"@type":"WebSite","@id":"https:\/\/fjala.info\/2009-2015\/#website","url":"https:\/\/fjala.info\/2009-2015\/","name":"FjALA e LIR\u00cb - Arkivi","description":"Arkivi 2009-2015","publisher":{"@id":"https:\/\/fjala.info\/2009-2015\/#organization"},"potentialAction":[{"@type":"SearchAction","target":{"@type":"EntryPoint","urlTemplate":"https:\/\/fjala.info\/2009-2015\/?s={search_term_string}"},"query-input":{"@type":"PropertyValueSpecification","valueRequired":true,"valueName":"search_term_string"}}],"inLanguage":"sq-AL"},{"@type":"Organization","@id":"https:\/\/fjala.info\/2009-2015\/#organization","name":"FjALA e LIR\u00cb - Arkivi","url":"https:\/\/fjala.info\/2009-2015\/","logo":{"@type":"ImageObject","inLanguage":"sq-AL","@id":"https:\/\/fjala.info\/2009-2015\/#\/schema\/logo\/image\/","url":"","contentUrl":"","caption":"FjALA e LIR\u00cb - Arkivi"},"image":{"@id":"https:\/\/fjala.info\/2009-2015\/#\/schema\/logo\/image\/"}},{"@type":"Person","@id":"https:\/\/fjala.info\/2009-2015\/#\/schema\/person\/3aa1163ef05469c496fc94e77611ada2","name":"admin","image":{"@type":"ImageObject","inLanguage":"sq-AL","@id":"https:\/\/fjala.info\/2009-2015\/wp-content\/uploads\/2012\/02\/arben_cokaj-120x150.jpg","url":"https:\/\/fjala.info\/2009-2015\/wp-content\/uploads\/2012\/02\/arben_cokaj-120x150.jpg","contentUrl":"https:\/\/fjala.info\/2009-2015\/wp-content\/uploads\/2012\/02\/arben_cokaj-120x150.jpg","caption":"admin"},"description":"Admin, Fjala e Lir\u00eb","sameAs":["https:\/\/fjala.info\/"],"url":"https:\/\/fjala.info\/2009-2015\/author\/admin\/"}]}},"_links":{"self":[{"href":"https:\/\/fjala.info\/2009-2015\/wp-json\/wp\/v2\/posts\/3282","targetHints":{"allow":["GET"]}}],"collection":[{"href":"https:\/\/fjala.info\/2009-2015\/wp-json\/wp\/v2\/posts"}],"about":[{"href":"https:\/\/fjala.info\/2009-2015\/wp-json\/wp\/v2\/types\/post"}],"author":[{"embeddable":true,"href":"https:\/\/fjala.info\/2009-2015\/wp-json\/wp\/v2\/users\/1"}],"replies":[{"embeddable":true,"href":"https:\/\/fjala.info\/2009-2015\/wp-json\/wp\/v2\/comments?post=3282"}],"version-history":[{"count":0,"href":"https:\/\/fjala.info\/2009-2015\/wp-json\/wp\/v2\/posts\/3282\/revisions"}],"wp:attachment":[{"href":"https:\/\/fjala.info\/2009-2015\/wp-json\/wp\/v2\/media?parent=3282"}],"wp:term":[{"taxonomy":"category","embeddable":true,"href":"https:\/\/fjala.info\/2009-2015\/wp-json\/wp\/v2\/categories?post=3282"},{"taxonomy":"post_tag","embeddable":true,"href":"https:\/\/fjala.info\/2009-2015\/wp-json\/wp\/v2\/tags?post=3282"}],"curies":[{"name":"wp","href":"https:\/\/api.w.org\/{rel}","templated":true}]}}