{"id":3281,"date":"2012-06-13T23:43:02","date_gmt":"2012-06-13T22:43:02","guid":{"rendered":"http:\/\/www.fjala.info\/?p=3281"},"modified":"2012-06-13T23:43:02","modified_gmt":"2012-06-13T22:43:02","slug":"lereni-fatos-nanon-te-shfryhet","status":"publish","type":"post","link":"https:\/\/fjala.info\/2009-2015\/lereni-fatos-nanon-te-shfryhet\/","title":{"rendered":"L\u00ebreni Fatos Nanon t\u00eb (sh)fryhet!"},"content":{"rendered":"<p><img decoding=\"async\" class=\"alignright size-thumbnail wp-image-7236\" title=\"Mero Baze\" src=\"http:\/\/www.fjala.info\/2012\/mero_baze.jpg\" alt=\"\" width=\"150\" \/> Nga <strong>Mero Baze<\/strong>, <em>13 Qershor 2012<\/em><\/p>\n<p>Nuk \u00ebsht\u00eb shum\u00eb interesante t\u00eb d\u00ebgjosh Fatos Nanon qysh pas vitit 2005, por \u00ebsht\u00eb shum\u00eb arg\u00ebtuese t\u00eb d\u00ebgjosh Berish\u00ebn p\u00ebr Fatos Nanon qysh pas vitit 2007. N\u00eb shfrimin e fundit t\u00eb Fatos Nanos, situata duket dhe m\u00eb ekzaltuese. Fatos Nano, n\u00eb hallin e vet q\u00eb e ka z\u00ebn\u00eb, dhe q\u00eb nuk pranon dot se po e p\u00ebrdor shantazhin mbi opozit\u00ebn si taks\u00eb ndaj bizneseve me Berish\u00ebn, po artikulon teza t\u00eb forta opozitare, t\u00eb cilat kan\u00eb qejf t\u2019i d\u00ebgjojn\u00eb opozitar\u00ebt. Po akuzon Edi Ram\u00ebn se ka shitur 21 Janarin, G\u00ebrdecin, 8 Majin, zgjedhjet e vitit 2009 dhe p\u00ebrpjekjen p\u00ebr hapjen e kutive si dhe vjedhjen e zgjedhjeve n\u00eb Tiran\u00eb.<\/p>\n<p>\u00cbsht\u00eb ekzakt\u00ebsisht njeriu q\u00eb e ka quajtur humbje t\u00eb past\u00ebr rezultatin e qershorit 2009, \u00ebsht\u00eb njeriu q\u00eb e ka quajtur teprim nga opozita demonstrat\u00ebn paq\u00ebsore t\u00eb 21 Janarit, \u00ebsht\u00eb njeriu q\u00eb ka k\u00ebmb\u00ebngulur se Lul\u00ebzim Basha ka fituar past\u00ebr m\u00eb 8 maj dhe njeriu q\u00eb b\u00ebn biznese n\u00eb Vjen\u00eb me t\u00eb nj\u00ebjtit njer\u00ebz q\u00eb b\u00ebn\u00eb biznesin e G\u00ebrdecit. Por as kjo nuk \u00ebsht\u00eb interesante pasi nuk ka nd\u00ebrmend njeri t\u2019i k\u00ebrkoj\u00eb n\u00eb k\u00ebt\u00eb vap\u00eb Fatos Nanos t\u00eb jet\u00eb konsekuent. Ajo q\u00eb e zbukuron gjith\u00eb shfrimin e d\u00ebshp\u00ebruar t\u00eb Fatos Nanos \u00ebsht\u00eb ekzaltimi i Sali Berish\u00ebs. Teza kryesore e Fatos Nanos se Sali Berish\u00ebn e mund vet\u00ebm ai, ka g\u00ebzuar m\u00eb shum\u00eb se socialist\u00ebt, Sali Berish\u00ebn.<\/p>\n<p>Mediat e tij si qendra z\u00ebri, ve\u00e7mas mediat e grupit Klan, kan\u00eb filluar n\u00eb kor t\u00eb p\u00ebrcjellin ekzaltimin e Sali Berish\u00ebs p\u00ebr k\u00ebt\u00eb tez\u00eb. \u00cbsht\u00eb aq i g\u00ebzuar dhe aq i k\u00ebnaqur q\u00eb m\u00eb n\u00eb fund e gjeti nj\u00eb njeri q\u00eb do ta mund\u00eb dhe do ta heq\u00eb nga pushteti, sa \u00ebsht\u00eb gati t\u00eb l\u00ebr\u00eb \u00e7do pun\u00eb k\u00ebto koh\u00eb dhe t\u00eb merret me ndihm\u00ebn ndaj Fatos Nanos q\u00eb ta mund\u00eb dhe ta heq\u00eb nga pushteti. Nga m\u00ebnyra se si Berisha dhe mediat e tij p\u00ebrcjellin me entuziaz\u00ebm shfrimin e Fatos Nanos, duket sikur ata po vuajn\u00eb nga nj\u00eb pushtet q\u00eb u ka ngelur n\u00eb dor\u00eb dhe duan doemos t\u00eb gjejn\u00eb nj\u00eb njeri q\u00eb t\u2019i mund\u00eb. Dhe meq\u00eb Fatos Nano ka vite q\u00eb del vullnetar p\u00ebr Sali Berish\u00ebn, n\u00eb oborrin e Berish\u00ebs gati po festohet p\u00ebr k\u00ebt\u00eb.<\/p>\n<p>Gj\u00eb m\u00eb t\u00eb neveritshme nuk mund tu z\u00ebn\u00eb syt\u00eb shqiptar\u00ebve. Nj\u00eb kryeminist\u00ebr, i cili q\u00eb prej 12 qershorit ka n\u00ebn kontroll qeverin\u00eb, parlamentin, presidentin, gjykatat dhe gjith\u00eb sistemin e drejt\u00ebsis\u00eb dhe thuajse gjith\u00eb shtypin shqiptar, do doemos t\u00eb ket\u00eb n\u00ebn kontroll dhe opozit\u00ebn. \u00cbsht\u00eb ekzakt\u00ebsisht sindroma e vitit 1996 dhe vera e nxeht\u00eb e atij viti, q\u00eb pasi vodhi zgjedhjet dhe kontrollonte gjith\u00eb pushtetet, harxhoi muaj t\u00eb t\u00ebr\u00eb t\u00eb z\u00ebvend\u00ebsonte Fatos Nanon n\u00eb burg me Ilir Met\u00ebn q\u00eb e mbante si kapter rezerve p\u00ebr t\u00eb kontrolluar opozit\u00ebn.<\/p>\n<p>\u00cbsht\u00eb po aq i pasionuar sa at\u00ebher\u00eb ta marr\u00eb opozit\u00ebn, t\u00eb ket\u00eb nj\u00eb njeri t\u00eb vetin q\u00eb t\u2019ia besoj\u00eb at\u00eb, dhe pastaj ai \u201cle ta mund\u00eb\u201d. K\u00ebt\u00eb radh\u00eb ka gjetur Fatos Nanon, at\u00eb q\u00eb at\u00ebher\u00eb e mbante n\u00eb burg dhe donte t\u2019i merrte dhe partin\u00eb. At\u00ebher\u00eb e d\u00ebmtoi boll opozit\u00ebn, por nuk e mori dot. Tani q\u00eb \u00ebsht\u00eb aq i lexuesh\u00ebm dhe aq vulgar n\u00eb projektet e tij p\u00ebr t\u00eb t\u00ebrhequr v\u00ebmendjen nga regresi q\u00eb Shqip\u00ebria po b\u00ebn pik\u00ebrisht prej superpushtetit t\u00eb tij, duket dhe vulgar, dhe primitiv, dhe i rrjedhur. Akoma mendon se shqiptar\u00ebt nuk kan\u00eb t\u00eb drejt\u00eb t\u00eb mendojn\u00eb dhe t\u00eb kujtojn\u00eb kush \u00ebsht\u00eb Sali Berisha dhe Fatos Nano. Akoma mendon se n\u00eb k\u00ebt\u00eb vend nuk ka r\u00ebnd\u00ebsi \u00e7far\u00eb ndodh dhe si po shkojn\u00eb pun\u00ebt, por si i p\u00ebrjeton ai.<\/p>\n<p>\u00cbsht\u00eb aq i p\u00ebrfshir\u00eb n\u00eb iden\u00eb se po mori dhe opozit\u00ebn do t\u00eb bjer\u00eb rehat, sa tani angazhimi p\u00ebr t\u2019iu lutur Fatos Nanos t\u00eb rrij\u00eb dhe ca jav\u00eb pa filluar plazhi akoma n\u00eb Shqip\u00ebri, po paguhet m\u00eb shtrenjt\u00eb se llokmat q\u00eb Berisha po u dhuron biznesmen\u00ebve t\u00eb oborrit nga Himara n\u00eb Velipoj\u00eb. Mediat e tij kan\u00eb dal\u00eb rrug\u00ebve me mikrofon n\u00eb dor\u00eb dhe pyesin popullin e Berish\u00ebs a ju p\u00eblqen Fatos Nano dhe a mund t\u2019ia besojn\u00eb opozit\u00ebn atij, biznesmen\u00ebt e tij po nxiten t\u00eb mbledhin fonde p\u00ebr t\u00eb, administrata e tij \u00ebsht\u00eb n\u00eb dispozicion t\u00eb k\u00ebrkesave t\u00eb kandidatit p\u00ebr lider t\u00eb opozit\u00ebs s\u00eb Berish\u00ebs dhe n\u00eb fund dhe kushtet e vendosura nga Bashkimi Evropian p\u00ebr t\u00eb marr\u00eb ftes\u00ebn n\u00eb tetor, mund t\u00eb lidhen me faktin n\u00ebse ai do t\u00eb marr\u00eb opozit\u00ebn n\u00ebn kontroll apo jo.<\/p>\n<p>\u00cbsht\u00eb nj\u00eb sindrom\u00eb q\u00eb k\u00ebt\u00eb njeri e kap gjithmon\u00eb kur vendi b\u00ebn nj\u00eb hap mbrapa n\u00eb syt\u00eb e Per\u00ebndimit dhe sidomos n\u00eb rastet kur ai konsumon para syve t\u00eb publikut gjith\u00eb karshill\u00ebkun e tij ndaj Per\u00ebndimit. Me zgjedhjen e Bujar Nishanit n\u00eb krye t\u00eb vendit, ai demonstroi vullnetin e tij t\u00eb qart\u00eb p\u00ebr t\u00eb qen\u00eb gati dhe fizikisht vet\u00eb President i Republik\u00ebs dhe e qart\u00ebsoi p\u00ebrmes goj\u00ebs s\u00eb Nishanit, q\u00eb do veproj\u00eb shpejt mbi Prokuroren e P\u00ebrgjithshme dhe sistemin e drejt\u00ebsis\u00eb. P\u00ebr t\u00eb mbuluar k\u00ebt\u00eb alarm q\u00eb ngjall n\u00eb Per\u00ebndim regresi i duksh\u00ebm i b\u00ebr\u00eb me vullnetin e tij, po telendis n\u00eb k\u00ebt\u00eb pik\u00eb vape Fatos Nanon, duke e v\u00ebrsulur p\u00ebr t\u00eb disat\u00ebn her\u00eb mbi opozit\u00ebn.<\/p>\n<p>Opozita dhe faktor\u00ebt opozitar\u00eb n\u00eb Shqip\u00ebri nuk kan\u00eb gj\u00eb me Fatos Nanon. Ata g\u00ebzohen dhe kur Fatos Nano b\u00ebn gjasme si opozitar. Jan\u00eb gati ta d\u00ebgjojn\u00eb at\u00eb t\u00eb thot\u00eb \u00e7far\u00eb t\u00eb doj\u00eb e si t\u00eb doj\u00eb. Jan\u00eb gati ta durojn\u00eb kur fryhet e shfryhet pasi opozita nuk e ka betej\u00ebn me Fatos Nanon, por me Sali Berish\u00ebn. Fatos Nano, n\u00eb past\u00eb durim t\u00eb rrij\u00eb akoma ca jav\u00eb k\u00ebtu e t\u00eb b\u00ebj\u00eb si opozitar, do jet\u00eb nj\u00eb arritje e madhe p\u00ebr rekordet e tij si opozitar sezonal n\u00eb dispozicion t\u00eb pushtetit pas vitit 2007.<\/p>\n<p>Frika e vetme \u00ebsht\u00eb se do zhg\u00ebnjej\u00eb Sali Berish\u00ebn dhe nuk do t\u2019i q\u00ebndroj\u00eb deri n\u00eb fund d\u00ebshir\u00ebs s\u00eb tij p\u00ebr t\u00eb marr\u00eb kontrollin mbi opozit\u00ebn dhe kjo mund t\u00eb ket\u00eb kosto p\u00ebr t\u00eb. N\u00eb vitin 1996 Berisha po b\u00ebnte t\u00eb nj\u00ebjt\u00ebn gj\u00eb, por kish zgjedhur Ilir Met\u00ebn, i cili n\u00eb t\u00eb v\u00ebrtet\u00eb \u00ebsht\u00eb m\u00eb pun\u00ebtor, m\u00eb i p\u00ebrqendruar dhe m\u00eb eficient p\u00ebr t\u00eb qen\u00eb destruktiv. Fatos Nano nuk i ka as k\u00ebto cil\u00ebsi. Ai nuk i del zot dot Berish\u00ebs p\u00ebr k\u00ebt\u00eb hall q\u00eb e ka z\u00ebn\u00eb, ndaj duhet l\u00ebn\u00eb t\u00eb (sh)fryhet dhe t\u00eb iki. Dhe t\u00eb mos ia kthej\u00eb as lek\u00ebt.<\/p>\n","protected":false},"excerpt":{"rendered":"<p>Nga Mero Baze, 13 Qershor 2012 Nuk \u00ebsht\u00eb shum\u00eb interesante t\u00eb d\u00ebgjosh Fatos Nanon qysh pas vitit 2005, por \u00ebsht\u00eb shum\u00eb arg\u00ebtuese t\u00eb d\u00ebgjosh Berish\u00ebn p\u00ebr Fatos Nanon qysh pas vitit 2007. N\u00eb shfrimin e fundit t\u00eb Fatos Nanos, situata duket dhe m\u00eb ekzaltuese. Fatos Nano, n\u00eb hallin e vet q\u00eb e ka z\u00ebn\u00eb, dhe [&hellip;]<\/p>\n","protected":false},"author":1,"featured_media":0,"comment_status":"open","ping_status":"closed","sticky":false,"template":"","format":"standard","meta":{"footnotes":""},"categories":[2],"tags":[],"class_list":{"0":"post-3281","1":"post","2":"type-post","3":"status-publish","4":"format-standard","6":"category-artikuj"},"yoast_head":"<!-- This site is optimized with the Yoast SEO plugin v27.4 - https:\/\/yoast.com\/product\/yoast-seo-wordpress\/ -->\n<title>L\u00ebreni Fatos Nanon t\u00eb (sh)fryhet! - FjALA e LIR\u00cb - Arkivi<\/title>\n<meta name=\"robots\" content=\"index, follow, max-snippet:-1, max-image-preview:large, max-video-preview:-1\" \/>\n<link rel=\"canonical\" href=\"https:\/\/fjala.info\/2009-2015\/lereni-fatos-nanon-te-shfryhet\/\" \/>\n<meta property=\"og:locale\" content=\"sq_AL\" \/>\n<meta property=\"og:type\" content=\"article\" \/>\n<meta property=\"og:title\" content=\"L\u00ebreni Fatos Nanon t\u00eb (sh)fryhet! - FjALA e LIR\u00cb - Arkivi\" \/>\n<meta property=\"og:description\" content=\"Nga Mero Baze, 13 Qershor 2012 Nuk \u00ebsht\u00eb shum\u00eb interesante t\u00eb d\u00ebgjosh Fatos Nanon qysh pas vitit 2005, por \u00ebsht\u00eb shum\u00eb arg\u00ebtuese t\u00eb d\u00ebgjosh Berish\u00ebn p\u00ebr Fatos Nanon qysh pas vitit 2007. N\u00eb shfrimin e fundit t\u00eb Fatos Nanos, situata duket dhe m\u00eb ekzaltuese. Fatos Nano, n\u00eb hallin e vet q\u00eb e ka z\u00ebn\u00eb, dhe [&hellip;]\" \/>\n<meta property=\"og:url\" content=\"https:\/\/fjala.info\/2009-2015\/lereni-fatos-nanon-te-shfryhet\/\" \/>\n<meta property=\"og:site_name\" content=\"FjALA e LIR\u00cb - Arkivi\" \/>\n<meta property=\"article:published_time\" content=\"2012-06-13T22:43:02+00:00\" \/>\n<meta property=\"og:image\" content=\"http:\/\/www.fjala.info\/2012\/mero_baze.jpg\" \/>\n<meta name=\"author\" content=\"admin\" \/>\n<meta name=\"twitter:card\" content=\"summary_large_image\" \/>\n<meta name=\"twitter:label1\" content=\"Written by\" \/>\n\t<meta name=\"twitter:data1\" content=\"admin\" \/>\n\t<meta name=\"twitter:label2\" content=\"Est. reading time\" \/>\n\t<meta name=\"twitter:data2\" content=\"6 minutes\" \/>\n<script type=\"application\/ld+json\" class=\"yoast-schema-graph\">{\"@context\":\"https:\\\/\\\/schema.org\",\"@graph\":[{\"@type\":\"Article\",\"@id\":\"https:\\\/\\\/fjala.info\\\/2009-2015\\\/lereni-fatos-nanon-te-shfryhet\\\/#article\",\"isPartOf\":{\"@id\":\"https:\\\/\\\/fjala.info\\\/2009-2015\\\/lereni-fatos-nanon-te-shfryhet\\\/\"},\"author\":{\"name\":\"admin\",\"@id\":\"https:\\\/\\\/fjala.info\\\/2009-2015\\\/#\\\/schema\\\/person\\\/3aa1163ef05469c496fc94e77611ada2\"},\"headline\":\"L\u00ebreni Fatos Nanon t\u00eb (sh)fryhet!\",\"datePublished\":\"2012-06-13T22:43:02+00:00\",\"mainEntityOfPage\":{\"@id\":\"https:\\\/\\\/fjala.info\\\/2009-2015\\\/lereni-fatos-nanon-te-shfryhet\\\/\"},\"wordCount\":1202,\"commentCount\":0,\"publisher\":{\"@id\":\"https:\\\/\\\/fjala.info\\\/2009-2015\\\/#organization\"},\"image\":{\"@id\":\"https:\\\/\\\/fjala.info\\\/2009-2015\\\/lereni-fatos-nanon-te-shfryhet\\\/#primaryimage\"},\"thumbnailUrl\":\"http:\\\/\\\/www.fjala.info\\\/2012\\\/mero_baze.jpg\",\"articleSection\":[\"Artikuj\"],\"inLanguage\":\"sq-AL\",\"potentialAction\":[{\"@type\":\"CommentAction\",\"name\":\"Comment\",\"target\":[\"https:\\\/\\\/fjala.info\\\/2009-2015\\\/lereni-fatos-nanon-te-shfryhet\\\/#respond\"]}]},{\"@type\":\"WebPage\",\"@id\":\"https:\\\/\\\/fjala.info\\\/2009-2015\\\/lereni-fatos-nanon-te-shfryhet\\\/\",\"url\":\"https:\\\/\\\/fjala.info\\\/2009-2015\\\/lereni-fatos-nanon-te-shfryhet\\\/\",\"name\":\"L\u00ebreni Fatos Nanon t\u00eb (sh)fryhet! - FjALA e LIR\u00cb - Arkivi\",\"isPartOf\":{\"@id\":\"https:\\\/\\\/fjala.info\\\/2009-2015\\\/#website\"},\"primaryImageOfPage\":{\"@id\":\"https:\\\/\\\/fjala.info\\\/2009-2015\\\/lereni-fatos-nanon-te-shfryhet\\\/#primaryimage\"},\"image\":{\"@id\":\"https:\\\/\\\/fjala.info\\\/2009-2015\\\/lereni-fatos-nanon-te-shfryhet\\\/#primaryimage\"},\"thumbnailUrl\":\"http:\\\/\\\/www.fjala.info\\\/2012\\\/mero_baze.jpg\",\"datePublished\":\"2012-06-13T22:43:02+00:00\",\"breadcrumb\":{\"@id\":\"https:\\\/\\\/fjala.info\\\/2009-2015\\\/lereni-fatos-nanon-te-shfryhet\\\/#breadcrumb\"},\"inLanguage\":\"sq-AL\",\"potentialAction\":[{\"@type\":\"ReadAction\",\"target\":[\"https:\\\/\\\/fjala.info\\\/2009-2015\\\/lereni-fatos-nanon-te-shfryhet\\\/\"]}]},{\"@type\":\"ImageObject\",\"inLanguage\":\"sq-AL\",\"@id\":\"https:\\\/\\\/fjala.info\\\/2009-2015\\\/lereni-fatos-nanon-te-shfryhet\\\/#primaryimage\",\"url\":\"http:\\\/\\\/www.fjala.info\\\/2012\\\/mero_baze.jpg\",\"contentUrl\":\"http:\\\/\\\/www.fjala.info\\\/2012\\\/mero_baze.jpg\"},{\"@type\":\"BreadcrumbList\",\"@id\":\"https:\\\/\\\/fjala.info\\\/2009-2015\\\/lereni-fatos-nanon-te-shfryhet\\\/#breadcrumb\",\"itemListElement\":[{\"@type\":\"ListItem\",\"position\":1,\"name\":\"Home\",\"item\":\"https:\\\/\\\/fjala.info\\\/2009-2015\\\/\"},{\"@type\":\"ListItem\",\"position\":2,\"name\":\"L\u00ebreni Fatos Nanon t\u00eb (sh)fryhet!\"}]},{\"@type\":\"WebSite\",\"@id\":\"https:\\\/\\\/fjala.info\\\/2009-2015\\\/#website\",\"url\":\"https:\\\/\\\/fjala.info\\\/2009-2015\\\/\",\"name\":\"FjALA e LIR\u00cb - Arkivi\",\"description\":\"Arkivi 2009-2015\",\"publisher\":{\"@id\":\"https:\\\/\\\/fjala.info\\\/2009-2015\\\/#organization\"},\"potentialAction\":[{\"@type\":\"SearchAction\",\"target\":{\"@type\":\"EntryPoint\",\"urlTemplate\":\"https:\\\/\\\/fjala.info\\\/2009-2015\\\/?s={search_term_string}\"},\"query-input\":{\"@type\":\"PropertyValueSpecification\",\"valueRequired\":true,\"valueName\":\"search_term_string\"}}],\"inLanguage\":\"sq-AL\"},{\"@type\":\"Organization\",\"@id\":\"https:\\\/\\\/fjala.info\\\/2009-2015\\\/#organization\",\"name\":\"FjALA e LIR\u00cb - Arkivi\",\"url\":\"https:\\\/\\\/fjala.info\\\/2009-2015\\\/\",\"logo\":{\"@type\":\"ImageObject\",\"inLanguage\":\"sq-AL\",\"@id\":\"https:\\\/\\\/fjala.info\\\/2009-2015\\\/#\\\/schema\\\/logo\\\/image\\\/\",\"url\":\"\",\"contentUrl\":\"\",\"caption\":\"FjALA e LIR\u00cb - Arkivi\"},\"image\":{\"@id\":\"https:\\\/\\\/fjala.info\\\/2009-2015\\\/#\\\/schema\\\/logo\\\/image\\\/\"}},{\"@type\":\"Person\",\"@id\":\"https:\\\/\\\/fjala.info\\\/2009-2015\\\/#\\\/schema\\\/person\\\/3aa1163ef05469c496fc94e77611ada2\",\"name\":\"admin\",\"image\":{\"@type\":\"ImageObject\",\"inLanguage\":\"sq-AL\",\"@id\":\"https:\\\/\\\/fjala.info\\\/2009-2015\\\/wp-content\\\/uploads\\\/2012\\\/02\\\/arben_cokaj-120x150.jpg\",\"url\":\"https:\\\/\\\/fjala.info\\\/2009-2015\\\/wp-content\\\/uploads\\\/2012\\\/02\\\/arben_cokaj-120x150.jpg\",\"contentUrl\":\"https:\\\/\\\/fjala.info\\\/2009-2015\\\/wp-content\\\/uploads\\\/2012\\\/02\\\/arben_cokaj-120x150.jpg\",\"caption\":\"admin\"},\"description\":\"Admin, Fjala e Lir\u00eb\",\"sameAs\":[\"https:\\\/\\\/fjala.info\\\/\"],\"url\":\"https:\\\/\\\/fjala.info\\\/2009-2015\\\/author\\\/admin\\\/\"}]}<\/script>\n<!-- \/ Yoast SEO plugin. -->","yoast_head_json":{"title":"L\u00ebreni Fatos Nanon t\u00eb (sh)fryhet! - FjALA e LIR\u00cb - Arkivi","robots":{"index":"index","follow":"follow","max-snippet":"max-snippet:-1","max-image-preview":"max-image-preview:large","max-video-preview":"max-video-preview:-1"},"canonical":"https:\/\/fjala.info\/2009-2015\/lereni-fatos-nanon-te-shfryhet\/","og_locale":"sq_AL","og_type":"article","og_title":"L\u00ebreni Fatos Nanon t\u00eb (sh)fryhet! - FjALA e LIR\u00cb - Arkivi","og_description":"Nga Mero Baze, 13 Qershor 2012 Nuk \u00ebsht\u00eb shum\u00eb interesante t\u00eb d\u00ebgjosh Fatos Nanon qysh pas vitit 2005, por \u00ebsht\u00eb shum\u00eb arg\u00ebtuese t\u00eb d\u00ebgjosh Berish\u00ebn p\u00ebr Fatos Nanon qysh pas vitit 2007. N\u00eb shfrimin e fundit t\u00eb Fatos Nanos, situata duket dhe m\u00eb ekzaltuese. Fatos Nano, n\u00eb hallin e vet q\u00eb e ka z\u00ebn\u00eb, dhe [&hellip;]","og_url":"https:\/\/fjala.info\/2009-2015\/lereni-fatos-nanon-te-shfryhet\/","og_site_name":"FjALA e LIR\u00cb - Arkivi","article_published_time":"2012-06-13T22:43:02+00:00","og_image":[{"url":"http:\/\/www.fjala.info\/2012\/mero_baze.jpg","type":"","width":"","height":""}],"author":"admin","twitter_card":"summary_large_image","twitter_misc":{"Written by":"admin","Est. reading time":"6 minutes"},"schema":{"@context":"https:\/\/schema.org","@graph":[{"@type":"Article","@id":"https:\/\/fjala.info\/2009-2015\/lereni-fatos-nanon-te-shfryhet\/#article","isPartOf":{"@id":"https:\/\/fjala.info\/2009-2015\/lereni-fatos-nanon-te-shfryhet\/"},"author":{"name":"admin","@id":"https:\/\/fjala.info\/2009-2015\/#\/schema\/person\/3aa1163ef05469c496fc94e77611ada2"},"headline":"L\u00ebreni Fatos Nanon t\u00eb (sh)fryhet!","datePublished":"2012-06-13T22:43:02+00:00","mainEntityOfPage":{"@id":"https:\/\/fjala.info\/2009-2015\/lereni-fatos-nanon-te-shfryhet\/"},"wordCount":1202,"commentCount":0,"publisher":{"@id":"https:\/\/fjala.info\/2009-2015\/#organization"},"image":{"@id":"https:\/\/fjala.info\/2009-2015\/lereni-fatos-nanon-te-shfryhet\/#primaryimage"},"thumbnailUrl":"http:\/\/www.fjala.info\/2012\/mero_baze.jpg","articleSection":["Artikuj"],"inLanguage":"sq-AL","potentialAction":[{"@type":"CommentAction","name":"Comment","target":["https:\/\/fjala.info\/2009-2015\/lereni-fatos-nanon-te-shfryhet\/#respond"]}]},{"@type":"WebPage","@id":"https:\/\/fjala.info\/2009-2015\/lereni-fatos-nanon-te-shfryhet\/","url":"https:\/\/fjala.info\/2009-2015\/lereni-fatos-nanon-te-shfryhet\/","name":"L\u00ebreni Fatos Nanon t\u00eb (sh)fryhet! - FjALA e LIR\u00cb - Arkivi","isPartOf":{"@id":"https:\/\/fjala.info\/2009-2015\/#website"},"primaryImageOfPage":{"@id":"https:\/\/fjala.info\/2009-2015\/lereni-fatos-nanon-te-shfryhet\/#primaryimage"},"image":{"@id":"https:\/\/fjala.info\/2009-2015\/lereni-fatos-nanon-te-shfryhet\/#primaryimage"},"thumbnailUrl":"http:\/\/www.fjala.info\/2012\/mero_baze.jpg","datePublished":"2012-06-13T22:43:02+00:00","breadcrumb":{"@id":"https:\/\/fjala.info\/2009-2015\/lereni-fatos-nanon-te-shfryhet\/#breadcrumb"},"inLanguage":"sq-AL","potentialAction":[{"@type":"ReadAction","target":["https:\/\/fjala.info\/2009-2015\/lereni-fatos-nanon-te-shfryhet\/"]}]},{"@type":"ImageObject","inLanguage":"sq-AL","@id":"https:\/\/fjala.info\/2009-2015\/lereni-fatos-nanon-te-shfryhet\/#primaryimage","url":"http:\/\/www.fjala.info\/2012\/mero_baze.jpg","contentUrl":"http:\/\/www.fjala.info\/2012\/mero_baze.jpg"},{"@type":"BreadcrumbList","@id":"https:\/\/fjala.info\/2009-2015\/lereni-fatos-nanon-te-shfryhet\/#breadcrumb","itemListElement":[{"@type":"ListItem","position":1,"name":"Home","item":"https:\/\/fjala.info\/2009-2015\/"},{"@type":"ListItem","position":2,"name":"L\u00ebreni Fatos Nanon t\u00eb (sh)fryhet!"}]},{"@type":"WebSite","@id":"https:\/\/fjala.info\/2009-2015\/#website","url":"https:\/\/fjala.info\/2009-2015\/","name":"FjALA e LIR\u00cb - Arkivi","description":"Arkivi 2009-2015","publisher":{"@id":"https:\/\/fjala.info\/2009-2015\/#organization"},"potentialAction":[{"@type":"SearchAction","target":{"@type":"EntryPoint","urlTemplate":"https:\/\/fjala.info\/2009-2015\/?s={search_term_string}"},"query-input":{"@type":"PropertyValueSpecification","valueRequired":true,"valueName":"search_term_string"}}],"inLanguage":"sq-AL"},{"@type":"Organization","@id":"https:\/\/fjala.info\/2009-2015\/#organization","name":"FjALA e LIR\u00cb - Arkivi","url":"https:\/\/fjala.info\/2009-2015\/","logo":{"@type":"ImageObject","inLanguage":"sq-AL","@id":"https:\/\/fjala.info\/2009-2015\/#\/schema\/logo\/image\/","url":"","contentUrl":"","caption":"FjALA e LIR\u00cb - Arkivi"},"image":{"@id":"https:\/\/fjala.info\/2009-2015\/#\/schema\/logo\/image\/"}},{"@type":"Person","@id":"https:\/\/fjala.info\/2009-2015\/#\/schema\/person\/3aa1163ef05469c496fc94e77611ada2","name":"admin","image":{"@type":"ImageObject","inLanguage":"sq-AL","@id":"https:\/\/fjala.info\/2009-2015\/wp-content\/uploads\/2012\/02\/arben_cokaj-120x150.jpg","url":"https:\/\/fjala.info\/2009-2015\/wp-content\/uploads\/2012\/02\/arben_cokaj-120x150.jpg","contentUrl":"https:\/\/fjala.info\/2009-2015\/wp-content\/uploads\/2012\/02\/arben_cokaj-120x150.jpg","caption":"admin"},"description":"Admin, Fjala e Lir\u00eb","sameAs":["https:\/\/fjala.info\/"],"url":"https:\/\/fjala.info\/2009-2015\/author\/admin\/"}]}},"_links":{"self":[{"href":"https:\/\/fjala.info\/2009-2015\/wp-json\/wp\/v2\/posts\/3281","targetHints":{"allow":["GET"]}}],"collection":[{"href":"https:\/\/fjala.info\/2009-2015\/wp-json\/wp\/v2\/posts"}],"about":[{"href":"https:\/\/fjala.info\/2009-2015\/wp-json\/wp\/v2\/types\/post"}],"author":[{"embeddable":true,"href":"https:\/\/fjala.info\/2009-2015\/wp-json\/wp\/v2\/users\/1"}],"replies":[{"embeddable":true,"href":"https:\/\/fjala.info\/2009-2015\/wp-json\/wp\/v2\/comments?post=3281"}],"version-history":[{"count":0,"href":"https:\/\/fjala.info\/2009-2015\/wp-json\/wp\/v2\/posts\/3281\/revisions"}],"wp:attachment":[{"href":"https:\/\/fjala.info\/2009-2015\/wp-json\/wp\/v2\/media?parent=3281"}],"wp:term":[{"taxonomy":"category","embeddable":true,"href":"https:\/\/fjala.info\/2009-2015\/wp-json\/wp\/v2\/categories?post=3281"},{"taxonomy":"post_tag","embeddable":true,"href":"https:\/\/fjala.info\/2009-2015\/wp-json\/wp\/v2\/tags?post=3281"}],"curies":[{"name":"wp","href":"https:\/\/api.w.org\/{rel}","templated":true}]}}