{"id":3280,"date":"2010-07-11T09:10:49","date_gmt":"2010-07-11T08:10:49","guid":{"rendered":"http:\/\/fjala.shkoder.net\/?p=3280"},"modified":"2010-07-11T09:10:49","modified_gmt":"2010-07-11T08:10:49","slug":"gomere-dhe-makina","status":"publish","type":"post","link":"https:\/\/fjala.info\/2009-2015\/gomere-dhe-makina\/","title":{"rendered":"Gomer\u00eb dhe makina"},"content":{"rendered":"<p>Nga <strong>Koloreto Cukali<\/strong>*, <em>11.07.2010<\/em><\/p>\n<p>\u00c7do dit\u00eb, kur dalim nga sht\u00ebpia me makin\u00eb e derisa arrijm\u00eb n\u00eb destinacion shajm\u00eb t\u00eb tjer\u00ebt t\u00eb pakt\u00ebn 3 her\u00eb. Sepse, n\u00eb trafik ka vet\u00ebm njer\u00ebz q\u00eb na acarojn\u00eb. Ne, i japim makinave ashtu si jetojm\u00eb. N\u00eb kaos, jasht\u00eb rregullave, me arroganc\u00eb, me dhun\u00eb e duke shar\u00eb t\u00eb tjer\u00ebt.<\/p>\n<p><strong>MAKINAT SI STATUS<\/strong><br \/>\nN\u00eb nj\u00eb vend ku nuk ka m\u00eb sistem vlerash t\u00eb stabilizuar e vetmja gj\u00eb q\u00eb na ka mbetur p\u00ebr t\u00eb na p\u00ebrcaktuar kush jemi, \u00ebsht\u00eb makina. Edhe karrocieri me kal\u00eb ka nj\u00eb targ\u00eb makine gjermane n\u00eb d\u00ebrras\u00ebn prapa karroc\u00ebs.<\/p>\n<p>Makina, na b\u00ebn k\u00ebta q\u00eb jemi. Pavar\u00ebsisht se statusi do duhej t\u00eb p\u00ebrcaktohej paralelisht nga disa element\u00eb. Nj\u00eb makin\u00eb e shtrenjt\u00eb duhet t\u00eb shoq\u00ebrohet me nj\u00eb sht\u00ebpi luksoze, me nj\u00eb pun\u00eb a profesion shum\u00eb fitimprur\u00ebs, me nj\u00eb status t\u00eb lart\u00eb social, etj.<\/p>\n<p>Shqip\u00ebria \u00ebsht\u00eb vendi ku njer\u00ebz me makina 100 mij\u00eb euro, pin\u00eb kafe 30 lek\u00ebshe n\u00eb klube t\u00eb ndyra lagjesh, s&#8217;kan\u00eb pun\u00eb, kan\u00eb nj\u00eb dhom\u00eb e nj\u00eb kuzhin\u00eb, dhe shpesh s&#8217;din\u00eb t\u00eb shkruajn\u00eb as shqip.<\/p>\n<p><strong>MERCEDESI ME 200 LEK\u00cb BENZIN\u00cb<br \/>\n<\/strong>Burri i karburantit po m\u00eb tregonte historin\u00eb e nj\u00eb Mercedesi luksoz q\u00eb i jepnin 2 t\u00eb rinj, t\u00eb cil\u00ebt kishin k\u00ebrkuar q\u00eb t&#8217;u hidhte 200 lek\u00eb t\u00eb reja benzin\u00eb. Aq lek kishin n\u00eb xhep, pavar\u00ebsisht se udh\u00ebtonin me makin\u00eb 40 mij\u00eb euro. Ashtu si jetojm\u00eb: Ne jetojm\u00eb p\u00ebr t&#8217;u dukur. R\u00ebnd\u00ebsi ka si dukemi, jo si jemi.<\/p>\n<p><strong>TIMONI ANGLEZ<\/strong><br \/>\nShija p\u00ebr makinat ndjek nj\u00eb mod\u00eb t\u00eb caktuar. N\u00eb fillim doli moda e X5-\u00ebs. Kjo t\u00eb b\u00ebnte t\u00eb dukeshe tip me lek dhe i zoti. Po X5-a t\u00eb grinte nga kredia. Pastaj erdhi moda e Hummerit. Kjo t\u00eb b\u00ebnte t\u00eb dukeshe garip, e jasht\u00eb formatit. Po Hummer-i t\u00eb grinte nga benzina.<\/p>\n<p>Tani ka dal\u00eb moda e timonit anglez. Shoh n\u00eb rrug\u00eb nj\u00eb sasi \u00e7udit\u00ebrisht t\u00eb madhe makinash me timon nga e kund\u00ebrta. Shoh Wolksvagen, BMW, madje kam par\u00eb dhe nj\u00eb Fiat me timon nga e djathta!!<\/p>\n<p>T&#8217;i jap\u00ebsh asaj makine n\u00eb rrug\u00ebt q\u00eb jan\u00eb projektuar p\u00ebr timon kontinental \u00ebsht\u00eb siklet. Megjithat\u00eb, komoditeti ka pak r\u00ebnd\u00ebsi. R\u00ebnd\u00ebsi ka ta kemi timonin mbrapsht, ndryshe nga normalja.<\/p>\n<p>Ashtu si jetojm\u00eb: B\u00ebjm\u00eb gjithmon\u00eb, gjith\u00e7ka mbrapsht.<\/p>\n<p><strong>E KUQJA<\/strong><br \/>\nShkelja e t\u00eb kuqes, mjafton q\u00eb polici t\u00eb jet\u00eb me kurriz, \u00ebsht\u00eb m\u00ebnyra sesi ne e nd\u00ebrtojm\u00eb gjith\u00eb jet\u00ebn ton\u00eb.<\/p>\n<p>Ashtu si jetojm\u00eb: Jemi gati t&#8217;i shkelim ligjet, mjafton q\u00eb t\u00eb mos na shoh\u00eb ai q\u00eb na nd\u00ebshkon.<\/p>\n<p><strong>FERRARI KUND\u00cbR FIAT<\/strong><br \/>\nSa m\u00eb e shtrenjt\u00eb t\u00eb jet\u00eb makina, aq m\u00eb e madhe \u00ebsht\u00eb arroganca e atij q\u00eb e ka.<br \/>\nSa m\u00eb luksoze makina, aq m\u00eb shum\u00eb pretendon ai q\u00eb e ka q\u00eb t\u00eb tjer\u00ebt duhet t&#8217;i hapin rrug\u00eb, edhe kur \u00ebsht\u00eb kundra-vajtje. Mjer\u00eb ai q\u00eb \u00ebsht\u00eb me Fiat. \u00cbsht\u00eb i detyruar t&#8217;i hap\u00eb rrug\u00eb arroganc\u00ebs, pavar\u00ebsisht ka t\u00eb drejt\u00eb a jo. Ashtu si jetojm\u00eb: Sa m\u00eb i madh pushteti, sa m\u00eb i madh posti, aq m\u00eb t\u00eb paprekur e mbi ligjin ndjehemi.<\/p>\n<p><strong>MAKINAT KUND\u00cbR K\u00cbMB\u00cbSOR\u00cbVE<br \/>\n<\/strong>Arroganca m\u00eb e madhe \u00ebsht\u00eb ajo q\u00eb njeriu n\u00eb makin\u00eb shfaq ndaj atij q\u00eb \u00ebsht\u00eb n\u00eb k\u00ebmb\u00eb. Nj\u00eb vajz\u00eb q\u00eb pret autobusin, pra q\u00eb nuk ka kush ta p\u00ebrcjell\u00eb me makin\u00eb, na duket p\u00ebr m\u00ebshir\u00eb. Shofer\u00ebt ankohen q\u00eb njer\u00ebzit k\u00ebtu ecin si lop\u00ebt. Kur ne vet\u00eb u japim makinave si t\u00eb ishim krokodil\u00eb. Qytetet, n\u00eb fakt, jan\u00eb nd\u00ebrtuar p\u00ebr njer\u00ebzit, jo p\u00ebr makinat. Makina \u00ebsht\u00eb vet\u00ebm nj\u00eb nga objektet q\u00eb leht\u00ebson ekzistenc\u00ebn, si sapuni, tamponi apo hekuri i hekurosjes.<\/p>\n<p>Qyteti i p\u00ebrket njeriut, jo makin\u00ebs. Por, n\u00eb rrug\u00ebt tona makina \u00ebsht\u00eb mbreti q\u00eb duhet t&#8217;i hapim rrug\u00eb.<\/p>\n<p>K\u00ebmb\u00ebsor\u00ebt e kap\u00ebrcejn\u00eb rrug\u00ebn duke vrapuar si lepuj. Edhe n\u00eb vijat e bardha duhet t\u00eb pres\u00ebsh 20 minuta q\u00eb t\u00eb mund t\u00eb kalosh, se askush nuk ka respekt p\u00ebr at\u00eb q\u00eb ec\u00ebn n\u00eb k\u00ebmb\u00eb. Ai q\u00eb ec\u00ebn n\u00eb k\u00ebmb\u00eb, na duket i pap\u00ebrfillsh\u00ebm. E \u00e7far\u00eb mund t\u00eb na b\u00ebj\u00eb? Ne jemi t\u00eb rrethuar me 1 ton hekur, ai peshon 65 kile me gjith\u00eb k\u00ebpuc\u00eb!<\/p>\n<p>Shtype! Shih si vrapon! Sa gallat\u00eb!!<\/p>\n<p>Dhe m\u00eb e keqja, ata q\u00eb vuajn\u00eb si k\u00ebmb\u00ebsor\u00eb nga makinat, sapo marrin makin\u00eb b\u00ebhen po aq t\u00eb k\u00ebqij. K\u00ebmb\u00ebsor\u00ebt vet\u00eb jan\u00eb pajtuar me fatin e t\u00eb qenit inferior\u00eb n\u00eb k\u00ebt\u00eb qytet.<\/p>\n<p>Ashtu si\u00e7 jetojm\u00eb: \u00c7do njeri i veshur me sadopak pushtet e shp\u00ebrfill pa m\u00ebshir\u00eb at\u00eb nuk ka pushtet. Ky i fundit, po erdhi n\u00eb pushtet t\u00eb b\u00ebri gj\u00ebm\u00ebn! Njeriu me makin\u00eb shp\u00ebrfill at\u00eb me bi\u00e7iklet\u00eb; njeriu me bi\u00e7iklet\u00eb, at\u00eb n\u00eb k\u00ebmb\u00eb. Njeriu n\u00eb k\u00ebmb\u00eb shp\u00ebrfill qent\u00eb e rrug\u00ebs. Qent\u00eb, na duan t\u00eb gjith\u00ebve, pavar\u00ebsisht n\u00ebse jemi n\u00eb k\u00ebmb\u00eb, me bi\u00e7iklet\u00eb a me Mercedes.<\/p>\n<p><strong>\u00c7EL\u00cbSAT N\u00cb DOR\u00cb<\/strong><br \/>\nShprehja &#8220;\u00e7el\u00ebsat n\u00eb dor\u00eb&#8221; ilustron m\u00eb mir\u00eb se \u00e7do gj\u00eb m\u00ebnyr\u00ebn sesi ne e kemi nd\u00ebrtuar shoq\u00ebrin\u00eb.<\/p>\n<p>Pa pritur shqyrtimin zyrtar t\u00eb \u00e7\u00ebshtjes, pa u sqaruar fare, ne ia l\u00ebm\u00eb n\u00eb dor\u00eb \u00e7el\u00ebsat atij tjetrit, medemek &#8220;b\u00ebj \u00e7&#8217;t\u00eb duash, un\u00eb e mora vendimin&#8221;.<\/p>\n<p>Ashtu si\u00e7 jetojm\u00eb: Vet\u00ebgjyq\u00ebsi. Arroganc\u00eb. Dhun\u00eb. Abuzim.<\/p>\n<p><strong>FEMRAT N\u00cb TIMON<\/strong><br \/>\nPatriarkalizmi jon\u00eb pasqyrohet edhe n\u00eb at\u00eb q\u00eb mendojm\u00eb p\u00ebr femrat n\u00eb timon. Si\u00e7 i gjykojm\u00eb inferiore n\u00eb jet\u00eb i gjykojm\u00eb edhe n\u00eb makin\u00eb. Madje, edhe polici e le t\u00eb kaloj\u00eb nj\u00eb fem\u00ebr shkel\u00ebse. E konsideron si nj\u00eb t\u00eb penguar mendore.<\/p>\n<p>&#8211; L\u00ebre, fem\u00ebr. Aq di!<\/p>\n<p>Personalisht, t\u00eb t\u00ebra incidentet i kam pasur me shofer\u00eb meshkuj. Jo se femrat nuk b\u00ebjn\u00eb gabime, por n\u00eb pamund\u00ebsi t\u00eb statistikave zyrtare mendoj q\u00eb femrat jan\u00eb po aq t\u00eb paafta sa dhe meshkujt n\u00eb t\u00eb nj\u00ebjt\u00ebn p\u00ebrqindje.<\/p>\n<p><strong>MIX TO MIX<\/strong><br \/>\nShikoni makinat e ndaluara n\u00eb semafor. Asnj\u00ebra n\u00eb vij\u00eb. Asnj\u00ebra n\u00eb korsi. Shumica mbi viz\u00eb.<\/p>\n<p>T\u00eb vendosura shtremb\u00ebr, si opinionet tona, si politika jon\u00eb, si q\u00ebndrimi jon\u00eb ndaj gj\u00ebrave. Makina para jush q\u00eb bllokon dy korsi. Ruan cila t\u00eb l\u00ebviz\u00eb m\u00eb shpejt, ai t\u00eb ket\u00eb mund\u00ebsin\u00eb t\u00eb futet n\u00eb t\u00eb. Ashtu si\u00e7 jetojm\u00eb: i duam t\u00eb t\u00ebra p\u00ebr vete, asgj\u00eb mos t\u00eb l\u00ebm\u00eb p\u00ebr t\u00eb tjer\u00ebt.<\/p>\n<p>Makina t\u00eb parkuara n\u00eb radh\u00eb dyshe. Pun\u00eb e madhe se nuk ka si t\u00eb dal\u00eb ai tjetri. Pun\u00eb e madhe se mund t\u00eb ket\u00eb nj\u00eb urgjenc\u00eb n\u00eb spital e nuk ka si nxjerr makin\u00ebn. Pun\u00eb e madhe se pret dy or\u00eb q\u00eb t&#8217;i lirojm\u00eb rrug\u00ebn.<\/p>\n<p>Ashtu si\u00e7 jetojm\u00eb: S&#8217;na b\u00ebhet von\u00eb p\u00ebr tjetrin. Dhe tjetri, sa i vjen rasti na e kthen nj\u00ebsoj.<\/p>\n<p>&#8220;Shofer i ri&#8221;. Kjo let\u00ebr \u00ebsht\u00eb absurde n\u00eb xhamin e makin\u00ebs. N\u00eb momentin q\u00eb t\u00eb kan\u00eb dh\u00ebn\u00eb patent\u00ebn t\u00eb kan\u00eb konsideruar t\u00eb aft\u00eb p\u00ebr t&#8217;i dh\u00ebn\u00eb makin\u00ebs n\u00eb \u00e7do rrethan\u00eb.<\/p>\n<p>Ashtu si\u00e7 jetojm\u00eb: Ne e m\u00ebsojm\u00eb dor\u00ebn rrug\u00ebs. Futemi t\u00eb pap\u00ebrgatitur n\u00eb nj\u00eb profesion apo detyr\u00eb, dhe ia marrim dor\u00ebn rrug\u00ebs n\u00eb kurriz t\u00eb atyre q\u00eb s&#8217;na kan\u00eb asnj\u00eb borxh. K\u00ebshtu dhe mjek\u00ebt, dhe politikan\u00ebt, dhe jurist\u00ebt.<\/p>\n<p><strong>&#8220;N\u00cb RRUG\u00cb BREDHIN KLUBE E MAKINA&#8221;<\/strong><br \/>\nTrafiku n\u00eb Tiran\u00eb \u00ebsht\u00eb vras\u00ebs. K\u00ebt\u00eb e p\u00ebrdorim si justifikim p\u00ebr m\u00ebnyr\u00ebn si sillemi, si parkojm\u00eb, si futemi kundra-vajtje, si dhunojm\u00eb shofer\u00ebt e tjer\u00eb e k\u00ebmb\u00ebsor\u00ebt. Dhe harrojm\u00eb q\u00eb trafikun e b\u00ebjm\u00eb ne.<\/p>\n<p>Ne jemi vras\u00ebsit. Ne vrasim shpirtin e t\u00eb tjer\u00ebve, dhe e b\u00ebjm\u00eb k\u00ebt\u00eb qytet stresant e t\u00eb urryer. Stresi q\u00eb i shkaktojm\u00eb shofer\u00ebve t\u00eb tjer\u00eb, k\u00ebmb\u00ebsor\u00ebve e bi\u00e7ikletave me sjelljen ton\u00eb t\u00eb pap\u00ebrgjegjshme \u00ebsht\u00eb vrasje e ngadalt\u00eb. Ne i plakim t\u00eb tjer\u00ebt para kohe e ata na e kthejn\u00eb po nj\u00ebsoj. Ne i japim makinave ashtu si jetojm\u00eb. N\u00eb k\u00ebt\u00eb qytet, ne jetojm\u00eb duke mosrespektuar nj\u00ebri-tjetrin. E duke ua nxir\u00eb jet\u00ebn.<\/p>\n<p>*<em>\u00c7do t\u00eb diel n\u00eb Shekulli dhe Shekulli Online<\/em><\/p>\n","protected":false},"excerpt":{"rendered":"<p>Nga Koloreto Cukali*, 11.07.2010 \u00c7do dit\u00eb, kur dalim nga sht\u00ebpia me makin\u00eb e derisa arrijm\u00eb n\u00eb destinacion shajm\u00eb t\u00eb tjer\u00ebt t\u00eb pakt\u00ebn 3 her\u00eb. Sepse, n\u00eb trafik ka vet\u00ebm njer\u00ebz q\u00eb na acarojn\u00eb. Ne, i japim makinave ashtu si jetojm\u00eb. N\u00eb kaos, jasht\u00eb rregullave, me arroganc\u00eb, me dhun\u00eb e duke shar\u00eb t\u00eb tjer\u00ebt. MAKINAT SI [&hellip;]<\/p>\n","protected":false},"author":1,"featured_media":0,"comment_status":"open","ping_status":"closed","sticky":false,"template":"","format":"standard","meta":{"footnotes":""},"categories":[2],"tags":[],"class_list":{"0":"post-3280","1":"post","2":"type-post","3":"status-publish","4":"format-standard","6":"category-artikuj"},"yoast_head":"<!-- This site is optimized with the Yoast SEO plugin v27.4 - https:\/\/yoast.com\/product\/yoast-seo-wordpress\/ -->\n<title>Gomer\u00eb dhe makina - FjALA e LIR\u00cb - Arkivi<\/title>\n<meta name=\"robots\" content=\"index, follow, max-snippet:-1, max-image-preview:large, max-video-preview:-1\" \/>\n<link rel=\"canonical\" href=\"https:\/\/fjala.info\/2009-2015\/gomere-dhe-makina\/\" \/>\n<meta property=\"og:locale\" content=\"sq_AL\" \/>\n<meta property=\"og:type\" content=\"article\" \/>\n<meta property=\"og:title\" content=\"Gomer\u00eb dhe makina - FjALA e LIR\u00cb - Arkivi\" \/>\n<meta property=\"og:description\" content=\"Nga Koloreto Cukali*, 11.07.2010 \u00c7do dit\u00eb, kur dalim nga sht\u00ebpia me makin\u00eb e derisa arrijm\u00eb n\u00eb destinacion shajm\u00eb t\u00eb tjer\u00ebt t\u00eb pakt\u00ebn 3 her\u00eb. Sepse, n\u00eb trafik ka vet\u00ebm njer\u00ebz q\u00eb na acarojn\u00eb. Ne, i japim makinave ashtu si jetojm\u00eb. N\u00eb kaos, jasht\u00eb rregullave, me arroganc\u00eb, me dhun\u00eb e duke shar\u00eb t\u00eb tjer\u00ebt. MAKINAT SI [&hellip;]\" \/>\n<meta property=\"og:url\" content=\"https:\/\/fjala.info\/2009-2015\/gomere-dhe-makina\/\" \/>\n<meta property=\"og:site_name\" content=\"FjALA e LIR\u00cb - Arkivi\" \/>\n<meta property=\"article:published_time\" content=\"2010-07-11T08:10:49+00:00\" \/>\n<meta name=\"author\" content=\"admin\" \/>\n<meta name=\"twitter:card\" content=\"summary_large_image\" \/>\n<meta name=\"twitter:label1\" content=\"Written by\" \/>\n\t<meta name=\"twitter:data1\" content=\"admin\" \/>\n\t<meta name=\"twitter:label2\" content=\"Est. reading time\" \/>\n\t<meta name=\"twitter:data2\" content=\"7 minutes\" \/>\n<script type=\"application\/ld+json\" class=\"yoast-schema-graph\">{\"@context\":\"https:\\\/\\\/schema.org\",\"@graph\":[{\"@type\":\"Article\",\"@id\":\"https:\\\/\\\/fjala.info\\\/2009-2015\\\/gomere-dhe-makina\\\/#article\",\"isPartOf\":{\"@id\":\"https:\\\/\\\/fjala.info\\\/2009-2015\\\/gomere-dhe-makina\\\/\"},\"author\":{\"name\":\"admin\",\"@id\":\"https:\\\/\\\/fjala.info\\\/2009-2015\\\/#\\\/schema\\\/person\\\/3aa1163ef05469c496fc94e77611ada2\"},\"headline\":\"Gomer\u00eb dhe makina\",\"datePublished\":\"2010-07-11T08:10:49+00:00\",\"mainEntityOfPage\":{\"@id\":\"https:\\\/\\\/fjala.info\\\/2009-2015\\\/gomere-dhe-makina\\\/\"},\"wordCount\":1402,\"commentCount\":0,\"publisher\":{\"@id\":\"https:\\\/\\\/fjala.info\\\/2009-2015\\\/#organization\"},\"articleSection\":[\"Artikuj\"],\"inLanguage\":\"sq-AL\",\"potentialAction\":[{\"@type\":\"CommentAction\",\"name\":\"Comment\",\"target\":[\"https:\\\/\\\/fjala.info\\\/2009-2015\\\/gomere-dhe-makina\\\/#respond\"]}]},{\"@type\":\"WebPage\",\"@id\":\"https:\\\/\\\/fjala.info\\\/2009-2015\\\/gomere-dhe-makina\\\/\",\"url\":\"https:\\\/\\\/fjala.info\\\/2009-2015\\\/gomere-dhe-makina\\\/\",\"name\":\"Gomer\u00eb dhe makina - FjALA e LIR\u00cb - Arkivi\",\"isPartOf\":{\"@id\":\"https:\\\/\\\/fjala.info\\\/2009-2015\\\/#website\"},\"datePublished\":\"2010-07-11T08:10:49+00:00\",\"breadcrumb\":{\"@id\":\"https:\\\/\\\/fjala.info\\\/2009-2015\\\/gomere-dhe-makina\\\/#breadcrumb\"},\"inLanguage\":\"sq-AL\",\"potentialAction\":[{\"@type\":\"ReadAction\",\"target\":[\"https:\\\/\\\/fjala.info\\\/2009-2015\\\/gomere-dhe-makina\\\/\"]}]},{\"@type\":\"BreadcrumbList\",\"@id\":\"https:\\\/\\\/fjala.info\\\/2009-2015\\\/gomere-dhe-makina\\\/#breadcrumb\",\"itemListElement\":[{\"@type\":\"ListItem\",\"position\":1,\"name\":\"Home\",\"item\":\"https:\\\/\\\/fjala.info\\\/2009-2015\\\/\"},{\"@type\":\"ListItem\",\"position\":2,\"name\":\"Gomer\u00eb dhe makina\"}]},{\"@type\":\"WebSite\",\"@id\":\"https:\\\/\\\/fjala.info\\\/2009-2015\\\/#website\",\"url\":\"https:\\\/\\\/fjala.info\\\/2009-2015\\\/\",\"name\":\"FjALA e LIR\u00cb - Arkivi\",\"description\":\"Arkivi 2009-2015\",\"publisher\":{\"@id\":\"https:\\\/\\\/fjala.info\\\/2009-2015\\\/#organization\"},\"potentialAction\":[{\"@type\":\"SearchAction\",\"target\":{\"@type\":\"EntryPoint\",\"urlTemplate\":\"https:\\\/\\\/fjala.info\\\/2009-2015\\\/?s={search_term_string}\"},\"query-input\":{\"@type\":\"PropertyValueSpecification\",\"valueRequired\":true,\"valueName\":\"search_term_string\"}}],\"inLanguage\":\"sq-AL\"},{\"@type\":\"Organization\",\"@id\":\"https:\\\/\\\/fjala.info\\\/2009-2015\\\/#organization\",\"name\":\"FjALA e LIR\u00cb - Arkivi\",\"url\":\"https:\\\/\\\/fjala.info\\\/2009-2015\\\/\",\"logo\":{\"@type\":\"ImageObject\",\"inLanguage\":\"sq-AL\",\"@id\":\"https:\\\/\\\/fjala.info\\\/2009-2015\\\/#\\\/schema\\\/logo\\\/image\\\/\",\"url\":\"\",\"contentUrl\":\"\",\"caption\":\"FjALA e LIR\u00cb - Arkivi\"},\"image\":{\"@id\":\"https:\\\/\\\/fjala.info\\\/2009-2015\\\/#\\\/schema\\\/logo\\\/image\\\/\"}},{\"@type\":\"Person\",\"@id\":\"https:\\\/\\\/fjala.info\\\/2009-2015\\\/#\\\/schema\\\/person\\\/3aa1163ef05469c496fc94e77611ada2\",\"name\":\"admin\",\"image\":{\"@type\":\"ImageObject\",\"inLanguage\":\"sq-AL\",\"@id\":\"https:\\\/\\\/fjala.info\\\/2009-2015\\\/wp-content\\\/uploads\\\/2012\\\/02\\\/arben_cokaj-120x150.jpg\",\"url\":\"https:\\\/\\\/fjala.info\\\/2009-2015\\\/wp-content\\\/uploads\\\/2012\\\/02\\\/arben_cokaj-120x150.jpg\",\"contentUrl\":\"https:\\\/\\\/fjala.info\\\/2009-2015\\\/wp-content\\\/uploads\\\/2012\\\/02\\\/arben_cokaj-120x150.jpg\",\"caption\":\"admin\"},\"description\":\"Admin, Fjala e Lir\u00eb\",\"sameAs\":[\"https:\\\/\\\/fjala.info\\\/\"],\"url\":\"https:\\\/\\\/fjala.info\\\/2009-2015\\\/author\\\/admin\\\/\"}]}<\/script>\n<!-- \/ Yoast SEO plugin. -->","yoast_head_json":{"title":"Gomer\u00eb dhe makina - FjALA e LIR\u00cb - Arkivi","robots":{"index":"index","follow":"follow","max-snippet":"max-snippet:-1","max-image-preview":"max-image-preview:large","max-video-preview":"max-video-preview:-1"},"canonical":"https:\/\/fjala.info\/2009-2015\/gomere-dhe-makina\/","og_locale":"sq_AL","og_type":"article","og_title":"Gomer\u00eb dhe makina - FjALA e LIR\u00cb - Arkivi","og_description":"Nga Koloreto Cukali*, 11.07.2010 \u00c7do dit\u00eb, kur dalim nga sht\u00ebpia me makin\u00eb e derisa arrijm\u00eb n\u00eb destinacion shajm\u00eb t\u00eb tjer\u00ebt t\u00eb pakt\u00ebn 3 her\u00eb. Sepse, n\u00eb trafik ka vet\u00ebm njer\u00ebz q\u00eb na acarojn\u00eb. Ne, i japim makinave ashtu si jetojm\u00eb. N\u00eb kaos, jasht\u00eb rregullave, me arroganc\u00eb, me dhun\u00eb e duke shar\u00eb t\u00eb tjer\u00ebt. MAKINAT SI [&hellip;]","og_url":"https:\/\/fjala.info\/2009-2015\/gomere-dhe-makina\/","og_site_name":"FjALA e LIR\u00cb - Arkivi","article_published_time":"2010-07-11T08:10:49+00:00","author":"admin","twitter_card":"summary_large_image","twitter_misc":{"Written by":"admin","Est. reading time":"7 minutes"},"schema":{"@context":"https:\/\/schema.org","@graph":[{"@type":"Article","@id":"https:\/\/fjala.info\/2009-2015\/gomere-dhe-makina\/#article","isPartOf":{"@id":"https:\/\/fjala.info\/2009-2015\/gomere-dhe-makina\/"},"author":{"name":"admin","@id":"https:\/\/fjala.info\/2009-2015\/#\/schema\/person\/3aa1163ef05469c496fc94e77611ada2"},"headline":"Gomer\u00eb dhe makina","datePublished":"2010-07-11T08:10:49+00:00","mainEntityOfPage":{"@id":"https:\/\/fjala.info\/2009-2015\/gomere-dhe-makina\/"},"wordCount":1402,"commentCount":0,"publisher":{"@id":"https:\/\/fjala.info\/2009-2015\/#organization"},"articleSection":["Artikuj"],"inLanguage":"sq-AL","potentialAction":[{"@type":"CommentAction","name":"Comment","target":["https:\/\/fjala.info\/2009-2015\/gomere-dhe-makina\/#respond"]}]},{"@type":"WebPage","@id":"https:\/\/fjala.info\/2009-2015\/gomere-dhe-makina\/","url":"https:\/\/fjala.info\/2009-2015\/gomere-dhe-makina\/","name":"Gomer\u00eb dhe makina - FjALA e LIR\u00cb - Arkivi","isPartOf":{"@id":"https:\/\/fjala.info\/2009-2015\/#website"},"datePublished":"2010-07-11T08:10:49+00:00","breadcrumb":{"@id":"https:\/\/fjala.info\/2009-2015\/gomere-dhe-makina\/#breadcrumb"},"inLanguage":"sq-AL","potentialAction":[{"@type":"ReadAction","target":["https:\/\/fjala.info\/2009-2015\/gomere-dhe-makina\/"]}]},{"@type":"BreadcrumbList","@id":"https:\/\/fjala.info\/2009-2015\/gomere-dhe-makina\/#breadcrumb","itemListElement":[{"@type":"ListItem","position":1,"name":"Home","item":"https:\/\/fjala.info\/2009-2015\/"},{"@type":"ListItem","position":2,"name":"Gomer\u00eb dhe makina"}]},{"@type":"WebSite","@id":"https:\/\/fjala.info\/2009-2015\/#website","url":"https:\/\/fjala.info\/2009-2015\/","name":"FjALA e LIR\u00cb - Arkivi","description":"Arkivi 2009-2015","publisher":{"@id":"https:\/\/fjala.info\/2009-2015\/#organization"},"potentialAction":[{"@type":"SearchAction","target":{"@type":"EntryPoint","urlTemplate":"https:\/\/fjala.info\/2009-2015\/?s={search_term_string}"},"query-input":{"@type":"PropertyValueSpecification","valueRequired":true,"valueName":"search_term_string"}}],"inLanguage":"sq-AL"},{"@type":"Organization","@id":"https:\/\/fjala.info\/2009-2015\/#organization","name":"FjALA e LIR\u00cb - Arkivi","url":"https:\/\/fjala.info\/2009-2015\/","logo":{"@type":"ImageObject","inLanguage":"sq-AL","@id":"https:\/\/fjala.info\/2009-2015\/#\/schema\/logo\/image\/","url":"","contentUrl":"","caption":"FjALA e LIR\u00cb - Arkivi"},"image":{"@id":"https:\/\/fjala.info\/2009-2015\/#\/schema\/logo\/image\/"}},{"@type":"Person","@id":"https:\/\/fjala.info\/2009-2015\/#\/schema\/person\/3aa1163ef05469c496fc94e77611ada2","name":"admin","image":{"@type":"ImageObject","inLanguage":"sq-AL","@id":"https:\/\/fjala.info\/2009-2015\/wp-content\/uploads\/2012\/02\/arben_cokaj-120x150.jpg","url":"https:\/\/fjala.info\/2009-2015\/wp-content\/uploads\/2012\/02\/arben_cokaj-120x150.jpg","contentUrl":"https:\/\/fjala.info\/2009-2015\/wp-content\/uploads\/2012\/02\/arben_cokaj-120x150.jpg","caption":"admin"},"description":"Admin, Fjala e Lir\u00eb","sameAs":["https:\/\/fjala.info\/"],"url":"https:\/\/fjala.info\/2009-2015\/author\/admin\/"}]}},"_links":{"self":[{"href":"https:\/\/fjala.info\/2009-2015\/wp-json\/wp\/v2\/posts\/3280","targetHints":{"allow":["GET"]}}],"collection":[{"href":"https:\/\/fjala.info\/2009-2015\/wp-json\/wp\/v2\/posts"}],"about":[{"href":"https:\/\/fjala.info\/2009-2015\/wp-json\/wp\/v2\/types\/post"}],"author":[{"embeddable":true,"href":"https:\/\/fjala.info\/2009-2015\/wp-json\/wp\/v2\/users\/1"}],"replies":[{"embeddable":true,"href":"https:\/\/fjala.info\/2009-2015\/wp-json\/wp\/v2\/comments?post=3280"}],"version-history":[{"count":0,"href":"https:\/\/fjala.info\/2009-2015\/wp-json\/wp\/v2\/posts\/3280\/revisions"}],"wp:attachment":[{"href":"https:\/\/fjala.info\/2009-2015\/wp-json\/wp\/v2\/media?parent=3280"}],"wp:term":[{"taxonomy":"category","embeddable":true,"href":"https:\/\/fjala.info\/2009-2015\/wp-json\/wp\/v2\/categories?post=3280"},{"taxonomy":"post_tag","embeddable":true,"href":"https:\/\/fjala.info\/2009-2015\/wp-json\/wp\/v2\/tags?post=3280"}],"curies":[{"name":"wp","href":"https:\/\/api.w.org\/{rel}","templated":true}]}}