{"id":3276,"date":"2012-06-13T23:32:30","date_gmt":"2012-06-13T22:32:30","guid":{"rendered":"http:\/\/www.fjala.info\/?p=3276"},"modified":"2012-06-13T23:32:30","modified_gmt":"2012-06-13T22:32:30","slug":"kushtetuta-dhe-semundja-e-presidentit-nishani","status":"publish","type":"post","link":"https:\/\/fjala.info\/2009-2015\/kushtetuta-dhe-semundja-e-presidentit-nishani\/","title":{"rendered":"Kushtetuta dhe s\u00ebmundja e Presidentit Nishani"},"content":{"rendered":"<p><img decoding=\"async\" class=\"alignright size-thumbnail wp-image-7236\" title=\"Berisha - Nishani\" src=\"http:\/\/www.fjala.info\/2012\/berisha_nishani.jpg\" alt=\"\" width=\"300\" \/> <strong>TemA Online<\/strong>, <em>13 Qershor 2012<\/em><\/p>\n<p>Bujar Nishani \u00ebsht\u00eb fizikisht i s\u00ebmur\u00eb. Shpjegimet e tij se ka b\u00ebr\u00eb nj\u00eb nd\u00ebrhyrje kirurgjikale n\u00eb nj\u00eb en\u00eb gjaku nuk mund t\u00eb shpjegojn\u00eb paraliz\u00ebn e dor\u00ebs dhe k\u00ebmb\u00ebs s\u00eb majt\u00eb, dhe p\u00ebr m\u00eb tep\u00ebr mospublikimi i nj\u00eb raporti mjek\u00ebsor zyrtar p\u00ebr t\u00eb e b\u00ebn t\u00eb dyshimt\u00eb gjith\u00eb historin\u00eb e p\u00ebrzgjedhjes. Aq m\u00eb tep\u00ebr nuk kemi asnj\u00eb arsye nga se \u00ebsht\u00eb shkaktuar problemi, n\u00ebse \u00ebsht\u00eb nj\u00eb goditje fizike nga jasht\u00eb q\u00eb mund t\u2019i ket\u00eb d\u00ebmtuar en\u00ebn e gjakut apo di\u00e7ka e brendshme.<\/p>\n<p>Kushtetua e Shqip\u00ebris\u00eb n\u00eb nenin 91 t\u00eb saj parasheh se kur Presidenti i Republik\u00ebs \u00ebsht\u00eb n\u00eb pamund\u00ebsi t\u00eb p\u00ebrkohshme p\u00ebr t\u00eb ushtruar funksionet e tij ose kur vendi i tij mbetet vakant, Kryetari i Kuvendit z\u00eb vendin dhe ushtron kompetencat e tij.<\/p>\n<p>A t\u00eb jet\u00eb kjo arsyeja q\u00eb Topalli u ul e g\u00ebzuar af\u00ebr tij dhe nuk b\u00ebri asnj\u00eb rezistenc\u00eb ndaj kandidatur\u00ebs si n\u00eb rastin e Hoxh\u00ebs apo Zaganjorit?<\/p>\n<p>Sido q\u00eb t\u00eb jet\u00eb, para se t\u00eb k\u00ebnaqim d\u00ebshir\u00ebn e Topallit duhet t\u00eb sqarohen shqiptar\u00ebt nga se vuan Presidenti dhe sa rrezik p\u00ebrb\u00ebn s\u00ebmundja e tij p\u00ebr t\u00eb marr\u00eb vendime, p\u00ebr t\u00eb cilat mund t\u00eb jet\u00eb p\u00ebrgjegj\u00ebs.<\/p>\n<p>Ende nuk ka nj\u00eb p\u00ebrgjigje p\u00ebr k\u00ebt\u00eb, por ka vet\u00ebm k\u00ebrkesa t\u00eb tregohemi t\u00eb arsyesh\u00ebm dhe t\u00eb mos e ekspozojm\u00eb s\u00ebmundjen e tij n\u00eb publik. N\u00eb fakt k\u00ebrkesa t\u00eb tilla d\u00ebmtojn\u00eb realisht qet\u00ebsin\u00eb e pacientit Nishani, dhe pun\u00ebn e Presidentit Nishani, dhe jan\u00eb n\u00eb kund\u00ebrshtim me ligjin dhe detyrimin q\u00eb ekziston p\u00ebr t\u00eb informuar zyrtarisht qytetar\u00ebt p\u00ebr sh\u00ebndetin e presidentit.<\/p>\n<p><strong>KUSHTETUTA<\/strong><\/p>\n<p><strong>Neni 91<\/strong><\/p>\n<p>1. <em>Kur Presidenti i Republik\u00ebs \u00ebsht\u00eb n\u00eb pamund\u00ebsi t\u00eb p\u00ebrkohshme p\u00ebr t\u00eb ushtruar funksionet e tij ose kur vendi i tij mbetet vakant, Kryetari i Kuvendit z\u00eb vendin dhe ushtron kompetencat e tij.<\/em><\/p>\n","protected":false},"excerpt":{"rendered":"<p>TemA Online, 13 Qershor 2012 Bujar Nishani \u00ebsht\u00eb fizikisht i s\u00ebmur\u00eb. Shpjegimet e tij se ka b\u00ebr\u00eb nj\u00eb nd\u00ebrhyrje kirurgjikale n\u00eb nj\u00eb en\u00eb gjaku nuk mund t\u00eb shpjegojn\u00eb paraliz\u00ebn e dor\u00ebs dhe k\u00ebmb\u00ebs s\u00eb majt\u00eb, dhe p\u00ebr m\u00eb tep\u00ebr mospublikimi i nj\u00eb raporti mjek\u00ebsor zyrtar p\u00ebr t\u00eb e b\u00ebn t\u00eb dyshimt\u00eb gjith\u00eb historin\u00eb e p\u00ebrzgjedhjes. [&hellip;]<\/p>\n","protected":false},"author":1,"featured_media":0,"comment_status":"open","ping_status":"closed","sticky":false,"template":"","format":"standard","meta":{"footnotes":""},"categories":[2],"tags":[],"class_list":{"0":"post-3276","1":"post","2":"type-post","3":"status-publish","4":"format-standard","6":"category-artikuj"},"yoast_head":"<!-- This site is optimized with the Yoast SEO plugin v27.4 - https:\/\/yoast.com\/product\/yoast-seo-wordpress\/ -->\n<title>Kushtetuta dhe s\u00ebmundja e Presidentit Nishani - FjALA e LIR\u00cb - Arkivi<\/title>\n<meta name=\"robots\" content=\"index, follow, max-snippet:-1, max-image-preview:large, max-video-preview:-1\" \/>\n<link rel=\"canonical\" href=\"https:\/\/fjala.info\/2009-2015\/kushtetuta-dhe-semundja-e-presidentit-nishani\/\" \/>\n<meta property=\"og:locale\" content=\"sq_AL\" \/>\n<meta property=\"og:type\" content=\"article\" \/>\n<meta property=\"og:title\" content=\"Kushtetuta dhe s\u00ebmundja e Presidentit Nishani - FjALA e LIR\u00cb - Arkivi\" \/>\n<meta property=\"og:description\" content=\"TemA Online, 13 Qershor 2012 Bujar Nishani \u00ebsht\u00eb fizikisht i s\u00ebmur\u00eb. Shpjegimet e tij se ka b\u00ebr\u00eb nj\u00eb nd\u00ebrhyrje kirurgjikale n\u00eb nj\u00eb en\u00eb gjaku nuk mund t\u00eb shpjegojn\u00eb paraliz\u00ebn e dor\u00ebs dhe k\u00ebmb\u00ebs s\u00eb majt\u00eb, dhe p\u00ebr m\u00eb tep\u00ebr mospublikimi i nj\u00eb raporti mjek\u00ebsor zyrtar p\u00ebr t\u00eb e b\u00ebn t\u00eb dyshimt\u00eb gjith\u00eb historin\u00eb e p\u00ebrzgjedhjes. [&hellip;]\" \/>\n<meta property=\"og:url\" content=\"https:\/\/fjala.info\/2009-2015\/kushtetuta-dhe-semundja-e-presidentit-nishani\/\" \/>\n<meta property=\"og:site_name\" content=\"FjALA e LIR\u00cb - Arkivi\" \/>\n<meta property=\"article:published_time\" content=\"2012-06-13T22:32:30+00:00\" \/>\n<meta property=\"og:image\" content=\"http:\/\/www.fjala.info\/2012\/berisha_nishani.jpg\" \/>\n<meta name=\"author\" content=\"admin\" \/>\n<meta name=\"twitter:card\" content=\"summary_large_image\" \/>\n<meta name=\"twitter:label1\" content=\"Written by\" \/>\n\t<meta name=\"twitter:data1\" content=\"admin\" \/>\n\t<meta name=\"twitter:label2\" content=\"Est. reading time\" \/>\n\t<meta name=\"twitter:data2\" content=\"2 minutes\" \/>\n<script type=\"application\/ld+json\" class=\"yoast-schema-graph\">{\"@context\":\"https:\\\/\\\/schema.org\",\"@graph\":[{\"@type\":\"Article\",\"@id\":\"https:\\\/\\\/fjala.info\\\/2009-2015\\\/kushtetuta-dhe-semundja-e-presidentit-nishani\\\/#article\",\"isPartOf\":{\"@id\":\"https:\\\/\\\/fjala.info\\\/2009-2015\\\/kushtetuta-dhe-semundja-e-presidentit-nishani\\\/\"},\"author\":{\"name\":\"admin\",\"@id\":\"https:\\\/\\\/fjala.info\\\/2009-2015\\\/#\\\/schema\\\/person\\\/3aa1163ef05469c496fc94e77611ada2\"},\"headline\":\"Kushtetuta dhe s\u00ebmundja e Presidentit Nishani\",\"datePublished\":\"2012-06-13T22:32:30+00:00\",\"mainEntityOfPage\":{\"@id\":\"https:\\\/\\\/fjala.info\\\/2009-2015\\\/kushtetuta-dhe-semundja-e-presidentit-nishani\\\/\"},\"wordCount\":350,\"commentCount\":0,\"publisher\":{\"@id\":\"https:\\\/\\\/fjala.info\\\/2009-2015\\\/#organization\"},\"image\":{\"@id\":\"https:\\\/\\\/fjala.info\\\/2009-2015\\\/kushtetuta-dhe-semundja-e-presidentit-nishani\\\/#primaryimage\"},\"thumbnailUrl\":\"http:\\\/\\\/www.fjala.info\\\/2012\\\/berisha_nishani.jpg\",\"articleSection\":[\"Artikuj\"],\"inLanguage\":\"sq-AL\",\"potentialAction\":[{\"@type\":\"CommentAction\",\"name\":\"Comment\",\"target\":[\"https:\\\/\\\/fjala.info\\\/2009-2015\\\/kushtetuta-dhe-semundja-e-presidentit-nishani\\\/#respond\"]}]},{\"@type\":\"WebPage\",\"@id\":\"https:\\\/\\\/fjala.info\\\/2009-2015\\\/kushtetuta-dhe-semundja-e-presidentit-nishani\\\/\",\"url\":\"https:\\\/\\\/fjala.info\\\/2009-2015\\\/kushtetuta-dhe-semundja-e-presidentit-nishani\\\/\",\"name\":\"Kushtetuta dhe s\u00ebmundja e Presidentit Nishani - FjALA e LIR\u00cb - Arkivi\",\"isPartOf\":{\"@id\":\"https:\\\/\\\/fjala.info\\\/2009-2015\\\/#website\"},\"primaryImageOfPage\":{\"@id\":\"https:\\\/\\\/fjala.info\\\/2009-2015\\\/kushtetuta-dhe-semundja-e-presidentit-nishani\\\/#primaryimage\"},\"image\":{\"@id\":\"https:\\\/\\\/fjala.info\\\/2009-2015\\\/kushtetuta-dhe-semundja-e-presidentit-nishani\\\/#primaryimage\"},\"thumbnailUrl\":\"http:\\\/\\\/www.fjala.info\\\/2012\\\/berisha_nishani.jpg\",\"datePublished\":\"2012-06-13T22:32:30+00:00\",\"breadcrumb\":{\"@id\":\"https:\\\/\\\/fjala.info\\\/2009-2015\\\/kushtetuta-dhe-semundja-e-presidentit-nishani\\\/#breadcrumb\"},\"inLanguage\":\"sq-AL\",\"potentialAction\":[{\"@type\":\"ReadAction\",\"target\":[\"https:\\\/\\\/fjala.info\\\/2009-2015\\\/kushtetuta-dhe-semundja-e-presidentit-nishani\\\/\"]}]},{\"@type\":\"ImageObject\",\"inLanguage\":\"sq-AL\",\"@id\":\"https:\\\/\\\/fjala.info\\\/2009-2015\\\/kushtetuta-dhe-semundja-e-presidentit-nishani\\\/#primaryimage\",\"url\":\"http:\\\/\\\/www.fjala.info\\\/2012\\\/berisha_nishani.jpg\",\"contentUrl\":\"http:\\\/\\\/www.fjala.info\\\/2012\\\/berisha_nishani.jpg\"},{\"@type\":\"BreadcrumbList\",\"@id\":\"https:\\\/\\\/fjala.info\\\/2009-2015\\\/kushtetuta-dhe-semundja-e-presidentit-nishani\\\/#breadcrumb\",\"itemListElement\":[{\"@type\":\"ListItem\",\"position\":1,\"name\":\"Home\",\"item\":\"https:\\\/\\\/fjala.info\\\/2009-2015\\\/\"},{\"@type\":\"ListItem\",\"position\":2,\"name\":\"Kushtetuta dhe s\u00ebmundja e Presidentit Nishani\"}]},{\"@type\":\"WebSite\",\"@id\":\"https:\\\/\\\/fjala.info\\\/2009-2015\\\/#website\",\"url\":\"https:\\\/\\\/fjala.info\\\/2009-2015\\\/\",\"name\":\"FjALA e LIR\u00cb - Arkivi\",\"description\":\"Arkivi 2009-2015\",\"publisher\":{\"@id\":\"https:\\\/\\\/fjala.info\\\/2009-2015\\\/#organization\"},\"potentialAction\":[{\"@type\":\"SearchAction\",\"target\":{\"@type\":\"EntryPoint\",\"urlTemplate\":\"https:\\\/\\\/fjala.info\\\/2009-2015\\\/?s={search_term_string}\"},\"query-input\":{\"@type\":\"PropertyValueSpecification\",\"valueRequired\":true,\"valueName\":\"search_term_string\"}}],\"inLanguage\":\"sq-AL\"},{\"@type\":\"Organization\",\"@id\":\"https:\\\/\\\/fjala.info\\\/2009-2015\\\/#organization\",\"name\":\"FjALA e LIR\u00cb - Arkivi\",\"url\":\"https:\\\/\\\/fjala.info\\\/2009-2015\\\/\",\"logo\":{\"@type\":\"ImageObject\",\"inLanguage\":\"sq-AL\",\"@id\":\"https:\\\/\\\/fjala.info\\\/2009-2015\\\/#\\\/schema\\\/logo\\\/image\\\/\",\"url\":\"\",\"contentUrl\":\"\",\"caption\":\"FjALA e LIR\u00cb - Arkivi\"},\"image\":{\"@id\":\"https:\\\/\\\/fjala.info\\\/2009-2015\\\/#\\\/schema\\\/logo\\\/image\\\/\"}},{\"@type\":\"Person\",\"@id\":\"https:\\\/\\\/fjala.info\\\/2009-2015\\\/#\\\/schema\\\/person\\\/3aa1163ef05469c496fc94e77611ada2\",\"name\":\"admin\",\"image\":{\"@type\":\"ImageObject\",\"inLanguage\":\"sq-AL\",\"@id\":\"https:\\\/\\\/fjala.info\\\/2009-2015\\\/wp-content\\\/uploads\\\/2012\\\/02\\\/arben_cokaj-120x150.jpg\",\"url\":\"https:\\\/\\\/fjala.info\\\/2009-2015\\\/wp-content\\\/uploads\\\/2012\\\/02\\\/arben_cokaj-120x150.jpg\",\"contentUrl\":\"https:\\\/\\\/fjala.info\\\/2009-2015\\\/wp-content\\\/uploads\\\/2012\\\/02\\\/arben_cokaj-120x150.jpg\",\"caption\":\"admin\"},\"description\":\"Admin, Fjala e Lir\u00eb\",\"sameAs\":[\"https:\\\/\\\/fjala.info\\\/\"],\"url\":\"https:\\\/\\\/fjala.info\\\/2009-2015\\\/author\\\/admin\\\/\"}]}<\/script>\n<!-- \/ Yoast SEO plugin. -->","yoast_head_json":{"title":"Kushtetuta dhe s\u00ebmundja e Presidentit Nishani - FjALA e LIR\u00cb - Arkivi","robots":{"index":"index","follow":"follow","max-snippet":"max-snippet:-1","max-image-preview":"max-image-preview:large","max-video-preview":"max-video-preview:-1"},"canonical":"https:\/\/fjala.info\/2009-2015\/kushtetuta-dhe-semundja-e-presidentit-nishani\/","og_locale":"sq_AL","og_type":"article","og_title":"Kushtetuta dhe s\u00ebmundja e Presidentit Nishani - FjALA e LIR\u00cb - Arkivi","og_description":"TemA Online, 13 Qershor 2012 Bujar Nishani \u00ebsht\u00eb fizikisht i s\u00ebmur\u00eb. Shpjegimet e tij se ka b\u00ebr\u00eb nj\u00eb nd\u00ebrhyrje kirurgjikale n\u00eb nj\u00eb en\u00eb gjaku nuk mund t\u00eb shpjegojn\u00eb paraliz\u00ebn e dor\u00ebs dhe k\u00ebmb\u00ebs s\u00eb majt\u00eb, dhe p\u00ebr m\u00eb tep\u00ebr mospublikimi i nj\u00eb raporti mjek\u00ebsor zyrtar p\u00ebr t\u00eb e b\u00ebn t\u00eb dyshimt\u00eb gjith\u00eb historin\u00eb e p\u00ebrzgjedhjes. [&hellip;]","og_url":"https:\/\/fjala.info\/2009-2015\/kushtetuta-dhe-semundja-e-presidentit-nishani\/","og_site_name":"FjALA e LIR\u00cb - Arkivi","article_published_time":"2012-06-13T22:32:30+00:00","og_image":[{"url":"http:\/\/www.fjala.info\/2012\/berisha_nishani.jpg","type":"","width":"","height":""}],"author":"admin","twitter_card":"summary_large_image","twitter_misc":{"Written by":"admin","Est. reading time":"2 minutes"},"schema":{"@context":"https:\/\/schema.org","@graph":[{"@type":"Article","@id":"https:\/\/fjala.info\/2009-2015\/kushtetuta-dhe-semundja-e-presidentit-nishani\/#article","isPartOf":{"@id":"https:\/\/fjala.info\/2009-2015\/kushtetuta-dhe-semundja-e-presidentit-nishani\/"},"author":{"name":"admin","@id":"https:\/\/fjala.info\/2009-2015\/#\/schema\/person\/3aa1163ef05469c496fc94e77611ada2"},"headline":"Kushtetuta dhe s\u00ebmundja e Presidentit Nishani","datePublished":"2012-06-13T22:32:30+00:00","mainEntityOfPage":{"@id":"https:\/\/fjala.info\/2009-2015\/kushtetuta-dhe-semundja-e-presidentit-nishani\/"},"wordCount":350,"commentCount":0,"publisher":{"@id":"https:\/\/fjala.info\/2009-2015\/#organization"},"image":{"@id":"https:\/\/fjala.info\/2009-2015\/kushtetuta-dhe-semundja-e-presidentit-nishani\/#primaryimage"},"thumbnailUrl":"http:\/\/www.fjala.info\/2012\/berisha_nishani.jpg","articleSection":["Artikuj"],"inLanguage":"sq-AL","potentialAction":[{"@type":"CommentAction","name":"Comment","target":["https:\/\/fjala.info\/2009-2015\/kushtetuta-dhe-semundja-e-presidentit-nishani\/#respond"]}]},{"@type":"WebPage","@id":"https:\/\/fjala.info\/2009-2015\/kushtetuta-dhe-semundja-e-presidentit-nishani\/","url":"https:\/\/fjala.info\/2009-2015\/kushtetuta-dhe-semundja-e-presidentit-nishani\/","name":"Kushtetuta dhe s\u00ebmundja e Presidentit Nishani - FjALA e LIR\u00cb - Arkivi","isPartOf":{"@id":"https:\/\/fjala.info\/2009-2015\/#website"},"primaryImageOfPage":{"@id":"https:\/\/fjala.info\/2009-2015\/kushtetuta-dhe-semundja-e-presidentit-nishani\/#primaryimage"},"image":{"@id":"https:\/\/fjala.info\/2009-2015\/kushtetuta-dhe-semundja-e-presidentit-nishani\/#primaryimage"},"thumbnailUrl":"http:\/\/www.fjala.info\/2012\/berisha_nishani.jpg","datePublished":"2012-06-13T22:32:30+00:00","breadcrumb":{"@id":"https:\/\/fjala.info\/2009-2015\/kushtetuta-dhe-semundja-e-presidentit-nishani\/#breadcrumb"},"inLanguage":"sq-AL","potentialAction":[{"@type":"ReadAction","target":["https:\/\/fjala.info\/2009-2015\/kushtetuta-dhe-semundja-e-presidentit-nishani\/"]}]},{"@type":"ImageObject","inLanguage":"sq-AL","@id":"https:\/\/fjala.info\/2009-2015\/kushtetuta-dhe-semundja-e-presidentit-nishani\/#primaryimage","url":"http:\/\/www.fjala.info\/2012\/berisha_nishani.jpg","contentUrl":"http:\/\/www.fjala.info\/2012\/berisha_nishani.jpg"},{"@type":"BreadcrumbList","@id":"https:\/\/fjala.info\/2009-2015\/kushtetuta-dhe-semundja-e-presidentit-nishani\/#breadcrumb","itemListElement":[{"@type":"ListItem","position":1,"name":"Home","item":"https:\/\/fjala.info\/2009-2015\/"},{"@type":"ListItem","position":2,"name":"Kushtetuta dhe s\u00ebmundja e Presidentit Nishani"}]},{"@type":"WebSite","@id":"https:\/\/fjala.info\/2009-2015\/#website","url":"https:\/\/fjala.info\/2009-2015\/","name":"FjALA e LIR\u00cb - Arkivi","description":"Arkivi 2009-2015","publisher":{"@id":"https:\/\/fjala.info\/2009-2015\/#organization"},"potentialAction":[{"@type":"SearchAction","target":{"@type":"EntryPoint","urlTemplate":"https:\/\/fjala.info\/2009-2015\/?s={search_term_string}"},"query-input":{"@type":"PropertyValueSpecification","valueRequired":true,"valueName":"search_term_string"}}],"inLanguage":"sq-AL"},{"@type":"Organization","@id":"https:\/\/fjala.info\/2009-2015\/#organization","name":"FjALA e LIR\u00cb - Arkivi","url":"https:\/\/fjala.info\/2009-2015\/","logo":{"@type":"ImageObject","inLanguage":"sq-AL","@id":"https:\/\/fjala.info\/2009-2015\/#\/schema\/logo\/image\/","url":"","contentUrl":"","caption":"FjALA e LIR\u00cb - Arkivi"},"image":{"@id":"https:\/\/fjala.info\/2009-2015\/#\/schema\/logo\/image\/"}},{"@type":"Person","@id":"https:\/\/fjala.info\/2009-2015\/#\/schema\/person\/3aa1163ef05469c496fc94e77611ada2","name":"admin","image":{"@type":"ImageObject","inLanguage":"sq-AL","@id":"https:\/\/fjala.info\/2009-2015\/wp-content\/uploads\/2012\/02\/arben_cokaj-120x150.jpg","url":"https:\/\/fjala.info\/2009-2015\/wp-content\/uploads\/2012\/02\/arben_cokaj-120x150.jpg","contentUrl":"https:\/\/fjala.info\/2009-2015\/wp-content\/uploads\/2012\/02\/arben_cokaj-120x150.jpg","caption":"admin"},"description":"Admin, Fjala e Lir\u00eb","sameAs":["https:\/\/fjala.info\/"],"url":"https:\/\/fjala.info\/2009-2015\/author\/admin\/"}]}},"_links":{"self":[{"href":"https:\/\/fjala.info\/2009-2015\/wp-json\/wp\/v2\/posts\/3276","targetHints":{"allow":["GET"]}}],"collection":[{"href":"https:\/\/fjala.info\/2009-2015\/wp-json\/wp\/v2\/posts"}],"about":[{"href":"https:\/\/fjala.info\/2009-2015\/wp-json\/wp\/v2\/types\/post"}],"author":[{"embeddable":true,"href":"https:\/\/fjala.info\/2009-2015\/wp-json\/wp\/v2\/users\/1"}],"replies":[{"embeddable":true,"href":"https:\/\/fjala.info\/2009-2015\/wp-json\/wp\/v2\/comments?post=3276"}],"version-history":[{"count":0,"href":"https:\/\/fjala.info\/2009-2015\/wp-json\/wp\/v2\/posts\/3276\/revisions"}],"wp:attachment":[{"href":"https:\/\/fjala.info\/2009-2015\/wp-json\/wp\/v2\/media?parent=3276"}],"wp:term":[{"taxonomy":"category","embeddable":true,"href":"https:\/\/fjala.info\/2009-2015\/wp-json\/wp\/v2\/categories?post=3276"},{"taxonomy":"post_tag","embeddable":true,"href":"https:\/\/fjala.info\/2009-2015\/wp-json\/wp\/v2\/tags?post=3276"}],"curies":[{"name":"wp","href":"https:\/\/api.w.org\/{rel}","templated":true}]}}