{"id":3272,"date":"2010-07-10T18:16:12","date_gmt":"2010-07-10T17:16:12","guid":{"rendered":"http:\/\/fjala.shkoder.net\/?p=3272"},"modified":"2010-07-10T18:16:12","modified_gmt":"2010-07-10T17:16:12","slug":"drejtesia-e-luftes-se-klasave","status":"publish","type":"post","link":"https:\/\/fjala.info\/2009-2015\/drejtesia-e-luftes-se-klasave\/","title":{"rendered":"Drejt\u00ebsia e luft\u00ebs s\u00eb klasave"},"content":{"rendered":"<p><img decoding=\"async\" style=\"margin-left: 10px; margin-right: 10px; border: 0px;\" src=\"http:\/\/www.shkoder.net\/images\/fjala\/arben_rrozhani.jpg\" border=\"0\" alt=\"Arben Rrozhani\" width=\"150\" align=\"right\" \/><\/p>\n<p><strong>Arben Rrozhani<\/strong>, <em>10.07.2010<\/em><\/p>\n<p>Raporti i &#8220;Freedom House&#8221; 2010 e thoshte qart\u00eb dhe sakt\u00eb n\u00eb seksionin p\u00ebr gjyq\u00ebsorin se sistemi gjyq\u00ebsor n\u00eb Shqip\u00ebri nuk \u00ebsht\u00eb i pavarur, se Shqip\u00ebris\u00eb i mungon nj\u00eb strategji e p\u00ebrgjithshme p\u00ebr reform\u00ebn gjyq\u00ebsore, se qeveria vazhdon t\u00eb marr\u00eb veprime p\u00ebr t\u00eb trembur gjyqtar\u00ebt dhe prokuror\u00ebt.<\/p>\n<p>P\u00ebr ta ilustruar k\u00ebt\u00eb, PD-ja i erdhi n\u00eb ndihm\u00eb dy dit\u00eb m\u00eb par\u00eb me votimin n\u00eb Kuvend t\u00eb dy kandidaturave t\u00eb dekretuara nga Presidenti i Republik\u00ebs p\u00ebr an\u00ebtar\u00eb t\u00eb Gjykat\u00ebs s\u00eb Lart\u00eb.<\/p>\n<p>Kaloi vet\u00ebm nj\u00ebri q\u00eb prej vitesh ka pasur mb\u00ebshtetjen e PD-s\u00eb, z. Medi Bici, nd\u00ebrsa u rr\u00ebzua ai q\u00eb paska pasur mb\u00ebshtetjen e PS-s\u00eb, Sokol \u00c7omo. Jan\u00eb dy figura q\u00eb nuk p\u00ebrputhen, as nga mosha, as nga jeta q\u00eb kan\u00eb b\u00ebr\u00eb dhe as nga karriera.<\/p>\n<p>P\u00ebr zotin Bici, ato 72 vota q\u00eb e b\u00ebn\u00eb an\u00ebtar t\u00eb Gjykat\u00ebs s\u00eb Lart\u00eb, ishin mund i p\u00ebrpjekjeve t\u00eb shumta i k\u00ebtyre viteve t\u00eb fundit p\u00ebr t&#8217;i dh\u00ebn\u00eb nj\u00eb shtys\u00eb t\u00eb re karrier\u00ebs s\u00eb vet. Nuk e ka pasur t\u00eb leht\u00eb.<\/p>\n<p>Dy vite m\u00eb par\u00eb ishte n\u00eb list\u00eb p\u00ebr t\u00eb nj\u00ebjtin mandat bashk\u00eb me emra t\u00eb njohur si Zamir Poda, Kristaq Traja, Artan Zeneli dhe Altina Xhoxhaj, dhe ishte rr\u00ebzuar bashk\u00eb me t\u00eb tjer\u00ebt po nga Kuvendi, ku shumic\u00eb ishte PD-ja edhe pse, si edhe sot, ai p\u00ebrfaq\u00ebsonte shtres\u00ebn e ish t\u00eb p\u00ebrndjekurve politik\u00eb, t\u00eb cil\u00ebt akuzuan ashp\u00ebr PD-n\u00eb n\u00eb qershorin 2008, pse nuk kishte dh\u00ebn\u00eb miratimin p\u00ebr kandidatur\u00ebn e tij.<\/p>\n<p>Nga ajo koh\u00eb, z. Bici nuk ka shtuar ndonj\u00eb &#8220;spalet\u00eb&#8221; n\u00eb jet\u00ebshkrimin e vet profesional. I rr\u00ebzuari nga Kuvendi me shumic\u00eb t\u00eb djatht\u00eb, Sokol \u00c7omo, do t\u00eb mbaronte studimet n\u00eb 1994, at\u00ebher\u00eb kur z. Bici &#8220;vishej&#8221; gjyqtar n\u00eb 1994 n\u00eb gjykat\u00ebn e Faktit n\u00eb Tiran\u00eb.<\/p>\n<p>Pas tre viteve si gjyqtar n\u00eb Tiran\u00eb, qeveria e z. Majko do ta zgjidhte si z\u00ebvend\u00ebsminist\u00ebr t\u00eb Drejt\u00ebsis\u00eb, ku do t\u00eb rrinte p\u00ebr dy vjet, n\u00eb po at\u00eb institucion ku ministri aktual i Mbrojtjes, Arben Imami, ishte minist\u00ebr i Drejt\u00ebsis\u00eb n\u00eb qeverin\u00eb e majt\u00eb, e ku plot aleat\u00eb t\u00eb sot\u00ebm t\u00eb kryeministrit Berisha ishin figura t\u00eb r\u00ebnd\u00ebsishme t\u00eb pushtetit politik dhe ekzekutiv t\u00eb qeverimit t\u00eb s\u00eb majt\u00ebs q\u00eb per\u00ebndoi n\u00eb vitin 2005.<\/p>\n<p>\u00c7omo do t\u00eb ikte shpejt nga Ekzekutivi, megjithat\u00eb kjo nuk do ta shp\u00ebtonte nga &#8220;njolla politike&#8221; e luft\u00ebs s\u00eb klasave q\u00eb sot i gjen PD-ja si i sponsorizuar nga e majta.<\/p>\n<p>N\u00eb shum\u00eb pika fati i tij p\u00ebrball\u00eb PD-s\u00eb ngjan me at\u00eb t\u00eb gjyqtarit tjet\u00ebr t\u00eb nd\u00ebshkuar nga partia e z. Berisha, Kristaq Traja. Emri i njohur i jurisprudenc\u00ebs shqiptare do t\u00eb gradohej nga qeveria e par\u00eb e PD-s\u00eb edhe minist\u00ebr drejt\u00ebsie.<\/p>\n<p>M\u00eb pas iu bashkua si ekspert bashk\u00ebdrejtuesve t\u00eb grupit p\u00ebr hartimin e Kushtetut\u00ebs, t\u00eb udh\u00ebhequr nga S. Godo dhe A. Imami dhe nj\u00ebher\u00ebsh ishte edhe minist\u00ebr i reform\u00ebs legjislative n\u00eb Shqip\u00ebri.<\/p>\n<p>Prej vitit 1999 deri n\u00eb 2006, kur i mbaroi mandati, ishte p\u00ebrfaq\u00ebsues i Shqip\u00ebris\u00eb n\u00eb Gjykat\u00ebn e t\u00eb Drejtave t\u00eb Njeriut n\u00eb Strasburg, atje ku shqiptar\u00ebt, t\u00eb cil\u00ebve u mohohet e drejta nga drejt\u00ebsia e korruptuar n\u00eb atdhe, k\u00ebrkojn\u00eb t\u00eb marrin at\u00eb q\u00eb u takon.<\/p>\n<p>Kur ai ishte nj\u00eb nd\u00ebr kandidaturat e propozuara p\u00ebr Gjykat\u00ebn e Lart\u00eb dy vite m\u00eb par\u00eb PD-ja do ta nxirrte njeriun q\u00eb e kishte pasur minist\u00ebr t\u00eb vetin, si nj\u00eb gjyqtar q\u00eb e kishte nisur karrier\u00ebn n\u00eb drejt\u00ebsi q\u00eb n\u00eb periudh\u00ebn e komunizmit, n\u00eb qytetin e Kruj\u00ebs, se \u00e7\u00ebshtjet q\u00eb kishte shqyrtuar ishin kryesisht politike, se kishte mbrojtur akuzat e ngritura nga sigurimi i shtetit dhe k\u00ebto &#8220;b\u00ebma&#8221; moniste t\u00eb tij partia q\u00eb di gjith\u00e7ka p\u00ebr k\u00ebdo i kishte zbuluar vet\u00ebm n\u00eb vitin 2008.<\/p>\n<p>Dhe k\u00ebto akuza i b\u00ebn partia e drejtuar nga nj\u00eb ish-sekretar partie, p\u00ebr t\u00eb cilin ka ende d\u00ebshmitar\u00eb t\u00eb gjall\u00eb q\u00eb tregojn\u00eb p\u00ebr egon e tij t\u00eb luft\u00ebs s\u00eb klasave ndaj armiqve t\u00eb partis\u00eb s\u00eb Pun\u00ebs, s\u00eb cil\u00ebs i p\u00ebrkiste me shpirt, ka ende ish-koleg\u00eb q\u00eb edhe sot pas dy dekadave t\u00eb r\u00ebnies s\u00eb &#8220;murit t\u00eb Berlinit&#8221; kan\u00eb frik\u00eb t\u00eb tregojn\u00eb internimin e tyre n\u00eb Kavaj\u00eb nga ish-mjeku komunist Sali Berisha.<\/p>\n<p>Dhe k\u00ebto akuza mbrohen n\u00eb grup nga deputet\u00eb t\u00eb PD-s\u00eb, baballar\u00ebt e t\u00eb cil\u00ebve me emra malesh kan\u00eb qen\u00eb figura dometh\u00ebn\u00ebse n\u00eb lin\u00e7imin e fjal\u00ebs s\u00eb lir\u00eb n\u00ebn diktatur\u00ebn e proletariatit dhe sot b\u00ebjn\u00eb akuza n\u00eb adres\u00eb t\u00eb &#8220;\u00e7unave t\u00eb Bllokut&#8221;.<\/p>\n<p>Se \u00e7far\u00eb gjyqtar\u00ebsh i duhen PD-s\u00eb p\u00ebr t\u00eb mbajtur pushtetin nuk e tregon vet\u00ebm vota e tyre n\u00eb Kuvend.<\/p>\n<p>Nj\u00eb vit m\u00eb par\u00eb kur an\u00ebtar\u00ebt e Kolegjit Zgjedhor mor\u00ebn n\u00eb shqyrtim ankimimet e fars\u00ebs zgjedhore t\u00eb 28 qershorit 2009, PD-ja kishte aksionin e radh\u00ebs ndaj p\u00ebrfaq\u00ebsuesve t\u00eb drejt\u00ebsis\u00eb p\u00ebr t\u00eb mbajtur me p\u00ebrdhun\u00eb nj\u00eb pushtet t\u00eb vjedhur me an\u00eb t\u00eb mashtrimit zgjedhor.<\/p>\n<p>\u00cbsht\u00eb ende i fresk\u00ebt rasti i frik\u00ebsimit t\u00eb nj\u00ebr\u00ebs gjyqtare t\u00eb k\u00ebtij kolegji, kur n\u00eb m\u00ebnyr\u00eb t\u00eb habitshme dhe ende edhe sot t\u00eb pasqaruar, nj\u00eb &#8220;vjedh\u00ebs&#8221; ordiner, u fut n\u00eb sht\u00ebpin\u00eb e saj n\u00eb qytetin juglindor ku jetonte.<\/p>\n<p>\u00cbsht\u00eb ajo q\u00eb v\u00ebren edhe raporti i &#8220;Freedom House&#8221; 2010, se n\u00eb \u00e7far\u00eb derexheje ka p\u00ebrfunduar sistemi i drejt\u00ebsis\u00eb n\u00eb vend dhe se \u00e7far\u00eb gjyqtar\u00ebsh nga shkalla m\u00eb e ul\u00ebt te m\u00eb e lart\u00eb k\u00ebrkon qeveria e z. Berisha. Po ajo Gjykat\u00eb, ku an\u00ebtar u vesh z. Bici dhe iu mohua z. \u00c7omo, pak koh\u00eb m\u00eb par\u00eb b\u00ebri gjestin e turpsh\u00ebm me gjakun dhe parat\u00eb e shqiptar\u00ebve, sepse, citoj Freedom House: &#8220;&#8230;<\/p>\n<p>Dy ministra ishin t\u00eb akuzuar p\u00ebr shp\u00ebrdorim detyre, por rastet e tyre u hodh\u00ebn posht\u00eb nga Gjykata e Lart\u00eb mbi baza procedurale&#8221;. P\u00ebr t\u00eb p\u00ebrfunduar: &#8220;&#8230;institucionet shtet\u00ebrore kan\u00eb dh\u00ebn\u00eb nj\u00eb shembull t\u00eb keq n\u00eb lidhje me ekzekutimin e vendimeve t\u00eb gjykat\u00ebs, dhe mungesa e besimit i ka detyruar shqiptar\u00ebt t\u00eb sjellin rastet e tyre para Gjykat\u00ebs Europiane p\u00ebr t\u00eb Drejtat e Njeriut&#8230;&#8221;.<\/p>\n","protected":false},"excerpt":{"rendered":"<p>Arben Rrozhani, 10.07.2010 Raporti i &#8220;Freedom House&#8221; 2010 e thoshte qart\u00eb dhe sakt\u00eb n\u00eb seksionin p\u00ebr gjyq\u00ebsorin se sistemi gjyq\u00ebsor n\u00eb Shqip\u00ebri nuk \u00ebsht\u00eb i pavarur, se Shqip\u00ebris\u00eb i mungon nj\u00eb strategji e p\u00ebrgjithshme p\u00ebr reform\u00ebn gjyq\u00ebsore, se qeveria vazhdon t\u00eb marr\u00eb veprime p\u00ebr t\u00eb trembur gjyqtar\u00ebt dhe prokuror\u00ebt. P\u00ebr ta ilustruar k\u00ebt\u00eb, PD-ja i [&hellip;]<\/p>\n","protected":false},"author":1,"featured_media":0,"comment_status":"open","ping_status":"closed","sticky":false,"template":"","format":"standard","meta":{"footnotes":""},"categories":[2],"tags":[],"class_list":{"0":"post-3272","1":"post","2":"type-post","3":"status-publish","4":"format-standard","6":"category-artikuj"},"yoast_head":"<!-- This site is optimized with the Yoast SEO plugin v27.4 - https:\/\/yoast.com\/product\/yoast-seo-wordpress\/ -->\n<title>Drejt\u00ebsia e luft\u00ebs s\u00eb klasave - FjALA e LIR\u00cb - Arkivi<\/title>\n<meta name=\"robots\" content=\"index, follow, max-snippet:-1, max-image-preview:large, max-video-preview:-1\" \/>\n<link rel=\"canonical\" href=\"https:\/\/fjala.info\/2009-2015\/drejtesia-e-luftes-se-klasave\/\" \/>\n<meta property=\"og:locale\" content=\"sq_AL\" \/>\n<meta property=\"og:type\" content=\"article\" \/>\n<meta property=\"og:title\" content=\"Drejt\u00ebsia e luft\u00ebs s\u00eb klasave - FjALA e LIR\u00cb - Arkivi\" \/>\n<meta property=\"og:description\" content=\"Arben Rrozhani, 10.07.2010 Raporti i &#8220;Freedom House&#8221; 2010 e thoshte qart\u00eb dhe sakt\u00eb n\u00eb seksionin p\u00ebr gjyq\u00ebsorin se sistemi gjyq\u00ebsor n\u00eb Shqip\u00ebri nuk \u00ebsht\u00eb i pavarur, se Shqip\u00ebris\u00eb i mungon nj\u00eb strategji e p\u00ebrgjithshme p\u00ebr reform\u00ebn gjyq\u00ebsore, se qeveria vazhdon t\u00eb marr\u00eb veprime p\u00ebr t\u00eb trembur gjyqtar\u00ebt dhe prokuror\u00ebt. P\u00ebr ta ilustruar k\u00ebt\u00eb, PD-ja i [&hellip;]\" \/>\n<meta property=\"og:url\" content=\"https:\/\/fjala.info\/2009-2015\/drejtesia-e-luftes-se-klasave\/\" \/>\n<meta property=\"og:site_name\" content=\"FjALA e LIR\u00cb - Arkivi\" \/>\n<meta property=\"article:published_time\" content=\"2010-07-10T17:16:12+00:00\" \/>\n<meta property=\"og:image\" content=\"http:\/\/www.shkoder.net\/images\/fjala\/arben_rrozhani.jpg\" \/>\n<meta name=\"author\" content=\"admin\" \/>\n<meta name=\"twitter:card\" content=\"summary_large_image\" \/>\n<meta name=\"twitter:label1\" content=\"Written by\" \/>\n\t<meta name=\"twitter:data1\" content=\"admin\" \/>\n\t<meta name=\"twitter:label2\" content=\"Est. reading time\" \/>\n\t<meta name=\"twitter:data2\" content=\"5 minutes\" \/>\n<script type=\"application\/ld+json\" class=\"yoast-schema-graph\">{\"@context\":\"https:\\\/\\\/schema.org\",\"@graph\":[{\"@type\":\"Article\",\"@id\":\"https:\\\/\\\/fjala.info\\\/2009-2015\\\/drejtesia-e-luftes-se-klasave\\\/#article\",\"isPartOf\":{\"@id\":\"https:\\\/\\\/fjala.info\\\/2009-2015\\\/drejtesia-e-luftes-se-klasave\\\/\"},\"author\":{\"name\":\"admin\",\"@id\":\"https:\\\/\\\/fjala.info\\\/2009-2015\\\/#\\\/schema\\\/person\\\/3aa1163ef05469c496fc94e77611ada2\"},\"headline\":\"Drejt\u00ebsia e luft\u00ebs s\u00eb klasave\",\"datePublished\":\"2010-07-10T17:16:12+00:00\",\"mainEntityOfPage\":{\"@id\":\"https:\\\/\\\/fjala.info\\\/2009-2015\\\/drejtesia-e-luftes-se-klasave\\\/\"},\"wordCount\":1091,\"commentCount\":0,\"publisher\":{\"@id\":\"https:\\\/\\\/fjala.info\\\/2009-2015\\\/#organization\"},\"image\":{\"@id\":\"https:\\\/\\\/fjala.info\\\/2009-2015\\\/drejtesia-e-luftes-se-klasave\\\/#primaryimage\"},\"thumbnailUrl\":\"http:\\\/\\\/www.shkoder.net\\\/images\\\/fjala\\\/arben_rrozhani.jpg\",\"articleSection\":[\"Artikuj\"],\"inLanguage\":\"sq-AL\",\"potentialAction\":[{\"@type\":\"CommentAction\",\"name\":\"Comment\",\"target\":[\"https:\\\/\\\/fjala.info\\\/2009-2015\\\/drejtesia-e-luftes-se-klasave\\\/#respond\"]}]},{\"@type\":\"WebPage\",\"@id\":\"https:\\\/\\\/fjala.info\\\/2009-2015\\\/drejtesia-e-luftes-se-klasave\\\/\",\"url\":\"https:\\\/\\\/fjala.info\\\/2009-2015\\\/drejtesia-e-luftes-se-klasave\\\/\",\"name\":\"Drejt\u00ebsia e luft\u00ebs s\u00eb klasave - FjALA e LIR\u00cb - Arkivi\",\"isPartOf\":{\"@id\":\"https:\\\/\\\/fjala.info\\\/2009-2015\\\/#website\"},\"primaryImageOfPage\":{\"@id\":\"https:\\\/\\\/fjala.info\\\/2009-2015\\\/drejtesia-e-luftes-se-klasave\\\/#primaryimage\"},\"image\":{\"@id\":\"https:\\\/\\\/fjala.info\\\/2009-2015\\\/drejtesia-e-luftes-se-klasave\\\/#primaryimage\"},\"thumbnailUrl\":\"http:\\\/\\\/www.shkoder.net\\\/images\\\/fjala\\\/arben_rrozhani.jpg\",\"datePublished\":\"2010-07-10T17:16:12+00:00\",\"breadcrumb\":{\"@id\":\"https:\\\/\\\/fjala.info\\\/2009-2015\\\/drejtesia-e-luftes-se-klasave\\\/#breadcrumb\"},\"inLanguage\":\"sq-AL\",\"potentialAction\":[{\"@type\":\"ReadAction\",\"target\":[\"https:\\\/\\\/fjala.info\\\/2009-2015\\\/drejtesia-e-luftes-se-klasave\\\/\"]}]},{\"@type\":\"ImageObject\",\"inLanguage\":\"sq-AL\",\"@id\":\"https:\\\/\\\/fjala.info\\\/2009-2015\\\/drejtesia-e-luftes-se-klasave\\\/#primaryimage\",\"url\":\"http:\\\/\\\/www.shkoder.net\\\/images\\\/fjala\\\/arben_rrozhani.jpg\",\"contentUrl\":\"http:\\\/\\\/www.shkoder.net\\\/images\\\/fjala\\\/arben_rrozhani.jpg\"},{\"@type\":\"BreadcrumbList\",\"@id\":\"https:\\\/\\\/fjala.info\\\/2009-2015\\\/drejtesia-e-luftes-se-klasave\\\/#breadcrumb\",\"itemListElement\":[{\"@type\":\"ListItem\",\"position\":1,\"name\":\"Home\",\"item\":\"https:\\\/\\\/fjala.info\\\/2009-2015\\\/\"},{\"@type\":\"ListItem\",\"position\":2,\"name\":\"Drejt\u00ebsia e luft\u00ebs s\u00eb klasave\"}]},{\"@type\":\"WebSite\",\"@id\":\"https:\\\/\\\/fjala.info\\\/2009-2015\\\/#website\",\"url\":\"https:\\\/\\\/fjala.info\\\/2009-2015\\\/\",\"name\":\"FjALA e LIR\u00cb - Arkivi\",\"description\":\"Arkivi 2009-2015\",\"publisher\":{\"@id\":\"https:\\\/\\\/fjala.info\\\/2009-2015\\\/#organization\"},\"potentialAction\":[{\"@type\":\"SearchAction\",\"target\":{\"@type\":\"EntryPoint\",\"urlTemplate\":\"https:\\\/\\\/fjala.info\\\/2009-2015\\\/?s={search_term_string}\"},\"query-input\":{\"@type\":\"PropertyValueSpecification\",\"valueRequired\":true,\"valueName\":\"search_term_string\"}}],\"inLanguage\":\"sq-AL\"},{\"@type\":\"Organization\",\"@id\":\"https:\\\/\\\/fjala.info\\\/2009-2015\\\/#organization\",\"name\":\"FjALA e LIR\u00cb - Arkivi\",\"url\":\"https:\\\/\\\/fjala.info\\\/2009-2015\\\/\",\"logo\":{\"@type\":\"ImageObject\",\"inLanguage\":\"sq-AL\",\"@id\":\"https:\\\/\\\/fjala.info\\\/2009-2015\\\/#\\\/schema\\\/logo\\\/image\\\/\",\"url\":\"\",\"contentUrl\":\"\",\"caption\":\"FjALA e LIR\u00cb - Arkivi\"},\"image\":{\"@id\":\"https:\\\/\\\/fjala.info\\\/2009-2015\\\/#\\\/schema\\\/logo\\\/image\\\/\"}},{\"@type\":\"Person\",\"@id\":\"https:\\\/\\\/fjala.info\\\/2009-2015\\\/#\\\/schema\\\/person\\\/3aa1163ef05469c496fc94e77611ada2\",\"name\":\"admin\",\"image\":{\"@type\":\"ImageObject\",\"inLanguage\":\"sq-AL\",\"@id\":\"https:\\\/\\\/fjala.info\\\/2009-2015\\\/wp-content\\\/uploads\\\/2012\\\/02\\\/arben_cokaj-120x150.jpg\",\"url\":\"https:\\\/\\\/fjala.info\\\/2009-2015\\\/wp-content\\\/uploads\\\/2012\\\/02\\\/arben_cokaj-120x150.jpg\",\"contentUrl\":\"https:\\\/\\\/fjala.info\\\/2009-2015\\\/wp-content\\\/uploads\\\/2012\\\/02\\\/arben_cokaj-120x150.jpg\",\"caption\":\"admin\"},\"description\":\"Admin, Fjala e Lir\u00eb\",\"sameAs\":[\"https:\\\/\\\/fjala.info\\\/\"],\"url\":\"https:\\\/\\\/fjala.info\\\/2009-2015\\\/author\\\/admin\\\/\"}]}<\/script>\n<!-- \/ Yoast SEO plugin. -->","yoast_head_json":{"title":"Drejt\u00ebsia e luft\u00ebs s\u00eb klasave - FjALA e LIR\u00cb - Arkivi","robots":{"index":"index","follow":"follow","max-snippet":"max-snippet:-1","max-image-preview":"max-image-preview:large","max-video-preview":"max-video-preview:-1"},"canonical":"https:\/\/fjala.info\/2009-2015\/drejtesia-e-luftes-se-klasave\/","og_locale":"sq_AL","og_type":"article","og_title":"Drejt\u00ebsia e luft\u00ebs s\u00eb klasave - FjALA e LIR\u00cb - Arkivi","og_description":"Arben Rrozhani, 10.07.2010 Raporti i &#8220;Freedom House&#8221; 2010 e thoshte qart\u00eb dhe sakt\u00eb n\u00eb seksionin p\u00ebr gjyq\u00ebsorin se sistemi gjyq\u00ebsor n\u00eb Shqip\u00ebri nuk \u00ebsht\u00eb i pavarur, se Shqip\u00ebris\u00eb i mungon nj\u00eb strategji e p\u00ebrgjithshme p\u00ebr reform\u00ebn gjyq\u00ebsore, se qeveria vazhdon t\u00eb marr\u00eb veprime p\u00ebr t\u00eb trembur gjyqtar\u00ebt dhe prokuror\u00ebt. P\u00ebr ta ilustruar k\u00ebt\u00eb, PD-ja i [&hellip;]","og_url":"https:\/\/fjala.info\/2009-2015\/drejtesia-e-luftes-se-klasave\/","og_site_name":"FjALA e LIR\u00cb - Arkivi","article_published_time":"2010-07-10T17:16:12+00:00","og_image":[{"url":"http:\/\/www.shkoder.net\/images\/fjala\/arben_rrozhani.jpg","type":"","width":"","height":""}],"author":"admin","twitter_card":"summary_large_image","twitter_misc":{"Written by":"admin","Est. reading time":"5 minutes"},"schema":{"@context":"https:\/\/schema.org","@graph":[{"@type":"Article","@id":"https:\/\/fjala.info\/2009-2015\/drejtesia-e-luftes-se-klasave\/#article","isPartOf":{"@id":"https:\/\/fjala.info\/2009-2015\/drejtesia-e-luftes-se-klasave\/"},"author":{"name":"admin","@id":"https:\/\/fjala.info\/2009-2015\/#\/schema\/person\/3aa1163ef05469c496fc94e77611ada2"},"headline":"Drejt\u00ebsia e luft\u00ebs s\u00eb klasave","datePublished":"2010-07-10T17:16:12+00:00","mainEntityOfPage":{"@id":"https:\/\/fjala.info\/2009-2015\/drejtesia-e-luftes-se-klasave\/"},"wordCount":1091,"commentCount":0,"publisher":{"@id":"https:\/\/fjala.info\/2009-2015\/#organization"},"image":{"@id":"https:\/\/fjala.info\/2009-2015\/drejtesia-e-luftes-se-klasave\/#primaryimage"},"thumbnailUrl":"http:\/\/www.shkoder.net\/images\/fjala\/arben_rrozhani.jpg","articleSection":["Artikuj"],"inLanguage":"sq-AL","potentialAction":[{"@type":"CommentAction","name":"Comment","target":["https:\/\/fjala.info\/2009-2015\/drejtesia-e-luftes-se-klasave\/#respond"]}]},{"@type":"WebPage","@id":"https:\/\/fjala.info\/2009-2015\/drejtesia-e-luftes-se-klasave\/","url":"https:\/\/fjala.info\/2009-2015\/drejtesia-e-luftes-se-klasave\/","name":"Drejt\u00ebsia e luft\u00ebs s\u00eb klasave - FjALA e LIR\u00cb - Arkivi","isPartOf":{"@id":"https:\/\/fjala.info\/2009-2015\/#website"},"primaryImageOfPage":{"@id":"https:\/\/fjala.info\/2009-2015\/drejtesia-e-luftes-se-klasave\/#primaryimage"},"image":{"@id":"https:\/\/fjala.info\/2009-2015\/drejtesia-e-luftes-se-klasave\/#primaryimage"},"thumbnailUrl":"http:\/\/www.shkoder.net\/images\/fjala\/arben_rrozhani.jpg","datePublished":"2010-07-10T17:16:12+00:00","breadcrumb":{"@id":"https:\/\/fjala.info\/2009-2015\/drejtesia-e-luftes-se-klasave\/#breadcrumb"},"inLanguage":"sq-AL","potentialAction":[{"@type":"ReadAction","target":["https:\/\/fjala.info\/2009-2015\/drejtesia-e-luftes-se-klasave\/"]}]},{"@type":"ImageObject","inLanguage":"sq-AL","@id":"https:\/\/fjala.info\/2009-2015\/drejtesia-e-luftes-se-klasave\/#primaryimage","url":"http:\/\/www.shkoder.net\/images\/fjala\/arben_rrozhani.jpg","contentUrl":"http:\/\/www.shkoder.net\/images\/fjala\/arben_rrozhani.jpg"},{"@type":"BreadcrumbList","@id":"https:\/\/fjala.info\/2009-2015\/drejtesia-e-luftes-se-klasave\/#breadcrumb","itemListElement":[{"@type":"ListItem","position":1,"name":"Home","item":"https:\/\/fjala.info\/2009-2015\/"},{"@type":"ListItem","position":2,"name":"Drejt\u00ebsia e luft\u00ebs s\u00eb klasave"}]},{"@type":"WebSite","@id":"https:\/\/fjala.info\/2009-2015\/#website","url":"https:\/\/fjala.info\/2009-2015\/","name":"FjALA e LIR\u00cb - Arkivi","description":"Arkivi 2009-2015","publisher":{"@id":"https:\/\/fjala.info\/2009-2015\/#organization"},"potentialAction":[{"@type":"SearchAction","target":{"@type":"EntryPoint","urlTemplate":"https:\/\/fjala.info\/2009-2015\/?s={search_term_string}"},"query-input":{"@type":"PropertyValueSpecification","valueRequired":true,"valueName":"search_term_string"}}],"inLanguage":"sq-AL"},{"@type":"Organization","@id":"https:\/\/fjala.info\/2009-2015\/#organization","name":"FjALA e LIR\u00cb - Arkivi","url":"https:\/\/fjala.info\/2009-2015\/","logo":{"@type":"ImageObject","inLanguage":"sq-AL","@id":"https:\/\/fjala.info\/2009-2015\/#\/schema\/logo\/image\/","url":"","contentUrl":"","caption":"FjALA e LIR\u00cb - Arkivi"},"image":{"@id":"https:\/\/fjala.info\/2009-2015\/#\/schema\/logo\/image\/"}},{"@type":"Person","@id":"https:\/\/fjala.info\/2009-2015\/#\/schema\/person\/3aa1163ef05469c496fc94e77611ada2","name":"admin","image":{"@type":"ImageObject","inLanguage":"sq-AL","@id":"https:\/\/fjala.info\/2009-2015\/wp-content\/uploads\/2012\/02\/arben_cokaj-120x150.jpg","url":"https:\/\/fjala.info\/2009-2015\/wp-content\/uploads\/2012\/02\/arben_cokaj-120x150.jpg","contentUrl":"https:\/\/fjala.info\/2009-2015\/wp-content\/uploads\/2012\/02\/arben_cokaj-120x150.jpg","caption":"admin"},"description":"Admin, Fjala e Lir\u00eb","sameAs":["https:\/\/fjala.info\/"],"url":"https:\/\/fjala.info\/2009-2015\/author\/admin\/"}]}},"_links":{"self":[{"href":"https:\/\/fjala.info\/2009-2015\/wp-json\/wp\/v2\/posts\/3272","targetHints":{"allow":["GET"]}}],"collection":[{"href":"https:\/\/fjala.info\/2009-2015\/wp-json\/wp\/v2\/posts"}],"about":[{"href":"https:\/\/fjala.info\/2009-2015\/wp-json\/wp\/v2\/types\/post"}],"author":[{"embeddable":true,"href":"https:\/\/fjala.info\/2009-2015\/wp-json\/wp\/v2\/users\/1"}],"replies":[{"embeddable":true,"href":"https:\/\/fjala.info\/2009-2015\/wp-json\/wp\/v2\/comments?post=3272"}],"version-history":[{"count":0,"href":"https:\/\/fjala.info\/2009-2015\/wp-json\/wp\/v2\/posts\/3272\/revisions"}],"wp:attachment":[{"href":"https:\/\/fjala.info\/2009-2015\/wp-json\/wp\/v2\/media?parent=3272"}],"wp:term":[{"taxonomy":"category","embeddable":true,"href":"https:\/\/fjala.info\/2009-2015\/wp-json\/wp\/v2\/categories?post=3272"},{"taxonomy":"post_tag","embeddable":true,"href":"https:\/\/fjala.info\/2009-2015\/wp-json\/wp\/v2\/tags?post=3272"}],"curies":[{"name":"wp","href":"https:\/\/api.w.org\/{rel}","templated":true}]}}