{"id":3269,"date":"2010-07-10T18:11:41","date_gmt":"2010-07-10T17:11:41","guid":{"rendered":"http:\/\/fjala.shkoder.net\/?p=3269"},"modified":"2010-07-10T18:11:41","modified_gmt":"2010-07-10T17:11:41","slug":"klikat-sunduese-jane-gjithmone-te-dobeta","status":"publish","type":"post","link":"https:\/\/fjala.info\/2009-2015\/klikat-sunduese-jane-gjithmone-te-dobeta\/","title":{"rendered":"KLIKAT SUNDUESE JAN\u00cb GJITHMON\u00cb T\u00cb DOB\u00cbTA"},"content":{"rendered":"<p><img decoding=\"async\" style=\"margin-left: 10px; margin-right: 10px; border: 0px;\" src=\"http:\/\/www.shkoder.net\/images\/fjala\/mustafa_nano.jpg\" border=\"0\" alt=\"Mustafa Nano\" width=\"100\" align=\"left\" \/><\/p>\n<p><strong>Mustafa Nano<\/strong><\/p>\n<p><em>Zululand<\/em><br \/>\nIshte dokument shum\u00eb dometh\u00ebn\u00ebs ai procesverbali i mbledhjes s\u00eb Byros\u00eb Politike t\u00eb PPSH-s\u00eb, e cila daton n\u00eb korrik t\u00eb vitit 1990, disa dit\u00eb pas largimit nga Shqip\u00ebria t\u00eb disa mij\u00ebra shqiptar\u00ebve, q\u00eb at\u00eb mot u em\u00ebrtuan \u201cshqiptar\u00ebt e ambasadave\u201d. Me k\u00ebt\u00eb em\u00ebrtim kan\u00eb mbetur dhe sot e k\u00ebsaj dite. Pushtimi i ambasadave m\u00eb 2 korrik t\u00eb atij viti ishte e para ngjarje e madhe pas dekadash t\u00eb t\u00ebra \u201cpaqeje e qet\u00ebsie\u201d, q\u00eb tronditi fort nd\u00ebrgjegjen e shqiptar\u00ebve. Aty filloi r\u00ebnia e regjimit totalitar. Pas asaj date ne nuk dinim se si do t\u00eb zhvillohej fabula, por dinim fundin e fabul\u00ebs: regjimi do t\u00eb thyente qaf\u00ebn dhe se asgj\u00eb nuk mund ta shp\u00ebtonte.<\/p>\n<p>Mund t\u00eb kemi par\u00eb te ky procesverbal matufepsjen fatale t\u00eb ca pleqve, q\u00eb k\u00ebmb\u00ebngulnin ta mbyllnin jet\u00ebn e tyre bash ashtu si e kishin harxhuar, d.m.th. mes fanatizmit vrastar, miopin\u00eb e ca t\u00eb tjer\u00ebve, t\u00eb cil\u00ebt nuk arrinin t\u00eb kuptonin asnj\u00eb \u00e7ik\u00eb at\u00eb q\u00eb po ndodhte, por gj\u00ebja m\u00eb evidente n\u00eb k\u00ebt\u00eb dokument \u00ebsht\u00eb paniku i establishment-it sundues. Pik\u00ebrisht ata q\u00eb q\u00ebndron n\u00eb krye t\u00eb nj\u00eb prej diktaturave m\u00eb t\u00eb ashpra q\u00eb njohu lindja komuniste (mbi k\u00ebt\u00eb p\u00ebrcaktim mund t\u00eb biem dakord tanim\u00eb) e kishin humbur toruan p\u00ebrball\u00eb pelegrinazhit t\u00eb disa qindra qytetar\u00ebve t\u00eb Kavaj\u00ebs te vendi ku vet\u00eb diktatura kish vrar\u00eb nj\u00ebrin prej tyre.<\/p>\n<p>Dhe b\u00ebnin pyetje apo afermacione prej njer\u00ebzish krejt t\u00eb trallisur: \u201cKu jan\u00eb komunist\u00ebt e Kavaj\u00ebs?\u201d, \u201cKu jan\u00eb komunist\u00ebt e Tiran\u00ebs?, \u201cSituata na ka dal\u00eb nga kontrolli\u201d, \u201cArmiqt\u00eb duan t\u00eb na e marrin pushtetin\u201d etj., etj. N\u00eb nj\u00eb rast ngush\u00eblluan idiot\u00ebsisht sho-shoqin, me faktin q\u00eb \u201cpopulli na do, dhe kjo u pa qart\u00eb n\u00eb entuziazmin e tubimit t\u00eb Tiran\u00ebs\u201d, a thua se nuk e dinin q\u00eb ai entuziaz\u00ebm ishte i kopsitur prej makin\u00ebs shtyp\u00ebse e propagandistike t\u00eb regjimit t\u00eb tyre.<\/p>\n<p>At\u00eb mot, t\u00eb gjith\u00eb shqiptar\u00ebt, edhe ata q\u00eb pushtuan ambasadat, edhe ata q\u00eb hiqnin t\u00eb zit\u00eb e ullirit n\u00eb kampe pune, n\u00eb internim, apo n\u00eb burgje, edhe ata q\u00eb nuk i lejonin vetes kok\u00eb\u00e7arje politike, edhe ata q\u00eb ishin nj\u00ebsh me regjimin, mund t\u00eb mendonin \u00e7do gj\u00eb, por jo q\u00eb regjimi ishte i dob\u00ebt dhe i pasigurt. E, megjithat\u00eb, ja q\u00eb k\u00ebshtu ishte. Dhe k\u00ebshtu \u00ebsht\u00eb pothuaj gjithmon\u00eb. Shumica e klikave sunduese n\u00eb bot\u00eb, edhe ato m\u00eb mizoret, jan\u00eb n\u00eb themel t\u00eb trembura e t\u00eb pasigurta. Madje, nuk di pse mendoj q\u00eb edhe krimet m\u00eb shum\u00eb i b\u00ebjn\u00eb prej pasiguris\u00eb, se sa prej vendosm\u00ebris\u00eb.<\/p>\n<p>Prapa toneve t\u00eb ngritura, prapa frazave luftarake, prapa sjelljeve t\u00eb ashpra, prapa b\u00ebmave t\u00eb zeza, q\u00ebndrojn\u00eb zakonisht ca dhjaksa ngalakaq\u00eb, t\u00eb cil\u00ebt b\u00ebjn\u00eb \u00e7mos t\u00eb duken si t\u00eb sigurt e t\u00eb fort\u00eb, pik\u00ebrisht ngaq\u00eb jan\u00eb t\u00eb pasigurt e t\u00eb dob\u00ebt. Kuptohet, derisa vjen ora e nj\u00eb karshill\u00ebku popullor, p\u00ebrball\u00eb t\u00eb cilit ata nuk mund t\u00eb mos b\u00ebjn\u00eb \u201cgabimin\u201d fatal: t\u2019i tregojn\u00eb edhe sho-shoqit se jan\u00eb t\u00eb trembur e t\u00eb dob\u00ebt. Ky \u00ebsht\u00eb momenti q\u00eb sh\u00ebnon fillimin e fundit t\u00eb tyre.<\/p>\n","protected":false},"excerpt":{"rendered":"<p>Mustafa Nano Zululand Ishte dokument shum\u00eb dometh\u00ebn\u00ebs ai procesverbali i mbledhjes s\u00eb Byros\u00eb Politike t\u00eb PPSH-s\u00eb, e cila daton n\u00eb korrik t\u00eb vitit 1990, disa dit\u00eb pas largimit nga Shqip\u00ebria t\u00eb disa mij\u00ebra shqiptar\u00ebve, q\u00eb at\u00eb mot u em\u00ebrtuan \u201cshqiptar\u00ebt e ambasadave\u201d. Me k\u00ebt\u00eb em\u00ebrtim kan\u00eb mbetur dhe sot e k\u00ebsaj dite. Pushtimi i ambasadave [&hellip;]<\/p>\n","protected":false},"author":1,"featured_media":0,"comment_status":"open","ping_status":"closed","sticky":false,"template":"","format":"standard","meta":{"footnotes":""},"categories":[2],"tags":[],"class_list":{"0":"post-3269","1":"post","2":"type-post","3":"status-publish","4":"format-standard","6":"category-artikuj"},"yoast_head":"<!-- This site is optimized with the Yoast SEO plugin v27.4 - https:\/\/yoast.com\/product\/yoast-seo-wordpress\/ -->\n<title>KLIKAT SUNDUESE JAN\u00cb GJITHMON\u00cb T\u00cb DOB\u00cbTA - FjALA e LIR\u00cb - Arkivi<\/title>\n<meta name=\"robots\" content=\"index, follow, max-snippet:-1, max-image-preview:large, max-video-preview:-1\" \/>\n<link rel=\"canonical\" href=\"https:\/\/fjala.info\/2009-2015\/klikat-sunduese-jane-gjithmone-te-dobeta\/\" \/>\n<meta property=\"og:locale\" content=\"sq_AL\" \/>\n<meta property=\"og:type\" content=\"article\" \/>\n<meta property=\"og:title\" content=\"KLIKAT SUNDUESE JAN\u00cb GJITHMON\u00cb T\u00cb DOB\u00cbTA - FjALA e LIR\u00cb - Arkivi\" \/>\n<meta property=\"og:description\" content=\"Mustafa Nano Zululand Ishte dokument shum\u00eb dometh\u00ebn\u00ebs ai procesverbali i mbledhjes s\u00eb Byros\u00eb Politike t\u00eb PPSH-s\u00eb, e cila daton n\u00eb korrik t\u00eb vitit 1990, disa dit\u00eb pas largimit nga Shqip\u00ebria t\u00eb disa mij\u00ebra shqiptar\u00ebve, q\u00eb at\u00eb mot u em\u00ebrtuan \u201cshqiptar\u00ebt e ambasadave\u201d. Me k\u00ebt\u00eb em\u00ebrtim kan\u00eb mbetur dhe sot e k\u00ebsaj dite. Pushtimi i ambasadave [&hellip;]\" \/>\n<meta property=\"og:url\" content=\"https:\/\/fjala.info\/2009-2015\/klikat-sunduese-jane-gjithmone-te-dobeta\/\" \/>\n<meta property=\"og:site_name\" content=\"FjALA e LIR\u00cb - Arkivi\" \/>\n<meta property=\"article:published_time\" content=\"2010-07-10T17:11:41+00:00\" \/>\n<meta property=\"og:image\" content=\"http:\/\/www.shkoder.net\/images\/fjala\/mustafa_nano.jpg\" \/>\n<meta name=\"author\" content=\"admin\" \/>\n<meta name=\"twitter:card\" content=\"summary_large_image\" \/>\n<meta name=\"twitter:label1\" content=\"Written by\" \/>\n\t<meta name=\"twitter:data1\" content=\"admin\" \/>\n\t<meta name=\"twitter:label2\" content=\"Est. reading time\" \/>\n\t<meta name=\"twitter:data2\" content=\"3 minutes\" \/>\n<script type=\"application\/ld+json\" class=\"yoast-schema-graph\">{\"@context\":\"https:\\\/\\\/schema.org\",\"@graph\":[{\"@type\":\"Article\",\"@id\":\"https:\\\/\\\/fjala.info\\\/2009-2015\\\/klikat-sunduese-jane-gjithmone-te-dobeta\\\/#article\",\"isPartOf\":{\"@id\":\"https:\\\/\\\/fjala.info\\\/2009-2015\\\/klikat-sunduese-jane-gjithmone-te-dobeta\\\/\"},\"author\":{\"name\":\"admin\",\"@id\":\"https:\\\/\\\/fjala.info\\\/2009-2015\\\/#\\\/schema\\\/person\\\/3aa1163ef05469c496fc94e77611ada2\"},\"headline\":\"KLIKAT SUNDUESE JAN\u00cb GJITHMON\u00cb T\u00cb DOB\u00cbTA\",\"datePublished\":\"2010-07-10T17:11:41+00:00\",\"mainEntityOfPage\":{\"@id\":\"https:\\\/\\\/fjala.info\\\/2009-2015\\\/klikat-sunduese-jane-gjithmone-te-dobeta\\\/\"},\"wordCount\":555,\"commentCount\":0,\"publisher\":{\"@id\":\"https:\\\/\\\/fjala.info\\\/2009-2015\\\/#organization\"},\"image\":{\"@id\":\"https:\\\/\\\/fjala.info\\\/2009-2015\\\/klikat-sunduese-jane-gjithmone-te-dobeta\\\/#primaryimage\"},\"thumbnailUrl\":\"http:\\\/\\\/www.shkoder.net\\\/images\\\/fjala\\\/mustafa_nano.jpg\",\"articleSection\":[\"Artikuj\"],\"inLanguage\":\"sq-AL\",\"potentialAction\":[{\"@type\":\"CommentAction\",\"name\":\"Comment\",\"target\":[\"https:\\\/\\\/fjala.info\\\/2009-2015\\\/klikat-sunduese-jane-gjithmone-te-dobeta\\\/#respond\"]}]},{\"@type\":\"WebPage\",\"@id\":\"https:\\\/\\\/fjala.info\\\/2009-2015\\\/klikat-sunduese-jane-gjithmone-te-dobeta\\\/\",\"url\":\"https:\\\/\\\/fjala.info\\\/2009-2015\\\/klikat-sunduese-jane-gjithmone-te-dobeta\\\/\",\"name\":\"KLIKAT SUNDUESE JAN\u00cb GJITHMON\u00cb T\u00cb DOB\u00cbTA - FjALA e LIR\u00cb - Arkivi\",\"isPartOf\":{\"@id\":\"https:\\\/\\\/fjala.info\\\/2009-2015\\\/#website\"},\"primaryImageOfPage\":{\"@id\":\"https:\\\/\\\/fjala.info\\\/2009-2015\\\/klikat-sunduese-jane-gjithmone-te-dobeta\\\/#primaryimage\"},\"image\":{\"@id\":\"https:\\\/\\\/fjala.info\\\/2009-2015\\\/klikat-sunduese-jane-gjithmone-te-dobeta\\\/#primaryimage\"},\"thumbnailUrl\":\"http:\\\/\\\/www.shkoder.net\\\/images\\\/fjala\\\/mustafa_nano.jpg\",\"datePublished\":\"2010-07-10T17:11:41+00:00\",\"breadcrumb\":{\"@id\":\"https:\\\/\\\/fjala.info\\\/2009-2015\\\/klikat-sunduese-jane-gjithmone-te-dobeta\\\/#breadcrumb\"},\"inLanguage\":\"sq-AL\",\"potentialAction\":[{\"@type\":\"ReadAction\",\"target\":[\"https:\\\/\\\/fjala.info\\\/2009-2015\\\/klikat-sunduese-jane-gjithmone-te-dobeta\\\/\"]}]},{\"@type\":\"ImageObject\",\"inLanguage\":\"sq-AL\",\"@id\":\"https:\\\/\\\/fjala.info\\\/2009-2015\\\/klikat-sunduese-jane-gjithmone-te-dobeta\\\/#primaryimage\",\"url\":\"http:\\\/\\\/www.shkoder.net\\\/images\\\/fjala\\\/mustafa_nano.jpg\",\"contentUrl\":\"http:\\\/\\\/www.shkoder.net\\\/images\\\/fjala\\\/mustafa_nano.jpg\"},{\"@type\":\"BreadcrumbList\",\"@id\":\"https:\\\/\\\/fjala.info\\\/2009-2015\\\/klikat-sunduese-jane-gjithmone-te-dobeta\\\/#breadcrumb\",\"itemListElement\":[{\"@type\":\"ListItem\",\"position\":1,\"name\":\"Home\",\"item\":\"https:\\\/\\\/fjala.info\\\/2009-2015\\\/\"},{\"@type\":\"ListItem\",\"position\":2,\"name\":\"KLIKAT SUNDUESE JAN\u00cb GJITHMON\u00cb T\u00cb DOB\u00cbTA\"}]},{\"@type\":\"WebSite\",\"@id\":\"https:\\\/\\\/fjala.info\\\/2009-2015\\\/#website\",\"url\":\"https:\\\/\\\/fjala.info\\\/2009-2015\\\/\",\"name\":\"FjALA e LIR\u00cb - Arkivi\",\"description\":\"Arkivi 2009-2015\",\"publisher\":{\"@id\":\"https:\\\/\\\/fjala.info\\\/2009-2015\\\/#organization\"},\"potentialAction\":[{\"@type\":\"SearchAction\",\"target\":{\"@type\":\"EntryPoint\",\"urlTemplate\":\"https:\\\/\\\/fjala.info\\\/2009-2015\\\/?s={search_term_string}\"},\"query-input\":{\"@type\":\"PropertyValueSpecification\",\"valueRequired\":true,\"valueName\":\"search_term_string\"}}],\"inLanguage\":\"sq-AL\"},{\"@type\":\"Organization\",\"@id\":\"https:\\\/\\\/fjala.info\\\/2009-2015\\\/#organization\",\"name\":\"FjALA e LIR\u00cb - Arkivi\",\"url\":\"https:\\\/\\\/fjala.info\\\/2009-2015\\\/\",\"logo\":{\"@type\":\"ImageObject\",\"inLanguage\":\"sq-AL\",\"@id\":\"https:\\\/\\\/fjala.info\\\/2009-2015\\\/#\\\/schema\\\/logo\\\/image\\\/\",\"url\":\"\",\"contentUrl\":\"\",\"caption\":\"FjALA e LIR\u00cb - Arkivi\"},\"image\":{\"@id\":\"https:\\\/\\\/fjala.info\\\/2009-2015\\\/#\\\/schema\\\/logo\\\/image\\\/\"}},{\"@type\":\"Person\",\"@id\":\"https:\\\/\\\/fjala.info\\\/2009-2015\\\/#\\\/schema\\\/person\\\/3aa1163ef05469c496fc94e77611ada2\",\"name\":\"admin\",\"image\":{\"@type\":\"ImageObject\",\"inLanguage\":\"sq-AL\",\"@id\":\"https:\\\/\\\/fjala.info\\\/2009-2015\\\/wp-content\\\/uploads\\\/2012\\\/02\\\/arben_cokaj-120x150.jpg\",\"url\":\"https:\\\/\\\/fjala.info\\\/2009-2015\\\/wp-content\\\/uploads\\\/2012\\\/02\\\/arben_cokaj-120x150.jpg\",\"contentUrl\":\"https:\\\/\\\/fjala.info\\\/2009-2015\\\/wp-content\\\/uploads\\\/2012\\\/02\\\/arben_cokaj-120x150.jpg\",\"caption\":\"admin\"},\"description\":\"Admin, Fjala e Lir\u00eb\",\"sameAs\":[\"https:\\\/\\\/fjala.info\\\/\"],\"url\":\"https:\\\/\\\/fjala.info\\\/2009-2015\\\/author\\\/admin\\\/\"}]}<\/script>\n<!-- \/ Yoast SEO plugin. -->","yoast_head_json":{"title":"KLIKAT SUNDUESE JAN\u00cb GJITHMON\u00cb T\u00cb DOB\u00cbTA - FjALA e LIR\u00cb - Arkivi","robots":{"index":"index","follow":"follow","max-snippet":"max-snippet:-1","max-image-preview":"max-image-preview:large","max-video-preview":"max-video-preview:-1"},"canonical":"https:\/\/fjala.info\/2009-2015\/klikat-sunduese-jane-gjithmone-te-dobeta\/","og_locale":"sq_AL","og_type":"article","og_title":"KLIKAT SUNDUESE JAN\u00cb GJITHMON\u00cb T\u00cb DOB\u00cbTA - FjALA e LIR\u00cb - Arkivi","og_description":"Mustafa Nano Zululand Ishte dokument shum\u00eb dometh\u00ebn\u00ebs ai procesverbali i mbledhjes s\u00eb Byros\u00eb Politike t\u00eb PPSH-s\u00eb, e cila daton n\u00eb korrik t\u00eb vitit 1990, disa dit\u00eb pas largimit nga Shqip\u00ebria t\u00eb disa mij\u00ebra shqiptar\u00ebve, q\u00eb at\u00eb mot u em\u00ebrtuan \u201cshqiptar\u00ebt e ambasadave\u201d. Me k\u00ebt\u00eb em\u00ebrtim kan\u00eb mbetur dhe sot e k\u00ebsaj dite. Pushtimi i ambasadave [&hellip;]","og_url":"https:\/\/fjala.info\/2009-2015\/klikat-sunduese-jane-gjithmone-te-dobeta\/","og_site_name":"FjALA e LIR\u00cb - Arkivi","article_published_time":"2010-07-10T17:11:41+00:00","og_image":[{"url":"http:\/\/www.shkoder.net\/images\/fjala\/mustafa_nano.jpg","type":"","width":"","height":""}],"author":"admin","twitter_card":"summary_large_image","twitter_misc":{"Written by":"admin","Est. reading time":"3 minutes"},"schema":{"@context":"https:\/\/schema.org","@graph":[{"@type":"Article","@id":"https:\/\/fjala.info\/2009-2015\/klikat-sunduese-jane-gjithmone-te-dobeta\/#article","isPartOf":{"@id":"https:\/\/fjala.info\/2009-2015\/klikat-sunduese-jane-gjithmone-te-dobeta\/"},"author":{"name":"admin","@id":"https:\/\/fjala.info\/2009-2015\/#\/schema\/person\/3aa1163ef05469c496fc94e77611ada2"},"headline":"KLIKAT SUNDUESE JAN\u00cb GJITHMON\u00cb T\u00cb DOB\u00cbTA","datePublished":"2010-07-10T17:11:41+00:00","mainEntityOfPage":{"@id":"https:\/\/fjala.info\/2009-2015\/klikat-sunduese-jane-gjithmone-te-dobeta\/"},"wordCount":555,"commentCount":0,"publisher":{"@id":"https:\/\/fjala.info\/2009-2015\/#organization"},"image":{"@id":"https:\/\/fjala.info\/2009-2015\/klikat-sunduese-jane-gjithmone-te-dobeta\/#primaryimage"},"thumbnailUrl":"http:\/\/www.shkoder.net\/images\/fjala\/mustafa_nano.jpg","articleSection":["Artikuj"],"inLanguage":"sq-AL","potentialAction":[{"@type":"CommentAction","name":"Comment","target":["https:\/\/fjala.info\/2009-2015\/klikat-sunduese-jane-gjithmone-te-dobeta\/#respond"]}]},{"@type":"WebPage","@id":"https:\/\/fjala.info\/2009-2015\/klikat-sunduese-jane-gjithmone-te-dobeta\/","url":"https:\/\/fjala.info\/2009-2015\/klikat-sunduese-jane-gjithmone-te-dobeta\/","name":"KLIKAT SUNDUESE JAN\u00cb GJITHMON\u00cb T\u00cb DOB\u00cbTA - FjALA e LIR\u00cb - Arkivi","isPartOf":{"@id":"https:\/\/fjala.info\/2009-2015\/#website"},"primaryImageOfPage":{"@id":"https:\/\/fjala.info\/2009-2015\/klikat-sunduese-jane-gjithmone-te-dobeta\/#primaryimage"},"image":{"@id":"https:\/\/fjala.info\/2009-2015\/klikat-sunduese-jane-gjithmone-te-dobeta\/#primaryimage"},"thumbnailUrl":"http:\/\/www.shkoder.net\/images\/fjala\/mustafa_nano.jpg","datePublished":"2010-07-10T17:11:41+00:00","breadcrumb":{"@id":"https:\/\/fjala.info\/2009-2015\/klikat-sunduese-jane-gjithmone-te-dobeta\/#breadcrumb"},"inLanguage":"sq-AL","potentialAction":[{"@type":"ReadAction","target":["https:\/\/fjala.info\/2009-2015\/klikat-sunduese-jane-gjithmone-te-dobeta\/"]}]},{"@type":"ImageObject","inLanguage":"sq-AL","@id":"https:\/\/fjala.info\/2009-2015\/klikat-sunduese-jane-gjithmone-te-dobeta\/#primaryimage","url":"http:\/\/www.shkoder.net\/images\/fjala\/mustafa_nano.jpg","contentUrl":"http:\/\/www.shkoder.net\/images\/fjala\/mustafa_nano.jpg"},{"@type":"BreadcrumbList","@id":"https:\/\/fjala.info\/2009-2015\/klikat-sunduese-jane-gjithmone-te-dobeta\/#breadcrumb","itemListElement":[{"@type":"ListItem","position":1,"name":"Home","item":"https:\/\/fjala.info\/2009-2015\/"},{"@type":"ListItem","position":2,"name":"KLIKAT SUNDUESE JAN\u00cb GJITHMON\u00cb T\u00cb DOB\u00cbTA"}]},{"@type":"WebSite","@id":"https:\/\/fjala.info\/2009-2015\/#website","url":"https:\/\/fjala.info\/2009-2015\/","name":"FjALA e LIR\u00cb - Arkivi","description":"Arkivi 2009-2015","publisher":{"@id":"https:\/\/fjala.info\/2009-2015\/#organization"},"potentialAction":[{"@type":"SearchAction","target":{"@type":"EntryPoint","urlTemplate":"https:\/\/fjala.info\/2009-2015\/?s={search_term_string}"},"query-input":{"@type":"PropertyValueSpecification","valueRequired":true,"valueName":"search_term_string"}}],"inLanguage":"sq-AL"},{"@type":"Organization","@id":"https:\/\/fjala.info\/2009-2015\/#organization","name":"FjALA e LIR\u00cb - Arkivi","url":"https:\/\/fjala.info\/2009-2015\/","logo":{"@type":"ImageObject","inLanguage":"sq-AL","@id":"https:\/\/fjala.info\/2009-2015\/#\/schema\/logo\/image\/","url":"","contentUrl":"","caption":"FjALA e LIR\u00cb - Arkivi"},"image":{"@id":"https:\/\/fjala.info\/2009-2015\/#\/schema\/logo\/image\/"}},{"@type":"Person","@id":"https:\/\/fjala.info\/2009-2015\/#\/schema\/person\/3aa1163ef05469c496fc94e77611ada2","name":"admin","image":{"@type":"ImageObject","inLanguage":"sq-AL","@id":"https:\/\/fjala.info\/2009-2015\/wp-content\/uploads\/2012\/02\/arben_cokaj-120x150.jpg","url":"https:\/\/fjala.info\/2009-2015\/wp-content\/uploads\/2012\/02\/arben_cokaj-120x150.jpg","contentUrl":"https:\/\/fjala.info\/2009-2015\/wp-content\/uploads\/2012\/02\/arben_cokaj-120x150.jpg","caption":"admin"},"description":"Admin, Fjala e Lir\u00eb","sameAs":["https:\/\/fjala.info\/"],"url":"https:\/\/fjala.info\/2009-2015\/author\/admin\/"}]}},"_links":{"self":[{"href":"https:\/\/fjala.info\/2009-2015\/wp-json\/wp\/v2\/posts\/3269","targetHints":{"allow":["GET"]}}],"collection":[{"href":"https:\/\/fjala.info\/2009-2015\/wp-json\/wp\/v2\/posts"}],"about":[{"href":"https:\/\/fjala.info\/2009-2015\/wp-json\/wp\/v2\/types\/post"}],"author":[{"embeddable":true,"href":"https:\/\/fjala.info\/2009-2015\/wp-json\/wp\/v2\/users\/1"}],"replies":[{"embeddable":true,"href":"https:\/\/fjala.info\/2009-2015\/wp-json\/wp\/v2\/comments?post=3269"}],"version-history":[{"count":0,"href":"https:\/\/fjala.info\/2009-2015\/wp-json\/wp\/v2\/posts\/3269\/revisions"}],"wp:attachment":[{"href":"https:\/\/fjala.info\/2009-2015\/wp-json\/wp\/v2\/media?parent=3269"}],"wp:term":[{"taxonomy":"category","embeddable":true,"href":"https:\/\/fjala.info\/2009-2015\/wp-json\/wp\/v2\/categories?post=3269"},{"taxonomy":"post_tag","embeddable":true,"href":"https:\/\/fjala.info\/2009-2015\/wp-json\/wp\/v2\/tags?post=3269"}],"curies":[{"name":"wp","href":"https:\/\/api.w.org\/{rel}","templated":true}]}}