{"id":3268,"date":"2012-06-13T22:54:50","date_gmt":"2012-06-13T21:54:50","guid":{"rendered":"http:\/\/www.fjala.info\/?p=3268"},"modified":"2012-06-13T22:54:50","modified_gmt":"2012-06-13T21:54:50","slug":"marifetet-e-kurdisura-te-nje-politikani-diletant","status":"publish","type":"post","link":"https:\/\/fjala.info\/2009-2015\/marifetet-e-kurdisura-te-nje-politikani-diletant\/","title":{"rendered":"Marifetet e kurdisura  t\u00eb nj\u00eb politikani diletant"},"content":{"rendered":"<p><img decoding=\"async\" class=\"alignleft size-thumbnail wp-image-7236\" title=\"Prof. Fehmi Kelmendi\" src=\"http:\/\/www.fjala.info\/2012\/fehmi_kelmendi.jpg\" alt=\"\" width=\"200\" \/> <strong>Prof. Fehmi Kelmendi<\/strong><\/p>\n<p>Ish kryetari i deg\u00ebs s\u00eb LDK-s\u00eb n\u00eb Zvic\u00ebr, z. Hajdar Sadrija \u00ebsht\u00eb paraqitur me shkrim n\u00eb gazet\u00ebn e \u00e7muar komb\u00ebtare \u201eBota Sot\u201c, m\u00eb 22, 23 dhe 24 maj 2012, duke vjellur helm e vrer\u00eb nga goja. N\u00eb shkrimin e dat\u00ebs s\u00eb 23 majit i nj\u00ebjti, pos tjerash thot\u00eb: T\u00eb gjith\u00eb e dimi (n\u00eb vend q\u00eb t\u00eb thuhet drejt, e dim\u00eb), se q\u00eb nga themelimi i LDK-s\u00eb, nga Kuvendi i par\u00eb n\u00eb Kryesin\u00eb e k\u00ebtij subjekti politik kishte an\u00ebtar\u00eb q\u00eb kishin hyr\u00eb me q\u00ebllime t\u00eb caktuara, si\u00e7 ishte Zejnel Kelmendi (ndon\u00ebse ak\u00ebcili ka titullin Prof. Dr.), Hajdari p\u00ebr n\u00ebn\u00e7mim nuk e cek fare titullin etij por p\u00ebrmend vet\u00ebm emrin dhe mbiemrin e tij me synim t\u00eb denigrimit, ngase ai vet\u00eb, i gjori, nuk ka titull, as karakter stabil. Nuk harron pa e p\u00ebrmend edhe Hydajet Hysenin, t\u00eb cilin e quan marksist-leninist dhe i cili tok me ca t\u00eb tjer\u00eb.<\/p>\n<p>Tentuan ta merrnin kalan\u00eb nga brenda, pohon Hajdar hipokriti. Hajdar Sadrija. M\u00eb par\u00eb ka qen\u00eb i inkuadruar n\u00eb L\u00ebvizjen Popullore p\u00ebr Republik\u00ebn e Kosov\u00ebs. M\u00eb von\u00eb kaloi n\u00eb LDK dhe arriti deri n\u00eb postin e kryetarit t\u00eb deg\u00ebs n\u00eb nivel t\u00eb Zvicr\u00ebs. Vall\u00eb si \u00ebsht\u00eb e mundur t\u00eb udh\u00ebheqte postin e rangut t\u00eb ministrit njeriu i pa shkoll\u00eb? Nj\u00eb gjysm\u00eb analfabet. Nj\u00eb markist e leninist, i cili t\u00eb tjer\u00ebt i etiketon me k\u00ebt\u00eb ideologji. V\u00ebrtet\u00eb, LDK-ja \u00ebsht\u00eb themeluar prej nj\u00eb numri t\u00eb intelektual\u00ebve. N\u00ebnshkruesit e Apelit, gjithsejt 215 sish, n\u00eb prill t\u00eb vitit 1989. Kurse LDK-ja \u00ebsht\u00eb themeluar m\u00eb 23 dhjetor po t\u00eb atij viti. K\u00ebshilli inicues p\u00ebr themelimin e k\u00ebsaj partije politike si Alternativ\u00eb, p\u00ebrb\u00ebhej prej disa intelektual\u00ebve n\u00ebnshkrues t\u00eb Apelit t\u00eb cekur m\u00eb lart dhe intelektual\u00ebve autoritativ\u00eb: Zenun Celaj, Ibrahim Berisha, Zekeria Cana, Jusuf Buxhovi, Ali Aliu nga Prespa, Dr. Bujar Bukoshi, Milazim Krasniqi, Ajri Begu, Dr. Zejnel Kelmendi i cili drejtoi Kuvendin themelues etj.<\/p>\n<p>Shpallja e LDK-s\u00eb \u00ebsht\u00eb b\u00ebr\u00eb n\u00eb Selin\u00eb e Shoqat\u00ebs s\u00eb Shkrimtar\u00ebve n\u00eb Prishtin\u00eb. P\u00ebr themelimin e LDK-s\u00eb jan\u00eb njoftuar: Akademik Rexhep Qosja, t\u00eb cilit iu \u00ebsht\u00eb ofruar udh\u00ebheqja e saj por ai nuk e ka pranuar propozimin e till\u00eb, Prof. dr. Idriz Ajeti, Dr. Ibrahim Rugova etj. LDK-ja fillimish u krijua parti politike, pastaj u shnd\u00ebrrua n\u00eb L\u00ebvizje Gjith\u00ebpopullore. Kryetar i LDK-s\u00eb u zgjodh Dr.Ibrahim Rugova i cili ishte nj\u00ebri nd\u00ebr intelektual\u00ebt q\u00eb g\u00ebzonte autoritet si personalitet i respektuar. Nj\u00ebher\u00ebsh ishte aprovuar programi dhe statuti partiak i LDK-s\u00eb. Programi parashihte form\u00ebn e rezistenc\u00eb pasive, kurr\u00ebsesi jo, si\u00e7 d\u00ebrd\u00ebllit Hajdar Sadria, se kinse ai ishte angazhuar n\u00eb luft\u00ebn e armatosur. Politika paq\u00ebsore p\u00ebr nj\u00eb koh\u00eb, krahas kushteve dhe rrethanave aktuale i p\u00ebrgjigjej realitetit, por kur Serbia ua imponoi luft\u00ebn shqiptar\u00ebve, vazhdimi i politik\u00ebs gandiste nuk p\u00ebrputhej m\u00eb me realitetin e krijuar.<\/p>\n<p>P\u00ebr k\u00ebt\u00eb n\u00eb muajin shkurt t\u00eb vitit 1998 LDK-ja u nda n\u00eb dy rryma: ajo paq\u00ebsorja e vazhdoi politik\u00ebn me avazin e vjet\u00ebr, nd\u00ebrsa ajo m\u00eb radikalja ,duke par\u00eb se me m\u00ebnyr\u00eb paq\u00ebsore nuk arrihej dot synimi, p\u00ebrqafoi Luft\u00ebn e armatosur. Vlen\u00eb t\u00eb theksohet se LDK-ja q\u00eb nga themelimi i saj dhe sot e gjith\u00eb dit\u00ebn ka nj\u00eb struktur\u00eb heterogjene. N\u00eb t\u00eb u fut\u00ebn i hurit e i litarit. Sa i p\u00ebket asaj q\u00eb Hajdar Sadrija pallavron rreth daljes nga LDK-ja t\u00eb Dr. Zejnel Kelmendit, respektivisht nga Kryesia e saj, \u00e7\u00ebshtja q\u00ebndron ndryshe.<\/p>\n<p>Dr. Zejnel Kelmendi nuk \u00ebsht\u00eb pajtuar dot me disa persona servil\u00eb e ish bashk\u00ebpun\u00ebtor\u00eb t\u00eb pushtetit okupues serbosllav, dhe p\u00ebr arsye t\u00eb tjera: an\u00ebtari i Kryesis\u00eb s\u00eb LDK-s\u00eb, z. Sabri Hamiti, haptas ishte deklaruar n\u00eb mbledhje t\u00eb Kryesis\u00eb se do t\u00eb kishte me qen\u00eb m\u00eb s\u00eb e domosdoshme sikur shqiptar\u00ebt jasht\u00eb Kosov\u00ebs administrative t\u00eb mos pranoheshin n\u00eb parti, aq m\u00eb hi\u00e7 n\u00eb Kryesi, po t\u00eb d\u00ebboheshin nga Kosova. K\u00ebto fjal\u00eb jan\u00eb thon\u00eb n\u00eb prezenc\u00ebn e Kryetarit Dr. Ibrahim Rugova dhe t\u00eb an\u00ebtar\u00ebve t\u00eb Kryesis\u00eb. Kritika t\u00eb ashpra varg ka pas\u00eb Dr.Zejnel Kelmendi. Edhe nga Edita Tahiri dhe Rexhep Gjergji.<\/p>\n<p>Po ajo Edite Tahiri n\u00eb nj\u00eb tubim t\u00eb mbajtur k\u00ebtu n\u00eb Zvic\u00ebr q\u00eb pati deklaruar se kurr\u00eb nuk do ta braktiste LDK-n\u00eb, pastaj \u00e7` ndodhi, me t\u00eb ??? Pos asaj, Dr.Zejnel Kelmendi i cili tok me kat\u00ebr v\u00ebllez\u00ebrit e tij ka qen\u00eb i burgosur politikisht nuk ka mundur me u pajtua me shum\u00eb gj\u00ebra q\u00eb Ishin n\u00eb kund\u00ebrshtim me luft\u00ebn e drejt\u00eb t\u00eb popullit t\u00eb pamposht\u00ebr shqiptar. LDK-ja koh\u00eb pas kohe p\u00ebrjetoi r\u00ebnie. Uniteti i saj rr\u00ebnohej, kurse p\u00ebr\u00e7arja thellohej. M\u00eb par\u00eb Dr.Bujar Bukoshi dhe Isa Mustafa u \u00e7uan pesh\u00eb kund\u00ebr Dr. Ibrahim Rugov\u00ebs. M\u00eb von\u00eb n\u00eb Kuvendin e VI zgjedhor 2006 u \u00e7art\u00ebn Fatmir Sejdiu dhe Nexhat Daci, sepse secili lakmonte marrjen me \u00e7do kusht t\u00eb pushtetit. Gjithashtu edhe n\u00eb Kuvendin e VII zgjedhor t\u00eb LDK-s\u00eb m\u00eb 2010 Isa Mustafa e shtriu p\u00ebr tok\u00eb Fatmir Sejdiun. K\u00ebshtu q\u00eb pas vdekjes s\u00eb Dr.Ibrahim Rugova u rr\u00ebnua uniteti i forcuar i LDK-s\u00eb, themelet e s\u00eb cilit qysh duke qen\u00eb gjall\u00eb Dr. Ibrahim Rugova zun\u00eb t\u2019 i prishnin: Dr.Bujar Bukoshi dhe Isa Mustafa.<\/p>\n<p>P\u00ebr hir\u00eb t\u00eb realitetit duhet pranuar, si\u00e7 thot\u00eb nj\u00eb proverb arab : fole t\u00eb v\u00ebrtet\u00ebn, qoft\u00eb ajo edhe e hidhur, se edhe p\u00ebrpara themelimit t\u00eb LDK-s\u00eb , populli shqiptar i Kosov\u00ebs ka kontribuar n\u00eb dobi t\u00eb zgjidhjes s\u00eb \u00e7\u00ebshtjes me protesta dhe forma t\u00eb tjera t\u00eb rezistenc\u00ebs. Po edhe deputet\u00ebt e Kuvendit t\u00eb Kosov\u00ebs, ndon\u00ebse ata ishin zgjedhur n\u00eb koh\u00ebn e sistemit monist, pa marr\u00ebveshjen me LDK-n\u00eb mor\u00ebn dy vendime tejet t\u00eb r\u00ebnd\u00ebsishme p\u00ebr legjimitetin e statusit t\u00eb Kosov\u00ebs : n\u00eb korrik t\u00eb vitit 1990 ata shpall\u00ebn Deklarat\u00ebn e Kushtetut\u00ebs n\u00eb Prishtin\u00eb dhe m\u00eb 7 shtator t\u00eb po t\u00eb atij viti, edhe Republik\u00ebn e pavarur t\u00eb Kosov\u00ebs, n\u00eb Ka\u00e7anik. Pra, nuk \u00ebsht\u00eb p\u00ebr t\u2019 u \u00e7uditur me q\u00ebndrimet e Hajdar Sadrij\u00ebs duke ditur se fjala \u00ebsht\u00eb p\u00ebr nj\u00eb politikan aguridh dhe i konvertuar sipas interesit personal, p\u00ebrndryshe josh\u00ebs i posteve t\u00eb pa merituara. Un\u00eb e di sakt se n\u00eb Kryesin\u00eb e deg\u00ebs s\u00eb LDK-s\u00eb n\u00eb Zvic\u00ebr t\u00eb udh\u00ebhequr nga Hajdar Sadirja ka pas\u00eb an\u00ebtar\u00eb t\u00eb cil\u00ebt m\u00eb par\u00eb kan\u00eb qen\u00eb bashk\u00ebpun\u00ebtor\u00eb t\u00eb okupatorit serbosllav.<\/p>\n<p>LDK-ja n\u00eb diaspor\u00eb ka pas\u00eb vizione t\u00eb qarta p\u00ebr zgjidhjen e problemit t\u00eb Kosov\u00ebs, sidomos, p\u00ebr at\u00eb t\u00eb shqiptar\u00ebve n\u00eb p\u00ebrgjith\u00ebsi, e t\u00eb mos flasim p\u00ebr ekuilibrin nd\u00ebrpartiak q\u00eb me fajin e Hajdarave t\u00eb LDK-s\u00eb ishte i brisht\u00eb, madje i shkat\u00ebrruar totalisht.<\/p>\n","protected":false},"excerpt":{"rendered":"<p>Prof. Fehmi Kelmendi Ish kryetari i deg\u00ebs s\u00eb LDK-s\u00eb n\u00eb Zvic\u00ebr, z. Hajdar Sadrija \u00ebsht\u00eb paraqitur me shkrim n\u00eb gazet\u00ebn e \u00e7muar komb\u00ebtare \u201eBota Sot\u201c, m\u00eb 22, 23 dhe 24 maj 2012, duke vjellur helm e vrer\u00eb nga goja. N\u00eb shkrimin e dat\u00ebs s\u00eb 23 majit i nj\u00ebjti, pos tjerash thot\u00eb: T\u00eb gjith\u00eb e dimi [&hellip;]<\/p>\n","protected":false},"author":1,"featured_media":0,"comment_status":"open","ping_status":"closed","sticky":false,"template":"","format":"standard","meta":{"footnotes":""},"categories":[2],"tags":[],"class_list":{"0":"post-3268","1":"post","2":"type-post","3":"status-publish","4":"format-standard","6":"category-artikuj"},"yoast_head":"<!-- This site is optimized with the Yoast SEO plugin v27.4 - https:\/\/yoast.com\/product\/yoast-seo-wordpress\/ -->\n<title>Marifetet e kurdisura t\u00eb nj\u00eb politikani diletant - FjALA e LIR\u00cb - Arkivi<\/title>\n<meta name=\"robots\" content=\"index, follow, max-snippet:-1, max-image-preview:large, max-video-preview:-1\" \/>\n<link rel=\"canonical\" href=\"https:\/\/fjala.info\/2009-2015\/marifetet-e-kurdisura-te-nje-politikani-diletant\/\" \/>\n<meta property=\"og:locale\" content=\"sq_AL\" \/>\n<meta property=\"og:type\" content=\"article\" \/>\n<meta property=\"og:title\" content=\"Marifetet e kurdisura t\u00eb nj\u00eb politikani diletant - FjALA e LIR\u00cb - Arkivi\" \/>\n<meta property=\"og:description\" content=\"Prof. Fehmi Kelmendi Ish kryetari i deg\u00ebs s\u00eb LDK-s\u00eb n\u00eb Zvic\u00ebr, z. Hajdar Sadrija \u00ebsht\u00eb paraqitur me shkrim n\u00eb gazet\u00ebn e \u00e7muar komb\u00ebtare \u201eBota Sot\u201c, m\u00eb 22, 23 dhe 24 maj 2012, duke vjellur helm e vrer\u00eb nga goja. N\u00eb shkrimin e dat\u00ebs s\u00eb 23 majit i nj\u00ebjti, pos tjerash thot\u00eb: T\u00eb gjith\u00eb e dimi [&hellip;]\" \/>\n<meta property=\"og:url\" content=\"https:\/\/fjala.info\/2009-2015\/marifetet-e-kurdisura-te-nje-politikani-diletant\/\" \/>\n<meta property=\"og:site_name\" content=\"FjALA e LIR\u00cb - Arkivi\" \/>\n<meta property=\"article:published_time\" content=\"2012-06-13T21:54:50+00:00\" \/>\n<meta property=\"og:image\" content=\"http:\/\/www.fjala.info\/2012\/fehmi_kelmendi.jpg\" \/>\n<meta name=\"author\" content=\"admin\" \/>\n<meta name=\"twitter:card\" content=\"summary_large_image\" \/>\n<meta name=\"twitter:label1\" content=\"Written by\" \/>\n\t<meta name=\"twitter:data1\" content=\"admin\" \/>\n\t<meta name=\"twitter:label2\" content=\"Est. reading time\" \/>\n\t<meta name=\"twitter:data2\" content=\"6 minutes\" \/>\n<script type=\"application\/ld+json\" class=\"yoast-schema-graph\">{\"@context\":\"https:\\\/\\\/schema.org\",\"@graph\":[{\"@type\":\"Article\",\"@id\":\"https:\\\/\\\/fjala.info\\\/2009-2015\\\/marifetet-e-kurdisura-te-nje-politikani-diletant\\\/#article\",\"isPartOf\":{\"@id\":\"https:\\\/\\\/fjala.info\\\/2009-2015\\\/marifetet-e-kurdisura-te-nje-politikani-diletant\\\/\"},\"author\":{\"name\":\"admin\",\"@id\":\"https:\\\/\\\/fjala.info\\\/2009-2015\\\/#\\\/schema\\\/person\\\/3aa1163ef05469c496fc94e77611ada2\"},\"headline\":\"Marifetet e kurdisura t\u00eb nj\u00eb politikani diletant\",\"datePublished\":\"2012-06-13T21:54:50+00:00\",\"mainEntityOfPage\":{\"@id\":\"https:\\\/\\\/fjala.info\\\/2009-2015\\\/marifetet-e-kurdisura-te-nje-politikani-diletant\\\/\"},\"wordCount\":1174,\"commentCount\":1,\"publisher\":{\"@id\":\"https:\\\/\\\/fjala.info\\\/2009-2015\\\/#organization\"},\"image\":{\"@id\":\"https:\\\/\\\/fjala.info\\\/2009-2015\\\/marifetet-e-kurdisura-te-nje-politikani-diletant\\\/#primaryimage\"},\"thumbnailUrl\":\"http:\\\/\\\/www.fjala.info\\\/2012\\\/fehmi_kelmendi.jpg\",\"articleSection\":[\"Artikuj\"],\"inLanguage\":\"sq-AL\",\"potentialAction\":[{\"@type\":\"CommentAction\",\"name\":\"Comment\",\"target\":[\"https:\\\/\\\/fjala.info\\\/2009-2015\\\/marifetet-e-kurdisura-te-nje-politikani-diletant\\\/#respond\"]}]},{\"@type\":\"WebPage\",\"@id\":\"https:\\\/\\\/fjala.info\\\/2009-2015\\\/marifetet-e-kurdisura-te-nje-politikani-diletant\\\/\",\"url\":\"https:\\\/\\\/fjala.info\\\/2009-2015\\\/marifetet-e-kurdisura-te-nje-politikani-diletant\\\/\",\"name\":\"Marifetet e kurdisura t\u00eb nj\u00eb politikani diletant - FjALA e LIR\u00cb - Arkivi\",\"isPartOf\":{\"@id\":\"https:\\\/\\\/fjala.info\\\/2009-2015\\\/#website\"},\"primaryImageOfPage\":{\"@id\":\"https:\\\/\\\/fjala.info\\\/2009-2015\\\/marifetet-e-kurdisura-te-nje-politikani-diletant\\\/#primaryimage\"},\"image\":{\"@id\":\"https:\\\/\\\/fjala.info\\\/2009-2015\\\/marifetet-e-kurdisura-te-nje-politikani-diletant\\\/#primaryimage\"},\"thumbnailUrl\":\"http:\\\/\\\/www.fjala.info\\\/2012\\\/fehmi_kelmendi.jpg\",\"datePublished\":\"2012-06-13T21:54:50+00:00\",\"breadcrumb\":{\"@id\":\"https:\\\/\\\/fjala.info\\\/2009-2015\\\/marifetet-e-kurdisura-te-nje-politikani-diletant\\\/#breadcrumb\"},\"inLanguage\":\"sq-AL\",\"potentialAction\":[{\"@type\":\"ReadAction\",\"target\":[\"https:\\\/\\\/fjala.info\\\/2009-2015\\\/marifetet-e-kurdisura-te-nje-politikani-diletant\\\/\"]}]},{\"@type\":\"ImageObject\",\"inLanguage\":\"sq-AL\",\"@id\":\"https:\\\/\\\/fjala.info\\\/2009-2015\\\/marifetet-e-kurdisura-te-nje-politikani-diletant\\\/#primaryimage\",\"url\":\"http:\\\/\\\/www.fjala.info\\\/2012\\\/fehmi_kelmendi.jpg\",\"contentUrl\":\"http:\\\/\\\/www.fjala.info\\\/2012\\\/fehmi_kelmendi.jpg\"},{\"@type\":\"BreadcrumbList\",\"@id\":\"https:\\\/\\\/fjala.info\\\/2009-2015\\\/marifetet-e-kurdisura-te-nje-politikani-diletant\\\/#breadcrumb\",\"itemListElement\":[{\"@type\":\"ListItem\",\"position\":1,\"name\":\"Home\",\"item\":\"https:\\\/\\\/fjala.info\\\/2009-2015\\\/\"},{\"@type\":\"ListItem\",\"position\":2,\"name\":\"Marifetet e kurdisura t\u00eb nj\u00eb politikani diletant\"}]},{\"@type\":\"WebSite\",\"@id\":\"https:\\\/\\\/fjala.info\\\/2009-2015\\\/#website\",\"url\":\"https:\\\/\\\/fjala.info\\\/2009-2015\\\/\",\"name\":\"FjALA e LIR\u00cb - Arkivi\",\"description\":\"Arkivi 2009-2015\",\"publisher\":{\"@id\":\"https:\\\/\\\/fjala.info\\\/2009-2015\\\/#organization\"},\"potentialAction\":[{\"@type\":\"SearchAction\",\"target\":{\"@type\":\"EntryPoint\",\"urlTemplate\":\"https:\\\/\\\/fjala.info\\\/2009-2015\\\/?s={search_term_string}\"},\"query-input\":{\"@type\":\"PropertyValueSpecification\",\"valueRequired\":true,\"valueName\":\"search_term_string\"}}],\"inLanguage\":\"sq-AL\"},{\"@type\":\"Organization\",\"@id\":\"https:\\\/\\\/fjala.info\\\/2009-2015\\\/#organization\",\"name\":\"FjALA e LIR\u00cb - Arkivi\",\"url\":\"https:\\\/\\\/fjala.info\\\/2009-2015\\\/\",\"logo\":{\"@type\":\"ImageObject\",\"inLanguage\":\"sq-AL\",\"@id\":\"https:\\\/\\\/fjala.info\\\/2009-2015\\\/#\\\/schema\\\/logo\\\/image\\\/\",\"url\":\"\",\"contentUrl\":\"\",\"caption\":\"FjALA e LIR\u00cb - Arkivi\"},\"image\":{\"@id\":\"https:\\\/\\\/fjala.info\\\/2009-2015\\\/#\\\/schema\\\/logo\\\/image\\\/\"}},{\"@type\":\"Person\",\"@id\":\"https:\\\/\\\/fjala.info\\\/2009-2015\\\/#\\\/schema\\\/person\\\/3aa1163ef05469c496fc94e77611ada2\",\"name\":\"admin\",\"image\":{\"@type\":\"ImageObject\",\"inLanguage\":\"sq-AL\",\"@id\":\"https:\\\/\\\/fjala.info\\\/2009-2015\\\/wp-content\\\/uploads\\\/2012\\\/02\\\/arben_cokaj-120x150.jpg\",\"url\":\"https:\\\/\\\/fjala.info\\\/2009-2015\\\/wp-content\\\/uploads\\\/2012\\\/02\\\/arben_cokaj-120x150.jpg\",\"contentUrl\":\"https:\\\/\\\/fjala.info\\\/2009-2015\\\/wp-content\\\/uploads\\\/2012\\\/02\\\/arben_cokaj-120x150.jpg\",\"caption\":\"admin\"},\"description\":\"Admin, Fjala e Lir\u00eb\",\"sameAs\":[\"https:\\\/\\\/fjala.info\\\/\"],\"url\":\"https:\\\/\\\/fjala.info\\\/2009-2015\\\/author\\\/admin\\\/\"}]}<\/script>\n<!-- \/ Yoast SEO plugin. -->","yoast_head_json":{"title":"Marifetet e kurdisura t\u00eb nj\u00eb politikani diletant - FjALA e LIR\u00cb - Arkivi","robots":{"index":"index","follow":"follow","max-snippet":"max-snippet:-1","max-image-preview":"max-image-preview:large","max-video-preview":"max-video-preview:-1"},"canonical":"https:\/\/fjala.info\/2009-2015\/marifetet-e-kurdisura-te-nje-politikani-diletant\/","og_locale":"sq_AL","og_type":"article","og_title":"Marifetet e kurdisura t\u00eb nj\u00eb politikani diletant - FjALA e LIR\u00cb - Arkivi","og_description":"Prof. Fehmi Kelmendi Ish kryetari i deg\u00ebs s\u00eb LDK-s\u00eb n\u00eb Zvic\u00ebr, z. Hajdar Sadrija \u00ebsht\u00eb paraqitur me shkrim n\u00eb gazet\u00ebn e \u00e7muar komb\u00ebtare \u201eBota Sot\u201c, m\u00eb 22, 23 dhe 24 maj 2012, duke vjellur helm e vrer\u00eb nga goja. N\u00eb shkrimin e dat\u00ebs s\u00eb 23 majit i nj\u00ebjti, pos tjerash thot\u00eb: T\u00eb gjith\u00eb e dimi [&hellip;]","og_url":"https:\/\/fjala.info\/2009-2015\/marifetet-e-kurdisura-te-nje-politikani-diletant\/","og_site_name":"FjALA e LIR\u00cb - Arkivi","article_published_time":"2012-06-13T21:54:50+00:00","og_image":[{"url":"http:\/\/www.fjala.info\/2012\/fehmi_kelmendi.jpg","type":"","width":"","height":""}],"author":"admin","twitter_card":"summary_large_image","twitter_misc":{"Written by":"admin","Est. reading time":"6 minutes"},"schema":{"@context":"https:\/\/schema.org","@graph":[{"@type":"Article","@id":"https:\/\/fjala.info\/2009-2015\/marifetet-e-kurdisura-te-nje-politikani-diletant\/#article","isPartOf":{"@id":"https:\/\/fjala.info\/2009-2015\/marifetet-e-kurdisura-te-nje-politikani-diletant\/"},"author":{"name":"admin","@id":"https:\/\/fjala.info\/2009-2015\/#\/schema\/person\/3aa1163ef05469c496fc94e77611ada2"},"headline":"Marifetet e kurdisura t\u00eb nj\u00eb politikani diletant","datePublished":"2012-06-13T21:54:50+00:00","mainEntityOfPage":{"@id":"https:\/\/fjala.info\/2009-2015\/marifetet-e-kurdisura-te-nje-politikani-diletant\/"},"wordCount":1174,"commentCount":1,"publisher":{"@id":"https:\/\/fjala.info\/2009-2015\/#organization"},"image":{"@id":"https:\/\/fjala.info\/2009-2015\/marifetet-e-kurdisura-te-nje-politikani-diletant\/#primaryimage"},"thumbnailUrl":"http:\/\/www.fjala.info\/2012\/fehmi_kelmendi.jpg","articleSection":["Artikuj"],"inLanguage":"sq-AL","potentialAction":[{"@type":"CommentAction","name":"Comment","target":["https:\/\/fjala.info\/2009-2015\/marifetet-e-kurdisura-te-nje-politikani-diletant\/#respond"]}]},{"@type":"WebPage","@id":"https:\/\/fjala.info\/2009-2015\/marifetet-e-kurdisura-te-nje-politikani-diletant\/","url":"https:\/\/fjala.info\/2009-2015\/marifetet-e-kurdisura-te-nje-politikani-diletant\/","name":"Marifetet e kurdisura t\u00eb nj\u00eb politikani diletant - FjALA e LIR\u00cb - Arkivi","isPartOf":{"@id":"https:\/\/fjala.info\/2009-2015\/#website"},"primaryImageOfPage":{"@id":"https:\/\/fjala.info\/2009-2015\/marifetet-e-kurdisura-te-nje-politikani-diletant\/#primaryimage"},"image":{"@id":"https:\/\/fjala.info\/2009-2015\/marifetet-e-kurdisura-te-nje-politikani-diletant\/#primaryimage"},"thumbnailUrl":"http:\/\/www.fjala.info\/2012\/fehmi_kelmendi.jpg","datePublished":"2012-06-13T21:54:50+00:00","breadcrumb":{"@id":"https:\/\/fjala.info\/2009-2015\/marifetet-e-kurdisura-te-nje-politikani-diletant\/#breadcrumb"},"inLanguage":"sq-AL","potentialAction":[{"@type":"ReadAction","target":["https:\/\/fjala.info\/2009-2015\/marifetet-e-kurdisura-te-nje-politikani-diletant\/"]}]},{"@type":"ImageObject","inLanguage":"sq-AL","@id":"https:\/\/fjala.info\/2009-2015\/marifetet-e-kurdisura-te-nje-politikani-diletant\/#primaryimage","url":"http:\/\/www.fjala.info\/2012\/fehmi_kelmendi.jpg","contentUrl":"http:\/\/www.fjala.info\/2012\/fehmi_kelmendi.jpg"},{"@type":"BreadcrumbList","@id":"https:\/\/fjala.info\/2009-2015\/marifetet-e-kurdisura-te-nje-politikani-diletant\/#breadcrumb","itemListElement":[{"@type":"ListItem","position":1,"name":"Home","item":"https:\/\/fjala.info\/2009-2015\/"},{"@type":"ListItem","position":2,"name":"Marifetet e kurdisura t\u00eb nj\u00eb politikani diletant"}]},{"@type":"WebSite","@id":"https:\/\/fjala.info\/2009-2015\/#website","url":"https:\/\/fjala.info\/2009-2015\/","name":"FjALA e LIR\u00cb - Arkivi","description":"Arkivi 2009-2015","publisher":{"@id":"https:\/\/fjala.info\/2009-2015\/#organization"},"potentialAction":[{"@type":"SearchAction","target":{"@type":"EntryPoint","urlTemplate":"https:\/\/fjala.info\/2009-2015\/?s={search_term_string}"},"query-input":{"@type":"PropertyValueSpecification","valueRequired":true,"valueName":"search_term_string"}}],"inLanguage":"sq-AL"},{"@type":"Organization","@id":"https:\/\/fjala.info\/2009-2015\/#organization","name":"FjALA e LIR\u00cb - Arkivi","url":"https:\/\/fjala.info\/2009-2015\/","logo":{"@type":"ImageObject","inLanguage":"sq-AL","@id":"https:\/\/fjala.info\/2009-2015\/#\/schema\/logo\/image\/","url":"","contentUrl":"","caption":"FjALA e LIR\u00cb - Arkivi"},"image":{"@id":"https:\/\/fjala.info\/2009-2015\/#\/schema\/logo\/image\/"}},{"@type":"Person","@id":"https:\/\/fjala.info\/2009-2015\/#\/schema\/person\/3aa1163ef05469c496fc94e77611ada2","name":"admin","image":{"@type":"ImageObject","inLanguage":"sq-AL","@id":"https:\/\/fjala.info\/2009-2015\/wp-content\/uploads\/2012\/02\/arben_cokaj-120x150.jpg","url":"https:\/\/fjala.info\/2009-2015\/wp-content\/uploads\/2012\/02\/arben_cokaj-120x150.jpg","contentUrl":"https:\/\/fjala.info\/2009-2015\/wp-content\/uploads\/2012\/02\/arben_cokaj-120x150.jpg","caption":"admin"},"description":"Admin, Fjala e Lir\u00eb","sameAs":["https:\/\/fjala.info\/"],"url":"https:\/\/fjala.info\/2009-2015\/author\/admin\/"}]}},"_links":{"self":[{"href":"https:\/\/fjala.info\/2009-2015\/wp-json\/wp\/v2\/posts\/3268","targetHints":{"allow":["GET"]}}],"collection":[{"href":"https:\/\/fjala.info\/2009-2015\/wp-json\/wp\/v2\/posts"}],"about":[{"href":"https:\/\/fjala.info\/2009-2015\/wp-json\/wp\/v2\/types\/post"}],"author":[{"embeddable":true,"href":"https:\/\/fjala.info\/2009-2015\/wp-json\/wp\/v2\/users\/1"}],"replies":[{"embeddable":true,"href":"https:\/\/fjala.info\/2009-2015\/wp-json\/wp\/v2\/comments?post=3268"}],"version-history":[{"count":0,"href":"https:\/\/fjala.info\/2009-2015\/wp-json\/wp\/v2\/posts\/3268\/revisions"}],"wp:attachment":[{"href":"https:\/\/fjala.info\/2009-2015\/wp-json\/wp\/v2\/media?parent=3268"}],"wp:term":[{"taxonomy":"category","embeddable":true,"href":"https:\/\/fjala.info\/2009-2015\/wp-json\/wp\/v2\/categories?post=3268"},{"taxonomy":"post_tag","embeddable":true,"href":"https:\/\/fjala.info\/2009-2015\/wp-json\/wp\/v2\/tags?post=3268"}],"curies":[{"name":"wp","href":"https:\/\/api.w.org\/{rel}","templated":true}]}}