{"id":3267,"date":"2010-07-10T18:09:34","date_gmt":"2010-07-10T17:09:34","guid":{"rendered":"http:\/\/fjala.shkoder.net\/?p=3267"},"modified":"2010-07-10T18:09:34","modified_gmt":"2010-07-10T17:09:34","slug":"si-gjuetar-derrash-te-eger","status":"publish","type":"post","link":"https:\/\/fjala.info\/2009-2015\/si-gjuetar-derrash-te-eger\/","title":{"rendered":"SI GJUETAR DERRASH T\u00cb EG\u00cbR"},"content":{"rendered":"<p><img decoding=\"async\" style=\"margin-left: 10px; margin-right: 10px; border: 0px;\" src=\"http:\/\/www.shkoder.net\/images\/fjala\/kim_mehmeti.jpg\" border=\"0\" alt=\"Kim Mehmeti\" width=\"100\" align=\"right\" \/><\/p>\n<p><strong>Kim Mehmeti<\/strong><\/p>\n<p>Religjionet jan\u00eb si fole t\u00eb ngrohta ku \u00e7el e rritet besimi i shum\u00eb njer\u00ebzve p\u00ebr at\u00eb q\u00eb jan\u00eb, at\u00eb q\u00eb b\u00ebjn\u00eb dhe at\u00eb q\u00eb d\u00ebshirojn\u00eb t\u00eb arrijn\u00eb. Duke qen\u00eb nga shtyllat m\u00eb t\u00eb forta q\u00eb gjat\u00eb shekujve kan\u00eb mbajtur n\u00eb k\u00ebmb\u00eb njeriun dhe njer\u00ebzimin, religjionet jan\u00eb edhe strehimore, ku njeriu gjen prehje sa her\u00eb q\u00eb ndien se barra e k\u00ebsaj jete b\u00ebhet e pap\u00ebrballueshme p\u00ebr t\u00eb, apo at\u00ebher\u00eb kur i nevojitet t\u00eb p\u00ebrmbahet e t\u00eb mos joshet nga veset e k\u00ebqija t\u00eb k\u00ebsaj bote.<\/p>\n<p>Religjionet jan\u00eb nj\u00ebfar\u00eb nd\u00ebrmendje e asaj se kush je, jan\u00eb si shenj\u00eb q\u00eb tregon drejtimin e udh\u00ebtimit, shenj\u00eb q\u00eb t\u00eb shfaqet at\u00ebher\u00eb kur harron sa nga je nisur e ku duhet t\u00eb arrish. Andaj, duke qen\u00eb fet\u00eb rr\u00ebfyes t\u00eb rrug\u00ebve q\u00eb t\u00eb \u00e7ojn\u00eb drejt bot\u00ebs tjet\u00ebr, e rendet politike shoq\u00ebrore tregues nga duhet ecur q\u00eb t\u2019i shijosh lumturit\u00eb e k\u00ebsaj jete, ato dy sisteme vlerash dhe standardesh banojn\u00eb n\u00eb t\u00eb nj\u00ebjt\u00ebn sht\u00ebpi, por hyrjet i kan\u00eb t\u00eb ndara.<\/p>\n<p>Por, edhe ashtu t\u00eb ndar\u00eb, \u00ebsht\u00eb e pamundur t\u00eb mos ket\u00eb nj\u00eb pik\u00ebtakim ku fet\u00eb dhe rendet politike shoq\u00ebrore p\u00ebrballen me nj\u00ebra-tjetr\u00ebn dhe mbase edhe luftojn\u00eb mes tyre n\u00eb em\u00ebr t\u00eb t\u00eb nj\u00ebjtit q\u00ebllim: p\u00ebr t\u00eb mir\u00ebn e individit, apo kolektivitetit. Me \u00e7ka, gjat\u00eb zhvillimit t\u00eb saj, gjinia njer\u00ebzore nuk ka arritur m\u00eb larg se t\u00eb ndihet e drejtuar nga feja, por e sunduar nga njeriu, apo si e p\u00ebrkushtuar ndaj Zotit, por n\u00eb sh\u00ebrbim t\u00eb sunduesve.<\/p>\n<p>Jo nj\u00ebher\u00eb gjat\u00eb historis\u00eb, religjionet e ndryshme, si dhe krah\u00ebt rival\u00eb brenda fes\u00eb s\u00eb nj\u00ebjt\u00eb &#8211; e gjithmon\u00eb n\u00eb em\u00ebr t\u00eb Zotit \u2013 jan\u00eb p\u00ebrgjakur mes tyre dhe jet\u00ebn e besimtar\u00ebve e kan\u00eb shnd\u00ebrruar n\u00eb ferr. Apo ka ndodhur q\u00eb pas kapot\u00ebs s\u00eb sh\u00ebrb\u00ebtorit t\u00eb Zotit, t\u00eb fshihen sh\u00ebrbyes t\u00eb djallit. Nj\u00ebsoj si\u00e7 ka ndodhur q\u00eb pas emblem\u00ebs s\u00eb institucioneve m\u00eb t\u00eb larta fetare q\u00eb kan\u00eb p\u00ebr detyr\u00eb t\u00eb mbrojn\u00eb normat dhe moralin fetar, t\u00eb fshihen ata q\u00eb nuk kan\u00eb njohur asnj\u00eb norm\u00eb njer\u00ebzore.<\/p>\n<p>Pra, ka ndodhur n\u00eb t\u00eb kaluar\u00ebn ajo q\u00eb ndodh edhe sot n\u00eb shum\u00eb vende mbi k\u00ebt\u00eb rruzull tok\u00ebsor: q\u00eb her\u00eb-her\u00eb ta kesh v\u00ebshtir\u00eb t\u00eb p\u00ebrcaktosh se ku fillon e ku p\u00ebrfundon beteja q\u00eb b\u00ebhet n\u00eb em\u00ebr t\u00eb fes\u00eb dhe t\u00eb Zotit, e ku nis e mbaron ajo q\u00eb ka t\u00eb b\u00ebj\u00eb me mbushjen e xhepit t\u00eb atyre q\u00eb besimtar\u00ebve u shpjegojn\u00eb p\u00ebr t\u00eb mirat e asaj bote, e vet\u00eb duan t\u2019i shijojn\u00eb t\u00eb gjitha k\u00ebnaq\u00ebsit\u00eb q\u00eb i ofron jeta mbi k\u00ebt\u00eb tok\u00eb.<\/p>\n<p>Mbase nga ky k\u00ebndv\u00ebshtrim duhen shikuar edhe ngjarjet e fundit q\u00eb ndodhin mes komunitetit mysliman n\u00eb Maqedoni, e ku si gjithmon\u00eb, si protagoniste kryesore paraqitet Bashk\u00ebsia Fetare Islame, e cila prej moti l\u00eb p\u00ebrshtypjen se udh\u00ebhiqet edhe nga njer\u00ebz t\u00eb atill\u00eb q\u00eb falen n\u00ebp\u00ebr xhamia, por flen\u00eb n\u00eb shtratin politik dhe at\u00eb policor. Me \u00e7ka edhe ia dol\u00ebn q\u00eb suksessh\u00ebm t\u00eb ecin n\u00eb rrug\u00ebn nga luft\u00ebtar\u00eb t\u00eb denj\u00eb n\u00eb mbrojtjen e socializmit prej rrezikut t\u00eb \u201cirredentizmit dhe nacionalizmit shqiptar\u201d, e deri te koh\u00ebt e sotme demokratike, kur Maqedonin\u00eb dhe shqiptarin\u00eb e mbrojn\u00eb nga \u201cvehabist\u00ebt\u201d.<\/p>\n<p>Pra, ia dol\u00ebn q\u00eb t\u00eb mbahen n\u00eb k\u00ebmb\u00eb n\u00eb m\u00ebnyr\u00ebn m\u00eb t\u00eb pahijshme dhe m\u00eb perverse p\u00ebr ata q\u00eb thon\u00eb se njohin vet\u00ebm Zotin dhe i p\u00ebrkulen vet\u00ebm atij: duke sh\u00ebtitur nga prehri i nj\u00ebr\u00ebs, n\u00eb at\u00eb t\u00eb tjetr\u00ebs parti, por mbase duke mbetur gjithmon\u00eb t\u00eb af\u00ebrt me qarqet policore dhe madje duke u mb\u00ebshtetur edhe n\u00eb tytat e kallashnikovit. Dhe duke qen\u00eb t\u00eb till\u00eb, disa nga ata, t\u2019i rikujtojn\u00eb koh\u00ebt e dikurshme socialiste kur kishte hoxhallar\u00eb q\u00eb prinin n\u00eb gjuetin\u00eb e derrave t\u00eb eg\u00ebr, mbase duke e ditur se fati i tyre nuk varej nga p\u00ebrkushtimi ndaj fes\u00eb, por nga pesha e derrit t\u00eb vrar\u00eb q\u00eb ua dhuronin shok\u00ebve t\u00eb tyre. Q\u00eb ua dhuronin shefave policor\u00eb, e t\u00eb cil\u00ebt ia dol\u00ebn q\u00eb k\u00ebt\u00eb institucion t\u00eb r\u00ebnd\u00ebsish\u00ebm religjioz ta b\u00ebjn\u00eb t\u2019i ngjaj\u00eb nj\u00eb sh\u00ebrbimi q\u00eb merret me kompletimin e listave t\u00eb \u201cbijve t\u00eb spiun\u00ebve\u201d dhe t\u00eb \u201cekstremist\u00ebve mysliman\u00eb\u201d\u2026.<\/p>\n<p>\u00c7ka duhej qysh moti t\u2019i \u00e7oj\u00eb besimtar\u00ebt e k\u00ebtush\u00ebm mysliman\u00eb t\u00eb shtrojn\u00eb pyetjen e logjikshme: vall\u00eb ky institucion q\u00ebndron mbi parime dhe rregulla fetare, apo u \u00ebsht\u00eb n\u00ebnshtruar atyre q\u00eb nxisin dhe duan grindjen brendashqiptare. Si dhe t\u00eb pyesin veten se me \u00e7ka e merituan krer\u00ebt e BFI-s\u00eb t\u00eb jen\u00eb shqiptar\u00ebt e k\u00ebtush\u00ebm m\u00eb t\u00eb mbrojtur nga policia maqedonase. Apo, me \u00e7ka e merituan kryesuesit e bashk\u00ebsive t\u00eb k\u00ebtushme fetare, t\u00eb jen\u00eb nga t\u00eb privilegjuarit q\u00eb nuk i p\u00ebrfshin ligji p\u00ebr lustrim, ligj q\u00eb ka t\u00eb b\u00ebj\u00eb me t\u00eb kaluar\u00ebn socialiste t\u00eb personave q\u00eb mbajn\u00eb poste t\u00eb larta n\u00ebp\u00ebr institucionet e k\u00ebtushme, e q\u00eb ndoshta kan\u00eb qen\u00eb bashk\u00ebpun\u00ebtor\u00eb t\u00eb dikursh\u00ebm t\u00eb policis\u00eb?<\/p>\n<p>Se krer\u00ebt e BFI-s\u00eb nuk mb\u00ebshteten gjithaq n\u00eb parimet e fes\u00eb dhe te besimtar\u00ebt e vet, por forca e tyre buron nga qarqe jofetare, m\u00eb s\u00eb miri d\u00ebshmoi z\u00ebnka e fundit n\u00eb xhamin\u00eb e Isa Beut n\u00eb Shkup, kur p\u00ebrfaq\u00ebsuesit e k\u00ebtij institucioni fetar tentuan dhunsh\u00ebm t\u00eb deligjitimonin imamin e k\u00ebsaj xhamie, e pas cil\u00ebs rrahje, BFI-ja nuk k\u00ebrkoi p\u00ebrkrahjen e besimtar\u00ebve t\u00eb vet, por mb\u00ebshtetjen e policis\u00eb maqedonase.<\/p>\n<p>Edhe at\u00eb duke i akuzuar kund\u00ebrshtar\u00ebt e saj si \u201cvehabist\u00eb\u201d, me \u00e7ka u dha shkas mediave n\u00eb gjuh\u00ebn maqedonase dhe gazetaris\u00eb q\u00eb mir\u00ebmbahet me pomad\u00ebn \u201cpavlloviqiane\u201d proserbe, t\u2019i rikthehet tem\u00ebs p\u00ebr rrezikun q\u00eb i kanoset Maqedonis\u00eb nga \u201cfondamentalizmi islam\u201d, nga nj\u00eb rrezik i trilluar prej qarqeve antishqiptare, rrezik q\u00eb kurr\u00eb nuk mund t\u00eb mbij\u00eb n\u00eb ar\u00ebn shum\u00ebreligjioze arb\u00ebnore.<\/p>\n<p>Apo th\u00ebn\u00eb ndryshe: pas k\u00ebsaj z\u00ebnke t\u00eb pahijshme mes besimtar\u00ebve mysliman\u00eb n\u00eb xhamin\u00eb e Shkupit, BFI-ja k\u00ebrkoi ndihm\u00eb nga i vetmi institucion me t\u00eb cilin mbase ajo edhe ka bashk\u00ebpunim m\u00eb t\u00eb mir\u00eb \u2013 nga Ministria e Pun\u00ebve t\u00eb Brendshme. Me \u00e7ka mbase u jep t\u00eb drejt\u00eb q\u00ebllimk\u00ebqijt\u00eb q\u00eb thon\u00eb n\u00ebp\u00ebr kafene se n\u00ebse disa \u201csh\u00ebrb\u00ebtor\u00ebve t\u00eb Zotit\u201d ua heq shallin dhe mb\u00ebshtetjen policore, nga ata do mbetej vet\u00ebm nj\u00eb gjuetar\u00eb i mir\u00eb i derrave t\u00eb eg\u00ebr.<\/p>\n<p>Siqo q\u00eb t\u00eb jet\u00eb, religjionet mbeten edhe m\u00eb tej prehje, apo shtrat, t\u00eb cilin \u00e7donj\u00ebri e shtron me aq sa beson dhe sa i n\u00ebnshtrohet Zotit, me aq sa d\u00ebshiron dhe sa ka mund\u00ebsi t\u2019i p\u00ebrkushtohet fes\u00eb. K\u00ebshtu q\u00eb n\u00eb mesin e besimtar\u00ebve gjithmon\u00eb do t\u00eb ket\u00eb fanatik\u00eb e liberal\u00eb, por \u00e7do gj\u00eb do varet nga ajo kush ata i drejton dhe sa kan\u00eb hap\u00ebsir\u00eb t\u00eb veprojn\u00eb. Pra, sido q\u00eb t\u00eb jet\u00eb, fet\u00eb kan\u00eb qen\u00eb dhe do mbeten shtylla t\u00eb r\u00ebnd\u00ebsishme p\u00ebr ta b\u00ebr\u00eb jet\u00ebn m\u00eb t\u00eb q\u00ebndrueshme dhe m\u00eb kuptimplot\u00eb.<\/p>\n<p>Pastaj, religjionet kan\u00eb qen\u00eb e do mbeten shenj\u00eb njoh\u00ebse e individit, apo e nj\u00eb kolektiviteti, ato kan\u00eb qen\u00eb e do jen\u00eb nyje lidh\u00ebse mes njer\u00ebzve, popujve dhe hap\u00ebsirave mbi k\u00ebto tok\u00eb. Por, ato gjithashtu kan\u00eb sh\u00ebrbyer si shkak p\u00ebr mosmarr\u00ebveshje mes popujve, si dhe ka ndodhur q\u00eb n\u00eb em\u00ebr t\u00eb tyre t\u00eb derdhet gjak mbi k\u00ebt\u00eb tok\u00eb, edhe pse religjionet kurr\u00eb nuk kan\u00eb qen\u00eb n\u00eb konflikt mes tyre, por njer\u00ebzit jan\u00eb ata q\u00eb i kan\u00eb keqp\u00ebrdorur p\u00ebr t\u00eb shfryr\u00eb destruktivitetin.<\/p>\n<p>Dhe kjo nuk ka ndodhur at\u00ebher\u00eb kur \u00ebsht\u00eb shtuar numri i jobesimtar\u00ebve, fondamentalist\u00ebve apo kund\u00ebrshtar\u00ebve t\u00eb religjioneve, por n\u00eb koh\u00ebn kur institucionet m\u00eb t\u00eb larta fetare kan\u00eb r\u00ebn\u00eb n\u00eb duart e njer\u00ebzve destruktiv\u00eb dhe kur fet\u00eb jan\u00eb b\u00ebr\u00eb sh\u00ebrb\u00ebtore t\u00eb politik\u00eb s\u00eb dit\u00ebs.<\/p>\n<p>Me \u00e7ka \u00ebsht\u00eb d\u00ebshmuar se fet\u00eb dhe rendet shoq\u00ebrore kan\u00eb hyrje t\u00eb ndara n\u00eb sht\u00ebpin\u00eb e p\u00ebrbashk\u00ebt ku banojn\u00eb, por kur nj\u00ebra nga ato nxit grindje, kur ato fillojn\u00eb t\u00eb bashk\u00ebveprojn\u00eb, p\u00ebson e t\u00ebr\u00eb godina. Andaj ka raste kur n\u00eb em\u00ebr t\u00eb mbrojtjes s\u00eb sht\u00ebpis\u00eb s\u00eb p\u00ebrbashk\u00ebt, duhet t\u00eb gjith\u00eb t\u00eb angazhohen n\u00eb shfarosjen e dukurive negative q\u00eb fshihen pas institucioneve religjioze, e t\u00eb cilat jan\u00eb m\u00eb t\u00eb rrezikshme se t\u00eb gjitha t\u00eb tjerat, ngaq\u00eb duke helmuar shpirtin e besimtar\u00ebve, qenien e tyre e zhvler\u00ebsojn\u00eb deri n\u00eb ato p\u00ebrmasa, sa ajo t\u00eb mos vlej\u00eb as sa nj\u00eb plumb.<\/p>\n","protected":false},"excerpt":{"rendered":"<p>Kim Mehmeti Religjionet jan\u00eb si fole t\u00eb ngrohta ku \u00e7el e rritet besimi i shum\u00eb njer\u00ebzve p\u00ebr at\u00eb q\u00eb jan\u00eb, at\u00eb q\u00eb b\u00ebjn\u00eb dhe at\u00eb q\u00eb d\u00ebshirojn\u00eb t\u00eb arrijn\u00eb. Duke qen\u00eb nga shtyllat m\u00eb t\u00eb forta q\u00eb gjat\u00eb shekujve kan\u00eb mbajtur n\u00eb k\u00ebmb\u00eb njeriun dhe njer\u00ebzimin, religjionet jan\u00eb edhe strehimore, ku njeriu gjen prehje sa [&hellip;]<\/p>\n","protected":false},"author":1,"featured_media":0,"comment_status":"open","ping_status":"closed","sticky":false,"template":"","format":"standard","meta":{"footnotes":""},"categories":[2],"tags":[],"class_list":{"0":"post-3267","1":"post","2":"type-post","3":"status-publish","4":"format-standard","6":"category-artikuj"},"yoast_head":"<!-- This site is optimized with the Yoast SEO plugin v27.4 - https:\/\/yoast.com\/product\/yoast-seo-wordpress\/ -->\n<title>SI GJUETAR DERRASH T\u00cb EG\u00cbR - FjALA e LIR\u00cb - Arkivi<\/title>\n<meta name=\"robots\" content=\"index, follow, max-snippet:-1, max-image-preview:large, max-video-preview:-1\" \/>\n<link rel=\"canonical\" href=\"https:\/\/fjala.info\/2009-2015\/si-gjuetar-derrash-te-eger\/\" \/>\n<meta property=\"og:locale\" content=\"sq_AL\" \/>\n<meta property=\"og:type\" content=\"article\" \/>\n<meta property=\"og:title\" content=\"SI GJUETAR DERRASH T\u00cb EG\u00cbR - FjALA e LIR\u00cb - Arkivi\" \/>\n<meta property=\"og:description\" content=\"Kim Mehmeti Religjionet jan\u00eb si fole t\u00eb ngrohta ku \u00e7el e rritet besimi i shum\u00eb njer\u00ebzve p\u00ebr at\u00eb q\u00eb jan\u00eb, at\u00eb q\u00eb b\u00ebjn\u00eb dhe at\u00eb q\u00eb d\u00ebshirojn\u00eb t\u00eb arrijn\u00eb. Duke qen\u00eb nga shtyllat m\u00eb t\u00eb forta q\u00eb gjat\u00eb shekujve kan\u00eb mbajtur n\u00eb k\u00ebmb\u00eb njeriun dhe njer\u00ebzimin, religjionet jan\u00eb edhe strehimore, ku njeriu gjen prehje sa [&hellip;]\" \/>\n<meta property=\"og:url\" content=\"https:\/\/fjala.info\/2009-2015\/si-gjuetar-derrash-te-eger\/\" \/>\n<meta property=\"og:site_name\" content=\"FjALA e LIR\u00cb - Arkivi\" \/>\n<meta property=\"article:published_time\" content=\"2010-07-10T17:09:34+00:00\" \/>\n<meta property=\"og:image\" content=\"http:\/\/www.shkoder.net\/images\/fjala\/kim_mehmeti.jpg\" \/>\n<meta name=\"author\" content=\"admin\" \/>\n<meta name=\"twitter:card\" content=\"summary_large_image\" \/>\n<meta name=\"twitter:label1\" content=\"Written by\" \/>\n\t<meta name=\"twitter:data1\" content=\"admin\" \/>\n\t<meta name=\"twitter:label2\" content=\"Est. reading time\" \/>\n\t<meta name=\"twitter:data2\" content=\"8 minutes\" \/>\n<script type=\"application\/ld+json\" class=\"yoast-schema-graph\">{\"@context\":\"https:\\\/\\\/schema.org\",\"@graph\":[{\"@type\":\"Article\",\"@id\":\"https:\\\/\\\/fjala.info\\\/2009-2015\\\/si-gjuetar-derrash-te-eger\\\/#article\",\"isPartOf\":{\"@id\":\"https:\\\/\\\/fjala.info\\\/2009-2015\\\/si-gjuetar-derrash-te-eger\\\/\"},\"author\":{\"name\":\"admin\",\"@id\":\"https:\\\/\\\/fjala.info\\\/2009-2015\\\/#\\\/schema\\\/person\\\/3aa1163ef05469c496fc94e77611ada2\"},\"headline\":\"SI GJUETAR DERRASH T\u00cb EG\u00cbR\",\"datePublished\":\"2010-07-10T17:09:34+00:00\",\"mainEntityOfPage\":{\"@id\":\"https:\\\/\\\/fjala.info\\\/2009-2015\\\/si-gjuetar-derrash-te-eger\\\/\"},\"wordCount\":1520,\"commentCount\":1,\"publisher\":{\"@id\":\"https:\\\/\\\/fjala.info\\\/2009-2015\\\/#organization\"},\"image\":{\"@id\":\"https:\\\/\\\/fjala.info\\\/2009-2015\\\/si-gjuetar-derrash-te-eger\\\/#primaryimage\"},\"thumbnailUrl\":\"http:\\\/\\\/www.shkoder.net\\\/images\\\/fjala\\\/kim_mehmeti.jpg\",\"articleSection\":[\"Artikuj\"],\"inLanguage\":\"sq-AL\",\"potentialAction\":[{\"@type\":\"CommentAction\",\"name\":\"Comment\",\"target\":[\"https:\\\/\\\/fjala.info\\\/2009-2015\\\/si-gjuetar-derrash-te-eger\\\/#respond\"]}]},{\"@type\":\"WebPage\",\"@id\":\"https:\\\/\\\/fjala.info\\\/2009-2015\\\/si-gjuetar-derrash-te-eger\\\/\",\"url\":\"https:\\\/\\\/fjala.info\\\/2009-2015\\\/si-gjuetar-derrash-te-eger\\\/\",\"name\":\"SI GJUETAR DERRASH T\u00cb EG\u00cbR - FjALA e LIR\u00cb - Arkivi\",\"isPartOf\":{\"@id\":\"https:\\\/\\\/fjala.info\\\/2009-2015\\\/#website\"},\"primaryImageOfPage\":{\"@id\":\"https:\\\/\\\/fjala.info\\\/2009-2015\\\/si-gjuetar-derrash-te-eger\\\/#primaryimage\"},\"image\":{\"@id\":\"https:\\\/\\\/fjala.info\\\/2009-2015\\\/si-gjuetar-derrash-te-eger\\\/#primaryimage\"},\"thumbnailUrl\":\"http:\\\/\\\/www.shkoder.net\\\/images\\\/fjala\\\/kim_mehmeti.jpg\",\"datePublished\":\"2010-07-10T17:09:34+00:00\",\"breadcrumb\":{\"@id\":\"https:\\\/\\\/fjala.info\\\/2009-2015\\\/si-gjuetar-derrash-te-eger\\\/#breadcrumb\"},\"inLanguage\":\"sq-AL\",\"potentialAction\":[{\"@type\":\"ReadAction\",\"target\":[\"https:\\\/\\\/fjala.info\\\/2009-2015\\\/si-gjuetar-derrash-te-eger\\\/\"]}]},{\"@type\":\"ImageObject\",\"inLanguage\":\"sq-AL\",\"@id\":\"https:\\\/\\\/fjala.info\\\/2009-2015\\\/si-gjuetar-derrash-te-eger\\\/#primaryimage\",\"url\":\"http:\\\/\\\/www.shkoder.net\\\/images\\\/fjala\\\/kim_mehmeti.jpg\",\"contentUrl\":\"http:\\\/\\\/www.shkoder.net\\\/images\\\/fjala\\\/kim_mehmeti.jpg\"},{\"@type\":\"BreadcrumbList\",\"@id\":\"https:\\\/\\\/fjala.info\\\/2009-2015\\\/si-gjuetar-derrash-te-eger\\\/#breadcrumb\",\"itemListElement\":[{\"@type\":\"ListItem\",\"position\":1,\"name\":\"Home\",\"item\":\"https:\\\/\\\/fjala.info\\\/2009-2015\\\/\"},{\"@type\":\"ListItem\",\"position\":2,\"name\":\"SI GJUETAR DERRASH T\u00cb EG\u00cbR\"}]},{\"@type\":\"WebSite\",\"@id\":\"https:\\\/\\\/fjala.info\\\/2009-2015\\\/#website\",\"url\":\"https:\\\/\\\/fjala.info\\\/2009-2015\\\/\",\"name\":\"FjALA e LIR\u00cb - Arkivi\",\"description\":\"Arkivi 2009-2015\",\"publisher\":{\"@id\":\"https:\\\/\\\/fjala.info\\\/2009-2015\\\/#organization\"},\"potentialAction\":[{\"@type\":\"SearchAction\",\"target\":{\"@type\":\"EntryPoint\",\"urlTemplate\":\"https:\\\/\\\/fjala.info\\\/2009-2015\\\/?s={search_term_string}\"},\"query-input\":{\"@type\":\"PropertyValueSpecification\",\"valueRequired\":true,\"valueName\":\"search_term_string\"}}],\"inLanguage\":\"sq-AL\"},{\"@type\":\"Organization\",\"@id\":\"https:\\\/\\\/fjala.info\\\/2009-2015\\\/#organization\",\"name\":\"FjALA e LIR\u00cb - Arkivi\",\"url\":\"https:\\\/\\\/fjala.info\\\/2009-2015\\\/\",\"logo\":{\"@type\":\"ImageObject\",\"inLanguage\":\"sq-AL\",\"@id\":\"https:\\\/\\\/fjala.info\\\/2009-2015\\\/#\\\/schema\\\/logo\\\/image\\\/\",\"url\":\"\",\"contentUrl\":\"\",\"caption\":\"FjALA e LIR\u00cb - Arkivi\"},\"image\":{\"@id\":\"https:\\\/\\\/fjala.info\\\/2009-2015\\\/#\\\/schema\\\/logo\\\/image\\\/\"}},{\"@type\":\"Person\",\"@id\":\"https:\\\/\\\/fjala.info\\\/2009-2015\\\/#\\\/schema\\\/person\\\/3aa1163ef05469c496fc94e77611ada2\",\"name\":\"admin\",\"image\":{\"@type\":\"ImageObject\",\"inLanguage\":\"sq-AL\",\"@id\":\"https:\\\/\\\/fjala.info\\\/2009-2015\\\/wp-content\\\/uploads\\\/2012\\\/02\\\/arben_cokaj-120x150.jpg\",\"url\":\"https:\\\/\\\/fjala.info\\\/2009-2015\\\/wp-content\\\/uploads\\\/2012\\\/02\\\/arben_cokaj-120x150.jpg\",\"contentUrl\":\"https:\\\/\\\/fjala.info\\\/2009-2015\\\/wp-content\\\/uploads\\\/2012\\\/02\\\/arben_cokaj-120x150.jpg\",\"caption\":\"admin\"},\"description\":\"Admin, Fjala e Lir\u00eb\",\"sameAs\":[\"https:\\\/\\\/fjala.info\\\/\"],\"url\":\"https:\\\/\\\/fjala.info\\\/2009-2015\\\/author\\\/admin\\\/\"}]}<\/script>\n<!-- \/ Yoast SEO plugin. -->","yoast_head_json":{"title":"SI GJUETAR DERRASH T\u00cb EG\u00cbR - FjALA e LIR\u00cb - Arkivi","robots":{"index":"index","follow":"follow","max-snippet":"max-snippet:-1","max-image-preview":"max-image-preview:large","max-video-preview":"max-video-preview:-1"},"canonical":"https:\/\/fjala.info\/2009-2015\/si-gjuetar-derrash-te-eger\/","og_locale":"sq_AL","og_type":"article","og_title":"SI GJUETAR DERRASH T\u00cb EG\u00cbR - FjALA e LIR\u00cb - Arkivi","og_description":"Kim Mehmeti Religjionet jan\u00eb si fole t\u00eb ngrohta ku \u00e7el e rritet besimi i shum\u00eb njer\u00ebzve p\u00ebr at\u00eb q\u00eb jan\u00eb, at\u00eb q\u00eb b\u00ebjn\u00eb dhe at\u00eb q\u00eb d\u00ebshirojn\u00eb t\u00eb arrijn\u00eb. Duke qen\u00eb nga shtyllat m\u00eb t\u00eb forta q\u00eb gjat\u00eb shekujve kan\u00eb mbajtur n\u00eb k\u00ebmb\u00eb njeriun dhe njer\u00ebzimin, religjionet jan\u00eb edhe strehimore, ku njeriu gjen prehje sa [&hellip;]","og_url":"https:\/\/fjala.info\/2009-2015\/si-gjuetar-derrash-te-eger\/","og_site_name":"FjALA e LIR\u00cb - Arkivi","article_published_time":"2010-07-10T17:09:34+00:00","og_image":[{"url":"http:\/\/www.shkoder.net\/images\/fjala\/kim_mehmeti.jpg","type":"","width":"","height":""}],"author":"admin","twitter_card":"summary_large_image","twitter_misc":{"Written by":"admin","Est. reading time":"8 minutes"},"schema":{"@context":"https:\/\/schema.org","@graph":[{"@type":"Article","@id":"https:\/\/fjala.info\/2009-2015\/si-gjuetar-derrash-te-eger\/#article","isPartOf":{"@id":"https:\/\/fjala.info\/2009-2015\/si-gjuetar-derrash-te-eger\/"},"author":{"name":"admin","@id":"https:\/\/fjala.info\/2009-2015\/#\/schema\/person\/3aa1163ef05469c496fc94e77611ada2"},"headline":"SI GJUETAR DERRASH T\u00cb EG\u00cbR","datePublished":"2010-07-10T17:09:34+00:00","mainEntityOfPage":{"@id":"https:\/\/fjala.info\/2009-2015\/si-gjuetar-derrash-te-eger\/"},"wordCount":1520,"commentCount":1,"publisher":{"@id":"https:\/\/fjala.info\/2009-2015\/#organization"},"image":{"@id":"https:\/\/fjala.info\/2009-2015\/si-gjuetar-derrash-te-eger\/#primaryimage"},"thumbnailUrl":"http:\/\/www.shkoder.net\/images\/fjala\/kim_mehmeti.jpg","articleSection":["Artikuj"],"inLanguage":"sq-AL","potentialAction":[{"@type":"CommentAction","name":"Comment","target":["https:\/\/fjala.info\/2009-2015\/si-gjuetar-derrash-te-eger\/#respond"]}]},{"@type":"WebPage","@id":"https:\/\/fjala.info\/2009-2015\/si-gjuetar-derrash-te-eger\/","url":"https:\/\/fjala.info\/2009-2015\/si-gjuetar-derrash-te-eger\/","name":"SI GJUETAR DERRASH T\u00cb EG\u00cbR - FjALA e LIR\u00cb - Arkivi","isPartOf":{"@id":"https:\/\/fjala.info\/2009-2015\/#website"},"primaryImageOfPage":{"@id":"https:\/\/fjala.info\/2009-2015\/si-gjuetar-derrash-te-eger\/#primaryimage"},"image":{"@id":"https:\/\/fjala.info\/2009-2015\/si-gjuetar-derrash-te-eger\/#primaryimage"},"thumbnailUrl":"http:\/\/www.shkoder.net\/images\/fjala\/kim_mehmeti.jpg","datePublished":"2010-07-10T17:09:34+00:00","breadcrumb":{"@id":"https:\/\/fjala.info\/2009-2015\/si-gjuetar-derrash-te-eger\/#breadcrumb"},"inLanguage":"sq-AL","potentialAction":[{"@type":"ReadAction","target":["https:\/\/fjala.info\/2009-2015\/si-gjuetar-derrash-te-eger\/"]}]},{"@type":"ImageObject","inLanguage":"sq-AL","@id":"https:\/\/fjala.info\/2009-2015\/si-gjuetar-derrash-te-eger\/#primaryimage","url":"http:\/\/www.shkoder.net\/images\/fjala\/kim_mehmeti.jpg","contentUrl":"http:\/\/www.shkoder.net\/images\/fjala\/kim_mehmeti.jpg"},{"@type":"BreadcrumbList","@id":"https:\/\/fjala.info\/2009-2015\/si-gjuetar-derrash-te-eger\/#breadcrumb","itemListElement":[{"@type":"ListItem","position":1,"name":"Home","item":"https:\/\/fjala.info\/2009-2015\/"},{"@type":"ListItem","position":2,"name":"SI GJUETAR DERRASH T\u00cb EG\u00cbR"}]},{"@type":"WebSite","@id":"https:\/\/fjala.info\/2009-2015\/#website","url":"https:\/\/fjala.info\/2009-2015\/","name":"FjALA e LIR\u00cb - Arkivi","description":"Arkivi 2009-2015","publisher":{"@id":"https:\/\/fjala.info\/2009-2015\/#organization"},"potentialAction":[{"@type":"SearchAction","target":{"@type":"EntryPoint","urlTemplate":"https:\/\/fjala.info\/2009-2015\/?s={search_term_string}"},"query-input":{"@type":"PropertyValueSpecification","valueRequired":true,"valueName":"search_term_string"}}],"inLanguage":"sq-AL"},{"@type":"Organization","@id":"https:\/\/fjala.info\/2009-2015\/#organization","name":"FjALA e LIR\u00cb - Arkivi","url":"https:\/\/fjala.info\/2009-2015\/","logo":{"@type":"ImageObject","inLanguage":"sq-AL","@id":"https:\/\/fjala.info\/2009-2015\/#\/schema\/logo\/image\/","url":"","contentUrl":"","caption":"FjALA e LIR\u00cb - Arkivi"},"image":{"@id":"https:\/\/fjala.info\/2009-2015\/#\/schema\/logo\/image\/"}},{"@type":"Person","@id":"https:\/\/fjala.info\/2009-2015\/#\/schema\/person\/3aa1163ef05469c496fc94e77611ada2","name":"admin","image":{"@type":"ImageObject","inLanguage":"sq-AL","@id":"https:\/\/fjala.info\/2009-2015\/wp-content\/uploads\/2012\/02\/arben_cokaj-120x150.jpg","url":"https:\/\/fjala.info\/2009-2015\/wp-content\/uploads\/2012\/02\/arben_cokaj-120x150.jpg","contentUrl":"https:\/\/fjala.info\/2009-2015\/wp-content\/uploads\/2012\/02\/arben_cokaj-120x150.jpg","caption":"admin"},"description":"Admin, Fjala e Lir\u00eb","sameAs":["https:\/\/fjala.info\/"],"url":"https:\/\/fjala.info\/2009-2015\/author\/admin\/"}]}},"_links":{"self":[{"href":"https:\/\/fjala.info\/2009-2015\/wp-json\/wp\/v2\/posts\/3267","targetHints":{"allow":["GET"]}}],"collection":[{"href":"https:\/\/fjala.info\/2009-2015\/wp-json\/wp\/v2\/posts"}],"about":[{"href":"https:\/\/fjala.info\/2009-2015\/wp-json\/wp\/v2\/types\/post"}],"author":[{"embeddable":true,"href":"https:\/\/fjala.info\/2009-2015\/wp-json\/wp\/v2\/users\/1"}],"replies":[{"embeddable":true,"href":"https:\/\/fjala.info\/2009-2015\/wp-json\/wp\/v2\/comments?post=3267"}],"version-history":[{"count":0,"href":"https:\/\/fjala.info\/2009-2015\/wp-json\/wp\/v2\/posts\/3267\/revisions"}],"wp:attachment":[{"href":"https:\/\/fjala.info\/2009-2015\/wp-json\/wp\/v2\/media?parent=3267"}],"wp:term":[{"taxonomy":"category","embeddable":true,"href":"https:\/\/fjala.info\/2009-2015\/wp-json\/wp\/v2\/categories?post=3267"},{"taxonomy":"post_tag","embeddable":true,"href":"https:\/\/fjala.info\/2009-2015\/wp-json\/wp\/v2\/tags?post=3267"}],"curies":[{"name":"wp","href":"https:\/\/api.w.org\/{rel}","templated":true}]}}